{"id":89807,"date":"2016-03-08T00:00:00","date_gmt":"2016-03-08T02:00:00","guid":{"rendered":"http:\/\/pre.boxrepsol.com\/sin-categorizar\/monlau-repsol-technical-school-presenta-su-proyecto-de-moto3\/"},"modified":"2024-05-07T06:06:08","modified_gmt":"2024-05-07T08:06:08","slug":"monlau-repsol-technical-school-presenta-su-proyecto-de-moto3","status":"publish","type":"post","link":"https:\/\/www.boxrepsol.com\/es\/motogp\/monlau-repsol-technical-school-presenta-su-proyecto-de-moto3\/","title":{"rendered":"Monlau Repsol Technical School presenta su proyecto de Moto3"},"content":{"rendered":"<blockquote><p>\n\t<a href=\"http:\/\/twitter.com\/share?text=Navarro+y+Canet+competir%C3%A1n+en+Moto3+de+la+mano+de+Repsol+y+la+Escuela+Monlau.&#038;url=https%3A%2F%2Fwww.boxrepsol.com%2Fes%2Fmotogp%2Fmonlau-repsol-technical-school-presenta-su-proyecto-de-moto3%2F\" target=\"_blank\" rel=\"noopener\"><\/p>\n<p>Navarro y Canet competir\u00e1n en Moto3 de la mano de Repsol y la Escuela Monlau.<\/p>\n<p>\t<\/a>\n<\/p><\/blockquote>\n<p>El Centro Creativo Contempor\u00e1neo Matadero de Madrid ha sido el escenario de la presentaci\u00f3n del proyecto deportivo de la <strong>Monlau Repsol Technical School<\/strong>, en el que Jorge Navarro (19 a\u00f1os) y Ar\u00f3n Canet (16 a\u00f1os) ser\u00e1n sus dos pilotos para el pr\u00f3ximo Mundial de Moto3. Navarro y Canet, ambos valencianos, tienen grandes expectativas para la temporada que se avecina. El primero se presenta como uno de los candidatos al t\u00edtulo mientras el segundo quiere consolidarse en la categor\u00eda, tras aspirar hasta la \u00faltima cita al cetro en el Mundial Junior del FIM CEV Repsol 2015.<\/p>\n<p>Jorge Navarro protagoniz\u00f3 la pasada temporada una gran evoluci\u00f3n que le llev\u00f3 a terminar el a\u00f1o subiendo al podio en 4 de las 5 \u00faltimas pruebas y, durante la pretemporada, ha mantenido su l\u00ednea de trabajo en los recientes test de Jerez, finalizando en segundo lugar. Su compa\u00f1ero de equipo, Ar\u00f3n Canet, que volvi\u00f3 a subir a su Moto3 tras cuatro meses sin poder hacerlo por una fractura en la tibia, ha demostrado una gran madurez en estos entrenamientos, algo que ya le llev\u00f3 el a\u00f1o pasado a optar hasta la \u00faltima cita al Mundial Junior del FIM CEV Repsol.<\/p>\n<p>En el acto han estado presentes los pilotos Jaume Masi\u00e0, Jeremy Alcoba y Alonso L\u00f3pez, integrantes del equipo de Monlau Repsol Technical School en el FIM CEV Repsol. <strong>Repsol colabora desde hace a\u00f1os con esta escuela<\/strong> de mec\u00e1nicos, ingenieros y pilotos en la formaci\u00f3n de j\u00f3venes que anhelan ser profesionales de la alta competici\u00f3n. La implicaci\u00f3n con el deporte de base se realiza tambi\u00e9n gracias al patrocinio del FIM CEV Repsol, cuna de los futuros mundialistas, como en su d\u00eda sucedi\u00f3 con Marc M\u00e1rquez y Dani Pedrosa, integrantes del equipo Repsol Honda de MotoGP, y ahora, con Jorge Navarro y Ar\u00f3n Canet.<\/p>\n<p>El patrocinio de la Monlau Repsol Technical School va mucho m\u00e1s all\u00e1 de un patrocinio tradicional. La de Monlau y Repsol es <strong>una alianza que ha ido surgiendo de forma natural<\/strong>, al compartir ambas empresas unos valores que giran en torno a la innovaci\u00f3n, a la tecnolog\u00eda y, sobre todo, a las personas. La innovaci\u00f3n tecnol\u00f3gica forma parte del ADN de Repsol, est\u00e1 presente en su actividad diaria, y ha sido una constante a lo largo de los m\u00e1s de 45 a\u00f1os que lleva apoyando el deporte del motor. Todos estos patrocinios han permitido a Repsol mostrar su capacidad innovadora y el valor de la tecnolog\u00eda desarrollada en el Repsol Technology Lab.<\/p>\n<h3><strong>Jorge Navarro<br \/>\n<\/strong><\/h3>\n<p>\u00abFormar parte de este equipo es una gran oportunidad. Saber que si haces bien tu trabajo y te esfuerzas, tienes un camino marcado y una escalera para ir subiendo de categor\u00eda da mucha tranquilidad y confianza. Ahora estamos en el primer escal\u00f3n, Moto3, y si todo va bien tendr\u00e9 la oportunidad de subir a Moto2, algo que tambi\u00e9n es una gran motivaci\u00f3n. La temporada pasada experiment\u00e9 una buena progresi\u00f3n y terminamos con un gran final: siendo &#8216;rookie&#8217; del a\u00f1o. El objetivo para este a\u00f1o es consolidar esta progresi\u00f3n y seguir hacia delante, intentando estar cada domingo de carrera en el grupo de cabeza y luchando por la victoria\u00bb.<\/p>\n<h3><strong><br \/>\nAr\u00f3n Canet<br \/>\n<\/strong><\/h3>\n<p>\u00abEstar hoy aqu\u00ed formando parte de este equipo es una satisfacci\u00f3n para m\u00ed. En mi paso por el FIM CEV Repsol ya compet\u00ed con esta gran familia en el Junior Team y lo bonito de esta estructura es que, desde el principio, vas viendo como poco a poco tienes la posibilidad de ir subiendo escalones. Ahora me encuentro en el primer pelda\u00f1o del Mundial, donde este a\u00f1o me encontrar\u00e9 con mis rivales del a\u00f1o pasado y pondr\u00e9 todo de m\u00ed para intentar ser el &#8216;rookie&#8217; del a\u00f1o\u00bb.<\/p>\n","protected":false},"excerpt":{"rendered":"<p>Navarro y Canet competir\u00e1n en el Mundial de Moto3 de la mano de Repsol y la Escuela Monlau.<\/p>\n","protected":false},"author":43146,"featured_media":85603,"comment_status":"open","ping_status":"open","sticky":false,"template":"","format":"standard","meta":{"footnotes":""},"categories":[4],"tags":[14],"class_list":["post-89807","post","type-post","status-publish","format-standard","hentry","category-motogp","tag-moto3"],"yoast_head":"<!-- This site is optimized with the Yoast SEO plugin v27.3 - https:\/\/yoast.com\/product\/yoast-seo-wordpress\/ -->\n<title>Monlau Repsol Technical School presenta su proyecto de Moto3 - Box Repsol<\/title>\n<meta name=\"description\" content=\"Navarro y Canet competir\u00e1n en el Mundial de Moto3 de la mano de Repsol y la Escuela Monlau.\" \/>\n<link rel=\"canonical\" href=\"https:\/\/www.boxrepsol.com\/es\/motogp\/monlau-repsol-technical-school-presenta-su-proyecto-de-moto3\/\" \/>\n<meta property=\"og:locale\" content=\"es_ES\" \/>\n<meta property=\"og:type\" content=\"article\" \/>\n<meta property=\"og:title\" content=\"Monlau Repsol Technical School presenta su proyecto de Moto3 - Box Repsol\" \/>\n<meta property=\"og:description\" content=\"Navarro y Canet competir\u00e1n en el Mundial de Moto3 de la mano de Repsol y la Escuela Monlau.\" \/>\n<meta property=\"og:url\" content=\"https:\/\/www.boxrepsol.com\/es\/motogp\/monlau-repsol-technical-school-presenta-su-proyecto-de-moto3\/\" \/>\n<meta property=\"og:site_name\" content=\"Box Repsol\" \/>\n<meta property=\"article:publisher\" content=\"https:\/\/www.facebook.com\/BoxRepsol\" \/>\n<meta property=\"article:author\" content=\"https:\/\/www.facebook.com\/BoxRepsol\/\" \/>\n<meta property=\"article:published_time\" content=\"2016-03-08T02:00:00+00:00\" \/>\n<meta property=\"article:modified_time\" content=\"2024-05-07T08:06:08+00:00\" \/>\n<meta property=\"og:image\" content=\"https:\/\/www.boxrepsol.com\/wp-content\/uploads\/2022\/08\/monlau-moto3.jpg\" \/>\n\t<meta property=\"og:image:width\" content=\"1024\" \/>\n\t<meta property=\"og:image:height\" content=\"429\" \/>\n\t<meta property=\"og:image:type\" content=\"image\/jpeg\" \/>\n<meta name=\"author\" content=\"Redacci\u00f3n Box Repsol\" \/>\n<meta name=\"twitter:card\" content=\"summary_large_image\" \/>\n<meta name=\"twitter:creator\" content=\"@https:\/\/twitter.com\/box_repsol\" \/>\n<meta name=\"twitter:site\" content=\"@box_repsol\" \/>\n<meta name=\"twitter:label1\" content=\"Written by\" \/>\n\t<meta name=\"twitter:data1\" content=\"Redacci\u00f3n Box Repsol\" \/>\n\t<meta name=\"twitter:label2\" content=\"Est. reading time\" \/>\n\t<meta name=\"twitter:data2\" content=\"3 minutos\" \/>\n<script type=\"application\/ld+json\" class=\"yoast-schema-graph\">{\"@context\":\"https:\\\/\\\/schema.org\",\"@graph\":[{\"@type\":\"Article\",\"@id\":\"https:\\\/\\\/www.boxrepsol.com\\\/es\\\/motogp\\\/monlau-repsol-technical-school-presenta-su-proyecto-de-moto3\\\/#article\",\"isPartOf\":{\"@id\":\"https:\\\/\\\/www.boxrepsol.com\\\/es\\\/motogp\\\/monlau-repsol-technical-school-presenta-su-proyecto-de-moto3\\\/\"},\"author\":{\"name\":\"Redacci\u00f3n Box Repsol\",\"@id\":\"https:\\\/\\\/www.boxrepsol.com\\\/es\\\/#\\\/schema\\\/person\\\/c5c2138f2cca251b0ad92b7086bb60b7\"},\"headline\":\"Monlau Repsol Technical School presenta su proyecto de Moto3\",\"datePublished\":\"2016-03-08T02:00:00+00:00\",\"dateModified\":\"2024-05-07T08:06:08+00:00\",\"mainEntityOfPage\":{\"@id\":\"https:\\\/\\\/www.boxrepsol.com\\\/es\\\/motogp\\\/monlau-repsol-technical-school-presenta-su-proyecto-de-moto3\\\/\"},\"wordCount\":675,\"commentCount\":0,\"publisher\":{\"@id\":\"https:\\\/\\\/www.boxrepsol.com\\\/es\\\/#organization\"},\"image\":{\"@id\":\"https:\\\/\\\/www.boxrepsol.com\\\/es\\\/motogp\\\/monlau-repsol-technical-school-presenta-su-proyecto-de-moto3\\\/#primaryimage\"},\"thumbnailUrl\":\"https:\\\/\\\/www.boxrepsol.com\\\/wp-content\\\/uploads\\\/2022\\\/08\\\/monlau-moto3.jpg\",\"keywords\":[\"Moto3\"],\"articleSection\":[\"MotoGP\"],\"inLanguage\":\"es\",\"potentialAction\":[{\"@type\":\"CommentAction\",\"name\":\"Comment\",\"target\":[\"https:\\\/\\\/www.boxrepsol.com\\\/es\\\/motogp\\\/monlau-repsol-technical-school-presenta-su-proyecto-de-moto3\\\/#respond\"]}]},{\"@type\":\"WebPage\",\"@id\":\"https:\\\/\\\/www.boxrepsol.com\\\/es\\\/motogp\\\/monlau-repsol-technical-school-presenta-su-proyecto-de-moto3\\\/\",\"url\":\"https:\\\/\\\/www.boxrepsol.com\\\/es\\\/motogp\\\/monlau-repsol-technical-school-presenta-su-proyecto-de-moto3\\\/\",\"name\":\"Monlau Repsol Technical School presenta su proyecto de Moto3 - Box Repsol\",\"isPartOf\":{\"@id\":\"https:\\\/\\\/www.boxrepsol.com\\\/es\\\/#website\"},\"primaryImageOfPage\":{\"@id\":\"https:\\\/\\\/www.boxrepsol.com\\\/es\\\/motogp\\\/monlau-repsol-technical-school-presenta-su-proyecto-de-moto3\\\/#primaryimage\"},\"image\":{\"@id\":\"https:\\\/\\\/www.boxrepsol.com\\\/es\\\/motogp\\\/monlau-repsol-technical-school-presenta-su-proyecto-de-moto3\\\/#primaryimage\"},\"thumbnailUrl\":\"https:\\\/\\\/www.boxrepsol.com\\\/wp-content\\\/uploads\\\/2022\\\/08\\\/monlau-moto3.jpg\",\"datePublished\":\"2016-03-08T02:00:00+00:00\",\"dateModified\":\"2024-05-07T08:06:08+00:00\",\"description\":\"Navarro y Canet competir\u00e1n en el Mundial de Moto3 de la mano de Repsol y la Escuela Monlau.\",\"breadcrumb\":{\"@id\":\"https:\\\/\\\/www.boxrepsol.com\\\/es\\\/motogp\\\/monlau-repsol-technical-school-presenta-su-proyecto-de-moto3\\\/#breadcrumb\"},\"inLanguage\":\"es\",\"potentialAction\":[{\"@type\":\"ReadAction\",\"target\":[\"https:\\\/\\\/www.boxrepsol.com\\\/es\\\/motogp\\\/monlau-repsol-technical-school-presenta-su-proyecto-de-moto3\\\/\"]}]},{\"@type\":\"ImageObject\",\"inLanguage\":\"es\",\"@id\":\"https:\\\/\\\/www.boxrepsol.com\\\/es\\\/motogp\\\/monlau-repsol-technical-school-presenta-su-proyecto-de-moto3\\\/#primaryimage\",\"url\":\"https:\\\/\\\/www.boxrepsol.com\\\/wp-content\\\/uploads\\\/2022\\\/08\\\/monlau-moto3.jpg\",\"contentUrl\":\"https:\\\/\\\/www.boxrepsol.com\\\/wp-content\\\/uploads\\\/2022\\\/08\\\/monlau-moto3.jpg\",\"width\":1024,\"height\":429,\"caption\":\"Jorge Navarro y Aron Canet\"},{\"@type\":\"BreadcrumbList\",\"@id\":\"https:\\\/\\\/www.boxrepsol.com\\\/es\\\/motogp\\\/monlau-repsol-technical-school-presenta-su-proyecto-de-moto3\\\/#breadcrumb\",\"itemListElement\":[{\"@type\":\"ListItem\",\"position\":1,\"name\":\"Home\",\"item\":\"https:\\\/\\\/www.boxrepsol.com\\\/es\\\/\"},{\"@type\":\"ListItem\",\"position\":2,\"name\":\"Monlau Repsol Technical School presenta su proyecto de Moto3\"}]},{\"@type\":\"WebSite\",\"@id\":\"https:\\\/\\\/www.boxrepsol.com\\\/es\\\/#website\",\"url\":\"https:\\\/\\\/www.boxrepsol.com\\\/es\\\/\",\"name\":\"Box Repsol\",\"description\":\"Box Repsol Site\",\"publisher\":{\"@id\":\"https:\\\/\\\/www.boxrepsol.com\\\/es\\\/#organization\"},\"potentialAction\":[{\"@type\":\"SearchAction\",\"target\":{\"@type\":\"EntryPoint\",\"urlTemplate\":\"https:\\\/\\\/www.boxrepsol.com\\\/es\\\/?s={search_term_string}\"},\"query-input\":{\"@type\":\"PropertyValueSpecification\",\"valueRequired\":true,\"valueName\":\"search_term_string\"}}],\"inLanguage\":\"es\"},{\"@type\":\"Organization\",\"@id\":\"https:\\\/\\\/www.boxrepsol.com\\\/es\\\/#organization\",\"name\":\"Box Repsol\",\"url\":\"https:\\\/\\\/www.boxrepsol.com\\\/es\\\/\",\"logo\":{\"@type\":\"ImageObject\",\"inLanguage\":\"es\",\"@id\":\"https:\\\/\\\/www.boxrepsol.com\\\/es\\\/#\\\/schema\\\/logo\\\/image\\\/\",\"url\":\"https:\\\/\\\/bxrepsol.s3.eu-west-1.amazonaws.com\\\/static\\\/2025\\\/07\\\/30083337\\\/favicon-96x96-1.png\",\"contentUrl\":\"https:\\\/\\\/bxrepsol.s3.eu-west-1.amazonaws.com\\\/static\\\/2025\\\/07\\\/30083337\\\/favicon-96x96-1.png\",\"width\":96,\"height\":96,\"caption\":\"Box Repsol\"},\"image\":{\"@id\":\"https:\\\/\\\/www.boxrepsol.com\\\/es\\\/#\\\/schema\\\/logo\\\/image\\\/\"},\"sameAs\":[\"https:\\\/\\\/www.facebook.com\\\/BoxRepsol\",\"https:\\\/\\\/x.com\\\/box_repsol\",\"http:\\\/\\\/instagram.com\\\/box_repsol\",\"https:\\\/\\\/www.youtube.com\\\/user\\\/RepsolCompeticion\",\"https:\\\/\\\/www.flickr.com\\\/photos\\\/box_repsol\\\/\"]},{\"@type\":\"Person\",\"@id\":\"https:\\\/\\\/www.boxrepsol.com\\\/es\\\/#\\\/schema\\\/person\\\/c5c2138f2cca251b0ad92b7086bb60b7\",\"name\":\"Redacci\u00f3n Box Repsol\",\"image\":{\"@type\":\"ImageObject\",\"inLanguage\":\"es\",\"@id\":\"https:\\\/\\\/secure.gravatar.com\\\/avatar\\\/adf7b77e38b4419baf32c7e9c21dde01f4e40df611f0978e3006fc4ba0aaab7e?s=96&d=mm&r=g\",\"url\":\"https:\\\/\\\/secure.gravatar.com\\\/avatar\\\/adf7b77e38b4419baf32c7e9c21dde01f4e40df611f0978e3006fc4ba0aaab7e?s=96&d=mm&r=g\",\"contentUrl\":\"https:\\\/\\\/secure.gravatar.com\\\/avatar\\\/adf7b77e38b4419baf32c7e9c21dde01f4e40df611f0978e3006fc4ba0aaab7e?s=96&d=mm&r=g\",\"caption\":\"Redacci\u00f3n Box Repsol\"},\"description\":\"Box Repsol lo forma un equipo de periodistas, community managers, dise\u00f1adores y fot\u00f3grafos con m\u00e1s de 20 a\u00f1os de experiencia en el mundo del motorsport. Hemos vivido el primer mundial de un espa\u00f1ol en la categor\u00eda reina de motociclismo con \u00c1lex Crivill\u00e9, estuvimos en las victorias de Pedrosa y los t\u00edtulos de M\u00e1rquez, acompa\u00f1amos en \u00c1frica a Nani Roma y Marc Coma en sus conquistas del Dakar y hemos vibrado con los t\u00edtulos de Toni Bou en Trial. Adem\u00e1s, en nuestro equipo contamos con expertos en el mundo de las dos y cuatro ruedas tanto de la calle y las carreteras, como de los circuitos. Periodistas que han trabajado en revistas y publicaciones para hacerte llegar desde rutas y consejos de mantenimiento, a curiosidades y trucos de pilotaje.\",\"sameAs\":[\"https:\\\/\\\/www.facebook.com\\\/BoxRepsol\\\/\",\"https:\\\/\\\/www.instagram.com\\\/box_repsol\\\/\",\"https:\\\/\\\/x.com\\\/https:\\\/\\\/twitter.com\\\/box_repsol\",\"https:\\\/\\\/www.youtube.com\\\/@Boxrepsol\"],\"url\":\"https:\\\/\\\/www.boxrepsol.com\\\/es\\\/author\\\/redaccion-box-repsol\\\/\"}]}<\/script>\n<!-- \/ Yoast SEO plugin. -->","yoast_head_json":{"title":"Monlau Repsol Technical School presenta su proyecto de Moto3 - Box Repsol","description":"Navarro y Canet competir\u00e1n en el Mundial de Moto3 de la mano de Repsol y la Escuela Monlau.","canonical":"https:\/\/www.boxrepsol.com\/es\/motogp\/monlau-repsol-technical-school-presenta-su-proyecto-de-moto3\/","og_locale":"es_ES","og_type":"article","og_title":"Monlau Repsol Technical School presenta su proyecto de Moto3 - Box Repsol","og_description":"Navarro y Canet competir\u00e1n en el Mundial de Moto3 de la mano de Repsol y la Escuela Monlau.","og_url":"https:\/\/www.boxrepsol.com\/es\/motogp\/monlau-repsol-technical-school-presenta-su-proyecto-de-moto3\/","og_site_name":"Box Repsol","article_publisher":"https:\/\/www.facebook.com\/BoxRepsol","article_author":"https:\/\/www.facebook.com\/BoxRepsol\/","article_published_time":"2016-03-08T02:00:00+00:00","article_modified_time":"2024-05-07T08:06:08+00:00","og_image":[{"width":1024,"height":429,"url":"https:\/\/www.boxrepsol.com\/wp-content\/uploads\/2022\/08\/monlau-moto3.jpg","type":"image\/jpeg"}],"author":"Redacci\u00f3n Box Repsol","twitter_card":"summary_large_image","twitter_creator":"@https:\/\/twitter.com\/box_repsol","twitter_site":"@box_repsol","twitter_misc":{"Written by":"Redacci\u00f3n Box Repsol","Est. reading time":"3 minutos"},"schema":{"@context":"https:\/\/schema.org","@graph":[{"@type":"Article","@id":"https:\/\/www.boxrepsol.com\/es\/motogp\/monlau-repsol-technical-school-presenta-su-proyecto-de-moto3\/#article","isPartOf":{"@id":"https:\/\/www.boxrepsol.com\/es\/motogp\/monlau-repsol-technical-school-presenta-su-proyecto-de-moto3\/"},"author":{"name":"Redacci\u00f3n Box Repsol","@id":"https:\/\/www.boxrepsol.com\/es\/#\/schema\/person\/c5c2138f2cca251b0ad92b7086bb60b7"},"headline":"Monlau Repsol Technical School presenta su proyecto de Moto3","datePublished":"2016-03-08T02:00:00+00:00","dateModified":"2024-05-07T08:06:08+00:00","mainEntityOfPage":{"@id":"https:\/\/www.boxrepsol.com\/es\/motogp\/monlau-repsol-technical-school-presenta-su-proyecto-de-moto3\/"},"wordCount":675,"commentCount":0,"publisher":{"@id":"https:\/\/www.boxrepsol.com\/es\/#organization"},"image":{"@id":"https:\/\/www.boxrepsol.com\/es\/motogp\/monlau-repsol-technical-school-presenta-su-proyecto-de-moto3\/#primaryimage"},"thumbnailUrl":"https:\/\/www.boxrepsol.com\/wp-content\/uploads\/2022\/08\/monlau-moto3.jpg","keywords":["Moto3"],"articleSection":["MotoGP"],"inLanguage":"es","potentialAction":[{"@type":"CommentAction","name":"Comment","target":["https:\/\/www.boxrepsol.com\/es\/motogp\/monlau-repsol-technical-school-presenta-su-proyecto-de-moto3\/#respond"]}]},{"@type":"WebPage","@id":"https:\/\/www.boxrepsol.com\/es\/motogp\/monlau-repsol-technical-school-presenta-su-proyecto-de-moto3\/","url":"https:\/\/www.boxrepsol.com\/es\/motogp\/monlau-repsol-technical-school-presenta-su-proyecto-de-moto3\/","name":"Monlau Repsol Technical School presenta su proyecto de Moto3 - Box Repsol","isPartOf":{"@id":"https:\/\/www.boxrepsol.com\/es\/#website"},"primaryImageOfPage":{"@id":"https:\/\/www.boxrepsol.com\/es\/motogp\/monlau-repsol-technical-school-presenta-su-proyecto-de-moto3\/#primaryimage"},"image":{"@id":"https:\/\/www.boxrepsol.com\/es\/motogp\/monlau-repsol-technical-school-presenta-su-proyecto-de-moto3\/#primaryimage"},"thumbnailUrl":"https:\/\/www.boxrepsol.com\/wp-content\/uploads\/2022\/08\/monlau-moto3.jpg","datePublished":"2016-03-08T02:00:00+00:00","dateModified":"2024-05-07T08:06:08+00:00","description":"Navarro y Canet competir\u00e1n en el Mundial de Moto3 de la mano de Repsol y la Escuela Monlau.","breadcrumb":{"@id":"https:\/\/www.boxrepsol.com\/es\/motogp\/monlau-repsol-technical-school-presenta-su-proyecto-de-moto3\/#breadcrumb"},"inLanguage":"es","potentialAction":[{"@type":"ReadAction","target":["https:\/\/www.boxrepsol.com\/es\/motogp\/monlau-repsol-technical-school-presenta-su-proyecto-de-moto3\/"]}]},{"@type":"ImageObject","inLanguage":"es","@id":"https:\/\/www.boxrepsol.com\/es\/motogp\/monlau-repsol-technical-school-presenta-su-proyecto-de-moto3\/#primaryimage","url":"https:\/\/www.boxrepsol.com\/wp-content\/uploads\/2022\/08\/monlau-moto3.jpg","contentUrl":"https:\/\/www.boxrepsol.com\/wp-content\/uploads\/2022\/08\/monlau-moto3.jpg","width":1024,"height":429,"caption":"Jorge Navarro y Aron Canet"},{"@type":"BreadcrumbList","@id":"https:\/\/www.boxrepsol.com\/es\/motogp\/monlau-repsol-technical-school-presenta-su-proyecto-de-moto3\/#breadcrumb","itemListElement":[{"@type":"ListItem","position":1,"name":"Home","item":"https:\/\/www.boxrepsol.com\/es\/"},{"@type":"ListItem","position":2,"name":"Monlau Repsol Technical School presenta su proyecto de Moto3"}]},{"@type":"WebSite","@id":"https:\/\/www.boxrepsol.com\/es\/#website","url":"https:\/\/www.boxrepsol.com\/es\/","name":"Box Repsol","description":"Box Repsol Site","publisher":{"@id":"https:\/\/www.boxrepsol.com\/es\/#organization"},"potentialAction":[{"@type":"SearchAction","target":{"@type":"EntryPoint","urlTemplate":"https:\/\/www.boxrepsol.com\/es\/?s={search_term_string}"},"query-input":{"@type":"PropertyValueSpecification","valueRequired":true,"valueName":"search_term_string"}}],"inLanguage":"es"},{"@type":"Organization","@id":"https:\/\/www.boxrepsol.com\/es\/#organization","name":"Box Repsol","url":"https:\/\/www.boxrepsol.com\/es\/","logo":{"@type":"ImageObject","inLanguage":"es","@id":"https:\/\/www.boxrepsol.com\/es\/#\/schema\/logo\/image\/","url":"https:\/\/bxrepsol.s3.eu-west-1.amazonaws.com\/static\/2025\/07\/30083337\/favicon-96x96-1.png","contentUrl":"https:\/\/bxrepsol.s3.eu-west-1.amazonaws.com\/static\/2025\/07\/30083337\/favicon-96x96-1.png","width":96,"height":96,"caption":"Box Repsol"},"image":{"@id":"https:\/\/www.boxrepsol.com\/es\/#\/schema\/logo\/image\/"},"sameAs":["https:\/\/www.facebook.com\/BoxRepsol","https:\/\/x.com\/box_repsol","http:\/\/instagram.com\/box_repsol","https:\/\/www.youtube.com\/user\/RepsolCompeticion","https:\/\/www.flickr.com\/photos\/box_repsol\/"]},{"@type":"Person","@id":"https:\/\/www.boxrepsol.com\/es\/#\/schema\/person\/c5c2138f2cca251b0ad92b7086bb60b7","name":"Redacci\u00f3n Box Repsol","image":{"@type":"ImageObject","inLanguage":"es","@id":"https:\/\/secure.gravatar.com\/avatar\/adf7b77e38b4419baf32c7e9c21dde01f4e40df611f0978e3006fc4ba0aaab7e?s=96&d=mm&r=g","url":"https:\/\/secure.gravatar.com\/avatar\/adf7b77e38b4419baf32c7e9c21dde01f4e40df611f0978e3006fc4ba0aaab7e?s=96&d=mm&r=g","contentUrl":"https:\/\/secure.gravatar.com\/avatar\/adf7b77e38b4419baf32c7e9c21dde01f4e40df611f0978e3006fc4ba0aaab7e?s=96&d=mm&r=g","caption":"Redacci\u00f3n Box Repsol"},"description":"Box Repsol lo forma un equipo de periodistas, community managers, dise\u00f1adores y fot\u00f3grafos con m\u00e1s de 20 a\u00f1os de experiencia en el mundo del motorsport. Hemos vivido el primer mundial de un espa\u00f1ol en la categor\u00eda reina de motociclismo con \u00c1lex Crivill\u00e9, estuvimos en las victorias de Pedrosa y los t\u00edtulos de M\u00e1rquez, acompa\u00f1amos en \u00c1frica a Nani Roma y Marc Coma en sus conquistas del Dakar y hemos vibrado con los t\u00edtulos de Toni Bou en Trial. Adem\u00e1s, en nuestro equipo contamos con expertos en el mundo de las dos y cuatro ruedas tanto de la calle y las carreteras, como de los circuitos. Periodistas que han trabajado en revistas y publicaciones para hacerte llegar desde rutas y consejos de mantenimiento, a curiosidades y trucos de pilotaje.","sameAs":["https:\/\/www.facebook.com\/BoxRepsol\/","https:\/\/www.instagram.com\/box_repsol\/","https:\/\/x.com\/https:\/\/twitter.com\/box_repsol","https:\/\/www.youtube.com\/@Boxrepsol"],"url":"https:\/\/www.boxrepsol.com\/es\/author\/redaccion-box-repsol\/"}]}},"_links":{"self":[{"href":"https:\/\/www.boxrepsol.com\/es\/wp-json\/wp\/v2\/posts\/89807","targetHints":{"allow":["GET"]}}],"collection":[{"href":"https:\/\/www.boxrepsol.com\/es\/wp-json\/wp\/v2\/posts"}],"about":[{"href":"https:\/\/www.boxrepsol.com\/es\/wp-json\/wp\/v2\/types\/post"}],"author":[{"embeddable":true,"href":"https:\/\/www.boxrepsol.com\/es\/wp-json\/wp\/v2\/users\/43146"}],"replies":[{"embeddable":true,"href":"https:\/\/www.boxrepsol.com\/es\/wp-json\/wp\/v2\/comments?post=89807"}],"version-history":[{"count":1,"href":"https:\/\/www.boxrepsol.com\/es\/wp-json\/wp\/v2\/posts\/89807\/revisions"}],"predecessor-version":[{"id":115868,"href":"https:\/\/www.boxrepsol.com\/es\/wp-json\/wp\/v2\/posts\/89807\/revisions\/115868"}],"wp:featuredmedia":[{"embeddable":true,"href":"https:\/\/www.boxrepsol.com\/es\/wp-json\/wp\/v2\/media\/85603"}],"wp:attachment":[{"href":"https:\/\/www.boxrepsol.com\/es\/wp-json\/wp\/v2\/media?parent=89807"}],"wp:term":[{"taxonomy":"category","embeddable":true,"href":"https:\/\/www.boxrepsol.com\/es\/wp-json\/wp\/v2\/categories?post=89807"},{"taxonomy":"post_tag","embeddable":true,"href":"https:\/\/www.boxrepsol.com\/es\/wp-json\/wp\/v2\/tags?post=89807"}],"curies":[{"name":"wp","href":"https:\/\/api.w.org\/{rel}","templated":true}]}}