{"id":89805,"date":"2016-02-29T00:00:00","date_gmt":"2016-02-29T02:00:00","guid":{"rendered":"http:\/\/pre.boxrepsol.com\/sin-categorizar\/toni-bou-debuta-con-victoria-en-el-campeonato-de-espana\/"},"modified":"2024-05-07T05:58:11","modified_gmt":"2024-05-07T07:58:11","slug":"toni-bou-debuta-con-victoria-en-el-campeonato-de-espana","status":"publish","type":"post","link":"https:\/\/www.boxrepsol.com\/es\/trial\/toni-bou-debuta-con-victoria-en-el-campeonato-de-espana\/","title":{"rendered":"Toni Bou debuta con victoria en el Campeonato de Espa\u00f1a"},"content":{"rendered":"<blockquote>\n<p>Toni Bou debuta con victoria en el Campeonato de Espa\u00f1a\n<\/p>\n<p>            <a href=\"http:\/\/twitter.com\/share?text=Toni+Bou+debuta+con+victoria+en+el+Campeonato+de+Espa%C3%B1a%0A&#038;url=http%3A%2F%2F34.249.211.158%2Fes%2Ftrial%2Ftoni-bou-debuta-con-victoria-en-el-campeonato-de-espana%2F&#038;hashtags=\" target=\"_blank\" rel=\"noopener\"><br \/>\n            twittear        <\/a>\n        <\/p><\/blockquote>\n<h3><strong>El deporte de motor m\u00e1s espectacular<br \/>\n<\/strong><\/h3>\n<p>El Campeonato de Espa\u00f1a de Trial 2016 ha arrancado hoy en la localidad de Sant Joan, en Mallorca, con una victoria de Toni Bou. El Pluricampe\u00f3n se ha impuesto a sus rivales en un exigente recorrido, que ha visto incrementada su dificultad por la lluvia ca\u00edda en la v\u00edspera de la carrera. La organizaci\u00f3n del certamen ha decidido modificar las zonas y, aun as\u00ed, los pilotos no han llegado a completar la primera parte del recorrido por el peligro que entra\u00f1aba uno de los pasos.<\/p>\n<p>Toni Bou ha sabido aprovechar su posici\u00f3n de salida, tercero tras el sorteo, para controlar a sus principales rivales. El piloto Repsol Honda ha logrado mejorar r\u00e1pidamente las puntuaciones marcadas previamente por sus competidores, coloc\u00e1ndose pronto en cabeza de carrera. Una posici\u00f3n que no ha abandonado hasta completar la \u00faltima de las doce zonas del recorrido. De esta manera, el de Piera se estrena en el Nacional de Trial con una victoria y <strong>se sit\u00faa l\u00edder de la competici\u00f3n<\/strong>.<\/p>\n<p>Su compa\u00f1ero en el Equipo Repsol Honda, <strong>Jaime Busto, ha mejorado sus sensaciones<\/strong> respecto a la pasada temporada. El piloto vasco, que ha dado la talla sobre un terreno delicado, ha finalizado a s\u00f3lo tres puntos del podio. Los errores cometidos en la \u00faltima zona del recorrido le han relegado a la quinta posici\u00f3n final.<\/p>\n<p>La segunda carrera del Campeonato de Espa\u00f1a de Trial tendr\u00e1 lugar el domingo 15 de mayo en Sig\u00fcenza (Guadalajara), aunque, antes, el equipo Repsol Honda disputar\u00e1 la tercera prueba del Campeonato del Mundo FIM X-Trial que se celebrar\u00e1 en Wiener Neustadt (Austria), donde Toni Bou tambi\u00e9n llegar\u00e1 como l\u00edder de la competici\u00f3n.<\/p>\n<p>\t\t\t\t<img decoding=\"async\" src=\"https:\/\/bxrepsol.s3.eu-west-1.amazonaws.com\/static\/2022\/08\/29044518\/13-jaime-busto-repsol-honda-trial-scaled.jpg\" alt=\"Jaime Busto sobre unas rocas\" itemprop=\"image\"  \/><\/p>\n<h3><strong>Toni Bou 1\u00ba &#8211; 15 puntos<\/strong><\/h3>\n<p><em>\u00abEvidentemente, estoy bastante m\u00e1s contento con el resultado de este a\u00f1o aqu\u00ed en Mallorca, que con el del a\u00f1o anterior, ya que empezar el Campeonato de Espa\u00f1a con una victoria es muy importante. Hemos tenido muchos problemas con el tiempo. Ha sido una carrera muy complicada por la lluvia y el barro que se ha formado, porque ha transformado las zonas y hemos necesitado mucho tiempo para intentar superar los obst\u00e1culos sin faltas\u00bb.<\/em><\/p>\n<h3><strong>Jaime Busto 5\u00ba &#8211; 38 puntos<br \/>\n<\/strong><\/h3>\n<p><em>\u00abHoy no estoy muy satisfecho de c\u00f3mo ha ido la carrera. Ha sido un trial extra\u00f1o, con muchas paradas y no estaba c\u00f3modo con ese ritmo. Aun as\u00ed, creo que lo he hecho bastante bien y estaba en condiciones de acabar en el podio, pero la \u00faltima zona se me ha atragantado y me he cargado con los diez puntos que me han dejado fuera del caj\u00f3n. Ha sido una l\u00e1stima\u00bb.<\/em><\/p>\n","protected":false},"excerpt":{"rendered":"<p>Gran inicio del piloto del Equipo Repsol Honda en el Nacional de Trial 2016, donde ha conseguido el triunfo. Jaime Busto ha finalizado en quinto lugar.<\/p>\n","protected":false},"author":43146,"featured_media":85606,"comment_status":"open","ping_status":"open","sticky":false,"template":"","format":"standard","meta":{"footnotes":""},"categories":[23],"tags":[21],"class_list":["post-89805","post","type-post","status-publish","format-standard","hentry","category-trial","tag-toni-bou"],"yoast_head":"<!-- This site is optimized with the Yoast SEO plugin v27.3 - https:\/\/yoast.com\/product\/yoast-seo-wordpress\/ -->\n<title>Toni Bou debuta con victoria en el Campeonato de Espa\u00f1a - Box Repsol<\/title>\n<meta name=\"description\" content=\"Gran inicio del piloto del Equipo Repsol Honda en el Nacional de Trial 2016, donde ha conseguido el triunfo. Jaime Busto ha finalizado en quinto lugar.\" \/>\n<link rel=\"canonical\" href=\"https:\/\/www.boxrepsol.com\/es\/trial\/toni-bou-debuta-con-victoria-en-el-campeonato-de-espana\/\" \/>\n<meta property=\"og:locale\" content=\"es_ES\" \/>\n<meta property=\"og:type\" content=\"article\" \/>\n<meta property=\"og:title\" content=\"Toni Bou debuta con victoria en el Campeonato de Espa\u00f1a - Box Repsol\" \/>\n<meta property=\"og:description\" content=\"Gran inicio del piloto del Equipo Repsol Honda en el Nacional de Trial 2016, donde ha conseguido el triunfo. Jaime Busto ha finalizado en quinto lugar.\" \/>\n<meta property=\"og:url\" content=\"https:\/\/www.boxrepsol.com\/es\/trial\/toni-bou-debuta-con-victoria-en-el-campeonato-de-espana\/\" \/>\n<meta property=\"og:site_name\" content=\"Box Repsol\" \/>\n<meta property=\"article:publisher\" content=\"https:\/\/www.facebook.com\/BoxRepsol\" \/>\n<meta property=\"article:author\" content=\"https:\/\/www.facebook.com\/BoxRepsol\/\" \/>\n<meta property=\"article:published_time\" content=\"2016-02-29T02:00:00+00:00\" \/>\n<meta property=\"article:modified_time\" content=\"2024-05-07T07:58:11+00:00\" \/>\n<meta property=\"og:image\" content=\"https:\/\/www.boxrepsol.com\/wp-content\/uploads\/2022\/08\/12-toni-bou-repsol-honda-trial.jpg\" \/>\n\t<meta property=\"og:image:width\" content=\"1024\" \/>\n\t<meta property=\"og:image:height\" content=\"429\" \/>\n\t<meta property=\"og:image:type\" content=\"image\/jpeg\" \/>\n<meta name=\"author\" content=\"Redacci\u00f3n Box Repsol\" \/>\n<meta name=\"twitter:card\" content=\"summary_large_image\" \/>\n<meta name=\"twitter:creator\" content=\"@https:\/\/twitter.com\/box_repsol\" \/>\n<meta name=\"twitter:site\" content=\"@box_repsol\" \/>\n<meta name=\"twitter:label1\" content=\"Written by\" \/>\n\t<meta name=\"twitter:data1\" content=\"Redacci\u00f3n Box Repsol\" \/>\n\t<meta name=\"twitter:label2\" content=\"Est. reading time\" \/>\n\t<meta name=\"twitter:data2\" content=\"2 minutos\" \/>\n<script type=\"application\/ld+json\" class=\"yoast-schema-graph\">{\"@context\":\"https:\\\/\\\/schema.org\",\"@graph\":[{\"@type\":\"Article\",\"@id\":\"https:\\\/\\\/www.boxrepsol.com\\\/es\\\/trial\\\/toni-bou-debuta-con-victoria-en-el-campeonato-de-espana\\\/#article\",\"isPartOf\":{\"@id\":\"https:\\\/\\\/www.boxrepsol.com\\\/es\\\/trial\\\/toni-bou-debuta-con-victoria-en-el-campeonato-de-espana\\\/\"},\"author\":{\"name\":\"Redacci\u00f3n Box Repsol\",\"@id\":\"https:\\\/\\\/www.boxrepsol.com\\\/es\\\/#\\\/schema\\\/person\\\/c5c2138f2cca251b0ad92b7086bb60b7\"},\"headline\":\"Toni Bou debuta con victoria en el Campeonato de Espa\u00f1a\",\"datePublished\":\"2016-02-29T02:00:00+00:00\",\"dateModified\":\"2024-05-07T07:58:11+00:00\",\"mainEntityOfPage\":{\"@id\":\"https:\\\/\\\/www.boxrepsol.com\\\/es\\\/trial\\\/toni-bou-debuta-con-victoria-en-el-campeonato-de-espana\\\/\"},\"wordCount\":482,\"commentCount\":0,\"publisher\":{\"@id\":\"https:\\\/\\\/www.boxrepsol.com\\\/es\\\/#organization\"},\"image\":{\"@id\":\"https:\\\/\\\/www.boxrepsol.com\\\/es\\\/trial\\\/toni-bou-debuta-con-victoria-en-el-campeonato-de-espana\\\/#primaryimage\"},\"thumbnailUrl\":\"https:\\\/\\\/www.boxrepsol.com\\\/wp-content\\\/uploads\\\/2022\\\/08\\\/12-toni-bou-repsol-honda-trial.jpg\",\"keywords\":[\"Toni Bou\"],\"articleSection\":[\"Trial\"],\"inLanguage\":\"es\",\"potentialAction\":[{\"@type\":\"CommentAction\",\"name\":\"Comment\",\"target\":[\"https:\\\/\\\/www.boxrepsol.com\\\/es\\\/trial\\\/toni-bou-debuta-con-victoria-en-el-campeonato-de-espana\\\/#respond\"]}]},{\"@type\":\"WebPage\",\"@id\":\"https:\\\/\\\/www.boxrepsol.com\\\/es\\\/trial\\\/toni-bou-debuta-con-victoria-en-el-campeonato-de-espana\\\/\",\"url\":\"https:\\\/\\\/www.boxrepsol.com\\\/es\\\/trial\\\/toni-bou-debuta-con-victoria-en-el-campeonato-de-espana\\\/\",\"name\":\"Toni Bou debuta con victoria en el Campeonato de Espa\u00f1a - Box Repsol\",\"isPartOf\":{\"@id\":\"https:\\\/\\\/www.boxrepsol.com\\\/es\\\/#website\"},\"primaryImageOfPage\":{\"@id\":\"https:\\\/\\\/www.boxrepsol.com\\\/es\\\/trial\\\/toni-bou-debuta-con-victoria-en-el-campeonato-de-espana\\\/#primaryimage\"},\"image\":{\"@id\":\"https:\\\/\\\/www.boxrepsol.com\\\/es\\\/trial\\\/toni-bou-debuta-con-victoria-en-el-campeonato-de-espana\\\/#primaryimage\"},\"thumbnailUrl\":\"https:\\\/\\\/www.boxrepsol.com\\\/wp-content\\\/uploads\\\/2022\\\/08\\\/12-toni-bou-repsol-honda-trial.jpg\",\"datePublished\":\"2016-02-29T02:00:00+00:00\",\"dateModified\":\"2024-05-07T07:58:11+00:00\",\"description\":\"Gran inicio del piloto del Equipo Repsol Honda en el Nacional de Trial 2016, donde ha conseguido el triunfo. Jaime Busto ha finalizado en quinto lugar.\",\"breadcrumb\":{\"@id\":\"https:\\\/\\\/www.boxrepsol.com\\\/es\\\/trial\\\/toni-bou-debuta-con-victoria-en-el-campeonato-de-espana\\\/#breadcrumb\"},\"inLanguage\":\"es\",\"potentialAction\":[{\"@type\":\"ReadAction\",\"target\":[\"https:\\\/\\\/www.boxrepsol.com\\\/es\\\/trial\\\/toni-bou-debuta-con-victoria-en-el-campeonato-de-espana\\\/\"]}]},{\"@type\":\"ImageObject\",\"inLanguage\":\"es\",\"@id\":\"https:\\\/\\\/www.boxrepsol.com\\\/es\\\/trial\\\/toni-bou-debuta-con-victoria-en-el-campeonato-de-espana\\\/#primaryimage\",\"url\":\"https:\\\/\\\/www.boxrepsol.com\\\/wp-content\\\/uploads\\\/2022\\\/08\\\/12-toni-bou-repsol-honda-trial.jpg\",\"contentUrl\":\"https:\\\/\\\/www.boxrepsol.com\\\/wp-content\\\/uploads\\\/2022\\\/08\\\/12-toni-bou-repsol-honda-trial.jpg\",\"width\":1024,\"height\":429,\"caption\":\"Toni Bou sorteando obst\u00e1culo en Trial outdoor\"},{\"@type\":\"BreadcrumbList\",\"@id\":\"https:\\\/\\\/www.boxrepsol.com\\\/es\\\/trial\\\/toni-bou-debuta-con-victoria-en-el-campeonato-de-espana\\\/#breadcrumb\",\"itemListElement\":[{\"@type\":\"ListItem\",\"position\":1,\"name\":\"Home\",\"item\":\"https:\\\/\\\/www.boxrepsol.com\\\/es\\\/\"},{\"@type\":\"ListItem\",\"position\":2,\"name\":\"Toni Bou debuta con victoria en el Campeonato de Espa\u00f1a\"}]},{\"@type\":\"WebSite\",\"@id\":\"https:\\\/\\\/www.boxrepsol.com\\\/es\\\/#website\",\"url\":\"https:\\\/\\\/www.boxrepsol.com\\\/es\\\/\",\"name\":\"Box Repsol\",\"description\":\"Box Repsol Site\",\"publisher\":{\"@id\":\"https:\\\/\\\/www.boxrepsol.com\\\/es\\\/#organization\"},\"potentialAction\":[{\"@type\":\"SearchAction\",\"target\":{\"@type\":\"EntryPoint\",\"urlTemplate\":\"https:\\\/\\\/www.boxrepsol.com\\\/es\\\/?s={search_term_string}\"},\"query-input\":{\"@type\":\"PropertyValueSpecification\",\"valueRequired\":true,\"valueName\":\"search_term_string\"}}],\"inLanguage\":\"es\"},{\"@type\":\"Organization\",\"@id\":\"https:\\\/\\\/www.boxrepsol.com\\\/es\\\/#organization\",\"name\":\"Box Repsol\",\"url\":\"https:\\\/\\\/www.boxrepsol.com\\\/es\\\/\",\"logo\":{\"@type\":\"ImageObject\",\"inLanguage\":\"es\",\"@id\":\"https:\\\/\\\/www.boxrepsol.com\\\/es\\\/#\\\/schema\\\/logo\\\/image\\\/\",\"url\":\"https:\\\/\\\/bxrepsol.s3.eu-west-1.amazonaws.com\\\/static\\\/2025\\\/07\\\/30083337\\\/favicon-96x96-1.png\",\"contentUrl\":\"https:\\\/\\\/bxrepsol.s3.eu-west-1.amazonaws.com\\\/static\\\/2025\\\/07\\\/30083337\\\/favicon-96x96-1.png\",\"width\":96,\"height\":96,\"caption\":\"Box Repsol\"},\"image\":{\"@id\":\"https:\\\/\\\/www.boxrepsol.com\\\/es\\\/#\\\/schema\\\/logo\\\/image\\\/\"},\"sameAs\":[\"https:\\\/\\\/www.facebook.com\\\/BoxRepsol\",\"https:\\\/\\\/x.com\\\/box_repsol\",\"http:\\\/\\\/instagram.com\\\/box_repsol\",\"https:\\\/\\\/www.youtube.com\\\/user\\\/RepsolCompeticion\",\"https:\\\/\\\/www.flickr.com\\\/photos\\\/box_repsol\\\/\"]},{\"@type\":\"Person\",\"@id\":\"https:\\\/\\\/www.boxrepsol.com\\\/es\\\/#\\\/schema\\\/person\\\/c5c2138f2cca251b0ad92b7086bb60b7\",\"name\":\"Redacci\u00f3n Box Repsol\",\"image\":{\"@type\":\"ImageObject\",\"inLanguage\":\"es\",\"@id\":\"https:\\\/\\\/secure.gravatar.com\\\/avatar\\\/adf7b77e38b4419baf32c7e9c21dde01f4e40df611f0978e3006fc4ba0aaab7e?s=96&d=mm&r=g\",\"url\":\"https:\\\/\\\/secure.gravatar.com\\\/avatar\\\/adf7b77e38b4419baf32c7e9c21dde01f4e40df611f0978e3006fc4ba0aaab7e?s=96&d=mm&r=g\",\"contentUrl\":\"https:\\\/\\\/secure.gravatar.com\\\/avatar\\\/adf7b77e38b4419baf32c7e9c21dde01f4e40df611f0978e3006fc4ba0aaab7e?s=96&d=mm&r=g\",\"caption\":\"Redacci\u00f3n Box Repsol\"},\"description\":\"Box Repsol lo forma un equipo de periodistas, community managers, dise\u00f1adores y fot\u00f3grafos con m\u00e1s de 20 a\u00f1os de experiencia en el mundo del motorsport. Hemos vivido el primer mundial de un espa\u00f1ol en la categor\u00eda reina de motociclismo con \u00c1lex Crivill\u00e9, estuvimos en las victorias de Pedrosa y los t\u00edtulos de M\u00e1rquez, acompa\u00f1amos en \u00c1frica a Nani Roma y Marc Coma en sus conquistas del Dakar y hemos vibrado con los t\u00edtulos de Toni Bou en Trial. Adem\u00e1s, en nuestro equipo contamos con expertos en el mundo de las dos y cuatro ruedas tanto de la calle y las carreteras, como de los circuitos. Periodistas que han trabajado en revistas y publicaciones para hacerte llegar desde rutas y consejos de mantenimiento, a curiosidades y trucos de pilotaje.\",\"sameAs\":[\"https:\\\/\\\/www.facebook.com\\\/BoxRepsol\\\/\",\"https:\\\/\\\/www.instagram.com\\\/box_repsol\\\/\",\"https:\\\/\\\/x.com\\\/https:\\\/\\\/twitter.com\\\/box_repsol\",\"https:\\\/\\\/www.youtube.com\\\/@Boxrepsol\"],\"url\":\"https:\\\/\\\/www.boxrepsol.com\\\/es\\\/author\\\/redaccion-box-repsol\\\/\"}]}<\/script>\n<!-- \/ Yoast SEO plugin. -->","yoast_head_json":{"title":"Toni Bou debuta con victoria en el Campeonato de Espa\u00f1a - Box Repsol","description":"Gran inicio del piloto del Equipo Repsol Honda en el Nacional de Trial 2016, donde ha conseguido el triunfo. Jaime Busto ha finalizado en quinto lugar.","canonical":"https:\/\/www.boxrepsol.com\/es\/trial\/toni-bou-debuta-con-victoria-en-el-campeonato-de-espana\/","og_locale":"es_ES","og_type":"article","og_title":"Toni Bou debuta con victoria en el Campeonato de Espa\u00f1a - Box Repsol","og_description":"Gran inicio del piloto del Equipo Repsol Honda en el Nacional de Trial 2016, donde ha conseguido el triunfo. Jaime Busto ha finalizado en quinto lugar.","og_url":"https:\/\/www.boxrepsol.com\/es\/trial\/toni-bou-debuta-con-victoria-en-el-campeonato-de-espana\/","og_site_name":"Box Repsol","article_publisher":"https:\/\/www.facebook.com\/BoxRepsol","article_author":"https:\/\/www.facebook.com\/BoxRepsol\/","article_published_time":"2016-02-29T02:00:00+00:00","article_modified_time":"2024-05-07T07:58:11+00:00","og_image":[{"width":1024,"height":429,"url":"https:\/\/www.boxrepsol.com\/wp-content\/uploads\/2022\/08\/12-toni-bou-repsol-honda-trial.jpg","type":"image\/jpeg"}],"author":"Redacci\u00f3n Box Repsol","twitter_card":"summary_large_image","twitter_creator":"@https:\/\/twitter.com\/box_repsol","twitter_site":"@box_repsol","twitter_misc":{"Written by":"Redacci\u00f3n Box Repsol","Est. reading time":"2 minutos"},"schema":{"@context":"https:\/\/schema.org","@graph":[{"@type":"Article","@id":"https:\/\/www.boxrepsol.com\/es\/trial\/toni-bou-debuta-con-victoria-en-el-campeonato-de-espana\/#article","isPartOf":{"@id":"https:\/\/www.boxrepsol.com\/es\/trial\/toni-bou-debuta-con-victoria-en-el-campeonato-de-espana\/"},"author":{"name":"Redacci\u00f3n Box Repsol","@id":"https:\/\/www.boxrepsol.com\/es\/#\/schema\/person\/c5c2138f2cca251b0ad92b7086bb60b7"},"headline":"Toni Bou debuta con victoria en el Campeonato de Espa\u00f1a","datePublished":"2016-02-29T02:00:00+00:00","dateModified":"2024-05-07T07:58:11+00:00","mainEntityOfPage":{"@id":"https:\/\/www.boxrepsol.com\/es\/trial\/toni-bou-debuta-con-victoria-en-el-campeonato-de-espana\/"},"wordCount":482,"commentCount":0,"publisher":{"@id":"https:\/\/www.boxrepsol.com\/es\/#organization"},"image":{"@id":"https:\/\/www.boxrepsol.com\/es\/trial\/toni-bou-debuta-con-victoria-en-el-campeonato-de-espana\/#primaryimage"},"thumbnailUrl":"https:\/\/www.boxrepsol.com\/wp-content\/uploads\/2022\/08\/12-toni-bou-repsol-honda-trial.jpg","keywords":["Toni Bou"],"articleSection":["Trial"],"inLanguage":"es","potentialAction":[{"@type":"CommentAction","name":"Comment","target":["https:\/\/www.boxrepsol.com\/es\/trial\/toni-bou-debuta-con-victoria-en-el-campeonato-de-espana\/#respond"]}]},{"@type":"WebPage","@id":"https:\/\/www.boxrepsol.com\/es\/trial\/toni-bou-debuta-con-victoria-en-el-campeonato-de-espana\/","url":"https:\/\/www.boxrepsol.com\/es\/trial\/toni-bou-debuta-con-victoria-en-el-campeonato-de-espana\/","name":"Toni Bou debuta con victoria en el Campeonato de Espa\u00f1a - Box Repsol","isPartOf":{"@id":"https:\/\/www.boxrepsol.com\/es\/#website"},"primaryImageOfPage":{"@id":"https:\/\/www.boxrepsol.com\/es\/trial\/toni-bou-debuta-con-victoria-en-el-campeonato-de-espana\/#primaryimage"},"image":{"@id":"https:\/\/www.boxrepsol.com\/es\/trial\/toni-bou-debuta-con-victoria-en-el-campeonato-de-espana\/#primaryimage"},"thumbnailUrl":"https:\/\/www.boxrepsol.com\/wp-content\/uploads\/2022\/08\/12-toni-bou-repsol-honda-trial.jpg","datePublished":"2016-02-29T02:00:00+00:00","dateModified":"2024-05-07T07:58:11+00:00","description":"Gran inicio del piloto del Equipo Repsol Honda en el Nacional de Trial 2016, donde ha conseguido el triunfo. Jaime Busto ha finalizado en quinto lugar.","breadcrumb":{"@id":"https:\/\/www.boxrepsol.com\/es\/trial\/toni-bou-debuta-con-victoria-en-el-campeonato-de-espana\/#breadcrumb"},"inLanguage":"es","potentialAction":[{"@type":"ReadAction","target":["https:\/\/www.boxrepsol.com\/es\/trial\/toni-bou-debuta-con-victoria-en-el-campeonato-de-espana\/"]}]},{"@type":"ImageObject","inLanguage":"es","@id":"https:\/\/www.boxrepsol.com\/es\/trial\/toni-bou-debuta-con-victoria-en-el-campeonato-de-espana\/#primaryimage","url":"https:\/\/www.boxrepsol.com\/wp-content\/uploads\/2022\/08\/12-toni-bou-repsol-honda-trial.jpg","contentUrl":"https:\/\/www.boxrepsol.com\/wp-content\/uploads\/2022\/08\/12-toni-bou-repsol-honda-trial.jpg","width":1024,"height":429,"caption":"Toni Bou sorteando obst\u00e1culo en Trial outdoor"},{"@type":"BreadcrumbList","@id":"https:\/\/www.boxrepsol.com\/es\/trial\/toni-bou-debuta-con-victoria-en-el-campeonato-de-espana\/#breadcrumb","itemListElement":[{"@type":"ListItem","position":1,"name":"Home","item":"https:\/\/www.boxrepsol.com\/es\/"},{"@type":"ListItem","position":2,"name":"Toni Bou debuta con victoria en el Campeonato de Espa\u00f1a"}]},{"@type":"WebSite","@id":"https:\/\/www.boxrepsol.com\/es\/#website","url":"https:\/\/www.boxrepsol.com\/es\/","name":"Box Repsol","description":"Box Repsol Site","publisher":{"@id":"https:\/\/www.boxrepsol.com\/es\/#organization"},"potentialAction":[{"@type":"SearchAction","target":{"@type":"EntryPoint","urlTemplate":"https:\/\/www.boxrepsol.com\/es\/?s={search_term_string}"},"query-input":{"@type":"PropertyValueSpecification","valueRequired":true,"valueName":"search_term_string"}}],"inLanguage":"es"},{"@type":"Organization","@id":"https:\/\/www.boxrepsol.com\/es\/#organization","name":"Box Repsol","url":"https:\/\/www.boxrepsol.com\/es\/","logo":{"@type":"ImageObject","inLanguage":"es","@id":"https:\/\/www.boxrepsol.com\/es\/#\/schema\/logo\/image\/","url":"https:\/\/bxrepsol.s3.eu-west-1.amazonaws.com\/static\/2025\/07\/30083337\/favicon-96x96-1.png","contentUrl":"https:\/\/bxrepsol.s3.eu-west-1.amazonaws.com\/static\/2025\/07\/30083337\/favicon-96x96-1.png","width":96,"height":96,"caption":"Box Repsol"},"image":{"@id":"https:\/\/www.boxrepsol.com\/es\/#\/schema\/logo\/image\/"},"sameAs":["https:\/\/www.facebook.com\/BoxRepsol","https:\/\/x.com\/box_repsol","http:\/\/instagram.com\/box_repsol","https:\/\/www.youtube.com\/user\/RepsolCompeticion","https:\/\/www.flickr.com\/photos\/box_repsol\/"]},{"@type":"Person","@id":"https:\/\/www.boxrepsol.com\/es\/#\/schema\/person\/c5c2138f2cca251b0ad92b7086bb60b7","name":"Redacci\u00f3n Box Repsol","image":{"@type":"ImageObject","inLanguage":"es","@id":"https:\/\/secure.gravatar.com\/avatar\/adf7b77e38b4419baf32c7e9c21dde01f4e40df611f0978e3006fc4ba0aaab7e?s=96&d=mm&r=g","url":"https:\/\/secure.gravatar.com\/avatar\/adf7b77e38b4419baf32c7e9c21dde01f4e40df611f0978e3006fc4ba0aaab7e?s=96&d=mm&r=g","contentUrl":"https:\/\/secure.gravatar.com\/avatar\/adf7b77e38b4419baf32c7e9c21dde01f4e40df611f0978e3006fc4ba0aaab7e?s=96&d=mm&r=g","caption":"Redacci\u00f3n Box Repsol"},"description":"Box Repsol lo forma un equipo de periodistas, community managers, dise\u00f1adores y fot\u00f3grafos con m\u00e1s de 20 a\u00f1os de experiencia en el mundo del motorsport. Hemos vivido el primer mundial de un espa\u00f1ol en la categor\u00eda reina de motociclismo con \u00c1lex Crivill\u00e9, estuvimos en las victorias de Pedrosa y los t\u00edtulos de M\u00e1rquez, acompa\u00f1amos en \u00c1frica a Nani Roma y Marc Coma en sus conquistas del Dakar y hemos vibrado con los t\u00edtulos de Toni Bou en Trial. Adem\u00e1s, en nuestro equipo contamos con expertos en el mundo de las dos y cuatro ruedas tanto de la calle y las carreteras, como de los circuitos. Periodistas que han trabajado en revistas y publicaciones para hacerte llegar desde rutas y consejos de mantenimiento, a curiosidades y trucos de pilotaje.","sameAs":["https:\/\/www.facebook.com\/BoxRepsol\/","https:\/\/www.instagram.com\/box_repsol\/","https:\/\/x.com\/https:\/\/twitter.com\/box_repsol","https:\/\/www.youtube.com\/@Boxrepsol"],"url":"https:\/\/www.boxrepsol.com\/es\/author\/redaccion-box-repsol\/"}]}},"_links":{"self":[{"href":"https:\/\/www.boxrepsol.com\/es\/wp-json\/wp\/v2\/posts\/89805","targetHints":{"allow":["GET"]}}],"collection":[{"href":"https:\/\/www.boxrepsol.com\/es\/wp-json\/wp\/v2\/posts"}],"about":[{"href":"https:\/\/www.boxrepsol.com\/es\/wp-json\/wp\/v2\/types\/post"}],"author":[{"embeddable":true,"href":"https:\/\/www.boxrepsol.com\/es\/wp-json\/wp\/v2\/users\/43146"}],"replies":[{"embeddable":true,"href":"https:\/\/www.boxrepsol.com\/es\/wp-json\/wp\/v2\/comments?post=89805"}],"version-history":[{"count":1,"href":"https:\/\/www.boxrepsol.com\/es\/wp-json\/wp\/v2\/posts\/89805\/revisions"}],"predecessor-version":[{"id":89806,"href":"https:\/\/www.boxrepsol.com\/es\/wp-json\/wp\/v2\/posts\/89805\/revisions\/89806"}],"wp:featuredmedia":[{"embeddable":true,"href":"https:\/\/www.boxrepsol.com\/es\/wp-json\/wp\/v2\/media\/85606"}],"wp:attachment":[{"href":"https:\/\/www.boxrepsol.com\/es\/wp-json\/wp\/v2\/media?parent=89805"}],"wp:term":[{"taxonomy":"category","embeddable":true,"href":"https:\/\/www.boxrepsol.com\/es\/wp-json\/wp\/v2\/categories?post=89805"},{"taxonomy":"post_tag","embeddable":true,"href":"https:\/\/www.boxrepsol.com\/es\/wp-json\/wp\/v2\/tags?post=89805"}],"curies":[{"name":"wp","href":"https:\/\/api.w.org\/{rel}","templated":true}]}}