{"id":89758,"date":"2016-04-03T00:00:00","date_gmt":"2016-04-03T02:00:00","guid":{"rendered":"http:\/\/pre.boxrepsol.com\/sin-categorizar\/victoria-y-liderato-para-marc-marquez-con-podio-de-dani-pedrosa\/"},"modified":"2024-05-07T06:02:51","modified_gmt":"2024-05-07T08:02:51","slug":"victoria-y-liderato-para-marc-marquez-con-podio-de-dani-pedrosa","status":"publish","type":"post","link":"https:\/\/www.boxrepsol.com\/es\/motogp\/victoria-y-liderato-para-marc-marquez-con-podio-de-dani-pedrosa\/","title":{"rendered":"Victoria y liderato para Marc M\u00e1rquez con podio de Dani Pedrosa"},"content":{"rendered":"<blockquote><p>Tras #ArgentinaGP @marcmarquez93 y @26_DaniPedrosa ocupan la primera y tercera plaza de la clasificaci\u00f3n<\/p>\n<p><a href=\"http:\/\/twitter.com\/share?text=Tras+%23ArgentinaGP+%40marcmarquez93+y+%4026_DaniPedrosa+ocupan+la+primera+y+tercera+plaza+de+la+clasificaci%C3%B3n&amp;url=http%3A%2F%2F34.249.211.158%2Fes%2Fmotogp%2Fvictoria-y-liderato-para-marc-marquez-con-podio-de-dani-pedrosa%2F&amp;hashtags=\" target=\"_blank\" rel=\"noopener\"><br \/>\ntwittear <\/a><\/p><\/blockquote>\n<p>Emocionante triunfo de Marc M\u00e1rquez en el Gran Premio de la Rep\u00fablica Argentina, acompa\u00f1ado en el podio por su compa\u00f1ero en el equipo Repsol Honda, Dani Pedrosa, que ha subido al tercer escal\u00f3n. Marc M\u00e1rquez <strong>ha remontado desde la cuarta posici\u00f3n del primer giro<\/strong> \u2013tras ser embestido por Iannone\u2013 a la primera plaza en apenas tres vueltas. Luego ha aguantado el empuje de Rossi hasta el cambio de moto obligatorio, cuando ha logrado ampliar vuelta a vuelta su ventaja hasta cruzar la meta en solitario.<\/p>\n<p>Dani Pedrosa, que en la primera curva se ha visto retrasado hasta la decimosexta posici\u00f3n por la maniobra de Iannone, ha remontado progresivamente y, favorecido por las ca\u00eddas de otros rivales, ha terminado en la tercera posici\u00f3n final. Tras este resultado, <strong>M\u00e1rquez y Pedrosa ocupan la primera y tercera plaza<\/strong>, respectivamente, de la clasificaci\u00f3n general.<\/p>\n<p><img decoding=\"async\" src=\"https:\/\/bxrepsol.s3.eu-west-1.amazonaws.com\/static\/2022\/08\/29044357\/08-marc-marquez-repsol-honda-motogp-93.jpg\" alt=\"Marc M\u00e1rquez saludando desde la moto\" \/><\/p>\n<h3><strong>Marc M\u00e1rquez<\/strong><\/h3>\n<p><em>\u00abEstoy muy contento por esta victoria, porque hemos trabajado muy, muy duro durante la pretemporada, en el Gran Premio Catar y aqu\u00ed. Honda est\u00e1 trabajando muy bien y noto su apoyo; vamos en la misma direcci\u00f3n y eso es lo m\u00e1s importante. Es un triunfo especial, no s\u00f3lo porque es el primer triunfo del a\u00f1o, sino porque con el equipo hemos gestionado muy bien la situaci\u00f3n y, despu\u00e9s de lo que pas\u00f3 en Australia en una ocasi\u00f3n similar [2013], era importante para nosotros hacerlo bien. Sab\u00eda que durante la primera parte de la carrera ser\u00eda duro, porque todav\u00eda hab\u00eda algunos charcos y con la primera moto no me hab\u00eda sentido tan bien como con la segunda, ni siquiera durante los entrenamientos. Sab\u00eda que la segunda parte de la carrera era la clave. He tirado al cien por cien en las primeras cinco vueltas tras el cambio de moto, he abierto un hueco y despu\u00e9s he mantenido la distancia\u00bb.<\/em><\/p>\n<h3><strong>Dani Pedrosa<\/strong><\/h3>\n<p><em>\u00abHe salido bien, pero alguien ha venido recto en la primera curva y he tenido que levantar la moto e ir largo para esquivarlo. Si hubiera mantenido mi trazada, seguro que me habr\u00eda ca\u00eddo, as\u00ed que me he apartado mucho y he acabado en medio del grupo. Ha sido muy dif\u00edcil, porque las trazadas que hac\u00edan eran bastante alocadas y evidentemente ah\u00ed he perdido mucho terreno. De todos modos, mi ritmo no era bueno y eso es decepcionante, pero he intentado mantener mi l\u00ednea durante toda la carrera. Al final, quiz\u00e1s ha sido el d\u00eda m\u00e1s afortunado de mi carrera, porque muchos pilotos se han ca\u00eddo delante de m\u00ed y he conseguido terminar tercero. El a\u00f1o pasado ni siquiera rod\u00e9 aqu\u00ed, as\u00ed que es positivo estar en el podio esta vez. En cualquier caso, tenemos que mirar adelante y seguir trabajando duro para mejorar la moto y ser m\u00e1s r\u00e1pidos\u00bb.<\/em><\/p>\n","protected":false},"excerpt":{"rendered":"<p>El piloto del Equipo Repsol Honda vence una dif\u00edcil carrera con cambio de moto incluido. Dani Pedrosa logra una afortunada tercera posici\u00f3n despu\u00e9s de un accidentado inicio.<\/p>\n","protected":false},"author":43146,"featured_media":85545,"comment_status":"open","ping_status":"open","sticky":false,"template":"","format":"standard","meta":{"footnotes":""},"categories":[4],"tags":[156],"class_list":["post-89758","post","type-post","status-publish","format-standard","hentry","category-motogp","tag-motogp-argentina"],"yoast_head":"<!-- This site is optimized with the Yoast SEO plugin v27.3 - https:\/\/yoast.com\/product\/yoast-seo-wordpress\/ -->\n<title>Victoria y liderato para Marc M\u00e1rquez con podio de Dani Pedrosa - Box Repsol<\/title>\n<meta name=\"description\" content=\"El piloto del Equipo Repsol Honda vence una dif\u00edcil carrera con cambio de moto incluido. Dani Pedrosa logra una afortunada tercera posici\u00f3n.\" \/>\n<link rel=\"canonical\" href=\"https:\/\/www.boxrepsol.com\/es\/motogp\/victoria-y-liderato-para-marc-marquez-con-podio-de-dani-pedrosa\/\" \/>\n<meta property=\"og:locale\" content=\"es_ES\" \/>\n<meta property=\"og:type\" content=\"article\" \/>\n<meta property=\"og:title\" content=\"Victoria y liderato para Marc M\u00e1rquez con podio de Dani Pedrosa - Box Repsol\" \/>\n<meta property=\"og:description\" content=\"El piloto del Equipo Repsol Honda vence una dif\u00edcil carrera con cambio de moto incluido. Dani Pedrosa logra una afortunada tercera posici\u00f3n.\" \/>\n<meta property=\"og:url\" content=\"https:\/\/www.boxrepsol.com\/es\/motogp\/victoria-y-liderato-para-marc-marquez-con-podio-de-dani-pedrosa\/\" \/>\n<meta property=\"og:site_name\" content=\"Box Repsol\" \/>\n<meta property=\"article:publisher\" content=\"https:\/\/www.facebook.com\/BoxRepsol\" \/>\n<meta property=\"article:author\" content=\"https:\/\/www.facebook.com\/BoxRepsol\/\" \/>\n<meta property=\"article:published_time\" content=\"2016-04-03T02:00:00+00:00\" \/>\n<meta property=\"article:modified_time\" content=\"2024-05-07T08:02:51+00:00\" \/>\n<meta property=\"og:image\" content=\"https:\/\/www.boxrepsol.com\/wp-content\/uploads\/2022\/08\/07-marc-marquez-dani-pedrosa-26-93-repsol-honda.jpg\" \/>\n\t<meta property=\"og:image:width\" content=\"984\" \/>\n\t<meta property=\"og:image:height\" content=\"412\" \/>\n\t<meta property=\"og:image:type\" content=\"image\/jpeg\" \/>\n<meta name=\"author\" content=\"Redacci\u00f3n Box Repsol\" \/>\n<meta name=\"twitter:card\" content=\"summary_large_image\" \/>\n<meta name=\"twitter:creator\" content=\"@https:\/\/twitter.com\/box_repsol\" \/>\n<meta name=\"twitter:site\" content=\"@box_repsol\" \/>\n<meta name=\"twitter:label1\" content=\"Written by\" \/>\n\t<meta name=\"twitter:data1\" content=\"Redacci\u00f3n Box Repsol\" \/>\n\t<meta name=\"twitter:label2\" content=\"Est. reading time\" \/>\n\t<meta name=\"twitter:data2\" content=\"3 minutos\" \/>\n<script type=\"application\/ld+json\" class=\"yoast-schema-graph\">{\"@context\":\"https:\\\/\\\/schema.org\",\"@graph\":[{\"@type\":\"Article\",\"@id\":\"https:\\\/\\\/www.boxrepsol.com\\\/es\\\/motogp\\\/victoria-y-liderato-para-marc-marquez-con-podio-de-dani-pedrosa\\\/#article\",\"isPartOf\":{\"@id\":\"https:\\\/\\\/www.boxrepsol.com\\\/es\\\/motogp\\\/victoria-y-liderato-para-marc-marquez-con-podio-de-dani-pedrosa\\\/\"},\"author\":{\"name\":\"Redacci\u00f3n Box Repsol\",\"@id\":\"https:\\\/\\\/www.boxrepsol.com\\\/es\\\/#\\\/schema\\\/person\\\/c5c2138f2cca251b0ad92b7086bb60b7\"},\"headline\":\"Victoria y liderato para Marc M\u00e1rquez con podio de Dani Pedrosa\",\"datePublished\":\"2016-04-03T02:00:00+00:00\",\"dateModified\":\"2024-05-07T08:02:51+00:00\",\"mainEntityOfPage\":{\"@id\":\"https:\\\/\\\/www.boxrepsol.com\\\/es\\\/motogp\\\/victoria-y-liderato-para-marc-marquez-con-podio-de-dani-pedrosa\\\/\"},\"wordCount\":518,\"commentCount\":0,\"publisher\":{\"@id\":\"https:\\\/\\\/www.boxrepsol.com\\\/es\\\/#organization\"},\"image\":{\"@id\":\"https:\\\/\\\/www.boxrepsol.com\\\/es\\\/motogp\\\/victoria-y-liderato-para-marc-marquez-con-podio-de-dani-pedrosa\\\/#primaryimage\"},\"thumbnailUrl\":\"https:\\\/\\\/www.boxrepsol.com\\\/wp-content\\\/uploads\\\/2022\\\/08\\\/07-marc-marquez-dani-pedrosa-26-93-repsol-honda.jpg\",\"keywords\":[\"MotoGP Argentina\"],\"articleSection\":[\"MotoGP\"],\"inLanguage\":\"es\",\"potentialAction\":[{\"@type\":\"CommentAction\",\"name\":\"Comment\",\"target\":[\"https:\\\/\\\/www.boxrepsol.com\\\/es\\\/motogp\\\/victoria-y-liderato-para-marc-marquez-con-podio-de-dani-pedrosa\\\/#respond\"]}]},{\"@type\":\"WebPage\",\"@id\":\"https:\\\/\\\/www.boxrepsol.com\\\/es\\\/motogp\\\/victoria-y-liderato-para-marc-marquez-con-podio-de-dani-pedrosa\\\/\",\"url\":\"https:\\\/\\\/www.boxrepsol.com\\\/es\\\/motogp\\\/victoria-y-liderato-para-marc-marquez-con-podio-de-dani-pedrosa\\\/\",\"name\":\"Victoria y liderato para Marc M\u00e1rquez con podio de Dani Pedrosa - Box Repsol\",\"isPartOf\":{\"@id\":\"https:\\\/\\\/www.boxrepsol.com\\\/es\\\/#website\"},\"primaryImageOfPage\":{\"@id\":\"https:\\\/\\\/www.boxrepsol.com\\\/es\\\/motogp\\\/victoria-y-liderato-para-marc-marquez-con-podio-de-dani-pedrosa\\\/#primaryimage\"},\"image\":{\"@id\":\"https:\\\/\\\/www.boxrepsol.com\\\/es\\\/motogp\\\/victoria-y-liderato-para-marc-marquez-con-podio-de-dani-pedrosa\\\/#primaryimage\"},\"thumbnailUrl\":\"https:\\\/\\\/www.boxrepsol.com\\\/wp-content\\\/uploads\\\/2022\\\/08\\\/07-marc-marquez-dani-pedrosa-26-93-repsol-honda.jpg\",\"datePublished\":\"2016-04-03T02:00:00+00:00\",\"dateModified\":\"2024-05-07T08:02:51+00:00\",\"description\":\"El piloto del Equipo Repsol Honda vence una dif\u00edcil carrera con cambio de moto incluido. Dani Pedrosa logra una afortunada tercera posici\u00f3n.\",\"breadcrumb\":{\"@id\":\"https:\\\/\\\/www.boxrepsol.com\\\/es\\\/motogp\\\/victoria-y-liderato-para-marc-marquez-con-podio-de-dani-pedrosa\\\/#breadcrumb\"},\"inLanguage\":\"es\",\"potentialAction\":[{\"@type\":\"ReadAction\",\"target\":[\"https:\\\/\\\/www.boxrepsol.com\\\/es\\\/motogp\\\/victoria-y-liderato-para-marc-marquez-con-podio-de-dani-pedrosa\\\/\"]}]},{\"@type\":\"ImageObject\",\"inLanguage\":\"es\",\"@id\":\"https:\\\/\\\/www.boxrepsol.com\\\/es\\\/motogp\\\/victoria-y-liderato-para-marc-marquez-con-podio-de-dani-pedrosa\\\/#primaryimage\",\"url\":\"https:\\\/\\\/www.boxrepsol.com\\\/wp-content\\\/uploads\\\/2022\\\/08\\\/07-marc-marquez-dani-pedrosa-26-93-repsol-honda.jpg\",\"contentUrl\":\"https:\\\/\\\/www.boxrepsol.com\\\/wp-content\\\/uploads\\\/2022\\\/08\\\/07-marc-marquez-dani-pedrosa-26-93-repsol-honda.jpg\",\"width\":984,\"height\":412,\"caption\":\"Marc M\u00e1rquez y Dani Pedrosa en el podio\"},{\"@type\":\"BreadcrumbList\",\"@id\":\"https:\\\/\\\/www.boxrepsol.com\\\/es\\\/motogp\\\/victoria-y-liderato-para-marc-marquez-con-podio-de-dani-pedrosa\\\/#breadcrumb\",\"itemListElement\":[{\"@type\":\"ListItem\",\"position\":1,\"name\":\"Home\",\"item\":\"https:\\\/\\\/www.boxrepsol.com\\\/es\\\/\"},{\"@type\":\"ListItem\",\"position\":2,\"name\":\"Victoria y liderato para Marc M\u00e1rquez con podio de Dani Pedrosa\"}]},{\"@type\":\"WebSite\",\"@id\":\"https:\\\/\\\/www.boxrepsol.com\\\/es\\\/#website\",\"url\":\"https:\\\/\\\/www.boxrepsol.com\\\/es\\\/\",\"name\":\"Box Repsol\",\"description\":\"Box Repsol Site\",\"publisher\":{\"@id\":\"https:\\\/\\\/www.boxrepsol.com\\\/es\\\/#organization\"},\"potentialAction\":[{\"@type\":\"SearchAction\",\"target\":{\"@type\":\"EntryPoint\",\"urlTemplate\":\"https:\\\/\\\/www.boxrepsol.com\\\/es\\\/?s={search_term_string}\"},\"query-input\":{\"@type\":\"PropertyValueSpecification\",\"valueRequired\":true,\"valueName\":\"search_term_string\"}}],\"inLanguage\":\"es\"},{\"@type\":\"Organization\",\"@id\":\"https:\\\/\\\/www.boxrepsol.com\\\/es\\\/#organization\",\"name\":\"Box Repsol\",\"url\":\"https:\\\/\\\/www.boxrepsol.com\\\/es\\\/\",\"logo\":{\"@type\":\"ImageObject\",\"inLanguage\":\"es\",\"@id\":\"https:\\\/\\\/www.boxrepsol.com\\\/es\\\/#\\\/schema\\\/logo\\\/image\\\/\",\"url\":\"https:\\\/\\\/bxrepsol.s3.eu-west-1.amazonaws.com\\\/static\\\/2025\\\/07\\\/30083337\\\/favicon-96x96-1.png\",\"contentUrl\":\"https:\\\/\\\/bxrepsol.s3.eu-west-1.amazonaws.com\\\/static\\\/2025\\\/07\\\/30083337\\\/favicon-96x96-1.png\",\"width\":96,\"height\":96,\"caption\":\"Box Repsol\"},\"image\":{\"@id\":\"https:\\\/\\\/www.boxrepsol.com\\\/es\\\/#\\\/schema\\\/logo\\\/image\\\/\"},\"sameAs\":[\"https:\\\/\\\/www.facebook.com\\\/BoxRepsol\",\"https:\\\/\\\/x.com\\\/box_repsol\",\"http:\\\/\\\/instagram.com\\\/box_repsol\",\"https:\\\/\\\/www.youtube.com\\\/user\\\/RepsolCompeticion\",\"https:\\\/\\\/www.flickr.com\\\/photos\\\/box_repsol\\\/\"]},{\"@type\":\"Person\",\"@id\":\"https:\\\/\\\/www.boxrepsol.com\\\/es\\\/#\\\/schema\\\/person\\\/c5c2138f2cca251b0ad92b7086bb60b7\",\"name\":\"Redacci\u00f3n Box Repsol\",\"image\":{\"@type\":\"ImageObject\",\"inLanguage\":\"es\",\"@id\":\"https:\\\/\\\/secure.gravatar.com\\\/avatar\\\/adf7b77e38b4419baf32c7e9c21dde01f4e40df611f0978e3006fc4ba0aaab7e?s=96&d=mm&r=g\",\"url\":\"https:\\\/\\\/secure.gravatar.com\\\/avatar\\\/adf7b77e38b4419baf32c7e9c21dde01f4e40df611f0978e3006fc4ba0aaab7e?s=96&d=mm&r=g\",\"contentUrl\":\"https:\\\/\\\/secure.gravatar.com\\\/avatar\\\/adf7b77e38b4419baf32c7e9c21dde01f4e40df611f0978e3006fc4ba0aaab7e?s=96&d=mm&r=g\",\"caption\":\"Redacci\u00f3n Box Repsol\"},\"description\":\"Box Repsol lo forma un equipo de periodistas, community managers, dise\u00f1adores y fot\u00f3grafos con m\u00e1s de 20 a\u00f1os de experiencia en el mundo del motorsport. Hemos vivido el primer mundial de un espa\u00f1ol en la categor\u00eda reina de motociclismo con \u00c1lex Crivill\u00e9, estuvimos en las victorias de Pedrosa y los t\u00edtulos de M\u00e1rquez, acompa\u00f1amos en \u00c1frica a Nani Roma y Marc Coma en sus conquistas del Dakar y hemos vibrado con los t\u00edtulos de Toni Bou en Trial. Adem\u00e1s, en nuestro equipo contamos con expertos en el mundo de las dos y cuatro ruedas tanto de la calle y las carreteras, como de los circuitos. Periodistas que han trabajado en revistas y publicaciones para hacerte llegar desde rutas y consejos de mantenimiento, a curiosidades y trucos de pilotaje.\",\"sameAs\":[\"https:\\\/\\\/www.facebook.com\\\/BoxRepsol\\\/\",\"https:\\\/\\\/www.instagram.com\\\/box_repsol\\\/\",\"https:\\\/\\\/x.com\\\/https:\\\/\\\/twitter.com\\\/box_repsol\",\"https:\\\/\\\/www.youtube.com\\\/@Boxrepsol\"],\"url\":\"https:\\\/\\\/www.boxrepsol.com\\\/es\\\/author\\\/redaccion-box-repsol\\\/\"}]}<\/script>\n<!-- \/ Yoast SEO plugin. -->","yoast_head_json":{"title":"Victoria y liderato para Marc M\u00e1rquez con podio de Dani Pedrosa - Box Repsol","description":"El piloto del Equipo Repsol Honda vence una dif\u00edcil carrera con cambio de moto incluido. Dani Pedrosa logra una afortunada tercera posici\u00f3n.","canonical":"https:\/\/www.boxrepsol.com\/es\/motogp\/victoria-y-liderato-para-marc-marquez-con-podio-de-dani-pedrosa\/","og_locale":"es_ES","og_type":"article","og_title":"Victoria y liderato para Marc M\u00e1rquez con podio de Dani Pedrosa - Box Repsol","og_description":"El piloto del Equipo Repsol Honda vence una dif\u00edcil carrera con cambio de moto incluido. Dani Pedrosa logra una afortunada tercera posici\u00f3n.","og_url":"https:\/\/www.boxrepsol.com\/es\/motogp\/victoria-y-liderato-para-marc-marquez-con-podio-de-dani-pedrosa\/","og_site_name":"Box Repsol","article_publisher":"https:\/\/www.facebook.com\/BoxRepsol","article_author":"https:\/\/www.facebook.com\/BoxRepsol\/","article_published_time":"2016-04-03T02:00:00+00:00","article_modified_time":"2024-05-07T08:02:51+00:00","og_image":[{"width":984,"height":412,"url":"https:\/\/www.boxrepsol.com\/wp-content\/uploads\/2022\/08\/07-marc-marquez-dani-pedrosa-26-93-repsol-honda.jpg","type":"image\/jpeg"}],"author":"Redacci\u00f3n Box Repsol","twitter_card":"summary_large_image","twitter_creator":"@https:\/\/twitter.com\/box_repsol","twitter_site":"@box_repsol","twitter_misc":{"Written by":"Redacci\u00f3n Box Repsol","Est. reading time":"3 minutos"},"schema":{"@context":"https:\/\/schema.org","@graph":[{"@type":"Article","@id":"https:\/\/www.boxrepsol.com\/es\/motogp\/victoria-y-liderato-para-marc-marquez-con-podio-de-dani-pedrosa\/#article","isPartOf":{"@id":"https:\/\/www.boxrepsol.com\/es\/motogp\/victoria-y-liderato-para-marc-marquez-con-podio-de-dani-pedrosa\/"},"author":{"name":"Redacci\u00f3n Box Repsol","@id":"https:\/\/www.boxrepsol.com\/es\/#\/schema\/person\/c5c2138f2cca251b0ad92b7086bb60b7"},"headline":"Victoria y liderato para Marc M\u00e1rquez con podio de Dani Pedrosa","datePublished":"2016-04-03T02:00:00+00:00","dateModified":"2024-05-07T08:02:51+00:00","mainEntityOfPage":{"@id":"https:\/\/www.boxrepsol.com\/es\/motogp\/victoria-y-liderato-para-marc-marquez-con-podio-de-dani-pedrosa\/"},"wordCount":518,"commentCount":0,"publisher":{"@id":"https:\/\/www.boxrepsol.com\/es\/#organization"},"image":{"@id":"https:\/\/www.boxrepsol.com\/es\/motogp\/victoria-y-liderato-para-marc-marquez-con-podio-de-dani-pedrosa\/#primaryimage"},"thumbnailUrl":"https:\/\/www.boxrepsol.com\/wp-content\/uploads\/2022\/08\/07-marc-marquez-dani-pedrosa-26-93-repsol-honda.jpg","keywords":["MotoGP Argentina"],"articleSection":["MotoGP"],"inLanguage":"es","potentialAction":[{"@type":"CommentAction","name":"Comment","target":["https:\/\/www.boxrepsol.com\/es\/motogp\/victoria-y-liderato-para-marc-marquez-con-podio-de-dani-pedrosa\/#respond"]}]},{"@type":"WebPage","@id":"https:\/\/www.boxrepsol.com\/es\/motogp\/victoria-y-liderato-para-marc-marquez-con-podio-de-dani-pedrosa\/","url":"https:\/\/www.boxrepsol.com\/es\/motogp\/victoria-y-liderato-para-marc-marquez-con-podio-de-dani-pedrosa\/","name":"Victoria y liderato para Marc M\u00e1rquez con podio de Dani Pedrosa - Box Repsol","isPartOf":{"@id":"https:\/\/www.boxrepsol.com\/es\/#website"},"primaryImageOfPage":{"@id":"https:\/\/www.boxrepsol.com\/es\/motogp\/victoria-y-liderato-para-marc-marquez-con-podio-de-dani-pedrosa\/#primaryimage"},"image":{"@id":"https:\/\/www.boxrepsol.com\/es\/motogp\/victoria-y-liderato-para-marc-marquez-con-podio-de-dani-pedrosa\/#primaryimage"},"thumbnailUrl":"https:\/\/www.boxrepsol.com\/wp-content\/uploads\/2022\/08\/07-marc-marquez-dani-pedrosa-26-93-repsol-honda.jpg","datePublished":"2016-04-03T02:00:00+00:00","dateModified":"2024-05-07T08:02:51+00:00","description":"El piloto del Equipo Repsol Honda vence una dif\u00edcil carrera con cambio de moto incluido. Dani Pedrosa logra una afortunada tercera posici\u00f3n.","breadcrumb":{"@id":"https:\/\/www.boxrepsol.com\/es\/motogp\/victoria-y-liderato-para-marc-marquez-con-podio-de-dani-pedrosa\/#breadcrumb"},"inLanguage":"es","potentialAction":[{"@type":"ReadAction","target":["https:\/\/www.boxrepsol.com\/es\/motogp\/victoria-y-liderato-para-marc-marquez-con-podio-de-dani-pedrosa\/"]}]},{"@type":"ImageObject","inLanguage":"es","@id":"https:\/\/www.boxrepsol.com\/es\/motogp\/victoria-y-liderato-para-marc-marquez-con-podio-de-dani-pedrosa\/#primaryimage","url":"https:\/\/www.boxrepsol.com\/wp-content\/uploads\/2022\/08\/07-marc-marquez-dani-pedrosa-26-93-repsol-honda.jpg","contentUrl":"https:\/\/www.boxrepsol.com\/wp-content\/uploads\/2022\/08\/07-marc-marquez-dani-pedrosa-26-93-repsol-honda.jpg","width":984,"height":412,"caption":"Marc M\u00e1rquez y Dani Pedrosa en el podio"},{"@type":"BreadcrumbList","@id":"https:\/\/www.boxrepsol.com\/es\/motogp\/victoria-y-liderato-para-marc-marquez-con-podio-de-dani-pedrosa\/#breadcrumb","itemListElement":[{"@type":"ListItem","position":1,"name":"Home","item":"https:\/\/www.boxrepsol.com\/es\/"},{"@type":"ListItem","position":2,"name":"Victoria y liderato para Marc M\u00e1rquez con podio de Dani Pedrosa"}]},{"@type":"WebSite","@id":"https:\/\/www.boxrepsol.com\/es\/#website","url":"https:\/\/www.boxrepsol.com\/es\/","name":"Box Repsol","description":"Box Repsol Site","publisher":{"@id":"https:\/\/www.boxrepsol.com\/es\/#organization"},"potentialAction":[{"@type":"SearchAction","target":{"@type":"EntryPoint","urlTemplate":"https:\/\/www.boxrepsol.com\/es\/?s={search_term_string}"},"query-input":{"@type":"PropertyValueSpecification","valueRequired":true,"valueName":"search_term_string"}}],"inLanguage":"es"},{"@type":"Organization","@id":"https:\/\/www.boxrepsol.com\/es\/#organization","name":"Box Repsol","url":"https:\/\/www.boxrepsol.com\/es\/","logo":{"@type":"ImageObject","inLanguage":"es","@id":"https:\/\/www.boxrepsol.com\/es\/#\/schema\/logo\/image\/","url":"https:\/\/bxrepsol.s3.eu-west-1.amazonaws.com\/static\/2025\/07\/30083337\/favicon-96x96-1.png","contentUrl":"https:\/\/bxrepsol.s3.eu-west-1.amazonaws.com\/static\/2025\/07\/30083337\/favicon-96x96-1.png","width":96,"height":96,"caption":"Box Repsol"},"image":{"@id":"https:\/\/www.boxrepsol.com\/es\/#\/schema\/logo\/image\/"},"sameAs":["https:\/\/www.facebook.com\/BoxRepsol","https:\/\/x.com\/box_repsol","http:\/\/instagram.com\/box_repsol","https:\/\/www.youtube.com\/user\/RepsolCompeticion","https:\/\/www.flickr.com\/photos\/box_repsol\/"]},{"@type":"Person","@id":"https:\/\/www.boxrepsol.com\/es\/#\/schema\/person\/c5c2138f2cca251b0ad92b7086bb60b7","name":"Redacci\u00f3n Box Repsol","image":{"@type":"ImageObject","inLanguage":"es","@id":"https:\/\/secure.gravatar.com\/avatar\/adf7b77e38b4419baf32c7e9c21dde01f4e40df611f0978e3006fc4ba0aaab7e?s=96&d=mm&r=g","url":"https:\/\/secure.gravatar.com\/avatar\/adf7b77e38b4419baf32c7e9c21dde01f4e40df611f0978e3006fc4ba0aaab7e?s=96&d=mm&r=g","contentUrl":"https:\/\/secure.gravatar.com\/avatar\/adf7b77e38b4419baf32c7e9c21dde01f4e40df611f0978e3006fc4ba0aaab7e?s=96&d=mm&r=g","caption":"Redacci\u00f3n Box Repsol"},"description":"Box Repsol lo forma un equipo de periodistas, community managers, dise\u00f1adores y fot\u00f3grafos con m\u00e1s de 20 a\u00f1os de experiencia en el mundo del motorsport. Hemos vivido el primer mundial de un espa\u00f1ol en la categor\u00eda reina de motociclismo con \u00c1lex Crivill\u00e9, estuvimos en las victorias de Pedrosa y los t\u00edtulos de M\u00e1rquez, acompa\u00f1amos en \u00c1frica a Nani Roma y Marc Coma en sus conquistas del Dakar y hemos vibrado con los t\u00edtulos de Toni Bou en Trial. Adem\u00e1s, en nuestro equipo contamos con expertos en el mundo de las dos y cuatro ruedas tanto de la calle y las carreteras, como de los circuitos. Periodistas que han trabajado en revistas y publicaciones para hacerte llegar desde rutas y consejos de mantenimiento, a curiosidades y trucos de pilotaje.","sameAs":["https:\/\/www.facebook.com\/BoxRepsol\/","https:\/\/www.instagram.com\/box_repsol\/","https:\/\/x.com\/https:\/\/twitter.com\/box_repsol","https:\/\/www.youtube.com\/@Boxrepsol"],"url":"https:\/\/www.boxrepsol.com\/es\/author\/redaccion-box-repsol\/"}]}},"_links":{"self":[{"href":"https:\/\/www.boxrepsol.com\/es\/wp-json\/wp\/v2\/posts\/89758","targetHints":{"allow":["GET"]}}],"collection":[{"href":"https:\/\/www.boxrepsol.com\/es\/wp-json\/wp\/v2\/posts"}],"about":[{"href":"https:\/\/www.boxrepsol.com\/es\/wp-json\/wp\/v2\/types\/post"}],"author":[{"embeddable":true,"href":"https:\/\/www.boxrepsol.com\/es\/wp-json\/wp\/v2\/users\/43146"}],"replies":[{"embeddable":true,"href":"https:\/\/www.boxrepsol.com\/es\/wp-json\/wp\/v2\/comments?post=89758"}],"version-history":[{"count":1,"href":"https:\/\/www.boxrepsol.com\/es\/wp-json\/wp\/v2\/posts\/89758\/revisions"}],"predecessor-version":[{"id":89759,"href":"https:\/\/www.boxrepsol.com\/es\/wp-json\/wp\/v2\/posts\/89758\/revisions\/89759"}],"wp:featuredmedia":[{"embeddable":true,"href":"https:\/\/www.boxrepsol.com\/es\/wp-json\/wp\/v2\/media\/85545"}],"wp:attachment":[{"href":"https:\/\/www.boxrepsol.com\/es\/wp-json\/wp\/v2\/media?parent=89758"}],"wp:term":[{"taxonomy":"category","embeddable":true,"href":"https:\/\/www.boxrepsol.com\/es\/wp-json\/wp\/v2\/categories?post=89758"},{"taxonomy":"post_tag","embeddable":true,"href":"https:\/\/www.boxrepsol.com\/es\/wp-json\/wp\/v2\/tags?post=89758"}],"curies":[{"name":"wp","href":"https:\/\/api.w.org\/{rel}","templated":true}]}}