{"id":89746,"date":"2016-04-23T00:00:00","date_gmt":"2016-04-23T02:00:00","guid":{"rendered":"http:\/\/pre.boxrepsol.com\/sin-categorizar\/marc-marquez-acaricia-la-pole-y-saldra-tercero\/"},"modified":"2024-05-07T06:11:43","modified_gmt":"2024-05-07T08:11:43","slug":"marc-marquez-acaricia-la-pole-y-saldra-tercero","status":"publish","type":"post","link":"https:\/\/www.boxrepsol.com\/es\/motogp\/marc-marquez-acaricia-la-pole-y-saldra-tercero\/","title":{"rendered":"Marc M\u00e1rquez acaricia la \u2018pole\u2019 y saldr\u00e1 tercero"},"content":{"rendered":"<blockquote>\n<p>\u00b7@marcmarquez93 ha sido tercero tras optar al mejor tiempo hasta el \u00faltimo giro <\/p>\n<p>            <a href=\"http:\/\/twitter.com\/share?text=%C2%B7%40marcmarquez93+ha+sido+tercero+tras+optar+al+mejor+tiempo+hasta+el+%C3%BAltimo+giro+&#038;url=http%3A%2F%2F34.249.211.158%2Fes%2Fmotogp%2Fmarc-marquez-acaricia-la-pole-y-saldra-tercero%2F&#038;hashtags=\" target=\"_blank\" rel=\"noopener\"><br \/>\n            twittear        <\/a>\n        <\/p><\/blockquote>\n<p>Segunda jornada de entrenamientos en el Circuito de Jerez, donde hoy se ha definido la parrilla de salida de la cuarta carrera del a\u00f1o y en la que Marc M\u00e1rquez ocupar\u00e1 un lugar en la primera l\u00ednea. El l\u00edder del Mundial ha sido tercero <strong>tras optar al mejor tiempo hasta el \u00faltimo giro<\/strong>, en el que ha parado el cron\u00f3metro en 1 minuto, 38 segundos y 891 mil\u00e9simas, a 155 del mejor tiempo obtenido por Valentino Rossi y a apenas 33 mil\u00e9simas de Jorge Lorenzo, que saldr\u00e1 segundo.<\/p>\n<p>Dani Pedrosa, mejorando paulatinamente en los dos entrenamientos libres de hoy \u2013ha terminado quinto y cuarto en el FP3 y FP4\u2013, ha cerrado la sesi\u00f3n oficial con un tiempo de 1 minuto, 39 segundos y 678 mil\u00e9simas y ma\u00f1ana saldr\u00e1 s\u00e9ptimo en la cuarta carrera del a\u00f1o, que empezar\u00e1 a las 14h00 \u2013hora peninsular espa\u00f1ola\u2013.<\/p>\n<p>\t\t\t\t<img decoding=\"async\" src=\"https:\/\/bxrepsol.s3.eu-west-1.amazonaws.com\/static\/2022\/08\/29044209\/30-dani-pedrosa-repsol-honda-motogp-26-baby-samurai.jpg\" alt=\"30-dani-pedrosa-repsol-honda-motogp-26-baby-samurai\" itemprop=\"image\"  \/><\/p>\n<h3><strong>Marc M\u00e1rquez<\/strong><\/h3>\n<p><em>\u00abEstoy satisfecho, porque antes de la sesi\u00f3n oficial ya sab\u00eda que ser\u00eda dif\u00edcil conseguir el mejor tiempo y el objetivo era lograr un sitio en la primera fila. Creo que hemos hecho un gran trabajo; he pilotado muy bien y me sent\u00eda c\u00f3modo encima de la moto. Gracias al trabajo de todo el equipo, hemos probado tres configuraciones distintas que al final me han permitido ser constante en el entrenamiento oficial, que es algo que normalmente no consigo. Lo \u00fanico que puedo decir es que hoy Jorge [Lorenzo] y Valentino [Rossi] han sido m\u00e1s r\u00e1pidos que yo. A ver si ma\u00f1ana podemos seguirlos durante la carrera, porque parece que tienen muy buen ritmo\u00bb.<\/em><\/p>\n<h3><strong>Dani Pedrosa<\/strong><\/h3>\n<p><em>\u00abTerminar s\u00e9ptimo no es lo que esperaba. Pensaba que lo pod\u00eda hacer mejor, pero me est\u00e1 siendo dif\u00edcil hacer una vuelta r\u00e1pida en los entrenamientos cronometrados. He intentado hacerlo lo mejor posible, as\u00ed que ahora no puedo decir m\u00e1s. Al final, estoy a s\u00f3lo una d\u00e9cima de una posici\u00f3n mejor en la parrilla, as\u00ed que ma\u00f1ana tenemos que concentrarnos en salir bien y hacer una buena primera vuelta. Es verdad que hoy en general hemos logrado mantener un buen ritmo y eso es positivo, pero debemos mantener los pies en el suelo y seguir concentrados. Todav\u00eda tenemos mucho trabajo que hacer con la moto. Veremos qu\u00e9 ocurre en la carrera. Creo que la elecci\u00f3n del neum\u00e1tico ser\u00e1 muy importante\u00bb.<\/em><\/p>\n","protected":false},"excerpt":{"rendered":"<p>Primera fila para el piloto del equipo Repsol Honda tras brillar en la sesi\u00f3n oficial del Gran Premio de Espa\u00f1a, en la que Dani Pedrosa ha sido s\u00e9ptimo y encabezar\u00e1 la tercera fila.<\/p>\n","protected":false},"author":43146,"featured_media":85518,"comment_status":"open","ping_status":"open","sticky":false,"template":"","format":"standard","meta":{"footnotes":""},"categories":[4],"tags":[154],"class_list":["post-89746","post","type-post","status-publish","format-standard","hentry","category-motogp","tag-motogp-espana"],"yoast_head":"<!-- This site is optimized with the Yoast SEO plugin v27.3 - https:\/\/yoast.com\/product\/yoast-seo-wordpress\/ -->\n<title>Marc M\u00e1rquez acaricia la \u2018pole\u2019 y saldr\u00e1 tercero - Box Repsol<\/title>\n<meta name=\"description\" content=\"Primera fila para el piloto del equipo Repsol Honda tras brillar en la sesi\u00f3n oficial del Gran Premio de Espa\u00f1a, en la que Dani Pedrosa ha sido s\u00e9ptimo...\" \/>\n<link rel=\"canonical\" href=\"https:\/\/www.boxrepsol.com\/es\/motogp\/marc-marquez-acaricia-la-pole-y-saldra-tercero\/\" \/>\n<meta property=\"og:locale\" content=\"es_ES\" \/>\n<meta property=\"og:type\" content=\"article\" \/>\n<meta property=\"og:title\" content=\"Marc M\u00e1rquez acaricia la \u2018pole\u2019 y saldr\u00e1 tercero - Box Repsol\" \/>\n<meta property=\"og:description\" content=\"Primera fila para el piloto del equipo Repsol Honda tras brillar en la sesi\u00f3n oficial del Gran Premio de Espa\u00f1a, en la que Dani Pedrosa ha sido s\u00e9ptimo...\" \/>\n<meta property=\"og:url\" content=\"https:\/\/www.boxrepsol.com\/es\/motogp\/marc-marquez-acaricia-la-pole-y-saldra-tercero\/\" \/>\n<meta property=\"og:site_name\" content=\"Box Repsol\" \/>\n<meta property=\"article:publisher\" content=\"https:\/\/www.facebook.com\/BoxRepsol\" \/>\n<meta property=\"article:author\" content=\"https:\/\/www.facebook.com\/BoxRepsol\/\" \/>\n<meta property=\"article:published_time\" content=\"2016-04-23T02:00:00+00:00\" \/>\n<meta property=\"article:modified_time\" content=\"2024-05-07T08:11:43+00:00\" \/>\n<meta property=\"og:image\" content=\"https:\/\/www.boxrepsol.com\/wp-content\/uploads\/2022\/08\/29-marc-marquez-repsol-honda-2016-jerez-93-motogp.jpg\" \/>\n\t<meta property=\"og:image:width\" content=\"984\" \/>\n\t<meta property=\"og:image:height\" content=\"412\" \/>\n\t<meta property=\"og:image:type\" content=\"image\/jpeg\" \/>\n<meta name=\"author\" content=\"Redacci\u00f3n Box Repsol\" \/>\n<meta name=\"twitter:card\" content=\"summary_large_image\" \/>\n<meta name=\"twitter:creator\" content=\"@https:\/\/twitter.com\/box_repsol\" \/>\n<meta name=\"twitter:site\" content=\"@box_repsol\" \/>\n<meta name=\"twitter:label1\" content=\"Written by\" \/>\n\t<meta name=\"twitter:data1\" content=\"Redacci\u00f3n Box Repsol\" \/>\n\t<meta name=\"twitter:label2\" content=\"Est. reading time\" \/>\n\t<meta name=\"twitter:data2\" content=\"2 minutos\" \/>\n<script type=\"application\/ld+json\" class=\"yoast-schema-graph\">{\"@context\":\"https:\\\/\\\/schema.org\",\"@graph\":[{\"@type\":\"Article\",\"@id\":\"https:\\\/\\\/www.boxrepsol.com\\\/es\\\/motogp\\\/marc-marquez-acaricia-la-pole-y-saldra-tercero\\\/#article\",\"isPartOf\":{\"@id\":\"https:\\\/\\\/www.boxrepsol.com\\\/es\\\/motogp\\\/marc-marquez-acaricia-la-pole-y-saldra-tercero\\\/\"},\"author\":{\"name\":\"Redacci\u00f3n Box Repsol\",\"@id\":\"https:\\\/\\\/www.boxrepsol.com\\\/es\\\/#\\\/schema\\\/person\\\/c5c2138f2cca251b0ad92b7086bb60b7\"},\"headline\":\"Marc M\u00e1rquez acaricia la \u2018pole\u2019 y saldr\u00e1 tercero\",\"datePublished\":\"2016-04-23T02:00:00+00:00\",\"dateModified\":\"2024-05-07T08:11:43+00:00\",\"mainEntityOfPage\":{\"@id\":\"https:\\\/\\\/www.boxrepsol.com\\\/es\\\/motogp\\\/marc-marquez-acaricia-la-pole-y-saldra-tercero\\\/\"},\"wordCount\":429,\"commentCount\":0,\"publisher\":{\"@id\":\"https:\\\/\\\/www.boxrepsol.com\\\/es\\\/#organization\"},\"image\":{\"@id\":\"https:\\\/\\\/www.boxrepsol.com\\\/es\\\/motogp\\\/marc-marquez-acaricia-la-pole-y-saldra-tercero\\\/#primaryimage\"},\"thumbnailUrl\":\"https:\\\/\\\/www.boxrepsol.com\\\/wp-content\\\/uploads\\\/2022\\\/08\\\/29-marc-marquez-repsol-honda-2016-jerez-93-motogp.jpg\",\"keywords\":[\"MotoGP Espa\u00f1a\"],\"articleSection\":[\"MotoGP\"],\"inLanguage\":\"es\",\"potentialAction\":[{\"@type\":\"CommentAction\",\"name\":\"Comment\",\"target\":[\"https:\\\/\\\/www.boxrepsol.com\\\/es\\\/motogp\\\/marc-marquez-acaricia-la-pole-y-saldra-tercero\\\/#respond\"]}]},{\"@type\":\"WebPage\",\"@id\":\"https:\\\/\\\/www.boxrepsol.com\\\/es\\\/motogp\\\/marc-marquez-acaricia-la-pole-y-saldra-tercero\\\/\",\"url\":\"https:\\\/\\\/www.boxrepsol.com\\\/es\\\/motogp\\\/marc-marquez-acaricia-la-pole-y-saldra-tercero\\\/\",\"name\":\"Marc M\u00e1rquez acaricia la \u2018pole\u2019 y saldr\u00e1 tercero - Box Repsol\",\"isPartOf\":{\"@id\":\"https:\\\/\\\/www.boxrepsol.com\\\/es\\\/#website\"},\"primaryImageOfPage\":{\"@id\":\"https:\\\/\\\/www.boxrepsol.com\\\/es\\\/motogp\\\/marc-marquez-acaricia-la-pole-y-saldra-tercero\\\/#primaryimage\"},\"image\":{\"@id\":\"https:\\\/\\\/www.boxrepsol.com\\\/es\\\/motogp\\\/marc-marquez-acaricia-la-pole-y-saldra-tercero\\\/#primaryimage\"},\"thumbnailUrl\":\"https:\\\/\\\/www.boxrepsol.com\\\/wp-content\\\/uploads\\\/2022\\\/08\\\/29-marc-marquez-repsol-honda-2016-jerez-93-motogp.jpg\",\"datePublished\":\"2016-04-23T02:00:00+00:00\",\"dateModified\":\"2024-05-07T08:11:43+00:00\",\"description\":\"Primera fila para el piloto del equipo Repsol Honda tras brillar en la sesi\u00f3n oficial del Gran Premio de Espa\u00f1a, en la que Dani Pedrosa ha sido s\u00e9ptimo...\",\"breadcrumb\":{\"@id\":\"https:\\\/\\\/www.boxrepsol.com\\\/es\\\/motogp\\\/marc-marquez-acaricia-la-pole-y-saldra-tercero\\\/#breadcrumb\"},\"inLanguage\":\"es\",\"potentialAction\":[{\"@type\":\"ReadAction\",\"target\":[\"https:\\\/\\\/www.boxrepsol.com\\\/es\\\/motogp\\\/marc-marquez-acaricia-la-pole-y-saldra-tercero\\\/\"]}]},{\"@type\":\"ImageObject\",\"inLanguage\":\"es\",\"@id\":\"https:\\\/\\\/www.boxrepsol.com\\\/es\\\/motogp\\\/marc-marquez-acaricia-la-pole-y-saldra-tercero\\\/#primaryimage\",\"url\":\"https:\\\/\\\/www.boxrepsol.com\\\/wp-content\\\/uploads\\\/2022\\\/08\\\/29-marc-marquez-repsol-honda-2016-jerez-93-motogp.jpg\",\"contentUrl\":\"https:\\\/\\\/www.boxrepsol.com\\\/wp-content\\\/uploads\\\/2022\\\/08\\\/29-marc-marquez-repsol-honda-2016-jerez-93-motogp.jpg\",\"width\":984,\"height\":412,\"caption\":\"Marc M\u00e1rquez tumba en curva pronunciada\"},{\"@type\":\"BreadcrumbList\",\"@id\":\"https:\\\/\\\/www.boxrepsol.com\\\/es\\\/motogp\\\/marc-marquez-acaricia-la-pole-y-saldra-tercero\\\/#breadcrumb\",\"itemListElement\":[{\"@type\":\"ListItem\",\"position\":1,\"name\":\"Home\",\"item\":\"https:\\\/\\\/www.boxrepsol.com\\\/es\\\/\"},{\"@type\":\"ListItem\",\"position\":2,\"name\":\"Marc M\u00e1rquez acaricia la \u2018pole\u2019 y saldr\u00e1 tercero\"}]},{\"@type\":\"WebSite\",\"@id\":\"https:\\\/\\\/www.boxrepsol.com\\\/es\\\/#website\",\"url\":\"https:\\\/\\\/www.boxrepsol.com\\\/es\\\/\",\"name\":\"Box Repsol\",\"description\":\"Box Repsol Site\",\"publisher\":{\"@id\":\"https:\\\/\\\/www.boxrepsol.com\\\/es\\\/#organization\"},\"potentialAction\":[{\"@type\":\"SearchAction\",\"target\":{\"@type\":\"EntryPoint\",\"urlTemplate\":\"https:\\\/\\\/www.boxrepsol.com\\\/es\\\/?s={search_term_string}\"},\"query-input\":{\"@type\":\"PropertyValueSpecification\",\"valueRequired\":true,\"valueName\":\"search_term_string\"}}],\"inLanguage\":\"es\"},{\"@type\":\"Organization\",\"@id\":\"https:\\\/\\\/www.boxrepsol.com\\\/es\\\/#organization\",\"name\":\"Box Repsol\",\"url\":\"https:\\\/\\\/www.boxrepsol.com\\\/es\\\/\",\"logo\":{\"@type\":\"ImageObject\",\"inLanguage\":\"es\",\"@id\":\"https:\\\/\\\/www.boxrepsol.com\\\/es\\\/#\\\/schema\\\/logo\\\/image\\\/\",\"url\":\"https:\\\/\\\/bxrepsol.s3.eu-west-1.amazonaws.com\\\/static\\\/2025\\\/07\\\/30083337\\\/favicon-96x96-1.png\",\"contentUrl\":\"https:\\\/\\\/bxrepsol.s3.eu-west-1.amazonaws.com\\\/static\\\/2025\\\/07\\\/30083337\\\/favicon-96x96-1.png\",\"width\":96,\"height\":96,\"caption\":\"Box Repsol\"},\"image\":{\"@id\":\"https:\\\/\\\/www.boxrepsol.com\\\/es\\\/#\\\/schema\\\/logo\\\/image\\\/\"},\"sameAs\":[\"https:\\\/\\\/www.facebook.com\\\/BoxRepsol\",\"https:\\\/\\\/x.com\\\/box_repsol\",\"http:\\\/\\\/instagram.com\\\/box_repsol\",\"https:\\\/\\\/www.youtube.com\\\/user\\\/RepsolCompeticion\",\"https:\\\/\\\/www.flickr.com\\\/photos\\\/box_repsol\\\/\"]},{\"@type\":\"Person\",\"@id\":\"https:\\\/\\\/www.boxrepsol.com\\\/es\\\/#\\\/schema\\\/person\\\/c5c2138f2cca251b0ad92b7086bb60b7\",\"name\":\"Redacci\u00f3n Box Repsol\",\"image\":{\"@type\":\"ImageObject\",\"inLanguage\":\"es\",\"@id\":\"https:\\\/\\\/secure.gravatar.com\\\/avatar\\\/adf7b77e38b4419baf32c7e9c21dde01f4e40df611f0978e3006fc4ba0aaab7e?s=96&d=mm&r=g\",\"url\":\"https:\\\/\\\/secure.gravatar.com\\\/avatar\\\/adf7b77e38b4419baf32c7e9c21dde01f4e40df611f0978e3006fc4ba0aaab7e?s=96&d=mm&r=g\",\"contentUrl\":\"https:\\\/\\\/secure.gravatar.com\\\/avatar\\\/adf7b77e38b4419baf32c7e9c21dde01f4e40df611f0978e3006fc4ba0aaab7e?s=96&d=mm&r=g\",\"caption\":\"Redacci\u00f3n Box Repsol\"},\"description\":\"Box Repsol lo forma un equipo de periodistas, community managers, dise\u00f1adores y fot\u00f3grafos con m\u00e1s de 20 a\u00f1os de experiencia en el mundo del motorsport. Hemos vivido el primer mundial de un espa\u00f1ol en la categor\u00eda reina de motociclismo con \u00c1lex Crivill\u00e9, estuvimos en las victorias de Pedrosa y los t\u00edtulos de M\u00e1rquez, acompa\u00f1amos en \u00c1frica a Nani Roma y Marc Coma en sus conquistas del Dakar y hemos vibrado con los t\u00edtulos de Toni Bou en Trial. Adem\u00e1s, en nuestro equipo contamos con expertos en el mundo de las dos y cuatro ruedas tanto de la calle y las carreteras, como de los circuitos. Periodistas que han trabajado en revistas y publicaciones para hacerte llegar desde rutas y consejos de mantenimiento, a curiosidades y trucos de pilotaje.\",\"sameAs\":[\"https:\\\/\\\/www.facebook.com\\\/BoxRepsol\\\/\",\"https:\\\/\\\/www.instagram.com\\\/box_repsol\\\/\",\"https:\\\/\\\/x.com\\\/https:\\\/\\\/twitter.com\\\/box_repsol\",\"https:\\\/\\\/www.youtube.com\\\/@Boxrepsol\"],\"url\":\"https:\\\/\\\/www.boxrepsol.com\\\/es\\\/author\\\/redaccion-box-repsol\\\/\"}]}<\/script>\n<!-- \/ Yoast SEO plugin. -->","yoast_head_json":{"title":"Marc M\u00e1rquez acaricia la \u2018pole\u2019 y saldr\u00e1 tercero - Box Repsol","description":"Primera fila para el piloto del equipo Repsol Honda tras brillar en la sesi\u00f3n oficial del Gran Premio de Espa\u00f1a, en la que Dani Pedrosa ha sido s\u00e9ptimo...","canonical":"https:\/\/www.boxrepsol.com\/es\/motogp\/marc-marquez-acaricia-la-pole-y-saldra-tercero\/","og_locale":"es_ES","og_type":"article","og_title":"Marc M\u00e1rquez acaricia la \u2018pole\u2019 y saldr\u00e1 tercero - Box Repsol","og_description":"Primera fila para el piloto del equipo Repsol Honda tras brillar en la sesi\u00f3n oficial del Gran Premio de Espa\u00f1a, en la que Dani Pedrosa ha sido s\u00e9ptimo...","og_url":"https:\/\/www.boxrepsol.com\/es\/motogp\/marc-marquez-acaricia-la-pole-y-saldra-tercero\/","og_site_name":"Box Repsol","article_publisher":"https:\/\/www.facebook.com\/BoxRepsol","article_author":"https:\/\/www.facebook.com\/BoxRepsol\/","article_published_time":"2016-04-23T02:00:00+00:00","article_modified_time":"2024-05-07T08:11:43+00:00","og_image":[{"width":984,"height":412,"url":"https:\/\/www.boxrepsol.com\/wp-content\/uploads\/2022\/08\/29-marc-marquez-repsol-honda-2016-jerez-93-motogp.jpg","type":"image\/jpeg"}],"author":"Redacci\u00f3n Box Repsol","twitter_card":"summary_large_image","twitter_creator":"@https:\/\/twitter.com\/box_repsol","twitter_site":"@box_repsol","twitter_misc":{"Written by":"Redacci\u00f3n Box Repsol","Est. reading time":"2 minutos"},"schema":{"@context":"https:\/\/schema.org","@graph":[{"@type":"Article","@id":"https:\/\/www.boxrepsol.com\/es\/motogp\/marc-marquez-acaricia-la-pole-y-saldra-tercero\/#article","isPartOf":{"@id":"https:\/\/www.boxrepsol.com\/es\/motogp\/marc-marquez-acaricia-la-pole-y-saldra-tercero\/"},"author":{"name":"Redacci\u00f3n Box Repsol","@id":"https:\/\/www.boxrepsol.com\/es\/#\/schema\/person\/c5c2138f2cca251b0ad92b7086bb60b7"},"headline":"Marc M\u00e1rquez acaricia la \u2018pole\u2019 y saldr\u00e1 tercero","datePublished":"2016-04-23T02:00:00+00:00","dateModified":"2024-05-07T08:11:43+00:00","mainEntityOfPage":{"@id":"https:\/\/www.boxrepsol.com\/es\/motogp\/marc-marquez-acaricia-la-pole-y-saldra-tercero\/"},"wordCount":429,"commentCount":0,"publisher":{"@id":"https:\/\/www.boxrepsol.com\/es\/#organization"},"image":{"@id":"https:\/\/www.boxrepsol.com\/es\/motogp\/marc-marquez-acaricia-la-pole-y-saldra-tercero\/#primaryimage"},"thumbnailUrl":"https:\/\/www.boxrepsol.com\/wp-content\/uploads\/2022\/08\/29-marc-marquez-repsol-honda-2016-jerez-93-motogp.jpg","keywords":["MotoGP Espa\u00f1a"],"articleSection":["MotoGP"],"inLanguage":"es","potentialAction":[{"@type":"CommentAction","name":"Comment","target":["https:\/\/www.boxrepsol.com\/es\/motogp\/marc-marquez-acaricia-la-pole-y-saldra-tercero\/#respond"]}]},{"@type":"WebPage","@id":"https:\/\/www.boxrepsol.com\/es\/motogp\/marc-marquez-acaricia-la-pole-y-saldra-tercero\/","url":"https:\/\/www.boxrepsol.com\/es\/motogp\/marc-marquez-acaricia-la-pole-y-saldra-tercero\/","name":"Marc M\u00e1rquez acaricia la \u2018pole\u2019 y saldr\u00e1 tercero - Box Repsol","isPartOf":{"@id":"https:\/\/www.boxrepsol.com\/es\/#website"},"primaryImageOfPage":{"@id":"https:\/\/www.boxrepsol.com\/es\/motogp\/marc-marquez-acaricia-la-pole-y-saldra-tercero\/#primaryimage"},"image":{"@id":"https:\/\/www.boxrepsol.com\/es\/motogp\/marc-marquez-acaricia-la-pole-y-saldra-tercero\/#primaryimage"},"thumbnailUrl":"https:\/\/www.boxrepsol.com\/wp-content\/uploads\/2022\/08\/29-marc-marquez-repsol-honda-2016-jerez-93-motogp.jpg","datePublished":"2016-04-23T02:00:00+00:00","dateModified":"2024-05-07T08:11:43+00:00","description":"Primera fila para el piloto del equipo Repsol Honda tras brillar en la sesi\u00f3n oficial del Gran Premio de Espa\u00f1a, en la que Dani Pedrosa ha sido s\u00e9ptimo...","breadcrumb":{"@id":"https:\/\/www.boxrepsol.com\/es\/motogp\/marc-marquez-acaricia-la-pole-y-saldra-tercero\/#breadcrumb"},"inLanguage":"es","potentialAction":[{"@type":"ReadAction","target":["https:\/\/www.boxrepsol.com\/es\/motogp\/marc-marquez-acaricia-la-pole-y-saldra-tercero\/"]}]},{"@type":"ImageObject","inLanguage":"es","@id":"https:\/\/www.boxrepsol.com\/es\/motogp\/marc-marquez-acaricia-la-pole-y-saldra-tercero\/#primaryimage","url":"https:\/\/www.boxrepsol.com\/wp-content\/uploads\/2022\/08\/29-marc-marquez-repsol-honda-2016-jerez-93-motogp.jpg","contentUrl":"https:\/\/www.boxrepsol.com\/wp-content\/uploads\/2022\/08\/29-marc-marquez-repsol-honda-2016-jerez-93-motogp.jpg","width":984,"height":412,"caption":"Marc M\u00e1rquez tumba en curva pronunciada"},{"@type":"BreadcrumbList","@id":"https:\/\/www.boxrepsol.com\/es\/motogp\/marc-marquez-acaricia-la-pole-y-saldra-tercero\/#breadcrumb","itemListElement":[{"@type":"ListItem","position":1,"name":"Home","item":"https:\/\/www.boxrepsol.com\/es\/"},{"@type":"ListItem","position":2,"name":"Marc M\u00e1rquez acaricia la \u2018pole\u2019 y saldr\u00e1 tercero"}]},{"@type":"WebSite","@id":"https:\/\/www.boxrepsol.com\/es\/#website","url":"https:\/\/www.boxrepsol.com\/es\/","name":"Box Repsol","description":"Box Repsol Site","publisher":{"@id":"https:\/\/www.boxrepsol.com\/es\/#organization"},"potentialAction":[{"@type":"SearchAction","target":{"@type":"EntryPoint","urlTemplate":"https:\/\/www.boxrepsol.com\/es\/?s={search_term_string}"},"query-input":{"@type":"PropertyValueSpecification","valueRequired":true,"valueName":"search_term_string"}}],"inLanguage":"es"},{"@type":"Organization","@id":"https:\/\/www.boxrepsol.com\/es\/#organization","name":"Box Repsol","url":"https:\/\/www.boxrepsol.com\/es\/","logo":{"@type":"ImageObject","inLanguage":"es","@id":"https:\/\/www.boxrepsol.com\/es\/#\/schema\/logo\/image\/","url":"https:\/\/bxrepsol.s3.eu-west-1.amazonaws.com\/static\/2025\/07\/30083337\/favicon-96x96-1.png","contentUrl":"https:\/\/bxrepsol.s3.eu-west-1.amazonaws.com\/static\/2025\/07\/30083337\/favicon-96x96-1.png","width":96,"height":96,"caption":"Box Repsol"},"image":{"@id":"https:\/\/www.boxrepsol.com\/es\/#\/schema\/logo\/image\/"},"sameAs":["https:\/\/www.facebook.com\/BoxRepsol","https:\/\/x.com\/box_repsol","http:\/\/instagram.com\/box_repsol","https:\/\/www.youtube.com\/user\/RepsolCompeticion","https:\/\/www.flickr.com\/photos\/box_repsol\/"]},{"@type":"Person","@id":"https:\/\/www.boxrepsol.com\/es\/#\/schema\/person\/c5c2138f2cca251b0ad92b7086bb60b7","name":"Redacci\u00f3n Box Repsol","image":{"@type":"ImageObject","inLanguage":"es","@id":"https:\/\/secure.gravatar.com\/avatar\/adf7b77e38b4419baf32c7e9c21dde01f4e40df611f0978e3006fc4ba0aaab7e?s=96&d=mm&r=g","url":"https:\/\/secure.gravatar.com\/avatar\/adf7b77e38b4419baf32c7e9c21dde01f4e40df611f0978e3006fc4ba0aaab7e?s=96&d=mm&r=g","contentUrl":"https:\/\/secure.gravatar.com\/avatar\/adf7b77e38b4419baf32c7e9c21dde01f4e40df611f0978e3006fc4ba0aaab7e?s=96&d=mm&r=g","caption":"Redacci\u00f3n Box Repsol"},"description":"Box Repsol lo forma un equipo de periodistas, community managers, dise\u00f1adores y fot\u00f3grafos con m\u00e1s de 20 a\u00f1os de experiencia en el mundo del motorsport. Hemos vivido el primer mundial de un espa\u00f1ol en la categor\u00eda reina de motociclismo con \u00c1lex Crivill\u00e9, estuvimos en las victorias de Pedrosa y los t\u00edtulos de M\u00e1rquez, acompa\u00f1amos en \u00c1frica a Nani Roma y Marc Coma en sus conquistas del Dakar y hemos vibrado con los t\u00edtulos de Toni Bou en Trial. Adem\u00e1s, en nuestro equipo contamos con expertos en el mundo de las dos y cuatro ruedas tanto de la calle y las carreteras, como de los circuitos. Periodistas que han trabajado en revistas y publicaciones para hacerte llegar desde rutas y consejos de mantenimiento, a curiosidades y trucos de pilotaje.","sameAs":["https:\/\/www.facebook.com\/BoxRepsol\/","https:\/\/www.instagram.com\/box_repsol\/","https:\/\/x.com\/https:\/\/twitter.com\/box_repsol","https:\/\/www.youtube.com\/@Boxrepsol"],"url":"https:\/\/www.boxrepsol.com\/es\/author\/redaccion-box-repsol\/"}]}},"_links":{"self":[{"href":"https:\/\/www.boxrepsol.com\/es\/wp-json\/wp\/v2\/posts\/89746","targetHints":{"allow":["GET"]}}],"collection":[{"href":"https:\/\/www.boxrepsol.com\/es\/wp-json\/wp\/v2\/posts"}],"about":[{"href":"https:\/\/www.boxrepsol.com\/es\/wp-json\/wp\/v2\/types\/post"}],"author":[{"embeddable":true,"href":"https:\/\/www.boxrepsol.com\/es\/wp-json\/wp\/v2\/users\/43146"}],"replies":[{"embeddable":true,"href":"https:\/\/www.boxrepsol.com\/es\/wp-json\/wp\/v2\/comments?post=89746"}],"version-history":[{"count":1,"href":"https:\/\/www.boxrepsol.com\/es\/wp-json\/wp\/v2\/posts\/89746\/revisions"}],"predecessor-version":[{"id":89747,"href":"https:\/\/www.boxrepsol.com\/es\/wp-json\/wp\/v2\/posts\/89746\/revisions\/89747"}],"wp:featuredmedia":[{"embeddable":true,"href":"https:\/\/www.boxrepsol.com\/es\/wp-json\/wp\/v2\/media\/85518"}],"wp:attachment":[{"href":"https:\/\/www.boxrepsol.com\/es\/wp-json\/wp\/v2\/media?parent=89746"}],"wp:term":[{"taxonomy":"category","embeddable":true,"href":"https:\/\/www.boxrepsol.com\/es\/wp-json\/wp\/v2\/categories?post=89746"},{"taxonomy":"post_tag","embeddable":true,"href":"https:\/\/www.boxrepsol.com\/es\/wp-json\/wp\/v2\/tags?post=89746"}],"curies":[{"name":"wp","href":"https:\/\/api.w.org\/{rel}","templated":true}]}}