{"id":89744,"date":"2016-04-24T00:00:00","date_gmt":"2016-04-24T02:00:00","guid":{"rendered":"http:\/\/pre.boxrepsol.com\/sin-categorizar\/podio-de-marquez-y-pedrosa-es-cuarto\/"},"modified":"2024-05-07T06:11:26","modified_gmt":"2024-05-07T08:11:26","slug":"podio-de-marquez-y-pedrosa-es-cuarto","status":"publish","type":"post","link":"https:\/\/www.boxrepsol.com\/es\/motogp\/podio-de-marquez-y-pedrosa-es-cuarto\/","title":{"rendered":"Podio de M\u00e1rquez y Pedrosa es cuarto"},"content":{"rendered":"<blockquote>\n<p>\u00b7@marcmarquez93 continua al frente del Mundial con 17 puntos de ventaja #SpanishGP <\/p>\n<p>            <a href=\"http:\/\/twitter.com\/share?text=%C2%B7%40marcmarquez93+continua+al+frente+del+Mundial+con+17+puntos+de+ventaja+%23SpanishGP+&#038;url=http%3A%2F%2F34.249.211.158%2Fes%2Fmotogp%2Fpodio-de-marquez-y-pedrosa-es-cuarto%2F&#038;hashtags=\" target=\"_blank\" rel=\"noopener\"><br \/>\n            twittear        <\/a>\n        <\/p><\/blockquote>\n<p>La cuarta cita del Campeonato del Mundo de MotoGP ha concluido con un resultado positivo para los pilotos del equipo Repsol Honda que, con el podio de Marc M\u00e1rquez y la cuarta posici\u00f3n de Dani Pedrosa, han logrado sumar importantes puntos de cara a la clasificaci\u00f3n general del Mundial.<\/p>\n<p>Realizando una excelente salida, Pedrosa ha remontado cuatro posiciones en dos curvas, situ\u00e1ndose tercero por detr\u00e1s de Valentino Rossi y Jorge Lorenzo. En la segunda vuelta, M\u00e1rquez ha superado a su compa\u00f1ero de equipo y las posiciones ya no han variado hasta la bandera de cuadros. Tras este Gran Premio, <strong>M\u00e1rquez sigue l\u00edder con 82 puntos y Pedrosa ha escalado una posici\u00f3n y ahora es cuarto con 40 puntos<\/strong>.<\/p>\n<p>\t\t\t\t<img decoding=\"async\" src=\"https:\/\/bxrepsol.s3.eu-west-1.amazonaws.com\/static\/2022\/08\/29044205\/28-jerez-marc-marquez-repsol-honda.jpg\" alt=\"28-jerez-marc-marquez-repsol-honda\" itemprop=\"image\"  \/><\/p>\n<h3><strong>Marc M\u00e1rquez<\/strong><\/h3>\n<p><em>\u00abSinceramente, hoy Valentino [Rossi] estaba a otro nivel, como yo en Austin, y lo m\u00e1s importante es que hemos aceptado terminar terceros en esta carrera. He aprendido mucho del a\u00f1o pasado y no quer\u00eda cometer un error. He estado muy concentrado desde el principio, he intentado rodar fuerte y seguir a Jorge [Lorenzo], pero he visto que con m\u00e1s temperatura en el asfalto, 11\u00baC m\u00e1s que ayer, era muy dif\u00edcil gestionar bien el neum\u00e1tico delantero. Casi me caigo varias veces, as\u00ed que he preferido asegurar 16 puntos que ser\u00e1n muy positivos al final del campeonato, que es muy largo. Debemos tener paciencia hasta que demos un paso m\u00e1s con la moto en las aceleraciones y encontrar algo m\u00e1s que nos permita luchar por la victoria\u00bb.<\/em><\/p>\n<h3><strong>Dani Pedrosa<\/strong><\/h3>\n<p><em>\u00abSab\u00edamos que ser\u00eda una carrera dif\u00edcil y hemos conseguido la posici\u00f3n que sab\u00edamos que era posible, porque todo el fin de semana se ha visto que los tres primeros eran m\u00e1s r\u00e1pidos. He empezado bien, pilotando con fuerza en las primeras vueltas. Luego he visto que ten\u00eda dificultades tanto con el neum\u00e1tico delantero como con el trasero. Me he concentrado en conservar mi posici\u00f3n y he rodado a un ritmo seguro para no desgastar demasiado el trasero. He visto que Aleix [Espargar\u00f3] me iba recuperando terreno, pero lo ten\u00eda controlado e iba vigilando \u00fanicamente de conservar el neum\u00e1tico. Cerca del final, cuando ya lo ten\u00eda encima, he decidido volver a aumentar el ritmo. He podido escaparme y acercarme a Marc [M\u00e1rquez], que quiz\u00e1s por haber apretado al principio le ha costado m\u00e1s al final. Ma\u00f1ana tenemos un entrenamiento e intentaremos trabajar y mejorar mis sensaciones en la moto\u00bb.<\/em><\/p>\n","protected":false},"excerpt":{"rendered":"<p>Los pilotos del equipo Repsol Honda concluyen el Gran Premio de Espa\u00f1a con M\u00e1rquez al frente del Mundial con 17 puntos de ventaja y Pedrosa ascendiendo a la cuarta posici\u00f3n.<\/p>\n","protected":false},"author":43146,"featured_media":85514,"comment_status":"open","ping_status":"open","sticky":false,"template":"","format":"standard","meta":{"footnotes":""},"categories":[4],"tags":[154],"class_list":["post-89744","post","type-post","status-publish","format-standard","hentry","category-motogp","tag-motogp-espana"],"yoast_head":"<!-- This site is optimized with the Yoast SEO plugin v27.3 - https:\/\/yoast.com\/product\/yoast-seo-wordpress\/ -->\n<title>Podio de M\u00e1rquez y Pedrosa es cuarto - Box Repsol<\/title>\n<meta name=\"description\" content=\"Los pilotos del equipo Repsol Honda concluyen el Gran Premio de Espa\u00f1a con M\u00e1rquez al frente del Mundial con 17 puntos de ventaja...\" \/>\n<link rel=\"canonical\" href=\"https:\/\/www.boxrepsol.com\/es\/motogp\/podio-de-marquez-y-pedrosa-es-cuarto\/\" \/>\n<meta property=\"og:locale\" content=\"es_ES\" \/>\n<meta property=\"og:type\" content=\"article\" \/>\n<meta property=\"og:title\" content=\"Podio de M\u00e1rquez y Pedrosa es cuarto - Box Repsol\" \/>\n<meta property=\"og:description\" content=\"Los pilotos del equipo Repsol Honda concluyen el Gran Premio de Espa\u00f1a con M\u00e1rquez al frente del Mundial con 17 puntos de ventaja...\" \/>\n<meta property=\"og:url\" content=\"https:\/\/www.boxrepsol.com\/es\/motogp\/podio-de-marquez-y-pedrosa-es-cuarto\/\" \/>\n<meta property=\"og:site_name\" content=\"Box Repsol\" \/>\n<meta property=\"article:publisher\" content=\"https:\/\/www.facebook.com\/BoxRepsol\" \/>\n<meta property=\"article:author\" content=\"https:\/\/www.facebook.com\/BoxRepsol\/\" \/>\n<meta property=\"article:published_time\" content=\"2016-04-24T02:00:00+00:00\" \/>\n<meta property=\"article:modified_time\" content=\"2024-05-07T08:11:26+00:00\" \/>\n<meta property=\"og:image\" content=\"https:\/\/www.boxrepsol.com\/wp-content\/uploads\/2022\/08\/27-marc-marquez-dani-pedrosa-repsol-honda.jpg\" \/>\n\t<meta property=\"og:image:width\" content=\"984\" \/>\n\t<meta property=\"og:image:height\" content=\"412\" \/>\n\t<meta property=\"og:image:type\" content=\"image\/jpeg\" \/>\n<meta name=\"author\" content=\"Redacci\u00f3n Box Repsol\" \/>\n<meta name=\"twitter:card\" content=\"summary_large_image\" \/>\n<meta name=\"twitter:creator\" content=\"@https:\/\/twitter.com\/box_repsol\" \/>\n<meta name=\"twitter:site\" content=\"@box_repsol\" \/>\n<meta name=\"twitter:label1\" content=\"Written by\" \/>\n\t<meta name=\"twitter:data1\" content=\"Redacci\u00f3n Box Repsol\" \/>\n\t<meta name=\"twitter:label2\" content=\"Est. reading time\" \/>\n\t<meta name=\"twitter:data2\" content=\"2 minutos\" \/>\n<script type=\"application\/ld+json\" class=\"yoast-schema-graph\">{\"@context\":\"https:\\\/\\\/schema.org\",\"@graph\":[{\"@type\":\"Article\",\"@id\":\"https:\\\/\\\/www.boxrepsol.com\\\/es\\\/motogp\\\/podio-de-marquez-y-pedrosa-es-cuarto\\\/#article\",\"isPartOf\":{\"@id\":\"https:\\\/\\\/www.boxrepsol.com\\\/es\\\/motogp\\\/podio-de-marquez-y-pedrosa-es-cuarto\\\/\"},\"author\":{\"name\":\"Redacci\u00f3n Box Repsol\",\"@id\":\"https:\\\/\\\/www.boxrepsol.com\\\/es\\\/#\\\/schema\\\/person\\\/c5c2138f2cca251b0ad92b7086bb60b7\"},\"headline\":\"Podio de M\u00e1rquez y Pedrosa es cuarto\",\"datePublished\":\"2016-04-24T02:00:00+00:00\",\"dateModified\":\"2024-05-07T08:11:26+00:00\",\"mainEntityOfPage\":{\"@id\":\"https:\\\/\\\/www.boxrepsol.com\\\/es\\\/motogp\\\/podio-de-marquez-y-pedrosa-es-cuarto\\\/\"},\"wordCount\":450,\"commentCount\":0,\"publisher\":{\"@id\":\"https:\\\/\\\/www.boxrepsol.com\\\/es\\\/#organization\"},\"image\":{\"@id\":\"https:\\\/\\\/www.boxrepsol.com\\\/es\\\/motogp\\\/podio-de-marquez-y-pedrosa-es-cuarto\\\/#primaryimage\"},\"thumbnailUrl\":\"https:\\\/\\\/www.boxrepsol.com\\\/wp-content\\\/uploads\\\/2022\\\/08\\\/27-marc-marquez-dani-pedrosa-repsol-honda.jpg\",\"keywords\":[\"MotoGP Espa\u00f1a\"],\"articleSection\":[\"MotoGP\"],\"inLanguage\":\"es\",\"potentialAction\":[{\"@type\":\"CommentAction\",\"name\":\"Comment\",\"target\":[\"https:\\\/\\\/www.boxrepsol.com\\\/es\\\/motogp\\\/podio-de-marquez-y-pedrosa-es-cuarto\\\/#respond\"]}]},{\"@type\":\"WebPage\",\"@id\":\"https:\\\/\\\/www.boxrepsol.com\\\/es\\\/motogp\\\/podio-de-marquez-y-pedrosa-es-cuarto\\\/\",\"url\":\"https:\\\/\\\/www.boxrepsol.com\\\/es\\\/motogp\\\/podio-de-marquez-y-pedrosa-es-cuarto\\\/\",\"name\":\"Podio de M\u00e1rquez y Pedrosa es cuarto - Box Repsol\",\"isPartOf\":{\"@id\":\"https:\\\/\\\/www.boxrepsol.com\\\/es\\\/#website\"},\"primaryImageOfPage\":{\"@id\":\"https:\\\/\\\/www.boxrepsol.com\\\/es\\\/motogp\\\/podio-de-marquez-y-pedrosa-es-cuarto\\\/#primaryimage\"},\"image\":{\"@id\":\"https:\\\/\\\/www.boxrepsol.com\\\/es\\\/motogp\\\/podio-de-marquez-y-pedrosa-es-cuarto\\\/#primaryimage\"},\"thumbnailUrl\":\"https:\\\/\\\/www.boxrepsol.com\\\/wp-content\\\/uploads\\\/2022\\\/08\\\/27-marc-marquez-dani-pedrosa-repsol-honda.jpg\",\"datePublished\":\"2016-04-24T02:00:00+00:00\",\"dateModified\":\"2024-05-07T08:11:26+00:00\",\"description\":\"Los pilotos del equipo Repsol Honda concluyen el Gran Premio de Espa\u00f1a con M\u00e1rquez al frente del Mundial con 17 puntos de ventaja...\",\"breadcrumb\":{\"@id\":\"https:\\\/\\\/www.boxrepsol.com\\\/es\\\/motogp\\\/podio-de-marquez-y-pedrosa-es-cuarto\\\/#breadcrumb\"},\"inLanguage\":\"es\",\"potentialAction\":[{\"@type\":\"ReadAction\",\"target\":[\"https:\\\/\\\/www.boxrepsol.com\\\/es\\\/motogp\\\/podio-de-marquez-y-pedrosa-es-cuarto\\\/\"]}]},{\"@type\":\"ImageObject\",\"inLanguage\":\"es\",\"@id\":\"https:\\\/\\\/www.boxrepsol.com\\\/es\\\/motogp\\\/podio-de-marquez-y-pedrosa-es-cuarto\\\/#primaryimage\",\"url\":\"https:\\\/\\\/www.boxrepsol.com\\\/wp-content\\\/uploads\\\/2022\\\/08\\\/27-marc-marquez-dani-pedrosa-repsol-honda.jpg\",\"contentUrl\":\"https:\\\/\\\/www.boxrepsol.com\\\/wp-content\\\/uploads\\\/2022\\\/08\\\/27-marc-marquez-dani-pedrosa-repsol-honda.jpg\",\"width\":984,\"height\":412},{\"@type\":\"BreadcrumbList\",\"@id\":\"https:\\\/\\\/www.boxrepsol.com\\\/es\\\/motogp\\\/podio-de-marquez-y-pedrosa-es-cuarto\\\/#breadcrumb\",\"itemListElement\":[{\"@type\":\"ListItem\",\"position\":1,\"name\":\"Home\",\"item\":\"https:\\\/\\\/www.boxrepsol.com\\\/es\\\/\"},{\"@type\":\"ListItem\",\"position\":2,\"name\":\"Podio de M\u00e1rquez y Pedrosa es cuarto\"}]},{\"@type\":\"WebSite\",\"@id\":\"https:\\\/\\\/www.boxrepsol.com\\\/es\\\/#website\",\"url\":\"https:\\\/\\\/www.boxrepsol.com\\\/es\\\/\",\"name\":\"Box Repsol\",\"description\":\"Box Repsol Site\",\"publisher\":{\"@id\":\"https:\\\/\\\/www.boxrepsol.com\\\/es\\\/#organization\"},\"potentialAction\":[{\"@type\":\"SearchAction\",\"target\":{\"@type\":\"EntryPoint\",\"urlTemplate\":\"https:\\\/\\\/www.boxrepsol.com\\\/es\\\/?s={search_term_string}\"},\"query-input\":{\"@type\":\"PropertyValueSpecification\",\"valueRequired\":true,\"valueName\":\"search_term_string\"}}],\"inLanguage\":\"es\"},{\"@type\":\"Organization\",\"@id\":\"https:\\\/\\\/www.boxrepsol.com\\\/es\\\/#organization\",\"name\":\"Box Repsol\",\"url\":\"https:\\\/\\\/www.boxrepsol.com\\\/es\\\/\",\"logo\":{\"@type\":\"ImageObject\",\"inLanguage\":\"es\",\"@id\":\"https:\\\/\\\/www.boxrepsol.com\\\/es\\\/#\\\/schema\\\/logo\\\/image\\\/\",\"url\":\"https:\\\/\\\/bxrepsol.s3.eu-west-1.amazonaws.com\\\/static\\\/2025\\\/07\\\/30083337\\\/favicon-96x96-1.png\",\"contentUrl\":\"https:\\\/\\\/bxrepsol.s3.eu-west-1.amazonaws.com\\\/static\\\/2025\\\/07\\\/30083337\\\/favicon-96x96-1.png\",\"width\":96,\"height\":96,\"caption\":\"Box Repsol\"},\"image\":{\"@id\":\"https:\\\/\\\/www.boxrepsol.com\\\/es\\\/#\\\/schema\\\/logo\\\/image\\\/\"},\"sameAs\":[\"https:\\\/\\\/www.facebook.com\\\/BoxRepsol\",\"https:\\\/\\\/x.com\\\/box_repsol\",\"http:\\\/\\\/instagram.com\\\/box_repsol\",\"https:\\\/\\\/www.youtube.com\\\/user\\\/RepsolCompeticion\",\"https:\\\/\\\/www.flickr.com\\\/photos\\\/box_repsol\\\/\"]},{\"@type\":\"Person\",\"@id\":\"https:\\\/\\\/www.boxrepsol.com\\\/es\\\/#\\\/schema\\\/person\\\/c5c2138f2cca251b0ad92b7086bb60b7\",\"name\":\"Redacci\u00f3n Box Repsol\",\"image\":{\"@type\":\"ImageObject\",\"inLanguage\":\"es\",\"@id\":\"https:\\\/\\\/secure.gravatar.com\\\/avatar\\\/adf7b77e38b4419baf32c7e9c21dde01f4e40df611f0978e3006fc4ba0aaab7e?s=96&d=mm&r=g\",\"url\":\"https:\\\/\\\/secure.gravatar.com\\\/avatar\\\/adf7b77e38b4419baf32c7e9c21dde01f4e40df611f0978e3006fc4ba0aaab7e?s=96&d=mm&r=g\",\"contentUrl\":\"https:\\\/\\\/secure.gravatar.com\\\/avatar\\\/adf7b77e38b4419baf32c7e9c21dde01f4e40df611f0978e3006fc4ba0aaab7e?s=96&d=mm&r=g\",\"caption\":\"Redacci\u00f3n Box Repsol\"},\"description\":\"Box Repsol lo forma un equipo de periodistas, community managers, dise\u00f1adores y fot\u00f3grafos con m\u00e1s de 20 a\u00f1os de experiencia en el mundo del motorsport. Hemos vivido el primer mundial de un espa\u00f1ol en la categor\u00eda reina de motociclismo con \u00c1lex Crivill\u00e9, estuvimos en las victorias de Pedrosa y los t\u00edtulos de M\u00e1rquez, acompa\u00f1amos en \u00c1frica a Nani Roma y Marc Coma en sus conquistas del Dakar y hemos vibrado con los t\u00edtulos de Toni Bou en Trial. Adem\u00e1s, en nuestro equipo contamos con expertos en el mundo de las dos y cuatro ruedas tanto de la calle y las carreteras, como de los circuitos. Periodistas que han trabajado en revistas y publicaciones para hacerte llegar desde rutas y consejos de mantenimiento, a curiosidades y trucos de pilotaje.\",\"sameAs\":[\"https:\\\/\\\/www.facebook.com\\\/BoxRepsol\\\/\",\"https:\\\/\\\/www.instagram.com\\\/box_repsol\\\/\",\"https:\\\/\\\/x.com\\\/https:\\\/\\\/twitter.com\\\/box_repsol\",\"https:\\\/\\\/www.youtube.com\\\/@Boxrepsol\"],\"url\":\"https:\\\/\\\/www.boxrepsol.com\\\/es\\\/author\\\/redaccion-box-repsol\\\/\"}]}<\/script>\n<!-- \/ Yoast SEO plugin. -->","yoast_head_json":{"title":"Podio de M\u00e1rquez y Pedrosa es cuarto - Box Repsol","description":"Los pilotos del equipo Repsol Honda concluyen el Gran Premio de Espa\u00f1a con M\u00e1rquez al frente del Mundial con 17 puntos de ventaja...","canonical":"https:\/\/www.boxrepsol.com\/es\/motogp\/podio-de-marquez-y-pedrosa-es-cuarto\/","og_locale":"es_ES","og_type":"article","og_title":"Podio de M\u00e1rquez y Pedrosa es cuarto - Box Repsol","og_description":"Los pilotos del equipo Repsol Honda concluyen el Gran Premio de Espa\u00f1a con M\u00e1rquez al frente del Mundial con 17 puntos de ventaja...","og_url":"https:\/\/www.boxrepsol.com\/es\/motogp\/podio-de-marquez-y-pedrosa-es-cuarto\/","og_site_name":"Box Repsol","article_publisher":"https:\/\/www.facebook.com\/BoxRepsol","article_author":"https:\/\/www.facebook.com\/BoxRepsol\/","article_published_time":"2016-04-24T02:00:00+00:00","article_modified_time":"2024-05-07T08:11:26+00:00","og_image":[{"width":984,"height":412,"url":"https:\/\/www.boxrepsol.com\/wp-content\/uploads\/2022\/08\/27-marc-marquez-dani-pedrosa-repsol-honda.jpg","type":"image\/jpeg"}],"author":"Redacci\u00f3n Box Repsol","twitter_card":"summary_large_image","twitter_creator":"@https:\/\/twitter.com\/box_repsol","twitter_site":"@box_repsol","twitter_misc":{"Written by":"Redacci\u00f3n Box Repsol","Est. reading time":"2 minutos"},"schema":{"@context":"https:\/\/schema.org","@graph":[{"@type":"Article","@id":"https:\/\/www.boxrepsol.com\/es\/motogp\/podio-de-marquez-y-pedrosa-es-cuarto\/#article","isPartOf":{"@id":"https:\/\/www.boxrepsol.com\/es\/motogp\/podio-de-marquez-y-pedrosa-es-cuarto\/"},"author":{"name":"Redacci\u00f3n Box Repsol","@id":"https:\/\/www.boxrepsol.com\/es\/#\/schema\/person\/c5c2138f2cca251b0ad92b7086bb60b7"},"headline":"Podio de M\u00e1rquez y Pedrosa es cuarto","datePublished":"2016-04-24T02:00:00+00:00","dateModified":"2024-05-07T08:11:26+00:00","mainEntityOfPage":{"@id":"https:\/\/www.boxrepsol.com\/es\/motogp\/podio-de-marquez-y-pedrosa-es-cuarto\/"},"wordCount":450,"commentCount":0,"publisher":{"@id":"https:\/\/www.boxrepsol.com\/es\/#organization"},"image":{"@id":"https:\/\/www.boxrepsol.com\/es\/motogp\/podio-de-marquez-y-pedrosa-es-cuarto\/#primaryimage"},"thumbnailUrl":"https:\/\/www.boxrepsol.com\/wp-content\/uploads\/2022\/08\/27-marc-marquez-dani-pedrosa-repsol-honda.jpg","keywords":["MotoGP Espa\u00f1a"],"articleSection":["MotoGP"],"inLanguage":"es","potentialAction":[{"@type":"CommentAction","name":"Comment","target":["https:\/\/www.boxrepsol.com\/es\/motogp\/podio-de-marquez-y-pedrosa-es-cuarto\/#respond"]}]},{"@type":"WebPage","@id":"https:\/\/www.boxrepsol.com\/es\/motogp\/podio-de-marquez-y-pedrosa-es-cuarto\/","url":"https:\/\/www.boxrepsol.com\/es\/motogp\/podio-de-marquez-y-pedrosa-es-cuarto\/","name":"Podio de M\u00e1rquez y Pedrosa es cuarto - Box Repsol","isPartOf":{"@id":"https:\/\/www.boxrepsol.com\/es\/#website"},"primaryImageOfPage":{"@id":"https:\/\/www.boxrepsol.com\/es\/motogp\/podio-de-marquez-y-pedrosa-es-cuarto\/#primaryimage"},"image":{"@id":"https:\/\/www.boxrepsol.com\/es\/motogp\/podio-de-marquez-y-pedrosa-es-cuarto\/#primaryimage"},"thumbnailUrl":"https:\/\/www.boxrepsol.com\/wp-content\/uploads\/2022\/08\/27-marc-marquez-dani-pedrosa-repsol-honda.jpg","datePublished":"2016-04-24T02:00:00+00:00","dateModified":"2024-05-07T08:11:26+00:00","description":"Los pilotos del equipo Repsol Honda concluyen el Gran Premio de Espa\u00f1a con M\u00e1rquez al frente del Mundial con 17 puntos de ventaja...","breadcrumb":{"@id":"https:\/\/www.boxrepsol.com\/es\/motogp\/podio-de-marquez-y-pedrosa-es-cuarto\/#breadcrumb"},"inLanguage":"es","potentialAction":[{"@type":"ReadAction","target":["https:\/\/www.boxrepsol.com\/es\/motogp\/podio-de-marquez-y-pedrosa-es-cuarto\/"]}]},{"@type":"ImageObject","inLanguage":"es","@id":"https:\/\/www.boxrepsol.com\/es\/motogp\/podio-de-marquez-y-pedrosa-es-cuarto\/#primaryimage","url":"https:\/\/www.boxrepsol.com\/wp-content\/uploads\/2022\/08\/27-marc-marquez-dani-pedrosa-repsol-honda.jpg","contentUrl":"https:\/\/www.boxrepsol.com\/wp-content\/uploads\/2022\/08\/27-marc-marquez-dani-pedrosa-repsol-honda.jpg","width":984,"height":412},{"@type":"BreadcrumbList","@id":"https:\/\/www.boxrepsol.com\/es\/motogp\/podio-de-marquez-y-pedrosa-es-cuarto\/#breadcrumb","itemListElement":[{"@type":"ListItem","position":1,"name":"Home","item":"https:\/\/www.boxrepsol.com\/es\/"},{"@type":"ListItem","position":2,"name":"Podio de M\u00e1rquez y Pedrosa es cuarto"}]},{"@type":"WebSite","@id":"https:\/\/www.boxrepsol.com\/es\/#website","url":"https:\/\/www.boxrepsol.com\/es\/","name":"Box Repsol","description":"Box Repsol Site","publisher":{"@id":"https:\/\/www.boxrepsol.com\/es\/#organization"},"potentialAction":[{"@type":"SearchAction","target":{"@type":"EntryPoint","urlTemplate":"https:\/\/www.boxrepsol.com\/es\/?s={search_term_string}"},"query-input":{"@type":"PropertyValueSpecification","valueRequired":true,"valueName":"search_term_string"}}],"inLanguage":"es"},{"@type":"Organization","@id":"https:\/\/www.boxrepsol.com\/es\/#organization","name":"Box Repsol","url":"https:\/\/www.boxrepsol.com\/es\/","logo":{"@type":"ImageObject","inLanguage":"es","@id":"https:\/\/www.boxrepsol.com\/es\/#\/schema\/logo\/image\/","url":"https:\/\/bxrepsol.s3.eu-west-1.amazonaws.com\/static\/2025\/07\/30083337\/favicon-96x96-1.png","contentUrl":"https:\/\/bxrepsol.s3.eu-west-1.amazonaws.com\/static\/2025\/07\/30083337\/favicon-96x96-1.png","width":96,"height":96,"caption":"Box Repsol"},"image":{"@id":"https:\/\/www.boxrepsol.com\/es\/#\/schema\/logo\/image\/"},"sameAs":["https:\/\/www.facebook.com\/BoxRepsol","https:\/\/x.com\/box_repsol","http:\/\/instagram.com\/box_repsol","https:\/\/www.youtube.com\/user\/RepsolCompeticion","https:\/\/www.flickr.com\/photos\/box_repsol\/"]},{"@type":"Person","@id":"https:\/\/www.boxrepsol.com\/es\/#\/schema\/person\/c5c2138f2cca251b0ad92b7086bb60b7","name":"Redacci\u00f3n Box Repsol","image":{"@type":"ImageObject","inLanguage":"es","@id":"https:\/\/secure.gravatar.com\/avatar\/adf7b77e38b4419baf32c7e9c21dde01f4e40df611f0978e3006fc4ba0aaab7e?s=96&d=mm&r=g","url":"https:\/\/secure.gravatar.com\/avatar\/adf7b77e38b4419baf32c7e9c21dde01f4e40df611f0978e3006fc4ba0aaab7e?s=96&d=mm&r=g","contentUrl":"https:\/\/secure.gravatar.com\/avatar\/adf7b77e38b4419baf32c7e9c21dde01f4e40df611f0978e3006fc4ba0aaab7e?s=96&d=mm&r=g","caption":"Redacci\u00f3n Box Repsol"},"description":"Box Repsol lo forma un equipo de periodistas, community managers, dise\u00f1adores y fot\u00f3grafos con m\u00e1s de 20 a\u00f1os de experiencia en el mundo del motorsport. Hemos vivido el primer mundial de un espa\u00f1ol en la categor\u00eda reina de motociclismo con \u00c1lex Crivill\u00e9, estuvimos en las victorias de Pedrosa y los t\u00edtulos de M\u00e1rquez, acompa\u00f1amos en \u00c1frica a Nani Roma y Marc Coma en sus conquistas del Dakar y hemos vibrado con los t\u00edtulos de Toni Bou en Trial. Adem\u00e1s, en nuestro equipo contamos con expertos en el mundo de las dos y cuatro ruedas tanto de la calle y las carreteras, como de los circuitos. Periodistas que han trabajado en revistas y publicaciones para hacerte llegar desde rutas y consejos de mantenimiento, a curiosidades y trucos de pilotaje.","sameAs":["https:\/\/www.facebook.com\/BoxRepsol\/","https:\/\/www.instagram.com\/box_repsol\/","https:\/\/x.com\/https:\/\/twitter.com\/box_repsol","https:\/\/www.youtube.com\/@Boxrepsol"],"url":"https:\/\/www.boxrepsol.com\/es\/author\/redaccion-box-repsol\/"}]}},"_links":{"self":[{"href":"https:\/\/www.boxrepsol.com\/es\/wp-json\/wp\/v2\/posts\/89744","targetHints":{"allow":["GET"]}}],"collection":[{"href":"https:\/\/www.boxrepsol.com\/es\/wp-json\/wp\/v2\/posts"}],"about":[{"href":"https:\/\/www.boxrepsol.com\/es\/wp-json\/wp\/v2\/types\/post"}],"author":[{"embeddable":true,"href":"https:\/\/www.boxrepsol.com\/es\/wp-json\/wp\/v2\/users\/43146"}],"replies":[{"embeddable":true,"href":"https:\/\/www.boxrepsol.com\/es\/wp-json\/wp\/v2\/comments?post=89744"}],"version-history":[{"count":1,"href":"https:\/\/www.boxrepsol.com\/es\/wp-json\/wp\/v2\/posts\/89744\/revisions"}],"predecessor-version":[{"id":89745,"href":"https:\/\/www.boxrepsol.com\/es\/wp-json\/wp\/v2\/posts\/89744\/revisions\/89745"}],"wp:featuredmedia":[{"embeddable":true,"href":"https:\/\/www.boxrepsol.com\/es\/wp-json\/wp\/v2\/media\/85514"}],"wp:attachment":[{"href":"https:\/\/www.boxrepsol.com\/es\/wp-json\/wp\/v2\/media?parent=89744"}],"wp:term":[{"taxonomy":"category","embeddable":true,"href":"https:\/\/www.boxrepsol.com\/es\/wp-json\/wp\/v2\/categories?post=89744"},{"taxonomy":"post_tag","embeddable":true,"href":"https:\/\/www.boxrepsol.com\/es\/wp-json\/wp\/v2\/tags?post=89744"}],"curies":[{"name":"wp","href":"https:\/\/api.w.org\/{rel}","templated":true}]}}