{"id":89742,"date":"2016-04-26T00:00:00","date_gmt":"2016-04-26T02:00:00","guid":{"rendered":"http:\/\/pre.boxrepsol.com\/sin-categorizar\/productivo-dia-de-pruebas-para-el-equipo-repsol-honda\/"},"modified":"2024-05-07T06:44:25","modified_gmt":"2024-05-07T08:44:25","slug":"productivo-dia-de-pruebas-para-el-equipo-repsol-honda","status":"publish","type":"post","link":"https:\/\/www.boxrepsol.com\/es\/motogp\/productivo-dia-de-pruebas-para-el-equipo-repsol-honda\/","title":{"rendered":"Productivo d\u00eda de pruebas para el Equipo Repsol Honda"},"content":{"rendered":"<blockquote>\n<p>Los pilotos del #EquipoRepsol han trabajado en un intenso programa de pruebas en #Jerez #test <\/p>\n<p>            <a href=\"http:\/\/twitter.com\/share?text=Los+pilotos+del+%23EquipoRepsol+han+trabajado+en+un+intenso+programa+de+pruebas+en+%23Jerez+%23test+&#038;url=http%3A%2F%2F34.249.211.158%2Fes%2Fmotogp%2Fproductivo-dia-de-pruebas-para-el-equipo-repsol-honda%2F&#038;hashtags=\" target=\"_blank\" rel=\"noopener\"><br \/>\n            twittear        <\/a>\n        <\/p><\/blockquote>\n<p>El l\u00edder del Mundial de MotoGP, Marc M\u00e1rquez, y su compa\u00f1ero en el Equipo Repsol Honda, Dani Pedrosa, <strong>han regresado a la pista que ayer acogi\u00f3 la cuarta carrera del a\u00f1o<\/strong>. Han completado un positivo d\u00eda de pruebas aprovechando el sol y las buenas condiciones meteorol\u00f3gicas que les han recibido con temperaturas que han alcanzado los 27\u00baC y el asfalto los 42\u00baC.<\/p>\n<p>Los pilotos del Equipo Repsol Honda <strong>han trabajado en un intenso programa de pruebas de HRC que ha incluido un nuevo basculante y un carenado con nuevos alerones<\/strong>. Adem\u00e1s, han podido evaluar tres nuevos compuestos para el neum\u00e1tico delantero.<\/p>\n<p>A pesar de una peque\u00f1a ca\u00edda sin consecuencias en la curva 2 de su \u00faltima salida a pista, <strong>M\u00e1rquez ha sido el m\u00e1s r\u00e1pido<\/strong> del d\u00eda con un registro 1 minuto, 39 segundos y 313 mil\u00e9simas en la vuelta 11 de las 91 que ha realizado. En el otro lado del box, Dani Pedrosa ha terminado quinto, parando el cron\u00f3metro en 1 minuto, 39 segundos y 646 mil\u00e9simas en el giro 65 de los 76 que ha realizado.<\/p>\n<p>\t\t\t\t<img decoding=\"async\" src=\"https:\/\/bxrepsol.s3.eu-west-1.amazonaws.com\/static\/2022\/08\/29044200\/26-dani-pedrosa-repsol-honda-2-scaled.jpg\" alt=\"Dani Pedrosa\" itemprop=\"image\"  \/><\/p>\n<h3><strong>Marc M\u00e1rquez<\/strong><\/h3>\n<p><em>\u00abTerminamos satisfechos el d\u00eda de hoy, porque hemos hecho muchas pruebas distintas. No s\u00f3lo hemos probado unos alerones y un basculante nuevos, sino que hemos hecho muchas vueltas para entender o descartar diferentes configuraciones y lo hemos conseguido. Lo m\u00e1s llamativo para la gente ha sido la prueba de hasta tres alerones distintos. La verdad es que en el apartado aerodin\u00e1mico hab\u00eda mucho potencial por descubrir y una vez abierto, podemos trabajar mucho en este aspecto porque parece que no tiene l\u00edmite. Tambi\u00e9n hemos probado tres neum\u00e1ticos delanteros diferentes, aunque el que utilizamos este fin de semana ya funcionaba muy bien\u00bb.<\/em><\/p>\n<h3><strong>Dani Pedrosa<\/strong><\/h3>\n<p><em>\u00abHoy b\u00e1sicamente hemos intentado mejorar nuestras sensaciones de la carrera de ayer. Ha sido un d\u00eda bastante extra\u00f1o, porque ha hecho un tiempo fant\u00e1stico y el asfalto ofrec\u00eda un agarre muy bueno y en cambio los cronos no han cambiado mucho respecto al Gran Premio. Hemos probado distintas opciones en la suspensi\u00f3n y algunas soluciones que nos permitieran tener m\u00e1s agarre a la salida de las curvas. Tambi\u00e9n hemos trabajado en la entrada de los virajes, para hacer la moto m\u00e1s r\u00e1pida en las curvas r\u00e1pidas y especialmente en la entrada de las lentas. Finalmente hemos probado tres compuestos distintos para el neum\u00e1tico delantero; uno de ellos era claramente mejor que el que tenemos actualmente y eso es positivo\u00bb.<\/em><\/p>\n","protected":false},"excerpt":{"rendered":"<p>Marc M\u00e1rquez lidera la jornada de entrenamientos en el Circuito de Jerez, con Dani Pedrosa a tres d\u00e9cimas de su compa\u00f1ero en la quinta posici\u00f3n.<\/p>\n","protected":false},"author":43146,"featured_media":85508,"comment_status":"open","ping_status":"open","sticky":false,"template":"","format":"standard","meta":{"footnotes":""},"categories":[4],"tags":[50],"class_list":["post-89742","post","type-post","status-publish","format-standard","hentry","category-motogp","tag-equipo-repsol-honda"],"yoast_head":"<!-- This site is optimized with the Yoast SEO plugin v27.3 - https:\/\/yoast.com\/product\/yoast-seo-wordpress\/ -->\n<title>Productivo d\u00eda de pruebas para el Equipo Repsol Honda - Box Repsol<\/title>\n<meta name=\"description\" content=\"Marc M\u00e1rquez lidera la jornada de entrenamientos en el Circuito de Jerez, con Dani Pedrosa a tres d\u00e9cimas de su compa\u00f1ero en la quinta posici\u00f3n.\" \/>\n<link rel=\"canonical\" href=\"https:\/\/www.boxrepsol.com\/es\/motogp\/productivo-dia-de-pruebas-para-el-equipo-repsol-honda\/\" \/>\n<meta property=\"og:locale\" content=\"es_ES\" \/>\n<meta property=\"og:type\" content=\"article\" \/>\n<meta property=\"og:title\" content=\"Productivo d\u00eda de pruebas para el Equipo Repsol Honda - Box Repsol\" \/>\n<meta property=\"og:description\" content=\"Marc M\u00e1rquez lidera la jornada de entrenamientos en el Circuito de Jerez, con Dani Pedrosa a tres d\u00e9cimas de su compa\u00f1ero en la quinta posici\u00f3n.\" \/>\n<meta property=\"og:url\" content=\"https:\/\/www.boxrepsol.com\/es\/motogp\/productivo-dia-de-pruebas-para-el-equipo-repsol-honda\/\" \/>\n<meta property=\"og:site_name\" content=\"Box Repsol\" \/>\n<meta property=\"article:publisher\" content=\"https:\/\/www.facebook.com\/BoxRepsol\" \/>\n<meta property=\"article:author\" content=\"https:\/\/www.facebook.com\/BoxRepsol\/\" \/>\n<meta property=\"article:published_time\" content=\"2016-04-26T02:00:00+00:00\" \/>\n<meta property=\"article:modified_time\" content=\"2024-05-07T08:44:25+00:00\" \/>\n<meta property=\"og:image\" content=\"https:\/\/www.boxrepsol.com\/wp-content\/uploads\/2022\/08\/24-marc-marquez-dani-pedrosa-repsol-honda-motogp-26-93.jpg\" \/>\n\t<meta property=\"og:image:width\" content=\"1024\" \/>\n\t<meta property=\"og:image:height\" content=\"429\" \/>\n\t<meta property=\"og:image:type\" content=\"image\/jpeg\" \/>\n<meta name=\"author\" content=\"Redacci\u00f3n Box Repsol\" \/>\n<meta name=\"twitter:card\" content=\"summary_large_image\" \/>\n<meta name=\"twitter:creator\" content=\"@https:\/\/twitter.com\/box_repsol\" \/>\n<meta name=\"twitter:site\" content=\"@box_repsol\" \/>\n<meta name=\"twitter:label1\" content=\"Written by\" \/>\n\t<meta name=\"twitter:data1\" content=\"Redacci\u00f3n Box Repsol\" \/>\n\t<meta name=\"twitter:label2\" content=\"Est. reading time\" \/>\n\t<meta name=\"twitter:data2\" content=\"2 minutos\" \/>\n<script type=\"application\/ld+json\" class=\"yoast-schema-graph\">{\"@context\":\"https:\\\/\\\/schema.org\",\"@graph\":[{\"@type\":\"Article\",\"@id\":\"https:\\\/\\\/www.boxrepsol.com\\\/es\\\/motogp\\\/productivo-dia-de-pruebas-para-el-equipo-repsol-honda\\\/#article\",\"isPartOf\":{\"@id\":\"https:\\\/\\\/www.boxrepsol.com\\\/es\\\/motogp\\\/productivo-dia-de-pruebas-para-el-equipo-repsol-honda\\\/\"},\"author\":{\"name\":\"Redacci\u00f3n Box Repsol\",\"@id\":\"https:\\\/\\\/www.boxrepsol.com\\\/es\\\/#\\\/schema\\\/person\\\/c5c2138f2cca251b0ad92b7086bb60b7\"},\"headline\":\"Productivo d\u00eda de pruebas para el Equipo Repsol Honda\",\"datePublished\":\"2016-04-26T02:00:00+00:00\",\"dateModified\":\"2024-05-07T08:44:25+00:00\",\"mainEntityOfPage\":{\"@id\":\"https:\\\/\\\/www.boxrepsol.com\\\/es\\\/motogp\\\/productivo-dia-de-pruebas-para-el-equipo-repsol-honda\\\/\"},\"wordCount\":456,\"commentCount\":0,\"publisher\":{\"@id\":\"https:\\\/\\\/www.boxrepsol.com\\\/es\\\/#organization\"},\"image\":{\"@id\":\"https:\\\/\\\/www.boxrepsol.com\\\/es\\\/motogp\\\/productivo-dia-de-pruebas-para-el-equipo-repsol-honda\\\/#primaryimage\"},\"thumbnailUrl\":\"https:\\\/\\\/www.boxrepsol.com\\\/wp-content\\\/uploads\\\/2022\\\/08\\\/24-marc-marquez-dani-pedrosa-repsol-honda-motogp-26-93.jpg\",\"keywords\":[\"Equipo Repsol Honda\"],\"articleSection\":[\"MotoGP\"],\"inLanguage\":\"es\",\"potentialAction\":[{\"@type\":\"CommentAction\",\"name\":\"Comment\",\"target\":[\"https:\\\/\\\/www.boxrepsol.com\\\/es\\\/motogp\\\/productivo-dia-de-pruebas-para-el-equipo-repsol-honda\\\/#respond\"]}]},{\"@type\":\"WebPage\",\"@id\":\"https:\\\/\\\/www.boxrepsol.com\\\/es\\\/motogp\\\/productivo-dia-de-pruebas-para-el-equipo-repsol-honda\\\/\",\"url\":\"https:\\\/\\\/www.boxrepsol.com\\\/es\\\/motogp\\\/productivo-dia-de-pruebas-para-el-equipo-repsol-honda\\\/\",\"name\":\"Productivo d\u00eda de pruebas para el Equipo Repsol Honda - Box Repsol\",\"isPartOf\":{\"@id\":\"https:\\\/\\\/www.boxrepsol.com\\\/es\\\/#website\"},\"primaryImageOfPage\":{\"@id\":\"https:\\\/\\\/www.boxrepsol.com\\\/es\\\/motogp\\\/productivo-dia-de-pruebas-para-el-equipo-repsol-honda\\\/#primaryimage\"},\"image\":{\"@id\":\"https:\\\/\\\/www.boxrepsol.com\\\/es\\\/motogp\\\/productivo-dia-de-pruebas-para-el-equipo-repsol-honda\\\/#primaryimage\"},\"thumbnailUrl\":\"https:\\\/\\\/www.boxrepsol.com\\\/wp-content\\\/uploads\\\/2022\\\/08\\\/24-marc-marquez-dani-pedrosa-repsol-honda-motogp-26-93.jpg\",\"datePublished\":\"2016-04-26T02:00:00+00:00\",\"dateModified\":\"2024-05-07T08:44:25+00:00\",\"description\":\"Marc M\u00e1rquez lidera la jornada de entrenamientos en el Circuito de Jerez, con Dani Pedrosa a tres d\u00e9cimas de su compa\u00f1ero en la quinta posici\u00f3n.\",\"breadcrumb\":{\"@id\":\"https:\\\/\\\/www.boxrepsol.com\\\/es\\\/motogp\\\/productivo-dia-de-pruebas-para-el-equipo-repsol-honda\\\/#breadcrumb\"},\"inLanguage\":\"es\",\"potentialAction\":[{\"@type\":\"ReadAction\",\"target\":[\"https:\\\/\\\/www.boxrepsol.com\\\/es\\\/motogp\\\/productivo-dia-de-pruebas-para-el-equipo-repsol-honda\\\/\"]}]},{\"@type\":\"ImageObject\",\"inLanguage\":\"es\",\"@id\":\"https:\\\/\\\/www.boxrepsol.com\\\/es\\\/motogp\\\/productivo-dia-de-pruebas-para-el-equipo-repsol-honda\\\/#primaryimage\",\"url\":\"https:\\\/\\\/www.boxrepsol.com\\\/wp-content\\\/uploads\\\/2022\\\/08\\\/24-marc-marquez-dani-pedrosa-repsol-honda-motogp-26-93.jpg\",\"contentUrl\":\"https:\\\/\\\/www.boxrepsol.com\\\/wp-content\\\/uploads\\\/2022\\\/08\\\/24-marc-marquez-dani-pedrosa-repsol-honda-motogp-26-93.jpg\",\"width\":1024,\"height\":429,\"caption\":\"Marc M\u00e1rquez y Dani Pedrosa\"},{\"@type\":\"BreadcrumbList\",\"@id\":\"https:\\\/\\\/www.boxrepsol.com\\\/es\\\/motogp\\\/productivo-dia-de-pruebas-para-el-equipo-repsol-honda\\\/#breadcrumb\",\"itemListElement\":[{\"@type\":\"ListItem\",\"position\":1,\"name\":\"Home\",\"item\":\"https:\\\/\\\/www.boxrepsol.com\\\/es\\\/\"},{\"@type\":\"ListItem\",\"position\":2,\"name\":\"Productivo d\u00eda de pruebas para el Equipo Repsol Honda\"}]},{\"@type\":\"WebSite\",\"@id\":\"https:\\\/\\\/www.boxrepsol.com\\\/es\\\/#website\",\"url\":\"https:\\\/\\\/www.boxrepsol.com\\\/es\\\/\",\"name\":\"Box Repsol\",\"description\":\"Box Repsol Site\",\"publisher\":{\"@id\":\"https:\\\/\\\/www.boxrepsol.com\\\/es\\\/#organization\"},\"potentialAction\":[{\"@type\":\"SearchAction\",\"target\":{\"@type\":\"EntryPoint\",\"urlTemplate\":\"https:\\\/\\\/www.boxrepsol.com\\\/es\\\/?s={search_term_string}\"},\"query-input\":{\"@type\":\"PropertyValueSpecification\",\"valueRequired\":true,\"valueName\":\"search_term_string\"}}],\"inLanguage\":\"es\"},{\"@type\":\"Organization\",\"@id\":\"https:\\\/\\\/www.boxrepsol.com\\\/es\\\/#organization\",\"name\":\"Box Repsol\",\"url\":\"https:\\\/\\\/www.boxrepsol.com\\\/es\\\/\",\"logo\":{\"@type\":\"ImageObject\",\"inLanguage\":\"es\",\"@id\":\"https:\\\/\\\/www.boxrepsol.com\\\/es\\\/#\\\/schema\\\/logo\\\/image\\\/\",\"url\":\"https:\\\/\\\/bxrepsol.s3.eu-west-1.amazonaws.com\\\/static\\\/2025\\\/07\\\/30083337\\\/favicon-96x96-1.png\",\"contentUrl\":\"https:\\\/\\\/bxrepsol.s3.eu-west-1.amazonaws.com\\\/static\\\/2025\\\/07\\\/30083337\\\/favicon-96x96-1.png\",\"width\":96,\"height\":96,\"caption\":\"Box Repsol\"},\"image\":{\"@id\":\"https:\\\/\\\/www.boxrepsol.com\\\/es\\\/#\\\/schema\\\/logo\\\/image\\\/\"},\"sameAs\":[\"https:\\\/\\\/www.facebook.com\\\/BoxRepsol\",\"https:\\\/\\\/x.com\\\/box_repsol\",\"http:\\\/\\\/instagram.com\\\/box_repsol\",\"https:\\\/\\\/www.youtube.com\\\/user\\\/RepsolCompeticion\",\"https:\\\/\\\/www.flickr.com\\\/photos\\\/box_repsol\\\/\"]},{\"@type\":\"Person\",\"@id\":\"https:\\\/\\\/www.boxrepsol.com\\\/es\\\/#\\\/schema\\\/person\\\/c5c2138f2cca251b0ad92b7086bb60b7\",\"name\":\"Redacci\u00f3n Box Repsol\",\"image\":{\"@type\":\"ImageObject\",\"inLanguage\":\"es\",\"@id\":\"https:\\\/\\\/secure.gravatar.com\\\/avatar\\\/adf7b77e38b4419baf32c7e9c21dde01f4e40df611f0978e3006fc4ba0aaab7e?s=96&d=mm&r=g\",\"url\":\"https:\\\/\\\/secure.gravatar.com\\\/avatar\\\/adf7b77e38b4419baf32c7e9c21dde01f4e40df611f0978e3006fc4ba0aaab7e?s=96&d=mm&r=g\",\"contentUrl\":\"https:\\\/\\\/secure.gravatar.com\\\/avatar\\\/adf7b77e38b4419baf32c7e9c21dde01f4e40df611f0978e3006fc4ba0aaab7e?s=96&d=mm&r=g\",\"caption\":\"Redacci\u00f3n Box Repsol\"},\"description\":\"Box Repsol lo forma un equipo de periodistas, community managers, dise\u00f1adores y fot\u00f3grafos con m\u00e1s de 20 a\u00f1os de experiencia en el mundo del motorsport. Hemos vivido el primer mundial de un espa\u00f1ol en la categor\u00eda reina de motociclismo con \u00c1lex Crivill\u00e9, estuvimos en las victorias de Pedrosa y los t\u00edtulos de M\u00e1rquez, acompa\u00f1amos en \u00c1frica a Nani Roma y Marc Coma en sus conquistas del Dakar y hemos vibrado con los t\u00edtulos de Toni Bou en Trial. Adem\u00e1s, en nuestro equipo contamos con expertos en el mundo de las dos y cuatro ruedas tanto de la calle y las carreteras, como de los circuitos. Periodistas que han trabajado en revistas y publicaciones para hacerte llegar desde rutas y consejos de mantenimiento, a curiosidades y trucos de pilotaje.\",\"sameAs\":[\"https:\\\/\\\/www.facebook.com\\\/BoxRepsol\\\/\",\"https:\\\/\\\/www.instagram.com\\\/box_repsol\\\/\",\"https:\\\/\\\/x.com\\\/https:\\\/\\\/twitter.com\\\/box_repsol\",\"https:\\\/\\\/www.youtube.com\\\/@Boxrepsol\"],\"url\":\"https:\\\/\\\/www.boxrepsol.com\\\/es\\\/author\\\/redaccion-box-repsol\\\/\"}]}<\/script>\n<!-- \/ Yoast SEO plugin. -->","yoast_head_json":{"title":"Productivo d\u00eda de pruebas para el Equipo Repsol Honda - Box Repsol","description":"Marc M\u00e1rquez lidera la jornada de entrenamientos en el Circuito de Jerez, con Dani Pedrosa a tres d\u00e9cimas de su compa\u00f1ero en la quinta posici\u00f3n.","canonical":"https:\/\/www.boxrepsol.com\/es\/motogp\/productivo-dia-de-pruebas-para-el-equipo-repsol-honda\/","og_locale":"es_ES","og_type":"article","og_title":"Productivo d\u00eda de pruebas para el Equipo Repsol Honda - Box Repsol","og_description":"Marc M\u00e1rquez lidera la jornada de entrenamientos en el Circuito de Jerez, con Dani Pedrosa a tres d\u00e9cimas de su compa\u00f1ero en la quinta posici\u00f3n.","og_url":"https:\/\/www.boxrepsol.com\/es\/motogp\/productivo-dia-de-pruebas-para-el-equipo-repsol-honda\/","og_site_name":"Box Repsol","article_publisher":"https:\/\/www.facebook.com\/BoxRepsol","article_author":"https:\/\/www.facebook.com\/BoxRepsol\/","article_published_time":"2016-04-26T02:00:00+00:00","article_modified_time":"2024-05-07T08:44:25+00:00","og_image":[{"width":1024,"height":429,"url":"https:\/\/www.boxrepsol.com\/wp-content\/uploads\/2022\/08\/24-marc-marquez-dani-pedrosa-repsol-honda-motogp-26-93.jpg","type":"image\/jpeg"}],"author":"Redacci\u00f3n Box Repsol","twitter_card":"summary_large_image","twitter_creator":"@https:\/\/twitter.com\/box_repsol","twitter_site":"@box_repsol","twitter_misc":{"Written by":"Redacci\u00f3n Box Repsol","Est. reading time":"2 minutos"},"schema":{"@context":"https:\/\/schema.org","@graph":[{"@type":"Article","@id":"https:\/\/www.boxrepsol.com\/es\/motogp\/productivo-dia-de-pruebas-para-el-equipo-repsol-honda\/#article","isPartOf":{"@id":"https:\/\/www.boxrepsol.com\/es\/motogp\/productivo-dia-de-pruebas-para-el-equipo-repsol-honda\/"},"author":{"name":"Redacci\u00f3n Box Repsol","@id":"https:\/\/www.boxrepsol.com\/es\/#\/schema\/person\/c5c2138f2cca251b0ad92b7086bb60b7"},"headline":"Productivo d\u00eda de pruebas para el Equipo Repsol Honda","datePublished":"2016-04-26T02:00:00+00:00","dateModified":"2024-05-07T08:44:25+00:00","mainEntityOfPage":{"@id":"https:\/\/www.boxrepsol.com\/es\/motogp\/productivo-dia-de-pruebas-para-el-equipo-repsol-honda\/"},"wordCount":456,"commentCount":0,"publisher":{"@id":"https:\/\/www.boxrepsol.com\/es\/#organization"},"image":{"@id":"https:\/\/www.boxrepsol.com\/es\/motogp\/productivo-dia-de-pruebas-para-el-equipo-repsol-honda\/#primaryimage"},"thumbnailUrl":"https:\/\/www.boxrepsol.com\/wp-content\/uploads\/2022\/08\/24-marc-marquez-dani-pedrosa-repsol-honda-motogp-26-93.jpg","keywords":["Equipo Repsol Honda"],"articleSection":["MotoGP"],"inLanguage":"es","potentialAction":[{"@type":"CommentAction","name":"Comment","target":["https:\/\/www.boxrepsol.com\/es\/motogp\/productivo-dia-de-pruebas-para-el-equipo-repsol-honda\/#respond"]}]},{"@type":"WebPage","@id":"https:\/\/www.boxrepsol.com\/es\/motogp\/productivo-dia-de-pruebas-para-el-equipo-repsol-honda\/","url":"https:\/\/www.boxrepsol.com\/es\/motogp\/productivo-dia-de-pruebas-para-el-equipo-repsol-honda\/","name":"Productivo d\u00eda de pruebas para el Equipo Repsol Honda - Box Repsol","isPartOf":{"@id":"https:\/\/www.boxrepsol.com\/es\/#website"},"primaryImageOfPage":{"@id":"https:\/\/www.boxrepsol.com\/es\/motogp\/productivo-dia-de-pruebas-para-el-equipo-repsol-honda\/#primaryimage"},"image":{"@id":"https:\/\/www.boxrepsol.com\/es\/motogp\/productivo-dia-de-pruebas-para-el-equipo-repsol-honda\/#primaryimage"},"thumbnailUrl":"https:\/\/www.boxrepsol.com\/wp-content\/uploads\/2022\/08\/24-marc-marquez-dani-pedrosa-repsol-honda-motogp-26-93.jpg","datePublished":"2016-04-26T02:00:00+00:00","dateModified":"2024-05-07T08:44:25+00:00","description":"Marc M\u00e1rquez lidera la jornada de entrenamientos en el Circuito de Jerez, con Dani Pedrosa a tres d\u00e9cimas de su compa\u00f1ero en la quinta posici\u00f3n.","breadcrumb":{"@id":"https:\/\/www.boxrepsol.com\/es\/motogp\/productivo-dia-de-pruebas-para-el-equipo-repsol-honda\/#breadcrumb"},"inLanguage":"es","potentialAction":[{"@type":"ReadAction","target":["https:\/\/www.boxrepsol.com\/es\/motogp\/productivo-dia-de-pruebas-para-el-equipo-repsol-honda\/"]}]},{"@type":"ImageObject","inLanguage":"es","@id":"https:\/\/www.boxrepsol.com\/es\/motogp\/productivo-dia-de-pruebas-para-el-equipo-repsol-honda\/#primaryimage","url":"https:\/\/www.boxrepsol.com\/wp-content\/uploads\/2022\/08\/24-marc-marquez-dani-pedrosa-repsol-honda-motogp-26-93.jpg","contentUrl":"https:\/\/www.boxrepsol.com\/wp-content\/uploads\/2022\/08\/24-marc-marquez-dani-pedrosa-repsol-honda-motogp-26-93.jpg","width":1024,"height":429,"caption":"Marc M\u00e1rquez y Dani Pedrosa"},{"@type":"BreadcrumbList","@id":"https:\/\/www.boxrepsol.com\/es\/motogp\/productivo-dia-de-pruebas-para-el-equipo-repsol-honda\/#breadcrumb","itemListElement":[{"@type":"ListItem","position":1,"name":"Home","item":"https:\/\/www.boxrepsol.com\/es\/"},{"@type":"ListItem","position":2,"name":"Productivo d\u00eda de pruebas para el Equipo Repsol Honda"}]},{"@type":"WebSite","@id":"https:\/\/www.boxrepsol.com\/es\/#website","url":"https:\/\/www.boxrepsol.com\/es\/","name":"Box Repsol","description":"Box Repsol Site","publisher":{"@id":"https:\/\/www.boxrepsol.com\/es\/#organization"},"potentialAction":[{"@type":"SearchAction","target":{"@type":"EntryPoint","urlTemplate":"https:\/\/www.boxrepsol.com\/es\/?s={search_term_string}"},"query-input":{"@type":"PropertyValueSpecification","valueRequired":true,"valueName":"search_term_string"}}],"inLanguage":"es"},{"@type":"Organization","@id":"https:\/\/www.boxrepsol.com\/es\/#organization","name":"Box Repsol","url":"https:\/\/www.boxrepsol.com\/es\/","logo":{"@type":"ImageObject","inLanguage":"es","@id":"https:\/\/www.boxrepsol.com\/es\/#\/schema\/logo\/image\/","url":"https:\/\/bxrepsol.s3.eu-west-1.amazonaws.com\/static\/2025\/07\/30083337\/favicon-96x96-1.png","contentUrl":"https:\/\/bxrepsol.s3.eu-west-1.amazonaws.com\/static\/2025\/07\/30083337\/favicon-96x96-1.png","width":96,"height":96,"caption":"Box Repsol"},"image":{"@id":"https:\/\/www.boxrepsol.com\/es\/#\/schema\/logo\/image\/"},"sameAs":["https:\/\/www.facebook.com\/BoxRepsol","https:\/\/x.com\/box_repsol","http:\/\/instagram.com\/box_repsol","https:\/\/www.youtube.com\/user\/RepsolCompeticion","https:\/\/www.flickr.com\/photos\/box_repsol\/"]},{"@type":"Person","@id":"https:\/\/www.boxrepsol.com\/es\/#\/schema\/person\/c5c2138f2cca251b0ad92b7086bb60b7","name":"Redacci\u00f3n Box Repsol","image":{"@type":"ImageObject","inLanguage":"es","@id":"https:\/\/secure.gravatar.com\/avatar\/adf7b77e38b4419baf32c7e9c21dde01f4e40df611f0978e3006fc4ba0aaab7e?s=96&d=mm&r=g","url":"https:\/\/secure.gravatar.com\/avatar\/adf7b77e38b4419baf32c7e9c21dde01f4e40df611f0978e3006fc4ba0aaab7e?s=96&d=mm&r=g","contentUrl":"https:\/\/secure.gravatar.com\/avatar\/adf7b77e38b4419baf32c7e9c21dde01f4e40df611f0978e3006fc4ba0aaab7e?s=96&d=mm&r=g","caption":"Redacci\u00f3n Box Repsol"},"description":"Box Repsol lo forma un equipo de periodistas, community managers, dise\u00f1adores y fot\u00f3grafos con m\u00e1s de 20 a\u00f1os de experiencia en el mundo del motorsport. Hemos vivido el primer mundial de un espa\u00f1ol en la categor\u00eda reina de motociclismo con \u00c1lex Crivill\u00e9, estuvimos en las victorias de Pedrosa y los t\u00edtulos de M\u00e1rquez, acompa\u00f1amos en \u00c1frica a Nani Roma y Marc Coma en sus conquistas del Dakar y hemos vibrado con los t\u00edtulos de Toni Bou en Trial. Adem\u00e1s, en nuestro equipo contamos con expertos en el mundo de las dos y cuatro ruedas tanto de la calle y las carreteras, como de los circuitos. Periodistas que han trabajado en revistas y publicaciones para hacerte llegar desde rutas y consejos de mantenimiento, a curiosidades y trucos de pilotaje.","sameAs":["https:\/\/www.facebook.com\/BoxRepsol\/","https:\/\/www.instagram.com\/box_repsol\/","https:\/\/x.com\/https:\/\/twitter.com\/box_repsol","https:\/\/www.youtube.com\/@Boxrepsol"],"url":"https:\/\/www.boxrepsol.com\/es\/author\/redaccion-box-repsol\/"}]}},"_links":{"self":[{"href":"https:\/\/www.boxrepsol.com\/es\/wp-json\/wp\/v2\/posts\/89742","targetHints":{"allow":["GET"]}}],"collection":[{"href":"https:\/\/www.boxrepsol.com\/es\/wp-json\/wp\/v2\/posts"}],"about":[{"href":"https:\/\/www.boxrepsol.com\/es\/wp-json\/wp\/v2\/types\/post"}],"author":[{"embeddable":true,"href":"https:\/\/www.boxrepsol.com\/es\/wp-json\/wp\/v2\/users\/43146"}],"replies":[{"embeddable":true,"href":"https:\/\/www.boxrepsol.com\/es\/wp-json\/wp\/v2\/comments?post=89742"}],"version-history":[{"count":1,"href":"https:\/\/www.boxrepsol.com\/es\/wp-json\/wp\/v2\/posts\/89742\/revisions"}],"predecessor-version":[{"id":89743,"href":"https:\/\/www.boxrepsol.com\/es\/wp-json\/wp\/v2\/posts\/89742\/revisions\/89743"}],"wp:featuredmedia":[{"embeddable":true,"href":"https:\/\/www.boxrepsol.com\/es\/wp-json\/wp\/v2\/media\/85508"}],"wp:attachment":[{"href":"https:\/\/www.boxrepsol.com\/es\/wp-json\/wp\/v2\/media?parent=89742"}],"wp:term":[{"taxonomy":"category","embeddable":true,"href":"https:\/\/www.boxrepsol.com\/es\/wp-json\/wp\/v2\/categories?post=89742"},{"taxonomy":"post_tag","embeddable":true,"href":"https:\/\/www.boxrepsol.com\/es\/wp-json\/wp\/v2\/tags?post=89742"}],"curies":[{"name":"wp","href":"https:\/\/api.w.org\/{rel}","templated":true}]}}