{"id":89740,"date":"2016-05-03T00:00:00","date_gmt":"2016-05-03T02:00:00","guid":{"rendered":"http:\/\/pre.boxrepsol.com\/sin-categorizar\/marquez-y-pedrosa-listos-para-seguir-avanzando-en-francia\/"},"modified":"2024-05-07T06:43:42","modified_gmt":"2024-05-07T08:43:42","slug":"marquez-y-pedrosa-listos-para-seguir-avanzando-en-francia","status":"publish","type":"post","link":"https:\/\/www.boxrepsol.com\/es\/motogp\/marquez-y-pedrosa-listos-para-seguir-avanzando-en-francia\/","title":{"rendered":"M\u00e1rquez y Pedrosa, listos para seguir avanzando en Francia"},"content":{"rendered":"<blockquote>\n<p>\u00b7@marcmarquez93 ha conseguido tres poles en sus tres visitas en MotoGP a Le Mans. <\/p>\n<p>            <a href=\"http:\/\/twitter.com\/share?text=%C2%B7%40marcmarquez93+ha+conseguido+tres+poles+en+sus+tres+visitas+en+MotoGP+a+Le+Mans.+&#038;url=http%3A%2F%2F34.249.211.158%2Fes%2Fmotogp%2Fmarquez-y-pedrosa-listos-para-seguir-avanzando-en-francia%2F&#038;hashtags=\" target=\"_blank\" rel=\"noopener\"><br \/>\n            twittear        <\/a>\n        <\/p><\/blockquote>\n<p>Despu\u00e9s de dejar el Circuito de Jerez con buenas sensaciones, donde los pilotos del equipo Repsol Honda completaron un positivo entrenamiento el lunes pasado, M\u00e1rquez y Pedrosa volver\u00e1n a la acci\u00f3n este fin de semana en el hist\u00f3rico circuito de Le Mans, en el que ambos saben lo que es lograr la victoria. Marc M\u00e1rquez llega a la cita gala liderando la clasificaci\u00f3n general gracias a sus dos victorias y sus dos terceras posiciones en las cuatro primeras pruebas. Dani Pedrosa, cuarto clasificado del Mundial, regresa a un circuito en el que ha conseguido la victoria en las tres categor\u00edas del Campeonato del Mundo (2003 en 125cc, 2004 y 2005 en 250cc y 2013 en MotoGP).<\/p>\n<p>\t\t\t\t<img decoding=\"async\" src=\"https:\/\/bxrepsol.s3.eu-west-1.amazonaws.com\/static\/2022\/08\/29044146\/25-marc-marquez-93-repsol-honda-rc213v-scaled.jpg\" alt=\"Marc M\u00e1rquez en acci\u00f3n\" itemprop=\"image\"  \/><\/p>\n<h3><strong>Marc M\u00e1rquez<br \/>\n<\/strong><\/h3>\n<p><em>\u00abMe gusta el circuito de Le Mans, aunque habr\u00e1 que estar preparados porque tiene muchas variables. Para empezar, el clima: nunca sabes qu\u00e9 tiempo har\u00e1 all\u00ed. El a\u00f1o pasado la temperatura subi\u00f3 mucho el domingo y sufrimos con el agarre delantero durante la carrera. A veces tambi\u00e9n ha llovido. Adem\u00e1s, el circuito es de \u2018stop and go\u2019, con muchas curvas lentas donde la frenada y la aceleraci\u00f3n son cruciales. Veremos si nos encontramos en una situaci\u00f3n similar a Austin, donde la aceleraci\u00f3n en las curvas lentas fue mucho mejor de lo esperado, o si tendremos que encarar un mayor reto. Durante el \u00faltimo test de Jerez trabajamos en la electr\u00f3nica, la configuraci\u00f3n del chasis para conseguir m\u00e1s agarre y tambi\u00e9n en el equilibrio de la moto, para evitar que se levante la rueda delantera en las aceleraciones. Creo que hemos recopilado informaci\u00f3n \u00fatil para Le Mans. Viendo lo mucho que hemos avanzado desde el invierno y c\u00f3mo hemos reaccionado a los problemas, me siento con confianza y estoy deseando que llegue el pr\u00f3ximo fin de semana de carreras\u00bb.<\/em><\/p>\n<h3><strong>Dani Pedrosa\u00a0<\/strong><\/h3>\n<p><em>\u00abDisfruto mucho en el circuito Bugatti de Le Mans, hemos logrado buenos resultados all\u00ed en a\u00f1os anteriores, pero esta temporada hay que tener en cuenta algunos factores. En la \u00faltima carrera no pude abrir del todo el acelerador en las rectas porque el neum\u00e1tico trasero se mov\u00eda demasiado. En Francia van a depender muchas cosas de c\u00f3mo funcione el neum\u00e1tico sobre el asfalto. No acostumbra a ser un circuito con mucho agarre, as\u00ed que tendremos que trabajar en este aspecto para poder seguir adelante. En el test de Jerez intentamos mejorar mis sensaciones sobre la moto, haciendo diferentes pruebas con la suspensi\u00f3n y buscando soluciones para a\u00f1adir m\u00e1s tracci\u00f3n al salir de las curvas y en los giros cerrados. Veremos si podremos aplicar la informaci\u00f3n recopilada en Le Mans. Tambi\u00e9n espero que el clima sea favorable\u00bb.<\/em><\/p>\n","protected":false},"excerpt":{"rendered":"<p>El Gran Premio de Francia es la segunda parada del periplo europeo del Mundial de MotoGP.<\/p>\n","protected":false},"author":43146,"featured_media":85508,"comment_status":"open","ping_status":"open","sticky":false,"template":"","format":"standard","meta":{"footnotes":""},"categories":[4],"tags":[121],"class_list":["post-89740","post","type-post","status-publish","format-standard","hentry","category-motogp","tag-motogp-francia"],"yoast_head":"<!-- This site is optimized with the Yoast SEO plugin v27.3 - https:\/\/yoast.com\/product\/yoast-seo-wordpress\/ -->\n<title>M\u00e1rquez y Pedrosa, listos para seguir avanzando en Francia - Box Repsol<\/title>\n<meta name=\"description\" content=\"El Gran Premio de Francia es la segunda parada del periplo europeo del Mundial de MotoGP.\" \/>\n<link rel=\"canonical\" href=\"https:\/\/www.boxrepsol.com\/es\/motogp\/marquez-y-pedrosa-listos-para-seguir-avanzando-en-francia\/\" \/>\n<meta property=\"og:locale\" content=\"es_ES\" \/>\n<meta property=\"og:type\" content=\"article\" \/>\n<meta property=\"og:title\" content=\"M\u00e1rquez y Pedrosa, listos para seguir avanzando en Francia - Box Repsol\" \/>\n<meta property=\"og:description\" content=\"El Gran Premio de Francia es la segunda parada del periplo europeo del Mundial de MotoGP.\" \/>\n<meta property=\"og:url\" content=\"https:\/\/www.boxrepsol.com\/es\/motogp\/marquez-y-pedrosa-listos-para-seguir-avanzando-en-francia\/\" \/>\n<meta property=\"og:site_name\" content=\"Box Repsol\" \/>\n<meta property=\"article:publisher\" content=\"https:\/\/www.facebook.com\/BoxRepsol\" \/>\n<meta property=\"article:author\" content=\"https:\/\/www.facebook.com\/BoxRepsol\/\" \/>\n<meta property=\"article:published_time\" content=\"2016-05-03T02:00:00+00:00\" \/>\n<meta property=\"article:modified_time\" content=\"2024-05-07T08:43:42+00:00\" \/>\n<meta property=\"og:image\" content=\"https:\/\/www.boxrepsol.com\/wp-content\/uploads\/2022\/08\/24-marc-marquez-dani-pedrosa-repsol-honda-motogp-26-93.jpg\" \/>\n\t<meta property=\"og:image:width\" content=\"1024\" \/>\n\t<meta property=\"og:image:height\" content=\"429\" \/>\n\t<meta property=\"og:image:type\" content=\"image\/jpeg\" \/>\n<meta name=\"author\" content=\"Redacci\u00f3n Box Repsol\" \/>\n<meta name=\"twitter:card\" content=\"summary_large_image\" \/>\n<meta name=\"twitter:creator\" content=\"@https:\/\/twitter.com\/box_repsol\" \/>\n<meta name=\"twitter:site\" content=\"@box_repsol\" \/>\n<meta name=\"twitter:label1\" content=\"Written by\" \/>\n\t<meta name=\"twitter:data1\" content=\"Redacci\u00f3n Box Repsol\" \/>\n\t<meta name=\"twitter:label2\" content=\"Est. reading time\" \/>\n\t<meta name=\"twitter:data2\" content=\"2 minutos\" \/>\n<script type=\"application\/ld+json\" class=\"yoast-schema-graph\">{\"@context\":\"https:\\\/\\\/schema.org\",\"@graph\":[{\"@type\":\"Article\",\"@id\":\"https:\\\/\\\/www.boxrepsol.com\\\/es\\\/motogp\\\/marquez-y-pedrosa-listos-para-seguir-avanzando-en-francia\\\/#article\",\"isPartOf\":{\"@id\":\"https:\\\/\\\/www.boxrepsol.com\\\/es\\\/motogp\\\/marquez-y-pedrosa-listos-para-seguir-avanzando-en-francia\\\/\"},\"author\":{\"name\":\"Redacci\u00f3n Box Repsol\",\"@id\":\"https:\\\/\\\/www.boxrepsol.com\\\/es\\\/#\\\/schema\\\/person\\\/c5c2138f2cca251b0ad92b7086bb60b7\"},\"headline\":\"M\u00e1rquez y Pedrosa, listos para seguir avanzando en Francia\",\"datePublished\":\"2016-05-03T02:00:00+00:00\",\"dateModified\":\"2024-05-07T08:43:42+00:00\",\"mainEntityOfPage\":{\"@id\":\"https:\\\/\\\/www.boxrepsol.com\\\/es\\\/motogp\\\/marquez-y-pedrosa-listos-para-seguir-avanzando-en-francia\\\/\"},\"wordCount\":488,\"commentCount\":0,\"publisher\":{\"@id\":\"https:\\\/\\\/www.boxrepsol.com\\\/es\\\/#organization\"},\"image\":{\"@id\":\"https:\\\/\\\/www.boxrepsol.com\\\/es\\\/motogp\\\/marquez-y-pedrosa-listos-para-seguir-avanzando-en-francia\\\/#primaryimage\"},\"thumbnailUrl\":\"https:\\\/\\\/www.boxrepsol.com\\\/wp-content\\\/uploads\\\/2022\\\/08\\\/24-marc-marquez-dani-pedrosa-repsol-honda-motogp-26-93.jpg\",\"keywords\":[\"MotoGP Francia\"],\"articleSection\":[\"MotoGP\"],\"inLanguage\":\"es\",\"potentialAction\":[{\"@type\":\"CommentAction\",\"name\":\"Comment\",\"target\":[\"https:\\\/\\\/www.boxrepsol.com\\\/es\\\/motogp\\\/marquez-y-pedrosa-listos-para-seguir-avanzando-en-francia\\\/#respond\"]}]},{\"@type\":\"WebPage\",\"@id\":\"https:\\\/\\\/www.boxrepsol.com\\\/es\\\/motogp\\\/marquez-y-pedrosa-listos-para-seguir-avanzando-en-francia\\\/\",\"url\":\"https:\\\/\\\/www.boxrepsol.com\\\/es\\\/motogp\\\/marquez-y-pedrosa-listos-para-seguir-avanzando-en-francia\\\/\",\"name\":\"M\u00e1rquez y Pedrosa, listos para seguir avanzando en Francia - Box Repsol\",\"isPartOf\":{\"@id\":\"https:\\\/\\\/www.boxrepsol.com\\\/es\\\/#website\"},\"primaryImageOfPage\":{\"@id\":\"https:\\\/\\\/www.boxrepsol.com\\\/es\\\/motogp\\\/marquez-y-pedrosa-listos-para-seguir-avanzando-en-francia\\\/#primaryimage\"},\"image\":{\"@id\":\"https:\\\/\\\/www.boxrepsol.com\\\/es\\\/motogp\\\/marquez-y-pedrosa-listos-para-seguir-avanzando-en-francia\\\/#primaryimage\"},\"thumbnailUrl\":\"https:\\\/\\\/www.boxrepsol.com\\\/wp-content\\\/uploads\\\/2022\\\/08\\\/24-marc-marquez-dani-pedrosa-repsol-honda-motogp-26-93.jpg\",\"datePublished\":\"2016-05-03T02:00:00+00:00\",\"dateModified\":\"2024-05-07T08:43:42+00:00\",\"description\":\"El Gran Premio de Francia es la segunda parada del periplo europeo del Mundial de MotoGP.\",\"breadcrumb\":{\"@id\":\"https:\\\/\\\/www.boxrepsol.com\\\/es\\\/motogp\\\/marquez-y-pedrosa-listos-para-seguir-avanzando-en-francia\\\/#breadcrumb\"},\"inLanguage\":\"es\",\"potentialAction\":[{\"@type\":\"ReadAction\",\"target\":[\"https:\\\/\\\/www.boxrepsol.com\\\/es\\\/motogp\\\/marquez-y-pedrosa-listos-para-seguir-avanzando-en-francia\\\/\"]}]},{\"@type\":\"ImageObject\",\"inLanguage\":\"es\",\"@id\":\"https:\\\/\\\/www.boxrepsol.com\\\/es\\\/motogp\\\/marquez-y-pedrosa-listos-para-seguir-avanzando-en-francia\\\/#primaryimage\",\"url\":\"https:\\\/\\\/www.boxrepsol.com\\\/wp-content\\\/uploads\\\/2022\\\/08\\\/24-marc-marquez-dani-pedrosa-repsol-honda-motogp-26-93.jpg\",\"contentUrl\":\"https:\\\/\\\/www.boxrepsol.com\\\/wp-content\\\/uploads\\\/2022\\\/08\\\/24-marc-marquez-dani-pedrosa-repsol-honda-motogp-26-93.jpg\",\"width\":1024,\"height\":429,\"caption\":\"Marc M\u00e1rquez y Dani Pedrosa\"},{\"@type\":\"BreadcrumbList\",\"@id\":\"https:\\\/\\\/www.boxrepsol.com\\\/es\\\/motogp\\\/marquez-y-pedrosa-listos-para-seguir-avanzando-en-francia\\\/#breadcrumb\",\"itemListElement\":[{\"@type\":\"ListItem\",\"position\":1,\"name\":\"Home\",\"item\":\"https:\\\/\\\/www.boxrepsol.com\\\/es\\\/\"},{\"@type\":\"ListItem\",\"position\":2,\"name\":\"M\u00e1rquez y Pedrosa, listos para seguir avanzando en Francia\"}]},{\"@type\":\"WebSite\",\"@id\":\"https:\\\/\\\/www.boxrepsol.com\\\/es\\\/#website\",\"url\":\"https:\\\/\\\/www.boxrepsol.com\\\/es\\\/\",\"name\":\"Box Repsol\",\"description\":\"Box Repsol Site\",\"publisher\":{\"@id\":\"https:\\\/\\\/www.boxrepsol.com\\\/es\\\/#organization\"},\"potentialAction\":[{\"@type\":\"SearchAction\",\"target\":{\"@type\":\"EntryPoint\",\"urlTemplate\":\"https:\\\/\\\/www.boxrepsol.com\\\/es\\\/?s={search_term_string}\"},\"query-input\":{\"@type\":\"PropertyValueSpecification\",\"valueRequired\":true,\"valueName\":\"search_term_string\"}}],\"inLanguage\":\"es\"},{\"@type\":\"Organization\",\"@id\":\"https:\\\/\\\/www.boxrepsol.com\\\/es\\\/#organization\",\"name\":\"Box Repsol\",\"url\":\"https:\\\/\\\/www.boxrepsol.com\\\/es\\\/\",\"logo\":{\"@type\":\"ImageObject\",\"inLanguage\":\"es\",\"@id\":\"https:\\\/\\\/www.boxrepsol.com\\\/es\\\/#\\\/schema\\\/logo\\\/image\\\/\",\"url\":\"https:\\\/\\\/bxrepsol.s3.eu-west-1.amazonaws.com\\\/static\\\/2025\\\/07\\\/30083337\\\/favicon-96x96-1.png\",\"contentUrl\":\"https:\\\/\\\/bxrepsol.s3.eu-west-1.amazonaws.com\\\/static\\\/2025\\\/07\\\/30083337\\\/favicon-96x96-1.png\",\"width\":96,\"height\":96,\"caption\":\"Box Repsol\"},\"image\":{\"@id\":\"https:\\\/\\\/www.boxrepsol.com\\\/es\\\/#\\\/schema\\\/logo\\\/image\\\/\"},\"sameAs\":[\"https:\\\/\\\/www.facebook.com\\\/BoxRepsol\",\"https:\\\/\\\/x.com\\\/box_repsol\",\"http:\\\/\\\/instagram.com\\\/box_repsol\",\"https:\\\/\\\/www.youtube.com\\\/user\\\/RepsolCompeticion\",\"https:\\\/\\\/www.flickr.com\\\/photos\\\/box_repsol\\\/\"]},{\"@type\":\"Person\",\"@id\":\"https:\\\/\\\/www.boxrepsol.com\\\/es\\\/#\\\/schema\\\/person\\\/c5c2138f2cca251b0ad92b7086bb60b7\",\"name\":\"Redacci\u00f3n Box Repsol\",\"image\":{\"@type\":\"ImageObject\",\"inLanguage\":\"es\",\"@id\":\"https:\\\/\\\/secure.gravatar.com\\\/avatar\\\/adf7b77e38b4419baf32c7e9c21dde01f4e40df611f0978e3006fc4ba0aaab7e?s=96&d=mm&r=g\",\"url\":\"https:\\\/\\\/secure.gravatar.com\\\/avatar\\\/adf7b77e38b4419baf32c7e9c21dde01f4e40df611f0978e3006fc4ba0aaab7e?s=96&d=mm&r=g\",\"contentUrl\":\"https:\\\/\\\/secure.gravatar.com\\\/avatar\\\/adf7b77e38b4419baf32c7e9c21dde01f4e40df611f0978e3006fc4ba0aaab7e?s=96&d=mm&r=g\",\"caption\":\"Redacci\u00f3n Box Repsol\"},\"description\":\"Box Repsol lo forma un equipo de periodistas, community managers, dise\u00f1adores y fot\u00f3grafos con m\u00e1s de 20 a\u00f1os de experiencia en el mundo del motorsport. Hemos vivido el primer mundial de un espa\u00f1ol en la categor\u00eda reina de motociclismo con \u00c1lex Crivill\u00e9, estuvimos en las victorias de Pedrosa y los t\u00edtulos de M\u00e1rquez, acompa\u00f1amos en \u00c1frica a Nani Roma y Marc Coma en sus conquistas del Dakar y hemos vibrado con los t\u00edtulos de Toni Bou en Trial. Adem\u00e1s, en nuestro equipo contamos con expertos en el mundo de las dos y cuatro ruedas tanto de la calle y las carreteras, como de los circuitos. Periodistas que han trabajado en revistas y publicaciones para hacerte llegar desde rutas y consejos de mantenimiento, a curiosidades y trucos de pilotaje.\",\"sameAs\":[\"https:\\\/\\\/www.facebook.com\\\/BoxRepsol\\\/\",\"https:\\\/\\\/www.instagram.com\\\/box_repsol\\\/\",\"https:\\\/\\\/x.com\\\/https:\\\/\\\/twitter.com\\\/box_repsol\",\"https:\\\/\\\/www.youtube.com\\\/@Boxrepsol\"],\"url\":\"https:\\\/\\\/www.boxrepsol.com\\\/es\\\/author\\\/redaccion-box-repsol\\\/\"}]}<\/script>\n<!-- \/ Yoast SEO plugin. -->","yoast_head_json":{"title":"M\u00e1rquez y Pedrosa, listos para seguir avanzando en Francia - Box Repsol","description":"El Gran Premio de Francia es la segunda parada del periplo europeo del Mundial de MotoGP.","canonical":"https:\/\/www.boxrepsol.com\/es\/motogp\/marquez-y-pedrosa-listos-para-seguir-avanzando-en-francia\/","og_locale":"es_ES","og_type":"article","og_title":"M\u00e1rquez y Pedrosa, listos para seguir avanzando en Francia - Box Repsol","og_description":"El Gran Premio de Francia es la segunda parada del periplo europeo del Mundial de MotoGP.","og_url":"https:\/\/www.boxrepsol.com\/es\/motogp\/marquez-y-pedrosa-listos-para-seguir-avanzando-en-francia\/","og_site_name":"Box Repsol","article_publisher":"https:\/\/www.facebook.com\/BoxRepsol","article_author":"https:\/\/www.facebook.com\/BoxRepsol\/","article_published_time":"2016-05-03T02:00:00+00:00","article_modified_time":"2024-05-07T08:43:42+00:00","og_image":[{"width":1024,"height":429,"url":"https:\/\/www.boxrepsol.com\/wp-content\/uploads\/2022\/08\/24-marc-marquez-dani-pedrosa-repsol-honda-motogp-26-93.jpg","type":"image\/jpeg"}],"author":"Redacci\u00f3n Box Repsol","twitter_card":"summary_large_image","twitter_creator":"@https:\/\/twitter.com\/box_repsol","twitter_site":"@box_repsol","twitter_misc":{"Written by":"Redacci\u00f3n Box Repsol","Est. reading time":"2 minutos"},"schema":{"@context":"https:\/\/schema.org","@graph":[{"@type":"Article","@id":"https:\/\/www.boxrepsol.com\/es\/motogp\/marquez-y-pedrosa-listos-para-seguir-avanzando-en-francia\/#article","isPartOf":{"@id":"https:\/\/www.boxrepsol.com\/es\/motogp\/marquez-y-pedrosa-listos-para-seguir-avanzando-en-francia\/"},"author":{"name":"Redacci\u00f3n Box Repsol","@id":"https:\/\/www.boxrepsol.com\/es\/#\/schema\/person\/c5c2138f2cca251b0ad92b7086bb60b7"},"headline":"M\u00e1rquez y Pedrosa, listos para seguir avanzando en Francia","datePublished":"2016-05-03T02:00:00+00:00","dateModified":"2024-05-07T08:43:42+00:00","mainEntityOfPage":{"@id":"https:\/\/www.boxrepsol.com\/es\/motogp\/marquez-y-pedrosa-listos-para-seguir-avanzando-en-francia\/"},"wordCount":488,"commentCount":0,"publisher":{"@id":"https:\/\/www.boxrepsol.com\/es\/#organization"},"image":{"@id":"https:\/\/www.boxrepsol.com\/es\/motogp\/marquez-y-pedrosa-listos-para-seguir-avanzando-en-francia\/#primaryimage"},"thumbnailUrl":"https:\/\/www.boxrepsol.com\/wp-content\/uploads\/2022\/08\/24-marc-marquez-dani-pedrosa-repsol-honda-motogp-26-93.jpg","keywords":["MotoGP Francia"],"articleSection":["MotoGP"],"inLanguage":"es","potentialAction":[{"@type":"CommentAction","name":"Comment","target":["https:\/\/www.boxrepsol.com\/es\/motogp\/marquez-y-pedrosa-listos-para-seguir-avanzando-en-francia\/#respond"]}]},{"@type":"WebPage","@id":"https:\/\/www.boxrepsol.com\/es\/motogp\/marquez-y-pedrosa-listos-para-seguir-avanzando-en-francia\/","url":"https:\/\/www.boxrepsol.com\/es\/motogp\/marquez-y-pedrosa-listos-para-seguir-avanzando-en-francia\/","name":"M\u00e1rquez y Pedrosa, listos para seguir avanzando en Francia - Box Repsol","isPartOf":{"@id":"https:\/\/www.boxrepsol.com\/es\/#website"},"primaryImageOfPage":{"@id":"https:\/\/www.boxrepsol.com\/es\/motogp\/marquez-y-pedrosa-listos-para-seguir-avanzando-en-francia\/#primaryimage"},"image":{"@id":"https:\/\/www.boxrepsol.com\/es\/motogp\/marquez-y-pedrosa-listos-para-seguir-avanzando-en-francia\/#primaryimage"},"thumbnailUrl":"https:\/\/www.boxrepsol.com\/wp-content\/uploads\/2022\/08\/24-marc-marquez-dani-pedrosa-repsol-honda-motogp-26-93.jpg","datePublished":"2016-05-03T02:00:00+00:00","dateModified":"2024-05-07T08:43:42+00:00","description":"El Gran Premio de Francia es la segunda parada del periplo europeo del Mundial de MotoGP.","breadcrumb":{"@id":"https:\/\/www.boxrepsol.com\/es\/motogp\/marquez-y-pedrosa-listos-para-seguir-avanzando-en-francia\/#breadcrumb"},"inLanguage":"es","potentialAction":[{"@type":"ReadAction","target":["https:\/\/www.boxrepsol.com\/es\/motogp\/marquez-y-pedrosa-listos-para-seguir-avanzando-en-francia\/"]}]},{"@type":"ImageObject","inLanguage":"es","@id":"https:\/\/www.boxrepsol.com\/es\/motogp\/marquez-y-pedrosa-listos-para-seguir-avanzando-en-francia\/#primaryimage","url":"https:\/\/www.boxrepsol.com\/wp-content\/uploads\/2022\/08\/24-marc-marquez-dani-pedrosa-repsol-honda-motogp-26-93.jpg","contentUrl":"https:\/\/www.boxrepsol.com\/wp-content\/uploads\/2022\/08\/24-marc-marquez-dani-pedrosa-repsol-honda-motogp-26-93.jpg","width":1024,"height":429,"caption":"Marc M\u00e1rquez y Dani Pedrosa"},{"@type":"BreadcrumbList","@id":"https:\/\/www.boxrepsol.com\/es\/motogp\/marquez-y-pedrosa-listos-para-seguir-avanzando-en-francia\/#breadcrumb","itemListElement":[{"@type":"ListItem","position":1,"name":"Home","item":"https:\/\/www.boxrepsol.com\/es\/"},{"@type":"ListItem","position":2,"name":"M\u00e1rquez y Pedrosa, listos para seguir avanzando en Francia"}]},{"@type":"WebSite","@id":"https:\/\/www.boxrepsol.com\/es\/#website","url":"https:\/\/www.boxrepsol.com\/es\/","name":"Box Repsol","description":"Box Repsol Site","publisher":{"@id":"https:\/\/www.boxrepsol.com\/es\/#organization"},"potentialAction":[{"@type":"SearchAction","target":{"@type":"EntryPoint","urlTemplate":"https:\/\/www.boxrepsol.com\/es\/?s={search_term_string}"},"query-input":{"@type":"PropertyValueSpecification","valueRequired":true,"valueName":"search_term_string"}}],"inLanguage":"es"},{"@type":"Organization","@id":"https:\/\/www.boxrepsol.com\/es\/#organization","name":"Box Repsol","url":"https:\/\/www.boxrepsol.com\/es\/","logo":{"@type":"ImageObject","inLanguage":"es","@id":"https:\/\/www.boxrepsol.com\/es\/#\/schema\/logo\/image\/","url":"https:\/\/bxrepsol.s3.eu-west-1.amazonaws.com\/static\/2025\/07\/30083337\/favicon-96x96-1.png","contentUrl":"https:\/\/bxrepsol.s3.eu-west-1.amazonaws.com\/static\/2025\/07\/30083337\/favicon-96x96-1.png","width":96,"height":96,"caption":"Box Repsol"},"image":{"@id":"https:\/\/www.boxrepsol.com\/es\/#\/schema\/logo\/image\/"},"sameAs":["https:\/\/www.facebook.com\/BoxRepsol","https:\/\/x.com\/box_repsol","http:\/\/instagram.com\/box_repsol","https:\/\/www.youtube.com\/user\/RepsolCompeticion","https:\/\/www.flickr.com\/photos\/box_repsol\/"]},{"@type":"Person","@id":"https:\/\/www.boxrepsol.com\/es\/#\/schema\/person\/c5c2138f2cca251b0ad92b7086bb60b7","name":"Redacci\u00f3n Box Repsol","image":{"@type":"ImageObject","inLanguage":"es","@id":"https:\/\/secure.gravatar.com\/avatar\/adf7b77e38b4419baf32c7e9c21dde01f4e40df611f0978e3006fc4ba0aaab7e?s=96&d=mm&r=g","url":"https:\/\/secure.gravatar.com\/avatar\/adf7b77e38b4419baf32c7e9c21dde01f4e40df611f0978e3006fc4ba0aaab7e?s=96&d=mm&r=g","contentUrl":"https:\/\/secure.gravatar.com\/avatar\/adf7b77e38b4419baf32c7e9c21dde01f4e40df611f0978e3006fc4ba0aaab7e?s=96&d=mm&r=g","caption":"Redacci\u00f3n Box Repsol"},"description":"Box Repsol lo forma un equipo de periodistas, community managers, dise\u00f1adores y fot\u00f3grafos con m\u00e1s de 20 a\u00f1os de experiencia en el mundo del motorsport. Hemos vivido el primer mundial de un espa\u00f1ol en la categor\u00eda reina de motociclismo con \u00c1lex Crivill\u00e9, estuvimos en las victorias de Pedrosa y los t\u00edtulos de M\u00e1rquez, acompa\u00f1amos en \u00c1frica a Nani Roma y Marc Coma en sus conquistas del Dakar y hemos vibrado con los t\u00edtulos de Toni Bou en Trial. Adem\u00e1s, en nuestro equipo contamos con expertos en el mundo de las dos y cuatro ruedas tanto de la calle y las carreteras, como de los circuitos. Periodistas que han trabajado en revistas y publicaciones para hacerte llegar desde rutas y consejos de mantenimiento, a curiosidades y trucos de pilotaje.","sameAs":["https:\/\/www.facebook.com\/BoxRepsol\/","https:\/\/www.instagram.com\/box_repsol\/","https:\/\/x.com\/https:\/\/twitter.com\/box_repsol","https:\/\/www.youtube.com\/@Boxrepsol"],"url":"https:\/\/www.boxrepsol.com\/es\/author\/redaccion-box-repsol\/"}]}},"_links":{"self":[{"href":"https:\/\/www.boxrepsol.com\/es\/wp-json\/wp\/v2\/posts\/89740","targetHints":{"allow":["GET"]}}],"collection":[{"href":"https:\/\/www.boxrepsol.com\/es\/wp-json\/wp\/v2\/posts"}],"about":[{"href":"https:\/\/www.boxrepsol.com\/es\/wp-json\/wp\/v2\/types\/post"}],"author":[{"embeddable":true,"href":"https:\/\/www.boxrepsol.com\/es\/wp-json\/wp\/v2\/users\/43146"}],"replies":[{"embeddable":true,"href":"https:\/\/www.boxrepsol.com\/es\/wp-json\/wp\/v2\/comments?post=89740"}],"version-history":[{"count":1,"href":"https:\/\/www.boxrepsol.com\/es\/wp-json\/wp\/v2\/posts\/89740\/revisions"}],"predecessor-version":[{"id":89741,"href":"https:\/\/www.boxrepsol.com\/es\/wp-json\/wp\/v2\/posts\/89740\/revisions\/89741"}],"wp:featuredmedia":[{"embeddable":true,"href":"https:\/\/www.boxrepsol.com\/es\/wp-json\/wp\/v2\/media\/85508"}],"wp:attachment":[{"href":"https:\/\/www.boxrepsol.com\/es\/wp-json\/wp\/v2\/media?parent=89740"}],"wp:term":[{"taxonomy":"category","embeddable":true,"href":"https:\/\/www.boxrepsol.com\/es\/wp-json\/wp\/v2\/categories?post=89740"},{"taxonomy":"post_tag","embeddable":true,"href":"https:\/\/www.boxrepsol.com\/es\/wp-json\/wp\/v2\/tags?post=89740"}],"curies":[{"name":"wp","href":"https:\/\/api.w.org\/{rel}","templated":true}]}}