{"id":89738,"date":"2016-05-07T00:00:00","date_gmt":"2016-05-07T02:00:00","guid":{"rendered":"http:\/\/pre.boxrepsol.com\/sin-categorizar\/marc-marquez-saldra-segundo-en-le-mans\/"},"modified":"2024-05-07T06:43:08","modified_gmt":"2024-05-07T08:43:08","slug":"marc-marquez-saldra-segundo-en-le-mans","status":"publish","type":"post","link":"https:\/\/www.boxrepsol.com\/es\/motogp\/marc-marquez-saldra-segundo-en-le-mans\/","title":{"rendered":"Marc M\u00e1rquez saldr\u00e1 segundo en Le Mans"},"content":{"rendered":"<blockquote>\n<p>\u00b7@marcmarquez93 ha parado el cron\u00f3metro en 1 minuto, 32 segundos y 416 mil\u00e9simas <\/p>\n<p>            <a href=\"http:\/\/twitter.com\/share?text=%C2%B7%40marcmarquez93+ha+parado+el+cron%C3%B3metro+en+1+minuto%2C+32+segundos+y+416+mil%C3%A9simas+&#038;url=http%3A%2F%2F34.249.211.158%2Fes%2Fmotogp%2Fmarc-marquez-saldra-segundo-en-le-mans%2F&#038;hashtags=\" target=\"_blank\" rel=\"noopener\"><br \/>\n            twittear        <\/a>\n        <\/p><\/blockquote>\n<p>Marc M\u00e1rquez ha logrado el segundo mejor tiempo en la sesi\u00f3n cronometrada del Gran Premio de Francia y ma\u00f1ana saldr\u00e1 desde la primera fila de parrilla por quinta vez esta temporada. El piloto del equipo Repsol Honda, ha parado el cron\u00f3metro en 1 minuto, 32 segundos y 416 mil\u00e9simas, a 441 mil\u00e9simas de la pole position de Jorge Lorenzo.<\/p>\n<p>No le han ido tan bien las cosas a su compa\u00f1ero en el equipo Repsol Honda, Dani Pedrosa, que ha sufrido una ca\u00edda durante la sesi\u00f3n cronometrada, aunque afortunadamente sin consecuencias f\u00edsicas. Pedrosa ha tenido tiempo de regresar a boxes y coger su segunda moto, pero no ha podido pasar de la und\u00e9cima posici\u00f3n -a 1 segundo y 134 mil\u00e9simas del mejor registro- y ma\u00f1ana tendr\u00e1 que remontar.<\/p>\n<p>\t\t\t\t<img decoding=\"async\" src=\"https:\/\/bxrepsol.s3.eu-west-1.amazonaws.com\/static\/2022\/08\/29044140\/23-motogp.jpg\" alt=\"23-motogp\" itemprop=\"image\"  \/><\/p>\n<h3><strong>Marc M\u00e1rquez<\/strong><\/h3>\n<p><em>\u00abHoy he podido hacer una buena vuelta, aunque no ha sido perfecta. Con el neum\u00e1tico nuevo me ha costado bastante encontrar las sensaciones que ten\u00eda con los usados y la moto se mov\u00eda mucho cuando intentaba forzar un poco m\u00e1s. Al final he podido cambiar un poco mi pilotaje y hacer dos vueltas bastante buenas, que me han servido para cumplir el objetivo principal \u2013que era estar en la primera fila\u2013. El ritmo que tengo no es malo; en el \u00faltimo entrenamiento libre me he sentido c\u00f3modo, aunque todav\u00eda no soy tan r\u00e1pido como Jorge [Lorenzo]. Veremos qu\u00e9 tiempo tenemos ma\u00f1ana, a qu\u00e9 temperatura est\u00e1 el asfalto e intentaremos gestionar la carrera lo mejor que podamos\u00bb.<\/em><\/p>\n<h3><strong>Dani Pedrosa<\/strong><\/h3>\n<p><em>\u00abEvidentemente estoy decepcionado con el resultado de hoy, es mi peor clasificaci\u00f3n del a\u00f1o. No hay mucho que decir, la rueda delantera me ha deslizado y me he ca\u00eddo con mi primera moto, as\u00ed que no he terminado mi segunda vuelta lanzada. Con la segunda moto no ten\u00eda las mismas sensaciones y no he logrado mejorar mi tiempo. De todos modos, mi ritmo quiz\u00e1s no es el mejor, pero tampoco es el peor, as\u00ed que ma\u00f1ana intentaremos elegir bien el neum\u00e1tico y hacer una buena salida en la carrera\u00bb.<\/em><\/p>\n","protected":false},"excerpt":{"rendered":"<p>Dani Pedrosa, condicionado por una ca\u00edda, lo har\u00e1 desde la und\u00e9cima posici\u00f3n.<\/p>\n","protected":false},"author":43146,"featured_media":85504,"comment_status":"open","ping_status":"open","sticky":false,"template":"","format":"standard","meta":{"footnotes":""},"categories":[4],"tags":[121],"class_list":["post-89738","post","type-post","status-publish","format-standard","hentry","category-motogp","tag-motogp-francia"],"yoast_head":"<!-- This site is optimized with the Yoast SEO plugin v27.3 - https:\/\/yoast.com\/product\/yoast-seo-wordpress\/ -->\n<title>Marc M\u00e1rquez saldr\u00e1 segundo en Le Mans - Box Repsol<\/title>\n<meta name=\"description\" content=\"Dani Pedrosa, condicionado por una ca\u00edda, lo har\u00e1 desde la und\u00e9cima posici\u00f3n.\" \/>\n<link rel=\"canonical\" href=\"https:\/\/www.boxrepsol.com\/es\/motogp\/marc-marquez-saldra-segundo-en-le-mans\/\" \/>\n<meta property=\"og:locale\" content=\"es_ES\" \/>\n<meta property=\"og:type\" content=\"article\" \/>\n<meta property=\"og:title\" content=\"Marc M\u00e1rquez saldr\u00e1 segundo en Le Mans - Box Repsol\" \/>\n<meta property=\"og:description\" content=\"Dani Pedrosa, condicionado por una ca\u00edda, lo har\u00e1 desde la und\u00e9cima posici\u00f3n.\" \/>\n<meta property=\"og:url\" content=\"https:\/\/www.boxrepsol.com\/es\/motogp\/marc-marquez-saldra-segundo-en-le-mans\/\" \/>\n<meta property=\"og:site_name\" content=\"Box Repsol\" \/>\n<meta property=\"article:publisher\" content=\"https:\/\/www.facebook.com\/BoxRepsol\" \/>\n<meta property=\"article:author\" content=\"https:\/\/www.facebook.com\/BoxRepsol\/\" \/>\n<meta property=\"article:published_time\" content=\"2016-05-07T02:00:00+00:00\" \/>\n<meta property=\"article:modified_time\" content=\"2024-05-07T08:43:08+00:00\" \/>\n<meta property=\"og:image\" content=\"https:\/\/www.boxrepsol.com\/wp-content\/uploads\/2022\/08\/22-marc-marquez-93-repsol-honda-motogp.jpg\" \/>\n\t<meta property=\"og:image:width\" content=\"984\" \/>\n\t<meta property=\"og:image:height\" content=\"412\" \/>\n\t<meta property=\"og:image:type\" content=\"image\/jpeg\" \/>\n<meta name=\"author\" content=\"Redacci\u00f3n Box Repsol\" \/>\n<meta name=\"twitter:card\" content=\"summary_large_image\" \/>\n<meta name=\"twitter:creator\" content=\"@https:\/\/twitter.com\/box_repsol\" \/>\n<meta name=\"twitter:site\" content=\"@box_repsol\" \/>\n<meta name=\"twitter:label1\" content=\"Written by\" \/>\n\t<meta name=\"twitter:data1\" content=\"Redacci\u00f3n Box Repsol\" \/>\n\t<meta name=\"twitter:label2\" content=\"Est. reading time\" \/>\n\t<meta name=\"twitter:data2\" content=\"2 minutos\" \/>\n<script type=\"application\/ld+json\" class=\"yoast-schema-graph\">{\"@context\":\"https:\\\/\\\/schema.org\",\"@graph\":[{\"@type\":\"Article\",\"@id\":\"https:\\\/\\\/www.boxrepsol.com\\\/es\\\/motogp\\\/marc-marquez-saldra-segundo-en-le-mans\\\/#article\",\"isPartOf\":{\"@id\":\"https:\\\/\\\/www.boxrepsol.com\\\/es\\\/motogp\\\/marc-marquez-saldra-segundo-en-le-mans\\\/\"},\"author\":{\"name\":\"Redacci\u00f3n Box Repsol\",\"@id\":\"https:\\\/\\\/www.boxrepsol.com\\\/es\\\/#\\\/schema\\\/person\\\/c5c2138f2cca251b0ad92b7086bb60b7\"},\"headline\":\"Marc M\u00e1rquez saldr\u00e1 segundo en Le Mans\",\"datePublished\":\"2016-05-07T02:00:00+00:00\",\"dateModified\":\"2024-05-07T08:43:08+00:00\",\"mainEntityOfPage\":{\"@id\":\"https:\\\/\\\/www.boxrepsol.com\\\/es\\\/motogp\\\/marc-marquez-saldra-segundo-en-le-mans\\\/\"},\"wordCount\":381,\"commentCount\":0,\"publisher\":{\"@id\":\"https:\\\/\\\/www.boxrepsol.com\\\/es\\\/#organization\"},\"image\":{\"@id\":\"https:\\\/\\\/www.boxrepsol.com\\\/es\\\/motogp\\\/marc-marquez-saldra-segundo-en-le-mans\\\/#primaryimage\"},\"thumbnailUrl\":\"https:\\\/\\\/www.boxrepsol.com\\\/wp-content\\\/uploads\\\/2022\\\/08\\\/22-marc-marquez-93-repsol-honda-motogp.jpg\",\"keywords\":[\"MotoGP Francia\"],\"articleSection\":[\"MotoGP\"],\"inLanguage\":\"es\",\"potentialAction\":[{\"@type\":\"CommentAction\",\"name\":\"Comment\",\"target\":[\"https:\\\/\\\/www.boxrepsol.com\\\/es\\\/motogp\\\/marc-marquez-saldra-segundo-en-le-mans\\\/#respond\"]}]},{\"@type\":\"WebPage\",\"@id\":\"https:\\\/\\\/www.boxrepsol.com\\\/es\\\/motogp\\\/marc-marquez-saldra-segundo-en-le-mans\\\/\",\"url\":\"https:\\\/\\\/www.boxrepsol.com\\\/es\\\/motogp\\\/marc-marquez-saldra-segundo-en-le-mans\\\/\",\"name\":\"Marc M\u00e1rquez saldr\u00e1 segundo en Le Mans - Box Repsol\",\"isPartOf\":{\"@id\":\"https:\\\/\\\/www.boxrepsol.com\\\/es\\\/#website\"},\"primaryImageOfPage\":{\"@id\":\"https:\\\/\\\/www.boxrepsol.com\\\/es\\\/motogp\\\/marc-marquez-saldra-segundo-en-le-mans\\\/#primaryimage\"},\"image\":{\"@id\":\"https:\\\/\\\/www.boxrepsol.com\\\/es\\\/motogp\\\/marc-marquez-saldra-segundo-en-le-mans\\\/#primaryimage\"},\"thumbnailUrl\":\"https:\\\/\\\/www.boxrepsol.com\\\/wp-content\\\/uploads\\\/2022\\\/08\\\/22-marc-marquez-93-repsol-honda-motogp.jpg\",\"datePublished\":\"2016-05-07T02:00:00+00:00\",\"dateModified\":\"2024-05-07T08:43:08+00:00\",\"description\":\"Dani Pedrosa, condicionado por una ca\u00edda, lo har\u00e1 desde la und\u00e9cima posici\u00f3n.\",\"breadcrumb\":{\"@id\":\"https:\\\/\\\/www.boxrepsol.com\\\/es\\\/motogp\\\/marc-marquez-saldra-segundo-en-le-mans\\\/#breadcrumb\"},\"inLanguage\":\"es\",\"potentialAction\":[{\"@type\":\"ReadAction\",\"target\":[\"https:\\\/\\\/www.boxrepsol.com\\\/es\\\/motogp\\\/marc-marquez-saldra-segundo-en-le-mans\\\/\"]}]},{\"@type\":\"ImageObject\",\"inLanguage\":\"es\",\"@id\":\"https:\\\/\\\/www.boxrepsol.com\\\/es\\\/motogp\\\/marc-marquez-saldra-segundo-en-le-mans\\\/#primaryimage\",\"url\":\"https:\\\/\\\/www.boxrepsol.com\\\/wp-content\\\/uploads\\\/2022\\\/08\\\/22-marc-marquez-93-repsol-honda-motogp.jpg\",\"contentUrl\":\"https:\\\/\\\/www.boxrepsol.com\\\/wp-content\\\/uploads\\\/2022\\\/08\\\/22-marc-marquez-93-repsol-honda-motogp.jpg\",\"width\":984,\"height\":412,\"caption\":\"Marc M\u00e1rquez en acci\u00f3n\"},{\"@type\":\"BreadcrumbList\",\"@id\":\"https:\\\/\\\/www.boxrepsol.com\\\/es\\\/motogp\\\/marc-marquez-saldra-segundo-en-le-mans\\\/#breadcrumb\",\"itemListElement\":[{\"@type\":\"ListItem\",\"position\":1,\"name\":\"Home\",\"item\":\"https:\\\/\\\/www.boxrepsol.com\\\/es\\\/\"},{\"@type\":\"ListItem\",\"position\":2,\"name\":\"Marc M\u00e1rquez saldr\u00e1 segundo en Le Mans\"}]},{\"@type\":\"WebSite\",\"@id\":\"https:\\\/\\\/www.boxrepsol.com\\\/es\\\/#website\",\"url\":\"https:\\\/\\\/www.boxrepsol.com\\\/es\\\/\",\"name\":\"Box Repsol\",\"description\":\"Box Repsol Site\",\"publisher\":{\"@id\":\"https:\\\/\\\/www.boxrepsol.com\\\/es\\\/#organization\"},\"potentialAction\":[{\"@type\":\"SearchAction\",\"target\":{\"@type\":\"EntryPoint\",\"urlTemplate\":\"https:\\\/\\\/www.boxrepsol.com\\\/es\\\/?s={search_term_string}\"},\"query-input\":{\"@type\":\"PropertyValueSpecification\",\"valueRequired\":true,\"valueName\":\"search_term_string\"}}],\"inLanguage\":\"es\"},{\"@type\":\"Organization\",\"@id\":\"https:\\\/\\\/www.boxrepsol.com\\\/es\\\/#organization\",\"name\":\"Box Repsol\",\"url\":\"https:\\\/\\\/www.boxrepsol.com\\\/es\\\/\",\"logo\":{\"@type\":\"ImageObject\",\"inLanguage\":\"es\",\"@id\":\"https:\\\/\\\/www.boxrepsol.com\\\/es\\\/#\\\/schema\\\/logo\\\/image\\\/\",\"url\":\"https:\\\/\\\/bxrepsol.s3.eu-west-1.amazonaws.com\\\/static\\\/2025\\\/07\\\/30083337\\\/favicon-96x96-1.png\",\"contentUrl\":\"https:\\\/\\\/bxrepsol.s3.eu-west-1.amazonaws.com\\\/static\\\/2025\\\/07\\\/30083337\\\/favicon-96x96-1.png\",\"width\":96,\"height\":96,\"caption\":\"Box Repsol\"},\"image\":{\"@id\":\"https:\\\/\\\/www.boxrepsol.com\\\/es\\\/#\\\/schema\\\/logo\\\/image\\\/\"},\"sameAs\":[\"https:\\\/\\\/www.facebook.com\\\/BoxRepsol\",\"https:\\\/\\\/x.com\\\/box_repsol\",\"http:\\\/\\\/instagram.com\\\/box_repsol\",\"https:\\\/\\\/www.youtube.com\\\/user\\\/RepsolCompeticion\",\"https:\\\/\\\/www.flickr.com\\\/photos\\\/box_repsol\\\/\"]},{\"@type\":\"Person\",\"@id\":\"https:\\\/\\\/www.boxrepsol.com\\\/es\\\/#\\\/schema\\\/person\\\/c5c2138f2cca251b0ad92b7086bb60b7\",\"name\":\"Redacci\u00f3n Box Repsol\",\"image\":{\"@type\":\"ImageObject\",\"inLanguage\":\"es\",\"@id\":\"https:\\\/\\\/secure.gravatar.com\\\/avatar\\\/adf7b77e38b4419baf32c7e9c21dde01f4e40df611f0978e3006fc4ba0aaab7e?s=96&d=mm&r=g\",\"url\":\"https:\\\/\\\/secure.gravatar.com\\\/avatar\\\/adf7b77e38b4419baf32c7e9c21dde01f4e40df611f0978e3006fc4ba0aaab7e?s=96&d=mm&r=g\",\"contentUrl\":\"https:\\\/\\\/secure.gravatar.com\\\/avatar\\\/adf7b77e38b4419baf32c7e9c21dde01f4e40df611f0978e3006fc4ba0aaab7e?s=96&d=mm&r=g\",\"caption\":\"Redacci\u00f3n Box Repsol\"},\"description\":\"Box Repsol lo forma un equipo de periodistas, community managers, dise\u00f1adores y fot\u00f3grafos con m\u00e1s de 20 a\u00f1os de experiencia en el mundo del motorsport. Hemos vivido el primer mundial de un espa\u00f1ol en la categor\u00eda reina de motociclismo con \u00c1lex Crivill\u00e9, estuvimos en las victorias de Pedrosa y los t\u00edtulos de M\u00e1rquez, acompa\u00f1amos en \u00c1frica a Nani Roma y Marc Coma en sus conquistas del Dakar y hemos vibrado con los t\u00edtulos de Toni Bou en Trial. Adem\u00e1s, en nuestro equipo contamos con expertos en el mundo de las dos y cuatro ruedas tanto de la calle y las carreteras, como de los circuitos. Periodistas que han trabajado en revistas y publicaciones para hacerte llegar desde rutas y consejos de mantenimiento, a curiosidades y trucos de pilotaje.\",\"sameAs\":[\"https:\\\/\\\/www.facebook.com\\\/BoxRepsol\\\/\",\"https:\\\/\\\/www.instagram.com\\\/box_repsol\\\/\",\"https:\\\/\\\/x.com\\\/https:\\\/\\\/twitter.com\\\/box_repsol\",\"https:\\\/\\\/www.youtube.com\\\/@Boxrepsol\"],\"url\":\"https:\\\/\\\/www.boxrepsol.com\\\/es\\\/author\\\/redaccion-box-repsol\\\/\"}]}<\/script>\n<!-- \/ Yoast SEO plugin. -->","yoast_head_json":{"title":"Marc M\u00e1rquez saldr\u00e1 segundo en Le Mans - Box Repsol","description":"Dani Pedrosa, condicionado por una ca\u00edda, lo har\u00e1 desde la und\u00e9cima posici\u00f3n.","canonical":"https:\/\/www.boxrepsol.com\/es\/motogp\/marc-marquez-saldra-segundo-en-le-mans\/","og_locale":"es_ES","og_type":"article","og_title":"Marc M\u00e1rquez saldr\u00e1 segundo en Le Mans - Box Repsol","og_description":"Dani Pedrosa, condicionado por una ca\u00edda, lo har\u00e1 desde la und\u00e9cima posici\u00f3n.","og_url":"https:\/\/www.boxrepsol.com\/es\/motogp\/marc-marquez-saldra-segundo-en-le-mans\/","og_site_name":"Box Repsol","article_publisher":"https:\/\/www.facebook.com\/BoxRepsol","article_author":"https:\/\/www.facebook.com\/BoxRepsol\/","article_published_time":"2016-05-07T02:00:00+00:00","article_modified_time":"2024-05-07T08:43:08+00:00","og_image":[{"width":984,"height":412,"url":"https:\/\/www.boxrepsol.com\/wp-content\/uploads\/2022\/08\/22-marc-marquez-93-repsol-honda-motogp.jpg","type":"image\/jpeg"}],"author":"Redacci\u00f3n Box Repsol","twitter_card":"summary_large_image","twitter_creator":"@https:\/\/twitter.com\/box_repsol","twitter_site":"@box_repsol","twitter_misc":{"Written by":"Redacci\u00f3n Box Repsol","Est. reading time":"2 minutos"},"schema":{"@context":"https:\/\/schema.org","@graph":[{"@type":"Article","@id":"https:\/\/www.boxrepsol.com\/es\/motogp\/marc-marquez-saldra-segundo-en-le-mans\/#article","isPartOf":{"@id":"https:\/\/www.boxrepsol.com\/es\/motogp\/marc-marquez-saldra-segundo-en-le-mans\/"},"author":{"name":"Redacci\u00f3n Box Repsol","@id":"https:\/\/www.boxrepsol.com\/es\/#\/schema\/person\/c5c2138f2cca251b0ad92b7086bb60b7"},"headline":"Marc M\u00e1rquez saldr\u00e1 segundo en Le Mans","datePublished":"2016-05-07T02:00:00+00:00","dateModified":"2024-05-07T08:43:08+00:00","mainEntityOfPage":{"@id":"https:\/\/www.boxrepsol.com\/es\/motogp\/marc-marquez-saldra-segundo-en-le-mans\/"},"wordCount":381,"commentCount":0,"publisher":{"@id":"https:\/\/www.boxrepsol.com\/es\/#organization"},"image":{"@id":"https:\/\/www.boxrepsol.com\/es\/motogp\/marc-marquez-saldra-segundo-en-le-mans\/#primaryimage"},"thumbnailUrl":"https:\/\/www.boxrepsol.com\/wp-content\/uploads\/2022\/08\/22-marc-marquez-93-repsol-honda-motogp.jpg","keywords":["MotoGP Francia"],"articleSection":["MotoGP"],"inLanguage":"es","potentialAction":[{"@type":"CommentAction","name":"Comment","target":["https:\/\/www.boxrepsol.com\/es\/motogp\/marc-marquez-saldra-segundo-en-le-mans\/#respond"]}]},{"@type":"WebPage","@id":"https:\/\/www.boxrepsol.com\/es\/motogp\/marc-marquez-saldra-segundo-en-le-mans\/","url":"https:\/\/www.boxrepsol.com\/es\/motogp\/marc-marquez-saldra-segundo-en-le-mans\/","name":"Marc M\u00e1rquez saldr\u00e1 segundo en Le Mans - Box Repsol","isPartOf":{"@id":"https:\/\/www.boxrepsol.com\/es\/#website"},"primaryImageOfPage":{"@id":"https:\/\/www.boxrepsol.com\/es\/motogp\/marc-marquez-saldra-segundo-en-le-mans\/#primaryimage"},"image":{"@id":"https:\/\/www.boxrepsol.com\/es\/motogp\/marc-marquez-saldra-segundo-en-le-mans\/#primaryimage"},"thumbnailUrl":"https:\/\/www.boxrepsol.com\/wp-content\/uploads\/2022\/08\/22-marc-marquez-93-repsol-honda-motogp.jpg","datePublished":"2016-05-07T02:00:00+00:00","dateModified":"2024-05-07T08:43:08+00:00","description":"Dani Pedrosa, condicionado por una ca\u00edda, lo har\u00e1 desde la und\u00e9cima posici\u00f3n.","breadcrumb":{"@id":"https:\/\/www.boxrepsol.com\/es\/motogp\/marc-marquez-saldra-segundo-en-le-mans\/#breadcrumb"},"inLanguage":"es","potentialAction":[{"@type":"ReadAction","target":["https:\/\/www.boxrepsol.com\/es\/motogp\/marc-marquez-saldra-segundo-en-le-mans\/"]}]},{"@type":"ImageObject","inLanguage":"es","@id":"https:\/\/www.boxrepsol.com\/es\/motogp\/marc-marquez-saldra-segundo-en-le-mans\/#primaryimage","url":"https:\/\/www.boxrepsol.com\/wp-content\/uploads\/2022\/08\/22-marc-marquez-93-repsol-honda-motogp.jpg","contentUrl":"https:\/\/www.boxrepsol.com\/wp-content\/uploads\/2022\/08\/22-marc-marquez-93-repsol-honda-motogp.jpg","width":984,"height":412,"caption":"Marc M\u00e1rquez en acci\u00f3n"},{"@type":"BreadcrumbList","@id":"https:\/\/www.boxrepsol.com\/es\/motogp\/marc-marquez-saldra-segundo-en-le-mans\/#breadcrumb","itemListElement":[{"@type":"ListItem","position":1,"name":"Home","item":"https:\/\/www.boxrepsol.com\/es\/"},{"@type":"ListItem","position":2,"name":"Marc M\u00e1rquez saldr\u00e1 segundo en Le Mans"}]},{"@type":"WebSite","@id":"https:\/\/www.boxrepsol.com\/es\/#website","url":"https:\/\/www.boxrepsol.com\/es\/","name":"Box Repsol","description":"Box Repsol Site","publisher":{"@id":"https:\/\/www.boxrepsol.com\/es\/#organization"},"potentialAction":[{"@type":"SearchAction","target":{"@type":"EntryPoint","urlTemplate":"https:\/\/www.boxrepsol.com\/es\/?s={search_term_string}"},"query-input":{"@type":"PropertyValueSpecification","valueRequired":true,"valueName":"search_term_string"}}],"inLanguage":"es"},{"@type":"Organization","@id":"https:\/\/www.boxrepsol.com\/es\/#organization","name":"Box Repsol","url":"https:\/\/www.boxrepsol.com\/es\/","logo":{"@type":"ImageObject","inLanguage":"es","@id":"https:\/\/www.boxrepsol.com\/es\/#\/schema\/logo\/image\/","url":"https:\/\/bxrepsol.s3.eu-west-1.amazonaws.com\/static\/2025\/07\/30083337\/favicon-96x96-1.png","contentUrl":"https:\/\/bxrepsol.s3.eu-west-1.amazonaws.com\/static\/2025\/07\/30083337\/favicon-96x96-1.png","width":96,"height":96,"caption":"Box Repsol"},"image":{"@id":"https:\/\/www.boxrepsol.com\/es\/#\/schema\/logo\/image\/"},"sameAs":["https:\/\/www.facebook.com\/BoxRepsol","https:\/\/x.com\/box_repsol","http:\/\/instagram.com\/box_repsol","https:\/\/www.youtube.com\/user\/RepsolCompeticion","https:\/\/www.flickr.com\/photos\/box_repsol\/"]},{"@type":"Person","@id":"https:\/\/www.boxrepsol.com\/es\/#\/schema\/person\/c5c2138f2cca251b0ad92b7086bb60b7","name":"Redacci\u00f3n Box Repsol","image":{"@type":"ImageObject","inLanguage":"es","@id":"https:\/\/secure.gravatar.com\/avatar\/adf7b77e38b4419baf32c7e9c21dde01f4e40df611f0978e3006fc4ba0aaab7e?s=96&d=mm&r=g","url":"https:\/\/secure.gravatar.com\/avatar\/adf7b77e38b4419baf32c7e9c21dde01f4e40df611f0978e3006fc4ba0aaab7e?s=96&d=mm&r=g","contentUrl":"https:\/\/secure.gravatar.com\/avatar\/adf7b77e38b4419baf32c7e9c21dde01f4e40df611f0978e3006fc4ba0aaab7e?s=96&d=mm&r=g","caption":"Redacci\u00f3n Box Repsol"},"description":"Box Repsol lo forma un equipo de periodistas, community managers, dise\u00f1adores y fot\u00f3grafos con m\u00e1s de 20 a\u00f1os de experiencia en el mundo del motorsport. Hemos vivido el primer mundial de un espa\u00f1ol en la categor\u00eda reina de motociclismo con \u00c1lex Crivill\u00e9, estuvimos en las victorias de Pedrosa y los t\u00edtulos de M\u00e1rquez, acompa\u00f1amos en \u00c1frica a Nani Roma y Marc Coma en sus conquistas del Dakar y hemos vibrado con los t\u00edtulos de Toni Bou en Trial. Adem\u00e1s, en nuestro equipo contamos con expertos en el mundo de las dos y cuatro ruedas tanto de la calle y las carreteras, como de los circuitos. Periodistas que han trabajado en revistas y publicaciones para hacerte llegar desde rutas y consejos de mantenimiento, a curiosidades y trucos de pilotaje.","sameAs":["https:\/\/www.facebook.com\/BoxRepsol\/","https:\/\/www.instagram.com\/box_repsol\/","https:\/\/x.com\/https:\/\/twitter.com\/box_repsol","https:\/\/www.youtube.com\/@Boxrepsol"],"url":"https:\/\/www.boxrepsol.com\/es\/author\/redaccion-box-repsol\/"}]}},"_links":{"self":[{"href":"https:\/\/www.boxrepsol.com\/es\/wp-json\/wp\/v2\/posts\/89738","targetHints":{"allow":["GET"]}}],"collection":[{"href":"https:\/\/www.boxrepsol.com\/es\/wp-json\/wp\/v2\/posts"}],"about":[{"href":"https:\/\/www.boxrepsol.com\/es\/wp-json\/wp\/v2\/types\/post"}],"author":[{"embeddable":true,"href":"https:\/\/www.boxrepsol.com\/es\/wp-json\/wp\/v2\/users\/43146"}],"replies":[{"embeddable":true,"href":"https:\/\/www.boxrepsol.com\/es\/wp-json\/wp\/v2\/comments?post=89738"}],"version-history":[{"count":1,"href":"https:\/\/www.boxrepsol.com\/es\/wp-json\/wp\/v2\/posts\/89738\/revisions"}],"predecessor-version":[{"id":89739,"href":"https:\/\/www.boxrepsol.com\/es\/wp-json\/wp\/v2\/posts\/89738\/revisions\/89739"}],"wp:featuredmedia":[{"embeddable":true,"href":"https:\/\/www.boxrepsol.com\/es\/wp-json\/wp\/v2\/media\/85504"}],"wp:attachment":[{"href":"https:\/\/www.boxrepsol.com\/es\/wp-json\/wp\/v2\/media?parent=89738"}],"wp:term":[{"taxonomy":"category","embeddable":true,"href":"https:\/\/www.boxrepsol.com\/es\/wp-json\/wp\/v2\/categories?post=89738"},{"taxonomy":"post_tag","embeddable":true,"href":"https:\/\/www.boxrepsol.com\/es\/wp-json\/wp\/v2\/tags?post=89738"}],"curies":[{"name":"wp","href":"https:\/\/api.w.org\/{rel}","templated":true}]}}