{"id":89709,"date":"2016-05-30T00:00:00","date_gmt":"2016-05-30T02:00:00","guid":{"rendered":"http:\/\/pre.boxrepsol.com\/sin-categorizar\/ramirez-odendaal-y-morales-se-reparten-las-victorias-en-el-fim-cev-repsol\/"},"modified":"2024-05-07T06:40:57","modified_gmt":"2024-05-07T08:40:57","slug":"ramirez-odendaal-y-morales-se-reparten-las-victorias-en-el-fim-cev-repsol","status":"publish","type":"post","link":"https:\/\/www.boxrepsol.com\/es\/sin-categorizar\/ramirez-odendaal-y-morales-se-reparten-las-victorias-en-el-fim-cev-repsol\/","title":{"rendered":"Ram\u00edrez, Odendaal y Morales se reparten las victorias en el FIM CEV Repsol"},"content":{"rendered":"<blockquote>\n<p>El #FIMCEVRepsol volver\u00e1 a la acci\u00f3n en el Circuit de Barcelona-Catalunya <\/p>\n<p>            <a href=\"http:\/\/twitter.com\/share?text=El+%23FIMCEVRepsol+volver%C3%A1+a+la+acci%C3%B3n+en+el+Circuit+de+Barcelona-Catalunya+&#038;url=http%3A%2F%2F34.249.211.158%2Fes%2Fcev%2Framirez-odendaal-y-morales-se-reparten-las-victorias-en-el-fim-cev-repsol%2F&#038;hashtags=\" target=\"_blank\" rel=\"noopener\"><br \/>\n            twittear        <\/a>\n        <\/p><\/blockquote>\n<p>El trazado de MotorLand Arag\u00f3n ha acogido hoy la tercera prueba del FIM CEV Repsol de esta temporada. En una jornada con <strong>fuertes vientos<\/strong>, el espa\u00f1ol Marcos Ram\u00edrez ha sabido imponerse en la carrera m\u00e1s disputada de la jornada, la de Moto3. Hasta 6 pilotos se han adelantado continuamente desde la primera vuelta de la prueba hasta que, a falta de dos giros, Ram\u00edrez ha lanzado un ataque definitivo que le ha permitido ganar unos metros a sus rivales, para cruzar en primera posici\u00f3n bajo la bandera de cuadros. Le han seguido el espa\u00f1ol Alonso L\u00f3pez, segundo, y el italiano Lorenzo Dalla Porta. Con este resultado, <strong>Ram\u00edrez sigue l\u00edder del Mundial Junior<\/strong>, seguido por Dalla Porta, a 15 puntos, y Kaito Toba, a 19.<\/p>\n<p>La categor\u00eda intermedia, la de Moto2, ha disputado hoy dos mangas y en las dos el surafricano Steven Odendaal ha finalizado en primera posici\u00f3n. En ambas pruebas \u2013la segunda reducida a 10 vueltas por un espectacular accidente al inicio de la misma que ha obligado a mostrar la bandera roja\u2013, Odendaal se ha colocado en cabeza en los primeros compases y ha impuesto su ritmo vuelta a vuelta, escap\u00e1ndose de sus perseguidores y consiguiendo su segunda y tercera victoria del a\u00f1o. Estos dos triunfos le permiten mantenerse l\u00edder de la general, seguido por Alan Techer a 23 puntos.<\/p>\n<p>En Superbike, <strong>Carmelo Morales ha logrado dos ajustadas victorias<\/strong> en las dos carreras de hoy, en las que se ha impuesto por s\u00f3lo 53 mil\u00e9simas sobre Santi Barrag\u00e1n en la primera y por 43 sobre Maximilian Scheib, en la segunda. Los 50 puntos sumados hoy le permiten recortar distancias en la general, situ\u00e1ndose tercero a dos puntos de Santi Barrag\u00e1n, segundo, y a 11 del l\u00edder, el chileno Scheib.<\/p>\n<p>El FIM CEV Repsol volver\u00e1 a la acci\u00f3n en s\u00f3lo 15 d\u00edas en el Circuit de Barcelona-Catalunya, el pr\u00f3ximo 12 de junio. En esta ocasi\u00f3n Moto3 y Moto2 ser\u00e1n las categor\u00edas que disputen dos mangas.<\/p>\n<p>\t\t\t\t<img decoding=\"async\" src=\"https:\/\/bxrepsol.s3.eu-west-1.amazonaws.com\/static\/2022\/08\/29044009\/7-fin-cev-repsol-2016.jpg\" alt=\"7-fin-cev-repsol-2016\" itemprop=\"image\"  \/><\/p>\n<p><strong>Marcos Ram\u00edrez Ganador de la carrera de Moto3<br \/>\n<\/strong><\/p>\n<p><em>\u00abLa carrera ha sido muy dura, porque hemos rodado en un grupo muy grande, de 6 pilotos, y siempre he intentado encabezarlo. Cuando faltaban dos o tres vueltas me he colocado primero, he tirado al m\u00e1ximo y he hecho la vuelta r\u00e1pida, igualando el tiempo del entrenamiento cronometrado de ayer. Gracias a esa vuelta r\u00e1pida he conseguido unos metros de ventaja sobre el grupo que finalmente me han servido para ganar\u00bb.<\/em><\/p>\n<p><strong>Steven Odendaal &#8211; Ganador de la primera carrera de Moto2<\/strong><\/p>\n<p><em>\u00abAl principio de la prueba, me ha sorprendido Remy Gardner. Ha rodado muy fuerte en la primera vuelta, pero sab\u00eda que ten\u00edamos que tomarlo con calma en los primeros giros y ver cu\u00e1les eran las condiciones de la pista. Estoy muy contento con esta nueva victoria y quiero darle las gracias al equipo\u00bb.<\/em><\/p>\n<p><strong>Steven Odendaal &#8211; Ganador de la segunda carrera de Moto2<\/strong><\/p>\n<p><em>\u00abLa bandera roja ha marcado la carrera y se han reducido las vueltas. Al reanudar esta manga, he intentado no salir nervioso, pero quiz\u00e1s me he relejado demasiado y Techer estaba justo detr\u00e1s de m\u00ed, as\u00ed que he tenido que darlo todo hasta la \u00faltima curva para lograr la victoria. Estoy muy contento por el equipo y estos resultados nos dan confianza para ir a Barcelona y ver si podemos hacer el mismo trabajo que aqu\u00ed\u00bb.<\/em><\/p>\n<p><strong>Carmelo Morales &#8211; Ganador de la primera carrera de Superbike<\/strong><\/p>\n<p><em>\u00abHa sido una carrera muy buena para nosotros, porque hemos conseguido los primeros puntos de la temporada y era bastante dif\u00edcil porque no pod\u00edamos fallar. Ha sido una primera manga bastante complicada, porque todos hemos sufrido mucho con los neum\u00e1ticos. Barrag\u00e1n me ha pasado en las \u00faltimas vueltas y me ha sorprendido porque iba muy r\u00e1pido y pensaba que se me iba a escapar la carrera. Pero por suerte, en la \u00faltima frenada he hecho una buena trazada y he podido adelantarlo. Ha sido una carrera bonita, de las que se deciden en la \u00faltima vuelta\u00bb.<\/em><\/p>\n<p><strong>Carmelo Morales &#8211; Ganador de la segunda carrera de Superbike<br \/>\n<\/strong><br \/>\n<em>\u00abLas dos carreras de hoy han sido muy bonitas y muy disputadas. Lo primero que quiero hacer es felicitar a Maximilian Scheib, que lo ha hecho muy bien y no me esperaba que fuese tan fuerte. En parte tengo que darle las gracias porque su alto rendimiento me obliga a mejorar y me motiva para las pr\u00f3ximas carreras. Tambi\u00e9n quiero felicitar a mi equipo porque este fin de semana hemos tenido algunos problemas en los entrenamientos libres, pero hemos podido solucionarlos y ganar las dos mangas\u00bb.<\/em><\/p>\n","protected":false},"excerpt":{"rendered":"<p>Marcos Ram\u00edrez, en Moto3, Steven Odendaal, en las dos mangas de Moto2, y Carmelo Morales, en las dos de Superbike, suben a lo m\u00e1s alto del podio de la cita del FIM CEV Repsol celebrada en MotorLand Arag\u00f3n.<\/p>\n","protected":false},"author":43146,"featured_media":85459,"comment_status":"open","ping_status":"open","sticky":false,"template":"","format":"standard","meta":{"footnotes":""},"categories":[1],"tags":[130],"class_list":["post-89709","post","type-post","status-publish","format-standard","hentry","category-sin-categorizar","tag-otros-eventos-y-competiciones"],"yoast_head":"<!-- This site is optimized with the Yoast SEO plugin v27.3 - https:\/\/yoast.com\/product\/yoast-seo-wordpress\/ -->\n<title>Ram\u00edrez, Odendaal y Morales se reparten las victorias en el FIM CEV Repsol - Box Repsol<\/title>\n<meta name=\"description\" content=\"Marcos Ram\u00edrez, en Moto3, Steven Odendaal, en las dos mangas de Moto2, y Carmelo Morales, en las dos de Superbike, suben a lo m\u00e1s alto del podio...\" \/>\n<link rel=\"canonical\" href=\"https:\/\/www.boxrepsol.com\/es\/sin-categorizar\/ramirez-odendaal-y-morales-se-reparten-las-victorias-en-el-fim-cev-repsol\/\" \/>\n<meta property=\"og:locale\" content=\"es_ES\" \/>\n<meta property=\"og:type\" content=\"article\" \/>\n<meta property=\"og:title\" content=\"Ram\u00edrez, Odendaal y Morales se reparten las victorias en el FIM CEV Repsol - Box Repsol\" \/>\n<meta property=\"og:description\" content=\"Marcos Ram\u00edrez, en Moto3, Steven Odendaal, en las dos mangas de Moto2, y Carmelo Morales, en las dos de Superbike, suben a lo m\u00e1s alto del podio...\" \/>\n<meta property=\"og:url\" content=\"https:\/\/www.boxrepsol.com\/es\/sin-categorizar\/ramirez-odendaal-y-morales-se-reparten-las-victorias-en-el-fim-cev-repsol\/\" \/>\n<meta property=\"og:site_name\" content=\"Box Repsol\" \/>\n<meta property=\"article:publisher\" content=\"https:\/\/www.facebook.com\/BoxRepsol\" \/>\n<meta property=\"article:author\" content=\"https:\/\/www.facebook.com\/BoxRepsol\/\" \/>\n<meta property=\"article:published_time\" content=\"2016-05-30T02:00:00+00:00\" \/>\n<meta property=\"article:modified_time\" content=\"2024-05-07T08:40:57+00:00\" \/>\n<meta property=\"og:image\" content=\"https:\/\/www.boxrepsol.com\/wp-content\/uploads\/2022\/08\/6-fim-cev-moto3-race.jpg\" \/>\n\t<meta property=\"og:image:width\" content=\"1024\" \/>\n\t<meta property=\"og:image:height\" content=\"429\" \/>\n\t<meta property=\"og:image:type\" content=\"image\/jpeg\" \/>\n<meta name=\"author\" content=\"Redacci\u00f3n Box Repsol\" \/>\n<meta name=\"twitter:card\" content=\"summary_large_image\" \/>\n<meta name=\"twitter:creator\" content=\"@https:\/\/twitter.com\/box_repsol\" \/>\n<meta name=\"twitter:site\" content=\"@box_repsol\" \/>\n<meta name=\"twitter:label1\" content=\"Written by\" \/>\n\t<meta name=\"twitter:data1\" content=\"Redacci\u00f3n Box Repsol\" \/>\n\t<meta name=\"twitter:label2\" content=\"Est. reading time\" \/>\n\t<meta name=\"twitter:data2\" content=\"4 minutos\" \/>\n<script type=\"application\/ld+json\" class=\"yoast-schema-graph\">{\"@context\":\"https:\\\/\\\/schema.org\",\"@graph\":[{\"@type\":\"Article\",\"@id\":\"https:\\\/\\\/www.boxrepsol.com\\\/es\\\/sin-categorizar\\\/ramirez-odendaal-y-morales-se-reparten-las-victorias-en-el-fim-cev-repsol\\\/#article\",\"isPartOf\":{\"@id\":\"https:\\\/\\\/www.boxrepsol.com\\\/es\\\/sin-categorizar\\\/ramirez-odendaal-y-morales-se-reparten-las-victorias-en-el-fim-cev-repsol\\\/\"},\"author\":{\"name\":\"Redacci\u00f3n Box Repsol\",\"@id\":\"https:\\\/\\\/www.boxrepsol.com\\\/es\\\/#\\\/schema\\\/person\\\/c5c2138f2cca251b0ad92b7086bb60b7\"},\"headline\":\"Ram\u00edrez, Odendaal y Morales se reparten las victorias en el FIM CEV Repsol\",\"datePublished\":\"2016-05-30T02:00:00+00:00\",\"dateModified\":\"2024-05-07T08:40:57+00:00\",\"mainEntityOfPage\":{\"@id\":\"https:\\\/\\\/www.boxrepsol.com\\\/es\\\/sin-categorizar\\\/ramirez-odendaal-y-morales-se-reparten-las-victorias-en-el-fim-cev-repsol\\\/\"},\"wordCount\":815,\"commentCount\":0,\"publisher\":{\"@id\":\"https:\\\/\\\/www.boxrepsol.com\\\/es\\\/#organization\"},\"image\":{\"@id\":\"https:\\\/\\\/www.boxrepsol.com\\\/es\\\/sin-categorizar\\\/ramirez-odendaal-y-morales-se-reparten-las-victorias-en-el-fim-cev-repsol\\\/#primaryimage\"},\"thumbnailUrl\":\"https:\\\/\\\/www.boxrepsol.com\\\/wp-content\\\/uploads\\\/2022\\\/08\\\/6-fim-cev-moto3-race.jpg\",\"keywords\":[\"otros eventos y competiciones\"],\"articleSection\":[\"Sin categorizar\"],\"inLanguage\":\"es\",\"potentialAction\":[{\"@type\":\"CommentAction\",\"name\":\"Comment\",\"target\":[\"https:\\\/\\\/www.boxrepsol.com\\\/es\\\/sin-categorizar\\\/ramirez-odendaal-y-morales-se-reparten-las-victorias-en-el-fim-cev-repsol\\\/#respond\"]}]},{\"@type\":\"WebPage\",\"@id\":\"https:\\\/\\\/www.boxrepsol.com\\\/es\\\/sin-categorizar\\\/ramirez-odendaal-y-morales-se-reparten-las-victorias-en-el-fim-cev-repsol\\\/\",\"url\":\"https:\\\/\\\/www.boxrepsol.com\\\/es\\\/sin-categorizar\\\/ramirez-odendaal-y-morales-se-reparten-las-victorias-en-el-fim-cev-repsol\\\/\",\"name\":\"Ram\u00edrez, Odendaal y Morales se reparten las victorias en el FIM CEV Repsol - Box Repsol\",\"isPartOf\":{\"@id\":\"https:\\\/\\\/www.boxrepsol.com\\\/es\\\/#website\"},\"primaryImageOfPage\":{\"@id\":\"https:\\\/\\\/www.boxrepsol.com\\\/es\\\/sin-categorizar\\\/ramirez-odendaal-y-morales-se-reparten-las-victorias-en-el-fim-cev-repsol\\\/#primaryimage\"},\"image\":{\"@id\":\"https:\\\/\\\/www.boxrepsol.com\\\/es\\\/sin-categorizar\\\/ramirez-odendaal-y-morales-se-reparten-las-victorias-en-el-fim-cev-repsol\\\/#primaryimage\"},\"thumbnailUrl\":\"https:\\\/\\\/www.boxrepsol.com\\\/wp-content\\\/uploads\\\/2022\\\/08\\\/6-fim-cev-moto3-race.jpg\",\"datePublished\":\"2016-05-30T02:00:00+00:00\",\"dateModified\":\"2024-05-07T08:40:57+00:00\",\"description\":\"Marcos Ram\u00edrez, en Moto3, Steven Odendaal, en las dos mangas de Moto2, y Carmelo Morales, en las dos de Superbike, suben a lo m\u00e1s alto del podio...\",\"breadcrumb\":{\"@id\":\"https:\\\/\\\/www.boxrepsol.com\\\/es\\\/sin-categorizar\\\/ramirez-odendaal-y-morales-se-reparten-las-victorias-en-el-fim-cev-repsol\\\/#breadcrumb\"},\"inLanguage\":\"es\",\"potentialAction\":[{\"@type\":\"ReadAction\",\"target\":[\"https:\\\/\\\/www.boxrepsol.com\\\/es\\\/sin-categorizar\\\/ramirez-odendaal-y-morales-se-reparten-las-victorias-en-el-fim-cev-repsol\\\/\"]}]},{\"@type\":\"ImageObject\",\"inLanguage\":\"es\",\"@id\":\"https:\\\/\\\/www.boxrepsol.com\\\/es\\\/sin-categorizar\\\/ramirez-odendaal-y-morales-se-reparten-las-victorias-en-el-fim-cev-repsol\\\/#primaryimage\",\"url\":\"https:\\\/\\\/www.boxrepsol.com\\\/wp-content\\\/uploads\\\/2022\\\/08\\\/6-fim-cev-moto3-race.jpg\",\"contentUrl\":\"https:\\\/\\\/www.boxrepsol.com\\\/wp-content\\\/uploads\\\/2022\\\/08\\\/6-fim-cev-moto3-race.jpg\",\"width\":1024,\"height\":429,\"caption\":\"Carrera de categor\u00eda SBK en el FIM CEV Repsol\"},{\"@type\":\"BreadcrumbList\",\"@id\":\"https:\\\/\\\/www.boxrepsol.com\\\/es\\\/sin-categorizar\\\/ramirez-odendaal-y-morales-se-reparten-las-victorias-en-el-fim-cev-repsol\\\/#breadcrumb\",\"itemListElement\":[{\"@type\":\"ListItem\",\"position\":1,\"name\":\"Home\",\"item\":\"https:\\\/\\\/www.boxrepsol.com\\\/es\\\/\"},{\"@type\":\"ListItem\",\"position\":2,\"name\":\"Ram\u00edrez, Odendaal y Morales se reparten las victorias en el FIM CEV Repsol\"}]},{\"@type\":\"WebSite\",\"@id\":\"https:\\\/\\\/www.boxrepsol.com\\\/es\\\/#website\",\"url\":\"https:\\\/\\\/www.boxrepsol.com\\\/es\\\/\",\"name\":\"Box Repsol\",\"description\":\"Box Repsol Site\",\"publisher\":{\"@id\":\"https:\\\/\\\/www.boxrepsol.com\\\/es\\\/#organization\"},\"potentialAction\":[{\"@type\":\"SearchAction\",\"target\":{\"@type\":\"EntryPoint\",\"urlTemplate\":\"https:\\\/\\\/www.boxrepsol.com\\\/es\\\/?s={search_term_string}\"},\"query-input\":{\"@type\":\"PropertyValueSpecification\",\"valueRequired\":true,\"valueName\":\"search_term_string\"}}],\"inLanguage\":\"es\"},{\"@type\":\"Organization\",\"@id\":\"https:\\\/\\\/www.boxrepsol.com\\\/es\\\/#organization\",\"name\":\"Box Repsol\",\"url\":\"https:\\\/\\\/www.boxrepsol.com\\\/es\\\/\",\"logo\":{\"@type\":\"ImageObject\",\"inLanguage\":\"es\",\"@id\":\"https:\\\/\\\/www.boxrepsol.com\\\/es\\\/#\\\/schema\\\/logo\\\/image\\\/\",\"url\":\"https:\\\/\\\/bxrepsol.s3.eu-west-1.amazonaws.com\\\/static\\\/2025\\\/07\\\/30083337\\\/favicon-96x96-1.png\",\"contentUrl\":\"https:\\\/\\\/bxrepsol.s3.eu-west-1.amazonaws.com\\\/static\\\/2025\\\/07\\\/30083337\\\/favicon-96x96-1.png\",\"width\":96,\"height\":96,\"caption\":\"Box Repsol\"},\"image\":{\"@id\":\"https:\\\/\\\/www.boxrepsol.com\\\/es\\\/#\\\/schema\\\/logo\\\/image\\\/\"},\"sameAs\":[\"https:\\\/\\\/www.facebook.com\\\/BoxRepsol\",\"https:\\\/\\\/x.com\\\/box_repsol\",\"http:\\\/\\\/instagram.com\\\/box_repsol\",\"https:\\\/\\\/www.youtube.com\\\/user\\\/RepsolCompeticion\",\"https:\\\/\\\/www.flickr.com\\\/photos\\\/box_repsol\\\/\"]},{\"@type\":\"Person\",\"@id\":\"https:\\\/\\\/www.boxrepsol.com\\\/es\\\/#\\\/schema\\\/person\\\/c5c2138f2cca251b0ad92b7086bb60b7\",\"name\":\"Redacci\u00f3n Box Repsol\",\"image\":{\"@type\":\"ImageObject\",\"inLanguage\":\"es\",\"@id\":\"https:\\\/\\\/secure.gravatar.com\\\/avatar\\\/adf7b77e38b4419baf32c7e9c21dde01f4e40df611f0978e3006fc4ba0aaab7e?s=96&d=mm&r=g\",\"url\":\"https:\\\/\\\/secure.gravatar.com\\\/avatar\\\/adf7b77e38b4419baf32c7e9c21dde01f4e40df611f0978e3006fc4ba0aaab7e?s=96&d=mm&r=g\",\"contentUrl\":\"https:\\\/\\\/secure.gravatar.com\\\/avatar\\\/adf7b77e38b4419baf32c7e9c21dde01f4e40df611f0978e3006fc4ba0aaab7e?s=96&d=mm&r=g\",\"caption\":\"Redacci\u00f3n Box Repsol\"},\"description\":\"Box Repsol lo forma un equipo de periodistas, community managers, dise\u00f1adores y fot\u00f3grafos con m\u00e1s de 20 a\u00f1os de experiencia en el mundo del motorsport. Hemos vivido el primer mundial de un espa\u00f1ol en la categor\u00eda reina de motociclismo con \u00c1lex Crivill\u00e9, estuvimos en las victorias de Pedrosa y los t\u00edtulos de M\u00e1rquez, acompa\u00f1amos en \u00c1frica a Nani Roma y Marc Coma en sus conquistas del Dakar y hemos vibrado con los t\u00edtulos de Toni Bou en Trial. Adem\u00e1s, en nuestro equipo contamos con expertos en el mundo de las dos y cuatro ruedas tanto de la calle y las carreteras, como de los circuitos. Periodistas que han trabajado en revistas y publicaciones para hacerte llegar desde rutas y consejos de mantenimiento, a curiosidades y trucos de pilotaje.\",\"sameAs\":[\"https:\\\/\\\/www.facebook.com\\\/BoxRepsol\\\/\",\"https:\\\/\\\/www.instagram.com\\\/box_repsol\\\/\",\"https:\\\/\\\/x.com\\\/https:\\\/\\\/twitter.com\\\/box_repsol\",\"https:\\\/\\\/www.youtube.com\\\/@Boxrepsol\"],\"url\":\"https:\\\/\\\/www.boxrepsol.com\\\/es\\\/author\\\/redaccion-box-repsol\\\/\"}]}<\/script>\n<!-- \/ Yoast SEO plugin. -->","yoast_head_json":{"title":"Ram\u00edrez, Odendaal y Morales se reparten las victorias en el FIM CEV Repsol - Box Repsol","description":"Marcos Ram\u00edrez, en Moto3, Steven Odendaal, en las dos mangas de Moto2, y Carmelo Morales, en las dos de Superbike, suben a lo m\u00e1s alto del podio...","canonical":"https:\/\/www.boxrepsol.com\/es\/sin-categorizar\/ramirez-odendaal-y-morales-se-reparten-las-victorias-en-el-fim-cev-repsol\/","og_locale":"es_ES","og_type":"article","og_title":"Ram\u00edrez, Odendaal y Morales se reparten las victorias en el FIM CEV Repsol - Box Repsol","og_description":"Marcos Ram\u00edrez, en Moto3, Steven Odendaal, en las dos mangas de Moto2, y Carmelo Morales, en las dos de Superbike, suben a lo m\u00e1s alto del podio...","og_url":"https:\/\/www.boxrepsol.com\/es\/sin-categorizar\/ramirez-odendaal-y-morales-se-reparten-las-victorias-en-el-fim-cev-repsol\/","og_site_name":"Box Repsol","article_publisher":"https:\/\/www.facebook.com\/BoxRepsol","article_author":"https:\/\/www.facebook.com\/BoxRepsol\/","article_published_time":"2016-05-30T02:00:00+00:00","article_modified_time":"2024-05-07T08:40:57+00:00","og_image":[{"width":1024,"height":429,"url":"https:\/\/www.boxrepsol.com\/wp-content\/uploads\/2022\/08\/6-fim-cev-moto3-race.jpg","type":"image\/jpeg"}],"author":"Redacci\u00f3n Box Repsol","twitter_card":"summary_large_image","twitter_creator":"@https:\/\/twitter.com\/box_repsol","twitter_site":"@box_repsol","twitter_misc":{"Written by":"Redacci\u00f3n Box Repsol","Est. reading time":"4 minutos"},"schema":{"@context":"https:\/\/schema.org","@graph":[{"@type":"Article","@id":"https:\/\/www.boxrepsol.com\/es\/sin-categorizar\/ramirez-odendaal-y-morales-se-reparten-las-victorias-en-el-fim-cev-repsol\/#article","isPartOf":{"@id":"https:\/\/www.boxrepsol.com\/es\/sin-categorizar\/ramirez-odendaal-y-morales-se-reparten-las-victorias-en-el-fim-cev-repsol\/"},"author":{"name":"Redacci\u00f3n Box Repsol","@id":"https:\/\/www.boxrepsol.com\/es\/#\/schema\/person\/c5c2138f2cca251b0ad92b7086bb60b7"},"headline":"Ram\u00edrez, Odendaal y Morales se reparten las victorias en el FIM CEV Repsol","datePublished":"2016-05-30T02:00:00+00:00","dateModified":"2024-05-07T08:40:57+00:00","mainEntityOfPage":{"@id":"https:\/\/www.boxrepsol.com\/es\/sin-categorizar\/ramirez-odendaal-y-morales-se-reparten-las-victorias-en-el-fim-cev-repsol\/"},"wordCount":815,"commentCount":0,"publisher":{"@id":"https:\/\/www.boxrepsol.com\/es\/#organization"},"image":{"@id":"https:\/\/www.boxrepsol.com\/es\/sin-categorizar\/ramirez-odendaal-y-morales-se-reparten-las-victorias-en-el-fim-cev-repsol\/#primaryimage"},"thumbnailUrl":"https:\/\/www.boxrepsol.com\/wp-content\/uploads\/2022\/08\/6-fim-cev-moto3-race.jpg","keywords":["otros eventos y competiciones"],"articleSection":["Sin categorizar"],"inLanguage":"es","potentialAction":[{"@type":"CommentAction","name":"Comment","target":["https:\/\/www.boxrepsol.com\/es\/sin-categorizar\/ramirez-odendaal-y-morales-se-reparten-las-victorias-en-el-fim-cev-repsol\/#respond"]}]},{"@type":"WebPage","@id":"https:\/\/www.boxrepsol.com\/es\/sin-categorizar\/ramirez-odendaal-y-morales-se-reparten-las-victorias-en-el-fim-cev-repsol\/","url":"https:\/\/www.boxrepsol.com\/es\/sin-categorizar\/ramirez-odendaal-y-morales-se-reparten-las-victorias-en-el-fim-cev-repsol\/","name":"Ram\u00edrez, Odendaal y Morales se reparten las victorias en el FIM CEV Repsol - Box Repsol","isPartOf":{"@id":"https:\/\/www.boxrepsol.com\/es\/#website"},"primaryImageOfPage":{"@id":"https:\/\/www.boxrepsol.com\/es\/sin-categorizar\/ramirez-odendaal-y-morales-se-reparten-las-victorias-en-el-fim-cev-repsol\/#primaryimage"},"image":{"@id":"https:\/\/www.boxrepsol.com\/es\/sin-categorizar\/ramirez-odendaal-y-morales-se-reparten-las-victorias-en-el-fim-cev-repsol\/#primaryimage"},"thumbnailUrl":"https:\/\/www.boxrepsol.com\/wp-content\/uploads\/2022\/08\/6-fim-cev-moto3-race.jpg","datePublished":"2016-05-30T02:00:00+00:00","dateModified":"2024-05-07T08:40:57+00:00","description":"Marcos Ram\u00edrez, en Moto3, Steven Odendaal, en las dos mangas de Moto2, y Carmelo Morales, en las dos de Superbike, suben a lo m\u00e1s alto del podio...","breadcrumb":{"@id":"https:\/\/www.boxrepsol.com\/es\/sin-categorizar\/ramirez-odendaal-y-morales-se-reparten-las-victorias-en-el-fim-cev-repsol\/#breadcrumb"},"inLanguage":"es","potentialAction":[{"@type":"ReadAction","target":["https:\/\/www.boxrepsol.com\/es\/sin-categorizar\/ramirez-odendaal-y-morales-se-reparten-las-victorias-en-el-fim-cev-repsol\/"]}]},{"@type":"ImageObject","inLanguage":"es","@id":"https:\/\/www.boxrepsol.com\/es\/sin-categorizar\/ramirez-odendaal-y-morales-se-reparten-las-victorias-en-el-fim-cev-repsol\/#primaryimage","url":"https:\/\/www.boxrepsol.com\/wp-content\/uploads\/2022\/08\/6-fim-cev-moto3-race.jpg","contentUrl":"https:\/\/www.boxrepsol.com\/wp-content\/uploads\/2022\/08\/6-fim-cev-moto3-race.jpg","width":1024,"height":429,"caption":"Carrera de categor\u00eda SBK en el FIM CEV Repsol"},{"@type":"BreadcrumbList","@id":"https:\/\/www.boxrepsol.com\/es\/sin-categorizar\/ramirez-odendaal-y-morales-se-reparten-las-victorias-en-el-fim-cev-repsol\/#breadcrumb","itemListElement":[{"@type":"ListItem","position":1,"name":"Home","item":"https:\/\/www.boxrepsol.com\/es\/"},{"@type":"ListItem","position":2,"name":"Ram\u00edrez, Odendaal y Morales se reparten las victorias en el FIM CEV Repsol"}]},{"@type":"WebSite","@id":"https:\/\/www.boxrepsol.com\/es\/#website","url":"https:\/\/www.boxrepsol.com\/es\/","name":"Box Repsol","description":"Box Repsol Site","publisher":{"@id":"https:\/\/www.boxrepsol.com\/es\/#organization"},"potentialAction":[{"@type":"SearchAction","target":{"@type":"EntryPoint","urlTemplate":"https:\/\/www.boxrepsol.com\/es\/?s={search_term_string}"},"query-input":{"@type":"PropertyValueSpecification","valueRequired":true,"valueName":"search_term_string"}}],"inLanguage":"es"},{"@type":"Organization","@id":"https:\/\/www.boxrepsol.com\/es\/#organization","name":"Box Repsol","url":"https:\/\/www.boxrepsol.com\/es\/","logo":{"@type":"ImageObject","inLanguage":"es","@id":"https:\/\/www.boxrepsol.com\/es\/#\/schema\/logo\/image\/","url":"https:\/\/bxrepsol.s3.eu-west-1.amazonaws.com\/static\/2025\/07\/30083337\/favicon-96x96-1.png","contentUrl":"https:\/\/bxrepsol.s3.eu-west-1.amazonaws.com\/static\/2025\/07\/30083337\/favicon-96x96-1.png","width":96,"height":96,"caption":"Box Repsol"},"image":{"@id":"https:\/\/www.boxrepsol.com\/es\/#\/schema\/logo\/image\/"},"sameAs":["https:\/\/www.facebook.com\/BoxRepsol","https:\/\/x.com\/box_repsol","http:\/\/instagram.com\/box_repsol","https:\/\/www.youtube.com\/user\/RepsolCompeticion","https:\/\/www.flickr.com\/photos\/box_repsol\/"]},{"@type":"Person","@id":"https:\/\/www.boxrepsol.com\/es\/#\/schema\/person\/c5c2138f2cca251b0ad92b7086bb60b7","name":"Redacci\u00f3n Box Repsol","image":{"@type":"ImageObject","inLanguage":"es","@id":"https:\/\/secure.gravatar.com\/avatar\/adf7b77e38b4419baf32c7e9c21dde01f4e40df611f0978e3006fc4ba0aaab7e?s=96&d=mm&r=g","url":"https:\/\/secure.gravatar.com\/avatar\/adf7b77e38b4419baf32c7e9c21dde01f4e40df611f0978e3006fc4ba0aaab7e?s=96&d=mm&r=g","contentUrl":"https:\/\/secure.gravatar.com\/avatar\/adf7b77e38b4419baf32c7e9c21dde01f4e40df611f0978e3006fc4ba0aaab7e?s=96&d=mm&r=g","caption":"Redacci\u00f3n Box Repsol"},"description":"Box Repsol lo forma un equipo de periodistas, community managers, dise\u00f1adores y fot\u00f3grafos con m\u00e1s de 20 a\u00f1os de experiencia en el mundo del motorsport. Hemos vivido el primer mundial de un espa\u00f1ol en la categor\u00eda reina de motociclismo con \u00c1lex Crivill\u00e9, estuvimos en las victorias de Pedrosa y los t\u00edtulos de M\u00e1rquez, acompa\u00f1amos en \u00c1frica a Nani Roma y Marc Coma en sus conquistas del Dakar y hemos vibrado con los t\u00edtulos de Toni Bou en Trial. Adem\u00e1s, en nuestro equipo contamos con expertos en el mundo de las dos y cuatro ruedas tanto de la calle y las carreteras, como de los circuitos. Periodistas que han trabajado en revistas y publicaciones para hacerte llegar desde rutas y consejos de mantenimiento, a curiosidades y trucos de pilotaje.","sameAs":["https:\/\/www.facebook.com\/BoxRepsol\/","https:\/\/www.instagram.com\/box_repsol\/","https:\/\/x.com\/https:\/\/twitter.com\/box_repsol","https:\/\/www.youtube.com\/@Boxrepsol"],"url":"https:\/\/www.boxrepsol.com\/es\/author\/redaccion-box-repsol\/"}]}},"_links":{"self":[{"href":"https:\/\/www.boxrepsol.com\/es\/wp-json\/wp\/v2\/posts\/89709","targetHints":{"allow":["GET"]}}],"collection":[{"href":"https:\/\/www.boxrepsol.com\/es\/wp-json\/wp\/v2\/posts"}],"about":[{"href":"https:\/\/www.boxrepsol.com\/es\/wp-json\/wp\/v2\/types\/post"}],"author":[{"embeddable":true,"href":"https:\/\/www.boxrepsol.com\/es\/wp-json\/wp\/v2\/users\/43146"}],"replies":[{"embeddable":true,"href":"https:\/\/www.boxrepsol.com\/es\/wp-json\/wp\/v2\/comments?post=89709"}],"version-history":[{"count":1,"href":"https:\/\/www.boxrepsol.com\/es\/wp-json\/wp\/v2\/posts\/89709\/revisions"}],"predecessor-version":[{"id":89710,"href":"https:\/\/www.boxrepsol.com\/es\/wp-json\/wp\/v2\/posts\/89709\/revisions\/89710"}],"wp:featuredmedia":[{"embeddable":true,"href":"https:\/\/www.boxrepsol.com\/es\/wp-json\/wp\/v2\/media\/85459"}],"wp:attachment":[{"href":"https:\/\/www.boxrepsol.com\/es\/wp-json\/wp\/v2\/media?parent=89709"}],"wp:term":[{"taxonomy":"category","embeddable":true,"href":"https:\/\/www.boxrepsol.com\/es\/wp-json\/wp\/v2\/categories?post=89709"},{"taxonomy":"post_tag","embeddable":true,"href":"https:\/\/www.boxrepsol.com\/es\/wp-json\/wp\/v2\/tags?post=89709"}],"curies":[{"name":"wp","href":"https:\/\/api.w.org\/{rel}","templated":true}]}}