{"id":89704,"date":"2016-06-05T00:00:00","date_gmt":"2016-06-05T02:00:00","guid":{"rendered":"http:\/\/pre.boxrepsol.com\/sin-categorizar\/primera-victoria-de-navarro-en-el-mundial\/"},"modified":"2023-02-24T09:44:27","modified_gmt":"2023-02-24T11:44:27","slug":"primera-victoria-de-navarro-en-el-mundial","status":"publish","type":"post","link":"https:\/\/www.boxrepsol.com\/es\/motogp\/primera-victoria-de-navarro-en-el-mundial\/","title":{"rendered":"Primera victoria de Navarro en el Mundial"},"content":{"rendered":"<blockquote>\n<p>\u00b7@jorge_navarro9: \u00abLa victoria sabe a gloria\u00bb #GPCatalunya <\/p>\n<p>            <a href=\"http:\/\/twitter.com\/share?text=%C2%B7%40jorge_navarro9%3A+%22La+victoria+sabe+a+gloria%22+%23GPCatalunya+&#038;url=http%3A%2F%2F34.249.211.158%2Fes%2Fmoto3%2Fprimera-victoria-de-navarro-en-el-mundial%2F&#038;hashtags=\" target=\"_blank\" rel=\"noopener\"><br \/>\n            twittear        <\/a>\n        <\/p><\/blockquote>\n<p><strong>Jorge Navarro<\/strong> ha conseguido en el Circuit de Barcelona-Catalunya su primera victoria en el Mundial de Motociclismo. En una carrera en grupo en la que nadie ha sido capaz de escaparse, el valenciano ha sabido mantenerse siempre en las primeras posiciones. Esto le ha permitido tomar el liderato a dos vueltas del final, <strong>imponer su mejor ritmo y abrir un hueco respecto a sus perseguidores<\/strong>. Navarro ha cruzado la l\u00ednea de meta con una ventaja de 0.564 sobre el segundo clasificado y l\u00edder del Mundial, el sudafricano Brad Binder.<\/p>\n<p>Su compa\u00f1ero de equipo, <strong>Ar\u00f3n Canet<\/strong>, ha vuelto a hacer una gran carrera. El debutante del equipo ha rodado en todo momento en el grupo de cabeza y ha terminado en sexta posici\u00f3n, a apenas segundo y medio del vencedor y con el podio nuevamente a su alcance.<\/p>\n<p>La pr\u00f3xima cita del Mundial ser\u00e1 el Gran Premio de Holanda, en Assen, los d\u00edas 24, 25 y 26 de junio.<\/p>\n<p>\t\t\t\t<img decoding=\"async\" src=\"https:\/\/bxrepsol.s3.eu-west-1.amazonaws.com\/static\/2022\/08\/29043947\/2-moto3-jorge-navarro-aron-canet-repsol-estrella-galicia.jpg\" alt=\"Moto3 carrera\" itemprop=\"image\"  \/><\/p>\n<h3><strong>Jorge Navarro<br \/>\n<\/strong><\/h3>\n<p><em>\u00abLa victoria sabe a gloria y m\u00e1s de la manera que la hemos conseguido. En lo deportivo ha sido un fin de semana muy bueno, porque ya desde el viernes ten\u00edamos en mente hacer una carrera como \u00e9sta, salir bien y empujar mucho. Las mejoras que ha tra\u00eddo Honda me han ayudado mucho tambi\u00e9n. Hoy he salido pensando que ten\u00eda que ganar, que hoy era el d\u00eda; por m\u00ed, por mi equipo y por poder dedicarle la victoria a Luis [Salom]\u00bb.<\/em><\/p>\n<h3><strong>Ar\u00f3n Canet<\/strong><\/h3>\n<p><em>\u00ab\u00c9ste es como un Gran Premio de casa para m\u00ed y me encanta c\u00f3mo la afici\u00f3n nos anima en este circuito. Estoy contento por la carrera que he hecho. Ha sido dif\u00edcil porque al principio, Jorge [Navarro] iba primero, le pod\u00eda seguir bien, pero cuando me he puesto yo al frente, me ha costado tirar del grupo y he perdido unas cuantas posiciones. M\u00e1s tarde, el grupo de cabeza se ha cortado, pero al final de la carrera hemos podido recuperar el segundo y medio que nos hab\u00edan sacado los de delante. Hemos acabado sextos y creo que a\u00fan lo podr\u00eda haber hecho mejor. Veremos qu\u00e9 tal nos va en Assen\u00bb.<\/em><\/p>\n","protected":false},"excerpt":{"rendered":"<p>El piloto Repsol sube a lo m\u00e1s alto del podio y Ar\u00f3n Canet logra un meritorio sexto puesto, a menos de un segundo de las plazas de honor.<\/p>\n","protected":false},"author":1,"featured_media":85449,"comment_status":"open","ping_status":"open","sticky":false,"template":"","format":"standard","meta":{"footnotes":""},"categories":[4],"tags":[14],"class_list":["post-89704","post","type-post","status-publish","format-standard","hentry","category-motogp","tag-moto3"],"yoast_head":"<!-- This site is optimized with the Yoast SEO plugin v27.3 - https:\/\/yoast.com\/product\/yoast-seo-wordpress\/ -->\n<title>Primera victoria de Navarro en el Mundial - Box Repsol<\/title>\n<meta name=\"description\" content=\"El piloto Repsol sube a lo m\u00e1s alto del podio y Ar\u00f3n Canet logra un meritorio sexto puesto, a menos de un segundo de las plazas de honor...\" \/>\n<link rel=\"canonical\" href=\"https:\/\/www.boxrepsol.com\/es\/motogp\/primera-victoria-de-navarro-en-el-mundial\/\" \/>\n<meta property=\"og:locale\" content=\"es_ES\" \/>\n<meta property=\"og:type\" content=\"article\" \/>\n<meta property=\"og:title\" content=\"Primera victoria de Navarro en el Mundial - Box Repsol\" \/>\n<meta property=\"og:description\" content=\"El piloto Repsol sube a lo m\u00e1s alto del podio y Ar\u00f3n Canet logra un meritorio sexto puesto, a menos de un segundo de las plazas de honor...\" \/>\n<meta property=\"og:url\" content=\"https:\/\/www.boxrepsol.com\/es\/motogp\/primera-victoria-de-navarro-en-el-mundial\/\" \/>\n<meta property=\"og:site_name\" content=\"Box Repsol\" \/>\n<meta property=\"article:publisher\" content=\"https:\/\/www.facebook.com\/BoxRepsol\" \/>\n<meta property=\"article:published_time\" content=\"2016-06-05T02:00:00+00:00\" \/>\n<meta property=\"article:modified_time\" content=\"2023-02-24T11:44:27+00:00\" \/>\n<meta property=\"og:image\" content=\"https:\/\/www.boxrepsol.com\/wp-content\/uploads\/2022\/08\/1-jorge-navarro-estrella-galicia-repsol-moto3.jpg\" \/>\n\t<meta property=\"og:image:width\" content=\"984\" \/>\n\t<meta property=\"og:image:height\" content=\"412\" \/>\n\t<meta property=\"og:image:type\" content=\"image\/jpeg\" \/>\n<meta name=\"author\" content=\"bx_ayesa\" \/>\n<meta name=\"twitter:card\" content=\"summary_large_image\" \/>\n<meta name=\"twitter:creator\" content=\"@box_repsol\" \/>\n<meta name=\"twitter:site\" content=\"@box_repsol\" \/>\n<meta name=\"twitter:label1\" content=\"Written by\" \/>\n\t<meta name=\"twitter:data1\" content=\"bx_ayesa\" \/>\n\t<meta name=\"twitter:label2\" content=\"Est. reading time\" \/>\n\t<meta name=\"twitter:data2\" content=\"2 minutos\" \/>\n<script type=\"application\/ld+json\" class=\"yoast-schema-graph\">{\"@context\":\"https:\\\/\\\/schema.org\",\"@graph\":[{\"@type\":\"Article\",\"@id\":\"https:\\\/\\\/www.boxrepsol.com\\\/es\\\/motogp\\\/primera-victoria-de-navarro-en-el-mundial\\\/#article\",\"isPartOf\":{\"@id\":\"https:\\\/\\\/www.boxrepsol.com\\\/es\\\/motogp\\\/primera-victoria-de-navarro-en-el-mundial\\\/\"},\"author\":{\"name\":\"bx_ayesa\",\"@id\":\"https:\\\/\\\/www.boxrepsol.com\\\/es\\\/#\\\/schema\\\/person\\\/d9d0f442a4332c7d099d31ffda4747a0\"},\"headline\":\"Primera victoria de Navarro en el Mundial\",\"datePublished\":\"2016-06-05T02:00:00+00:00\",\"dateModified\":\"2023-02-24T11:44:27+00:00\",\"mainEntityOfPage\":{\"@id\":\"https:\\\/\\\/www.boxrepsol.com\\\/es\\\/motogp\\\/primera-victoria-de-navarro-en-el-mundial\\\/\"},\"wordCount\":388,\"commentCount\":0,\"publisher\":{\"@id\":\"https:\\\/\\\/www.boxrepsol.com\\\/es\\\/#organization\"},\"image\":{\"@id\":\"https:\\\/\\\/www.boxrepsol.com\\\/es\\\/motogp\\\/primera-victoria-de-navarro-en-el-mundial\\\/#primaryimage\"},\"thumbnailUrl\":\"https:\\\/\\\/www.boxrepsol.com\\\/wp-content\\\/uploads\\\/2022\\\/08\\\/1-jorge-navarro-estrella-galicia-repsol-moto3.jpg\",\"keywords\":[\"Moto3\"],\"articleSection\":[\"MotoGP\"],\"inLanguage\":\"es\",\"potentialAction\":[{\"@type\":\"CommentAction\",\"name\":\"Comment\",\"target\":[\"https:\\\/\\\/www.boxrepsol.com\\\/es\\\/motogp\\\/primera-victoria-de-navarro-en-el-mundial\\\/#respond\"]}]},{\"@type\":\"WebPage\",\"@id\":\"https:\\\/\\\/www.boxrepsol.com\\\/es\\\/motogp\\\/primera-victoria-de-navarro-en-el-mundial\\\/\",\"url\":\"https:\\\/\\\/www.boxrepsol.com\\\/es\\\/motogp\\\/primera-victoria-de-navarro-en-el-mundial\\\/\",\"name\":\"Primera victoria de Navarro en el Mundial - Box Repsol\",\"isPartOf\":{\"@id\":\"https:\\\/\\\/www.boxrepsol.com\\\/es\\\/#website\"},\"primaryImageOfPage\":{\"@id\":\"https:\\\/\\\/www.boxrepsol.com\\\/es\\\/motogp\\\/primera-victoria-de-navarro-en-el-mundial\\\/#primaryimage\"},\"image\":{\"@id\":\"https:\\\/\\\/www.boxrepsol.com\\\/es\\\/motogp\\\/primera-victoria-de-navarro-en-el-mundial\\\/#primaryimage\"},\"thumbnailUrl\":\"https:\\\/\\\/www.boxrepsol.com\\\/wp-content\\\/uploads\\\/2022\\\/08\\\/1-jorge-navarro-estrella-galicia-repsol-moto3.jpg\",\"datePublished\":\"2016-06-05T02:00:00+00:00\",\"dateModified\":\"2023-02-24T11:44:27+00:00\",\"description\":\"El piloto Repsol sube a lo m\u00e1s alto del podio y Ar\u00f3n Canet logra un meritorio sexto puesto, a menos de un segundo de las plazas de honor...\",\"breadcrumb\":{\"@id\":\"https:\\\/\\\/www.boxrepsol.com\\\/es\\\/motogp\\\/primera-victoria-de-navarro-en-el-mundial\\\/#breadcrumb\"},\"inLanguage\":\"es\",\"potentialAction\":[{\"@type\":\"ReadAction\",\"target\":[\"https:\\\/\\\/www.boxrepsol.com\\\/es\\\/motogp\\\/primera-victoria-de-navarro-en-el-mundial\\\/\"]}]},{\"@type\":\"ImageObject\",\"inLanguage\":\"es\",\"@id\":\"https:\\\/\\\/www.boxrepsol.com\\\/es\\\/motogp\\\/primera-victoria-de-navarro-en-el-mundial\\\/#primaryimage\",\"url\":\"https:\\\/\\\/www.boxrepsol.com\\\/wp-content\\\/uploads\\\/2022\\\/08\\\/1-jorge-navarro-estrella-galicia-repsol-moto3.jpg\",\"contentUrl\":\"https:\\\/\\\/www.boxrepsol.com\\\/wp-content\\\/uploads\\\/2022\\\/08\\\/1-jorge-navarro-estrella-galicia-repsol-moto3.jpg\",\"width\":984,\"height\":412,\"caption\":\"Jorge Navarro con trofeo\"},{\"@type\":\"BreadcrumbList\",\"@id\":\"https:\\\/\\\/www.boxrepsol.com\\\/es\\\/motogp\\\/primera-victoria-de-navarro-en-el-mundial\\\/#breadcrumb\",\"itemListElement\":[{\"@type\":\"ListItem\",\"position\":1,\"name\":\"Home\",\"item\":\"https:\\\/\\\/www.boxrepsol.com\\\/es\\\/\"},{\"@type\":\"ListItem\",\"position\":2,\"name\":\"Primera victoria de Navarro en el Mundial\"}]},{\"@type\":\"WebSite\",\"@id\":\"https:\\\/\\\/www.boxrepsol.com\\\/es\\\/#website\",\"url\":\"https:\\\/\\\/www.boxrepsol.com\\\/es\\\/\",\"name\":\"Box Repsol\",\"description\":\"Box Repsol Site\",\"publisher\":{\"@id\":\"https:\\\/\\\/www.boxrepsol.com\\\/es\\\/#organization\"},\"potentialAction\":[{\"@type\":\"SearchAction\",\"target\":{\"@type\":\"EntryPoint\",\"urlTemplate\":\"https:\\\/\\\/www.boxrepsol.com\\\/es\\\/?s={search_term_string}\"},\"query-input\":{\"@type\":\"PropertyValueSpecification\",\"valueRequired\":true,\"valueName\":\"search_term_string\"}}],\"inLanguage\":\"es\"},{\"@type\":\"Organization\",\"@id\":\"https:\\\/\\\/www.boxrepsol.com\\\/es\\\/#organization\",\"name\":\"Box Repsol\",\"url\":\"https:\\\/\\\/www.boxrepsol.com\\\/es\\\/\",\"logo\":{\"@type\":\"ImageObject\",\"inLanguage\":\"es\",\"@id\":\"https:\\\/\\\/www.boxrepsol.com\\\/es\\\/#\\\/schema\\\/logo\\\/image\\\/\",\"url\":\"https:\\\/\\\/bxrepsol.s3.eu-west-1.amazonaws.com\\\/static\\\/2025\\\/07\\\/30083337\\\/favicon-96x96-1.png\",\"contentUrl\":\"https:\\\/\\\/bxrepsol.s3.eu-west-1.amazonaws.com\\\/static\\\/2025\\\/07\\\/30083337\\\/favicon-96x96-1.png\",\"width\":96,\"height\":96,\"caption\":\"Box Repsol\"},\"image\":{\"@id\":\"https:\\\/\\\/www.boxrepsol.com\\\/es\\\/#\\\/schema\\\/logo\\\/image\\\/\"},\"sameAs\":[\"https:\\\/\\\/www.facebook.com\\\/BoxRepsol\",\"https:\\\/\\\/x.com\\\/box_repsol\",\"http:\\\/\\\/instagram.com\\\/box_repsol\",\"https:\\\/\\\/www.youtube.com\\\/user\\\/RepsolCompeticion\",\"https:\\\/\\\/www.flickr.com\\\/photos\\\/box_repsol\\\/\"]},{\"@type\":\"Person\",\"@id\":\"https:\\\/\\\/www.boxrepsol.com\\\/es\\\/#\\\/schema\\\/person\\\/d9d0f442a4332c7d099d31ffda4747a0\",\"name\":\"bx_ayesa\",\"image\":{\"@type\":\"ImageObject\",\"inLanguage\":\"es\",\"@id\":\"https:\\\/\\\/secure.gravatar.com\\\/avatar\\\/059e1b9d3585083708845ba70e8dd968f143ff35f5e0e10cf2d1e7afe2c6a878?s=96&d=mm&r=g\",\"url\":\"https:\\\/\\\/secure.gravatar.com\\\/avatar\\\/059e1b9d3585083708845ba70e8dd968f143ff35f5e0e10cf2d1e7afe2c6a878?s=96&d=mm&r=g\",\"contentUrl\":\"https:\\\/\\\/secure.gravatar.com\\\/avatar\\\/059e1b9d3585083708845ba70e8dd968f143ff35f5e0e10cf2d1e7afe2c6a878?s=96&d=mm&r=g\",\"caption\":\"bx_ayesa\"},\"sameAs\":[\"http:\\\/\\\/54.155.157.200\"],\"url\":\"https:\\\/\\\/www.boxrepsol.com\\\/es\\\/author\\\/bx_ayesa\\\/\"}]}<\/script>\n<!-- \/ Yoast SEO plugin. -->","yoast_head_json":{"title":"Primera victoria de Navarro en el Mundial - Box Repsol","description":"El piloto Repsol sube a lo m\u00e1s alto del podio y Ar\u00f3n Canet logra un meritorio sexto puesto, a menos de un segundo de las plazas de honor...","canonical":"https:\/\/www.boxrepsol.com\/es\/motogp\/primera-victoria-de-navarro-en-el-mundial\/","og_locale":"es_ES","og_type":"article","og_title":"Primera victoria de Navarro en el Mundial - Box Repsol","og_description":"El piloto Repsol sube a lo m\u00e1s alto del podio y Ar\u00f3n Canet logra un meritorio sexto puesto, a menos de un segundo de las plazas de honor...","og_url":"https:\/\/www.boxrepsol.com\/es\/motogp\/primera-victoria-de-navarro-en-el-mundial\/","og_site_name":"Box Repsol","article_publisher":"https:\/\/www.facebook.com\/BoxRepsol","article_published_time":"2016-06-05T02:00:00+00:00","article_modified_time":"2023-02-24T11:44:27+00:00","og_image":[{"width":984,"height":412,"url":"https:\/\/www.boxrepsol.com\/wp-content\/uploads\/2022\/08\/1-jorge-navarro-estrella-galicia-repsol-moto3.jpg","type":"image\/jpeg"}],"author":"bx_ayesa","twitter_card":"summary_large_image","twitter_creator":"@box_repsol","twitter_site":"@box_repsol","twitter_misc":{"Written by":"bx_ayesa","Est. reading time":"2 minutos"},"schema":{"@context":"https:\/\/schema.org","@graph":[{"@type":"Article","@id":"https:\/\/www.boxrepsol.com\/es\/motogp\/primera-victoria-de-navarro-en-el-mundial\/#article","isPartOf":{"@id":"https:\/\/www.boxrepsol.com\/es\/motogp\/primera-victoria-de-navarro-en-el-mundial\/"},"author":{"name":"bx_ayesa","@id":"https:\/\/www.boxrepsol.com\/es\/#\/schema\/person\/d9d0f442a4332c7d099d31ffda4747a0"},"headline":"Primera victoria de Navarro en el Mundial","datePublished":"2016-06-05T02:00:00+00:00","dateModified":"2023-02-24T11:44:27+00:00","mainEntityOfPage":{"@id":"https:\/\/www.boxrepsol.com\/es\/motogp\/primera-victoria-de-navarro-en-el-mundial\/"},"wordCount":388,"commentCount":0,"publisher":{"@id":"https:\/\/www.boxrepsol.com\/es\/#organization"},"image":{"@id":"https:\/\/www.boxrepsol.com\/es\/motogp\/primera-victoria-de-navarro-en-el-mundial\/#primaryimage"},"thumbnailUrl":"https:\/\/www.boxrepsol.com\/wp-content\/uploads\/2022\/08\/1-jorge-navarro-estrella-galicia-repsol-moto3.jpg","keywords":["Moto3"],"articleSection":["MotoGP"],"inLanguage":"es","potentialAction":[{"@type":"CommentAction","name":"Comment","target":["https:\/\/www.boxrepsol.com\/es\/motogp\/primera-victoria-de-navarro-en-el-mundial\/#respond"]}]},{"@type":"WebPage","@id":"https:\/\/www.boxrepsol.com\/es\/motogp\/primera-victoria-de-navarro-en-el-mundial\/","url":"https:\/\/www.boxrepsol.com\/es\/motogp\/primera-victoria-de-navarro-en-el-mundial\/","name":"Primera victoria de Navarro en el Mundial - Box Repsol","isPartOf":{"@id":"https:\/\/www.boxrepsol.com\/es\/#website"},"primaryImageOfPage":{"@id":"https:\/\/www.boxrepsol.com\/es\/motogp\/primera-victoria-de-navarro-en-el-mundial\/#primaryimage"},"image":{"@id":"https:\/\/www.boxrepsol.com\/es\/motogp\/primera-victoria-de-navarro-en-el-mundial\/#primaryimage"},"thumbnailUrl":"https:\/\/www.boxrepsol.com\/wp-content\/uploads\/2022\/08\/1-jorge-navarro-estrella-galicia-repsol-moto3.jpg","datePublished":"2016-06-05T02:00:00+00:00","dateModified":"2023-02-24T11:44:27+00:00","description":"El piloto Repsol sube a lo m\u00e1s alto del podio y Ar\u00f3n Canet logra un meritorio sexto puesto, a menos de un segundo de las plazas de honor...","breadcrumb":{"@id":"https:\/\/www.boxrepsol.com\/es\/motogp\/primera-victoria-de-navarro-en-el-mundial\/#breadcrumb"},"inLanguage":"es","potentialAction":[{"@type":"ReadAction","target":["https:\/\/www.boxrepsol.com\/es\/motogp\/primera-victoria-de-navarro-en-el-mundial\/"]}]},{"@type":"ImageObject","inLanguage":"es","@id":"https:\/\/www.boxrepsol.com\/es\/motogp\/primera-victoria-de-navarro-en-el-mundial\/#primaryimage","url":"https:\/\/www.boxrepsol.com\/wp-content\/uploads\/2022\/08\/1-jorge-navarro-estrella-galicia-repsol-moto3.jpg","contentUrl":"https:\/\/www.boxrepsol.com\/wp-content\/uploads\/2022\/08\/1-jorge-navarro-estrella-galicia-repsol-moto3.jpg","width":984,"height":412,"caption":"Jorge Navarro con trofeo"},{"@type":"BreadcrumbList","@id":"https:\/\/www.boxrepsol.com\/es\/motogp\/primera-victoria-de-navarro-en-el-mundial\/#breadcrumb","itemListElement":[{"@type":"ListItem","position":1,"name":"Home","item":"https:\/\/www.boxrepsol.com\/es\/"},{"@type":"ListItem","position":2,"name":"Primera victoria de Navarro en el Mundial"}]},{"@type":"WebSite","@id":"https:\/\/www.boxrepsol.com\/es\/#website","url":"https:\/\/www.boxrepsol.com\/es\/","name":"Box Repsol","description":"Box Repsol Site","publisher":{"@id":"https:\/\/www.boxrepsol.com\/es\/#organization"},"potentialAction":[{"@type":"SearchAction","target":{"@type":"EntryPoint","urlTemplate":"https:\/\/www.boxrepsol.com\/es\/?s={search_term_string}"},"query-input":{"@type":"PropertyValueSpecification","valueRequired":true,"valueName":"search_term_string"}}],"inLanguage":"es"},{"@type":"Organization","@id":"https:\/\/www.boxrepsol.com\/es\/#organization","name":"Box Repsol","url":"https:\/\/www.boxrepsol.com\/es\/","logo":{"@type":"ImageObject","inLanguage":"es","@id":"https:\/\/www.boxrepsol.com\/es\/#\/schema\/logo\/image\/","url":"https:\/\/bxrepsol.s3.eu-west-1.amazonaws.com\/static\/2025\/07\/30083337\/favicon-96x96-1.png","contentUrl":"https:\/\/bxrepsol.s3.eu-west-1.amazonaws.com\/static\/2025\/07\/30083337\/favicon-96x96-1.png","width":96,"height":96,"caption":"Box Repsol"},"image":{"@id":"https:\/\/www.boxrepsol.com\/es\/#\/schema\/logo\/image\/"},"sameAs":["https:\/\/www.facebook.com\/BoxRepsol","https:\/\/x.com\/box_repsol","http:\/\/instagram.com\/box_repsol","https:\/\/www.youtube.com\/user\/RepsolCompeticion","https:\/\/www.flickr.com\/photos\/box_repsol\/"]},{"@type":"Person","@id":"https:\/\/www.boxrepsol.com\/es\/#\/schema\/person\/d9d0f442a4332c7d099d31ffda4747a0","name":"bx_ayesa","image":{"@type":"ImageObject","inLanguage":"es","@id":"https:\/\/secure.gravatar.com\/avatar\/059e1b9d3585083708845ba70e8dd968f143ff35f5e0e10cf2d1e7afe2c6a878?s=96&d=mm&r=g","url":"https:\/\/secure.gravatar.com\/avatar\/059e1b9d3585083708845ba70e8dd968f143ff35f5e0e10cf2d1e7afe2c6a878?s=96&d=mm&r=g","contentUrl":"https:\/\/secure.gravatar.com\/avatar\/059e1b9d3585083708845ba70e8dd968f143ff35f5e0e10cf2d1e7afe2c6a878?s=96&d=mm&r=g","caption":"bx_ayesa"},"sameAs":["http:\/\/54.155.157.200"],"url":"https:\/\/www.boxrepsol.com\/es\/author\/bx_ayesa\/"}]}},"_links":{"self":[{"href":"https:\/\/www.boxrepsol.com\/es\/wp-json\/wp\/v2\/posts\/89704","targetHints":{"allow":["GET"]}}],"collection":[{"href":"https:\/\/www.boxrepsol.com\/es\/wp-json\/wp\/v2\/posts"}],"about":[{"href":"https:\/\/www.boxrepsol.com\/es\/wp-json\/wp\/v2\/types\/post"}],"author":[{"embeddable":true,"href":"https:\/\/www.boxrepsol.com\/es\/wp-json\/wp\/v2\/users\/1"}],"replies":[{"embeddable":true,"href":"https:\/\/www.boxrepsol.com\/es\/wp-json\/wp\/v2\/comments?post=89704"}],"version-history":[{"count":2,"href":"https:\/\/www.boxrepsol.com\/es\/wp-json\/wp\/v2\/posts\/89704\/revisions"}],"predecessor-version":[{"id":115880,"href":"https:\/\/www.boxrepsol.com\/es\/wp-json\/wp\/v2\/posts\/89704\/revisions\/115880"}],"wp:featuredmedia":[{"embeddable":true,"href":"https:\/\/www.boxrepsol.com\/es\/wp-json\/wp\/v2\/media\/85449"}],"wp:attachment":[{"href":"https:\/\/www.boxrepsol.com\/es\/wp-json\/wp\/v2\/media?parent=89704"}],"wp:term":[{"taxonomy":"category","embeddable":true,"href":"https:\/\/www.boxrepsol.com\/es\/wp-json\/wp\/v2\/categories?post=89704"},{"taxonomy":"post_tag","embeddable":true,"href":"https:\/\/www.boxrepsol.com\/es\/wp-json\/wp\/v2\/tags?post=89704"}],"curies":[{"name":"wp","href":"https:\/\/api.w.org\/{rel}","templated":true}]}}