{"id":89700,"date":"2016-06-13T00:00:00","date_gmt":"2016-06-13T02:00:00","guid":{"rendered":"http:\/\/pre.boxrepsol.com\/sin-categorizar\/golpe-efecto-dalla-porta-mundial-junior-moto3\/"},"modified":"2024-05-07T06:49:58","modified_gmt":"2024-05-07T08:49:58","slug":"golpe-efecto-dalla-porta-mundial-junior-moto3","status":"publish","type":"post","link":"https:\/\/www.boxrepsol.com\/es\/sin-categorizar\/golpe-efecto-dalla-porta-mundial-junior-moto3\/","title":{"rendered":"Golpe de efecto de Dalla Porta en el Mundial Junior de Moto3"},"content":{"rendered":"<blockquote>\n<p>Golpe de efecto de Dalla Porta en el Mundial Junior de #Moto3<\/p>\n<p>            <a href=\"http:\/\/twitter.com\/share?text=Golpe+de+efecto+de+Dalla+Porta+en+el+Mundial+Junior+de+%23Moto3&#038;url=http%3A%2F%2F34.249.211.158%2Fes%2Fcev%2Fgolpe-efecto-dalla-porta-mundial-junior-moto3%2F&#038;hashtags=\" target=\"_blank\" rel=\"noopener\"><br \/>\n            twittear        <\/a>\n        <\/p><\/blockquote>\n<p>Intenso d\u00eda de carreras en la cuarta cita del a\u00f1o del FIM CEV Repsol celebrada hoy en el Circuit de Barcelona-Catalunya. En la menor de las tres categor\u00edas, el Mundial Junior de Moto3, las dos victorias de Lorenzo Dalla Porta le han llevado al liderato de la general, a pesar de sendas banderas rojas \u2013la primera de ellas en el primer giro de la primera carrera y la segunda a tres vueltas del final de la segunda carrera\u2013. En Moto2, Steven Odendaal ha reafirmado su ventaja en Moto2 pese a las victorias de Card\u00fas y Gardner, beneficiado por la lesi\u00f3n de Alan Techer en la primera carrera del d\u00eda. En la categor\u00eda de Superbike, el triunfo del vigente campe\u00f3n, Carmelo Morales, le permite recortar terreno en la clasificaci\u00f3n general respecto Maximilian Scheib, que se mantiene al frente con 6 puntos de ventaja.<\/p>\n<p>La pr\u00f3xima cita del FIM CEV Repsol tendr\u00e1 lugar el pr\u00f3ximo 3 de julio en el Circuito de Albacete.<\/p>\n<p>\t\t\t\t<img decoding=\"async\" src=\"https:\/\/bxrepsol.s3.eu-west-1.amazonaws.com\/static\/2022\/08\/29043930\/lorenzo-dalla-porta-CEV-Moto3-2016-scaled.jpg\" alt=\"Lorenzo Dalla Porta en acci\u00f3n\" itemprop=\"image\"  \/><\/p>\n<p><strong>Lorenzo Dalla Porta Ganador de la primera carrera de Moto3<br \/>\n<\/strong><\/p>\n<p>\u00abEstoy muy contento con este resultado. No he empezado bien la carrera, porque he hecho una salida muy mala y en la primera vuelta creo que he llegado a rodar s\u00e9ptimo. En la segunda vuelta he podido remontar y r\u00e1pidamente me he puesto primero. He empezado a tirar al m\u00e1ximo y he podido distanciarme del resto y ganar la carrera. Es un resultado muy positivo tanto para el equipo como para m\u00ed y les agradezco mucho todo su apoyo\u00bb.<\/p>\n<p><strong>Lorenzo Dalla Porta Ganador de la segunda carrera de Moto3<\/strong><\/p>\n<p>\u00abLa segunda carrera tambi\u00e9n ha ido muy bien. He hecho una estrategia similar a la primera, porque no he salido muy bien y aun as\u00ed he podido ponerme primero r\u00e1pidamente. Ha subido la temperatura y la pista no ten\u00eda tanto agarre, pero he logrado mantener un ritmo elevado sin tomar demasiados riesgos, para evitar una ca\u00edda que nos hiciese perder unos puntos muy valiosos. He conseguido otra victoria y estoy muy contento por ello, tanto por m\u00ed como por el equipo, porque lideramos el campeonato y tenemos bastantes puntos de ventaja. Les agradezco todo el trabajo y el apoyo que me dan, junto a mi familia y mis amigos\u00bb.<\/p>\n<p><strong>Ricard Card\u00fas Ganador de la primera carrera de Moto2<\/strong><\/p>\n<p>\u00abCuando nos propusieron este nuevo proyecto en el FIM CEV Repsol, pensamos que podr\u00edamos estar delante, pero siendo un concepto de moto tan diferente, no pod\u00edamos estar seguros hasta ver los tiempos. Por suerte tengo experiencia y ganas, todo el invierno he entrenado mucho y no hemos dejado de trabajar con el equipo, con confianza en la moto, para buscar hacer un buen ritmo y llegar aqu\u00ed preparados. En carrera, es una pena que Remy [Gardner] haya tenido problemas t\u00e9cnicos, porque creo que con Granado le est\u00e1bamos alcanzando y hubiera sido un final de carrera bonito y divertido\u00bb.<\/p>\n<p><strong>Remy Gardner Ganador de la segunda carrera de Moto2<\/strong><\/p>\n<p>\u00abLa primera carrera ha sido bastante decepcionante, porque he hecho una buena salida y unas buenas primeras vueltas, pero he tenido un problema t\u00e9cnico. En la segunda, he podido volver a arrancar bien y mantener un buen ritmo, que me ha permitido abrir un hueco\u00bb.<\/p>\n","protected":false},"excerpt":{"rendered":"<p>El italiano Lorenzo Dalla Porta alcanza el liderato de la categor\u00eda peque\u00f1a del FIM CEV Repsol tras imponerse en las dos carreras de Barcelona. Card\u00fas y Gardner vencen en Moto2 y Morales en Superbike.<\/p>\n","protected":false},"author":43146,"featured_media":85441,"comment_status":"open","ping_status":"open","sticky":false,"template":"","format":"standard","meta":{"footnotes":""},"categories":[1],"tags":[130],"class_list":["post-89700","post","type-post","status-publish","format-standard","hentry","category-sin-categorizar","tag-otros-eventos-y-competiciones"],"yoast_head":"<!-- This site is optimized with the Yoast SEO plugin v27.3 - https:\/\/yoast.com\/product\/yoast-seo-wordpress\/ -->\n<title>Golpe de efecto de Dalla Porta en el Mundial Junior de Moto3 - Box Repsol<\/title>\n<meta name=\"description\" content=\"El italiano Lorenzo Dalla Porta alcanza el liderato de la categor\u00eda peque\u00f1a del FIM CEV Repsol tras imponerse en las dos carreras de Barcelona.\" \/>\n<link rel=\"canonical\" href=\"https:\/\/www.boxrepsol.com\/es\/sin-categorizar\/golpe-efecto-dalla-porta-mundial-junior-moto3\/\" \/>\n<meta property=\"og:locale\" content=\"es_ES\" \/>\n<meta property=\"og:type\" content=\"article\" \/>\n<meta property=\"og:title\" content=\"Golpe de efecto de Dalla Porta en el Mundial Junior de Moto3 - Box Repsol\" \/>\n<meta property=\"og:description\" content=\"El italiano Lorenzo Dalla Porta alcanza el liderato de la categor\u00eda peque\u00f1a del FIM CEV Repsol tras imponerse en las dos carreras de Barcelona.\" \/>\n<meta property=\"og:url\" content=\"https:\/\/www.boxrepsol.com\/es\/sin-categorizar\/golpe-efecto-dalla-porta-mundial-junior-moto3\/\" \/>\n<meta property=\"og:site_name\" content=\"Box Repsol\" \/>\n<meta property=\"article:publisher\" content=\"https:\/\/www.facebook.com\/BoxRepsol\" \/>\n<meta property=\"article:author\" content=\"https:\/\/www.facebook.com\/BoxRepsol\/\" \/>\n<meta property=\"article:published_time\" content=\"2016-06-13T02:00:00+00:00\" \/>\n<meta property=\"article:modified_time\" content=\"2024-05-07T08:49:58+00:00\" \/>\n<meta property=\"og:image\" content=\"https:\/\/www.boxrepsol.com\/wp-content\/uploads\/2022\/08\/lorenzo-dalla-porta-liderando-peloton-CEV-Moto3-2016.jpg\" \/>\n\t<meta property=\"og:image:width\" content=\"1024\" \/>\n\t<meta property=\"og:image:height\" content=\"429\" \/>\n\t<meta property=\"og:image:type\" content=\"image\/jpeg\" \/>\n<meta name=\"author\" content=\"Redacci\u00f3n Box Repsol\" \/>\n<meta name=\"twitter:card\" content=\"summary_large_image\" \/>\n<meta name=\"twitter:creator\" content=\"@https:\/\/twitter.com\/box_repsol\" \/>\n<meta name=\"twitter:site\" content=\"@box_repsol\" \/>\n<meta name=\"twitter:label1\" content=\"Written by\" \/>\n\t<meta name=\"twitter:data1\" content=\"Redacci\u00f3n Box Repsol\" \/>\n\t<meta name=\"twitter:label2\" content=\"Est. reading time\" \/>\n\t<meta name=\"twitter:data2\" content=\"3 minutos\" \/>\n<script type=\"application\/ld+json\" class=\"yoast-schema-graph\">{\"@context\":\"https:\\\/\\\/schema.org\",\"@graph\":[{\"@type\":\"Article\",\"@id\":\"https:\\\/\\\/www.boxrepsol.com\\\/es\\\/sin-categorizar\\\/golpe-efecto-dalla-porta-mundial-junior-moto3\\\/#article\",\"isPartOf\":{\"@id\":\"https:\\\/\\\/www.boxrepsol.com\\\/es\\\/sin-categorizar\\\/golpe-efecto-dalla-porta-mundial-junior-moto3\\\/\"},\"author\":{\"name\":\"Redacci\u00f3n Box Repsol\",\"@id\":\"https:\\\/\\\/www.boxrepsol.com\\\/es\\\/#\\\/schema\\\/person\\\/c5c2138f2cca251b0ad92b7086bb60b7\"},\"headline\":\"Golpe de efecto de Dalla Porta en el Mundial Junior de Moto3\",\"datePublished\":\"2016-06-13T02:00:00+00:00\",\"dateModified\":\"2024-05-07T08:49:58+00:00\",\"mainEntityOfPage\":{\"@id\":\"https:\\\/\\\/www.boxrepsol.com\\\/es\\\/sin-categorizar\\\/golpe-efecto-dalla-porta-mundial-junior-moto3\\\/\"},\"wordCount\":577,\"commentCount\":0,\"publisher\":{\"@id\":\"https:\\\/\\\/www.boxrepsol.com\\\/es\\\/#organization\"},\"image\":{\"@id\":\"https:\\\/\\\/www.boxrepsol.com\\\/es\\\/sin-categorizar\\\/golpe-efecto-dalla-porta-mundial-junior-moto3\\\/#primaryimage\"},\"thumbnailUrl\":\"https:\\\/\\\/www.boxrepsol.com\\\/wp-content\\\/uploads\\\/2022\\\/08\\\/lorenzo-dalla-porta-liderando-peloton-CEV-Moto3-2016.jpg\",\"keywords\":[\"otros eventos y competiciones\"],\"articleSection\":[\"Sin categorizar\"],\"inLanguage\":\"es\",\"potentialAction\":[{\"@type\":\"CommentAction\",\"name\":\"Comment\",\"target\":[\"https:\\\/\\\/www.boxrepsol.com\\\/es\\\/sin-categorizar\\\/golpe-efecto-dalla-porta-mundial-junior-moto3\\\/#respond\"]}]},{\"@type\":\"WebPage\",\"@id\":\"https:\\\/\\\/www.boxrepsol.com\\\/es\\\/sin-categorizar\\\/golpe-efecto-dalla-porta-mundial-junior-moto3\\\/\",\"url\":\"https:\\\/\\\/www.boxrepsol.com\\\/es\\\/sin-categorizar\\\/golpe-efecto-dalla-porta-mundial-junior-moto3\\\/\",\"name\":\"Golpe de efecto de Dalla Porta en el Mundial Junior de Moto3 - Box Repsol\",\"isPartOf\":{\"@id\":\"https:\\\/\\\/www.boxrepsol.com\\\/es\\\/#website\"},\"primaryImageOfPage\":{\"@id\":\"https:\\\/\\\/www.boxrepsol.com\\\/es\\\/sin-categorizar\\\/golpe-efecto-dalla-porta-mundial-junior-moto3\\\/#primaryimage\"},\"image\":{\"@id\":\"https:\\\/\\\/www.boxrepsol.com\\\/es\\\/sin-categorizar\\\/golpe-efecto-dalla-porta-mundial-junior-moto3\\\/#primaryimage\"},\"thumbnailUrl\":\"https:\\\/\\\/www.boxrepsol.com\\\/wp-content\\\/uploads\\\/2022\\\/08\\\/lorenzo-dalla-porta-liderando-peloton-CEV-Moto3-2016.jpg\",\"datePublished\":\"2016-06-13T02:00:00+00:00\",\"dateModified\":\"2024-05-07T08:49:58+00:00\",\"description\":\"El italiano Lorenzo Dalla Porta alcanza el liderato de la categor\u00eda peque\u00f1a del FIM CEV Repsol tras imponerse en las dos carreras de Barcelona.\",\"breadcrumb\":{\"@id\":\"https:\\\/\\\/www.boxrepsol.com\\\/es\\\/sin-categorizar\\\/golpe-efecto-dalla-porta-mundial-junior-moto3\\\/#breadcrumb\"},\"inLanguage\":\"es\",\"potentialAction\":[{\"@type\":\"ReadAction\",\"target\":[\"https:\\\/\\\/www.boxrepsol.com\\\/es\\\/sin-categorizar\\\/golpe-efecto-dalla-porta-mundial-junior-moto3\\\/\"]}]},{\"@type\":\"ImageObject\",\"inLanguage\":\"es\",\"@id\":\"https:\\\/\\\/www.boxrepsol.com\\\/es\\\/sin-categorizar\\\/golpe-efecto-dalla-porta-mundial-junior-moto3\\\/#primaryimage\",\"url\":\"https:\\\/\\\/www.boxrepsol.com\\\/wp-content\\\/uploads\\\/2022\\\/08\\\/lorenzo-dalla-porta-liderando-peloton-CEV-Moto3-2016.jpg\",\"contentUrl\":\"https:\\\/\\\/www.boxrepsol.com\\\/wp-content\\\/uploads\\\/2022\\\/08\\\/lorenzo-dalla-porta-liderando-peloton-CEV-Moto3-2016.jpg\",\"width\":1024,\"height\":429,\"caption\":\"Lorenzo Dalla Porta liderando el pelot\u00f3n\"},{\"@type\":\"BreadcrumbList\",\"@id\":\"https:\\\/\\\/www.boxrepsol.com\\\/es\\\/sin-categorizar\\\/golpe-efecto-dalla-porta-mundial-junior-moto3\\\/#breadcrumb\",\"itemListElement\":[{\"@type\":\"ListItem\",\"position\":1,\"name\":\"Home\",\"item\":\"https:\\\/\\\/www.boxrepsol.com\\\/es\\\/\"},{\"@type\":\"ListItem\",\"position\":2,\"name\":\"Golpe de efecto de Dalla Porta en el Mundial Junior de Moto3\"}]},{\"@type\":\"WebSite\",\"@id\":\"https:\\\/\\\/www.boxrepsol.com\\\/es\\\/#website\",\"url\":\"https:\\\/\\\/www.boxrepsol.com\\\/es\\\/\",\"name\":\"Box Repsol\",\"description\":\"Box Repsol Site\",\"publisher\":{\"@id\":\"https:\\\/\\\/www.boxrepsol.com\\\/es\\\/#organization\"},\"potentialAction\":[{\"@type\":\"SearchAction\",\"target\":{\"@type\":\"EntryPoint\",\"urlTemplate\":\"https:\\\/\\\/www.boxrepsol.com\\\/es\\\/?s={search_term_string}\"},\"query-input\":{\"@type\":\"PropertyValueSpecification\",\"valueRequired\":true,\"valueName\":\"search_term_string\"}}],\"inLanguage\":\"es\"},{\"@type\":\"Organization\",\"@id\":\"https:\\\/\\\/www.boxrepsol.com\\\/es\\\/#organization\",\"name\":\"Box Repsol\",\"url\":\"https:\\\/\\\/www.boxrepsol.com\\\/es\\\/\",\"logo\":{\"@type\":\"ImageObject\",\"inLanguage\":\"es\",\"@id\":\"https:\\\/\\\/www.boxrepsol.com\\\/es\\\/#\\\/schema\\\/logo\\\/image\\\/\",\"url\":\"https:\\\/\\\/bxrepsol.s3.eu-west-1.amazonaws.com\\\/static\\\/2025\\\/07\\\/30083337\\\/favicon-96x96-1.png\",\"contentUrl\":\"https:\\\/\\\/bxrepsol.s3.eu-west-1.amazonaws.com\\\/static\\\/2025\\\/07\\\/30083337\\\/favicon-96x96-1.png\",\"width\":96,\"height\":96,\"caption\":\"Box Repsol\"},\"image\":{\"@id\":\"https:\\\/\\\/www.boxrepsol.com\\\/es\\\/#\\\/schema\\\/logo\\\/image\\\/\"},\"sameAs\":[\"https:\\\/\\\/www.facebook.com\\\/BoxRepsol\",\"https:\\\/\\\/x.com\\\/box_repsol\",\"http:\\\/\\\/instagram.com\\\/box_repsol\",\"https:\\\/\\\/www.youtube.com\\\/user\\\/RepsolCompeticion\",\"https:\\\/\\\/www.flickr.com\\\/photos\\\/box_repsol\\\/\"]},{\"@type\":\"Person\",\"@id\":\"https:\\\/\\\/www.boxrepsol.com\\\/es\\\/#\\\/schema\\\/person\\\/c5c2138f2cca251b0ad92b7086bb60b7\",\"name\":\"Redacci\u00f3n Box Repsol\",\"image\":{\"@type\":\"ImageObject\",\"inLanguage\":\"es\",\"@id\":\"https:\\\/\\\/secure.gravatar.com\\\/avatar\\\/adf7b77e38b4419baf32c7e9c21dde01f4e40df611f0978e3006fc4ba0aaab7e?s=96&d=mm&r=g\",\"url\":\"https:\\\/\\\/secure.gravatar.com\\\/avatar\\\/adf7b77e38b4419baf32c7e9c21dde01f4e40df611f0978e3006fc4ba0aaab7e?s=96&d=mm&r=g\",\"contentUrl\":\"https:\\\/\\\/secure.gravatar.com\\\/avatar\\\/adf7b77e38b4419baf32c7e9c21dde01f4e40df611f0978e3006fc4ba0aaab7e?s=96&d=mm&r=g\",\"caption\":\"Redacci\u00f3n Box Repsol\"},\"description\":\"Box Repsol lo forma un equipo de periodistas, community managers, dise\u00f1adores y fot\u00f3grafos con m\u00e1s de 20 a\u00f1os de experiencia en el mundo del motorsport. Hemos vivido el primer mundial de un espa\u00f1ol en la categor\u00eda reina de motociclismo con \u00c1lex Crivill\u00e9, estuvimos en las victorias de Pedrosa y los t\u00edtulos de M\u00e1rquez, acompa\u00f1amos en \u00c1frica a Nani Roma y Marc Coma en sus conquistas del Dakar y hemos vibrado con los t\u00edtulos de Toni Bou en Trial. Adem\u00e1s, en nuestro equipo contamos con expertos en el mundo de las dos y cuatro ruedas tanto de la calle y las carreteras, como de los circuitos. Periodistas que han trabajado en revistas y publicaciones para hacerte llegar desde rutas y consejos de mantenimiento, a curiosidades y trucos de pilotaje.\",\"sameAs\":[\"https:\\\/\\\/www.facebook.com\\\/BoxRepsol\\\/\",\"https:\\\/\\\/www.instagram.com\\\/box_repsol\\\/\",\"https:\\\/\\\/x.com\\\/https:\\\/\\\/twitter.com\\\/box_repsol\",\"https:\\\/\\\/www.youtube.com\\\/@Boxrepsol\"],\"url\":\"https:\\\/\\\/www.boxrepsol.com\\\/es\\\/author\\\/redaccion-box-repsol\\\/\"}]}<\/script>\n<!-- \/ Yoast SEO plugin. -->","yoast_head_json":{"title":"Golpe de efecto de Dalla Porta en el Mundial Junior de Moto3 - Box Repsol","description":"El italiano Lorenzo Dalla Porta alcanza el liderato de la categor\u00eda peque\u00f1a del FIM CEV Repsol tras imponerse en las dos carreras de Barcelona.","canonical":"https:\/\/www.boxrepsol.com\/es\/sin-categorizar\/golpe-efecto-dalla-porta-mundial-junior-moto3\/","og_locale":"es_ES","og_type":"article","og_title":"Golpe de efecto de Dalla Porta en el Mundial Junior de Moto3 - Box Repsol","og_description":"El italiano Lorenzo Dalla Porta alcanza el liderato de la categor\u00eda peque\u00f1a del FIM CEV Repsol tras imponerse en las dos carreras de Barcelona.","og_url":"https:\/\/www.boxrepsol.com\/es\/sin-categorizar\/golpe-efecto-dalla-porta-mundial-junior-moto3\/","og_site_name":"Box Repsol","article_publisher":"https:\/\/www.facebook.com\/BoxRepsol","article_author":"https:\/\/www.facebook.com\/BoxRepsol\/","article_published_time":"2016-06-13T02:00:00+00:00","article_modified_time":"2024-05-07T08:49:58+00:00","og_image":[{"width":1024,"height":429,"url":"https:\/\/www.boxrepsol.com\/wp-content\/uploads\/2022\/08\/lorenzo-dalla-porta-liderando-peloton-CEV-Moto3-2016.jpg","type":"image\/jpeg"}],"author":"Redacci\u00f3n Box Repsol","twitter_card":"summary_large_image","twitter_creator":"@https:\/\/twitter.com\/box_repsol","twitter_site":"@box_repsol","twitter_misc":{"Written by":"Redacci\u00f3n Box Repsol","Est. reading time":"3 minutos"},"schema":{"@context":"https:\/\/schema.org","@graph":[{"@type":"Article","@id":"https:\/\/www.boxrepsol.com\/es\/sin-categorizar\/golpe-efecto-dalla-porta-mundial-junior-moto3\/#article","isPartOf":{"@id":"https:\/\/www.boxrepsol.com\/es\/sin-categorizar\/golpe-efecto-dalla-porta-mundial-junior-moto3\/"},"author":{"name":"Redacci\u00f3n Box Repsol","@id":"https:\/\/www.boxrepsol.com\/es\/#\/schema\/person\/c5c2138f2cca251b0ad92b7086bb60b7"},"headline":"Golpe de efecto de Dalla Porta en el Mundial Junior de Moto3","datePublished":"2016-06-13T02:00:00+00:00","dateModified":"2024-05-07T08:49:58+00:00","mainEntityOfPage":{"@id":"https:\/\/www.boxrepsol.com\/es\/sin-categorizar\/golpe-efecto-dalla-porta-mundial-junior-moto3\/"},"wordCount":577,"commentCount":0,"publisher":{"@id":"https:\/\/www.boxrepsol.com\/es\/#organization"},"image":{"@id":"https:\/\/www.boxrepsol.com\/es\/sin-categorizar\/golpe-efecto-dalla-porta-mundial-junior-moto3\/#primaryimage"},"thumbnailUrl":"https:\/\/www.boxrepsol.com\/wp-content\/uploads\/2022\/08\/lorenzo-dalla-porta-liderando-peloton-CEV-Moto3-2016.jpg","keywords":["otros eventos y competiciones"],"articleSection":["Sin categorizar"],"inLanguage":"es","potentialAction":[{"@type":"CommentAction","name":"Comment","target":["https:\/\/www.boxrepsol.com\/es\/sin-categorizar\/golpe-efecto-dalla-porta-mundial-junior-moto3\/#respond"]}]},{"@type":"WebPage","@id":"https:\/\/www.boxrepsol.com\/es\/sin-categorizar\/golpe-efecto-dalla-porta-mundial-junior-moto3\/","url":"https:\/\/www.boxrepsol.com\/es\/sin-categorizar\/golpe-efecto-dalla-porta-mundial-junior-moto3\/","name":"Golpe de efecto de Dalla Porta en el Mundial Junior de Moto3 - Box Repsol","isPartOf":{"@id":"https:\/\/www.boxrepsol.com\/es\/#website"},"primaryImageOfPage":{"@id":"https:\/\/www.boxrepsol.com\/es\/sin-categorizar\/golpe-efecto-dalla-porta-mundial-junior-moto3\/#primaryimage"},"image":{"@id":"https:\/\/www.boxrepsol.com\/es\/sin-categorizar\/golpe-efecto-dalla-porta-mundial-junior-moto3\/#primaryimage"},"thumbnailUrl":"https:\/\/www.boxrepsol.com\/wp-content\/uploads\/2022\/08\/lorenzo-dalla-porta-liderando-peloton-CEV-Moto3-2016.jpg","datePublished":"2016-06-13T02:00:00+00:00","dateModified":"2024-05-07T08:49:58+00:00","description":"El italiano Lorenzo Dalla Porta alcanza el liderato de la categor\u00eda peque\u00f1a del FIM CEV Repsol tras imponerse en las dos carreras de Barcelona.","breadcrumb":{"@id":"https:\/\/www.boxrepsol.com\/es\/sin-categorizar\/golpe-efecto-dalla-porta-mundial-junior-moto3\/#breadcrumb"},"inLanguage":"es","potentialAction":[{"@type":"ReadAction","target":["https:\/\/www.boxrepsol.com\/es\/sin-categorizar\/golpe-efecto-dalla-porta-mundial-junior-moto3\/"]}]},{"@type":"ImageObject","inLanguage":"es","@id":"https:\/\/www.boxrepsol.com\/es\/sin-categorizar\/golpe-efecto-dalla-porta-mundial-junior-moto3\/#primaryimage","url":"https:\/\/www.boxrepsol.com\/wp-content\/uploads\/2022\/08\/lorenzo-dalla-porta-liderando-peloton-CEV-Moto3-2016.jpg","contentUrl":"https:\/\/www.boxrepsol.com\/wp-content\/uploads\/2022\/08\/lorenzo-dalla-porta-liderando-peloton-CEV-Moto3-2016.jpg","width":1024,"height":429,"caption":"Lorenzo Dalla Porta liderando el pelot\u00f3n"},{"@type":"BreadcrumbList","@id":"https:\/\/www.boxrepsol.com\/es\/sin-categorizar\/golpe-efecto-dalla-porta-mundial-junior-moto3\/#breadcrumb","itemListElement":[{"@type":"ListItem","position":1,"name":"Home","item":"https:\/\/www.boxrepsol.com\/es\/"},{"@type":"ListItem","position":2,"name":"Golpe de efecto de Dalla Porta en el Mundial Junior de Moto3"}]},{"@type":"WebSite","@id":"https:\/\/www.boxrepsol.com\/es\/#website","url":"https:\/\/www.boxrepsol.com\/es\/","name":"Box Repsol","description":"Box Repsol Site","publisher":{"@id":"https:\/\/www.boxrepsol.com\/es\/#organization"},"potentialAction":[{"@type":"SearchAction","target":{"@type":"EntryPoint","urlTemplate":"https:\/\/www.boxrepsol.com\/es\/?s={search_term_string}"},"query-input":{"@type":"PropertyValueSpecification","valueRequired":true,"valueName":"search_term_string"}}],"inLanguage":"es"},{"@type":"Organization","@id":"https:\/\/www.boxrepsol.com\/es\/#organization","name":"Box Repsol","url":"https:\/\/www.boxrepsol.com\/es\/","logo":{"@type":"ImageObject","inLanguage":"es","@id":"https:\/\/www.boxrepsol.com\/es\/#\/schema\/logo\/image\/","url":"https:\/\/bxrepsol.s3.eu-west-1.amazonaws.com\/static\/2025\/07\/30083337\/favicon-96x96-1.png","contentUrl":"https:\/\/bxrepsol.s3.eu-west-1.amazonaws.com\/static\/2025\/07\/30083337\/favicon-96x96-1.png","width":96,"height":96,"caption":"Box Repsol"},"image":{"@id":"https:\/\/www.boxrepsol.com\/es\/#\/schema\/logo\/image\/"},"sameAs":["https:\/\/www.facebook.com\/BoxRepsol","https:\/\/x.com\/box_repsol","http:\/\/instagram.com\/box_repsol","https:\/\/www.youtube.com\/user\/RepsolCompeticion","https:\/\/www.flickr.com\/photos\/box_repsol\/"]},{"@type":"Person","@id":"https:\/\/www.boxrepsol.com\/es\/#\/schema\/person\/c5c2138f2cca251b0ad92b7086bb60b7","name":"Redacci\u00f3n Box Repsol","image":{"@type":"ImageObject","inLanguage":"es","@id":"https:\/\/secure.gravatar.com\/avatar\/adf7b77e38b4419baf32c7e9c21dde01f4e40df611f0978e3006fc4ba0aaab7e?s=96&d=mm&r=g","url":"https:\/\/secure.gravatar.com\/avatar\/adf7b77e38b4419baf32c7e9c21dde01f4e40df611f0978e3006fc4ba0aaab7e?s=96&d=mm&r=g","contentUrl":"https:\/\/secure.gravatar.com\/avatar\/adf7b77e38b4419baf32c7e9c21dde01f4e40df611f0978e3006fc4ba0aaab7e?s=96&d=mm&r=g","caption":"Redacci\u00f3n Box Repsol"},"description":"Box Repsol lo forma un equipo de periodistas, community managers, dise\u00f1adores y fot\u00f3grafos con m\u00e1s de 20 a\u00f1os de experiencia en el mundo del motorsport. Hemos vivido el primer mundial de un espa\u00f1ol en la categor\u00eda reina de motociclismo con \u00c1lex Crivill\u00e9, estuvimos en las victorias de Pedrosa y los t\u00edtulos de M\u00e1rquez, acompa\u00f1amos en \u00c1frica a Nani Roma y Marc Coma en sus conquistas del Dakar y hemos vibrado con los t\u00edtulos de Toni Bou en Trial. Adem\u00e1s, en nuestro equipo contamos con expertos en el mundo de las dos y cuatro ruedas tanto de la calle y las carreteras, como de los circuitos. Periodistas que han trabajado en revistas y publicaciones para hacerte llegar desde rutas y consejos de mantenimiento, a curiosidades y trucos de pilotaje.","sameAs":["https:\/\/www.facebook.com\/BoxRepsol\/","https:\/\/www.instagram.com\/box_repsol\/","https:\/\/x.com\/https:\/\/twitter.com\/box_repsol","https:\/\/www.youtube.com\/@Boxrepsol"],"url":"https:\/\/www.boxrepsol.com\/es\/author\/redaccion-box-repsol\/"}]}},"_links":{"self":[{"href":"https:\/\/www.boxrepsol.com\/es\/wp-json\/wp\/v2\/posts\/89700","targetHints":{"allow":["GET"]}}],"collection":[{"href":"https:\/\/www.boxrepsol.com\/es\/wp-json\/wp\/v2\/posts"}],"about":[{"href":"https:\/\/www.boxrepsol.com\/es\/wp-json\/wp\/v2\/types\/post"}],"author":[{"embeddable":true,"href":"https:\/\/www.boxrepsol.com\/es\/wp-json\/wp\/v2\/users\/43146"}],"replies":[{"embeddable":true,"href":"https:\/\/www.boxrepsol.com\/es\/wp-json\/wp\/v2\/comments?post=89700"}],"version-history":[{"count":1,"href":"https:\/\/www.boxrepsol.com\/es\/wp-json\/wp\/v2\/posts\/89700\/revisions"}],"predecessor-version":[{"id":89701,"href":"https:\/\/www.boxrepsol.com\/es\/wp-json\/wp\/v2\/posts\/89700\/revisions\/89701"}],"wp:featuredmedia":[{"embeddable":true,"href":"https:\/\/www.boxrepsol.com\/es\/wp-json\/wp\/v2\/media\/85441"}],"wp:attachment":[{"href":"https:\/\/www.boxrepsol.com\/es\/wp-json\/wp\/v2\/media?parent=89700"}],"wp:term":[{"taxonomy":"category","embeddable":true,"href":"https:\/\/www.boxrepsol.com\/es\/wp-json\/wp\/v2\/categories?post=89700"},{"taxonomy":"post_tag","embeddable":true,"href":"https:\/\/www.boxrepsol.com\/es\/wp-json\/wp\/v2\/tags?post=89700"}],"curies":[{"name":"wp","href":"https:\/\/api.w.org\/{rel}","templated":true}]}}