{"id":89668,"date":"2016-08-20T00:00:00","date_gmt":"2016-08-20T02:00:00","guid":{"rendered":"http:\/\/pre.boxrepsol.com\/sin-categorizar\/quinta-pole-del-ano-marquez\/"},"modified":"2024-05-07T06:55:48","modified_gmt":"2024-05-07T08:55:48","slug":"quinta-pole-del-ano-marquez","status":"publish","type":"post","link":"https:\/\/www.boxrepsol.com\/es\/motogp\/quinta-pole-del-ano-marquez\/","title":{"rendered":"Quinta pole del a\u00f1o para M\u00e1rquez"},"content":{"rendered":"<blockquote><p>\u00b7@marcmarquez93: \u00abDivertida pole position, ma\u00f1ana daremos el 100%\u00bb<\/p>\n<p><a href=\"http:\/\/twitter.com\/share?text=%C2%B7%40marcmarquez93%3A+%22Divertida+pole+position%2C+ma%C3%B1ana+daremos+el+100%25%22&amp;url=http%3A%2F%2F34.249.211.158%2Fes%2Fmotogp%2Fquinta-pole-del-ano-marquez%2F&amp;hashtags=\" target=\"_blank\" rel=\"noopener noreferrer\"><br \/>\ntwittear <\/a><\/p>\n<footer>Marc M\u00e1rquez<\/footer>\n<\/blockquote>\n<p>Gran actuaci\u00f3n de Marc M\u00e1rquez en la segunda jornada de entrenamientos del Gran Premio de la Rep\u00fablica Checa. El l\u00edder del Mundial ha sido tercero en las dos sesiones libres de hoy, mejorando notablemente su ritmo de ayer, y en la sesi\u00f3n oficial ha parado el cron\u00f3metro en 1 minuto, 54 segundos y 596 mil\u00e9simas. Para lograr su quinta pole de la temporada, la 63\u00aa de su carrera deportiva en el Mundial, M\u00e1rquez ha tenido que realizar un espectacular adelantamiento a Valentino Rossi en la curva de entrada a meta.<\/p>\n<p>Su compa\u00f1ero en el equipo Repsol Honda, Dani Pedrosa ha sido und\u00e9cimo en el tercer libre y s\u00e9ptimo en el cuarto, teniendo que pasar por la Q1, en la que se ha clasificado primero para acceder a la Q2. En la definitiva tanda cronometrada, Pedrosa ha marcado un registro de 1 minuto, 55 segundos y 841 mil\u00e9simas que le ha situado noveno, en la tercera fila de ma\u00f1ana.<\/p>\n<p><img decoding=\"async\" src=\"https:\/\/bxrepsol.s3.eu-west-1.amazonaws.com\/static\/2022\/08\/29043745\/dani-pedrosa-rc213v-2016.jpg\" alt=\"Dani Pedrosa tumbando la moto\" \/><\/p>\n<h3><strong>Marc M\u00e1rquez<\/strong><\/h3>\n<p>\u00abSinceramente, no esperaba conseguir esta pole. Me ve\u00eda luchando por la segunda posici\u00f3n o por quedar dentro de primera fila, que era nuestro objetivo principal. Jorge [Lorenzo] esta ma\u00f1ana ha hecho una vuelta que cre\u00eda que ser\u00eda dif\u00edcil de repetir, pero durante la sesi\u00f3n cronometrada he podido encontrar una buena referencia, que me ha ayudado. Pol [Espargar\u00f3] y Valentino [Rossi] estaban delante y he podido aprovechar el rebufo y adelantar en la \u00faltima curva sin perder tiempo. Al final, hemos hecho una muy buena vuelta y sobre todo me voy contento por c\u00f3mo nos ha ido el FP4, donde hemos dado un paso adelante en cuanto a ritmo. Hemos cambiado completamente la configuraci\u00f3n y me ha ido mucho mejor. Si ma\u00f1ana la carrera es en seco, me da esperanzas, porque nos estaba costando. Si finalmente llueve ser\u00e1 m\u00e1s dif\u00edcil, pero estoy contento porque somos competitivos\u00bb.<\/p>\n<h3><strong>Dani Pedrosa<\/strong><\/h3>\n<p>\u00abHemos estado probando diferentes ajustes en la puesta a punto de la moto tanto ayer como hoy, aunque esta ma\u00f1ana no hemos logrado rendir tan bien como esper\u00e1bamos, teniendo que pasar por la Q1. Ha ido bien, pero luego no hemos logrado mejorar m\u00e1s en la Q2. Ahora tenemos que entender en qu\u00e9 direcci\u00f3n seguir ma\u00f1ana, dependiendo tambi\u00e9n de la meteorolog\u00eda que tengamos. Lo haremos lo mejor posible para lograr el m\u00e1ximo en carrera\u00bb.<\/p>\n","protected":false},"excerpt":{"rendered":"<p>El piloto del equipo Repsol Honda rebaja el r\u00e9cord de la pole protagonizando un adelantamiento magistral. Su compa\u00f1ero de equipo, Dani Pedrosa, partir\u00e1 ma\u00f1ana noveno.<\/p>\n","protected":false},"author":43146,"featured_media":85379,"comment_status":"open","ping_status":"open","sticky":false,"template":"","format":"standard","meta":{"footnotes":""},"categories":[4],"tags":[144],"class_list":["post-89668","post","type-post","status-publish","format-standard","hentry","category-motogp","tag-motogp-republica-checa"],"yoast_head":"<!-- This site is optimized with the Yoast SEO plugin v27.3 - https:\/\/yoast.com\/product\/yoast-seo-wordpress\/ -->\n<title>Quinta pole del a\u00f1o para M\u00e1rquez - Box Repsol<\/title>\n<meta name=\"description\" content=\"El piloto del equipo Repsol Honda rebaja el r\u00e9cord de la pole protagonizando un adelantamiento magistral. Dani Pedrosa, partir\u00e1 ma\u00f1ana noveno.\" \/>\n<link rel=\"canonical\" href=\"https:\/\/www.boxrepsol.com\/es\/motogp\/quinta-pole-del-ano-marquez\/\" \/>\n<meta property=\"og:locale\" content=\"es_ES\" \/>\n<meta property=\"og:type\" content=\"article\" \/>\n<meta property=\"og:title\" content=\"Quinta pole del a\u00f1o para M\u00e1rquez - Box Repsol\" \/>\n<meta property=\"og:description\" content=\"El piloto del equipo Repsol Honda rebaja el r\u00e9cord de la pole protagonizando un adelantamiento magistral. Dani Pedrosa, partir\u00e1 ma\u00f1ana noveno.\" \/>\n<meta property=\"og:url\" content=\"https:\/\/www.boxrepsol.com\/es\/motogp\/quinta-pole-del-ano-marquez\/\" \/>\n<meta property=\"og:site_name\" content=\"Box Repsol\" \/>\n<meta property=\"article:publisher\" content=\"https:\/\/www.facebook.com\/BoxRepsol\" \/>\n<meta property=\"article:author\" content=\"https:\/\/www.facebook.com\/BoxRepsol\/\" \/>\n<meta property=\"article:published_time\" content=\"2016-08-20T02:00:00+00:00\" \/>\n<meta property=\"article:modified_time\" content=\"2024-05-07T08:55:48+00:00\" \/>\n<meta property=\"og:image\" content=\"https:\/\/www.boxrepsol.com\/wp-content\/uploads\/2022\/08\/marc-marquez-rc213v-2016.jpg\" \/>\n\t<meta property=\"og:image:width\" content=\"984\" \/>\n\t<meta property=\"og:image:height\" content=\"412\" \/>\n\t<meta property=\"og:image:type\" content=\"image\/jpeg\" \/>\n<meta name=\"author\" content=\"Redacci\u00f3n Box Repsol\" \/>\n<meta name=\"twitter:card\" content=\"summary_large_image\" \/>\n<meta name=\"twitter:creator\" content=\"@https:\/\/twitter.com\/box_repsol\" \/>\n<meta name=\"twitter:site\" content=\"@box_repsol\" \/>\n<meta name=\"twitter:label1\" content=\"Written by\" \/>\n\t<meta name=\"twitter:data1\" content=\"Redacci\u00f3n Box Repsol\" \/>\n\t<meta name=\"twitter:label2\" content=\"Est. reading time\" \/>\n\t<meta name=\"twitter:data2\" content=\"2 minutos\" \/>\n<script type=\"application\/ld+json\" class=\"yoast-schema-graph\">{\"@context\":\"https:\\\/\\\/schema.org\",\"@graph\":[{\"@type\":\"Article\",\"@id\":\"https:\\\/\\\/www.boxrepsol.com\\\/es\\\/motogp\\\/quinta-pole-del-ano-marquez\\\/#article\",\"isPartOf\":{\"@id\":\"https:\\\/\\\/www.boxrepsol.com\\\/es\\\/motogp\\\/quinta-pole-del-ano-marquez\\\/\"},\"author\":{\"name\":\"Redacci\u00f3n Box Repsol\",\"@id\":\"https:\\\/\\\/www.boxrepsol.com\\\/es\\\/#\\\/schema\\\/person\\\/c5c2138f2cca251b0ad92b7086bb60b7\"},\"headline\":\"Quinta pole del a\u00f1o para M\u00e1rquez\",\"datePublished\":\"2016-08-20T02:00:00+00:00\",\"dateModified\":\"2024-05-07T08:55:48+00:00\",\"mainEntityOfPage\":{\"@id\":\"https:\\\/\\\/www.boxrepsol.com\\\/es\\\/motogp\\\/quinta-pole-del-ano-marquez\\\/\"},\"wordCount\":428,\"commentCount\":0,\"publisher\":{\"@id\":\"https:\\\/\\\/www.boxrepsol.com\\\/es\\\/#organization\"},\"image\":{\"@id\":\"https:\\\/\\\/www.boxrepsol.com\\\/es\\\/motogp\\\/quinta-pole-del-ano-marquez\\\/#primaryimage\"},\"thumbnailUrl\":\"https:\\\/\\\/www.boxrepsol.com\\\/wp-content\\\/uploads\\\/2022\\\/08\\\/marc-marquez-rc213v-2016.jpg\",\"keywords\":[\"MotoGP Rep\u00fablica Checa\"],\"articleSection\":[\"MotoGP\"],\"inLanguage\":\"es\",\"potentialAction\":[{\"@type\":\"CommentAction\",\"name\":\"Comment\",\"target\":[\"https:\\\/\\\/www.boxrepsol.com\\\/es\\\/motogp\\\/quinta-pole-del-ano-marquez\\\/#respond\"]}]},{\"@type\":\"WebPage\",\"@id\":\"https:\\\/\\\/www.boxrepsol.com\\\/es\\\/motogp\\\/quinta-pole-del-ano-marquez\\\/\",\"url\":\"https:\\\/\\\/www.boxrepsol.com\\\/es\\\/motogp\\\/quinta-pole-del-ano-marquez\\\/\",\"name\":\"Quinta pole del a\u00f1o para M\u00e1rquez - Box Repsol\",\"isPartOf\":{\"@id\":\"https:\\\/\\\/www.boxrepsol.com\\\/es\\\/#website\"},\"primaryImageOfPage\":{\"@id\":\"https:\\\/\\\/www.boxrepsol.com\\\/es\\\/motogp\\\/quinta-pole-del-ano-marquez\\\/#primaryimage\"},\"image\":{\"@id\":\"https:\\\/\\\/www.boxrepsol.com\\\/es\\\/motogp\\\/quinta-pole-del-ano-marquez\\\/#primaryimage\"},\"thumbnailUrl\":\"https:\\\/\\\/www.boxrepsol.com\\\/wp-content\\\/uploads\\\/2022\\\/08\\\/marc-marquez-rc213v-2016.jpg\",\"datePublished\":\"2016-08-20T02:00:00+00:00\",\"dateModified\":\"2024-05-07T08:55:48+00:00\",\"description\":\"El piloto del equipo Repsol Honda rebaja el r\u00e9cord de la pole protagonizando un adelantamiento magistral. Dani Pedrosa, partir\u00e1 ma\u00f1ana noveno.\",\"breadcrumb\":{\"@id\":\"https:\\\/\\\/www.boxrepsol.com\\\/es\\\/motogp\\\/quinta-pole-del-ano-marquez\\\/#breadcrumb\"},\"inLanguage\":\"es\",\"potentialAction\":[{\"@type\":\"ReadAction\",\"target\":[\"https:\\\/\\\/www.boxrepsol.com\\\/es\\\/motogp\\\/quinta-pole-del-ano-marquez\\\/\"]}]},{\"@type\":\"ImageObject\",\"inLanguage\":\"es\",\"@id\":\"https:\\\/\\\/www.boxrepsol.com\\\/es\\\/motogp\\\/quinta-pole-del-ano-marquez\\\/#primaryimage\",\"url\":\"https:\\\/\\\/www.boxrepsol.com\\\/wp-content\\\/uploads\\\/2022\\\/08\\\/marc-marquez-rc213v-2016.jpg\",\"contentUrl\":\"https:\\\/\\\/www.boxrepsol.com\\\/wp-content\\\/uploads\\\/2022\\\/08\\\/marc-marquez-rc213v-2016.jpg\",\"width\":984,\"height\":412,\"caption\":\"Marc M\u00e1rquez en acci\u00f3n sobre la RC213V\"},{\"@type\":\"BreadcrumbList\",\"@id\":\"https:\\\/\\\/www.boxrepsol.com\\\/es\\\/motogp\\\/quinta-pole-del-ano-marquez\\\/#breadcrumb\",\"itemListElement\":[{\"@type\":\"ListItem\",\"position\":1,\"name\":\"Home\",\"item\":\"https:\\\/\\\/www.boxrepsol.com\\\/es\\\/\"},{\"@type\":\"ListItem\",\"position\":2,\"name\":\"Quinta pole del a\u00f1o para M\u00e1rquez\"}]},{\"@type\":\"WebSite\",\"@id\":\"https:\\\/\\\/www.boxrepsol.com\\\/es\\\/#website\",\"url\":\"https:\\\/\\\/www.boxrepsol.com\\\/es\\\/\",\"name\":\"Box Repsol\",\"description\":\"Box Repsol Site\",\"publisher\":{\"@id\":\"https:\\\/\\\/www.boxrepsol.com\\\/es\\\/#organization\"},\"potentialAction\":[{\"@type\":\"SearchAction\",\"target\":{\"@type\":\"EntryPoint\",\"urlTemplate\":\"https:\\\/\\\/www.boxrepsol.com\\\/es\\\/?s={search_term_string}\"},\"query-input\":{\"@type\":\"PropertyValueSpecification\",\"valueRequired\":true,\"valueName\":\"search_term_string\"}}],\"inLanguage\":\"es\"},{\"@type\":\"Organization\",\"@id\":\"https:\\\/\\\/www.boxrepsol.com\\\/es\\\/#organization\",\"name\":\"Box Repsol\",\"url\":\"https:\\\/\\\/www.boxrepsol.com\\\/es\\\/\",\"logo\":{\"@type\":\"ImageObject\",\"inLanguage\":\"es\",\"@id\":\"https:\\\/\\\/www.boxrepsol.com\\\/es\\\/#\\\/schema\\\/logo\\\/image\\\/\",\"url\":\"https:\\\/\\\/bxrepsol.s3.eu-west-1.amazonaws.com\\\/static\\\/2025\\\/07\\\/30083337\\\/favicon-96x96-1.png\",\"contentUrl\":\"https:\\\/\\\/bxrepsol.s3.eu-west-1.amazonaws.com\\\/static\\\/2025\\\/07\\\/30083337\\\/favicon-96x96-1.png\",\"width\":96,\"height\":96,\"caption\":\"Box Repsol\"},\"image\":{\"@id\":\"https:\\\/\\\/www.boxrepsol.com\\\/es\\\/#\\\/schema\\\/logo\\\/image\\\/\"},\"sameAs\":[\"https:\\\/\\\/www.facebook.com\\\/BoxRepsol\",\"https:\\\/\\\/x.com\\\/box_repsol\",\"http:\\\/\\\/instagram.com\\\/box_repsol\",\"https:\\\/\\\/www.youtube.com\\\/user\\\/RepsolCompeticion\",\"https:\\\/\\\/www.flickr.com\\\/photos\\\/box_repsol\\\/\"]},{\"@type\":\"Person\",\"@id\":\"https:\\\/\\\/www.boxrepsol.com\\\/es\\\/#\\\/schema\\\/person\\\/c5c2138f2cca251b0ad92b7086bb60b7\",\"name\":\"Redacci\u00f3n Box Repsol\",\"image\":{\"@type\":\"ImageObject\",\"inLanguage\":\"es\",\"@id\":\"https:\\\/\\\/secure.gravatar.com\\\/avatar\\\/adf7b77e38b4419baf32c7e9c21dde01f4e40df611f0978e3006fc4ba0aaab7e?s=96&d=mm&r=g\",\"url\":\"https:\\\/\\\/secure.gravatar.com\\\/avatar\\\/adf7b77e38b4419baf32c7e9c21dde01f4e40df611f0978e3006fc4ba0aaab7e?s=96&d=mm&r=g\",\"contentUrl\":\"https:\\\/\\\/secure.gravatar.com\\\/avatar\\\/adf7b77e38b4419baf32c7e9c21dde01f4e40df611f0978e3006fc4ba0aaab7e?s=96&d=mm&r=g\",\"caption\":\"Redacci\u00f3n Box Repsol\"},\"description\":\"Box Repsol lo forma un equipo de periodistas, community managers, dise\u00f1adores y fot\u00f3grafos con m\u00e1s de 20 a\u00f1os de experiencia en el mundo del motorsport. Hemos vivido el primer mundial de un espa\u00f1ol en la categor\u00eda reina de motociclismo con \u00c1lex Crivill\u00e9, estuvimos en las victorias de Pedrosa y los t\u00edtulos de M\u00e1rquez, acompa\u00f1amos en \u00c1frica a Nani Roma y Marc Coma en sus conquistas del Dakar y hemos vibrado con los t\u00edtulos de Toni Bou en Trial. Adem\u00e1s, en nuestro equipo contamos con expertos en el mundo de las dos y cuatro ruedas tanto de la calle y las carreteras, como de los circuitos. Periodistas que han trabajado en revistas y publicaciones para hacerte llegar desde rutas y consejos de mantenimiento, a curiosidades y trucos de pilotaje.\",\"sameAs\":[\"https:\\\/\\\/www.facebook.com\\\/BoxRepsol\\\/\",\"https:\\\/\\\/www.instagram.com\\\/box_repsol\\\/\",\"https:\\\/\\\/x.com\\\/https:\\\/\\\/twitter.com\\\/box_repsol\",\"https:\\\/\\\/www.youtube.com\\\/@Boxrepsol\"],\"url\":\"https:\\\/\\\/www.boxrepsol.com\\\/es\\\/author\\\/redaccion-box-repsol\\\/\"}]}<\/script>\n<!-- \/ Yoast SEO plugin. -->","yoast_head_json":{"title":"Quinta pole del a\u00f1o para M\u00e1rquez - Box Repsol","description":"El piloto del equipo Repsol Honda rebaja el r\u00e9cord de la pole protagonizando un adelantamiento magistral. Dani Pedrosa, partir\u00e1 ma\u00f1ana noveno.","canonical":"https:\/\/www.boxrepsol.com\/es\/motogp\/quinta-pole-del-ano-marquez\/","og_locale":"es_ES","og_type":"article","og_title":"Quinta pole del a\u00f1o para M\u00e1rquez - Box Repsol","og_description":"El piloto del equipo Repsol Honda rebaja el r\u00e9cord de la pole protagonizando un adelantamiento magistral. Dani Pedrosa, partir\u00e1 ma\u00f1ana noveno.","og_url":"https:\/\/www.boxrepsol.com\/es\/motogp\/quinta-pole-del-ano-marquez\/","og_site_name":"Box Repsol","article_publisher":"https:\/\/www.facebook.com\/BoxRepsol","article_author":"https:\/\/www.facebook.com\/BoxRepsol\/","article_published_time":"2016-08-20T02:00:00+00:00","article_modified_time":"2024-05-07T08:55:48+00:00","og_image":[{"width":984,"height":412,"url":"https:\/\/www.boxrepsol.com\/wp-content\/uploads\/2022\/08\/marc-marquez-rc213v-2016.jpg","type":"image\/jpeg"}],"author":"Redacci\u00f3n Box Repsol","twitter_card":"summary_large_image","twitter_creator":"@https:\/\/twitter.com\/box_repsol","twitter_site":"@box_repsol","twitter_misc":{"Written by":"Redacci\u00f3n Box Repsol","Est. reading time":"2 minutos"},"schema":{"@context":"https:\/\/schema.org","@graph":[{"@type":"Article","@id":"https:\/\/www.boxrepsol.com\/es\/motogp\/quinta-pole-del-ano-marquez\/#article","isPartOf":{"@id":"https:\/\/www.boxrepsol.com\/es\/motogp\/quinta-pole-del-ano-marquez\/"},"author":{"name":"Redacci\u00f3n Box Repsol","@id":"https:\/\/www.boxrepsol.com\/es\/#\/schema\/person\/c5c2138f2cca251b0ad92b7086bb60b7"},"headline":"Quinta pole del a\u00f1o para M\u00e1rquez","datePublished":"2016-08-20T02:00:00+00:00","dateModified":"2024-05-07T08:55:48+00:00","mainEntityOfPage":{"@id":"https:\/\/www.boxrepsol.com\/es\/motogp\/quinta-pole-del-ano-marquez\/"},"wordCount":428,"commentCount":0,"publisher":{"@id":"https:\/\/www.boxrepsol.com\/es\/#organization"},"image":{"@id":"https:\/\/www.boxrepsol.com\/es\/motogp\/quinta-pole-del-ano-marquez\/#primaryimage"},"thumbnailUrl":"https:\/\/www.boxrepsol.com\/wp-content\/uploads\/2022\/08\/marc-marquez-rc213v-2016.jpg","keywords":["MotoGP Rep\u00fablica Checa"],"articleSection":["MotoGP"],"inLanguage":"es","potentialAction":[{"@type":"CommentAction","name":"Comment","target":["https:\/\/www.boxrepsol.com\/es\/motogp\/quinta-pole-del-ano-marquez\/#respond"]}]},{"@type":"WebPage","@id":"https:\/\/www.boxrepsol.com\/es\/motogp\/quinta-pole-del-ano-marquez\/","url":"https:\/\/www.boxrepsol.com\/es\/motogp\/quinta-pole-del-ano-marquez\/","name":"Quinta pole del a\u00f1o para M\u00e1rquez - Box Repsol","isPartOf":{"@id":"https:\/\/www.boxrepsol.com\/es\/#website"},"primaryImageOfPage":{"@id":"https:\/\/www.boxrepsol.com\/es\/motogp\/quinta-pole-del-ano-marquez\/#primaryimage"},"image":{"@id":"https:\/\/www.boxrepsol.com\/es\/motogp\/quinta-pole-del-ano-marquez\/#primaryimage"},"thumbnailUrl":"https:\/\/www.boxrepsol.com\/wp-content\/uploads\/2022\/08\/marc-marquez-rc213v-2016.jpg","datePublished":"2016-08-20T02:00:00+00:00","dateModified":"2024-05-07T08:55:48+00:00","description":"El piloto del equipo Repsol Honda rebaja el r\u00e9cord de la pole protagonizando un adelantamiento magistral. Dani Pedrosa, partir\u00e1 ma\u00f1ana noveno.","breadcrumb":{"@id":"https:\/\/www.boxrepsol.com\/es\/motogp\/quinta-pole-del-ano-marquez\/#breadcrumb"},"inLanguage":"es","potentialAction":[{"@type":"ReadAction","target":["https:\/\/www.boxrepsol.com\/es\/motogp\/quinta-pole-del-ano-marquez\/"]}]},{"@type":"ImageObject","inLanguage":"es","@id":"https:\/\/www.boxrepsol.com\/es\/motogp\/quinta-pole-del-ano-marquez\/#primaryimage","url":"https:\/\/www.boxrepsol.com\/wp-content\/uploads\/2022\/08\/marc-marquez-rc213v-2016.jpg","contentUrl":"https:\/\/www.boxrepsol.com\/wp-content\/uploads\/2022\/08\/marc-marquez-rc213v-2016.jpg","width":984,"height":412,"caption":"Marc M\u00e1rquez en acci\u00f3n sobre la RC213V"},{"@type":"BreadcrumbList","@id":"https:\/\/www.boxrepsol.com\/es\/motogp\/quinta-pole-del-ano-marquez\/#breadcrumb","itemListElement":[{"@type":"ListItem","position":1,"name":"Home","item":"https:\/\/www.boxrepsol.com\/es\/"},{"@type":"ListItem","position":2,"name":"Quinta pole del a\u00f1o para M\u00e1rquez"}]},{"@type":"WebSite","@id":"https:\/\/www.boxrepsol.com\/es\/#website","url":"https:\/\/www.boxrepsol.com\/es\/","name":"Box Repsol","description":"Box Repsol Site","publisher":{"@id":"https:\/\/www.boxrepsol.com\/es\/#organization"},"potentialAction":[{"@type":"SearchAction","target":{"@type":"EntryPoint","urlTemplate":"https:\/\/www.boxrepsol.com\/es\/?s={search_term_string}"},"query-input":{"@type":"PropertyValueSpecification","valueRequired":true,"valueName":"search_term_string"}}],"inLanguage":"es"},{"@type":"Organization","@id":"https:\/\/www.boxrepsol.com\/es\/#organization","name":"Box Repsol","url":"https:\/\/www.boxrepsol.com\/es\/","logo":{"@type":"ImageObject","inLanguage":"es","@id":"https:\/\/www.boxrepsol.com\/es\/#\/schema\/logo\/image\/","url":"https:\/\/bxrepsol.s3.eu-west-1.amazonaws.com\/static\/2025\/07\/30083337\/favicon-96x96-1.png","contentUrl":"https:\/\/bxrepsol.s3.eu-west-1.amazonaws.com\/static\/2025\/07\/30083337\/favicon-96x96-1.png","width":96,"height":96,"caption":"Box Repsol"},"image":{"@id":"https:\/\/www.boxrepsol.com\/es\/#\/schema\/logo\/image\/"},"sameAs":["https:\/\/www.facebook.com\/BoxRepsol","https:\/\/x.com\/box_repsol","http:\/\/instagram.com\/box_repsol","https:\/\/www.youtube.com\/user\/RepsolCompeticion","https:\/\/www.flickr.com\/photos\/box_repsol\/"]},{"@type":"Person","@id":"https:\/\/www.boxrepsol.com\/es\/#\/schema\/person\/c5c2138f2cca251b0ad92b7086bb60b7","name":"Redacci\u00f3n Box Repsol","image":{"@type":"ImageObject","inLanguage":"es","@id":"https:\/\/secure.gravatar.com\/avatar\/adf7b77e38b4419baf32c7e9c21dde01f4e40df611f0978e3006fc4ba0aaab7e?s=96&d=mm&r=g","url":"https:\/\/secure.gravatar.com\/avatar\/adf7b77e38b4419baf32c7e9c21dde01f4e40df611f0978e3006fc4ba0aaab7e?s=96&d=mm&r=g","contentUrl":"https:\/\/secure.gravatar.com\/avatar\/adf7b77e38b4419baf32c7e9c21dde01f4e40df611f0978e3006fc4ba0aaab7e?s=96&d=mm&r=g","caption":"Redacci\u00f3n Box Repsol"},"description":"Box Repsol lo forma un equipo de periodistas, community managers, dise\u00f1adores y fot\u00f3grafos con m\u00e1s de 20 a\u00f1os de experiencia en el mundo del motorsport. Hemos vivido el primer mundial de un espa\u00f1ol en la categor\u00eda reina de motociclismo con \u00c1lex Crivill\u00e9, estuvimos en las victorias de Pedrosa y los t\u00edtulos de M\u00e1rquez, acompa\u00f1amos en \u00c1frica a Nani Roma y Marc Coma en sus conquistas del Dakar y hemos vibrado con los t\u00edtulos de Toni Bou en Trial. Adem\u00e1s, en nuestro equipo contamos con expertos en el mundo de las dos y cuatro ruedas tanto de la calle y las carreteras, como de los circuitos. Periodistas que han trabajado en revistas y publicaciones para hacerte llegar desde rutas y consejos de mantenimiento, a curiosidades y trucos de pilotaje.","sameAs":["https:\/\/www.facebook.com\/BoxRepsol\/","https:\/\/www.instagram.com\/box_repsol\/","https:\/\/x.com\/https:\/\/twitter.com\/box_repsol","https:\/\/www.youtube.com\/@Boxrepsol"],"url":"https:\/\/www.boxrepsol.com\/es\/author\/redaccion-box-repsol\/"}]}},"_links":{"self":[{"href":"https:\/\/www.boxrepsol.com\/es\/wp-json\/wp\/v2\/posts\/89668","targetHints":{"allow":["GET"]}}],"collection":[{"href":"https:\/\/www.boxrepsol.com\/es\/wp-json\/wp\/v2\/posts"}],"about":[{"href":"https:\/\/www.boxrepsol.com\/es\/wp-json\/wp\/v2\/types\/post"}],"author":[{"embeddable":true,"href":"https:\/\/www.boxrepsol.com\/es\/wp-json\/wp\/v2\/users\/43146"}],"replies":[{"embeddable":true,"href":"https:\/\/www.boxrepsol.com\/es\/wp-json\/wp\/v2\/comments?post=89668"}],"version-history":[{"count":1,"href":"https:\/\/www.boxrepsol.com\/es\/wp-json\/wp\/v2\/posts\/89668\/revisions"}],"predecessor-version":[{"id":89669,"href":"https:\/\/www.boxrepsol.com\/es\/wp-json\/wp\/v2\/posts\/89668\/revisions\/89669"}],"wp:featuredmedia":[{"embeddable":true,"href":"https:\/\/www.boxrepsol.com\/es\/wp-json\/wp\/v2\/media\/85379"}],"wp:attachment":[{"href":"https:\/\/www.boxrepsol.com\/es\/wp-json\/wp\/v2\/media?parent=89668"}],"wp:term":[{"taxonomy":"category","embeddable":true,"href":"https:\/\/www.boxrepsol.com\/es\/wp-json\/wp\/v2\/categories?post=89668"},{"taxonomy":"post_tag","embeddable":true,"href":"https:\/\/www.boxrepsol.com\/es\/wp-json\/wp\/v2\/tags?post=89668"}],"curies":[{"name":"wp","href":"https:\/\/api.w.org\/{rel}","templated":true}]}}