{"id":89666,"date":"2016-08-28T00:00:00","date_gmt":"2016-08-28T02:00:00","guid":{"rendered":"http:\/\/pre.boxrepsol.com\/sin-categorizar\/jorge-navarro-suma-puntos-la-lluvia\/"},"modified":"2024-05-07T07:05:28","modified_gmt":"2024-05-07T09:05:28","slug":"jorge-navarro-suma-puntos-la-lluvia","status":"publish","type":"post","link":"https:\/\/www.boxrepsol.com\/es\/motogp\/jorge-navarro-suma-puntos-la-lluvia\/","title":{"rendered":"Jorge Navarro suma puntos bajo la lluvia"},"content":{"rendered":"<blockquote>\n<p>Jorge Navarro: \u00abLa lectura final de la carrera es positiva\u00bb<\/p>\n<p>            <a href=\"http:\/\/twitter.com\/share?text=Jorge+Navarro%3A+%22La+lectura+final+de+la+carrera+es+positiva%22&#038;url=http%3A%2F%2F34.249.211.158%2Fes%2Fmoto3%2Fjorge-navarro-suma-puntos-la-lluvia%2F&#038;hashtags=\" target=\"_blank\" rel=\"noopener\"><br \/>\n            twittear        <\/a>\n        <\/p><\/blockquote>\n<p><strong>Jorge Navarro<\/strong> ha sabido mantenerse a flote a pesar del diluvio ca\u00eddo hoy sobre el circuito de Brno. Incluso el l\u00edder del Mundial de Moto3, el sudafricano Binder, ha sucumbido hoy al agua con una ca\u00edda cuando lideraba la prueba, lo que ha permitido a Navarro recuperar 6 puntos en la clasificaci\u00f3n general y reducir la diferencia a 59 puntos. El piloto Repsol ha protagonizado una gran remontada desde la decimos\u00e9ptima posici\u00f3n del primer giro, a la sexta plaza a falta de seis vueltas. Sin embargo, un problema t\u00e9cnico le ha obligado a arriesgar m\u00e1s de la cuenta en las frenadas y, tras varios sustos, en las \u00faltimas vueltas ha cedido cuatro plazas hasta cruzar la meta d\u00e9cimo.<\/p>\n<p><strong>Ar\u00f3n Canet<\/strong>, que estaba realizando una gran carrera en plazas de podio, ha sufrido una ca\u00edda en la curva 3 cuando rodaba cuarto y faltaban 11 giros para terminar la prueba.<\/p>\n<p>\t\t\t\t<img decoding=\"async\" src=\"https:\/\/bxrepsol.s3.eu-west-1.amazonaws.com\/static\/2022\/08\/29043739\/31-jorge-navarro-moto3-estrella-galicia.jpg\" alt=\"Jorge Navarro\" itemprop=\"image\"  \/><\/p>\n<h3><strong>Jorge Navarro<\/strong><\/h3>\n<p><em>\u00abLa lectura final de la carrera es positiva. En la situaci\u00f3n que se nos ha presentado podr\u00edamos haber recortado m\u00e1s puntos a Binder, pero en las \u00faltimas vueltas he tenido alg\u00fan susto que me ha restado confianza y adem\u00e1s, he ido arrastrando un problema con el shifter que me ha generado dificultades para pelear con los primeros del grupo. Pese a todo me quedo con buenas sensaciones, ya que pese salir desde atr\u00e1s, hemos podido recortar 6 puntos al l\u00edder del campeonato.\u00bb<\/em><\/p>\n<h3><strong>Ar\u00f3n Canet<\/strong><\/h3>\n<p><em>\u00abHago un balance muy positivo de la carrera; hemos mejorado mucho, tanto en agua como en seco, y he adquirido una importante experiencia. En la carrera no he tenido una buena salida, pero a pesar de ello he estado h\u00e1bil en las primeras curvas y, despu\u00e9s de adelantar algunos pilotos, he podido engancharme al grupo de cabeza. He probado a salir m\u00e1s r\u00e1pido de la chicane, para tener alguna opci\u00f3n de adelantar a Mart\u00edn, pero he tenido un peque\u00f1o susto. En la siguiente vuelta me he ca\u00eddo en una frenada, se ha ido la moto de delante.\u00bb<\/em><\/p>\n","protected":false},"excerpt":{"rendered":"<p>El piloto Repsol ha sido d\u00e9cimo bajo un intenso aguacero y reduce la distancia con el l\u00edder de la general, que no ha terminado. Ca\u00edda de Ar\u00f3n Canet a media carrera cuando rodaba cuarto.<\/p>\n","protected":false},"author":43146,"featured_media":85375,"comment_status":"open","ping_status":"open","sticky":false,"template":"","format":"standard","meta":{"footnotes":""},"categories":[4],"tags":[14],"class_list":["post-89666","post","type-post","status-publish","format-standard","hentry","category-motogp","tag-moto3"],"yoast_head":"<!-- This site is optimized with the Yoast SEO plugin v27.3 - https:\/\/yoast.com\/product\/yoast-seo-wordpress\/ -->\n<title>Jorge Navarro suma puntos bajo la lluvia - Box Repsol<\/title>\n<meta name=\"description\" content=\"El piloto Repsol ha sido d\u00e9cimo bajo un intenso aguacero y reduce la distancia con el l\u00edder de la general, que no ha terminado. Ca\u00edda de Ar\u00f3n Canet...\" \/>\n<link rel=\"canonical\" href=\"https:\/\/www.boxrepsol.com\/es\/motogp\/jorge-navarro-suma-puntos-la-lluvia\/\" \/>\n<meta property=\"og:locale\" content=\"es_ES\" \/>\n<meta property=\"og:type\" content=\"article\" \/>\n<meta property=\"og:title\" content=\"Jorge Navarro suma puntos bajo la lluvia - Box Repsol\" \/>\n<meta property=\"og:description\" content=\"El piloto Repsol ha sido d\u00e9cimo bajo un intenso aguacero y reduce la distancia con el l\u00edder de la general, que no ha terminado. Ca\u00edda de Ar\u00f3n Canet...\" \/>\n<meta property=\"og:url\" content=\"https:\/\/www.boxrepsol.com\/es\/motogp\/jorge-navarro-suma-puntos-la-lluvia\/\" \/>\n<meta property=\"og:site_name\" content=\"Box Repsol\" \/>\n<meta property=\"article:publisher\" content=\"https:\/\/www.facebook.com\/BoxRepsol\" \/>\n<meta property=\"article:author\" content=\"https:\/\/www.facebook.com\/BoxRepsol\/\" \/>\n<meta property=\"article:published_time\" content=\"2016-08-28T02:00:00+00:00\" \/>\n<meta property=\"article:modified_time\" content=\"2024-05-07T09:05:28+00:00\" \/>\n<meta property=\"og:image\" content=\"https:\/\/www.boxrepsol.com\/wp-content\/uploads\/2022\/08\/jorge-navarro-moto3-lluvia-republica-checa-2017.jpg\" \/>\n\t<meta property=\"og:image:width\" content=\"984\" \/>\n\t<meta property=\"og:image:height\" content=\"512\" \/>\n\t<meta property=\"og:image:type\" content=\"image\/jpeg\" \/>\n<meta name=\"author\" content=\"Redacci\u00f3n Box Repsol\" \/>\n<meta name=\"twitter:card\" content=\"summary_large_image\" \/>\n<meta name=\"twitter:creator\" content=\"@https:\/\/twitter.com\/box_repsol\" \/>\n<meta name=\"twitter:site\" content=\"@box_repsol\" \/>\n<meta name=\"twitter:label1\" content=\"Written by\" \/>\n\t<meta name=\"twitter:data1\" content=\"Redacci\u00f3n Box Repsol\" \/>\n\t<meta name=\"twitter:label2\" content=\"Est. reading time\" \/>\n\t<meta name=\"twitter:data2\" content=\"2 minutos\" \/>\n<script type=\"application\/ld+json\" class=\"yoast-schema-graph\">{\"@context\":\"https:\\\/\\\/schema.org\",\"@graph\":[{\"@type\":\"Article\",\"@id\":\"https:\\\/\\\/www.boxrepsol.com\\\/es\\\/motogp\\\/jorge-navarro-suma-puntos-la-lluvia\\\/#article\",\"isPartOf\":{\"@id\":\"https:\\\/\\\/www.boxrepsol.com\\\/es\\\/motogp\\\/jorge-navarro-suma-puntos-la-lluvia\\\/\"},\"author\":{\"name\":\"Redacci\u00f3n Box Repsol\",\"@id\":\"https:\\\/\\\/www.boxrepsol.com\\\/es\\\/#\\\/schema\\\/person\\\/c5c2138f2cca251b0ad92b7086bb60b7\"},\"headline\":\"Jorge Navarro suma puntos bajo la lluvia\",\"datePublished\":\"2016-08-28T02:00:00+00:00\",\"dateModified\":\"2024-05-07T09:05:28+00:00\",\"mainEntityOfPage\":{\"@id\":\"https:\\\/\\\/www.boxrepsol.com\\\/es\\\/motogp\\\/jorge-navarro-suma-puntos-la-lluvia\\\/\"},\"wordCount\":372,\"commentCount\":0,\"publisher\":{\"@id\":\"https:\\\/\\\/www.boxrepsol.com\\\/es\\\/#organization\"},\"image\":{\"@id\":\"https:\\\/\\\/www.boxrepsol.com\\\/es\\\/motogp\\\/jorge-navarro-suma-puntos-la-lluvia\\\/#primaryimage\"},\"thumbnailUrl\":\"https:\\\/\\\/www.boxrepsol.com\\\/wp-content\\\/uploads\\\/2022\\\/08\\\/jorge-navarro-moto3-lluvia-republica-checa-2017.jpg\",\"keywords\":[\"Moto3\"],\"articleSection\":[\"MotoGP\"],\"inLanguage\":\"es\",\"potentialAction\":[{\"@type\":\"CommentAction\",\"name\":\"Comment\",\"target\":[\"https:\\\/\\\/www.boxrepsol.com\\\/es\\\/motogp\\\/jorge-navarro-suma-puntos-la-lluvia\\\/#respond\"]}]},{\"@type\":\"WebPage\",\"@id\":\"https:\\\/\\\/www.boxrepsol.com\\\/es\\\/motogp\\\/jorge-navarro-suma-puntos-la-lluvia\\\/\",\"url\":\"https:\\\/\\\/www.boxrepsol.com\\\/es\\\/motogp\\\/jorge-navarro-suma-puntos-la-lluvia\\\/\",\"name\":\"Jorge Navarro suma puntos bajo la lluvia - Box Repsol\",\"isPartOf\":{\"@id\":\"https:\\\/\\\/www.boxrepsol.com\\\/es\\\/#website\"},\"primaryImageOfPage\":{\"@id\":\"https:\\\/\\\/www.boxrepsol.com\\\/es\\\/motogp\\\/jorge-navarro-suma-puntos-la-lluvia\\\/#primaryimage\"},\"image\":{\"@id\":\"https:\\\/\\\/www.boxrepsol.com\\\/es\\\/motogp\\\/jorge-navarro-suma-puntos-la-lluvia\\\/#primaryimage\"},\"thumbnailUrl\":\"https:\\\/\\\/www.boxrepsol.com\\\/wp-content\\\/uploads\\\/2022\\\/08\\\/jorge-navarro-moto3-lluvia-republica-checa-2017.jpg\",\"datePublished\":\"2016-08-28T02:00:00+00:00\",\"dateModified\":\"2024-05-07T09:05:28+00:00\",\"description\":\"El piloto Repsol ha sido d\u00e9cimo bajo un intenso aguacero y reduce la distancia con el l\u00edder de la general, que no ha terminado. Ca\u00edda de Ar\u00f3n Canet...\",\"breadcrumb\":{\"@id\":\"https:\\\/\\\/www.boxrepsol.com\\\/es\\\/motogp\\\/jorge-navarro-suma-puntos-la-lluvia\\\/#breadcrumb\"},\"inLanguage\":\"es\",\"potentialAction\":[{\"@type\":\"ReadAction\",\"target\":[\"https:\\\/\\\/www.boxrepsol.com\\\/es\\\/motogp\\\/jorge-navarro-suma-puntos-la-lluvia\\\/\"]}]},{\"@type\":\"ImageObject\",\"inLanguage\":\"es\",\"@id\":\"https:\\\/\\\/www.boxrepsol.com\\\/es\\\/motogp\\\/jorge-navarro-suma-puntos-la-lluvia\\\/#primaryimage\",\"url\":\"https:\\\/\\\/www.boxrepsol.com\\\/wp-content\\\/uploads\\\/2022\\\/08\\\/jorge-navarro-moto3-lluvia-republica-checa-2017.jpg\",\"contentUrl\":\"https:\\\/\\\/www.boxrepsol.com\\\/wp-content\\\/uploads\\\/2022\\\/08\\\/jorge-navarro-moto3-lluvia-republica-checa-2017.jpg\",\"width\":984,\"height\":512,\"caption\":\"Ar\u00f3n Canet pilotando bajo la lluvia con otros pilotos\"},{\"@type\":\"BreadcrumbList\",\"@id\":\"https:\\\/\\\/www.boxrepsol.com\\\/es\\\/motogp\\\/jorge-navarro-suma-puntos-la-lluvia\\\/#breadcrumb\",\"itemListElement\":[{\"@type\":\"ListItem\",\"position\":1,\"name\":\"Home\",\"item\":\"https:\\\/\\\/www.boxrepsol.com\\\/es\\\/\"},{\"@type\":\"ListItem\",\"position\":2,\"name\":\"Jorge Navarro suma puntos bajo la lluvia\"}]},{\"@type\":\"WebSite\",\"@id\":\"https:\\\/\\\/www.boxrepsol.com\\\/es\\\/#website\",\"url\":\"https:\\\/\\\/www.boxrepsol.com\\\/es\\\/\",\"name\":\"Box Repsol\",\"description\":\"Box Repsol Site\",\"publisher\":{\"@id\":\"https:\\\/\\\/www.boxrepsol.com\\\/es\\\/#organization\"},\"potentialAction\":[{\"@type\":\"SearchAction\",\"target\":{\"@type\":\"EntryPoint\",\"urlTemplate\":\"https:\\\/\\\/www.boxrepsol.com\\\/es\\\/?s={search_term_string}\"},\"query-input\":{\"@type\":\"PropertyValueSpecification\",\"valueRequired\":true,\"valueName\":\"search_term_string\"}}],\"inLanguage\":\"es\"},{\"@type\":\"Organization\",\"@id\":\"https:\\\/\\\/www.boxrepsol.com\\\/es\\\/#organization\",\"name\":\"Box Repsol\",\"url\":\"https:\\\/\\\/www.boxrepsol.com\\\/es\\\/\",\"logo\":{\"@type\":\"ImageObject\",\"inLanguage\":\"es\",\"@id\":\"https:\\\/\\\/www.boxrepsol.com\\\/es\\\/#\\\/schema\\\/logo\\\/image\\\/\",\"url\":\"https:\\\/\\\/bxrepsol.s3.eu-west-1.amazonaws.com\\\/static\\\/2025\\\/07\\\/30083337\\\/favicon-96x96-1.png\",\"contentUrl\":\"https:\\\/\\\/bxrepsol.s3.eu-west-1.amazonaws.com\\\/static\\\/2025\\\/07\\\/30083337\\\/favicon-96x96-1.png\",\"width\":96,\"height\":96,\"caption\":\"Box Repsol\"},\"image\":{\"@id\":\"https:\\\/\\\/www.boxrepsol.com\\\/es\\\/#\\\/schema\\\/logo\\\/image\\\/\"},\"sameAs\":[\"https:\\\/\\\/www.facebook.com\\\/BoxRepsol\",\"https:\\\/\\\/x.com\\\/box_repsol\",\"http:\\\/\\\/instagram.com\\\/box_repsol\",\"https:\\\/\\\/www.youtube.com\\\/user\\\/RepsolCompeticion\",\"https:\\\/\\\/www.flickr.com\\\/photos\\\/box_repsol\\\/\"]},{\"@type\":\"Person\",\"@id\":\"https:\\\/\\\/www.boxrepsol.com\\\/es\\\/#\\\/schema\\\/person\\\/c5c2138f2cca251b0ad92b7086bb60b7\",\"name\":\"Redacci\u00f3n Box Repsol\",\"image\":{\"@type\":\"ImageObject\",\"inLanguage\":\"es\",\"@id\":\"https:\\\/\\\/secure.gravatar.com\\\/avatar\\\/adf7b77e38b4419baf32c7e9c21dde01f4e40df611f0978e3006fc4ba0aaab7e?s=96&d=mm&r=g\",\"url\":\"https:\\\/\\\/secure.gravatar.com\\\/avatar\\\/adf7b77e38b4419baf32c7e9c21dde01f4e40df611f0978e3006fc4ba0aaab7e?s=96&d=mm&r=g\",\"contentUrl\":\"https:\\\/\\\/secure.gravatar.com\\\/avatar\\\/adf7b77e38b4419baf32c7e9c21dde01f4e40df611f0978e3006fc4ba0aaab7e?s=96&d=mm&r=g\",\"caption\":\"Redacci\u00f3n Box Repsol\"},\"description\":\"Box Repsol lo forma un equipo de periodistas, community managers, dise\u00f1adores y fot\u00f3grafos con m\u00e1s de 20 a\u00f1os de experiencia en el mundo del motorsport. Hemos vivido el primer mundial de un espa\u00f1ol en la categor\u00eda reina de motociclismo con \u00c1lex Crivill\u00e9, estuvimos en las victorias de Pedrosa y los t\u00edtulos de M\u00e1rquez, acompa\u00f1amos en \u00c1frica a Nani Roma y Marc Coma en sus conquistas del Dakar y hemos vibrado con los t\u00edtulos de Toni Bou en Trial. Adem\u00e1s, en nuestro equipo contamos con expertos en el mundo de las dos y cuatro ruedas tanto de la calle y las carreteras, como de los circuitos. Periodistas que han trabajado en revistas y publicaciones para hacerte llegar desde rutas y consejos de mantenimiento, a curiosidades y trucos de pilotaje.\",\"sameAs\":[\"https:\\\/\\\/www.facebook.com\\\/BoxRepsol\\\/\",\"https:\\\/\\\/www.instagram.com\\\/box_repsol\\\/\",\"https:\\\/\\\/x.com\\\/https:\\\/\\\/twitter.com\\\/box_repsol\",\"https:\\\/\\\/www.youtube.com\\\/@Boxrepsol\"],\"url\":\"https:\\\/\\\/www.boxrepsol.com\\\/es\\\/author\\\/redaccion-box-repsol\\\/\"}]}<\/script>\n<!-- \/ Yoast SEO plugin. -->","yoast_head_json":{"title":"Jorge Navarro suma puntos bajo la lluvia - Box Repsol","description":"El piloto Repsol ha sido d\u00e9cimo bajo un intenso aguacero y reduce la distancia con el l\u00edder de la general, que no ha terminado. Ca\u00edda de Ar\u00f3n Canet...","canonical":"https:\/\/www.boxrepsol.com\/es\/motogp\/jorge-navarro-suma-puntos-la-lluvia\/","og_locale":"es_ES","og_type":"article","og_title":"Jorge Navarro suma puntos bajo la lluvia - Box Repsol","og_description":"El piloto Repsol ha sido d\u00e9cimo bajo un intenso aguacero y reduce la distancia con el l\u00edder de la general, que no ha terminado. Ca\u00edda de Ar\u00f3n Canet...","og_url":"https:\/\/www.boxrepsol.com\/es\/motogp\/jorge-navarro-suma-puntos-la-lluvia\/","og_site_name":"Box Repsol","article_publisher":"https:\/\/www.facebook.com\/BoxRepsol","article_author":"https:\/\/www.facebook.com\/BoxRepsol\/","article_published_time":"2016-08-28T02:00:00+00:00","article_modified_time":"2024-05-07T09:05:28+00:00","og_image":[{"width":984,"height":512,"url":"https:\/\/www.boxrepsol.com\/wp-content\/uploads\/2022\/08\/jorge-navarro-moto3-lluvia-republica-checa-2017.jpg","type":"image\/jpeg"}],"author":"Redacci\u00f3n Box Repsol","twitter_card":"summary_large_image","twitter_creator":"@https:\/\/twitter.com\/box_repsol","twitter_site":"@box_repsol","twitter_misc":{"Written by":"Redacci\u00f3n Box Repsol","Est. reading time":"2 minutos"},"schema":{"@context":"https:\/\/schema.org","@graph":[{"@type":"Article","@id":"https:\/\/www.boxrepsol.com\/es\/motogp\/jorge-navarro-suma-puntos-la-lluvia\/#article","isPartOf":{"@id":"https:\/\/www.boxrepsol.com\/es\/motogp\/jorge-navarro-suma-puntos-la-lluvia\/"},"author":{"name":"Redacci\u00f3n Box Repsol","@id":"https:\/\/www.boxrepsol.com\/es\/#\/schema\/person\/c5c2138f2cca251b0ad92b7086bb60b7"},"headline":"Jorge Navarro suma puntos bajo la lluvia","datePublished":"2016-08-28T02:00:00+00:00","dateModified":"2024-05-07T09:05:28+00:00","mainEntityOfPage":{"@id":"https:\/\/www.boxrepsol.com\/es\/motogp\/jorge-navarro-suma-puntos-la-lluvia\/"},"wordCount":372,"commentCount":0,"publisher":{"@id":"https:\/\/www.boxrepsol.com\/es\/#organization"},"image":{"@id":"https:\/\/www.boxrepsol.com\/es\/motogp\/jorge-navarro-suma-puntos-la-lluvia\/#primaryimage"},"thumbnailUrl":"https:\/\/www.boxrepsol.com\/wp-content\/uploads\/2022\/08\/jorge-navarro-moto3-lluvia-republica-checa-2017.jpg","keywords":["Moto3"],"articleSection":["MotoGP"],"inLanguage":"es","potentialAction":[{"@type":"CommentAction","name":"Comment","target":["https:\/\/www.boxrepsol.com\/es\/motogp\/jorge-navarro-suma-puntos-la-lluvia\/#respond"]}]},{"@type":"WebPage","@id":"https:\/\/www.boxrepsol.com\/es\/motogp\/jorge-navarro-suma-puntos-la-lluvia\/","url":"https:\/\/www.boxrepsol.com\/es\/motogp\/jorge-navarro-suma-puntos-la-lluvia\/","name":"Jorge Navarro suma puntos bajo la lluvia - Box Repsol","isPartOf":{"@id":"https:\/\/www.boxrepsol.com\/es\/#website"},"primaryImageOfPage":{"@id":"https:\/\/www.boxrepsol.com\/es\/motogp\/jorge-navarro-suma-puntos-la-lluvia\/#primaryimage"},"image":{"@id":"https:\/\/www.boxrepsol.com\/es\/motogp\/jorge-navarro-suma-puntos-la-lluvia\/#primaryimage"},"thumbnailUrl":"https:\/\/www.boxrepsol.com\/wp-content\/uploads\/2022\/08\/jorge-navarro-moto3-lluvia-republica-checa-2017.jpg","datePublished":"2016-08-28T02:00:00+00:00","dateModified":"2024-05-07T09:05:28+00:00","description":"El piloto Repsol ha sido d\u00e9cimo bajo un intenso aguacero y reduce la distancia con el l\u00edder de la general, que no ha terminado. Ca\u00edda de Ar\u00f3n Canet...","breadcrumb":{"@id":"https:\/\/www.boxrepsol.com\/es\/motogp\/jorge-navarro-suma-puntos-la-lluvia\/#breadcrumb"},"inLanguage":"es","potentialAction":[{"@type":"ReadAction","target":["https:\/\/www.boxrepsol.com\/es\/motogp\/jorge-navarro-suma-puntos-la-lluvia\/"]}]},{"@type":"ImageObject","inLanguage":"es","@id":"https:\/\/www.boxrepsol.com\/es\/motogp\/jorge-navarro-suma-puntos-la-lluvia\/#primaryimage","url":"https:\/\/www.boxrepsol.com\/wp-content\/uploads\/2022\/08\/jorge-navarro-moto3-lluvia-republica-checa-2017.jpg","contentUrl":"https:\/\/www.boxrepsol.com\/wp-content\/uploads\/2022\/08\/jorge-navarro-moto3-lluvia-republica-checa-2017.jpg","width":984,"height":512,"caption":"Ar\u00f3n Canet pilotando bajo la lluvia con otros pilotos"},{"@type":"BreadcrumbList","@id":"https:\/\/www.boxrepsol.com\/es\/motogp\/jorge-navarro-suma-puntos-la-lluvia\/#breadcrumb","itemListElement":[{"@type":"ListItem","position":1,"name":"Home","item":"https:\/\/www.boxrepsol.com\/es\/"},{"@type":"ListItem","position":2,"name":"Jorge Navarro suma puntos bajo la lluvia"}]},{"@type":"WebSite","@id":"https:\/\/www.boxrepsol.com\/es\/#website","url":"https:\/\/www.boxrepsol.com\/es\/","name":"Box Repsol","description":"Box Repsol Site","publisher":{"@id":"https:\/\/www.boxrepsol.com\/es\/#organization"},"potentialAction":[{"@type":"SearchAction","target":{"@type":"EntryPoint","urlTemplate":"https:\/\/www.boxrepsol.com\/es\/?s={search_term_string}"},"query-input":{"@type":"PropertyValueSpecification","valueRequired":true,"valueName":"search_term_string"}}],"inLanguage":"es"},{"@type":"Organization","@id":"https:\/\/www.boxrepsol.com\/es\/#organization","name":"Box Repsol","url":"https:\/\/www.boxrepsol.com\/es\/","logo":{"@type":"ImageObject","inLanguage":"es","@id":"https:\/\/www.boxrepsol.com\/es\/#\/schema\/logo\/image\/","url":"https:\/\/bxrepsol.s3.eu-west-1.amazonaws.com\/static\/2025\/07\/30083337\/favicon-96x96-1.png","contentUrl":"https:\/\/bxrepsol.s3.eu-west-1.amazonaws.com\/static\/2025\/07\/30083337\/favicon-96x96-1.png","width":96,"height":96,"caption":"Box Repsol"},"image":{"@id":"https:\/\/www.boxrepsol.com\/es\/#\/schema\/logo\/image\/"},"sameAs":["https:\/\/www.facebook.com\/BoxRepsol","https:\/\/x.com\/box_repsol","http:\/\/instagram.com\/box_repsol","https:\/\/www.youtube.com\/user\/RepsolCompeticion","https:\/\/www.flickr.com\/photos\/box_repsol\/"]},{"@type":"Person","@id":"https:\/\/www.boxrepsol.com\/es\/#\/schema\/person\/c5c2138f2cca251b0ad92b7086bb60b7","name":"Redacci\u00f3n Box Repsol","image":{"@type":"ImageObject","inLanguage":"es","@id":"https:\/\/secure.gravatar.com\/avatar\/adf7b77e38b4419baf32c7e9c21dde01f4e40df611f0978e3006fc4ba0aaab7e?s=96&d=mm&r=g","url":"https:\/\/secure.gravatar.com\/avatar\/adf7b77e38b4419baf32c7e9c21dde01f4e40df611f0978e3006fc4ba0aaab7e?s=96&d=mm&r=g","contentUrl":"https:\/\/secure.gravatar.com\/avatar\/adf7b77e38b4419baf32c7e9c21dde01f4e40df611f0978e3006fc4ba0aaab7e?s=96&d=mm&r=g","caption":"Redacci\u00f3n Box Repsol"},"description":"Box Repsol lo forma un equipo de periodistas, community managers, dise\u00f1adores y fot\u00f3grafos con m\u00e1s de 20 a\u00f1os de experiencia en el mundo del motorsport. Hemos vivido el primer mundial de un espa\u00f1ol en la categor\u00eda reina de motociclismo con \u00c1lex Crivill\u00e9, estuvimos en las victorias de Pedrosa y los t\u00edtulos de M\u00e1rquez, acompa\u00f1amos en \u00c1frica a Nani Roma y Marc Coma en sus conquistas del Dakar y hemos vibrado con los t\u00edtulos de Toni Bou en Trial. Adem\u00e1s, en nuestro equipo contamos con expertos en el mundo de las dos y cuatro ruedas tanto de la calle y las carreteras, como de los circuitos. Periodistas que han trabajado en revistas y publicaciones para hacerte llegar desde rutas y consejos de mantenimiento, a curiosidades y trucos de pilotaje.","sameAs":["https:\/\/www.facebook.com\/BoxRepsol\/","https:\/\/www.instagram.com\/box_repsol\/","https:\/\/x.com\/https:\/\/twitter.com\/box_repsol","https:\/\/www.youtube.com\/@Boxrepsol"],"url":"https:\/\/www.boxrepsol.com\/es\/author\/redaccion-box-repsol\/"}]}},"_links":{"self":[{"href":"https:\/\/www.boxrepsol.com\/es\/wp-json\/wp\/v2\/posts\/89666","targetHints":{"allow":["GET"]}}],"collection":[{"href":"https:\/\/www.boxrepsol.com\/es\/wp-json\/wp\/v2\/posts"}],"about":[{"href":"https:\/\/www.boxrepsol.com\/es\/wp-json\/wp\/v2\/types\/post"}],"author":[{"embeddable":true,"href":"https:\/\/www.boxrepsol.com\/es\/wp-json\/wp\/v2\/users\/43146"}],"replies":[{"embeddable":true,"href":"https:\/\/www.boxrepsol.com\/es\/wp-json\/wp\/v2\/comments?post=89666"}],"version-history":[{"count":1,"href":"https:\/\/www.boxrepsol.com\/es\/wp-json\/wp\/v2\/posts\/89666\/revisions"}],"predecessor-version":[{"id":89667,"href":"https:\/\/www.boxrepsol.com\/es\/wp-json\/wp\/v2\/posts\/89666\/revisions\/89667"}],"wp:featuredmedia":[{"embeddable":true,"href":"https:\/\/www.boxrepsol.com\/es\/wp-json\/wp\/v2\/media\/85375"}],"wp:attachment":[{"href":"https:\/\/www.boxrepsol.com\/es\/wp-json\/wp\/v2\/media?parent=89666"}],"wp:term":[{"taxonomy":"category","embeddable":true,"href":"https:\/\/www.boxrepsol.com\/es\/wp-json\/wp\/v2\/categories?post=89666"},{"taxonomy":"post_tag","embeddable":true,"href":"https:\/\/www.boxrepsol.com\/es\/wp-json\/wp\/v2\/tags?post=89666"}],"curies":[{"name":"wp","href":"https:\/\/api.w.org\/{rel}","templated":true}]}}