{"id":89661,"date":"2016-09-02T00:00:00","date_gmt":"2016-09-02T02:00:00","guid":{"rendered":"http:\/\/pre.boxrepsol.com\/sin-categorizar\/primeros-ajustes-marc-marquez-dani-pedrosa-silverstone\/"},"modified":"2024-05-07T07:05:04","modified_gmt":"2024-05-07T09:05:04","slug":"primeros-ajustes-marc-marquez-dani-pedrosa-silverstone","status":"publish","type":"post","link":"https:\/\/www.boxrepsol.com\/es\/motogp\/primeros-ajustes-marc-marquez-dani-pedrosa-silverstone\/","title":{"rendered":"Primeros ajustes de Marc M\u00e1rquez y Dani Pedrosa en Silverstone"},"content":{"rendered":"<blockquote><p>\u00b7@marcmarquez93: \u00abEl primer d\u00eda ha ido muy bien\u00bb<\/p>\n<p><a href=\"http:\/\/twitter.com\/share?text=%C2%B7%40marcmarquez93%3A+%22El+primer+d%C3%ADa+ha+ido+muy+bien%22&amp;url=http%3A%2F%2F34.249.211.158%2Fes%2Fmotogp%2Fprimeros-ajustes-marc-marquez-dani-pedrosa-silverstone%2F&amp;hashtags=\" target=\"_blank\" rel=\"noopener noreferrer\"><br \/>\ntwittear <\/a><\/p><\/blockquote>\n<p>Los motores han arrancado de nuevo hoy en Silverstone y con ellos la duod\u00e9cima cita de la temporada, en un primer d\u00eda de entrenamientos libres en los que Marc M\u00e1rquez y Dani Pedrosa han acabado en quinta y novena posici\u00f3n, respectivamente. En la primera sesi\u00f3n, y a pesar de una leve ca\u00edda, M\u00e1rquez se ha mostrado competitivo r\u00e1pidamente, terminando tercero en la tabla de tiempos. Ya en la segunda tanda, el l\u00edder del Mundial no ha tardado en bajar sus registros, cerrando la jornada con un crono de 2 minutos, 2 segundos y 240 mil\u00e9simas, a ocho d\u00e9cimas de Iannone, el m\u00e1s r\u00e1pido del d\u00eda.<\/p>\n<p>En el otro lado del box, Dani Pedrosa, octavo clasificado en la primera sesi\u00f3n de entrenamientos libres, ha conseguido bajar sus registros matinales al inicio de los FP2 para situarse entre los m\u00e1s r\u00e1pidos de la tanda hasta los minutos finales. Cuando todos los pilotos han montado sus compuestos m\u00e1s blandos, el piloto del equipo Repsol Honda ha marcado un registro de 2 minutos, 2 segundos y 372 mil\u00e9simas, que le ha valido para situarse en novena posici\u00f3n de la clasificaci\u00f3n.<\/p>\n<p><img decoding=\"async\" src=\"https:\/\/bxrepsol.s3.eu-west-1.amazonaws.com\/static\/2022\/08\/29043726\/26-dani-pedrosa-repsol-honda.jpg\" alt=\"Dani Pedrosa\" \/><\/p>\n<h3><strong>Marc M\u00e1rquez<\/strong><\/h3>\n<p><em>\u00abEl primer d\u00eda ha ido muy bien, sobre todo por la tarde. Por la ma\u00f1ana hemos salido con el compuesto delantero medio y r\u00e1pidamente se ha visto que no era la mejor opci\u00f3n en ese momento, porque el asfalto todav\u00eda estaba muy fr\u00edo y me he ca\u00eddo rodando muy lento. Pero en la segunda sesi\u00f3n he vuelto a coger confianza y eso nos ha permitido trabajar muy bien con el neum\u00e1tico duro de detr\u00e1s, que funciona bastante bien y parece que ser\u00e1 el de la carrera \u2013siempre y cuando sea en seco\u2013. Queda seguir trabajando en la puesta a punto y entender un poco mejor el comportamiento del neum\u00e1tico blando. Lo importante es que me estoy sintiendo bien y tengo un buen ritmo; estoy contento de c\u00f3mo ha ido todo\u00bb.<\/em><\/p>\n<h3><strong>Dani Pedrosa<\/strong><\/h3>\n<p><em>\u00abHoy hemos tenido bastante suerte con la meteorolog\u00eda, ya que hemos podido rodar en seco en las dos sesiones, antes de que empezase a llover. Es exactamente lo que necesitaba, dar tantas vueltas como fuera posible en una pista exigente como esta. Hemos logrado probar tanto el compuesto medio como el blando del neum\u00e1tico trasero y eso tambi\u00e9n es positivo. Creo que es bueno que ya tengamos estas sensaciones en seco y veremos qu\u00e9 tiempo hace ma\u00f1ana y en qu\u00e9 condiciones nos encontramos el asfalto. En cualquier caso, seguiremos trabajando para seguir mejorando nuestras sensaciones\u00bb.<\/em><\/p>\n","protected":false},"excerpt":{"rendered":"<p>Los pilotos del equipo Repsol Honda finalizan la primera jornada de entrenamientos del Gran Premio de la Gran Breta\u00f1a en quinta y novena posici\u00f3n, respectivamente.<\/p>\n","protected":false},"author":43146,"featured_media":85365,"comment_status":"open","ping_status":"open","sticky":false,"template":"","format":"standard","meta":{"footnotes":""},"categories":[4],"tags":[143],"class_list":["post-89661","post","type-post","status-publish","format-standard","hentry","category-motogp","tag-motogp-gran-bretana"],"yoast_head":"<!-- This site is optimized with the Yoast SEO plugin v27.3 - https:\/\/yoast.com\/product\/yoast-seo-wordpress\/ -->\n<title>Primeros ajustes de Marc M\u00e1rquez y Dani Pedrosa en Silverstone - Box Repsol<\/title>\n<meta name=\"description\" content=\"Los pilotos del equipo Repsol Honda finalizan la primera jornada de entrenamientos del Gran Premio de la Gran Breta\u00f1a en quinta y novena posici\u00f3n...\" \/>\n<link rel=\"canonical\" href=\"https:\/\/www.boxrepsol.com\/es\/motogp\/primeros-ajustes-marc-marquez-dani-pedrosa-silverstone\/\" \/>\n<meta property=\"og:locale\" content=\"es_ES\" \/>\n<meta property=\"og:type\" content=\"article\" \/>\n<meta property=\"og:title\" content=\"Primeros ajustes de Marc M\u00e1rquez y Dani Pedrosa en Silverstone - Box Repsol\" \/>\n<meta property=\"og:description\" content=\"Los pilotos del equipo Repsol Honda finalizan la primera jornada de entrenamientos del Gran Premio de la Gran Breta\u00f1a en quinta y novena posici\u00f3n...\" \/>\n<meta property=\"og:url\" content=\"https:\/\/www.boxrepsol.com\/es\/motogp\/primeros-ajustes-marc-marquez-dani-pedrosa-silverstone\/\" \/>\n<meta property=\"og:site_name\" content=\"Box Repsol\" \/>\n<meta property=\"article:publisher\" content=\"https:\/\/www.facebook.com\/BoxRepsol\" \/>\n<meta property=\"article:author\" content=\"https:\/\/www.facebook.com\/BoxRepsol\/\" \/>\n<meta property=\"article:published_time\" content=\"2016-09-02T02:00:00+00:00\" \/>\n<meta property=\"article:modified_time\" content=\"2024-05-07T09:05:04+00:00\" \/>\n<meta property=\"og:image\" content=\"https:\/\/www.boxrepsol.com\/wp-content\/uploads\/2022\/08\/25-silverstone-marc-marquez-repsol-honda.jpg\" \/>\n\t<meta property=\"og:image:width\" content=\"984\" \/>\n\t<meta property=\"og:image:height\" content=\"412\" \/>\n\t<meta property=\"og:image:type\" content=\"image\/jpeg\" \/>\n<meta name=\"author\" content=\"Redacci\u00f3n Box Repsol\" \/>\n<meta name=\"twitter:card\" content=\"summary_large_image\" \/>\n<meta name=\"twitter:creator\" content=\"@https:\/\/twitter.com\/box_repsol\" \/>\n<meta name=\"twitter:site\" content=\"@box_repsol\" \/>\n<meta name=\"twitter:label1\" content=\"Written by\" \/>\n\t<meta name=\"twitter:data1\" content=\"Redacci\u00f3n Box Repsol\" \/>\n\t<meta name=\"twitter:label2\" content=\"Est. reading time\" \/>\n\t<meta name=\"twitter:data2\" content=\"2 minutos\" \/>\n<script type=\"application\/ld+json\" class=\"yoast-schema-graph\">{\"@context\":\"https:\\\/\\\/schema.org\",\"@graph\":[{\"@type\":\"Article\",\"@id\":\"https:\\\/\\\/www.boxrepsol.com\\\/es\\\/motogp\\\/primeros-ajustes-marc-marquez-dani-pedrosa-silverstone\\\/#article\",\"isPartOf\":{\"@id\":\"https:\\\/\\\/www.boxrepsol.com\\\/es\\\/motogp\\\/primeros-ajustes-marc-marquez-dani-pedrosa-silverstone\\\/\"},\"author\":{\"name\":\"Redacci\u00f3n Box Repsol\",\"@id\":\"https:\\\/\\\/www.boxrepsol.com\\\/es\\\/#\\\/schema\\\/person\\\/c5c2138f2cca251b0ad92b7086bb60b7\"},\"headline\":\"Primeros ajustes de Marc M\u00e1rquez y Dani Pedrosa en Silverstone\",\"datePublished\":\"2016-09-02T02:00:00+00:00\",\"dateModified\":\"2024-05-07T09:05:04+00:00\",\"mainEntityOfPage\":{\"@id\":\"https:\\\/\\\/www.boxrepsol.com\\\/es\\\/motogp\\\/primeros-ajustes-marc-marquez-dani-pedrosa-silverstone\\\/\"},\"wordCount\":468,\"commentCount\":0,\"publisher\":{\"@id\":\"https:\\\/\\\/www.boxrepsol.com\\\/es\\\/#organization\"},\"image\":{\"@id\":\"https:\\\/\\\/www.boxrepsol.com\\\/es\\\/motogp\\\/primeros-ajustes-marc-marquez-dani-pedrosa-silverstone\\\/#primaryimage\"},\"thumbnailUrl\":\"https:\\\/\\\/www.boxrepsol.com\\\/wp-content\\\/uploads\\\/2022\\\/08\\\/25-silverstone-marc-marquez-repsol-honda.jpg\",\"keywords\":[\"MotoGP Gran Breta\u00f1a\"],\"articleSection\":[\"MotoGP\"],\"inLanguage\":\"es\",\"potentialAction\":[{\"@type\":\"CommentAction\",\"name\":\"Comment\",\"target\":[\"https:\\\/\\\/www.boxrepsol.com\\\/es\\\/motogp\\\/primeros-ajustes-marc-marquez-dani-pedrosa-silverstone\\\/#respond\"]}]},{\"@type\":\"WebPage\",\"@id\":\"https:\\\/\\\/www.boxrepsol.com\\\/es\\\/motogp\\\/primeros-ajustes-marc-marquez-dani-pedrosa-silverstone\\\/\",\"url\":\"https:\\\/\\\/www.boxrepsol.com\\\/es\\\/motogp\\\/primeros-ajustes-marc-marquez-dani-pedrosa-silverstone\\\/\",\"name\":\"Primeros ajustes de Marc M\u00e1rquez y Dani Pedrosa en Silverstone - Box Repsol\",\"isPartOf\":{\"@id\":\"https:\\\/\\\/www.boxrepsol.com\\\/es\\\/#website\"},\"primaryImageOfPage\":{\"@id\":\"https:\\\/\\\/www.boxrepsol.com\\\/es\\\/motogp\\\/primeros-ajustes-marc-marquez-dani-pedrosa-silverstone\\\/#primaryimage\"},\"image\":{\"@id\":\"https:\\\/\\\/www.boxrepsol.com\\\/es\\\/motogp\\\/primeros-ajustes-marc-marquez-dani-pedrosa-silverstone\\\/#primaryimage\"},\"thumbnailUrl\":\"https:\\\/\\\/www.boxrepsol.com\\\/wp-content\\\/uploads\\\/2022\\\/08\\\/25-silverstone-marc-marquez-repsol-honda.jpg\",\"datePublished\":\"2016-09-02T02:00:00+00:00\",\"dateModified\":\"2024-05-07T09:05:04+00:00\",\"description\":\"Los pilotos del equipo Repsol Honda finalizan la primera jornada de entrenamientos del Gran Premio de la Gran Breta\u00f1a en quinta y novena posici\u00f3n...\",\"breadcrumb\":{\"@id\":\"https:\\\/\\\/www.boxrepsol.com\\\/es\\\/motogp\\\/primeros-ajustes-marc-marquez-dani-pedrosa-silverstone\\\/#breadcrumb\"},\"inLanguage\":\"es\",\"potentialAction\":[{\"@type\":\"ReadAction\",\"target\":[\"https:\\\/\\\/www.boxrepsol.com\\\/es\\\/motogp\\\/primeros-ajustes-marc-marquez-dani-pedrosa-silverstone\\\/\"]}]},{\"@type\":\"ImageObject\",\"inLanguage\":\"es\",\"@id\":\"https:\\\/\\\/www.boxrepsol.com\\\/es\\\/motogp\\\/primeros-ajustes-marc-marquez-dani-pedrosa-silverstone\\\/#primaryimage\",\"url\":\"https:\\\/\\\/www.boxrepsol.com\\\/wp-content\\\/uploads\\\/2022\\\/08\\\/25-silverstone-marc-marquez-repsol-honda.jpg\",\"contentUrl\":\"https:\\\/\\\/www.boxrepsol.com\\\/wp-content\\\/uploads\\\/2022\\\/08\\\/25-silverstone-marc-marquez-repsol-honda.jpg\",\"width\":984,\"height\":412,\"caption\":\"Marc M\u00e1rquez rodando sobre marcas de neum\u00e1tico\"},{\"@type\":\"BreadcrumbList\",\"@id\":\"https:\\\/\\\/www.boxrepsol.com\\\/es\\\/motogp\\\/primeros-ajustes-marc-marquez-dani-pedrosa-silverstone\\\/#breadcrumb\",\"itemListElement\":[{\"@type\":\"ListItem\",\"position\":1,\"name\":\"Home\",\"item\":\"https:\\\/\\\/www.boxrepsol.com\\\/es\\\/\"},{\"@type\":\"ListItem\",\"position\":2,\"name\":\"Primeros ajustes de Marc M\u00e1rquez y Dani Pedrosa en Silverstone\"}]},{\"@type\":\"WebSite\",\"@id\":\"https:\\\/\\\/www.boxrepsol.com\\\/es\\\/#website\",\"url\":\"https:\\\/\\\/www.boxrepsol.com\\\/es\\\/\",\"name\":\"Box Repsol\",\"description\":\"Box Repsol Site\",\"publisher\":{\"@id\":\"https:\\\/\\\/www.boxrepsol.com\\\/es\\\/#organization\"},\"potentialAction\":[{\"@type\":\"SearchAction\",\"target\":{\"@type\":\"EntryPoint\",\"urlTemplate\":\"https:\\\/\\\/www.boxrepsol.com\\\/es\\\/?s={search_term_string}\"},\"query-input\":{\"@type\":\"PropertyValueSpecification\",\"valueRequired\":true,\"valueName\":\"search_term_string\"}}],\"inLanguage\":\"es\"},{\"@type\":\"Organization\",\"@id\":\"https:\\\/\\\/www.boxrepsol.com\\\/es\\\/#organization\",\"name\":\"Box Repsol\",\"url\":\"https:\\\/\\\/www.boxrepsol.com\\\/es\\\/\",\"logo\":{\"@type\":\"ImageObject\",\"inLanguage\":\"es\",\"@id\":\"https:\\\/\\\/www.boxrepsol.com\\\/es\\\/#\\\/schema\\\/logo\\\/image\\\/\",\"url\":\"https:\\\/\\\/bxrepsol.s3.eu-west-1.amazonaws.com\\\/static\\\/2025\\\/07\\\/30083337\\\/favicon-96x96-1.png\",\"contentUrl\":\"https:\\\/\\\/bxrepsol.s3.eu-west-1.amazonaws.com\\\/static\\\/2025\\\/07\\\/30083337\\\/favicon-96x96-1.png\",\"width\":96,\"height\":96,\"caption\":\"Box Repsol\"},\"image\":{\"@id\":\"https:\\\/\\\/www.boxrepsol.com\\\/es\\\/#\\\/schema\\\/logo\\\/image\\\/\"},\"sameAs\":[\"https:\\\/\\\/www.facebook.com\\\/BoxRepsol\",\"https:\\\/\\\/x.com\\\/box_repsol\",\"http:\\\/\\\/instagram.com\\\/box_repsol\",\"https:\\\/\\\/www.youtube.com\\\/user\\\/RepsolCompeticion\",\"https:\\\/\\\/www.flickr.com\\\/photos\\\/box_repsol\\\/\"]},{\"@type\":\"Person\",\"@id\":\"https:\\\/\\\/www.boxrepsol.com\\\/es\\\/#\\\/schema\\\/person\\\/c5c2138f2cca251b0ad92b7086bb60b7\",\"name\":\"Redacci\u00f3n Box Repsol\",\"image\":{\"@type\":\"ImageObject\",\"inLanguage\":\"es\",\"@id\":\"https:\\\/\\\/secure.gravatar.com\\\/avatar\\\/adf7b77e38b4419baf32c7e9c21dde01f4e40df611f0978e3006fc4ba0aaab7e?s=96&d=mm&r=g\",\"url\":\"https:\\\/\\\/secure.gravatar.com\\\/avatar\\\/adf7b77e38b4419baf32c7e9c21dde01f4e40df611f0978e3006fc4ba0aaab7e?s=96&d=mm&r=g\",\"contentUrl\":\"https:\\\/\\\/secure.gravatar.com\\\/avatar\\\/adf7b77e38b4419baf32c7e9c21dde01f4e40df611f0978e3006fc4ba0aaab7e?s=96&d=mm&r=g\",\"caption\":\"Redacci\u00f3n Box Repsol\"},\"description\":\"Box Repsol lo forma un equipo de periodistas, community managers, dise\u00f1adores y fot\u00f3grafos con m\u00e1s de 20 a\u00f1os de experiencia en el mundo del motorsport. Hemos vivido el primer mundial de un espa\u00f1ol en la categor\u00eda reina de motociclismo con \u00c1lex Crivill\u00e9, estuvimos en las victorias de Pedrosa y los t\u00edtulos de M\u00e1rquez, acompa\u00f1amos en \u00c1frica a Nani Roma y Marc Coma en sus conquistas del Dakar y hemos vibrado con los t\u00edtulos de Toni Bou en Trial. Adem\u00e1s, en nuestro equipo contamos con expertos en el mundo de las dos y cuatro ruedas tanto de la calle y las carreteras, como de los circuitos. Periodistas que han trabajado en revistas y publicaciones para hacerte llegar desde rutas y consejos de mantenimiento, a curiosidades y trucos de pilotaje.\",\"sameAs\":[\"https:\\\/\\\/www.facebook.com\\\/BoxRepsol\\\/\",\"https:\\\/\\\/www.instagram.com\\\/box_repsol\\\/\",\"https:\\\/\\\/x.com\\\/https:\\\/\\\/twitter.com\\\/box_repsol\",\"https:\\\/\\\/www.youtube.com\\\/@Boxrepsol\"],\"url\":\"https:\\\/\\\/www.boxrepsol.com\\\/es\\\/author\\\/redaccion-box-repsol\\\/\"}]}<\/script>\n<!-- \/ Yoast SEO plugin. -->","yoast_head_json":{"title":"Primeros ajustes de Marc M\u00e1rquez y Dani Pedrosa en Silverstone - Box Repsol","description":"Los pilotos del equipo Repsol Honda finalizan la primera jornada de entrenamientos del Gran Premio de la Gran Breta\u00f1a en quinta y novena posici\u00f3n...","canonical":"https:\/\/www.boxrepsol.com\/es\/motogp\/primeros-ajustes-marc-marquez-dani-pedrosa-silverstone\/","og_locale":"es_ES","og_type":"article","og_title":"Primeros ajustes de Marc M\u00e1rquez y Dani Pedrosa en Silverstone - Box Repsol","og_description":"Los pilotos del equipo Repsol Honda finalizan la primera jornada de entrenamientos del Gran Premio de la Gran Breta\u00f1a en quinta y novena posici\u00f3n...","og_url":"https:\/\/www.boxrepsol.com\/es\/motogp\/primeros-ajustes-marc-marquez-dani-pedrosa-silverstone\/","og_site_name":"Box Repsol","article_publisher":"https:\/\/www.facebook.com\/BoxRepsol","article_author":"https:\/\/www.facebook.com\/BoxRepsol\/","article_published_time":"2016-09-02T02:00:00+00:00","article_modified_time":"2024-05-07T09:05:04+00:00","og_image":[{"width":984,"height":412,"url":"https:\/\/www.boxrepsol.com\/wp-content\/uploads\/2022\/08\/25-silverstone-marc-marquez-repsol-honda.jpg","type":"image\/jpeg"}],"author":"Redacci\u00f3n Box Repsol","twitter_card":"summary_large_image","twitter_creator":"@https:\/\/twitter.com\/box_repsol","twitter_site":"@box_repsol","twitter_misc":{"Written by":"Redacci\u00f3n Box Repsol","Est. reading time":"2 minutos"},"schema":{"@context":"https:\/\/schema.org","@graph":[{"@type":"Article","@id":"https:\/\/www.boxrepsol.com\/es\/motogp\/primeros-ajustes-marc-marquez-dani-pedrosa-silverstone\/#article","isPartOf":{"@id":"https:\/\/www.boxrepsol.com\/es\/motogp\/primeros-ajustes-marc-marquez-dani-pedrosa-silverstone\/"},"author":{"name":"Redacci\u00f3n Box Repsol","@id":"https:\/\/www.boxrepsol.com\/es\/#\/schema\/person\/c5c2138f2cca251b0ad92b7086bb60b7"},"headline":"Primeros ajustes de Marc M\u00e1rquez y Dani Pedrosa en Silverstone","datePublished":"2016-09-02T02:00:00+00:00","dateModified":"2024-05-07T09:05:04+00:00","mainEntityOfPage":{"@id":"https:\/\/www.boxrepsol.com\/es\/motogp\/primeros-ajustes-marc-marquez-dani-pedrosa-silverstone\/"},"wordCount":468,"commentCount":0,"publisher":{"@id":"https:\/\/www.boxrepsol.com\/es\/#organization"},"image":{"@id":"https:\/\/www.boxrepsol.com\/es\/motogp\/primeros-ajustes-marc-marquez-dani-pedrosa-silverstone\/#primaryimage"},"thumbnailUrl":"https:\/\/www.boxrepsol.com\/wp-content\/uploads\/2022\/08\/25-silverstone-marc-marquez-repsol-honda.jpg","keywords":["MotoGP Gran Breta\u00f1a"],"articleSection":["MotoGP"],"inLanguage":"es","potentialAction":[{"@type":"CommentAction","name":"Comment","target":["https:\/\/www.boxrepsol.com\/es\/motogp\/primeros-ajustes-marc-marquez-dani-pedrosa-silverstone\/#respond"]}]},{"@type":"WebPage","@id":"https:\/\/www.boxrepsol.com\/es\/motogp\/primeros-ajustes-marc-marquez-dani-pedrosa-silverstone\/","url":"https:\/\/www.boxrepsol.com\/es\/motogp\/primeros-ajustes-marc-marquez-dani-pedrosa-silverstone\/","name":"Primeros ajustes de Marc M\u00e1rquez y Dani Pedrosa en Silverstone - Box Repsol","isPartOf":{"@id":"https:\/\/www.boxrepsol.com\/es\/#website"},"primaryImageOfPage":{"@id":"https:\/\/www.boxrepsol.com\/es\/motogp\/primeros-ajustes-marc-marquez-dani-pedrosa-silverstone\/#primaryimage"},"image":{"@id":"https:\/\/www.boxrepsol.com\/es\/motogp\/primeros-ajustes-marc-marquez-dani-pedrosa-silverstone\/#primaryimage"},"thumbnailUrl":"https:\/\/www.boxrepsol.com\/wp-content\/uploads\/2022\/08\/25-silverstone-marc-marquez-repsol-honda.jpg","datePublished":"2016-09-02T02:00:00+00:00","dateModified":"2024-05-07T09:05:04+00:00","description":"Los pilotos del equipo Repsol Honda finalizan la primera jornada de entrenamientos del Gran Premio de la Gran Breta\u00f1a en quinta y novena posici\u00f3n...","breadcrumb":{"@id":"https:\/\/www.boxrepsol.com\/es\/motogp\/primeros-ajustes-marc-marquez-dani-pedrosa-silverstone\/#breadcrumb"},"inLanguage":"es","potentialAction":[{"@type":"ReadAction","target":["https:\/\/www.boxrepsol.com\/es\/motogp\/primeros-ajustes-marc-marquez-dani-pedrosa-silverstone\/"]}]},{"@type":"ImageObject","inLanguage":"es","@id":"https:\/\/www.boxrepsol.com\/es\/motogp\/primeros-ajustes-marc-marquez-dani-pedrosa-silverstone\/#primaryimage","url":"https:\/\/www.boxrepsol.com\/wp-content\/uploads\/2022\/08\/25-silverstone-marc-marquez-repsol-honda.jpg","contentUrl":"https:\/\/www.boxrepsol.com\/wp-content\/uploads\/2022\/08\/25-silverstone-marc-marquez-repsol-honda.jpg","width":984,"height":412,"caption":"Marc M\u00e1rquez rodando sobre marcas de neum\u00e1tico"},{"@type":"BreadcrumbList","@id":"https:\/\/www.boxrepsol.com\/es\/motogp\/primeros-ajustes-marc-marquez-dani-pedrosa-silverstone\/#breadcrumb","itemListElement":[{"@type":"ListItem","position":1,"name":"Home","item":"https:\/\/www.boxrepsol.com\/es\/"},{"@type":"ListItem","position":2,"name":"Primeros ajustes de Marc M\u00e1rquez y Dani Pedrosa en Silverstone"}]},{"@type":"WebSite","@id":"https:\/\/www.boxrepsol.com\/es\/#website","url":"https:\/\/www.boxrepsol.com\/es\/","name":"Box Repsol","description":"Box Repsol Site","publisher":{"@id":"https:\/\/www.boxrepsol.com\/es\/#organization"},"potentialAction":[{"@type":"SearchAction","target":{"@type":"EntryPoint","urlTemplate":"https:\/\/www.boxrepsol.com\/es\/?s={search_term_string}"},"query-input":{"@type":"PropertyValueSpecification","valueRequired":true,"valueName":"search_term_string"}}],"inLanguage":"es"},{"@type":"Organization","@id":"https:\/\/www.boxrepsol.com\/es\/#organization","name":"Box Repsol","url":"https:\/\/www.boxrepsol.com\/es\/","logo":{"@type":"ImageObject","inLanguage":"es","@id":"https:\/\/www.boxrepsol.com\/es\/#\/schema\/logo\/image\/","url":"https:\/\/bxrepsol.s3.eu-west-1.amazonaws.com\/static\/2025\/07\/30083337\/favicon-96x96-1.png","contentUrl":"https:\/\/bxrepsol.s3.eu-west-1.amazonaws.com\/static\/2025\/07\/30083337\/favicon-96x96-1.png","width":96,"height":96,"caption":"Box Repsol"},"image":{"@id":"https:\/\/www.boxrepsol.com\/es\/#\/schema\/logo\/image\/"},"sameAs":["https:\/\/www.facebook.com\/BoxRepsol","https:\/\/x.com\/box_repsol","http:\/\/instagram.com\/box_repsol","https:\/\/www.youtube.com\/user\/RepsolCompeticion","https:\/\/www.flickr.com\/photos\/box_repsol\/"]},{"@type":"Person","@id":"https:\/\/www.boxrepsol.com\/es\/#\/schema\/person\/c5c2138f2cca251b0ad92b7086bb60b7","name":"Redacci\u00f3n Box Repsol","image":{"@type":"ImageObject","inLanguage":"es","@id":"https:\/\/secure.gravatar.com\/avatar\/adf7b77e38b4419baf32c7e9c21dde01f4e40df611f0978e3006fc4ba0aaab7e?s=96&d=mm&r=g","url":"https:\/\/secure.gravatar.com\/avatar\/adf7b77e38b4419baf32c7e9c21dde01f4e40df611f0978e3006fc4ba0aaab7e?s=96&d=mm&r=g","contentUrl":"https:\/\/secure.gravatar.com\/avatar\/adf7b77e38b4419baf32c7e9c21dde01f4e40df611f0978e3006fc4ba0aaab7e?s=96&d=mm&r=g","caption":"Redacci\u00f3n Box Repsol"},"description":"Box Repsol lo forma un equipo de periodistas, community managers, dise\u00f1adores y fot\u00f3grafos con m\u00e1s de 20 a\u00f1os de experiencia en el mundo del motorsport. Hemos vivido el primer mundial de un espa\u00f1ol en la categor\u00eda reina de motociclismo con \u00c1lex Crivill\u00e9, estuvimos en las victorias de Pedrosa y los t\u00edtulos de M\u00e1rquez, acompa\u00f1amos en \u00c1frica a Nani Roma y Marc Coma en sus conquistas del Dakar y hemos vibrado con los t\u00edtulos de Toni Bou en Trial. Adem\u00e1s, en nuestro equipo contamos con expertos en el mundo de las dos y cuatro ruedas tanto de la calle y las carreteras, como de los circuitos. Periodistas que han trabajado en revistas y publicaciones para hacerte llegar desde rutas y consejos de mantenimiento, a curiosidades y trucos de pilotaje.","sameAs":["https:\/\/www.facebook.com\/BoxRepsol\/","https:\/\/www.instagram.com\/box_repsol\/","https:\/\/x.com\/https:\/\/twitter.com\/box_repsol","https:\/\/www.youtube.com\/@Boxrepsol"],"url":"https:\/\/www.boxrepsol.com\/es\/author\/redaccion-box-repsol\/"}]}},"_links":{"self":[{"href":"https:\/\/www.boxrepsol.com\/es\/wp-json\/wp\/v2\/posts\/89661","targetHints":{"allow":["GET"]}}],"collection":[{"href":"https:\/\/www.boxrepsol.com\/es\/wp-json\/wp\/v2\/posts"}],"about":[{"href":"https:\/\/www.boxrepsol.com\/es\/wp-json\/wp\/v2\/types\/post"}],"author":[{"embeddable":true,"href":"https:\/\/www.boxrepsol.com\/es\/wp-json\/wp\/v2\/users\/43146"}],"replies":[{"embeddable":true,"href":"https:\/\/www.boxrepsol.com\/es\/wp-json\/wp\/v2\/comments?post=89661"}],"version-history":[{"count":1,"href":"https:\/\/www.boxrepsol.com\/es\/wp-json\/wp\/v2\/posts\/89661\/revisions"}],"predecessor-version":[{"id":89662,"href":"https:\/\/www.boxrepsol.com\/es\/wp-json\/wp\/v2\/posts\/89661\/revisions\/89662"}],"wp:featuredmedia":[{"embeddable":true,"href":"https:\/\/www.boxrepsol.com\/es\/wp-json\/wp\/v2\/media\/85365"}],"wp:attachment":[{"href":"https:\/\/www.boxrepsol.com\/es\/wp-json\/wp\/v2\/media?parent=89661"}],"wp:term":[{"taxonomy":"category","embeddable":true,"href":"https:\/\/www.boxrepsol.com\/es\/wp-json\/wp\/v2\/categories?post=89661"},{"taxonomy":"post_tag","embeddable":true,"href":"https:\/\/www.boxrepsol.com\/es\/wp-json\/wp\/v2\/tags?post=89661"}],"curies":[{"name":"wp","href":"https:\/\/api.w.org\/{rel}","templated":true}]}}