{"id":89659,"date":"2016-09-02T00:00:00","date_gmt":"2016-09-02T02:00:00","guid":{"rendered":"http:\/\/pre.boxrepsol.com\/sin-categorizar\/segunda-fila-para-pedrosa-y-marquez-bajo-la-lluvia\/"},"modified":"2024-05-07T07:04:35","modified_gmt":"2024-05-07T09:04:35","slug":"segunda-fila-para-pedrosa-y-marquez-bajo-la-lluvia","status":"publish","type":"post","link":"https:\/\/www.boxrepsol.com\/es\/motogp\/segunda-fila-para-pedrosa-y-marquez-bajo-la-lluvia\/","title":{"rendered":"Segunda fila para Pedrosa y M\u00e1rquez bajo la lluvia"},"content":{"rendered":"<blockquote><p>\u00b7@marcmarquez93: \u00ablas sensaciones durante han sido muy buenas\u00bb<\/p>\n<p><a href=\"http:\/\/twitter.com\/share?text=%C2%B7%40marcmarquez93%3A+%22las+sensaciones+durante+han+sido+muy+buenas%22&amp;url=http%3A%2F%2F34.249.211.158%2Fes%2Fmotogp%2Fsegunda-fila-para-pedrosa-y-marquez-bajo-la-lluvia%2F&amp;hashtags=\" target=\"_blank\" rel=\"noopener noreferrer\"><br \/>\ntwittear <\/a><\/p><\/blockquote>\n<p>La segunda jornada del Gran Premio de la Gran Breta\u00f1a ha visto c\u00f3mo las condiciones meteorol\u00f3gicas iban empeorando con el paso de las horas, deparando un entrenamiento cronometrado con el asfalto totalmente encharcado. Tras realizar el FP3 en seco, con Marc M\u00e1rquez y Dani Pedrosa primero y octavo, respectivamente, ha empezado a llover al final de la ma\u00f1ana y ya se ha tenido que disputar el \u00faltimo libre con la pista mojada. El l\u00edder del Mundial ha vuelto a ser el m\u00e1s r\u00e1pido, mientras que su compa\u00f1ero en el equipo Repsol Honda ha sido cuarto.<\/p>\n<p>En la definitiva sesi\u00f3n cronometrada, la lluvia se ha intensificado y aunque M\u00e1rquez ha llegado a situarse segundo a dos minutos del final con un crono de 2 minutos, 20 segundos y 779 mil\u00e9simas, una ca\u00edda en la primera curva le ha impedido seguir mejorando. Pedrosa, que en su \u00faltimo paso por meta ha marcado un registro de 2 minutos, 20 segundos y 742 mil\u00e9simas, saldr\u00e1 cuarto, seguido de su compa\u00f1ero, en quinta posici\u00f3n.<\/p>\n<p><img decoding=\"async\" src=\"https:\/\/bxrepsol.s3.eu-west-1.amazonaws.com\/static\/2022\/08\/29043722\/24-marc-marquez-dani-pedrosa-silverstone-motogp.jpg\" alt=\"Silverstone circuit\" \/><\/p>\n<h3><strong>Marc M\u00e1rquez<\/strong><\/h3>\n<p><em>\u00abLa verdad es que mis sensaciones tanto en seco como en mojado han sido muy buenas, pero hemos introducido un peque\u00f1o cambio en la puesta a punto del tren trasero que no ha funcionado como esper\u00e1bamos. He salido en la Q2 y no pod\u00eda sentir demasiado la rueda trasera ni ten\u00eda la confianza del FP4, pero he decidido tirar y hacer una vuelta buena. Cuando iba a dar el siguiente giro, que deb\u00eda ser el \u00faltimo, he acabado cay\u00e9ndome. Pese a todo, estoy contento, porque las sensaciones durante el FP4 han sido muy buenas y para ma\u00f1ana s\u00f3lo debemos volver a la configuraci\u00f3n anterior. Quiero aprovechar esta ocasi\u00f3n para felicitar a Toni Bou por su vig\u00e9simo Mundial, porque demuestra su ambici\u00f3n y las ganas que tiene de seguir ganando. Adem\u00e1s personalmente nos llevamos muy bien, es un chico incre\u00edble y me alegro mucho por \u00e9l\u00bb.<\/em><\/p>\n<h3><strong>Dani Pedrosa<\/strong><\/h3>\n<p><em>\u00abEstoy contento con el resultado de hoy, porque las condiciones de la pista eran muy dif\u00edciles; el asfalto estaba muy resbaladizo y el agarre no era bueno, as\u00ed que el neum\u00e1tico trasero no alcanzaba temperatura, especialmente en una sesi\u00f3n cronometrada con una lluvia tan intensa. De todos modos, he mejorado mi ritmo vuelta a vuelta y, al final, la cuarta posici\u00f3n en la parrilla de ma\u00f1ana es positiva de cara a la carrera. Necesitamos salir bien y engancharnos al grupo delantero para coger un buen ritmo. Veremos qu\u00e9 tiempo hace e intentaremos lograr el mejor resultado posible. Tambi\u00e9n me gustar\u00eda felicitar a Toni Bou por ganar hoy el Mundial. Le conozco muy bien, somos amigos y me alegro mucho por \u00e9l. Siempre se aprende mucho de \u00e9l, es muy especial y merece este 20\u00ba t\u00edtulo. Ahora es el momento de disfrutarlo\u00bb.<\/em><\/p>\n","protected":false},"excerpt":{"rendered":"<p>Un intenso aguacero en Silverstone ha condicionado una sesi\u00f3n cronometrada en la que Dani Pedrosa ha sido cuarto y Marc M\u00e1rquez, quinto, tras una ca\u00edda en los minutos finales.<\/p>\n","protected":false},"author":43146,"featured_media":85361,"comment_status":"open","ping_status":"open","sticky":false,"template":"","format":"standard","meta":{"footnotes":""},"categories":[4],"tags":[143],"class_list":["post-89659","post","type-post","status-publish","format-standard","hentry","category-motogp","tag-motogp-gran-bretana"],"yoast_head":"<!-- This site is optimized with the Yoast SEO plugin v27.3 - https:\/\/yoast.com\/product\/yoast-seo-wordpress\/ -->\n<title>Segunda fila para Pedrosa y M\u00e1rquez bajo la lluvia - Box Repsol<\/title>\n<meta name=\"description\" content=\"Un intenso aguacero en Silverstone ha condicionado una sesi\u00f3n cronometrada en la que Dani Pedrosa ha sido cuarto y Marc M\u00e1rquez, quinto...\" \/>\n<link rel=\"canonical\" href=\"https:\/\/www.boxrepsol.com\/es\/motogp\/segunda-fila-para-pedrosa-y-marquez-bajo-la-lluvia\/\" \/>\n<meta property=\"og:locale\" content=\"es_ES\" \/>\n<meta property=\"og:type\" content=\"article\" \/>\n<meta property=\"og:title\" content=\"Segunda fila para Pedrosa y M\u00e1rquez bajo la lluvia - Box Repsol\" \/>\n<meta property=\"og:description\" content=\"Un intenso aguacero en Silverstone ha condicionado una sesi\u00f3n cronometrada en la que Dani Pedrosa ha sido cuarto y Marc M\u00e1rquez, quinto...\" \/>\n<meta property=\"og:url\" content=\"https:\/\/www.boxrepsol.com\/es\/motogp\/segunda-fila-para-pedrosa-y-marquez-bajo-la-lluvia\/\" \/>\n<meta property=\"og:site_name\" content=\"Box Repsol\" \/>\n<meta property=\"article:publisher\" content=\"https:\/\/www.facebook.com\/BoxRepsol\" \/>\n<meta property=\"article:author\" content=\"https:\/\/www.facebook.com\/BoxRepsol\/\" \/>\n<meta property=\"article:published_time\" content=\"2016-09-02T02:00:00+00:00\" \/>\n<meta property=\"article:modified_time\" content=\"2024-05-07T09:04:35+00:00\" \/>\n<meta property=\"og:image\" content=\"https:\/\/www.boxrepsol.com\/wp-content\/uploads\/2022\/08\/23-marc-marquez-dani-pedrosa-repsol-honda-2016.jpg\" \/>\n\t<meta property=\"og:image:width\" content=\"984\" \/>\n\t<meta property=\"og:image:height\" content=\"412\" \/>\n\t<meta property=\"og:image:type\" content=\"image\/jpeg\" \/>\n<meta name=\"author\" content=\"Redacci\u00f3n Box Repsol\" \/>\n<meta name=\"twitter:card\" content=\"summary_large_image\" \/>\n<meta name=\"twitter:creator\" content=\"@https:\/\/twitter.com\/box_repsol\" \/>\n<meta name=\"twitter:site\" content=\"@box_repsol\" \/>\n<meta name=\"twitter:label1\" content=\"Written by\" \/>\n\t<meta name=\"twitter:data1\" content=\"Redacci\u00f3n Box Repsol\" \/>\n\t<meta name=\"twitter:label2\" content=\"Est. reading time\" \/>\n\t<meta name=\"twitter:data2\" content=\"3 minutos\" \/>\n<script type=\"application\/ld+json\" class=\"yoast-schema-graph\">{\"@context\":\"https:\\\/\\\/schema.org\",\"@graph\":[{\"@type\":\"Article\",\"@id\":\"https:\\\/\\\/www.boxrepsol.com\\\/es\\\/motogp\\\/segunda-fila-para-pedrosa-y-marquez-bajo-la-lluvia\\\/#article\",\"isPartOf\":{\"@id\":\"https:\\\/\\\/www.boxrepsol.com\\\/es\\\/motogp\\\/segunda-fila-para-pedrosa-y-marquez-bajo-la-lluvia\\\/\"},\"author\":{\"name\":\"Redacci\u00f3n Box Repsol\",\"@id\":\"https:\\\/\\\/www.boxrepsol.com\\\/es\\\/#\\\/schema\\\/person\\\/c5c2138f2cca251b0ad92b7086bb60b7\"},\"headline\":\"Segunda fila para Pedrosa y M\u00e1rquez bajo la lluvia\",\"datePublished\":\"2016-09-02T02:00:00+00:00\",\"dateModified\":\"2024-05-07T09:04:35+00:00\",\"mainEntityOfPage\":{\"@id\":\"https:\\\/\\\/www.boxrepsol.com\\\/es\\\/motogp\\\/segunda-fila-para-pedrosa-y-marquez-bajo-la-lluvia\\\/\"},\"wordCount\":510,\"commentCount\":0,\"publisher\":{\"@id\":\"https:\\\/\\\/www.boxrepsol.com\\\/es\\\/#organization\"},\"image\":{\"@id\":\"https:\\\/\\\/www.boxrepsol.com\\\/es\\\/motogp\\\/segunda-fila-para-pedrosa-y-marquez-bajo-la-lluvia\\\/#primaryimage\"},\"thumbnailUrl\":\"https:\\\/\\\/www.boxrepsol.com\\\/wp-content\\\/uploads\\\/2022\\\/08\\\/23-marc-marquez-dani-pedrosa-repsol-honda-2016.jpg\",\"keywords\":[\"MotoGP Gran Breta\u00f1a\"],\"articleSection\":[\"MotoGP\"],\"inLanguage\":\"es\",\"potentialAction\":[{\"@type\":\"CommentAction\",\"name\":\"Comment\",\"target\":[\"https:\\\/\\\/www.boxrepsol.com\\\/es\\\/motogp\\\/segunda-fila-para-pedrosa-y-marquez-bajo-la-lluvia\\\/#respond\"]}]},{\"@type\":\"WebPage\",\"@id\":\"https:\\\/\\\/www.boxrepsol.com\\\/es\\\/motogp\\\/segunda-fila-para-pedrosa-y-marquez-bajo-la-lluvia\\\/\",\"url\":\"https:\\\/\\\/www.boxrepsol.com\\\/es\\\/motogp\\\/segunda-fila-para-pedrosa-y-marquez-bajo-la-lluvia\\\/\",\"name\":\"Segunda fila para Pedrosa y M\u00e1rquez bajo la lluvia - Box Repsol\",\"isPartOf\":{\"@id\":\"https:\\\/\\\/www.boxrepsol.com\\\/es\\\/#website\"},\"primaryImageOfPage\":{\"@id\":\"https:\\\/\\\/www.boxrepsol.com\\\/es\\\/motogp\\\/segunda-fila-para-pedrosa-y-marquez-bajo-la-lluvia\\\/#primaryimage\"},\"image\":{\"@id\":\"https:\\\/\\\/www.boxrepsol.com\\\/es\\\/motogp\\\/segunda-fila-para-pedrosa-y-marquez-bajo-la-lluvia\\\/#primaryimage\"},\"thumbnailUrl\":\"https:\\\/\\\/www.boxrepsol.com\\\/wp-content\\\/uploads\\\/2022\\\/08\\\/23-marc-marquez-dani-pedrosa-repsol-honda-2016.jpg\",\"datePublished\":\"2016-09-02T02:00:00+00:00\",\"dateModified\":\"2024-05-07T09:04:35+00:00\",\"description\":\"Un intenso aguacero en Silverstone ha condicionado una sesi\u00f3n cronometrada en la que Dani Pedrosa ha sido cuarto y Marc M\u00e1rquez, quinto...\",\"breadcrumb\":{\"@id\":\"https:\\\/\\\/www.boxrepsol.com\\\/es\\\/motogp\\\/segunda-fila-para-pedrosa-y-marquez-bajo-la-lluvia\\\/#breadcrumb\"},\"inLanguage\":\"es\",\"potentialAction\":[{\"@type\":\"ReadAction\",\"target\":[\"https:\\\/\\\/www.boxrepsol.com\\\/es\\\/motogp\\\/segunda-fila-para-pedrosa-y-marquez-bajo-la-lluvia\\\/\"]}]},{\"@type\":\"ImageObject\",\"inLanguage\":\"es\",\"@id\":\"https:\\\/\\\/www.boxrepsol.com\\\/es\\\/motogp\\\/segunda-fila-para-pedrosa-y-marquez-bajo-la-lluvia\\\/#primaryimage\",\"url\":\"https:\\\/\\\/www.boxrepsol.com\\\/wp-content\\\/uploads\\\/2022\\\/08\\\/23-marc-marquez-dani-pedrosa-repsol-honda-2016.jpg\",\"contentUrl\":\"https:\\\/\\\/www.boxrepsol.com\\\/wp-content\\\/uploads\\\/2022\\\/08\\\/23-marc-marquez-dani-pedrosa-repsol-honda-2016.jpg\",\"width\":984,\"height\":412,\"caption\":\"Marc M\u00e1rquez y Dani Pedrosa\"},{\"@type\":\"BreadcrumbList\",\"@id\":\"https:\\\/\\\/www.boxrepsol.com\\\/es\\\/motogp\\\/segunda-fila-para-pedrosa-y-marquez-bajo-la-lluvia\\\/#breadcrumb\",\"itemListElement\":[{\"@type\":\"ListItem\",\"position\":1,\"name\":\"Home\",\"item\":\"https:\\\/\\\/www.boxrepsol.com\\\/es\\\/\"},{\"@type\":\"ListItem\",\"position\":2,\"name\":\"Segunda fila para Pedrosa y M\u00e1rquez bajo la lluvia\"}]},{\"@type\":\"WebSite\",\"@id\":\"https:\\\/\\\/www.boxrepsol.com\\\/es\\\/#website\",\"url\":\"https:\\\/\\\/www.boxrepsol.com\\\/es\\\/\",\"name\":\"Box Repsol\",\"description\":\"Box Repsol Site\",\"publisher\":{\"@id\":\"https:\\\/\\\/www.boxrepsol.com\\\/es\\\/#organization\"},\"potentialAction\":[{\"@type\":\"SearchAction\",\"target\":{\"@type\":\"EntryPoint\",\"urlTemplate\":\"https:\\\/\\\/www.boxrepsol.com\\\/es\\\/?s={search_term_string}\"},\"query-input\":{\"@type\":\"PropertyValueSpecification\",\"valueRequired\":true,\"valueName\":\"search_term_string\"}}],\"inLanguage\":\"es\"},{\"@type\":\"Organization\",\"@id\":\"https:\\\/\\\/www.boxrepsol.com\\\/es\\\/#organization\",\"name\":\"Box Repsol\",\"url\":\"https:\\\/\\\/www.boxrepsol.com\\\/es\\\/\",\"logo\":{\"@type\":\"ImageObject\",\"inLanguage\":\"es\",\"@id\":\"https:\\\/\\\/www.boxrepsol.com\\\/es\\\/#\\\/schema\\\/logo\\\/image\\\/\",\"url\":\"https:\\\/\\\/bxrepsol.s3.eu-west-1.amazonaws.com\\\/static\\\/2025\\\/07\\\/30083337\\\/favicon-96x96-1.png\",\"contentUrl\":\"https:\\\/\\\/bxrepsol.s3.eu-west-1.amazonaws.com\\\/static\\\/2025\\\/07\\\/30083337\\\/favicon-96x96-1.png\",\"width\":96,\"height\":96,\"caption\":\"Box Repsol\"},\"image\":{\"@id\":\"https:\\\/\\\/www.boxrepsol.com\\\/es\\\/#\\\/schema\\\/logo\\\/image\\\/\"},\"sameAs\":[\"https:\\\/\\\/www.facebook.com\\\/BoxRepsol\",\"https:\\\/\\\/x.com\\\/box_repsol\",\"http:\\\/\\\/instagram.com\\\/box_repsol\",\"https:\\\/\\\/www.youtube.com\\\/user\\\/RepsolCompeticion\",\"https:\\\/\\\/www.flickr.com\\\/photos\\\/box_repsol\\\/\"]},{\"@type\":\"Person\",\"@id\":\"https:\\\/\\\/www.boxrepsol.com\\\/es\\\/#\\\/schema\\\/person\\\/c5c2138f2cca251b0ad92b7086bb60b7\",\"name\":\"Redacci\u00f3n Box Repsol\",\"image\":{\"@type\":\"ImageObject\",\"inLanguage\":\"es\",\"@id\":\"https:\\\/\\\/secure.gravatar.com\\\/avatar\\\/adf7b77e38b4419baf32c7e9c21dde01f4e40df611f0978e3006fc4ba0aaab7e?s=96&d=mm&r=g\",\"url\":\"https:\\\/\\\/secure.gravatar.com\\\/avatar\\\/adf7b77e38b4419baf32c7e9c21dde01f4e40df611f0978e3006fc4ba0aaab7e?s=96&d=mm&r=g\",\"contentUrl\":\"https:\\\/\\\/secure.gravatar.com\\\/avatar\\\/adf7b77e38b4419baf32c7e9c21dde01f4e40df611f0978e3006fc4ba0aaab7e?s=96&d=mm&r=g\",\"caption\":\"Redacci\u00f3n Box Repsol\"},\"description\":\"Box Repsol lo forma un equipo de periodistas, community managers, dise\u00f1adores y fot\u00f3grafos con m\u00e1s de 20 a\u00f1os de experiencia en el mundo del motorsport. Hemos vivido el primer mundial de un espa\u00f1ol en la categor\u00eda reina de motociclismo con \u00c1lex Crivill\u00e9, estuvimos en las victorias de Pedrosa y los t\u00edtulos de M\u00e1rquez, acompa\u00f1amos en \u00c1frica a Nani Roma y Marc Coma en sus conquistas del Dakar y hemos vibrado con los t\u00edtulos de Toni Bou en Trial. Adem\u00e1s, en nuestro equipo contamos con expertos en el mundo de las dos y cuatro ruedas tanto de la calle y las carreteras, como de los circuitos. Periodistas que han trabajado en revistas y publicaciones para hacerte llegar desde rutas y consejos de mantenimiento, a curiosidades y trucos de pilotaje.\",\"sameAs\":[\"https:\\\/\\\/www.facebook.com\\\/BoxRepsol\\\/\",\"https:\\\/\\\/www.instagram.com\\\/box_repsol\\\/\",\"https:\\\/\\\/x.com\\\/https:\\\/\\\/twitter.com\\\/box_repsol\",\"https:\\\/\\\/www.youtube.com\\\/@Boxrepsol\"],\"url\":\"https:\\\/\\\/www.boxrepsol.com\\\/es\\\/author\\\/redaccion-box-repsol\\\/\"}]}<\/script>\n<!-- \/ Yoast SEO plugin. -->","yoast_head_json":{"title":"Segunda fila para Pedrosa y M\u00e1rquez bajo la lluvia - Box Repsol","description":"Un intenso aguacero en Silverstone ha condicionado una sesi\u00f3n cronometrada en la que Dani Pedrosa ha sido cuarto y Marc M\u00e1rquez, quinto...","canonical":"https:\/\/www.boxrepsol.com\/es\/motogp\/segunda-fila-para-pedrosa-y-marquez-bajo-la-lluvia\/","og_locale":"es_ES","og_type":"article","og_title":"Segunda fila para Pedrosa y M\u00e1rquez bajo la lluvia - Box Repsol","og_description":"Un intenso aguacero en Silverstone ha condicionado una sesi\u00f3n cronometrada en la que Dani Pedrosa ha sido cuarto y Marc M\u00e1rquez, quinto...","og_url":"https:\/\/www.boxrepsol.com\/es\/motogp\/segunda-fila-para-pedrosa-y-marquez-bajo-la-lluvia\/","og_site_name":"Box Repsol","article_publisher":"https:\/\/www.facebook.com\/BoxRepsol","article_author":"https:\/\/www.facebook.com\/BoxRepsol\/","article_published_time":"2016-09-02T02:00:00+00:00","article_modified_time":"2024-05-07T09:04:35+00:00","og_image":[{"width":984,"height":412,"url":"https:\/\/www.boxrepsol.com\/wp-content\/uploads\/2022\/08\/23-marc-marquez-dani-pedrosa-repsol-honda-2016.jpg","type":"image\/jpeg"}],"author":"Redacci\u00f3n Box Repsol","twitter_card":"summary_large_image","twitter_creator":"@https:\/\/twitter.com\/box_repsol","twitter_site":"@box_repsol","twitter_misc":{"Written by":"Redacci\u00f3n Box Repsol","Est. reading time":"3 minutos"},"schema":{"@context":"https:\/\/schema.org","@graph":[{"@type":"Article","@id":"https:\/\/www.boxrepsol.com\/es\/motogp\/segunda-fila-para-pedrosa-y-marquez-bajo-la-lluvia\/#article","isPartOf":{"@id":"https:\/\/www.boxrepsol.com\/es\/motogp\/segunda-fila-para-pedrosa-y-marquez-bajo-la-lluvia\/"},"author":{"name":"Redacci\u00f3n Box Repsol","@id":"https:\/\/www.boxrepsol.com\/es\/#\/schema\/person\/c5c2138f2cca251b0ad92b7086bb60b7"},"headline":"Segunda fila para Pedrosa y M\u00e1rquez bajo la lluvia","datePublished":"2016-09-02T02:00:00+00:00","dateModified":"2024-05-07T09:04:35+00:00","mainEntityOfPage":{"@id":"https:\/\/www.boxrepsol.com\/es\/motogp\/segunda-fila-para-pedrosa-y-marquez-bajo-la-lluvia\/"},"wordCount":510,"commentCount":0,"publisher":{"@id":"https:\/\/www.boxrepsol.com\/es\/#organization"},"image":{"@id":"https:\/\/www.boxrepsol.com\/es\/motogp\/segunda-fila-para-pedrosa-y-marquez-bajo-la-lluvia\/#primaryimage"},"thumbnailUrl":"https:\/\/www.boxrepsol.com\/wp-content\/uploads\/2022\/08\/23-marc-marquez-dani-pedrosa-repsol-honda-2016.jpg","keywords":["MotoGP Gran Breta\u00f1a"],"articleSection":["MotoGP"],"inLanguage":"es","potentialAction":[{"@type":"CommentAction","name":"Comment","target":["https:\/\/www.boxrepsol.com\/es\/motogp\/segunda-fila-para-pedrosa-y-marquez-bajo-la-lluvia\/#respond"]}]},{"@type":"WebPage","@id":"https:\/\/www.boxrepsol.com\/es\/motogp\/segunda-fila-para-pedrosa-y-marquez-bajo-la-lluvia\/","url":"https:\/\/www.boxrepsol.com\/es\/motogp\/segunda-fila-para-pedrosa-y-marquez-bajo-la-lluvia\/","name":"Segunda fila para Pedrosa y M\u00e1rquez bajo la lluvia - Box Repsol","isPartOf":{"@id":"https:\/\/www.boxrepsol.com\/es\/#website"},"primaryImageOfPage":{"@id":"https:\/\/www.boxrepsol.com\/es\/motogp\/segunda-fila-para-pedrosa-y-marquez-bajo-la-lluvia\/#primaryimage"},"image":{"@id":"https:\/\/www.boxrepsol.com\/es\/motogp\/segunda-fila-para-pedrosa-y-marquez-bajo-la-lluvia\/#primaryimage"},"thumbnailUrl":"https:\/\/www.boxrepsol.com\/wp-content\/uploads\/2022\/08\/23-marc-marquez-dani-pedrosa-repsol-honda-2016.jpg","datePublished":"2016-09-02T02:00:00+00:00","dateModified":"2024-05-07T09:04:35+00:00","description":"Un intenso aguacero en Silverstone ha condicionado una sesi\u00f3n cronometrada en la que Dani Pedrosa ha sido cuarto y Marc M\u00e1rquez, quinto...","breadcrumb":{"@id":"https:\/\/www.boxrepsol.com\/es\/motogp\/segunda-fila-para-pedrosa-y-marquez-bajo-la-lluvia\/#breadcrumb"},"inLanguage":"es","potentialAction":[{"@type":"ReadAction","target":["https:\/\/www.boxrepsol.com\/es\/motogp\/segunda-fila-para-pedrosa-y-marquez-bajo-la-lluvia\/"]}]},{"@type":"ImageObject","inLanguage":"es","@id":"https:\/\/www.boxrepsol.com\/es\/motogp\/segunda-fila-para-pedrosa-y-marquez-bajo-la-lluvia\/#primaryimage","url":"https:\/\/www.boxrepsol.com\/wp-content\/uploads\/2022\/08\/23-marc-marquez-dani-pedrosa-repsol-honda-2016.jpg","contentUrl":"https:\/\/www.boxrepsol.com\/wp-content\/uploads\/2022\/08\/23-marc-marquez-dani-pedrosa-repsol-honda-2016.jpg","width":984,"height":412,"caption":"Marc M\u00e1rquez y Dani Pedrosa"},{"@type":"BreadcrumbList","@id":"https:\/\/www.boxrepsol.com\/es\/motogp\/segunda-fila-para-pedrosa-y-marquez-bajo-la-lluvia\/#breadcrumb","itemListElement":[{"@type":"ListItem","position":1,"name":"Home","item":"https:\/\/www.boxrepsol.com\/es\/"},{"@type":"ListItem","position":2,"name":"Segunda fila para Pedrosa y M\u00e1rquez bajo la lluvia"}]},{"@type":"WebSite","@id":"https:\/\/www.boxrepsol.com\/es\/#website","url":"https:\/\/www.boxrepsol.com\/es\/","name":"Box Repsol","description":"Box Repsol Site","publisher":{"@id":"https:\/\/www.boxrepsol.com\/es\/#organization"},"potentialAction":[{"@type":"SearchAction","target":{"@type":"EntryPoint","urlTemplate":"https:\/\/www.boxrepsol.com\/es\/?s={search_term_string}"},"query-input":{"@type":"PropertyValueSpecification","valueRequired":true,"valueName":"search_term_string"}}],"inLanguage":"es"},{"@type":"Organization","@id":"https:\/\/www.boxrepsol.com\/es\/#organization","name":"Box Repsol","url":"https:\/\/www.boxrepsol.com\/es\/","logo":{"@type":"ImageObject","inLanguage":"es","@id":"https:\/\/www.boxrepsol.com\/es\/#\/schema\/logo\/image\/","url":"https:\/\/bxrepsol.s3.eu-west-1.amazonaws.com\/static\/2025\/07\/30083337\/favicon-96x96-1.png","contentUrl":"https:\/\/bxrepsol.s3.eu-west-1.amazonaws.com\/static\/2025\/07\/30083337\/favicon-96x96-1.png","width":96,"height":96,"caption":"Box Repsol"},"image":{"@id":"https:\/\/www.boxrepsol.com\/es\/#\/schema\/logo\/image\/"},"sameAs":["https:\/\/www.facebook.com\/BoxRepsol","https:\/\/x.com\/box_repsol","http:\/\/instagram.com\/box_repsol","https:\/\/www.youtube.com\/user\/RepsolCompeticion","https:\/\/www.flickr.com\/photos\/box_repsol\/"]},{"@type":"Person","@id":"https:\/\/www.boxrepsol.com\/es\/#\/schema\/person\/c5c2138f2cca251b0ad92b7086bb60b7","name":"Redacci\u00f3n Box Repsol","image":{"@type":"ImageObject","inLanguage":"es","@id":"https:\/\/secure.gravatar.com\/avatar\/adf7b77e38b4419baf32c7e9c21dde01f4e40df611f0978e3006fc4ba0aaab7e?s=96&d=mm&r=g","url":"https:\/\/secure.gravatar.com\/avatar\/adf7b77e38b4419baf32c7e9c21dde01f4e40df611f0978e3006fc4ba0aaab7e?s=96&d=mm&r=g","contentUrl":"https:\/\/secure.gravatar.com\/avatar\/adf7b77e38b4419baf32c7e9c21dde01f4e40df611f0978e3006fc4ba0aaab7e?s=96&d=mm&r=g","caption":"Redacci\u00f3n Box Repsol"},"description":"Box Repsol lo forma un equipo de periodistas, community managers, dise\u00f1adores y fot\u00f3grafos con m\u00e1s de 20 a\u00f1os de experiencia en el mundo del motorsport. Hemos vivido el primer mundial de un espa\u00f1ol en la categor\u00eda reina de motociclismo con \u00c1lex Crivill\u00e9, estuvimos en las victorias de Pedrosa y los t\u00edtulos de M\u00e1rquez, acompa\u00f1amos en \u00c1frica a Nani Roma y Marc Coma en sus conquistas del Dakar y hemos vibrado con los t\u00edtulos de Toni Bou en Trial. Adem\u00e1s, en nuestro equipo contamos con expertos en el mundo de las dos y cuatro ruedas tanto de la calle y las carreteras, como de los circuitos. Periodistas que han trabajado en revistas y publicaciones para hacerte llegar desde rutas y consejos de mantenimiento, a curiosidades y trucos de pilotaje.","sameAs":["https:\/\/www.facebook.com\/BoxRepsol\/","https:\/\/www.instagram.com\/box_repsol\/","https:\/\/x.com\/https:\/\/twitter.com\/box_repsol","https:\/\/www.youtube.com\/@Boxrepsol"],"url":"https:\/\/www.boxrepsol.com\/es\/author\/redaccion-box-repsol\/"}]}},"_links":{"self":[{"href":"https:\/\/www.boxrepsol.com\/es\/wp-json\/wp\/v2\/posts\/89659","targetHints":{"allow":["GET"]}}],"collection":[{"href":"https:\/\/www.boxrepsol.com\/es\/wp-json\/wp\/v2\/posts"}],"about":[{"href":"https:\/\/www.boxrepsol.com\/es\/wp-json\/wp\/v2\/types\/post"}],"author":[{"embeddable":true,"href":"https:\/\/www.boxrepsol.com\/es\/wp-json\/wp\/v2\/users\/43146"}],"replies":[{"embeddable":true,"href":"https:\/\/www.boxrepsol.com\/es\/wp-json\/wp\/v2\/comments?post=89659"}],"version-history":[{"count":1,"href":"https:\/\/www.boxrepsol.com\/es\/wp-json\/wp\/v2\/posts\/89659\/revisions"}],"predecessor-version":[{"id":89660,"href":"https:\/\/www.boxrepsol.com\/es\/wp-json\/wp\/v2\/posts\/89659\/revisions\/89660"}],"wp:featuredmedia":[{"embeddable":true,"href":"https:\/\/www.boxrepsol.com\/es\/wp-json\/wp\/v2\/media\/85361"}],"wp:attachment":[{"href":"https:\/\/www.boxrepsol.com\/es\/wp-json\/wp\/v2\/media?parent=89659"}],"wp:term":[{"taxonomy":"category","embeddable":true,"href":"https:\/\/www.boxrepsol.com\/es\/wp-json\/wp\/v2\/categories?post=89659"},{"taxonomy":"post_tag","embeddable":true,"href":"https:\/\/www.boxrepsol.com\/es\/wp-json\/wp\/v2\/tags?post=89659"}],"curies":[{"name":"wp","href":"https:\/\/api.w.org\/{rel}","templated":true}]}}