{"id":89630,"date":"2016-10-21T00:00:00","date_gmt":"2016-10-21T02:00:00","guid":{"rendered":"http:\/\/pre.boxrepsol.com\/sin-categorizar\/la-lluvia-y-el-frio-condicionan-el-primer-dia-en-australia\/"},"modified":"2024-05-09T06:08:22","modified_gmt":"2024-05-09T08:08:22","slug":"la-lluvia-y-el-frio-condicionan-el-primer-dia-en-australia","status":"publish","type":"post","link":"https:\/\/www.boxrepsol.com\/es\/motogp\/la-lluvia-y-el-frio-condicionan-el-primer-dia-en-australia\/","title":{"rendered":"La lluvia y el fr\u00edo condicionan el primer d\u00eda en Australia"},"content":{"rendered":"<blockquote>\n<p>\u00b7@NickyHayden: \u00abPor la ma\u00f1ana la moto iba bastante bien en mojado\u00bb<\/p>\n<p>            <a href=\"#\"><br \/>\n            twittear        <\/a>\n        <\/p><\/blockquote>\n<p>Haciendo buenas las previsiones, el fr\u00edo y la intensa lluvia han sido los protagonistas de la primera jornada de entrenamientos en el circuito de Phillip Island. Tras una primera sesi\u00f3n celebrada en mojado y los term\u00f3metros marcando apenas 12\u00baC, la segunda tanda primero se ha retrasado 40 minutos debido a la cantidad de agua acumulada sobre el asfalto y despu\u00e9s de 13 minutos en los que la mayor\u00eda de pilotos no ha rodado, se ha cancelado el resto de la jornada. Marc M\u00e1rquez y Nicky Hayden han cerrado el d\u00eda en cuarta y novena posici\u00f3n, respectivamente, de la clasificaci\u00f3n combinada.<\/p>\n<h3>Marc M\u00e1rquez<\/h3>\n<p><em>\u00abHoy no ha sido uno de los d\u00edas m\u00e1s divertidos del a\u00f1o. Esperaba una jornada con el trazado seco para poder disfrutar sobre la moto despu\u00e9s del Gran Premio de Jap\u00f3n, pero no ha sido as\u00ed. Aunque ha llovido todo el d\u00eda, por la ma\u00f1ana hemos podido dar unas cuantas vueltas, pero al final de la sesi\u00f3n hemos tenido que parar porque hab\u00eda demasiada agua en la pista. Esta tarde tambi\u00e9n llov\u00eda, era peligroso rodar y por eso han ense\u00f1ado la bandera roja. Nosotros hemos decidido no salir a pista, porque era un riesgo innecesario. Esperemos que ma\u00f1ana las condiciones mejoren un poco, que no haya tanta agua en pista y podamos seguir trabajando de cara al domingo\u00bb.<\/em><\/p>\n<h3>Nicky Hayden<\/h3>\n<p><em>\u00abLas condiciones evidentemente no eran las ideales. Por la ma\u00f1ana la moto iba bastante bien en mojado. Me he sentido c\u00f3modo y estaba intentado acostumbrarme a la velocidad cuando ha empezado a llover m\u00e1s fuerte; hab\u00eda demasiada agua en la pista y hemos vuelto al box. Por desgracia, no hemos podido dar muchas vueltas, aunque la moto iba bien. He mejorado mis tiempos en mi segunda salida de esta ma\u00f1ana, cuando la pista estaba peor en comparaci\u00f3n al inicio, as\u00ed que es bastante positivo. Ahora solo nos queda esperar y ver qu\u00e9 condiciones tenemos ma\u00f1ana, para intentar conseguir tanta informaci\u00f3n como sea posible y entender mejor la moto y el equipo\u00bb.<\/em><\/p>\n","protected":false},"excerpt":{"rendered":"<p>Marc M\u00e1rquez y Nicky Hayden apenas completan la primera sesi\u00f3n libre bajo la lluvia, con la segunda tanda cancelada despu\u00e9s de 13 minutos debido a las malas condiciones meteorol\u00f3gicas.<\/p>\n","protected":false},"author":43146,"featured_media":85312,"comment_status":"open","ping_status":"open","sticky":false,"template":"","format":"standard","meta":{"footnotes":""},"categories":[4],"tags":[139],"class_list":["post-89630","post","type-post","status-publish","format-standard","hentry","category-motogp","tag-motogp-australia"],"yoast_head":"<!-- This site is optimized with the Yoast SEO plugin v27.3 - https:\/\/yoast.com\/product\/yoast-seo-wordpress\/ -->\n<title>La lluvia y el fr\u00edo condicionan el primer d\u00eda en Australia - Box Repsol<\/title>\n<meta name=\"description\" content=\"Marc M\u00e1rquez y Nicky Hayden apenas completan la primera sesi\u00f3n libre bajo la lluvia, con la segunda tanda cancelada despu\u00e9s de 13 minutos.\" \/>\n<link rel=\"canonical\" href=\"https:\/\/www.boxrepsol.com\/es\/motogp\/la-lluvia-y-el-frio-condicionan-el-primer-dia-en-australia\/\" \/>\n<meta property=\"og:locale\" content=\"es_ES\" \/>\n<meta property=\"og:type\" content=\"article\" \/>\n<meta property=\"og:title\" content=\"La lluvia y el fr\u00edo condicionan el primer d\u00eda en Australia - Box Repsol\" \/>\n<meta property=\"og:description\" content=\"Marc M\u00e1rquez y Nicky Hayden apenas completan la primera sesi\u00f3n libre bajo la lluvia, con la segunda tanda cancelada despu\u00e9s de 13 minutos.\" \/>\n<meta property=\"og:url\" content=\"https:\/\/www.boxrepsol.com\/es\/motogp\/la-lluvia-y-el-frio-condicionan-el-primer-dia-en-australia\/\" \/>\n<meta property=\"og:site_name\" content=\"Box Repsol\" \/>\n<meta property=\"article:publisher\" content=\"https:\/\/www.facebook.com\/BoxRepsol\" \/>\n<meta property=\"article:author\" content=\"https:\/\/www.facebook.com\/BoxRepsol\/\" \/>\n<meta property=\"article:published_time\" content=\"2016-10-21T02:00:00+00:00\" \/>\n<meta property=\"article:modified_time\" content=\"2024-05-09T08:08:22+00:00\" \/>\n<meta property=\"og:image\" content=\"https:\/\/www.boxrepsol.com\/wp-content\/uploads\/2022\/08\/18-marc-marquez-nicky-hayden-toghether-australia-2016.jpg\" \/>\n\t<meta property=\"og:image:width\" content=\"984\" \/>\n\t<meta property=\"og:image:height\" content=\"412\" \/>\n\t<meta property=\"og:image:type\" content=\"image\/jpeg\" \/>\n<meta name=\"author\" content=\"Redacci\u00f3n Box Repsol\" \/>\n<meta name=\"twitter:card\" content=\"summary_large_image\" \/>\n<meta name=\"twitter:creator\" content=\"@https:\/\/twitter.com\/box_repsol\" \/>\n<meta name=\"twitter:site\" content=\"@box_repsol\" \/>\n<meta name=\"twitter:label1\" content=\"Written by\" \/>\n\t<meta name=\"twitter:data1\" content=\"Redacci\u00f3n Box Repsol\" \/>\n\t<meta name=\"twitter:label2\" content=\"Est. reading time\" \/>\n\t<meta name=\"twitter:data2\" content=\"2 minutos\" \/>\n<script type=\"application\/ld+json\" class=\"yoast-schema-graph\">{\"@context\":\"https:\\\/\\\/schema.org\",\"@graph\":[{\"@type\":\"Article\",\"@id\":\"https:\\\/\\\/www.boxrepsol.com\\\/es\\\/motogp\\\/la-lluvia-y-el-frio-condicionan-el-primer-dia-en-australia\\\/#article\",\"isPartOf\":{\"@id\":\"https:\\\/\\\/www.boxrepsol.com\\\/es\\\/motogp\\\/la-lluvia-y-el-frio-condicionan-el-primer-dia-en-australia\\\/\"},\"author\":{\"name\":\"Redacci\u00f3n Box Repsol\",\"@id\":\"https:\\\/\\\/www.boxrepsol.com\\\/es\\\/#\\\/schema\\\/person\\\/c5c2138f2cca251b0ad92b7086bb60b7\"},\"headline\":\"La lluvia y el fr\u00edo condicionan el primer d\u00eda en Australia\",\"datePublished\":\"2016-10-21T02:00:00+00:00\",\"dateModified\":\"2024-05-09T08:08:22+00:00\",\"mainEntityOfPage\":{\"@id\":\"https:\\\/\\\/www.boxrepsol.com\\\/es\\\/motogp\\\/la-lluvia-y-el-frio-condicionan-el-primer-dia-en-australia\\\/\"},\"wordCount\":388,\"commentCount\":0,\"publisher\":{\"@id\":\"https:\\\/\\\/www.boxrepsol.com\\\/es\\\/#organization\"},\"image\":{\"@id\":\"https:\\\/\\\/www.boxrepsol.com\\\/es\\\/motogp\\\/la-lluvia-y-el-frio-condicionan-el-primer-dia-en-australia\\\/#primaryimage\"},\"thumbnailUrl\":\"https:\\\/\\\/www.boxrepsol.com\\\/wp-content\\\/uploads\\\/2022\\\/08\\\/18-marc-marquez-nicky-hayden-toghether-australia-2016.jpg\",\"keywords\":[\"MotoGP Australia\"],\"articleSection\":[\"MotoGP\"],\"inLanguage\":\"es\",\"potentialAction\":[{\"@type\":\"CommentAction\",\"name\":\"Comment\",\"target\":[\"https:\\\/\\\/www.boxrepsol.com\\\/es\\\/motogp\\\/la-lluvia-y-el-frio-condicionan-el-primer-dia-en-australia\\\/#respond\"]}]},{\"@type\":\"WebPage\",\"@id\":\"https:\\\/\\\/www.boxrepsol.com\\\/es\\\/motogp\\\/la-lluvia-y-el-frio-condicionan-el-primer-dia-en-australia\\\/\",\"url\":\"https:\\\/\\\/www.boxrepsol.com\\\/es\\\/motogp\\\/la-lluvia-y-el-frio-condicionan-el-primer-dia-en-australia\\\/\",\"name\":\"La lluvia y el fr\u00edo condicionan el primer d\u00eda en Australia - Box Repsol\",\"isPartOf\":{\"@id\":\"https:\\\/\\\/www.boxrepsol.com\\\/es\\\/#website\"},\"primaryImageOfPage\":{\"@id\":\"https:\\\/\\\/www.boxrepsol.com\\\/es\\\/motogp\\\/la-lluvia-y-el-frio-condicionan-el-primer-dia-en-australia\\\/#primaryimage\"},\"image\":{\"@id\":\"https:\\\/\\\/www.boxrepsol.com\\\/es\\\/motogp\\\/la-lluvia-y-el-frio-condicionan-el-primer-dia-en-australia\\\/#primaryimage\"},\"thumbnailUrl\":\"https:\\\/\\\/www.boxrepsol.com\\\/wp-content\\\/uploads\\\/2022\\\/08\\\/18-marc-marquez-nicky-hayden-toghether-australia-2016.jpg\",\"datePublished\":\"2016-10-21T02:00:00+00:00\",\"dateModified\":\"2024-05-09T08:08:22+00:00\",\"description\":\"Marc M\u00e1rquez y Nicky Hayden apenas completan la primera sesi\u00f3n libre bajo la lluvia, con la segunda tanda cancelada despu\u00e9s de 13 minutos.\",\"breadcrumb\":{\"@id\":\"https:\\\/\\\/www.boxrepsol.com\\\/es\\\/motogp\\\/la-lluvia-y-el-frio-condicionan-el-primer-dia-en-australia\\\/#breadcrumb\"},\"inLanguage\":\"es\",\"potentialAction\":[{\"@type\":\"ReadAction\",\"target\":[\"https:\\\/\\\/www.boxrepsol.com\\\/es\\\/motogp\\\/la-lluvia-y-el-frio-condicionan-el-primer-dia-en-australia\\\/\"]}]},{\"@type\":\"ImageObject\",\"inLanguage\":\"es\",\"@id\":\"https:\\\/\\\/www.boxrepsol.com\\\/es\\\/motogp\\\/la-lluvia-y-el-frio-condicionan-el-primer-dia-en-australia\\\/#primaryimage\",\"url\":\"https:\\\/\\\/www.boxrepsol.com\\\/wp-content\\\/uploads\\\/2022\\\/08\\\/18-marc-marquez-nicky-hayden-toghether-australia-2016.jpg\",\"contentUrl\":\"https:\\\/\\\/www.boxrepsol.com\\\/wp-content\\\/uploads\\\/2022\\\/08\\\/18-marc-marquez-nicky-hayden-toghether-australia-2016.jpg\",\"width\":984,\"height\":412,\"caption\":\"Marc M\u00e1rquez y Nicky Hayden pilotando juntos\"},{\"@type\":\"BreadcrumbList\",\"@id\":\"https:\\\/\\\/www.boxrepsol.com\\\/es\\\/motogp\\\/la-lluvia-y-el-frio-condicionan-el-primer-dia-en-australia\\\/#breadcrumb\",\"itemListElement\":[{\"@type\":\"ListItem\",\"position\":1,\"name\":\"Home\",\"item\":\"https:\\\/\\\/www.boxrepsol.com\\\/es\\\/\"},{\"@type\":\"ListItem\",\"position\":2,\"name\":\"La lluvia y el fr\u00edo condicionan el primer d\u00eda en Australia\"}]},{\"@type\":\"WebSite\",\"@id\":\"https:\\\/\\\/www.boxrepsol.com\\\/es\\\/#website\",\"url\":\"https:\\\/\\\/www.boxrepsol.com\\\/es\\\/\",\"name\":\"Box Repsol\",\"description\":\"Box Repsol Site\",\"publisher\":{\"@id\":\"https:\\\/\\\/www.boxrepsol.com\\\/es\\\/#organization\"},\"potentialAction\":[{\"@type\":\"SearchAction\",\"target\":{\"@type\":\"EntryPoint\",\"urlTemplate\":\"https:\\\/\\\/www.boxrepsol.com\\\/es\\\/?s={search_term_string}\"},\"query-input\":{\"@type\":\"PropertyValueSpecification\",\"valueRequired\":true,\"valueName\":\"search_term_string\"}}],\"inLanguage\":\"es\"},{\"@type\":\"Organization\",\"@id\":\"https:\\\/\\\/www.boxrepsol.com\\\/es\\\/#organization\",\"name\":\"Box Repsol\",\"url\":\"https:\\\/\\\/www.boxrepsol.com\\\/es\\\/\",\"logo\":{\"@type\":\"ImageObject\",\"inLanguage\":\"es\",\"@id\":\"https:\\\/\\\/www.boxrepsol.com\\\/es\\\/#\\\/schema\\\/logo\\\/image\\\/\",\"url\":\"https:\\\/\\\/bxrepsol.s3.eu-west-1.amazonaws.com\\\/static\\\/2025\\\/07\\\/30083337\\\/favicon-96x96-1.png\",\"contentUrl\":\"https:\\\/\\\/bxrepsol.s3.eu-west-1.amazonaws.com\\\/static\\\/2025\\\/07\\\/30083337\\\/favicon-96x96-1.png\",\"width\":96,\"height\":96,\"caption\":\"Box Repsol\"},\"image\":{\"@id\":\"https:\\\/\\\/www.boxrepsol.com\\\/es\\\/#\\\/schema\\\/logo\\\/image\\\/\"},\"sameAs\":[\"https:\\\/\\\/www.facebook.com\\\/BoxRepsol\",\"https:\\\/\\\/x.com\\\/box_repsol\",\"http:\\\/\\\/instagram.com\\\/box_repsol\",\"https:\\\/\\\/www.youtube.com\\\/user\\\/RepsolCompeticion\",\"https:\\\/\\\/www.flickr.com\\\/photos\\\/box_repsol\\\/\"]},{\"@type\":\"Person\",\"@id\":\"https:\\\/\\\/www.boxrepsol.com\\\/es\\\/#\\\/schema\\\/person\\\/c5c2138f2cca251b0ad92b7086bb60b7\",\"name\":\"Redacci\u00f3n Box Repsol\",\"image\":{\"@type\":\"ImageObject\",\"inLanguage\":\"es\",\"@id\":\"https:\\\/\\\/secure.gravatar.com\\\/avatar\\\/adf7b77e38b4419baf32c7e9c21dde01f4e40df611f0978e3006fc4ba0aaab7e?s=96&d=mm&r=g\",\"url\":\"https:\\\/\\\/secure.gravatar.com\\\/avatar\\\/adf7b77e38b4419baf32c7e9c21dde01f4e40df611f0978e3006fc4ba0aaab7e?s=96&d=mm&r=g\",\"contentUrl\":\"https:\\\/\\\/secure.gravatar.com\\\/avatar\\\/adf7b77e38b4419baf32c7e9c21dde01f4e40df611f0978e3006fc4ba0aaab7e?s=96&d=mm&r=g\",\"caption\":\"Redacci\u00f3n Box Repsol\"},\"description\":\"Box Repsol lo forma un equipo de periodistas, community managers, dise\u00f1adores y fot\u00f3grafos con m\u00e1s de 20 a\u00f1os de experiencia en el mundo del motorsport. Hemos vivido el primer mundial de un espa\u00f1ol en la categor\u00eda reina de motociclismo con \u00c1lex Crivill\u00e9, estuvimos en las victorias de Pedrosa y los t\u00edtulos de M\u00e1rquez, acompa\u00f1amos en \u00c1frica a Nani Roma y Marc Coma en sus conquistas del Dakar y hemos vibrado con los t\u00edtulos de Toni Bou en Trial. Adem\u00e1s, en nuestro equipo contamos con expertos en el mundo de las dos y cuatro ruedas tanto de la calle y las carreteras, como de los circuitos. Periodistas que han trabajado en revistas y publicaciones para hacerte llegar desde rutas y consejos de mantenimiento, a curiosidades y trucos de pilotaje.\",\"sameAs\":[\"https:\\\/\\\/www.facebook.com\\\/BoxRepsol\\\/\",\"https:\\\/\\\/www.instagram.com\\\/box_repsol\\\/\",\"https:\\\/\\\/x.com\\\/https:\\\/\\\/twitter.com\\\/box_repsol\",\"https:\\\/\\\/www.youtube.com\\\/@Boxrepsol\"],\"url\":\"https:\\\/\\\/www.boxrepsol.com\\\/es\\\/author\\\/redaccion-box-repsol\\\/\"}]}<\/script>\n<!-- \/ Yoast SEO plugin. -->","yoast_head_json":{"title":"La lluvia y el fr\u00edo condicionan el primer d\u00eda en Australia - Box Repsol","description":"Marc M\u00e1rquez y Nicky Hayden apenas completan la primera sesi\u00f3n libre bajo la lluvia, con la segunda tanda cancelada despu\u00e9s de 13 minutos.","canonical":"https:\/\/www.boxrepsol.com\/es\/motogp\/la-lluvia-y-el-frio-condicionan-el-primer-dia-en-australia\/","og_locale":"es_ES","og_type":"article","og_title":"La lluvia y el fr\u00edo condicionan el primer d\u00eda en Australia - Box Repsol","og_description":"Marc M\u00e1rquez y Nicky Hayden apenas completan la primera sesi\u00f3n libre bajo la lluvia, con la segunda tanda cancelada despu\u00e9s de 13 minutos.","og_url":"https:\/\/www.boxrepsol.com\/es\/motogp\/la-lluvia-y-el-frio-condicionan-el-primer-dia-en-australia\/","og_site_name":"Box Repsol","article_publisher":"https:\/\/www.facebook.com\/BoxRepsol","article_author":"https:\/\/www.facebook.com\/BoxRepsol\/","article_published_time":"2016-10-21T02:00:00+00:00","article_modified_time":"2024-05-09T08:08:22+00:00","og_image":[{"width":984,"height":412,"url":"https:\/\/www.boxrepsol.com\/wp-content\/uploads\/2022\/08\/18-marc-marquez-nicky-hayden-toghether-australia-2016.jpg","type":"image\/jpeg"}],"author":"Redacci\u00f3n Box Repsol","twitter_card":"summary_large_image","twitter_creator":"@https:\/\/twitter.com\/box_repsol","twitter_site":"@box_repsol","twitter_misc":{"Written by":"Redacci\u00f3n Box Repsol","Est. reading time":"2 minutos"},"schema":{"@context":"https:\/\/schema.org","@graph":[{"@type":"Article","@id":"https:\/\/www.boxrepsol.com\/es\/motogp\/la-lluvia-y-el-frio-condicionan-el-primer-dia-en-australia\/#article","isPartOf":{"@id":"https:\/\/www.boxrepsol.com\/es\/motogp\/la-lluvia-y-el-frio-condicionan-el-primer-dia-en-australia\/"},"author":{"name":"Redacci\u00f3n Box Repsol","@id":"https:\/\/www.boxrepsol.com\/es\/#\/schema\/person\/c5c2138f2cca251b0ad92b7086bb60b7"},"headline":"La lluvia y el fr\u00edo condicionan el primer d\u00eda en Australia","datePublished":"2016-10-21T02:00:00+00:00","dateModified":"2024-05-09T08:08:22+00:00","mainEntityOfPage":{"@id":"https:\/\/www.boxrepsol.com\/es\/motogp\/la-lluvia-y-el-frio-condicionan-el-primer-dia-en-australia\/"},"wordCount":388,"commentCount":0,"publisher":{"@id":"https:\/\/www.boxrepsol.com\/es\/#organization"},"image":{"@id":"https:\/\/www.boxrepsol.com\/es\/motogp\/la-lluvia-y-el-frio-condicionan-el-primer-dia-en-australia\/#primaryimage"},"thumbnailUrl":"https:\/\/www.boxrepsol.com\/wp-content\/uploads\/2022\/08\/18-marc-marquez-nicky-hayden-toghether-australia-2016.jpg","keywords":["MotoGP Australia"],"articleSection":["MotoGP"],"inLanguage":"es","potentialAction":[{"@type":"CommentAction","name":"Comment","target":["https:\/\/www.boxrepsol.com\/es\/motogp\/la-lluvia-y-el-frio-condicionan-el-primer-dia-en-australia\/#respond"]}]},{"@type":"WebPage","@id":"https:\/\/www.boxrepsol.com\/es\/motogp\/la-lluvia-y-el-frio-condicionan-el-primer-dia-en-australia\/","url":"https:\/\/www.boxrepsol.com\/es\/motogp\/la-lluvia-y-el-frio-condicionan-el-primer-dia-en-australia\/","name":"La lluvia y el fr\u00edo condicionan el primer d\u00eda en Australia - Box Repsol","isPartOf":{"@id":"https:\/\/www.boxrepsol.com\/es\/#website"},"primaryImageOfPage":{"@id":"https:\/\/www.boxrepsol.com\/es\/motogp\/la-lluvia-y-el-frio-condicionan-el-primer-dia-en-australia\/#primaryimage"},"image":{"@id":"https:\/\/www.boxrepsol.com\/es\/motogp\/la-lluvia-y-el-frio-condicionan-el-primer-dia-en-australia\/#primaryimage"},"thumbnailUrl":"https:\/\/www.boxrepsol.com\/wp-content\/uploads\/2022\/08\/18-marc-marquez-nicky-hayden-toghether-australia-2016.jpg","datePublished":"2016-10-21T02:00:00+00:00","dateModified":"2024-05-09T08:08:22+00:00","description":"Marc M\u00e1rquez y Nicky Hayden apenas completan la primera sesi\u00f3n libre bajo la lluvia, con la segunda tanda cancelada despu\u00e9s de 13 minutos.","breadcrumb":{"@id":"https:\/\/www.boxrepsol.com\/es\/motogp\/la-lluvia-y-el-frio-condicionan-el-primer-dia-en-australia\/#breadcrumb"},"inLanguage":"es","potentialAction":[{"@type":"ReadAction","target":["https:\/\/www.boxrepsol.com\/es\/motogp\/la-lluvia-y-el-frio-condicionan-el-primer-dia-en-australia\/"]}]},{"@type":"ImageObject","inLanguage":"es","@id":"https:\/\/www.boxrepsol.com\/es\/motogp\/la-lluvia-y-el-frio-condicionan-el-primer-dia-en-australia\/#primaryimage","url":"https:\/\/www.boxrepsol.com\/wp-content\/uploads\/2022\/08\/18-marc-marquez-nicky-hayden-toghether-australia-2016.jpg","contentUrl":"https:\/\/www.boxrepsol.com\/wp-content\/uploads\/2022\/08\/18-marc-marquez-nicky-hayden-toghether-australia-2016.jpg","width":984,"height":412,"caption":"Marc M\u00e1rquez y Nicky Hayden pilotando juntos"},{"@type":"BreadcrumbList","@id":"https:\/\/www.boxrepsol.com\/es\/motogp\/la-lluvia-y-el-frio-condicionan-el-primer-dia-en-australia\/#breadcrumb","itemListElement":[{"@type":"ListItem","position":1,"name":"Home","item":"https:\/\/www.boxrepsol.com\/es\/"},{"@type":"ListItem","position":2,"name":"La lluvia y el fr\u00edo condicionan el primer d\u00eda en Australia"}]},{"@type":"WebSite","@id":"https:\/\/www.boxrepsol.com\/es\/#website","url":"https:\/\/www.boxrepsol.com\/es\/","name":"Box Repsol","description":"Box Repsol Site","publisher":{"@id":"https:\/\/www.boxrepsol.com\/es\/#organization"},"potentialAction":[{"@type":"SearchAction","target":{"@type":"EntryPoint","urlTemplate":"https:\/\/www.boxrepsol.com\/es\/?s={search_term_string}"},"query-input":{"@type":"PropertyValueSpecification","valueRequired":true,"valueName":"search_term_string"}}],"inLanguage":"es"},{"@type":"Organization","@id":"https:\/\/www.boxrepsol.com\/es\/#organization","name":"Box Repsol","url":"https:\/\/www.boxrepsol.com\/es\/","logo":{"@type":"ImageObject","inLanguage":"es","@id":"https:\/\/www.boxrepsol.com\/es\/#\/schema\/logo\/image\/","url":"https:\/\/bxrepsol.s3.eu-west-1.amazonaws.com\/static\/2025\/07\/30083337\/favicon-96x96-1.png","contentUrl":"https:\/\/bxrepsol.s3.eu-west-1.amazonaws.com\/static\/2025\/07\/30083337\/favicon-96x96-1.png","width":96,"height":96,"caption":"Box Repsol"},"image":{"@id":"https:\/\/www.boxrepsol.com\/es\/#\/schema\/logo\/image\/"},"sameAs":["https:\/\/www.facebook.com\/BoxRepsol","https:\/\/x.com\/box_repsol","http:\/\/instagram.com\/box_repsol","https:\/\/www.youtube.com\/user\/RepsolCompeticion","https:\/\/www.flickr.com\/photos\/box_repsol\/"]},{"@type":"Person","@id":"https:\/\/www.boxrepsol.com\/es\/#\/schema\/person\/c5c2138f2cca251b0ad92b7086bb60b7","name":"Redacci\u00f3n Box Repsol","image":{"@type":"ImageObject","inLanguage":"es","@id":"https:\/\/secure.gravatar.com\/avatar\/adf7b77e38b4419baf32c7e9c21dde01f4e40df611f0978e3006fc4ba0aaab7e?s=96&d=mm&r=g","url":"https:\/\/secure.gravatar.com\/avatar\/adf7b77e38b4419baf32c7e9c21dde01f4e40df611f0978e3006fc4ba0aaab7e?s=96&d=mm&r=g","contentUrl":"https:\/\/secure.gravatar.com\/avatar\/adf7b77e38b4419baf32c7e9c21dde01f4e40df611f0978e3006fc4ba0aaab7e?s=96&d=mm&r=g","caption":"Redacci\u00f3n Box Repsol"},"description":"Box Repsol lo forma un equipo de periodistas, community managers, dise\u00f1adores y fot\u00f3grafos con m\u00e1s de 20 a\u00f1os de experiencia en el mundo del motorsport. Hemos vivido el primer mundial de un espa\u00f1ol en la categor\u00eda reina de motociclismo con \u00c1lex Crivill\u00e9, estuvimos en las victorias de Pedrosa y los t\u00edtulos de M\u00e1rquez, acompa\u00f1amos en \u00c1frica a Nani Roma y Marc Coma en sus conquistas del Dakar y hemos vibrado con los t\u00edtulos de Toni Bou en Trial. Adem\u00e1s, en nuestro equipo contamos con expertos en el mundo de las dos y cuatro ruedas tanto de la calle y las carreteras, como de los circuitos. Periodistas que han trabajado en revistas y publicaciones para hacerte llegar desde rutas y consejos de mantenimiento, a curiosidades y trucos de pilotaje.","sameAs":["https:\/\/www.facebook.com\/BoxRepsol\/","https:\/\/www.instagram.com\/box_repsol\/","https:\/\/x.com\/https:\/\/twitter.com\/box_repsol","https:\/\/www.youtube.com\/@Boxrepsol"],"url":"https:\/\/www.boxrepsol.com\/es\/author\/redaccion-box-repsol\/"}]}},"_links":{"self":[{"href":"https:\/\/www.boxrepsol.com\/es\/wp-json\/wp\/v2\/posts\/89630","targetHints":{"allow":["GET"]}}],"collection":[{"href":"https:\/\/www.boxrepsol.com\/es\/wp-json\/wp\/v2\/posts"}],"about":[{"href":"https:\/\/www.boxrepsol.com\/es\/wp-json\/wp\/v2\/types\/post"}],"author":[{"embeddable":true,"href":"https:\/\/www.boxrepsol.com\/es\/wp-json\/wp\/v2\/users\/43146"}],"replies":[{"embeddable":true,"href":"https:\/\/www.boxrepsol.com\/es\/wp-json\/wp\/v2\/comments?post=89630"}],"version-history":[{"count":1,"href":"https:\/\/www.boxrepsol.com\/es\/wp-json\/wp\/v2\/posts\/89630\/revisions"}],"predecessor-version":[{"id":115936,"href":"https:\/\/www.boxrepsol.com\/es\/wp-json\/wp\/v2\/posts\/89630\/revisions\/115936"}],"wp:featuredmedia":[{"embeddable":true,"href":"https:\/\/www.boxrepsol.com\/es\/wp-json\/wp\/v2\/media\/85312"}],"wp:attachment":[{"href":"https:\/\/www.boxrepsol.com\/es\/wp-json\/wp\/v2\/media?parent=89630"}],"wp:term":[{"taxonomy":"category","embeddable":true,"href":"https:\/\/www.boxrepsol.com\/es\/wp-json\/wp\/v2\/categories?post=89630"},{"taxonomy":"post_tag","embeddable":true,"href":"https:\/\/www.boxrepsol.com\/es\/wp-json\/wp\/v2\/tags?post=89630"}],"curies":[{"name":"wp","href":"https:\/\/api.w.org\/{rel}","templated":true}]}}