{"id":89626,"date":"2016-10-28T00:00:00","date_gmt":"2016-10-28T02:00:00","guid":{"rendered":"http:\/\/pre.boxrepsol.com\/sin-categorizar\/marc-marquez-el-mas-rapido-en-seco-a-pesar-de-sufrir-problemas-fisicos\/"},"modified":"2024-05-09T06:07:09","modified_gmt":"2024-05-09T08:07:09","slug":"marc-marquez-el-mas-rapido-en-seco-a-pesar-de-sufrir-problemas-fisicos","status":"publish","type":"post","link":"https:\/\/www.boxrepsol.com\/es\/motogp\/marc-marquez-el-mas-rapido-en-seco-a-pesar-de-sufrir-problemas-fisicos\/","title":{"rendered":"Marc M\u00e1rquez, el m\u00e1s r\u00e1pido en seco a pesar de sufrir problemas f\u00edsicos"},"content":{"rendered":"<blockquote>\n<p>\u00b7@marcmarquez93:\u00bbPor la ma\u00f1ana ya no me encontraba muy bien, estos dos d\u00edas he tenido una gastroenteritis\u00bb<\/p>\n<p>            <a href=\"#\"><br \/>\n            twittear        <\/a>\n        <\/p><\/blockquote>\n<p>La primera jornada de entrenamientos en el Circuito Internacional de Sepang ha terminado con Marc M\u00e1rquez como el m\u00e1s r\u00e1pido del d\u00eda, aunque solo ha participado en una de las dos sesiones previstas.<\/p>\n<p>El piloto del equipo Repsol Honda ha parado el cron\u00f3metro en 2 minutos, 1 segundo y 210 mil\u00e9simas en una tanda en la que Hiroshi Aoyama ha sido vig\u00e9simo, a 2 segundos y 691 mil\u00e9simas. Por la tarde, Marc M\u00e1rquez no ha vuelto a subirse a su moto y ha regresado al hotel para recuperarse de una gastroenteritis que arrastra desde hace dos d\u00edas.<\/p>\n<p>En el otro lado del box del equipo Repsol Honda, Hiroshi Aoyama ha sido d\u00e9cimo en una tanda en la que el asfalto se ha ido secando tras la lluvia ca\u00edda durante el mediod\u00eda.<\/p>\n<h3>Marc M\u00e1rquez<\/h3>\n<p><em>\u00abPor la ma\u00f1ana ya no me encontraba muy bien \u2013estos dos d\u00edas he tenido una gastroenteritis\u2013 pero he podido salir a pista, aunque no estaba al cien por cien. Despu\u00e9s del entrenamiento y del esfuerzo, me ha venido un baj\u00f3n, porque la gastroenteritis tambi\u00e9n te deshidrata. Viendo adem\u00e1s las condiciones de la pista, hemos decidido no salir. Ma\u00f1ana intentaremos mejorar, creo que me ha venido bien no salir a pista y reservarme para el s\u00e1bado y sobre todo para el domingo\u00bb<\/em><\/p>\n<h3>Hiroshi Aoyama<\/h3>\n<p><em>\u00abEsta ma\u00f1ana he podido trabajar en coger sensaciones con la moto en seco. Al final hemos probado una configuraci\u00f3n con la segunda moto que me he ha gustado bastante y me ha dado confianza, pero s\u00f3lo he podido dar tres vueltas antes de que terminara la sesi\u00f3n. Creo que tenemos margen de mejora. El plan era seguir trabajando en esa direcci\u00f3n por la tarde, pero como que ha llovido, hemos probado los neum\u00e1ticos para agua, tanto el compuesto blando como el medio. He tenido buenas sensaciones con ambos y he siso m\u00e1s competitivo que por la ma\u00f1ana. Tambi\u00e9n he probado el neum\u00e1tico intermedio, que nunca hab\u00eda utilizado. Espero que ma\u00f1ana tengamos unas condiciones m\u00e1s estables y podamos seguir trabajando en la puesta a punto de la moto\u00bb.<\/em><\/p>\n","protected":false},"excerpt":{"rendered":"<p>El piloto del equipo Repsol Honda encabeza los primeros libres del GP de Malasia, aunque no ha participado en los segundos debido a una gastroenteritis. Hiroshi Aoyama ha sido vig\u00e9simo.<\/p>\n","protected":false},"author":43146,"featured_media":85304,"comment_status":"open","ping_status":"open","sticky":false,"template":"","format":"standard","meta":{"footnotes":""},"categories":[4],"tags":[138],"class_list":["post-89626","post","type-post","status-publish","format-standard","hentry","category-motogp","tag-motogp-malasia"],"yoast_head":"<!-- This site is optimized with the Yoast SEO plugin v27.3 - https:\/\/yoast.com\/product\/yoast-seo-wordpress\/ -->\n<title>Marc M\u00e1rquez, el m\u00e1s r\u00e1pido en seco a pesar de sufrir problemas f\u00edsicos - Box Repsol<\/title>\n<meta name=\"description\" content=\"El piloto del equipo Repsol Honda encabeza los primeros libres del GP de Malasia, aunque no ha participado en los segundos debido a una gastroenteritis.\" \/>\n<link rel=\"canonical\" href=\"https:\/\/www.boxrepsol.com\/es\/motogp\/marc-marquez-el-mas-rapido-en-seco-a-pesar-de-sufrir-problemas-fisicos\/\" \/>\n<meta property=\"og:locale\" content=\"es_ES\" \/>\n<meta property=\"og:type\" content=\"article\" \/>\n<meta property=\"og:title\" content=\"Marc M\u00e1rquez, el m\u00e1s r\u00e1pido en seco a pesar de sufrir problemas f\u00edsicos - Box Repsol\" \/>\n<meta property=\"og:description\" content=\"El piloto del equipo Repsol Honda encabeza los primeros libres del GP de Malasia, aunque no ha participado en los segundos debido a una gastroenteritis.\" \/>\n<meta property=\"og:url\" content=\"https:\/\/www.boxrepsol.com\/es\/motogp\/marc-marquez-el-mas-rapido-en-seco-a-pesar-de-sufrir-problemas-fisicos\/\" \/>\n<meta property=\"og:site_name\" content=\"Box Repsol\" \/>\n<meta property=\"article:publisher\" content=\"https:\/\/www.facebook.com\/BoxRepsol\" \/>\n<meta property=\"article:author\" content=\"https:\/\/www.facebook.com\/BoxRepsol\/\" \/>\n<meta property=\"article:published_time\" content=\"2016-10-28T02:00:00+00:00\" \/>\n<meta property=\"article:modified_time\" content=\"2024-05-09T08:07:09+00:00\" \/>\n<meta property=\"og:image\" content=\"https:\/\/www.boxrepsol.com\/wp-content\/uploads\/2022\/08\/14-marc-marquez-malasia-2016.jpg\" \/>\n\t<meta property=\"og:image:width\" content=\"984\" \/>\n\t<meta property=\"og:image:height\" content=\"412\" \/>\n\t<meta property=\"og:image:type\" content=\"image\/jpeg\" \/>\n<meta name=\"author\" content=\"Redacci\u00f3n Box Repsol\" \/>\n<meta name=\"twitter:card\" content=\"summary_large_image\" \/>\n<meta name=\"twitter:creator\" content=\"@https:\/\/twitter.com\/box_repsol\" \/>\n<meta name=\"twitter:site\" content=\"@box_repsol\" \/>\n<meta name=\"twitter:label1\" content=\"Written by\" \/>\n\t<meta name=\"twitter:data1\" content=\"Redacci\u00f3n Box Repsol\" \/>\n\t<meta name=\"twitter:label2\" content=\"Est. reading time\" \/>\n\t<meta name=\"twitter:data2\" content=\"2 minutos\" \/>\n<script type=\"application\/ld+json\" class=\"yoast-schema-graph\">{\"@context\":\"https:\\\/\\\/schema.org\",\"@graph\":[{\"@type\":\"Article\",\"@id\":\"https:\\\/\\\/www.boxrepsol.com\\\/es\\\/motogp\\\/marc-marquez-el-mas-rapido-en-seco-a-pesar-de-sufrir-problemas-fisicos\\\/#article\",\"isPartOf\":{\"@id\":\"https:\\\/\\\/www.boxrepsol.com\\\/es\\\/motogp\\\/marc-marquez-el-mas-rapido-en-seco-a-pesar-de-sufrir-problemas-fisicos\\\/\"},\"author\":{\"name\":\"Redacci\u00f3n Box Repsol\",\"@id\":\"https:\\\/\\\/www.boxrepsol.com\\\/es\\\/#\\\/schema\\\/person\\\/c5c2138f2cca251b0ad92b7086bb60b7\"},\"headline\":\"Marc M\u00e1rquez, el m\u00e1s r\u00e1pido en seco a pesar de sufrir problemas f\u00edsicos\",\"datePublished\":\"2016-10-28T02:00:00+00:00\",\"dateModified\":\"2024-05-09T08:07:09+00:00\",\"mainEntityOfPage\":{\"@id\":\"https:\\\/\\\/www.boxrepsol.com\\\/es\\\/motogp\\\/marc-marquez-el-mas-rapido-en-seco-a-pesar-de-sufrir-problemas-fisicos\\\/\"},\"wordCount\":410,\"commentCount\":0,\"publisher\":{\"@id\":\"https:\\\/\\\/www.boxrepsol.com\\\/es\\\/#organization\"},\"image\":{\"@id\":\"https:\\\/\\\/www.boxrepsol.com\\\/es\\\/motogp\\\/marc-marquez-el-mas-rapido-en-seco-a-pesar-de-sufrir-problemas-fisicos\\\/#primaryimage\"},\"thumbnailUrl\":\"https:\\\/\\\/www.boxrepsol.com\\\/wp-content\\\/uploads\\\/2022\\\/08\\\/14-marc-marquez-malasia-2016.jpg\",\"keywords\":[\"MotoGP Malasia\"],\"articleSection\":[\"MotoGP\"],\"inLanguage\":\"es\",\"potentialAction\":[{\"@type\":\"CommentAction\",\"name\":\"Comment\",\"target\":[\"https:\\\/\\\/www.boxrepsol.com\\\/es\\\/motogp\\\/marc-marquez-el-mas-rapido-en-seco-a-pesar-de-sufrir-problemas-fisicos\\\/#respond\"]}]},{\"@type\":\"WebPage\",\"@id\":\"https:\\\/\\\/www.boxrepsol.com\\\/es\\\/motogp\\\/marc-marquez-el-mas-rapido-en-seco-a-pesar-de-sufrir-problemas-fisicos\\\/\",\"url\":\"https:\\\/\\\/www.boxrepsol.com\\\/es\\\/motogp\\\/marc-marquez-el-mas-rapido-en-seco-a-pesar-de-sufrir-problemas-fisicos\\\/\",\"name\":\"Marc M\u00e1rquez, el m\u00e1s r\u00e1pido en seco a pesar de sufrir problemas f\u00edsicos - Box Repsol\",\"isPartOf\":{\"@id\":\"https:\\\/\\\/www.boxrepsol.com\\\/es\\\/#website\"},\"primaryImageOfPage\":{\"@id\":\"https:\\\/\\\/www.boxrepsol.com\\\/es\\\/motogp\\\/marc-marquez-el-mas-rapido-en-seco-a-pesar-de-sufrir-problemas-fisicos\\\/#primaryimage\"},\"image\":{\"@id\":\"https:\\\/\\\/www.boxrepsol.com\\\/es\\\/motogp\\\/marc-marquez-el-mas-rapido-en-seco-a-pesar-de-sufrir-problemas-fisicos\\\/#primaryimage\"},\"thumbnailUrl\":\"https:\\\/\\\/www.boxrepsol.com\\\/wp-content\\\/uploads\\\/2022\\\/08\\\/14-marc-marquez-malasia-2016.jpg\",\"datePublished\":\"2016-10-28T02:00:00+00:00\",\"dateModified\":\"2024-05-09T08:07:09+00:00\",\"description\":\"El piloto del equipo Repsol Honda encabeza los primeros libres del GP de Malasia, aunque no ha participado en los segundos debido a una gastroenteritis.\",\"breadcrumb\":{\"@id\":\"https:\\\/\\\/www.boxrepsol.com\\\/es\\\/motogp\\\/marc-marquez-el-mas-rapido-en-seco-a-pesar-de-sufrir-problemas-fisicos\\\/#breadcrumb\"},\"inLanguage\":\"es\",\"potentialAction\":[{\"@type\":\"ReadAction\",\"target\":[\"https:\\\/\\\/www.boxrepsol.com\\\/es\\\/motogp\\\/marc-marquez-el-mas-rapido-en-seco-a-pesar-de-sufrir-problemas-fisicos\\\/\"]}]},{\"@type\":\"ImageObject\",\"inLanguage\":\"es\",\"@id\":\"https:\\\/\\\/www.boxrepsol.com\\\/es\\\/motogp\\\/marc-marquez-el-mas-rapido-en-seco-a-pesar-de-sufrir-problemas-fisicos\\\/#primaryimage\",\"url\":\"https:\\\/\\\/www.boxrepsol.com\\\/wp-content\\\/uploads\\\/2022\\\/08\\\/14-marc-marquez-malasia-2016.jpg\",\"contentUrl\":\"https:\\\/\\\/www.boxrepsol.com\\\/wp-content\\\/uploads\\\/2022\\\/08\\\/14-marc-marquez-malasia-2016.jpg\",\"width\":984,\"height\":412,\"caption\":\"17 GP Malasia 27, 28, 29 y 30 de octubre de 2016. Circuito de Sepang.MotoGP, motogp, mgp, MGP, Mgp\"},{\"@type\":\"BreadcrumbList\",\"@id\":\"https:\\\/\\\/www.boxrepsol.com\\\/es\\\/motogp\\\/marc-marquez-el-mas-rapido-en-seco-a-pesar-de-sufrir-problemas-fisicos\\\/#breadcrumb\",\"itemListElement\":[{\"@type\":\"ListItem\",\"position\":1,\"name\":\"Home\",\"item\":\"https:\\\/\\\/www.boxrepsol.com\\\/es\\\/\"},{\"@type\":\"ListItem\",\"position\":2,\"name\":\"Marc M\u00e1rquez, el m\u00e1s r\u00e1pido en seco a pesar de sufrir problemas f\u00edsicos\"}]},{\"@type\":\"WebSite\",\"@id\":\"https:\\\/\\\/www.boxrepsol.com\\\/es\\\/#website\",\"url\":\"https:\\\/\\\/www.boxrepsol.com\\\/es\\\/\",\"name\":\"Box Repsol\",\"description\":\"Box Repsol Site\",\"publisher\":{\"@id\":\"https:\\\/\\\/www.boxrepsol.com\\\/es\\\/#organization\"},\"potentialAction\":[{\"@type\":\"SearchAction\",\"target\":{\"@type\":\"EntryPoint\",\"urlTemplate\":\"https:\\\/\\\/www.boxrepsol.com\\\/es\\\/?s={search_term_string}\"},\"query-input\":{\"@type\":\"PropertyValueSpecification\",\"valueRequired\":true,\"valueName\":\"search_term_string\"}}],\"inLanguage\":\"es\"},{\"@type\":\"Organization\",\"@id\":\"https:\\\/\\\/www.boxrepsol.com\\\/es\\\/#organization\",\"name\":\"Box Repsol\",\"url\":\"https:\\\/\\\/www.boxrepsol.com\\\/es\\\/\",\"logo\":{\"@type\":\"ImageObject\",\"inLanguage\":\"es\",\"@id\":\"https:\\\/\\\/www.boxrepsol.com\\\/es\\\/#\\\/schema\\\/logo\\\/image\\\/\",\"url\":\"https:\\\/\\\/bxrepsol.s3.eu-west-1.amazonaws.com\\\/static\\\/2025\\\/07\\\/30083337\\\/favicon-96x96-1.png\",\"contentUrl\":\"https:\\\/\\\/bxrepsol.s3.eu-west-1.amazonaws.com\\\/static\\\/2025\\\/07\\\/30083337\\\/favicon-96x96-1.png\",\"width\":96,\"height\":96,\"caption\":\"Box Repsol\"},\"image\":{\"@id\":\"https:\\\/\\\/www.boxrepsol.com\\\/es\\\/#\\\/schema\\\/logo\\\/image\\\/\"},\"sameAs\":[\"https:\\\/\\\/www.facebook.com\\\/BoxRepsol\",\"https:\\\/\\\/x.com\\\/box_repsol\",\"http:\\\/\\\/instagram.com\\\/box_repsol\",\"https:\\\/\\\/www.youtube.com\\\/user\\\/RepsolCompeticion\",\"https:\\\/\\\/www.flickr.com\\\/photos\\\/box_repsol\\\/\"]},{\"@type\":\"Person\",\"@id\":\"https:\\\/\\\/www.boxrepsol.com\\\/es\\\/#\\\/schema\\\/person\\\/c5c2138f2cca251b0ad92b7086bb60b7\",\"name\":\"Redacci\u00f3n Box Repsol\",\"image\":{\"@type\":\"ImageObject\",\"inLanguage\":\"es\",\"@id\":\"https:\\\/\\\/secure.gravatar.com\\\/avatar\\\/adf7b77e38b4419baf32c7e9c21dde01f4e40df611f0978e3006fc4ba0aaab7e?s=96&d=mm&r=g\",\"url\":\"https:\\\/\\\/secure.gravatar.com\\\/avatar\\\/adf7b77e38b4419baf32c7e9c21dde01f4e40df611f0978e3006fc4ba0aaab7e?s=96&d=mm&r=g\",\"contentUrl\":\"https:\\\/\\\/secure.gravatar.com\\\/avatar\\\/adf7b77e38b4419baf32c7e9c21dde01f4e40df611f0978e3006fc4ba0aaab7e?s=96&d=mm&r=g\",\"caption\":\"Redacci\u00f3n Box Repsol\"},\"description\":\"Box Repsol lo forma un equipo de periodistas, community managers, dise\u00f1adores y fot\u00f3grafos con m\u00e1s de 20 a\u00f1os de experiencia en el mundo del motorsport. Hemos vivido el primer mundial de un espa\u00f1ol en la categor\u00eda reina de motociclismo con \u00c1lex Crivill\u00e9, estuvimos en las victorias de Pedrosa y los t\u00edtulos de M\u00e1rquez, acompa\u00f1amos en \u00c1frica a Nani Roma y Marc Coma en sus conquistas del Dakar y hemos vibrado con los t\u00edtulos de Toni Bou en Trial. Adem\u00e1s, en nuestro equipo contamos con expertos en el mundo de las dos y cuatro ruedas tanto de la calle y las carreteras, como de los circuitos. Periodistas que han trabajado en revistas y publicaciones para hacerte llegar desde rutas y consejos de mantenimiento, a curiosidades y trucos de pilotaje.\",\"sameAs\":[\"https:\\\/\\\/www.facebook.com\\\/BoxRepsol\\\/\",\"https:\\\/\\\/www.instagram.com\\\/box_repsol\\\/\",\"https:\\\/\\\/x.com\\\/https:\\\/\\\/twitter.com\\\/box_repsol\",\"https:\\\/\\\/www.youtube.com\\\/@Boxrepsol\"],\"url\":\"https:\\\/\\\/www.boxrepsol.com\\\/es\\\/author\\\/redaccion-box-repsol\\\/\"}]}<\/script>\n<!-- \/ Yoast SEO plugin. -->","yoast_head_json":{"title":"Marc M\u00e1rquez, el m\u00e1s r\u00e1pido en seco a pesar de sufrir problemas f\u00edsicos - Box Repsol","description":"El piloto del equipo Repsol Honda encabeza los primeros libres del GP de Malasia, aunque no ha participado en los segundos debido a una gastroenteritis.","canonical":"https:\/\/www.boxrepsol.com\/es\/motogp\/marc-marquez-el-mas-rapido-en-seco-a-pesar-de-sufrir-problemas-fisicos\/","og_locale":"es_ES","og_type":"article","og_title":"Marc M\u00e1rquez, el m\u00e1s r\u00e1pido en seco a pesar de sufrir problemas f\u00edsicos - Box Repsol","og_description":"El piloto del equipo Repsol Honda encabeza los primeros libres del GP de Malasia, aunque no ha participado en los segundos debido a una gastroenteritis.","og_url":"https:\/\/www.boxrepsol.com\/es\/motogp\/marc-marquez-el-mas-rapido-en-seco-a-pesar-de-sufrir-problemas-fisicos\/","og_site_name":"Box Repsol","article_publisher":"https:\/\/www.facebook.com\/BoxRepsol","article_author":"https:\/\/www.facebook.com\/BoxRepsol\/","article_published_time":"2016-10-28T02:00:00+00:00","article_modified_time":"2024-05-09T08:07:09+00:00","og_image":[{"width":984,"height":412,"url":"https:\/\/www.boxrepsol.com\/wp-content\/uploads\/2022\/08\/14-marc-marquez-malasia-2016.jpg","type":"image\/jpeg"}],"author":"Redacci\u00f3n Box Repsol","twitter_card":"summary_large_image","twitter_creator":"@https:\/\/twitter.com\/box_repsol","twitter_site":"@box_repsol","twitter_misc":{"Written by":"Redacci\u00f3n Box Repsol","Est. reading time":"2 minutos"},"schema":{"@context":"https:\/\/schema.org","@graph":[{"@type":"Article","@id":"https:\/\/www.boxrepsol.com\/es\/motogp\/marc-marquez-el-mas-rapido-en-seco-a-pesar-de-sufrir-problemas-fisicos\/#article","isPartOf":{"@id":"https:\/\/www.boxrepsol.com\/es\/motogp\/marc-marquez-el-mas-rapido-en-seco-a-pesar-de-sufrir-problemas-fisicos\/"},"author":{"name":"Redacci\u00f3n Box Repsol","@id":"https:\/\/www.boxrepsol.com\/es\/#\/schema\/person\/c5c2138f2cca251b0ad92b7086bb60b7"},"headline":"Marc M\u00e1rquez, el m\u00e1s r\u00e1pido en seco a pesar de sufrir problemas f\u00edsicos","datePublished":"2016-10-28T02:00:00+00:00","dateModified":"2024-05-09T08:07:09+00:00","mainEntityOfPage":{"@id":"https:\/\/www.boxrepsol.com\/es\/motogp\/marc-marquez-el-mas-rapido-en-seco-a-pesar-de-sufrir-problemas-fisicos\/"},"wordCount":410,"commentCount":0,"publisher":{"@id":"https:\/\/www.boxrepsol.com\/es\/#organization"},"image":{"@id":"https:\/\/www.boxrepsol.com\/es\/motogp\/marc-marquez-el-mas-rapido-en-seco-a-pesar-de-sufrir-problemas-fisicos\/#primaryimage"},"thumbnailUrl":"https:\/\/www.boxrepsol.com\/wp-content\/uploads\/2022\/08\/14-marc-marquez-malasia-2016.jpg","keywords":["MotoGP Malasia"],"articleSection":["MotoGP"],"inLanguage":"es","potentialAction":[{"@type":"CommentAction","name":"Comment","target":["https:\/\/www.boxrepsol.com\/es\/motogp\/marc-marquez-el-mas-rapido-en-seco-a-pesar-de-sufrir-problemas-fisicos\/#respond"]}]},{"@type":"WebPage","@id":"https:\/\/www.boxrepsol.com\/es\/motogp\/marc-marquez-el-mas-rapido-en-seco-a-pesar-de-sufrir-problemas-fisicos\/","url":"https:\/\/www.boxrepsol.com\/es\/motogp\/marc-marquez-el-mas-rapido-en-seco-a-pesar-de-sufrir-problemas-fisicos\/","name":"Marc M\u00e1rquez, el m\u00e1s r\u00e1pido en seco a pesar de sufrir problemas f\u00edsicos - Box Repsol","isPartOf":{"@id":"https:\/\/www.boxrepsol.com\/es\/#website"},"primaryImageOfPage":{"@id":"https:\/\/www.boxrepsol.com\/es\/motogp\/marc-marquez-el-mas-rapido-en-seco-a-pesar-de-sufrir-problemas-fisicos\/#primaryimage"},"image":{"@id":"https:\/\/www.boxrepsol.com\/es\/motogp\/marc-marquez-el-mas-rapido-en-seco-a-pesar-de-sufrir-problemas-fisicos\/#primaryimage"},"thumbnailUrl":"https:\/\/www.boxrepsol.com\/wp-content\/uploads\/2022\/08\/14-marc-marquez-malasia-2016.jpg","datePublished":"2016-10-28T02:00:00+00:00","dateModified":"2024-05-09T08:07:09+00:00","description":"El piloto del equipo Repsol Honda encabeza los primeros libres del GP de Malasia, aunque no ha participado en los segundos debido a una gastroenteritis.","breadcrumb":{"@id":"https:\/\/www.boxrepsol.com\/es\/motogp\/marc-marquez-el-mas-rapido-en-seco-a-pesar-de-sufrir-problemas-fisicos\/#breadcrumb"},"inLanguage":"es","potentialAction":[{"@type":"ReadAction","target":["https:\/\/www.boxrepsol.com\/es\/motogp\/marc-marquez-el-mas-rapido-en-seco-a-pesar-de-sufrir-problemas-fisicos\/"]}]},{"@type":"ImageObject","inLanguage":"es","@id":"https:\/\/www.boxrepsol.com\/es\/motogp\/marc-marquez-el-mas-rapido-en-seco-a-pesar-de-sufrir-problemas-fisicos\/#primaryimage","url":"https:\/\/www.boxrepsol.com\/wp-content\/uploads\/2022\/08\/14-marc-marquez-malasia-2016.jpg","contentUrl":"https:\/\/www.boxrepsol.com\/wp-content\/uploads\/2022\/08\/14-marc-marquez-malasia-2016.jpg","width":984,"height":412,"caption":"17 GP Malasia 27, 28, 29 y 30 de octubre de 2016. Circuito de Sepang.MotoGP, motogp, mgp, MGP, Mgp"},{"@type":"BreadcrumbList","@id":"https:\/\/www.boxrepsol.com\/es\/motogp\/marc-marquez-el-mas-rapido-en-seco-a-pesar-de-sufrir-problemas-fisicos\/#breadcrumb","itemListElement":[{"@type":"ListItem","position":1,"name":"Home","item":"https:\/\/www.boxrepsol.com\/es\/"},{"@type":"ListItem","position":2,"name":"Marc M\u00e1rquez, el m\u00e1s r\u00e1pido en seco a pesar de sufrir problemas f\u00edsicos"}]},{"@type":"WebSite","@id":"https:\/\/www.boxrepsol.com\/es\/#website","url":"https:\/\/www.boxrepsol.com\/es\/","name":"Box Repsol","description":"Box Repsol Site","publisher":{"@id":"https:\/\/www.boxrepsol.com\/es\/#organization"},"potentialAction":[{"@type":"SearchAction","target":{"@type":"EntryPoint","urlTemplate":"https:\/\/www.boxrepsol.com\/es\/?s={search_term_string}"},"query-input":{"@type":"PropertyValueSpecification","valueRequired":true,"valueName":"search_term_string"}}],"inLanguage":"es"},{"@type":"Organization","@id":"https:\/\/www.boxrepsol.com\/es\/#organization","name":"Box Repsol","url":"https:\/\/www.boxrepsol.com\/es\/","logo":{"@type":"ImageObject","inLanguage":"es","@id":"https:\/\/www.boxrepsol.com\/es\/#\/schema\/logo\/image\/","url":"https:\/\/bxrepsol.s3.eu-west-1.amazonaws.com\/static\/2025\/07\/30083337\/favicon-96x96-1.png","contentUrl":"https:\/\/bxrepsol.s3.eu-west-1.amazonaws.com\/static\/2025\/07\/30083337\/favicon-96x96-1.png","width":96,"height":96,"caption":"Box Repsol"},"image":{"@id":"https:\/\/www.boxrepsol.com\/es\/#\/schema\/logo\/image\/"},"sameAs":["https:\/\/www.facebook.com\/BoxRepsol","https:\/\/x.com\/box_repsol","http:\/\/instagram.com\/box_repsol","https:\/\/www.youtube.com\/user\/RepsolCompeticion","https:\/\/www.flickr.com\/photos\/box_repsol\/"]},{"@type":"Person","@id":"https:\/\/www.boxrepsol.com\/es\/#\/schema\/person\/c5c2138f2cca251b0ad92b7086bb60b7","name":"Redacci\u00f3n Box Repsol","image":{"@type":"ImageObject","inLanguage":"es","@id":"https:\/\/secure.gravatar.com\/avatar\/adf7b77e38b4419baf32c7e9c21dde01f4e40df611f0978e3006fc4ba0aaab7e?s=96&d=mm&r=g","url":"https:\/\/secure.gravatar.com\/avatar\/adf7b77e38b4419baf32c7e9c21dde01f4e40df611f0978e3006fc4ba0aaab7e?s=96&d=mm&r=g","contentUrl":"https:\/\/secure.gravatar.com\/avatar\/adf7b77e38b4419baf32c7e9c21dde01f4e40df611f0978e3006fc4ba0aaab7e?s=96&d=mm&r=g","caption":"Redacci\u00f3n Box Repsol"},"description":"Box Repsol lo forma un equipo de periodistas, community managers, dise\u00f1adores y fot\u00f3grafos con m\u00e1s de 20 a\u00f1os de experiencia en el mundo del motorsport. Hemos vivido el primer mundial de un espa\u00f1ol en la categor\u00eda reina de motociclismo con \u00c1lex Crivill\u00e9, estuvimos en las victorias de Pedrosa y los t\u00edtulos de M\u00e1rquez, acompa\u00f1amos en \u00c1frica a Nani Roma y Marc Coma en sus conquistas del Dakar y hemos vibrado con los t\u00edtulos de Toni Bou en Trial. Adem\u00e1s, en nuestro equipo contamos con expertos en el mundo de las dos y cuatro ruedas tanto de la calle y las carreteras, como de los circuitos. Periodistas que han trabajado en revistas y publicaciones para hacerte llegar desde rutas y consejos de mantenimiento, a curiosidades y trucos de pilotaje.","sameAs":["https:\/\/www.facebook.com\/BoxRepsol\/","https:\/\/www.instagram.com\/box_repsol\/","https:\/\/x.com\/https:\/\/twitter.com\/box_repsol","https:\/\/www.youtube.com\/@Boxrepsol"],"url":"https:\/\/www.boxrepsol.com\/es\/author\/redaccion-box-repsol\/"}]}},"_links":{"self":[{"href":"https:\/\/www.boxrepsol.com\/es\/wp-json\/wp\/v2\/posts\/89626","targetHints":{"allow":["GET"]}}],"collection":[{"href":"https:\/\/www.boxrepsol.com\/es\/wp-json\/wp\/v2\/posts"}],"about":[{"href":"https:\/\/www.boxrepsol.com\/es\/wp-json\/wp\/v2\/types\/post"}],"author":[{"embeddable":true,"href":"https:\/\/www.boxrepsol.com\/es\/wp-json\/wp\/v2\/users\/43146"}],"replies":[{"embeddable":true,"href":"https:\/\/www.boxrepsol.com\/es\/wp-json\/wp\/v2\/comments?post=89626"}],"version-history":[{"count":1,"href":"https:\/\/www.boxrepsol.com\/es\/wp-json\/wp\/v2\/posts\/89626\/revisions"}],"predecessor-version":[{"id":115933,"href":"https:\/\/www.boxrepsol.com\/es\/wp-json\/wp\/v2\/posts\/89626\/revisions\/115933"}],"wp:featuredmedia":[{"embeddable":true,"href":"https:\/\/www.boxrepsol.com\/es\/wp-json\/wp\/v2\/media\/85304"}],"wp:attachment":[{"href":"https:\/\/www.boxrepsol.com\/es\/wp-json\/wp\/v2\/media?parent=89626"}],"wp:term":[{"taxonomy":"category","embeddable":true,"href":"https:\/\/www.boxrepsol.com\/es\/wp-json\/wp\/v2\/categories?post=89626"},{"taxonomy":"post_tag","embeddable":true,"href":"https:\/\/www.boxrepsol.com\/es\/wp-json\/wp\/v2\/tags?post=89626"}],"curies":[{"name":"wp","href":"https:\/\/api.w.org\/{rel}","templated":true}]}}