{"id":89622,"date":"2016-10-29T00:00:00","date_gmt":"2016-10-29T02:00:00","guid":{"rendered":"http:\/\/pre.boxrepsol.com\/sin-categorizar\/segunda-fila-para-marquez-en-mojado\/"},"modified":"2024-05-09T06:07:00","modified_gmt":"2024-05-09T08:07:00","slug":"segunda-fila-para-marquez-en-mojado","status":"publish","type":"post","link":"https:\/\/www.boxrepsol.com\/es\/motogp\/segunda-fila-para-marquez-en-mojado\/","title":{"rendered":"Segunda fila para M\u00e1rquez en mojado"},"content":{"rendered":"<blockquote>\n<p>\u00b7@marcmarcquez93: \u00abPoco a poco voy recuperando fuerzas\u00bb<\/p>\n<p>            <a href=\"http:\/\/twitter.com\/share?text=%C2%B7%40marcmarcquez93%3A+%22Poco+a+poco+voy+recuperando+fuerzas%22&#038;url=http%3A%2F%2F34.249.211.158%2Fes%2Fmotogp%2Fsegunda-fila-para-marquez-en-mojado%2F&#038;hashtags=\" target=\"_blank\" rel=\"noopener\"><br \/>\n            twittear        <\/a>\n        <\/p><\/blockquote>\n<p>La segunda jornada de entrenamientos del Gran Premio de Malasia ha visto un <strong>Marc M\u00e1rquez<\/strong> m\u00e1s recuperado de su gastroenteritis, que ha sido segundo en el FP3 \u2013mejorando sus tiempos de ayer\u2013 y primero en el FP4, celebrado despu\u00e9s de un intenso chaparr\u00f3n caracter\u00edstico de esta regi\u00f3n. En la sesi\u00f3n cronometrada y con cada vez menos agua en la pista, el piloto del equipo Repsol Honda ha terminado cuarto con un crono de 2 minutos, 11 segundos y 874 mil\u00e9simas, a 389 del mejor tiempo logrado por Andrea Dovizioso. <strong>Hiroshi Aoyama<\/strong>, progresando a lo largo de la jornada, ha parado el cron\u00f3metro en 2 minutos, 14 segundos y 179 mil\u00e9simas y saldr\u00e1 desde la sexta fila, en decimos\u00e9ptima posici\u00f3n.<\/p>\n<p>\t\t\t\t<img decoding=\"async\" src=\"https:\/\/bxrepsol.s3.eu-west-1.amazonaws.com\/static\/2022\/08\/29043559\/13-marcmarquez-malasia-2016.jpg\" alt=\"Marc M\u00e1rquez rodando\" itemprop=\"image\"  \/><\/p>\n<h3><strong>Marc M\u00e1rquez<\/strong><\/h3>\n<p><em>\u00abHoy ha sido un buen d\u00eda; me encuentro bastante mejor que ayer gracias a los doctores y eso es importante. Poco a poco voy recuperando fuerzas y seguro que ma\u00f1ana estar\u00e9 todav\u00eda mejor. Por la ma\u00f1ana, en seco, me he encontrado bien. Por la tarde, como que ayer nos perdimos la sesi\u00f3n en mojado, se ha notado un poco. Sin embargo, en el FP4 me he encontrado bastante bien, aunque para la Q2 a\u00fan quer\u00eda mejorar m\u00e1s y para eso hemos hecho un par de cambios en la puesta a punto, que no han acabado de funcionar como esper\u00e1bamos. De todos modos, creo que tanto en seco como en mojado estamos listos para luchar por el podio\u00bb.<\/em><\/p>\n<h3><strong>Hiroshi Aoyama<\/strong><\/h3>\n<p><em>\u00abEsperaba que las dos sesiones de hoy fuesen en seco, pero finalmente, como ayer, hemos tenido condiciones mixtas. En seco, estamos un poco menos c\u00f3modos que en mojado, pero en ambos casos me pasa lo mismo: me falta algo de confianza con la parte delantera. Vamos a trabajar para mejorar este aspecto y para ello haremos algunas pruebas en el warm up. Hoy hemos progresado respecto a ayer y ma\u00f1ana intentaremos continuar en esta l\u00ednea para seguir mejorando\u00bb.<\/em><\/p>\n","protected":false},"excerpt":{"rendered":"<p>El piloto del equipo Repsol Honda, que ha liderado el \u00faltimo libre celebrado bajo la lluvia, se ha clasificado cuarto en una ajustada sesi\u00f3n cronometrada. Hiroshi Aoyama saldr\u00e1 decimos\u00e9ptimo.<\/p>\n","protected":false},"author":43146,"featured_media":85301,"comment_status":"open","ping_status":"open","sticky":false,"template":"","format":"standard","meta":{"footnotes":""},"categories":[4],"tags":[138],"class_list":["post-89622","post","type-post","status-publish","format-standard","hentry","category-motogp","tag-motogp-malasia"],"yoast_head":"<!-- This site is optimized with the Yoast SEO plugin v27.3 - https:\/\/yoast.com\/product\/yoast-seo-wordpress\/ -->\n<title>Segunda fila para M\u00e1rquez en mojado - Box Repsol<\/title>\n<meta name=\"description\" content=\"El piloto del equipo Repsol Honda, que ha liderado el \u00faltimo libre celebrado bajo la lluvia, se ha clasificado cuarto en una ajustada sesi\u00f3n cronometrada.\" \/>\n<link rel=\"canonical\" href=\"https:\/\/www.boxrepsol.com\/es\/motogp\/segunda-fila-para-marquez-en-mojado\/\" \/>\n<meta property=\"og:locale\" content=\"es_ES\" \/>\n<meta property=\"og:type\" content=\"article\" \/>\n<meta property=\"og:title\" content=\"Segunda fila para M\u00e1rquez en mojado - Box Repsol\" \/>\n<meta property=\"og:description\" content=\"El piloto del equipo Repsol Honda, que ha liderado el \u00faltimo libre celebrado bajo la lluvia, se ha clasificado cuarto en una ajustada sesi\u00f3n cronometrada.\" \/>\n<meta property=\"og:url\" content=\"https:\/\/www.boxrepsol.com\/es\/motogp\/segunda-fila-para-marquez-en-mojado\/\" \/>\n<meta property=\"og:site_name\" content=\"Box Repsol\" \/>\n<meta property=\"article:publisher\" content=\"https:\/\/www.facebook.com\/BoxRepsol\" \/>\n<meta property=\"article:author\" content=\"https:\/\/www.facebook.com\/BoxRepsol\/\" \/>\n<meta property=\"article:published_time\" content=\"2016-10-29T02:00:00+00:00\" \/>\n<meta property=\"article:modified_time\" content=\"2024-05-09T08:07:00+00:00\" \/>\n<meta property=\"og:image\" content=\"https:\/\/www.boxrepsol.com\/wp-content\/uploads\/2022\/08\/12-marc-marquez-malasia-2016.jpg\" \/>\n\t<meta property=\"og:image:width\" content=\"984\" \/>\n\t<meta property=\"og:image:height\" content=\"412\" \/>\n\t<meta property=\"og:image:type\" content=\"image\/jpeg\" \/>\n<meta name=\"author\" content=\"Redacci\u00f3n Box Repsol\" \/>\n<meta name=\"twitter:card\" content=\"summary_large_image\" \/>\n<meta name=\"twitter:creator\" content=\"@https:\/\/twitter.com\/box_repsol\" \/>\n<meta name=\"twitter:site\" content=\"@box_repsol\" \/>\n<meta name=\"twitter:label1\" content=\"Written by\" \/>\n\t<meta name=\"twitter:data1\" content=\"Redacci\u00f3n Box Repsol\" \/>\n\t<meta name=\"twitter:label2\" content=\"Est. reading time\" \/>\n\t<meta name=\"twitter:data2\" content=\"2 minutos\" \/>\n<script type=\"application\/ld+json\" class=\"yoast-schema-graph\">{\"@context\":\"https:\\\/\\\/schema.org\",\"@graph\":[{\"@type\":\"Article\",\"@id\":\"https:\\\/\\\/www.boxrepsol.com\\\/es\\\/motogp\\\/segunda-fila-para-marquez-en-mojado\\\/#article\",\"isPartOf\":{\"@id\":\"https:\\\/\\\/www.boxrepsol.com\\\/es\\\/motogp\\\/segunda-fila-para-marquez-en-mojado\\\/\"},\"author\":{\"name\":\"Redacci\u00f3n Box Repsol\",\"@id\":\"https:\\\/\\\/www.boxrepsol.com\\\/es\\\/#\\\/schema\\\/person\\\/c5c2138f2cca251b0ad92b7086bb60b7\"},\"headline\":\"Segunda fila para M\u00e1rquez en mojado\",\"datePublished\":\"2016-10-29T02:00:00+00:00\",\"dateModified\":\"2024-05-09T08:07:00+00:00\",\"mainEntityOfPage\":{\"@id\":\"https:\\\/\\\/www.boxrepsol.com\\\/es\\\/motogp\\\/segunda-fila-para-marquez-en-mojado\\\/\"},\"wordCount\":351,\"commentCount\":0,\"publisher\":{\"@id\":\"https:\\\/\\\/www.boxrepsol.com\\\/es\\\/#organization\"},\"image\":{\"@id\":\"https:\\\/\\\/www.boxrepsol.com\\\/es\\\/motogp\\\/segunda-fila-para-marquez-en-mojado\\\/#primaryimage\"},\"thumbnailUrl\":\"https:\\\/\\\/www.boxrepsol.com\\\/wp-content\\\/uploads\\\/2022\\\/08\\\/12-marc-marquez-malasia-2016.jpg\",\"keywords\":[\"MotoGP Malasia\"],\"articleSection\":[\"MotoGP\"],\"inLanguage\":\"es\",\"potentialAction\":[{\"@type\":\"CommentAction\",\"name\":\"Comment\",\"target\":[\"https:\\\/\\\/www.boxrepsol.com\\\/es\\\/motogp\\\/segunda-fila-para-marquez-en-mojado\\\/#respond\"]}]},{\"@type\":\"WebPage\",\"@id\":\"https:\\\/\\\/www.boxrepsol.com\\\/es\\\/motogp\\\/segunda-fila-para-marquez-en-mojado\\\/\",\"url\":\"https:\\\/\\\/www.boxrepsol.com\\\/es\\\/motogp\\\/segunda-fila-para-marquez-en-mojado\\\/\",\"name\":\"Segunda fila para M\u00e1rquez en mojado - Box Repsol\",\"isPartOf\":{\"@id\":\"https:\\\/\\\/www.boxrepsol.com\\\/es\\\/#website\"},\"primaryImageOfPage\":{\"@id\":\"https:\\\/\\\/www.boxrepsol.com\\\/es\\\/motogp\\\/segunda-fila-para-marquez-en-mojado\\\/#primaryimage\"},\"image\":{\"@id\":\"https:\\\/\\\/www.boxrepsol.com\\\/es\\\/motogp\\\/segunda-fila-para-marquez-en-mojado\\\/#primaryimage\"},\"thumbnailUrl\":\"https:\\\/\\\/www.boxrepsol.com\\\/wp-content\\\/uploads\\\/2022\\\/08\\\/12-marc-marquez-malasia-2016.jpg\",\"datePublished\":\"2016-10-29T02:00:00+00:00\",\"dateModified\":\"2024-05-09T08:07:00+00:00\",\"description\":\"El piloto del equipo Repsol Honda, que ha liderado el \u00faltimo libre celebrado bajo la lluvia, se ha clasificado cuarto en una ajustada sesi\u00f3n cronometrada.\",\"breadcrumb\":{\"@id\":\"https:\\\/\\\/www.boxrepsol.com\\\/es\\\/motogp\\\/segunda-fila-para-marquez-en-mojado\\\/#breadcrumb\"},\"inLanguage\":\"es\",\"potentialAction\":[{\"@type\":\"ReadAction\",\"target\":[\"https:\\\/\\\/www.boxrepsol.com\\\/es\\\/motogp\\\/segunda-fila-para-marquez-en-mojado\\\/\"]}]},{\"@type\":\"ImageObject\",\"inLanguage\":\"es\",\"@id\":\"https:\\\/\\\/www.boxrepsol.com\\\/es\\\/motogp\\\/segunda-fila-para-marquez-en-mojado\\\/#primaryimage\",\"url\":\"https:\\\/\\\/www.boxrepsol.com\\\/wp-content\\\/uploads\\\/2022\\\/08\\\/12-marc-marquez-malasia-2016.jpg\",\"contentUrl\":\"https:\\\/\\\/www.boxrepsol.com\\\/wp-content\\\/uploads\\\/2022\\\/08\\\/12-marc-marquez-malasia-2016.jpg\",\"width\":984,\"height\":412,\"caption\":\"Marc M\u00e1rquez rodando\"},{\"@type\":\"BreadcrumbList\",\"@id\":\"https:\\\/\\\/www.boxrepsol.com\\\/es\\\/motogp\\\/segunda-fila-para-marquez-en-mojado\\\/#breadcrumb\",\"itemListElement\":[{\"@type\":\"ListItem\",\"position\":1,\"name\":\"Home\",\"item\":\"https:\\\/\\\/www.boxrepsol.com\\\/es\\\/\"},{\"@type\":\"ListItem\",\"position\":2,\"name\":\"Segunda fila para M\u00e1rquez en mojado\"}]},{\"@type\":\"WebSite\",\"@id\":\"https:\\\/\\\/www.boxrepsol.com\\\/es\\\/#website\",\"url\":\"https:\\\/\\\/www.boxrepsol.com\\\/es\\\/\",\"name\":\"Box Repsol\",\"description\":\"Box Repsol Site\",\"publisher\":{\"@id\":\"https:\\\/\\\/www.boxrepsol.com\\\/es\\\/#organization\"},\"potentialAction\":[{\"@type\":\"SearchAction\",\"target\":{\"@type\":\"EntryPoint\",\"urlTemplate\":\"https:\\\/\\\/www.boxrepsol.com\\\/es\\\/?s={search_term_string}\"},\"query-input\":{\"@type\":\"PropertyValueSpecification\",\"valueRequired\":true,\"valueName\":\"search_term_string\"}}],\"inLanguage\":\"es\"},{\"@type\":\"Organization\",\"@id\":\"https:\\\/\\\/www.boxrepsol.com\\\/es\\\/#organization\",\"name\":\"Box Repsol\",\"url\":\"https:\\\/\\\/www.boxrepsol.com\\\/es\\\/\",\"logo\":{\"@type\":\"ImageObject\",\"inLanguage\":\"es\",\"@id\":\"https:\\\/\\\/www.boxrepsol.com\\\/es\\\/#\\\/schema\\\/logo\\\/image\\\/\",\"url\":\"https:\\\/\\\/bxrepsol.s3.eu-west-1.amazonaws.com\\\/static\\\/2025\\\/07\\\/30083337\\\/favicon-96x96-1.png\",\"contentUrl\":\"https:\\\/\\\/bxrepsol.s3.eu-west-1.amazonaws.com\\\/static\\\/2025\\\/07\\\/30083337\\\/favicon-96x96-1.png\",\"width\":96,\"height\":96,\"caption\":\"Box Repsol\"},\"image\":{\"@id\":\"https:\\\/\\\/www.boxrepsol.com\\\/es\\\/#\\\/schema\\\/logo\\\/image\\\/\"},\"sameAs\":[\"https:\\\/\\\/www.facebook.com\\\/BoxRepsol\",\"https:\\\/\\\/x.com\\\/box_repsol\",\"http:\\\/\\\/instagram.com\\\/box_repsol\",\"https:\\\/\\\/www.youtube.com\\\/user\\\/RepsolCompeticion\",\"https:\\\/\\\/www.flickr.com\\\/photos\\\/box_repsol\\\/\"]},{\"@type\":\"Person\",\"@id\":\"https:\\\/\\\/www.boxrepsol.com\\\/es\\\/#\\\/schema\\\/person\\\/c5c2138f2cca251b0ad92b7086bb60b7\",\"name\":\"Redacci\u00f3n Box Repsol\",\"image\":{\"@type\":\"ImageObject\",\"inLanguage\":\"es\",\"@id\":\"https:\\\/\\\/secure.gravatar.com\\\/avatar\\\/adf7b77e38b4419baf32c7e9c21dde01f4e40df611f0978e3006fc4ba0aaab7e?s=96&d=mm&r=g\",\"url\":\"https:\\\/\\\/secure.gravatar.com\\\/avatar\\\/adf7b77e38b4419baf32c7e9c21dde01f4e40df611f0978e3006fc4ba0aaab7e?s=96&d=mm&r=g\",\"contentUrl\":\"https:\\\/\\\/secure.gravatar.com\\\/avatar\\\/adf7b77e38b4419baf32c7e9c21dde01f4e40df611f0978e3006fc4ba0aaab7e?s=96&d=mm&r=g\",\"caption\":\"Redacci\u00f3n Box Repsol\"},\"description\":\"Box Repsol lo forma un equipo de periodistas, community managers, dise\u00f1adores y fot\u00f3grafos con m\u00e1s de 20 a\u00f1os de experiencia en el mundo del motorsport. Hemos vivido el primer mundial de un espa\u00f1ol en la categor\u00eda reina de motociclismo con \u00c1lex Crivill\u00e9, estuvimos en las victorias de Pedrosa y los t\u00edtulos de M\u00e1rquez, acompa\u00f1amos en \u00c1frica a Nani Roma y Marc Coma en sus conquistas del Dakar y hemos vibrado con los t\u00edtulos de Toni Bou en Trial. Adem\u00e1s, en nuestro equipo contamos con expertos en el mundo de las dos y cuatro ruedas tanto de la calle y las carreteras, como de los circuitos. Periodistas que han trabajado en revistas y publicaciones para hacerte llegar desde rutas y consejos de mantenimiento, a curiosidades y trucos de pilotaje.\",\"sameAs\":[\"https:\\\/\\\/www.facebook.com\\\/BoxRepsol\\\/\",\"https:\\\/\\\/www.instagram.com\\\/box_repsol\\\/\",\"https:\\\/\\\/x.com\\\/https:\\\/\\\/twitter.com\\\/box_repsol\",\"https:\\\/\\\/www.youtube.com\\\/@Boxrepsol\"],\"url\":\"https:\\\/\\\/www.boxrepsol.com\\\/es\\\/author\\\/redaccion-box-repsol\\\/\"}]}<\/script>\n<!-- \/ Yoast SEO plugin. -->","yoast_head_json":{"title":"Segunda fila para M\u00e1rquez en mojado - Box Repsol","description":"El piloto del equipo Repsol Honda, que ha liderado el \u00faltimo libre celebrado bajo la lluvia, se ha clasificado cuarto en una ajustada sesi\u00f3n cronometrada.","canonical":"https:\/\/www.boxrepsol.com\/es\/motogp\/segunda-fila-para-marquez-en-mojado\/","og_locale":"es_ES","og_type":"article","og_title":"Segunda fila para M\u00e1rquez en mojado - Box Repsol","og_description":"El piloto del equipo Repsol Honda, que ha liderado el \u00faltimo libre celebrado bajo la lluvia, se ha clasificado cuarto en una ajustada sesi\u00f3n cronometrada.","og_url":"https:\/\/www.boxrepsol.com\/es\/motogp\/segunda-fila-para-marquez-en-mojado\/","og_site_name":"Box Repsol","article_publisher":"https:\/\/www.facebook.com\/BoxRepsol","article_author":"https:\/\/www.facebook.com\/BoxRepsol\/","article_published_time":"2016-10-29T02:00:00+00:00","article_modified_time":"2024-05-09T08:07:00+00:00","og_image":[{"width":984,"height":412,"url":"https:\/\/www.boxrepsol.com\/wp-content\/uploads\/2022\/08\/12-marc-marquez-malasia-2016.jpg","type":"image\/jpeg"}],"author":"Redacci\u00f3n Box Repsol","twitter_card":"summary_large_image","twitter_creator":"@https:\/\/twitter.com\/box_repsol","twitter_site":"@box_repsol","twitter_misc":{"Written by":"Redacci\u00f3n Box Repsol","Est. reading time":"2 minutos"},"schema":{"@context":"https:\/\/schema.org","@graph":[{"@type":"Article","@id":"https:\/\/www.boxrepsol.com\/es\/motogp\/segunda-fila-para-marquez-en-mojado\/#article","isPartOf":{"@id":"https:\/\/www.boxrepsol.com\/es\/motogp\/segunda-fila-para-marquez-en-mojado\/"},"author":{"name":"Redacci\u00f3n Box Repsol","@id":"https:\/\/www.boxrepsol.com\/es\/#\/schema\/person\/c5c2138f2cca251b0ad92b7086bb60b7"},"headline":"Segunda fila para M\u00e1rquez en mojado","datePublished":"2016-10-29T02:00:00+00:00","dateModified":"2024-05-09T08:07:00+00:00","mainEntityOfPage":{"@id":"https:\/\/www.boxrepsol.com\/es\/motogp\/segunda-fila-para-marquez-en-mojado\/"},"wordCount":351,"commentCount":0,"publisher":{"@id":"https:\/\/www.boxrepsol.com\/es\/#organization"},"image":{"@id":"https:\/\/www.boxrepsol.com\/es\/motogp\/segunda-fila-para-marquez-en-mojado\/#primaryimage"},"thumbnailUrl":"https:\/\/www.boxrepsol.com\/wp-content\/uploads\/2022\/08\/12-marc-marquez-malasia-2016.jpg","keywords":["MotoGP Malasia"],"articleSection":["MotoGP"],"inLanguage":"es","potentialAction":[{"@type":"CommentAction","name":"Comment","target":["https:\/\/www.boxrepsol.com\/es\/motogp\/segunda-fila-para-marquez-en-mojado\/#respond"]}]},{"@type":"WebPage","@id":"https:\/\/www.boxrepsol.com\/es\/motogp\/segunda-fila-para-marquez-en-mojado\/","url":"https:\/\/www.boxrepsol.com\/es\/motogp\/segunda-fila-para-marquez-en-mojado\/","name":"Segunda fila para M\u00e1rquez en mojado - Box Repsol","isPartOf":{"@id":"https:\/\/www.boxrepsol.com\/es\/#website"},"primaryImageOfPage":{"@id":"https:\/\/www.boxrepsol.com\/es\/motogp\/segunda-fila-para-marquez-en-mojado\/#primaryimage"},"image":{"@id":"https:\/\/www.boxrepsol.com\/es\/motogp\/segunda-fila-para-marquez-en-mojado\/#primaryimage"},"thumbnailUrl":"https:\/\/www.boxrepsol.com\/wp-content\/uploads\/2022\/08\/12-marc-marquez-malasia-2016.jpg","datePublished":"2016-10-29T02:00:00+00:00","dateModified":"2024-05-09T08:07:00+00:00","description":"El piloto del equipo Repsol Honda, que ha liderado el \u00faltimo libre celebrado bajo la lluvia, se ha clasificado cuarto en una ajustada sesi\u00f3n cronometrada.","breadcrumb":{"@id":"https:\/\/www.boxrepsol.com\/es\/motogp\/segunda-fila-para-marquez-en-mojado\/#breadcrumb"},"inLanguage":"es","potentialAction":[{"@type":"ReadAction","target":["https:\/\/www.boxrepsol.com\/es\/motogp\/segunda-fila-para-marquez-en-mojado\/"]}]},{"@type":"ImageObject","inLanguage":"es","@id":"https:\/\/www.boxrepsol.com\/es\/motogp\/segunda-fila-para-marquez-en-mojado\/#primaryimage","url":"https:\/\/www.boxrepsol.com\/wp-content\/uploads\/2022\/08\/12-marc-marquez-malasia-2016.jpg","contentUrl":"https:\/\/www.boxrepsol.com\/wp-content\/uploads\/2022\/08\/12-marc-marquez-malasia-2016.jpg","width":984,"height":412,"caption":"Marc M\u00e1rquez rodando"},{"@type":"BreadcrumbList","@id":"https:\/\/www.boxrepsol.com\/es\/motogp\/segunda-fila-para-marquez-en-mojado\/#breadcrumb","itemListElement":[{"@type":"ListItem","position":1,"name":"Home","item":"https:\/\/www.boxrepsol.com\/es\/"},{"@type":"ListItem","position":2,"name":"Segunda fila para M\u00e1rquez en mojado"}]},{"@type":"WebSite","@id":"https:\/\/www.boxrepsol.com\/es\/#website","url":"https:\/\/www.boxrepsol.com\/es\/","name":"Box Repsol","description":"Box Repsol Site","publisher":{"@id":"https:\/\/www.boxrepsol.com\/es\/#organization"},"potentialAction":[{"@type":"SearchAction","target":{"@type":"EntryPoint","urlTemplate":"https:\/\/www.boxrepsol.com\/es\/?s={search_term_string}"},"query-input":{"@type":"PropertyValueSpecification","valueRequired":true,"valueName":"search_term_string"}}],"inLanguage":"es"},{"@type":"Organization","@id":"https:\/\/www.boxrepsol.com\/es\/#organization","name":"Box Repsol","url":"https:\/\/www.boxrepsol.com\/es\/","logo":{"@type":"ImageObject","inLanguage":"es","@id":"https:\/\/www.boxrepsol.com\/es\/#\/schema\/logo\/image\/","url":"https:\/\/bxrepsol.s3.eu-west-1.amazonaws.com\/static\/2025\/07\/30083337\/favicon-96x96-1.png","contentUrl":"https:\/\/bxrepsol.s3.eu-west-1.amazonaws.com\/static\/2025\/07\/30083337\/favicon-96x96-1.png","width":96,"height":96,"caption":"Box Repsol"},"image":{"@id":"https:\/\/www.boxrepsol.com\/es\/#\/schema\/logo\/image\/"},"sameAs":["https:\/\/www.facebook.com\/BoxRepsol","https:\/\/x.com\/box_repsol","http:\/\/instagram.com\/box_repsol","https:\/\/www.youtube.com\/user\/RepsolCompeticion","https:\/\/www.flickr.com\/photos\/box_repsol\/"]},{"@type":"Person","@id":"https:\/\/www.boxrepsol.com\/es\/#\/schema\/person\/c5c2138f2cca251b0ad92b7086bb60b7","name":"Redacci\u00f3n Box Repsol","image":{"@type":"ImageObject","inLanguage":"es","@id":"https:\/\/secure.gravatar.com\/avatar\/adf7b77e38b4419baf32c7e9c21dde01f4e40df611f0978e3006fc4ba0aaab7e?s=96&d=mm&r=g","url":"https:\/\/secure.gravatar.com\/avatar\/adf7b77e38b4419baf32c7e9c21dde01f4e40df611f0978e3006fc4ba0aaab7e?s=96&d=mm&r=g","contentUrl":"https:\/\/secure.gravatar.com\/avatar\/adf7b77e38b4419baf32c7e9c21dde01f4e40df611f0978e3006fc4ba0aaab7e?s=96&d=mm&r=g","caption":"Redacci\u00f3n Box Repsol"},"description":"Box Repsol lo forma un equipo de periodistas, community managers, dise\u00f1adores y fot\u00f3grafos con m\u00e1s de 20 a\u00f1os de experiencia en el mundo del motorsport. Hemos vivido el primer mundial de un espa\u00f1ol en la categor\u00eda reina de motociclismo con \u00c1lex Crivill\u00e9, estuvimos en las victorias de Pedrosa y los t\u00edtulos de M\u00e1rquez, acompa\u00f1amos en \u00c1frica a Nani Roma y Marc Coma en sus conquistas del Dakar y hemos vibrado con los t\u00edtulos de Toni Bou en Trial. Adem\u00e1s, en nuestro equipo contamos con expertos en el mundo de las dos y cuatro ruedas tanto de la calle y las carreteras, como de los circuitos. Periodistas que han trabajado en revistas y publicaciones para hacerte llegar desde rutas y consejos de mantenimiento, a curiosidades y trucos de pilotaje.","sameAs":["https:\/\/www.facebook.com\/BoxRepsol\/","https:\/\/www.instagram.com\/box_repsol\/","https:\/\/x.com\/https:\/\/twitter.com\/box_repsol","https:\/\/www.youtube.com\/@Boxrepsol"],"url":"https:\/\/www.boxrepsol.com\/es\/author\/redaccion-box-repsol\/"}]}},"_links":{"self":[{"href":"https:\/\/www.boxrepsol.com\/es\/wp-json\/wp\/v2\/posts\/89622","targetHints":{"allow":["GET"]}}],"collection":[{"href":"https:\/\/www.boxrepsol.com\/es\/wp-json\/wp\/v2\/posts"}],"about":[{"href":"https:\/\/www.boxrepsol.com\/es\/wp-json\/wp\/v2\/types\/post"}],"author":[{"embeddable":true,"href":"https:\/\/www.boxrepsol.com\/es\/wp-json\/wp\/v2\/users\/43146"}],"replies":[{"embeddable":true,"href":"https:\/\/www.boxrepsol.com\/es\/wp-json\/wp\/v2\/comments?post=89622"}],"version-history":[{"count":1,"href":"https:\/\/www.boxrepsol.com\/es\/wp-json\/wp\/v2\/posts\/89622\/revisions"}],"predecessor-version":[{"id":89623,"href":"https:\/\/www.boxrepsol.com\/es\/wp-json\/wp\/v2\/posts\/89622\/revisions\/89623"}],"wp:featuredmedia":[{"embeddable":true,"href":"https:\/\/www.boxrepsol.com\/es\/wp-json\/wp\/v2\/media\/85301"}],"wp:attachment":[{"href":"https:\/\/www.boxrepsol.com\/es\/wp-json\/wp\/v2\/media?parent=89622"}],"wp:term":[{"taxonomy":"category","embeddable":true,"href":"https:\/\/www.boxrepsol.com\/es\/wp-json\/wp\/v2\/categories?post=89622"},{"taxonomy":"post_tag","embeddable":true,"href":"https:\/\/www.boxrepsol.com\/es\/wp-json\/wp\/v2\/tags?post=89622"}],"curies":[{"name":"wp","href":"https:\/\/api.w.org\/{rel}","templated":true}]}}