{"id":89619,"date":"2016-11-11T00:00:00","date_gmt":"2016-11-11T02:00:00","guid":{"rendered":"http:\/\/pre.boxrepsol.com\/sin-categorizar\/marc-marquez-y-dani-pedrosa-despediran-juntos-el-mundial-2016\/"},"modified":"2024-05-09T06:03:36","modified_gmt":"2024-05-09T08:03:36","slug":"marc-marquez-y-dani-pedrosa-despediran-juntos-el-mundial-2016","status":"publish","type":"post","link":"https:\/\/www.boxrepsol.com\/es\/motogp\/marc-marquez-y-dani-pedrosa-despediran-juntos-el-mundial-2016\/","title":{"rendered":"Marc M\u00e1rquez y Dani Pedrosa despedir\u00e1n juntos el Mundial 2016"},"content":{"rendered":"<blockquote>\n<p>\u00b7@26_DaniPedrosa: \u00abestoy contento de volver a competir.\u00bb<\/p>\n<p>            <a href=\"#\"><br \/>\n            twittear        <\/a>\n        <\/p><\/blockquote>\n<p>El Mundial 2016 llega a su fin este domingo en el Circuit Ricardo Tormo y el equipo Repsol Honda volver\u00e1 a contar con Marc M\u00e1rquez y Dani Pedrosa para la decimoctava cita del a\u00f1o. Despu\u00e9s de lesionarse en el Gran Premio de Jap\u00f3n y tras ser intervenido quir\u00fargicamente en Barcelona, la recuperaci\u00f3n de Dani Pedrosa ha sido positiva y junto a los doctores y el equipo Repsol Honda, han acordado regresar en Valencia para la \u00faltima prueba del Campeonato. Ser\u00e1 adem\u00e1s el Gran Premio n\u00famero 150 para Marc M\u00e1rquez, que podr\u00e1 celebrar con todos los aficionados espa\u00f1oles el t\u00edtulo logrado en Jap\u00f3n.<\/p>\n<h3>Marc M\u00e1rquez<\/h3>\n<p><em>\u00abHa estado bien poder volver a casa con el t\u00edtulo en nuestras manos despu\u00e9s de las tres carreras de la gira y celebrarlo con mi familia y amigos. He podido relajarme un poco y volver a mi programa de entrenamiento habitual, tanto en el gimnasio como con la bici o haciendo motocross. \u2018Gracias\u2019 al jetlag, pude disfrutar de espectaculares amaneceres encima de mi bici. Sin embargo, la temporada a\u00fan no ha terminado, el domingo tenemos la \u00faltima cita en Valencia y despu\u00e9s dos d\u00edas importantes de pruebas. Nuestro objetivo para la carrera es intentar terminar en las primeras posiciones delante de nuestros seguidores, si es posible con un triunfo o al menos con un podio. Me alegro de que Dani [Pedrosa] est\u00e9 mejor y vuelva en Valencia\u00bb.<\/em><\/p>\n<h3>Dani Pedrosa<\/h3>\n<p><em>\u00abEstas \u00faltimas tres semanas no han sido f\u00e1ciles tanto por el dolor, especialmente tras la operaci\u00f3n, como por perderme varias carreras en alguno de mis circuitos favoritos. De todos modos, al empezar con la rehabilitaci\u00f3n, las cosas empezaron a ir mejor d\u00eda a d\u00eda y la idea de intentar estar recuperado para Valencia ha sido un est\u00edmulo que me ha ayudado en los momentos m\u00e1s dif\u00edciles. A\u00fan no estamos seguros de c\u00f3mo me sentir\u00e9 encima de la moto, pero estoy contento de volver a competir. Me encanta el Circuito Ricardo Tormo, tengo unos recuerdos fant\u00e1sticos all\u00ed y me gusta la idea de volver a rodar delante de mis seguidores\u00bb<\/em>.<\/p>\n","protected":false},"excerpt":{"rendered":"<p>El equipo Repsol Honda volver\u00e1 a contar con Dani Pedrosa en el &#8216;box&#8217;, despu\u00e9s de tres carreras de ausencia, para celebrar la \u00faltima cita de la temporada.<\/p>\n","protected":false},"author":43146,"featured_media":85288,"comment_status":"open","ping_status":"open","sticky":false,"template":"","format":"standard","meta":{"footnotes":""},"categories":[4],"tags":[137],"class_list":["post-89619","post","type-post","status-publish","format-standard","hentry","category-motogp","tag-motogp-valencia"],"yoast_head":"<!-- This site is optimized with the Yoast SEO plugin v27.3 - https:\/\/yoast.com\/product\/yoast-seo-wordpress\/ -->\n<title>Marc M\u00e1rquez y Dani Pedrosa despedir\u00e1n juntos el Mundial 2016 - Box Repsol<\/title>\n<meta name=\"description\" content=\"El equipo Repsol Honda volver\u00e1 a contar con Dani Pedrosa en el &#039;box&#039;, despu\u00e9s de tres carreras de ausencia, para celebrar la \u00faltima cita de la temporada.\" \/>\n<link rel=\"canonical\" href=\"https:\/\/www.boxrepsol.com\/es\/motogp\/marc-marquez-y-dani-pedrosa-despediran-juntos-el-mundial-2016\/\" \/>\n<meta property=\"og:locale\" content=\"es_ES\" \/>\n<meta property=\"og:type\" content=\"article\" \/>\n<meta property=\"og:title\" content=\"Marc M\u00e1rquez y Dani Pedrosa despedir\u00e1n juntos el Mundial 2016 - Box Repsol\" \/>\n<meta property=\"og:description\" content=\"El equipo Repsol Honda volver\u00e1 a contar con Dani Pedrosa en el &#039;box&#039;, despu\u00e9s de tres carreras de ausencia, para celebrar la \u00faltima cita de la temporada.\" \/>\n<meta property=\"og:url\" content=\"https:\/\/www.boxrepsol.com\/es\/motogp\/marc-marquez-y-dani-pedrosa-despediran-juntos-el-mundial-2016\/\" \/>\n<meta property=\"og:site_name\" content=\"Box Repsol\" \/>\n<meta property=\"article:publisher\" content=\"https:\/\/www.facebook.com\/BoxRepsol\" \/>\n<meta property=\"article:author\" content=\"https:\/\/www.facebook.com\/BoxRepsol\/\" \/>\n<meta property=\"article:published_time\" content=\"2016-11-11T02:00:00+00:00\" \/>\n<meta property=\"article:modified_time\" content=\"2024-05-09T08:03:36+00:00\" \/>\n<meta property=\"og:image\" content=\"https:\/\/www.boxrepsol.com\/wp-content\/uploads\/2022\/08\/09-marc-marquez-dani-pedrosa-repsol-honda.jpg\" \/>\n\t<meta property=\"og:image:width\" content=\"984\" \/>\n\t<meta property=\"og:image:height\" content=\"412\" \/>\n\t<meta property=\"og:image:type\" content=\"image\/jpeg\" \/>\n<meta name=\"author\" content=\"Redacci\u00f3n Box Repsol\" \/>\n<meta name=\"twitter:card\" content=\"summary_large_image\" \/>\n<meta name=\"twitter:creator\" content=\"@https:\/\/twitter.com\/box_repsol\" \/>\n<meta name=\"twitter:site\" content=\"@box_repsol\" \/>\n<meta name=\"twitter:label1\" content=\"Written by\" \/>\n\t<meta name=\"twitter:data1\" content=\"Redacci\u00f3n Box Repsol\" \/>\n\t<meta name=\"twitter:label2\" content=\"Est. reading time\" \/>\n\t<meta name=\"twitter:data2\" content=\"2 minutos\" \/>\n<script type=\"application\/ld+json\" class=\"yoast-schema-graph\">{\"@context\":\"https:\\\/\\\/schema.org\",\"@graph\":[{\"@type\":\"Article\",\"@id\":\"https:\\\/\\\/www.boxrepsol.com\\\/es\\\/motogp\\\/marc-marquez-y-dani-pedrosa-despediran-juntos-el-mundial-2016\\\/#article\",\"isPartOf\":{\"@id\":\"https:\\\/\\\/www.boxrepsol.com\\\/es\\\/motogp\\\/marc-marquez-y-dani-pedrosa-despediran-juntos-el-mundial-2016\\\/\"},\"author\":{\"name\":\"Redacci\u00f3n Box Repsol\",\"@id\":\"https:\\\/\\\/www.boxrepsol.com\\\/es\\\/#\\\/schema\\\/person\\\/c5c2138f2cca251b0ad92b7086bb60b7\"},\"headline\":\"Marc M\u00e1rquez y Dani Pedrosa despedir\u00e1n juntos el Mundial 2016\",\"datePublished\":\"2016-11-11T02:00:00+00:00\",\"dateModified\":\"2024-05-09T08:03:36+00:00\",\"mainEntityOfPage\":{\"@id\":\"https:\\\/\\\/www.boxrepsol.com\\\/es\\\/motogp\\\/marc-marquez-y-dani-pedrosa-despediran-juntos-el-mundial-2016\\\/\"},\"wordCount\":388,\"commentCount\":0,\"publisher\":{\"@id\":\"https:\\\/\\\/www.boxrepsol.com\\\/es\\\/#organization\"},\"image\":{\"@id\":\"https:\\\/\\\/www.boxrepsol.com\\\/es\\\/motogp\\\/marc-marquez-y-dani-pedrosa-despediran-juntos-el-mundial-2016\\\/#primaryimage\"},\"thumbnailUrl\":\"https:\\\/\\\/www.boxrepsol.com\\\/wp-content\\\/uploads\\\/2022\\\/08\\\/09-marc-marquez-dani-pedrosa-repsol-honda.jpg\",\"keywords\":[\"MotoGP Valencia\"],\"articleSection\":[\"MotoGP\"],\"inLanguage\":\"es\",\"potentialAction\":[{\"@type\":\"CommentAction\",\"name\":\"Comment\",\"target\":[\"https:\\\/\\\/www.boxrepsol.com\\\/es\\\/motogp\\\/marc-marquez-y-dani-pedrosa-despediran-juntos-el-mundial-2016\\\/#respond\"]}]},{\"@type\":\"WebPage\",\"@id\":\"https:\\\/\\\/www.boxrepsol.com\\\/es\\\/motogp\\\/marc-marquez-y-dani-pedrosa-despediran-juntos-el-mundial-2016\\\/\",\"url\":\"https:\\\/\\\/www.boxrepsol.com\\\/es\\\/motogp\\\/marc-marquez-y-dani-pedrosa-despediran-juntos-el-mundial-2016\\\/\",\"name\":\"Marc M\u00e1rquez y Dani Pedrosa despedir\u00e1n juntos el Mundial 2016 - Box Repsol\",\"isPartOf\":{\"@id\":\"https:\\\/\\\/www.boxrepsol.com\\\/es\\\/#website\"},\"primaryImageOfPage\":{\"@id\":\"https:\\\/\\\/www.boxrepsol.com\\\/es\\\/motogp\\\/marc-marquez-y-dani-pedrosa-despediran-juntos-el-mundial-2016\\\/#primaryimage\"},\"image\":{\"@id\":\"https:\\\/\\\/www.boxrepsol.com\\\/es\\\/motogp\\\/marc-marquez-y-dani-pedrosa-despediran-juntos-el-mundial-2016\\\/#primaryimage\"},\"thumbnailUrl\":\"https:\\\/\\\/www.boxrepsol.com\\\/wp-content\\\/uploads\\\/2022\\\/08\\\/09-marc-marquez-dani-pedrosa-repsol-honda.jpg\",\"datePublished\":\"2016-11-11T02:00:00+00:00\",\"dateModified\":\"2024-05-09T08:03:36+00:00\",\"description\":\"El equipo Repsol Honda volver\u00e1 a contar con Dani Pedrosa en el 'box', despu\u00e9s de tres carreras de ausencia, para celebrar la \u00faltima cita de la temporada.\",\"breadcrumb\":{\"@id\":\"https:\\\/\\\/www.boxrepsol.com\\\/es\\\/motogp\\\/marc-marquez-y-dani-pedrosa-despediran-juntos-el-mundial-2016\\\/#breadcrumb\"},\"inLanguage\":\"es\",\"potentialAction\":[{\"@type\":\"ReadAction\",\"target\":[\"https:\\\/\\\/www.boxrepsol.com\\\/es\\\/motogp\\\/marc-marquez-y-dani-pedrosa-despediran-juntos-el-mundial-2016\\\/\"]}]},{\"@type\":\"ImageObject\",\"inLanguage\":\"es\",\"@id\":\"https:\\\/\\\/www.boxrepsol.com\\\/es\\\/motogp\\\/marc-marquez-y-dani-pedrosa-despediran-juntos-el-mundial-2016\\\/#primaryimage\",\"url\":\"https:\\\/\\\/www.boxrepsol.com\\\/wp-content\\\/uploads\\\/2022\\\/08\\\/09-marc-marquez-dani-pedrosa-repsol-honda.jpg\",\"contentUrl\":\"https:\\\/\\\/www.boxrepsol.com\\\/wp-content\\\/uploads\\\/2022\\\/08\\\/09-marc-marquez-dani-pedrosa-repsol-honda.jpg\",\"width\":984,\"height\":412,\"caption\":\"Marc M\u00e1rquez y Dani pedrosa en moto\"},{\"@type\":\"BreadcrumbList\",\"@id\":\"https:\\\/\\\/www.boxrepsol.com\\\/es\\\/motogp\\\/marc-marquez-y-dani-pedrosa-despediran-juntos-el-mundial-2016\\\/#breadcrumb\",\"itemListElement\":[{\"@type\":\"ListItem\",\"position\":1,\"name\":\"Home\",\"item\":\"https:\\\/\\\/www.boxrepsol.com\\\/es\\\/\"},{\"@type\":\"ListItem\",\"position\":2,\"name\":\"Marc M\u00e1rquez y Dani Pedrosa despedir\u00e1n juntos el Mundial 2016\"}]},{\"@type\":\"WebSite\",\"@id\":\"https:\\\/\\\/www.boxrepsol.com\\\/es\\\/#website\",\"url\":\"https:\\\/\\\/www.boxrepsol.com\\\/es\\\/\",\"name\":\"Box Repsol\",\"description\":\"Box Repsol Site\",\"publisher\":{\"@id\":\"https:\\\/\\\/www.boxrepsol.com\\\/es\\\/#organization\"},\"potentialAction\":[{\"@type\":\"SearchAction\",\"target\":{\"@type\":\"EntryPoint\",\"urlTemplate\":\"https:\\\/\\\/www.boxrepsol.com\\\/es\\\/?s={search_term_string}\"},\"query-input\":{\"@type\":\"PropertyValueSpecification\",\"valueRequired\":true,\"valueName\":\"search_term_string\"}}],\"inLanguage\":\"es\"},{\"@type\":\"Organization\",\"@id\":\"https:\\\/\\\/www.boxrepsol.com\\\/es\\\/#organization\",\"name\":\"Box Repsol\",\"url\":\"https:\\\/\\\/www.boxrepsol.com\\\/es\\\/\",\"logo\":{\"@type\":\"ImageObject\",\"inLanguage\":\"es\",\"@id\":\"https:\\\/\\\/www.boxrepsol.com\\\/es\\\/#\\\/schema\\\/logo\\\/image\\\/\",\"url\":\"https:\\\/\\\/bxrepsol.s3.eu-west-1.amazonaws.com\\\/static\\\/2025\\\/07\\\/30083337\\\/favicon-96x96-1.png\",\"contentUrl\":\"https:\\\/\\\/bxrepsol.s3.eu-west-1.amazonaws.com\\\/static\\\/2025\\\/07\\\/30083337\\\/favicon-96x96-1.png\",\"width\":96,\"height\":96,\"caption\":\"Box Repsol\"},\"image\":{\"@id\":\"https:\\\/\\\/www.boxrepsol.com\\\/es\\\/#\\\/schema\\\/logo\\\/image\\\/\"},\"sameAs\":[\"https:\\\/\\\/www.facebook.com\\\/BoxRepsol\",\"https:\\\/\\\/x.com\\\/box_repsol\",\"http:\\\/\\\/instagram.com\\\/box_repsol\",\"https:\\\/\\\/www.youtube.com\\\/user\\\/RepsolCompeticion\",\"https:\\\/\\\/www.flickr.com\\\/photos\\\/box_repsol\\\/\"]},{\"@type\":\"Person\",\"@id\":\"https:\\\/\\\/www.boxrepsol.com\\\/es\\\/#\\\/schema\\\/person\\\/c5c2138f2cca251b0ad92b7086bb60b7\",\"name\":\"Redacci\u00f3n Box Repsol\",\"image\":{\"@type\":\"ImageObject\",\"inLanguage\":\"es\",\"@id\":\"https:\\\/\\\/secure.gravatar.com\\\/avatar\\\/adf7b77e38b4419baf32c7e9c21dde01f4e40df611f0978e3006fc4ba0aaab7e?s=96&d=mm&r=g\",\"url\":\"https:\\\/\\\/secure.gravatar.com\\\/avatar\\\/adf7b77e38b4419baf32c7e9c21dde01f4e40df611f0978e3006fc4ba0aaab7e?s=96&d=mm&r=g\",\"contentUrl\":\"https:\\\/\\\/secure.gravatar.com\\\/avatar\\\/adf7b77e38b4419baf32c7e9c21dde01f4e40df611f0978e3006fc4ba0aaab7e?s=96&d=mm&r=g\",\"caption\":\"Redacci\u00f3n Box Repsol\"},\"description\":\"Box Repsol lo forma un equipo de periodistas, community managers, dise\u00f1adores y fot\u00f3grafos con m\u00e1s de 20 a\u00f1os de experiencia en el mundo del motorsport. Hemos vivido el primer mundial de un espa\u00f1ol en la categor\u00eda reina de motociclismo con \u00c1lex Crivill\u00e9, estuvimos en las victorias de Pedrosa y los t\u00edtulos de M\u00e1rquez, acompa\u00f1amos en \u00c1frica a Nani Roma y Marc Coma en sus conquistas del Dakar y hemos vibrado con los t\u00edtulos de Toni Bou en Trial. Adem\u00e1s, en nuestro equipo contamos con expertos en el mundo de las dos y cuatro ruedas tanto de la calle y las carreteras, como de los circuitos. Periodistas que han trabajado en revistas y publicaciones para hacerte llegar desde rutas y consejos de mantenimiento, a curiosidades y trucos de pilotaje.\",\"sameAs\":[\"https:\\\/\\\/www.facebook.com\\\/BoxRepsol\\\/\",\"https:\\\/\\\/www.instagram.com\\\/box_repsol\\\/\",\"https:\\\/\\\/x.com\\\/https:\\\/\\\/twitter.com\\\/box_repsol\",\"https:\\\/\\\/www.youtube.com\\\/@Boxrepsol\"],\"url\":\"https:\\\/\\\/www.boxrepsol.com\\\/es\\\/author\\\/redaccion-box-repsol\\\/\"}]}<\/script>\n<!-- \/ Yoast SEO plugin. -->","yoast_head_json":{"title":"Marc M\u00e1rquez y Dani Pedrosa despedir\u00e1n juntos el Mundial 2016 - Box Repsol","description":"El equipo Repsol Honda volver\u00e1 a contar con Dani Pedrosa en el 'box', despu\u00e9s de tres carreras de ausencia, para celebrar la \u00faltima cita de la temporada.","canonical":"https:\/\/www.boxrepsol.com\/es\/motogp\/marc-marquez-y-dani-pedrosa-despediran-juntos-el-mundial-2016\/","og_locale":"es_ES","og_type":"article","og_title":"Marc M\u00e1rquez y Dani Pedrosa despedir\u00e1n juntos el Mundial 2016 - Box Repsol","og_description":"El equipo Repsol Honda volver\u00e1 a contar con Dani Pedrosa en el 'box', despu\u00e9s de tres carreras de ausencia, para celebrar la \u00faltima cita de la temporada.","og_url":"https:\/\/www.boxrepsol.com\/es\/motogp\/marc-marquez-y-dani-pedrosa-despediran-juntos-el-mundial-2016\/","og_site_name":"Box Repsol","article_publisher":"https:\/\/www.facebook.com\/BoxRepsol","article_author":"https:\/\/www.facebook.com\/BoxRepsol\/","article_published_time":"2016-11-11T02:00:00+00:00","article_modified_time":"2024-05-09T08:03:36+00:00","og_image":[{"width":984,"height":412,"url":"https:\/\/www.boxrepsol.com\/wp-content\/uploads\/2022\/08\/09-marc-marquez-dani-pedrosa-repsol-honda.jpg","type":"image\/jpeg"}],"author":"Redacci\u00f3n Box Repsol","twitter_card":"summary_large_image","twitter_creator":"@https:\/\/twitter.com\/box_repsol","twitter_site":"@box_repsol","twitter_misc":{"Written by":"Redacci\u00f3n Box Repsol","Est. reading time":"2 minutos"},"schema":{"@context":"https:\/\/schema.org","@graph":[{"@type":"Article","@id":"https:\/\/www.boxrepsol.com\/es\/motogp\/marc-marquez-y-dani-pedrosa-despediran-juntos-el-mundial-2016\/#article","isPartOf":{"@id":"https:\/\/www.boxrepsol.com\/es\/motogp\/marc-marquez-y-dani-pedrosa-despediran-juntos-el-mundial-2016\/"},"author":{"name":"Redacci\u00f3n Box Repsol","@id":"https:\/\/www.boxrepsol.com\/es\/#\/schema\/person\/c5c2138f2cca251b0ad92b7086bb60b7"},"headline":"Marc M\u00e1rquez y Dani Pedrosa despedir\u00e1n juntos el Mundial 2016","datePublished":"2016-11-11T02:00:00+00:00","dateModified":"2024-05-09T08:03:36+00:00","mainEntityOfPage":{"@id":"https:\/\/www.boxrepsol.com\/es\/motogp\/marc-marquez-y-dani-pedrosa-despediran-juntos-el-mundial-2016\/"},"wordCount":388,"commentCount":0,"publisher":{"@id":"https:\/\/www.boxrepsol.com\/es\/#organization"},"image":{"@id":"https:\/\/www.boxrepsol.com\/es\/motogp\/marc-marquez-y-dani-pedrosa-despediran-juntos-el-mundial-2016\/#primaryimage"},"thumbnailUrl":"https:\/\/www.boxrepsol.com\/wp-content\/uploads\/2022\/08\/09-marc-marquez-dani-pedrosa-repsol-honda.jpg","keywords":["MotoGP Valencia"],"articleSection":["MotoGP"],"inLanguage":"es","potentialAction":[{"@type":"CommentAction","name":"Comment","target":["https:\/\/www.boxrepsol.com\/es\/motogp\/marc-marquez-y-dani-pedrosa-despediran-juntos-el-mundial-2016\/#respond"]}]},{"@type":"WebPage","@id":"https:\/\/www.boxrepsol.com\/es\/motogp\/marc-marquez-y-dani-pedrosa-despediran-juntos-el-mundial-2016\/","url":"https:\/\/www.boxrepsol.com\/es\/motogp\/marc-marquez-y-dani-pedrosa-despediran-juntos-el-mundial-2016\/","name":"Marc M\u00e1rquez y Dani Pedrosa despedir\u00e1n juntos el Mundial 2016 - Box Repsol","isPartOf":{"@id":"https:\/\/www.boxrepsol.com\/es\/#website"},"primaryImageOfPage":{"@id":"https:\/\/www.boxrepsol.com\/es\/motogp\/marc-marquez-y-dani-pedrosa-despediran-juntos-el-mundial-2016\/#primaryimage"},"image":{"@id":"https:\/\/www.boxrepsol.com\/es\/motogp\/marc-marquez-y-dani-pedrosa-despediran-juntos-el-mundial-2016\/#primaryimage"},"thumbnailUrl":"https:\/\/www.boxrepsol.com\/wp-content\/uploads\/2022\/08\/09-marc-marquez-dani-pedrosa-repsol-honda.jpg","datePublished":"2016-11-11T02:00:00+00:00","dateModified":"2024-05-09T08:03:36+00:00","description":"El equipo Repsol Honda volver\u00e1 a contar con Dani Pedrosa en el 'box', despu\u00e9s de tres carreras de ausencia, para celebrar la \u00faltima cita de la temporada.","breadcrumb":{"@id":"https:\/\/www.boxrepsol.com\/es\/motogp\/marc-marquez-y-dani-pedrosa-despediran-juntos-el-mundial-2016\/#breadcrumb"},"inLanguage":"es","potentialAction":[{"@type":"ReadAction","target":["https:\/\/www.boxrepsol.com\/es\/motogp\/marc-marquez-y-dani-pedrosa-despediran-juntos-el-mundial-2016\/"]}]},{"@type":"ImageObject","inLanguage":"es","@id":"https:\/\/www.boxrepsol.com\/es\/motogp\/marc-marquez-y-dani-pedrosa-despediran-juntos-el-mundial-2016\/#primaryimage","url":"https:\/\/www.boxrepsol.com\/wp-content\/uploads\/2022\/08\/09-marc-marquez-dani-pedrosa-repsol-honda.jpg","contentUrl":"https:\/\/www.boxrepsol.com\/wp-content\/uploads\/2022\/08\/09-marc-marquez-dani-pedrosa-repsol-honda.jpg","width":984,"height":412,"caption":"Marc M\u00e1rquez y Dani pedrosa en moto"},{"@type":"BreadcrumbList","@id":"https:\/\/www.boxrepsol.com\/es\/motogp\/marc-marquez-y-dani-pedrosa-despediran-juntos-el-mundial-2016\/#breadcrumb","itemListElement":[{"@type":"ListItem","position":1,"name":"Home","item":"https:\/\/www.boxrepsol.com\/es\/"},{"@type":"ListItem","position":2,"name":"Marc M\u00e1rquez y Dani Pedrosa despedir\u00e1n juntos el Mundial 2016"}]},{"@type":"WebSite","@id":"https:\/\/www.boxrepsol.com\/es\/#website","url":"https:\/\/www.boxrepsol.com\/es\/","name":"Box Repsol","description":"Box Repsol Site","publisher":{"@id":"https:\/\/www.boxrepsol.com\/es\/#organization"},"potentialAction":[{"@type":"SearchAction","target":{"@type":"EntryPoint","urlTemplate":"https:\/\/www.boxrepsol.com\/es\/?s={search_term_string}"},"query-input":{"@type":"PropertyValueSpecification","valueRequired":true,"valueName":"search_term_string"}}],"inLanguage":"es"},{"@type":"Organization","@id":"https:\/\/www.boxrepsol.com\/es\/#organization","name":"Box Repsol","url":"https:\/\/www.boxrepsol.com\/es\/","logo":{"@type":"ImageObject","inLanguage":"es","@id":"https:\/\/www.boxrepsol.com\/es\/#\/schema\/logo\/image\/","url":"https:\/\/bxrepsol.s3.eu-west-1.amazonaws.com\/static\/2025\/07\/30083337\/favicon-96x96-1.png","contentUrl":"https:\/\/bxrepsol.s3.eu-west-1.amazonaws.com\/static\/2025\/07\/30083337\/favicon-96x96-1.png","width":96,"height":96,"caption":"Box Repsol"},"image":{"@id":"https:\/\/www.boxrepsol.com\/es\/#\/schema\/logo\/image\/"},"sameAs":["https:\/\/www.facebook.com\/BoxRepsol","https:\/\/x.com\/box_repsol","http:\/\/instagram.com\/box_repsol","https:\/\/www.youtube.com\/user\/RepsolCompeticion","https:\/\/www.flickr.com\/photos\/box_repsol\/"]},{"@type":"Person","@id":"https:\/\/www.boxrepsol.com\/es\/#\/schema\/person\/c5c2138f2cca251b0ad92b7086bb60b7","name":"Redacci\u00f3n Box Repsol","image":{"@type":"ImageObject","inLanguage":"es","@id":"https:\/\/secure.gravatar.com\/avatar\/adf7b77e38b4419baf32c7e9c21dde01f4e40df611f0978e3006fc4ba0aaab7e?s=96&d=mm&r=g","url":"https:\/\/secure.gravatar.com\/avatar\/adf7b77e38b4419baf32c7e9c21dde01f4e40df611f0978e3006fc4ba0aaab7e?s=96&d=mm&r=g","contentUrl":"https:\/\/secure.gravatar.com\/avatar\/adf7b77e38b4419baf32c7e9c21dde01f4e40df611f0978e3006fc4ba0aaab7e?s=96&d=mm&r=g","caption":"Redacci\u00f3n Box Repsol"},"description":"Box Repsol lo forma un equipo de periodistas, community managers, dise\u00f1adores y fot\u00f3grafos con m\u00e1s de 20 a\u00f1os de experiencia en el mundo del motorsport. Hemos vivido el primer mundial de un espa\u00f1ol en la categor\u00eda reina de motociclismo con \u00c1lex Crivill\u00e9, estuvimos en las victorias de Pedrosa y los t\u00edtulos de M\u00e1rquez, acompa\u00f1amos en \u00c1frica a Nani Roma y Marc Coma en sus conquistas del Dakar y hemos vibrado con los t\u00edtulos de Toni Bou en Trial. Adem\u00e1s, en nuestro equipo contamos con expertos en el mundo de las dos y cuatro ruedas tanto de la calle y las carreteras, como de los circuitos. Periodistas que han trabajado en revistas y publicaciones para hacerte llegar desde rutas y consejos de mantenimiento, a curiosidades y trucos de pilotaje.","sameAs":["https:\/\/www.facebook.com\/BoxRepsol\/","https:\/\/www.instagram.com\/box_repsol\/","https:\/\/x.com\/https:\/\/twitter.com\/box_repsol","https:\/\/www.youtube.com\/@Boxrepsol"],"url":"https:\/\/www.boxrepsol.com\/es\/author\/redaccion-box-repsol\/"}]}},"_links":{"self":[{"href":"https:\/\/www.boxrepsol.com\/es\/wp-json\/wp\/v2\/posts\/89619","targetHints":{"allow":["GET"]}}],"collection":[{"href":"https:\/\/www.boxrepsol.com\/es\/wp-json\/wp\/v2\/posts"}],"about":[{"href":"https:\/\/www.boxrepsol.com\/es\/wp-json\/wp\/v2\/types\/post"}],"author":[{"embeddable":true,"href":"https:\/\/www.boxrepsol.com\/es\/wp-json\/wp\/v2\/users\/43146"}],"replies":[{"embeddable":true,"href":"https:\/\/www.boxrepsol.com\/es\/wp-json\/wp\/v2\/comments?post=89619"}],"version-history":[{"count":1,"href":"https:\/\/www.boxrepsol.com\/es\/wp-json\/wp\/v2\/posts\/89619\/revisions"}],"predecessor-version":[{"id":115930,"href":"https:\/\/www.boxrepsol.com\/es\/wp-json\/wp\/v2\/posts\/89619\/revisions\/115930"}],"wp:featuredmedia":[{"embeddable":true,"href":"https:\/\/www.boxrepsol.com\/es\/wp-json\/wp\/v2\/media\/85288"}],"wp:attachment":[{"href":"https:\/\/www.boxrepsol.com\/es\/wp-json\/wp\/v2\/media?parent=89619"}],"wp:term":[{"taxonomy":"category","embeddable":true,"href":"https:\/\/www.boxrepsol.com\/es\/wp-json\/wp\/v2\/categories?post=89619"},{"taxonomy":"post_tag","embeddable":true,"href":"https:\/\/www.boxrepsol.com\/es\/wp-json\/wp\/v2\/tags?post=89619"}],"curies":[{"name":"wp","href":"https:\/\/api.w.org\/{rel}","templated":true}]}}