{"id":89615,"date":"2019-02-28T00:00:00","date_gmt":"2019-02-28T02:00:00","guid":{"rendered":"http:\/\/pre.boxrepsol.com\/sin-categorizar\/5-cosas-marc-marquez-lleva-siempre-maleta\/"},"modified":"2024-04-25T09:46:11","modified_gmt":"2024-04-25T11:46:11","slug":"5-cosas-marc-marquez-lleva-siempre-maleta","status":"publish","type":"post","link":"https:\/\/www.boxrepsol.com\/es\/motogp\/5-cosas-marc-marquez-lleva-siempre-maleta\/","title":{"rendered":"5 cosas que Marc M\u00e1rquez lleva siempre en su maleta"},"content":{"rendered":"<blockquote><p>\n\t<a href=\"http:\/\/twitter.com\/share?text=%C2%BFQu%C3%A9+5+cosas+lleva+siempre+%40marcmarquez93+en+su+maleta+a+un+GP%3F&#038;url=https%3A%2F%2Fwww.boxrepsol.com%2Fes%2Fmotogp%2F5-cosas-marc-marquez-lleva-siempre-maleta%2F\" target=\"_blank\" rel=\"noopener\"><\/p>\n<p>\u00bfQu\u00e9 5 cosas lleva siempre @marcmarquez93 en su maleta a un GP?<\/p>\n<p>\t<\/a>\n<\/p><\/blockquote>\n<p>Para el piloto, son muchas las cosas que hay que tener en la cabeza antes de un GP y pr\u00e1cticamente todas apuntan a un mismo momento y lugar: el domingo, en el circuito. Es decir, la carrera. Ese es su principal punto de atenci\u00f3n. Pero no el \u00fanico porque, al fin y al cabo, las peque\u00f1as cosas del d\u00eda a d\u00eda siempre requieren algo de tu atenci\u00f3n. Es el caso de algo tan aparentemente trivial como hacer la maleta, un paso indispensable antes de cualquier viaje.<\/p>\n<p>Hemos preguntado a Marc <strong>qu\u00e9 cinco cosas mete siempre en su maleta<\/strong>, antes de viajar al siguiente Gran Premio, y el 93 lo tiene muy claro. Os las desvelamos:<\/p>\n<h3><strong>Ropa interior<br \/>\n<\/strong><\/h3>\n<p>Ropa interior roja\u2026 ropa interior azul\u2026 seguro que solo diciendo esto los fans ya sab\u00e9is de qu\u00e9 hablamos. Y para los que no, <a href=\"https:\/\/www.boxrepsol.com\/es\/motogp\/los-secretos-aun-no-confesados-marc-ganar-6-mundiales\/\">la superstici\u00f3n<\/a> (o costumbre, \u00a1llam\u00e9moslo como queramos!) tiene r\u00e1pida explicaci\u00f3n: durante las sesiones de entrenamiento Marc viste siempre ropa interior de color azul. Y cuando llega el momento de la verdad, en la carrera, cambia por el color rojo. \u00a1Nunca faltan en la maleta de Marc!<\/p>\n<p><a href=\"https:\/\/bxrepsol.s3.eu-west-1.amazonaws.com\/static\/2022\/08\/29043529\/00_Marc_marquez_cervera_repsol_honda_motogp_world_champion.jpg\" \n   title=\"Marc M\u00e1rquez sentado sobre murete en d\u00eda soleado\" \n   data-gallery-thumbnail=\"https:\/\/bxrepsol.s3.eu-west-1.amazonaws.com\/static\/2022\/08\/29043529\/00_Marc_marquez_cervera_repsol_honda_motogp_world_champion.jpg\"\n   data-gallery-title=\"\"\n   data-gallery><\/p>\n<figure>\n        <picture style=\"padding-bottom: 56.281407035176%; background-image: url(https:\/\/bxrepsol.s3.eu-west-1.amazonaws.com\/static\/2022\/08\/29043529\/00_Marc_marquez_cervera_repsol_honda_motogp_world_champion.jpg);\">\n            <img decoding=\"async\" src=\"https:\/\/bxrepsol.s3.eu-west-1.amazonaws.com\/static\/2022\/08\/29043529\/00_Marc_marquez_cervera_repsol_honda_motogp_world_champion.jpg\"><br \/>\n            <img itemprop=\"image\"\n                data-srcset=\"https:\/\/bxrepsol.s3.eu-west-1.amazonaws.com\/static\/2022\/08\/29043529\/00_Marc_marquez_cervera_repsol_honda_motogp_world_champion.jpg 480w, https:\/\/bxrepsol.s3.eu-west-1.amazonaws.com\/static\/2022\/08\/29043529\/00_Marc_marquez_cervera_repsol_honda_motogp_world_champion.jpg 600w, https:\/\/bxrepsol.s3.eu-west-1.amazonaws.com\/static\/2022\/08\/29043529\/00_Marc_marquez_cervera_repsol_honda_motogp_world_champion.jpg 900w\"\n                data-src=\"https:\/\/bxrepsol.s3.eu-west-1.amazonaws.com\/static\/2022\/08\/29043529\/00_Marc_marquez_cervera_repsol_honda_motogp_world_champion.jpg\"\n                alt=\"Marc M\u00e1rquez sentado sobre murete en d\u00eda soleado\"\n                title=\"Marc M\u00e1rquez mirando el paisaje en Cervera\"\/><br \/>\n            <noscript><img decoding=\"async\" src=\"https:\/\/bxrepsol.s3.eu-west-1.amazonaws.com\/static\/2022\/08\/29043529\/00_Marc_marquez_cervera_repsol_honda_motogp_world_champion.jpg\" alt=\"Marc M\u00e1rquez sentado sobre murete en d\u00eda soleado\"><\/noscript>\n        <\/picture><figcaption>Marc M\u00e1rquez sentado sobre murete en d\u00eda soleado<\/figcaption><\/figure>\n<p><\/a><\/p>\n<h3><strong>Zapatillas para correr<br \/>\n<\/strong><\/h3>\n<p>Es otro de los objetos indispensables para Marc en su maleta. Porque en cualquier lado siempre puede haber un momento para hacer una escapadita, de no mucho rato, para correr. Es un buen ejercicio para mantenerse en forma pero, adem\u00e1s, tambi\u00e9n lo es para olvidarse un poco de todo por unos instantes, y relajarse tanto f\u00edsica como mentalmente.<\/p>\n<h3><strong>Neceser<\/strong><\/h3>\n<p>El aseo siempre es importante: que no falte el neceser en el que, entre los utensilios que siempre\u00a0 figuran, est\u00e1n el cepillo de dientes, la colonia, el champ\u00fa o la maquinilla de afeitar\u2026 \u00a1Marc nunca descuida la higiene personal!<\/p>\n<p><a href=\"https:\/\/bxrepsol.s3.eu-west-1.amazonaws.com\/static\/2022\/08\/29043530\/marc-marquez-ordenador.jpeg\" \n   title=\"Marc M\u00e1rquez con el ordenador\" \n   data-gallery-thumbnail=\"https:\/\/bxrepsol.s3.eu-west-1.amazonaws.com\/static\/2022\/08\/29043530\/marc-marquez-ordenador.jpeg\"\n   data-gallery-title=\"\"\n   data-gallery><\/p>\n<figure>\n        <picture style=\"padding-bottom: 78.64406779661%; background-image: url(https:\/\/bxrepsol.s3.eu-west-1.amazonaws.com\/static\/2022\/08\/29043530\/marc-marquez-ordenador.jpeg);\">\n            <img decoding=\"async\" src=\"https:\/\/bxrepsol.s3.eu-west-1.amazonaws.com\/static\/2022\/08\/29043530\/marc-marquez-ordenador.jpeg\"><br \/>\n            <img itemprop=\"image\"\n                data-srcset=\"https:\/\/bxrepsol.s3.eu-west-1.amazonaws.com\/static\/2022\/08\/29043530\/marc-marquez-ordenador.jpeg 480w, https:\/\/bxrepsol.s3.eu-west-1.amazonaws.com\/static\/2022\/08\/29043530\/marc-marquez-ordenador.jpeg 600w\"\n                data-src=\"https:\/\/bxrepsol.s3.eu-west-1.amazonaws.com\/static\/2022\/08\/29043530\/marc-marquez-ordenador.jpeg\"\n                alt=\"Marc M\u00e1rquez con el ordenador\"\n                title=\"Marc M\u00e1rquez con el ordenador\"\/><br \/>\n            <noscript><img decoding=\"async\" src=\"https:\/\/bxrepsol.s3.eu-west-1.amazonaws.com\/static\/2022\/08\/29043530\/marc-marquez-ordenador.jpeg\" alt=\"Marc M\u00e1rquez con el ordenador\"><\/noscript>\n        <\/picture><figcaption>Marc M\u00e1rquez con el ordenador<\/figcaption><\/figure>\n<p><\/a><\/p>\n<h3><strong>Ordenador<\/strong><\/h3>\n<p>\u00bfHay algo de tiempo libre? Pues siempre se puede echar un ojo al email, o leer algo\u2026 pero el ordenador tambi\u00e9n es una imprescindible herramienta de trabajo: ah\u00ed repasa Marc im\u00e1genes de los entrenamientos o de carreras anteriores. Es una manera m\u00e1s de trabajar y de mejorar.<\/p>\n<h3><strong>Ropa del equipo<\/strong><\/h3>\n<p>Porque no solamente con el mono de competici\u00f3n defiende uno los colores de su equipo; \u00a1tambi\u00e9n en cualquier lugar del paddock y en cualquier momento del d\u00eda!<\/p>\n<p><a href=\"https:\/\/bxrepsol.s3.eu-west-1.amazonaws.com\/static\/2022\/08\/29043531\/Marc-Marquez-riendo-entre-elpublico-mientras-sostiene-una-careta-suya.jpg\" \n   title=\"Marc M\u00e1rquez con gafas de soly gorra de Repsol se divierte imitando la cara de una careta que est\u00e1 sosteniendo\" \n   data-gallery-thumbnail=\"https:\/\/bxrepsol.s3.eu-west-1.amazonaws.com\/static\/2022\/08\/29043531\/Marc-Marquez-riendo-entre-elpublico-mientras-sostiene-una-careta-suya.jpg\"\n   data-gallery-title=\"\"\n   data-gallery><\/p>\n<figure>\n        <picture style=\"padding-bottom: 46.875%; background-image: url(https:\/\/bxrepsol.s3.eu-west-1.amazonaws.com\/static\/2022\/08\/29043531\/Marc-Marquez-riendo-entre-elpublico-mientras-sostiene-una-careta-suya.jpg);\">\n            <img decoding=\"async\" src=\"https:\/\/bxrepsol.s3.eu-west-1.amazonaws.com\/static\/2022\/08\/29043531\/Marc-Marquez-riendo-entre-elpublico-mientras-sostiene-una-careta-suya.jpg\"><br \/>\n            <img itemprop=\"image\"\n                data-srcset=\"https:\/\/bxrepsol.s3.eu-west-1.amazonaws.com\/static\/2022\/08\/29043531\/Marc-Marquez-riendo-entre-elpublico-mientras-sostiene-una-careta-suya.jpg 480w, https:\/\/bxrepsol.s3.eu-west-1.amazonaws.com\/static\/2022\/08\/29043531\/Marc-Marquez-riendo-entre-elpublico-mientras-sostiene-una-careta-suya.jpg 600w, https:\/\/bxrepsol.s3.eu-west-1.amazonaws.com\/static\/2022\/08\/29043531\/Marc-Marquez-riendo-entre-elpublico-mientras-sostiene-una-careta-suya.jpg 900w, https:\/\/bxrepsol.s3.eu-west-1.amazonaws.com\/static\/2022\/08\/29043531\/Marc-Marquez-riendo-entre-elpublico-mientras-sostiene-una-careta-suya.jpg 1280w\"\n                data-src=\"https:\/\/bxrepsol.s3.eu-west-1.amazonaws.com\/static\/2022\/08\/29043531\/Marc-Marquez-riendo-entre-elpublico-mientras-sostiene-una-careta-suya.jpg\"\n                alt=\"Marc M\u00e1rquez con gafas de soly gorra de Repsol se divierte imitando la cara de una careta que est\u00e1 sosteniendo\"\n                title=\"Marc M\u00e1rquez ae divierte con una careta suya entre los fans\"\/><br \/>\n            <noscript><img decoding=\"async\" src=\"https:\/\/bxrepsol.s3.eu-west-1.amazonaws.com\/static\/2022\/08\/29043531\/Marc-Marquez-riendo-entre-elpublico-mientras-sostiene-una-careta-suya.jpg\" alt=\"Marc M\u00e1rquez con gafas de soly gorra de Repsol se divierte imitando la cara de una careta que est\u00e1 sosteniendo\"><\/noscript>\n        <\/picture><figcaption>Marc M\u00e1rquez con gafas de soly gorra de Repsol se divierte imitando la cara de una careta que est\u00e1 sosteniendo<\/figcaption><\/figure>\n<p><\/a><\/p>\n","protected":false},"excerpt":{"rendered":"<p>Si algo implica el Campeonato del Mundo, no solo para los pilotos sino para todo el paddock, es recorrer miles y miles de kil\u00f3metros a lo largo del a\u00f1o.<\/p>\n","protected":false},"author":43146,"featured_media":85278,"comment_status":"open","ping_status":"open","sticky":false,"template":"","format":"standard","meta":{"footnotes":""},"categories":[4],"tags":[6],"class_list":["post-89615","post","type-post","status-publish","format-standard","hentry","category-motogp","tag-marc-marquez"],"yoast_head":"<!-- This site is optimized with the Yoast SEO plugin v27.3 - https:\/\/yoast.com\/product\/yoast-seo-wordpress\/ -->\n<title>5 cosas que Marc M\u00e1rquez lleva siempre en su maleta - Box Repsol<\/title>\n<meta name=\"description\" content=\"Si algo implica el Campeonato del Mundo, no solo para los pilotos sino para todo el paddock, es recorrer miles y miles de kil\u00f3metros a lo largo del a\u00f1o.\" \/>\n<link rel=\"canonical\" href=\"https:\/\/www.boxrepsol.com\/es\/motogp\/5-cosas-marc-marquez-lleva-siempre-maleta\/\" \/>\n<meta property=\"og:locale\" content=\"es_ES\" \/>\n<meta property=\"og:type\" content=\"article\" \/>\n<meta property=\"og:title\" content=\"5 cosas que Marc M\u00e1rquez lleva siempre en su maleta - Box Repsol\" \/>\n<meta property=\"og:description\" content=\"Si algo implica el Campeonato del Mundo, no solo para los pilotos sino para todo el paddock, es recorrer miles y miles de kil\u00f3metros a lo largo del a\u00f1o.\" \/>\n<meta property=\"og:url\" content=\"https:\/\/www.boxrepsol.com\/es\/motogp\/5-cosas-marc-marquez-lleva-siempre-maleta\/\" \/>\n<meta property=\"og:site_name\" content=\"Box Repsol\" \/>\n<meta property=\"article:publisher\" content=\"https:\/\/www.facebook.com\/BoxRepsol\" \/>\n<meta property=\"article:author\" content=\"https:\/\/www.facebook.com\/BoxRepsol\/\" \/>\n<meta property=\"article:published_time\" content=\"2019-02-28T02:00:00+00:00\" \/>\n<meta property=\"article:modified_time\" content=\"2024-04-25T11:46:11+00:00\" \/>\n<meta property=\"og:image\" content=\"https:\/\/www.boxrepsol.com\/wp-content\/uploads\/2022\/08\/00_marc_marquez_ordenador_repsol_honda_93.jpg\" \/>\n\t<meta property=\"og:image:width\" content=\"1280\" \/>\n\t<meta property=\"og:image:height\" content=\"600\" \/>\n\t<meta property=\"og:image:type\" content=\"image\/jpeg\" \/>\n<meta name=\"author\" content=\"Redacci\u00f3n Box Repsol\" \/>\n<meta name=\"twitter:card\" content=\"summary_large_image\" \/>\n<meta name=\"twitter:creator\" content=\"@https:\/\/twitter.com\/box_repsol\" \/>\n<meta name=\"twitter:site\" content=\"@box_repsol\" \/>\n<meta name=\"twitter:label1\" content=\"Written by\" \/>\n\t<meta name=\"twitter:data1\" content=\"Redacci\u00f3n Box Repsol\" \/>\n\t<meta name=\"twitter:label2\" content=\"Est. reading time\" \/>\n\t<meta name=\"twitter:data2\" content=\"2 minutos\" \/>\n<script type=\"application\/ld+json\" class=\"yoast-schema-graph\">{\"@context\":\"https:\\\/\\\/schema.org\",\"@graph\":[{\"@type\":\"Article\",\"@id\":\"https:\\\/\\\/www.boxrepsol.com\\\/es\\\/motogp\\\/5-cosas-marc-marquez-lleva-siempre-maleta\\\/#article\",\"isPartOf\":{\"@id\":\"https:\\\/\\\/www.boxrepsol.com\\\/es\\\/motogp\\\/5-cosas-marc-marquez-lleva-siempre-maleta\\\/\"},\"author\":{\"name\":\"Redacci\u00f3n Box Repsol\",\"@id\":\"https:\\\/\\\/www.boxrepsol.com\\\/es\\\/#\\\/schema\\\/person\\\/c5c2138f2cca251b0ad92b7086bb60b7\"},\"headline\":\"5 cosas que Marc M\u00e1rquez lleva siempre en su maleta\",\"datePublished\":\"2019-02-28T02:00:00+00:00\",\"dateModified\":\"2024-04-25T11:46:11+00:00\",\"mainEntityOfPage\":{\"@id\":\"https:\\\/\\\/www.boxrepsol.com\\\/es\\\/motogp\\\/5-cosas-marc-marquez-lleva-siempre-maleta\\\/\"},\"wordCount\":443,\"commentCount\":0,\"publisher\":{\"@id\":\"https:\\\/\\\/www.boxrepsol.com\\\/es\\\/#organization\"},\"image\":{\"@id\":\"https:\\\/\\\/www.boxrepsol.com\\\/es\\\/motogp\\\/5-cosas-marc-marquez-lleva-siempre-maleta\\\/#primaryimage\"},\"thumbnailUrl\":\"https:\\\/\\\/www.boxrepsol.com\\\/wp-content\\\/uploads\\\/2022\\\/08\\\/00_marc_marquez_ordenador_repsol_honda_93.jpg\",\"keywords\":[\"Marc M\u00e1rquez\"],\"articleSection\":[\"MotoGP\"],\"inLanguage\":\"es\",\"potentialAction\":[{\"@type\":\"CommentAction\",\"name\":\"Comment\",\"target\":[\"https:\\\/\\\/www.boxrepsol.com\\\/es\\\/motogp\\\/5-cosas-marc-marquez-lleva-siempre-maleta\\\/#respond\"]}]},{\"@type\":\"WebPage\",\"@id\":\"https:\\\/\\\/www.boxrepsol.com\\\/es\\\/motogp\\\/5-cosas-marc-marquez-lleva-siempre-maleta\\\/\",\"url\":\"https:\\\/\\\/www.boxrepsol.com\\\/es\\\/motogp\\\/5-cosas-marc-marquez-lleva-siempre-maleta\\\/\",\"name\":\"5 cosas que Marc M\u00e1rquez lleva siempre en su maleta - Box Repsol\",\"isPartOf\":{\"@id\":\"https:\\\/\\\/www.boxrepsol.com\\\/es\\\/#website\"},\"primaryImageOfPage\":{\"@id\":\"https:\\\/\\\/www.boxrepsol.com\\\/es\\\/motogp\\\/5-cosas-marc-marquez-lleva-siempre-maleta\\\/#primaryimage\"},\"image\":{\"@id\":\"https:\\\/\\\/www.boxrepsol.com\\\/es\\\/motogp\\\/5-cosas-marc-marquez-lleva-siempre-maleta\\\/#primaryimage\"},\"thumbnailUrl\":\"https:\\\/\\\/www.boxrepsol.com\\\/wp-content\\\/uploads\\\/2022\\\/08\\\/00_marc_marquez_ordenador_repsol_honda_93.jpg\",\"datePublished\":\"2019-02-28T02:00:00+00:00\",\"dateModified\":\"2024-04-25T11:46:11+00:00\",\"description\":\"Si algo implica el Campeonato del Mundo, no solo para los pilotos sino para todo el paddock, es recorrer miles y miles de kil\u00f3metros a lo largo del a\u00f1o.\",\"breadcrumb\":{\"@id\":\"https:\\\/\\\/www.boxrepsol.com\\\/es\\\/motogp\\\/5-cosas-marc-marquez-lleva-siempre-maleta\\\/#breadcrumb\"},\"inLanguage\":\"es\",\"potentialAction\":[{\"@type\":\"ReadAction\",\"target\":[\"https:\\\/\\\/www.boxrepsol.com\\\/es\\\/motogp\\\/5-cosas-marc-marquez-lleva-siempre-maleta\\\/\"]}]},{\"@type\":\"ImageObject\",\"inLanguage\":\"es\",\"@id\":\"https:\\\/\\\/www.boxrepsol.com\\\/es\\\/motogp\\\/5-cosas-marc-marquez-lleva-siempre-maleta\\\/#primaryimage\",\"url\":\"https:\\\/\\\/www.boxrepsol.com\\\/wp-content\\\/uploads\\\/2022\\\/08\\\/00_marc_marquez_ordenador_repsol_honda_93.jpg\",\"contentUrl\":\"https:\\\/\\\/www.boxrepsol.com\\\/wp-content\\\/uploads\\\/2022\\\/08\\\/00_marc_marquez_ordenador_repsol_honda_93.jpg\",\"width\":1280,\"height\":600,\"caption\":\"Marc M\u00e1rquez sentado junto a escritorio con ordenador portatil\"},{\"@type\":\"BreadcrumbList\",\"@id\":\"https:\\\/\\\/www.boxrepsol.com\\\/es\\\/motogp\\\/5-cosas-marc-marquez-lleva-siempre-maleta\\\/#breadcrumb\",\"itemListElement\":[{\"@type\":\"ListItem\",\"position\":1,\"name\":\"Home\",\"item\":\"https:\\\/\\\/www.boxrepsol.com\\\/es\\\/\"},{\"@type\":\"ListItem\",\"position\":2,\"name\":\"5 cosas que Marc M\u00e1rquez lleva siempre en su maleta\"}]},{\"@type\":\"WebSite\",\"@id\":\"https:\\\/\\\/www.boxrepsol.com\\\/es\\\/#website\",\"url\":\"https:\\\/\\\/www.boxrepsol.com\\\/es\\\/\",\"name\":\"Box Repsol\",\"description\":\"Box Repsol Site\",\"publisher\":{\"@id\":\"https:\\\/\\\/www.boxrepsol.com\\\/es\\\/#organization\"},\"potentialAction\":[{\"@type\":\"SearchAction\",\"target\":{\"@type\":\"EntryPoint\",\"urlTemplate\":\"https:\\\/\\\/www.boxrepsol.com\\\/es\\\/?s={search_term_string}\"},\"query-input\":{\"@type\":\"PropertyValueSpecification\",\"valueRequired\":true,\"valueName\":\"search_term_string\"}}],\"inLanguage\":\"es\"},{\"@type\":\"Organization\",\"@id\":\"https:\\\/\\\/www.boxrepsol.com\\\/es\\\/#organization\",\"name\":\"Box Repsol\",\"url\":\"https:\\\/\\\/www.boxrepsol.com\\\/es\\\/\",\"logo\":{\"@type\":\"ImageObject\",\"inLanguage\":\"es\",\"@id\":\"https:\\\/\\\/www.boxrepsol.com\\\/es\\\/#\\\/schema\\\/logo\\\/image\\\/\",\"url\":\"https:\\\/\\\/bxrepsol.s3.eu-west-1.amazonaws.com\\\/static\\\/2025\\\/07\\\/30083337\\\/favicon-96x96-1.png\",\"contentUrl\":\"https:\\\/\\\/bxrepsol.s3.eu-west-1.amazonaws.com\\\/static\\\/2025\\\/07\\\/30083337\\\/favicon-96x96-1.png\",\"width\":96,\"height\":96,\"caption\":\"Box Repsol\"},\"image\":{\"@id\":\"https:\\\/\\\/www.boxrepsol.com\\\/es\\\/#\\\/schema\\\/logo\\\/image\\\/\"},\"sameAs\":[\"https:\\\/\\\/www.facebook.com\\\/BoxRepsol\",\"https:\\\/\\\/x.com\\\/box_repsol\",\"http:\\\/\\\/instagram.com\\\/box_repsol\",\"https:\\\/\\\/www.youtube.com\\\/user\\\/RepsolCompeticion\",\"https:\\\/\\\/www.flickr.com\\\/photos\\\/box_repsol\\\/\"]},{\"@type\":\"Person\",\"@id\":\"https:\\\/\\\/www.boxrepsol.com\\\/es\\\/#\\\/schema\\\/person\\\/c5c2138f2cca251b0ad92b7086bb60b7\",\"name\":\"Redacci\u00f3n Box Repsol\",\"image\":{\"@type\":\"ImageObject\",\"inLanguage\":\"es\",\"@id\":\"https:\\\/\\\/secure.gravatar.com\\\/avatar\\\/adf7b77e38b4419baf32c7e9c21dde01f4e40df611f0978e3006fc4ba0aaab7e?s=96&d=mm&r=g\",\"url\":\"https:\\\/\\\/secure.gravatar.com\\\/avatar\\\/adf7b77e38b4419baf32c7e9c21dde01f4e40df611f0978e3006fc4ba0aaab7e?s=96&d=mm&r=g\",\"contentUrl\":\"https:\\\/\\\/secure.gravatar.com\\\/avatar\\\/adf7b77e38b4419baf32c7e9c21dde01f4e40df611f0978e3006fc4ba0aaab7e?s=96&d=mm&r=g\",\"caption\":\"Redacci\u00f3n Box Repsol\"},\"description\":\"Box Repsol lo forma un equipo de periodistas, community managers, dise\u00f1adores y fot\u00f3grafos con m\u00e1s de 20 a\u00f1os de experiencia en el mundo del motorsport. Hemos vivido el primer mundial de un espa\u00f1ol en la categor\u00eda reina de motociclismo con \u00c1lex Crivill\u00e9, estuvimos en las victorias de Pedrosa y los t\u00edtulos de M\u00e1rquez, acompa\u00f1amos en \u00c1frica a Nani Roma y Marc Coma en sus conquistas del Dakar y hemos vibrado con los t\u00edtulos de Toni Bou en Trial. Adem\u00e1s, en nuestro equipo contamos con expertos en el mundo de las dos y cuatro ruedas tanto de la calle y las carreteras, como de los circuitos. Periodistas que han trabajado en revistas y publicaciones para hacerte llegar desde rutas y consejos de mantenimiento, a curiosidades y trucos de pilotaje.\",\"sameAs\":[\"https:\\\/\\\/www.facebook.com\\\/BoxRepsol\\\/\",\"https:\\\/\\\/www.instagram.com\\\/box_repsol\\\/\",\"https:\\\/\\\/x.com\\\/https:\\\/\\\/twitter.com\\\/box_repsol\",\"https:\\\/\\\/www.youtube.com\\\/@Boxrepsol\"],\"url\":\"https:\\\/\\\/www.boxrepsol.com\\\/es\\\/author\\\/redaccion-box-repsol\\\/\"}]}<\/script>\n<!-- \/ Yoast SEO plugin. -->","yoast_head_json":{"title":"5 cosas que Marc M\u00e1rquez lleva siempre en su maleta - Box Repsol","description":"Si algo implica el Campeonato del Mundo, no solo para los pilotos sino para todo el paddock, es recorrer miles y miles de kil\u00f3metros a lo largo del a\u00f1o.","canonical":"https:\/\/www.boxrepsol.com\/es\/motogp\/5-cosas-marc-marquez-lleva-siempre-maleta\/","og_locale":"es_ES","og_type":"article","og_title":"5 cosas que Marc M\u00e1rquez lleva siempre en su maleta - Box Repsol","og_description":"Si algo implica el Campeonato del Mundo, no solo para los pilotos sino para todo el paddock, es recorrer miles y miles de kil\u00f3metros a lo largo del a\u00f1o.","og_url":"https:\/\/www.boxrepsol.com\/es\/motogp\/5-cosas-marc-marquez-lleva-siempre-maleta\/","og_site_name":"Box Repsol","article_publisher":"https:\/\/www.facebook.com\/BoxRepsol","article_author":"https:\/\/www.facebook.com\/BoxRepsol\/","article_published_time":"2019-02-28T02:00:00+00:00","article_modified_time":"2024-04-25T11:46:11+00:00","og_image":[{"width":1280,"height":600,"url":"https:\/\/www.boxrepsol.com\/wp-content\/uploads\/2022\/08\/00_marc_marquez_ordenador_repsol_honda_93.jpg","type":"image\/jpeg"}],"author":"Redacci\u00f3n Box Repsol","twitter_card":"summary_large_image","twitter_creator":"@https:\/\/twitter.com\/box_repsol","twitter_site":"@box_repsol","twitter_misc":{"Written by":"Redacci\u00f3n Box Repsol","Est. reading time":"2 minutos"},"schema":{"@context":"https:\/\/schema.org","@graph":[{"@type":"Article","@id":"https:\/\/www.boxrepsol.com\/es\/motogp\/5-cosas-marc-marquez-lleva-siempre-maleta\/#article","isPartOf":{"@id":"https:\/\/www.boxrepsol.com\/es\/motogp\/5-cosas-marc-marquez-lleva-siempre-maleta\/"},"author":{"name":"Redacci\u00f3n Box Repsol","@id":"https:\/\/www.boxrepsol.com\/es\/#\/schema\/person\/c5c2138f2cca251b0ad92b7086bb60b7"},"headline":"5 cosas que Marc M\u00e1rquez lleva siempre en su maleta","datePublished":"2019-02-28T02:00:00+00:00","dateModified":"2024-04-25T11:46:11+00:00","mainEntityOfPage":{"@id":"https:\/\/www.boxrepsol.com\/es\/motogp\/5-cosas-marc-marquez-lleva-siempre-maleta\/"},"wordCount":443,"commentCount":0,"publisher":{"@id":"https:\/\/www.boxrepsol.com\/es\/#organization"},"image":{"@id":"https:\/\/www.boxrepsol.com\/es\/motogp\/5-cosas-marc-marquez-lleva-siempre-maleta\/#primaryimage"},"thumbnailUrl":"https:\/\/www.boxrepsol.com\/wp-content\/uploads\/2022\/08\/00_marc_marquez_ordenador_repsol_honda_93.jpg","keywords":["Marc M\u00e1rquez"],"articleSection":["MotoGP"],"inLanguage":"es","potentialAction":[{"@type":"CommentAction","name":"Comment","target":["https:\/\/www.boxrepsol.com\/es\/motogp\/5-cosas-marc-marquez-lleva-siempre-maleta\/#respond"]}]},{"@type":"WebPage","@id":"https:\/\/www.boxrepsol.com\/es\/motogp\/5-cosas-marc-marquez-lleva-siempre-maleta\/","url":"https:\/\/www.boxrepsol.com\/es\/motogp\/5-cosas-marc-marquez-lleva-siempre-maleta\/","name":"5 cosas que Marc M\u00e1rquez lleva siempre en su maleta - Box Repsol","isPartOf":{"@id":"https:\/\/www.boxrepsol.com\/es\/#website"},"primaryImageOfPage":{"@id":"https:\/\/www.boxrepsol.com\/es\/motogp\/5-cosas-marc-marquez-lleva-siempre-maleta\/#primaryimage"},"image":{"@id":"https:\/\/www.boxrepsol.com\/es\/motogp\/5-cosas-marc-marquez-lleva-siempre-maleta\/#primaryimage"},"thumbnailUrl":"https:\/\/www.boxrepsol.com\/wp-content\/uploads\/2022\/08\/00_marc_marquez_ordenador_repsol_honda_93.jpg","datePublished":"2019-02-28T02:00:00+00:00","dateModified":"2024-04-25T11:46:11+00:00","description":"Si algo implica el Campeonato del Mundo, no solo para los pilotos sino para todo el paddock, es recorrer miles y miles de kil\u00f3metros a lo largo del a\u00f1o.","breadcrumb":{"@id":"https:\/\/www.boxrepsol.com\/es\/motogp\/5-cosas-marc-marquez-lleva-siempre-maleta\/#breadcrumb"},"inLanguage":"es","potentialAction":[{"@type":"ReadAction","target":["https:\/\/www.boxrepsol.com\/es\/motogp\/5-cosas-marc-marquez-lleva-siempre-maleta\/"]}]},{"@type":"ImageObject","inLanguage":"es","@id":"https:\/\/www.boxrepsol.com\/es\/motogp\/5-cosas-marc-marquez-lleva-siempre-maleta\/#primaryimage","url":"https:\/\/www.boxrepsol.com\/wp-content\/uploads\/2022\/08\/00_marc_marquez_ordenador_repsol_honda_93.jpg","contentUrl":"https:\/\/www.boxrepsol.com\/wp-content\/uploads\/2022\/08\/00_marc_marquez_ordenador_repsol_honda_93.jpg","width":1280,"height":600,"caption":"Marc M\u00e1rquez sentado junto a escritorio con ordenador portatil"},{"@type":"BreadcrumbList","@id":"https:\/\/www.boxrepsol.com\/es\/motogp\/5-cosas-marc-marquez-lleva-siempre-maleta\/#breadcrumb","itemListElement":[{"@type":"ListItem","position":1,"name":"Home","item":"https:\/\/www.boxrepsol.com\/es\/"},{"@type":"ListItem","position":2,"name":"5 cosas que Marc M\u00e1rquez lleva siempre en su maleta"}]},{"@type":"WebSite","@id":"https:\/\/www.boxrepsol.com\/es\/#website","url":"https:\/\/www.boxrepsol.com\/es\/","name":"Box Repsol","description":"Box Repsol Site","publisher":{"@id":"https:\/\/www.boxrepsol.com\/es\/#organization"},"potentialAction":[{"@type":"SearchAction","target":{"@type":"EntryPoint","urlTemplate":"https:\/\/www.boxrepsol.com\/es\/?s={search_term_string}"},"query-input":{"@type":"PropertyValueSpecification","valueRequired":true,"valueName":"search_term_string"}}],"inLanguage":"es"},{"@type":"Organization","@id":"https:\/\/www.boxrepsol.com\/es\/#organization","name":"Box Repsol","url":"https:\/\/www.boxrepsol.com\/es\/","logo":{"@type":"ImageObject","inLanguage":"es","@id":"https:\/\/www.boxrepsol.com\/es\/#\/schema\/logo\/image\/","url":"https:\/\/bxrepsol.s3.eu-west-1.amazonaws.com\/static\/2025\/07\/30083337\/favicon-96x96-1.png","contentUrl":"https:\/\/bxrepsol.s3.eu-west-1.amazonaws.com\/static\/2025\/07\/30083337\/favicon-96x96-1.png","width":96,"height":96,"caption":"Box Repsol"},"image":{"@id":"https:\/\/www.boxrepsol.com\/es\/#\/schema\/logo\/image\/"},"sameAs":["https:\/\/www.facebook.com\/BoxRepsol","https:\/\/x.com\/box_repsol","http:\/\/instagram.com\/box_repsol","https:\/\/www.youtube.com\/user\/RepsolCompeticion","https:\/\/www.flickr.com\/photos\/box_repsol\/"]},{"@type":"Person","@id":"https:\/\/www.boxrepsol.com\/es\/#\/schema\/person\/c5c2138f2cca251b0ad92b7086bb60b7","name":"Redacci\u00f3n Box Repsol","image":{"@type":"ImageObject","inLanguage":"es","@id":"https:\/\/secure.gravatar.com\/avatar\/adf7b77e38b4419baf32c7e9c21dde01f4e40df611f0978e3006fc4ba0aaab7e?s=96&d=mm&r=g","url":"https:\/\/secure.gravatar.com\/avatar\/adf7b77e38b4419baf32c7e9c21dde01f4e40df611f0978e3006fc4ba0aaab7e?s=96&d=mm&r=g","contentUrl":"https:\/\/secure.gravatar.com\/avatar\/adf7b77e38b4419baf32c7e9c21dde01f4e40df611f0978e3006fc4ba0aaab7e?s=96&d=mm&r=g","caption":"Redacci\u00f3n Box Repsol"},"description":"Box Repsol lo forma un equipo de periodistas, community managers, dise\u00f1adores y fot\u00f3grafos con m\u00e1s de 20 a\u00f1os de experiencia en el mundo del motorsport. Hemos vivido el primer mundial de un espa\u00f1ol en la categor\u00eda reina de motociclismo con \u00c1lex Crivill\u00e9, estuvimos en las victorias de Pedrosa y los t\u00edtulos de M\u00e1rquez, acompa\u00f1amos en \u00c1frica a Nani Roma y Marc Coma en sus conquistas del Dakar y hemos vibrado con los t\u00edtulos de Toni Bou en Trial. Adem\u00e1s, en nuestro equipo contamos con expertos en el mundo de las dos y cuatro ruedas tanto de la calle y las carreteras, como de los circuitos. Periodistas que han trabajado en revistas y publicaciones para hacerte llegar desde rutas y consejos de mantenimiento, a curiosidades y trucos de pilotaje.","sameAs":["https:\/\/www.facebook.com\/BoxRepsol\/","https:\/\/www.instagram.com\/box_repsol\/","https:\/\/x.com\/https:\/\/twitter.com\/box_repsol","https:\/\/www.youtube.com\/@Boxrepsol"],"url":"https:\/\/www.boxrepsol.com\/es\/author\/redaccion-box-repsol\/"}]}},"_links":{"self":[{"href":"https:\/\/www.boxrepsol.com\/es\/wp-json\/wp\/v2\/posts\/89615","targetHints":{"allow":["GET"]}}],"collection":[{"href":"https:\/\/www.boxrepsol.com\/es\/wp-json\/wp\/v2\/posts"}],"about":[{"href":"https:\/\/www.boxrepsol.com\/es\/wp-json\/wp\/v2\/types\/post"}],"author":[{"embeddable":true,"href":"https:\/\/www.boxrepsol.com\/es\/wp-json\/wp\/v2\/users\/43146"}],"replies":[{"embeddable":true,"href":"https:\/\/www.boxrepsol.com\/es\/wp-json\/wp\/v2\/comments?post=89615"}],"version-history":[{"count":1,"href":"https:\/\/www.boxrepsol.com\/es\/wp-json\/wp\/v2\/posts\/89615\/revisions"}],"predecessor-version":[{"id":89616,"href":"https:\/\/www.boxrepsol.com\/es\/wp-json\/wp\/v2\/posts\/89615\/revisions\/89616"}],"wp:featuredmedia":[{"embeddable":true,"href":"https:\/\/www.boxrepsol.com\/es\/wp-json\/wp\/v2\/media\/85278"}],"wp:attachment":[{"href":"https:\/\/www.boxrepsol.com\/es\/wp-json\/wp\/v2\/media?parent=89615"}],"wp:term":[{"taxonomy":"category","embeddable":true,"href":"https:\/\/www.boxrepsol.com\/es\/wp-json\/wp\/v2\/categories?post=89615"},{"taxonomy":"post_tag","embeddable":true,"href":"https:\/\/www.boxrepsol.com\/es\/wp-json\/wp\/v2\/tags?post=89615"}],"curies":[{"name":"wp","href":"https:\/\/api.w.org\/{rel}","templated":true}]}}