{"id":89613,"date":"2016-11-13T00:00:00","date_gmt":"2016-11-13T02:00:00","guid":{"rendered":"http:\/\/pre.boxrepsol.com\/sin-categorizar\/jorge-navarro-se-adjudica-el-bronce-en-el-mundial-de-moto3\/"},"modified":"2024-05-09T06:02:53","modified_gmt":"2024-05-09T08:02:53","slug":"jorge-navarro-se-adjudica-el-bronce-en-el-mundial-de-moto3","status":"publish","type":"post","link":"https:\/\/www.boxrepsol.com\/es\/motogp\/jorge-navarro-se-adjudica-el-bronce-en-el-mundial-de-moto3\/","title":{"rendered":"Jorge Navarro se adjudica el bronce en el Mundial de Moto3"},"content":{"rendered":"<blockquote><p>Jorge Navarro se adjudica la tercera posici\u00f3n en la general del campeonato<\/p>\n<p><a href=\"http:\/\/twitter.com\/share?text=Jorge+Navarro+se+adjudica+la+tercera+posici%C3%B3n+en+la+general+del+campeonato&amp;url=http%3A%2F%2F34.249.211.158%2Fes%2Fmoto3%2Fjorge-navarro-se-adjudica-el-bronce-en-el-mundial-de-moto3%2F&amp;hashtags=\" target=\"_blank\" rel=\"noopener\"><br \/>\ntwittear <\/a><\/p><\/blockquote>\n<p>Carrera agridulce para los pilotos Repsol de Moto3 para despedir el Mundial 2016. <strong>Jorge Navarro<\/strong>, que part\u00eda desde la decimotercera posici\u00f3n en parrilla, ha sabido gestionar una prueba en el grupo delantero para terminar noveno y sumar los puntos necesarios que le han asegurado la tercera posici\u00f3n en la general del campeonato. Su compa\u00f1ero de equipo, <strong>Ar\u00f3n Canet<\/strong>, ha visto c\u00f3mo se le paraba la moto llegando a la parrilla y se ha visto obligado a comenzar desde el pit lane, sin poder aprovechar la primera pole position de su carrera obtenida ayer. A pesar de ello, el valenciano ha remontado desde la \u00faltima posici\u00f3n hasta terminar decimonoveno.<br \/>\n<img decoding=\"async\" src=\"https:\/\/bxrepsol.s3.eu-west-1.amazonaws.com\/static\/2022\/08\/29043524\/07-jorge-navarro-valencia-2016.jpg\" alt=\"Jorge Navarro liderando peloton\" \/><\/p>\n<h3><strong>Jorge Navarro<\/strong><\/h3>\n<p>\u00abHa sido un fin de semana muy dif\u00edcil, porque empec\u00e9 con una ca\u00edda fuerte el viernes y, una vez lo superamos, tuve una segunda ca\u00edda el s\u00e1bado. El fin de semana se nos puso cuesta arriba, pero en el warm-up de hoy he encontrado buenas sensaciones con la moto sin arriesgar demasiado. En carrera no me sent\u00eda mal, pero cuando he visto que con el noveno me val\u00eda para conseguir la tercera posici\u00f3n en el Mundial, he preferido no arriesgar demasiado y mantener la plaza. No es lo que esperaba aqu\u00ed en casa, me hubiera gustado estar arriba y terminar mi etapa con estas colores con una buena carrera, pero hoy no estaba al cien por cien y quer\u00eda asegurar el bronce\u00bb.<\/p>\n<h3><strong>Ar\u00f3n Canet<\/strong><\/h3>\n<p>\u00abNo s\u00e9 lo que ha pasado en la salida, porque al llegar a la parrilla ten\u00eda la moto en punto muerto y de repente se ha parado. No estoy contento, porque creo que hoy hubi\u00e9semos podido luchar por la victoria; ten\u00eda ritmo y confianza. He ido de menos a m\u00e1s a pesar del dolor en la mano, y el ritmo al final de carrera era muy bueno. Me quedo con que ha sido una buena temporada donde he aprendido mucho y estoy seguro de que el a\u00f1o que viene lo har\u00e9 mucho mejor\u00bb.<\/p>\n","protected":false},"excerpt":{"rendered":"<p>El piloto valenciano termina tercero en el Campeonato del Mundo de Moto3 gracias a la novena posici\u00f3n de hoy. Ar\u00f3n Canet ha cruzado la meta decimonoveno, tras verse obligado a salir desde el pit lane.<\/p>\n","protected":false},"author":43146,"featured_media":85274,"comment_status":"open","ping_status":"open","sticky":false,"template":"","format":"standard","meta":{"footnotes":""},"categories":[4],"tags":[14],"class_list":["post-89613","post","type-post","status-publish","format-standard","hentry","category-motogp","tag-moto3"],"yoast_head":"<!-- This site is optimized with the Yoast SEO plugin v27.3 - https:\/\/yoast.com\/product\/yoast-seo-wordpress\/ -->\n<title>Jorge Navarro se adjudica el bronce en el Mundial de Moto3 - Box Repsol<\/title>\n<meta name=\"description\" content=\"El piloto valenciano termina tercero en el Campeonato del Mundo de Moto3 gracias a la novena posici\u00f3n de hoy. Ar\u00f3n Canet ha cruzado la meta decimonoveno.\" \/>\n<link rel=\"canonical\" href=\"https:\/\/www.boxrepsol.com\/es\/motogp\/jorge-navarro-se-adjudica-el-bronce-en-el-mundial-de-moto3\/\" \/>\n<meta property=\"og:locale\" content=\"es_ES\" \/>\n<meta property=\"og:type\" content=\"article\" \/>\n<meta property=\"og:title\" content=\"Jorge Navarro se adjudica el bronce en el Mundial de Moto3 - Box Repsol\" \/>\n<meta property=\"og:description\" content=\"El piloto valenciano termina tercero en el Campeonato del Mundo de Moto3 gracias a la novena posici\u00f3n de hoy. Ar\u00f3n Canet ha cruzado la meta decimonoveno.\" \/>\n<meta property=\"og:url\" content=\"https:\/\/www.boxrepsol.com\/es\/motogp\/jorge-navarro-se-adjudica-el-bronce-en-el-mundial-de-moto3\/\" \/>\n<meta property=\"og:site_name\" content=\"Box Repsol\" \/>\n<meta property=\"article:publisher\" content=\"https:\/\/www.facebook.com\/BoxRepsol\" \/>\n<meta property=\"article:author\" content=\"https:\/\/www.facebook.com\/BoxRepsol\/\" \/>\n<meta property=\"article:published_time\" content=\"2016-11-13T02:00:00+00:00\" \/>\n<meta property=\"article:modified_time\" content=\"2024-05-09T08:02:53+00:00\" \/>\n<meta property=\"og:image\" content=\"https:\/\/www.boxrepsol.com\/wp-content\/uploads\/2022\/08\/06-aaron-canet-wheelie-valencia-2016.jpg\" \/>\n\t<meta property=\"og:image:width\" content=\"984\" \/>\n\t<meta property=\"og:image:height\" content=\"412\" \/>\n\t<meta property=\"og:image:type\" content=\"image\/jpeg\" \/>\n<meta name=\"author\" content=\"Redacci\u00f3n Box Repsol\" \/>\n<meta name=\"twitter:card\" content=\"summary_large_image\" \/>\n<meta name=\"twitter:creator\" content=\"@https:\/\/twitter.com\/box_repsol\" \/>\n<meta name=\"twitter:site\" content=\"@box_repsol\" \/>\n<meta name=\"twitter:label1\" content=\"Written by\" \/>\n\t<meta name=\"twitter:data1\" content=\"Redacci\u00f3n Box Repsol\" \/>\n\t<meta name=\"twitter:label2\" content=\"Est. reading time\" \/>\n\t<meta name=\"twitter:data2\" content=\"2 minutos\" \/>\n<script type=\"application\/ld+json\" class=\"yoast-schema-graph\">{\"@context\":\"https:\\\/\\\/schema.org\",\"@graph\":[{\"@type\":\"Article\",\"@id\":\"https:\\\/\\\/www.boxrepsol.com\\\/es\\\/motogp\\\/jorge-navarro-se-adjudica-el-bronce-en-el-mundial-de-moto3\\\/#article\",\"isPartOf\":{\"@id\":\"https:\\\/\\\/www.boxrepsol.com\\\/es\\\/motogp\\\/jorge-navarro-se-adjudica-el-bronce-en-el-mundial-de-moto3\\\/\"},\"author\":{\"name\":\"Redacci\u00f3n Box Repsol\",\"@id\":\"https:\\\/\\\/www.boxrepsol.com\\\/es\\\/#\\\/schema\\\/person\\\/c5c2138f2cca251b0ad92b7086bb60b7\"},\"headline\":\"Jorge Navarro se adjudica el bronce en el Mundial de Moto3\",\"datePublished\":\"2016-11-13T02:00:00+00:00\",\"dateModified\":\"2024-05-09T08:02:53+00:00\",\"mainEntityOfPage\":{\"@id\":\"https:\\\/\\\/www.boxrepsol.com\\\/es\\\/motogp\\\/jorge-navarro-se-adjudica-el-bronce-en-el-mundial-de-moto3\\\/\"},\"wordCount\":372,\"commentCount\":0,\"publisher\":{\"@id\":\"https:\\\/\\\/www.boxrepsol.com\\\/es\\\/#organization\"},\"image\":{\"@id\":\"https:\\\/\\\/www.boxrepsol.com\\\/es\\\/motogp\\\/jorge-navarro-se-adjudica-el-bronce-en-el-mundial-de-moto3\\\/#primaryimage\"},\"thumbnailUrl\":\"https:\\\/\\\/www.boxrepsol.com\\\/wp-content\\\/uploads\\\/2022\\\/08\\\/06-aaron-canet-wheelie-valencia-2016.jpg\",\"keywords\":[\"Moto3\"],\"articleSection\":[\"MotoGP\"],\"inLanguage\":\"es\",\"potentialAction\":[{\"@type\":\"CommentAction\",\"name\":\"Comment\",\"target\":[\"https:\\\/\\\/www.boxrepsol.com\\\/es\\\/motogp\\\/jorge-navarro-se-adjudica-el-bronce-en-el-mundial-de-moto3\\\/#respond\"]}]},{\"@type\":\"WebPage\",\"@id\":\"https:\\\/\\\/www.boxrepsol.com\\\/es\\\/motogp\\\/jorge-navarro-se-adjudica-el-bronce-en-el-mundial-de-moto3\\\/\",\"url\":\"https:\\\/\\\/www.boxrepsol.com\\\/es\\\/motogp\\\/jorge-navarro-se-adjudica-el-bronce-en-el-mundial-de-moto3\\\/\",\"name\":\"Jorge Navarro se adjudica el bronce en el Mundial de Moto3 - Box Repsol\",\"isPartOf\":{\"@id\":\"https:\\\/\\\/www.boxrepsol.com\\\/es\\\/#website\"},\"primaryImageOfPage\":{\"@id\":\"https:\\\/\\\/www.boxrepsol.com\\\/es\\\/motogp\\\/jorge-navarro-se-adjudica-el-bronce-en-el-mundial-de-moto3\\\/#primaryimage\"},\"image\":{\"@id\":\"https:\\\/\\\/www.boxrepsol.com\\\/es\\\/motogp\\\/jorge-navarro-se-adjudica-el-bronce-en-el-mundial-de-moto3\\\/#primaryimage\"},\"thumbnailUrl\":\"https:\\\/\\\/www.boxrepsol.com\\\/wp-content\\\/uploads\\\/2022\\\/08\\\/06-aaron-canet-wheelie-valencia-2016.jpg\",\"datePublished\":\"2016-11-13T02:00:00+00:00\",\"dateModified\":\"2024-05-09T08:02:53+00:00\",\"description\":\"El piloto valenciano termina tercero en el Campeonato del Mundo de Moto3 gracias a la novena posici\u00f3n de hoy. Ar\u00f3n Canet ha cruzado la meta decimonoveno.\",\"breadcrumb\":{\"@id\":\"https:\\\/\\\/www.boxrepsol.com\\\/es\\\/motogp\\\/jorge-navarro-se-adjudica-el-bronce-en-el-mundial-de-moto3\\\/#breadcrumb\"},\"inLanguage\":\"es\",\"potentialAction\":[{\"@type\":\"ReadAction\",\"target\":[\"https:\\\/\\\/www.boxrepsol.com\\\/es\\\/motogp\\\/jorge-navarro-se-adjudica-el-bronce-en-el-mundial-de-moto3\\\/\"]}]},{\"@type\":\"ImageObject\",\"inLanguage\":\"es\",\"@id\":\"https:\\\/\\\/www.boxrepsol.com\\\/es\\\/motogp\\\/jorge-navarro-se-adjudica-el-bronce-en-el-mundial-de-moto3\\\/#primaryimage\",\"url\":\"https:\\\/\\\/www.boxrepsol.com\\\/wp-content\\\/uploads\\\/2022\\\/08\\\/06-aaron-canet-wheelie-valencia-2016.jpg\",\"contentUrl\":\"https:\\\/\\\/www.boxrepsol.com\\\/wp-content\\\/uploads\\\/2022\\\/08\\\/06-aaron-canet-wheelie-valencia-2016.jpg\",\"width\":984,\"height\":412,\"caption\":\"Aron Canet realizando un wheelie al cruzar la meta\"},{\"@type\":\"BreadcrumbList\",\"@id\":\"https:\\\/\\\/www.boxrepsol.com\\\/es\\\/motogp\\\/jorge-navarro-se-adjudica-el-bronce-en-el-mundial-de-moto3\\\/#breadcrumb\",\"itemListElement\":[{\"@type\":\"ListItem\",\"position\":1,\"name\":\"Home\",\"item\":\"https:\\\/\\\/www.boxrepsol.com\\\/es\\\/\"},{\"@type\":\"ListItem\",\"position\":2,\"name\":\"Jorge Navarro se adjudica el bronce en el Mundial de Moto3\"}]},{\"@type\":\"WebSite\",\"@id\":\"https:\\\/\\\/www.boxrepsol.com\\\/es\\\/#website\",\"url\":\"https:\\\/\\\/www.boxrepsol.com\\\/es\\\/\",\"name\":\"Box Repsol\",\"description\":\"Box Repsol Site\",\"publisher\":{\"@id\":\"https:\\\/\\\/www.boxrepsol.com\\\/es\\\/#organization\"},\"potentialAction\":[{\"@type\":\"SearchAction\",\"target\":{\"@type\":\"EntryPoint\",\"urlTemplate\":\"https:\\\/\\\/www.boxrepsol.com\\\/es\\\/?s={search_term_string}\"},\"query-input\":{\"@type\":\"PropertyValueSpecification\",\"valueRequired\":true,\"valueName\":\"search_term_string\"}}],\"inLanguage\":\"es\"},{\"@type\":\"Organization\",\"@id\":\"https:\\\/\\\/www.boxrepsol.com\\\/es\\\/#organization\",\"name\":\"Box Repsol\",\"url\":\"https:\\\/\\\/www.boxrepsol.com\\\/es\\\/\",\"logo\":{\"@type\":\"ImageObject\",\"inLanguage\":\"es\",\"@id\":\"https:\\\/\\\/www.boxrepsol.com\\\/es\\\/#\\\/schema\\\/logo\\\/image\\\/\",\"url\":\"https:\\\/\\\/bxrepsol.s3.eu-west-1.amazonaws.com\\\/static\\\/2025\\\/07\\\/30083337\\\/favicon-96x96-1.png\",\"contentUrl\":\"https:\\\/\\\/bxrepsol.s3.eu-west-1.amazonaws.com\\\/static\\\/2025\\\/07\\\/30083337\\\/favicon-96x96-1.png\",\"width\":96,\"height\":96,\"caption\":\"Box Repsol\"},\"image\":{\"@id\":\"https:\\\/\\\/www.boxrepsol.com\\\/es\\\/#\\\/schema\\\/logo\\\/image\\\/\"},\"sameAs\":[\"https:\\\/\\\/www.facebook.com\\\/BoxRepsol\",\"https:\\\/\\\/x.com\\\/box_repsol\",\"http:\\\/\\\/instagram.com\\\/box_repsol\",\"https:\\\/\\\/www.youtube.com\\\/user\\\/RepsolCompeticion\",\"https:\\\/\\\/www.flickr.com\\\/photos\\\/box_repsol\\\/\"]},{\"@type\":\"Person\",\"@id\":\"https:\\\/\\\/www.boxrepsol.com\\\/es\\\/#\\\/schema\\\/person\\\/c5c2138f2cca251b0ad92b7086bb60b7\",\"name\":\"Redacci\u00f3n Box Repsol\",\"image\":{\"@type\":\"ImageObject\",\"inLanguage\":\"es\",\"@id\":\"https:\\\/\\\/secure.gravatar.com\\\/avatar\\\/adf7b77e38b4419baf32c7e9c21dde01f4e40df611f0978e3006fc4ba0aaab7e?s=96&d=mm&r=g\",\"url\":\"https:\\\/\\\/secure.gravatar.com\\\/avatar\\\/adf7b77e38b4419baf32c7e9c21dde01f4e40df611f0978e3006fc4ba0aaab7e?s=96&d=mm&r=g\",\"contentUrl\":\"https:\\\/\\\/secure.gravatar.com\\\/avatar\\\/adf7b77e38b4419baf32c7e9c21dde01f4e40df611f0978e3006fc4ba0aaab7e?s=96&d=mm&r=g\",\"caption\":\"Redacci\u00f3n Box Repsol\"},\"description\":\"Box Repsol lo forma un equipo de periodistas, community managers, dise\u00f1adores y fot\u00f3grafos con m\u00e1s de 20 a\u00f1os de experiencia en el mundo del motorsport. Hemos vivido el primer mundial de un espa\u00f1ol en la categor\u00eda reina de motociclismo con \u00c1lex Crivill\u00e9, estuvimos en las victorias de Pedrosa y los t\u00edtulos de M\u00e1rquez, acompa\u00f1amos en \u00c1frica a Nani Roma y Marc Coma en sus conquistas del Dakar y hemos vibrado con los t\u00edtulos de Toni Bou en Trial. Adem\u00e1s, en nuestro equipo contamos con expertos en el mundo de las dos y cuatro ruedas tanto de la calle y las carreteras, como de los circuitos. Periodistas que han trabajado en revistas y publicaciones para hacerte llegar desde rutas y consejos de mantenimiento, a curiosidades y trucos de pilotaje.\",\"sameAs\":[\"https:\\\/\\\/www.facebook.com\\\/BoxRepsol\\\/\",\"https:\\\/\\\/www.instagram.com\\\/box_repsol\\\/\",\"https:\\\/\\\/x.com\\\/https:\\\/\\\/twitter.com\\\/box_repsol\",\"https:\\\/\\\/www.youtube.com\\\/@Boxrepsol\"],\"url\":\"https:\\\/\\\/www.boxrepsol.com\\\/es\\\/author\\\/redaccion-box-repsol\\\/\"}]}<\/script>\n<!-- \/ Yoast SEO plugin. -->","yoast_head_json":{"title":"Jorge Navarro se adjudica el bronce en el Mundial de Moto3 - Box Repsol","description":"El piloto valenciano termina tercero en el Campeonato del Mundo de Moto3 gracias a la novena posici\u00f3n de hoy. Ar\u00f3n Canet ha cruzado la meta decimonoveno.","canonical":"https:\/\/www.boxrepsol.com\/es\/motogp\/jorge-navarro-se-adjudica-el-bronce-en-el-mundial-de-moto3\/","og_locale":"es_ES","og_type":"article","og_title":"Jorge Navarro se adjudica el bronce en el Mundial de Moto3 - Box Repsol","og_description":"El piloto valenciano termina tercero en el Campeonato del Mundo de Moto3 gracias a la novena posici\u00f3n de hoy. Ar\u00f3n Canet ha cruzado la meta decimonoveno.","og_url":"https:\/\/www.boxrepsol.com\/es\/motogp\/jorge-navarro-se-adjudica-el-bronce-en-el-mundial-de-moto3\/","og_site_name":"Box Repsol","article_publisher":"https:\/\/www.facebook.com\/BoxRepsol","article_author":"https:\/\/www.facebook.com\/BoxRepsol\/","article_published_time":"2016-11-13T02:00:00+00:00","article_modified_time":"2024-05-09T08:02:53+00:00","og_image":[{"width":984,"height":412,"url":"https:\/\/www.boxrepsol.com\/wp-content\/uploads\/2022\/08\/06-aaron-canet-wheelie-valencia-2016.jpg","type":"image\/jpeg"}],"author":"Redacci\u00f3n Box Repsol","twitter_card":"summary_large_image","twitter_creator":"@https:\/\/twitter.com\/box_repsol","twitter_site":"@box_repsol","twitter_misc":{"Written by":"Redacci\u00f3n Box Repsol","Est. reading time":"2 minutos"},"schema":{"@context":"https:\/\/schema.org","@graph":[{"@type":"Article","@id":"https:\/\/www.boxrepsol.com\/es\/motogp\/jorge-navarro-se-adjudica-el-bronce-en-el-mundial-de-moto3\/#article","isPartOf":{"@id":"https:\/\/www.boxrepsol.com\/es\/motogp\/jorge-navarro-se-adjudica-el-bronce-en-el-mundial-de-moto3\/"},"author":{"name":"Redacci\u00f3n Box Repsol","@id":"https:\/\/www.boxrepsol.com\/es\/#\/schema\/person\/c5c2138f2cca251b0ad92b7086bb60b7"},"headline":"Jorge Navarro se adjudica el bronce en el Mundial de Moto3","datePublished":"2016-11-13T02:00:00+00:00","dateModified":"2024-05-09T08:02:53+00:00","mainEntityOfPage":{"@id":"https:\/\/www.boxrepsol.com\/es\/motogp\/jorge-navarro-se-adjudica-el-bronce-en-el-mundial-de-moto3\/"},"wordCount":372,"commentCount":0,"publisher":{"@id":"https:\/\/www.boxrepsol.com\/es\/#organization"},"image":{"@id":"https:\/\/www.boxrepsol.com\/es\/motogp\/jorge-navarro-se-adjudica-el-bronce-en-el-mundial-de-moto3\/#primaryimage"},"thumbnailUrl":"https:\/\/www.boxrepsol.com\/wp-content\/uploads\/2022\/08\/06-aaron-canet-wheelie-valencia-2016.jpg","keywords":["Moto3"],"articleSection":["MotoGP"],"inLanguage":"es","potentialAction":[{"@type":"CommentAction","name":"Comment","target":["https:\/\/www.boxrepsol.com\/es\/motogp\/jorge-navarro-se-adjudica-el-bronce-en-el-mundial-de-moto3\/#respond"]}]},{"@type":"WebPage","@id":"https:\/\/www.boxrepsol.com\/es\/motogp\/jorge-navarro-se-adjudica-el-bronce-en-el-mundial-de-moto3\/","url":"https:\/\/www.boxrepsol.com\/es\/motogp\/jorge-navarro-se-adjudica-el-bronce-en-el-mundial-de-moto3\/","name":"Jorge Navarro se adjudica el bronce en el Mundial de Moto3 - Box Repsol","isPartOf":{"@id":"https:\/\/www.boxrepsol.com\/es\/#website"},"primaryImageOfPage":{"@id":"https:\/\/www.boxrepsol.com\/es\/motogp\/jorge-navarro-se-adjudica-el-bronce-en-el-mundial-de-moto3\/#primaryimage"},"image":{"@id":"https:\/\/www.boxrepsol.com\/es\/motogp\/jorge-navarro-se-adjudica-el-bronce-en-el-mundial-de-moto3\/#primaryimage"},"thumbnailUrl":"https:\/\/www.boxrepsol.com\/wp-content\/uploads\/2022\/08\/06-aaron-canet-wheelie-valencia-2016.jpg","datePublished":"2016-11-13T02:00:00+00:00","dateModified":"2024-05-09T08:02:53+00:00","description":"El piloto valenciano termina tercero en el Campeonato del Mundo de Moto3 gracias a la novena posici\u00f3n de hoy. Ar\u00f3n Canet ha cruzado la meta decimonoveno.","breadcrumb":{"@id":"https:\/\/www.boxrepsol.com\/es\/motogp\/jorge-navarro-se-adjudica-el-bronce-en-el-mundial-de-moto3\/#breadcrumb"},"inLanguage":"es","potentialAction":[{"@type":"ReadAction","target":["https:\/\/www.boxrepsol.com\/es\/motogp\/jorge-navarro-se-adjudica-el-bronce-en-el-mundial-de-moto3\/"]}]},{"@type":"ImageObject","inLanguage":"es","@id":"https:\/\/www.boxrepsol.com\/es\/motogp\/jorge-navarro-se-adjudica-el-bronce-en-el-mundial-de-moto3\/#primaryimage","url":"https:\/\/www.boxrepsol.com\/wp-content\/uploads\/2022\/08\/06-aaron-canet-wheelie-valencia-2016.jpg","contentUrl":"https:\/\/www.boxrepsol.com\/wp-content\/uploads\/2022\/08\/06-aaron-canet-wheelie-valencia-2016.jpg","width":984,"height":412,"caption":"Aron Canet realizando un wheelie al cruzar la meta"},{"@type":"BreadcrumbList","@id":"https:\/\/www.boxrepsol.com\/es\/motogp\/jorge-navarro-se-adjudica-el-bronce-en-el-mundial-de-moto3\/#breadcrumb","itemListElement":[{"@type":"ListItem","position":1,"name":"Home","item":"https:\/\/www.boxrepsol.com\/es\/"},{"@type":"ListItem","position":2,"name":"Jorge Navarro se adjudica el bronce en el Mundial de Moto3"}]},{"@type":"WebSite","@id":"https:\/\/www.boxrepsol.com\/es\/#website","url":"https:\/\/www.boxrepsol.com\/es\/","name":"Box Repsol","description":"Box Repsol Site","publisher":{"@id":"https:\/\/www.boxrepsol.com\/es\/#organization"},"potentialAction":[{"@type":"SearchAction","target":{"@type":"EntryPoint","urlTemplate":"https:\/\/www.boxrepsol.com\/es\/?s={search_term_string}"},"query-input":{"@type":"PropertyValueSpecification","valueRequired":true,"valueName":"search_term_string"}}],"inLanguage":"es"},{"@type":"Organization","@id":"https:\/\/www.boxrepsol.com\/es\/#organization","name":"Box Repsol","url":"https:\/\/www.boxrepsol.com\/es\/","logo":{"@type":"ImageObject","inLanguage":"es","@id":"https:\/\/www.boxrepsol.com\/es\/#\/schema\/logo\/image\/","url":"https:\/\/bxrepsol.s3.eu-west-1.amazonaws.com\/static\/2025\/07\/30083337\/favicon-96x96-1.png","contentUrl":"https:\/\/bxrepsol.s3.eu-west-1.amazonaws.com\/static\/2025\/07\/30083337\/favicon-96x96-1.png","width":96,"height":96,"caption":"Box Repsol"},"image":{"@id":"https:\/\/www.boxrepsol.com\/es\/#\/schema\/logo\/image\/"},"sameAs":["https:\/\/www.facebook.com\/BoxRepsol","https:\/\/x.com\/box_repsol","http:\/\/instagram.com\/box_repsol","https:\/\/www.youtube.com\/user\/RepsolCompeticion","https:\/\/www.flickr.com\/photos\/box_repsol\/"]},{"@type":"Person","@id":"https:\/\/www.boxrepsol.com\/es\/#\/schema\/person\/c5c2138f2cca251b0ad92b7086bb60b7","name":"Redacci\u00f3n Box Repsol","image":{"@type":"ImageObject","inLanguage":"es","@id":"https:\/\/secure.gravatar.com\/avatar\/adf7b77e38b4419baf32c7e9c21dde01f4e40df611f0978e3006fc4ba0aaab7e?s=96&d=mm&r=g","url":"https:\/\/secure.gravatar.com\/avatar\/adf7b77e38b4419baf32c7e9c21dde01f4e40df611f0978e3006fc4ba0aaab7e?s=96&d=mm&r=g","contentUrl":"https:\/\/secure.gravatar.com\/avatar\/adf7b77e38b4419baf32c7e9c21dde01f4e40df611f0978e3006fc4ba0aaab7e?s=96&d=mm&r=g","caption":"Redacci\u00f3n Box Repsol"},"description":"Box Repsol lo forma un equipo de periodistas, community managers, dise\u00f1adores y fot\u00f3grafos con m\u00e1s de 20 a\u00f1os de experiencia en el mundo del motorsport. Hemos vivido el primer mundial de un espa\u00f1ol en la categor\u00eda reina de motociclismo con \u00c1lex Crivill\u00e9, estuvimos en las victorias de Pedrosa y los t\u00edtulos de M\u00e1rquez, acompa\u00f1amos en \u00c1frica a Nani Roma y Marc Coma en sus conquistas del Dakar y hemos vibrado con los t\u00edtulos de Toni Bou en Trial. Adem\u00e1s, en nuestro equipo contamos con expertos en el mundo de las dos y cuatro ruedas tanto de la calle y las carreteras, como de los circuitos. Periodistas que han trabajado en revistas y publicaciones para hacerte llegar desde rutas y consejos de mantenimiento, a curiosidades y trucos de pilotaje.","sameAs":["https:\/\/www.facebook.com\/BoxRepsol\/","https:\/\/www.instagram.com\/box_repsol\/","https:\/\/x.com\/https:\/\/twitter.com\/box_repsol","https:\/\/www.youtube.com\/@Boxrepsol"],"url":"https:\/\/www.boxrepsol.com\/es\/author\/redaccion-box-repsol\/"}]}},"_links":{"self":[{"href":"https:\/\/www.boxrepsol.com\/es\/wp-json\/wp\/v2\/posts\/89613","targetHints":{"allow":["GET"]}}],"collection":[{"href":"https:\/\/www.boxrepsol.com\/es\/wp-json\/wp\/v2\/posts"}],"about":[{"href":"https:\/\/www.boxrepsol.com\/es\/wp-json\/wp\/v2\/types\/post"}],"author":[{"embeddable":true,"href":"https:\/\/www.boxrepsol.com\/es\/wp-json\/wp\/v2\/users\/43146"}],"replies":[{"embeddable":true,"href":"https:\/\/www.boxrepsol.com\/es\/wp-json\/wp\/v2\/comments?post=89613"}],"version-history":[{"count":1,"href":"https:\/\/www.boxrepsol.com\/es\/wp-json\/wp\/v2\/posts\/89613\/revisions"}],"predecessor-version":[{"id":89614,"href":"https:\/\/www.boxrepsol.com\/es\/wp-json\/wp\/v2\/posts\/89613\/revisions\/89614"}],"wp:featuredmedia":[{"embeddable":true,"href":"https:\/\/www.boxrepsol.com\/es\/wp-json\/wp\/v2\/media\/85274"}],"wp:attachment":[{"href":"https:\/\/www.boxrepsol.com\/es\/wp-json\/wp\/v2\/media?parent=89613"}],"wp:term":[{"taxonomy":"category","embeddable":true,"href":"https:\/\/www.boxrepsol.com\/es\/wp-json\/wp\/v2\/categories?post=89613"},{"taxonomy":"post_tag","embeddable":true,"href":"https:\/\/www.boxrepsol.com\/es\/wp-json\/wp\/v2\/tags?post=89613"}],"curies":[{"name":"wp","href":"https:\/\/api.w.org\/{rel}","templated":true}]}}