{"id":89587,"date":"2020-05-01T00:00:00","date_gmt":"2020-05-01T02:00:00","guid":{"rendered":"http:\/\/pre.boxrepsol.com\/sin-categorizar\/donde-guarda-sus-tesoros-marc-marquez\/"},"modified":"2024-04-19T10:10:00","modified_gmt":"2024-04-19T12:10:00","slug":"donde-guarda-sus-tesoros-marc-marquez","status":"publish","type":"post","link":"https:\/\/www.boxrepsol.com\/es\/motogp\/donde-guarda-sus-tesoros-marc-marquez\/","title":{"rendered":"\u00bfD\u00f3nde guarda sus tesoros Marc M\u00e1rquez?"},"content":{"rendered":"<p>Aquella aventura, que comenz\u00f3 a los cuatro a\u00f1os de edad con la primera moto que le trajeron los Reyes Magos, una Yamaha Piwi, toc\u00f3 techo en 2013. A\u00f1o del primer t\u00edtulo de <a href=\"https:\/\/www.boxrepsol.com\/es\/equipo-repsol\/marc-marquez\/\">Marc M\u00e1rquez<\/a>, rompiendo todas las estad\u00edsticas como piloto m\u00e1s joven de la historia en ganar el Mundial en su categor\u00eda reina. A sus 23 a\u00f1os, y con un nuevo t\u00edtulo de campe\u00f3n de MotoGP en su haber, le quedaban a\u00fan muchos kil\u00f3metros que recorrer y triunfos que celebrar.<\/p>\n<blockquote><p>\n\t<a href=\"http:\/\/twitter.com\/share?text=%C2%B7%40marcmarquez93+comenz%C3%B3+a+los+cuatro+a%C3%B1os+de+edad+con+la+moto+que+le+trajeron+los+Reyes+Magos&#038;url=https%3A%2F%2Fwww.boxrepsol.com%2Fes%2Fmotogp%2Fdonde-guarda-sus-tesoros-marc-marquez%2F\" target=\"_blank\" rel=\"noopener\"><\/p>\n<p>\u00b7@marcmarquez93 comenz\u00f3 a los cuatro a\u00f1os de edad con la moto que le trajeron los Reyes Magos<\/p>\n<p>\t<\/a>\n<\/p><\/blockquote>\n<p>El Museo del piloto de Repsol se ubica en el centro de la ciudad, dentro del propio <strong><a href=\"http:\/\/www.museudecervera.cat\/im-93\/\" target=\"_blank\" rel=\"noopener\">Museo Comarcal de Cervera<\/a><\/strong> situado a escasos metros de la sede del Fan Club de Marc M\u00e1rquez. Se trata de un espacio expositivo que cuenta con amplias salas con innumerable material relacionado con la trayectoria del piloto Repsol desde que a la temprana edad de cuatro a\u00f1os se iniciara en el motociclismo.<\/p>\n<p>Las piezas expuestas m\u00e1s codiciadas del museo son las dos motos Campeonas del Mundo de MotoGP: La <a href=\"https:\/\/www.flickr.com\/photos\/box_repsol\/12594368265\/in\/album-72157641124621423\/\"><strong>Honda RC213V de MotoGP 2013<\/strong><\/a> y la <strong><a href=\"https:\/\/www.flickr.com\/photos\/box_repsol\/13366316384\/in\/album-72157642654624303\/\">Honda RC213V de MotoGP 2014<\/a><\/strong>. Adem\u00e1s el proyecto muse\u00edstico est\u00e1 desarrollado a partir de un dise\u00f1o que combina gran cantidad de im\u00e1genes y documentos de prensa de la vida deportiva del piloto. Un aut\u00e9ntico tesoro para los amantes del motociclismo.<\/p>\n<h3>Trofeos y motos<\/h3>\n<p>Todo visitante que acude al museo de Cervera se encontrar\u00e1 con un sin fin de <strong>trofeos, cascos, monos, fotograf\u00edas, recuerdos y medallas<\/strong> pero lo que m\u00e1s llamar\u00e1 su atenci\u00f3n ser\u00e1 la <strong>colecci\u00f3n de motos<\/strong> que, observ\u00e1ndolas, uno puede recrear la trayectoria del piloto de Repsol Honda desde sus inicios.<\/p>\n<p>Podr\u00e1 disfrutar de la <strong>primera moto que mont\u00f3 Marc, una Yamaha Piwi que le trajeron Sus Majestades Los Reyes Magos<\/strong>, y tambi\u00e9n de otras muchas como la 356 Conti Copa RX de 50cc, la <strong>Honda CR85<\/strong>, la <strong>Honda RS<\/strong> de125cc, la KTM 2008 de 125cc, la Derbi RSA, Campeona del Mundo de 125cc, la Suter Subcampeona del Mundo de Moto2 y, por supuesto, de las que le hicieron Campe\u00f3n del Mundo de la m\u00e1xima categor\u00eda, la Honda RC213V de MotoGP 2013 y la Honda RC213V de MotoGP 2014.<\/p>\n<p>En la visita se encontrar\u00e1 con cosas tan curiosas como las <strong>copas y medallas<\/strong> logradas en sus inicios en <strong>motocross y enduro<\/strong>. Tambi\u00e9n los cascos cu\u00e1ndo gan\u00f3 los 4 mundiales, las medallas de la FIM, trofeos de sus podios y victorias en Grandes Premios, as\u00ed como las <strong>camisetas conmemorativas<\/strong> con el n\u00famero 93 de los mundiales conseguidos.<\/p>\n<p><a href=\"https:\/\/bxrepsol.s3.eu-west-1.amazonaws.com\/static\/2022\/08\/29070726\/museo-marc-marquez-cervera-motos.jpg\" \n   title=\"Museo de Marc M\u00e1rquez en Cervera motos\" \n   data-gallery-thumbnail=\"https:\/\/bxrepsol.s3.eu-west-1.amazonaws.com\/static\/2022\/08\/29070726\/museo-marc-marquez-cervera-motos.jpg\"\n   data-gallery-title=\"\"\n   data-gallery><\/p>\n<figure>\n        <picture style=\"padding-bottom: 66.765578635015%; background-image: url(https:\/\/bxrepsol.s3.eu-west-1.amazonaws.com\/static\/2022\/08\/29070726\/museo-marc-marquez-cervera-motos.jpg);\">\n            <img decoding=\"async\" src=\"https:\/\/bxrepsol.s3.eu-west-1.amazonaws.com\/static\/2022\/08\/29070726\/museo-marc-marquez-cervera-motos.jpg\"><br \/>\n            <img itemprop=\"image\"\n                data-srcset=\"https:\/\/bxrepsol.s3.eu-west-1.amazonaws.com\/static\/2022\/08\/29070726\/museo-marc-marquez-cervera-motos.jpg 480w, https:\/\/bxrepsol.s3.eu-west-1.amazonaws.com\/static\/2022\/08\/29070726\/museo-marc-marquez-cervera-motos.jpg 600w\"\n                data-src=\"https:\/\/bxrepsol.s3.eu-west-1.amazonaws.com\/static\/2022\/08\/29070726\/museo-marc-marquez-cervera-motos.jpg\"\n                alt=\"Museo de Marc M\u00e1rquez en Cervera motos\"\n                title=\"Honda RC213V 2013 y Honda RC213V 2014\"\/><br \/>\n            <noscript><img decoding=\"async\" src=\"https:\/\/bxrepsol.s3.eu-west-1.amazonaws.com\/static\/2022\/08\/29070726\/museo-marc-marquez-cervera-motos.jpg\" alt=\"Museo de Marc M\u00e1rquez en Cervera motos\"><\/noscript>\n        <\/picture><figcaption>Museo de Marc M\u00e1rquez en Cervera motos<\/figcaption><\/figure>\n<p><\/a><br \/>\n<a href=\"https:\/\/bxrepsol.s3.eu-west-1.amazonaws.com\/static\/2022\/08\/29070727\/museo-marc-marquez-cervera.jpg\" \n   title=\"Vitrina con trofeos de Marc en Museo de Marc M\u00e1rquez en Cervera\" \n   data-gallery-thumbnail=\"https:\/\/bxrepsol.s3.eu-west-1.amazonaws.com\/static\/2022\/08\/29070727\/museo-marc-marquez-cervera.jpg\"\n   data-gallery-title=\"\"\n   data-gallery><\/p>\n<figure>\n        <picture style=\"padding-bottom: 66.765578635015%; background-image: url(https:\/\/bxrepsol.s3.eu-west-1.amazonaws.com\/static\/2022\/08\/29070727\/museo-marc-marquez-cervera.jpg);\">\n            <img decoding=\"async\" src=\"https:\/\/bxrepsol.s3.eu-west-1.amazonaws.com\/static\/2022\/08\/29070727\/museo-marc-marquez-cervera.jpg\"><br \/>\n            <img itemprop=\"image\"\n                data-srcset=\"https:\/\/bxrepsol.s3.eu-west-1.amazonaws.com\/static\/2022\/08\/29070727\/museo-marc-marquez-cervera.jpg 480w, https:\/\/bxrepsol.s3.eu-west-1.amazonaws.com\/static\/2022\/08\/29070727\/museo-marc-marquez-cervera.jpg 600w\"\n                data-src=\"https:\/\/bxrepsol.s3.eu-west-1.amazonaws.com\/static\/2022\/08\/29070727\/museo-marc-marquez-cervera.jpg\"\n                alt=\"Vitrina con trofeos de Marc en Museo de Marc M\u00e1rquez en Cervera\"\n                title=\"Sala de trofeos Museo Marc M\u00e1rquez en Cervera\"\/><br \/>\n            <noscript><img decoding=\"async\" src=\"https:\/\/bxrepsol.s3.eu-west-1.amazonaws.com\/static\/2022\/08\/29070727\/museo-marc-marquez-cervera.jpg\" alt=\"Vitrina con trofeos de Marc en Museo de Marc M\u00e1rquez en Cervera\"><\/noscript>\n        <\/picture><figcaption>Vitrina con trofeos de Marc en Museo de Marc M\u00e1rquez en Cervera<\/figcaption><\/figure>\n<p><\/a><\/p>\n<h3>Objetos m\u00e1s preciados<\/h3>\n<p>Los <strong>trofeos m\u00e1s antiguos que se guardan en el Museo de Marc M\u00e1rquez son los que gan\u00f3 en la categor\u00eda de 125 cc<\/strong> entre los cu\u00e1les est\u00e1 el que acredita su primer podio mundialista, tercer clasificado del British Grand Prix, en junio de 2008, pero <strong>a los que m\u00e1s cari\u00f1o tiene el piloto de Cervera<\/strong> est\u00e1n ubicados en una de las vitrinas del museo, y no son otros que los <strong>cascos y las medallas que acreditan al piloto como Campe\u00f3n del Mundo<\/strong> en todas las categor\u00edas, Moto3, Moto2 y MotoGP.<\/p>\n<p><a href=\"https:\/\/bxrepsol.s3.eu-west-1.amazonaws.com\/static\/2022\/08\/29070727\/museo-marc-marquez-cervera-cascos.jpg\" \n   title=\"Cascos Museo de Marc M\u00e1rquez en Cervera\" \n   data-gallery-thumbnail=\"https:\/\/bxrepsol.s3.eu-west-1.amazonaws.com\/static\/2022\/08\/29070727\/museo-marc-marquez-cervera-cascos.jpg\"\n   data-gallery-title=\"\"\n   data-gallery><\/p>\n<figure>\n        <picture style=\"padding-bottom: 66.765578635015%; background-image: url(https:\/\/bxrepsol.s3.eu-west-1.amazonaws.com\/static\/2022\/08\/29070727\/museo-marc-marquez-cervera-cascos.jpg);\">\n            <img decoding=\"async\" src=\"https:\/\/bxrepsol.s3.eu-west-1.amazonaws.com\/static\/2022\/08\/29070727\/museo-marc-marquez-cervera-cascos.jpg\"><br \/>\n            <img itemprop=\"image\"\n                data-srcset=\"https:\/\/bxrepsol.s3.eu-west-1.amazonaws.com\/static\/2022\/08\/29070727\/museo-marc-marquez-cervera-cascos.jpg 480w, https:\/\/bxrepsol.s3.eu-west-1.amazonaws.com\/static\/2022\/08\/29070727\/museo-marc-marquez-cervera-cascos.jpg 600w\"\n                data-src=\"https:\/\/bxrepsol.s3.eu-west-1.amazonaws.com\/static\/2022\/08\/29070727\/museo-marc-marquez-cervera-cascos.jpg\"\n                alt=\"Cascos Museo de Marc M\u00e1rquez en Cervera\"\n                title=\"Museo de M\u00e1rquez en Cervera\"\/><br \/>\n            <noscript><img decoding=\"async\" src=\"https:\/\/bxrepsol.s3.eu-west-1.amazonaws.com\/static\/2022\/08\/29070727\/museo-marc-marquez-cervera-cascos.jpg\" alt=\"Cascos Museo de Marc M\u00e1rquez en Cervera\"><\/noscript>\n        <\/picture><figcaption>Cascos Museo de Marc M\u00e1rquez en Cervera<\/figcaption><\/figure>\n<p><\/a><\/p>\n","protected":false},"excerpt":{"rendered":"<p>Marc M\u00e1rquez hizo historia al proclamarse Campe\u00f3n del Mundo de MotoGP con Repsol Honda a la edad de 20 a\u00f1os, ocho meses y 24 d\u00edas.<\/p>\n","protected":false},"author":43146,"featured_media":85248,"comment_status":"open","ping_status":"open","sticky":false,"template":"","format":"standard","meta":{"footnotes":""},"categories":[4],"tags":[6],"class_list":["post-89587","post","type-post","status-publish","format-standard","hentry","category-motogp","tag-marc-marquez"],"yoast_head":"<!-- This site is optimized with the Yoast SEO plugin v27.3 - https:\/\/yoast.com\/product\/yoast-seo-wordpress\/ -->\n<title>\u00bfD\u00f3nde guarda sus tesoros Marc M\u00e1rquez? - Box Repsol<\/title>\n<meta name=\"description\" content=\"Marc M\u00e1rquez hizo historia al proclamarse campe\u00f3n del mundo de MotoGP con Repsol Honda a la edad de 20 a\u00f1os, ocho meses y 24 d\u00edas.\" \/>\n<link rel=\"canonical\" href=\"https:\/\/www.boxrepsol.com\/es\/motogp\/donde-guarda-sus-tesoros-marc-marquez\/\" \/>\n<meta property=\"og:locale\" content=\"es_ES\" \/>\n<meta property=\"og:type\" content=\"article\" \/>\n<meta property=\"og:title\" content=\"\u00bfD\u00f3nde guarda sus tesoros Marc M\u00e1rquez? - Box Repsol\" \/>\n<meta property=\"og:description\" content=\"Marc M\u00e1rquez hizo historia al proclamarse campe\u00f3n del mundo de MotoGP con Repsol Honda a la edad de 20 a\u00f1os, ocho meses y 24 d\u00edas.\" \/>\n<meta property=\"og:url\" content=\"https:\/\/www.boxrepsol.com\/es\/motogp\/donde-guarda-sus-tesoros-marc-marquez\/\" \/>\n<meta property=\"og:site_name\" content=\"Box Repsol\" \/>\n<meta property=\"article:publisher\" content=\"https:\/\/www.facebook.com\/BoxRepsol\" \/>\n<meta property=\"article:author\" content=\"https:\/\/www.facebook.com\/BoxRepsol\/\" \/>\n<meta property=\"article:published_time\" content=\"2020-05-01T02:00:00+00:00\" \/>\n<meta property=\"article:modified_time\" content=\"2024-04-19T12:10:00+00:00\" \/>\n<meta property=\"og:image\" content=\"https:\/\/www.boxrepsol.com\/wp-content\/uploads\/2022\/08\/marc-besando-trofeo.jpg\" \/>\n\t<meta property=\"og:image:width\" content=\"1280\" \/>\n\t<meta property=\"og:image:height\" content=\"700\" \/>\n\t<meta property=\"og:image:type\" content=\"image\/jpeg\" \/>\n<meta name=\"author\" content=\"Redacci\u00f3n Box Repsol\" \/>\n<meta name=\"twitter:card\" content=\"summary_large_image\" \/>\n<meta name=\"twitter:creator\" content=\"@https:\/\/twitter.com\/box_repsol\" \/>\n<meta name=\"twitter:site\" content=\"@box_repsol\" \/>\n<meta name=\"twitter:label1\" content=\"Written by\" \/>\n\t<meta name=\"twitter:data1\" content=\"Redacci\u00f3n Box Repsol\" \/>\n\t<meta name=\"twitter:label2\" content=\"Est. reading time\" \/>\n\t<meta name=\"twitter:data2\" content=\"3 minutos\" \/>\n<script type=\"application\/ld+json\" class=\"yoast-schema-graph\">{\"@context\":\"https:\\\/\\\/schema.org\",\"@graph\":[{\"@type\":\"Article\",\"@id\":\"https:\\\/\\\/www.boxrepsol.com\\\/es\\\/motogp\\\/donde-guarda-sus-tesoros-marc-marquez\\\/#article\",\"isPartOf\":{\"@id\":\"https:\\\/\\\/www.boxrepsol.com\\\/es\\\/motogp\\\/donde-guarda-sus-tesoros-marc-marquez\\\/\"},\"author\":{\"name\":\"Redacci\u00f3n Box Repsol\",\"@id\":\"https:\\\/\\\/www.boxrepsol.com\\\/es\\\/#\\\/schema\\\/person\\\/c5c2138f2cca251b0ad92b7086bb60b7\"},\"headline\":\"\u00bfD\u00f3nde guarda sus tesoros Marc M\u00e1rquez?\",\"datePublished\":\"2020-05-01T02:00:00+00:00\",\"dateModified\":\"2024-04-19T12:10:00+00:00\",\"mainEntityOfPage\":{\"@id\":\"https:\\\/\\\/www.boxrepsol.com\\\/es\\\/motogp\\\/donde-guarda-sus-tesoros-marc-marquez\\\/\"},\"wordCount\":593,\"commentCount\":0,\"publisher\":{\"@id\":\"https:\\\/\\\/www.boxrepsol.com\\\/es\\\/#organization\"},\"image\":{\"@id\":\"https:\\\/\\\/www.boxrepsol.com\\\/es\\\/motogp\\\/donde-guarda-sus-tesoros-marc-marquez\\\/#primaryimage\"},\"thumbnailUrl\":\"https:\\\/\\\/www.boxrepsol.com\\\/wp-content\\\/uploads\\\/2022\\\/08\\\/marc-besando-trofeo.jpg\",\"keywords\":[\"Marc M\u00e1rquez\"],\"articleSection\":[\"MotoGP\"],\"inLanguage\":\"es\",\"potentialAction\":[{\"@type\":\"CommentAction\",\"name\":\"Comment\",\"target\":[\"https:\\\/\\\/www.boxrepsol.com\\\/es\\\/motogp\\\/donde-guarda-sus-tesoros-marc-marquez\\\/#respond\"]}]},{\"@type\":\"WebPage\",\"@id\":\"https:\\\/\\\/www.boxrepsol.com\\\/es\\\/motogp\\\/donde-guarda-sus-tesoros-marc-marquez\\\/\",\"url\":\"https:\\\/\\\/www.boxrepsol.com\\\/es\\\/motogp\\\/donde-guarda-sus-tesoros-marc-marquez\\\/\",\"name\":\"\u00bfD\u00f3nde guarda sus tesoros Marc M\u00e1rquez? - Box Repsol\",\"isPartOf\":{\"@id\":\"https:\\\/\\\/www.boxrepsol.com\\\/es\\\/#website\"},\"primaryImageOfPage\":{\"@id\":\"https:\\\/\\\/www.boxrepsol.com\\\/es\\\/motogp\\\/donde-guarda-sus-tesoros-marc-marquez\\\/#primaryimage\"},\"image\":{\"@id\":\"https:\\\/\\\/www.boxrepsol.com\\\/es\\\/motogp\\\/donde-guarda-sus-tesoros-marc-marquez\\\/#primaryimage\"},\"thumbnailUrl\":\"https:\\\/\\\/www.boxrepsol.com\\\/wp-content\\\/uploads\\\/2022\\\/08\\\/marc-besando-trofeo.jpg\",\"datePublished\":\"2020-05-01T02:00:00+00:00\",\"dateModified\":\"2024-04-19T12:10:00+00:00\",\"description\":\"Marc M\u00e1rquez hizo historia al proclamarse campe\u00f3n del mundo de MotoGP con Repsol Honda a la edad de 20 a\u00f1os, ocho meses y 24 d\u00edas.\",\"breadcrumb\":{\"@id\":\"https:\\\/\\\/www.boxrepsol.com\\\/es\\\/motogp\\\/donde-guarda-sus-tesoros-marc-marquez\\\/#breadcrumb\"},\"inLanguage\":\"es\",\"potentialAction\":[{\"@type\":\"ReadAction\",\"target\":[\"https:\\\/\\\/www.boxrepsol.com\\\/es\\\/motogp\\\/donde-guarda-sus-tesoros-marc-marquez\\\/\"]}]},{\"@type\":\"ImageObject\",\"inLanguage\":\"es\",\"@id\":\"https:\\\/\\\/www.boxrepsol.com\\\/es\\\/motogp\\\/donde-guarda-sus-tesoros-marc-marquez\\\/#primaryimage\",\"url\":\"https:\\\/\\\/www.boxrepsol.com\\\/wp-content\\\/uploads\\\/2022\\\/08\\\/marc-besando-trofeo.jpg\",\"contentUrl\":\"https:\\\/\\\/www.boxrepsol.com\\\/wp-content\\\/uploads\\\/2022\\\/08\\\/marc-besando-trofeo.jpg\",\"width\":1280,\"height\":700,\"caption\":\"Marc M\u00e1rquez besando un trofeo en el podio\"},{\"@type\":\"BreadcrumbList\",\"@id\":\"https:\\\/\\\/www.boxrepsol.com\\\/es\\\/motogp\\\/donde-guarda-sus-tesoros-marc-marquez\\\/#breadcrumb\",\"itemListElement\":[{\"@type\":\"ListItem\",\"position\":1,\"name\":\"Home\",\"item\":\"https:\\\/\\\/www.boxrepsol.com\\\/es\\\/\"},{\"@type\":\"ListItem\",\"position\":2,\"name\":\"\u00bfD\u00f3nde guarda sus tesoros Marc M\u00e1rquez?\"}]},{\"@type\":\"WebSite\",\"@id\":\"https:\\\/\\\/www.boxrepsol.com\\\/es\\\/#website\",\"url\":\"https:\\\/\\\/www.boxrepsol.com\\\/es\\\/\",\"name\":\"Box Repsol\",\"description\":\"Box Repsol Site\",\"publisher\":{\"@id\":\"https:\\\/\\\/www.boxrepsol.com\\\/es\\\/#organization\"},\"potentialAction\":[{\"@type\":\"SearchAction\",\"target\":{\"@type\":\"EntryPoint\",\"urlTemplate\":\"https:\\\/\\\/www.boxrepsol.com\\\/es\\\/?s={search_term_string}\"},\"query-input\":{\"@type\":\"PropertyValueSpecification\",\"valueRequired\":true,\"valueName\":\"search_term_string\"}}],\"inLanguage\":\"es\"},{\"@type\":\"Organization\",\"@id\":\"https:\\\/\\\/www.boxrepsol.com\\\/es\\\/#organization\",\"name\":\"Box Repsol\",\"url\":\"https:\\\/\\\/www.boxrepsol.com\\\/es\\\/\",\"logo\":{\"@type\":\"ImageObject\",\"inLanguage\":\"es\",\"@id\":\"https:\\\/\\\/www.boxrepsol.com\\\/es\\\/#\\\/schema\\\/logo\\\/image\\\/\",\"url\":\"https:\\\/\\\/bxrepsol.s3.eu-west-1.amazonaws.com\\\/static\\\/2025\\\/07\\\/30083337\\\/favicon-96x96-1.png\",\"contentUrl\":\"https:\\\/\\\/bxrepsol.s3.eu-west-1.amazonaws.com\\\/static\\\/2025\\\/07\\\/30083337\\\/favicon-96x96-1.png\",\"width\":96,\"height\":96,\"caption\":\"Box Repsol\"},\"image\":{\"@id\":\"https:\\\/\\\/www.boxrepsol.com\\\/es\\\/#\\\/schema\\\/logo\\\/image\\\/\"},\"sameAs\":[\"https:\\\/\\\/www.facebook.com\\\/BoxRepsol\",\"https:\\\/\\\/x.com\\\/box_repsol\",\"http:\\\/\\\/instagram.com\\\/box_repsol\",\"https:\\\/\\\/www.youtube.com\\\/user\\\/RepsolCompeticion\",\"https:\\\/\\\/www.flickr.com\\\/photos\\\/box_repsol\\\/\"]},{\"@type\":\"Person\",\"@id\":\"https:\\\/\\\/www.boxrepsol.com\\\/es\\\/#\\\/schema\\\/person\\\/c5c2138f2cca251b0ad92b7086bb60b7\",\"name\":\"Redacci\u00f3n Box Repsol\",\"image\":{\"@type\":\"ImageObject\",\"inLanguage\":\"es\",\"@id\":\"https:\\\/\\\/secure.gravatar.com\\\/avatar\\\/adf7b77e38b4419baf32c7e9c21dde01f4e40df611f0978e3006fc4ba0aaab7e?s=96&d=mm&r=g\",\"url\":\"https:\\\/\\\/secure.gravatar.com\\\/avatar\\\/adf7b77e38b4419baf32c7e9c21dde01f4e40df611f0978e3006fc4ba0aaab7e?s=96&d=mm&r=g\",\"contentUrl\":\"https:\\\/\\\/secure.gravatar.com\\\/avatar\\\/adf7b77e38b4419baf32c7e9c21dde01f4e40df611f0978e3006fc4ba0aaab7e?s=96&d=mm&r=g\",\"caption\":\"Redacci\u00f3n Box Repsol\"},\"description\":\"Box Repsol lo forma un equipo de periodistas, community managers, dise\u00f1adores y fot\u00f3grafos con m\u00e1s de 20 a\u00f1os de experiencia en el mundo del motorsport. Hemos vivido el primer mundial de un espa\u00f1ol en la categor\u00eda reina de motociclismo con \u00c1lex Crivill\u00e9, estuvimos en las victorias de Pedrosa y los t\u00edtulos de M\u00e1rquez, acompa\u00f1amos en \u00c1frica a Nani Roma y Marc Coma en sus conquistas del Dakar y hemos vibrado con los t\u00edtulos de Toni Bou en Trial. Adem\u00e1s, en nuestro equipo contamos con expertos en el mundo de las dos y cuatro ruedas tanto de la calle y las carreteras, como de los circuitos. Periodistas que han trabajado en revistas y publicaciones para hacerte llegar desde rutas y consejos de mantenimiento, a curiosidades y trucos de pilotaje.\",\"sameAs\":[\"https:\\\/\\\/www.facebook.com\\\/BoxRepsol\\\/\",\"https:\\\/\\\/www.instagram.com\\\/box_repsol\\\/\",\"https:\\\/\\\/x.com\\\/https:\\\/\\\/twitter.com\\\/box_repsol\",\"https:\\\/\\\/www.youtube.com\\\/@Boxrepsol\"],\"url\":\"https:\\\/\\\/www.boxrepsol.com\\\/es\\\/author\\\/redaccion-box-repsol\\\/\"}]}<\/script>\n<!-- \/ Yoast SEO plugin. -->","yoast_head_json":{"title":"\u00bfD\u00f3nde guarda sus tesoros Marc M\u00e1rquez? - Box Repsol","description":"Marc M\u00e1rquez hizo historia al proclamarse campe\u00f3n del mundo de MotoGP con Repsol Honda a la edad de 20 a\u00f1os, ocho meses y 24 d\u00edas.","canonical":"https:\/\/www.boxrepsol.com\/es\/motogp\/donde-guarda-sus-tesoros-marc-marquez\/","og_locale":"es_ES","og_type":"article","og_title":"\u00bfD\u00f3nde guarda sus tesoros Marc M\u00e1rquez? - Box Repsol","og_description":"Marc M\u00e1rquez hizo historia al proclamarse campe\u00f3n del mundo de MotoGP con Repsol Honda a la edad de 20 a\u00f1os, ocho meses y 24 d\u00edas.","og_url":"https:\/\/www.boxrepsol.com\/es\/motogp\/donde-guarda-sus-tesoros-marc-marquez\/","og_site_name":"Box Repsol","article_publisher":"https:\/\/www.facebook.com\/BoxRepsol","article_author":"https:\/\/www.facebook.com\/BoxRepsol\/","article_published_time":"2020-05-01T02:00:00+00:00","article_modified_time":"2024-04-19T12:10:00+00:00","og_image":[{"width":1280,"height":700,"url":"https:\/\/www.boxrepsol.com\/wp-content\/uploads\/2022\/08\/marc-besando-trofeo.jpg","type":"image\/jpeg"}],"author":"Redacci\u00f3n Box Repsol","twitter_card":"summary_large_image","twitter_creator":"@https:\/\/twitter.com\/box_repsol","twitter_site":"@box_repsol","twitter_misc":{"Written by":"Redacci\u00f3n Box Repsol","Est. reading time":"3 minutos"},"schema":{"@context":"https:\/\/schema.org","@graph":[{"@type":"Article","@id":"https:\/\/www.boxrepsol.com\/es\/motogp\/donde-guarda-sus-tesoros-marc-marquez\/#article","isPartOf":{"@id":"https:\/\/www.boxrepsol.com\/es\/motogp\/donde-guarda-sus-tesoros-marc-marquez\/"},"author":{"name":"Redacci\u00f3n Box Repsol","@id":"https:\/\/www.boxrepsol.com\/es\/#\/schema\/person\/c5c2138f2cca251b0ad92b7086bb60b7"},"headline":"\u00bfD\u00f3nde guarda sus tesoros Marc M\u00e1rquez?","datePublished":"2020-05-01T02:00:00+00:00","dateModified":"2024-04-19T12:10:00+00:00","mainEntityOfPage":{"@id":"https:\/\/www.boxrepsol.com\/es\/motogp\/donde-guarda-sus-tesoros-marc-marquez\/"},"wordCount":593,"commentCount":0,"publisher":{"@id":"https:\/\/www.boxrepsol.com\/es\/#organization"},"image":{"@id":"https:\/\/www.boxrepsol.com\/es\/motogp\/donde-guarda-sus-tesoros-marc-marquez\/#primaryimage"},"thumbnailUrl":"https:\/\/www.boxrepsol.com\/wp-content\/uploads\/2022\/08\/marc-besando-trofeo.jpg","keywords":["Marc M\u00e1rquez"],"articleSection":["MotoGP"],"inLanguage":"es","potentialAction":[{"@type":"CommentAction","name":"Comment","target":["https:\/\/www.boxrepsol.com\/es\/motogp\/donde-guarda-sus-tesoros-marc-marquez\/#respond"]}]},{"@type":"WebPage","@id":"https:\/\/www.boxrepsol.com\/es\/motogp\/donde-guarda-sus-tesoros-marc-marquez\/","url":"https:\/\/www.boxrepsol.com\/es\/motogp\/donde-guarda-sus-tesoros-marc-marquez\/","name":"\u00bfD\u00f3nde guarda sus tesoros Marc M\u00e1rquez? - Box Repsol","isPartOf":{"@id":"https:\/\/www.boxrepsol.com\/es\/#website"},"primaryImageOfPage":{"@id":"https:\/\/www.boxrepsol.com\/es\/motogp\/donde-guarda-sus-tesoros-marc-marquez\/#primaryimage"},"image":{"@id":"https:\/\/www.boxrepsol.com\/es\/motogp\/donde-guarda-sus-tesoros-marc-marquez\/#primaryimage"},"thumbnailUrl":"https:\/\/www.boxrepsol.com\/wp-content\/uploads\/2022\/08\/marc-besando-trofeo.jpg","datePublished":"2020-05-01T02:00:00+00:00","dateModified":"2024-04-19T12:10:00+00:00","description":"Marc M\u00e1rquez hizo historia al proclamarse campe\u00f3n del mundo de MotoGP con Repsol Honda a la edad de 20 a\u00f1os, ocho meses y 24 d\u00edas.","breadcrumb":{"@id":"https:\/\/www.boxrepsol.com\/es\/motogp\/donde-guarda-sus-tesoros-marc-marquez\/#breadcrumb"},"inLanguage":"es","potentialAction":[{"@type":"ReadAction","target":["https:\/\/www.boxrepsol.com\/es\/motogp\/donde-guarda-sus-tesoros-marc-marquez\/"]}]},{"@type":"ImageObject","inLanguage":"es","@id":"https:\/\/www.boxrepsol.com\/es\/motogp\/donde-guarda-sus-tesoros-marc-marquez\/#primaryimage","url":"https:\/\/www.boxrepsol.com\/wp-content\/uploads\/2022\/08\/marc-besando-trofeo.jpg","contentUrl":"https:\/\/www.boxrepsol.com\/wp-content\/uploads\/2022\/08\/marc-besando-trofeo.jpg","width":1280,"height":700,"caption":"Marc M\u00e1rquez besando un trofeo en el podio"},{"@type":"BreadcrumbList","@id":"https:\/\/www.boxrepsol.com\/es\/motogp\/donde-guarda-sus-tesoros-marc-marquez\/#breadcrumb","itemListElement":[{"@type":"ListItem","position":1,"name":"Home","item":"https:\/\/www.boxrepsol.com\/es\/"},{"@type":"ListItem","position":2,"name":"\u00bfD\u00f3nde guarda sus tesoros Marc M\u00e1rquez?"}]},{"@type":"WebSite","@id":"https:\/\/www.boxrepsol.com\/es\/#website","url":"https:\/\/www.boxrepsol.com\/es\/","name":"Box Repsol","description":"Box Repsol Site","publisher":{"@id":"https:\/\/www.boxrepsol.com\/es\/#organization"},"potentialAction":[{"@type":"SearchAction","target":{"@type":"EntryPoint","urlTemplate":"https:\/\/www.boxrepsol.com\/es\/?s={search_term_string}"},"query-input":{"@type":"PropertyValueSpecification","valueRequired":true,"valueName":"search_term_string"}}],"inLanguage":"es"},{"@type":"Organization","@id":"https:\/\/www.boxrepsol.com\/es\/#organization","name":"Box Repsol","url":"https:\/\/www.boxrepsol.com\/es\/","logo":{"@type":"ImageObject","inLanguage":"es","@id":"https:\/\/www.boxrepsol.com\/es\/#\/schema\/logo\/image\/","url":"https:\/\/bxrepsol.s3.eu-west-1.amazonaws.com\/static\/2025\/07\/30083337\/favicon-96x96-1.png","contentUrl":"https:\/\/bxrepsol.s3.eu-west-1.amazonaws.com\/static\/2025\/07\/30083337\/favicon-96x96-1.png","width":96,"height":96,"caption":"Box Repsol"},"image":{"@id":"https:\/\/www.boxrepsol.com\/es\/#\/schema\/logo\/image\/"},"sameAs":["https:\/\/www.facebook.com\/BoxRepsol","https:\/\/x.com\/box_repsol","http:\/\/instagram.com\/box_repsol","https:\/\/www.youtube.com\/user\/RepsolCompeticion","https:\/\/www.flickr.com\/photos\/box_repsol\/"]},{"@type":"Person","@id":"https:\/\/www.boxrepsol.com\/es\/#\/schema\/person\/c5c2138f2cca251b0ad92b7086bb60b7","name":"Redacci\u00f3n Box Repsol","image":{"@type":"ImageObject","inLanguage":"es","@id":"https:\/\/secure.gravatar.com\/avatar\/adf7b77e38b4419baf32c7e9c21dde01f4e40df611f0978e3006fc4ba0aaab7e?s=96&d=mm&r=g","url":"https:\/\/secure.gravatar.com\/avatar\/adf7b77e38b4419baf32c7e9c21dde01f4e40df611f0978e3006fc4ba0aaab7e?s=96&d=mm&r=g","contentUrl":"https:\/\/secure.gravatar.com\/avatar\/adf7b77e38b4419baf32c7e9c21dde01f4e40df611f0978e3006fc4ba0aaab7e?s=96&d=mm&r=g","caption":"Redacci\u00f3n Box Repsol"},"description":"Box Repsol lo forma un equipo de periodistas, community managers, dise\u00f1adores y fot\u00f3grafos con m\u00e1s de 20 a\u00f1os de experiencia en el mundo del motorsport. Hemos vivido el primer mundial de un espa\u00f1ol en la categor\u00eda reina de motociclismo con \u00c1lex Crivill\u00e9, estuvimos en las victorias de Pedrosa y los t\u00edtulos de M\u00e1rquez, acompa\u00f1amos en \u00c1frica a Nani Roma y Marc Coma en sus conquistas del Dakar y hemos vibrado con los t\u00edtulos de Toni Bou en Trial. Adem\u00e1s, en nuestro equipo contamos con expertos en el mundo de las dos y cuatro ruedas tanto de la calle y las carreteras, como de los circuitos. Periodistas que han trabajado en revistas y publicaciones para hacerte llegar desde rutas y consejos de mantenimiento, a curiosidades y trucos de pilotaje.","sameAs":["https:\/\/www.facebook.com\/BoxRepsol\/","https:\/\/www.instagram.com\/box_repsol\/","https:\/\/x.com\/https:\/\/twitter.com\/box_repsol","https:\/\/www.youtube.com\/@Boxrepsol"],"url":"https:\/\/www.boxrepsol.com\/es\/author\/redaccion-box-repsol\/"}]}},"_links":{"self":[{"href":"https:\/\/www.boxrepsol.com\/es\/wp-json\/wp\/v2\/posts\/89587","targetHints":{"allow":["GET"]}}],"collection":[{"href":"https:\/\/www.boxrepsol.com\/es\/wp-json\/wp\/v2\/posts"}],"about":[{"href":"https:\/\/www.boxrepsol.com\/es\/wp-json\/wp\/v2\/types\/post"}],"author":[{"embeddable":true,"href":"https:\/\/www.boxrepsol.com\/es\/wp-json\/wp\/v2\/users\/43146"}],"replies":[{"embeddable":true,"href":"https:\/\/www.boxrepsol.com\/es\/wp-json\/wp\/v2\/comments?post=89587"}],"version-history":[{"count":1,"href":"https:\/\/www.boxrepsol.com\/es\/wp-json\/wp\/v2\/posts\/89587\/revisions"}],"predecessor-version":[{"id":89588,"href":"https:\/\/www.boxrepsol.com\/es\/wp-json\/wp\/v2\/posts\/89587\/revisions\/89588"}],"wp:featuredmedia":[{"embeddable":true,"href":"https:\/\/www.boxrepsol.com\/es\/wp-json\/wp\/v2\/media\/85248"}],"wp:attachment":[{"href":"https:\/\/www.boxrepsol.com\/es\/wp-json\/wp\/v2\/media?parent=89587"}],"wp:term":[{"taxonomy":"category","embeddable":true,"href":"https:\/\/www.boxrepsol.com\/es\/wp-json\/wp\/v2\/categories?post=89587"},{"taxonomy":"post_tag","embeddable":true,"href":"https:\/\/www.boxrepsol.com\/es\/wp-json\/wp\/v2\/tags?post=89587"}],"curies":[{"name":"wp","href":"https:\/\/api.w.org\/{rel}","templated":true}]}}