{"id":130336,"date":"2026-04-27T10:14:15","date_gmt":"2026-04-27T12:14:15","guid":{"rendered":"https:\/\/www.boxrepsol.com\/?p=130336"},"modified":"2026-04-27T10:25:53","modified_gmt":"2026-04-27T12:25:53","slug":"emocionante-podio-para-alejandro-cachon-con-una-aficion-canaria-euforica","status":"publish","type":"post","link":"https:\/\/www.boxrepsol.com\/es\/rally\/emocionante-podio-para-alejandro-cachon-con-una-aficion-canaria-euforica\/","title":{"rendered":"Emocionante podio para Cach\u00f3n en Canarias con una afici\u00f3n euf\u00f3rica"},"content":{"rendered":"<figure class=\"wp-block-post-featured-image\"><img loading=\"lazy\" decoding=\"async\" width=\"1200\" height=\"600\" src=\"https:\/\/bxrepsol.s3.eu-west-1.amazonaws.com\/static\/2026\/04\/27101233\/portada-articulo-1-1.png\" class=\"attachment-post-thumbnail size-post-thumbnail wp-post-image\" alt=\"\" style=\"object-fit:cover;\" srcset=\"https:\/\/bxrepsol.s3.eu-west-1.amazonaws.com\/static\/2026\/04\/27101233\/portada-articulo-1-1.png 1200w, https:\/\/bxrepsol.s3.eu-west-1.amazonaws.com\/static\/2026\/04\/27101233\/portada-articulo-1-1-300x150.png 300w, https:\/\/bxrepsol.s3.eu-west-1.amazonaws.com\/static\/2026\/04\/27101233\/portada-articulo-1-1-1024x512.png 1024w, https:\/\/bxrepsol.s3.eu-west-1.amazonaws.com\/static\/2026\/04\/27101233\/portada-articulo-1-1-768x384.png 768w\" sizes=\"auto, (max-width: 1200px) 100vw, 1200px\" \/><\/figure>\n\n\n<p>El Rally de Canarias no ha dejado a nadie indiferente. La primera y \u00fanica cita del campeonato en territorio espa\u00f1ol ha generado mucha expectaci\u00f3n entre el p\u00fablico canario. El calor de la afici\u00f3n se hizo notar y eso le di\u00f3 un push extra al Toyota GR Yaria Rally2 del equipo MSi Racing Team, que no se baj\u00f3 del Top 3 en todo el fin de semana, luchando hasta el final por la victoria de la categor\u00eda WRC2.<\/p>\n\n\n\n<p>La primera jornada arranc\u00f3 en el <strong>Estadio del Gran Canaria<\/strong>, donde en la parte exterior del terreno de juego los pilotos sacaron a relucir su velocidad punta y sus habilidades de derrape. Alejandro Cach\u00f3n llegaba con las pilas cargadas y lo demostr\u00f3 desde el primer bucle, coloc\u00e1ndose ya entre los tres primeros. En ese mismo campo de f\u00fatbol finaliz\u00f3 el \u00faltimo tramo del d\u00eda, con unas gradas llenas totalmente esperanzadas con un buen Rally gracias al<strong> Top3 <\/strong>de la dupla Cach\u00f3n-Rozada.<\/p>\n\n\n\n<div id=\"aa237d1d-db89-4e65-a0a6-d9304dabfe69\" class=\"br-slider-box\"><div class=\"wp-block-create-block-repsol-carousel br-slider\"><a target=\"_blank\" href=\"https:\/\/bxrepsol.s3.eu-west-1.amazonaws.com\/static\/2026\/04\/27100838\/2-2.png\" data-index=\"0\"><img decoding=\"async\" src=\"https:\/\/bxrepsol.s3.eu-west-1.amazonaws.com\/static\/2026\/04\/27100838\/2-2.png\"\/><\/a><a target=\"_blank\" href=\"https:\/\/bxrepsol.s3.eu-west-1.amazonaws.com\/static\/2026\/04\/27101252\/carrusel-repsol-articulo.png\" data-index=\"1\"><img decoding=\"async\" src=\"https:\/\/bxrepsol.s3.eu-west-1.amazonaws.com\/static\/2026\/04\/27101252\/carrusel-repsol-articulo.png\"\/><\/a><a target=\"_blank\" href=\"https:\/\/bxrepsol.s3.eu-west-1.amazonaws.com\/static\/2026\/04\/27100822\/portada-articulo-1.png\" data-index=\"2\"><img decoding=\"async\" src=\"https:\/\/bxrepsol.s3.eu-west-1.amazonaws.com\/static\/2026\/04\/27100822\/portada-articulo-1.png\"\/><\/a><a target=\"_blank\" href=\"https:\/\/bxrepsol.s3.eu-west-1.amazonaws.com\/static\/2026\/04\/27100843\/4-2.png\" data-index=\"3\"><img decoding=\"async\" src=\"https:\/\/bxrepsol.s3.eu-west-1.amazonaws.com\/static\/2026\/04\/27100843\/4-2.png\"\/><\/a><a target=\"_blank\" href=\"https:\/\/bxrepsol.s3.eu-west-1.amazonaws.com\/static\/2026\/04\/27100846\/5-2.png\" data-index=\"4\"><img decoding=\"async\" src=\"https:\/\/bxrepsol.s3.eu-west-1.amazonaws.com\/static\/2026\/04\/27100846\/5-2.png\"\/><\/a><\/div><div class=\"br-slider-buttons\"><button class=\"arrow rds-icon arrow--left rds-icon-Arrow_left\"><\/button><button class=\"arrow rds-icon arrow--right rds-icon-Arrow_right\"><\/button><\/div><\/div>\n\n\n\n<p>El <strong>s\u00e1bado <\/strong>amaneci\u00f3 con mucha niebla, humedad y con ligeras <strong>lluvias <\/strong>que cambiaron totalmente las condiciones de la pista y eso provoc\u00f3 algunos accidentes de otros coches que bloquearon la pista y alargaron la jornada. Pero no fue el caso del piloto asturiano, quien consigui\u00f3 <strong>bajar los tiempos <\/strong>y volar entre las curvas y acantilados de La Palma. Tan solo <strong>diez segundos<\/strong> separaron a Alejandro Cach\u00f3n del l\u00edder provisional L\u00e9o Rossel, coloc\u00e1ndose al final del bucle vespertino en segunda posici\u00f3n. Ambos pilotos se enzarzaron en una lucha muy bonita que auguraba su continuidad al d\u00eda siguiente, asegur\u00e1ndo adem\u00e1s un espect\u00e1culo a la altura del escenario.<\/p>\n\n\n\n<p>El <strong>\u00faltimo d\u00eda<\/strong> empez\u00f3 con un complicado bucle matutino para <strong>Alejandro Cach\u00f3n y Borja Rozada <\/strong>quienes, tras golpear una llanta se vieron obligados a finalizar la jornada con gomas blandas, hecho que pon\u00eda en peligro el poder arriesgar para mantener la segunda plaza. No obstante, la suerte jug\u00f3 a su favor y L\u00e9o Rossel rompi\u00f3 la transmissi\u00f3n, asegurando practicamente la<strong> segunda plaza<\/strong> del equipo de Teo Mart\u00edn.<\/p>\n\n\n\n<div id=\"2c5e135c-59e1-43b7-8c72-2067e7d8c9b4\" class=\"br-slider-box\"><div class=\"wp-block-create-block-repsol-carousel br-slider\"><a target=\"_blank\" href=\"https:\/\/bxrepsol.s3.eu-west-1.amazonaws.com\/static\/2026\/04\/27100854\/8.png\" data-index=\"0\"><img decoding=\"async\" src=\"https:\/\/bxrepsol.s3.eu-west-1.amazonaws.com\/static\/2026\/04\/27100854\/8.png\"\/><\/a><a target=\"_blank\" href=\"https:\/\/bxrepsol.s3.eu-west-1.amazonaws.com\/static\/2026\/04\/27100851\/7.png\" data-index=\"1\"><img decoding=\"async\" src=\"https:\/\/bxrepsol.s3.eu-west-1.amazonaws.com\/static\/2026\/04\/27100851\/7.png\"\/><\/a><a target=\"_blank\" href=\"https:\/\/bxrepsol.s3.eu-west-1.amazonaws.com\/static\/2026\/04\/27100856\/1-2.png\" data-index=\"2\"><img decoding=\"async\" src=\"https:\/\/bxrepsol.s3.eu-west-1.amazonaws.com\/static\/2026\/04\/27100856\/1-2.png\"\/><\/a><a target=\"_blank\" href=\"https:\/\/bxrepsol.s3.eu-west-1.amazonaws.com\/static\/2026\/04\/27100848\/6-1.png\" data-index=\"3\"><img decoding=\"async\" src=\"https:\/\/bxrepsol.s3.eu-west-1.amazonaws.com\/static\/2026\/04\/27100848\/6-1.png\"\/><\/a><a target=\"_blank\" href=\"https:\/\/bxrepsol.s3.eu-west-1.amazonaws.com\/static\/2026\/04\/27100841\/3-2.png\" data-index=\"4\"><img decoding=\"async\" src=\"https:\/\/bxrepsol.s3.eu-west-1.amazonaws.com\/static\/2026\/04\/27100841\/3-2.png\"\/><\/a><\/div><div class=\"br-slider-buttons\"><button class=\"arrow rds-icon arrow--left rds-icon-Arrow_left\"><\/button><button class=\"arrow rds-icon arrow--right rds-icon-Arrow_right\"><\/button><\/div><\/div>\n\n\n\n<p>Finalmente, la dupla espa\u00f1ola consigui\u00f3 imponerse en la<strong> categor\u00eda WRC2 Challenger y llevarse la victoria.<\/strong> Pero se quedaron a las puertas de conseguir tambi\u00e9n la victoria en la<strong> categor\u00eda general de WRC2, donde finalizaron en segunda posici\u00f3n<\/strong>. Esta ha sido la segunda prueba puntuable para Alejandro Cach\u00f3n y Borja Rozada. El pr\u00f3ximo terreno al que se enfrentar\u00e1n ser\u00e1 el del <strong>Rallye de Portugal del 7 al 19 de mayo<\/strong>, donde el equipo buscar\u00e1 seguir con el buen ritmo y las buenas sensaciones de Canarias y repetir podio. Y, por qu\u00e9 no, lograr la tan ansiada victoria.<\/p>\n\n\n\n<figure class=\"wp-block-embed aligncenter is-type-rich is-provider-twitter wp-block-embed-twitter\"><div class=\"wp-block-embed__wrapper\">\n<blockquote class=\"twitter-tweet\" data-width=\"500\" data-dnt=\"true\"><p lang=\"es\" dir=\"ltr\">\ud83d\udcf7 Os dejamos algunas de las mejores im\u00e1genes junto a este espectacular paisaje.<a href=\"https:\/\/twitter.com\/hashtag\/WRC2?src=hash&amp;ref_src=twsrc%5Etfw\">#WRC2<\/a><a href=\"https:\/\/twitter.com\/hashtag\/BoxRepsol?src=hash&amp;ref_src=twsrc%5Etfw\">#BoxRepsol<\/a> <a href=\"https:\/\/t.co\/u7XLQM3SdP\">pic.twitter.com\/u7XLQM3SdP<\/a><\/p>&mdash; Box_Repsol (@box_repsol) <a href=\"https:\/\/twitter.com\/box_repsol\/status\/2048493493081735170?ref_src=twsrc%5Etfw\">April 26, 2026<\/a><\/blockquote><script async src=\"https:\/\/platform.twitter.com\/widgets.js\" charset=\"utf-8\"><\/script>\n<\/div><\/figure>\n","protected":false},"excerpt":{"rendered":"<p>Gran actuaci\u00f3n de Alejandro Cach\u00f3n y Borja Rozada en el Rally de las Islas Canarias con una espectacular segunda posici\u00f3n en WRC2 y en primera plaza en la categor\u00eda WRC2 Challenger. <\/p>\n","protected":false},"author":43146,"featured_media":130369,"comment_status":"open","ping_status":"closed","sticky":false,"template":"","format":"standard","meta":{"footnotes":""},"categories":[27],"tags":[333],"class_list":["post-130336","post","type-post","status-publish","format-standard","hentry","category-rally","tag-competicion"],"yoast_head":"<!-- This site is optimized with the Yoast SEO plugin v27.3 - https:\/\/yoast.com\/product\/yoast-seo-wordpress\/ -->\n<title>Emocionante podio para Cach\u00f3n en Canarias con una afici\u00f3n euf\u00f3rica - Box Repsol<\/title>\n<link rel=\"canonical\" href=\"https:\/\/www.boxrepsol.com\/es\/rally\/emocionante-podio-para-alejandro-cachon-con-una-aficion-canaria-euforica\/\" \/>\n<meta property=\"og:locale\" content=\"es_ES\" \/>\n<meta property=\"og:type\" content=\"article\" \/>\n<meta property=\"og:title\" content=\"Emocionante podio para Cach\u00f3n en Canarias con una afici\u00f3n euf\u00f3rica - Box Repsol\" \/>\n<meta property=\"og:description\" content=\"Gran actuaci\u00f3n de Alejandro Cach\u00f3n y Borja Rozada en el Rally de las Islas Canarias con una espectacular segunda posici\u00f3n en WRC2 y en primera plaza en la categor\u00eda WRC2 Challenger.\" \/>\n<meta property=\"og:url\" content=\"https:\/\/www.boxrepsol.com\/es\/rally\/emocionante-podio-para-alejandro-cachon-con-una-aficion-canaria-euforica\/\" \/>\n<meta property=\"og:site_name\" content=\"Box Repsol\" \/>\n<meta property=\"article:publisher\" content=\"https:\/\/www.facebook.com\/BoxRepsol\" \/>\n<meta property=\"article:author\" content=\"https:\/\/www.facebook.com\/BoxRepsol\/\" \/>\n<meta property=\"article:published_time\" content=\"2026-04-27T12:14:15+00:00\" \/>\n<meta property=\"article:modified_time\" content=\"2026-04-27T12:25:53+00:00\" \/>\n<meta property=\"og:image\" content=\"https:\/\/bxrepsol.s3.eu-west-1.amazonaws.com\/static\/2026\/04\/27101233\/portada-articulo-1-1.png\" \/>\n\t<meta property=\"og:image:width\" content=\"1200\" \/>\n\t<meta property=\"og:image:height\" content=\"600\" \/>\n\t<meta property=\"og:image:type\" content=\"image\/png\" \/>\n<meta name=\"author\" content=\"Redacci\u00f3n Box Repsol\" \/>\n<meta name=\"twitter:card\" content=\"summary_large_image\" \/>\n<meta name=\"twitter:creator\" content=\"@https:\/\/twitter.com\/box_repsol\" \/>\n<meta name=\"twitter:site\" content=\"@box_repsol\" \/>\n<meta name=\"twitter:label1\" content=\"Written by\" \/>\n\t<meta name=\"twitter:data1\" content=\"Redacci\u00f3n Box Repsol\" \/>\n\t<meta name=\"twitter:label2\" content=\"Est. reading time\" \/>\n\t<meta name=\"twitter:data2\" content=\"2 minutos\" \/>\n<script type=\"application\/ld+json\" class=\"yoast-schema-graph\">{\"@context\":\"https:\\\/\\\/schema.org\",\"@graph\":[{\"@type\":\"Article\",\"@id\":\"https:\\\/\\\/www.boxrepsol.com\\\/es\\\/rally\\\/emocionante-podio-para-alejandro-cachon-con-una-aficion-canaria-euforica\\\/#article\",\"isPartOf\":{\"@id\":\"https:\\\/\\\/www.boxrepsol.com\\\/es\\\/rally\\\/emocionante-podio-para-alejandro-cachon-con-una-aficion-canaria-euforica\\\/\"},\"author\":{\"name\":\"Redacci\u00f3n Box Repsol\",\"@id\":\"https:\\\/\\\/www.boxrepsol.com\\\/es\\\/#\\\/schema\\\/person\\\/c5c2138f2cca251b0ad92b7086bb60b7\"},\"headline\":\"Emocionante podio para Cach\u00f3n en Canarias con una afici\u00f3n euf\u00f3rica\",\"datePublished\":\"2026-04-27T12:14:15+00:00\",\"dateModified\":\"2026-04-27T12:25:53+00:00\",\"mainEntityOfPage\":{\"@id\":\"https:\\\/\\\/www.boxrepsol.com\\\/es\\\/rally\\\/emocionante-podio-para-alejandro-cachon-con-una-aficion-canaria-euforica\\\/\"},\"wordCount\":476,\"commentCount\":0,\"publisher\":{\"@id\":\"https:\\\/\\\/www.boxrepsol.com\\\/es\\\/#organization\"},\"image\":{\"@id\":\"https:\\\/\\\/www.boxrepsol.com\\\/es\\\/rally\\\/emocionante-podio-para-alejandro-cachon-con-una-aficion-canaria-euforica\\\/#primaryimage\"},\"thumbnailUrl\":\"https:\\\/\\\/bxrepsol.s3.eu-west-1.amazonaws.com\\\/static\\\/2026\\\/04\\\/27101233\\\/portada-articulo-1-1.png\",\"keywords\":[\"Competici\u00f3n\"],\"articleSection\":[\"Rally\"],\"inLanguage\":\"es\",\"potentialAction\":[{\"@type\":\"CommentAction\",\"name\":\"Comment\",\"target\":[\"https:\\\/\\\/www.boxrepsol.com\\\/es\\\/rally\\\/emocionante-podio-para-alejandro-cachon-con-una-aficion-canaria-euforica\\\/#respond\"]}]},{\"@type\":\"WebPage\",\"@id\":\"https:\\\/\\\/www.boxrepsol.com\\\/es\\\/rally\\\/emocionante-podio-para-alejandro-cachon-con-una-aficion-canaria-euforica\\\/\",\"url\":\"https:\\\/\\\/www.boxrepsol.com\\\/es\\\/rally\\\/emocionante-podio-para-alejandro-cachon-con-una-aficion-canaria-euforica\\\/\",\"name\":\"Emocionante podio para Cach\u00f3n en Canarias con una afici\u00f3n euf\u00f3rica - Box Repsol\",\"isPartOf\":{\"@id\":\"https:\\\/\\\/www.boxrepsol.com\\\/es\\\/#website\"},\"primaryImageOfPage\":{\"@id\":\"https:\\\/\\\/www.boxrepsol.com\\\/es\\\/rally\\\/emocionante-podio-para-alejandro-cachon-con-una-aficion-canaria-euforica\\\/#primaryimage\"},\"image\":{\"@id\":\"https:\\\/\\\/www.boxrepsol.com\\\/es\\\/rally\\\/emocionante-podio-para-alejandro-cachon-con-una-aficion-canaria-euforica\\\/#primaryimage\"},\"thumbnailUrl\":\"https:\\\/\\\/bxrepsol.s3.eu-west-1.amazonaws.com\\\/static\\\/2026\\\/04\\\/27101233\\\/portada-articulo-1-1.png\",\"datePublished\":\"2026-04-27T12:14:15+00:00\",\"dateModified\":\"2026-04-27T12:25:53+00:00\",\"breadcrumb\":{\"@id\":\"https:\\\/\\\/www.boxrepsol.com\\\/es\\\/rally\\\/emocionante-podio-para-alejandro-cachon-con-una-aficion-canaria-euforica\\\/#breadcrumb\"},\"inLanguage\":\"es\",\"potentialAction\":[{\"@type\":\"ReadAction\",\"target\":[\"https:\\\/\\\/www.boxrepsol.com\\\/es\\\/rally\\\/emocionante-podio-para-alejandro-cachon-con-una-aficion-canaria-euforica\\\/\"]}]},{\"@type\":\"ImageObject\",\"inLanguage\":\"es\",\"@id\":\"https:\\\/\\\/www.boxrepsol.com\\\/es\\\/rally\\\/emocionante-podio-para-alejandro-cachon-con-una-aficion-canaria-euforica\\\/#primaryimage\",\"url\":\"https:\\\/\\\/bxrepsol.s3.eu-west-1.amazonaws.com\\\/static\\\/2026\\\/04\\\/27101233\\\/portada-articulo-1-1.png\",\"contentUrl\":\"https:\\\/\\\/bxrepsol.s3.eu-west-1.amazonaws.com\\\/static\\\/2026\\\/04\\\/27101233\\\/portada-articulo-1-1.png\",\"width\":1200,\"height\":600},{\"@type\":\"BreadcrumbList\",\"@id\":\"https:\\\/\\\/www.boxrepsol.com\\\/es\\\/rally\\\/emocionante-podio-para-alejandro-cachon-con-una-aficion-canaria-euforica\\\/#breadcrumb\",\"itemListElement\":[{\"@type\":\"ListItem\",\"position\":1,\"name\":\"Home\",\"item\":\"https:\\\/\\\/www.boxrepsol.com\\\/es\\\/\"},{\"@type\":\"ListItem\",\"position\":2,\"name\":\"Emocionante podio para Cach\u00f3n en Canarias con una afici\u00f3n euf\u00f3rica\"}]},{\"@type\":\"WebSite\",\"@id\":\"https:\\\/\\\/www.boxrepsol.com\\\/es\\\/#website\",\"url\":\"https:\\\/\\\/www.boxrepsol.com\\\/es\\\/\",\"name\":\"Box Repsol\",\"description\":\"Box Repsol Site\",\"publisher\":{\"@id\":\"https:\\\/\\\/www.boxrepsol.com\\\/es\\\/#organization\"},\"potentialAction\":[{\"@type\":\"SearchAction\",\"target\":{\"@type\":\"EntryPoint\",\"urlTemplate\":\"https:\\\/\\\/www.boxrepsol.com\\\/es\\\/?s={search_term_string}\"},\"query-input\":{\"@type\":\"PropertyValueSpecification\",\"valueRequired\":true,\"valueName\":\"search_term_string\"}}],\"inLanguage\":\"es\"},{\"@type\":\"Organization\",\"@id\":\"https:\\\/\\\/www.boxrepsol.com\\\/es\\\/#organization\",\"name\":\"Box Repsol\",\"url\":\"https:\\\/\\\/www.boxrepsol.com\\\/es\\\/\",\"logo\":{\"@type\":\"ImageObject\",\"inLanguage\":\"es\",\"@id\":\"https:\\\/\\\/www.boxrepsol.com\\\/es\\\/#\\\/schema\\\/logo\\\/image\\\/\",\"url\":\"https:\\\/\\\/bxrepsol.s3.eu-west-1.amazonaws.com\\\/static\\\/2025\\\/07\\\/30083337\\\/favicon-96x96-1.png\",\"contentUrl\":\"https:\\\/\\\/bxrepsol.s3.eu-west-1.amazonaws.com\\\/static\\\/2025\\\/07\\\/30083337\\\/favicon-96x96-1.png\",\"width\":96,\"height\":96,\"caption\":\"Box Repsol\"},\"image\":{\"@id\":\"https:\\\/\\\/www.boxrepsol.com\\\/es\\\/#\\\/schema\\\/logo\\\/image\\\/\"},\"sameAs\":[\"https:\\\/\\\/www.facebook.com\\\/BoxRepsol\",\"https:\\\/\\\/x.com\\\/box_repsol\",\"http:\\\/\\\/instagram.com\\\/box_repsol\",\"https:\\\/\\\/www.youtube.com\\\/user\\\/RepsolCompeticion\",\"https:\\\/\\\/www.flickr.com\\\/photos\\\/box_repsol\\\/\"]},{\"@type\":\"Person\",\"@id\":\"https:\\\/\\\/www.boxrepsol.com\\\/es\\\/#\\\/schema\\\/person\\\/c5c2138f2cca251b0ad92b7086bb60b7\",\"name\":\"Redacci\u00f3n Box Repsol\",\"image\":{\"@type\":\"ImageObject\",\"inLanguage\":\"es\",\"@id\":\"https:\\\/\\\/secure.gravatar.com\\\/avatar\\\/adf7b77e38b4419baf32c7e9c21dde01f4e40df611f0978e3006fc4ba0aaab7e?s=96&d=mm&r=g\",\"url\":\"https:\\\/\\\/secure.gravatar.com\\\/avatar\\\/adf7b77e38b4419baf32c7e9c21dde01f4e40df611f0978e3006fc4ba0aaab7e?s=96&d=mm&r=g\",\"contentUrl\":\"https:\\\/\\\/secure.gravatar.com\\\/avatar\\\/adf7b77e38b4419baf32c7e9c21dde01f4e40df611f0978e3006fc4ba0aaab7e?s=96&d=mm&r=g\",\"caption\":\"Redacci\u00f3n Box Repsol\"},\"description\":\"Box Repsol lo forma un equipo de periodistas, community managers, dise\u00f1adores y fot\u00f3grafos con m\u00e1s de 20 a\u00f1os de experiencia en el mundo del motorsport. Hemos vivido el primer mundial de un espa\u00f1ol en la categor\u00eda reina de motociclismo con \u00c1lex Crivill\u00e9, estuvimos en las victorias de Pedrosa y los t\u00edtulos de M\u00e1rquez, acompa\u00f1amos en \u00c1frica a Nani Roma y Marc Coma en sus conquistas del Dakar y hemos vibrado con los t\u00edtulos de Toni Bou en Trial. Adem\u00e1s, en nuestro equipo contamos con expertos en el mundo de las dos y cuatro ruedas tanto de la calle y las carreteras, como de los circuitos. Periodistas que han trabajado en revistas y publicaciones para hacerte llegar desde rutas y consejos de mantenimiento, a curiosidades y trucos de pilotaje.\",\"sameAs\":[\"https:\\\/\\\/www.facebook.com\\\/BoxRepsol\\\/\",\"https:\\\/\\\/www.instagram.com\\\/box_repsol\\\/\",\"https:\\\/\\\/x.com\\\/https:\\\/\\\/twitter.com\\\/box_repsol\",\"https:\\\/\\\/www.youtube.com\\\/@Boxrepsol\"],\"url\":\"https:\\\/\\\/www.boxrepsol.com\\\/es\\\/author\\\/redaccion-box-repsol\\\/\"}]}<\/script>\n<!-- \/ Yoast SEO plugin. -->","yoast_head_json":{"title":"Emocionante podio para Cach\u00f3n en Canarias con una afici\u00f3n euf\u00f3rica - Box Repsol","canonical":"https:\/\/www.boxrepsol.com\/es\/rally\/emocionante-podio-para-alejandro-cachon-con-una-aficion-canaria-euforica\/","og_locale":"es_ES","og_type":"article","og_title":"Emocionante podio para Cach\u00f3n en Canarias con una afici\u00f3n euf\u00f3rica - Box Repsol","og_description":"Gran actuaci\u00f3n de Alejandro Cach\u00f3n y Borja Rozada en el Rally de las Islas Canarias con una espectacular segunda posici\u00f3n en WRC2 y en primera plaza en la categor\u00eda WRC2 Challenger.","og_url":"https:\/\/www.boxrepsol.com\/es\/rally\/emocionante-podio-para-alejandro-cachon-con-una-aficion-canaria-euforica\/","og_site_name":"Box Repsol","article_publisher":"https:\/\/www.facebook.com\/BoxRepsol","article_author":"https:\/\/www.facebook.com\/BoxRepsol\/","article_published_time":"2026-04-27T12:14:15+00:00","article_modified_time":"2026-04-27T12:25:53+00:00","og_image":[{"width":1200,"height":600,"url":"https:\/\/bxrepsol.s3.eu-west-1.amazonaws.com\/static\/2026\/04\/27101233\/portada-articulo-1-1.png","type":"image\/png"}],"author":"Redacci\u00f3n Box Repsol","twitter_card":"summary_large_image","twitter_creator":"@https:\/\/twitter.com\/box_repsol","twitter_site":"@box_repsol","twitter_misc":{"Written by":"Redacci\u00f3n Box Repsol","Est. reading time":"2 minutos"},"schema":{"@context":"https:\/\/schema.org","@graph":[{"@type":"Article","@id":"https:\/\/www.boxrepsol.com\/es\/rally\/emocionante-podio-para-alejandro-cachon-con-una-aficion-canaria-euforica\/#article","isPartOf":{"@id":"https:\/\/www.boxrepsol.com\/es\/rally\/emocionante-podio-para-alejandro-cachon-con-una-aficion-canaria-euforica\/"},"author":{"name":"Redacci\u00f3n Box Repsol","@id":"https:\/\/www.boxrepsol.com\/es\/#\/schema\/person\/c5c2138f2cca251b0ad92b7086bb60b7"},"headline":"Emocionante podio para Cach\u00f3n en Canarias con una afici\u00f3n euf\u00f3rica","datePublished":"2026-04-27T12:14:15+00:00","dateModified":"2026-04-27T12:25:53+00:00","mainEntityOfPage":{"@id":"https:\/\/www.boxrepsol.com\/es\/rally\/emocionante-podio-para-alejandro-cachon-con-una-aficion-canaria-euforica\/"},"wordCount":476,"commentCount":0,"publisher":{"@id":"https:\/\/www.boxrepsol.com\/es\/#organization"},"image":{"@id":"https:\/\/www.boxrepsol.com\/es\/rally\/emocionante-podio-para-alejandro-cachon-con-una-aficion-canaria-euforica\/#primaryimage"},"thumbnailUrl":"https:\/\/bxrepsol.s3.eu-west-1.amazonaws.com\/static\/2026\/04\/27101233\/portada-articulo-1-1.png","keywords":["Competici\u00f3n"],"articleSection":["Rally"],"inLanguage":"es","potentialAction":[{"@type":"CommentAction","name":"Comment","target":["https:\/\/www.boxrepsol.com\/es\/rally\/emocionante-podio-para-alejandro-cachon-con-una-aficion-canaria-euforica\/#respond"]}]},{"@type":"WebPage","@id":"https:\/\/www.boxrepsol.com\/es\/rally\/emocionante-podio-para-alejandro-cachon-con-una-aficion-canaria-euforica\/","url":"https:\/\/www.boxrepsol.com\/es\/rally\/emocionante-podio-para-alejandro-cachon-con-una-aficion-canaria-euforica\/","name":"Emocionante podio para Cach\u00f3n en Canarias con una afici\u00f3n euf\u00f3rica - Box Repsol","isPartOf":{"@id":"https:\/\/www.boxrepsol.com\/es\/#website"},"primaryImageOfPage":{"@id":"https:\/\/www.boxrepsol.com\/es\/rally\/emocionante-podio-para-alejandro-cachon-con-una-aficion-canaria-euforica\/#primaryimage"},"image":{"@id":"https:\/\/www.boxrepsol.com\/es\/rally\/emocionante-podio-para-alejandro-cachon-con-una-aficion-canaria-euforica\/#primaryimage"},"thumbnailUrl":"https:\/\/bxrepsol.s3.eu-west-1.amazonaws.com\/static\/2026\/04\/27101233\/portada-articulo-1-1.png","datePublished":"2026-04-27T12:14:15+00:00","dateModified":"2026-04-27T12:25:53+00:00","breadcrumb":{"@id":"https:\/\/www.boxrepsol.com\/es\/rally\/emocionante-podio-para-alejandro-cachon-con-una-aficion-canaria-euforica\/#breadcrumb"},"inLanguage":"es","potentialAction":[{"@type":"ReadAction","target":["https:\/\/www.boxrepsol.com\/es\/rally\/emocionante-podio-para-alejandro-cachon-con-una-aficion-canaria-euforica\/"]}]},{"@type":"ImageObject","inLanguage":"es","@id":"https:\/\/www.boxrepsol.com\/es\/rally\/emocionante-podio-para-alejandro-cachon-con-una-aficion-canaria-euforica\/#primaryimage","url":"https:\/\/bxrepsol.s3.eu-west-1.amazonaws.com\/static\/2026\/04\/27101233\/portada-articulo-1-1.png","contentUrl":"https:\/\/bxrepsol.s3.eu-west-1.amazonaws.com\/static\/2026\/04\/27101233\/portada-articulo-1-1.png","width":1200,"height":600},{"@type":"BreadcrumbList","@id":"https:\/\/www.boxrepsol.com\/es\/rally\/emocionante-podio-para-alejandro-cachon-con-una-aficion-canaria-euforica\/#breadcrumb","itemListElement":[{"@type":"ListItem","position":1,"name":"Home","item":"https:\/\/www.boxrepsol.com\/es\/"},{"@type":"ListItem","position":2,"name":"Emocionante podio para Cach\u00f3n en Canarias con una afici\u00f3n euf\u00f3rica"}]},{"@type":"WebSite","@id":"https:\/\/www.boxrepsol.com\/es\/#website","url":"https:\/\/www.boxrepsol.com\/es\/","name":"Box Repsol","description":"Box Repsol Site","publisher":{"@id":"https:\/\/www.boxrepsol.com\/es\/#organization"},"potentialAction":[{"@type":"SearchAction","target":{"@type":"EntryPoint","urlTemplate":"https:\/\/www.boxrepsol.com\/es\/?s={search_term_string}"},"query-input":{"@type":"PropertyValueSpecification","valueRequired":true,"valueName":"search_term_string"}}],"inLanguage":"es"},{"@type":"Organization","@id":"https:\/\/www.boxrepsol.com\/es\/#organization","name":"Box Repsol","url":"https:\/\/www.boxrepsol.com\/es\/","logo":{"@type":"ImageObject","inLanguage":"es","@id":"https:\/\/www.boxrepsol.com\/es\/#\/schema\/logo\/image\/","url":"https:\/\/bxrepsol.s3.eu-west-1.amazonaws.com\/static\/2025\/07\/30083337\/favicon-96x96-1.png","contentUrl":"https:\/\/bxrepsol.s3.eu-west-1.amazonaws.com\/static\/2025\/07\/30083337\/favicon-96x96-1.png","width":96,"height":96,"caption":"Box Repsol"},"image":{"@id":"https:\/\/www.boxrepsol.com\/es\/#\/schema\/logo\/image\/"},"sameAs":["https:\/\/www.facebook.com\/BoxRepsol","https:\/\/x.com\/box_repsol","http:\/\/instagram.com\/box_repsol","https:\/\/www.youtube.com\/user\/RepsolCompeticion","https:\/\/www.flickr.com\/photos\/box_repsol\/"]},{"@type":"Person","@id":"https:\/\/www.boxrepsol.com\/es\/#\/schema\/person\/c5c2138f2cca251b0ad92b7086bb60b7","name":"Redacci\u00f3n Box Repsol","image":{"@type":"ImageObject","inLanguage":"es","@id":"https:\/\/secure.gravatar.com\/avatar\/adf7b77e38b4419baf32c7e9c21dde01f4e40df611f0978e3006fc4ba0aaab7e?s=96&d=mm&r=g","url":"https:\/\/secure.gravatar.com\/avatar\/adf7b77e38b4419baf32c7e9c21dde01f4e40df611f0978e3006fc4ba0aaab7e?s=96&d=mm&r=g","contentUrl":"https:\/\/secure.gravatar.com\/avatar\/adf7b77e38b4419baf32c7e9c21dde01f4e40df611f0978e3006fc4ba0aaab7e?s=96&d=mm&r=g","caption":"Redacci\u00f3n Box Repsol"},"description":"Box Repsol lo forma un equipo de periodistas, community managers, dise\u00f1adores y fot\u00f3grafos con m\u00e1s de 20 a\u00f1os de experiencia en el mundo del motorsport. Hemos vivido el primer mundial de un espa\u00f1ol en la categor\u00eda reina de motociclismo con \u00c1lex Crivill\u00e9, estuvimos en las victorias de Pedrosa y los t\u00edtulos de M\u00e1rquez, acompa\u00f1amos en \u00c1frica a Nani Roma y Marc Coma en sus conquistas del Dakar y hemos vibrado con los t\u00edtulos de Toni Bou en Trial. Adem\u00e1s, en nuestro equipo contamos con expertos en el mundo de las dos y cuatro ruedas tanto de la calle y las carreteras, como de los circuitos. Periodistas que han trabajado en revistas y publicaciones para hacerte llegar desde rutas y consejos de mantenimiento, a curiosidades y trucos de pilotaje.","sameAs":["https:\/\/www.facebook.com\/BoxRepsol\/","https:\/\/www.instagram.com\/box_repsol\/","https:\/\/x.com\/https:\/\/twitter.com\/box_repsol","https:\/\/www.youtube.com\/@Boxrepsol"],"url":"https:\/\/www.boxrepsol.com\/es\/author\/redaccion-box-repsol\/"}]}},"_links":{"self":[{"href":"https:\/\/www.boxrepsol.com\/es\/wp-json\/wp\/v2\/posts\/130336","targetHints":{"allow":["GET"]}}],"collection":[{"href":"https:\/\/www.boxrepsol.com\/es\/wp-json\/wp\/v2\/posts"}],"about":[{"href":"https:\/\/www.boxrepsol.com\/es\/wp-json\/wp\/v2\/types\/post"}],"author":[{"embeddable":true,"href":"https:\/\/www.boxrepsol.com\/es\/wp-json\/wp\/v2\/users\/43146"}],"replies":[{"embeddable":true,"href":"https:\/\/www.boxrepsol.com\/es\/wp-json\/wp\/v2\/comments?post=130336"}],"version-history":[{"count":6,"href":"https:\/\/www.boxrepsol.com\/es\/wp-json\/wp\/v2\/posts\/130336\/revisions"}],"predecessor-version":[{"id":130375,"href":"https:\/\/www.boxrepsol.com\/es\/wp-json\/wp\/v2\/posts\/130336\/revisions\/130375"}],"wp:featuredmedia":[{"embeddable":true,"href":"https:\/\/www.boxrepsol.com\/es\/wp-json\/wp\/v2\/media\/130369"}],"wp:attachment":[{"href":"https:\/\/www.boxrepsol.com\/es\/wp-json\/wp\/v2\/media?parent=130336"}],"wp:term":[{"taxonomy":"category","embeddable":true,"href":"https:\/\/www.boxrepsol.com\/es\/wp-json\/wp\/v2\/categories?post=130336"},{"taxonomy":"post_tag","embeddable":true,"href":"https:\/\/www.boxrepsol.com\/es\/wp-json\/wp\/v2\/tags?post=130336"}],"curies":[{"name":"wp","href":"https:\/\/api.w.org\/{rel}","templated":true}]}}