{"id":129870,"date":"2026-03-17T06:49:02","date_gmt":"2026-03-17T08:49:02","guid":{"rendered":"https:\/\/www.boxrepsol.com\/?p=129870"},"modified":"2026-03-17T06:55:24","modified_gmt":"2026-03-17T08:55:24","slug":"sale-humo-blanco-de-tu-coche-causas-y-senales-de-averia","status":"publish","type":"post","link":"https:\/\/www.boxrepsol.com\/es\/cultura-motera\/sale-humo-blanco-de-tu-coche-causas-y-senales-de-averia\/","title":{"rendered":"\u00bfSale humo blanco de tu coche? Causas y se\u00f1ales de aver\u00eda"},"content":{"rendered":"\n<p>Aunque sea una m\u00e1quina, el coche tambi\u00e9n tiene s\u00edntomas, y que emita humo blanco por el tubo de escape nos debe poner en alerta porque no es una situaci\u00f3n que entre dentro de la normalidad. Si se produce, tenemos que anticiparnos para evitar una seria aver\u00eda.<\/p>\n\n\n<figure class=\"wp-block-post-featured-image\"><img loading=\"lazy\" decoding=\"async\" width=\"2560\" height=\"1280\" src=\"https:\/\/bxrepsol.s3.eu-west-1.amazonaws.com\/static\/2026\/03\/16100015\/car-exhaust-smoke-2026-01-08-06-22-21-utc-scaled-e1773663507507.jpg\" class=\"attachment-post-thumbnail size-post-thumbnail wp-post-image\" alt=\"\" style=\"object-fit:cover;\" srcset=\"https:\/\/bxrepsol.s3.eu-west-1.amazonaws.com\/static\/2026\/03\/16100015\/car-exhaust-smoke-2026-01-08-06-22-21-utc-scaled-e1773663507507.jpg 2560w, https:\/\/bxrepsol.s3.eu-west-1.amazonaws.com\/static\/2026\/03\/16100015\/car-exhaust-smoke-2026-01-08-06-22-21-utc-scaled-e1773663507507-300x150.jpg 300w, https:\/\/bxrepsol.s3.eu-west-1.amazonaws.com\/static\/2026\/03\/16100015\/car-exhaust-smoke-2026-01-08-06-22-21-utc-scaled-e1773663507507-1024x512.jpg 1024w, https:\/\/bxrepsol.s3.eu-west-1.amazonaws.com\/static\/2026\/03\/16100015\/car-exhaust-smoke-2026-01-08-06-22-21-utc-scaled-e1773663507507-768x384.jpg 768w, https:\/\/bxrepsol.s3.eu-west-1.amazonaws.com\/static\/2026\/03\/16100015\/car-exhaust-smoke-2026-01-08-06-22-21-utc-scaled-e1773663507507-1536x768.jpg 1536w, https:\/\/bxrepsol.s3.eu-west-1.amazonaws.com\/static\/2026\/03\/16100015\/car-exhaust-smoke-2026-01-08-06-22-21-utc-scaled-e1773663507507-2048x1024.jpg 2048w\" sizes=\"auto, (max-width: 2560px) 100vw, 2560px\" \/><\/figure>\n\n\n<p>Si un d\u00eda arrancas tu coche y notas que emite por el escape una nube de humo blanco, tienes que reaccionar de inmediato. El <strong>humo blanco es una se\u00f1al de alerta<\/strong>, un s\u00edntoma de que existe un problema al que hay que poner soluci\u00f3n de forma urgente. Hoy vamos a hablar de estas situaciones, de cuando las emisiones por el escape nos mandan esta se\u00f1al. Pero, tranquilo, no siempre es indicio de que una posible aver\u00eda. A veces, simplemente es un problema menor y f\u00e1cilmente solucionable.&nbsp;<\/p>\n\n\n\n<p>Lo importante es que hoy vamos a explicarte c\u00f3mo diferenciar una cosa de la otra, y c\u00f3mo actuar para, en cualquier caso, ponerle remedio.<\/p>\n\n\n\n<h2 class=\"wp-block-heading\"><strong>\u00bfPor qu\u00e9 sale humo blanco del coche?<\/strong><\/h2>\n\n\n\n<p>Aunque en la introducci\u00f3n de este art\u00edculo hemos destacado que el<strong>&nbsp;<\/strong>humo blanco es una se\u00f1al de alerta, porque puede ser la antesala de una seria aver\u00eda, es necesario aclarar que en ocasiones la situaci\u00f3n no es tan grave. Pero creemos que es conveniente no quitarle importancia al tema, no minimizar los riesgos, porque en caso de no prestarle la suficiente atenci\u00f3n, el problema puede ser mayor.<\/p>\n\n\n\n<p>La clave est\u00e1 en el invierno. Si tu coche \u201cduerme\u201d en la calle, al encender el motor, especialmente en los<strong>&nbsp;fr\u00edos y h\u00famedos d\u00edas de invierno<\/strong>&nbsp;puede ser frecuente que notes que el escape emite una nube de humo blanquecino, no muy espesa, que se disipa con relativa rapidez. En ese caso no te debes preocupar, porque ese humo blanco es fruto de la condensaci\u00f3n.<\/p>\n\n\n\n<p>En la combusti\u00f3n, adem\u00e1s de gases, tambi\u00e9n se produce vapor de agua, que al entrar en contacto con el aire fr\u00edo del tubo de escape provoca esa nube blanca e inofensiva que apenas dura unos segundos y se disipa r\u00e1pidamente.<\/p>\n\n\n\n<p>Sin embargo, si nos ponemos en marcha y esa nube blanca persiste, entonces s\u00ed que es una se\u00f1al de que existe un problema grave al que hay que poner remedio.<\/p>\n\n\n\n<figure class=\"wp-block-image size-large\"><img loading=\"lazy\" decoding=\"async\" width=\"2560\" height=\"1707\" src=\"https:\/\/bxrepsol.s3.eu-west-1.amazonaws.com\/static\/2026\/03\/17064006\/car-exhaust-while-leaving-a-smoke-2026-01-09-01-10-43-utc-1-edited-scaled.jpg\" alt=\"\" class=\"wp-image-129923\" srcset=\"https:\/\/bxrepsol.s3.eu-west-1.amazonaws.com\/static\/2026\/03\/17064006\/car-exhaust-while-leaving-a-smoke-2026-01-09-01-10-43-utc-1-edited-scaled.jpg 2560w, https:\/\/bxrepsol.s3.eu-west-1.amazonaws.com\/static\/2026\/03\/17064006\/car-exhaust-while-leaving-a-smoke-2026-01-09-01-10-43-utc-1-edited-300x200.jpg 300w, https:\/\/bxrepsol.s3.eu-west-1.amazonaws.com\/static\/2026\/03\/17064006\/car-exhaust-while-leaving-a-smoke-2026-01-09-01-10-43-utc-1-edited-1024x683.jpg 1024w, https:\/\/bxrepsol.s3.eu-west-1.amazonaws.com\/static\/2026\/03\/17064006\/car-exhaust-while-leaving-a-smoke-2026-01-09-01-10-43-utc-1-edited-768x512.jpg 768w, https:\/\/bxrepsol.s3.eu-west-1.amazonaws.com\/static\/2026\/03\/17064006\/car-exhaust-while-leaving-a-smoke-2026-01-09-01-10-43-utc-1-edited-1536x1024.jpg 1536w, https:\/\/bxrepsol.s3.eu-west-1.amazonaws.com\/static\/2026\/03\/17064006\/car-exhaust-while-leaving-a-smoke-2026-01-09-01-10-43-utc-1-edited-2048x1366.jpg 2048w\" sizes=\"auto, (max-width: 2560px) 100vw, 2560px\" \/><\/figure>\n\n\n\n<p><\/p>\n\n\n\n<h2 class=\"wp-block-heading\"><strong>\u00bfCu\u00e1ndo supone un problema?<\/strong><\/h2>\n\n\n\n<p>Ese humo blanco persistente que lanzamos por el escape es un s\u00edntoma de un fallo que hay que solucionar cuanto antes, porque de lo contrario provocaremos una seria aver\u00eda en nuestro veh\u00edculo.<\/p>\n\n\n\n<p>El origen del problema puede ser de lo m\u00e1s diverso, y en este caso los sentidos nos ayudan a identificar la causa.<\/p>\n\n\n\n<p>El&nbsp;<strong>humo blanco<\/strong>&nbsp;puede ser una<strong>&nbsp;se\u00f1al de sobrecalentamiento<\/strong>, y esto quiere decir que hay un problema en el circuito de refrigeraci\u00f3n. Los<a href=\"https:\/\/www.boxrepsol.com\/es\/tecnologia\/que-son-sensores-map-maf\/\">&nbsp;sensores<\/a>&nbsp;de nuestro veh\u00edculo nos aportar\u00e1n informaci\u00f3n sobre la temperatura de trabajo del motor, y si esta se eleva podemos empezar a sospechar que ese es el problema. Si adem\u00e1s notas un olor dulce, similar al del anticongelante, puede que estemos ante una fuga de l\u00edquido refrigerante, con lo que el motor se est\u00e1 sobrecalentando. Hay que detenerse y pedir una gr\u00faa para llevar el coche al taller, porque seguir circulando as\u00ed supone exponerse a una grave aver\u00eda.<\/p>\n\n\n\n<p>Otra causa de este humo puede ser<a><strong>&nbsp;una fuga en la junta de culata<\/strong><\/a>, que conecta el bloque motor con la culata, donde est\u00e1 el conjunto del sistema de distribuci\u00f3n. La fuga provoca que el refrigerante se filtre en los cilindros y se queme con el carburante, produciendo humo blanco. En situaciones m\u00e1s graves, si la filtraci\u00f3n de l\u00edquido es muy grande, si el motor est\u00e1 en marcha y dado que los l\u00edquidos son incompresibles, se puede llegar a doblar una biela, por efecto de la presi\u00f3n. El destrozo puede ser enorme.<\/p>\n\n\n\n<p>Otra situaci\u00f3n de humo blanco, muy escandalosa pero menos peligrosa que la anterior, es un&nbsp;<a><strong>fallo en el sistema de inyecci\u00f3n<\/strong><\/a>. No es muy com\u00fan, pero si un inyector de combustible tiene fugas, al derramarse sobre el motor caliente genera humo blanco. Este fallo se suele dar m\u00e1s en los motores di\u00e9sel.&nbsp;<\/p>\n\n\n\n<figure class=\"wp-block-image size-large\"><img loading=\"lazy\" decoding=\"async\" width=\"2560\" height=\"1707\" src=\"https:\/\/bxrepsol.s3.eu-west-1.amazonaws.com\/static\/2026\/03\/17064235\/car-exhaust-smoke-2026-01-08-06-22-09-utc-1-edited-scaled.jpg\" alt=\"\" class=\"wp-image-129931\" srcset=\"https:\/\/bxrepsol.s3.eu-west-1.amazonaws.com\/static\/2026\/03\/17064235\/car-exhaust-smoke-2026-01-08-06-22-09-utc-1-edited-scaled.jpg 2560w, https:\/\/bxrepsol.s3.eu-west-1.amazonaws.com\/static\/2026\/03\/17064235\/car-exhaust-smoke-2026-01-08-06-22-09-utc-1-edited-300x200.jpg 300w, https:\/\/bxrepsol.s3.eu-west-1.amazonaws.com\/static\/2026\/03\/17064235\/car-exhaust-smoke-2026-01-08-06-22-09-utc-1-edited-1024x683.jpg 1024w, https:\/\/bxrepsol.s3.eu-west-1.amazonaws.com\/static\/2026\/03\/17064235\/car-exhaust-smoke-2026-01-08-06-22-09-utc-1-edited-768x512.jpg 768w, https:\/\/bxrepsol.s3.eu-west-1.amazonaws.com\/static\/2026\/03\/17064235\/car-exhaust-smoke-2026-01-08-06-22-09-utc-1-edited-1536x1024.jpg 1536w, https:\/\/bxrepsol.s3.eu-west-1.amazonaws.com\/static\/2026\/03\/17064235\/car-exhaust-smoke-2026-01-08-06-22-09-utc-1-edited-2048x1366.jpg 2048w\" sizes=\"auto, (max-width: 2560px) 100vw, 2560px\" \/><\/figure>\n\n\n\n<p><\/p>\n\n\n\n<h2 class=\"wp-block-heading\"><strong>Qu\u00e9 debes hacer si sale humo blanco de tu coche<\/strong><\/h2>\n\n\n\n<p>La clave para evitar una situaci\u00f3n de gravedad es actuar con rapidez. Lo primero es&nbsp;<strong>detenerse y revisar el motor<\/strong>. Busca un espacio seguro y detente, deja que baje la temperatura del motor y \u00e9chale un vistazo. Es importante insistir en que, antes de tocar nada, dejes que el motor se enfr\u00ede. Entonces,<strong>&nbsp;revisa el nivel del l\u00edquido refrigerante<\/strong>. Si compruebas que este ha descendido, rell\u00e9nalo. Si sigues la marcha y el problema persiste, detente y llama a tu asistencia en carretera, porque puedes encontrarte ante una seria aver\u00eda.<\/p>\n\n\n\n<p>La prevenci\u00f3n es la mejor medida para evitar estos problemas. No olvides nunca realizar un&nbsp;<strong>mantenimiento regular de tu coche<\/strong>, especialmente si lo sometes a un intenso kilometraje. Presta especial atenci\u00f3n al control de niveles de l\u00edquidos, aceite y refrigerante, y rellena si has verificado que el nivel est\u00e1 bajo.<\/p>\n\n\n\n<p>Revisa peri\u00f3dicamente el&nbsp;<a href=\"https:\/\/www.boxrepsol.com\/es\/tecnologia\/que-es-la-inyeccion-directa\/\">sistema de inyecci\u00f3n<\/a>&nbsp;de combustible, porque as\u00ed estar\u00e1s seguro de que est\u00e1 realizando una combusti\u00f3n eficiente que contribuir\u00e1 a la reducci\u00f3n en la formaci\u00f3n de residuos.<\/p>\n\n\n\n<p>Otra forma activa de evitar sobrecalentamiento en tu motor es realizar una&nbsp;<a href=\"https:\/\/www.boxrepsol.com\/es\/vive-tu-moto\/conduccion-eficiente-en-moto\/\">conducci\u00f3n eficiente<\/a>, en la que evites aceleraciones bruscas y altos reg\u00edmenes de giro en relaciones cortas, que sobrecargan el motor.&nbsp;<\/p>\n\n\n\n<figure class=\"wp-block-image size-large\"><img loading=\"lazy\" decoding=\"async\" width=\"2466\" height=\"1644\" src=\"https:\/\/bxrepsol.s3.eu-west-1.amazonaws.com\/static\/2026\/03\/17064743\/closeup-shot-of-an-auto-that-exhausts-smoke-2026-01-07-07-16-35-utc-1-edited.jpg\" alt=\"\" class=\"wp-image-129935\" srcset=\"https:\/\/bxrepsol.s3.eu-west-1.amazonaws.com\/static\/2026\/03\/17064743\/closeup-shot-of-an-auto-that-exhausts-smoke-2026-01-07-07-16-35-utc-1-edited.jpg 2466w, https:\/\/bxrepsol.s3.eu-west-1.amazonaws.com\/static\/2026\/03\/17064743\/closeup-shot-of-an-auto-that-exhausts-smoke-2026-01-07-07-16-35-utc-1-edited-300x200.jpg 300w, https:\/\/bxrepsol.s3.eu-west-1.amazonaws.com\/static\/2026\/03\/17064743\/closeup-shot-of-an-auto-that-exhausts-smoke-2026-01-07-07-16-35-utc-1-edited-1024x683.jpg 1024w, https:\/\/bxrepsol.s3.eu-west-1.amazonaws.com\/static\/2026\/03\/17064743\/closeup-shot-of-an-auto-that-exhausts-smoke-2026-01-07-07-16-35-utc-1-edited-768x512.jpg 768w, https:\/\/bxrepsol.s3.eu-west-1.amazonaws.com\/static\/2026\/03\/17064743\/closeup-shot-of-an-auto-that-exhausts-smoke-2026-01-07-07-16-35-utc-1-edited-1536x1024.jpg 1536w, https:\/\/bxrepsol.s3.eu-west-1.amazonaws.com\/static\/2026\/03\/17064743\/closeup-shot-of-an-auto-that-exhausts-smoke-2026-01-07-07-16-35-utc-1-edited-2048x1365.jpg 2048w\" sizes=\"auto, (max-width: 2466px) 100vw, 2466px\" \/><\/figure>\n\n\n\n<p><\/p>\n\n\n\n<h2 class=\"wp-block-heading\"><strong>\u00bfQu\u00e9 diferencia al humo blanco de otros colores en el escape?<\/strong><\/h2>\n\n\n\n<p>Como dec\u00edamos antes, los sentidos nos ayudan a percibir el problema. Podemos decir que es un sistema de an\u00e1lisis de la vieja escuela\u2026 Por muy sofisticados y tecnol\u00f3gicos que sean los coches en la actualidad, hay situaciones que no cambian, y si prestamos atenci\u00f3n a nuestros sentidos podemos percibir un problema mucho antes de que los propios sistemas de control del coche nos pongan en alerta. El color del humo es una de esas referencias.<\/p>\n\n\n\n<p>Porque estamos hablando del humo blanco, pero a veces las emisiones pueden ser de otro color. Por ejemplo, si notas que el escape emite una&nbsp;<strong>nube de humo de tono azulado<\/strong>, el problema es diferente. Eso quiere decir que el motor est\u00e1 quemando aceite. Es conveniente que revises el nivel de aceite, rellenes si es necesario, y de persistir el humo azul debes acudir inmediatamente a un taller para hacer una revisi\u00f3n para verificar d\u00f3nde est\u00e1 la fuga de aceite.<\/p>\n\n\n\n<p class=\"has-text-align-left\">Cuando el&nbsp;<strong>color del humo es negro<\/strong>, esto indica que se est\u00e1 produciendo una combusti\u00f3n incompleta, probablemente por un exceso de carburante. Controla el consumo de tu veh\u00edculo, si ves que se eleva y aparece humo negro, ah\u00ed tienes el problema. La causa puede ser que el filtro del aire est\u00e9 sucio, que haya un fallo en el sistema de inyecci\u00f3n, o que el sensor del ox\u00edgeno no funcione correctamente, provocando una combusti\u00f3n incompleta.En definitiva, un humo excesivo es una se\u00f1al de alarma que hay que tomarse muy en serio, no s\u00f3lo para salvaguardar la integridad de nuestro motor, sino tambi\u00e9n para&nbsp;<strong>evitar el riesgo de una aver\u00eda mayor y mucho m\u00e1s costosa<\/strong>.<\/p>\n\n\n\n<p><\/p>\n","protected":false},"excerpt":{"rendered":"<p>Aunque sea una m\u00e1quina, el coche tambi\u00e9n tiene s\u00edntomas, y que emita humo blanco por el tubo de escape nos debe poner en alerta porque no es una situaci\u00f3n que entre dentro de la normalidad. Si se produce, tenemos que anticiparnos para evitar una seria aver\u00eda. Si un d\u00eda arrancas tu coche y notas que [&hellip;]<\/p>\n","protected":false},"author":41268,"featured_media":129889,"comment_status":"open","ping_status":"closed","sticky":false,"template":"","format":"standard","meta":{"footnotes":""},"categories":[160],"tags":[588],"class_list":["post-129870","post","type-post","status-publish","format-standard","hentry","category-cultura-motera","tag-mecanica"],"yoast_head":"<!-- This site is optimized with the Yoast SEO plugin v27.3 - https:\/\/yoast.com\/product\/yoast-seo-wordpress\/ -->\n<title>Humo blanco del coche: \u00bfPor qu\u00e9 sale?<\/title>\n<meta name=\"description\" content=\"Descubre por qu\u00e9 sale humo blanco del coche, cu\u00e1ndo es se\u00f1al de aver\u00eda y qu\u00e9 hacer para evitar da\u00f1os mayores en el motor.\" \/>\n<link rel=\"canonical\" href=\"https:\/\/www.boxrepsol.com\/es\/cultura-motera\/sale-humo-blanco-de-tu-coche-causas-y-senales-de-averia\/\" \/>\n<meta property=\"og:locale\" content=\"es_ES\" \/>\n<meta property=\"og:type\" content=\"article\" \/>\n<meta property=\"og:title\" content=\"Humo blanco del coche: \u00bfPor qu\u00e9 sale?\" \/>\n<meta property=\"og:description\" content=\"Descubre por qu\u00e9 sale humo blanco del coche, cu\u00e1ndo es se\u00f1al de aver\u00eda y qu\u00e9 hacer para evitar da\u00f1os mayores en el motor.\" \/>\n<meta property=\"og:url\" content=\"https:\/\/www.boxrepsol.com\/es\/cultura-motera\/sale-humo-blanco-de-tu-coche-causas-y-senales-de-averia\/\" \/>\n<meta property=\"og:site_name\" content=\"Box Repsol\" \/>\n<meta property=\"article:publisher\" content=\"https:\/\/www.facebook.com\/BoxRepsol\" \/>\n<meta property=\"article:published_time\" content=\"2026-03-17T08:49:02+00:00\" \/>\n<meta property=\"article:modified_time\" content=\"2026-03-17T08:55:24+00:00\" \/>\n<meta property=\"og:image\" content=\"https:\/\/bxrepsol.s3.eu-west-1.amazonaws.com\/static\/2026\/03\/16100015\/car-exhaust-smoke-2026-01-08-06-22-21-utc-scaled-e1773663507507.jpg\" \/>\n\t<meta property=\"og:image:width\" content=\"2560\" \/>\n\t<meta property=\"og:image:height\" content=\"1280\" \/>\n\t<meta property=\"og:image:type\" content=\"image\/jpeg\" \/>\n<meta name=\"author\" content=\"Juan Pedro de la Torre\" \/>\n<meta name=\"twitter:card\" content=\"summary_large_image\" \/>\n<meta name=\"twitter:creator\" content=\"@https:\/\/twitter.com\/JPdelaTorre1965\" \/>\n<meta name=\"twitter:site\" content=\"@box_repsol\" \/>\n<meta name=\"twitter:label1\" content=\"Written by\" \/>\n\t<meta name=\"twitter:data1\" content=\"Juan Pedro de la Torre\" \/>\n\t<meta name=\"twitter:label2\" content=\"Est. reading time\" \/>\n\t<meta name=\"twitter:data2\" content=\"6 minutos\" \/>\n<script type=\"application\/ld+json\" class=\"yoast-schema-graph\">{\"@context\":\"https:\\\/\\\/schema.org\",\"@graph\":[{\"@type\":\"Article\",\"@id\":\"https:\\\/\\\/www.boxrepsol.com\\\/es\\\/cultura-motera\\\/sale-humo-blanco-de-tu-coche-causas-y-senales-de-averia\\\/#article\",\"isPartOf\":{\"@id\":\"https:\\\/\\\/www.boxrepsol.com\\\/es\\\/cultura-motera\\\/sale-humo-blanco-de-tu-coche-causas-y-senales-de-averia\\\/\"},\"author\":{\"name\":\"Juan Pedro de la Torre\",\"@id\":\"https:\\\/\\\/www.boxrepsol.com\\\/es\\\/#\\\/schema\\\/person\\\/26abce1d675df22d63ac9e9d5f23e4aa\"},\"headline\":\"\u00bfSale humo blanco de tu coche? Causas y se\u00f1ales de aver\u00eda\",\"datePublished\":\"2026-03-17T08:49:02+00:00\",\"dateModified\":\"2026-03-17T08:55:24+00:00\",\"mainEntityOfPage\":{\"@id\":\"https:\\\/\\\/www.boxrepsol.com\\\/es\\\/cultura-motera\\\/sale-humo-blanco-de-tu-coche-causas-y-senales-de-averia\\\/\"},\"wordCount\":1280,\"commentCount\":0,\"publisher\":{\"@id\":\"https:\\\/\\\/www.boxrepsol.com\\\/es\\\/#organization\"},\"image\":{\"@id\":\"https:\\\/\\\/www.boxrepsol.com\\\/es\\\/cultura-motera\\\/sale-humo-blanco-de-tu-coche-causas-y-senales-de-averia\\\/#primaryimage\"},\"thumbnailUrl\":\"https:\\\/\\\/bxrepsol.s3.eu-west-1.amazonaws.com\\\/static\\\/2026\\\/03\\\/16100015\\\/car-exhaust-smoke-2026-01-08-06-22-21-utc-scaled-e1773663507507.jpg\",\"keywords\":[\"mec\u00e1nica\"],\"articleSection\":[\"Cultura Motera\"],\"inLanguage\":\"es\",\"potentialAction\":[{\"@type\":\"CommentAction\",\"name\":\"Comment\",\"target\":[\"https:\\\/\\\/www.boxrepsol.com\\\/es\\\/cultura-motera\\\/sale-humo-blanco-de-tu-coche-causas-y-senales-de-averia\\\/#respond\"]}]},{\"@type\":\"WebPage\",\"@id\":\"https:\\\/\\\/www.boxrepsol.com\\\/es\\\/cultura-motera\\\/sale-humo-blanco-de-tu-coche-causas-y-senales-de-averia\\\/\",\"url\":\"https:\\\/\\\/www.boxrepsol.com\\\/es\\\/cultura-motera\\\/sale-humo-blanco-de-tu-coche-causas-y-senales-de-averia\\\/\",\"name\":\"Humo blanco del coche: \u00bfPor qu\u00e9 sale?\",\"isPartOf\":{\"@id\":\"https:\\\/\\\/www.boxrepsol.com\\\/es\\\/#website\"},\"primaryImageOfPage\":{\"@id\":\"https:\\\/\\\/www.boxrepsol.com\\\/es\\\/cultura-motera\\\/sale-humo-blanco-de-tu-coche-causas-y-senales-de-averia\\\/#primaryimage\"},\"image\":{\"@id\":\"https:\\\/\\\/www.boxrepsol.com\\\/es\\\/cultura-motera\\\/sale-humo-blanco-de-tu-coche-causas-y-senales-de-averia\\\/#primaryimage\"},\"thumbnailUrl\":\"https:\\\/\\\/bxrepsol.s3.eu-west-1.amazonaws.com\\\/static\\\/2026\\\/03\\\/16100015\\\/car-exhaust-smoke-2026-01-08-06-22-21-utc-scaled-e1773663507507.jpg\",\"datePublished\":\"2026-03-17T08:49:02+00:00\",\"dateModified\":\"2026-03-17T08:55:24+00:00\",\"description\":\"Descubre por qu\u00e9 sale humo blanco del coche, cu\u00e1ndo es se\u00f1al de aver\u00eda y qu\u00e9 hacer para evitar da\u00f1os mayores en el motor.\",\"breadcrumb\":{\"@id\":\"https:\\\/\\\/www.boxrepsol.com\\\/es\\\/cultura-motera\\\/sale-humo-blanco-de-tu-coche-causas-y-senales-de-averia\\\/#breadcrumb\"},\"inLanguage\":\"es\",\"potentialAction\":[{\"@type\":\"ReadAction\",\"target\":[\"https:\\\/\\\/www.boxrepsol.com\\\/es\\\/cultura-motera\\\/sale-humo-blanco-de-tu-coche-causas-y-senales-de-averia\\\/\"]}]},{\"@type\":\"ImageObject\",\"inLanguage\":\"es\",\"@id\":\"https:\\\/\\\/www.boxrepsol.com\\\/es\\\/cultura-motera\\\/sale-humo-blanco-de-tu-coche-causas-y-senales-de-averia\\\/#primaryimage\",\"url\":\"https:\\\/\\\/bxrepsol.s3.eu-west-1.amazonaws.com\\\/static\\\/2026\\\/03\\\/16100015\\\/car-exhaust-smoke-2026-01-08-06-22-21-utc-scaled-e1773663507507.jpg\",\"contentUrl\":\"https:\\\/\\\/bxrepsol.s3.eu-west-1.amazonaws.com\\\/static\\\/2026\\\/03\\\/16100015\\\/car-exhaust-smoke-2026-01-08-06-22-21-utc-scaled-e1773663507507.jpg\",\"width\":2560,\"height\":1280},{\"@type\":\"BreadcrumbList\",\"@id\":\"https:\\\/\\\/www.boxrepsol.com\\\/es\\\/cultura-motera\\\/sale-humo-blanco-de-tu-coche-causas-y-senales-de-averia\\\/#breadcrumb\",\"itemListElement\":[{\"@type\":\"ListItem\",\"position\":1,\"name\":\"Home\",\"item\":\"https:\\\/\\\/www.boxrepsol.com\\\/es\\\/\"},{\"@type\":\"ListItem\",\"position\":2,\"name\":\"\u00bfSale humo blanco de tu coche? Causas y se\u00f1ales de aver\u00eda\"}]},{\"@type\":\"WebSite\",\"@id\":\"https:\\\/\\\/www.boxrepsol.com\\\/es\\\/#website\",\"url\":\"https:\\\/\\\/www.boxrepsol.com\\\/es\\\/\",\"name\":\"Box Repsol\",\"description\":\"Box Repsol Site\",\"publisher\":{\"@id\":\"https:\\\/\\\/www.boxrepsol.com\\\/es\\\/#organization\"},\"potentialAction\":[{\"@type\":\"SearchAction\",\"target\":{\"@type\":\"EntryPoint\",\"urlTemplate\":\"https:\\\/\\\/www.boxrepsol.com\\\/es\\\/?s={search_term_string}\"},\"query-input\":{\"@type\":\"PropertyValueSpecification\",\"valueRequired\":true,\"valueName\":\"search_term_string\"}}],\"inLanguage\":\"es\"},{\"@type\":\"Organization\",\"@id\":\"https:\\\/\\\/www.boxrepsol.com\\\/es\\\/#organization\",\"name\":\"Box Repsol\",\"url\":\"https:\\\/\\\/www.boxrepsol.com\\\/es\\\/\",\"logo\":{\"@type\":\"ImageObject\",\"inLanguage\":\"es\",\"@id\":\"https:\\\/\\\/www.boxrepsol.com\\\/es\\\/#\\\/schema\\\/logo\\\/image\\\/\",\"url\":\"https:\\\/\\\/bxrepsol.s3.eu-west-1.amazonaws.com\\\/static\\\/2025\\\/07\\\/30083337\\\/favicon-96x96-1.png\",\"contentUrl\":\"https:\\\/\\\/bxrepsol.s3.eu-west-1.amazonaws.com\\\/static\\\/2025\\\/07\\\/30083337\\\/favicon-96x96-1.png\",\"width\":96,\"height\":96,\"caption\":\"Box Repsol\"},\"image\":{\"@id\":\"https:\\\/\\\/www.boxrepsol.com\\\/es\\\/#\\\/schema\\\/logo\\\/image\\\/\"},\"sameAs\":[\"https:\\\/\\\/www.facebook.com\\\/BoxRepsol\",\"https:\\\/\\\/x.com\\\/box_repsol\",\"http:\\\/\\\/instagram.com\\\/box_repsol\",\"https:\\\/\\\/www.youtube.com\\\/user\\\/RepsolCompeticion\",\"https:\\\/\\\/www.flickr.com\\\/photos\\\/box_repsol\\\/\"]},{\"@type\":\"Person\",\"@id\":\"https:\\\/\\\/www.boxrepsol.com\\\/es\\\/#\\\/schema\\\/person\\\/26abce1d675df22d63ac9e9d5f23e4aa\",\"name\":\"Juan Pedro de la Torre\",\"image\":{\"@type\":\"ImageObject\",\"inLanguage\":\"es\",\"@id\":\"https:\\\/\\\/secure.gravatar.com\\\/avatar\\\/e81f780ee2930d7be330cb34304decf0e9bc66bec0158805a0fe2726f4517224?s=96&d=mm&r=g\",\"url\":\"https:\\\/\\\/secure.gravatar.com\\\/avatar\\\/e81f780ee2930d7be330cb34304decf0e9bc66bec0158805a0fe2726f4517224?s=96&d=mm&r=g\",\"contentUrl\":\"https:\\\/\\\/secure.gravatar.com\\\/avatar\\\/e81f780ee2930d7be330cb34304decf0e9bc66bec0158805a0fe2726f4517224?s=96&d=mm&r=g\",\"caption\":\"Juan Pedro de la Torre\"},\"description\":\"Se inici\u00f3 en el diario Marca en 1988 y posteriormente pas\u00f3 a la revista Motociclismo, donde llegar\u00eda a ser director de deporte. Despu\u00e9s fue editor y director de Motoworld.es y Sport Bikes y colabor\u00f3 con varios medios. Adem\u00e1s, ha publicado una docena de libros y actualmente trabaja como colaborador para Motociclismo, El Confidencial y Box Repsol.\",\"sameAs\":[\"https:\\\/\\\/x.com\\\/https:\\\/\\\/twitter.com\\\/JPdelaTorre1965\",\"https:\\\/\\\/youtube.com\\\/@juanpedrodelatorremotoworld\"],\"url\":\"https:\\\/\\\/www.boxrepsol.com\\\/es\\\/author\\\/juanpedro_delatorre\\\/\"}]}<\/script>\n<!-- \/ Yoast SEO plugin. -->","yoast_head_json":{"title":"Humo blanco del coche: \u00bfPor qu\u00e9 sale?","description":"Descubre por qu\u00e9 sale humo blanco del coche, cu\u00e1ndo es se\u00f1al de aver\u00eda y qu\u00e9 hacer para evitar da\u00f1os mayores en el motor.","canonical":"https:\/\/www.boxrepsol.com\/es\/cultura-motera\/sale-humo-blanco-de-tu-coche-causas-y-senales-de-averia\/","og_locale":"es_ES","og_type":"article","og_title":"Humo blanco del coche: \u00bfPor qu\u00e9 sale?","og_description":"Descubre por qu\u00e9 sale humo blanco del coche, cu\u00e1ndo es se\u00f1al de aver\u00eda y qu\u00e9 hacer para evitar da\u00f1os mayores en el motor.","og_url":"https:\/\/www.boxrepsol.com\/es\/cultura-motera\/sale-humo-blanco-de-tu-coche-causas-y-senales-de-averia\/","og_site_name":"Box Repsol","article_publisher":"https:\/\/www.facebook.com\/BoxRepsol","article_published_time":"2026-03-17T08:49:02+00:00","article_modified_time":"2026-03-17T08:55:24+00:00","og_image":[{"width":2560,"height":1280,"url":"https:\/\/bxrepsol.s3.eu-west-1.amazonaws.com\/static\/2026\/03\/16100015\/car-exhaust-smoke-2026-01-08-06-22-21-utc-scaled-e1773663507507.jpg","type":"image\/jpeg"}],"author":"Juan Pedro de la Torre","twitter_card":"summary_large_image","twitter_creator":"@https:\/\/twitter.com\/JPdelaTorre1965","twitter_site":"@box_repsol","twitter_misc":{"Written by":"Juan Pedro de la Torre","Est. reading time":"6 minutos"},"schema":{"@context":"https:\/\/schema.org","@graph":[{"@type":"Article","@id":"https:\/\/www.boxrepsol.com\/es\/cultura-motera\/sale-humo-blanco-de-tu-coche-causas-y-senales-de-averia\/#article","isPartOf":{"@id":"https:\/\/www.boxrepsol.com\/es\/cultura-motera\/sale-humo-blanco-de-tu-coche-causas-y-senales-de-averia\/"},"author":{"name":"Juan Pedro de la Torre","@id":"https:\/\/www.boxrepsol.com\/es\/#\/schema\/person\/26abce1d675df22d63ac9e9d5f23e4aa"},"headline":"\u00bfSale humo blanco de tu coche? Causas y se\u00f1ales de aver\u00eda","datePublished":"2026-03-17T08:49:02+00:00","dateModified":"2026-03-17T08:55:24+00:00","mainEntityOfPage":{"@id":"https:\/\/www.boxrepsol.com\/es\/cultura-motera\/sale-humo-blanco-de-tu-coche-causas-y-senales-de-averia\/"},"wordCount":1280,"commentCount":0,"publisher":{"@id":"https:\/\/www.boxrepsol.com\/es\/#organization"},"image":{"@id":"https:\/\/www.boxrepsol.com\/es\/cultura-motera\/sale-humo-blanco-de-tu-coche-causas-y-senales-de-averia\/#primaryimage"},"thumbnailUrl":"https:\/\/bxrepsol.s3.eu-west-1.amazonaws.com\/static\/2026\/03\/16100015\/car-exhaust-smoke-2026-01-08-06-22-21-utc-scaled-e1773663507507.jpg","keywords":["mec\u00e1nica"],"articleSection":["Cultura Motera"],"inLanguage":"es","potentialAction":[{"@type":"CommentAction","name":"Comment","target":["https:\/\/www.boxrepsol.com\/es\/cultura-motera\/sale-humo-blanco-de-tu-coche-causas-y-senales-de-averia\/#respond"]}]},{"@type":"WebPage","@id":"https:\/\/www.boxrepsol.com\/es\/cultura-motera\/sale-humo-blanco-de-tu-coche-causas-y-senales-de-averia\/","url":"https:\/\/www.boxrepsol.com\/es\/cultura-motera\/sale-humo-blanco-de-tu-coche-causas-y-senales-de-averia\/","name":"Humo blanco del coche: \u00bfPor qu\u00e9 sale?","isPartOf":{"@id":"https:\/\/www.boxrepsol.com\/es\/#website"},"primaryImageOfPage":{"@id":"https:\/\/www.boxrepsol.com\/es\/cultura-motera\/sale-humo-blanco-de-tu-coche-causas-y-senales-de-averia\/#primaryimage"},"image":{"@id":"https:\/\/www.boxrepsol.com\/es\/cultura-motera\/sale-humo-blanco-de-tu-coche-causas-y-senales-de-averia\/#primaryimage"},"thumbnailUrl":"https:\/\/bxrepsol.s3.eu-west-1.amazonaws.com\/static\/2026\/03\/16100015\/car-exhaust-smoke-2026-01-08-06-22-21-utc-scaled-e1773663507507.jpg","datePublished":"2026-03-17T08:49:02+00:00","dateModified":"2026-03-17T08:55:24+00:00","description":"Descubre por qu\u00e9 sale humo blanco del coche, cu\u00e1ndo es se\u00f1al de aver\u00eda y qu\u00e9 hacer para evitar da\u00f1os mayores en el motor.","breadcrumb":{"@id":"https:\/\/www.boxrepsol.com\/es\/cultura-motera\/sale-humo-blanco-de-tu-coche-causas-y-senales-de-averia\/#breadcrumb"},"inLanguage":"es","potentialAction":[{"@type":"ReadAction","target":["https:\/\/www.boxrepsol.com\/es\/cultura-motera\/sale-humo-blanco-de-tu-coche-causas-y-senales-de-averia\/"]}]},{"@type":"ImageObject","inLanguage":"es","@id":"https:\/\/www.boxrepsol.com\/es\/cultura-motera\/sale-humo-blanco-de-tu-coche-causas-y-senales-de-averia\/#primaryimage","url":"https:\/\/bxrepsol.s3.eu-west-1.amazonaws.com\/static\/2026\/03\/16100015\/car-exhaust-smoke-2026-01-08-06-22-21-utc-scaled-e1773663507507.jpg","contentUrl":"https:\/\/bxrepsol.s3.eu-west-1.amazonaws.com\/static\/2026\/03\/16100015\/car-exhaust-smoke-2026-01-08-06-22-21-utc-scaled-e1773663507507.jpg","width":2560,"height":1280},{"@type":"BreadcrumbList","@id":"https:\/\/www.boxrepsol.com\/es\/cultura-motera\/sale-humo-blanco-de-tu-coche-causas-y-senales-de-averia\/#breadcrumb","itemListElement":[{"@type":"ListItem","position":1,"name":"Home","item":"https:\/\/www.boxrepsol.com\/es\/"},{"@type":"ListItem","position":2,"name":"\u00bfSale humo blanco de tu coche? Causas y se\u00f1ales de aver\u00eda"}]},{"@type":"WebSite","@id":"https:\/\/www.boxrepsol.com\/es\/#website","url":"https:\/\/www.boxrepsol.com\/es\/","name":"Box Repsol","description":"Box Repsol Site","publisher":{"@id":"https:\/\/www.boxrepsol.com\/es\/#organization"},"potentialAction":[{"@type":"SearchAction","target":{"@type":"EntryPoint","urlTemplate":"https:\/\/www.boxrepsol.com\/es\/?s={search_term_string}"},"query-input":{"@type":"PropertyValueSpecification","valueRequired":true,"valueName":"search_term_string"}}],"inLanguage":"es"},{"@type":"Organization","@id":"https:\/\/www.boxrepsol.com\/es\/#organization","name":"Box Repsol","url":"https:\/\/www.boxrepsol.com\/es\/","logo":{"@type":"ImageObject","inLanguage":"es","@id":"https:\/\/www.boxrepsol.com\/es\/#\/schema\/logo\/image\/","url":"https:\/\/bxrepsol.s3.eu-west-1.amazonaws.com\/static\/2025\/07\/30083337\/favicon-96x96-1.png","contentUrl":"https:\/\/bxrepsol.s3.eu-west-1.amazonaws.com\/static\/2025\/07\/30083337\/favicon-96x96-1.png","width":96,"height":96,"caption":"Box Repsol"},"image":{"@id":"https:\/\/www.boxrepsol.com\/es\/#\/schema\/logo\/image\/"},"sameAs":["https:\/\/www.facebook.com\/BoxRepsol","https:\/\/x.com\/box_repsol","http:\/\/instagram.com\/box_repsol","https:\/\/www.youtube.com\/user\/RepsolCompeticion","https:\/\/www.flickr.com\/photos\/box_repsol\/"]},{"@type":"Person","@id":"https:\/\/www.boxrepsol.com\/es\/#\/schema\/person\/26abce1d675df22d63ac9e9d5f23e4aa","name":"Juan Pedro de la Torre","image":{"@type":"ImageObject","inLanguage":"es","@id":"https:\/\/secure.gravatar.com\/avatar\/e81f780ee2930d7be330cb34304decf0e9bc66bec0158805a0fe2726f4517224?s=96&d=mm&r=g","url":"https:\/\/secure.gravatar.com\/avatar\/e81f780ee2930d7be330cb34304decf0e9bc66bec0158805a0fe2726f4517224?s=96&d=mm&r=g","contentUrl":"https:\/\/secure.gravatar.com\/avatar\/e81f780ee2930d7be330cb34304decf0e9bc66bec0158805a0fe2726f4517224?s=96&d=mm&r=g","caption":"Juan Pedro de la Torre"},"description":"Se inici\u00f3 en el diario Marca en 1988 y posteriormente pas\u00f3 a la revista Motociclismo, donde llegar\u00eda a ser director de deporte. Despu\u00e9s fue editor y director de Motoworld.es y Sport Bikes y colabor\u00f3 con varios medios. Adem\u00e1s, ha publicado una docena de libros y actualmente trabaja como colaborador para Motociclismo, El Confidencial y Box Repsol.","sameAs":["https:\/\/x.com\/https:\/\/twitter.com\/JPdelaTorre1965","https:\/\/youtube.com\/@juanpedrodelatorremotoworld"],"url":"https:\/\/www.boxrepsol.com\/es\/author\/juanpedro_delatorre\/"}]}},"_links":{"self":[{"href":"https:\/\/www.boxrepsol.com\/es\/wp-json\/wp\/v2\/posts\/129870","targetHints":{"allow":["GET"]}}],"collection":[{"href":"https:\/\/www.boxrepsol.com\/es\/wp-json\/wp\/v2\/posts"}],"about":[{"href":"https:\/\/www.boxrepsol.com\/es\/wp-json\/wp\/v2\/types\/post"}],"author":[{"embeddable":true,"href":"https:\/\/www.boxrepsol.com\/es\/wp-json\/wp\/v2\/users\/41268"}],"replies":[{"embeddable":true,"href":"https:\/\/www.boxrepsol.com\/es\/wp-json\/wp\/v2\/comments?post=129870"}],"version-history":[{"count":11,"href":"https:\/\/www.boxrepsol.com\/es\/wp-json\/wp\/v2\/posts\/129870\/revisions"}],"predecessor-version":[{"id":129937,"href":"https:\/\/www.boxrepsol.com\/es\/wp-json\/wp\/v2\/posts\/129870\/revisions\/129937"}],"wp:featuredmedia":[{"embeddable":true,"href":"https:\/\/www.boxrepsol.com\/es\/wp-json\/wp\/v2\/media\/129889"}],"wp:attachment":[{"href":"https:\/\/www.boxrepsol.com\/es\/wp-json\/wp\/v2\/media?parent=129870"}],"wp:term":[{"taxonomy":"category","embeddable":true,"href":"https:\/\/www.boxrepsol.com\/es\/wp-json\/wp\/v2\/categories?post=129870"},{"taxonomy":"post_tag","embeddable":true,"href":"https:\/\/www.boxrepsol.com\/es\/wp-json\/wp\/v2\/tags?post=129870"}],"curies":[{"name":"wp","href":"https:\/\/api.w.org\/{rel}","templated":true}]}}