{"id":129121,"date":"2026-01-24T20:47:00","date_gmt":"2026-01-24T22:47:00","guid":{"rendered":"https:\/\/www.boxrepsol.com\/?p=129121"},"modified":"2026-01-26T08:29:11","modified_gmt":"2026-01-26T10:29:11","slug":"arranca-el-ano-con-victoria-para-el-repsol-honda-en-el-x-trial-de-leeds","status":"publish","type":"post","link":"https:\/\/www.boxrepsol.com\/es\/trial\/arranca-el-ano-con-victoria-para-el-repsol-honda-en-el-x-trial-de-leeds\/","title":{"rendered":"Arranca el a\u00f1o con victoria para el Repsol Honda en el X-Trial de Leeds"},"content":{"rendered":"<figure class=\"wp-block-post-featured-image\"><img loading=\"lazy\" decoding=\"async\" width=\"2560\" height=\"1706\" src=\"https:\/\/bxrepsol.s3.eu-west-1.amazonaws.com\/static\/2026\/01\/24202418\/X-Trial26_r6_Bou-102777_ps-scaled.jpg\" class=\"attachment-post-thumbnail size-post-thumbnail wp-post-image\" alt=\"\" style=\"object-fit:cover;\" srcset=\"https:\/\/bxrepsol.s3.eu-west-1.amazonaws.com\/static\/2026\/01\/24202418\/X-Trial26_r6_Bou-102777_ps-scaled.jpg 2560w, https:\/\/bxrepsol.s3.eu-west-1.amazonaws.com\/static\/2026\/01\/24202418\/X-Trial26_r6_Bou-102777_ps-300x200.jpg 300w, https:\/\/bxrepsol.s3.eu-west-1.amazonaws.com\/static\/2026\/01\/24202418\/X-Trial26_r6_Bou-102777_ps-1024x683.jpg 1024w, https:\/\/bxrepsol.s3.eu-west-1.amazonaws.com\/static\/2026\/01\/24202418\/X-Trial26_r6_Bou-102777_ps-768x512.jpg 768w, https:\/\/bxrepsol.s3.eu-west-1.amazonaws.com\/static\/2026\/01\/24202418\/X-Trial26_r6_Bou-102777_ps-1536x1024.jpg 1536w, https:\/\/bxrepsol.s3.eu-west-1.amazonaws.com\/static\/2026\/01\/24202418\/X-Trial26_r6_Bou-102777_ps-2048x1365.jpg 2048w\" sizes=\"auto, (max-width: 2560px) 100vw, 2560px\" \/><\/figure>\n\n\n<p>El X-Trial de Leeds arranc\u00f3 con una intensa jornada marcada por la exigencia de las secciones y la presi\u00f3n constante desde el primer minuto. En la Q1, Toni Bou y Gabriel Marcelli volvieron a ser protagonistas, aunque con caminos muy distintos hasta la Final.<\/p>\n\n\n\n<p>La <strong>Q1 <\/strong>dej\u00f3 dos actuaciones muy diferentes en el Repsol Honda. <strong>Gabriel Marcelli <\/strong>comenz\u00f3 con buenas sensaciones, superando la primera secci\u00f3n con solo un punto, pero fue acumulando penalizaciones tras quedarse encallado en la segunda y caer en una tercera zona que puso en apuros a todos los pilotos; aun as\u00ed, se reh\u00edzo con una gran pasada por el <em>black mushroom<\/em> y complet\u00f3 con estilo la pen\u00faltima secci\u00f3n, aunque la falta de tiempo le impidi\u00f3 afrontar la \u00faltima, <strong>cerrando la Q1 con 17 puntos. Toni Bou, <\/strong>por su parte, protagoniz\u00f3 una Q1 de alt\u00edsimo nivel, siendo el \u00fanico piloto capaz de superar la tercera secci\u00f3n y marcando diferencias tanto por velocidad como por precisi\u00f3n; pese a penalizar con un cinco en la cuarta zona, su solidez en el tramo final le permiti\u00f3 terminar <strong>segundo con 12 puntos, a solo cuatro del l\u00edder y cinco por delante de Marcelli.<\/strong><\/p>\n\n\n\n<p>La <strong>Superpole <\/strong>no estuvo exenta de tensi\u00f3n. <strong>Marcelli sufri\u00f3 el primer gran contratiempo <\/strong>de la jornada debido a un desperfecto en su moto, lo que oblig\u00f3 a detener el tiempo y le supuso un minuto de penalizaci\u00f3n, cerrando su participaci\u00f3n con un <strong>1:27 total. Toni Bou<\/strong>, en cambio, logr\u00f3 salvar la situaci\u00f3n con una actuaci\u00f3n s\u00f3lida: complet\u00f3 la prueba con 30 segundos y 10 de penalizaci\u00f3n, manteniendo el orden de salida para la Final, <strong>con Marcelli partiendo primero y Bou tercero.<\/strong><\/p>\n\n\n\n<div id=\"316e7e62-964b-4eb6-914f-3545c5833a0b\" class=\"br-slider-box\"><div class=\"wp-block-create-block-repsol-carousel br-slider\"><a target=\"_blank\" href=\"https:\/\/bxrepsol.s3.eu-west-1.amazonaws.com\/static\/2026\/01\/24203138\/X-Trial26_r6_Bou-100425_ps-scaled.jpg\" data-index=\"0\" rel=\"noopener\"><img decoding=\"async\" src=\"https:\/\/bxrepsol.s3.eu-west-1.amazonaws.com\/static\/2026\/01\/24203138\/X-Trial26_r6_Bou-100425_ps-scaled.jpg\"\/><\/a><a target=\"_blank\" href=\"https:\/\/bxrepsol.s3.eu-west-1.amazonaws.com\/static\/2026\/01\/24203145\/X-Trial26_r6_Marcelli-100227_ps-2-scaled.jpg\" data-index=\"1\" rel=\"noopener\"><img decoding=\"async\" src=\"https:\/\/bxrepsol.s3.eu-west-1.amazonaws.com\/static\/2026\/01\/24203145\/X-Trial26_r6_Marcelli-100227_ps-2-scaled.jpg\"\/><\/a><a target=\"_blank\" href=\"https:\/\/bxrepsol.s3.eu-west-1.amazonaws.com\/static\/2026\/01\/24203152\/X-Trial26_r6_Marcelli-102507_ps-2-scaled.jpg\" data-index=\"2\" rel=\"noopener\"><img decoding=\"async\" src=\"https:\/\/bxrepsol.s3.eu-west-1.amazonaws.com\/static\/2026\/01\/24203152\/X-Trial26_r6_Marcelli-102507_ps-2-scaled.jpg\"\/><\/a><a target=\"_blank\" href=\"https:\/\/bxrepsol.s3.eu-west-1.amazonaws.com\/static\/2026\/01\/24203159\/X-Trial26_r6_Podium-02987_ps-2-scaled.jpg\" data-index=\"3\" rel=\"noopener\"><img decoding=\"async\" src=\"https:\/\/bxrepsol.s3.eu-west-1.amazonaws.com\/static\/2026\/01\/24203159\/X-Trial26_r6_Podium-02987_ps-2-scaled.jpg\"\/><\/a><a target=\"_blank\" href=\"https:\/\/bxrepsol.s3.eu-west-1.amazonaws.com\/static\/2026\/01\/24203205\/X-Trial26_r6_Podium-105101_ps-2-scaled.jpg\" data-index=\"4\" rel=\"noopener\"><img decoding=\"async\" src=\"https:\/\/bxrepsol.s3.eu-west-1.amazonaws.com\/static\/2026\/01\/24203205\/X-Trial26_r6_Podium-105101_ps-2-scaled.jpg\"\/><\/a><a target=\"_blank\" href=\"https:\/\/bxrepsol.s3.eu-west-1.amazonaws.com\/static\/2026\/01\/24203511\/X-Trial26_r6_Bou-02040_ps-2-scaled.jpg\" data-index=\"5\" rel=\"noopener\"><img decoding=\"async\" src=\"https:\/\/bxrepsol.s3.eu-west-1.amazonaws.com\/static\/2026\/01\/24203511\/X-Trial26_r6_Bou-02040_ps-2-scaled.jpg\"\/><\/a><a target=\"_blank\" href=\"https:\/\/bxrepsol.s3.eu-west-1.amazonaws.com\/static\/2026\/01\/24203518\/X-Trial26_r6_Bou-02938_ps-scaled.jpg\" data-index=\"6\" rel=\"noopener\"><img decoding=\"async\" src=\"https:\/\/bxrepsol.s3.eu-west-1.amazonaws.com\/static\/2026\/01\/24203518\/X-Trial26_r6_Bou-02938_ps-scaled.jpg\"\/><\/a><a target=\"_blank\" href=\"https:\/\/bxrepsol.s3.eu-west-1.amazonaws.com\/static\/2026\/01\/24203013\/X-Trial26_r6_Marcelli-01980_ps-scaled.jpg\" data-index=\"7\" rel=\"noopener\"><img decoding=\"async\" src=\"https:\/\/bxrepsol.s3.eu-west-1.amazonaws.com\/static\/2026\/01\/24203013\/X-Trial26_r6_Marcelli-01980_ps-scaled.jpg\"\/><\/a><\/div><div class=\"br-slider-buttons\"><button class=\"arrow rds-icon arrow--left rds-icon-Arrow_left\"><\/button><button class=\"arrow rds-icon arrow--right rds-icon-Arrow_right\"><\/button><\/div><\/div>\n\n\n\n<p>La <strong>Final <\/strong>estuvo llena de tensi\u00f3n y se decidi\u00f3 hasta el \u00faltimo obst\u00e1culo. <strong>Marcelli <\/strong>arranc\u00f3 con dificultades, sumando un fiasco en la primera secci\u00f3n y penalizando nuevamente tras una ca\u00edda en la segunda, lo que le situ\u00f3 en las \u00faltimas posiciones. Poco a poco fue recuperando ritmo en las zonas centrales, pero un error por falta de tiempo en la pen\u00faltima secci\u00f3n le dej\u00f3 <strong>sin opciones de podio<\/strong>, cerrando la carrera en cuarta posici\u00f3n, afectado por la presi\u00f3n mental. <strong>Toni Bou<\/strong>, en cambio, fue de menos a m\u00e1s: altern\u00f3 alg\u00fan fallo puntual con pasadas brillantes, firm\u00f3 ceros decisivos en la tercera y cuarta secci\u00f3n, y lleg\u00f3 a la \u00faltima zona con una ventaja m\u00ednima que supo mantener pese a un desequilibrio final, logrando as\u00ed en Leeds <strong>su victoria m\u00e1s ajustada de la temporada <\/strong>tras una lucha intensa con Hemingway hasta el final.<\/p>\n\n\n\n<p>Con esta victoria, <strong>Toni Bou firma una de las finales m\u00e1s re\u00f1idas de la temporada<\/strong>, demostrando una vez m\u00e1s su capacidad para imponerse bajo presi\u00f3n frente al talento emergente del Reino Unido. El <strong>Repsol Honda Trial Team<\/strong> abandona Leeds con sensaciones mixtas, pero con la seguridad de que tanto Bou como Marcelli mantienen un nivel competitivo para seguir luchando por los primeros puestos en lo que queda de campeonato.<\/p>\n\n\n\n<figure class=\"wp-block-image size-large\"><img loading=\"lazy\" decoding=\"async\" width=\"1024\" height=\"683\" src=\"https:\/\/bxrepsol.s3.eu-west-1.amazonaws.com\/static\/2026\/01\/24203842\/X-Trial26_r6_Bou-02140_ps-1-1024x683.jpg\" alt=\"\" class=\"wp-image-129197\" srcset=\"https:\/\/bxrepsol.s3.eu-west-1.amazonaws.com\/static\/2026\/01\/24203842\/X-Trial26_r6_Bou-02140_ps-1-1024x683.jpg 1024w, https:\/\/bxrepsol.s3.eu-west-1.amazonaws.com\/static\/2026\/01\/24203842\/X-Trial26_r6_Bou-02140_ps-1-300x200.jpg 300w, https:\/\/bxrepsol.s3.eu-west-1.amazonaws.com\/static\/2026\/01\/24203842\/X-Trial26_r6_Bou-02140_ps-1-768x512.jpg 768w, https:\/\/bxrepsol.s3.eu-west-1.amazonaws.com\/static\/2026\/01\/24203842\/X-Trial26_r6_Bou-02140_ps-1-1536x1024.jpg 1536w, https:\/\/bxrepsol.s3.eu-west-1.amazonaws.com\/static\/2026\/01\/24203842\/X-Trial26_r6_Bou-02140_ps-1-2048x1365.jpg 2048w\" sizes=\"auto, (max-width: 1024px) 100vw, 1024px\" \/><\/figure>\n\n\n\n<blockquote class=\"wp-block-quote is-layout-flow wp-block-quote-is-layout-flow\">\n<p><strong>TONI BOU:<\/strong><\/p>\n<\/blockquote>\n\n\n\n<blockquote class=\"wp-block-quote is-layout-flow wp-block-quote-is-layout-flow\">\n<p>\u201cEstoy s\u00faper contento con el resultado pensando en el campeonato. Ha sido una carrera muy ajustada sobre todo en la final donde creo que he tomado una mala decisi\u00f3n que ha perjudicado mis sensaciones en la ronda decisiva. S\u00e9 que ahora mismo no estoy al 100% f\u00edsicamente y he arriesgado en la primera zona, que al final ese riesgo es el que me ha dado la victoria por lo que estoy contento con el c\u00f3mputo general del campeonato. Esta victoria es importante y el pr\u00f3ximo reto es Barcelona\u201d.<\/p>\n<\/blockquote>\n\n\n\n<blockquote class=\"wp-block-quote is-layout-flow wp-block-quote-is-layout-flow\">\n<p><strong>GABRIEL MARCELLI:<\/strong><\/p>\n\n\n\n<p>\u201cNo estoy muy contento con la carrera de hoy. En la final no he pilotado especialmente bien y las sensaciones no han sido las mejores. Mirando el lado positivo no he perdido muchos puntos en la general con respecto a Jaime. Ahora tenemos que mirar cu\u00e1les han sido nuestros errores, mejorar e intentar volver a lo m\u00e1s alto en Barcelona\u201d.<\/p>\n<\/blockquote>\n\n\n\n<figure class=\"wp-block-embed is-type-video is-provider-tiktok wp-block-embed-tiktok\"><div class=\"wp-block-embed__wrapper\">\n<blockquote class=\"tiktok-embed\" cite=\"https:\/\/www.tiktok.com\/@trialteamhrc\/video\/7599002833408511254\" data-video-id=\"7599002833408511254\" data-embed-from=\"oembed\" style=\"max-width:605px; min-width:325px;\"> <section> <a target=\"_blank\" title=\"@trialteamhrc\" href=\"https:\/\/www.tiktok.com\/@trialteamhrc?refer=embed\">@trialteamhrc<\/a> <p>Straight to the final \ud83e\udde8 <a title=\"repsolhonda\" target=\"_blank\" href=\"https:\/\/www.tiktok.com\/tag\/repsolhonda?refer=embed\">#RepsolHonda<\/a> <a title=\"tonibou\" target=\"_blank\" href=\"https:\/\/www.tiktok.com\/tag\/tonibou?refer=embed\">#ToniBou<\/a> <a title=\"honda\" target=\"_blank\" href=\"https:\/\/www.tiktok.com\/tag\/honda?refer=embed\">#Honda<\/a> <\/p> <a target=\"_blank\" title=\"\u266c sonido original - Repsol Honda HRC\" href=\"https:\/\/www.tiktok.com\/music\/sonido-original-7599002835535104790?refer=embed\">\u266c sonido original &#8211; Repsol Honda HRC<\/a> <\/section> <\/blockquote> <script async src=\"https:\/\/www.tiktok.com\/embed.js\"><\/script>\n<\/div><\/figure>\n\n\n\n<p><\/p>\n","protected":false},"excerpt":{"rendered":"<p>Bou resiste hasta el \u00faltimo obst\u00e1culo y se lleva en Leeds su victoria m\u00e1s ajustada de la temporada<\/p>\n","protected":false},"author":43146,"featured_media":129154,"comment_status":"open","ping_status":"closed","sticky":false,"template":"","format":"standard","meta":{"footnotes":""},"categories":[23],"tags":[333],"class_list":["post-129121","post","type-post","status-publish","format-standard","hentry","category-trial","tag-competicion"],"yoast_head":"<!-- This site is optimized with the Yoast SEO plugin v27.3 - https:\/\/yoast.com\/product\/yoast-seo-wordpress\/ -->\n<title>Arranca el a\u00f1o con victoria para el Repsol Honda en el X-Trial de Leeds - Box Repsol<\/title>\n<meta name=\"description\" content=\"Bou resiste hasta el \u00faltimo obst\u00e1culo y se lleva en Leeds su victoria m\u00e1s ajustada de la temporada\" \/>\n<link rel=\"canonical\" href=\"https:\/\/www.boxrepsol.com\/es\/trial\/arranca-el-ano-con-victoria-para-el-repsol-honda-en-el-x-trial-de-leeds\/\" \/>\n<meta property=\"og:locale\" content=\"es_ES\" \/>\n<meta property=\"og:type\" content=\"article\" \/>\n<meta property=\"og:title\" content=\"Arranca el a\u00f1o con victoria para el Repsol Honda en el X-Trial de Leeds - Box Repsol\" \/>\n<meta property=\"og:description\" content=\"Bou resiste hasta el \u00faltimo obst\u00e1culo y se lleva en Leeds su victoria m\u00e1s ajustada de la temporada\" \/>\n<meta property=\"og:url\" content=\"https:\/\/www.boxrepsol.com\/es\/trial\/arranca-el-ano-con-victoria-para-el-repsol-honda-en-el-x-trial-de-leeds\/\" \/>\n<meta property=\"og:site_name\" content=\"Box Repsol\" \/>\n<meta property=\"article:publisher\" content=\"https:\/\/www.facebook.com\/BoxRepsol\" \/>\n<meta property=\"article:author\" content=\"https:\/\/www.facebook.com\/BoxRepsol\/\" \/>\n<meta property=\"article:published_time\" content=\"2026-01-24T22:47:00+00:00\" \/>\n<meta property=\"article:modified_time\" content=\"2026-01-26T10:29:11+00:00\" \/>\n<meta property=\"og:image\" content=\"https:\/\/bxrepsol.s3.eu-west-1.amazonaws.com\/static\/2026\/01\/24202418\/X-Trial26_r6_Bou-102777_ps-scaled.jpg\" \/>\n\t<meta property=\"og:image:width\" content=\"2560\" \/>\n\t<meta property=\"og:image:height\" content=\"1706\" \/>\n\t<meta property=\"og:image:type\" content=\"image\/jpeg\" \/>\n<meta name=\"author\" content=\"Redacci\u00f3n Box Repsol\" \/>\n<meta name=\"twitter:card\" content=\"summary_large_image\" \/>\n<meta name=\"twitter:creator\" content=\"@https:\/\/twitter.com\/box_repsol\" \/>\n<meta name=\"twitter:site\" content=\"@box_repsol\" \/>\n<meta name=\"twitter:label1\" content=\"Written by\" \/>\n\t<meta name=\"twitter:data1\" content=\"Redacci\u00f3n Box Repsol\" \/>\n\t<meta name=\"twitter:label2\" content=\"Est. reading time\" \/>\n\t<meta name=\"twitter:data2\" content=\"3 minutos\" \/>\n<script type=\"application\/ld+json\" class=\"yoast-schema-graph\">{\"@context\":\"https:\\\/\\\/schema.org\",\"@graph\":[{\"@type\":\"Article\",\"@id\":\"https:\\\/\\\/www.boxrepsol.com\\\/es\\\/trial\\\/arranca-el-ano-con-victoria-para-el-repsol-honda-en-el-x-trial-de-leeds\\\/#article\",\"isPartOf\":{\"@id\":\"https:\\\/\\\/www.boxrepsol.com\\\/es\\\/trial\\\/arranca-el-ano-con-victoria-para-el-repsol-honda-en-el-x-trial-de-leeds\\\/\"},\"author\":{\"name\":\"Redacci\u00f3n Box Repsol\",\"@id\":\"https:\\\/\\\/www.boxrepsol.com\\\/es\\\/#\\\/schema\\\/person\\\/c5c2138f2cca251b0ad92b7086bb60b7\"},\"headline\":\"Arranca el a\u00f1o con victoria para el Repsol Honda en el X-Trial de Leeds\",\"datePublished\":\"2026-01-24T22:47:00+00:00\",\"dateModified\":\"2026-01-26T10:29:11+00:00\",\"mainEntityOfPage\":{\"@id\":\"https:\\\/\\\/www.boxrepsol.com\\\/es\\\/trial\\\/arranca-el-ano-con-victoria-para-el-repsol-honda-en-el-x-trial-de-leeds\\\/\"},\"wordCount\":701,\"commentCount\":0,\"publisher\":{\"@id\":\"https:\\\/\\\/www.boxrepsol.com\\\/es\\\/#organization\"},\"image\":{\"@id\":\"https:\\\/\\\/www.boxrepsol.com\\\/es\\\/trial\\\/arranca-el-ano-con-victoria-para-el-repsol-honda-en-el-x-trial-de-leeds\\\/#primaryimage\"},\"thumbnailUrl\":\"https:\\\/\\\/bxrepsol.s3.eu-west-1.amazonaws.com\\\/static\\\/2026\\\/01\\\/24202418\\\/X-Trial26_r6_Bou-102777_ps-scaled.jpg\",\"keywords\":[\"Competici\u00f3n\"],\"articleSection\":[\"Trial\"],\"inLanguage\":\"es\",\"potentialAction\":[{\"@type\":\"CommentAction\",\"name\":\"Comment\",\"target\":[\"https:\\\/\\\/www.boxrepsol.com\\\/es\\\/trial\\\/arranca-el-ano-con-victoria-para-el-repsol-honda-en-el-x-trial-de-leeds\\\/#respond\"]}]},{\"@type\":\"WebPage\",\"@id\":\"https:\\\/\\\/www.boxrepsol.com\\\/es\\\/trial\\\/arranca-el-ano-con-victoria-para-el-repsol-honda-en-el-x-trial-de-leeds\\\/\",\"url\":\"https:\\\/\\\/www.boxrepsol.com\\\/es\\\/trial\\\/arranca-el-ano-con-victoria-para-el-repsol-honda-en-el-x-trial-de-leeds\\\/\",\"name\":\"Arranca el a\u00f1o con victoria para el Repsol Honda en el X-Trial de Leeds - Box Repsol\",\"isPartOf\":{\"@id\":\"https:\\\/\\\/www.boxrepsol.com\\\/es\\\/#website\"},\"primaryImageOfPage\":{\"@id\":\"https:\\\/\\\/www.boxrepsol.com\\\/es\\\/trial\\\/arranca-el-ano-con-victoria-para-el-repsol-honda-en-el-x-trial-de-leeds\\\/#primaryimage\"},\"image\":{\"@id\":\"https:\\\/\\\/www.boxrepsol.com\\\/es\\\/trial\\\/arranca-el-ano-con-victoria-para-el-repsol-honda-en-el-x-trial-de-leeds\\\/#primaryimage\"},\"thumbnailUrl\":\"https:\\\/\\\/bxrepsol.s3.eu-west-1.amazonaws.com\\\/static\\\/2026\\\/01\\\/24202418\\\/X-Trial26_r6_Bou-102777_ps-scaled.jpg\",\"datePublished\":\"2026-01-24T22:47:00+00:00\",\"dateModified\":\"2026-01-26T10:29:11+00:00\",\"description\":\"Bou resiste hasta el \u00faltimo obst\u00e1culo y se lleva en Leeds su victoria m\u00e1s ajustada de la temporada\",\"breadcrumb\":{\"@id\":\"https:\\\/\\\/www.boxrepsol.com\\\/es\\\/trial\\\/arranca-el-ano-con-victoria-para-el-repsol-honda-en-el-x-trial-de-leeds\\\/#breadcrumb\"},\"inLanguage\":\"es\",\"potentialAction\":[{\"@type\":\"ReadAction\",\"target\":[\"https:\\\/\\\/www.boxrepsol.com\\\/es\\\/trial\\\/arranca-el-ano-con-victoria-para-el-repsol-honda-en-el-x-trial-de-leeds\\\/\"]}]},{\"@type\":\"ImageObject\",\"inLanguage\":\"es\",\"@id\":\"https:\\\/\\\/www.boxrepsol.com\\\/es\\\/trial\\\/arranca-el-ano-con-victoria-para-el-repsol-honda-en-el-x-trial-de-leeds\\\/#primaryimage\",\"url\":\"https:\\\/\\\/bxrepsol.s3.eu-west-1.amazonaws.com\\\/static\\\/2026\\\/01\\\/24202418\\\/X-Trial26_r6_Bou-102777_ps-scaled.jpg\",\"contentUrl\":\"https:\\\/\\\/bxrepsol.s3.eu-west-1.amazonaws.com\\\/static\\\/2026\\\/01\\\/24202418\\\/X-Trial26_r6_Bou-102777_ps-scaled.jpg\",\"width\":2560,\"height\":1706},{\"@type\":\"BreadcrumbList\",\"@id\":\"https:\\\/\\\/www.boxrepsol.com\\\/es\\\/trial\\\/arranca-el-ano-con-victoria-para-el-repsol-honda-en-el-x-trial-de-leeds\\\/#breadcrumb\",\"itemListElement\":[{\"@type\":\"ListItem\",\"position\":1,\"name\":\"Home\",\"item\":\"https:\\\/\\\/www.boxrepsol.com\\\/es\\\/\"},{\"@type\":\"ListItem\",\"position\":2,\"name\":\"Arranca el a\u00f1o con victoria para el Repsol Honda en el X-Trial de Leeds\"}]},{\"@type\":\"WebSite\",\"@id\":\"https:\\\/\\\/www.boxrepsol.com\\\/es\\\/#website\",\"url\":\"https:\\\/\\\/www.boxrepsol.com\\\/es\\\/\",\"name\":\"Box Repsol\",\"description\":\"Box Repsol Site\",\"publisher\":{\"@id\":\"https:\\\/\\\/www.boxrepsol.com\\\/es\\\/#organization\"},\"potentialAction\":[{\"@type\":\"SearchAction\",\"target\":{\"@type\":\"EntryPoint\",\"urlTemplate\":\"https:\\\/\\\/www.boxrepsol.com\\\/es\\\/?s={search_term_string}\"},\"query-input\":{\"@type\":\"PropertyValueSpecification\",\"valueRequired\":true,\"valueName\":\"search_term_string\"}}],\"inLanguage\":\"es\"},{\"@type\":\"Organization\",\"@id\":\"https:\\\/\\\/www.boxrepsol.com\\\/es\\\/#organization\",\"name\":\"Box Repsol\",\"url\":\"https:\\\/\\\/www.boxrepsol.com\\\/es\\\/\",\"logo\":{\"@type\":\"ImageObject\",\"inLanguage\":\"es\",\"@id\":\"https:\\\/\\\/www.boxrepsol.com\\\/es\\\/#\\\/schema\\\/logo\\\/image\\\/\",\"url\":\"https:\\\/\\\/bxrepsol.s3.eu-west-1.amazonaws.com\\\/static\\\/2025\\\/07\\\/30083337\\\/favicon-96x96-1.png\",\"contentUrl\":\"https:\\\/\\\/bxrepsol.s3.eu-west-1.amazonaws.com\\\/static\\\/2025\\\/07\\\/30083337\\\/favicon-96x96-1.png\",\"width\":96,\"height\":96,\"caption\":\"Box Repsol\"},\"image\":{\"@id\":\"https:\\\/\\\/www.boxrepsol.com\\\/es\\\/#\\\/schema\\\/logo\\\/image\\\/\"},\"sameAs\":[\"https:\\\/\\\/www.facebook.com\\\/BoxRepsol\",\"https:\\\/\\\/x.com\\\/box_repsol\",\"http:\\\/\\\/instagram.com\\\/box_repsol\",\"https:\\\/\\\/www.youtube.com\\\/user\\\/RepsolCompeticion\",\"https:\\\/\\\/www.flickr.com\\\/photos\\\/box_repsol\\\/\"]},{\"@type\":\"Person\",\"@id\":\"https:\\\/\\\/www.boxrepsol.com\\\/es\\\/#\\\/schema\\\/person\\\/c5c2138f2cca251b0ad92b7086bb60b7\",\"name\":\"Redacci\u00f3n Box Repsol\",\"image\":{\"@type\":\"ImageObject\",\"inLanguage\":\"es\",\"@id\":\"https:\\\/\\\/secure.gravatar.com\\\/avatar\\\/adf7b77e38b4419baf32c7e9c21dde01f4e40df611f0978e3006fc4ba0aaab7e?s=96&d=mm&r=g\",\"url\":\"https:\\\/\\\/secure.gravatar.com\\\/avatar\\\/adf7b77e38b4419baf32c7e9c21dde01f4e40df611f0978e3006fc4ba0aaab7e?s=96&d=mm&r=g\",\"contentUrl\":\"https:\\\/\\\/secure.gravatar.com\\\/avatar\\\/adf7b77e38b4419baf32c7e9c21dde01f4e40df611f0978e3006fc4ba0aaab7e?s=96&d=mm&r=g\",\"caption\":\"Redacci\u00f3n Box Repsol\"},\"description\":\"Box Repsol lo forma un equipo de periodistas, community managers, dise\u00f1adores y fot\u00f3grafos con m\u00e1s de 20 a\u00f1os de experiencia en el mundo del motorsport. Hemos vivido el primer mundial de un espa\u00f1ol en la categor\u00eda reina de motociclismo con \u00c1lex Crivill\u00e9, estuvimos en las victorias de Pedrosa y los t\u00edtulos de M\u00e1rquez, acompa\u00f1amos en \u00c1frica a Nani Roma y Marc Coma en sus conquistas del Dakar y hemos vibrado con los t\u00edtulos de Toni Bou en Trial. Adem\u00e1s, en nuestro equipo contamos con expertos en el mundo de las dos y cuatro ruedas tanto de la calle y las carreteras, como de los circuitos. Periodistas que han trabajado en revistas y publicaciones para hacerte llegar desde rutas y consejos de mantenimiento, a curiosidades y trucos de pilotaje.\",\"sameAs\":[\"https:\\\/\\\/www.facebook.com\\\/BoxRepsol\\\/\",\"https:\\\/\\\/www.instagram.com\\\/box_repsol\\\/\",\"https:\\\/\\\/x.com\\\/https:\\\/\\\/twitter.com\\\/box_repsol\",\"https:\\\/\\\/www.youtube.com\\\/@Boxrepsol\"],\"url\":\"https:\\\/\\\/www.boxrepsol.com\\\/es\\\/author\\\/redaccion-box-repsol\\\/\"}]}<\/script>\n<!-- \/ Yoast SEO plugin. -->","yoast_head_json":{"title":"Arranca el a\u00f1o con victoria para el Repsol Honda en el X-Trial de Leeds - Box Repsol","description":"Bou resiste hasta el \u00faltimo obst\u00e1culo y se lleva en Leeds su victoria m\u00e1s ajustada de la temporada","canonical":"https:\/\/www.boxrepsol.com\/es\/trial\/arranca-el-ano-con-victoria-para-el-repsol-honda-en-el-x-trial-de-leeds\/","og_locale":"es_ES","og_type":"article","og_title":"Arranca el a\u00f1o con victoria para el Repsol Honda en el X-Trial de Leeds - Box Repsol","og_description":"Bou resiste hasta el \u00faltimo obst\u00e1culo y se lleva en Leeds su victoria m\u00e1s ajustada de la temporada","og_url":"https:\/\/www.boxrepsol.com\/es\/trial\/arranca-el-ano-con-victoria-para-el-repsol-honda-en-el-x-trial-de-leeds\/","og_site_name":"Box Repsol","article_publisher":"https:\/\/www.facebook.com\/BoxRepsol","article_author":"https:\/\/www.facebook.com\/BoxRepsol\/","article_published_time":"2026-01-24T22:47:00+00:00","article_modified_time":"2026-01-26T10:29:11+00:00","og_image":[{"width":2560,"height":1706,"url":"https:\/\/bxrepsol.s3.eu-west-1.amazonaws.com\/static\/2026\/01\/24202418\/X-Trial26_r6_Bou-102777_ps-scaled.jpg","type":"image\/jpeg"}],"author":"Redacci\u00f3n Box Repsol","twitter_card":"summary_large_image","twitter_creator":"@https:\/\/twitter.com\/box_repsol","twitter_site":"@box_repsol","twitter_misc":{"Written by":"Redacci\u00f3n Box Repsol","Est. reading time":"3 minutos"},"schema":{"@context":"https:\/\/schema.org","@graph":[{"@type":"Article","@id":"https:\/\/www.boxrepsol.com\/es\/trial\/arranca-el-ano-con-victoria-para-el-repsol-honda-en-el-x-trial-de-leeds\/#article","isPartOf":{"@id":"https:\/\/www.boxrepsol.com\/es\/trial\/arranca-el-ano-con-victoria-para-el-repsol-honda-en-el-x-trial-de-leeds\/"},"author":{"name":"Redacci\u00f3n Box Repsol","@id":"https:\/\/www.boxrepsol.com\/es\/#\/schema\/person\/c5c2138f2cca251b0ad92b7086bb60b7"},"headline":"Arranca el a\u00f1o con victoria para el Repsol Honda en el X-Trial de Leeds","datePublished":"2026-01-24T22:47:00+00:00","dateModified":"2026-01-26T10:29:11+00:00","mainEntityOfPage":{"@id":"https:\/\/www.boxrepsol.com\/es\/trial\/arranca-el-ano-con-victoria-para-el-repsol-honda-en-el-x-trial-de-leeds\/"},"wordCount":701,"commentCount":0,"publisher":{"@id":"https:\/\/www.boxrepsol.com\/es\/#organization"},"image":{"@id":"https:\/\/www.boxrepsol.com\/es\/trial\/arranca-el-ano-con-victoria-para-el-repsol-honda-en-el-x-trial-de-leeds\/#primaryimage"},"thumbnailUrl":"https:\/\/bxrepsol.s3.eu-west-1.amazonaws.com\/static\/2026\/01\/24202418\/X-Trial26_r6_Bou-102777_ps-scaled.jpg","keywords":["Competici\u00f3n"],"articleSection":["Trial"],"inLanguage":"es","potentialAction":[{"@type":"CommentAction","name":"Comment","target":["https:\/\/www.boxrepsol.com\/es\/trial\/arranca-el-ano-con-victoria-para-el-repsol-honda-en-el-x-trial-de-leeds\/#respond"]}]},{"@type":"WebPage","@id":"https:\/\/www.boxrepsol.com\/es\/trial\/arranca-el-ano-con-victoria-para-el-repsol-honda-en-el-x-trial-de-leeds\/","url":"https:\/\/www.boxrepsol.com\/es\/trial\/arranca-el-ano-con-victoria-para-el-repsol-honda-en-el-x-trial-de-leeds\/","name":"Arranca el a\u00f1o con victoria para el Repsol Honda en el X-Trial de Leeds - Box Repsol","isPartOf":{"@id":"https:\/\/www.boxrepsol.com\/es\/#website"},"primaryImageOfPage":{"@id":"https:\/\/www.boxrepsol.com\/es\/trial\/arranca-el-ano-con-victoria-para-el-repsol-honda-en-el-x-trial-de-leeds\/#primaryimage"},"image":{"@id":"https:\/\/www.boxrepsol.com\/es\/trial\/arranca-el-ano-con-victoria-para-el-repsol-honda-en-el-x-trial-de-leeds\/#primaryimage"},"thumbnailUrl":"https:\/\/bxrepsol.s3.eu-west-1.amazonaws.com\/static\/2026\/01\/24202418\/X-Trial26_r6_Bou-102777_ps-scaled.jpg","datePublished":"2026-01-24T22:47:00+00:00","dateModified":"2026-01-26T10:29:11+00:00","description":"Bou resiste hasta el \u00faltimo obst\u00e1culo y se lleva en Leeds su victoria m\u00e1s ajustada de la temporada","breadcrumb":{"@id":"https:\/\/www.boxrepsol.com\/es\/trial\/arranca-el-ano-con-victoria-para-el-repsol-honda-en-el-x-trial-de-leeds\/#breadcrumb"},"inLanguage":"es","potentialAction":[{"@type":"ReadAction","target":["https:\/\/www.boxrepsol.com\/es\/trial\/arranca-el-ano-con-victoria-para-el-repsol-honda-en-el-x-trial-de-leeds\/"]}]},{"@type":"ImageObject","inLanguage":"es","@id":"https:\/\/www.boxrepsol.com\/es\/trial\/arranca-el-ano-con-victoria-para-el-repsol-honda-en-el-x-trial-de-leeds\/#primaryimage","url":"https:\/\/bxrepsol.s3.eu-west-1.amazonaws.com\/static\/2026\/01\/24202418\/X-Trial26_r6_Bou-102777_ps-scaled.jpg","contentUrl":"https:\/\/bxrepsol.s3.eu-west-1.amazonaws.com\/static\/2026\/01\/24202418\/X-Trial26_r6_Bou-102777_ps-scaled.jpg","width":2560,"height":1706},{"@type":"BreadcrumbList","@id":"https:\/\/www.boxrepsol.com\/es\/trial\/arranca-el-ano-con-victoria-para-el-repsol-honda-en-el-x-trial-de-leeds\/#breadcrumb","itemListElement":[{"@type":"ListItem","position":1,"name":"Home","item":"https:\/\/www.boxrepsol.com\/es\/"},{"@type":"ListItem","position":2,"name":"Arranca el a\u00f1o con victoria para el Repsol Honda en el X-Trial de Leeds"}]},{"@type":"WebSite","@id":"https:\/\/www.boxrepsol.com\/es\/#website","url":"https:\/\/www.boxrepsol.com\/es\/","name":"Box Repsol","description":"Box Repsol Site","publisher":{"@id":"https:\/\/www.boxrepsol.com\/es\/#organization"},"potentialAction":[{"@type":"SearchAction","target":{"@type":"EntryPoint","urlTemplate":"https:\/\/www.boxrepsol.com\/es\/?s={search_term_string}"},"query-input":{"@type":"PropertyValueSpecification","valueRequired":true,"valueName":"search_term_string"}}],"inLanguage":"es"},{"@type":"Organization","@id":"https:\/\/www.boxrepsol.com\/es\/#organization","name":"Box Repsol","url":"https:\/\/www.boxrepsol.com\/es\/","logo":{"@type":"ImageObject","inLanguage":"es","@id":"https:\/\/www.boxrepsol.com\/es\/#\/schema\/logo\/image\/","url":"https:\/\/bxrepsol.s3.eu-west-1.amazonaws.com\/static\/2025\/07\/30083337\/favicon-96x96-1.png","contentUrl":"https:\/\/bxrepsol.s3.eu-west-1.amazonaws.com\/static\/2025\/07\/30083337\/favicon-96x96-1.png","width":96,"height":96,"caption":"Box Repsol"},"image":{"@id":"https:\/\/www.boxrepsol.com\/es\/#\/schema\/logo\/image\/"},"sameAs":["https:\/\/www.facebook.com\/BoxRepsol","https:\/\/x.com\/box_repsol","http:\/\/instagram.com\/box_repsol","https:\/\/www.youtube.com\/user\/RepsolCompeticion","https:\/\/www.flickr.com\/photos\/box_repsol\/"]},{"@type":"Person","@id":"https:\/\/www.boxrepsol.com\/es\/#\/schema\/person\/c5c2138f2cca251b0ad92b7086bb60b7","name":"Redacci\u00f3n Box Repsol","image":{"@type":"ImageObject","inLanguage":"es","@id":"https:\/\/secure.gravatar.com\/avatar\/adf7b77e38b4419baf32c7e9c21dde01f4e40df611f0978e3006fc4ba0aaab7e?s=96&d=mm&r=g","url":"https:\/\/secure.gravatar.com\/avatar\/adf7b77e38b4419baf32c7e9c21dde01f4e40df611f0978e3006fc4ba0aaab7e?s=96&d=mm&r=g","contentUrl":"https:\/\/secure.gravatar.com\/avatar\/adf7b77e38b4419baf32c7e9c21dde01f4e40df611f0978e3006fc4ba0aaab7e?s=96&d=mm&r=g","caption":"Redacci\u00f3n Box Repsol"},"description":"Box Repsol lo forma un equipo de periodistas, community managers, dise\u00f1adores y fot\u00f3grafos con m\u00e1s de 20 a\u00f1os de experiencia en el mundo del motorsport. Hemos vivido el primer mundial de un espa\u00f1ol en la categor\u00eda reina de motociclismo con \u00c1lex Crivill\u00e9, estuvimos en las victorias de Pedrosa y los t\u00edtulos de M\u00e1rquez, acompa\u00f1amos en \u00c1frica a Nani Roma y Marc Coma en sus conquistas del Dakar y hemos vibrado con los t\u00edtulos de Toni Bou en Trial. Adem\u00e1s, en nuestro equipo contamos con expertos en el mundo de las dos y cuatro ruedas tanto de la calle y las carreteras, como de los circuitos. Periodistas que han trabajado en revistas y publicaciones para hacerte llegar desde rutas y consejos de mantenimiento, a curiosidades y trucos de pilotaje.","sameAs":["https:\/\/www.facebook.com\/BoxRepsol\/","https:\/\/www.instagram.com\/box_repsol\/","https:\/\/x.com\/https:\/\/twitter.com\/box_repsol","https:\/\/www.youtube.com\/@Boxrepsol"],"url":"https:\/\/www.boxrepsol.com\/es\/author\/redaccion-box-repsol\/"}]}},"_links":{"self":[{"href":"https:\/\/www.boxrepsol.com\/es\/wp-json\/wp\/v2\/posts\/129121","targetHints":{"allow":["GET"]}}],"collection":[{"href":"https:\/\/www.boxrepsol.com\/es\/wp-json\/wp\/v2\/posts"}],"about":[{"href":"https:\/\/www.boxrepsol.com\/es\/wp-json\/wp\/v2\/types\/post"}],"author":[{"embeddable":true,"href":"https:\/\/www.boxrepsol.com\/es\/wp-json\/wp\/v2\/users\/43146"}],"replies":[{"embeddable":true,"href":"https:\/\/www.boxrepsol.com\/es\/wp-json\/wp\/v2\/comments?post=129121"}],"version-history":[{"count":7,"href":"https:\/\/www.boxrepsol.com\/es\/wp-json\/wp\/v2\/posts\/129121\/revisions"}],"predecessor-version":[{"id":129199,"href":"https:\/\/www.boxrepsol.com\/es\/wp-json\/wp\/v2\/posts\/129121\/revisions\/129199"}],"wp:featuredmedia":[{"embeddable":true,"href":"https:\/\/www.boxrepsol.com\/es\/wp-json\/wp\/v2\/media\/129154"}],"wp:attachment":[{"href":"https:\/\/www.boxrepsol.com\/es\/wp-json\/wp\/v2\/media?parent=129121"}],"wp:term":[{"taxonomy":"category","embeddable":true,"href":"https:\/\/www.boxrepsol.com\/es\/wp-json\/wp\/v2\/categories?post=129121"},{"taxonomy":"post_tag","embeddable":true,"href":"https:\/\/www.boxrepsol.com\/es\/wp-json\/wp\/v2\/tags?post=129121"}],"curies":[{"name":"wp","href":"https:\/\/api.w.org\/{rel}","templated":true}]}}