{"id":128495,"date":"2025-11-27T17:27:00","date_gmt":"2025-11-27T19:27:00","guid":{"rendered":"https:\/\/www.boxrepsol.com\/?p=128495"},"modified":"2025-12-04T08:27:47","modified_gmt":"2025-12-04T10:27:47","slug":"presentacion_dakar_repsol_toyota2026","status":"publish","type":"post","link":"https:\/\/www.boxrepsol.com\/es\/rally\/presentacion_dakar_repsol_toyota2026\/","title":{"rendered":"Repsol y Toyota refuerzan su alianza tecnol\u00f3gica y deportiva para el Dakar 2026"},"content":{"rendered":"<figure class=\"wp-block-post-featured-image\"><img loading=\"lazy\" decoding=\"async\" width=\"1200\" height=\"600\" src=\"https:\/\/bxrepsol.s3.eu-west-1.amazonaws.com\/static\/2025\/12\/04065011\/Diseno-sin-titulo-2025-12-04T095006.590.png\" class=\"attachment-post-thumbnail size-post-thumbnail wp-post-image\" alt=\"\" style=\"object-fit:cover;\" srcset=\"https:\/\/bxrepsol.s3.eu-west-1.amazonaws.com\/static\/2025\/12\/04065011\/Diseno-sin-titulo-2025-12-04T095006.590.png 1200w, https:\/\/bxrepsol.s3.eu-west-1.amazonaws.com\/static\/2025\/12\/04065011\/Diseno-sin-titulo-2025-12-04T095006.590-300x150.png 300w, https:\/\/bxrepsol.s3.eu-west-1.amazonaws.com\/static\/2025\/12\/04065011\/Diseno-sin-titulo-2025-12-04T095006.590-1024x512.png 1024w, https:\/\/bxrepsol.s3.eu-west-1.amazonaws.com\/static\/2025\/12\/04065011\/Diseno-sin-titulo-2025-12-04T095006.590-768x384.png 768w\" sizes=\"auto, (max-width: 1200px) 100vw, 1200px\" \/><\/figure>\n\n\n<p><strong>Repsol y Toyota<\/strong> han presentado hoy en Madrid el <strong>nuevo proyecto deportivo y tecnol\u00f3gico <\/strong>con el que afrontar\u00e1n el pr\u00f3ximo <strong>Rally Dakar 2026<\/strong>, que se celebrar\u00e1 d<strong>el 3 al 17 de enero en Arabia Saud\u00ed<\/strong>. Las dos compa\u00f1\u00edas siguen uniendo fuerzas tras un a\u00f1o lleno de \u00e9xitos, en el que han logrado el t\u00edtulo de <strong>Campeones del Mundo de pilotos y constructores en el Mundial de Rally Raid 2025<\/strong>. Es una alianza <strong>estrat\u00e9gica que une rendimiento deportivo, innovaci\u00f3n tecnol\u00f3gica<\/strong> y el compromiso compartido de <strong>avanzar hacia la descarbonizaci\u00f3n de la competici\u00f3n<\/strong>.<\/p>\n\n\n\n<figure class=\"wp-block-embed is-type-video is-provider-youtube wp-block-embed-youtube wp-embed-aspect-16-9 wp-has-aspect-ratio\"><div class=\"wp-block-embed__wrapper\">\n<iframe loading=\"lazy\" title=\"Repsol y Toyota refuerzan su alianza tecnol\u00f3gica y deportiva para el Dakar 2026\" width=\"500\" height=\"281\" src=\"https:\/\/www.youtube.com\/embed\/bVo2w8shBww?feature=oembed\" frameborder=\"0\" allow=\"accelerometer; autoplay; clipboard-write; encrypted-media; gyroscope; picture-in-picture; web-share\" referrerpolicy=\"strict-origin-when-cross-origin\" allowfullscreen><\/iframe>\n<\/div><\/figure>\n\n\n\n<p>El evento ha tra\u00eddo el desierto de Arabia hasta Madrid y ha reunido a <strong>directivos<\/strong> de ambas compa\u00f1\u00edas, <strong>investigadores del Repsol Technology Lab<\/strong> y a <strong>los pilotos<\/strong> que competir\u00e1n en enero en uno de los desaf\u00edos m\u00e1s exigentes del mundo del motorsport. Con la presencia de dos de los <strong>DKR GR Hilux <\/strong>con los que competir\u00e1n en el Dakar, la presentaci\u00f3n ha servido de marco para ilustrar la apuesta decidida por los <strong>combustibles renovables<\/strong> como uno de los pilares del <strong>futuro de la movilidad.<\/strong><\/p>\n\n\n\n<p>En el plano deportivo, Repsol y Toyota han presentado los dos equipos que competir\u00e1n con los combustibles renovables: el <strong>Toyota Gazoo Racing W2RC, con los pilotos Henk Lategan<\/strong> \u2013copilotado por Brett Cummings\u2013, <strong>Seth Quintero<\/strong> \u2013acompa\u00f1ado por Andrew Short\u2013 y <strong>Toby Price<\/strong> \u2013copilotado por Armand Monle\u00f3n\u2013, y el <strong>Repsol Toyota Rally Team<\/strong>, con <strong>Isidre Esteve y Txema Villalobos<\/strong>, que adem\u00e1s del combustible renovable utilizar\u00e1 los <strong>lubricantes de Repsol<\/strong>.<\/p>\n\n\n<div class=\"wp-block-image\">\n<figure class=\"aligncenter size-full\"><img loading=\"lazy\" decoding=\"async\" width=\"600\" height=\"400\" src=\"https:\/\/bxrepsol.s3.eu-west-1.amazonaws.com\/static\/2025\/12\/04071915\/Diseno-sin-titulo-2025-12-04T101909.895.png\" alt=\"\" class=\"wp-image-128518\" srcset=\"https:\/\/bxrepsol.s3.eu-west-1.amazonaws.com\/static\/2025\/12\/04071915\/Diseno-sin-titulo-2025-12-04T101909.895.png 600w, https:\/\/bxrepsol.s3.eu-west-1.amazonaws.com\/static\/2025\/12\/04071915\/Diseno-sin-titulo-2025-12-04T101909.895-300x200.png 300w\" sizes=\"auto, (max-width: 600px) 100vw, 600px\" \/><\/figure>\n<\/div>\n\n\n<p>Ellos ser\u00e1n los protagonistas de un Dakar 2026 que nuevamente servir\u00e1 como el mejor banco de pruebas para las dos compa\u00f1\u00edas. <strong>Repsol llevar\u00e1 hasta el Dakar casi 30.000 litros de gasolina con un 70% de materiales de origen renovable<\/strong>, con el objetivo de seguir desarrollando un combustible de m\u00e1ximo rendimiento que, adem\u00e1s, proteja el motor en las condiciones extremas del desierto. Un proyecto que ha encontrado en <strong>Toyota<\/strong> un aliado tecnol\u00f3gico que ha permitido incluso llevar uno de los motores del fabricante japon\u00e9s hasta el Repsol Technology Lab de M\u00f3stoles, para poder replicar las exigencias reales a las que se someten los combustibles en competici\u00f3n.<\/p>\n\n\n\n<div id=\"10bd6525-77b9-41f4-92c2-ae924eb66cf3\" class=\"br-slider-box\"><div class=\"wp-block-create-block-repsol-carousel br-slider\"><a target=\"_blank\" href=\"https:\/\/bxrepsol.s3.eu-west-1.amazonaws.com\/static\/2025\/12\/04074719\/Diseno-sin-titulo-2025-12-04T102251.586-2.png\" data-index=\"0\" rel=\"noopener\"><img decoding=\"async\" src=\"https:\/\/bxrepsol.s3.eu-west-1.amazonaws.com\/static\/2025\/12\/04074719\/Diseno-sin-titulo-2025-12-04T102251.586-2.png\"\/><\/a><a target=\"_blank\" href=\"https:\/\/bxrepsol.s3.eu-west-1.amazonaws.com\/static\/2025\/12\/04074725\/Diseno-sin-titulo-2025-12-04T102416.083-2.png\" data-index=\"1\" rel=\"noopener\"><img decoding=\"async\" src=\"https:\/\/bxrepsol.s3.eu-west-1.amazonaws.com\/static\/2025\/12\/04074725\/Diseno-sin-titulo-2025-12-04T102416.083-2.png\"\/><\/a><a target=\"_blank\" href=\"https:\/\/bxrepsol.s3.eu-west-1.amazonaws.com\/static\/2025\/12\/04074727\/Diseno-sin-titulo-2025-12-04T103321.471-1.png\" data-index=\"2\" rel=\"noopener\"><img decoding=\"async\" src=\"https:\/\/bxrepsol.s3.eu-west-1.amazonaws.com\/static\/2025\/12\/04074727\/Diseno-sin-titulo-2025-12-04T103321.471-1.png\"\/><\/a><a target=\"_blank\" href=\"https:\/\/bxrepsol.s3.eu-west-1.amazonaws.com\/static\/2025\/12\/04074730\/Diseno-sin-titulo-2025-12-04T102648.117-2.png\" data-index=\"3\" rel=\"noopener\"><img decoding=\"async\" src=\"https:\/\/bxrepsol.s3.eu-west-1.amazonaws.com\/static\/2025\/12\/04074730\/Diseno-sin-titulo-2025-12-04T102648.117-2.png\"\/><\/a><a target=\"_blank\" href=\"https:\/\/bxrepsol.s3.eu-west-1.amazonaws.com\/static\/2025\/12\/04074733\/Diseno-sin-titulo-2025-12-04T104706.245.png\" data-index=\"4\" rel=\"noopener\"><img decoding=\"async\" src=\"https:\/\/bxrepsol.s3.eu-west-1.amazonaws.com\/static\/2025\/12\/04074733\/Diseno-sin-titulo-2025-12-04T104706.245.png\"\/><\/a><\/div><div class=\"br-slider-buttons\"><button class=\"arrow rds-icon arrow--left rds-icon-Arrow_left\"><\/button><button class=\"arrow rds-icon arrow--right rds-icon-Arrow_right\"><\/button><\/div><\/div>\n\n\n\n<p><strong>Repsol impulsa la descarbonizaci\u00f3n de la movilidad <\/strong>con un modelo integral que combina todas las soluciones para reducir emisiones, donde los combustibles renovables son una alternativa real e inmediata. La compa\u00f1\u00eda cuenta con la primera planta de la pen\u00ednsula ib\u00e9rica que produce <strong>combustibles 100% renovables<\/strong> a gran escala en Cartagena y, en 2026, sumar\u00e1 una segunda en Puertollano. Adem\u00e1s, ha logrado un hito tecnol\u00f3gico al producir <strong>gasolina de origen 100% renovable<\/strong> a escala industrial en su complejo de Tarragona, situando a Espa\u00f1a y a Repsol a la vanguardia de la transici\u00f3n energ\u00e9tica.<\/p>\n\n\n<div class=\"wp-block-image\">\n<figure class=\"aligncenter size-full\"><img loading=\"lazy\" decoding=\"async\" width=\"600\" height=\"400\" src=\"https:\/\/bxrepsol.s3.eu-west-1.amazonaws.com\/static\/2025\/12\/04072033\/Diseno-sin-titulo-2025-12-04T102028.908.png\" alt=\"\" class=\"wp-image-128520\" srcset=\"https:\/\/bxrepsol.s3.eu-west-1.amazonaws.com\/static\/2025\/12\/04072033\/Diseno-sin-titulo-2025-12-04T102028.908.png 600w, https:\/\/bxrepsol.s3.eu-west-1.amazonaws.com\/static\/2025\/12\/04072033\/Diseno-sin-titulo-2025-12-04T102028.908-300x200.png 300w\" sizes=\"auto, (max-width: 600px) 100vw, 600px\" \/><\/figure>\n<\/div>\n\n\n<p><\/p>\n","protected":false},"excerpt":{"rendered":"<p>Las dos compa\u00f1\u00edas desvelan su apuesta conjunta para el Dakar 2026, impulsando una ambiciosa alianza para seguir desarrollando los combustibles renovables en la alta competici\u00f3n.<\/p>\n","protected":false},"author":43146,"featured_media":128496,"comment_status":"open","ping_status":"closed","sticky":false,"template":"","format":"standard","meta":{"footnotes":""},"categories":[27],"tags":[333],"class_list":["post-128495","post","type-post","status-publish","format-standard","hentry","category-rally","tag-competicion"],"yoast_head":"<!-- This site is optimized with the Yoast SEO plugin v27.3 - https:\/\/yoast.com\/product\/yoast-seo-wordpress\/ -->\n<title>Repsol y Toyota refuerzan su alianza tecnol\u00f3gica y deportiva para el Dakar 2026 - Box Repsol<\/title>\n<meta name=\"description\" content=\"La uni\u00f3n entre Repsol y Toyota se refuerza de cara al Dakar 2026, con un proyecto centrado en tecnolog\u00eda, sostenibilidad y combustibles renovables en competici\u00f3n.\" \/>\n<link rel=\"canonical\" href=\"https:\/\/www.boxrepsol.com\/es\/rally\/presentacion_dakar_repsol_toyota2026\/\" \/>\n<meta property=\"og:locale\" content=\"es_ES\" \/>\n<meta property=\"og:type\" content=\"article\" \/>\n<meta property=\"og:title\" content=\"Repsol y Toyota refuerzan su alianza tecnol\u00f3gica y deportiva para el Dakar 2026 - Box Repsol\" \/>\n<meta property=\"og:description\" content=\"La uni\u00f3n entre Repsol y Toyota se refuerza de cara al Dakar 2026, con un proyecto centrado en tecnolog\u00eda, sostenibilidad y combustibles renovables en competici\u00f3n.\" \/>\n<meta property=\"og:url\" content=\"https:\/\/www.boxrepsol.com\/es\/rally\/presentacion_dakar_repsol_toyota2026\/\" \/>\n<meta property=\"og:site_name\" content=\"Box Repsol\" \/>\n<meta property=\"article:publisher\" content=\"https:\/\/www.facebook.com\/BoxRepsol\" \/>\n<meta property=\"article:author\" content=\"https:\/\/www.facebook.com\/BoxRepsol\/\" \/>\n<meta property=\"article:published_time\" content=\"2025-11-27T19:27:00+00:00\" \/>\n<meta property=\"article:modified_time\" content=\"2025-12-04T10:27:47+00:00\" \/>\n<meta property=\"og:image\" content=\"https:\/\/bxrepsol.s3.eu-west-1.amazonaws.com\/static\/2025\/12\/04065011\/Diseno-sin-titulo-2025-12-04T095006.590.png\" \/>\n\t<meta property=\"og:image:width\" content=\"1200\" \/>\n\t<meta property=\"og:image:height\" content=\"600\" \/>\n\t<meta property=\"og:image:type\" content=\"image\/png\" \/>\n<meta name=\"author\" content=\"Redacci\u00f3n Box Repsol\" \/>\n<meta name=\"twitter:card\" content=\"summary_large_image\" \/>\n<meta name=\"twitter:creator\" content=\"@https:\/\/twitter.com\/box_repsol\" \/>\n<meta name=\"twitter:site\" content=\"@box_repsol\" \/>\n<meta name=\"twitter:label1\" content=\"Written by\" \/>\n\t<meta name=\"twitter:data1\" content=\"Redacci\u00f3n Box Repsol\" \/>\n\t<meta name=\"twitter:label2\" content=\"Est. reading time\" \/>\n\t<meta name=\"twitter:data2\" content=\"2 minutos\" \/>\n<script type=\"application\/ld+json\" class=\"yoast-schema-graph\">{\"@context\":\"https:\\\/\\\/schema.org\",\"@graph\":[{\"@type\":\"Article\",\"@id\":\"https:\\\/\\\/www.boxrepsol.com\\\/es\\\/rally\\\/presentacion_dakar_repsol_toyota2026\\\/#article\",\"isPartOf\":{\"@id\":\"https:\\\/\\\/www.boxrepsol.com\\\/es\\\/rally\\\/presentacion_dakar_repsol_toyota2026\\\/\"},\"author\":{\"name\":\"Redacci\u00f3n Box Repsol\",\"@id\":\"https:\\\/\\\/www.boxrepsol.com\\\/es\\\/#\\\/schema\\\/person\\\/c5c2138f2cca251b0ad92b7086bb60b7\"},\"headline\":\"Repsol y Toyota refuerzan su alianza tecnol\u00f3gica y deportiva para el Dakar 2026\",\"datePublished\":\"2025-11-27T19:27:00+00:00\",\"dateModified\":\"2025-12-04T10:27:47+00:00\",\"mainEntityOfPage\":{\"@id\":\"https:\\\/\\\/www.boxrepsol.com\\\/es\\\/rally\\\/presentacion_dakar_repsol_toyota2026\\\/\"},\"wordCount\":492,\"commentCount\":0,\"publisher\":{\"@id\":\"https:\\\/\\\/www.boxrepsol.com\\\/es\\\/#organization\"},\"image\":{\"@id\":\"https:\\\/\\\/www.boxrepsol.com\\\/es\\\/rally\\\/presentacion_dakar_repsol_toyota2026\\\/#primaryimage\"},\"thumbnailUrl\":\"https:\\\/\\\/bxrepsol.s3.eu-west-1.amazonaws.com\\\/static\\\/2025\\\/12\\\/04065011\\\/Diseno-sin-titulo-2025-12-04T095006.590.png\",\"keywords\":[\"Competici\u00f3n\"],\"articleSection\":[\"Rally\"],\"inLanguage\":\"es\",\"potentialAction\":[{\"@type\":\"CommentAction\",\"name\":\"Comment\",\"target\":[\"https:\\\/\\\/www.boxrepsol.com\\\/es\\\/rally\\\/presentacion_dakar_repsol_toyota2026\\\/#respond\"]}]},{\"@type\":\"WebPage\",\"@id\":\"https:\\\/\\\/www.boxrepsol.com\\\/es\\\/rally\\\/presentacion_dakar_repsol_toyota2026\\\/\",\"url\":\"https:\\\/\\\/www.boxrepsol.com\\\/es\\\/rally\\\/presentacion_dakar_repsol_toyota2026\\\/\",\"name\":\"Repsol y Toyota refuerzan su alianza tecnol\u00f3gica y deportiva para el Dakar 2026 - Box Repsol\",\"isPartOf\":{\"@id\":\"https:\\\/\\\/www.boxrepsol.com\\\/es\\\/#website\"},\"primaryImageOfPage\":{\"@id\":\"https:\\\/\\\/www.boxrepsol.com\\\/es\\\/rally\\\/presentacion_dakar_repsol_toyota2026\\\/#primaryimage\"},\"image\":{\"@id\":\"https:\\\/\\\/www.boxrepsol.com\\\/es\\\/rally\\\/presentacion_dakar_repsol_toyota2026\\\/#primaryimage\"},\"thumbnailUrl\":\"https:\\\/\\\/bxrepsol.s3.eu-west-1.amazonaws.com\\\/static\\\/2025\\\/12\\\/04065011\\\/Diseno-sin-titulo-2025-12-04T095006.590.png\",\"datePublished\":\"2025-11-27T19:27:00+00:00\",\"dateModified\":\"2025-12-04T10:27:47+00:00\",\"description\":\"La uni\u00f3n entre Repsol y Toyota se refuerza de cara al Dakar 2026, con un proyecto centrado en tecnolog\u00eda, sostenibilidad y combustibles renovables en competici\u00f3n.\",\"breadcrumb\":{\"@id\":\"https:\\\/\\\/www.boxrepsol.com\\\/es\\\/rally\\\/presentacion_dakar_repsol_toyota2026\\\/#breadcrumb\"},\"inLanguage\":\"es\",\"potentialAction\":[{\"@type\":\"ReadAction\",\"target\":[\"https:\\\/\\\/www.boxrepsol.com\\\/es\\\/rally\\\/presentacion_dakar_repsol_toyota2026\\\/\"]}]},{\"@type\":\"ImageObject\",\"inLanguage\":\"es\",\"@id\":\"https:\\\/\\\/www.boxrepsol.com\\\/es\\\/rally\\\/presentacion_dakar_repsol_toyota2026\\\/#primaryimage\",\"url\":\"https:\\\/\\\/bxrepsol.s3.eu-west-1.amazonaws.com\\\/static\\\/2025\\\/12\\\/04065011\\\/Diseno-sin-titulo-2025-12-04T095006.590.png\",\"contentUrl\":\"https:\\\/\\\/bxrepsol.s3.eu-west-1.amazonaws.com\\\/static\\\/2025\\\/12\\\/04065011\\\/Diseno-sin-titulo-2025-12-04T095006.590.png\",\"width\":1200,\"height\":600},{\"@type\":\"BreadcrumbList\",\"@id\":\"https:\\\/\\\/www.boxrepsol.com\\\/es\\\/rally\\\/presentacion_dakar_repsol_toyota2026\\\/#breadcrumb\",\"itemListElement\":[{\"@type\":\"ListItem\",\"position\":1,\"name\":\"Home\",\"item\":\"https:\\\/\\\/www.boxrepsol.com\\\/es\\\/\"},{\"@type\":\"ListItem\",\"position\":2,\"name\":\"Repsol y Toyota refuerzan su alianza tecnol\u00f3gica y deportiva para el Dakar 2026\"}]},{\"@type\":\"WebSite\",\"@id\":\"https:\\\/\\\/www.boxrepsol.com\\\/es\\\/#website\",\"url\":\"https:\\\/\\\/www.boxrepsol.com\\\/es\\\/\",\"name\":\"Box Repsol\",\"description\":\"Box Repsol Site\",\"publisher\":{\"@id\":\"https:\\\/\\\/www.boxrepsol.com\\\/es\\\/#organization\"},\"potentialAction\":[{\"@type\":\"SearchAction\",\"target\":{\"@type\":\"EntryPoint\",\"urlTemplate\":\"https:\\\/\\\/www.boxrepsol.com\\\/es\\\/?s={search_term_string}\"},\"query-input\":{\"@type\":\"PropertyValueSpecification\",\"valueRequired\":true,\"valueName\":\"search_term_string\"}}],\"inLanguage\":\"es\"},{\"@type\":\"Organization\",\"@id\":\"https:\\\/\\\/www.boxrepsol.com\\\/es\\\/#organization\",\"name\":\"Box Repsol\",\"url\":\"https:\\\/\\\/www.boxrepsol.com\\\/es\\\/\",\"logo\":{\"@type\":\"ImageObject\",\"inLanguage\":\"es\",\"@id\":\"https:\\\/\\\/www.boxrepsol.com\\\/es\\\/#\\\/schema\\\/logo\\\/image\\\/\",\"url\":\"https:\\\/\\\/bxrepsol.s3.eu-west-1.amazonaws.com\\\/static\\\/2025\\\/07\\\/30083337\\\/favicon-96x96-1.png\",\"contentUrl\":\"https:\\\/\\\/bxrepsol.s3.eu-west-1.amazonaws.com\\\/static\\\/2025\\\/07\\\/30083337\\\/favicon-96x96-1.png\",\"width\":96,\"height\":96,\"caption\":\"Box Repsol\"},\"image\":{\"@id\":\"https:\\\/\\\/www.boxrepsol.com\\\/es\\\/#\\\/schema\\\/logo\\\/image\\\/\"},\"sameAs\":[\"https:\\\/\\\/www.facebook.com\\\/BoxRepsol\",\"https:\\\/\\\/x.com\\\/box_repsol\",\"http:\\\/\\\/instagram.com\\\/box_repsol\",\"https:\\\/\\\/www.youtube.com\\\/user\\\/RepsolCompeticion\",\"https:\\\/\\\/www.flickr.com\\\/photos\\\/box_repsol\\\/\"]},{\"@type\":\"Person\",\"@id\":\"https:\\\/\\\/www.boxrepsol.com\\\/es\\\/#\\\/schema\\\/person\\\/c5c2138f2cca251b0ad92b7086bb60b7\",\"name\":\"Redacci\u00f3n Box Repsol\",\"image\":{\"@type\":\"ImageObject\",\"inLanguage\":\"es\",\"@id\":\"https:\\\/\\\/secure.gravatar.com\\\/avatar\\\/adf7b77e38b4419baf32c7e9c21dde01f4e40df611f0978e3006fc4ba0aaab7e?s=96&d=mm&r=g\",\"url\":\"https:\\\/\\\/secure.gravatar.com\\\/avatar\\\/adf7b77e38b4419baf32c7e9c21dde01f4e40df611f0978e3006fc4ba0aaab7e?s=96&d=mm&r=g\",\"contentUrl\":\"https:\\\/\\\/secure.gravatar.com\\\/avatar\\\/adf7b77e38b4419baf32c7e9c21dde01f4e40df611f0978e3006fc4ba0aaab7e?s=96&d=mm&r=g\",\"caption\":\"Redacci\u00f3n Box Repsol\"},\"description\":\"Box Repsol lo forma un equipo de periodistas, community managers, dise\u00f1adores y fot\u00f3grafos con m\u00e1s de 20 a\u00f1os de experiencia en el mundo del motorsport. Hemos vivido el primer mundial de un espa\u00f1ol en la categor\u00eda reina de motociclismo con \u00c1lex Crivill\u00e9, estuvimos en las victorias de Pedrosa y los t\u00edtulos de M\u00e1rquez, acompa\u00f1amos en \u00c1frica a Nani Roma y Marc Coma en sus conquistas del Dakar y hemos vibrado con los t\u00edtulos de Toni Bou en Trial. Adem\u00e1s, en nuestro equipo contamos con expertos en el mundo de las dos y cuatro ruedas tanto de la calle y las carreteras, como de los circuitos. Periodistas que han trabajado en revistas y publicaciones para hacerte llegar desde rutas y consejos de mantenimiento, a curiosidades y trucos de pilotaje.\",\"sameAs\":[\"https:\\\/\\\/www.facebook.com\\\/BoxRepsol\\\/\",\"https:\\\/\\\/www.instagram.com\\\/box_repsol\\\/\",\"https:\\\/\\\/x.com\\\/https:\\\/\\\/twitter.com\\\/box_repsol\",\"https:\\\/\\\/www.youtube.com\\\/@Boxrepsol\"],\"url\":\"https:\\\/\\\/www.boxrepsol.com\\\/es\\\/author\\\/redaccion-box-repsol\\\/\"}]}<\/script>\n<!-- \/ Yoast SEO plugin. -->","yoast_head_json":{"title":"Repsol y Toyota refuerzan su alianza tecnol\u00f3gica y deportiva para el Dakar 2026 - Box Repsol","description":"La uni\u00f3n entre Repsol y Toyota se refuerza de cara al Dakar 2026, con un proyecto centrado en tecnolog\u00eda, sostenibilidad y combustibles renovables en competici\u00f3n.","canonical":"https:\/\/www.boxrepsol.com\/es\/rally\/presentacion_dakar_repsol_toyota2026\/","og_locale":"es_ES","og_type":"article","og_title":"Repsol y Toyota refuerzan su alianza tecnol\u00f3gica y deportiva para el Dakar 2026 - Box Repsol","og_description":"La uni\u00f3n entre Repsol y Toyota se refuerza de cara al Dakar 2026, con un proyecto centrado en tecnolog\u00eda, sostenibilidad y combustibles renovables en competici\u00f3n.","og_url":"https:\/\/www.boxrepsol.com\/es\/rally\/presentacion_dakar_repsol_toyota2026\/","og_site_name":"Box Repsol","article_publisher":"https:\/\/www.facebook.com\/BoxRepsol","article_author":"https:\/\/www.facebook.com\/BoxRepsol\/","article_published_time":"2025-11-27T19:27:00+00:00","article_modified_time":"2025-12-04T10:27:47+00:00","og_image":[{"width":1200,"height":600,"url":"https:\/\/bxrepsol.s3.eu-west-1.amazonaws.com\/static\/2025\/12\/04065011\/Diseno-sin-titulo-2025-12-04T095006.590.png","type":"image\/png"}],"author":"Redacci\u00f3n Box Repsol","twitter_card":"summary_large_image","twitter_creator":"@https:\/\/twitter.com\/box_repsol","twitter_site":"@box_repsol","twitter_misc":{"Written by":"Redacci\u00f3n Box Repsol","Est. reading time":"2 minutos"},"schema":{"@context":"https:\/\/schema.org","@graph":[{"@type":"Article","@id":"https:\/\/www.boxrepsol.com\/es\/rally\/presentacion_dakar_repsol_toyota2026\/#article","isPartOf":{"@id":"https:\/\/www.boxrepsol.com\/es\/rally\/presentacion_dakar_repsol_toyota2026\/"},"author":{"name":"Redacci\u00f3n Box Repsol","@id":"https:\/\/www.boxrepsol.com\/es\/#\/schema\/person\/c5c2138f2cca251b0ad92b7086bb60b7"},"headline":"Repsol y Toyota refuerzan su alianza tecnol\u00f3gica y deportiva para el Dakar 2026","datePublished":"2025-11-27T19:27:00+00:00","dateModified":"2025-12-04T10:27:47+00:00","mainEntityOfPage":{"@id":"https:\/\/www.boxrepsol.com\/es\/rally\/presentacion_dakar_repsol_toyota2026\/"},"wordCount":492,"commentCount":0,"publisher":{"@id":"https:\/\/www.boxrepsol.com\/es\/#organization"},"image":{"@id":"https:\/\/www.boxrepsol.com\/es\/rally\/presentacion_dakar_repsol_toyota2026\/#primaryimage"},"thumbnailUrl":"https:\/\/bxrepsol.s3.eu-west-1.amazonaws.com\/static\/2025\/12\/04065011\/Diseno-sin-titulo-2025-12-04T095006.590.png","keywords":["Competici\u00f3n"],"articleSection":["Rally"],"inLanguage":"es","potentialAction":[{"@type":"CommentAction","name":"Comment","target":["https:\/\/www.boxrepsol.com\/es\/rally\/presentacion_dakar_repsol_toyota2026\/#respond"]}]},{"@type":"WebPage","@id":"https:\/\/www.boxrepsol.com\/es\/rally\/presentacion_dakar_repsol_toyota2026\/","url":"https:\/\/www.boxrepsol.com\/es\/rally\/presentacion_dakar_repsol_toyota2026\/","name":"Repsol y Toyota refuerzan su alianza tecnol\u00f3gica y deportiva para el Dakar 2026 - Box Repsol","isPartOf":{"@id":"https:\/\/www.boxrepsol.com\/es\/#website"},"primaryImageOfPage":{"@id":"https:\/\/www.boxrepsol.com\/es\/rally\/presentacion_dakar_repsol_toyota2026\/#primaryimage"},"image":{"@id":"https:\/\/www.boxrepsol.com\/es\/rally\/presentacion_dakar_repsol_toyota2026\/#primaryimage"},"thumbnailUrl":"https:\/\/bxrepsol.s3.eu-west-1.amazonaws.com\/static\/2025\/12\/04065011\/Diseno-sin-titulo-2025-12-04T095006.590.png","datePublished":"2025-11-27T19:27:00+00:00","dateModified":"2025-12-04T10:27:47+00:00","description":"La uni\u00f3n entre Repsol y Toyota se refuerza de cara al Dakar 2026, con un proyecto centrado en tecnolog\u00eda, sostenibilidad y combustibles renovables en competici\u00f3n.","breadcrumb":{"@id":"https:\/\/www.boxrepsol.com\/es\/rally\/presentacion_dakar_repsol_toyota2026\/#breadcrumb"},"inLanguage":"es","potentialAction":[{"@type":"ReadAction","target":["https:\/\/www.boxrepsol.com\/es\/rally\/presentacion_dakar_repsol_toyota2026\/"]}]},{"@type":"ImageObject","inLanguage":"es","@id":"https:\/\/www.boxrepsol.com\/es\/rally\/presentacion_dakar_repsol_toyota2026\/#primaryimage","url":"https:\/\/bxrepsol.s3.eu-west-1.amazonaws.com\/static\/2025\/12\/04065011\/Diseno-sin-titulo-2025-12-04T095006.590.png","contentUrl":"https:\/\/bxrepsol.s3.eu-west-1.amazonaws.com\/static\/2025\/12\/04065011\/Diseno-sin-titulo-2025-12-04T095006.590.png","width":1200,"height":600},{"@type":"BreadcrumbList","@id":"https:\/\/www.boxrepsol.com\/es\/rally\/presentacion_dakar_repsol_toyota2026\/#breadcrumb","itemListElement":[{"@type":"ListItem","position":1,"name":"Home","item":"https:\/\/www.boxrepsol.com\/es\/"},{"@type":"ListItem","position":2,"name":"Repsol y Toyota refuerzan su alianza tecnol\u00f3gica y deportiva para el Dakar 2026"}]},{"@type":"WebSite","@id":"https:\/\/www.boxrepsol.com\/es\/#website","url":"https:\/\/www.boxrepsol.com\/es\/","name":"Box Repsol","description":"Box Repsol Site","publisher":{"@id":"https:\/\/www.boxrepsol.com\/es\/#organization"},"potentialAction":[{"@type":"SearchAction","target":{"@type":"EntryPoint","urlTemplate":"https:\/\/www.boxrepsol.com\/es\/?s={search_term_string}"},"query-input":{"@type":"PropertyValueSpecification","valueRequired":true,"valueName":"search_term_string"}}],"inLanguage":"es"},{"@type":"Organization","@id":"https:\/\/www.boxrepsol.com\/es\/#organization","name":"Box Repsol","url":"https:\/\/www.boxrepsol.com\/es\/","logo":{"@type":"ImageObject","inLanguage":"es","@id":"https:\/\/www.boxrepsol.com\/es\/#\/schema\/logo\/image\/","url":"https:\/\/bxrepsol.s3.eu-west-1.amazonaws.com\/static\/2025\/07\/30083337\/favicon-96x96-1.png","contentUrl":"https:\/\/bxrepsol.s3.eu-west-1.amazonaws.com\/static\/2025\/07\/30083337\/favicon-96x96-1.png","width":96,"height":96,"caption":"Box Repsol"},"image":{"@id":"https:\/\/www.boxrepsol.com\/es\/#\/schema\/logo\/image\/"},"sameAs":["https:\/\/www.facebook.com\/BoxRepsol","https:\/\/x.com\/box_repsol","http:\/\/instagram.com\/box_repsol","https:\/\/www.youtube.com\/user\/RepsolCompeticion","https:\/\/www.flickr.com\/photos\/box_repsol\/"]},{"@type":"Person","@id":"https:\/\/www.boxrepsol.com\/es\/#\/schema\/person\/c5c2138f2cca251b0ad92b7086bb60b7","name":"Redacci\u00f3n Box Repsol","image":{"@type":"ImageObject","inLanguage":"es","@id":"https:\/\/secure.gravatar.com\/avatar\/adf7b77e38b4419baf32c7e9c21dde01f4e40df611f0978e3006fc4ba0aaab7e?s=96&d=mm&r=g","url":"https:\/\/secure.gravatar.com\/avatar\/adf7b77e38b4419baf32c7e9c21dde01f4e40df611f0978e3006fc4ba0aaab7e?s=96&d=mm&r=g","contentUrl":"https:\/\/secure.gravatar.com\/avatar\/adf7b77e38b4419baf32c7e9c21dde01f4e40df611f0978e3006fc4ba0aaab7e?s=96&d=mm&r=g","caption":"Redacci\u00f3n Box Repsol"},"description":"Box Repsol lo forma un equipo de periodistas, community managers, dise\u00f1adores y fot\u00f3grafos con m\u00e1s de 20 a\u00f1os de experiencia en el mundo del motorsport. Hemos vivido el primer mundial de un espa\u00f1ol en la categor\u00eda reina de motociclismo con \u00c1lex Crivill\u00e9, estuvimos en las victorias de Pedrosa y los t\u00edtulos de M\u00e1rquez, acompa\u00f1amos en \u00c1frica a Nani Roma y Marc Coma en sus conquistas del Dakar y hemos vibrado con los t\u00edtulos de Toni Bou en Trial. Adem\u00e1s, en nuestro equipo contamos con expertos en el mundo de las dos y cuatro ruedas tanto de la calle y las carreteras, como de los circuitos. Periodistas que han trabajado en revistas y publicaciones para hacerte llegar desde rutas y consejos de mantenimiento, a curiosidades y trucos de pilotaje.","sameAs":["https:\/\/www.facebook.com\/BoxRepsol\/","https:\/\/www.instagram.com\/box_repsol\/","https:\/\/x.com\/https:\/\/twitter.com\/box_repsol","https:\/\/www.youtube.com\/@Boxrepsol"],"url":"https:\/\/www.boxrepsol.com\/es\/author\/redaccion-box-repsol\/"}]}},"_links":{"self":[{"href":"https:\/\/www.boxrepsol.com\/es\/wp-json\/wp\/v2\/posts\/128495","targetHints":{"allow":["GET"]}}],"collection":[{"href":"https:\/\/www.boxrepsol.com\/es\/wp-json\/wp\/v2\/posts"}],"about":[{"href":"https:\/\/www.boxrepsol.com\/es\/wp-json\/wp\/v2\/types\/post"}],"author":[{"embeddable":true,"href":"https:\/\/www.boxrepsol.com\/es\/wp-json\/wp\/v2\/users\/43146"}],"replies":[{"embeddable":true,"href":"https:\/\/www.boxrepsol.com\/es\/wp-json\/wp\/v2\/comments?post=128495"}],"version-history":[{"count":5,"href":"https:\/\/www.boxrepsol.com\/es\/wp-json\/wp\/v2\/posts\/128495\/revisions"}],"predecessor-version":[{"id":128554,"href":"https:\/\/www.boxrepsol.com\/es\/wp-json\/wp\/v2\/posts\/128495\/revisions\/128554"}],"wp:featuredmedia":[{"embeddable":true,"href":"https:\/\/www.boxrepsol.com\/es\/wp-json\/wp\/v2\/media\/128496"}],"wp:attachment":[{"href":"https:\/\/www.boxrepsol.com\/es\/wp-json\/wp\/v2\/media?parent=128495"}],"wp:term":[{"taxonomy":"category","embeddable":true,"href":"https:\/\/www.boxrepsol.com\/es\/wp-json\/wp\/v2\/categories?post=128495"},{"taxonomy":"post_tag","embeddable":true,"href":"https:\/\/www.boxrepsol.com\/es\/wp-json\/wp\/v2\/tags?post=128495"}],"curies":[{"name":"wp","href":"https:\/\/api.w.org\/{rel}","templated":true}]}}