{"id":127738,"date":"2025-11-03T10:16:57","date_gmt":"2025-11-03T12:16:57","guid":{"rendered":"https:\/\/www.boxrepsol.com\/?p=127738"},"modified":"2025-11-03T10:24:33","modified_gmt":"2025-11-03T12:24:33","slug":"mejores-maletas-para-motos","status":"publish","type":"post","link":"https:\/\/www.boxrepsol.com\/es\/cultura-motera\/mejores-maletas-para-motos\/","title":{"rendered":"Las mejores maletas para motos: gu\u00eda 2025"},"content":{"rendered":"<figure class=\"aligncenter wp-block-post-featured-image\"><img loading=\"lazy\" decoding=\"async\" width=\"1200\" height=\"600\" src=\"https:\/\/bxrepsol.s3.eu-west-1.amazonaws.com\/static\/2025\/11\/03101309\/Foto-1-apertura-convertido-a-1200x600-1.jpeg\" class=\"attachment-post-thumbnail size-post-thumbnail wp-post-image\" alt=\"\" style=\"object-fit:cover;\" srcset=\"https:\/\/bxrepsol.s3.eu-west-1.amazonaws.com\/static\/2025\/11\/03101309\/Foto-1-apertura-convertido-a-1200x600-1.jpeg 1200w, https:\/\/bxrepsol.s3.eu-west-1.amazonaws.com\/static\/2025\/11\/03101309\/Foto-1-apertura-convertido-a-1200x600-1-300x150.jpeg 300w, https:\/\/bxrepsol.s3.eu-west-1.amazonaws.com\/static\/2025\/11\/03101309\/Foto-1-apertura-convertido-a-1200x600-1-1024x512.jpeg 1024w, https:\/\/bxrepsol.s3.eu-west-1.amazonaws.com\/static\/2025\/11\/03101309\/Foto-1-apertura-convertido-a-1200x600-1-768x384.jpeg 768w\" sizes=\"auto, (max-width: 1200px) 100vw, 1200px\" \/><\/figure>\n\n\n<p><\/p>\n\n\n\n<div id=\"ez-toc-container\" class=\"ez-toc-v2_0_82_2 counter-hierarchy ez-toc-counter ez-toc-grey ez-toc-container-direction\">\n<div class=\"ez-toc-title-container\">\n<p class=\"ez-toc-title\" style=\"cursor:inherit\">\u00cdndice<\/p>\n<span class=\"ez-toc-title-toggle\"><a href=\"#\" class=\"ez-toc-pull-right ez-toc-btn ez-toc-btn-xs ez-toc-btn-default ez-toc-toggle\" aria-label=\"Toggle Table of Content\"><span class=\"ez-toc-js-icon-con\"><span class=\"\"><span class=\"eztoc-hide\" style=\"display:none;\">Toggle<\/span><span class=\"ez-toc-icon-toggle-span\"><svg style=\"fill: #999;color:#999\" xmlns=\"http:\/\/www.w3.org\/2000\/svg\" class=\"list-377408\" width=\"20px\" height=\"20px\" viewBox=\"0 0 24 24\" fill=\"none\"><path d=\"M6 6H4v2h2V6zm14 0H8v2h12V6zM4 11h2v2H4v-2zm16 0H8v2h12v-2zM4 16h2v2H4v-2zm16 0H8v2h12v-2z\" fill=\"currentColor\"><\/path><\/svg><svg style=\"fill: #999;color:#999\" class=\"arrow-unsorted-368013\" xmlns=\"http:\/\/www.w3.org\/2000\/svg\" width=\"10px\" height=\"10px\" viewBox=\"0 0 24 24\" version=\"1.2\" baseProfile=\"tiny\"><path d=\"M18.2 9.3l-6.2-6.3-6.2 6.3c-.2.2-.3.4-.3.7s.1.5.3.7c.2.2.4.3.7.3h11c.3 0 .5-.1.7-.3.2-.2.3-.5.3-.7s-.1-.5-.3-.7zM5.8 14.7l6.2 6.3 6.2-6.3c.2-.2.3-.5.3-.7s-.1-.5-.3-.7c-.2-.2-.4-.3-.7-.3h-11c-.3 0-.5.1-.7.3-.2.2-.3.5-.3.7s.1.5.3.7z\"\/><\/svg><\/span><\/span><\/span><\/a><\/span><\/div>\n<nav><ul class='ez-toc-list ez-toc-list-level-1 ' ><li class='ez-toc-page-1 ez-toc-heading-level-2'><a class=\"ez-toc-link ez-toc-heading-1\" href=\"https:\/\/www.boxrepsol.com\/es\/cultura-motera\/mejores-maletas-para-motos\/#Maletas_para_moto_%C2%BFcomo_escoger_las_que_mejor_se_adapten_a_tu_moto_%C2%BFQue_aspectos_se_deben_tener_en_cuenta_al_elegirlas\" >Maletas para moto: \u00bfc\u00f3mo escoger las que mejor se adapten a tu moto? \u00bfQu\u00e9 aspectos se deben tener en cuenta al elegirlas?<\/a><\/li><li class='ez-toc-page-1 ez-toc-heading-level-2'><a class=\"ez-toc-link ez-toc-heading-2\" href=\"https:\/\/www.boxrepsol.com\/es\/cultura-motera\/mejores-maletas-para-motos\/#%C2%BFComo_escoger_las_maletas_que_mejor_se_adapten_a_tu_moto\" >\u00bfC\u00f3mo escoger las maletas que mejor se adapten a tu moto?<\/a><\/li><li class='ez-toc-page-1 ez-toc-heading-level-2'><a class=\"ez-toc-link ez-toc-heading-3\" href=\"https:\/\/www.boxrepsol.com\/es\/cultura-motera\/mejores-maletas-para-motos\/#%C2%BFQue_aspectos_se_deben_tener_en_cuenta_a_la_hora_de_elegir_unas_maletas\" >\u00bfQu\u00e9 aspectos se deben tener en cuenta a la hora de elegir unas maletas?<\/a><\/li><\/ul><\/nav><\/div>\n<h2 class=\"wp-block-heading\"><span class=\"ez-toc-section\" id=\"Maletas_para_moto_%C2%BFcomo_escoger_las_que_mejor_se_adapten_a_tu_moto_%C2%BFQue_aspectos_se_deben_tener_en_cuenta_al_elegirlas\"><\/span><strong>Maletas para moto:<\/strong> <strong>\u00bfc\u00f3mo escoger las que mejor se adapten a tu moto? \u00bfQu\u00e9 aspectos se deben tener en cuenta al elegirlas?<\/strong><span class=\"ez-toc-section-end\"><\/span><\/h2>\n\n\n\n<p>La variedad de maletas para moto que existe en el mercado es realmente amplia. Adem\u00e1s de las que ofrecen en opci\u00f3n los distintos fabricantes de motos para algunos de sus modelos, tambi\u00e9n podemos recurrir a la industria auxiliar para equipar a nuestra moto con las m\u00e1s adecuadas. Las maletas laterales son unos elementos que <strong>facilitan en gran medida el transporte del equipaje<\/strong> mientras se realiza un <a href=\"https:\/\/www.boxrepsol.com\/es\/vive-tu-moto\/mejores-motos-para-viajar\/\">viaje en moto<\/a> y, m\u00e1s especialmente, cuando se realizan viajes de varios d\u00edas. Incluso en el uso diario, las maletas pueden ser unos elementos pr\u00e1cticos.<\/p>\n\n\n<div class=\"wp-block-image\">\n<figure class=\"aligncenter size-full\"><img loading=\"lazy\" decoding=\"async\" width=\"600\" height=\"400\" src=\"https:\/\/bxrepsol.s3.eu-west-1.amazonaws.com\/static\/2025\/11\/03101315\/Foto-2-convertido-a-600x400-2.jpeg\" alt=\"\" class=\"wp-image-127741\" srcset=\"https:\/\/bxrepsol.s3.eu-west-1.amazonaws.com\/static\/2025\/11\/03101315\/Foto-2-convertido-a-600x400-2.jpeg 600w, https:\/\/bxrepsol.s3.eu-west-1.amazonaws.com\/static\/2025\/11\/03101315\/Foto-2-convertido-a-600x400-2-300x200.jpeg 300w\" sizes=\"auto, (max-width: 600px) 100vw, 600px\" \/><\/figure>\n<\/div>\n\n\n<p>Hay muchas motos en el mercado que no se entienden sin maletas. Por ejemplo, el que se compra una <a href=\"https:\/\/www.boxrepsol.com\/es\/vive-tu-moto\/mejores-motos-de-trail\/\"><strong>moto de tipo trail<\/strong><\/a><strong> o de turismo<\/strong>, lo m\u00e1s probable es que tenga pensado hacer m\u00e1s de un viaje con ella. De este modo, si el modelo elegido no las incluye entre el <a href=\"https:\/\/www.boxrepsol.com\/es\/vive-tu-moto\/equipamiento-para-montar-en-moto\/\">equipamiento de la moto<\/a> de serie, al coste de la moto habr\u00e1 que a\u00f1adirle el de unas maletas laterales. Y aqu\u00ed empieza el dilema, porque <strong>la oferta de maletas es muy amplia<\/strong> y, adem\u00e1s del tipo de material en el que est\u00e1n fabricadas, tambi\u00e9n var\u00eda la capacidad o el anclaje, entre otros detalles de menor importancia. A continuaci\u00f3n vamos a intentar ayudarte a escoger cu\u00e1les son las maletas laterales m\u00e1s convenientes para tu moto. Antes, deber\u00e1s tener claro cu\u00e1l es el viaje que deseas realizar y qu\u00e9 cantidad de equipaje quieres o necesitas llevar.<\/p>\n\n\n<div class=\"wp-block-image\">\n<figure class=\"aligncenter size-full\"><img loading=\"lazy\" decoding=\"async\" width=\"600\" height=\"400\" src=\"https:\/\/bxrepsol.s3.eu-west-1.amazonaws.com\/static\/2025\/11\/03101321\/Foto-3-convertido-a-600x400-1.jpeg\" alt=\"\" class=\"wp-image-127743\" srcset=\"https:\/\/bxrepsol.s3.eu-west-1.amazonaws.com\/static\/2025\/11\/03101321\/Foto-3-convertido-a-600x400-1.jpeg 600w, https:\/\/bxrepsol.s3.eu-west-1.amazonaws.com\/static\/2025\/11\/03101321\/Foto-3-convertido-a-600x400-1-300x200.jpeg 300w\" sizes=\"auto, (max-width: 600px) 100vw, 600px\" \/><\/figure>\n<\/div>\n\n\n<p><\/p>\n\n\n\n<h2 class=\"wp-block-heading\"><span class=\"ez-toc-section\" id=\"%C2%BFComo_escoger_las_maletas_que_mejor_se_adapten_a_tu_moto\"><\/span><strong>\u00bfC\u00f3mo escoger las maletas que mejor se adapten a tu moto?<\/strong><span class=\"ez-toc-section-end\"><\/span><\/h2>\n\n\n\n<p>Empezando de menos a m\u00e1s en cuanto a capacidad, precio y facilidad de montaje, lo m\u00e1s accesible son unas <strong>alforjas<\/strong> realizadas en un tejido de cordura o nailon, y que pueden ser blandas o semirr\u00edgidas. Este complemento se puede montar en cualquier moto, pero son m\u00e1s indicadas para modelos naked y deportivos, y para ser utilizadas de vez en cuando. No tienen una gran capacidad y puede ser que no incluyan elementos r\u00edgidos, por lo que hay que montarlas bien para evitar que se quemen con el <a href=\"https:\/\/www.boxrepsol.com\/es\/tecnologia\/tipos-de-tubos-de-escape-para-motos\/\">tubo de escape<\/a> o con el roce del neum\u00e1tico trasero. Es importante que sean impermeables y que dispongan de alg\u00fan bolsillo exterior para facilitar el transporte de peque\u00f1os objetos. Algunas son expandibles para aumentar su capacidad mediante una cremallera. En el caso de recibir alg\u00fan peque\u00f1o impacto, puede que se rompa alg\u00fan objeto que se transporte en su interior, pero es muy probable que el material en el que est\u00e1n realizadas no sufra da\u00f1os. Otra ventaja es que suelen incluir cinchas que facilitan su transporte una vez que nos bajamos de la moto.<\/p>\n\n\n<div class=\"wp-block-image\">\n<figure class=\"aligncenter size-full\"><img loading=\"lazy\" decoding=\"async\" width=\"600\" height=\"400\" src=\"https:\/\/bxrepsol.s3.eu-west-1.amazonaws.com\/static\/2025\/11\/03101327\/Foto-4-convertido-a-600x400-2.jpeg\" alt=\"\" class=\"wp-image-127745\" srcset=\"https:\/\/bxrepsol.s3.eu-west-1.amazonaws.com\/static\/2025\/11\/03101327\/Foto-4-convertido-a-600x400-2.jpeg 600w, https:\/\/bxrepsol.s3.eu-west-1.amazonaws.com\/static\/2025\/11\/03101327\/Foto-4-convertido-a-600x400-2-300x200.jpeg 300w\" sizes=\"auto, (max-width: 600px) 100vw, 600px\" \/><\/figure>\n<\/div>\n\n\n<p>La siguiente soluci\u00f3n son las <strong>maletas duras o r\u00edgidas fabricadas con material pl\u00e1stico<\/strong>. Son indicadas para motos de carretera o para trail que no se van a utilizar fuera del asfalto. Esto es debido a que se pueden fracturar o romper ante golpes o peque\u00f1as ca\u00eddas, cosas que pueden suceder cuando se circula con una trail por caminos o pistas de tierra. Habitualmente, las maletas de pl\u00e1stico suelen tener formas suaves y redondeadas, por lo que su montaje no afecta demasiado a la aerodin\u00e1mica de la moto que las lleva y, por tanto, no repercute negativamente en su comportamiento.<\/p>\n\n\n<div class=\"wp-block-image\">\n<figure class=\"aligncenter size-full\"><img loading=\"lazy\" decoding=\"async\" width=\"600\" height=\"400\" src=\"https:\/\/bxrepsol.s3.eu-west-1.amazonaws.com\/static\/2025\/11\/03101334\/Foto-5-convertido-a-600x400-2.jpeg\" alt=\"\" class=\"wp-image-127747\" srcset=\"https:\/\/bxrepsol.s3.eu-west-1.amazonaws.com\/static\/2025\/11\/03101334\/Foto-5-convertido-a-600x400-2.jpeg 600w, https:\/\/bxrepsol.s3.eu-west-1.amazonaws.com\/static\/2025\/11\/03101334\/Foto-5-convertido-a-600x400-2-300x200.jpeg 300w\" sizes=\"auto, (max-width: 600px) 100vw, 600px\" \/><\/figure>\n<\/div>\n\n\n<p>Otro tipo de maletas, cuyo uso est\u00e1 muy extendido entre los usuarios de <a href=\"https:\/\/www.boxrepsol.com\/es\/vive-tu-moto\/que-son-las-motos-trail-y-como-han-evolucionado\/\">motos de tipo trail<\/a>, son <strong>las fabricadas en aluminio<\/strong>. Esto es debido a su resistencia a peque\u00f1os golpes. De este modo, podemos tener una peque\u00f1a ca\u00edda y, aunque se abollen o rocen, la mayor\u00eda de las veces permiten continuar el viaje sin necesidad de tener que reubicar el equipaje que se lleve en su interior. Lo m\u00e1s habitual es que cuenten con apertura superior, una caracter\u00edstica que permite abrirlas y cerrarlas con facilidad durante las paradas. Otra ventaja de este tipo de maletas es que suelen incluir algunos peque\u00f1os anclajes en las tapas superiores, lo que permite llevar objetos o bolsas encima de ellas, sujet\u00e1ndolos con cinchas o pulpos. Un aspecto negativo de las maletas de aluminio es su forma rectangular, por lo general con m\u00e1s \u00e1ngulos que unas maletas de pl\u00e1stico, que afecta negativamente a la aerodin\u00e1mica de la moto.<\/p>\n\n\n<div class=\"wp-block-image\">\n<figure class=\"aligncenter size-full\"><img loading=\"lazy\" decoding=\"async\" width=\"600\" height=\"400\" src=\"https:\/\/bxrepsol.s3.eu-west-1.amazonaws.com\/static\/2025\/11\/03101339\/Foto-6-convertido-a-600x400-2.jpeg\" alt=\"\" class=\"wp-image-127749\" srcset=\"https:\/\/bxrepsol.s3.eu-west-1.amazonaws.com\/static\/2025\/11\/03101339\/Foto-6-convertido-a-600x400-2.jpeg 600w, https:\/\/bxrepsol.s3.eu-west-1.amazonaws.com\/static\/2025\/11\/03101339\/Foto-6-convertido-a-600x400-2-300x200.jpeg 300w\" sizes=\"auto, (max-width: 600px) 100vw, 600px\" \/><\/figure>\n<\/div>\n\n\n<p>El \u00faltimo tipo de maletas en llegar al mercado son <strong>las de tipo alforja que incluyen chasis r\u00edgido<\/strong>. De este modo ofrecen una elevada resistencia al deterioro ante golpes o peque\u00f1as ca\u00eddas, y tambi\u00e9n cuentan con anclajes s\u00f3lidos que evitan que se muevan y se quemen con el tubo de escape o el neum\u00e1tico trasero. Por estos motivos, estas maletas est\u00e1n consiguiendo muchos adeptos entre los amantes de los viajes de aventura con motos de tipo trail. Otra de sus ventajas es que al no ser r\u00edgidas, es m\u00e1s f\u00e1cil aprovechar toda su capacidad, permitiendo guardar el equipaje en su interior con mayor facilidad.<\/p>\n\n\n<div class=\"wp-block-image\">\n<figure class=\"aligncenter size-full\"><img loading=\"lazy\" decoding=\"async\" width=\"600\" height=\"400\" src=\"https:\/\/bxrepsol.s3.eu-west-1.amazonaws.com\/static\/2025\/11\/03101345\/Foto-7-convertido-a-600x400-1.jpeg\" alt=\"\" class=\"wp-image-127751\" srcset=\"https:\/\/bxrepsol.s3.eu-west-1.amazonaws.com\/static\/2025\/11\/03101345\/Foto-7-convertido-a-600x400-1.jpeg 600w, https:\/\/bxrepsol.s3.eu-west-1.amazonaws.com\/static\/2025\/11\/03101345\/Foto-7-convertido-a-600x400-1-300x200.jpeg 300w\" sizes=\"auto, (max-width: 600px) 100vw, 600px\" \/><\/figure>\n<\/div>\n\n\n<p><\/p>\n\n\n\n<h2 class=\"wp-block-heading\"><span class=\"ez-toc-section\" id=\"%C2%BFQue_aspectos_se_deben_tener_en_cuenta_a_la_hora_de_elegir_unas_maletas\"><\/span><strong>\u00bfQu\u00e9 aspectos se deben tener en cuenta a la hora de elegir unas maletas?<\/strong><span class=\"ez-toc-section-end\"><\/span><\/h2>\n\n\n\n<p>Existen varias cosas que son importantes y que se deben considerar al adquirir unas maletas:<\/p>\n\n\n\n<ul class=\"wp-block-list\">\n<li><strong>Capacidad:<\/strong> depende mucho de s\u00ed la moto se va a utilizar solo o con pasajero. Si se usa en compa\u00f1\u00eda, por lo general, se necesitar\u00e1n unas maletas de mayor capacidad. Es interesante que, como m\u00ednimo, en alguna de las maletas tenga cabida un casco integral, por lo que la capacidad debe rondar los 36 litros en el caso de que la maleta sea r\u00edgida. Hay que tener en cuenta que, a mayor capacidad, mayor suele ser la anchura y, por tanto, es m\u00e1s dif\u00edcil circular con la moto en espacios peque\u00f1os. Existen maletas \u201cexpandibles\u201d, que permiten ampliar su capacidad en caso necesario. Otro aspecto a tener en cuenta es que, en algunos casos, la maleta del lado del silenciador puede ser de menor capacidad. Se hace as\u00ed para dejar espacio al tubo de escape y que las cosas que podamos llevar en su interior no sufran con el calor desprendido por este.<\/li>\n<\/ul>\n\n\n<div class=\"wp-block-image\">\n<figure class=\"aligncenter size-full\"><img loading=\"lazy\" decoding=\"async\" width=\"600\" height=\"400\" src=\"https:\/\/bxrepsol.s3.eu-west-1.amazonaws.com\/static\/2025\/11\/03101350\/Foto-8-convertido-a-600x400-1.jpeg\" alt=\"\" class=\"wp-image-127753\" srcset=\"https:\/\/bxrepsol.s3.eu-west-1.amazonaws.com\/static\/2025\/11\/03101350\/Foto-8-convertido-a-600x400-1.jpeg 600w, https:\/\/bxrepsol.s3.eu-west-1.amazonaws.com\/static\/2025\/11\/03101350\/Foto-8-convertido-a-600x400-1-300x200.jpeg 300w\" sizes=\"auto, (max-width: 600px) 100vw, 600px\" \/><\/figure>\n<\/div>\n\n\n<ul class=\"wp-block-list\">\n<li><strong>Cerraduras:<\/strong> en el caso de maletas r\u00edgidas de pl\u00e1stico o de aluminio, es muy importante que cuenten con cerraduras que permitan dejar la moto aparcada con las maletas puestas con cierta seguridad. En el caso de que las maletas sean las que ofrece el fabricante de la moto, es probable que sus cerraduras se puedan accionar con la misma llave del contacto, lo que es una ventaja, pues no habr\u00e1 que llevar una segunda llave. Algunas marcas de motos ofrecen maletas con cierre centralizado, lo que es a\u00fan mejor.<\/li>\n\n\n\n<li><strong>Impermeabilidad:<\/strong> importante para que no se moje el equipaje cuando llueve. Peri\u00f3dicamente es aconsejable verificar el buen estado de las juntas para que se mantenga la impermeabilidad.<\/li>\n<\/ul>\n\n\n<div class=\"wp-block-image\">\n<figure class=\"aligncenter size-full\"><img loading=\"lazy\" decoding=\"async\" width=\"600\" height=\"400\" src=\"https:\/\/bxrepsol.s3.eu-west-1.amazonaws.com\/static\/2025\/11\/03101354\/Foto-9-convertido-a-600x400-1.jpeg\" alt=\"\" class=\"wp-image-127755\" srcset=\"https:\/\/bxrepsol.s3.eu-west-1.amazonaws.com\/static\/2025\/11\/03101354\/Foto-9-convertido-a-600x400-1.jpeg 600w, https:\/\/bxrepsol.s3.eu-west-1.amazonaws.com\/static\/2025\/11\/03101354\/Foto-9-convertido-a-600x400-1-300x200.jpeg 300w\" sizes=\"auto, (max-width: 600px) 100vw, 600px\" \/><\/figure>\n<\/div>\n\n\n<ul class=\"wp-block-list\">\n<li><strong>Interior forrado<\/strong>: principalmente en las maletas de aluminio, es interesante que su interior est\u00e9 forrado con alg\u00fan material tipo moqueta que proteja de roces algunos elementos que podamos llevar dentro, y para que estos no produzcan ruidos o golpeteos durante la marcha. Por los mismos motivos, tampoco est\u00e1 de m\u00e1s que en la parte de abajo incluyan alguna alfombrilla de espuma o similar.<\/li>\n\n\n\n<li><strong>Sujeciones el\u00e1sticas<\/strong>: las maletas de apertura lateral es importante que cuenten con alg\u00fan tipo de sujeci\u00f3n el\u00e1stica en su interior que fije el <a href=\"https:\/\/www.boxrepsol.com\/es\/vive-tu-moto\/como-llevar-tu-equipaje-en-moto\/\">equipaje de tu moto<\/a> para que no se caiga al abrirlas durante alguna parada. Tambi\u00e9n son muy v\u00e1lidas para mantener el equipaje sujeto cuando van poco cargadas y as\u00ed evitar que se mueva m\u00e1s de la cuenta mientras la moto est\u00e1 circulando.<\/li>\n<\/ul>\n\n\n<div class=\"wp-block-image\">\n<figure class=\"aligncenter size-full\"><img loading=\"lazy\" decoding=\"async\" width=\"600\" height=\"400\" src=\"https:\/\/bxrepsol.s3.eu-west-1.amazonaws.com\/static\/2025\/11\/03101359\/Foto-10-convertido-a-600x400-1.jpeg\" alt=\"\" class=\"wp-image-127757\" srcset=\"https:\/\/bxrepsol.s3.eu-west-1.amazonaws.com\/static\/2025\/11\/03101359\/Foto-10-convertido-a-600x400-1.jpeg 600w, https:\/\/bxrepsol.s3.eu-west-1.amazonaws.com\/static\/2025\/11\/03101359\/Foto-10-convertido-a-600x400-1-300x200.jpeg 300w\" sizes=\"auto, (max-width: 600px) 100vw, 600px\" \/><\/figure>\n<\/div>\n\n\n<ul class=\"wp-block-list\">\n<li><strong>Asa<\/strong>: que las maletas dispongan de un asa en su parte superior facilita mucho el transporte al separarlas de la moto.<\/li>\n<\/ul>\n\n\n<div class=\"wp-block-image\">\n<figure class=\"aligncenter size-full\"><img loading=\"lazy\" decoding=\"async\" width=\"600\" height=\"400\" src=\"https:\/\/bxrepsol.s3.eu-west-1.amazonaws.com\/static\/2025\/11\/03101403\/Foto-11-convertido-a-600x400-1.jpeg\" alt=\"\" class=\"wp-image-127759\" srcset=\"https:\/\/bxrepsol.s3.eu-west-1.amazonaws.com\/static\/2025\/11\/03101403\/Foto-11-convertido-a-600x400-1.jpeg 600w, https:\/\/bxrepsol.s3.eu-west-1.amazonaws.com\/static\/2025\/11\/03101403\/Foto-11-convertido-a-600x400-1-300x200.jpeg 300w\" sizes=\"auto, (max-width: 600px) 100vw, 600px\" \/><\/figure>\n<\/div>\n\n\n<ul class=\"wp-block-list\">\n<li><strong>Carga m\u00e1xima<\/strong>: no hay que cargarlas mucho y en ning\u00fan caso se debe superar el peso m\u00e1ximo recomendado por el fabricante. Cargar una maleta m\u00e1s de lo debido puede hacer que se desprenda involuntariamente al superar alg\u00fan bache y, aparte de perderla, puede llegar a producir da\u00f1os a terceras personas. Que las cerraduras vayan en posici\u00f3n \u201ccerrado\u201d mientras se circula es muy importante.<\/li>\n\n\n\n<li><strong>Anclajes<\/strong>: hay motos que de serie incluyen anclajes \u201cr\u00e1pidos\u201d para maletas, lo que facilita la instalaci\u00f3n y reduce la inversi\u00f3n econ\u00f3mica. En otras hay que montar herrajes que, aparte de un mayor coste, supone a\u00f1adir peso.<\/li>\n<\/ul>\n\n\n<div class=\"wp-block-image\">\n<figure class=\"aligncenter size-full\"><img loading=\"lazy\" decoding=\"async\" width=\"600\" height=\"400\" src=\"https:\/\/bxrepsol.s3.eu-west-1.amazonaws.com\/static\/2025\/11\/03101408\/Foto-12a-convertido-a-600x400-1.jpeg\" alt=\"\" class=\"wp-image-127761\" srcset=\"https:\/\/bxrepsol.s3.eu-west-1.amazonaws.com\/static\/2025\/11\/03101408\/Foto-12a-convertido-a-600x400-1.jpeg 600w, https:\/\/bxrepsol.s3.eu-west-1.amazonaws.com\/static\/2025\/11\/03101408\/Foto-12a-convertido-a-600x400-1-300x200.jpeg 300w\" sizes=\"auto, (max-width: 600px) 100vw, 600px\" \/><\/figure>\n<\/div>\n\n<div class=\"wp-block-image\">\n<figure class=\"aligncenter size-full\"><img loading=\"lazy\" decoding=\"async\" width=\"600\" height=\"400\" src=\"https:\/\/bxrepsol.s3.eu-west-1.amazonaws.com\/static\/2025\/11\/03101412\/Foto-12b-convertido-a-600x400-1.jpeg\" alt=\"\" class=\"wp-image-127763\" srcset=\"https:\/\/bxrepsol.s3.eu-west-1.amazonaws.com\/static\/2025\/11\/03101412\/Foto-12b-convertido-a-600x400-1.jpeg 600w, https:\/\/bxrepsol.s3.eu-west-1.amazonaws.com\/static\/2025\/11\/03101412\/Foto-12b-convertido-a-600x400-1-300x200.jpeg 300w\" sizes=\"auto, (max-width: 600px) 100vw, 600px\" \/><\/figure>\n<\/div>\n\n\n<ul class=\"wp-block-list\">\n<li><strong>Bolsa interior<\/strong>: algunos fabricantes ofrecen en su cat\u00e1logo unas bolsas de cordura con la forma del interior de las maletas. Aunque restan algo de capacidad, son muy \u00fatiles y facilitan la operaci\u00f3n de cargar y descargar el equipaje, sin la necesidad de separar las maletas de la moto.<\/li>\n<\/ul>\n\n\n<div class=\"wp-block-image\">\n<figure class=\"aligncenter size-full\"><img loading=\"lazy\" decoding=\"async\" width=\"600\" height=\"400\" src=\"https:\/\/bxrepsol.s3.eu-west-1.amazonaws.com\/static\/2025\/11\/03101416\/Foto-13-convertido-a-600x400-1.jpeg\" alt=\"\" class=\"wp-image-127765\" srcset=\"https:\/\/bxrepsol.s3.eu-west-1.amazonaws.com\/static\/2025\/11\/03101416\/Foto-13-convertido-a-600x400-1.jpeg 600w, https:\/\/bxrepsol.s3.eu-west-1.amazonaws.com\/static\/2025\/11\/03101416\/Foto-13-convertido-a-600x400-1-300x200.jpeg 300w\" sizes=\"auto, (max-width: 600px) 100vw, 600px\" \/><\/figure>\n<\/div>\n\n\n<ul class=\"wp-block-list\">\n<li><strong>Ba\u00fal trasero<\/strong>: si queremos aumentar la capacidad de carga, a las maletas laterales se puede sumar un ba\u00fal o \u201ctop case\u201d sobre una parrilla trasera. En la mayor\u00eda de los casos existen modelos a juego con las maletas, cuyas cerraduras se pueden accionar con la misma llave. Del mismo modo, existen ba\u00fales con diferentes capacidades. En los m\u00e1s grandes es posible guardar hasta dos cascos integrales. Para esto la capacidad debe ser de 48 litros o m\u00e1s.<\/li>\n<\/ul>\n\n\n<div class=\"wp-block-image\">\n<figure class=\"aligncenter size-full\"><img loading=\"lazy\" decoding=\"async\" width=\"600\" height=\"400\" src=\"https:\/\/bxrepsol.s3.eu-west-1.amazonaws.com\/static\/2025\/11\/03101421\/Foto-14-convertido-a-600x400-1.jpeg\" alt=\"\" class=\"wp-image-127767\" srcset=\"https:\/\/bxrepsol.s3.eu-west-1.amazonaws.com\/static\/2025\/11\/03101421\/Foto-14-convertido-a-600x400-1.jpeg 600w, https:\/\/bxrepsol.s3.eu-west-1.amazonaws.com\/static\/2025\/11\/03101421\/Foto-14-convertido-a-600x400-1-300x200.jpeg 300w\" sizes=\"auto, (max-width: 600px) 100vw, 600px\" \/><\/figure>\n<\/div>\n\n\n<p><\/p>\n","protected":false},"excerpt":{"rendered":"<p>Las maletas laterales siempre han sido unos elementos muy importantes para los amantes de los viajes en moto. Actualmente son pocos los modelos que las incluyen entre su equipamiento de serie, pero es posible montarlas opcionalmente en una buena parte de las motos de media y alta cilindrada que existen en el mercado.<\/p>\n","protected":false},"author":41267,"featured_media":127739,"comment_status":"open","ping_status":"closed","sticky":false,"template":"","format":"standard","meta":{"footnotes":""},"categories":[160,122],"tags":[585,603],"class_list":["post-127738","post","type-post","status-publish","format-standard","hentry","category-cultura-motera","category-vive-tu-moto","tag-conduccion","tag-movilidad"],"yoast_head":"<!-- This site is optimized with the Yoast SEO plugin v27.3 - https:\/\/yoast.com\/product\/yoast-seo-wordpress\/ -->\n<title>Las mejores maletas para motos: marcas, modelos y consejos - Box Repsol<\/title>\n<meta name=\"description\" content=\"Descubre las mejores maletas para moto, marcas recomendadas, modelos m\u00e1s valorados y consejos para elegir el equipaje perfecto para tus viajes.\" \/>\n<link rel=\"canonical\" href=\"https:\/\/www.boxrepsol.com\/es\/cultura-motera\/mejores-maletas-para-motos\/\" \/>\n<meta property=\"og:locale\" content=\"es_ES\" \/>\n<meta property=\"og:type\" content=\"article\" \/>\n<meta property=\"og:title\" content=\"Las mejores maletas para motos: marcas, modelos y consejos - Box Repsol\" \/>\n<meta property=\"og:description\" content=\"Descubre las mejores maletas para moto, marcas recomendadas, modelos m\u00e1s valorados y consejos para elegir el equipaje perfecto para tus viajes.\" \/>\n<meta property=\"og:url\" content=\"https:\/\/www.boxrepsol.com\/es\/cultura-motera\/mejores-maletas-para-motos\/\" \/>\n<meta property=\"og:site_name\" content=\"Box Repsol\" \/>\n<meta property=\"article:publisher\" content=\"https:\/\/www.facebook.com\/BoxRepsol\" \/>\n<meta property=\"article:published_time\" content=\"2025-11-03T12:16:57+00:00\" \/>\n<meta property=\"article:modified_time\" content=\"2025-11-03T12:24:33+00:00\" \/>\n<meta property=\"og:image\" content=\"https:\/\/bxrepsol.s3.eu-west-1.amazonaws.com\/static\/2025\/11\/03101309\/Foto-1-apertura-convertido-a-1200x600-1.jpeg\" \/>\n\t<meta property=\"og:image:width\" content=\"1200\" \/>\n\t<meta property=\"og:image:height\" content=\"600\" \/>\n\t<meta property=\"og:image:type\" content=\"image\/jpeg\" \/>\n<meta name=\"author\" content=\"V\u00edctor Gancedo\" \/>\n<meta name=\"twitter:card\" content=\"summary_large_image\" \/>\n<meta name=\"twitter:creator\" content=\"@box_repsol\" \/>\n<meta name=\"twitter:site\" content=\"@box_repsol\" \/>\n<meta name=\"twitter:label1\" content=\"Written by\" \/>\n\t<meta name=\"twitter:data1\" content=\"V\u00edctor Gancedo\" \/>\n\t<meta name=\"twitter:label2\" content=\"Est. reading time\" \/>\n\t<meta name=\"twitter:data2\" content=\"8 minutos\" \/>\n<script type=\"application\/ld+json\" class=\"yoast-schema-graph\">{\"@context\":\"https:\\\/\\\/schema.org\",\"@graph\":[{\"@type\":\"Article\",\"@id\":\"https:\\\/\\\/www.boxrepsol.com\\\/es\\\/cultura-motera\\\/mejores-maletas-para-motos\\\/#article\",\"isPartOf\":{\"@id\":\"https:\\\/\\\/www.boxrepsol.com\\\/es\\\/cultura-motera\\\/mejores-maletas-para-motos\\\/\"},\"author\":{\"name\":\"V\u00edctor Gancedo\",\"@id\":\"https:\\\/\\\/www.boxrepsol.com\\\/es\\\/#\\\/schema\\\/person\\\/40c28bf318bbbe8fe3848b194b7385ca\"},\"headline\":\"Las mejores maletas para motos: gu\u00eda 2025\",\"datePublished\":\"2025-11-03T12:16:57+00:00\",\"dateModified\":\"2025-11-03T12:24:33+00:00\",\"mainEntityOfPage\":{\"@id\":\"https:\\\/\\\/www.boxrepsol.com\\\/es\\\/cultura-motera\\\/mejores-maletas-para-motos\\\/\"},\"wordCount\":1584,\"commentCount\":0,\"publisher\":{\"@id\":\"https:\\\/\\\/www.boxrepsol.com\\\/es\\\/#organization\"},\"image\":{\"@id\":\"https:\\\/\\\/www.boxrepsol.com\\\/es\\\/cultura-motera\\\/mejores-maletas-para-motos\\\/#primaryimage\"},\"thumbnailUrl\":\"https:\\\/\\\/bxrepsol.s3.eu-west-1.amazonaws.com\\\/static\\\/2025\\\/11\\\/03101309\\\/Foto-1-apertura-convertido-a-1200x600-1.jpeg\",\"keywords\":[\"conducci\u00f3n\",\"movilidad\"],\"articleSection\":[\"Cultura Motera\",\"Vive tu moto\"],\"inLanguage\":\"es\",\"potentialAction\":[{\"@type\":\"CommentAction\",\"name\":\"Comment\",\"target\":[\"https:\\\/\\\/www.boxrepsol.com\\\/es\\\/cultura-motera\\\/mejores-maletas-para-motos\\\/#respond\"]}]},{\"@type\":\"WebPage\",\"@id\":\"https:\\\/\\\/www.boxrepsol.com\\\/es\\\/cultura-motera\\\/mejores-maletas-para-motos\\\/\",\"url\":\"https:\\\/\\\/www.boxrepsol.com\\\/es\\\/cultura-motera\\\/mejores-maletas-para-motos\\\/\",\"name\":\"Las mejores maletas para motos: marcas, modelos y consejos - Box Repsol\",\"isPartOf\":{\"@id\":\"https:\\\/\\\/www.boxrepsol.com\\\/es\\\/#website\"},\"primaryImageOfPage\":{\"@id\":\"https:\\\/\\\/www.boxrepsol.com\\\/es\\\/cultura-motera\\\/mejores-maletas-para-motos\\\/#primaryimage\"},\"image\":{\"@id\":\"https:\\\/\\\/www.boxrepsol.com\\\/es\\\/cultura-motera\\\/mejores-maletas-para-motos\\\/#primaryimage\"},\"thumbnailUrl\":\"https:\\\/\\\/bxrepsol.s3.eu-west-1.amazonaws.com\\\/static\\\/2025\\\/11\\\/03101309\\\/Foto-1-apertura-convertido-a-1200x600-1.jpeg\",\"datePublished\":\"2025-11-03T12:16:57+00:00\",\"dateModified\":\"2025-11-03T12:24:33+00:00\",\"description\":\"Descubre las mejores maletas para moto, marcas recomendadas, modelos m\u00e1s valorados y consejos para elegir el equipaje perfecto para tus viajes.\",\"breadcrumb\":{\"@id\":\"https:\\\/\\\/www.boxrepsol.com\\\/es\\\/cultura-motera\\\/mejores-maletas-para-motos\\\/#breadcrumb\"},\"inLanguage\":\"es\",\"potentialAction\":[{\"@type\":\"ReadAction\",\"target\":[\"https:\\\/\\\/www.boxrepsol.com\\\/es\\\/cultura-motera\\\/mejores-maletas-para-motos\\\/\"]}]},{\"@type\":\"ImageObject\",\"inLanguage\":\"es\",\"@id\":\"https:\\\/\\\/www.boxrepsol.com\\\/es\\\/cultura-motera\\\/mejores-maletas-para-motos\\\/#primaryimage\",\"url\":\"https:\\\/\\\/bxrepsol.s3.eu-west-1.amazonaws.com\\\/static\\\/2025\\\/11\\\/03101309\\\/Foto-1-apertura-convertido-a-1200x600-1.jpeg\",\"contentUrl\":\"https:\\\/\\\/bxrepsol.s3.eu-west-1.amazonaws.com\\\/static\\\/2025\\\/11\\\/03101309\\\/Foto-1-apertura-convertido-a-1200x600-1.jpeg\",\"width\":1200,\"height\":600},{\"@type\":\"BreadcrumbList\",\"@id\":\"https:\\\/\\\/www.boxrepsol.com\\\/es\\\/cultura-motera\\\/mejores-maletas-para-motos\\\/#breadcrumb\",\"itemListElement\":[{\"@type\":\"ListItem\",\"position\":1,\"name\":\"Home\",\"item\":\"https:\\\/\\\/www.boxrepsol.com\\\/es\\\/\"},{\"@type\":\"ListItem\",\"position\":2,\"name\":\"Las mejores maletas para motos: gu\u00eda 2025\"}]},{\"@type\":\"WebSite\",\"@id\":\"https:\\\/\\\/www.boxrepsol.com\\\/es\\\/#website\",\"url\":\"https:\\\/\\\/www.boxrepsol.com\\\/es\\\/\",\"name\":\"Box Repsol\",\"description\":\"Box Repsol Site\",\"publisher\":{\"@id\":\"https:\\\/\\\/www.boxrepsol.com\\\/es\\\/#organization\"},\"potentialAction\":[{\"@type\":\"SearchAction\",\"target\":{\"@type\":\"EntryPoint\",\"urlTemplate\":\"https:\\\/\\\/www.boxrepsol.com\\\/es\\\/?s={search_term_string}\"},\"query-input\":{\"@type\":\"PropertyValueSpecification\",\"valueRequired\":true,\"valueName\":\"search_term_string\"}}],\"inLanguage\":\"es\"},{\"@type\":\"Organization\",\"@id\":\"https:\\\/\\\/www.boxrepsol.com\\\/es\\\/#organization\",\"name\":\"Box Repsol\",\"url\":\"https:\\\/\\\/www.boxrepsol.com\\\/es\\\/\",\"logo\":{\"@type\":\"ImageObject\",\"inLanguage\":\"es\",\"@id\":\"https:\\\/\\\/www.boxrepsol.com\\\/es\\\/#\\\/schema\\\/logo\\\/image\\\/\",\"url\":\"https:\\\/\\\/bxrepsol.s3.eu-west-1.amazonaws.com\\\/static\\\/2025\\\/07\\\/30083337\\\/favicon-96x96-1.png\",\"contentUrl\":\"https:\\\/\\\/bxrepsol.s3.eu-west-1.amazonaws.com\\\/static\\\/2025\\\/07\\\/30083337\\\/favicon-96x96-1.png\",\"width\":96,\"height\":96,\"caption\":\"Box Repsol\"},\"image\":{\"@id\":\"https:\\\/\\\/www.boxrepsol.com\\\/es\\\/#\\\/schema\\\/logo\\\/image\\\/\"},\"sameAs\":[\"https:\\\/\\\/www.facebook.com\\\/BoxRepsol\",\"https:\\\/\\\/x.com\\\/box_repsol\",\"http:\\\/\\\/instagram.com\\\/box_repsol\",\"https:\\\/\\\/www.youtube.com\\\/user\\\/RepsolCompeticion\",\"https:\\\/\\\/www.flickr.com\\\/photos\\\/box_repsol\\\/\"]},{\"@type\":\"Person\",\"@id\":\"https:\\\/\\\/www.boxrepsol.com\\\/es\\\/#\\\/schema\\\/person\\\/40c28bf318bbbe8fe3848b194b7385ca\",\"name\":\"V\u00edctor Gancedo\",\"image\":{\"@type\":\"ImageObject\",\"inLanguage\":\"es\",\"@id\":\"https:\\\/\\\/secure.gravatar.com\\\/avatar\\\/cd1439a66fca5d3425cd2a7b13f32cd43e25022a0436c1235ef2a28e14fa660a?s=96&d=mm&r=g\",\"url\":\"https:\\\/\\\/secure.gravatar.com\\\/avatar\\\/cd1439a66fca5d3425cd2a7b13f32cd43e25022a0436c1235ef2a28e14fa660a?s=96&d=mm&r=g\",\"contentUrl\":\"https:\\\/\\\/secure.gravatar.com\\\/avatar\\\/cd1439a66fca5d3425cd2a7b13f32cd43e25022a0436c1235ef2a28e14fa660a?s=96&d=mm&r=g\",\"caption\":\"V\u00edctor Gancedo\"},\"description\":\"Periodista especializado en el mundo de las motos, V\u00edctor ha probado pr\u00e1cticamente todas las que han salido al mercado desde 1990. En su larga trayectoria, ha desempe\u00f1ado cargos como los de Jefe de Pruebas de la revista Motociclismo o Responsable de Pruebas del \u00c1rea de Motos del Grupo Motorpress-Ib\u00e9rica, hoy llamado Sport Life Ib\u00e9rica, al cual sigue vinculado.\",\"sameAs\":[\"https:\\\/\\\/www.instagram.com\\\/vfgancedo\"],\"url\":\"https:\\\/\\\/www.boxrepsol.com\\\/es\\\/author\\\/victor_gancedo\\\/\"}]}<\/script>\n<!-- \/ Yoast SEO plugin. -->","yoast_head_json":{"title":"Las mejores maletas para motos: marcas, modelos y consejos - Box Repsol","description":"Descubre las mejores maletas para moto, marcas recomendadas, modelos m\u00e1s valorados y consejos para elegir el equipaje perfecto para tus viajes.","canonical":"https:\/\/www.boxrepsol.com\/es\/cultura-motera\/mejores-maletas-para-motos\/","og_locale":"es_ES","og_type":"article","og_title":"Las mejores maletas para motos: marcas, modelos y consejos - Box Repsol","og_description":"Descubre las mejores maletas para moto, marcas recomendadas, modelos m\u00e1s valorados y consejos para elegir el equipaje perfecto para tus viajes.","og_url":"https:\/\/www.boxrepsol.com\/es\/cultura-motera\/mejores-maletas-para-motos\/","og_site_name":"Box Repsol","article_publisher":"https:\/\/www.facebook.com\/BoxRepsol","article_published_time":"2025-11-03T12:16:57+00:00","article_modified_time":"2025-11-03T12:24:33+00:00","og_image":[{"width":1200,"height":600,"url":"https:\/\/bxrepsol.s3.eu-west-1.amazonaws.com\/static\/2025\/11\/03101309\/Foto-1-apertura-convertido-a-1200x600-1.jpeg","type":"image\/jpeg"}],"author":"V\u00edctor Gancedo","twitter_card":"summary_large_image","twitter_creator":"@box_repsol","twitter_site":"@box_repsol","twitter_misc":{"Written by":"V\u00edctor Gancedo","Est. reading time":"8 minutos"},"schema":{"@context":"https:\/\/schema.org","@graph":[{"@type":"Article","@id":"https:\/\/www.boxrepsol.com\/es\/cultura-motera\/mejores-maletas-para-motos\/#article","isPartOf":{"@id":"https:\/\/www.boxrepsol.com\/es\/cultura-motera\/mejores-maletas-para-motos\/"},"author":{"name":"V\u00edctor Gancedo","@id":"https:\/\/www.boxrepsol.com\/es\/#\/schema\/person\/40c28bf318bbbe8fe3848b194b7385ca"},"headline":"Las mejores maletas para motos: gu\u00eda 2025","datePublished":"2025-11-03T12:16:57+00:00","dateModified":"2025-11-03T12:24:33+00:00","mainEntityOfPage":{"@id":"https:\/\/www.boxrepsol.com\/es\/cultura-motera\/mejores-maletas-para-motos\/"},"wordCount":1584,"commentCount":0,"publisher":{"@id":"https:\/\/www.boxrepsol.com\/es\/#organization"},"image":{"@id":"https:\/\/www.boxrepsol.com\/es\/cultura-motera\/mejores-maletas-para-motos\/#primaryimage"},"thumbnailUrl":"https:\/\/bxrepsol.s3.eu-west-1.amazonaws.com\/static\/2025\/11\/03101309\/Foto-1-apertura-convertido-a-1200x600-1.jpeg","keywords":["conducci\u00f3n","movilidad"],"articleSection":["Cultura Motera","Vive tu moto"],"inLanguage":"es","potentialAction":[{"@type":"CommentAction","name":"Comment","target":["https:\/\/www.boxrepsol.com\/es\/cultura-motera\/mejores-maletas-para-motos\/#respond"]}]},{"@type":"WebPage","@id":"https:\/\/www.boxrepsol.com\/es\/cultura-motera\/mejores-maletas-para-motos\/","url":"https:\/\/www.boxrepsol.com\/es\/cultura-motera\/mejores-maletas-para-motos\/","name":"Las mejores maletas para motos: marcas, modelos y consejos - Box Repsol","isPartOf":{"@id":"https:\/\/www.boxrepsol.com\/es\/#website"},"primaryImageOfPage":{"@id":"https:\/\/www.boxrepsol.com\/es\/cultura-motera\/mejores-maletas-para-motos\/#primaryimage"},"image":{"@id":"https:\/\/www.boxrepsol.com\/es\/cultura-motera\/mejores-maletas-para-motos\/#primaryimage"},"thumbnailUrl":"https:\/\/bxrepsol.s3.eu-west-1.amazonaws.com\/static\/2025\/11\/03101309\/Foto-1-apertura-convertido-a-1200x600-1.jpeg","datePublished":"2025-11-03T12:16:57+00:00","dateModified":"2025-11-03T12:24:33+00:00","description":"Descubre las mejores maletas para moto, marcas recomendadas, modelos m\u00e1s valorados y consejos para elegir el equipaje perfecto para tus viajes.","breadcrumb":{"@id":"https:\/\/www.boxrepsol.com\/es\/cultura-motera\/mejores-maletas-para-motos\/#breadcrumb"},"inLanguage":"es","potentialAction":[{"@type":"ReadAction","target":["https:\/\/www.boxrepsol.com\/es\/cultura-motera\/mejores-maletas-para-motos\/"]}]},{"@type":"ImageObject","inLanguage":"es","@id":"https:\/\/www.boxrepsol.com\/es\/cultura-motera\/mejores-maletas-para-motos\/#primaryimage","url":"https:\/\/bxrepsol.s3.eu-west-1.amazonaws.com\/static\/2025\/11\/03101309\/Foto-1-apertura-convertido-a-1200x600-1.jpeg","contentUrl":"https:\/\/bxrepsol.s3.eu-west-1.amazonaws.com\/static\/2025\/11\/03101309\/Foto-1-apertura-convertido-a-1200x600-1.jpeg","width":1200,"height":600},{"@type":"BreadcrumbList","@id":"https:\/\/www.boxrepsol.com\/es\/cultura-motera\/mejores-maletas-para-motos\/#breadcrumb","itemListElement":[{"@type":"ListItem","position":1,"name":"Home","item":"https:\/\/www.boxrepsol.com\/es\/"},{"@type":"ListItem","position":2,"name":"Las mejores maletas para motos: gu\u00eda 2025"}]},{"@type":"WebSite","@id":"https:\/\/www.boxrepsol.com\/es\/#website","url":"https:\/\/www.boxrepsol.com\/es\/","name":"Box Repsol","description":"Box Repsol Site","publisher":{"@id":"https:\/\/www.boxrepsol.com\/es\/#organization"},"potentialAction":[{"@type":"SearchAction","target":{"@type":"EntryPoint","urlTemplate":"https:\/\/www.boxrepsol.com\/es\/?s={search_term_string}"},"query-input":{"@type":"PropertyValueSpecification","valueRequired":true,"valueName":"search_term_string"}}],"inLanguage":"es"},{"@type":"Organization","@id":"https:\/\/www.boxrepsol.com\/es\/#organization","name":"Box Repsol","url":"https:\/\/www.boxrepsol.com\/es\/","logo":{"@type":"ImageObject","inLanguage":"es","@id":"https:\/\/www.boxrepsol.com\/es\/#\/schema\/logo\/image\/","url":"https:\/\/bxrepsol.s3.eu-west-1.amazonaws.com\/static\/2025\/07\/30083337\/favicon-96x96-1.png","contentUrl":"https:\/\/bxrepsol.s3.eu-west-1.amazonaws.com\/static\/2025\/07\/30083337\/favicon-96x96-1.png","width":96,"height":96,"caption":"Box Repsol"},"image":{"@id":"https:\/\/www.boxrepsol.com\/es\/#\/schema\/logo\/image\/"},"sameAs":["https:\/\/www.facebook.com\/BoxRepsol","https:\/\/x.com\/box_repsol","http:\/\/instagram.com\/box_repsol","https:\/\/www.youtube.com\/user\/RepsolCompeticion","https:\/\/www.flickr.com\/photos\/box_repsol\/"]},{"@type":"Person","@id":"https:\/\/www.boxrepsol.com\/es\/#\/schema\/person\/40c28bf318bbbe8fe3848b194b7385ca","name":"V\u00edctor Gancedo","image":{"@type":"ImageObject","inLanguage":"es","@id":"https:\/\/secure.gravatar.com\/avatar\/cd1439a66fca5d3425cd2a7b13f32cd43e25022a0436c1235ef2a28e14fa660a?s=96&d=mm&r=g","url":"https:\/\/secure.gravatar.com\/avatar\/cd1439a66fca5d3425cd2a7b13f32cd43e25022a0436c1235ef2a28e14fa660a?s=96&d=mm&r=g","contentUrl":"https:\/\/secure.gravatar.com\/avatar\/cd1439a66fca5d3425cd2a7b13f32cd43e25022a0436c1235ef2a28e14fa660a?s=96&d=mm&r=g","caption":"V\u00edctor Gancedo"},"description":"Periodista especializado en el mundo de las motos, V\u00edctor ha probado pr\u00e1cticamente todas las que han salido al mercado desde 1990. En su larga trayectoria, ha desempe\u00f1ado cargos como los de Jefe de Pruebas de la revista Motociclismo o Responsable de Pruebas del \u00c1rea de Motos del Grupo Motorpress-Ib\u00e9rica, hoy llamado Sport Life Ib\u00e9rica, al cual sigue vinculado.","sameAs":["https:\/\/www.instagram.com\/vfgancedo"],"url":"https:\/\/www.boxrepsol.com\/es\/author\/victor_gancedo\/"}]}},"_links":{"self":[{"href":"https:\/\/www.boxrepsol.com\/es\/wp-json\/wp\/v2\/posts\/127738","targetHints":{"allow":["GET"]}}],"collection":[{"href":"https:\/\/www.boxrepsol.com\/es\/wp-json\/wp\/v2\/posts"}],"about":[{"href":"https:\/\/www.boxrepsol.com\/es\/wp-json\/wp\/v2\/types\/post"}],"author":[{"embeddable":true,"href":"https:\/\/www.boxrepsol.com\/es\/wp-json\/wp\/v2\/users\/41267"}],"replies":[{"embeddable":true,"href":"https:\/\/www.boxrepsol.com\/es\/wp-json\/wp\/v2\/comments?post=127738"}],"version-history":[{"count":2,"href":"https:\/\/www.boxrepsol.com\/es\/wp-json\/wp\/v2\/posts\/127738\/revisions"}],"predecessor-version":[{"id":127771,"href":"https:\/\/www.boxrepsol.com\/es\/wp-json\/wp\/v2\/posts\/127738\/revisions\/127771"}],"wp:featuredmedia":[{"embeddable":true,"href":"https:\/\/www.boxrepsol.com\/es\/wp-json\/wp\/v2\/media\/127739"}],"wp:attachment":[{"href":"https:\/\/www.boxrepsol.com\/es\/wp-json\/wp\/v2\/media?parent=127738"}],"wp:term":[{"taxonomy":"category","embeddable":true,"href":"https:\/\/www.boxrepsol.com\/es\/wp-json\/wp\/v2\/categories?post=127738"},{"taxonomy":"post_tag","embeddable":true,"href":"https:\/\/www.boxrepsol.com\/es\/wp-json\/wp\/v2\/tags?post=127738"}],"curies":[{"name":"wp","href":"https:\/\/api.w.org\/{rel}","templated":true}]}}