{"id":127705,"date":"2025-10-30T10:19:45","date_gmt":"2025-10-30T12:19:45","guid":{"rendered":"https:\/\/www.boxrepsol.com\/?p=127705"},"modified":"2026-02-27T07:28:53","modified_gmt":"2026-02-27T09:28:53","slug":"los-coches-electricos-con-mas-autonomia-en-2025","status":"publish","type":"post","link":"https:\/\/www.boxrepsol.com\/es\/tecnologia\/los-coches-electricos-con-mas-autonomia-en-2025\/","title":{"rendered":"Los coches el\u00e9ctricos con m\u00e1s autonom\u00eda en 2026"},"content":{"rendered":"<figure class=\"wp-block-post-featured-image\"><img loading=\"lazy\" decoding=\"async\" width=\"1200\" height=\"600\" src=\"https:\/\/bxrepsol.s3.eu-west-1.amazonaws.com\/static\/2025\/10\/30095548\/enchufado-cargadores-en-dos-autos-electricos-en-la-estacion-de-carga-convertido-a-1200x600-1.jpeg\" class=\"attachment-post-thumbnail size-post-thumbnail wp-post-image\" alt=\"\" style=\"object-fit:cover;\" srcset=\"https:\/\/bxrepsol.s3.eu-west-1.amazonaws.com\/static\/2025\/10\/30095548\/enchufado-cargadores-en-dos-autos-electricos-en-la-estacion-de-carga-convertido-a-1200x600-1.jpeg 1200w, https:\/\/bxrepsol.s3.eu-west-1.amazonaws.com\/static\/2025\/10\/30095548\/enchufado-cargadores-en-dos-autos-electricos-en-la-estacion-de-carga-convertido-a-1200x600-1-300x150.jpeg 300w, https:\/\/bxrepsol.s3.eu-west-1.amazonaws.com\/static\/2025\/10\/30095548\/enchufado-cargadores-en-dos-autos-electricos-en-la-estacion-de-carga-convertido-a-1200x600-1-1024x512.jpeg 1024w, https:\/\/bxrepsol.s3.eu-west-1.amazonaws.com\/static\/2025\/10\/30095548\/enchufado-cargadores-en-dos-autos-electricos-en-la-estacion-de-carga-convertido-a-1200x600-1-768x384.jpeg 768w\" sizes=\"auto, (max-width: 1200px) 100vw, 1200px\" \/><\/figure>\n\n\n<p>Lo importante de un <strong>coche el\u00e9ctrico<\/strong> no es su potencia, ni el tiempo de recarga, ni ning\u00fan detalle concreto de su <strong>avanzada tecnolog\u00eda<\/strong>, e incluso puede que su precio no sea determinante para algunos usuarios. Para los propietarios de un coche el\u00e9ctrico, o los que se plantean llegar a serlo, <strong>el dato clave es la autonom\u00eda: saber hasta d\u00f3nde me puede llevar el coche.<\/strong> <\/p>\n\n\n\n<p>Es evidente que los coches el\u00e9ctricos a\u00fan est\u00e1n lejos de las cifras de autonom\u00eda de los veh\u00edculos de combusti\u00f3n, y s\u00f3lo algunos h\u00edbridos pueden competir en largos recorridos con la llamada <strong>\u201cautomoci\u00f3n convencional<\/strong>\u201d. Por eso, el dato de la autonom\u00eda en los coches el\u00e9ctricos es crucial, porque apenas <strong>unos pocos kil\u00f3metros de diferencia entre uno u otro modelo, puede determinar la elecci\u00f3n del comprador.<\/strong><\/p>\n\n\n<div class=\"wp-block-image\">\n<figure class=\"aligncenter size-full\"><img loading=\"lazy\" decoding=\"async\" width=\"600\" height=\"400\" src=\"https:\/\/bxrepsol.s3.eu-west-1.amazonaws.com\/static\/2025\/10\/30095651\/carga-de-dos-coches-electricos-en-la-estacion-de-carga-de-la-ciudad-convertido-a-600x400-1.jpeg\" alt=\"\" class=\"wp-image-127708\" srcset=\"https:\/\/bxrepsol.s3.eu-west-1.amazonaws.com\/static\/2025\/10\/30095651\/carga-de-dos-coches-electricos-en-la-estacion-de-carga-de-la-ciudad-convertido-a-600x400-1.jpeg 600w, https:\/\/bxrepsol.s3.eu-west-1.amazonaws.com\/static\/2025\/10\/30095651\/carga-de-dos-coches-electricos-en-la-estacion-de-carga-de-la-ciudad-convertido-a-600x400-1-300x200.jpeg 300w\" sizes=\"auto, (max-width: 600px) 100vw, 600px\" \/><\/figure>\n<\/div>\n\n\n<p><\/p>\n\n\n\n<div id=\"ez-toc-container\" class=\"ez-toc-v2_0_82_2 counter-hierarchy ez-toc-counter ez-toc-grey ez-toc-container-direction\">\n<div class=\"ez-toc-title-container\">\n<p class=\"ez-toc-title\" style=\"cursor:inherit\">\u00cdndice<\/p>\n<span class=\"ez-toc-title-toggle\"><a href=\"#\" class=\"ez-toc-pull-right ez-toc-btn ez-toc-btn-xs ez-toc-btn-default ez-toc-toggle\" aria-label=\"Toggle Table of Content\"><span class=\"ez-toc-js-icon-con\"><span class=\"\"><span class=\"eztoc-hide\" style=\"display:none;\">Toggle<\/span><span class=\"ez-toc-icon-toggle-span\"><svg style=\"fill: #999;color:#999\" xmlns=\"http:\/\/www.w3.org\/2000\/svg\" class=\"list-377408\" width=\"20px\" height=\"20px\" viewBox=\"0 0 24 24\" fill=\"none\"><path d=\"M6 6H4v2h2V6zm14 0H8v2h12V6zM4 11h2v2H4v-2zm16 0H8v2h12v-2zM4 16h2v2H4v-2zm16 0H8v2h12v-2z\" fill=\"currentColor\"><\/path><\/svg><svg style=\"fill: #999;color:#999\" class=\"arrow-unsorted-368013\" xmlns=\"http:\/\/www.w3.org\/2000\/svg\" width=\"10px\" height=\"10px\" viewBox=\"0 0 24 24\" version=\"1.2\" baseProfile=\"tiny\"><path d=\"M18.2 9.3l-6.2-6.3-6.2 6.3c-.2.2-.3.4-.3.7s.1.5.3.7c.2.2.4.3.7.3h11c.3 0 .5-.1.7-.3.2-.2.3-.5.3-.7s-.1-.5-.3-.7zM5.8 14.7l6.2 6.3 6.2-6.3c.2-.2.3-.5.3-.7s-.1-.5-.3-.7c-.2-.2-.4-.3-.7-.3h-11c-.3 0-.5.1-.7.3-.2.2-.3.5-.3.7s.1.5.3.7z\"\/><\/svg><\/span><\/span><\/span><\/a><\/span><\/div>\n<nav><ul class='ez-toc-list ez-toc-list-level-1 ' ><li class='ez-toc-page-1 ez-toc-heading-level-2'><a class=\"ez-toc-link ez-toc-heading-1\" href=\"https:\/\/www.boxrepsol.com\/es\/tecnologia\/los-coches-electricos-con-mas-autonomia-en-2025\/#Importancia_de_la_autonomia_en_los_coches_electricos\" >Importancia de la autonom\u00eda en los coches el\u00e9ctricos<\/a><\/li><li class='ez-toc-page-1 ez-toc-heading-level-2'><a class=\"ez-toc-link ez-toc-heading-2\" href=\"https:\/\/www.boxrepsol.com\/es\/tecnologia\/los-coches-electricos-con-mas-autonomia-en-2025\/#%C2%BFComo_medimos_la_autonomia_de_un_coche\" >\u00bfC\u00f3mo medimos la autonom\u00eda de un coche?<\/a><\/li><li class='ez-toc-page-1 ez-toc-heading-level-2'><a class=\"ez-toc-link ez-toc-heading-3\" href=\"https:\/\/www.boxrepsol.com\/es\/tecnologia\/los-coches-electricos-con-mas-autonomia-en-2025\/#Los_10_coches_electricos_con_mas_autonomia_del_mercado_en_2026\" >Los 10 coches el\u00e9ctricos con m\u00e1s autonom\u00eda del mercado en 2026<\/a><ul class='ez-toc-list-level-3' ><li class='ez-toc-heading-level-3'><a class=\"ez-toc-link ez-toc-heading-4\" href=\"https:\/\/www.boxrepsol.com\/es\/tecnologia\/los-coches-electricos-con-mas-autonomia-en-2025\/#Audi_A6_Sportback_e-tron\" >Audi A6 Sportback e-tron<\/a><\/li><li class='ez-toc-page-1 ez-toc-heading-level-3'><a class=\"ez-toc-link ez-toc-heading-5\" href=\"https:\/\/www.boxrepsol.com\/es\/tecnologia\/los-coches-electricos-con-mas-autonomia-en-2025\/#Mercedes_EQS_450\" >Mercedes EQS 450+&nbsp;<\/a><\/li><li class='ez-toc-page-1 ez-toc-heading-level-3'><a class=\"ez-toc-link ez-toc-heading-6\" href=\"https:\/\/www.boxrepsol.com\/es\/tecnologia\/los-coches-electricos-con-mas-autonomia-en-2025\/#Volkswagen_ID7\" >Volkswagen ID.7<\/a><\/li><li class='ez-toc-page-1 ez-toc-heading-level-3'><a class=\"ez-toc-link ez-toc-heading-7\" href=\"https:\/\/www.boxrepsol.com\/es\/tecnologia\/los-coches-electricos-con-mas-autonomia-en-2025\/#Polestar_3\" >Polestar 3<\/a><\/li><li class='ez-toc-page-1 ez-toc-heading-level-3'><a class=\"ez-toc-link ez-toc-heading-8\" href=\"https:\/\/www.boxrepsol.com\/es\/tecnologia\/los-coches-electricos-con-mas-autonomia-en-2025\/#Porsche_Taycan\" >Porsche Taycan<\/a><\/li><li class='ez-toc-page-1 ez-toc-heading-level-3'><a class=\"ez-toc-link ez-toc-heading-9\" href=\"https:\/\/www.boxrepsol.com\/es\/tecnologia\/los-coches-electricos-con-mas-autonomia-en-2025\/#Tesla_Model_S\" >Tesla Model S<\/a><\/li><li class='ez-toc-page-1 ez-toc-heading-level-3'><a class=\"ez-toc-link ez-toc-heading-10\" href=\"https:\/\/www.boxrepsol.com\/es\/tecnologia\/los-coches-electricos-con-mas-autonomia-en-2025\/#Peugeot_e3008\" >Peugeot e3008<\/a><\/li><li class='ez-toc-page-1 ez-toc-heading-level-3'><a class=\"ez-toc-link ez-toc-heading-11\" href=\"https:\/\/www.boxrepsol.com\/es\/tecnologia\/los-coches-electricos-con-mas-autonomia-en-2025\/#BMW_i7XDrive60\" >BMW i7XDrive60<\/a><\/li><li class='ez-toc-page-1 ez-toc-heading-level-3'><a class=\"ez-toc-link ez-toc-heading-12\" href=\"https:\/\/www.boxrepsol.com\/es\/tecnologia\/los-coches-electricos-con-mas-autonomia-en-2025\/#Tesla_Model_3\" >Tesla Model 3<\/a><\/li><li class='ez-toc-page-1 ez-toc-heading-level-3'><a class=\"ez-toc-link ez-toc-heading-13\" href=\"https:\/\/www.boxrepsol.com\/es\/tecnologia\/los-coches-electricos-con-mas-autonomia-en-2025\/#Mercedes-Benz_EQE_350\" >Mercedes-Benz EQE 350+<\/a><\/li><\/ul><\/li><li class='ez-toc-page-1 ez-toc-heading-level-2'><a class=\"ez-toc-link ez-toc-heading-14\" href=\"https:\/\/www.boxrepsol.com\/es\/tecnologia\/los-coches-electricos-con-mas-autonomia-en-2025\/#Comparativa_entre_los_mejores_coches_electricos_por_autonomia\" >Comparativa entre los mejores coches el\u00e9ctricos por autonom\u00eda<\/a><\/li><\/ul><\/nav><\/div>\n<h2 class=\"wp-block-heading\"><span class=\"ez-toc-section\" id=\"Importancia_de_la_autonomia_en_los_coches_electricos\"><\/span><strong>Importancia de la autonom\u00eda en los coches el\u00e9ctricos<\/strong><span class=\"ez-toc-section-end\"><\/span><\/h2>\n\n\n\n<p>Autonom\u00eda se define como la <strong>distancia que es capaz de recorrer un veh\u00edculo sin necesidad de repostar,<\/strong> o en el caso de los el\u00e9ctricos<strong>, de <\/strong><a href=\"https:\/\/www.boxrepsol.com\/es\/tecnologia\/puntos-recarga-vehiculos-electricos\/\"><strong>recargar su bater\u00eda en los puntos de recarga<\/strong><\/a><strong> aptos para este tipo de veh\u00edculos<\/strong>. Es el dato clave.<\/p>\n\n\n\n<p>Las prestaciones y las capacidades de un motor el\u00e9ctrico tambi\u00e9n vienen determinadas por el tama\u00f1o de la bater\u00eda. Las de m\u00e1s capacidad ofrecen, l\u00f3gicamente, mayores prestaciones, pero tambi\u00e9n es cierto que esto supone mayor peso, lo que podr\u00eda lastrar el rendimiento final del autom\u00f3vil y su autonom\u00eda, porque cada fracci\u00f3n de potencia conseguida tiene una relaci\u00f3n directa con cada gramo de peso de la bater\u00eda.<\/p>\n\n\n\n<p>La autonom\u00eda viene marcada por varios factores. Por un lado, <strong>la capacidad de la bater\u00eda<\/strong>, porque a mayor capacidad, mayor potencia y mayor rango de uso, aunque, te\u00f3ricamente, <strong>tener una bater\u00eda de gran capacidad no asegura mayor autonom\u00eda<\/strong>. La clave reside en la eficiencia de consumo, la cantidad de energ\u00eda que se necesita para recorrer 100 km (kWh\/100 km), es la misma referencia que empleamos para ver el consumo en los veh\u00edculos de combusti\u00f3n, en este caso, litros cada 100 km.<\/p>\n\n\n<div class=\"wp-block-image\">\n<figure class=\"aligncenter size-full\"><img loading=\"lazy\" decoding=\"async\" width=\"600\" height=\"400\" src=\"https:\/\/bxrepsol.s3.eu-west-1.amazonaws.com\/static\/2025\/10\/30095855\/cerca-de-coche-electrico-en-francia-convertido-a-600x400-1.jpeg\" alt=\"\" class=\"wp-image-127710\" srcset=\"https:\/\/bxrepsol.s3.eu-west-1.amazonaws.com\/static\/2025\/10\/30095855\/cerca-de-coche-electrico-en-francia-convertido-a-600x400-1.jpeg 600w, https:\/\/bxrepsol.s3.eu-west-1.amazonaws.com\/static\/2025\/10\/30095855\/cerca-de-coche-electrico-en-francia-convertido-a-600x400-1-300x200.jpeg 300w\" sizes=\"auto, (max-width: 600px) 100vw, 600px\" \/><\/figure>\n<\/div>\n\n\n<p>Al contrastar los datos de eficiencia energ\u00e9tica, vemos que <strong>los coches dotados de las bater\u00edas de mayor capacidad<\/strong> -y por tanto los m\u00e1s potentes- <strong>no siempre son los m\u00e1s eficientes.<\/strong> Y ello se traduce en que <strong>el coche m\u00e1s potente no es necesariamente el que alcanza la mayor autonom\u00eda<\/strong>.<\/p>\n\n\n\n<p>Adem\u00e1s, no s\u00f3lo se trata de ser eficiente en la conducci\u00f3n para alcanzar la mejor autonom\u00eda. Las cifras te\u00f3ricas que ofrecen los fabricantes sobre <strong>eficiencia energ\u00e9tica se miden<\/strong> en unas determinadas condiciones, el denominado ciclo WLTP (<strong>World Harmonized Light-duty Vehicle Test Procedure&nbsp;o Procedimiento Mundial de Test Armonizado para Veh\u00edculos Ligeros<\/strong>), un procedimiento que deben cumplir todos los veh\u00edculos nuevos en la Uni\u00f3n Europea. Se trata de un <strong>protocolo <\/strong>internacional que pretende <strong>medir en las&nbsp;condiciones m\u00e1s representativas <\/strong><a href=\"https:\/\/www.boxrepsol.com\/es\/vive-tu-moto\/que-es-zbe\/\"><strong>consumo y emisiones<\/strong><\/a>.<\/p>\n\n\n\n<p>Afortunadamente, los veh\u00edculos el\u00e9ctricos no tienen que preocuparse de los protocolos de las ZBE (Zonas de Bajas Emisiones) y las cuestiones de la emisiones contaminantes, puesto que disfrutan de la etiqueta 0, la m\u00e1s favorable del etiquetado medioambiental, que les permite circular libremente por las ciudades, incluso en las citadas ZBE, donde existen severas restricciones al respecto.<\/p>\n\n\n\n<p>Por tanto, el consumo WLTP una <strong>referencia fiable<\/strong> a la hora de valorar la eficiencia energ\u00e9tica de un veh\u00edculo.<\/p>\n\n\n<div class=\"wp-block-image\">\n<figure class=\"aligncenter size-full\"><img loading=\"lazy\" decoding=\"async\" width=\"600\" height=\"400\" src=\"https:\/\/bxrepsol.s3.eu-west-1.amazonaws.com\/static\/2025\/10\/30100045\/cerca-de-coche-electrico-en-francia-1-convertido-a-600x400-1.jpeg\" alt=\"\" class=\"wp-image-127712\" srcset=\"https:\/\/bxrepsol.s3.eu-west-1.amazonaws.com\/static\/2025\/10\/30100045\/cerca-de-coche-electrico-en-francia-1-convertido-a-600x400-1.jpeg 600w, https:\/\/bxrepsol.s3.eu-west-1.amazonaws.com\/static\/2025\/10\/30100045\/cerca-de-coche-electrico-en-francia-1-convertido-a-600x400-1-300x200.jpeg 300w\" sizes=\"auto, (max-width: 600px) 100vw, 600px\" \/><\/figure>\n<\/div>\n\n\n<p>Y las mediciones <strong>WLTP se hacen en unas determinadas condiciones<\/strong>. Sin embargo, el uso del veh\u00edculo por parte de los usuarios <strong>no se realiza siempre en id\u00e9nticas condiciones<\/strong>, de ah\u00ed que <strong>la cifra real de eficiencia energ\u00e9tica sea variable,<\/strong> y se mueva en una horquilla que puede llegar a ser relativamente amplia. Por ejemplo, <strong>el rendimiento de una bater\u00eda no es igual en invierno<\/strong>, <strong>a bajas temperaturas, que en primavera con un clima m\u00e1s templado, donde la eficiencia energ\u00e9tica ser\u00e1 siempre mayor<\/strong>.<\/p>\n\n\n\n<p>Por eso, las cifras de autonom\u00eda anunciadas por los fabricantes son siempre te\u00f3ricas e irreales.&nbsp;<\/p>\n\n\n\n<h2 class=\"wp-block-heading\"><span class=\"ez-toc-section\" id=\"%C2%BFComo_medimos_la_autonomia_de_un_coche\"><\/span><strong>\u00bfC\u00f3mo medimos la autonom\u00eda de un coche?<\/strong><span class=\"ez-toc-section-end\"><\/span><\/h2>\n\n\n\n<p>Podemos calcular la autonom\u00eda de un coche en base a algunos datos, como la <strong>capacidad de su bater\u00eda, y su eficiencia energ\u00e9tica<\/strong>. Una sencilla operaci\u00f3n nos permitir\u00e1 conocer el dato te\u00f3rico de autonom\u00eda, que por lo general no corresponder\u00e1 nunca al dato real, a no ser que seas un riguroso conductor que maneje su autom\u00f3vil el\u00e9ctrico de manera precisa en todas las condiciones de tr\u00e1fico, algo que dif\u00edcilmente nadie consigue.<\/p>\n\n\n\n<p>Para calcular la autonom\u00eda <strong>dividimos la capacidad de la bater\u00eda<\/strong> (medida en kWh) <strong>por la eficiencia energ\u00e9tica o consumo<\/strong> (kWh\/100 km), <strong>y el cociente resultante lo multiplicamos por 100<\/strong>. Y <strong>esa cifra ser\u00e1 el dato de autonom\u00eda te\u00f3rica del coche<\/strong>. Por ejemplo, si nuestro coche tiene una bater\u00eda de 100 kWh y consume 20 kWh\/100 km, la operaci\u00f3n ser\u00e1 la siguiente: 100 \u00f7 20 x 100 = 500. Es decir, que tiene una autonom\u00eda de 500 kil\u00f3metros.<\/p>\n\n\n<div class=\"wp-block-image\">\n<figure class=\"aligncenter size-full\"><img loading=\"lazy\" decoding=\"async\" width=\"600\" height=\"400\" src=\"https:\/\/bxrepsol.s3.eu-west-1.amazonaws.com\/static\/2025\/10\/30100348\/persona-cuidando-coche-electrico-convertido-a-600x400-1.jpeg\" alt=\"\" class=\"wp-image-127714\" srcset=\"https:\/\/bxrepsol.s3.eu-west-1.amazonaws.com\/static\/2025\/10\/30100348\/persona-cuidando-coche-electrico-convertido-a-600x400-1.jpeg 600w, https:\/\/bxrepsol.s3.eu-west-1.amazonaws.com\/static\/2025\/10\/30100348\/persona-cuidando-coche-electrico-convertido-a-600x400-1-300x200.jpeg 300w\" sizes=\"auto, (max-width: 600px) 100vw, 600px\" \/><\/figure>\n<\/div>\n\n\n<p><\/p>\n\n\n\n<h2 class=\"wp-block-heading\"><span class=\"ez-toc-section\" id=\"Los_10_coches_electricos_con_mas_autonomia_del_mercado_en_2026\"><\/span><strong>Los 10 coches el\u00e9ctricos con m\u00e1s autonom\u00eda del mercado<\/strong> <strong>en 2026<\/strong><span class=\"ez-toc-section-end\"><\/span><\/h2>\n\n\n\n<p>Partiendo de este c\u00e1lculo, vamos a establecer un <strong>ranking<\/strong> de los diez <strong>coches el\u00e9ctricos con m\u00e1s autonom\u00eda<\/strong> que existen actualmente en el mercado.<\/p>\n\n\n\n<h3 class=\"wp-block-heading\"><span class=\"ez-toc-section\" id=\"Audi_A6_Sportback_e-tron\"><\/span><strong>Audi A6 Sportback e-tron<\/strong><span class=\"ez-toc-section-end\"><\/span><\/h3>\n\n\n\n<p>Con su bater\u00eda de <strong>94,9 kWh,<\/strong> el excelente desarrollo de su gesti\u00f3n electr\u00f3nica y una cuidada aerodin\u00e1mica le permiten una eficiencia energ\u00e9tica del 14,1 kWh\/100 km, alcanzando una <strong>autonom\u00eda te\u00f3rica de 673 km<\/strong>, lo que le acerca a la cifra WLPT de 752 km. Su precio arranca en <strong>67.980 euros.<\/strong><\/p>\n\n\n<div class=\"wp-block-image\">\n<figure class=\"aligncenter size-full\"><img loading=\"lazy\" decoding=\"async\" width=\"600\" height=\"400\" src=\"https:\/\/bxrepsol.s3.eu-west-1.amazonaws.com\/static\/2025\/10\/30100507\/coche-deportivo-de-lujo-plateado-en-el-puerto-convertido-a-600x400-1.jpeg\" alt=\"\" class=\"wp-image-127716\" srcset=\"https:\/\/bxrepsol.s3.eu-west-1.amazonaws.com\/static\/2025\/10\/30100507\/coche-deportivo-de-lujo-plateado-en-el-puerto-convertido-a-600x400-1.jpeg 600w, https:\/\/bxrepsol.s3.eu-west-1.amazonaws.com\/static\/2025\/10\/30100507\/coche-deportivo-de-lujo-plateado-en-el-puerto-convertido-a-600x400-1-300x200.jpeg 300w\" sizes=\"auto, (max-width: 600px) 100vw, 600px\" \/><\/figure>\n<\/div>\n\n\n<p><\/p>\n\n\n\n<h3 class=\"wp-block-heading\"><span class=\"ez-toc-section\" id=\"Mercedes_EQS_450\"><\/span><strong>Mercedes EQS 450+&nbsp;<\/strong><span class=\"ez-toc-section-end\"><\/span><\/h3>\n\n\n\n<p>Una berlina de lujo con una <strong>bater\u00eda de 107,8 kWh<\/strong> y una eficiencia del 16,5 kWh\/100 km, todo un dato habida cuenta de su imponente tama\u00f1o. Su <strong>autonom\u00eda te\u00f3rica es de 653 km<\/strong>, sin duda un buen dato, y su precio <strong>a partir de 115.000 euros.<\/strong><\/p>\n\n\n\n<h3 class=\"wp-block-heading\"><span class=\"ez-toc-section\" id=\"Volkswagen_ID7\"><\/span><strong>Volkswagen ID.7<\/strong><span class=\"ez-toc-section-end\"><\/span><\/h3>\n\n\n\n<p>Cuenta con <strong>una de las bater\u00edas con menor capacidad<\/strong> de esta relaci\u00f3n, <strong>apenas 86 kWh<\/strong>, pero gracias a su excelente eficiencia energ\u00e9tica (13,6 kWh\/100 km) le permite disfrutar de una <strong>notable autonom\u00eda te\u00f3rica<\/strong>. Su precio es importante, pero no disparatado<strong>: 57.980 euros.<\/strong><\/p>\n\n\n\n<h3 class=\"wp-block-heading\"><span class=\"ez-toc-section\" id=\"Polestar_3\"><\/span><strong>Polestar 3<\/strong><span class=\"ez-toc-section-end\"><\/span><\/h3>\n\n\n\n<p>Inconfundible con su dise\u00f1o minimalista, cuenta con la bater\u00eda de mayor capacidad de esta comparativa, <strong>con 111 kWh<\/strong>, lo que le permite alcanzar una eficiencia energ\u00e9tica moderada, 17,6 kWh\/100 km y una <strong>autonom\u00eda de 630 km.<\/strong> Por el contrario, su <strong>precio es bastante elevado: 81.900 euros<\/strong><\/p>\n\n\n<div class=\"wp-block-image\">\n<figure class=\"aligncenter size-full\"><img loading=\"lazy\" decoding=\"async\" width=\"600\" height=\"400\" src=\"https:\/\/bxrepsol.s3.eu-west-1.amazonaws.com\/static\/2025\/10\/30100921\/vista-frontal-coche-nuevo-negro-con-puertas-abiertas-convertido-a-600x400-1.jpeg\" alt=\"\" class=\"wp-image-127722\" srcset=\"https:\/\/bxrepsol.s3.eu-west-1.amazonaws.com\/static\/2025\/10\/30100921\/vista-frontal-coche-nuevo-negro-con-puertas-abiertas-convertido-a-600x400-1.jpeg 600w, https:\/\/bxrepsol.s3.eu-west-1.amazonaws.com\/static\/2025\/10\/30100921\/vista-frontal-coche-nuevo-negro-con-puertas-abiertas-convertido-a-600x400-1-300x200.jpeg 300w\" sizes=\"auto, (max-width: 600px) 100vw, 600px\" \/><\/figure>\n<\/div>\n\n\n<p><\/p>\n\n\n\n<h3 class=\"wp-block-heading\"><span class=\"ez-toc-section\" id=\"Porsche_Taycan\"><\/span><strong>Porsche Taycan<\/strong><span class=\"ez-toc-section-end\"><\/span><\/h3>\n\n\n\n<p>Este superdeportivo el\u00e9ctrico tiene prestaciones de ensue\u00f1o con su <strong>bater\u00eda de 105 kWh <\/strong>de capacidad, y si eres capaz de controlar sus impulsos se puede alcanzar una eficiencia energ\u00e9tica de 16,7 kWh\/100 km, para lograr una <strong>autonom\u00eda de 628 km<\/strong>. Su precio est\u00e1 acorde con estos datos: <strong>105.682 euros.<\/strong><\/p>\n\n\n<div class=\"wp-block-image\">\n<figure class=\"aligncenter size-full\"><img loading=\"lazy\" decoding=\"async\" width=\"600\" height=\"400\" src=\"https:\/\/bxrepsol.s3.eu-west-1.amazonaws.com\/static\/2025\/10\/30101021\/mini-coupe-de-estacionamiento-en-la-carretera-debajo-del-puente-convertido-a-600x400-1.jpeg\" alt=\"\" class=\"wp-image-127724\" srcset=\"https:\/\/bxrepsol.s3.eu-west-1.amazonaws.com\/static\/2025\/10\/30101021\/mini-coupe-de-estacionamiento-en-la-carretera-debajo-del-puente-convertido-a-600x400-1.jpeg 600w, https:\/\/bxrepsol.s3.eu-west-1.amazonaws.com\/static\/2025\/10\/30101021\/mini-coupe-de-estacionamiento-en-la-carretera-debajo-del-puente-convertido-a-600x400-1-300x200.jpeg 300w\" sizes=\"auto, (max-width: 600px) 100vw, 600px\" \/><\/figure>\n<\/div>\n\n\n<p><\/p>\n\n\n\n<h3 class=\"wp-block-heading\"><span class=\"ez-toc-section\" id=\"Tesla_Model_S\"><\/span><strong>Tesla Model S<\/strong><span class=\"ez-toc-section-end\"><\/span><\/h3>\n\n\n\n<p>Con una&nbsp;autonom\u00eda de 723 km WLTP, se distingue por su tracci\u00f3n total y enorme potencia, proporcionada por <strong>su bater\u00eda de 100 kWh<\/strong>, que con una eficiencia de 17,0 kWh\/100 km le permite llegar <strong>hasta los 588 km de autonom\u00eda<\/strong> te\u00f3rica. No es un coche muy accesible con su precio de <strong>109.990 euros.<\/strong><\/p>\n\n\n\n<h3 class=\"wp-block-heading\"><span class=\"ez-toc-section\" id=\"Peugeot_e3008\"><\/span><strong>Peugeot e3008<\/strong><span class=\"ez-toc-section-end\"><\/span><\/h3>\n\n\n\n<p>Este SUV compacto de 230 CV de potencia, con <strong>una bater\u00eda de 98 kWh de capacidad<\/strong>, disfruta de una autonom\u00eda WLTP de 701 km, y una eficiencia moderada le <strong>permite alcanzar 566 km de autonom\u00eda te\u00f3rica<\/strong>. Pero sin duda su fuerte reside en la relaci\u00f3n autonom\u00eda\/precio, ya que su PVP parte de <strong>48.160 euros.<\/strong><\/p>\n\n\n\n<h3 class=\"wp-block-heading\"><span class=\"ez-toc-section\" id=\"BMW_i7XDrive60\"><\/span><strong>BMW i7XDrive60<\/strong><span class=\"ez-toc-section-end\"><\/span><\/h3>\n\n\n\n<p>Es todo un lujo de coche que ofrece exquisitez y tecnolog\u00eda, qu\u00e9 menos teniendo en cuenta que su <strong>precio base es de 139.000 euros.<\/strong> <strong>Su bater\u00eda de 101,7 kWh<\/strong> de capacidad y una eficiencia energ\u00e9tica moderada de 18,2 kWh\/100 km le permite alcanzar <strong>los 558 km de autonom\u00eda te\u00f3rica.<\/strong><\/p>\n\n\n\n<h3 class=\"wp-block-heading\"><span class=\"ez-toc-section\" id=\"Tesla_Model_3\"><\/span><strong>Tesla Model 3<\/strong><span class=\"ez-toc-section-end\"><\/span><\/h3>\n\n\n\n<p>La versi\u00f3n m\u00e1s econ\u00f3mica de Tesla destaca por su notable <strong>eficiencia energ\u00e9tica de 15,5 kWh\/100 km<\/strong>, y teniendo en cuenta que la <strong>bater\u00eda es de s\u00f3lo 82 kWh de capacidad<\/strong> \u2013la menor de esta comparativa- alcanza una autonom\u00eda te\u00f3rica de 529 km. Esto, unido a su precio razonable de <strong>40.970 euros<\/strong>, lo convierten en una atractiva opci\u00f3n.<\/p>\n\n\n<div class=\"wp-block-image\">\n<figure class=\"aligncenter size-full\"><img loading=\"lazy\" decoding=\"async\" width=\"600\" height=\"400\" src=\"https:\/\/bxrepsol.s3.eu-west-1.amazonaws.com\/static\/2025\/10\/30101905\/valet-de-tiro-completo-de-pie-junto-al-coche-convertido-a-600x400-1.jpeg\" alt=\"\" class=\"wp-image-127728\" srcset=\"https:\/\/bxrepsol.s3.eu-west-1.amazonaws.com\/static\/2025\/10\/30101905\/valet-de-tiro-completo-de-pie-junto-al-coche-convertido-a-600x400-1.jpeg 600w, https:\/\/bxrepsol.s3.eu-west-1.amazonaws.com\/static\/2025\/10\/30101905\/valet-de-tiro-completo-de-pie-junto-al-coche-convertido-a-600x400-1-300x200.jpeg 300w\" sizes=\"auto, (max-width: 600px) 100vw, 600px\" \/><\/figure>\n<\/div>\n\n\n<p><\/p>\n\n\n\n<h3 class=\"wp-block-heading\"><span class=\"ez-toc-section\" id=\"Mercedes-Benz_EQE_350\"><\/span><strong>Mercedes-Benz EQE 350+<\/strong><span class=\"ez-toc-section-end\"><\/span><\/h3>\n\n\n\n<p>Esta opci\u00f3n <strong>m\u00e1s compacta y accesible<\/strong> que el EQS tiene todo su atractivo, con su <strong>89 kWh<\/strong> capaz de alcanzar los 292 CV de potencia, anuncia <strong>626 km WLTP<\/strong>, que con una eficiencia energ\u00e9tica de 16,8 kWh\/100 km se traduce en una <strong>autonom\u00eda te\u00f3rica de 529 km<\/strong>. Su precio, aunque m\u00e1s contenido que el del EQS, sigue siendo elevado: <strong>desde 72.815 euros<\/strong>.<\/p>\n\n\n\n<h2 class=\"wp-block-heading\"><span class=\"ez-toc-section\" id=\"Comparativa_entre_los_mejores_coches_electricos_por_autonomia\"><\/span><strong>Comparativa entre los mejores coches el\u00e9ctricos por autonom\u00eda<\/strong><span class=\"ez-toc-section-end\"><\/span><\/h2>\n\n\n\n<p><\/p>\n\n\n\n<figure class=\"wp-block-table\"><table class=\"has-fixed-layout\"><tbody><tr><td><strong>Modelo<\/strong><\/td><td><strong>Autonom\u00eda WLTP<\/strong><\/td><td><strong>Capacidad bater\u00eda<\/strong><\/td><td><strong>Eficiencia energ\u00e9tica<\/strong><\/td><td><strong>Autonom\u00eda te\u00f3rica<\/strong><\/td><\/tr><tr><td>Audi A6 Sportback e-tron<\/td><td>752 km<\/td><td>94,9 kWh<\/td><td>14,1 kWh\/100 km<\/td><td>673 km<\/td><\/tr><tr><td>Mercedes-Benz EQS 450+<\/td><td>783 km<\/td><td>107,8 kWh<\/td><td>16,5 kWh\/100 km<\/td><td>653 km<\/td><\/tr><tr><td>Volkswagen ID.7<\/td><td>707 km<\/td><td>86 kWh<\/td><td>13,6 kWh\/ 100 km<\/td><td>632 km<\/td><\/tr><tr><td>Polestar 3<\/td><td>706 km<\/td><td>111 kWh<\/td><td>17,6 kWh\/100 km<\/td><td>630 km<\/td><\/tr><tr><td>Porsche Taycan<\/td><td>678 km<\/td><td>105 kWh<\/td><td>16,7 kWh\/100 km<\/td><td>628 km<\/td><\/tr><tr><td>Tesla Model S<\/td><td>723 km<\/td><td>100 kWh<\/td><td>17,0 kWh\/100 km<\/td><td>588 km<\/td><\/tr><tr><td>Peugeot e3008<\/td><td>701 km<\/td><td>98 kWh<\/td><td>17,3 kWh\/100 km<\/td><td>566 km<\/td><\/tr><tr><td>BMW i7XDrive60<\/td><td>625 km<\/td><td>101,7 kWh<\/td><td>18,2 kWh\/100 km<\/td><td>558 km<\/td><\/tr><tr><td>Tesla Model 3<\/td><td>602 km<\/td><td>82 kWh<\/td><td>15,5 kWh\/100 km<\/td><td>529 km<\/td><\/tr><tr><td>Mercedes-Benz EQE 350+<\/td><td>626 km<\/td><td>89 kWh<\/td><td>16,8 kWh\/100 km<\/td><td>529 km<\/td><\/tr><\/tbody><\/table><\/figure>\n","protected":false},"excerpt":{"rendered":"<p>El dato clave en la compra de un autom\u00f3vil el\u00e9ctrico es la autonom\u00eda. \u00bfCu\u00e1ntos kil\u00f3metros podr\u00e9 recorrer con este coche?, se preguntan los compradores. Con el continuo desarrollo de la automoci\u00f3n el\u00e9ctrica, las cifras de autonom\u00eda crecen continuamente.<\/p>\n","protected":false},"author":41268,"featured_media":127706,"comment_status":"open","ping_status":"closed","sticky":false,"template":"","format":"standard","meta":{"footnotes":""},"categories":[3],"tags":[587],"class_list":["post-127705","post","type-post","status-publish","format-standard","hentry","category-tecnologia","tag-innovacion-y-tecnologia"],"yoast_head":"<!-- This site is optimized with the Yoast SEO plugin v27.3 - https:\/\/yoast.com\/product\/yoast-seo-wordpress\/ -->\n<title>Los coches el\u00e9ctricos con m\u00e1s autonom\u00eda en 2026 - Box Repsol<\/title>\n<meta name=\"description\" content=\"Descubre los coches el\u00e9ctricos que ofrecen mayor autonom\u00eda en 2026 y conoce sus precios, tecnolog\u00eda y datos clave para elegir el mejor para ti.\" \/>\n<link rel=\"canonical\" href=\"https:\/\/www.boxrepsol.com\/es\/tecnologia\/los-coches-electricos-con-mas-autonomia-en-2025\/\" \/>\n<meta property=\"og:locale\" content=\"es_ES\" \/>\n<meta property=\"og:type\" content=\"article\" \/>\n<meta property=\"og:title\" content=\"Los coches el\u00e9ctricos con m\u00e1s autonom\u00eda en 2026 - Box Repsol\" \/>\n<meta property=\"og:description\" content=\"Descubre los coches el\u00e9ctricos que ofrecen mayor autonom\u00eda en 2026 y conoce sus precios, tecnolog\u00eda y datos clave para elegir el mejor para ti.\" \/>\n<meta property=\"og:url\" content=\"https:\/\/www.boxrepsol.com\/es\/tecnologia\/los-coches-electricos-con-mas-autonomia-en-2025\/\" \/>\n<meta property=\"og:site_name\" content=\"Box Repsol\" \/>\n<meta property=\"article:publisher\" content=\"https:\/\/www.facebook.com\/BoxRepsol\" \/>\n<meta property=\"article:published_time\" content=\"2025-10-30T12:19:45+00:00\" \/>\n<meta property=\"article:modified_time\" content=\"2026-02-27T09:28:53+00:00\" \/>\n<meta property=\"og:image\" content=\"https:\/\/bxrepsol.s3.eu-west-1.amazonaws.com\/static\/2025\/10\/30095548\/enchufado-cargadores-en-dos-autos-electricos-en-la-estacion-de-carga-convertido-a-1200x600-1.jpeg\" \/>\n\t<meta property=\"og:image:width\" content=\"1200\" \/>\n\t<meta property=\"og:image:height\" content=\"600\" \/>\n\t<meta property=\"og:image:type\" content=\"image\/jpeg\" \/>\n<meta name=\"author\" content=\"Juan Pedro de la Torre\" \/>\n<meta name=\"twitter:card\" content=\"summary_large_image\" \/>\n<meta name=\"twitter:creator\" content=\"@https:\/\/twitter.com\/JPdelaTorre1965\" \/>\n<meta name=\"twitter:site\" content=\"@box_repsol\" \/>\n<meta name=\"twitter:label1\" content=\"Written by\" \/>\n\t<meta name=\"twitter:data1\" content=\"Juan Pedro de la Torre\" \/>\n\t<meta name=\"twitter:label2\" content=\"Est. reading time\" \/>\n\t<meta name=\"twitter:data2\" content=\"8 minutos\" \/>\n<script type=\"application\/ld+json\" class=\"yoast-schema-graph\">{\"@context\":\"https:\\\/\\\/schema.org\",\"@graph\":[{\"@type\":\"Article\",\"@id\":\"https:\\\/\\\/www.boxrepsol.com\\\/es\\\/tecnologia\\\/los-coches-electricos-con-mas-autonomia-en-2025\\\/#article\",\"isPartOf\":{\"@id\":\"https:\\\/\\\/www.boxrepsol.com\\\/es\\\/tecnologia\\\/los-coches-electricos-con-mas-autonomia-en-2025\\\/\"},\"author\":{\"name\":\"Juan Pedro de la Torre\",\"@id\":\"https:\\\/\\\/www.boxrepsol.com\\\/es\\\/#\\\/schema\\\/person\\\/26abce1d675df22d63ac9e9d5f23e4aa\"},\"headline\":\"Los coches el\u00e9ctricos con m\u00e1s autonom\u00eda en 2026\",\"datePublished\":\"2025-10-30T12:19:45+00:00\",\"dateModified\":\"2026-02-27T09:28:53+00:00\",\"mainEntityOfPage\":{\"@id\":\"https:\\\/\\\/www.boxrepsol.com\\\/es\\\/tecnologia\\\/los-coches-electricos-con-mas-autonomia-en-2025\\\/\"},\"wordCount\":1561,\"commentCount\":0,\"publisher\":{\"@id\":\"https:\\\/\\\/www.boxrepsol.com\\\/es\\\/#organization\"},\"image\":{\"@id\":\"https:\\\/\\\/www.boxrepsol.com\\\/es\\\/tecnologia\\\/los-coches-electricos-con-mas-autonomia-en-2025\\\/#primaryimage\"},\"thumbnailUrl\":\"https:\\\/\\\/bxrepsol.s3.eu-west-1.amazonaws.com\\\/static\\\/2025\\\/10\\\/30095548\\\/enchufado-cargadores-en-dos-autos-electricos-en-la-estacion-de-carga-convertido-a-1200x600-1.jpeg\",\"keywords\":[\"innovaci\u00f3n y tecnolog\u00eda\"],\"articleSection\":[\"Tecnologia\"],\"inLanguage\":\"es\",\"potentialAction\":[{\"@type\":\"CommentAction\",\"name\":\"Comment\",\"target\":[\"https:\\\/\\\/www.boxrepsol.com\\\/es\\\/tecnologia\\\/los-coches-electricos-con-mas-autonomia-en-2025\\\/#respond\"]}]},{\"@type\":\"WebPage\",\"@id\":\"https:\\\/\\\/www.boxrepsol.com\\\/es\\\/tecnologia\\\/los-coches-electricos-con-mas-autonomia-en-2025\\\/\",\"url\":\"https:\\\/\\\/www.boxrepsol.com\\\/es\\\/tecnologia\\\/los-coches-electricos-con-mas-autonomia-en-2025\\\/\",\"name\":\"Los coches el\u00e9ctricos con m\u00e1s autonom\u00eda en 2026 - Box Repsol\",\"isPartOf\":{\"@id\":\"https:\\\/\\\/www.boxrepsol.com\\\/es\\\/#website\"},\"primaryImageOfPage\":{\"@id\":\"https:\\\/\\\/www.boxrepsol.com\\\/es\\\/tecnologia\\\/los-coches-electricos-con-mas-autonomia-en-2025\\\/#primaryimage\"},\"image\":{\"@id\":\"https:\\\/\\\/www.boxrepsol.com\\\/es\\\/tecnologia\\\/los-coches-electricos-con-mas-autonomia-en-2025\\\/#primaryimage\"},\"thumbnailUrl\":\"https:\\\/\\\/bxrepsol.s3.eu-west-1.amazonaws.com\\\/static\\\/2025\\\/10\\\/30095548\\\/enchufado-cargadores-en-dos-autos-electricos-en-la-estacion-de-carga-convertido-a-1200x600-1.jpeg\",\"datePublished\":\"2025-10-30T12:19:45+00:00\",\"dateModified\":\"2026-02-27T09:28:53+00:00\",\"description\":\"Descubre los coches el\u00e9ctricos que ofrecen mayor autonom\u00eda en 2026 y conoce sus precios, tecnolog\u00eda y datos clave para elegir el mejor para ti.\",\"breadcrumb\":{\"@id\":\"https:\\\/\\\/www.boxrepsol.com\\\/es\\\/tecnologia\\\/los-coches-electricos-con-mas-autonomia-en-2025\\\/#breadcrumb\"},\"inLanguage\":\"es\",\"potentialAction\":[{\"@type\":\"ReadAction\",\"target\":[\"https:\\\/\\\/www.boxrepsol.com\\\/es\\\/tecnologia\\\/los-coches-electricos-con-mas-autonomia-en-2025\\\/\"]}]},{\"@type\":\"ImageObject\",\"inLanguage\":\"es\",\"@id\":\"https:\\\/\\\/www.boxrepsol.com\\\/es\\\/tecnologia\\\/los-coches-electricos-con-mas-autonomia-en-2025\\\/#primaryimage\",\"url\":\"https:\\\/\\\/bxrepsol.s3.eu-west-1.amazonaws.com\\\/static\\\/2025\\\/10\\\/30095548\\\/enchufado-cargadores-en-dos-autos-electricos-en-la-estacion-de-carga-convertido-a-1200x600-1.jpeg\",\"contentUrl\":\"https:\\\/\\\/bxrepsol.s3.eu-west-1.amazonaws.com\\\/static\\\/2025\\\/10\\\/30095548\\\/enchufado-cargadores-en-dos-autos-electricos-en-la-estacion-de-carga-convertido-a-1200x600-1.jpeg\",\"width\":1200,\"height\":600},{\"@type\":\"BreadcrumbList\",\"@id\":\"https:\\\/\\\/www.boxrepsol.com\\\/es\\\/tecnologia\\\/los-coches-electricos-con-mas-autonomia-en-2025\\\/#breadcrumb\",\"itemListElement\":[{\"@type\":\"ListItem\",\"position\":1,\"name\":\"Home\",\"item\":\"https:\\\/\\\/www.boxrepsol.com\\\/es\\\/\"},{\"@type\":\"ListItem\",\"position\":2,\"name\":\"Los coches el\u00e9ctricos con m\u00e1s autonom\u00eda en 2026\"}]},{\"@type\":\"WebSite\",\"@id\":\"https:\\\/\\\/www.boxrepsol.com\\\/es\\\/#website\",\"url\":\"https:\\\/\\\/www.boxrepsol.com\\\/es\\\/\",\"name\":\"Box Repsol\",\"description\":\"Box Repsol Site\",\"publisher\":{\"@id\":\"https:\\\/\\\/www.boxrepsol.com\\\/es\\\/#organization\"},\"potentialAction\":[{\"@type\":\"SearchAction\",\"target\":{\"@type\":\"EntryPoint\",\"urlTemplate\":\"https:\\\/\\\/www.boxrepsol.com\\\/es\\\/?s={search_term_string}\"},\"query-input\":{\"@type\":\"PropertyValueSpecification\",\"valueRequired\":true,\"valueName\":\"search_term_string\"}}],\"inLanguage\":\"es\"},{\"@type\":\"Organization\",\"@id\":\"https:\\\/\\\/www.boxrepsol.com\\\/es\\\/#organization\",\"name\":\"Box Repsol\",\"url\":\"https:\\\/\\\/www.boxrepsol.com\\\/es\\\/\",\"logo\":{\"@type\":\"ImageObject\",\"inLanguage\":\"es\",\"@id\":\"https:\\\/\\\/www.boxrepsol.com\\\/es\\\/#\\\/schema\\\/logo\\\/image\\\/\",\"url\":\"https:\\\/\\\/bxrepsol.s3.eu-west-1.amazonaws.com\\\/static\\\/2025\\\/07\\\/30083337\\\/favicon-96x96-1.png\",\"contentUrl\":\"https:\\\/\\\/bxrepsol.s3.eu-west-1.amazonaws.com\\\/static\\\/2025\\\/07\\\/30083337\\\/favicon-96x96-1.png\",\"width\":96,\"height\":96,\"caption\":\"Box Repsol\"},\"image\":{\"@id\":\"https:\\\/\\\/www.boxrepsol.com\\\/es\\\/#\\\/schema\\\/logo\\\/image\\\/\"},\"sameAs\":[\"https:\\\/\\\/www.facebook.com\\\/BoxRepsol\",\"https:\\\/\\\/x.com\\\/box_repsol\",\"http:\\\/\\\/instagram.com\\\/box_repsol\",\"https:\\\/\\\/www.youtube.com\\\/user\\\/RepsolCompeticion\",\"https:\\\/\\\/www.flickr.com\\\/photos\\\/box_repsol\\\/\"]},{\"@type\":\"Person\",\"@id\":\"https:\\\/\\\/www.boxrepsol.com\\\/es\\\/#\\\/schema\\\/person\\\/26abce1d675df22d63ac9e9d5f23e4aa\",\"name\":\"Juan Pedro de la Torre\",\"image\":{\"@type\":\"ImageObject\",\"inLanguage\":\"es\",\"@id\":\"https:\\\/\\\/secure.gravatar.com\\\/avatar\\\/e81f780ee2930d7be330cb34304decf0e9bc66bec0158805a0fe2726f4517224?s=96&d=mm&r=g\",\"url\":\"https:\\\/\\\/secure.gravatar.com\\\/avatar\\\/e81f780ee2930d7be330cb34304decf0e9bc66bec0158805a0fe2726f4517224?s=96&d=mm&r=g\",\"contentUrl\":\"https:\\\/\\\/secure.gravatar.com\\\/avatar\\\/e81f780ee2930d7be330cb34304decf0e9bc66bec0158805a0fe2726f4517224?s=96&d=mm&r=g\",\"caption\":\"Juan Pedro de la Torre\"},\"description\":\"Se inici\u00f3 en el diario Marca en 1988 y posteriormente pas\u00f3 a la revista Motociclismo, donde llegar\u00eda a ser director de deporte. Despu\u00e9s fue editor y director de Motoworld.es y Sport Bikes y colabor\u00f3 con varios medios. Adem\u00e1s, ha publicado una docena de libros y actualmente trabaja como colaborador para Motociclismo, El Confidencial y Box Repsol.\",\"sameAs\":[\"https:\\\/\\\/x.com\\\/https:\\\/\\\/twitter.com\\\/JPdelaTorre1965\",\"https:\\\/\\\/youtube.com\\\/@juanpedrodelatorremotoworld\"],\"url\":\"https:\\\/\\\/www.boxrepsol.com\\\/es\\\/author\\\/juanpedro_delatorre\\\/\"}]}<\/script>\n<!-- \/ Yoast SEO plugin. -->","yoast_head_json":{"title":"Los coches el\u00e9ctricos con m\u00e1s autonom\u00eda en 2026 - Box Repsol","description":"Descubre los coches el\u00e9ctricos que ofrecen mayor autonom\u00eda en 2026 y conoce sus precios, tecnolog\u00eda y datos clave para elegir el mejor para ti.","canonical":"https:\/\/www.boxrepsol.com\/es\/tecnologia\/los-coches-electricos-con-mas-autonomia-en-2025\/","og_locale":"es_ES","og_type":"article","og_title":"Los coches el\u00e9ctricos con m\u00e1s autonom\u00eda en 2026 - Box Repsol","og_description":"Descubre los coches el\u00e9ctricos que ofrecen mayor autonom\u00eda en 2026 y conoce sus precios, tecnolog\u00eda y datos clave para elegir el mejor para ti.","og_url":"https:\/\/www.boxrepsol.com\/es\/tecnologia\/los-coches-electricos-con-mas-autonomia-en-2025\/","og_site_name":"Box Repsol","article_publisher":"https:\/\/www.facebook.com\/BoxRepsol","article_published_time":"2025-10-30T12:19:45+00:00","article_modified_time":"2026-02-27T09:28:53+00:00","og_image":[{"width":1200,"height":600,"url":"https:\/\/bxrepsol.s3.eu-west-1.amazonaws.com\/static\/2025\/10\/30095548\/enchufado-cargadores-en-dos-autos-electricos-en-la-estacion-de-carga-convertido-a-1200x600-1.jpeg","type":"image\/jpeg"}],"author":"Juan Pedro de la Torre","twitter_card":"summary_large_image","twitter_creator":"@https:\/\/twitter.com\/JPdelaTorre1965","twitter_site":"@box_repsol","twitter_misc":{"Written by":"Juan Pedro de la Torre","Est. reading time":"8 minutos"},"schema":{"@context":"https:\/\/schema.org","@graph":[{"@type":"Article","@id":"https:\/\/www.boxrepsol.com\/es\/tecnologia\/los-coches-electricos-con-mas-autonomia-en-2025\/#article","isPartOf":{"@id":"https:\/\/www.boxrepsol.com\/es\/tecnologia\/los-coches-electricos-con-mas-autonomia-en-2025\/"},"author":{"name":"Juan Pedro de la Torre","@id":"https:\/\/www.boxrepsol.com\/es\/#\/schema\/person\/26abce1d675df22d63ac9e9d5f23e4aa"},"headline":"Los coches el\u00e9ctricos con m\u00e1s autonom\u00eda en 2026","datePublished":"2025-10-30T12:19:45+00:00","dateModified":"2026-02-27T09:28:53+00:00","mainEntityOfPage":{"@id":"https:\/\/www.boxrepsol.com\/es\/tecnologia\/los-coches-electricos-con-mas-autonomia-en-2025\/"},"wordCount":1561,"commentCount":0,"publisher":{"@id":"https:\/\/www.boxrepsol.com\/es\/#organization"},"image":{"@id":"https:\/\/www.boxrepsol.com\/es\/tecnologia\/los-coches-electricos-con-mas-autonomia-en-2025\/#primaryimage"},"thumbnailUrl":"https:\/\/bxrepsol.s3.eu-west-1.amazonaws.com\/static\/2025\/10\/30095548\/enchufado-cargadores-en-dos-autos-electricos-en-la-estacion-de-carga-convertido-a-1200x600-1.jpeg","keywords":["innovaci\u00f3n y tecnolog\u00eda"],"articleSection":["Tecnologia"],"inLanguage":"es","potentialAction":[{"@type":"CommentAction","name":"Comment","target":["https:\/\/www.boxrepsol.com\/es\/tecnologia\/los-coches-electricos-con-mas-autonomia-en-2025\/#respond"]}]},{"@type":"WebPage","@id":"https:\/\/www.boxrepsol.com\/es\/tecnologia\/los-coches-electricos-con-mas-autonomia-en-2025\/","url":"https:\/\/www.boxrepsol.com\/es\/tecnologia\/los-coches-electricos-con-mas-autonomia-en-2025\/","name":"Los coches el\u00e9ctricos con m\u00e1s autonom\u00eda en 2026 - Box Repsol","isPartOf":{"@id":"https:\/\/www.boxrepsol.com\/es\/#website"},"primaryImageOfPage":{"@id":"https:\/\/www.boxrepsol.com\/es\/tecnologia\/los-coches-electricos-con-mas-autonomia-en-2025\/#primaryimage"},"image":{"@id":"https:\/\/www.boxrepsol.com\/es\/tecnologia\/los-coches-electricos-con-mas-autonomia-en-2025\/#primaryimage"},"thumbnailUrl":"https:\/\/bxrepsol.s3.eu-west-1.amazonaws.com\/static\/2025\/10\/30095548\/enchufado-cargadores-en-dos-autos-electricos-en-la-estacion-de-carga-convertido-a-1200x600-1.jpeg","datePublished":"2025-10-30T12:19:45+00:00","dateModified":"2026-02-27T09:28:53+00:00","description":"Descubre los coches el\u00e9ctricos que ofrecen mayor autonom\u00eda en 2026 y conoce sus precios, tecnolog\u00eda y datos clave para elegir el mejor para ti.","breadcrumb":{"@id":"https:\/\/www.boxrepsol.com\/es\/tecnologia\/los-coches-electricos-con-mas-autonomia-en-2025\/#breadcrumb"},"inLanguage":"es","potentialAction":[{"@type":"ReadAction","target":["https:\/\/www.boxrepsol.com\/es\/tecnologia\/los-coches-electricos-con-mas-autonomia-en-2025\/"]}]},{"@type":"ImageObject","inLanguage":"es","@id":"https:\/\/www.boxrepsol.com\/es\/tecnologia\/los-coches-electricos-con-mas-autonomia-en-2025\/#primaryimage","url":"https:\/\/bxrepsol.s3.eu-west-1.amazonaws.com\/static\/2025\/10\/30095548\/enchufado-cargadores-en-dos-autos-electricos-en-la-estacion-de-carga-convertido-a-1200x600-1.jpeg","contentUrl":"https:\/\/bxrepsol.s3.eu-west-1.amazonaws.com\/static\/2025\/10\/30095548\/enchufado-cargadores-en-dos-autos-electricos-en-la-estacion-de-carga-convertido-a-1200x600-1.jpeg","width":1200,"height":600},{"@type":"BreadcrumbList","@id":"https:\/\/www.boxrepsol.com\/es\/tecnologia\/los-coches-electricos-con-mas-autonomia-en-2025\/#breadcrumb","itemListElement":[{"@type":"ListItem","position":1,"name":"Home","item":"https:\/\/www.boxrepsol.com\/es\/"},{"@type":"ListItem","position":2,"name":"Los coches el\u00e9ctricos con m\u00e1s autonom\u00eda en 2026"}]},{"@type":"WebSite","@id":"https:\/\/www.boxrepsol.com\/es\/#website","url":"https:\/\/www.boxrepsol.com\/es\/","name":"Box Repsol","description":"Box Repsol Site","publisher":{"@id":"https:\/\/www.boxrepsol.com\/es\/#organization"},"potentialAction":[{"@type":"SearchAction","target":{"@type":"EntryPoint","urlTemplate":"https:\/\/www.boxrepsol.com\/es\/?s={search_term_string}"},"query-input":{"@type":"PropertyValueSpecification","valueRequired":true,"valueName":"search_term_string"}}],"inLanguage":"es"},{"@type":"Organization","@id":"https:\/\/www.boxrepsol.com\/es\/#organization","name":"Box Repsol","url":"https:\/\/www.boxrepsol.com\/es\/","logo":{"@type":"ImageObject","inLanguage":"es","@id":"https:\/\/www.boxrepsol.com\/es\/#\/schema\/logo\/image\/","url":"https:\/\/bxrepsol.s3.eu-west-1.amazonaws.com\/static\/2025\/07\/30083337\/favicon-96x96-1.png","contentUrl":"https:\/\/bxrepsol.s3.eu-west-1.amazonaws.com\/static\/2025\/07\/30083337\/favicon-96x96-1.png","width":96,"height":96,"caption":"Box Repsol"},"image":{"@id":"https:\/\/www.boxrepsol.com\/es\/#\/schema\/logo\/image\/"},"sameAs":["https:\/\/www.facebook.com\/BoxRepsol","https:\/\/x.com\/box_repsol","http:\/\/instagram.com\/box_repsol","https:\/\/www.youtube.com\/user\/RepsolCompeticion","https:\/\/www.flickr.com\/photos\/box_repsol\/"]},{"@type":"Person","@id":"https:\/\/www.boxrepsol.com\/es\/#\/schema\/person\/26abce1d675df22d63ac9e9d5f23e4aa","name":"Juan Pedro de la Torre","image":{"@type":"ImageObject","inLanguage":"es","@id":"https:\/\/secure.gravatar.com\/avatar\/e81f780ee2930d7be330cb34304decf0e9bc66bec0158805a0fe2726f4517224?s=96&d=mm&r=g","url":"https:\/\/secure.gravatar.com\/avatar\/e81f780ee2930d7be330cb34304decf0e9bc66bec0158805a0fe2726f4517224?s=96&d=mm&r=g","contentUrl":"https:\/\/secure.gravatar.com\/avatar\/e81f780ee2930d7be330cb34304decf0e9bc66bec0158805a0fe2726f4517224?s=96&d=mm&r=g","caption":"Juan Pedro de la Torre"},"description":"Se inici\u00f3 en el diario Marca en 1988 y posteriormente pas\u00f3 a la revista Motociclismo, donde llegar\u00eda a ser director de deporte. Despu\u00e9s fue editor y director de Motoworld.es y Sport Bikes y colabor\u00f3 con varios medios. Adem\u00e1s, ha publicado una docena de libros y actualmente trabaja como colaborador para Motociclismo, El Confidencial y Box Repsol.","sameAs":["https:\/\/x.com\/https:\/\/twitter.com\/JPdelaTorre1965","https:\/\/youtube.com\/@juanpedrodelatorremotoworld"],"url":"https:\/\/www.boxrepsol.com\/es\/author\/juanpedro_delatorre\/"}]}},"_links":{"self":[{"href":"https:\/\/www.boxrepsol.com\/es\/wp-json\/wp\/v2\/posts\/127705","targetHints":{"allow":["GET"]}}],"collection":[{"href":"https:\/\/www.boxrepsol.com\/es\/wp-json\/wp\/v2\/posts"}],"about":[{"href":"https:\/\/www.boxrepsol.com\/es\/wp-json\/wp\/v2\/types\/post"}],"author":[{"embeddable":true,"href":"https:\/\/www.boxrepsol.com\/es\/wp-json\/wp\/v2\/users\/41268"}],"replies":[{"embeddable":true,"href":"https:\/\/www.boxrepsol.com\/es\/wp-json\/wp\/v2\/comments?post=127705"}],"version-history":[{"count":4,"href":"https:\/\/www.boxrepsol.com\/es\/wp-json\/wp\/v2\/posts\/127705\/revisions"}],"predecessor-version":[{"id":129689,"href":"https:\/\/www.boxrepsol.com\/es\/wp-json\/wp\/v2\/posts\/127705\/revisions\/129689"}],"wp:featuredmedia":[{"embeddable":true,"href":"https:\/\/www.boxrepsol.com\/es\/wp-json\/wp\/v2\/media\/127706"}],"wp:attachment":[{"href":"https:\/\/www.boxrepsol.com\/es\/wp-json\/wp\/v2\/media?parent=127705"}],"wp:term":[{"taxonomy":"category","embeddable":true,"href":"https:\/\/www.boxrepsol.com\/es\/wp-json\/wp\/v2\/categories?post=127705"},{"taxonomy":"post_tag","embeddable":true,"href":"https:\/\/www.boxrepsol.com\/es\/wp-json\/wp\/v2\/tags?post=127705"}],"curies":[{"name":"wp","href":"https:\/\/api.w.org\/{rel}","templated":true}]}}