{"id":127558,"date":"2025-10-26T08:56:33","date_gmt":"2025-10-26T10:56:33","guid":{"rendered":"https:\/\/www.boxrepsol.com\/?p=127558"},"modified":"2025-10-26T09:28:03","modified_gmt":"2025-10-26T11:28:03","slug":"madrid-vibra-con-el-doblete-de-toni-y-gabri-en-la-segunda-cita-de-x-trial","status":"publish","type":"post","link":"https:\/\/www.boxrepsol.com\/es\/trial\/madrid-vibra-con-el-doblete-de-toni-y-gabri-en-la-segunda-cita-de-x-trial\/","title":{"rendered":"Madrid vibra con el doblete de Toni y Gabri"},"content":{"rendered":"<figure class=\"wp-block-post-featured-image\"><img loading=\"lazy\" decoding=\"async\" width=\"2560\" height=\"1920\" src=\"https:\/\/bxrepsol.s3.eu-west-1.amazonaws.com\/static\/2025\/10\/26085516\/X-Trial26_r2_Bou_05788_ps-scaled.jpg\" class=\"attachment-post-thumbnail size-post-thumbnail wp-post-image\" alt=\"\" style=\"object-fit:cover;\" srcset=\"https:\/\/bxrepsol.s3.eu-west-1.amazonaws.com\/static\/2025\/10\/26085516\/X-Trial26_r2_Bou_05788_ps-scaled.jpg 2560w, https:\/\/bxrepsol.s3.eu-west-1.amazonaws.com\/static\/2025\/10\/26085516\/X-Trial26_r2_Bou_05788_ps-300x225.jpg 300w, https:\/\/bxrepsol.s3.eu-west-1.amazonaws.com\/static\/2025\/10\/26085516\/X-Trial26_r2_Bou_05788_ps-1024x768.jpg 1024w, https:\/\/bxrepsol.s3.eu-west-1.amazonaws.com\/static\/2025\/10\/26085516\/X-Trial26_r2_Bou_05788_ps-768x576.jpg 768w, https:\/\/bxrepsol.s3.eu-west-1.amazonaws.com\/static\/2025\/10\/26085516\/X-Trial26_r2_Bou_05788_ps-1536x1152.jpg 1536w, https:\/\/bxrepsol.s3.eu-west-1.amazonaws.com\/static\/2025\/10\/26085516\/X-Trial26_r2_Bou_05788_ps-2048x1536.jpg 2048w\" sizes=\"auto, (max-width: 2560px) 100vw, 2560px\" \/><\/figure>\n\n\n<p>El equipo <strong>Repsol Honda HRC<\/strong> volvi\u00f3 a firmar un fin de semana perfecto en el <strong>X-Trial de Madrid<\/strong>, logrando su <strong>segundo doblete consecutivo<\/strong> de la temporada. Tras dominar en la cita inaugural de Andorra, <strong>Toni Bou<\/strong> y <strong>Gabriel Marcelli<\/strong> repitieron actuaci\u00f3n en la capital espa\u00f1ola, demostrando por qu\u00e9 el equipo lidera con autoridad el campeonato mundial. Ante un p\u00fablico entregado, Bou se adjudic\u00f3 su <strong>victoria n\u00famero 93 en el Mundial de X-Trial<\/strong>, mientras que <strong>Marcelli <\/strong>confirm\u00f3 su excelente estado de forma con un segundo puesto.<\/p>\n\n\n\n<div id=\"056ebbbc-9896-4e3a-aade-4150be0a9090\" class=\"br-slider-box\"><div class=\"wp-block-create-block-repsol-carousel br-slider\"><a target=\"_blank\" href=\"https:\/\/bxrepsol.s3.eu-west-1.amazonaws.com\/static\/2025\/10\/26085449\/X-Trial26_r2_Podium_06597_ps-scaled.jpg\" data-index=\"0\" rel=\"noopener\"><img decoding=\"async\" src=\"https:\/\/bxrepsol.s3.eu-west-1.amazonaws.com\/static\/2025\/10\/26085449\/X-Trial26_r2_Podium_06597_ps-scaled.jpg\"\/><\/a><a target=\"_blank\" href=\"https:\/\/bxrepsol.s3.eu-west-1.amazonaws.com\/static\/2025\/10\/26085502\/X-Trial26_r2_Marcelli_04806_ps-scaled.jpg\" data-index=\"1\" rel=\"noopener\"><img decoding=\"async\" src=\"https:\/\/bxrepsol.s3.eu-west-1.amazonaws.com\/static\/2025\/10\/26085502\/X-Trial26_r2_Marcelli_04806_ps-scaled.jpg\"\/><\/a><a target=\"_blank\" href=\"https:\/\/bxrepsol.s3.eu-west-1.amazonaws.com\/static\/2025\/10\/26085526\/X-Trial26_r2_Bou__ps-20-scaled.jpg\" data-index=\"2\" rel=\"noopener\"><img decoding=\"async\" src=\"https:\/\/bxrepsol.s3.eu-west-1.amazonaws.com\/static\/2025\/10\/26085526\/X-Trial26_r2_Bou__ps-20-scaled.jpg\"\/><\/a><a target=\"_blank\" href=\"https:\/\/bxrepsol.s3.eu-west-1.amazonaws.com\/static\/2025\/10\/26085536\/X-Trial26_r2_Marcelli_100448_ps-scaled.jpg\" data-index=\"3\" rel=\"noopener\"><img decoding=\"async\" src=\"https:\/\/bxrepsol.s3.eu-west-1.amazonaws.com\/static\/2025\/10\/26085536\/X-Trial26_r2_Marcelli_100448_ps-scaled.jpg\"\/><\/a><a target=\"_blank\" href=\"https:\/\/bxrepsol.s3.eu-west-1.amazonaws.com\/static\/2025\/10\/26085545\/X-Trial26_r2_Bou_100564_ps-scaled.jpg\" data-index=\"4\" rel=\"noopener\"><img decoding=\"async\" src=\"https:\/\/bxrepsol.s3.eu-west-1.amazonaws.com\/static\/2025\/10\/26085545\/X-Trial26_r2_Bou_100564_ps-scaled.jpg\"\/><\/a><a target=\"_blank\" href=\"https:\/\/bxrepsol.s3.eu-west-1.amazonaws.com\/static\/2025\/10\/26085437\/X-Trial26_r2_Podium_102425_ps-scaled.jpg\" data-index=\"5\" rel=\"noopener\"><img decoding=\"async\" src=\"https:\/\/bxrepsol.s3.eu-west-1.amazonaws.com\/static\/2025\/10\/26085437\/X-Trial26_r2_Podium_102425_ps-scaled.jpg\"\/><\/a><\/div><div class=\"br-slider-buttons\"><button class=\"arrow rds-icon arrow--left rds-icon-Arrow_left\"><\/button><button class=\"arrow rds-icon arrow--right rds-icon-Arrow_right\"><\/button><\/div><\/div>\n\n\n\n<p><strong>Toni Bou<\/strong> mostr\u00f3 desde la primera ronda un nivel sobresaliente, clasific\u00e1ndose para la final con tan solo un punto de penalizaci\u00f3n y siendo el m\u00e1s r\u00e1pido en la <strong>Super Pole<\/strong>. En la ronda decisiva, el 38 veces Campe\u00f3n del Mundo impuso su experiencia para ganar con tan solo dos puntos. Por su parte, <strong>Gabriel Marcelli<\/strong> firm\u00f3 una actuaci\u00f3n muy s\u00f3lida, manteni\u00e9ndose en la lucha por la victoria hasta la \u00faltima zona y asegurando el <strong>segundo podio consecutivo<\/strong> de la temporada.<\/p>\n\n\n\n<p>Con este nuevo doblete, el <strong>Repsol Honda HRC<\/strong> refuerza su dominio en la clasificaci\u00f3n general del <strong>Mundial X-Trial 2026<\/strong>, con Bou liderando con 40 puntos y Marcelli segundo con 30. El equipo ya est\u00e1 con la mirada puesta en la pr\u00f3xima cita de X-Trial en <strong>Isla Reuni\u00f3n<\/strong>.<\/p>\n\n\n\n<figure class=\"wp-block-embed is-type-video is-provider-tiktok wp-block-embed-tiktok\"><div class=\"wp-block-embed__wrapper\">\n<blockquote class=\"tiktok-embed\" cite=\"https:\/\/www.tiktok.com\/@trialteamhrc\/video\/7565255653321657622\" data-video-id=\"7565255653321657622\" data-embed-from=\"oembed\" style=\"max-width:605px; min-width:325px;\"> <section> <a target=\"_blank\" title=\"@trialteamhrc\" href=\"https:\/\/www.tiktok.com\/@trialteamhrc?refer=embed\">@trialteamhrc<\/a> <p>Where no one can, he makes it happen \ud83d\udc51 <a title=\"repsolhondahrc\" target=\"_blank\" href=\"https:\/\/www.tiktok.com\/tag\/repsolhondahrc?refer=embed\">#RepsolHondaHRC<\/a> <a title=\"hondaracingcorporation\" target=\"_blank\" href=\"https:\/\/www.tiktok.com\/tag\/hondaracingcorporation?refer=embed\">#HondaRacingCorporation<\/a> <a title=\"honda\" target=\"_blank\" href=\"https:\/\/www.tiktok.com\/tag\/honda?refer=embed\">#Honda<\/a> <a title=\"hrc\" target=\"_blank\" href=\"https:\/\/www.tiktok.com\/tag\/hrc?refer=embed\">#HRC<\/a> <a title=\"tonibou\" target=\"_blank\" href=\"https:\/\/www.tiktok.com\/tag\/tonibou?refer=embed\">#ToniBou<\/a> <\/p> <a target=\"_blank\" title=\"\u266c sonido original - Repsol Honda HRC\" href=\"https:\/\/www.tiktok.com\/music\/sonido-original-7565255684266412822?refer=embed\">\u266c sonido original &#8211; Repsol Honda HRC<\/a> <\/section> <\/blockquote> <script async src=\"https:\/\/www.tiktok.com\/embed.js\"><\/script>\n<\/div><\/figure>\n","protected":false},"excerpt":{"rendered":"<p>El Repsol Honda HRC arrasa en la segunda carrera del Mundial de X-Trial con el segundo doblete consecutivo. Toni Bou logra su victoria 93 seguido de cerca por Gabri Marcelli.<\/p>\n","protected":false},"author":43146,"featured_media":127565,"comment_status":"open","ping_status":"closed","sticky":false,"template":"","format":"standard","meta":{"footnotes":""},"categories":[23],"tags":[333],"class_list":["post-127558","post","type-post","status-publish","format-standard","hentry","category-trial","tag-competicion"],"yoast_head":"<!-- This site is optimized with the Yoast SEO plugin v27.3 - https:\/\/yoast.com\/product\/yoast-seo-wordpress\/ -->\n<title>Madrid vibra con el doblete de Toni y Gabri - Box Repsol<\/title>\n<meta name=\"description\" content=\"Toni Bou y Gabri Marcelli arrasan en el X-Trial de Madrid y se llevan otro doblete, el segundo consecutivo en esta nueva temporada.\" \/>\n<link rel=\"canonical\" href=\"https:\/\/www.boxrepsol.com\/es\/trial\/madrid-vibra-con-el-doblete-de-toni-y-gabri-en-la-segunda-cita-de-x-trial\/\" \/>\n<meta property=\"og:locale\" content=\"es_ES\" \/>\n<meta property=\"og:type\" content=\"article\" \/>\n<meta property=\"og:title\" content=\"Madrid vibra con el doblete de Toni y Gabri - Box Repsol\" \/>\n<meta property=\"og:description\" content=\"Toni Bou y Gabri Marcelli arrasan en el X-Trial de Madrid y se llevan otro doblete, el segundo consecutivo en esta nueva temporada.\" \/>\n<meta property=\"og:url\" content=\"https:\/\/www.boxrepsol.com\/es\/trial\/madrid-vibra-con-el-doblete-de-toni-y-gabri-en-la-segunda-cita-de-x-trial\/\" \/>\n<meta property=\"og:site_name\" content=\"Box Repsol\" \/>\n<meta property=\"article:publisher\" content=\"https:\/\/www.facebook.com\/BoxRepsol\" \/>\n<meta property=\"article:author\" content=\"https:\/\/www.facebook.com\/BoxRepsol\/\" \/>\n<meta property=\"article:published_time\" content=\"2025-10-26T10:56:33+00:00\" \/>\n<meta property=\"article:modified_time\" content=\"2025-10-26T11:28:03+00:00\" \/>\n<meta property=\"og:image\" content=\"https:\/\/bxrepsol.s3.eu-west-1.amazonaws.com\/static\/2025\/10\/26085516\/X-Trial26_r2_Bou_05788_ps-scaled.jpg\" \/>\n\t<meta property=\"og:image:width\" content=\"2560\" \/>\n\t<meta property=\"og:image:height\" content=\"1920\" \/>\n\t<meta property=\"og:image:type\" content=\"image\/jpeg\" \/>\n<meta name=\"author\" content=\"Redacci\u00f3n Box Repsol\" \/>\n<meta name=\"twitter:card\" content=\"summary_large_image\" \/>\n<meta name=\"twitter:creator\" content=\"@https:\/\/twitter.com\/box_repsol\" \/>\n<meta name=\"twitter:site\" content=\"@box_repsol\" \/>\n<meta name=\"twitter:label1\" content=\"Written by\" \/>\n\t<meta name=\"twitter:data1\" content=\"Redacci\u00f3n Box Repsol\" \/>\n\t<meta name=\"twitter:label2\" content=\"Est. reading time\" \/>\n\t<meta name=\"twitter:data2\" content=\"1 minuto\" \/>\n<script type=\"application\/ld+json\" class=\"yoast-schema-graph\">{\"@context\":\"https:\\\/\\\/schema.org\",\"@graph\":[{\"@type\":\"Article\",\"@id\":\"https:\\\/\\\/www.boxrepsol.com\\\/es\\\/trial\\\/madrid-vibra-con-el-doblete-de-toni-y-gabri-en-la-segunda-cita-de-x-trial\\\/#article\",\"isPartOf\":{\"@id\":\"https:\\\/\\\/www.boxrepsol.com\\\/es\\\/trial\\\/madrid-vibra-con-el-doblete-de-toni-y-gabri-en-la-segunda-cita-de-x-trial\\\/\"},\"author\":{\"name\":\"Redacci\u00f3n Box Repsol\",\"@id\":\"https:\\\/\\\/www.boxrepsol.com\\\/es\\\/#\\\/schema\\\/person\\\/c5c2138f2cca251b0ad92b7086bb60b7\"},\"headline\":\"Madrid vibra con el doblete de Toni y Gabri\",\"datePublished\":\"2025-10-26T10:56:33+00:00\",\"dateModified\":\"2025-10-26T11:28:03+00:00\",\"mainEntityOfPage\":{\"@id\":\"https:\\\/\\\/www.boxrepsol.com\\\/es\\\/trial\\\/madrid-vibra-con-el-doblete-de-toni-y-gabri-en-la-segunda-cita-de-x-trial\\\/\"},\"wordCount\":237,\"commentCount\":0,\"publisher\":{\"@id\":\"https:\\\/\\\/www.boxrepsol.com\\\/es\\\/#organization\"},\"image\":{\"@id\":\"https:\\\/\\\/www.boxrepsol.com\\\/es\\\/trial\\\/madrid-vibra-con-el-doblete-de-toni-y-gabri-en-la-segunda-cita-de-x-trial\\\/#primaryimage\"},\"thumbnailUrl\":\"https:\\\/\\\/bxrepsol.s3.eu-west-1.amazonaws.com\\\/static\\\/2025\\\/10\\\/26085516\\\/X-Trial26_r2_Bou_05788_ps-scaled.jpg\",\"keywords\":[\"Competici\u00f3n\"],\"articleSection\":[\"Trial\"],\"inLanguage\":\"es\",\"potentialAction\":[{\"@type\":\"CommentAction\",\"name\":\"Comment\",\"target\":[\"https:\\\/\\\/www.boxrepsol.com\\\/es\\\/trial\\\/madrid-vibra-con-el-doblete-de-toni-y-gabri-en-la-segunda-cita-de-x-trial\\\/#respond\"]}]},{\"@type\":\"WebPage\",\"@id\":\"https:\\\/\\\/www.boxrepsol.com\\\/es\\\/trial\\\/madrid-vibra-con-el-doblete-de-toni-y-gabri-en-la-segunda-cita-de-x-trial\\\/\",\"url\":\"https:\\\/\\\/www.boxrepsol.com\\\/es\\\/trial\\\/madrid-vibra-con-el-doblete-de-toni-y-gabri-en-la-segunda-cita-de-x-trial\\\/\",\"name\":\"Madrid vibra con el doblete de Toni y Gabri - Box Repsol\",\"isPartOf\":{\"@id\":\"https:\\\/\\\/www.boxrepsol.com\\\/es\\\/#website\"},\"primaryImageOfPage\":{\"@id\":\"https:\\\/\\\/www.boxrepsol.com\\\/es\\\/trial\\\/madrid-vibra-con-el-doblete-de-toni-y-gabri-en-la-segunda-cita-de-x-trial\\\/#primaryimage\"},\"image\":{\"@id\":\"https:\\\/\\\/www.boxrepsol.com\\\/es\\\/trial\\\/madrid-vibra-con-el-doblete-de-toni-y-gabri-en-la-segunda-cita-de-x-trial\\\/#primaryimage\"},\"thumbnailUrl\":\"https:\\\/\\\/bxrepsol.s3.eu-west-1.amazonaws.com\\\/static\\\/2025\\\/10\\\/26085516\\\/X-Trial26_r2_Bou_05788_ps-scaled.jpg\",\"datePublished\":\"2025-10-26T10:56:33+00:00\",\"dateModified\":\"2025-10-26T11:28:03+00:00\",\"description\":\"Toni Bou y Gabri Marcelli arrasan en el X-Trial de Madrid y se llevan otro doblete, el segundo consecutivo en esta nueva temporada.\",\"breadcrumb\":{\"@id\":\"https:\\\/\\\/www.boxrepsol.com\\\/es\\\/trial\\\/madrid-vibra-con-el-doblete-de-toni-y-gabri-en-la-segunda-cita-de-x-trial\\\/#breadcrumb\"},\"inLanguage\":\"es\",\"potentialAction\":[{\"@type\":\"ReadAction\",\"target\":[\"https:\\\/\\\/www.boxrepsol.com\\\/es\\\/trial\\\/madrid-vibra-con-el-doblete-de-toni-y-gabri-en-la-segunda-cita-de-x-trial\\\/\"]}]},{\"@type\":\"ImageObject\",\"inLanguage\":\"es\",\"@id\":\"https:\\\/\\\/www.boxrepsol.com\\\/es\\\/trial\\\/madrid-vibra-con-el-doblete-de-toni-y-gabri-en-la-segunda-cita-de-x-trial\\\/#primaryimage\",\"url\":\"https:\\\/\\\/bxrepsol.s3.eu-west-1.amazonaws.com\\\/static\\\/2025\\\/10\\\/26085516\\\/X-Trial26_r2_Bou_05788_ps-scaled.jpg\",\"contentUrl\":\"https:\\\/\\\/bxrepsol.s3.eu-west-1.amazonaws.com\\\/static\\\/2025\\\/10\\\/26085516\\\/X-Trial26_r2_Bou_05788_ps-scaled.jpg\",\"width\":2560,\"height\":1920},{\"@type\":\"BreadcrumbList\",\"@id\":\"https:\\\/\\\/www.boxrepsol.com\\\/es\\\/trial\\\/madrid-vibra-con-el-doblete-de-toni-y-gabri-en-la-segunda-cita-de-x-trial\\\/#breadcrumb\",\"itemListElement\":[{\"@type\":\"ListItem\",\"position\":1,\"name\":\"Home\",\"item\":\"https:\\\/\\\/www.boxrepsol.com\\\/es\\\/\"},{\"@type\":\"ListItem\",\"position\":2,\"name\":\"Madrid vibra con el doblete de Toni y Gabri\"}]},{\"@type\":\"WebSite\",\"@id\":\"https:\\\/\\\/www.boxrepsol.com\\\/es\\\/#website\",\"url\":\"https:\\\/\\\/www.boxrepsol.com\\\/es\\\/\",\"name\":\"Box Repsol\",\"description\":\"Box Repsol Site\",\"publisher\":{\"@id\":\"https:\\\/\\\/www.boxrepsol.com\\\/es\\\/#organization\"},\"potentialAction\":[{\"@type\":\"SearchAction\",\"target\":{\"@type\":\"EntryPoint\",\"urlTemplate\":\"https:\\\/\\\/www.boxrepsol.com\\\/es\\\/?s={search_term_string}\"},\"query-input\":{\"@type\":\"PropertyValueSpecification\",\"valueRequired\":true,\"valueName\":\"search_term_string\"}}],\"inLanguage\":\"es\"},{\"@type\":\"Organization\",\"@id\":\"https:\\\/\\\/www.boxrepsol.com\\\/es\\\/#organization\",\"name\":\"Box Repsol\",\"url\":\"https:\\\/\\\/www.boxrepsol.com\\\/es\\\/\",\"logo\":{\"@type\":\"ImageObject\",\"inLanguage\":\"es\",\"@id\":\"https:\\\/\\\/www.boxrepsol.com\\\/es\\\/#\\\/schema\\\/logo\\\/image\\\/\",\"url\":\"https:\\\/\\\/bxrepsol.s3.eu-west-1.amazonaws.com\\\/static\\\/2025\\\/07\\\/30083337\\\/favicon-96x96-1.png\",\"contentUrl\":\"https:\\\/\\\/bxrepsol.s3.eu-west-1.amazonaws.com\\\/static\\\/2025\\\/07\\\/30083337\\\/favicon-96x96-1.png\",\"width\":96,\"height\":96,\"caption\":\"Box Repsol\"},\"image\":{\"@id\":\"https:\\\/\\\/www.boxrepsol.com\\\/es\\\/#\\\/schema\\\/logo\\\/image\\\/\"},\"sameAs\":[\"https:\\\/\\\/www.facebook.com\\\/BoxRepsol\",\"https:\\\/\\\/x.com\\\/box_repsol\",\"http:\\\/\\\/instagram.com\\\/box_repsol\",\"https:\\\/\\\/www.youtube.com\\\/user\\\/RepsolCompeticion\",\"https:\\\/\\\/www.flickr.com\\\/photos\\\/box_repsol\\\/\"]},{\"@type\":\"Person\",\"@id\":\"https:\\\/\\\/www.boxrepsol.com\\\/es\\\/#\\\/schema\\\/person\\\/c5c2138f2cca251b0ad92b7086bb60b7\",\"name\":\"Redacci\u00f3n Box Repsol\",\"image\":{\"@type\":\"ImageObject\",\"inLanguage\":\"es\",\"@id\":\"https:\\\/\\\/secure.gravatar.com\\\/avatar\\\/adf7b77e38b4419baf32c7e9c21dde01f4e40df611f0978e3006fc4ba0aaab7e?s=96&d=mm&r=g\",\"url\":\"https:\\\/\\\/secure.gravatar.com\\\/avatar\\\/adf7b77e38b4419baf32c7e9c21dde01f4e40df611f0978e3006fc4ba0aaab7e?s=96&d=mm&r=g\",\"contentUrl\":\"https:\\\/\\\/secure.gravatar.com\\\/avatar\\\/adf7b77e38b4419baf32c7e9c21dde01f4e40df611f0978e3006fc4ba0aaab7e?s=96&d=mm&r=g\",\"caption\":\"Redacci\u00f3n Box Repsol\"},\"description\":\"Box Repsol lo forma un equipo de periodistas, community managers, dise\u00f1adores y fot\u00f3grafos con m\u00e1s de 20 a\u00f1os de experiencia en el mundo del motorsport. Hemos vivido el primer mundial de un espa\u00f1ol en la categor\u00eda reina de motociclismo con \u00c1lex Crivill\u00e9, estuvimos en las victorias de Pedrosa y los t\u00edtulos de M\u00e1rquez, acompa\u00f1amos en \u00c1frica a Nani Roma y Marc Coma en sus conquistas del Dakar y hemos vibrado con los t\u00edtulos de Toni Bou en Trial. Adem\u00e1s, en nuestro equipo contamos con expertos en el mundo de las dos y cuatro ruedas tanto de la calle y las carreteras, como de los circuitos. Periodistas que han trabajado en revistas y publicaciones para hacerte llegar desde rutas y consejos de mantenimiento, a curiosidades y trucos de pilotaje.\",\"sameAs\":[\"https:\\\/\\\/www.facebook.com\\\/BoxRepsol\\\/\",\"https:\\\/\\\/www.instagram.com\\\/box_repsol\\\/\",\"https:\\\/\\\/x.com\\\/https:\\\/\\\/twitter.com\\\/box_repsol\",\"https:\\\/\\\/www.youtube.com\\\/@Boxrepsol\"],\"url\":\"https:\\\/\\\/www.boxrepsol.com\\\/es\\\/author\\\/redaccion-box-repsol\\\/\"}]}<\/script>\n<!-- \/ Yoast SEO plugin. -->","yoast_head_json":{"title":"Madrid vibra con el doblete de Toni y Gabri - Box Repsol","description":"Toni Bou y Gabri Marcelli arrasan en el X-Trial de Madrid y se llevan otro doblete, el segundo consecutivo en esta nueva temporada.","canonical":"https:\/\/www.boxrepsol.com\/es\/trial\/madrid-vibra-con-el-doblete-de-toni-y-gabri-en-la-segunda-cita-de-x-trial\/","og_locale":"es_ES","og_type":"article","og_title":"Madrid vibra con el doblete de Toni y Gabri - Box Repsol","og_description":"Toni Bou y Gabri Marcelli arrasan en el X-Trial de Madrid y se llevan otro doblete, el segundo consecutivo en esta nueva temporada.","og_url":"https:\/\/www.boxrepsol.com\/es\/trial\/madrid-vibra-con-el-doblete-de-toni-y-gabri-en-la-segunda-cita-de-x-trial\/","og_site_name":"Box Repsol","article_publisher":"https:\/\/www.facebook.com\/BoxRepsol","article_author":"https:\/\/www.facebook.com\/BoxRepsol\/","article_published_time":"2025-10-26T10:56:33+00:00","article_modified_time":"2025-10-26T11:28:03+00:00","og_image":[{"width":2560,"height":1920,"url":"https:\/\/bxrepsol.s3.eu-west-1.amazonaws.com\/static\/2025\/10\/26085516\/X-Trial26_r2_Bou_05788_ps-scaled.jpg","type":"image\/jpeg"}],"author":"Redacci\u00f3n Box Repsol","twitter_card":"summary_large_image","twitter_creator":"@https:\/\/twitter.com\/box_repsol","twitter_site":"@box_repsol","twitter_misc":{"Written by":"Redacci\u00f3n Box Repsol","Est. reading time":"1 minuto"},"schema":{"@context":"https:\/\/schema.org","@graph":[{"@type":"Article","@id":"https:\/\/www.boxrepsol.com\/es\/trial\/madrid-vibra-con-el-doblete-de-toni-y-gabri-en-la-segunda-cita-de-x-trial\/#article","isPartOf":{"@id":"https:\/\/www.boxrepsol.com\/es\/trial\/madrid-vibra-con-el-doblete-de-toni-y-gabri-en-la-segunda-cita-de-x-trial\/"},"author":{"name":"Redacci\u00f3n Box Repsol","@id":"https:\/\/www.boxrepsol.com\/es\/#\/schema\/person\/c5c2138f2cca251b0ad92b7086bb60b7"},"headline":"Madrid vibra con el doblete de Toni y Gabri","datePublished":"2025-10-26T10:56:33+00:00","dateModified":"2025-10-26T11:28:03+00:00","mainEntityOfPage":{"@id":"https:\/\/www.boxrepsol.com\/es\/trial\/madrid-vibra-con-el-doblete-de-toni-y-gabri-en-la-segunda-cita-de-x-trial\/"},"wordCount":237,"commentCount":0,"publisher":{"@id":"https:\/\/www.boxrepsol.com\/es\/#organization"},"image":{"@id":"https:\/\/www.boxrepsol.com\/es\/trial\/madrid-vibra-con-el-doblete-de-toni-y-gabri-en-la-segunda-cita-de-x-trial\/#primaryimage"},"thumbnailUrl":"https:\/\/bxrepsol.s3.eu-west-1.amazonaws.com\/static\/2025\/10\/26085516\/X-Trial26_r2_Bou_05788_ps-scaled.jpg","keywords":["Competici\u00f3n"],"articleSection":["Trial"],"inLanguage":"es","potentialAction":[{"@type":"CommentAction","name":"Comment","target":["https:\/\/www.boxrepsol.com\/es\/trial\/madrid-vibra-con-el-doblete-de-toni-y-gabri-en-la-segunda-cita-de-x-trial\/#respond"]}]},{"@type":"WebPage","@id":"https:\/\/www.boxrepsol.com\/es\/trial\/madrid-vibra-con-el-doblete-de-toni-y-gabri-en-la-segunda-cita-de-x-trial\/","url":"https:\/\/www.boxrepsol.com\/es\/trial\/madrid-vibra-con-el-doblete-de-toni-y-gabri-en-la-segunda-cita-de-x-trial\/","name":"Madrid vibra con el doblete de Toni y Gabri - Box Repsol","isPartOf":{"@id":"https:\/\/www.boxrepsol.com\/es\/#website"},"primaryImageOfPage":{"@id":"https:\/\/www.boxrepsol.com\/es\/trial\/madrid-vibra-con-el-doblete-de-toni-y-gabri-en-la-segunda-cita-de-x-trial\/#primaryimage"},"image":{"@id":"https:\/\/www.boxrepsol.com\/es\/trial\/madrid-vibra-con-el-doblete-de-toni-y-gabri-en-la-segunda-cita-de-x-trial\/#primaryimage"},"thumbnailUrl":"https:\/\/bxrepsol.s3.eu-west-1.amazonaws.com\/static\/2025\/10\/26085516\/X-Trial26_r2_Bou_05788_ps-scaled.jpg","datePublished":"2025-10-26T10:56:33+00:00","dateModified":"2025-10-26T11:28:03+00:00","description":"Toni Bou y Gabri Marcelli arrasan en el X-Trial de Madrid y se llevan otro doblete, el segundo consecutivo en esta nueva temporada.","breadcrumb":{"@id":"https:\/\/www.boxrepsol.com\/es\/trial\/madrid-vibra-con-el-doblete-de-toni-y-gabri-en-la-segunda-cita-de-x-trial\/#breadcrumb"},"inLanguage":"es","potentialAction":[{"@type":"ReadAction","target":["https:\/\/www.boxrepsol.com\/es\/trial\/madrid-vibra-con-el-doblete-de-toni-y-gabri-en-la-segunda-cita-de-x-trial\/"]}]},{"@type":"ImageObject","inLanguage":"es","@id":"https:\/\/www.boxrepsol.com\/es\/trial\/madrid-vibra-con-el-doblete-de-toni-y-gabri-en-la-segunda-cita-de-x-trial\/#primaryimage","url":"https:\/\/bxrepsol.s3.eu-west-1.amazonaws.com\/static\/2025\/10\/26085516\/X-Trial26_r2_Bou_05788_ps-scaled.jpg","contentUrl":"https:\/\/bxrepsol.s3.eu-west-1.amazonaws.com\/static\/2025\/10\/26085516\/X-Trial26_r2_Bou_05788_ps-scaled.jpg","width":2560,"height":1920},{"@type":"BreadcrumbList","@id":"https:\/\/www.boxrepsol.com\/es\/trial\/madrid-vibra-con-el-doblete-de-toni-y-gabri-en-la-segunda-cita-de-x-trial\/#breadcrumb","itemListElement":[{"@type":"ListItem","position":1,"name":"Home","item":"https:\/\/www.boxrepsol.com\/es\/"},{"@type":"ListItem","position":2,"name":"Madrid vibra con el doblete de Toni y Gabri"}]},{"@type":"WebSite","@id":"https:\/\/www.boxrepsol.com\/es\/#website","url":"https:\/\/www.boxrepsol.com\/es\/","name":"Box Repsol","description":"Box Repsol Site","publisher":{"@id":"https:\/\/www.boxrepsol.com\/es\/#organization"},"potentialAction":[{"@type":"SearchAction","target":{"@type":"EntryPoint","urlTemplate":"https:\/\/www.boxrepsol.com\/es\/?s={search_term_string}"},"query-input":{"@type":"PropertyValueSpecification","valueRequired":true,"valueName":"search_term_string"}}],"inLanguage":"es"},{"@type":"Organization","@id":"https:\/\/www.boxrepsol.com\/es\/#organization","name":"Box Repsol","url":"https:\/\/www.boxrepsol.com\/es\/","logo":{"@type":"ImageObject","inLanguage":"es","@id":"https:\/\/www.boxrepsol.com\/es\/#\/schema\/logo\/image\/","url":"https:\/\/bxrepsol.s3.eu-west-1.amazonaws.com\/static\/2025\/07\/30083337\/favicon-96x96-1.png","contentUrl":"https:\/\/bxrepsol.s3.eu-west-1.amazonaws.com\/static\/2025\/07\/30083337\/favicon-96x96-1.png","width":96,"height":96,"caption":"Box Repsol"},"image":{"@id":"https:\/\/www.boxrepsol.com\/es\/#\/schema\/logo\/image\/"},"sameAs":["https:\/\/www.facebook.com\/BoxRepsol","https:\/\/x.com\/box_repsol","http:\/\/instagram.com\/box_repsol","https:\/\/www.youtube.com\/user\/RepsolCompeticion","https:\/\/www.flickr.com\/photos\/box_repsol\/"]},{"@type":"Person","@id":"https:\/\/www.boxrepsol.com\/es\/#\/schema\/person\/c5c2138f2cca251b0ad92b7086bb60b7","name":"Redacci\u00f3n Box Repsol","image":{"@type":"ImageObject","inLanguage":"es","@id":"https:\/\/secure.gravatar.com\/avatar\/adf7b77e38b4419baf32c7e9c21dde01f4e40df611f0978e3006fc4ba0aaab7e?s=96&d=mm&r=g","url":"https:\/\/secure.gravatar.com\/avatar\/adf7b77e38b4419baf32c7e9c21dde01f4e40df611f0978e3006fc4ba0aaab7e?s=96&d=mm&r=g","contentUrl":"https:\/\/secure.gravatar.com\/avatar\/adf7b77e38b4419baf32c7e9c21dde01f4e40df611f0978e3006fc4ba0aaab7e?s=96&d=mm&r=g","caption":"Redacci\u00f3n Box Repsol"},"description":"Box Repsol lo forma un equipo de periodistas, community managers, dise\u00f1adores y fot\u00f3grafos con m\u00e1s de 20 a\u00f1os de experiencia en el mundo del motorsport. Hemos vivido el primer mundial de un espa\u00f1ol en la categor\u00eda reina de motociclismo con \u00c1lex Crivill\u00e9, estuvimos en las victorias de Pedrosa y los t\u00edtulos de M\u00e1rquez, acompa\u00f1amos en \u00c1frica a Nani Roma y Marc Coma en sus conquistas del Dakar y hemos vibrado con los t\u00edtulos de Toni Bou en Trial. Adem\u00e1s, en nuestro equipo contamos con expertos en el mundo de las dos y cuatro ruedas tanto de la calle y las carreteras, como de los circuitos. Periodistas que han trabajado en revistas y publicaciones para hacerte llegar desde rutas y consejos de mantenimiento, a curiosidades y trucos de pilotaje.","sameAs":["https:\/\/www.facebook.com\/BoxRepsol\/","https:\/\/www.instagram.com\/box_repsol\/","https:\/\/x.com\/https:\/\/twitter.com\/box_repsol","https:\/\/www.youtube.com\/@Boxrepsol"],"url":"https:\/\/www.boxrepsol.com\/es\/author\/redaccion-box-repsol\/"}]}},"_links":{"self":[{"href":"https:\/\/www.boxrepsol.com\/es\/wp-json\/wp\/v2\/posts\/127558","targetHints":{"allow":["GET"]}}],"collection":[{"href":"https:\/\/www.boxrepsol.com\/es\/wp-json\/wp\/v2\/posts"}],"about":[{"href":"https:\/\/www.boxrepsol.com\/es\/wp-json\/wp\/v2\/types\/post"}],"author":[{"embeddable":true,"href":"https:\/\/www.boxrepsol.com\/es\/wp-json\/wp\/v2\/users\/43146"}],"replies":[{"embeddable":true,"href":"https:\/\/www.boxrepsol.com\/es\/wp-json\/wp\/v2\/comments?post=127558"}],"version-history":[{"count":3,"href":"https:\/\/www.boxrepsol.com\/es\/wp-json\/wp\/v2\/posts\/127558\/revisions"}],"predecessor-version":[{"id":127583,"href":"https:\/\/www.boxrepsol.com\/es\/wp-json\/wp\/v2\/posts\/127558\/revisions\/127583"}],"wp:featuredmedia":[{"embeddable":true,"href":"https:\/\/www.boxrepsol.com\/es\/wp-json\/wp\/v2\/media\/127565"}],"wp:attachment":[{"href":"https:\/\/www.boxrepsol.com\/es\/wp-json\/wp\/v2\/media?parent=127558"}],"wp:term":[{"taxonomy":"category","embeddable":true,"href":"https:\/\/www.boxrepsol.com\/es\/wp-json\/wp\/v2\/categories?post=127558"},{"taxonomy":"post_tag","embeddable":true,"href":"https:\/\/www.boxrepsol.com\/es\/wp-json\/wp\/v2\/tags?post=127558"}],"curies":[{"name":"wp","href":"https:\/\/api.w.org\/{rel}","templated":true}]}}