{"id":127397,"date":"2025-10-18T15:35:49","date_gmt":"2025-10-18T17:35:49","guid":{"rendered":"https:\/\/www.boxrepsol.com\/?p=127397"},"modified":"2025-10-26T09:06:38","modified_gmt":"2025-10-26T11:06:38","slug":"los-combustibles-renovables-de-nuevo-en-la-cima-lucas-moraes-consigue-el-mundial-de-pilotos","status":"publish","type":"post","link":"https:\/\/www.boxrepsol.com\/es\/rally\/los-combustibles-renovables-de-nuevo-en-la-cima-lucas-moraes-consigue-el-mundial-de-pilotos\/","title":{"rendered":"Los combustibles renovables de nuevo en la cima: Lucas Moraes consigue el Mundial de pilotos"},"content":{"rendered":"<figure class=\"wp-block-post-featured-image\"><img loading=\"lazy\" decoding=\"async\" width=\"1800\" height=\"1200\" src=\"https:\/\/bxrepsol.s3.eu-west-1.amazonaws.com\/static\/2025\/10\/18142458\/1920_sto69679.jpg\" class=\"attachment-post-thumbnail size-post-thumbnail wp-post-image\" alt=\"\" style=\"object-fit:cover;\" srcset=\"https:\/\/bxrepsol.s3.eu-west-1.amazonaws.com\/static\/2025\/10\/18142458\/1920_sto69679.jpg 1800w, https:\/\/bxrepsol.s3.eu-west-1.amazonaws.com\/static\/2025\/10\/18142458\/1920_sto69679-300x200.jpg 300w, https:\/\/bxrepsol.s3.eu-west-1.amazonaws.com\/static\/2025\/10\/18142458\/1920_sto69679-1024x683.jpg 1024w, https:\/\/bxrepsol.s3.eu-west-1.amazonaws.com\/static\/2025\/10\/18142458\/1920_sto69679-768x512.jpg 768w, https:\/\/bxrepsol.s3.eu-west-1.amazonaws.com\/static\/2025\/10\/18142458\/1920_sto69679-1536x1024.jpg 1536w\" sizes=\"auto, (max-width: 1800px) 100vw, 1800px\" \/><\/figure>\n\n\n<p>El <em>Rallye du Maroc<\/em> no ha podido finalizar de mejor manera para el equipo TGR. Desde los primeros compases del rally, los tres pilotos propulsados por <strong>combustibles de origen renovable de Repsol <\/strong>mostraron su potencial para conseguir muy buenos resultados. Pero unas dunas complicadas y un problema en el diferencial trasero perturbaron las posibilidades de lucha para Seth Quintero y Henk Lategan, respectivamente. Mientras, Lucas Moraes segu\u00eda con el objetivo fijo, guiado por el espa\u00f1ol Armand Monle\u00f3n, sin separarse nunca de las primeras posiciones de la general.<\/p>\n\n\n\n<p>A la \u00faltima carrera del <strong>Mundial <\/strong>llegaban tres pilotos con posibilidades de llevarse el t\u00edtulo de pilotos, a menos de 10 puntos de diferencia, Lategan, Moraes y Nasser. Tras el problema del surafricano en la etapa dos, donde perdi\u00f3 m\u00e1s de una hora, la lucha qued\u00f3 servida entre los otros dos contrincantes. Pero el <strong>Toyota Hilux<\/strong> no solamente se enfrentaba a un Dacia, sino a dos: a Nasser por el Mundial de pilotos y a Loeb por el Rally de Marruecos. <\/p>\n\n\n\n<div id=\"311df599-df24-45c2-9f8a-8e2689b985d1\" class=\"br-slider-box\"><div class=\"wp-block-create-block-repsol-carousel br-slider\"><a target=\"_blank\" href=\"https:\/\/bxrepsol.s3.eu-west-1.amazonaws.com\/static\/2025\/10\/18153352\/1920_stoo0279.jpg\" data-index=\"0\" rel=\"noopener\"><img decoding=\"async\" src=\"https:\/\/bxrepsol.s3.eu-west-1.amazonaws.com\/static\/2025\/10\/18153352\/1920_stoo0279.jpg\"\/><\/a><a target=\"_blank\" href=\"https:\/\/bxrepsol.s3.eu-west-1.amazonaws.com\/static\/2025\/10\/18153430\/1920_sto69659.jpg\" data-index=\"1\" rel=\"noopener\"><img decoding=\"async\" src=\"https:\/\/bxrepsol.s3.eu-west-1.amazonaws.com\/static\/2025\/10\/18153430\/1920_sto69659.jpg\"\/><\/a><a target=\"_blank\" href=\"https:\/\/bxrepsol.s3.eu-west-1.amazonaws.com\/static\/2025\/10\/18153450\/1920_rallyedumaroc_mkin_fez_251017_00009.jpg\" data-index=\"2\" rel=\"noopener\"><img decoding=\"async\" src=\"https:\/\/bxrepsol.s3.eu-west-1.amazonaws.com\/static\/2025\/10\/18153450\/1920_rallyedumaroc_mkin_fez_251017_00009.jpg\"\/><\/a><a target=\"_blank\" href=\"https:\/\/bxrepsol.s3.eu-west-1.amazonaws.com\/static\/2025\/10\/18153438\/1920_stoo1009.jpg\" data-index=\"3\" rel=\"noopener\"><img decoding=\"async\" src=\"https:\/\/bxrepsol.s3.eu-west-1.amazonaws.com\/static\/2025\/10\/18153438\/1920_stoo1009.jpg\"\/><\/a><a target=\"_blank\" href=\"https:\/\/bxrepsol.s3.eu-west-1.amazonaws.com\/static\/2025\/10\/18153444\/1920_rallyedumaroc_mkin_fez_251017_00003.jpg\" data-index=\"4\" rel=\"noopener\"><img decoding=\"async\" src=\"https:\/\/bxrepsol.s3.eu-west-1.amazonaws.com\/static\/2025\/10\/18153444\/1920_rallyedumaroc_mkin_fez_251017_00003.jpg\"\/><\/a><\/div><div class=\"br-slider-buttons\"><button class=\"arrow rds-icon arrow--left rds-icon-Arrow_left\"><\/button><button class=\"arrow rds-icon arrow--right rds-icon-Arrow_right\"><\/button><\/div><\/div>\n\n\n\n<p>A la \u00faltima etapa llegaba el equipo Toyota con posibilidades de ver ganar a su piloto su primer t\u00edtulo mundial, pero no fue nada f\u00e1cil. Tras una etapa complicada y el plus de incertidumbre por la adici\u00f3n de la nueva secci\u00f3n llamada Power Selective Section de tan solo 30 kil\u00f3metros, se le sum\u00f3 un participante inesperado: las penalizaciones. Ambos contendientes mundialistas recibieron penalizaciones , 4 minutos para el Toyota y 1 hora para el Dacia, y eso proclam\u00f3 a Lucas Moraes campe\u00f3n del mundo de pilotos. <\/p>\n\n\n\n<p>Tras conseguir las victorias en el <strong>Rally de Sud\u00e1frica<\/strong> y el <strong>Rally de Portugal,<\/strong> adem\u00e1s del t<strong>\u00edtulo por equipos de constructores <\/strong>y, ahora, el<strong> Mundial de pilotos<\/strong>, los combustibles renovables afianzan a\u00fan m\u00e1s su posici\u00f3n como <strong>soluci\u00f3n tecnol\u00f3gica e innovadora<\/strong> para contribuir a la <strong>descarbonizaci\u00f3n <\/strong>de la <strong>competici\u00f3n de alto nivel. <\/strong><\/p>\n\n\n\n<figure class=\"wp-block-video\"><video height=\"1920\" style=\"aspect-ratio: 1080 \/ 1920;\" width=\"1080\" controls loop preload=\"auto\" src=\"https:\/\/bxrepsol.s3.eu-west-1.amazonaws.com\/static\/2025\/10\/26090550\/IMG_6322.mp4\"><\/video><\/figure>\n","protected":false},"excerpt":{"rendered":"<p>Temporada perfecta para los combustibles renovables de Repsol y el equipo Toyota Gazoo Racing que, tras conseguir en el pasado Rally de Portugal el t\u00edtulo de constructores, ahora consiguen el Mundial de pilotos junto a Lucas Moraes.<\/p>\n","protected":false},"author":43146,"featured_media":127398,"comment_status":"open","ping_status":"closed","sticky":false,"template":"","format":"standard","meta":{"footnotes":""},"categories":[27],"tags":[333],"class_list":["post-127397","post","type-post","status-publish","format-standard","hentry","category-rally","tag-competicion"],"yoast_head":"<!-- This site is optimized with the Yoast SEO plugin v27.3 - https:\/\/yoast.com\/product\/yoast-seo-wordpress\/ -->\n<title>Los combustibles renovables de nuevo en la cima: Lucas Moraes consigue el Mundial de pilotos - Box Repsol<\/title>\n<link rel=\"canonical\" href=\"https:\/\/www.boxrepsol.com\/es\/rally\/los-combustibles-renovables-de-nuevo-en-la-cima-lucas-moraes-consigue-el-mundial-de-pilotos\/\" \/>\n<meta property=\"og:locale\" content=\"es_ES\" \/>\n<meta property=\"og:type\" content=\"article\" \/>\n<meta property=\"og:title\" content=\"Los combustibles renovables de nuevo en la cima: Lucas Moraes consigue el Mundial de pilotos - Box Repsol\" \/>\n<meta property=\"og:description\" content=\"Temporada perfecta para los combustibles renovables de Repsol y el equipo Toyota Gazoo Racing que, tras conseguir en el pasado Rally de Portugal el t\u00edtulo de constructores, ahora consiguen el Mundial de pilotos junto a Lucas Moraes.\" \/>\n<meta property=\"og:url\" content=\"https:\/\/www.boxrepsol.com\/es\/rally\/los-combustibles-renovables-de-nuevo-en-la-cima-lucas-moraes-consigue-el-mundial-de-pilotos\/\" \/>\n<meta property=\"og:site_name\" content=\"Box Repsol\" \/>\n<meta property=\"article:publisher\" content=\"https:\/\/www.facebook.com\/BoxRepsol\" \/>\n<meta property=\"article:author\" content=\"https:\/\/www.facebook.com\/BoxRepsol\/\" \/>\n<meta property=\"article:published_time\" content=\"2025-10-18T17:35:49+00:00\" \/>\n<meta property=\"article:modified_time\" content=\"2025-10-26T11:06:38+00:00\" \/>\n<meta property=\"og:image\" content=\"https:\/\/bxrepsol.s3.eu-west-1.amazonaws.com\/static\/2025\/10\/18142458\/1920_sto69679.jpg\" \/>\n\t<meta property=\"og:image:width\" content=\"1800\" \/>\n\t<meta property=\"og:image:height\" content=\"1200\" \/>\n\t<meta property=\"og:image:type\" content=\"image\/jpeg\" \/>\n<meta name=\"author\" content=\"Redacci\u00f3n Box Repsol\" \/>\n<meta name=\"twitter:card\" content=\"summary_large_image\" \/>\n<meta name=\"twitter:creator\" content=\"@https:\/\/twitter.com\/box_repsol\" \/>\n<meta name=\"twitter:site\" content=\"@box_repsol\" \/>\n<meta name=\"twitter:label1\" content=\"Written by\" \/>\n\t<meta name=\"twitter:data1\" content=\"Redacci\u00f3n Box Repsol\" \/>\n\t<meta name=\"twitter:label2\" content=\"Est. reading time\" \/>\n\t<meta name=\"twitter:data2\" content=\"2 minutos\" \/>\n<script type=\"application\/ld+json\" class=\"yoast-schema-graph\">{\"@context\":\"https:\\\/\\\/schema.org\",\"@graph\":[{\"@type\":\"Article\",\"@id\":\"https:\\\/\\\/www.boxrepsol.com\\\/es\\\/rally\\\/los-combustibles-renovables-de-nuevo-en-la-cima-lucas-moraes-consigue-el-mundial-de-pilotos\\\/#article\",\"isPartOf\":{\"@id\":\"https:\\\/\\\/www.boxrepsol.com\\\/es\\\/rally\\\/los-combustibles-renovables-de-nuevo-en-la-cima-lucas-moraes-consigue-el-mundial-de-pilotos\\\/\"},\"author\":{\"name\":\"Redacci\u00f3n Box Repsol\",\"@id\":\"https:\\\/\\\/www.boxrepsol.com\\\/es\\\/#\\\/schema\\\/person\\\/c5c2138f2cca251b0ad92b7086bb60b7\"},\"headline\":\"Los combustibles renovables de nuevo en la cima: Lucas Moraes consigue el Mundial de pilotos\",\"datePublished\":\"2025-10-18T17:35:49+00:00\",\"dateModified\":\"2025-10-26T11:06:38+00:00\",\"mainEntityOfPage\":{\"@id\":\"https:\\\/\\\/www.boxrepsol.com\\\/es\\\/rally\\\/los-combustibles-renovables-de-nuevo-en-la-cima-lucas-moraes-consigue-el-mundial-de-pilotos\\\/\"},\"wordCount\":336,\"commentCount\":0,\"publisher\":{\"@id\":\"https:\\\/\\\/www.boxrepsol.com\\\/es\\\/#organization\"},\"image\":{\"@id\":\"https:\\\/\\\/www.boxrepsol.com\\\/es\\\/rally\\\/los-combustibles-renovables-de-nuevo-en-la-cima-lucas-moraes-consigue-el-mundial-de-pilotos\\\/#primaryimage\"},\"thumbnailUrl\":\"https:\\\/\\\/bxrepsol.s3.eu-west-1.amazonaws.com\\\/static\\\/2025\\\/10\\\/18142458\\\/1920_sto69679.jpg\",\"keywords\":[\"Competici\u00f3n\"],\"articleSection\":[\"Rally\"],\"inLanguage\":\"es\",\"potentialAction\":[{\"@type\":\"CommentAction\",\"name\":\"Comment\",\"target\":[\"https:\\\/\\\/www.boxrepsol.com\\\/es\\\/rally\\\/los-combustibles-renovables-de-nuevo-en-la-cima-lucas-moraes-consigue-el-mundial-de-pilotos\\\/#respond\"]}]},{\"@type\":\"WebPage\",\"@id\":\"https:\\\/\\\/www.boxrepsol.com\\\/es\\\/rally\\\/los-combustibles-renovables-de-nuevo-en-la-cima-lucas-moraes-consigue-el-mundial-de-pilotos\\\/\",\"url\":\"https:\\\/\\\/www.boxrepsol.com\\\/es\\\/rally\\\/los-combustibles-renovables-de-nuevo-en-la-cima-lucas-moraes-consigue-el-mundial-de-pilotos\\\/\",\"name\":\"Los combustibles renovables de nuevo en la cima: Lucas Moraes consigue el Mundial de pilotos - Box Repsol\",\"isPartOf\":{\"@id\":\"https:\\\/\\\/www.boxrepsol.com\\\/es\\\/#website\"},\"primaryImageOfPage\":{\"@id\":\"https:\\\/\\\/www.boxrepsol.com\\\/es\\\/rally\\\/los-combustibles-renovables-de-nuevo-en-la-cima-lucas-moraes-consigue-el-mundial-de-pilotos\\\/#primaryimage\"},\"image\":{\"@id\":\"https:\\\/\\\/www.boxrepsol.com\\\/es\\\/rally\\\/los-combustibles-renovables-de-nuevo-en-la-cima-lucas-moraes-consigue-el-mundial-de-pilotos\\\/#primaryimage\"},\"thumbnailUrl\":\"https:\\\/\\\/bxrepsol.s3.eu-west-1.amazonaws.com\\\/static\\\/2025\\\/10\\\/18142458\\\/1920_sto69679.jpg\",\"datePublished\":\"2025-10-18T17:35:49+00:00\",\"dateModified\":\"2025-10-26T11:06:38+00:00\",\"breadcrumb\":{\"@id\":\"https:\\\/\\\/www.boxrepsol.com\\\/es\\\/rally\\\/los-combustibles-renovables-de-nuevo-en-la-cima-lucas-moraes-consigue-el-mundial-de-pilotos\\\/#breadcrumb\"},\"inLanguage\":\"es\",\"potentialAction\":[{\"@type\":\"ReadAction\",\"target\":[\"https:\\\/\\\/www.boxrepsol.com\\\/es\\\/rally\\\/los-combustibles-renovables-de-nuevo-en-la-cima-lucas-moraes-consigue-el-mundial-de-pilotos\\\/\"]}]},{\"@type\":\"ImageObject\",\"inLanguage\":\"es\",\"@id\":\"https:\\\/\\\/www.boxrepsol.com\\\/es\\\/rally\\\/los-combustibles-renovables-de-nuevo-en-la-cima-lucas-moraes-consigue-el-mundial-de-pilotos\\\/#primaryimage\",\"url\":\"https:\\\/\\\/bxrepsol.s3.eu-west-1.amazonaws.com\\\/static\\\/2025\\\/10\\\/18142458\\\/1920_sto69679.jpg\",\"contentUrl\":\"https:\\\/\\\/bxrepsol.s3.eu-west-1.amazonaws.com\\\/static\\\/2025\\\/10\\\/18142458\\\/1920_sto69679.jpg\",\"width\":1800,\"height\":1200},{\"@type\":\"BreadcrumbList\",\"@id\":\"https:\\\/\\\/www.boxrepsol.com\\\/es\\\/rally\\\/los-combustibles-renovables-de-nuevo-en-la-cima-lucas-moraes-consigue-el-mundial-de-pilotos\\\/#breadcrumb\",\"itemListElement\":[{\"@type\":\"ListItem\",\"position\":1,\"name\":\"Home\",\"item\":\"https:\\\/\\\/www.boxrepsol.com\\\/es\\\/\"},{\"@type\":\"ListItem\",\"position\":2,\"name\":\"Los combustibles renovables de nuevo en la cima: Lucas Moraes consigue el Mundial de pilotos\"}]},{\"@type\":\"WebSite\",\"@id\":\"https:\\\/\\\/www.boxrepsol.com\\\/es\\\/#website\",\"url\":\"https:\\\/\\\/www.boxrepsol.com\\\/es\\\/\",\"name\":\"Box Repsol\",\"description\":\"Box Repsol Site\",\"publisher\":{\"@id\":\"https:\\\/\\\/www.boxrepsol.com\\\/es\\\/#organization\"},\"potentialAction\":[{\"@type\":\"SearchAction\",\"target\":{\"@type\":\"EntryPoint\",\"urlTemplate\":\"https:\\\/\\\/www.boxrepsol.com\\\/es\\\/?s={search_term_string}\"},\"query-input\":{\"@type\":\"PropertyValueSpecification\",\"valueRequired\":true,\"valueName\":\"search_term_string\"}}],\"inLanguage\":\"es\"},{\"@type\":\"Organization\",\"@id\":\"https:\\\/\\\/www.boxrepsol.com\\\/es\\\/#organization\",\"name\":\"Box Repsol\",\"url\":\"https:\\\/\\\/www.boxrepsol.com\\\/es\\\/\",\"logo\":{\"@type\":\"ImageObject\",\"inLanguage\":\"es\",\"@id\":\"https:\\\/\\\/www.boxrepsol.com\\\/es\\\/#\\\/schema\\\/logo\\\/image\\\/\",\"url\":\"https:\\\/\\\/bxrepsol.s3.eu-west-1.amazonaws.com\\\/static\\\/2025\\\/07\\\/30083337\\\/favicon-96x96-1.png\",\"contentUrl\":\"https:\\\/\\\/bxrepsol.s3.eu-west-1.amazonaws.com\\\/static\\\/2025\\\/07\\\/30083337\\\/favicon-96x96-1.png\",\"width\":96,\"height\":96,\"caption\":\"Box Repsol\"},\"image\":{\"@id\":\"https:\\\/\\\/www.boxrepsol.com\\\/es\\\/#\\\/schema\\\/logo\\\/image\\\/\"},\"sameAs\":[\"https:\\\/\\\/www.facebook.com\\\/BoxRepsol\",\"https:\\\/\\\/x.com\\\/box_repsol\",\"http:\\\/\\\/instagram.com\\\/box_repsol\",\"https:\\\/\\\/www.youtube.com\\\/user\\\/RepsolCompeticion\",\"https:\\\/\\\/www.flickr.com\\\/photos\\\/box_repsol\\\/\"]},{\"@type\":\"Person\",\"@id\":\"https:\\\/\\\/www.boxrepsol.com\\\/es\\\/#\\\/schema\\\/person\\\/c5c2138f2cca251b0ad92b7086bb60b7\",\"name\":\"Redacci\u00f3n Box Repsol\",\"image\":{\"@type\":\"ImageObject\",\"inLanguage\":\"es\",\"@id\":\"https:\\\/\\\/secure.gravatar.com\\\/avatar\\\/adf7b77e38b4419baf32c7e9c21dde01f4e40df611f0978e3006fc4ba0aaab7e?s=96&d=mm&r=g\",\"url\":\"https:\\\/\\\/secure.gravatar.com\\\/avatar\\\/adf7b77e38b4419baf32c7e9c21dde01f4e40df611f0978e3006fc4ba0aaab7e?s=96&d=mm&r=g\",\"contentUrl\":\"https:\\\/\\\/secure.gravatar.com\\\/avatar\\\/adf7b77e38b4419baf32c7e9c21dde01f4e40df611f0978e3006fc4ba0aaab7e?s=96&d=mm&r=g\",\"caption\":\"Redacci\u00f3n Box Repsol\"},\"description\":\"Box Repsol lo forma un equipo de periodistas, community managers, dise\u00f1adores y fot\u00f3grafos con m\u00e1s de 20 a\u00f1os de experiencia en el mundo del motorsport. Hemos vivido el primer mundial de un espa\u00f1ol en la categor\u00eda reina de motociclismo con \u00c1lex Crivill\u00e9, estuvimos en las victorias de Pedrosa y los t\u00edtulos de M\u00e1rquez, acompa\u00f1amos en \u00c1frica a Nani Roma y Marc Coma en sus conquistas del Dakar y hemos vibrado con los t\u00edtulos de Toni Bou en Trial. Adem\u00e1s, en nuestro equipo contamos con expertos en el mundo de las dos y cuatro ruedas tanto de la calle y las carreteras, como de los circuitos. Periodistas que han trabajado en revistas y publicaciones para hacerte llegar desde rutas y consejos de mantenimiento, a curiosidades y trucos de pilotaje.\",\"sameAs\":[\"https:\\\/\\\/www.facebook.com\\\/BoxRepsol\\\/\",\"https:\\\/\\\/www.instagram.com\\\/box_repsol\\\/\",\"https:\\\/\\\/x.com\\\/https:\\\/\\\/twitter.com\\\/box_repsol\",\"https:\\\/\\\/www.youtube.com\\\/@Boxrepsol\"],\"url\":\"https:\\\/\\\/www.boxrepsol.com\\\/es\\\/author\\\/redaccion-box-repsol\\\/\"}]}<\/script>\n<!-- \/ Yoast SEO plugin. -->","yoast_head_json":{"title":"Los combustibles renovables de nuevo en la cima: Lucas Moraes consigue el Mundial de pilotos - Box Repsol","canonical":"https:\/\/www.boxrepsol.com\/es\/rally\/los-combustibles-renovables-de-nuevo-en-la-cima-lucas-moraes-consigue-el-mundial-de-pilotos\/","og_locale":"es_ES","og_type":"article","og_title":"Los combustibles renovables de nuevo en la cima: Lucas Moraes consigue el Mundial de pilotos - Box Repsol","og_description":"Temporada perfecta para los combustibles renovables de Repsol y el equipo Toyota Gazoo Racing que, tras conseguir en el pasado Rally de Portugal el t\u00edtulo de constructores, ahora consiguen el Mundial de pilotos junto a Lucas Moraes.","og_url":"https:\/\/www.boxrepsol.com\/es\/rally\/los-combustibles-renovables-de-nuevo-en-la-cima-lucas-moraes-consigue-el-mundial-de-pilotos\/","og_site_name":"Box Repsol","article_publisher":"https:\/\/www.facebook.com\/BoxRepsol","article_author":"https:\/\/www.facebook.com\/BoxRepsol\/","article_published_time":"2025-10-18T17:35:49+00:00","article_modified_time":"2025-10-26T11:06:38+00:00","og_image":[{"width":1800,"height":1200,"url":"https:\/\/bxrepsol.s3.eu-west-1.amazonaws.com\/static\/2025\/10\/18142458\/1920_sto69679.jpg","type":"image\/jpeg"}],"author":"Redacci\u00f3n Box Repsol","twitter_card":"summary_large_image","twitter_creator":"@https:\/\/twitter.com\/box_repsol","twitter_site":"@box_repsol","twitter_misc":{"Written by":"Redacci\u00f3n Box Repsol","Est. reading time":"2 minutos"},"schema":{"@context":"https:\/\/schema.org","@graph":[{"@type":"Article","@id":"https:\/\/www.boxrepsol.com\/es\/rally\/los-combustibles-renovables-de-nuevo-en-la-cima-lucas-moraes-consigue-el-mundial-de-pilotos\/#article","isPartOf":{"@id":"https:\/\/www.boxrepsol.com\/es\/rally\/los-combustibles-renovables-de-nuevo-en-la-cima-lucas-moraes-consigue-el-mundial-de-pilotos\/"},"author":{"name":"Redacci\u00f3n Box Repsol","@id":"https:\/\/www.boxrepsol.com\/es\/#\/schema\/person\/c5c2138f2cca251b0ad92b7086bb60b7"},"headline":"Los combustibles renovables de nuevo en la cima: Lucas Moraes consigue el Mundial de pilotos","datePublished":"2025-10-18T17:35:49+00:00","dateModified":"2025-10-26T11:06:38+00:00","mainEntityOfPage":{"@id":"https:\/\/www.boxrepsol.com\/es\/rally\/los-combustibles-renovables-de-nuevo-en-la-cima-lucas-moraes-consigue-el-mundial-de-pilotos\/"},"wordCount":336,"commentCount":0,"publisher":{"@id":"https:\/\/www.boxrepsol.com\/es\/#organization"},"image":{"@id":"https:\/\/www.boxrepsol.com\/es\/rally\/los-combustibles-renovables-de-nuevo-en-la-cima-lucas-moraes-consigue-el-mundial-de-pilotos\/#primaryimage"},"thumbnailUrl":"https:\/\/bxrepsol.s3.eu-west-1.amazonaws.com\/static\/2025\/10\/18142458\/1920_sto69679.jpg","keywords":["Competici\u00f3n"],"articleSection":["Rally"],"inLanguage":"es","potentialAction":[{"@type":"CommentAction","name":"Comment","target":["https:\/\/www.boxrepsol.com\/es\/rally\/los-combustibles-renovables-de-nuevo-en-la-cima-lucas-moraes-consigue-el-mundial-de-pilotos\/#respond"]}]},{"@type":"WebPage","@id":"https:\/\/www.boxrepsol.com\/es\/rally\/los-combustibles-renovables-de-nuevo-en-la-cima-lucas-moraes-consigue-el-mundial-de-pilotos\/","url":"https:\/\/www.boxrepsol.com\/es\/rally\/los-combustibles-renovables-de-nuevo-en-la-cima-lucas-moraes-consigue-el-mundial-de-pilotos\/","name":"Los combustibles renovables de nuevo en la cima: Lucas Moraes consigue el Mundial de pilotos - Box Repsol","isPartOf":{"@id":"https:\/\/www.boxrepsol.com\/es\/#website"},"primaryImageOfPage":{"@id":"https:\/\/www.boxrepsol.com\/es\/rally\/los-combustibles-renovables-de-nuevo-en-la-cima-lucas-moraes-consigue-el-mundial-de-pilotos\/#primaryimage"},"image":{"@id":"https:\/\/www.boxrepsol.com\/es\/rally\/los-combustibles-renovables-de-nuevo-en-la-cima-lucas-moraes-consigue-el-mundial-de-pilotos\/#primaryimage"},"thumbnailUrl":"https:\/\/bxrepsol.s3.eu-west-1.amazonaws.com\/static\/2025\/10\/18142458\/1920_sto69679.jpg","datePublished":"2025-10-18T17:35:49+00:00","dateModified":"2025-10-26T11:06:38+00:00","breadcrumb":{"@id":"https:\/\/www.boxrepsol.com\/es\/rally\/los-combustibles-renovables-de-nuevo-en-la-cima-lucas-moraes-consigue-el-mundial-de-pilotos\/#breadcrumb"},"inLanguage":"es","potentialAction":[{"@type":"ReadAction","target":["https:\/\/www.boxrepsol.com\/es\/rally\/los-combustibles-renovables-de-nuevo-en-la-cima-lucas-moraes-consigue-el-mundial-de-pilotos\/"]}]},{"@type":"ImageObject","inLanguage":"es","@id":"https:\/\/www.boxrepsol.com\/es\/rally\/los-combustibles-renovables-de-nuevo-en-la-cima-lucas-moraes-consigue-el-mundial-de-pilotos\/#primaryimage","url":"https:\/\/bxrepsol.s3.eu-west-1.amazonaws.com\/static\/2025\/10\/18142458\/1920_sto69679.jpg","contentUrl":"https:\/\/bxrepsol.s3.eu-west-1.amazonaws.com\/static\/2025\/10\/18142458\/1920_sto69679.jpg","width":1800,"height":1200},{"@type":"BreadcrumbList","@id":"https:\/\/www.boxrepsol.com\/es\/rally\/los-combustibles-renovables-de-nuevo-en-la-cima-lucas-moraes-consigue-el-mundial-de-pilotos\/#breadcrumb","itemListElement":[{"@type":"ListItem","position":1,"name":"Home","item":"https:\/\/www.boxrepsol.com\/es\/"},{"@type":"ListItem","position":2,"name":"Los combustibles renovables de nuevo en la cima: Lucas Moraes consigue el Mundial de pilotos"}]},{"@type":"WebSite","@id":"https:\/\/www.boxrepsol.com\/es\/#website","url":"https:\/\/www.boxrepsol.com\/es\/","name":"Box Repsol","description":"Box Repsol Site","publisher":{"@id":"https:\/\/www.boxrepsol.com\/es\/#organization"},"potentialAction":[{"@type":"SearchAction","target":{"@type":"EntryPoint","urlTemplate":"https:\/\/www.boxrepsol.com\/es\/?s={search_term_string}"},"query-input":{"@type":"PropertyValueSpecification","valueRequired":true,"valueName":"search_term_string"}}],"inLanguage":"es"},{"@type":"Organization","@id":"https:\/\/www.boxrepsol.com\/es\/#organization","name":"Box Repsol","url":"https:\/\/www.boxrepsol.com\/es\/","logo":{"@type":"ImageObject","inLanguage":"es","@id":"https:\/\/www.boxrepsol.com\/es\/#\/schema\/logo\/image\/","url":"https:\/\/bxrepsol.s3.eu-west-1.amazonaws.com\/static\/2025\/07\/30083337\/favicon-96x96-1.png","contentUrl":"https:\/\/bxrepsol.s3.eu-west-1.amazonaws.com\/static\/2025\/07\/30083337\/favicon-96x96-1.png","width":96,"height":96,"caption":"Box Repsol"},"image":{"@id":"https:\/\/www.boxrepsol.com\/es\/#\/schema\/logo\/image\/"},"sameAs":["https:\/\/www.facebook.com\/BoxRepsol","https:\/\/x.com\/box_repsol","http:\/\/instagram.com\/box_repsol","https:\/\/www.youtube.com\/user\/RepsolCompeticion","https:\/\/www.flickr.com\/photos\/box_repsol\/"]},{"@type":"Person","@id":"https:\/\/www.boxrepsol.com\/es\/#\/schema\/person\/c5c2138f2cca251b0ad92b7086bb60b7","name":"Redacci\u00f3n Box Repsol","image":{"@type":"ImageObject","inLanguage":"es","@id":"https:\/\/secure.gravatar.com\/avatar\/adf7b77e38b4419baf32c7e9c21dde01f4e40df611f0978e3006fc4ba0aaab7e?s=96&d=mm&r=g","url":"https:\/\/secure.gravatar.com\/avatar\/adf7b77e38b4419baf32c7e9c21dde01f4e40df611f0978e3006fc4ba0aaab7e?s=96&d=mm&r=g","contentUrl":"https:\/\/secure.gravatar.com\/avatar\/adf7b77e38b4419baf32c7e9c21dde01f4e40df611f0978e3006fc4ba0aaab7e?s=96&d=mm&r=g","caption":"Redacci\u00f3n Box Repsol"},"description":"Box Repsol lo forma un equipo de periodistas, community managers, dise\u00f1adores y fot\u00f3grafos con m\u00e1s de 20 a\u00f1os de experiencia en el mundo del motorsport. Hemos vivido el primer mundial de un espa\u00f1ol en la categor\u00eda reina de motociclismo con \u00c1lex Crivill\u00e9, estuvimos en las victorias de Pedrosa y los t\u00edtulos de M\u00e1rquez, acompa\u00f1amos en \u00c1frica a Nani Roma y Marc Coma en sus conquistas del Dakar y hemos vibrado con los t\u00edtulos de Toni Bou en Trial. Adem\u00e1s, en nuestro equipo contamos con expertos en el mundo de las dos y cuatro ruedas tanto de la calle y las carreteras, como de los circuitos. Periodistas que han trabajado en revistas y publicaciones para hacerte llegar desde rutas y consejos de mantenimiento, a curiosidades y trucos de pilotaje.","sameAs":["https:\/\/www.facebook.com\/BoxRepsol\/","https:\/\/www.instagram.com\/box_repsol\/","https:\/\/x.com\/https:\/\/twitter.com\/box_repsol","https:\/\/www.youtube.com\/@Boxrepsol"],"url":"https:\/\/www.boxrepsol.com\/es\/author\/redaccion-box-repsol\/"}]}},"_links":{"self":[{"href":"https:\/\/www.boxrepsol.com\/es\/wp-json\/wp\/v2\/posts\/127397","targetHints":{"allow":["GET"]}}],"collection":[{"href":"https:\/\/www.boxrepsol.com\/es\/wp-json\/wp\/v2\/posts"}],"about":[{"href":"https:\/\/www.boxrepsol.com\/es\/wp-json\/wp\/v2\/types\/post"}],"author":[{"embeddable":true,"href":"https:\/\/www.boxrepsol.com\/es\/wp-json\/wp\/v2\/users\/43146"}],"replies":[{"embeddable":true,"href":"https:\/\/www.boxrepsol.com\/es\/wp-json\/wp\/v2\/comments?post=127397"}],"version-history":[{"count":5,"href":"https:\/\/www.boxrepsol.com\/es\/wp-json\/wp\/v2\/posts\/127397\/revisions"}],"predecessor-version":[{"id":127582,"href":"https:\/\/www.boxrepsol.com\/es\/wp-json\/wp\/v2\/posts\/127397\/revisions\/127582"}],"wp:featuredmedia":[{"embeddable":true,"href":"https:\/\/www.boxrepsol.com\/es\/wp-json\/wp\/v2\/media\/127398"}],"wp:attachment":[{"href":"https:\/\/www.boxrepsol.com\/es\/wp-json\/wp\/v2\/media?parent=127397"}],"wp:term":[{"taxonomy":"category","embeddable":true,"href":"https:\/\/www.boxrepsol.com\/es\/wp-json\/wp\/v2\/categories?post=127397"},{"taxonomy":"post_tag","embeddable":true,"href":"https:\/\/www.boxrepsol.com\/es\/wp-json\/wp\/v2\/tags?post=127397"}],"curies":[{"name":"wp","href":"https:\/\/api.w.org\/{rel}","templated":true}]}}