{"id":126915,"date":"2025-08-22T08:46:49","date_gmt":"2025-08-22T10:46:49","guid":{"rendered":"https:\/\/www.boxrepsol.com\/?p=126915"},"modified":"2025-09-04T06:49:01","modified_gmt":"2025-09-04T08:49:01","slug":"radares-fijos-espana","status":"publish","type":"post","link":"https:\/\/www.boxrepsol.com\/es\/vive-tu-moto\/radares-fijos-espana\/","title":{"rendered":"Radares fijos en Espa\u00f1a: \u00bfCu\u00e1ntos hay y d\u00f3nde se ubican?"},"content":{"rendered":"<figure class=\"wp-block-post-featured-image\"><img loading=\"lazy\" decoding=\"async\" width=\"1200\" height=\"600\" src=\"https:\/\/bxrepsol.s3.eu-west-1.amazonaws.com\/static\/2025\/08\/22083212\/Foto-1-apertura-2.jpg\" class=\"attachment-post-thumbnail size-post-thumbnail wp-post-image\" alt=\"\" style=\"object-fit:cover;\" srcset=\"https:\/\/bxrepsol.s3.eu-west-1.amazonaws.com\/static\/2025\/08\/22083212\/Foto-1-apertura-2.jpg 1200w, https:\/\/bxrepsol.s3.eu-west-1.amazonaws.com\/static\/2025\/08\/22083212\/Foto-1-apertura-2-300x150.jpg 300w, https:\/\/bxrepsol.s3.eu-west-1.amazonaws.com\/static\/2025\/08\/22083212\/Foto-1-apertura-2-1024x512.jpg 1024w, https:\/\/bxrepsol.s3.eu-west-1.amazonaws.com\/static\/2025\/08\/22083212\/Foto-1-apertura-2-768x384.jpg 768w\" sizes=\"auto, (max-width: 1200px) 100vw, 1200px\" \/><\/figure>\n\n\n<p>En este art\u00edculo vamos a centrarnos en <strong>los radares fijos<\/strong> que, de acuerdo a las cifras, son los que m\u00e1s abundan en nuestras carreteras y los que m\u00e1s sanciones imponen con mucha diferencia. Adem\u00e1s, hay que se\u00f1alar que su n\u00famero aumenta cada a\u00f1o y, prueba de ello, es que el pasado mes de marzo la DGT anunci\u00f3 la <strong>puesta en funcionamiento de 9 radares fijos nuevos<\/strong> durante los primeros meses de 2025. Con respecto a su control y mantenimiento, hay que citar que <strong>la DGT es la que se encarga de la gesti\u00f3n<\/strong> de la mayor\u00eda de ellos, aunque existen otros organismos, como polic\u00edas locales, que tambi\u00e9n instalan y gestionan radares en sus respectivas \u00e1reas de competencia.<\/p>\n\n\n<div class=\"wp-block-image\">\n<figure class=\"aligncenter size-full\"><img loading=\"lazy\" decoding=\"async\" width=\"600\" height=\"400\" src=\"https:\/\/bxrepsol.s3.eu-west-1.amazonaws.com\/static\/2025\/08\/22083500\/Foto-2.jpeg\" alt=\"\" class=\"wp-image-126919\" srcset=\"https:\/\/bxrepsol.s3.eu-west-1.amazonaws.com\/static\/2025\/08\/22083500\/Foto-2.jpeg 600w, https:\/\/bxrepsol.s3.eu-west-1.amazonaws.com\/static\/2025\/08\/22083500\/Foto-2-300x200.jpeg 300w\" sizes=\"auto, (max-width: 600px) 100vw, 600px\" \/><\/figure>\n<\/div>\n\n\n<p><\/p>\n\n\n\n<div id=\"ez-toc-container\" class=\"ez-toc-v2_0_82_2 counter-hierarchy ez-toc-counter ez-toc-grey ez-toc-container-direction\">\n<div class=\"ez-toc-title-container\">\n<p class=\"ez-toc-title\" style=\"cursor:inherit\">\u00cdndice<\/p>\n<span class=\"ez-toc-title-toggle\"><a href=\"#\" class=\"ez-toc-pull-right ez-toc-btn ez-toc-btn-xs ez-toc-btn-default ez-toc-toggle\" aria-label=\"Toggle Table of Content\"><span class=\"ez-toc-js-icon-con\"><span class=\"\"><span class=\"eztoc-hide\" style=\"display:none;\">Toggle<\/span><span class=\"ez-toc-icon-toggle-span\"><svg style=\"fill: #999;color:#999\" xmlns=\"http:\/\/www.w3.org\/2000\/svg\" class=\"list-377408\" width=\"20px\" height=\"20px\" viewBox=\"0 0 24 24\" fill=\"none\"><path d=\"M6 6H4v2h2V6zm14 0H8v2h12V6zM4 11h2v2H4v-2zm16 0H8v2h12v-2zM4 16h2v2H4v-2zm16 0H8v2h12v-2z\" fill=\"currentColor\"><\/path><\/svg><svg style=\"fill: #999;color:#999\" class=\"arrow-unsorted-368013\" xmlns=\"http:\/\/www.w3.org\/2000\/svg\" width=\"10px\" height=\"10px\" viewBox=\"0 0 24 24\" version=\"1.2\" baseProfile=\"tiny\"><path d=\"M18.2 9.3l-6.2-6.3-6.2 6.3c-.2.2-.3.4-.3.7s.1.5.3.7c.2.2.4.3.7.3h11c.3 0 .5-.1.7-.3.2-.2.3-.5.3-.7s-.1-.5-.3-.7zM5.8 14.7l6.2 6.3 6.2-6.3c.2-.2.3-.5.3-.7s-.1-.5-.3-.7c-.2-.2-.4-.3-.7-.3h-11c-.3 0-.5.1-.7.3-.2.2-.3.5-.3.7s.1.5.3.7z\"\/><\/svg><\/span><\/span><\/span><\/a><\/span><\/div>\n<nav><ul class='ez-toc-list ez-toc-list-level-1 ' ><li class='ez-toc-page-1 ez-toc-heading-level-2'><a class=\"ez-toc-link ez-toc-heading-1\" href=\"https:\/\/www.boxrepsol.com\/es\/vive-tu-moto\/radares-fijos-espana\/#%C2%BFComo_funciona_un_radar_fijo\" >\u00bfC\u00f3mo funciona un radar fijo?<\/a><\/li><li class='ez-toc-page-1 ez-toc-heading-level-2'><a class=\"ez-toc-link ez-toc-heading-2\" href=\"https:\/\/www.boxrepsol.com\/es\/vive-tu-moto\/radares-fijos-espana\/#%C2%BFDonde_se_ubican_los_radares_fijos\" >\u00bfD\u00f3nde se ubican los radares fijos?<\/a><ul class='ez-toc-list-level-3' ><li class='ez-toc-heading-level-3'><a class=\"ez-toc-link ez-toc-heading-3\" href=\"https:\/\/www.boxrepsol.com\/es\/vive-tu-moto\/radares-fijos-espana\/#%C2%BFQue_provincias_espanolas_tienen_mas_radares_fijos_y_cuales_son_los_que_mas_sanciones_imponen\" >\u00bfQu\u00e9 provincias espa\u00f1olas tienen m\u00e1s radares fijos y cu\u00e1les son los que m\u00e1s sanciones imponen?<\/a><\/li><\/ul><\/li><li class='ez-toc-page-1 ez-toc-heading-level-2'><a class=\"ez-toc-link ez-toc-heading-4\" href=\"https:\/\/www.boxrepsol.com\/es\/vive-tu-moto\/radares-fijos-espana\/#%C2%BFExiste_alguna_manera_de_saber_donde_se_encuentran_ubicados_los_radares_fijos_en_Espana\" >\u00bfExiste alguna manera de saber d\u00f3nde se encuentran ubicados los radares fijos en Espa\u00f1a?<\/a><ul class='ez-toc-list-level-3' ><li class='ez-toc-heading-level-3'><a class=\"ez-toc-link ez-toc-heading-5\" href=\"https:\/\/www.boxrepsol.com\/es\/vive-tu-moto\/radares-fijos-espana\/#%C2%BFExiste_alguna_ley_que_obligue_a_la_DGT_a_avisar_donde_hay_colocado_un_radar_fijo\" >\u00bfExiste alguna ley que obligue a la DGT a avisar d\u00f3nde hay colocado un radar fijo?<\/a><\/li><\/ul><\/li><\/ul><\/nav><\/div>\n<h2 class=\"wp-block-heading\"><span class=\"ez-toc-section\" id=\"%C2%BFComo_funciona_un_radar_fijo\"><\/span><strong>\u00bfC\u00f3mo funciona un radar fijo?<\/strong><span class=\"ez-toc-section-end\"><\/span><\/h2>\n\n\n\n<p>Como su denominaci\u00f3n pretende indicar, un radar fijo es <strong>un dispositivo llamado cinem\u00f3metro<\/strong> que controla la velocidad en un punto fijo de una carretera. A su lado y vinculado a \u00e9l, adem\u00e1s de un procesador, cuenta con una c\u00e1mara que hace fotos a los veh\u00edculos que superan la velocidad permitida. El cinem\u00f3metro<strong> funciona de manera autom\u00e1tica<\/strong> y puede utilizar ondas de radiofrecuencia o l\u00e1ser infrarrojo para medir la velocidad. Cuando las ondas chocan con un veh\u00edculo y rebotan, su frecuencia se modifica.&nbsp;Este cambio, conocido como <strong>efecto Doppler<\/strong>, es utilizado para calcular la velocidad. Si es mayor a la permitida, en el momento la c\u00e1mara hace una foto del veh\u00edculo y, <strong>a trav\u00e9s de fibra \u00f3ptica<\/strong>, la env\u00eda junto a los datos de la infracci\u00f3n a un centro de gesti\u00f3n.<\/p>\n\n\n<div class=\"wp-block-image\">\n<figure class=\"aligncenter size-full is-resized\"><img loading=\"lazy\" decoding=\"async\" width=\"600\" height=\"400\" src=\"https:\/\/bxrepsol.s3.eu-west-1.amazonaws.com\/static\/2025\/08\/22083516\/Foto-3-4.jpg\" alt=\"\" class=\"wp-image-126921\" style=\"width:600px;height:auto\" srcset=\"https:\/\/bxrepsol.s3.eu-west-1.amazonaws.com\/static\/2025\/08\/22083516\/Foto-3-4.jpg 600w, https:\/\/bxrepsol.s3.eu-west-1.amazonaws.com\/static\/2025\/08\/22083516\/Foto-3-4-300x200.jpg 300w\" sizes=\"auto, (max-width: 600px) 100vw, 600px\" \/><figcaption class=\"wp-element-caption\">Fuente: Revista Tr\u00e1fico y Seguridad Vial<\/figcaption><\/figure>\n<\/div>\n\n\n<p>Aunque no siempre se sigue el mismo criterio, muchas veces se colocan para <strong>controlar la velocidad en carreteras peligrosas <\/strong>o en aquellas que registran un elevado n\u00famero de siniestros. En otras ocasiones se instalan en accesos y salidas de zonas urbanas, en circunvalaciones o en las proximidades de zonas escolares. De este modo, <strong>los veh\u00edculos disminuyen la velocidad y se reducen los accidentes<\/strong>. La Direcci\u00f3n General de Tr\u00e1fico afirma que un radar fijo es el mejor instrumento para rebajar los percances. Seg\u00fan datos del propio organismo, una de cada cinco colisiones por v\u00edctimas se produce por exceso de velocidad.<\/p>\n\n\n\n<p><\/p>\n\n\n<div class=\"wp-block-image\">\n<figure class=\"aligncenter size-full\"><img loading=\"lazy\" decoding=\"async\" width=\"600\" height=\"400\" src=\"https:\/\/bxrepsol.s3.eu-west-1.amazonaws.com\/static\/2025\/08\/22083556\/Foto-4.jpeg\" alt=\"\" class=\"wp-image-126924\" srcset=\"https:\/\/bxrepsol.s3.eu-west-1.amazonaws.com\/static\/2025\/08\/22083556\/Foto-4.jpeg 600w, https:\/\/bxrepsol.s3.eu-west-1.amazonaws.com\/static\/2025\/08\/22083556\/Foto-4-300x200.jpeg 300w\" sizes=\"auto, (max-width: 600px) 100vw, 600px\" \/><\/figure>\n<\/div>\n\n\n<p><\/p>\n\n\n\n<h2 class=\"wp-block-heading\"><span class=\"ez-toc-section\" id=\"%C2%BFDonde_se_ubican_los_radares_fijos\"><\/span><strong>\u00bfD\u00f3nde se ubican los radares fijos?<\/strong><span class=\"ez-toc-section-end\"><\/span><\/h2>\n\n\n\n<p>De acuerdo a su emplazamiento, se distinguen tres tipos de radares fijos:<\/p>\n\n\n\n<ul class=\"wp-block-list\">\n<li><strong>De cabina: <\/strong>el cinem\u00f3metro se instala dentro de una cabina o caja colocada sobre el suelo y puede estar tanto a la derecha, como a la izquierda de la v\u00eda. En algunas comunidades como Catalu\u00f1a, existen cabinas que permiten ser desplazadas y as\u00ed cambiar su ubicaci\u00f3n de un d\u00eda para otro.<\/li>\n<\/ul>\n\n\n\n<p><\/p>\n\n\n<div class=\"wp-block-image\">\n<figure class=\"aligncenter size-full\"><img loading=\"lazy\" decoding=\"async\" width=\"600\" height=\"400\" src=\"https:\/\/bxrepsol.s3.eu-west-1.amazonaws.com\/static\/2025\/08\/22083609\/Foto-5-3.jpg\" alt=\"\" class=\"wp-image-126926\" srcset=\"https:\/\/bxrepsol.s3.eu-west-1.amazonaws.com\/static\/2025\/08\/22083609\/Foto-5-3.jpg 600w, https:\/\/bxrepsol.s3.eu-west-1.amazonaws.com\/static\/2025\/08\/22083609\/Foto-5-3-300x200.jpg 300w\" sizes=\"auto, (max-width: 600px) 100vw, 600px\" \/><\/figure>\n<\/div>\n\n\n<p><\/p>\n\n\n\n<ul class=\"wp-block-list\">\n<li><strong>De poste:<\/strong> tambi\u00e9n es una caja, pero en lugar de estar en el suelo, se localiza en lo alto de un poste. Igualmente, puede estar a la derecha o a la izquierda de la carretera.<\/li>\n<\/ul>\n\n\n\n<p><\/p>\n\n\n<div class=\"wp-block-image\">\n<figure class=\"aligncenter size-full\"><img loading=\"lazy\" decoding=\"async\" width=\"600\" height=\"400\" src=\"https:\/\/bxrepsol.s3.eu-west-1.amazonaws.com\/static\/2025\/08\/22083622\/Foto-6-3.jpg\" alt=\"\" class=\"wp-image-126928\" srcset=\"https:\/\/bxrepsol.s3.eu-west-1.amazonaws.com\/static\/2025\/08\/22083622\/Foto-6-3.jpg 600w, https:\/\/bxrepsol.s3.eu-west-1.amazonaws.com\/static\/2025\/08\/22083622\/Foto-6-3-300x200.jpg 300w\" sizes=\"auto, (max-width: 600px) 100vw, 600px\" \/><\/figure>\n<\/div>\n\n\n<p><\/p>\n\n\n\n<ul class=\"wp-block-list\">\n<li><strong>De p\u00f3rtico:<\/strong> situados en estructuras elevadas como p\u00f3rticos o puente, por lo que los veh\u00edculos pasan por debajo. Puede haber m\u00e1s de un cinem\u00f3metro en el mismo p\u00f3rtico con la intenci\u00f3n de controlar varios carriles.<\/li>\n<\/ul>\n\n\n\n<p><\/p>\n\n\n<div class=\"wp-block-image\">\n<figure class=\"aligncenter size-full\"><img loading=\"lazy\" decoding=\"async\" width=\"600\" height=\"400\" src=\"https:\/\/bxrepsol.s3.eu-west-1.amazonaws.com\/static\/2025\/08\/22083634\/Foto-7.jpeg\" alt=\"\" class=\"wp-image-126930\" srcset=\"https:\/\/bxrepsol.s3.eu-west-1.amazonaws.com\/static\/2025\/08\/22083634\/Foto-7.jpeg 600w, https:\/\/bxrepsol.s3.eu-west-1.amazonaws.com\/static\/2025\/08\/22083634\/Foto-7-300x200.jpeg 300w\" sizes=\"auto, (max-width: 600px) 100vw, 600px\" \/><\/figure>\n<\/div>\n\n\n<p><\/p>\n\n\n\n<h3 class=\"wp-block-heading\"><span class=\"ez-toc-section\" id=\"%C2%BFQue_provincias_espanolas_tienen_mas_radares_fijos_y_cuales_son_los_que_mas_sanciones_imponen\"><\/span><strong>\u00bfQu\u00e9 provincias espa\u00f1olas tienen m\u00e1s radares fijos y cu\u00e1les son los que m\u00e1s sanciones imponen?<\/strong><span class=\"ez-toc-section-end\"><\/span><\/h3>\n\n\n\n<p>Las provincias con m\u00e1s radares fijos en Espa\u00f1a son:&nbsp;<strong>Barcelona<\/strong> (618) y <strong>Madrid <\/strong>(252), seguidas por <strong>Gerona<\/strong> (137) y M\u00e1laga. Tras ellas, Asturias, Alicante, C\u00e1diz, Vizcaya y Guip\u00fazcoa, tambi\u00e9n tienen una alta presencia de radares.<\/p>\n\n\n\n<p>Por comunidades, <strong>Catalu\u00f1a<\/strong>, con 742, y <strong>Andaluc\u00eda<\/strong>, con 372, son las que cuentan con m\u00e1s radares fijos. En tercer lugar est\u00e1 <strong>Castilla y Le\u00f3n<\/strong> con 333. <strong>Madrid<\/strong>, con 332, ocupa el cuarto lugar. Las que figuran en la cola de la tabla con menos radares son Extremadura, Canarias y Navarra.<\/p>\n\n\n\n<p><\/p>\n\n\n<div class=\"wp-block-image\">\n<figure class=\"aligncenter size-full\"><img loading=\"lazy\" decoding=\"async\" width=\"600\" height=\"400\" src=\"https:\/\/bxrepsol.s3.eu-west-1.amazonaws.com\/static\/2025\/08\/22083647\/Foto-8.jpeg\" alt=\"\" class=\"wp-image-126932\" srcset=\"https:\/\/bxrepsol.s3.eu-west-1.amazonaws.com\/static\/2025\/08\/22083647\/Foto-8.jpeg 600w, https:\/\/bxrepsol.s3.eu-west-1.amazonaws.com\/static\/2025\/08\/22083647\/Foto-8-300x200.jpeg 300w\" sizes=\"auto, (max-width: 600px) 100vw, 600px\" \/><\/figure>\n<\/div>\n\n\n<p><\/p>\n\n\n\n<p><strong>El radar que m\u00e1s multa de toda Espa\u00f1a est\u00e1 en Madrid<\/strong>, en el <strong>km 20 de la M-40<\/strong>. En 2024 este dispositivo impuso m\u00e1s de 75.000 infracciones por exceso de velocidad. Principalmente se debe a que en ese punto la velocidad m\u00e1xima permitida es de 80 km\/h, cuando en la mayor parte de la famosa v\u00eda de circunvalaciones es de 100 km\/h. &nbsp;Tras \u00e9l, con m\u00e1s de 67.000 denuncias el pasado a\u00f1o, se sit\u00faa el del km 968 de la A-7 de M\u00e1laga. El tercer lugar es para el ubicado en el km 127 de la A-15 de Navarra.<\/p>\n\n\n\n<h2 class=\"wp-block-heading\"><span class=\"ez-toc-section\" id=\"%C2%BFExiste_alguna_manera_de_saber_donde_se_encuentran_ubicados_los_radares_fijos_en_Espana\"><\/span><strong>\u00bfExiste alguna manera de saber d\u00f3nde se encuentran ubicados los radares fijos en Espa\u00f1a?<\/strong><span class=\"ez-toc-section-end\"><\/span><\/h2>\n\n\n\n<p>Para conocer la ubicaci\u00f3n de los radares fijos en Espa\u00f1a, se puede consultar el <strong>mapa interactivo de la DGT<\/strong>. Adem\u00e1s, aplicaciones de navegaci\u00f3n <strong>como Google Maps, Mapas, Waze o RadarBot<\/strong> tambi\u00e9n muestran la ubicaci\u00f3n de los radares fijos y m\u00f3viles, proporcionando alertas cuando te acercas a ellos.<\/p>\n\n\n\n<p><\/p>\n\n\n<div class=\"wp-block-image\">\n<figure class=\"aligncenter size-full\"><img loading=\"lazy\" decoding=\"async\" width=\"600\" height=\"400\" src=\"https:\/\/bxrepsol.s3.eu-west-1.amazonaws.com\/static\/2025\/08\/22083659\/Foto-9.png\" alt=\"\" class=\"wp-image-126934\" srcset=\"https:\/\/bxrepsol.s3.eu-west-1.amazonaws.com\/static\/2025\/08\/22083659\/Foto-9.png 600w, https:\/\/bxrepsol.s3.eu-west-1.amazonaws.com\/static\/2025\/08\/22083659\/Foto-9-300x200.png 300w\" sizes=\"auto, (max-width: 600px) 100vw, 600px\" \/><\/figure>\n<\/div>\n\n\n<p><\/p>\n\n\n\n<p>Para consultar los radares en el citado mapa interactivo hay que realizar los siguientes pasos:<\/p>\n\n\n\n<ol class=\"wp-block-list\">\n<li><strong>Acceder al mapa: <\/strong>visitar la p\u00e1gina web oficial de la DGT y buscar la secci\u00f3n de consulta de radares, o accede directamente a trav\u00e9s del enlace <a href=\"https:\/\/infocar.dgt.es\/etraffic\/\">https:\/\/infocar.dgt.es\/etraffic\/<\/a><\/li>\n\n\n\n<li><strong>Seleccionar provincia y carretera: <\/strong>elegir la provincia y la carretera espec\u00edfica donde se quiere consultar la ubicaci\u00f3n de los radares.<\/li>\n\n\n\n<li><strong>Activar el filtro de radares:<\/strong> desmarca otras capas de informaci\u00f3n y deja visible solo la de radares fijos, m\u00f3viles y de tramo.&nbsp;<\/li>\n\n\n\n<li><strong>Visualizar la ubicaci\u00f3n:<\/strong> el mapa muestra los radares fijos con una baliza que indica el punto kilom\u00e9trico.&nbsp;En v\u00edas de doble sentido, la baliza muestra un signo \u00ab+\u00bb para indicar la presencia de radares en ambos sentidos.<\/li>\n<\/ol>\n\n\n\n<h3 class=\"wp-block-heading\"><span class=\"ez-toc-section\" id=\"%C2%BFExiste_alguna_ley_que_obligue_a_la_DGT_a_avisar_donde_hay_colocado_un_radar_fijo\"><\/span><strong>\u00bfExiste alguna ley que obligue a la DGT a avisar d\u00f3nde hay colocado un radar fijo?<\/strong><span class=\"ez-toc-section-end\"><\/span><\/h3>\n\n\n\n<p>Adem\u00e1s de publicar d\u00f3nde est\u00e1n colocados los radares fijos en su web, la Direcci\u00f3n General de Tr\u00e1fico <strong>est\u00e1 obligada a indicar la ubicaci\u00f3n de estos radares<\/strong> mediante una placa o se\u00f1al informativa con un pictograma o s\u00edmbolo gr\u00e1fico espec\u00edfico.&nbsp;La se\u00f1alizaci\u00f3n de los radares fijos es obligatoria seg\u00fan el <strong>Art\u00edculo 22 del Real Decreto 596\/1999<\/strong>. Esta se\u00f1al de aviso suele estar colocada a una distancia de 100 y 200 metros antes del radar en zonas urbanas.&nbsp;En v\u00edas r\u00e1pidas, especialmente en autopistas, la se\u00f1alizaci\u00f3n puede estar, aproximadamente, un kil\u00f3metro antes del radar.<\/p>\n\n\n\n<p><\/p>\n\n\n<div class=\"wp-block-image\">\n<figure class=\"aligncenter size-full\"><img loading=\"lazy\" decoding=\"async\" width=\"600\" height=\"400\" src=\"https:\/\/bxrepsol.s3.eu-west-1.amazonaws.com\/static\/2025\/08\/22083832\/Foto-10-1.jpg\" alt=\"\" class=\"wp-image-126936\" srcset=\"https:\/\/bxrepsol.s3.eu-west-1.amazonaws.com\/static\/2025\/08\/22083832\/Foto-10-1.jpg 600w, https:\/\/bxrepsol.s3.eu-west-1.amazonaws.com\/static\/2025\/08\/22083832\/Foto-10-1-300x200.jpg 300w\" sizes=\"auto, (max-width: 600px) 100vw, 600px\" \/><\/figure>\n<\/div>\n\n\n<p><\/p>\n\n\n\n<p>En el caso de los que est\u00e1n colocados en p\u00f3rticos con cartel luminoso, <strong>el propio cartel tambi\u00e9n avisa de que existe un radar de velocidad<\/strong> en ese punto. Es cierto que esa informaci\u00f3n puede modificarse si la DGT considera que debe advertir de algo m\u00e1s importante a los conductores que circulan por esa v\u00eda.&nbsp; &nbsp;<\/p>\n\n\n\n<p>Por otro lado, la ley <strong>proh\u00edbe el uso de detectores<\/strong> <strong>de radares<\/strong> o cinem\u00f3metros en los veh\u00edculos. Esto puede conllevar sanciones econ\u00f3micas y la <a href=\"https:\/\/www.boxrepsol.com\/es\/vive-tu-moto\/como-recuperar-puntos-del-carnet\/\">p\u00e9rdida de puntos del carnet de conducir<\/a>. Seg\u00fan la ley de Tr\u00e1fico, la sanci\u00f3n por utilizarlos en Espa\u00f1a es de&nbsp;<strong>500 euros y supone la p\u00e9rdida de 3 puntos.<\/strong><a id=\"_msocom_1\"><\/a><\/p>\n","protected":false},"excerpt":{"rendered":"<p>Seg\u00fan datos de 2024, en las carreteras espa\u00f1olas existen cerca de 3.400 radares, de los que 2.341 son fijos, 566 de sem\u00e1foro y 232 de tramo, adem\u00e1s de 256 de control de cintur\u00f3n de seguridad y uso de tel\u00e9fonos m\u00f3viles. En cuanto al tipo de v\u00eda, pr\u00e1cticamente la mitad de ellos se encuentran colocados en ciudades, el 34% en carreteras secundarias y el 18% en v\u00edas r\u00e1pidas.<\/p>\n","protected":false},"author":41267,"featured_media":126916,"comment_status":"open","ping_status":"closed","sticky":false,"template":"","format":"standard","meta":{"footnotes":""},"categories":[122],"tags":[585],"class_list":["post-126915","post","type-post","status-publish","format-standard","hentry","category-vive-tu-moto","tag-conduccion"],"yoast_head":"<!-- This site is optimized with the Yoast SEO plugin v27.3 - https:\/\/yoast.com\/product\/yoast-seo-wordpress\/ -->\n<title>Radares fijos en Espa\u00f1a: \u00bfC\u00f3mo funcionan y d\u00f3nde se ubican? - Box Repsol<\/title>\n<meta name=\"description\" content=\"Conoce c\u00f3mo funcionan los radares fijos, d\u00f3nde est\u00e1n ubicados en Espa\u00f1a y c\u00f3mo ayudan a mejorar la seguridad en las carreteras.\" \/>\n<link rel=\"canonical\" href=\"https:\/\/www.boxrepsol.com\/es\/vive-tu-moto\/radares-fijos-espana\/\" \/>\n<meta property=\"og:locale\" content=\"es_ES\" \/>\n<meta property=\"og:type\" content=\"article\" \/>\n<meta property=\"og:title\" content=\"Radares fijos en Espa\u00f1a: \u00bfC\u00f3mo funcionan y d\u00f3nde se ubican? - Box Repsol\" \/>\n<meta property=\"og:description\" content=\"Conoce c\u00f3mo funcionan los radares fijos, d\u00f3nde est\u00e1n ubicados en Espa\u00f1a y c\u00f3mo ayudan a mejorar la seguridad en las carreteras.\" \/>\n<meta property=\"og:url\" content=\"https:\/\/www.boxrepsol.com\/es\/vive-tu-moto\/radares-fijos-espana\/\" \/>\n<meta property=\"og:site_name\" content=\"Box Repsol\" \/>\n<meta property=\"article:publisher\" content=\"https:\/\/www.facebook.com\/BoxRepsol\" \/>\n<meta property=\"article:published_time\" content=\"2025-08-22T10:46:49+00:00\" \/>\n<meta property=\"article:modified_time\" content=\"2025-09-04T08:49:01+00:00\" \/>\n<meta property=\"og:image\" content=\"https:\/\/bxrepsol.s3.eu-west-1.amazonaws.com\/static\/2025\/08\/22083212\/Foto-1-apertura-2.jpg\" \/>\n\t<meta property=\"og:image:width\" content=\"1200\" \/>\n\t<meta property=\"og:image:height\" content=\"600\" \/>\n\t<meta property=\"og:image:type\" content=\"image\/jpeg\" \/>\n<meta name=\"author\" content=\"V\u00edctor Gancedo\" \/>\n<meta name=\"twitter:card\" content=\"summary_large_image\" \/>\n<meta name=\"twitter:creator\" content=\"@box_repsol\" \/>\n<meta name=\"twitter:site\" content=\"@box_repsol\" \/>\n<meta name=\"twitter:label1\" content=\"Written by\" \/>\n\t<meta name=\"twitter:data1\" content=\"V\u00edctor Gancedo\" \/>\n\t<meta name=\"twitter:label2\" content=\"Est. reading time\" \/>\n\t<meta name=\"twitter:data2\" content=\"6 minutos\" \/>\n<script type=\"application\/ld+json\" class=\"yoast-schema-graph\">{\"@context\":\"https:\\\/\\\/schema.org\",\"@graph\":[{\"@type\":\"Article\",\"@id\":\"https:\\\/\\\/www.boxrepsol.com\\\/es\\\/vive-tu-moto\\\/radares-fijos-espana\\\/#article\",\"isPartOf\":{\"@id\":\"https:\\\/\\\/www.boxrepsol.com\\\/es\\\/vive-tu-moto\\\/radares-fijos-espana\\\/\"},\"author\":{\"name\":\"V\u00edctor Gancedo\",\"@id\":\"https:\\\/\\\/www.boxrepsol.com\\\/es\\\/#\\\/schema\\\/person\\\/40c28bf318bbbe8fe3848b194b7385ca\"},\"headline\":\"Radares fijos en Espa\u00f1a: \u00bfCu\u00e1ntos hay y d\u00f3nde se ubican?\",\"datePublished\":\"2025-08-22T10:46:49+00:00\",\"dateModified\":\"2025-09-04T08:49:01+00:00\",\"mainEntityOfPage\":{\"@id\":\"https:\\\/\\\/www.boxrepsol.com\\\/es\\\/vive-tu-moto\\\/radares-fijos-espana\\\/\"},\"wordCount\":1224,\"commentCount\":0,\"publisher\":{\"@id\":\"https:\\\/\\\/www.boxrepsol.com\\\/es\\\/#organization\"},\"image\":{\"@id\":\"https:\\\/\\\/www.boxrepsol.com\\\/es\\\/vive-tu-moto\\\/radares-fijos-espana\\\/#primaryimage\"},\"thumbnailUrl\":\"https:\\\/\\\/bxrepsol.s3.eu-west-1.amazonaws.com\\\/static\\\/2025\\\/08\\\/22083212\\\/Foto-1-apertura-2.jpg\",\"keywords\":[\"conducci\u00f3n\"],\"articleSection\":[\"Vive tu moto\"],\"inLanguage\":\"es\",\"potentialAction\":[{\"@type\":\"CommentAction\",\"name\":\"Comment\",\"target\":[\"https:\\\/\\\/www.boxrepsol.com\\\/es\\\/vive-tu-moto\\\/radares-fijos-espana\\\/#respond\"]}]},{\"@type\":\"WebPage\",\"@id\":\"https:\\\/\\\/www.boxrepsol.com\\\/es\\\/vive-tu-moto\\\/radares-fijos-espana\\\/\",\"url\":\"https:\\\/\\\/www.boxrepsol.com\\\/es\\\/vive-tu-moto\\\/radares-fijos-espana\\\/\",\"name\":\"Radares fijos en Espa\u00f1a: \u00bfC\u00f3mo funcionan y d\u00f3nde se ubican? - Box Repsol\",\"isPartOf\":{\"@id\":\"https:\\\/\\\/www.boxrepsol.com\\\/es\\\/#website\"},\"primaryImageOfPage\":{\"@id\":\"https:\\\/\\\/www.boxrepsol.com\\\/es\\\/vive-tu-moto\\\/radares-fijos-espana\\\/#primaryimage\"},\"image\":{\"@id\":\"https:\\\/\\\/www.boxrepsol.com\\\/es\\\/vive-tu-moto\\\/radares-fijos-espana\\\/#primaryimage\"},\"thumbnailUrl\":\"https:\\\/\\\/bxrepsol.s3.eu-west-1.amazonaws.com\\\/static\\\/2025\\\/08\\\/22083212\\\/Foto-1-apertura-2.jpg\",\"datePublished\":\"2025-08-22T10:46:49+00:00\",\"dateModified\":\"2025-09-04T08:49:01+00:00\",\"description\":\"Conoce c\u00f3mo funcionan los radares fijos, d\u00f3nde est\u00e1n ubicados en Espa\u00f1a y c\u00f3mo ayudan a mejorar la seguridad en las carreteras.\",\"breadcrumb\":{\"@id\":\"https:\\\/\\\/www.boxrepsol.com\\\/es\\\/vive-tu-moto\\\/radares-fijos-espana\\\/#breadcrumb\"},\"inLanguage\":\"es\",\"potentialAction\":[{\"@type\":\"ReadAction\",\"target\":[\"https:\\\/\\\/www.boxrepsol.com\\\/es\\\/vive-tu-moto\\\/radares-fijos-espana\\\/\"]}]},{\"@type\":\"ImageObject\",\"inLanguage\":\"es\",\"@id\":\"https:\\\/\\\/www.boxrepsol.com\\\/es\\\/vive-tu-moto\\\/radares-fijos-espana\\\/#primaryimage\",\"url\":\"https:\\\/\\\/bxrepsol.s3.eu-west-1.amazonaws.com\\\/static\\\/2025\\\/08\\\/22083212\\\/Foto-1-apertura-2.jpg\",\"contentUrl\":\"https:\\\/\\\/bxrepsol.s3.eu-west-1.amazonaws.com\\\/static\\\/2025\\\/08\\\/22083212\\\/Foto-1-apertura-2.jpg\",\"width\":1200,\"height\":600},{\"@type\":\"BreadcrumbList\",\"@id\":\"https:\\\/\\\/www.boxrepsol.com\\\/es\\\/vive-tu-moto\\\/radares-fijos-espana\\\/#breadcrumb\",\"itemListElement\":[{\"@type\":\"ListItem\",\"position\":1,\"name\":\"Home\",\"item\":\"https:\\\/\\\/www.boxrepsol.com\\\/es\\\/\"},{\"@type\":\"ListItem\",\"position\":2,\"name\":\"Radares fijos en Espa\u00f1a: \u00bfCu\u00e1ntos hay y d\u00f3nde se ubican?\"}]},{\"@type\":\"WebSite\",\"@id\":\"https:\\\/\\\/www.boxrepsol.com\\\/es\\\/#website\",\"url\":\"https:\\\/\\\/www.boxrepsol.com\\\/es\\\/\",\"name\":\"Box Repsol\",\"description\":\"Box Repsol Site\",\"publisher\":{\"@id\":\"https:\\\/\\\/www.boxrepsol.com\\\/es\\\/#organization\"},\"potentialAction\":[{\"@type\":\"SearchAction\",\"target\":{\"@type\":\"EntryPoint\",\"urlTemplate\":\"https:\\\/\\\/www.boxrepsol.com\\\/es\\\/?s={search_term_string}\"},\"query-input\":{\"@type\":\"PropertyValueSpecification\",\"valueRequired\":true,\"valueName\":\"search_term_string\"}}],\"inLanguage\":\"es\"},{\"@type\":\"Organization\",\"@id\":\"https:\\\/\\\/www.boxrepsol.com\\\/es\\\/#organization\",\"name\":\"Box Repsol\",\"url\":\"https:\\\/\\\/www.boxrepsol.com\\\/es\\\/\",\"logo\":{\"@type\":\"ImageObject\",\"inLanguage\":\"es\",\"@id\":\"https:\\\/\\\/www.boxrepsol.com\\\/es\\\/#\\\/schema\\\/logo\\\/image\\\/\",\"url\":\"https:\\\/\\\/bxrepsol.s3.eu-west-1.amazonaws.com\\\/static\\\/2025\\\/07\\\/30083337\\\/favicon-96x96-1.png\",\"contentUrl\":\"https:\\\/\\\/bxrepsol.s3.eu-west-1.amazonaws.com\\\/static\\\/2025\\\/07\\\/30083337\\\/favicon-96x96-1.png\",\"width\":96,\"height\":96,\"caption\":\"Box Repsol\"},\"image\":{\"@id\":\"https:\\\/\\\/www.boxrepsol.com\\\/es\\\/#\\\/schema\\\/logo\\\/image\\\/\"},\"sameAs\":[\"https:\\\/\\\/www.facebook.com\\\/BoxRepsol\",\"https:\\\/\\\/x.com\\\/box_repsol\",\"http:\\\/\\\/instagram.com\\\/box_repsol\",\"https:\\\/\\\/www.youtube.com\\\/user\\\/RepsolCompeticion\",\"https:\\\/\\\/www.flickr.com\\\/photos\\\/box_repsol\\\/\"]},{\"@type\":\"Person\",\"@id\":\"https:\\\/\\\/www.boxrepsol.com\\\/es\\\/#\\\/schema\\\/person\\\/40c28bf318bbbe8fe3848b194b7385ca\",\"name\":\"V\u00edctor Gancedo\",\"image\":{\"@type\":\"ImageObject\",\"inLanguage\":\"es\",\"@id\":\"https:\\\/\\\/secure.gravatar.com\\\/avatar\\\/cd1439a66fca5d3425cd2a7b13f32cd43e25022a0436c1235ef2a28e14fa660a?s=96&d=mm&r=g\",\"url\":\"https:\\\/\\\/secure.gravatar.com\\\/avatar\\\/cd1439a66fca5d3425cd2a7b13f32cd43e25022a0436c1235ef2a28e14fa660a?s=96&d=mm&r=g\",\"contentUrl\":\"https:\\\/\\\/secure.gravatar.com\\\/avatar\\\/cd1439a66fca5d3425cd2a7b13f32cd43e25022a0436c1235ef2a28e14fa660a?s=96&d=mm&r=g\",\"caption\":\"V\u00edctor Gancedo\"},\"description\":\"Periodista especializado en el mundo de las motos, V\u00edctor ha probado pr\u00e1cticamente todas las que han salido al mercado desde 1990. En su larga trayectoria, ha desempe\u00f1ado cargos como los de Jefe de Pruebas de la revista Motociclismo o Responsable de Pruebas del \u00c1rea de Motos del Grupo Motorpress-Ib\u00e9rica, hoy llamado Sport Life Ib\u00e9rica, al cual sigue vinculado.\",\"sameAs\":[\"https:\\\/\\\/www.instagram.com\\\/vfgancedo\"],\"url\":\"https:\\\/\\\/www.boxrepsol.com\\\/es\\\/author\\\/victor_gancedo\\\/\"}]}<\/script>\n<!-- \/ Yoast SEO plugin. -->","yoast_head_json":{"title":"Radares fijos en Espa\u00f1a: \u00bfC\u00f3mo funcionan y d\u00f3nde se ubican? - Box Repsol","description":"Conoce c\u00f3mo funcionan los radares fijos, d\u00f3nde est\u00e1n ubicados en Espa\u00f1a y c\u00f3mo ayudan a mejorar la seguridad en las carreteras.","canonical":"https:\/\/www.boxrepsol.com\/es\/vive-tu-moto\/radares-fijos-espana\/","og_locale":"es_ES","og_type":"article","og_title":"Radares fijos en Espa\u00f1a: \u00bfC\u00f3mo funcionan y d\u00f3nde se ubican? - Box Repsol","og_description":"Conoce c\u00f3mo funcionan los radares fijos, d\u00f3nde est\u00e1n ubicados en Espa\u00f1a y c\u00f3mo ayudan a mejorar la seguridad en las carreteras.","og_url":"https:\/\/www.boxrepsol.com\/es\/vive-tu-moto\/radares-fijos-espana\/","og_site_name":"Box Repsol","article_publisher":"https:\/\/www.facebook.com\/BoxRepsol","article_published_time":"2025-08-22T10:46:49+00:00","article_modified_time":"2025-09-04T08:49:01+00:00","og_image":[{"width":1200,"height":600,"url":"https:\/\/bxrepsol.s3.eu-west-1.amazonaws.com\/static\/2025\/08\/22083212\/Foto-1-apertura-2.jpg","type":"image\/jpeg"}],"author":"V\u00edctor Gancedo","twitter_card":"summary_large_image","twitter_creator":"@box_repsol","twitter_site":"@box_repsol","twitter_misc":{"Written by":"V\u00edctor Gancedo","Est. reading time":"6 minutos"},"schema":{"@context":"https:\/\/schema.org","@graph":[{"@type":"Article","@id":"https:\/\/www.boxrepsol.com\/es\/vive-tu-moto\/radares-fijos-espana\/#article","isPartOf":{"@id":"https:\/\/www.boxrepsol.com\/es\/vive-tu-moto\/radares-fijos-espana\/"},"author":{"name":"V\u00edctor Gancedo","@id":"https:\/\/www.boxrepsol.com\/es\/#\/schema\/person\/40c28bf318bbbe8fe3848b194b7385ca"},"headline":"Radares fijos en Espa\u00f1a: \u00bfCu\u00e1ntos hay y d\u00f3nde se ubican?","datePublished":"2025-08-22T10:46:49+00:00","dateModified":"2025-09-04T08:49:01+00:00","mainEntityOfPage":{"@id":"https:\/\/www.boxrepsol.com\/es\/vive-tu-moto\/radares-fijos-espana\/"},"wordCount":1224,"commentCount":0,"publisher":{"@id":"https:\/\/www.boxrepsol.com\/es\/#organization"},"image":{"@id":"https:\/\/www.boxrepsol.com\/es\/vive-tu-moto\/radares-fijos-espana\/#primaryimage"},"thumbnailUrl":"https:\/\/bxrepsol.s3.eu-west-1.amazonaws.com\/static\/2025\/08\/22083212\/Foto-1-apertura-2.jpg","keywords":["conducci\u00f3n"],"articleSection":["Vive tu moto"],"inLanguage":"es","potentialAction":[{"@type":"CommentAction","name":"Comment","target":["https:\/\/www.boxrepsol.com\/es\/vive-tu-moto\/radares-fijos-espana\/#respond"]}]},{"@type":"WebPage","@id":"https:\/\/www.boxrepsol.com\/es\/vive-tu-moto\/radares-fijos-espana\/","url":"https:\/\/www.boxrepsol.com\/es\/vive-tu-moto\/radares-fijos-espana\/","name":"Radares fijos en Espa\u00f1a: \u00bfC\u00f3mo funcionan y d\u00f3nde se ubican? - Box Repsol","isPartOf":{"@id":"https:\/\/www.boxrepsol.com\/es\/#website"},"primaryImageOfPage":{"@id":"https:\/\/www.boxrepsol.com\/es\/vive-tu-moto\/radares-fijos-espana\/#primaryimage"},"image":{"@id":"https:\/\/www.boxrepsol.com\/es\/vive-tu-moto\/radares-fijos-espana\/#primaryimage"},"thumbnailUrl":"https:\/\/bxrepsol.s3.eu-west-1.amazonaws.com\/static\/2025\/08\/22083212\/Foto-1-apertura-2.jpg","datePublished":"2025-08-22T10:46:49+00:00","dateModified":"2025-09-04T08:49:01+00:00","description":"Conoce c\u00f3mo funcionan los radares fijos, d\u00f3nde est\u00e1n ubicados en Espa\u00f1a y c\u00f3mo ayudan a mejorar la seguridad en las carreteras.","breadcrumb":{"@id":"https:\/\/www.boxrepsol.com\/es\/vive-tu-moto\/radares-fijos-espana\/#breadcrumb"},"inLanguage":"es","potentialAction":[{"@type":"ReadAction","target":["https:\/\/www.boxrepsol.com\/es\/vive-tu-moto\/radares-fijos-espana\/"]}]},{"@type":"ImageObject","inLanguage":"es","@id":"https:\/\/www.boxrepsol.com\/es\/vive-tu-moto\/radares-fijos-espana\/#primaryimage","url":"https:\/\/bxrepsol.s3.eu-west-1.amazonaws.com\/static\/2025\/08\/22083212\/Foto-1-apertura-2.jpg","contentUrl":"https:\/\/bxrepsol.s3.eu-west-1.amazonaws.com\/static\/2025\/08\/22083212\/Foto-1-apertura-2.jpg","width":1200,"height":600},{"@type":"BreadcrumbList","@id":"https:\/\/www.boxrepsol.com\/es\/vive-tu-moto\/radares-fijos-espana\/#breadcrumb","itemListElement":[{"@type":"ListItem","position":1,"name":"Home","item":"https:\/\/www.boxrepsol.com\/es\/"},{"@type":"ListItem","position":2,"name":"Radares fijos en Espa\u00f1a: \u00bfCu\u00e1ntos hay y d\u00f3nde se ubican?"}]},{"@type":"WebSite","@id":"https:\/\/www.boxrepsol.com\/es\/#website","url":"https:\/\/www.boxrepsol.com\/es\/","name":"Box Repsol","description":"Box Repsol Site","publisher":{"@id":"https:\/\/www.boxrepsol.com\/es\/#organization"},"potentialAction":[{"@type":"SearchAction","target":{"@type":"EntryPoint","urlTemplate":"https:\/\/www.boxrepsol.com\/es\/?s={search_term_string}"},"query-input":{"@type":"PropertyValueSpecification","valueRequired":true,"valueName":"search_term_string"}}],"inLanguage":"es"},{"@type":"Organization","@id":"https:\/\/www.boxrepsol.com\/es\/#organization","name":"Box Repsol","url":"https:\/\/www.boxrepsol.com\/es\/","logo":{"@type":"ImageObject","inLanguage":"es","@id":"https:\/\/www.boxrepsol.com\/es\/#\/schema\/logo\/image\/","url":"https:\/\/bxrepsol.s3.eu-west-1.amazonaws.com\/static\/2025\/07\/30083337\/favicon-96x96-1.png","contentUrl":"https:\/\/bxrepsol.s3.eu-west-1.amazonaws.com\/static\/2025\/07\/30083337\/favicon-96x96-1.png","width":96,"height":96,"caption":"Box Repsol"},"image":{"@id":"https:\/\/www.boxrepsol.com\/es\/#\/schema\/logo\/image\/"},"sameAs":["https:\/\/www.facebook.com\/BoxRepsol","https:\/\/x.com\/box_repsol","http:\/\/instagram.com\/box_repsol","https:\/\/www.youtube.com\/user\/RepsolCompeticion","https:\/\/www.flickr.com\/photos\/box_repsol\/"]},{"@type":"Person","@id":"https:\/\/www.boxrepsol.com\/es\/#\/schema\/person\/40c28bf318bbbe8fe3848b194b7385ca","name":"V\u00edctor Gancedo","image":{"@type":"ImageObject","inLanguage":"es","@id":"https:\/\/secure.gravatar.com\/avatar\/cd1439a66fca5d3425cd2a7b13f32cd43e25022a0436c1235ef2a28e14fa660a?s=96&d=mm&r=g","url":"https:\/\/secure.gravatar.com\/avatar\/cd1439a66fca5d3425cd2a7b13f32cd43e25022a0436c1235ef2a28e14fa660a?s=96&d=mm&r=g","contentUrl":"https:\/\/secure.gravatar.com\/avatar\/cd1439a66fca5d3425cd2a7b13f32cd43e25022a0436c1235ef2a28e14fa660a?s=96&d=mm&r=g","caption":"V\u00edctor Gancedo"},"description":"Periodista especializado en el mundo de las motos, V\u00edctor ha probado pr\u00e1cticamente todas las que han salido al mercado desde 1990. En su larga trayectoria, ha desempe\u00f1ado cargos como los de Jefe de Pruebas de la revista Motociclismo o Responsable de Pruebas del \u00c1rea de Motos del Grupo Motorpress-Ib\u00e9rica, hoy llamado Sport Life Ib\u00e9rica, al cual sigue vinculado.","sameAs":["https:\/\/www.instagram.com\/vfgancedo"],"url":"https:\/\/www.boxrepsol.com\/es\/author\/victor_gancedo\/"}]}},"_links":{"self":[{"href":"https:\/\/www.boxrepsol.com\/es\/wp-json\/wp\/v2\/posts\/126915","targetHints":{"allow":["GET"]}}],"collection":[{"href":"https:\/\/www.boxrepsol.com\/es\/wp-json\/wp\/v2\/posts"}],"about":[{"href":"https:\/\/www.boxrepsol.com\/es\/wp-json\/wp\/v2\/types\/post"}],"author":[{"embeddable":true,"href":"https:\/\/www.boxrepsol.com\/es\/wp-json\/wp\/v2\/users\/41267"}],"replies":[{"embeddable":true,"href":"https:\/\/www.boxrepsol.com\/es\/wp-json\/wp\/v2\/comments?post=126915"}],"version-history":[{"count":8,"href":"https:\/\/www.boxrepsol.com\/es\/wp-json\/wp\/v2\/posts\/126915\/revisions"}],"predecessor-version":[{"id":127041,"href":"https:\/\/www.boxrepsol.com\/es\/wp-json\/wp\/v2\/posts\/126915\/revisions\/127041"}],"wp:featuredmedia":[{"embeddable":true,"href":"https:\/\/www.boxrepsol.com\/es\/wp-json\/wp\/v2\/media\/126916"}],"wp:attachment":[{"href":"https:\/\/www.boxrepsol.com\/es\/wp-json\/wp\/v2\/media?parent=126915"}],"wp:term":[{"taxonomy":"category","embeddable":true,"href":"https:\/\/www.boxrepsol.com\/es\/wp-json\/wp\/v2\/categories?post=126915"},{"taxonomy":"post_tag","embeddable":true,"href":"https:\/\/www.boxrepsol.com\/es\/wp-json\/wp\/v2\/tags?post=126915"}],"curies":[{"name":"wp","href":"https:\/\/api.w.org\/{rel}","templated":true}]}}