{"id":126735,"date":"2025-08-05T09:08:49","date_gmt":"2025-08-05T11:08:49","guid":{"rendered":"https:\/\/www.boxrepsol.com\/?p=126735"},"modified":"2025-08-05T09:10:19","modified_gmt":"2025-08-05T11:10:19","slug":"indemnizacion-por-accidentes-de-trafico","status":"publish","type":"post","link":"https:\/\/www.boxrepsol.com\/es\/cultura-motera\/indemnizacion-por-accidentes-de-trafico\/","title":{"rendered":"Indemnizaci\u00f3n por accidente de tr\u00e1fico: todo lo que debes saber"},"content":{"rendered":"<figure class=\"wp-block-post-featured-image\"><img loading=\"lazy\" decoding=\"async\" width=\"1200\" height=\"600\" src=\"https:\/\/bxrepsol.s3.eu-west-1.amazonaws.com\/static\/2025\/08\/05090635\/Diseno-sin-titulo-4-e1754392013626.jpg\" class=\"attachment-post-thumbnail size-post-thumbnail wp-post-image\" alt=\"carretera espa\u00f1ola\" style=\"object-fit:cover;\" \/><\/figure>\n\n\n<p>Esta <strong>indemnizaci\u00f3n<\/strong> cubre tanto los da\u00f1os materiales como personales, incluyendo gastos m\u00e9dicos, p\u00e9rdida de ingresos (lucro cesante), secuelas y fallecimiento.\u00a0Para ello, existe un <strong>Baremo de accidentes de tr\u00e1fico<\/strong> que establece las cuant\u00edas de indemnizaci\u00f3n seg\u00fan la gravedad de las lesiones y el impacto en la calidad de vida de la v\u00edctima.<\/p>\n\n\n\n<p>La <strong>reclamaci\u00f3n de una indemnizaci\u00f3n<\/strong> se puede realizar a trav\u00e9s de la <a href=\"https:\/\/www.boxrepsol.com\/es\/vive-tu-moto\/seguros-moto-saber-contratar\/\"><strong>compa\u00f1\u00eda de seguros<\/strong><\/a><strong> <\/strong>correspondiente o mediante un <strong>abogado<\/strong> <strong>independiente especializado en accidentes de tr\u00e1fico<\/strong>. Por lo general, las compa\u00f1\u00edas de seguros prefieren resolver los asuntos relacionados con indemnizaciones de manera r\u00e1pida y f\u00e1cil, por lo que las remuneraciones suelen ser m\u00e1s bajas. Si se recurre a un abogado independiente para la defensa jur\u00eddica, es posible que el proceso se alargue, pero lo m\u00e1s probable es que la indemnizaci\u00f3n sea considerablemente m\u00e1s alta. Un abogado independiente siempre est\u00e1 del lado de la v\u00edctima y nunca cobra honorarios por adelantado. Una vez finalizado el proceso, percibe un <strong>porcentaje que oscila entre un 10 y un 15% de la indemnizaci\u00f3n<\/strong> y la compa\u00f1\u00eda de seguros cubre una parte de sus honorarios.<\/p>\n\n\n\n<div id=\"ez-toc-container\" class=\"ez-toc-v2_0_82_2 counter-hierarchy ez-toc-counter ez-toc-grey ez-toc-container-direction\">\n<div class=\"ez-toc-title-container\">\n<p class=\"ez-toc-title\" style=\"cursor:inherit\">\u00cdndice<\/p>\n<span class=\"ez-toc-title-toggle\"><a href=\"#\" class=\"ez-toc-pull-right ez-toc-btn ez-toc-btn-xs ez-toc-btn-default ez-toc-toggle\" aria-label=\"Toggle Table of Content\"><span class=\"ez-toc-js-icon-con\"><span class=\"\"><span class=\"eztoc-hide\" style=\"display:none;\">Toggle<\/span><span class=\"ez-toc-icon-toggle-span\"><svg style=\"fill: #999;color:#999\" xmlns=\"http:\/\/www.w3.org\/2000\/svg\" class=\"list-377408\" width=\"20px\" height=\"20px\" viewBox=\"0 0 24 24\" fill=\"none\"><path d=\"M6 6H4v2h2V6zm14 0H8v2h12V6zM4 11h2v2H4v-2zm16 0H8v2h12v-2zM4 16h2v2H4v-2zm16 0H8v2h12v-2z\" fill=\"currentColor\"><\/path><\/svg><svg style=\"fill: #999;color:#999\" class=\"arrow-unsorted-368013\" xmlns=\"http:\/\/www.w3.org\/2000\/svg\" width=\"10px\" height=\"10px\" viewBox=\"0 0 24 24\" version=\"1.2\" baseProfile=\"tiny\"><path d=\"M18.2 9.3l-6.2-6.3-6.2 6.3c-.2.2-.3.4-.3.7s.1.5.3.7c.2.2.4.3.7.3h11c.3 0 .5-.1.7-.3.2-.2.3-.5.3-.7s-.1-.5-.3-.7zM5.8 14.7l6.2 6.3 6.2-6.3c.2-.2.3-.5.3-.7s-.1-.5-.3-.7c-.2-.2-.4-.3-.7-.3h-11c-.3 0-.5.1-.7.3-.2.2-.3.5-.3.7s.1.5.3.7z\"\/><\/svg><\/span><\/span><\/span><\/a><\/span><\/div>\n<nav><ul class='ez-toc-list ez-toc-list-level-1 ' ><li class='ez-toc-page-1 ez-toc-heading-level-2'><a class=\"ez-toc-link ez-toc-heading-1\" href=\"https:\/\/www.boxrepsol.com\/es\/cultura-motera\/indemnizacion-por-accidentes-de-trafico\/#%C2%BFQuien_tiene_derecho_a_recibir_una_indemnizacion_en_un_accidente_de_trafico\" >\u00bfQui\u00e9n tiene derecho a recibir una indemnizaci\u00f3n en un accidente de tr\u00e1fico?<\/a><ul class='ez-toc-list-level-3' ><li class='ez-toc-heading-level-3'><a class=\"ez-toc-link ez-toc-heading-2\" href=\"https:\/\/www.boxrepsol.com\/es\/cultura-motera\/indemnizacion-por-accidentes-de-trafico\/#%C2%BFQue_se_indemniza_tras_un_accidente_de_trafico\" >\u00bfQu\u00e9 se indemniza tras un accidente de tr\u00e1fico?<\/a><\/li><\/ul><\/li><li class='ez-toc-page-1 ez-toc-heading-level-2'><a class=\"ez-toc-link ez-toc-heading-3\" href=\"https:\/\/www.boxrepsol.com\/es\/cultura-motera\/indemnizacion-por-accidentes-de-trafico\/#Pasos_para_reclamar_una_indemnizacion_por_accidente\" >Pasos para reclamar una indemnizaci\u00f3n por accidente<\/a><\/li><li class='ez-toc-page-1 ez-toc-heading-level-2'><a class=\"ez-toc-link ez-toc-heading-4\" href=\"https:\/\/www.boxrepsol.com\/es\/cultura-motera\/indemnizacion-por-accidentes-de-trafico\/#%C2%BFComo_se_calcula_la_indemnizacion\" >\u00bfC\u00f3mo se calcula la indemnizaci\u00f3n?<\/a><ul class='ez-toc-list-level-3' ><li class='ez-toc-heading-level-3'><a class=\"ez-toc-link ez-toc-heading-5\" href=\"https:\/\/www.boxrepsol.com\/es\/cultura-motera\/indemnizacion-por-accidentes-de-trafico\/#Tipos_de_indemnizacion_segun_el_baremo\" >Tipos de indemnizaci\u00f3n seg\u00fan el baremo<\/a><\/li><\/ul><\/li><\/ul><\/nav><\/div>\n<h2 class=\"wp-block-heading\"><span class=\"ez-toc-section\" id=\"%C2%BFQuien_tiene_derecho_a_recibir_una_indemnizacion_en_un_accidente_de_trafico\"><\/span><strong>\u00bfQui\u00e9n tiene derecho a recibir una indemnizaci\u00f3n en un accidente de tr\u00e1fico?<\/strong><span class=\"ez-toc-section-end\"><\/span><\/h2>\n\n\n\n<p>En un <strong>siniestro de tr\u00e1fico<\/strong>, tienen derecho a indemnizaci\u00f3n&nbsp;las personas que hayan sufrido da\u00f1os, tanto materiales como personales, como consecuencia del accidente, siempre y cuando no sean las responsables de este.&nbsp;Esto incluye a conductores, pasajeros, peatones y ciclistas.<\/p>\n\n\n\n<p>En el caso de v\u00edctimas fallecidas en accidentes, los familiares m\u00e1s cercanos tambi\u00e9n pueden reclamar una indemnizaci\u00f3n.<\/p>\n\n\n\n<figure class=\"wp-block-image size-large is-resized\"><img loading=\"lazy\" decoding=\"async\" width=\"1024\" height=\"829\" src=\"https:\/\/bxrepsol.s3.eu-west-1.amazonaws.com\/static\/2025\/08\/05090044\/Foto-2-1024x829.jpg\" alt=\"accidente de tr\u00e1fico\" class=\"wp-image-126736\" style=\"object-fit:cover;width:600px;height:400px\" srcset=\"https:\/\/bxrepsol.s3.eu-west-1.amazonaws.com\/static\/2025\/08\/05090044\/Foto-2-1024x829.jpg 1024w, https:\/\/bxrepsol.s3.eu-west-1.amazonaws.com\/static\/2025\/08\/05090044\/Foto-2-300x243.jpg 300w, https:\/\/bxrepsol.s3.eu-west-1.amazonaws.com\/static\/2025\/08\/05090044\/Foto-2-768x622.jpg 768w, https:\/\/bxrepsol.s3.eu-west-1.amazonaws.com\/static\/2025\/08\/05090044\/Foto-2.jpg 1110w\" sizes=\"auto, (max-width: 1024px) 100vw, 1024px\" \/><\/figure>\n\n\n\n<p>Es cierto que, a pesar de ser el conductor causante del accidente, hay algunos seguros espec\u00edficos que cubren sus da\u00f1os personales. En este caso las cuant\u00edas suelen estar establecidas y llegan hasta un l\u00edmite.<\/p>\n\n\n\n<p>Los <strong>afectados por un accidente de tr\u00e1fico<\/strong> (v\u00edctimas y familiares) tienen derecho a una serie de prestaciones sociales, econ\u00f3micas y de recursos p\u00fablicos. Los trabajadores sociales son los profesionales que se encargan de asesorar sobre estos temas. La manera m\u00e1s sencilla de contactar con ellos es a trav\u00e9s de los <strong>Centros de Salud de Atenci\u00f3n Primaria<\/strong>, previa petici\u00f3n de cita. En el caso de que la v\u00edctima est\u00e9 ingresada en un hospital, los encargados de asesorar ser\u00e1n los trabajadores sociales del citado hospital.<\/p>\n\n\n\n<p>Sobre las <strong>prestaciones de car\u00e1cter econ\u00f3mico<\/strong> (incapacidad temporal, discapacidad, por hijos, por viudedad, a favor de familiares, etc.) tambi\u00e9n pueden informar los <strong>Centros de Atenci\u00f3n e Informaci\u00f3n de la Seguridad Social.<\/strong><\/p>\n\n\n\n<figure class=\"wp-block-image size-large is-resized\"><img loading=\"lazy\" decoding=\"async\" width=\"1024\" height=\"709\" src=\"https:\/\/bxrepsol.s3.eu-west-1.amazonaws.com\/static\/2025\/08\/05090108\/Foto-3-1024x709.jpg\" alt=\"Centro de Salud Primario\" class=\"wp-image-126738\" style=\"object-fit:cover;width:600px;height:400px\" srcset=\"https:\/\/bxrepsol.s3.eu-west-1.amazonaws.com\/static\/2025\/08\/05090108\/Foto-3-1024x709.jpg 1024w, https:\/\/bxrepsol.s3.eu-west-1.amazonaws.com\/static\/2025\/08\/05090108\/Foto-3-300x208.jpg 300w, https:\/\/bxrepsol.s3.eu-west-1.amazonaws.com\/static\/2025\/08\/05090108\/Foto-3-768x532.jpg 768w, https:\/\/bxrepsol.s3.eu-west-1.amazonaws.com\/static\/2025\/08\/05090108\/Foto-3-1536x1064.jpg 1536w, https:\/\/bxrepsol.s3.eu-west-1.amazonaws.com\/static\/2025\/08\/05090108\/Foto-3-2048x1419.jpg 2048w\" sizes=\"auto, (max-width: 1024px) 100vw, 1024px\" \/><\/figure>\n\n\n\n<p><\/p>\n\n\n\n<h3 class=\"wp-block-heading\"><span class=\"ez-toc-section\" id=\"%C2%BFQue_se_indemniza_tras_un_accidente_de_trafico\"><\/span><strong>\u00bfQu\u00e9 se indemniza tras un accidente de tr\u00e1fico?<\/strong><span class=\"ez-toc-section-end\"><\/span><\/h3>\n\n\n\n<p>Salvo elcausante o responsable, <strong>todos los afectados<\/strong> <strong>por un accidente deben ser indemnizados<\/strong>, tanto por da\u00f1os personales, como materiales. Generalmente, es m\u00e1s f\u00e1cil reclamar por los primeros, que por los segundos.<\/p>\n\n\n\n<p>En el caso de producirse lesiones y entre otras cosas, en la indemnizaci\u00f3n se incluyen cantidades diarias que van en funci\u00f3n de su gravedad. Dependiendo de esta, se clasifican en una escala de cuatro niveles que son: <strong>muy grave<\/strong> (estancia en UCI), <strong>grave<\/strong> (estancia en hospital), <strong>moderada<\/strong> (baja laboral) y <strong>b\u00e1sica<\/strong> (tratamiento o rehabilitaci\u00f3n sin baja laboral). Una vez superado el proceso de recuperaci\u00f3n y tras cerrarse el caso, si queda alguna secuela f\u00edsica que requiera la ayuda de otra persona para realizar actividades b\u00e1sicas de la vida diaria, o requiere apoyo para tener una vida aut\u00f3noma como consecuencia de una discapacidad f\u00edsica o intelectual derivada del accidente, la v\u00edctima puede acogerse a la <strong>ley de Dependencia (Promoci\u00f3n de la Autonom\u00eda Personal y Atenci\u00f3n a las Personas en situaci\u00f3n de Dependencia).<\/strong> Son las Comunidades Aut\u00f3nomas las que gestionan estas prestaciones, de acuerdo con una protecci\u00f3n m\u00ednima establecida por el Estado.<\/p>\n\n\n\n<h2 class=\"wp-block-heading\"><span class=\"ez-toc-section\" id=\"Pasos_para_reclamar_una_indemnizacion_por_accidente\"><\/span><strong>Pasos para reclamar una indemnizaci\u00f3n por accidente<\/strong><span class=\"ez-toc-section-end\"><\/span><\/h2>\n\n\n\n<ol class=\"wp-block-list\">\n<li><strong>Atestado:<\/strong> siempre que se produzca un <strong>siniestro<\/strong> en el que se registren heridos o fallecidos, las correspondientes fuerzas encargadas de la vigilancia del tr\u00e1fico tienen <strong>la obligaci\u00f3n de elaborar un documento <\/strong>(<strong>atestado<\/strong>) en el que se recojan todos los datos y circunstancias del accidente. La correcta y completa confecci\u00f3n del mismo es muy importante. Por ello, si la v\u00edctima o v\u00edctimas se encuentran en el lugar del accidente y su estado f\u00edsico lo permite, es muy <strong>aconsejable que avisen a la autoridad competente<\/strong> responsable de la confecci\u00f3n del atestado para que proceda a su elaboraci\u00f3n. Para ello, basta con realizar una llamada al <strong>tel\u00e9fono de<\/strong> <strong>emergencias 112<\/strong>. Esta llamada tambi\u00e9n puede ser realizada por alg\u00fan testigo del accidente y su declaraci\u00f3n voluntaria puede ser muy importante parta la realizaci\u00f3n del atestado. No est\u00e1 de m\u00e1s <strong>realizar fotos que puedan ayudar a clarificar las circunstancias del accidente,<\/strong> as\u00ed como para demostrar los da\u00f1os materiales producidos en el siniestro.<\/li>\n<\/ol>\n\n\n\n<figure class=\"wp-block-image size-large is-resized\"><img loading=\"lazy\" decoding=\"async\" width=\"1024\" height=\"768\" src=\"https:\/\/bxrepsol.s3.eu-west-1.amazonaws.com\/static\/2025\/08\/05090148\/Foto-4-1024x768.jpg\" alt=\"Guardia Civil\" class=\"wp-image-126740\" style=\"object-fit:cover;width:600px;height:400px\" srcset=\"https:\/\/bxrepsol.s3.eu-west-1.amazonaws.com\/static\/2025\/08\/05090148\/Foto-4-1024x768.jpg 1024w, https:\/\/bxrepsol.s3.eu-west-1.amazonaws.com\/static\/2025\/08\/05090148\/Foto-4-300x225.jpg 300w, https:\/\/bxrepsol.s3.eu-west-1.amazonaws.com\/static\/2025\/08\/05090148\/Foto-4-768x576.jpg 768w, https:\/\/bxrepsol.s3.eu-west-1.amazonaws.com\/static\/2025\/08\/05090148\/Foto-4-1536x1152.jpg 1536w, https:\/\/bxrepsol.s3.eu-west-1.amazonaws.com\/static\/2025\/08\/05090148\/Foto-4-2048x1536.jpg 2048w\" sizes=\"auto, (max-width: 1024px) 100vw, 1024px\" \/><\/figure>\n\n\n\n<ul class=\"wp-block-list\">\n<li><strong>Parte de accidente:<\/strong> tras el accidente y si se est\u00e1 en condiciones de hacerlo, es necesario rellenar el correspondiente <a href=\"https:\/\/www.boxrepsol.com\/es\/cultura-motera\/rellenar-parte-amistosos\/\"><strong>Parte<\/strong> <strong>Europeo de Accidentes o Declaraci\u00f3n Amistosa de accidente (DAA),<\/strong><\/a> y hacerlo llegar a la compa\u00f1\u00eda de seguros. Se deben indicar todos los datos de los veh\u00edculos y los da\u00f1os causados, tanto a las personas como a los veh\u00edculos implicados, as\u00ed como las circunstancias del accidente. Este parte <strong>agilizar\u00e1 los tr\u00e1mites entre los implicados en un accidente<\/strong> y las compa\u00f1\u00edas de seguros. En Espa\u00f1a, el plazo para dar parte a la compa\u00f1\u00eda de seguros por un accidente de tr\u00e1fico es de\u00a0<strong>siete d\u00edas naturales<\/strong> a partir de la fecha del siniestro.\u00a0Es importante cumplir con este plazo para evitar posibles problemas con la aseguradora y garantizar la correcta gesti\u00f3n del siniestro.<\/li>\n<\/ul>\n\n\n\n<figure class=\"wp-block-image size-full is-resized\"><img loading=\"lazy\" decoding=\"async\" width=\"867\" height=\"383\" src=\"https:\/\/bxrepsol.s3.eu-west-1.amazonaws.com\/static\/2025\/08\/05090237\/Foto-5-1.jpg\" alt=\"\" class=\"wp-image-126744\" style=\"width:600px\" srcset=\"https:\/\/bxrepsol.s3.eu-west-1.amazonaws.com\/static\/2025\/08\/05090237\/Foto-5-1.jpg 867w, https:\/\/bxrepsol.s3.eu-west-1.amazonaws.com\/static\/2025\/08\/05090237\/Foto-5-1-300x133.jpg 300w, https:\/\/bxrepsol.s3.eu-west-1.amazonaws.com\/static\/2025\/08\/05090237\/Foto-5-1-768x339.jpg 768w\" sizes=\"auto, (max-width: 867px) 100vw, 867px\" \/><\/figure>\n\n\n\n<p><strong>3) Justificante de lesiones:<\/strong> en el caso de que existan <strong>da\u00f1os f\u00edsicos<\/strong>, es fundamental acudir a un <strong>centro m\u00e9dico<\/strong> lo antes posible para <strong>obtener un informe m\u00e9dico inicial <\/strong>y realizar un seguimiento de las lesiones. Igualmente importante es seguir el tratamiento aconsejado en dicho informe.<\/p>\n\n\n\n<p><strong>4) Buscar un abogado:<\/strong> recurrir a un <strong>abogado especializado en accidentes<\/strong>, bien a trav\u00e9s de la <strong>compa\u00f1\u00eda de seguros<\/strong>, o bien de <strong>manera<\/strong> <strong>independiente<\/strong>. El abogado puede ayudar a negociar con la aseguradora del responsable de accidente y a llegar a un acuerdo amistoso, evitando as\u00ed un juicio. Si no se llega a ese acuerdo previo, se puede presentar una demanda civil o penal, dependiendo de la gravedad del accidente.<\/p>\n\n\n\n<p><strong>5)<\/strong> <strong>Facturas:<\/strong> se deben recopilar todas las <strong>facturas de gastos<\/strong> <strong>relacionados con el accidente<\/strong>. Esto incluye gastos m\u00e9dicos, de rehabilitaci\u00f3n, de reparaci\u00f3n de veh\u00edculos, de desplazamientos, etc.<\/p>\n\n\n\n<p>6) <strong>Informe laboral:<\/strong> si las <strong>lesiones<\/strong> <strong>sufridas<\/strong> en un accidente afectan a la <strong>capacidad laboral<\/strong> <strong>de la v\u00edctima,<\/strong> esta necesitar\u00e1 aportar el informe de baja y alta, as\u00ed como el contrato de trabajo y algunas n\u00f3minas.<\/p>\n\n\n\n<p>En resumen, reclamar una indemnizaci\u00f3n por accidente implica recopilar pruebas, notificar a la aseguradora, buscar asesoramiento y, si es necesario, emprender acciones legales para obtener la compensaci\u00f3n adecuada por los da\u00f1os sufridos.<\/p>\n\n\n\n<h2 class=\"wp-block-heading\"><span class=\"ez-toc-section\" id=\"%C2%BFComo_se_calcula_la_indemnizacion\"><\/span><strong>\u00bfC\u00f3mo se calcula la indemnizaci\u00f3n?<\/strong><span class=\"ez-toc-section-end\"><\/span><\/h2>\n\n\n\n<p>Valorar los da\u00f1os corporales ocasionados por un accidente de tr\u00e1fico y recibir una indemnizaci\u00f3n por ellos es el objetivo del <strong>Sistema para la Valoraci\u00f3n del Da\u00f1o Corporal en Accidentes de Tr\u00e1fico<\/strong>, conocido como Baremo y desarrollado por la\u00a0<a href=\"https:\/\/www.boe.es\/diario_boe\/txt.php?id=BOE-A-2015-10197\" target=\"_blank\" rel=\"noreferrer noopener\"><strong>Ley 35\/2015, de 22 de septiembre<\/strong><\/a>. En dicho Baremo, compuesto por tablas, se fijan unas reglas para la valoraci\u00f3n y se establecen unas indemnizaciones por fallecimiento, secuelas y lesiones temporales, teniendo en cuenta determinadas condiciones particulares y de edad. Tambi\u00e9n se reconoce la indemnizaci\u00f3n por los da\u00f1os y perjuicios materiales, patrimoniales y morales causados a la v\u00edctima del accidente.<\/p>\n\n\n\n<p>Las reclamaciones deben dirigirse a la aseguradora del responsable del siniestro, o bien al <strong>Consorcio de Compensaci\u00f3n de Seguros<\/strong> en los casos en los que el causante no se haya podido identificar, el veh\u00edculo fuera robado o no estuviera asegurado.<\/p>\n\n\n\n<p>En caso de desacuerdo con la valoraci\u00f3n, se puede solicitar la realizaci\u00f3n de pruebas periciales al <strong>Instituto de Medicina Legal<\/strong>, en donde les realizar\u00e1n una nueva valoraci\u00f3n. El precio de esta pericia es p\u00fablico.<\/p>\n\n\n\n<h3 class=\"wp-block-heading\"><span class=\"ez-toc-section\" id=\"Tipos_de_indemnizacion_segun_el_baremo\"><\/span><strong>Tipos de indemnizaci\u00f3n seg\u00fan el baremo<\/strong><span class=\"ez-toc-section-end\"><\/span><\/h3>\n\n\n\n<p>El <strong>Baremo<\/strong> incluye muchas tablas con infinidad de cantidades. De \u00e9l se pueden extraer muchas conclusiones, pero una de las m\u00e1s relevantes es que las indemnizaciones a las v\u00edctimas est\u00e1n estrechamente relacionadas con su edad y cuanto m\u00e1s joven es, mayor es la indemnizaci\u00f3n que puede recibir.<\/p>\n\n\n\n<figure class=\"wp-block-image size-large is-resized\"><img loading=\"lazy\" decoding=\"async\" width=\"1024\" height=\"647\" src=\"https:\/\/bxrepsol.s3.eu-west-1.amazonaws.com\/static\/2025\/08\/05090253\/Foto-6-1024x647.jpg\" alt=\"\" class=\"wp-image-126746\" style=\"width:600px\" srcset=\"https:\/\/bxrepsol.s3.eu-west-1.amazonaws.com\/static\/2025\/08\/05090253\/Foto-6-1024x647.jpg 1024w, https:\/\/bxrepsol.s3.eu-west-1.amazonaws.com\/static\/2025\/08\/05090253\/Foto-6-300x189.jpg 300w, https:\/\/bxrepsol.s3.eu-west-1.amazonaws.com\/static\/2025\/08\/05090253\/Foto-6-768x485.jpg 768w, https:\/\/bxrepsol.s3.eu-west-1.amazonaws.com\/static\/2025\/08\/05090253\/Foto-6-1536x970.jpg 1536w, https:\/\/bxrepsol.s3.eu-west-1.amazonaws.com\/static\/2025\/08\/05090253\/Foto-6.jpg 1595w\" sizes=\"auto, (max-width: 1024px) 100vw, 1024px\" \/><\/figure>\n\n\n\n<p>En el caso de lesiones temporales, las cantidades que se perciben son las siguientes:<\/p>\n\n\n\n<ul class=\"wp-block-list\">\n<li><strong>Indemnizaci\u00f3n por d\u00eda de estancia en UCI<\/strong>: 123,55 \u20ac<\/li>\n\n\n\n<li><strong>Indemnizaci\u00f3n por d\u00eda de estancia en hospital:<\/strong> 92,66 \u20ac<\/li>\n\n\n\n<li><strong>Indemnizaci\u00f3n por d\u00eda de baja laboral:<\/strong> 64,25 \u20ac<\/li>\n\n\n\n<li><strong>Indemnizaci\u00f3n por d\u00eda de rehabilitaci\u00f3n o tratamiento sin baja laboral: <\/strong>37,06 \u20ac<\/li>\n\n\n\n<li><strong>Intervenci\u00f3n quir\u00fargica<\/strong>: desde 494,19 \u20ac hasta 1.976,77 \u20ac<\/li>\n<\/ul>\n\n\n\n<p>Adem\u00e1s, <strong>en la indemnizaci\u00f3n deber\u00e1n estar incluidos los gastos sanitarios, <\/strong>los gastos diversos resarcibles compensables y el lucro cesante (ganancias o beneficios que la v\u00edctima deja de percibir como consecuencia de las lesiones producidas en el accidente).<\/p>\n\n\n\n<p>Por otro lado, el <strong>sistema de baremo<\/strong> para indemnizaciones por accidente se basa en <strong>puntos<\/strong>, donde\u00a0a cada tipo de lesi\u00f3n se le asigna un valor en puntos, y cada punto tiene un valor monetario que var\u00eda seg\u00fan la edad del lesionado, la gravedad y el tipo de secuela, as\u00ed como el impacto que tiene en la calidad de vida.\u00a0Igualmente se contemplan tanto las secuelas f\u00edsicas como las est\u00e9ticas, y tambi\u00e9n se indemniza por d\u00edas de curaci\u00f3n (perjuicio b\u00e1sico, moderado, grave y muy grave).\u00a0El baremo establece una <strong>escala de 1 a 100 puntos<\/strong> para las secuelas, donde cada punto tiene un valor econ\u00f3mico asociado. Foto 7<\/p>\n\n\n\n<figure class=\"wp-block-image size-large is-resized\"><img loading=\"lazy\" decoding=\"async\" width=\"1024\" height=\"321\" src=\"https:\/\/bxrepsol.s3.eu-west-1.amazonaws.com\/static\/2025\/08\/05090307\/Foto-7-1024x321.png\" alt=\"\" class=\"wp-image-126748\" style=\"width:600px\" srcset=\"https:\/\/bxrepsol.s3.eu-west-1.amazonaws.com\/static\/2025\/08\/05090307\/Foto-7-1024x321.png 1024w, https:\/\/bxrepsol.s3.eu-west-1.amazonaws.com\/static\/2025\/08\/05090307\/Foto-7-300x94.png 300w, https:\/\/bxrepsol.s3.eu-west-1.amazonaws.com\/static\/2025\/08\/05090307\/Foto-7-768x241.png 768w, https:\/\/bxrepsol.s3.eu-west-1.amazonaws.com\/static\/2025\/08\/05090307\/Foto-7-1536x482.png 1536w, https:\/\/bxrepsol.s3.eu-west-1.amazonaws.com\/static\/2025\/08\/05090307\/Foto-7.png 1599w\" sizes=\"auto, (max-width: 1024px) 100vw, 1024px\" \/><\/figure>\n\n\n\n<p><a id=\"_msocom_1\"><\/a><\/p>\n","protected":false},"excerpt":{"rendered":"<p>La indemnizaci\u00f3n por accidente de tr\u00e1fico es una compensaci\u00f3n econ\u00f3mica que se recibe por los da\u00f1os y perjuicios sufridos como resultado de un accidente de circulaci\u00f3n en el que uno no es culpable o responsable. <\/p>\n","protected":false},"author":41267,"featured_media":126752,"comment_status":"open","ping_status":"closed","sticky":false,"template":"","format":"standard","meta":{"footnotes":""},"categories":[160],"tags":[585],"class_list":["post-126735","post","type-post","status-publish","format-standard","hentry","category-cultura-motera","tag-conduccion"],"yoast_head":"<!-- This site is optimized with the Yoast SEO plugin v27.3 - https:\/\/yoast.com\/product\/yoast-seo-wordpress\/ -->\n<title>Indemnizaci\u00f3n por accidente de tr\u00e1fico: c\u00e1lculo y c\u00f3mo reclamar- Box Repsol<\/title>\n<meta name=\"description\" content=\"Descubre c\u00f3mo reclamar tu indemnizaci\u00f3n por accidente de tr\u00e1fico: derechos, c\u00e1lculo, plazos y consejos para recibir la compensaci\u00f3n adecuada.\" \/>\n<link rel=\"canonical\" href=\"https:\/\/www.boxrepsol.com\/es\/cultura-motera\/indemnizacion-por-accidentes-de-trafico\/\" \/>\n<meta property=\"og:locale\" content=\"es_ES\" \/>\n<meta property=\"og:type\" content=\"article\" \/>\n<meta property=\"og:title\" content=\"Indemnizaci\u00f3n por accidente de tr\u00e1fico: c\u00e1lculo y c\u00f3mo reclamar- Box Repsol\" \/>\n<meta property=\"og:description\" content=\"Descubre c\u00f3mo reclamar tu indemnizaci\u00f3n por accidente de tr\u00e1fico: derechos, c\u00e1lculo, plazos y consejos para recibir la compensaci\u00f3n adecuada.\" \/>\n<meta property=\"og:url\" content=\"https:\/\/www.boxrepsol.com\/es\/cultura-motera\/indemnizacion-por-accidentes-de-trafico\/\" \/>\n<meta property=\"og:site_name\" content=\"Box Repsol\" \/>\n<meta property=\"article:publisher\" content=\"https:\/\/www.facebook.com\/BoxRepsol\" \/>\n<meta property=\"article:published_time\" content=\"2025-08-05T11:08:49+00:00\" \/>\n<meta property=\"article:modified_time\" content=\"2025-08-05T11:10:19+00:00\" \/>\n<meta property=\"og:image\" content=\"https:\/\/bxrepsol.s3.eu-west-1.amazonaws.com\/static\/2025\/08\/05090635\/Diseno-sin-titulo-4-e1754392013626.jpg\" \/>\n\t<meta property=\"og:image:width\" content=\"1200\" \/>\n\t<meta property=\"og:image:height\" content=\"600\" \/>\n\t<meta property=\"og:image:type\" content=\"image\/jpeg\" \/>\n<meta name=\"author\" content=\"V\u00edctor Gancedo\" \/>\n<meta name=\"twitter:card\" content=\"summary_large_image\" \/>\n<meta name=\"twitter:creator\" content=\"@box_repsol\" \/>\n<meta name=\"twitter:site\" content=\"@box_repsol\" \/>\n<meta name=\"twitter:label1\" content=\"Written by\" \/>\n\t<meta name=\"twitter:data1\" content=\"V\u00edctor Gancedo\" \/>\n\t<meta name=\"twitter:label2\" content=\"Est. reading time\" \/>\n\t<meta name=\"twitter:data2\" content=\"8 minutos\" \/>\n<script type=\"application\/ld+json\" class=\"yoast-schema-graph\">{\"@context\":\"https:\\\/\\\/schema.org\",\"@graph\":[{\"@type\":\"Article\",\"@id\":\"https:\\\/\\\/www.boxrepsol.com\\\/es\\\/cultura-motera\\\/indemnizacion-por-accidentes-de-trafico\\\/#article\",\"isPartOf\":{\"@id\":\"https:\\\/\\\/www.boxrepsol.com\\\/es\\\/cultura-motera\\\/indemnizacion-por-accidentes-de-trafico\\\/\"},\"author\":{\"name\":\"V\u00edctor Gancedo\",\"@id\":\"https:\\\/\\\/www.boxrepsol.com\\\/es\\\/#\\\/schema\\\/person\\\/40c28bf318bbbe8fe3848b194b7385ca\"},\"headline\":\"Indemnizaci\u00f3n por accidente de tr\u00e1fico: todo lo que debes saber\",\"datePublished\":\"2025-08-05T11:08:49+00:00\",\"dateModified\":\"2025-08-05T11:10:19+00:00\",\"mainEntityOfPage\":{\"@id\":\"https:\\\/\\\/www.boxrepsol.com\\\/es\\\/cultura-motera\\\/indemnizacion-por-accidentes-de-trafico\\\/\"},\"wordCount\":1686,\"commentCount\":0,\"publisher\":{\"@id\":\"https:\\\/\\\/www.boxrepsol.com\\\/es\\\/#organization\"},\"image\":{\"@id\":\"https:\\\/\\\/www.boxrepsol.com\\\/es\\\/cultura-motera\\\/indemnizacion-por-accidentes-de-trafico\\\/#primaryimage\"},\"thumbnailUrl\":\"https:\\\/\\\/bxrepsol.s3.eu-west-1.amazonaws.com\\\/static\\\/2025\\\/08\\\/05090635\\\/Diseno-sin-titulo-4-e1754392013626.jpg\",\"keywords\":[\"conducci\u00f3n\"],\"articleSection\":[\"Cultura Motera\"],\"inLanguage\":\"es\",\"potentialAction\":[{\"@type\":\"CommentAction\",\"name\":\"Comment\",\"target\":[\"https:\\\/\\\/www.boxrepsol.com\\\/es\\\/cultura-motera\\\/indemnizacion-por-accidentes-de-trafico\\\/#respond\"]}]},{\"@type\":\"WebPage\",\"@id\":\"https:\\\/\\\/www.boxrepsol.com\\\/es\\\/cultura-motera\\\/indemnizacion-por-accidentes-de-trafico\\\/\",\"url\":\"https:\\\/\\\/www.boxrepsol.com\\\/es\\\/cultura-motera\\\/indemnizacion-por-accidentes-de-trafico\\\/\",\"name\":\"Indemnizaci\u00f3n por accidente de tr\u00e1fico: c\u00e1lculo y c\u00f3mo reclamar- Box Repsol\",\"isPartOf\":{\"@id\":\"https:\\\/\\\/www.boxrepsol.com\\\/es\\\/#website\"},\"primaryImageOfPage\":{\"@id\":\"https:\\\/\\\/www.boxrepsol.com\\\/es\\\/cultura-motera\\\/indemnizacion-por-accidentes-de-trafico\\\/#primaryimage\"},\"image\":{\"@id\":\"https:\\\/\\\/www.boxrepsol.com\\\/es\\\/cultura-motera\\\/indemnizacion-por-accidentes-de-trafico\\\/#primaryimage\"},\"thumbnailUrl\":\"https:\\\/\\\/bxrepsol.s3.eu-west-1.amazonaws.com\\\/static\\\/2025\\\/08\\\/05090635\\\/Diseno-sin-titulo-4-e1754392013626.jpg\",\"datePublished\":\"2025-08-05T11:08:49+00:00\",\"dateModified\":\"2025-08-05T11:10:19+00:00\",\"description\":\"Descubre c\u00f3mo reclamar tu indemnizaci\u00f3n por accidente de tr\u00e1fico: derechos, c\u00e1lculo, plazos y consejos para recibir la compensaci\u00f3n adecuada.\",\"breadcrumb\":{\"@id\":\"https:\\\/\\\/www.boxrepsol.com\\\/es\\\/cultura-motera\\\/indemnizacion-por-accidentes-de-trafico\\\/#breadcrumb\"},\"inLanguage\":\"es\",\"potentialAction\":[{\"@type\":\"ReadAction\",\"target\":[\"https:\\\/\\\/www.boxrepsol.com\\\/es\\\/cultura-motera\\\/indemnizacion-por-accidentes-de-trafico\\\/\"]}]},{\"@type\":\"ImageObject\",\"inLanguage\":\"es\",\"@id\":\"https:\\\/\\\/www.boxrepsol.com\\\/es\\\/cultura-motera\\\/indemnizacion-por-accidentes-de-trafico\\\/#primaryimage\",\"url\":\"https:\\\/\\\/bxrepsol.s3.eu-west-1.amazonaws.com\\\/static\\\/2025\\\/08\\\/05090635\\\/Diseno-sin-titulo-4-e1754392013626.jpg\",\"contentUrl\":\"https:\\\/\\\/bxrepsol.s3.eu-west-1.amazonaws.com\\\/static\\\/2025\\\/08\\\/05090635\\\/Diseno-sin-titulo-4-e1754392013626.jpg\",\"width\":1200,\"height\":600,\"caption\":\"carretera espa\u00f1ola\"},{\"@type\":\"BreadcrumbList\",\"@id\":\"https:\\\/\\\/www.boxrepsol.com\\\/es\\\/cultura-motera\\\/indemnizacion-por-accidentes-de-trafico\\\/#breadcrumb\",\"itemListElement\":[{\"@type\":\"ListItem\",\"position\":1,\"name\":\"Home\",\"item\":\"https:\\\/\\\/www.boxrepsol.com\\\/es\\\/\"},{\"@type\":\"ListItem\",\"position\":2,\"name\":\"Indemnizaci\u00f3n por accidente de tr\u00e1fico: todo lo que debes saber\"}]},{\"@type\":\"WebSite\",\"@id\":\"https:\\\/\\\/www.boxrepsol.com\\\/es\\\/#website\",\"url\":\"https:\\\/\\\/www.boxrepsol.com\\\/es\\\/\",\"name\":\"Box Repsol\",\"description\":\"Box Repsol Site\",\"publisher\":{\"@id\":\"https:\\\/\\\/www.boxrepsol.com\\\/es\\\/#organization\"},\"potentialAction\":[{\"@type\":\"SearchAction\",\"target\":{\"@type\":\"EntryPoint\",\"urlTemplate\":\"https:\\\/\\\/www.boxrepsol.com\\\/es\\\/?s={search_term_string}\"},\"query-input\":{\"@type\":\"PropertyValueSpecification\",\"valueRequired\":true,\"valueName\":\"search_term_string\"}}],\"inLanguage\":\"es\"},{\"@type\":\"Organization\",\"@id\":\"https:\\\/\\\/www.boxrepsol.com\\\/es\\\/#organization\",\"name\":\"Box Repsol\",\"url\":\"https:\\\/\\\/www.boxrepsol.com\\\/es\\\/\",\"logo\":{\"@type\":\"ImageObject\",\"inLanguage\":\"es\",\"@id\":\"https:\\\/\\\/www.boxrepsol.com\\\/es\\\/#\\\/schema\\\/logo\\\/image\\\/\",\"url\":\"https:\\\/\\\/bxrepsol.s3.eu-west-1.amazonaws.com\\\/static\\\/2025\\\/07\\\/30083337\\\/favicon-96x96-1.png\",\"contentUrl\":\"https:\\\/\\\/bxrepsol.s3.eu-west-1.amazonaws.com\\\/static\\\/2025\\\/07\\\/30083337\\\/favicon-96x96-1.png\",\"width\":96,\"height\":96,\"caption\":\"Box Repsol\"},\"image\":{\"@id\":\"https:\\\/\\\/www.boxrepsol.com\\\/es\\\/#\\\/schema\\\/logo\\\/image\\\/\"},\"sameAs\":[\"https:\\\/\\\/www.facebook.com\\\/BoxRepsol\",\"https:\\\/\\\/x.com\\\/box_repsol\",\"http:\\\/\\\/instagram.com\\\/box_repsol\",\"https:\\\/\\\/www.youtube.com\\\/user\\\/RepsolCompeticion\",\"https:\\\/\\\/www.flickr.com\\\/photos\\\/box_repsol\\\/\"]},{\"@type\":\"Person\",\"@id\":\"https:\\\/\\\/www.boxrepsol.com\\\/es\\\/#\\\/schema\\\/person\\\/40c28bf318bbbe8fe3848b194b7385ca\",\"name\":\"V\u00edctor Gancedo\",\"image\":{\"@type\":\"ImageObject\",\"inLanguage\":\"es\",\"@id\":\"https:\\\/\\\/secure.gravatar.com\\\/avatar\\\/cd1439a66fca5d3425cd2a7b13f32cd43e25022a0436c1235ef2a28e14fa660a?s=96&d=mm&r=g\",\"url\":\"https:\\\/\\\/secure.gravatar.com\\\/avatar\\\/cd1439a66fca5d3425cd2a7b13f32cd43e25022a0436c1235ef2a28e14fa660a?s=96&d=mm&r=g\",\"contentUrl\":\"https:\\\/\\\/secure.gravatar.com\\\/avatar\\\/cd1439a66fca5d3425cd2a7b13f32cd43e25022a0436c1235ef2a28e14fa660a?s=96&d=mm&r=g\",\"caption\":\"V\u00edctor Gancedo\"},\"description\":\"Periodista especializado en el mundo de las motos, V\u00edctor ha probado pr\u00e1cticamente todas las que han salido al mercado desde 1990. En su larga trayectoria, ha desempe\u00f1ado cargos como los de Jefe de Pruebas de la revista Motociclismo o Responsable de Pruebas del \u00c1rea de Motos del Grupo Motorpress-Ib\u00e9rica, hoy llamado Sport Life Ib\u00e9rica, al cual sigue vinculado.\",\"sameAs\":[\"https:\\\/\\\/www.instagram.com\\\/vfgancedo\"],\"url\":\"https:\\\/\\\/www.boxrepsol.com\\\/es\\\/author\\\/victor_gancedo\\\/\"}]}<\/script>\n<!-- \/ Yoast SEO plugin. -->","yoast_head_json":{"title":"Indemnizaci\u00f3n por accidente de tr\u00e1fico: c\u00e1lculo y c\u00f3mo reclamar- Box Repsol","description":"Descubre c\u00f3mo reclamar tu indemnizaci\u00f3n por accidente de tr\u00e1fico: derechos, c\u00e1lculo, plazos y consejos para recibir la compensaci\u00f3n adecuada.","canonical":"https:\/\/www.boxrepsol.com\/es\/cultura-motera\/indemnizacion-por-accidentes-de-trafico\/","og_locale":"es_ES","og_type":"article","og_title":"Indemnizaci\u00f3n por accidente de tr\u00e1fico: c\u00e1lculo y c\u00f3mo reclamar- Box Repsol","og_description":"Descubre c\u00f3mo reclamar tu indemnizaci\u00f3n por accidente de tr\u00e1fico: derechos, c\u00e1lculo, plazos y consejos para recibir la compensaci\u00f3n adecuada.","og_url":"https:\/\/www.boxrepsol.com\/es\/cultura-motera\/indemnizacion-por-accidentes-de-trafico\/","og_site_name":"Box Repsol","article_publisher":"https:\/\/www.facebook.com\/BoxRepsol","article_published_time":"2025-08-05T11:08:49+00:00","article_modified_time":"2025-08-05T11:10:19+00:00","og_image":[{"width":1200,"height":600,"url":"https:\/\/bxrepsol.s3.eu-west-1.amazonaws.com\/static\/2025\/08\/05090635\/Diseno-sin-titulo-4-e1754392013626.jpg","type":"image\/jpeg"}],"author":"V\u00edctor Gancedo","twitter_card":"summary_large_image","twitter_creator":"@box_repsol","twitter_site":"@box_repsol","twitter_misc":{"Written by":"V\u00edctor Gancedo","Est. reading time":"8 minutos"},"schema":{"@context":"https:\/\/schema.org","@graph":[{"@type":"Article","@id":"https:\/\/www.boxrepsol.com\/es\/cultura-motera\/indemnizacion-por-accidentes-de-trafico\/#article","isPartOf":{"@id":"https:\/\/www.boxrepsol.com\/es\/cultura-motera\/indemnizacion-por-accidentes-de-trafico\/"},"author":{"name":"V\u00edctor Gancedo","@id":"https:\/\/www.boxrepsol.com\/es\/#\/schema\/person\/40c28bf318bbbe8fe3848b194b7385ca"},"headline":"Indemnizaci\u00f3n por accidente de tr\u00e1fico: todo lo que debes saber","datePublished":"2025-08-05T11:08:49+00:00","dateModified":"2025-08-05T11:10:19+00:00","mainEntityOfPage":{"@id":"https:\/\/www.boxrepsol.com\/es\/cultura-motera\/indemnizacion-por-accidentes-de-trafico\/"},"wordCount":1686,"commentCount":0,"publisher":{"@id":"https:\/\/www.boxrepsol.com\/es\/#organization"},"image":{"@id":"https:\/\/www.boxrepsol.com\/es\/cultura-motera\/indemnizacion-por-accidentes-de-trafico\/#primaryimage"},"thumbnailUrl":"https:\/\/bxrepsol.s3.eu-west-1.amazonaws.com\/static\/2025\/08\/05090635\/Diseno-sin-titulo-4-e1754392013626.jpg","keywords":["conducci\u00f3n"],"articleSection":["Cultura Motera"],"inLanguage":"es","potentialAction":[{"@type":"CommentAction","name":"Comment","target":["https:\/\/www.boxrepsol.com\/es\/cultura-motera\/indemnizacion-por-accidentes-de-trafico\/#respond"]}]},{"@type":"WebPage","@id":"https:\/\/www.boxrepsol.com\/es\/cultura-motera\/indemnizacion-por-accidentes-de-trafico\/","url":"https:\/\/www.boxrepsol.com\/es\/cultura-motera\/indemnizacion-por-accidentes-de-trafico\/","name":"Indemnizaci\u00f3n por accidente de tr\u00e1fico: c\u00e1lculo y c\u00f3mo reclamar- Box Repsol","isPartOf":{"@id":"https:\/\/www.boxrepsol.com\/es\/#website"},"primaryImageOfPage":{"@id":"https:\/\/www.boxrepsol.com\/es\/cultura-motera\/indemnizacion-por-accidentes-de-trafico\/#primaryimage"},"image":{"@id":"https:\/\/www.boxrepsol.com\/es\/cultura-motera\/indemnizacion-por-accidentes-de-trafico\/#primaryimage"},"thumbnailUrl":"https:\/\/bxrepsol.s3.eu-west-1.amazonaws.com\/static\/2025\/08\/05090635\/Diseno-sin-titulo-4-e1754392013626.jpg","datePublished":"2025-08-05T11:08:49+00:00","dateModified":"2025-08-05T11:10:19+00:00","description":"Descubre c\u00f3mo reclamar tu indemnizaci\u00f3n por accidente de tr\u00e1fico: derechos, c\u00e1lculo, plazos y consejos para recibir la compensaci\u00f3n adecuada.","breadcrumb":{"@id":"https:\/\/www.boxrepsol.com\/es\/cultura-motera\/indemnizacion-por-accidentes-de-trafico\/#breadcrumb"},"inLanguage":"es","potentialAction":[{"@type":"ReadAction","target":["https:\/\/www.boxrepsol.com\/es\/cultura-motera\/indemnizacion-por-accidentes-de-trafico\/"]}]},{"@type":"ImageObject","inLanguage":"es","@id":"https:\/\/www.boxrepsol.com\/es\/cultura-motera\/indemnizacion-por-accidentes-de-trafico\/#primaryimage","url":"https:\/\/bxrepsol.s3.eu-west-1.amazonaws.com\/static\/2025\/08\/05090635\/Diseno-sin-titulo-4-e1754392013626.jpg","contentUrl":"https:\/\/bxrepsol.s3.eu-west-1.amazonaws.com\/static\/2025\/08\/05090635\/Diseno-sin-titulo-4-e1754392013626.jpg","width":1200,"height":600,"caption":"carretera espa\u00f1ola"},{"@type":"BreadcrumbList","@id":"https:\/\/www.boxrepsol.com\/es\/cultura-motera\/indemnizacion-por-accidentes-de-trafico\/#breadcrumb","itemListElement":[{"@type":"ListItem","position":1,"name":"Home","item":"https:\/\/www.boxrepsol.com\/es\/"},{"@type":"ListItem","position":2,"name":"Indemnizaci\u00f3n por accidente de tr\u00e1fico: todo lo que debes saber"}]},{"@type":"WebSite","@id":"https:\/\/www.boxrepsol.com\/es\/#website","url":"https:\/\/www.boxrepsol.com\/es\/","name":"Box Repsol","description":"Box Repsol Site","publisher":{"@id":"https:\/\/www.boxrepsol.com\/es\/#organization"},"potentialAction":[{"@type":"SearchAction","target":{"@type":"EntryPoint","urlTemplate":"https:\/\/www.boxrepsol.com\/es\/?s={search_term_string}"},"query-input":{"@type":"PropertyValueSpecification","valueRequired":true,"valueName":"search_term_string"}}],"inLanguage":"es"},{"@type":"Organization","@id":"https:\/\/www.boxrepsol.com\/es\/#organization","name":"Box Repsol","url":"https:\/\/www.boxrepsol.com\/es\/","logo":{"@type":"ImageObject","inLanguage":"es","@id":"https:\/\/www.boxrepsol.com\/es\/#\/schema\/logo\/image\/","url":"https:\/\/bxrepsol.s3.eu-west-1.amazonaws.com\/static\/2025\/07\/30083337\/favicon-96x96-1.png","contentUrl":"https:\/\/bxrepsol.s3.eu-west-1.amazonaws.com\/static\/2025\/07\/30083337\/favicon-96x96-1.png","width":96,"height":96,"caption":"Box Repsol"},"image":{"@id":"https:\/\/www.boxrepsol.com\/es\/#\/schema\/logo\/image\/"},"sameAs":["https:\/\/www.facebook.com\/BoxRepsol","https:\/\/x.com\/box_repsol","http:\/\/instagram.com\/box_repsol","https:\/\/www.youtube.com\/user\/RepsolCompeticion","https:\/\/www.flickr.com\/photos\/box_repsol\/"]},{"@type":"Person","@id":"https:\/\/www.boxrepsol.com\/es\/#\/schema\/person\/40c28bf318bbbe8fe3848b194b7385ca","name":"V\u00edctor Gancedo","image":{"@type":"ImageObject","inLanguage":"es","@id":"https:\/\/secure.gravatar.com\/avatar\/cd1439a66fca5d3425cd2a7b13f32cd43e25022a0436c1235ef2a28e14fa660a?s=96&d=mm&r=g","url":"https:\/\/secure.gravatar.com\/avatar\/cd1439a66fca5d3425cd2a7b13f32cd43e25022a0436c1235ef2a28e14fa660a?s=96&d=mm&r=g","contentUrl":"https:\/\/secure.gravatar.com\/avatar\/cd1439a66fca5d3425cd2a7b13f32cd43e25022a0436c1235ef2a28e14fa660a?s=96&d=mm&r=g","caption":"V\u00edctor Gancedo"},"description":"Periodista especializado en el mundo de las motos, V\u00edctor ha probado pr\u00e1cticamente todas las que han salido al mercado desde 1990. En su larga trayectoria, ha desempe\u00f1ado cargos como los de Jefe de Pruebas de la revista Motociclismo o Responsable de Pruebas del \u00c1rea de Motos del Grupo Motorpress-Ib\u00e9rica, hoy llamado Sport Life Ib\u00e9rica, al cual sigue vinculado.","sameAs":["https:\/\/www.instagram.com\/vfgancedo"],"url":"https:\/\/www.boxrepsol.com\/es\/author\/victor_gancedo\/"}]}},"_links":{"self":[{"href":"https:\/\/www.boxrepsol.com\/es\/wp-json\/wp\/v2\/posts\/126735","targetHints":{"allow":["GET"]}}],"collection":[{"href":"https:\/\/www.boxrepsol.com\/es\/wp-json\/wp\/v2\/posts"}],"about":[{"href":"https:\/\/www.boxrepsol.com\/es\/wp-json\/wp\/v2\/types\/post"}],"author":[{"embeddable":true,"href":"https:\/\/www.boxrepsol.com\/es\/wp-json\/wp\/v2\/users\/41267"}],"replies":[{"embeddable":true,"href":"https:\/\/www.boxrepsol.com\/es\/wp-json\/wp\/v2\/comments?post=126735"}],"version-history":[{"count":1,"href":"https:\/\/www.boxrepsol.com\/es\/wp-json\/wp\/v2\/posts\/126735\/revisions"}],"predecessor-version":[{"id":126754,"href":"https:\/\/www.boxrepsol.com\/es\/wp-json\/wp\/v2\/posts\/126735\/revisions\/126754"}],"wp:featuredmedia":[{"embeddable":true,"href":"https:\/\/www.boxrepsol.com\/es\/wp-json\/wp\/v2\/media\/126752"}],"wp:attachment":[{"href":"https:\/\/www.boxrepsol.com\/es\/wp-json\/wp\/v2\/media?parent=126735"}],"wp:term":[{"taxonomy":"category","embeddable":true,"href":"https:\/\/www.boxrepsol.com\/es\/wp-json\/wp\/v2\/categories?post=126735"},{"taxonomy":"post_tag","embeddable":true,"href":"https:\/\/www.boxrepsol.com\/es\/wp-json\/wp\/v2\/tags?post=126735"}],"curies":[{"name":"wp","href":"https:\/\/api.w.org\/{rel}","templated":true}]}}