{"id":126627,"date":"2025-07-25T04:45:20","date_gmt":"2025-07-25T06:45:20","guid":{"rendered":"https:\/\/www.boxrepsol.com\/?p=126627"},"modified":"2025-07-29T10:58:42","modified_gmt":"2025-07-29T12:58:42","slug":"carnet-conducir-b1","status":"publish","type":"post","link":"https:\/\/www.boxrepsol.com\/es\/cultura-motera\/carnet-conducir-b1\/","title":{"rendered":"Carnet B1: el nuevo permiso de conducir para menores de 18 a\u00f1os"},"content":{"rendered":"<figure class=\"wp-block-post-featured-image\"><img loading=\"lazy\" decoding=\"async\" width=\"1536\" height=\"768\" src=\"https:\/\/bxrepsol.s3.eu-west-1.amazonaws.com\/static\/2025\/07\/25041717\/ChatGPT-Image-Jul-24-2025-07_40_58-PM-e1753424297372.png\" class=\"attachment-post-thumbnail size-post-thumbnail wp-post-image\" alt=\"Carnet B1\" style=\"object-fit:cover;\" srcset=\"https:\/\/bxrepsol.s3.eu-west-1.amazonaws.com\/static\/2025\/07\/25041717\/ChatGPT-Image-Jul-24-2025-07_40_58-PM-e1753424297372.png 1536w, https:\/\/bxrepsol.s3.eu-west-1.amazonaws.com\/static\/2025\/07\/25041717\/ChatGPT-Image-Jul-24-2025-07_40_58-PM-e1753424297372-300x150.png 300w, https:\/\/bxrepsol.s3.eu-west-1.amazonaws.com\/static\/2025\/07\/25041717\/ChatGPT-Image-Jul-24-2025-07_40_58-PM-e1753424297372-1024x512.png 1024w, https:\/\/bxrepsol.s3.eu-west-1.amazonaws.com\/static\/2025\/07\/25041717\/ChatGPT-Image-Jul-24-2025-07_40_58-PM-e1753424297372-768x384.png 768w\" sizes=\"auto, (max-width: 1536px) 100vw, 1536px\" \/><\/figure>\n\n\n<p>En algunos pa\u00edses europeos existe ya una licencia de conducci\u00f3n que permite acceder al <strong>uso de autom\u00f3viles a mayores de 16 a\u00f1os<\/strong> y en unas condiciones determinadas. Hace ya alg\u00fan tiempo la <strong>DGT<\/strong> anunci\u00f3 su intenci\u00f3n de integrar en el <strong>Reglamento General de Conductores<\/strong> el carnet B1, un <a href=\"https:\/\/www.boxrepsol.com\/es\/cultura-motera\/tipos-carnet-moto-explicados-uno-por-uno\/?utm_source=google&amp;utm_medium=cpc&amp;utm_campaign=crt-aotrafico-unbrand_2502_box-all&amp;utm_content=all_gad_link_sem_all_carnetmoto_all_box_all_all_trf_cpc_cc&amp;gad_source=1&amp;gad_campaignid=17083250128&amp;gbraid=0AAAAACUhDPMTmVabI3JiiXUcx4brsJ1tA&amp;gclid=Cj0KCQjws4fEBhD-ARIsACC3d280qvybabGUiYYcPcU-AD9a0Zw-YxJOOlrOiDhOO1v9SUn94K-PUbIaAm3kEALw_wcB\">permiso de conducci\u00f3n<\/a> que se encuentra a medio camino entre el <strong>permiso AM<\/strong> (el que autoriza a conducir ciclomotores y cuatriciclos) y el permiso B, que es el que permite conducir turismos.<\/p>\n\n\n\n<p>El objetivo que se busca es una progresiva adaptaci\u00f3n a veh\u00edculos de <strong>mayor potencia y cilindrada<\/strong>, propiciando adquirir experiencia de forma escalonada, lo cual repercutir\u00e1 en la mejora de las condiciones de seguridad en la circulaci\u00f3n.<\/p>\n\n\n\n<figure class=\"wp-block-image size-large is-resized\"><img loading=\"lazy\" decoding=\"async\" width=\"1024\" height=\"576\" src=\"https:\/\/bxrepsol.s3.eu-west-1.amazonaws.com\/static\/2025\/07\/25041729\/79e8e3c7-1717-48ed-bca6-e61e9ee6003a-1024x576.png\" alt=\"Carnet B1\" class=\"wp-image-126640\" style=\"object-fit:cover;width:600px;height:400px\" srcset=\"https:\/\/bxrepsol.s3.eu-west-1.amazonaws.com\/static\/2025\/07\/25041729\/79e8e3c7-1717-48ed-bca6-e61e9ee6003a-1024x576.png 1024w, https:\/\/bxrepsol.s3.eu-west-1.amazonaws.com\/static\/2025\/07\/25041729\/79e8e3c7-1717-48ed-bca6-e61e9ee6003a-300x169.png 300w, https:\/\/bxrepsol.s3.eu-west-1.amazonaws.com\/static\/2025\/07\/25041729\/79e8e3c7-1717-48ed-bca6-e61e9ee6003a-768x432.png 768w, https:\/\/bxrepsol.s3.eu-west-1.amazonaws.com\/static\/2025\/07\/25041729\/79e8e3c7-1717-48ed-bca6-e61e9ee6003a-1536x864.png 1536w, https:\/\/bxrepsol.s3.eu-west-1.amazonaws.com\/static\/2025\/07\/25041729\/79e8e3c7-1717-48ed-bca6-e61e9ee6003a.png 1980w\" sizes=\"auto, (max-width: 1024px) 100vw, 1024px\" \/><\/figure>\n\n\n\n<p>Han pasado varios a\u00f1os y, aunque s<strong>e anunci\u00f3 su entrada en vigor a finales de 2024<\/strong>, todav\u00eda hoy no existe una fecha concreta para su incorporaci\u00f3n al Reglamento. La idea es que esta normativa, que ya se ha implantado con \u00e9xito en pa\u00edses como Francia, Portugal, Italia y Reino Unido, termine incorpor\u00e1ndose a nuestro pa\u00eds.<\/p>\n\n\n\n<p>En julio de 2024 se efectu\u00f3 un <strong>proceso de consulta p\u00fablica sobre modificaci\u00f3n del Reglamento General de Conductores (Real Decreto 818\/2009)<\/strong> con el objetivo de cambiar el sistema de permisos de conducci\u00f3n en nuestro pa\u00eds, contemplando la incorporaci\u00f3n del <strong>permiso B1,<\/strong> que forma parte de la denominada <strong>\u201cEstrategia de Seguridad Vial 2030\u201d.<\/strong><\/p>\n\n\n\n<div id=\"ez-toc-container\" class=\"ez-toc-v2_0_82_2 counter-hierarchy ez-toc-counter ez-toc-grey ez-toc-container-direction\">\n<div class=\"ez-toc-title-container\">\n<p class=\"ez-toc-title\" style=\"cursor:inherit\">\u00cdndice<\/p>\n<span class=\"ez-toc-title-toggle\"><a href=\"#\" class=\"ez-toc-pull-right ez-toc-btn ez-toc-btn-xs ez-toc-btn-default ez-toc-toggle\" aria-label=\"Toggle Table of Content\"><span class=\"ez-toc-js-icon-con\"><span class=\"\"><span class=\"eztoc-hide\" style=\"display:none;\">Toggle<\/span><span class=\"ez-toc-icon-toggle-span\"><svg style=\"fill: #999;color:#999\" xmlns=\"http:\/\/www.w3.org\/2000\/svg\" class=\"list-377408\" width=\"20px\" height=\"20px\" viewBox=\"0 0 24 24\" fill=\"none\"><path d=\"M6 6H4v2h2V6zm14 0H8v2h12V6zM4 11h2v2H4v-2zm16 0H8v2h12v-2zM4 16h2v2H4v-2zm16 0H8v2h12v-2z\" fill=\"currentColor\"><\/path><\/svg><svg style=\"fill: #999;color:#999\" class=\"arrow-unsorted-368013\" xmlns=\"http:\/\/www.w3.org\/2000\/svg\" width=\"10px\" height=\"10px\" viewBox=\"0 0 24 24\" version=\"1.2\" baseProfile=\"tiny\"><path d=\"M18.2 9.3l-6.2-6.3-6.2 6.3c-.2.2-.3.4-.3.7s.1.5.3.7c.2.2.4.3.7.3h11c.3 0 .5-.1.7-.3.2-.2.3-.5.3-.7s-.1-.5-.3-.7zM5.8 14.7l6.2 6.3 6.2-6.3c.2-.2.3-.5.3-.7s-.1-.5-.3-.7c-.2-.2-.4-.3-.7-.3h-11c-.3 0-.5.1-.7.3-.2.2-.3.5-.3.7s.1.5.3.7z\"\/><\/svg><\/span><\/span><\/span><\/a><\/span><\/div>\n<nav><ul class='ez-toc-list ez-toc-list-level-1 ' ><li class='ez-toc-page-1 ez-toc-heading-level-2'><a class=\"ez-toc-link ez-toc-heading-1\" href=\"https:\/\/www.boxrepsol.com\/es\/cultura-motera\/carnet-conducir-b1\/#%C2%BFQue_es_el_permiso_B1\" >\u00bfQu\u00e9 es el permiso B1?<\/a><\/li><li class='ez-toc-page-1 ez-toc-heading-level-2'><a class=\"ez-toc-link ez-toc-heading-2\" href=\"https:\/\/www.boxrepsol.com\/es\/cultura-motera\/carnet-conducir-b1\/#Requisitos_para_el_permiso_B1\" >Requisitos para el permiso B1<\/a><ul class='ez-toc-list-level-3' ><li class='ez-toc-heading-level-3'><a class=\"ez-toc-link ez-toc-heading-3\" href=\"https:\/\/www.boxrepsol.com\/es\/cultura-motera\/carnet-conducir-b1\/#%C2%BFEn_que_paises_esta_vigente_el_permiso_B1\" >\u00bfEn qu\u00e9 pa\u00edses est\u00e1 vigente el permiso B1?<\/a><\/li><\/ul><\/li><li class='ez-toc-page-1 ez-toc-heading-level-2'><a class=\"ez-toc-link ez-toc-heading-4\" href=\"https:\/\/www.boxrepsol.com\/es\/cultura-motera\/carnet-conducir-b1\/#Ventajas_y_limitaciones_del_carnet_B1\" >Ventajas y limitaciones del carnet B1<\/a><\/li><li class='ez-toc-page-1 ez-toc-heading-level-2'><a class=\"ez-toc-link ez-toc-heading-5\" href=\"https:\/\/www.boxrepsol.com\/es\/cultura-motera\/carnet-conducir-b1\/#Comparativa_B1_AM_y_B\" >Comparativa B1, AM y B<\/a><\/li><\/ul><\/nav><\/div>\n<h2 class=\"wp-block-heading\"><span class=\"ez-toc-section\" id=\"%C2%BFQue_es_el_permiso_B1\"><\/span><strong>\u00bfQu\u00e9 es el permiso B1?<\/strong><span class=\"ez-toc-section-end\"><\/span><\/h2>\n\n\n\n<p>Se trata de un <strong>permiso de circulaci\u00f3n dirigido a los<\/strong> <strong>j\u00f3venes de 16 y 17 a\u00f1os<\/strong> que todav\u00eda no pueden optar por otros tipos de titulaciones, para las que se requiere ser mayor de edad, como el carnet B, que faculta para conducir turismos, o el <a href=\"https:\/\/www.boxrepsol.com\/es\/cultura-motera\/carne-a2-10-consejos-para-afrontarlo-facilmente\/\">carnet A2 de moto<\/a>, aunque s\u00ed pueden conseguir el permiso AM (ciclomotor y cuatriciclo) y <strong>el A1<\/strong> (moto de hasta 125 cc de cilindrada con potencia 15 kW).<\/p>\n\n\n\n<figure class=\"wp-block-image size-large is-resized\"><img loading=\"lazy\" decoding=\"async\" width=\"1024\" height=\"694\" src=\"https:\/\/bxrepsol.s3.eu-west-1.amazonaws.com\/static\/2025\/07\/25042101\/bateria-electrica-del-motor-de-la-rueda-de-la-rueda-con-pedal-y-amortiguador-trasero-1024x694.jpg\" alt=\"Ciclomotor\" class=\"wp-image-126644\" style=\"object-fit:cover;width:600px;height:400px\" srcset=\"https:\/\/bxrepsol.s3.eu-west-1.amazonaws.com\/static\/2025\/07\/25042101\/bateria-electrica-del-motor-de-la-rueda-de-la-rueda-con-pedal-y-amortiguador-trasero-1024x694.jpg 1024w, https:\/\/bxrepsol.s3.eu-west-1.amazonaws.com\/static\/2025\/07\/25042101\/bateria-electrica-del-motor-de-la-rueda-de-la-rueda-con-pedal-y-amortiguador-trasero-300x203.jpg 300w, https:\/\/bxrepsol.s3.eu-west-1.amazonaws.com\/static\/2025\/07\/25042101\/bateria-electrica-del-motor-de-la-rueda-de-la-rueda-con-pedal-y-amortiguador-trasero-768x520.jpg 768w, https:\/\/bxrepsol.s3.eu-west-1.amazonaws.com\/static\/2025\/07\/25042101\/bateria-electrica-del-motor-de-la-rueda-de-la-rueda-con-pedal-y-amortiguador-trasero-1536x1041.jpg 1536w, https:\/\/bxrepsol.s3.eu-west-1.amazonaws.com\/static\/2025\/07\/25042101\/bateria-electrica-del-motor-de-la-rueda-de-la-rueda-con-pedal-y-amortiguador-trasero-2048x1388.jpg 2048w\" sizes=\"auto, (max-width: 1024px) 100vw, 1024px\" \/><\/figure>\n\n\n\n<p>El objetivo que se busca es facultar a estos usuarios para conducir cuatriciclos pesados, que son mayoritariamente el\u00e9ctricos, <strong>pudiendo incorporarse a la movilidad urbana y sostenible<\/strong>, que se considera m\u00e1s eficiente que los autom\u00f3viles convencionales.<\/p>\n\n\n\n<p>Estos veh\u00edculos, que alcanzan una <strong>velocidad m\u00e1xima de 90 km\/h<\/strong>, lo que les permite acceder a autopistas y autov\u00edas, algo que no se puede realizar con los cuatriciclos ligeros y los ciclomotores (permiso AM), cuya velocidad m\u00e1xima es de 45 km\/h, de ah\u00ed que el <strong>permiso B1 puede ser una importante ayuda<\/strong> para que los j\u00f3venes situados en localidades con una infraestructura de transporte p\u00fablico insuficiente.<\/p>\n\n\n\n<h2 class=\"wp-block-heading\"><span class=\"ez-toc-section\" id=\"Requisitos_para_el_permiso_B1\"><\/span><strong>Requisitos para el permiso B1<\/strong><span class=\"ez-toc-section-end\"><\/span><\/h2>\n\n\n\n<p>Como cualquier otro permiso de conducci\u00f3n, el futuro permiso B1 requiere cumplir con una serie de requisitos:<\/p>\n\n\n\n<ul class=\"wp-block-list\">\n<li>Tener <strong>al menos 16 a\u00f1os<\/strong>.<\/li>\n<\/ul>\n\n\n\n<ul class=\"wp-block-list\">\n<li>Superar un reconocimiento m\u00e9dico similar al que se exige con los otros permisos de conducci\u00f3n. Es decir, ser\u00e1 necesario superar un examen psicot\u00e9cnico y un sencillo reconocimiento m\u00e9dico.<\/li>\n<\/ul>\n\n\n\n<ul class=\"wp-block-list\">\n<li>Presentarse y <strong>superar una prueba te\u00f3rica y otra pr\u00e1ctica de conducci\u00f3n<\/strong>, como ocurre con el carnet B.<\/li>\n<\/ul>\n\n\n\n<ul class=\"wp-block-list\">\n<li><strong>Ser residente en Espa\u00f1a<\/strong>.<\/li>\n<\/ul>\n\n\n\n<ul class=\"wp-block-list\">\n<li>No estar privado judicialmente del derecho a conducir.<\/li>\n<\/ul>\n\n\n\n<p>Una vez conseguido el <strong>permiso B1<\/strong>, se podr\u00e1 conducir cuatriciclos pesados de la categor\u00eda L7e, que no superen los 400 kg en vac\u00edo (no est\u00e1 incluida la masa de las bater\u00edas en los cuatriciclos el\u00e9ctricos) y 550 kg si es para el transporte de mercanc\u00edas, y que tengan una potencia inferior o igual a 15 kW. Y la velocidad m\u00e1xima que pueden alcanzar es de 90 km\/h.<\/p>\n\n\n\n<p>Adem\u00e1s, este tipo de veh\u00edculos disfrutan de un mayor equipamiento de seguridad, como el <a href=\"https:\/\/www.boxrepsol.com\/es\/cultura-motera\/frenos-abs-en-moto\/\">sistema ABS<\/a>, que es obligatorio, con lo que las condiciones para su empleo son mejores.<\/p>\n\n\n\n<figure class=\"wp-block-image size-large is-resized\"><img loading=\"lazy\" decoding=\"async\" width=\"1024\" height=\"668\" src=\"https:\/\/bxrepsol.s3.eu-west-1.amazonaws.com\/static\/2025\/07\/25042151\/reemplazo-del-nuevo-sistema-de-frenos-del-automovil-1024x668.jpg\" alt=\"Sistema ABS\" class=\"wp-image-126646\" style=\"object-fit:cover;width:600px;height:400px\" srcset=\"https:\/\/bxrepsol.s3.eu-west-1.amazonaws.com\/static\/2025\/07\/25042151\/reemplazo-del-nuevo-sistema-de-frenos-del-automovil-1024x668.jpg 1024w, https:\/\/bxrepsol.s3.eu-west-1.amazonaws.com\/static\/2025\/07\/25042151\/reemplazo-del-nuevo-sistema-de-frenos-del-automovil-300x196.jpg 300w, https:\/\/bxrepsol.s3.eu-west-1.amazonaws.com\/static\/2025\/07\/25042151\/reemplazo-del-nuevo-sistema-de-frenos-del-automovil-768x501.jpg 768w, https:\/\/bxrepsol.s3.eu-west-1.amazonaws.com\/static\/2025\/07\/25042151\/reemplazo-del-nuevo-sistema-de-frenos-del-automovil-1536x1002.jpg 1536w, https:\/\/bxrepsol.s3.eu-west-1.amazonaws.com\/static\/2025\/07\/25042151\/reemplazo-del-nuevo-sistema-de-frenos-del-automovil-2048x1337.jpg 2048w\" sizes=\"auto, (max-width: 1024px) 100vw, 1024px\" \/><\/figure>\n\n\n\n<p><\/p>\n\n\n\n<h3 class=\"wp-block-heading\"><span class=\"ez-toc-section\" id=\"%C2%BFEn_que_paises_esta_vigente_el_permiso_B1\"><\/span><strong>\u00bfEn qu\u00e9 pa\u00edses est\u00e1 vigente el permiso B1?<\/strong><span class=\"ez-toc-section-end\"><\/span><\/h3>\n\n\n\n<p>En la actualidad son cuatro los pa\u00edses europeos que cuentan con este tipo de permiso de circulaci\u00f3n: <strong>Francia, Italia, Portugal y Reino Unido.<\/strong>&nbsp; Y todos ellos se rigen por una reglamentaci\u00f3n id\u00e9ntica a la que se prev\u00e9 implantar en nuestro pa\u00eds.<\/p>\n\n\n\n<h2 class=\"wp-block-heading\"><span class=\"ez-toc-section\" id=\"Ventajas_y_limitaciones_del_carnet_B1\"><\/span><strong>Ventajas y limitaciones del carnet B1<\/strong><span class=\"ez-toc-section-end\"><\/span><\/h2>\n\n\n\n<p>La principal ventaja del <strong>permiso B1<\/strong> es que al permitir conducir cuatriciclos pesados, aumenta el rango de alcance de los j\u00f3venes usuarios. Con el permiso AM, que permite conducir cuatriciclos y ciclomotores con una velocidad m\u00e1xima de 45 km\/h, el \u00e1mbito de uso es, en la mayor\u00eda de los casos, meramente urbano, o muy limitado a la circulaci\u00f3n interurbana entre peque\u00f1as localidades.<\/p>\n\n\n\n<p>Al alcanzar los 90 km\/h con un cuatriciclo pesado, el rango de uso se ampl\u00eda, y permite acceder a todo <a href=\"https:\/\/www.boxrepsol.com\/es\/vive-tu-moto\/tipos-de-carreteras-en-espana\/\">tipo de carreteras<\/a>, pudiendo realizar una conducci\u00f3n urbana e interurbana.<\/p>\n\n\n\n<figure class=\"wp-block-image size-full is-resized\"><img loading=\"lazy\" decoding=\"async\" width=\"928\" height=\"612\" src=\"https:\/\/bxrepsol.s3.eu-west-1.amazonaws.com\/static\/2025\/07\/25044207\/Captura-de-pantalla-2025-07-25-084014.png\" alt=\"Carnet B1\" class=\"wp-image-126649\" style=\"object-fit:cover;width:600px;height:400px\" srcset=\"https:\/\/bxrepsol.s3.eu-west-1.amazonaws.com\/static\/2025\/07\/25044207\/Captura-de-pantalla-2025-07-25-084014.png 928w, https:\/\/bxrepsol.s3.eu-west-1.amazonaws.com\/static\/2025\/07\/25044207\/Captura-de-pantalla-2025-07-25-084014-300x198.png 300w, https:\/\/bxrepsol.s3.eu-west-1.amazonaws.com\/static\/2025\/07\/25044207\/Captura-de-pantalla-2025-07-25-084014-768x506.png 768w\" sizes=\"auto, (max-width: 928px) 100vw, 928px\" \/><\/figure>\n\n\n\n<p>Las \u00fanicas limitaciones residen en su velocidad m\u00e1xima, y en la edad, 16 y 17 a\u00f1os, a partir de la cual se podr\u00e1 optar a un permiso de conducci\u00f3n de categor\u00eda superior.<\/p>\n\n\n\n<h2 class=\"wp-block-heading\"><span class=\"ez-toc-section\" id=\"Comparativa_B1_AM_y_B\"><\/span><strong>Comparativa B1, AM y B<\/strong><span class=\"ez-toc-section-end\"><\/span><\/h2>\n\n\n\n<p><\/p>\n\n\n\n<figure class=\"wp-block-table\"><table class=\"has-fixed-layout\"><tbody><tr><td><strong>Permiso<\/strong><\/td><td><strong>Edad<\/strong><\/td><td><strong>Veh\u00edculo<\/strong><\/td><td><strong>Velocidad m\u00e1xima<\/strong><\/td><\/tr><tr><td><strong>AM<\/strong><\/td><td>Desde los 15 a\u00f1os<\/td><td>Ciclomotor y cuatriciclo ligero<\/td><td>45 km\/h<\/td><\/tr><tr><td><strong>B1<\/strong><\/td><td>16 y 17 a\u00f1os<\/td><td>Cuatriciclo pesado<\/td><td>90 km\/h<\/td><\/tr><tr><td><strong>B<\/strong><\/td><td>Desde los 18 a\u00f1os<\/td><td>Turismo<\/td><td>120 km\/h<\/td><\/tr><\/tbody><\/table><\/figure>\n\n\n\n<p><\/p>\n","protected":false},"excerpt":{"rendered":"<p>El permiso de conducci\u00f3n B1 es un permiso intermedio previo al permiso B, que se quiere introducir en nuestro pa\u00eds. Al menos la Direcci\u00f3n General de Tr\u00e1fico (DGT) mostr\u00f3 hace tiempo su intenci\u00f3n de incorporarlo, pero todav\u00eda no se ha hecho efectivo.<\/p>\n","protected":false},"author":41268,"featured_media":126638,"comment_status":"open","ping_status":"closed","sticky":false,"template":"","format":"standard","meta":{"footnotes":""},"categories":[160],"tags":[585],"class_list":["post-126627","post","type-post","status-publish","format-standard","hentry","category-cultura-motera","tag-conduccion"],"yoast_head":"<!-- This site is optimized with the Yoast SEO plugin v27.3 - https:\/\/yoast.com\/product\/yoast-seo-wordpress\/ -->\n<title>Carnet B1: el nuevo permiso de conducir para menores de 18 a\u00f1os - Box Repsol<\/title>\n<meta name=\"description\" content=\"Descubre qu\u00e9 es el carnet B1, qu\u00e9 veh\u00edculos permite conducir, requisitos, ventajas y su situaci\u00f3n en Espa\u00f1a y Europa para conductores desde los 16 a\u00f1os.\" \/>\n<link rel=\"canonical\" href=\"https:\/\/www.boxrepsol.com\/es\/cultura-motera\/carnet-conducir-b1\/\" \/>\n<meta property=\"og:locale\" content=\"es_ES\" \/>\n<meta property=\"og:type\" content=\"article\" \/>\n<meta property=\"og:title\" content=\"Carnet B1: el nuevo permiso de conducir para menores de 18 a\u00f1os - Box Repsol\" \/>\n<meta property=\"og:description\" content=\"Descubre qu\u00e9 es el carnet B1, qu\u00e9 veh\u00edculos permite conducir, requisitos, ventajas y su situaci\u00f3n en Espa\u00f1a y Europa para conductores desde los 16 a\u00f1os.\" \/>\n<meta property=\"og:url\" content=\"https:\/\/www.boxrepsol.com\/es\/cultura-motera\/carnet-conducir-b1\/\" \/>\n<meta property=\"og:site_name\" content=\"Box Repsol\" \/>\n<meta property=\"article:publisher\" content=\"https:\/\/www.facebook.com\/BoxRepsol\" \/>\n<meta property=\"article:published_time\" content=\"2025-07-25T06:45:20+00:00\" \/>\n<meta property=\"article:modified_time\" content=\"2025-07-29T12:58:42+00:00\" \/>\n<meta property=\"og:image\" content=\"https:\/\/bxrepsol.s3.eu-west-1.amazonaws.com\/static\/2025\/07\/25041717\/ChatGPT-Image-Jul-24-2025-07_40_58-PM-e1753424297372-1024x512.png\" \/>\n\t<meta property=\"og:image:width\" content=\"1024\" \/>\n\t<meta property=\"og:image:height\" content=\"512\" \/>\n\t<meta property=\"og:image:type\" content=\"image\/png\" \/>\n<meta name=\"author\" content=\"Juan Pedro de la Torre\" \/>\n<meta name=\"twitter:card\" content=\"summary_large_image\" \/>\n<meta name=\"twitter:creator\" content=\"@https:\/\/twitter.com\/JPdelaTorre1965\" \/>\n<meta name=\"twitter:site\" content=\"@box_repsol\" \/>\n<meta name=\"twitter:label1\" content=\"Written by\" \/>\n\t<meta name=\"twitter:data1\" content=\"Juan Pedro de la Torre\" \/>\n\t<meta name=\"twitter:label2\" content=\"Est. reading time\" \/>\n\t<meta name=\"twitter:data2\" content=\"4 minutos\" \/>\n<script type=\"application\/ld+json\" class=\"yoast-schema-graph\">{\"@context\":\"https:\\\/\\\/schema.org\",\"@graph\":[{\"@type\":\"Article\",\"@id\":\"https:\\\/\\\/www.boxrepsol.com\\\/es\\\/cultura-motera\\\/carnet-conducir-b1\\\/#article\",\"isPartOf\":{\"@id\":\"https:\\\/\\\/www.boxrepsol.com\\\/es\\\/cultura-motera\\\/carnet-conducir-b1\\\/\"},\"author\":{\"name\":\"Juan Pedro de la Torre\",\"@id\":\"https:\\\/\\\/www.boxrepsol.com\\\/es\\\/#\\\/schema\\\/person\\\/26abce1d675df22d63ac9e9d5f23e4aa\"},\"headline\":\"Carnet B1: el nuevo permiso de conducir para menores de 18 a\u00f1os\",\"datePublished\":\"2025-07-25T06:45:20+00:00\",\"dateModified\":\"2025-07-29T12:58:42+00:00\",\"mainEntityOfPage\":{\"@id\":\"https:\\\/\\\/www.boxrepsol.com\\\/es\\\/cultura-motera\\\/carnet-conducir-b1\\\/\"},\"wordCount\":869,\"commentCount\":0,\"publisher\":{\"@id\":\"https:\\\/\\\/www.boxrepsol.com\\\/es\\\/#organization\"},\"image\":{\"@id\":\"https:\\\/\\\/www.boxrepsol.com\\\/es\\\/cultura-motera\\\/carnet-conducir-b1\\\/#primaryimage\"},\"thumbnailUrl\":\"https:\\\/\\\/bxrepsol.s3.eu-west-1.amazonaws.com\\\/static\\\/2025\\\/07\\\/25041717\\\/ChatGPT-Image-Jul-24-2025-07_40_58-PM-e1753424297372.png\",\"keywords\":[\"conducci\u00f3n\"],\"articleSection\":[\"Cultura Motera\"],\"inLanguage\":\"es\",\"potentialAction\":[{\"@type\":\"CommentAction\",\"name\":\"Comment\",\"target\":[\"https:\\\/\\\/www.boxrepsol.com\\\/es\\\/cultura-motera\\\/carnet-conducir-b1\\\/#respond\"]}]},{\"@type\":\"WebPage\",\"@id\":\"https:\\\/\\\/www.boxrepsol.com\\\/es\\\/cultura-motera\\\/carnet-conducir-b1\\\/\",\"url\":\"https:\\\/\\\/www.boxrepsol.com\\\/es\\\/cultura-motera\\\/carnet-conducir-b1\\\/\",\"name\":\"Carnet B1: el nuevo permiso de conducir para menores de 18 a\u00f1os - Box Repsol\",\"isPartOf\":{\"@id\":\"https:\\\/\\\/www.boxrepsol.com\\\/es\\\/#website\"},\"primaryImageOfPage\":{\"@id\":\"https:\\\/\\\/www.boxrepsol.com\\\/es\\\/cultura-motera\\\/carnet-conducir-b1\\\/#primaryimage\"},\"image\":{\"@id\":\"https:\\\/\\\/www.boxrepsol.com\\\/es\\\/cultura-motera\\\/carnet-conducir-b1\\\/#primaryimage\"},\"thumbnailUrl\":\"https:\\\/\\\/bxrepsol.s3.eu-west-1.amazonaws.com\\\/static\\\/2025\\\/07\\\/25041717\\\/ChatGPT-Image-Jul-24-2025-07_40_58-PM-e1753424297372.png\",\"datePublished\":\"2025-07-25T06:45:20+00:00\",\"dateModified\":\"2025-07-29T12:58:42+00:00\",\"description\":\"Descubre qu\u00e9 es el carnet B1, qu\u00e9 veh\u00edculos permite conducir, requisitos, ventajas y su situaci\u00f3n en Espa\u00f1a y Europa para conductores desde los 16 a\u00f1os.\",\"breadcrumb\":{\"@id\":\"https:\\\/\\\/www.boxrepsol.com\\\/es\\\/cultura-motera\\\/carnet-conducir-b1\\\/#breadcrumb\"},\"inLanguage\":\"es\",\"potentialAction\":[{\"@type\":\"ReadAction\",\"target\":[\"https:\\\/\\\/www.boxrepsol.com\\\/es\\\/cultura-motera\\\/carnet-conducir-b1\\\/\"]}]},{\"@type\":\"ImageObject\",\"inLanguage\":\"es\",\"@id\":\"https:\\\/\\\/www.boxrepsol.com\\\/es\\\/cultura-motera\\\/carnet-conducir-b1\\\/#primaryimage\",\"url\":\"https:\\\/\\\/bxrepsol.s3.eu-west-1.amazonaws.com\\\/static\\\/2025\\\/07\\\/25041717\\\/ChatGPT-Image-Jul-24-2025-07_40_58-PM-e1753424297372.png\",\"contentUrl\":\"https:\\\/\\\/bxrepsol.s3.eu-west-1.amazonaws.com\\\/static\\\/2025\\\/07\\\/25041717\\\/ChatGPT-Image-Jul-24-2025-07_40_58-PM-e1753424297372.png\",\"width\":1536,\"height\":768,\"caption\":\"Carnet B1\"},{\"@type\":\"BreadcrumbList\",\"@id\":\"https:\\\/\\\/www.boxrepsol.com\\\/es\\\/cultura-motera\\\/carnet-conducir-b1\\\/#breadcrumb\",\"itemListElement\":[{\"@type\":\"ListItem\",\"position\":1,\"name\":\"Home\",\"item\":\"https:\\\/\\\/www.boxrepsol.com\\\/es\\\/\"},{\"@type\":\"ListItem\",\"position\":2,\"name\":\"Carnet B1: el nuevo permiso de conducir para menores de 18 a\u00f1os\"}]},{\"@type\":\"WebSite\",\"@id\":\"https:\\\/\\\/www.boxrepsol.com\\\/es\\\/#website\",\"url\":\"https:\\\/\\\/www.boxrepsol.com\\\/es\\\/\",\"name\":\"Box Repsol\",\"description\":\"Box Repsol Site\",\"publisher\":{\"@id\":\"https:\\\/\\\/www.boxrepsol.com\\\/es\\\/#organization\"},\"potentialAction\":[{\"@type\":\"SearchAction\",\"target\":{\"@type\":\"EntryPoint\",\"urlTemplate\":\"https:\\\/\\\/www.boxrepsol.com\\\/es\\\/?s={search_term_string}\"},\"query-input\":{\"@type\":\"PropertyValueSpecification\",\"valueRequired\":true,\"valueName\":\"search_term_string\"}}],\"inLanguage\":\"es\"},{\"@type\":\"Organization\",\"@id\":\"https:\\\/\\\/www.boxrepsol.com\\\/es\\\/#organization\",\"name\":\"Box Repsol\",\"url\":\"https:\\\/\\\/www.boxrepsol.com\\\/es\\\/\",\"logo\":{\"@type\":\"ImageObject\",\"inLanguage\":\"es\",\"@id\":\"https:\\\/\\\/www.boxrepsol.com\\\/es\\\/#\\\/schema\\\/logo\\\/image\\\/\",\"url\":\"https:\\\/\\\/bxrepsol.s3.eu-west-1.amazonaws.com\\\/static\\\/2025\\\/07\\\/30083337\\\/favicon-96x96-1.png\",\"contentUrl\":\"https:\\\/\\\/bxrepsol.s3.eu-west-1.amazonaws.com\\\/static\\\/2025\\\/07\\\/30083337\\\/favicon-96x96-1.png\",\"width\":96,\"height\":96,\"caption\":\"Box Repsol\"},\"image\":{\"@id\":\"https:\\\/\\\/www.boxrepsol.com\\\/es\\\/#\\\/schema\\\/logo\\\/image\\\/\"},\"sameAs\":[\"https:\\\/\\\/www.facebook.com\\\/BoxRepsol\",\"https:\\\/\\\/x.com\\\/box_repsol\",\"http:\\\/\\\/instagram.com\\\/box_repsol\",\"https:\\\/\\\/www.youtube.com\\\/user\\\/RepsolCompeticion\",\"https:\\\/\\\/www.flickr.com\\\/photos\\\/box_repsol\\\/\"]},{\"@type\":\"Person\",\"@id\":\"https:\\\/\\\/www.boxrepsol.com\\\/es\\\/#\\\/schema\\\/person\\\/26abce1d675df22d63ac9e9d5f23e4aa\",\"name\":\"Juan Pedro de la Torre\",\"image\":{\"@type\":\"ImageObject\",\"inLanguage\":\"es\",\"@id\":\"https:\\\/\\\/secure.gravatar.com\\\/avatar\\\/e81f780ee2930d7be330cb34304decf0e9bc66bec0158805a0fe2726f4517224?s=96&d=mm&r=g\",\"url\":\"https:\\\/\\\/secure.gravatar.com\\\/avatar\\\/e81f780ee2930d7be330cb34304decf0e9bc66bec0158805a0fe2726f4517224?s=96&d=mm&r=g\",\"contentUrl\":\"https:\\\/\\\/secure.gravatar.com\\\/avatar\\\/e81f780ee2930d7be330cb34304decf0e9bc66bec0158805a0fe2726f4517224?s=96&d=mm&r=g\",\"caption\":\"Juan Pedro de la Torre\"},\"description\":\"Se inici\u00f3 en el diario Marca en 1988 y posteriormente pas\u00f3 a la revista Motociclismo, donde llegar\u00eda a ser director de deporte. Despu\u00e9s fue editor y director de Motoworld.es y Sport Bikes y colabor\u00f3 con varios medios. Adem\u00e1s, ha publicado una docena de libros y actualmente trabaja como colaborador para Motociclismo, El Confidencial y Box Repsol.\",\"sameAs\":[\"https:\\\/\\\/x.com\\\/https:\\\/\\\/twitter.com\\\/JPdelaTorre1965\",\"https:\\\/\\\/youtube.com\\\/@juanpedrodelatorremotoworld\"],\"url\":\"https:\\\/\\\/www.boxrepsol.com\\\/es\\\/author\\\/juanpedro_delatorre\\\/\"}]}<\/script>\n<!-- \/ Yoast SEO plugin. -->","yoast_head_json":{"title":"Carnet B1: el nuevo permiso de conducir para menores de 18 a\u00f1os - Box Repsol","description":"Descubre qu\u00e9 es el carnet B1, qu\u00e9 veh\u00edculos permite conducir, requisitos, ventajas y su situaci\u00f3n en Espa\u00f1a y Europa para conductores desde los 16 a\u00f1os.","canonical":"https:\/\/www.boxrepsol.com\/es\/cultura-motera\/carnet-conducir-b1\/","og_locale":"es_ES","og_type":"article","og_title":"Carnet B1: el nuevo permiso de conducir para menores de 18 a\u00f1os - Box Repsol","og_description":"Descubre qu\u00e9 es el carnet B1, qu\u00e9 veh\u00edculos permite conducir, requisitos, ventajas y su situaci\u00f3n en Espa\u00f1a y Europa para conductores desde los 16 a\u00f1os.","og_url":"https:\/\/www.boxrepsol.com\/es\/cultura-motera\/carnet-conducir-b1\/","og_site_name":"Box Repsol","article_publisher":"https:\/\/www.facebook.com\/BoxRepsol","article_published_time":"2025-07-25T06:45:20+00:00","article_modified_time":"2025-07-29T12:58:42+00:00","og_image":[{"width":1024,"height":512,"url":"https:\/\/bxrepsol.s3.eu-west-1.amazonaws.com\/static\/2025\/07\/25041717\/ChatGPT-Image-Jul-24-2025-07_40_58-PM-e1753424297372-1024x512.png","type":"image\/png"}],"author":"Juan Pedro de la Torre","twitter_card":"summary_large_image","twitter_creator":"@https:\/\/twitter.com\/JPdelaTorre1965","twitter_site":"@box_repsol","twitter_misc":{"Written by":"Juan Pedro de la Torre","Est. reading time":"4 minutos"},"schema":{"@context":"https:\/\/schema.org","@graph":[{"@type":"Article","@id":"https:\/\/www.boxrepsol.com\/es\/cultura-motera\/carnet-conducir-b1\/#article","isPartOf":{"@id":"https:\/\/www.boxrepsol.com\/es\/cultura-motera\/carnet-conducir-b1\/"},"author":{"name":"Juan Pedro de la Torre","@id":"https:\/\/www.boxrepsol.com\/es\/#\/schema\/person\/26abce1d675df22d63ac9e9d5f23e4aa"},"headline":"Carnet B1: el nuevo permiso de conducir para menores de 18 a\u00f1os","datePublished":"2025-07-25T06:45:20+00:00","dateModified":"2025-07-29T12:58:42+00:00","mainEntityOfPage":{"@id":"https:\/\/www.boxrepsol.com\/es\/cultura-motera\/carnet-conducir-b1\/"},"wordCount":869,"commentCount":0,"publisher":{"@id":"https:\/\/www.boxrepsol.com\/es\/#organization"},"image":{"@id":"https:\/\/www.boxrepsol.com\/es\/cultura-motera\/carnet-conducir-b1\/#primaryimage"},"thumbnailUrl":"https:\/\/bxrepsol.s3.eu-west-1.amazonaws.com\/static\/2025\/07\/25041717\/ChatGPT-Image-Jul-24-2025-07_40_58-PM-e1753424297372.png","keywords":["conducci\u00f3n"],"articleSection":["Cultura Motera"],"inLanguage":"es","potentialAction":[{"@type":"CommentAction","name":"Comment","target":["https:\/\/www.boxrepsol.com\/es\/cultura-motera\/carnet-conducir-b1\/#respond"]}]},{"@type":"WebPage","@id":"https:\/\/www.boxrepsol.com\/es\/cultura-motera\/carnet-conducir-b1\/","url":"https:\/\/www.boxrepsol.com\/es\/cultura-motera\/carnet-conducir-b1\/","name":"Carnet B1: el nuevo permiso de conducir para menores de 18 a\u00f1os - Box Repsol","isPartOf":{"@id":"https:\/\/www.boxrepsol.com\/es\/#website"},"primaryImageOfPage":{"@id":"https:\/\/www.boxrepsol.com\/es\/cultura-motera\/carnet-conducir-b1\/#primaryimage"},"image":{"@id":"https:\/\/www.boxrepsol.com\/es\/cultura-motera\/carnet-conducir-b1\/#primaryimage"},"thumbnailUrl":"https:\/\/bxrepsol.s3.eu-west-1.amazonaws.com\/static\/2025\/07\/25041717\/ChatGPT-Image-Jul-24-2025-07_40_58-PM-e1753424297372.png","datePublished":"2025-07-25T06:45:20+00:00","dateModified":"2025-07-29T12:58:42+00:00","description":"Descubre qu\u00e9 es el carnet B1, qu\u00e9 veh\u00edculos permite conducir, requisitos, ventajas y su situaci\u00f3n en Espa\u00f1a y Europa para conductores desde los 16 a\u00f1os.","breadcrumb":{"@id":"https:\/\/www.boxrepsol.com\/es\/cultura-motera\/carnet-conducir-b1\/#breadcrumb"},"inLanguage":"es","potentialAction":[{"@type":"ReadAction","target":["https:\/\/www.boxrepsol.com\/es\/cultura-motera\/carnet-conducir-b1\/"]}]},{"@type":"ImageObject","inLanguage":"es","@id":"https:\/\/www.boxrepsol.com\/es\/cultura-motera\/carnet-conducir-b1\/#primaryimage","url":"https:\/\/bxrepsol.s3.eu-west-1.amazonaws.com\/static\/2025\/07\/25041717\/ChatGPT-Image-Jul-24-2025-07_40_58-PM-e1753424297372.png","contentUrl":"https:\/\/bxrepsol.s3.eu-west-1.amazonaws.com\/static\/2025\/07\/25041717\/ChatGPT-Image-Jul-24-2025-07_40_58-PM-e1753424297372.png","width":1536,"height":768,"caption":"Carnet B1"},{"@type":"BreadcrumbList","@id":"https:\/\/www.boxrepsol.com\/es\/cultura-motera\/carnet-conducir-b1\/#breadcrumb","itemListElement":[{"@type":"ListItem","position":1,"name":"Home","item":"https:\/\/www.boxrepsol.com\/es\/"},{"@type":"ListItem","position":2,"name":"Carnet B1: el nuevo permiso de conducir para menores de 18 a\u00f1os"}]},{"@type":"WebSite","@id":"https:\/\/www.boxrepsol.com\/es\/#website","url":"https:\/\/www.boxrepsol.com\/es\/","name":"Box Repsol","description":"Box Repsol Site","publisher":{"@id":"https:\/\/www.boxrepsol.com\/es\/#organization"},"potentialAction":[{"@type":"SearchAction","target":{"@type":"EntryPoint","urlTemplate":"https:\/\/www.boxrepsol.com\/es\/?s={search_term_string}"},"query-input":{"@type":"PropertyValueSpecification","valueRequired":true,"valueName":"search_term_string"}}],"inLanguage":"es"},{"@type":"Organization","@id":"https:\/\/www.boxrepsol.com\/es\/#organization","name":"Box Repsol","url":"https:\/\/www.boxrepsol.com\/es\/","logo":{"@type":"ImageObject","inLanguage":"es","@id":"https:\/\/www.boxrepsol.com\/es\/#\/schema\/logo\/image\/","url":"https:\/\/bxrepsol.s3.eu-west-1.amazonaws.com\/static\/2025\/07\/30083337\/favicon-96x96-1.png","contentUrl":"https:\/\/bxrepsol.s3.eu-west-1.amazonaws.com\/static\/2025\/07\/30083337\/favicon-96x96-1.png","width":96,"height":96,"caption":"Box Repsol"},"image":{"@id":"https:\/\/www.boxrepsol.com\/es\/#\/schema\/logo\/image\/"},"sameAs":["https:\/\/www.facebook.com\/BoxRepsol","https:\/\/x.com\/box_repsol","http:\/\/instagram.com\/box_repsol","https:\/\/www.youtube.com\/user\/RepsolCompeticion","https:\/\/www.flickr.com\/photos\/box_repsol\/"]},{"@type":"Person","@id":"https:\/\/www.boxrepsol.com\/es\/#\/schema\/person\/26abce1d675df22d63ac9e9d5f23e4aa","name":"Juan Pedro de la Torre","image":{"@type":"ImageObject","inLanguage":"es","@id":"https:\/\/secure.gravatar.com\/avatar\/e81f780ee2930d7be330cb34304decf0e9bc66bec0158805a0fe2726f4517224?s=96&d=mm&r=g","url":"https:\/\/secure.gravatar.com\/avatar\/e81f780ee2930d7be330cb34304decf0e9bc66bec0158805a0fe2726f4517224?s=96&d=mm&r=g","contentUrl":"https:\/\/secure.gravatar.com\/avatar\/e81f780ee2930d7be330cb34304decf0e9bc66bec0158805a0fe2726f4517224?s=96&d=mm&r=g","caption":"Juan Pedro de la Torre"},"description":"Se inici\u00f3 en el diario Marca en 1988 y posteriormente pas\u00f3 a la revista Motociclismo, donde llegar\u00eda a ser director de deporte. Despu\u00e9s fue editor y director de Motoworld.es y Sport Bikes y colabor\u00f3 con varios medios. Adem\u00e1s, ha publicado una docena de libros y actualmente trabaja como colaborador para Motociclismo, El Confidencial y Box Repsol.","sameAs":["https:\/\/x.com\/https:\/\/twitter.com\/JPdelaTorre1965","https:\/\/youtube.com\/@juanpedrodelatorremotoworld"],"url":"https:\/\/www.boxrepsol.com\/es\/author\/juanpedro_delatorre\/"}]}},"_links":{"self":[{"href":"https:\/\/www.boxrepsol.com\/es\/wp-json\/wp\/v2\/posts\/126627","targetHints":{"allow":["GET"]}}],"collection":[{"href":"https:\/\/www.boxrepsol.com\/es\/wp-json\/wp\/v2\/posts"}],"about":[{"href":"https:\/\/www.boxrepsol.com\/es\/wp-json\/wp\/v2\/types\/post"}],"author":[{"embeddable":true,"href":"https:\/\/www.boxrepsol.com\/es\/wp-json\/wp\/v2\/users\/41268"}],"replies":[{"embeddable":true,"href":"https:\/\/www.boxrepsol.com\/es\/wp-json\/wp\/v2\/comments?post=126627"}],"version-history":[{"count":4,"href":"https:\/\/www.boxrepsol.com\/es\/wp-json\/wp\/v2\/posts\/126627\/revisions"}],"predecessor-version":[{"id":126698,"href":"https:\/\/www.boxrepsol.com\/es\/wp-json\/wp\/v2\/posts\/126627\/revisions\/126698"}],"wp:featuredmedia":[{"embeddable":true,"href":"https:\/\/www.boxrepsol.com\/es\/wp-json\/wp\/v2\/media\/126638"}],"wp:attachment":[{"href":"https:\/\/www.boxrepsol.com\/es\/wp-json\/wp\/v2\/media?parent=126627"}],"wp:term":[{"taxonomy":"category","embeddable":true,"href":"https:\/\/www.boxrepsol.com\/es\/wp-json\/wp\/v2\/categories?post=126627"},{"taxonomy":"post_tag","embeddable":true,"href":"https:\/\/www.boxrepsol.com\/es\/wp-json\/wp\/v2\/tags?post=126627"}],"curies":[{"name":"wp","href":"https:\/\/api.w.org\/{rel}","templated":true}]}}