{"id":126316,"date":"2025-07-01T10:52:40","date_gmt":"2025-07-01T12:52:40","guid":{"rendered":"https:\/\/www.boxrepsol.com\/?p=126316"},"modified":"2025-07-31T09:41:48","modified_gmt":"2025-07-31T11:41:48","slug":"que-son-las-matriculas-rojas","status":"publish","type":"post","link":"https:\/\/www.boxrepsol.com\/es\/vive-tu-moto\/que-son-las-matriculas-rojas\/","title":{"rendered":"Matr\u00edculas rojas: definici\u00f3n, limitaciones y solicitud"},"content":{"rendered":"<figure class=\"wp-block-post-featured-image\"><img loading=\"lazy\" decoding=\"async\" width=\"4973\" height=\"2487\" src=\"https:\/\/bxrepsol.s3.eu-west-1.amazonaws.com\/static\/2025\/06\/01101103\/Matricula1.png\" class=\"attachment-post-thumbnail size-post-thumbnail wp-post-image\" alt=\"\" style=\"object-fit:cover;\" srcset=\"https:\/\/bxrepsol.s3.eu-west-1.amazonaws.com\/static\/2025\/06\/01101103\/Matricula1.png 4973w, https:\/\/bxrepsol.s3.eu-west-1.amazonaws.com\/static\/2025\/06\/01101103\/Matricula1-300x150.png 300w, https:\/\/bxrepsol.s3.eu-west-1.amazonaws.com\/static\/2025\/06\/01101103\/Matricula1-1024x512.png 1024w, https:\/\/bxrepsol.s3.eu-west-1.amazonaws.com\/static\/2025\/06\/01101103\/Matricula1-768x384.png 768w, https:\/\/bxrepsol.s3.eu-west-1.amazonaws.com\/static\/2025\/06\/01101103\/Matricula1-1536x768.png 1536w, https:\/\/bxrepsol.s3.eu-west-1.amazonaws.com\/static\/2025\/06\/01101103\/Matricula1-2048x1024.png 2048w\" sizes=\"auto, (max-width: 4973px) 100vw, 4973px\" \/><\/figure>\n\n\n<p>La <strong>matr\u00edcula<\/strong> es el <strong>DNI<\/strong> de los veh\u00edculos, su carnet de identidad, la forma sencilla y r\u00e1pida de identificar algo que puede estar multiplicado por miles. La <strong>Direcci\u00f3n General de Tr\u00e1fico<\/strong> (DGT) regula toda la normativa sobre matriculaci\u00f3n, que ha ido variando con el tiempo. Agotadas las placas provinciales que se emplearon a lo largo del siglo XX, la entrada en escena de un nuevo sistema de identificaci\u00f3n alfanum\u00e9rico arranc\u00f3 pr\u00e1cticamente con el nuevo siglo, siempre con el formato conocido de matrices negras sobre fondo blanco.<\/p>\n\n\n\n<p>Pero hay matr\u00edculas que no cumplen este formato. Recientemente <strong>los taxis y los VTC han adoptado una placa azul con matrices blancas<\/strong>, que distingue a los veh\u00edculos de servicio p\u00fablico. A veces nos encontramos con otros veh\u00edculos que cuentan con una <a href=\"https:\/\/www.boxrepsol.com\/es\/cultura-motera\/que-son-las-matriculas-verdes\/\"><strong>matr\u00edcula de<\/strong> <strong>color verde<\/strong><\/a>, que se emplea cuando la placa en cuesti\u00f3n tiene <strong>car\u00e1cter temporal<\/strong>. Y tambi\u00e9n es frecuente ver matr\u00edculas <strong>rojas<\/strong>.<\/p>\n\n\n\n<div id=\"ez-toc-container\" class=\"ez-toc-v2_0_82_2 counter-hierarchy ez-toc-counter ez-toc-grey ez-toc-container-direction\">\n<div class=\"ez-toc-title-container\">\n<p class=\"ez-toc-title\" style=\"cursor:inherit\">\u00cdndice<\/p>\n<span class=\"ez-toc-title-toggle\"><a href=\"#\" class=\"ez-toc-pull-right ez-toc-btn ez-toc-btn-xs ez-toc-btn-default ez-toc-toggle\" aria-label=\"Toggle Table of Content\"><span class=\"ez-toc-js-icon-con\"><span class=\"\"><span class=\"eztoc-hide\" style=\"display:none;\">Toggle<\/span><span class=\"ez-toc-icon-toggle-span\"><svg style=\"fill: #999;color:#999\" xmlns=\"http:\/\/www.w3.org\/2000\/svg\" class=\"list-377408\" width=\"20px\" height=\"20px\" viewBox=\"0 0 24 24\" fill=\"none\"><path d=\"M6 6H4v2h2V6zm14 0H8v2h12V6zM4 11h2v2H4v-2zm16 0H8v2h12v-2zM4 16h2v2H4v-2zm16 0H8v2h12v-2z\" fill=\"currentColor\"><\/path><\/svg><svg style=\"fill: #999;color:#999\" class=\"arrow-unsorted-368013\" xmlns=\"http:\/\/www.w3.org\/2000\/svg\" width=\"10px\" height=\"10px\" viewBox=\"0 0 24 24\" version=\"1.2\" baseProfile=\"tiny\"><path d=\"M18.2 9.3l-6.2-6.3-6.2 6.3c-.2.2-.3.4-.3.7s.1.5.3.7c.2.2.4.3.7.3h11c.3 0 .5-.1.7-.3.2-.2.3-.5.3-.7s-.1-.5-.3-.7zM5.8 14.7l6.2 6.3 6.2-6.3c.2-.2.3-.5.3-.7s-.1-.5-.3-.7c-.2-.2-.4-.3-.7-.3h-11c-.3 0-.5.1-.7.3-.2.2-.3.5-.3.7s.1.5.3.7z\"\/><\/svg><\/span><\/span><\/span><\/a><\/span><\/div>\n<nav><ul class='ez-toc-list ez-toc-list-level-1 ' ><li class='ez-toc-page-1 ez-toc-heading-level-2'><a class=\"ez-toc-link ez-toc-heading-1\" href=\"https:\/\/www.boxrepsol.com\/es\/vive-tu-moto\/que-son-las-matriculas-rojas\/#%C2%BFQue_significa_una_matricula_roja\" >\u00bfQu\u00e9 significa una matr\u00edcula roja?<\/a><\/li><li class='ez-toc-page-1 ez-toc-heading-level-2'><a class=\"ez-toc-link ez-toc-heading-2\" href=\"https:\/\/www.boxrepsol.com\/es\/vive-tu-moto\/que-son-las-matriculas-rojas\/#Tipos_de_matriculas_rojas_y_sus_caracteristicas\" >Tipos de matr\u00edculas rojas y sus caracter\u00edsticas<\/a><\/li><li class='ez-toc-page-1 ez-toc-heading-level-2'><a class=\"ez-toc-link ez-toc-heading-3\" href=\"https:\/\/www.boxrepsol.com\/es\/vive-tu-moto\/que-son-las-matriculas-rojas\/#%C2%BFQuien_puede_solicitar_y_conducir_con_placa_roja\" >\u00bfQui\u00e9n puede solicitar y conducir con placa roja?<\/a><ul class='ez-toc-list-level-3' ><li class='ez-toc-heading-level-3'><a class=\"ez-toc-link ez-toc-heading-4\" href=\"https:\/\/www.boxrepsol.com\/es\/vive-tu-moto\/que-son-las-matriculas-rojas\/#Plazo_de_validez_y_renovacion\" >Plazo de validez y renovaci\u00f3n<\/a><\/li><\/ul><\/li><li class='ez-toc-page-1 ez-toc-heading-level-2'><a class=\"ez-toc-link ez-toc-heading-5\" href=\"https:\/\/www.boxrepsol.com\/es\/vive-tu-moto\/que-son-las-matriculas-rojas\/#Como_solicitar_una_matricula_roja_paso_a_paso\" >C\u00f3mo solicitar una matr\u00edcula roja paso a paso<\/a><\/li><\/ul><\/nav><\/div>\n<h2 class=\"wp-block-heading\"><span class=\"ez-toc-section\" id=\"%C2%BFQue_significa_una_matricula_roja\"><\/span><strong>\u00bfQu\u00e9 significa una matr\u00edcula roja?<\/strong><span class=\"ez-toc-section-end\"><\/span><\/h2>\n\n\n\n<p>Este tipo de matr\u00edcula se utiliza en determinados supuestos y procesos administrativos, <strong>permitiendo al veh\u00edculo que la porta circular de forma legal mientras se completa el tr\u00e1mite en cuesti\u00f3n<\/strong>. Principalmente se emplea cuando un veh\u00edculo se encuentra en <strong>proceso de fabricaci\u00f3n, importaci\u00f3n o exportaci\u00f3n, o en proceso de compraventa<\/strong>. Por lo general, suele estar acompa\u00f1ada de una leyenda que especifica su car\u00e1cter provisional, aunque tambi\u00e9n puede ser utilizada por un determinado tipo de veh\u00edculos de un modo concreto.<\/p>\n\n\n\n<p><\/p>\n\n\n\n<h2 class=\"wp-block-heading\"><span class=\"ez-toc-section\" id=\"Tipos_de_matriculas_rojas_y_sus_caracteristicas\"><\/span><strong>Tipos de matr\u00edculas rojas y sus caracter\u00edsticas<\/strong><span class=\"ez-toc-section-end\"><\/span><\/h2>\n\n\n\n<p>La matriculaci\u00f3n de matr\u00edculas est\u00e1 regulada en los <strong>art\u00edculos 25 al 28 del Reglamento General de Veh\u00edculos de Espa\u00f1a<\/strong>, y se distinguen cuatro tipos de matr\u00edculas rojas.<\/p>\n\n\n\n<ul class=\"wp-block-list\">\n<li>Las primeras est\u00e1n <strong>destinadas a remolques y semirremolques<\/strong>. Su numeraci\u00f3n comienza con la letra <strong>R<\/strong>, seguida de cuatro n\u00fameros y tres letras. Son utilizadas por este tipo de veh\u00edculos cuando requieren de una identificaci\u00f3n temporal.<\/li>\n\n\n\n<li>El segundo tipo de matr\u00edcula roja es la destina a <strong>veh\u00edculos del Cuerpo Diplom\u00e1tico<\/strong>, cuyas placas emplean las letras <strong>CD<\/strong> seguidas de cuatro n\u00fameros. Este formato exclusivo garantiza el estatus especial de estos veh\u00edculos.<\/li>\n\n\n\n<li>Otro tipo de placas rojas son las <strong>matr\u00edculas temporales de empresa de veh\u00edculos no matriculados en Espa\u00f1a<\/strong>. Comienzan con la letra <strong>S<\/strong> y tienen cuatro n\u00fameros y tres letras adicionales. Suelen utilizarse en veh\u00edculos en pruebas que necesitan <strong>circular temporalmente por Espa\u00f1a<\/strong>. Seguro que en alguna ocasi\u00f3n te has cruzado en la carretera por uno de estos coches que llevan unos extra\u00f1os adhesivos sobre su carrocer\u00eda para ocultar sus formas. Esos son los veh\u00edculos de pruebas, y necesitan placas rojas.<\/li>\n\n\n\n<li>Finalmente,<strong> <\/strong>las matr\u00edculas temporales de <strong>empresa de veh\u00edculos matriculados en Espa\u00f1a<\/strong> emplean placa roja. Comienzan con la letra <strong>V<\/strong>, seguida de cuatro n\u00fameros y tres letras. Se emplean en veh\u00edculos que, aunque ya est\u00e1n matriculados en Espa\u00f1a, requieren una matriculaci\u00f3n temporal.<\/li>\n<\/ul>\n\n\n\n<p>En los <strong>dos primeros casos<\/strong> la circulaci\u00f3n de los veh\u00edculos es la habitual, pueden <strong>circular sin restricciones<\/strong>. Sin embargo, en los <strong>otros dos casos<\/strong>, este tipo de matr\u00edcula s\u00f3lo permite <strong>circular en circunstancias espec\u00edficas<\/strong>, como realizar ensayos de investigaci\u00f3n, pruebas t\u00e9cnicas, transporte o pruebas con posibles compradores.<\/p>\n\n\n\n<p>S\u00f3lo se dan tres supuestos para poder conducir los veh\u00edculos con placas rojas: <strong>ser el conductor titular del permiso temporal<\/strong>, es decir, quien ha recibido el permiso temporal para circular con el veh\u00edculo.&nbsp;En segundo lugar, <strong>ser el posible comprador del veh\u00edculo<\/strong>, acompa\u00f1ado del titular del permiso temporal. Finalmente,&nbsp;<strong>ser el comprador del veh\u00edculo<\/strong> y conducirlo solo porque \u00fanicamente tiene una plaza o es un tractor agr\u00edcola, ya que no dispone de m\u00e1s asientos para que lo acompa\u00f1e el titular del permiso.<\/p>\n\n\n\n<p>Un veh\u00edculo con matr\u00edcula roja <strong>no puede tener m\u00e1s de cuatro ocupantes<\/strong>, <strong>incluido el conductor<\/strong>. Este permiso de conducci\u00f3n <strong>temporal<\/strong> s\u00f3lo es v\u00e1lido <strong>dentro<\/strong> <strong>de<\/strong> <strong>Espa\u00f1a<\/strong>, y hay que tener en cuenta que no se puede circular libremente en caso de transferencia del veh\u00edculo.<\/p>\n\n\n\n<figure class=\"wp-block-image size-large is-resized\"><img loading=\"lazy\" decoding=\"async\" width=\"1024\" height=\"683\" src=\"https:\/\/bxrepsol.s3.eu-west-1.amazonaws.com\/static\/2025\/06\/01101141\/Matricula2-1024x683.png\" alt=\"\" class=\"wp-image-126354\" style=\"object-fit:cover;width:600px;height:400px\" srcset=\"https:\/\/bxrepsol.s3.eu-west-1.amazonaws.com\/static\/2025\/06\/01101141\/Matricula2-1024x683.png 1024w, https:\/\/bxrepsol.s3.eu-west-1.amazonaws.com\/static\/2025\/06\/01101141\/Matricula2-300x200.png 300w, https:\/\/bxrepsol.s3.eu-west-1.amazonaws.com\/static\/2025\/06\/01101141\/Matricula2-768x512.png 768w, https:\/\/bxrepsol.s3.eu-west-1.amazonaws.com\/static\/2025\/06\/01101141\/Matricula2-1536x1024.png 1536w, https:\/\/bxrepsol.s3.eu-west-1.amazonaws.com\/static\/2025\/06\/01101141\/Matricula2-2048x1365.png 2048w\" sizes=\"auto, (max-width: 1024px) 100vw, 1024px\" \/><\/figure>\n\n\n\n<p><\/p>\n\n\n\n<h2 class=\"wp-block-heading\"><span class=\"ez-toc-section\" id=\"%C2%BFQuien_puede_solicitar_y_conducir_con_placa_roja\"><\/span><strong>\u00bfQui\u00e9n puede solicitar y conducir con placa roja?<\/strong><span class=\"ez-toc-section-end\"><\/span><\/h2>\n\n\n\n<p><\/p>\n\n\n\n<p>El uso de los veh\u00edculos con placa roja est\u00e1 muy regulado. El propietario del veh\u00edculo o la empresa propietaria debe contar con <strong>un talonario de boletines de circulaci\u00f3n<\/strong>, que se debe cumplimentar antes de iniciar un trayecto. Este documento debe <strong>incluir los datos del veh\u00edculo, del conductor, el itinerario y las personas que viajan,<\/strong> si es que se da esta circunstancia, con el objeto de tener un registro de los desplazamientos y garantizar que el uso de la matr\u00edcula temporal se ajusta a los fines establecidos.&nbsp;Los boletines se pueden adquirir en <strong>centros autorizados de expedici\u00f3n de placas de matr\u00edcula<\/strong>.<\/p>\n\n\n\n<p>Existen dos tipos de matr\u00edculas rojas en funci\u00f3n de la situaci\u00f3n del veh\u00edculo.&nbsp;Los <strong>no matriculados previamente en Espa\u00f1a<\/strong> recibir\u00e1n placas rojas con la <strong>letra S<\/strong>, mientras que los veh\u00edculos en <strong>baja temporal por transmisi\u00f3n<\/strong> que&nbsp;hayan sido matriculados anteriormente en Espa\u00f1a recibir\u00e1n una placa roja con la <strong>letra V<\/strong>. En ambos casos, las matr\u00edculas rojas s\u00f3lo permiten la circulaci\u00f3n hasta que terminen los tr\u00e1mites de matriculaci\u00f3n definitiva.<\/p>\n\n\n\n<figure class=\"wp-block-image size-large is-resized\"><img loading=\"lazy\" decoding=\"async\" width=\"1024\" height=\"683\" src=\"https:\/\/bxrepsol.s3.eu-west-1.amazonaws.com\/static\/2025\/06\/01101152\/Matricula3-1024x683.png\" alt=\"\" class=\"wp-image-126356\" style=\"object-fit:cover;width:600px;height:400px\" srcset=\"https:\/\/bxrepsol.s3.eu-west-1.amazonaws.com\/static\/2025\/06\/01101152\/Matricula3-1024x683.png 1024w, https:\/\/bxrepsol.s3.eu-west-1.amazonaws.com\/static\/2025\/06\/01101152\/Matricula3-300x200.png 300w, https:\/\/bxrepsol.s3.eu-west-1.amazonaws.com\/static\/2025\/06\/01101152\/Matricula3-768x512.png 768w, https:\/\/bxrepsol.s3.eu-west-1.amazonaws.com\/static\/2025\/06\/01101152\/Matricula3-1536x1024.png 1536w, https:\/\/bxrepsol.s3.eu-west-1.amazonaws.com\/static\/2025\/06\/01101152\/Matricula3-2048x1365.png 2048w\" sizes=\"auto, (max-width: 1024px) 100vw, 1024px\" \/><\/figure>\n\n\n\n<p><\/p>\n\n\n\n<h3 class=\"wp-block-heading\"><span class=\"ez-toc-section\" id=\"Plazo_de_validez_y_renovacion\"><\/span><strong>Plazo de validez y renovaci\u00f3n<\/strong><span class=\"ez-toc-section-end\"><\/span><\/h3>\n\n\n\n<p>El permiso temporal de circulaci\u00f3n con matr\u00edcula roja tiene <strong>un plazo improrrogable de un a\u00f1o<\/strong>&nbsp;a contar desde el primer d\u00eda del mes siguiente a la fecha de expedici\u00f3n.<\/p>\n\n\n\n<p><\/p>\n\n\n\n<h2 class=\"wp-block-heading\"><span class=\"ez-toc-section\" id=\"Como_solicitar_una_matricula_roja_paso_a_paso\"><\/span><strong>C\u00f3mo solicitar una matr\u00edcula roja paso a paso<\/strong><span class=\"ez-toc-section-end\"><\/span><\/h2>\n\n\n\n<p>Las matr\u00edculas rojas pueden ser solicitadas&nbsp;por <strong>personas o empresas<\/strong> que se dediquen a la distribuci\u00f3n, venta o importaci\u00f3n de veh\u00edculos en Espa\u00f1a, y deber\u00e1n contar con un <strong>establecimiento abierto en el pa\u00eds<\/strong>, o al menos tener la <strong>solicitud de la licencia municipal<\/strong> de apertura de este.<\/p>\n\n\n\n<p>La solicitud es un proceso muy espec\u00edfico que <a href=\"https:\/\/www.dgt.es\/nuestros-servicios\/para-colaboradores-y-empresas\/fabricantes-talleres-concesionarios-y-entidades-financieras\/solicitud-de-placas-rojas-y-libro-talonario\/#:~:text=Placa%20roja%20S:%20Para%20veh%C3%ADculos,de%20baja%20temporal%20por%20transmisi%C3%B3n.\"><strong>se tramita ante la DGT<\/strong><\/a>. Hay que pagar una tasa de solicitud de matr\u00edcula roja, y presentar\u00a0el impreso oficial de solicitud\u00a0que se obtiene en la <strong>sede electr\u00f3nica<\/strong> <strong>de la DGT<\/strong>,\u00a0tu identificaci\u00f3n\u00a0(DNI, permiso de conducir, tarjeta de residencia o la tarjeta de identificaci\u00f3n fiscal y la acreditaci\u00f3n de la representaci\u00f3n si es una empresa),\u00a0el justificante de pago de la tasa,\u00a0y\u00a0el justificante de la licencia municipal de apertura\u00a0del establecimiento relacionado con la actividad, ya sea venta, distribuci\u00f3n o importaci\u00f3n de veh\u00edculos.<\/p>\n\n\n\n<p>Tambi\u00e9n se debe aportar&nbsp;<strong>el recibo del Impuesto sobre Actividades Econ\u00f3micas<\/strong> (IAE)&nbsp;si eres sujeto pasivo de este impuesto (o una acreditaci\u00f3n oficial en caso contrario) y, si procede,&nbsp;la acreditaci\u00f3n del permiso temporal de empresa&nbsp;junto con la justificaci\u00f3n de la necesidad de matr\u00edculas rojas para pruebas o ensayos extraordinarios que est\u00e9n relacionados con la actividad de investigaci\u00f3n.<\/p>\n\n\n\n<p>Como vemos, es un proceso algo complejo que requiere aporta una amplia documentaci\u00f3n.<\/p>\n\n\n\n<p><a id=\"_msocom_1\"><\/a><\/p>\n","protected":false},"excerpt":{"rendered":"<p>No es muy com\u00fan encontrarse con veh\u00edculos que llevan matr\u00edculas rojas. \u00bfQu\u00e9 significa y con qu\u00e9 objeto se emplea este tipo de identificaci\u00f3n? Hay diversos motivos para emplearlas.<\/p>\n","protected":false},"author":41268,"featured_media":126352,"comment_status":"open","ping_status":"closed","sticky":false,"template":"","format":"standard","meta":{"footnotes":""},"categories":[122],"tags":[585],"class_list":["post-126316","post","type-post","status-publish","format-standard","hentry","category-vive-tu-moto","tag-conduccion"],"yoast_head":"<!-- This site is optimized with the Yoast SEO plugin v27.3 - https:\/\/yoast.com\/product\/yoast-seo-wordpress\/ -->\n<title>\u00bfQu\u00e9 significan las matr\u00edculas rojas y como se solicitan?<\/title>\n<meta name=\"description\" content=\"Descubre qu\u00e9 son las matr\u00edculas rojas, qu\u00e9 significan y c\u00f3mo puedes solicitar una de ellas.\" \/>\n<link rel=\"canonical\" href=\"https:\/\/www.boxrepsol.com\/es\/vive-tu-moto\/que-son-las-matriculas-rojas\/\" \/>\n<meta property=\"og:locale\" content=\"es_ES\" \/>\n<meta property=\"og:type\" content=\"article\" \/>\n<meta property=\"og:title\" content=\"\u00bfQu\u00e9 significan las matr\u00edculas rojas y como se solicitan?\" \/>\n<meta property=\"og:description\" content=\"Descubre qu\u00e9 son las matr\u00edculas rojas, qu\u00e9 significan y c\u00f3mo puedes solicitar una de ellas.\" \/>\n<meta property=\"og:url\" content=\"https:\/\/www.boxrepsol.com\/es\/vive-tu-moto\/que-son-las-matriculas-rojas\/\" \/>\n<meta property=\"og:site_name\" content=\"Box Repsol\" \/>\n<meta property=\"article:publisher\" content=\"https:\/\/www.facebook.com\/BoxRepsol\" \/>\n<meta property=\"article:published_time\" content=\"2025-07-01T12:52:40+00:00\" \/>\n<meta property=\"article:modified_time\" content=\"2025-07-31T11:41:48+00:00\" \/>\n<meta property=\"og:image\" content=\"https:\/\/bxrepsol.s3.eu-west-1.amazonaws.com\/static\/2025\/06\/01101103\/Matricula1-1024x512.png\" \/>\n\t<meta property=\"og:image:width\" content=\"1024\" \/>\n\t<meta property=\"og:image:height\" content=\"512\" \/>\n\t<meta property=\"og:image:type\" content=\"image\/png\" \/>\n<meta name=\"author\" content=\"Juan Pedro de la Torre\" \/>\n<meta name=\"twitter:card\" content=\"summary_large_image\" \/>\n<meta name=\"twitter:creator\" content=\"@https:\/\/twitter.com\/JPdelaTorre1965\" \/>\n<meta name=\"twitter:site\" content=\"@box_repsol\" \/>\n<meta name=\"twitter:label1\" content=\"Written by\" \/>\n\t<meta name=\"twitter:data1\" content=\"Juan Pedro de la Torre\" \/>\n\t<meta name=\"twitter:label2\" content=\"Est. reading time\" \/>\n\t<meta name=\"twitter:data2\" content=\"6 minutos\" \/>\n<script type=\"application\/ld+json\" class=\"yoast-schema-graph\">{\"@context\":\"https:\\\/\\\/schema.org\",\"@graph\":[{\"@type\":\"Article\",\"@id\":\"https:\\\/\\\/www.boxrepsol.com\\\/es\\\/vive-tu-moto\\\/que-son-las-matriculas-rojas\\\/#article\",\"isPartOf\":{\"@id\":\"https:\\\/\\\/www.boxrepsol.com\\\/es\\\/vive-tu-moto\\\/que-son-las-matriculas-rojas\\\/\"},\"author\":{\"name\":\"Juan Pedro de la Torre\",\"@id\":\"https:\\\/\\\/www.boxrepsol.com\\\/es\\\/#\\\/schema\\\/person\\\/26abce1d675df22d63ac9e9d5f23e4aa\"},\"headline\":\"Matr\u00edculas rojas: definici\u00f3n, limitaciones y solicitud\",\"datePublished\":\"2025-07-01T12:52:40+00:00\",\"dateModified\":\"2025-07-31T11:41:48+00:00\",\"mainEntityOfPage\":{\"@id\":\"https:\\\/\\\/www.boxrepsol.com\\\/es\\\/vive-tu-moto\\\/que-son-las-matriculas-rojas\\\/\"},\"wordCount\":1226,\"commentCount\":0,\"publisher\":{\"@id\":\"https:\\\/\\\/www.boxrepsol.com\\\/es\\\/#organization\"},\"image\":{\"@id\":\"https:\\\/\\\/www.boxrepsol.com\\\/es\\\/vive-tu-moto\\\/que-son-las-matriculas-rojas\\\/#primaryimage\"},\"thumbnailUrl\":\"https:\\\/\\\/bxrepsol.s3.eu-west-1.amazonaws.com\\\/static\\\/2025\\\/06\\\/01101103\\\/Matricula1.png\",\"keywords\":[\"conducci\u00f3n\"],\"articleSection\":[\"Vive tu moto\"],\"inLanguage\":\"es\",\"potentialAction\":[{\"@type\":\"CommentAction\",\"name\":\"Comment\",\"target\":[\"https:\\\/\\\/www.boxrepsol.com\\\/es\\\/vive-tu-moto\\\/que-son-las-matriculas-rojas\\\/#respond\"]}]},{\"@type\":\"WebPage\",\"@id\":\"https:\\\/\\\/www.boxrepsol.com\\\/es\\\/vive-tu-moto\\\/que-son-las-matriculas-rojas\\\/\",\"url\":\"https:\\\/\\\/www.boxrepsol.com\\\/es\\\/vive-tu-moto\\\/que-son-las-matriculas-rojas\\\/\",\"name\":\"\u00bfQu\u00e9 significan las matr\u00edculas rojas y como se solicitan?\",\"isPartOf\":{\"@id\":\"https:\\\/\\\/www.boxrepsol.com\\\/es\\\/#website\"},\"primaryImageOfPage\":{\"@id\":\"https:\\\/\\\/www.boxrepsol.com\\\/es\\\/vive-tu-moto\\\/que-son-las-matriculas-rojas\\\/#primaryimage\"},\"image\":{\"@id\":\"https:\\\/\\\/www.boxrepsol.com\\\/es\\\/vive-tu-moto\\\/que-son-las-matriculas-rojas\\\/#primaryimage\"},\"thumbnailUrl\":\"https:\\\/\\\/bxrepsol.s3.eu-west-1.amazonaws.com\\\/static\\\/2025\\\/06\\\/01101103\\\/Matricula1.png\",\"datePublished\":\"2025-07-01T12:52:40+00:00\",\"dateModified\":\"2025-07-31T11:41:48+00:00\",\"description\":\"Descubre qu\u00e9 son las matr\u00edculas rojas, qu\u00e9 significan y c\u00f3mo puedes solicitar una de ellas.\",\"breadcrumb\":{\"@id\":\"https:\\\/\\\/www.boxrepsol.com\\\/es\\\/vive-tu-moto\\\/que-son-las-matriculas-rojas\\\/#breadcrumb\"},\"inLanguage\":\"es\",\"potentialAction\":[{\"@type\":\"ReadAction\",\"target\":[\"https:\\\/\\\/www.boxrepsol.com\\\/es\\\/vive-tu-moto\\\/que-son-las-matriculas-rojas\\\/\"]}]},{\"@type\":\"ImageObject\",\"inLanguage\":\"es\",\"@id\":\"https:\\\/\\\/www.boxrepsol.com\\\/es\\\/vive-tu-moto\\\/que-son-las-matriculas-rojas\\\/#primaryimage\",\"url\":\"https:\\\/\\\/bxrepsol.s3.eu-west-1.amazonaws.com\\\/static\\\/2025\\\/06\\\/01101103\\\/Matricula1.png\",\"contentUrl\":\"https:\\\/\\\/bxrepsol.s3.eu-west-1.amazonaws.com\\\/static\\\/2025\\\/06\\\/01101103\\\/Matricula1.png\",\"width\":4973,\"height\":2487},{\"@type\":\"BreadcrumbList\",\"@id\":\"https:\\\/\\\/www.boxrepsol.com\\\/es\\\/vive-tu-moto\\\/que-son-las-matriculas-rojas\\\/#breadcrumb\",\"itemListElement\":[{\"@type\":\"ListItem\",\"position\":1,\"name\":\"Home\",\"item\":\"https:\\\/\\\/www.boxrepsol.com\\\/es\\\/\"},{\"@type\":\"ListItem\",\"position\":2,\"name\":\"Matr\u00edculas rojas: definici\u00f3n, limitaciones y solicitud\"}]},{\"@type\":\"WebSite\",\"@id\":\"https:\\\/\\\/www.boxrepsol.com\\\/es\\\/#website\",\"url\":\"https:\\\/\\\/www.boxrepsol.com\\\/es\\\/\",\"name\":\"Box Repsol\",\"description\":\"Box Repsol Site\",\"publisher\":{\"@id\":\"https:\\\/\\\/www.boxrepsol.com\\\/es\\\/#organization\"},\"potentialAction\":[{\"@type\":\"SearchAction\",\"target\":{\"@type\":\"EntryPoint\",\"urlTemplate\":\"https:\\\/\\\/www.boxrepsol.com\\\/es\\\/?s={search_term_string}\"},\"query-input\":{\"@type\":\"PropertyValueSpecification\",\"valueRequired\":true,\"valueName\":\"search_term_string\"}}],\"inLanguage\":\"es\"},{\"@type\":\"Organization\",\"@id\":\"https:\\\/\\\/www.boxrepsol.com\\\/es\\\/#organization\",\"name\":\"Box Repsol\",\"url\":\"https:\\\/\\\/www.boxrepsol.com\\\/es\\\/\",\"logo\":{\"@type\":\"ImageObject\",\"inLanguage\":\"es\",\"@id\":\"https:\\\/\\\/www.boxrepsol.com\\\/es\\\/#\\\/schema\\\/logo\\\/image\\\/\",\"url\":\"https:\\\/\\\/bxrepsol.s3.eu-west-1.amazonaws.com\\\/static\\\/2025\\\/07\\\/30083337\\\/favicon-96x96-1.png\",\"contentUrl\":\"https:\\\/\\\/bxrepsol.s3.eu-west-1.amazonaws.com\\\/static\\\/2025\\\/07\\\/30083337\\\/favicon-96x96-1.png\",\"width\":96,\"height\":96,\"caption\":\"Box Repsol\"},\"image\":{\"@id\":\"https:\\\/\\\/www.boxrepsol.com\\\/es\\\/#\\\/schema\\\/logo\\\/image\\\/\"},\"sameAs\":[\"https:\\\/\\\/www.facebook.com\\\/BoxRepsol\",\"https:\\\/\\\/x.com\\\/box_repsol\",\"http:\\\/\\\/instagram.com\\\/box_repsol\",\"https:\\\/\\\/www.youtube.com\\\/user\\\/RepsolCompeticion\",\"https:\\\/\\\/www.flickr.com\\\/photos\\\/box_repsol\\\/\"]},{\"@type\":\"Person\",\"@id\":\"https:\\\/\\\/www.boxrepsol.com\\\/es\\\/#\\\/schema\\\/person\\\/26abce1d675df22d63ac9e9d5f23e4aa\",\"name\":\"Juan Pedro de la Torre\",\"image\":{\"@type\":\"ImageObject\",\"inLanguage\":\"es\",\"@id\":\"https:\\\/\\\/secure.gravatar.com\\\/avatar\\\/e81f780ee2930d7be330cb34304decf0e9bc66bec0158805a0fe2726f4517224?s=96&d=mm&r=g\",\"url\":\"https:\\\/\\\/secure.gravatar.com\\\/avatar\\\/e81f780ee2930d7be330cb34304decf0e9bc66bec0158805a0fe2726f4517224?s=96&d=mm&r=g\",\"contentUrl\":\"https:\\\/\\\/secure.gravatar.com\\\/avatar\\\/e81f780ee2930d7be330cb34304decf0e9bc66bec0158805a0fe2726f4517224?s=96&d=mm&r=g\",\"caption\":\"Juan Pedro de la Torre\"},\"description\":\"Se inici\u00f3 en el diario Marca en 1988 y posteriormente pas\u00f3 a la revista Motociclismo, donde llegar\u00eda a ser director de deporte. Despu\u00e9s fue editor y director de Motoworld.es y Sport Bikes y colabor\u00f3 con varios medios. Adem\u00e1s, ha publicado una docena de libros y actualmente trabaja como colaborador para Motociclismo, El Confidencial y Box Repsol.\",\"sameAs\":[\"https:\\\/\\\/x.com\\\/https:\\\/\\\/twitter.com\\\/JPdelaTorre1965\",\"https:\\\/\\\/youtube.com\\\/@juanpedrodelatorremotoworld\"],\"url\":\"https:\\\/\\\/www.boxrepsol.com\\\/es\\\/author\\\/juanpedro_delatorre\\\/\"}]}<\/script>\n<!-- \/ Yoast SEO plugin. -->","yoast_head_json":{"title":"\u00bfQu\u00e9 significan las matr\u00edculas rojas y como se solicitan?","description":"Descubre qu\u00e9 son las matr\u00edculas rojas, qu\u00e9 significan y c\u00f3mo puedes solicitar una de ellas.","canonical":"https:\/\/www.boxrepsol.com\/es\/vive-tu-moto\/que-son-las-matriculas-rojas\/","og_locale":"es_ES","og_type":"article","og_title":"\u00bfQu\u00e9 significan las matr\u00edculas rojas y como se solicitan?","og_description":"Descubre qu\u00e9 son las matr\u00edculas rojas, qu\u00e9 significan y c\u00f3mo puedes solicitar una de ellas.","og_url":"https:\/\/www.boxrepsol.com\/es\/vive-tu-moto\/que-son-las-matriculas-rojas\/","og_site_name":"Box Repsol","article_publisher":"https:\/\/www.facebook.com\/BoxRepsol","article_published_time":"2025-07-01T12:52:40+00:00","article_modified_time":"2025-07-31T11:41:48+00:00","og_image":[{"width":1024,"height":512,"url":"https:\/\/bxrepsol.s3.eu-west-1.amazonaws.com\/static\/2025\/06\/01101103\/Matricula1-1024x512.png","type":"image\/png"}],"author":"Juan Pedro de la Torre","twitter_card":"summary_large_image","twitter_creator":"@https:\/\/twitter.com\/JPdelaTorre1965","twitter_site":"@box_repsol","twitter_misc":{"Written by":"Juan Pedro de la Torre","Est. reading time":"6 minutos"},"schema":{"@context":"https:\/\/schema.org","@graph":[{"@type":"Article","@id":"https:\/\/www.boxrepsol.com\/es\/vive-tu-moto\/que-son-las-matriculas-rojas\/#article","isPartOf":{"@id":"https:\/\/www.boxrepsol.com\/es\/vive-tu-moto\/que-son-las-matriculas-rojas\/"},"author":{"name":"Juan Pedro de la Torre","@id":"https:\/\/www.boxrepsol.com\/es\/#\/schema\/person\/26abce1d675df22d63ac9e9d5f23e4aa"},"headline":"Matr\u00edculas rojas: definici\u00f3n, limitaciones y solicitud","datePublished":"2025-07-01T12:52:40+00:00","dateModified":"2025-07-31T11:41:48+00:00","mainEntityOfPage":{"@id":"https:\/\/www.boxrepsol.com\/es\/vive-tu-moto\/que-son-las-matriculas-rojas\/"},"wordCount":1226,"commentCount":0,"publisher":{"@id":"https:\/\/www.boxrepsol.com\/es\/#organization"},"image":{"@id":"https:\/\/www.boxrepsol.com\/es\/vive-tu-moto\/que-son-las-matriculas-rojas\/#primaryimage"},"thumbnailUrl":"https:\/\/bxrepsol.s3.eu-west-1.amazonaws.com\/static\/2025\/06\/01101103\/Matricula1.png","keywords":["conducci\u00f3n"],"articleSection":["Vive tu moto"],"inLanguage":"es","potentialAction":[{"@type":"CommentAction","name":"Comment","target":["https:\/\/www.boxrepsol.com\/es\/vive-tu-moto\/que-son-las-matriculas-rojas\/#respond"]}]},{"@type":"WebPage","@id":"https:\/\/www.boxrepsol.com\/es\/vive-tu-moto\/que-son-las-matriculas-rojas\/","url":"https:\/\/www.boxrepsol.com\/es\/vive-tu-moto\/que-son-las-matriculas-rojas\/","name":"\u00bfQu\u00e9 significan las matr\u00edculas rojas y como se solicitan?","isPartOf":{"@id":"https:\/\/www.boxrepsol.com\/es\/#website"},"primaryImageOfPage":{"@id":"https:\/\/www.boxrepsol.com\/es\/vive-tu-moto\/que-son-las-matriculas-rojas\/#primaryimage"},"image":{"@id":"https:\/\/www.boxrepsol.com\/es\/vive-tu-moto\/que-son-las-matriculas-rojas\/#primaryimage"},"thumbnailUrl":"https:\/\/bxrepsol.s3.eu-west-1.amazonaws.com\/static\/2025\/06\/01101103\/Matricula1.png","datePublished":"2025-07-01T12:52:40+00:00","dateModified":"2025-07-31T11:41:48+00:00","description":"Descubre qu\u00e9 son las matr\u00edculas rojas, qu\u00e9 significan y c\u00f3mo puedes solicitar una de ellas.","breadcrumb":{"@id":"https:\/\/www.boxrepsol.com\/es\/vive-tu-moto\/que-son-las-matriculas-rojas\/#breadcrumb"},"inLanguage":"es","potentialAction":[{"@type":"ReadAction","target":["https:\/\/www.boxrepsol.com\/es\/vive-tu-moto\/que-son-las-matriculas-rojas\/"]}]},{"@type":"ImageObject","inLanguage":"es","@id":"https:\/\/www.boxrepsol.com\/es\/vive-tu-moto\/que-son-las-matriculas-rojas\/#primaryimage","url":"https:\/\/bxrepsol.s3.eu-west-1.amazonaws.com\/static\/2025\/06\/01101103\/Matricula1.png","contentUrl":"https:\/\/bxrepsol.s3.eu-west-1.amazonaws.com\/static\/2025\/06\/01101103\/Matricula1.png","width":4973,"height":2487},{"@type":"BreadcrumbList","@id":"https:\/\/www.boxrepsol.com\/es\/vive-tu-moto\/que-son-las-matriculas-rojas\/#breadcrumb","itemListElement":[{"@type":"ListItem","position":1,"name":"Home","item":"https:\/\/www.boxrepsol.com\/es\/"},{"@type":"ListItem","position":2,"name":"Matr\u00edculas rojas: definici\u00f3n, limitaciones y solicitud"}]},{"@type":"WebSite","@id":"https:\/\/www.boxrepsol.com\/es\/#website","url":"https:\/\/www.boxrepsol.com\/es\/","name":"Box Repsol","description":"Box Repsol Site","publisher":{"@id":"https:\/\/www.boxrepsol.com\/es\/#organization"},"potentialAction":[{"@type":"SearchAction","target":{"@type":"EntryPoint","urlTemplate":"https:\/\/www.boxrepsol.com\/es\/?s={search_term_string}"},"query-input":{"@type":"PropertyValueSpecification","valueRequired":true,"valueName":"search_term_string"}}],"inLanguage":"es"},{"@type":"Organization","@id":"https:\/\/www.boxrepsol.com\/es\/#organization","name":"Box Repsol","url":"https:\/\/www.boxrepsol.com\/es\/","logo":{"@type":"ImageObject","inLanguage":"es","@id":"https:\/\/www.boxrepsol.com\/es\/#\/schema\/logo\/image\/","url":"https:\/\/bxrepsol.s3.eu-west-1.amazonaws.com\/static\/2025\/07\/30083337\/favicon-96x96-1.png","contentUrl":"https:\/\/bxrepsol.s3.eu-west-1.amazonaws.com\/static\/2025\/07\/30083337\/favicon-96x96-1.png","width":96,"height":96,"caption":"Box Repsol"},"image":{"@id":"https:\/\/www.boxrepsol.com\/es\/#\/schema\/logo\/image\/"},"sameAs":["https:\/\/www.facebook.com\/BoxRepsol","https:\/\/x.com\/box_repsol","http:\/\/instagram.com\/box_repsol","https:\/\/www.youtube.com\/user\/RepsolCompeticion","https:\/\/www.flickr.com\/photos\/box_repsol\/"]},{"@type":"Person","@id":"https:\/\/www.boxrepsol.com\/es\/#\/schema\/person\/26abce1d675df22d63ac9e9d5f23e4aa","name":"Juan Pedro de la Torre","image":{"@type":"ImageObject","inLanguage":"es","@id":"https:\/\/secure.gravatar.com\/avatar\/e81f780ee2930d7be330cb34304decf0e9bc66bec0158805a0fe2726f4517224?s=96&d=mm&r=g","url":"https:\/\/secure.gravatar.com\/avatar\/e81f780ee2930d7be330cb34304decf0e9bc66bec0158805a0fe2726f4517224?s=96&d=mm&r=g","contentUrl":"https:\/\/secure.gravatar.com\/avatar\/e81f780ee2930d7be330cb34304decf0e9bc66bec0158805a0fe2726f4517224?s=96&d=mm&r=g","caption":"Juan Pedro de la Torre"},"description":"Se inici\u00f3 en el diario Marca en 1988 y posteriormente pas\u00f3 a la revista Motociclismo, donde llegar\u00eda a ser director de deporte. Despu\u00e9s fue editor y director de Motoworld.es y Sport Bikes y colabor\u00f3 con varios medios. Adem\u00e1s, ha publicado una docena de libros y actualmente trabaja como colaborador para Motociclismo, El Confidencial y Box Repsol.","sameAs":["https:\/\/x.com\/https:\/\/twitter.com\/JPdelaTorre1965","https:\/\/youtube.com\/@juanpedrodelatorremotoworld"],"url":"https:\/\/www.boxrepsol.com\/es\/author\/juanpedro_delatorre\/"}]}},"_links":{"self":[{"href":"https:\/\/www.boxrepsol.com\/es\/wp-json\/wp\/v2\/posts\/126316","targetHints":{"allow":["GET"]}}],"collection":[{"href":"https:\/\/www.boxrepsol.com\/es\/wp-json\/wp\/v2\/posts"}],"about":[{"href":"https:\/\/www.boxrepsol.com\/es\/wp-json\/wp\/v2\/types\/post"}],"author":[{"embeddable":true,"href":"https:\/\/www.boxrepsol.com\/es\/wp-json\/wp\/v2\/users\/41268"}],"replies":[{"embeddable":true,"href":"https:\/\/www.boxrepsol.com\/es\/wp-json\/wp\/v2\/comments?post=126316"}],"version-history":[{"count":2,"href":"https:\/\/www.boxrepsol.com\/es\/wp-json\/wp\/v2\/posts\/126316\/revisions"}],"predecessor-version":[{"id":126358,"href":"https:\/\/www.boxrepsol.com\/es\/wp-json\/wp\/v2\/posts\/126316\/revisions\/126358"}],"wp:featuredmedia":[{"embeddable":true,"href":"https:\/\/www.boxrepsol.com\/es\/wp-json\/wp\/v2\/media\/126352"}],"wp:attachment":[{"href":"https:\/\/www.boxrepsol.com\/es\/wp-json\/wp\/v2\/media?parent=126316"}],"wp:term":[{"taxonomy":"category","embeddable":true,"href":"https:\/\/www.boxrepsol.com\/es\/wp-json\/wp\/v2\/categories?post=126316"},{"taxonomy":"post_tag","embeddable":true,"href":"https:\/\/www.boxrepsol.com\/es\/wp-json\/wp\/v2\/tags?post=126316"}],"curies":[{"name":"wp","href":"https:\/\/api.w.org\/{rel}","templated":true}]}}