{"id":126031,"date":"2025-06-09T12:07:52","date_gmt":"2025-06-09T14:07:52","guid":{"rendered":"https:\/\/www.boxrepsol.com\/?p=126031"},"modified":"2025-06-30T07:32:43","modified_gmt":"2025-06-30T09:32:43","slug":"alejandro-cachon-finaliza-un-exigente-rally-de-cerdena","status":"publish","type":"post","link":"https:\/\/www.boxrepsol.com\/es\/rally\/alejandro-cachon-finaliza-un-exigente-rally-de-cerdena\/","title":{"rendered":"Alejandro Cach\u00f3n finaliza un exigente Rally de Cerde\u00f1a"},"content":{"rendered":"<figure class=\"wp-block-post-featured-image\"><img loading=\"lazy\" decoding=\"async\" width=\"1200\" height=\"600\" src=\"https:\/\/bxrepsol.s3.eu-west-1.amazonaws.com\/static\/2025\/06\/09115005\/Diseno-sin-titulo-1-1-1.png\" class=\"attachment-post-thumbnail size-post-thumbnail wp-post-image\" alt=\"\" style=\"object-fit:cover;\" srcset=\"https:\/\/bxrepsol.s3.eu-west-1.amazonaws.com\/static\/2025\/06\/09115005\/Diseno-sin-titulo-1-1-1.png 1200w, https:\/\/bxrepsol.s3.eu-west-1.amazonaws.com\/static\/2025\/06\/09115005\/Diseno-sin-titulo-1-1-1-300x150.png 300w, https:\/\/bxrepsol.s3.eu-west-1.amazonaws.com\/static\/2025\/06\/09115005\/Diseno-sin-titulo-1-1-1-1024x512.png 1024w, https:\/\/bxrepsol.s3.eu-west-1.amazonaws.com\/static\/2025\/06\/09115005\/Diseno-sin-titulo-1-1-1-768x384.png 768w\" sizes=\"auto, (max-width: 1200px) 100vw, 1200px\" \/><\/figure>\n\n\n<p>El <strong>Rally Italia-Serdegna<\/strong> celebrado este pasado fin de semana sorprendi\u00f3 a todos con una pista de las m\u00e1s duras de los \u00faltimos a\u00f1os, sobre todo por las altas temperaturas. Muchos fueron los incidentes y abandonos que determinaron el rumbo del Rally, sobre todo en la categor\u00eda del<strong> WRC2<\/strong>, donde<strong> Alejandro Cach\u00f3n y Borja Rozada <\/strong>sufrieron desde el inicio, pero consiguieron finalizar el Rally con buenas sensaciones.<\/p>\n\n\n\n<p>El inicio para su <strong>GR Yaris Rally2<\/strong> fue inmejorable, Cach\u00f3n impuso un ritmo vertiginoso y consigui\u00f3 el mejor tiempo del primer tramo, la primera vez que lo conseguida sobre tierra y en una cita mundialista. Las buenas sensaciones y el buen ritmo se vieron truncados por una piedra. En el \u00faltimo tramo del segundo tramo especial se toparon con una piedra en la pista que les caus\u00f3 graves da\u00f1os en la suspensi\u00f3n de su veh\u00edculo, vi\u00e9ndose as\u00ed obligados a finalizar su actividad en pista durante la primera jornada.<\/p>\n\n\n\n<p>En las siguientes jornadas consiguieron solucionar gran parte de los problemas de suspensi\u00f3n y pudieron reanudar la competici\u00f3n. <strong>Alejandro Cach\u00f3n<\/strong> consigui\u00f3 mantener un ritmo constante y logr\u00f3 tiempos competitivos. Al final, el problema en las primeras jornadas del Rally les fue un peque\u00f1o lastre que les coloc\u00f3 en una <strong>14 posici\u00f3n final del WRC2<\/strong>. No obstante, Cach\u00f3n y Rozada sacan conclusiones muy positivas en cuanto a ritmo para enfrentarse con optimismo y muchas ganas de seguir mejorando en la pr\u00f3xima cita del campeonato, el <strong>Rally de Grecia<\/strong> a partir del 27 de junio.<\/p>\n\n\n\n<div id=\"97dcb203-1a65-4e0b-8bc7-adb44539ffc9\" class=\"br-slider-box\"><div class=\"wp-block-create-block-repsol-carousel br-slider\"><a target=\"_blank\" href=\"https:\/\/bxrepsol.s3.eu-west-1.amazonaws.com\/static\/2025\/06\/09115409\/IMG_8058-scaled.jpg\" data-index=\"0\" rel=\"noopener\"><img decoding=\"async\" src=\"https:\/\/bxrepsol.s3.eu-west-1.amazonaws.com\/static\/2025\/06\/09115409\/IMG_8058-scaled.jpg\"\/><\/a><a target=\"_blank\" href=\"https:\/\/bxrepsol.s3.eu-west-1.amazonaws.com\/static\/2025\/06\/09115151\/SI202506061874-scaled.jpg\" data-index=\"1\" rel=\"noopener\"><img decoding=\"async\" src=\"https:\/\/bxrepsol.s3.eu-west-1.amazonaws.com\/static\/2025\/06\/09115151\/SI202506061874-scaled.jpg\"\/><\/a><a target=\"_blank\" href=\"https:\/\/bxrepsol.s3.eu-west-1.amazonaws.com\/static\/2025\/06\/09120150\/cachon3.png\" data-index=\"2\" rel=\"noopener\"><img decoding=\"async\" src=\"https:\/\/bxrepsol.s3.eu-west-1.amazonaws.com\/static\/2025\/06\/09120150\/cachon3.png\"\/><\/a><a target=\"_blank\" href=\"https:\/\/bxrepsol.s3.eu-west-1.amazonaws.com\/static\/2025\/06\/09120200\/cachon2.png\" data-index=\"3\" rel=\"noopener\"><img decoding=\"async\" src=\"https:\/\/bxrepsol.s3.eu-west-1.amazonaws.com\/static\/2025\/06\/09120200\/cachon2.png\"\/><\/a><\/div><div class=\"br-slider-buttons\"><button class=\"arrow rds-icon arrow--left rds-icon-Arrow_left\"><\/button><button class=\"arrow rds-icon arrow--right rds-icon-Arrow_right\"><\/button><\/div><\/div>\n","protected":false},"excerpt":{"rendered":"<p>El Toyota de Alejandro Cach\u00f3n y Borja Rozada consiguen finalizar el Rally tras sufrir algunos problemas con una piedra en los primeros compases de la competici\u00f3n.<\/p>\n","protected":false},"author":43146,"featured_media":126033,"comment_status":"open","ping_status":"closed","sticky":false,"template":"","format":"standard","meta":{"footnotes":""},"categories":[27],"tags":[333],"class_list":["post-126031","post","type-post","status-publish","format-standard","hentry","category-rally","tag-competicion"],"yoast_head":"<!-- This site is optimized with the Yoast SEO plugin v27.3 - https:\/\/yoast.com\/product\/yoast-seo-wordpress\/ -->\n<title>Alejandro Cach\u00f3n finaliza un exigente Rally de Cerde\u00f1a - Box Repsol<\/title>\n<meta name=\"description\" content=\"Finaliza el Rally de Cerde\u00f1a para Alejandro Cach\u00f3n y Borja Rozada en WRC2, una carrera dif\u00edcil desde buen inicio pero mostrando buen ritmo.\" \/>\n<link rel=\"canonical\" href=\"https:\/\/www.boxrepsol.com\/es\/rally\/alejandro-cachon-finaliza-un-exigente-rally-de-cerdena\/\" \/>\n<meta property=\"og:locale\" content=\"es_ES\" \/>\n<meta property=\"og:type\" content=\"article\" \/>\n<meta property=\"og:title\" content=\"Alejandro Cach\u00f3n finaliza un exigente Rally de Cerde\u00f1a - Box Repsol\" \/>\n<meta property=\"og:description\" content=\"Finaliza el Rally de Cerde\u00f1a para Alejandro Cach\u00f3n y Borja Rozada en WRC2, una carrera dif\u00edcil desde buen inicio pero mostrando buen ritmo.\" \/>\n<meta property=\"og:url\" content=\"https:\/\/www.boxrepsol.com\/es\/rally\/alejandro-cachon-finaliza-un-exigente-rally-de-cerdena\/\" \/>\n<meta property=\"og:site_name\" content=\"Box Repsol\" \/>\n<meta property=\"article:publisher\" content=\"https:\/\/www.facebook.com\/BoxRepsol\" \/>\n<meta property=\"article:author\" content=\"https:\/\/www.facebook.com\/BoxRepsol\/\" \/>\n<meta property=\"article:published_time\" content=\"2025-06-09T14:07:52+00:00\" \/>\n<meta property=\"article:modified_time\" content=\"2025-06-30T09:32:43+00:00\" \/>\n<meta property=\"og:image\" content=\"https:\/\/bxrepsol.s3.eu-west-1.amazonaws.com\/static\/2025\/06\/09115005\/Diseno-sin-titulo-1-1-1.png\" \/>\n\t<meta property=\"og:image:width\" content=\"1200\" \/>\n\t<meta property=\"og:image:height\" content=\"600\" \/>\n\t<meta property=\"og:image:type\" content=\"image\/png\" \/>\n<meta name=\"author\" content=\"Redacci\u00f3n Box Repsol\" \/>\n<meta name=\"twitter:card\" content=\"summary_large_image\" \/>\n<meta name=\"twitter:creator\" content=\"@https:\/\/twitter.com\/box_repsol\" \/>\n<meta name=\"twitter:site\" content=\"@box_repsol\" \/>\n<meta name=\"twitter:label1\" content=\"Written by\" \/>\n\t<meta name=\"twitter:data1\" content=\"Redacci\u00f3n Box Repsol\" \/>\n\t<meta name=\"twitter:label2\" content=\"Est. reading time\" \/>\n\t<meta name=\"twitter:data2\" content=\"1 minuto\" \/>\n<script type=\"application\/ld+json\" class=\"yoast-schema-graph\">{\"@context\":\"https:\\\/\\\/schema.org\",\"@graph\":[{\"@type\":\"Article\",\"@id\":\"https:\\\/\\\/www.boxrepsol.com\\\/es\\\/rally\\\/alejandro-cachon-finaliza-un-exigente-rally-de-cerdena\\\/#article\",\"isPartOf\":{\"@id\":\"https:\\\/\\\/www.boxrepsol.com\\\/es\\\/rally\\\/alejandro-cachon-finaliza-un-exigente-rally-de-cerdena\\\/\"},\"author\":{\"name\":\"Redacci\u00f3n Box Repsol\",\"@id\":\"https:\\\/\\\/www.boxrepsol.com\\\/es\\\/#\\\/schema\\\/person\\\/c5c2138f2cca251b0ad92b7086bb60b7\"},\"headline\":\"Alejandro Cach\u00f3n finaliza un exigente Rally de Cerde\u00f1a\",\"datePublished\":\"2025-06-09T14:07:52+00:00\",\"dateModified\":\"2025-06-30T09:32:43+00:00\",\"mainEntityOfPage\":{\"@id\":\"https:\\\/\\\/www.boxrepsol.com\\\/es\\\/rally\\\/alejandro-cachon-finaliza-un-exigente-rally-de-cerdena\\\/\"},\"wordCount\":271,\"commentCount\":0,\"publisher\":{\"@id\":\"https:\\\/\\\/www.boxrepsol.com\\\/es\\\/#organization\"},\"image\":{\"@id\":\"https:\\\/\\\/www.boxrepsol.com\\\/es\\\/rally\\\/alejandro-cachon-finaliza-un-exigente-rally-de-cerdena\\\/#primaryimage\"},\"thumbnailUrl\":\"https:\\\/\\\/bxrepsol.s3.eu-west-1.amazonaws.com\\\/static\\\/2025\\\/06\\\/09115005\\\/Diseno-sin-titulo-1-1-1.png\",\"keywords\":[\"Competici\u00f3n\"],\"articleSection\":[\"Rally\"],\"inLanguage\":\"es\",\"potentialAction\":[{\"@type\":\"CommentAction\",\"name\":\"Comment\",\"target\":[\"https:\\\/\\\/www.boxrepsol.com\\\/es\\\/rally\\\/alejandro-cachon-finaliza-un-exigente-rally-de-cerdena\\\/#respond\"]}]},{\"@type\":\"WebPage\",\"@id\":\"https:\\\/\\\/www.boxrepsol.com\\\/es\\\/rally\\\/alejandro-cachon-finaliza-un-exigente-rally-de-cerdena\\\/\",\"url\":\"https:\\\/\\\/www.boxrepsol.com\\\/es\\\/rally\\\/alejandro-cachon-finaliza-un-exigente-rally-de-cerdena\\\/\",\"name\":\"Alejandro Cach\u00f3n finaliza un exigente Rally de Cerde\u00f1a - Box Repsol\",\"isPartOf\":{\"@id\":\"https:\\\/\\\/www.boxrepsol.com\\\/es\\\/#website\"},\"primaryImageOfPage\":{\"@id\":\"https:\\\/\\\/www.boxrepsol.com\\\/es\\\/rally\\\/alejandro-cachon-finaliza-un-exigente-rally-de-cerdena\\\/#primaryimage\"},\"image\":{\"@id\":\"https:\\\/\\\/www.boxrepsol.com\\\/es\\\/rally\\\/alejandro-cachon-finaliza-un-exigente-rally-de-cerdena\\\/#primaryimage\"},\"thumbnailUrl\":\"https:\\\/\\\/bxrepsol.s3.eu-west-1.amazonaws.com\\\/static\\\/2025\\\/06\\\/09115005\\\/Diseno-sin-titulo-1-1-1.png\",\"datePublished\":\"2025-06-09T14:07:52+00:00\",\"dateModified\":\"2025-06-30T09:32:43+00:00\",\"description\":\"Finaliza el Rally de Cerde\u00f1a para Alejandro Cach\u00f3n y Borja Rozada en WRC2, una carrera dif\u00edcil desde buen inicio pero mostrando buen ritmo.\",\"breadcrumb\":{\"@id\":\"https:\\\/\\\/www.boxrepsol.com\\\/es\\\/rally\\\/alejandro-cachon-finaliza-un-exigente-rally-de-cerdena\\\/#breadcrumb\"},\"inLanguage\":\"es\",\"potentialAction\":[{\"@type\":\"ReadAction\",\"target\":[\"https:\\\/\\\/www.boxrepsol.com\\\/es\\\/rally\\\/alejandro-cachon-finaliza-un-exigente-rally-de-cerdena\\\/\"]}]},{\"@type\":\"ImageObject\",\"inLanguage\":\"es\",\"@id\":\"https:\\\/\\\/www.boxrepsol.com\\\/es\\\/rally\\\/alejandro-cachon-finaliza-un-exigente-rally-de-cerdena\\\/#primaryimage\",\"url\":\"https:\\\/\\\/bxrepsol.s3.eu-west-1.amazonaws.com\\\/static\\\/2025\\\/06\\\/09115005\\\/Diseno-sin-titulo-1-1-1.png\",\"contentUrl\":\"https:\\\/\\\/bxrepsol.s3.eu-west-1.amazonaws.com\\\/static\\\/2025\\\/06\\\/09115005\\\/Diseno-sin-titulo-1-1-1.png\",\"width\":1200,\"height\":600},{\"@type\":\"BreadcrumbList\",\"@id\":\"https:\\\/\\\/www.boxrepsol.com\\\/es\\\/rally\\\/alejandro-cachon-finaliza-un-exigente-rally-de-cerdena\\\/#breadcrumb\",\"itemListElement\":[{\"@type\":\"ListItem\",\"position\":1,\"name\":\"Home\",\"item\":\"https:\\\/\\\/www.boxrepsol.com\\\/es\\\/\"},{\"@type\":\"ListItem\",\"position\":2,\"name\":\"Alejandro Cach\u00f3n finaliza un exigente Rally de Cerde\u00f1a\"}]},{\"@type\":\"WebSite\",\"@id\":\"https:\\\/\\\/www.boxrepsol.com\\\/es\\\/#website\",\"url\":\"https:\\\/\\\/www.boxrepsol.com\\\/es\\\/\",\"name\":\"Box Repsol\",\"description\":\"Box Repsol Site\",\"publisher\":{\"@id\":\"https:\\\/\\\/www.boxrepsol.com\\\/es\\\/#organization\"},\"potentialAction\":[{\"@type\":\"SearchAction\",\"target\":{\"@type\":\"EntryPoint\",\"urlTemplate\":\"https:\\\/\\\/www.boxrepsol.com\\\/es\\\/?s={search_term_string}\"},\"query-input\":{\"@type\":\"PropertyValueSpecification\",\"valueRequired\":true,\"valueName\":\"search_term_string\"}}],\"inLanguage\":\"es\"},{\"@type\":\"Organization\",\"@id\":\"https:\\\/\\\/www.boxrepsol.com\\\/es\\\/#organization\",\"name\":\"Box Repsol\",\"url\":\"https:\\\/\\\/www.boxrepsol.com\\\/es\\\/\",\"logo\":{\"@type\":\"ImageObject\",\"inLanguage\":\"es\",\"@id\":\"https:\\\/\\\/www.boxrepsol.com\\\/es\\\/#\\\/schema\\\/logo\\\/image\\\/\",\"url\":\"https:\\\/\\\/bxrepsol.s3.eu-west-1.amazonaws.com\\\/static\\\/2025\\\/07\\\/30083337\\\/favicon-96x96-1.png\",\"contentUrl\":\"https:\\\/\\\/bxrepsol.s3.eu-west-1.amazonaws.com\\\/static\\\/2025\\\/07\\\/30083337\\\/favicon-96x96-1.png\",\"width\":96,\"height\":96,\"caption\":\"Box Repsol\"},\"image\":{\"@id\":\"https:\\\/\\\/www.boxrepsol.com\\\/es\\\/#\\\/schema\\\/logo\\\/image\\\/\"},\"sameAs\":[\"https:\\\/\\\/www.facebook.com\\\/BoxRepsol\",\"https:\\\/\\\/x.com\\\/box_repsol\",\"http:\\\/\\\/instagram.com\\\/box_repsol\",\"https:\\\/\\\/www.youtube.com\\\/user\\\/RepsolCompeticion\",\"https:\\\/\\\/www.flickr.com\\\/photos\\\/box_repsol\\\/\"]},{\"@type\":\"Person\",\"@id\":\"https:\\\/\\\/www.boxrepsol.com\\\/es\\\/#\\\/schema\\\/person\\\/c5c2138f2cca251b0ad92b7086bb60b7\",\"name\":\"Redacci\u00f3n Box Repsol\",\"image\":{\"@type\":\"ImageObject\",\"inLanguage\":\"es\",\"@id\":\"https:\\\/\\\/secure.gravatar.com\\\/avatar\\\/adf7b77e38b4419baf32c7e9c21dde01f4e40df611f0978e3006fc4ba0aaab7e?s=96&d=mm&r=g\",\"url\":\"https:\\\/\\\/secure.gravatar.com\\\/avatar\\\/adf7b77e38b4419baf32c7e9c21dde01f4e40df611f0978e3006fc4ba0aaab7e?s=96&d=mm&r=g\",\"contentUrl\":\"https:\\\/\\\/secure.gravatar.com\\\/avatar\\\/adf7b77e38b4419baf32c7e9c21dde01f4e40df611f0978e3006fc4ba0aaab7e?s=96&d=mm&r=g\",\"caption\":\"Redacci\u00f3n Box Repsol\"},\"description\":\"Box Repsol lo forma un equipo de periodistas, community managers, dise\u00f1adores y fot\u00f3grafos con m\u00e1s de 20 a\u00f1os de experiencia en el mundo del motorsport. Hemos vivido el primer mundial de un espa\u00f1ol en la categor\u00eda reina de motociclismo con \u00c1lex Crivill\u00e9, estuvimos en las victorias de Pedrosa y los t\u00edtulos de M\u00e1rquez, acompa\u00f1amos en \u00c1frica a Nani Roma y Marc Coma en sus conquistas del Dakar y hemos vibrado con los t\u00edtulos de Toni Bou en Trial. Adem\u00e1s, en nuestro equipo contamos con expertos en el mundo de las dos y cuatro ruedas tanto de la calle y las carreteras, como de los circuitos. Periodistas que han trabajado en revistas y publicaciones para hacerte llegar desde rutas y consejos de mantenimiento, a curiosidades y trucos de pilotaje.\",\"sameAs\":[\"https:\\\/\\\/www.facebook.com\\\/BoxRepsol\\\/\",\"https:\\\/\\\/www.instagram.com\\\/box_repsol\\\/\",\"https:\\\/\\\/x.com\\\/https:\\\/\\\/twitter.com\\\/box_repsol\",\"https:\\\/\\\/www.youtube.com\\\/@Boxrepsol\"],\"url\":\"https:\\\/\\\/www.boxrepsol.com\\\/es\\\/author\\\/redaccion-box-repsol\\\/\"}]}<\/script>\n<!-- \/ Yoast SEO plugin. -->","yoast_head_json":{"title":"Alejandro Cach\u00f3n finaliza un exigente Rally de Cerde\u00f1a - Box Repsol","description":"Finaliza el Rally de Cerde\u00f1a para Alejandro Cach\u00f3n y Borja Rozada en WRC2, una carrera dif\u00edcil desde buen inicio pero mostrando buen ritmo.","canonical":"https:\/\/www.boxrepsol.com\/es\/rally\/alejandro-cachon-finaliza-un-exigente-rally-de-cerdena\/","og_locale":"es_ES","og_type":"article","og_title":"Alejandro Cach\u00f3n finaliza un exigente Rally de Cerde\u00f1a - Box Repsol","og_description":"Finaliza el Rally de Cerde\u00f1a para Alejandro Cach\u00f3n y Borja Rozada en WRC2, una carrera dif\u00edcil desde buen inicio pero mostrando buen ritmo.","og_url":"https:\/\/www.boxrepsol.com\/es\/rally\/alejandro-cachon-finaliza-un-exigente-rally-de-cerdena\/","og_site_name":"Box Repsol","article_publisher":"https:\/\/www.facebook.com\/BoxRepsol","article_author":"https:\/\/www.facebook.com\/BoxRepsol\/","article_published_time":"2025-06-09T14:07:52+00:00","article_modified_time":"2025-06-30T09:32:43+00:00","og_image":[{"width":1200,"height":600,"url":"https:\/\/bxrepsol.s3.eu-west-1.amazonaws.com\/static\/2025\/06\/09115005\/Diseno-sin-titulo-1-1-1.png","type":"image\/png"}],"author":"Redacci\u00f3n Box Repsol","twitter_card":"summary_large_image","twitter_creator":"@https:\/\/twitter.com\/box_repsol","twitter_site":"@box_repsol","twitter_misc":{"Written by":"Redacci\u00f3n Box Repsol","Est. reading time":"1 minuto"},"schema":{"@context":"https:\/\/schema.org","@graph":[{"@type":"Article","@id":"https:\/\/www.boxrepsol.com\/es\/rally\/alejandro-cachon-finaliza-un-exigente-rally-de-cerdena\/#article","isPartOf":{"@id":"https:\/\/www.boxrepsol.com\/es\/rally\/alejandro-cachon-finaliza-un-exigente-rally-de-cerdena\/"},"author":{"name":"Redacci\u00f3n Box Repsol","@id":"https:\/\/www.boxrepsol.com\/es\/#\/schema\/person\/c5c2138f2cca251b0ad92b7086bb60b7"},"headline":"Alejandro Cach\u00f3n finaliza un exigente Rally de Cerde\u00f1a","datePublished":"2025-06-09T14:07:52+00:00","dateModified":"2025-06-30T09:32:43+00:00","mainEntityOfPage":{"@id":"https:\/\/www.boxrepsol.com\/es\/rally\/alejandro-cachon-finaliza-un-exigente-rally-de-cerdena\/"},"wordCount":271,"commentCount":0,"publisher":{"@id":"https:\/\/www.boxrepsol.com\/es\/#organization"},"image":{"@id":"https:\/\/www.boxrepsol.com\/es\/rally\/alejandro-cachon-finaliza-un-exigente-rally-de-cerdena\/#primaryimage"},"thumbnailUrl":"https:\/\/bxrepsol.s3.eu-west-1.amazonaws.com\/static\/2025\/06\/09115005\/Diseno-sin-titulo-1-1-1.png","keywords":["Competici\u00f3n"],"articleSection":["Rally"],"inLanguage":"es","potentialAction":[{"@type":"CommentAction","name":"Comment","target":["https:\/\/www.boxrepsol.com\/es\/rally\/alejandro-cachon-finaliza-un-exigente-rally-de-cerdena\/#respond"]}]},{"@type":"WebPage","@id":"https:\/\/www.boxrepsol.com\/es\/rally\/alejandro-cachon-finaliza-un-exigente-rally-de-cerdena\/","url":"https:\/\/www.boxrepsol.com\/es\/rally\/alejandro-cachon-finaliza-un-exigente-rally-de-cerdena\/","name":"Alejandro Cach\u00f3n finaliza un exigente Rally de Cerde\u00f1a - Box Repsol","isPartOf":{"@id":"https:\/\/www.boxrepsol.com\/es\/#website"},"primaryImageOfPage":{"@id":"https:\/\/www.boxrepsol.com\/es\/rally\/alejandro-cachon-finaliza-un-exigente-rally-de-cerdena\/#primaryimage"},"image":{"@id":"https:\/\/www.boxrepsol.com\/es\/rally\/alejandro-cachon-finaliza-un-exigente-rally-de-cerdena\/#primaryimage"},"thumbnailUrl":"https:\/\/bxrepsol.s3.eu-west-1.amazonaws.com\/static\/2025\/06\/09115005\/Diseno-sin-titulo-1-1-1.png","datePublished":"2025-06-09T14:07:52+00:00","dateModified":"2025-06-30T09:32:43+00:00","description":"Finaliza el Rally de Cerde\u00f1a para Alejandro Cach\u00f3n y Borja Rozada en WRC2, una carrera dif\u00edcil desde buen inicio pero mostrando buen ritmo.","breadcrumb":{"@id":"https:\/\/www.boxrepsol.com\/es\/rally\/alejandro-cachon-finaliza-un-exigente-rally-de-cerdena\/#breadcrumb"},"inLanguage":"es","potentialAction":[{"@type":"ReadAction","target":["https:\/\/www.boxrepsol.com\/es\/rally\/alejandro-cachon-finaliza-un-exigente-rally-de-cerdena\/"]}]},{"@type":"ImageObject","inLanguage":"es","@id":"https:\/\/www.boxrepsol.com\/es\/rally\/alejandro-cachon-finaliza-un-exigente-rally-de-cerdena\/#primaryimage","url":"https:\/\/bxrepsol.s3.eu-west-1.amazonaws.com\/static\/2025\/06\/09115005\/Diseno-sin-titulo-1-1-1.png","contentUrl":"https:\/\/bxrepsol.s3.eu-west-1.amazonaws.com\/static\/2025\/06\/09115005\/Diseno-sin-titulo-1-1-1.png","width":1200,"height":600},{"@type":"BreadcrumbList","@id":"https:\/\/www.boxrepsol.com\/es\/rally\/alejandro-cachon-finaliza-un-exigente-rally-de-cerdena\/#breadcrumb","itemListElement":[{"@type":"ListItem","position":1,"name":"Home","item":"https:\/\/www.boxrepsol.com\/es\/"},{"@type":"ListItem","position":2,"name":"Alejandro Cach\u00f3n finaliza un exigente Rally de Cerde\u00f1a"}]},{"@type":"WebSite","@id":"https:\/\/www.boxrepsol.com\/es\/#website","url":"https:\/\/www.boxrepsol.com\/es\/","name":"Box Repsol","description":"Box Repsol Site","publisher":{"@id":"https:\/\/www.boxrepsol.com\/es\/#organization"},"potentialAction":[{"@type":"SearchAction","target":{"@type":"EntryPoint","urlTemplate":"https:\/\/www.boxrepsol.com\/es\/?s={search_term_string}"},"query-input":{"@type":"PropertyValueSpecification","valueRequired":true,"valueName":"search_term_string"}}],"inLanguage":"es"},{"@type":"Organization","@id":"https:\/\/www.boxrepsol.com\/es\/#organization","name":"Box Repsol","url":"https:\/\/www.boxrepsol.com\/es\/","logo":{"@type":"ImageObject","inLanguage":"es","@id":"https:\/\/www.boxrepsol.com\/es\/#\/schema\/logo\/image\/","url":"https:\/\/bxrepsol.s3.eu-west-1.amazonaws.com\/static\/2025\/07\/30083337\/favicon-96x96-1.png","contentUrl":"https:\/\/bxrepsol.s3.eu-west-1.amazonaws.com\/static\/2025\/07\/30083337\/favicon-96x96-1.png","width":96,"height":96,"caption":"Box Repsol"},"image":{"@id":"https:\/\/www.boxrepsol.com\/es\/#\/schema\/logo\/image\/"},"sameAs":["https:\/\/www.facebook.com\/BoxRepsol","https:\/\/x.com\/box_repsol","http:\/\/instagram.com\/box_repsol","https:\/\/www.youtube.com\/user\/RepsolCompeticion","https:\/\/www.flickr.com\/photos\/box_repsol\/"]},{"@type":"Person","@id":"https:\/\/www.boxrepsol.com\/es\/#\/schema\/person\/c5c2138f2cca251b0ad92b7086bb60b7","name":"Redacci\u00f3n Box Repsol","image":{"@type":"ImageObject","inLanguage":"es","@id":"https:\/\/secure.gravatar.com\/avatar\/adf7b77e38b4419baf32c7e9c21dde01f4e40df611f0978e3006fc4ba0aaab7e?s=96&d=mm&r=g","url":"https:\/\/secure.gravatar.com\/avatar\/adf7b77e38b4419baf32c7e9c21dde01f4e40df611f0978e3006fc4ba0aaab7e?s=96&d=mm&r=g","contentUrl":"https:\/\/secure.gravatar.com\/avatar\/adf7b77e38b4419baf32c7e9c21dde01f4e40df611f0978e3006fc4ba0aaab7e?s=96&d=mm&r=g","caption":"Redacci\u00f3n Box Repsol"},"description":"Box Repsol lo forma un equipo de periodistas, community managers, dise\u00f1adores y fot\u00f3grafos con m\u00e1s de 20 a\u00f1os de experiencia en el mundo del motorsport. Hemos vivido el primer mundial de un espa\u00f1ol en la categor\u00eda reina de motociclismo con \u00c1lex Crivill\u00e9, estuvimos en las victorias de Pedrosa y los t\u00edtulos de M\u00e1rquez, acompa\u00f1amos en \u00c1frica a Nani Roma y Marc Coma en sus conquistas del Dakar y hemos vibrado con los t\u00edtulos de Toni Bou en Trial. Adem\u00e1s, en nuestro equipo contamos con expertos en el mundo de las dos y cuatro ruedas tanto de la calle y las carreteras, como de los circuitos. Periodistas que han trabajado en revistas y publicaciones para hacerte llegar desde rutas y consejos de mantenimiento, a curiosidades y trucos de pilotaje.","sameAs":["https:\/\/www.facebook.com\/BoxRepsol\/","https:\/\/www.instagram.com\/box_repsol\/","https:\/\/x.com\/https:\/\/twitter.com\/box_repsol","https:\/\/www.youtube.com\/@Boxrepsol"],"url":"https:\/\/www.boxrepsol.com\/es\/author\/redaccion-box-repsol\/"}]}},"_links":{"self":[{"href":"https:\/\/www.boxrepsol.com\/es\/wp-json\/wp\/v2\/posts\/126031","targetHints":{"allow":["GET"]}}],"collection":[{"href":"https:\/\/www.boxrepsol.com\/es\/wp-json\/wp\/v2\/posts"}],"about":[{"href":"https:\/\/www.boxrepsol.com\/es\/wp-json\/wp\/v2\/types\/post"}],"author":[{"embeddable":true,"href":"https:\/\/www.boxrepsol.com\/es\/wp-json\/wp\/v2\/users\/43146"}],"replies":[{"embeddable":true,"href":"https:\/\/www.boxrepsol.com\/es\/wp-json\/wp\/v2\/comments?post=126031"}],"version-history":[{"count":3,"href":"https:\/\/www.boxrepsol.com\/es\/wp-json\/wp\/v2\/posts\/126031\/revisions"}],"predecessor-version":[{"id":126044,"href":"https:\/\/www.boxrepsol.com\/es\/wp-json\/wp\/v2\/posts\/126031\/revisions\/126044"}],"wp:featuredmedia":[{"embeddable":true,"href":"https:\/\/www.boxrepsol.com\/es\/wp-json\/wp\/v2\/media\/126033"}],"wp:attachment":[{"href":"https:\/\/www.boxrepsol.com\/es\/wp-json\/wp\/v2\/media?parent=126031"}],"wp:term":[{"taxonomy":"category","embeddable":true,"href":"https:\/\/www.boxrepsol.com\/es\/wp-json\/wp\/v2\/categories?post=126031"},{"taxonomy":"post_tag","embeddable":true,"href":"https:\/\/www.boxrepsol.com\/es\/wp-json\/wp\/v2\/tags?post=126031"}],"curies":[{"name":"wp","href":"https:\/\/api.w.org\/{rel}","templated":true}]}}