{"id":125930,"date":"2025-06-05T13:52:27","date_gmt":"2025-06-05T15:52:27","guid":{"rendered":"https:\/\/www.boxrepsol.com\/?p=125930"},"modified":"2026-02-27T07:55:49","modified_gmt":"2026-02-27T09:55:49","slug":"multas-por-mal-aparcamiento","status":"publish","type":"post","link":"https:\/\/www.boxrepsol.com\/es\/cultura-motera\/multas-por-mal-aparcamiento\/","title":{"rendered":"Multa por mal aparcamiento: importe, motivos y c\u00f3mo evitar sanciones"},"content":{"rendered":"<figure class=\"wp-block-post-featured-image\"><img loading=\"lazy\" decoding=\"async\" width=\"1200\" height=\"600\" src=\"https:\/\/bxrepsol.s3.eu-west-1.amazonaws.com\/static\/2025\/06\/06091736\/Diseno-sin-titulo.png\" class=\"attachment-post-thumbnail size-post-thumbnail wp-post-image\" alt=\"\" style=\"object-fit:cover;\" srcset=\"https:\/\/bxrepsol.s3.eu-west-1.amazonaws.com\/static\/2025\/06\/06091736\/Diseno-sin-titulo.png 1200w, https:\/\/bxrepsol.s3.eu-west-1.amazonaws.com\/static\/2025\/06\/06091736\/Diseno-sin-titulo-300x150.png 300w, https:\/\/bxrepsol.s3.eu-west-1.amazonaws.com\/static\/2025\/06\/06091736\/Diseno-sin-titulo-1024x512.png 1024w, https:\/\/bxrepsol.s3.eu-west-1.amazonaws.com\/static\/2025\/06\/06091736\/Diseno-sin-titulo-768x384.png 768w\" sizes=\"auto, (max-width: 1200px) 100vw, 1200px\" \/><\/figure>\n\n\n<p>Seamos sinceros: \u00bfa qui\u00e9n no le han puesto alguna vez una multa por estacionar de forma indebida nuestro autom\u00f3vil? Seguramente es la infracci\u00f3n m\u00e1s com\u00fan entre los conductores, pero no por ello es menos importante. Las multas de estacionamiento no devengan p\u00e9rdida de <a href=\"https:\/\/www.boxrepsol.com\/es\/cultura-motera\/maximo-puntos-carnet-conducir\/\">puntos en nuestro permiso de circulaci\u00f3n<\/a>, pero s\u00ed que suponen una cuant\u00eda econ\u00f3mica de cierta magnitud, ya que aparcar mal podr\u00eda llegar a costarte <strong>entre los 80 y los 200 euros<\/strong>. As\u00ed que no nos las podemos tomar a la ligera.<\/p>\n\n\n\n<p><\/p>\n\n\n\n<div id=\"ez-toc-container\" class=\"ez-toc-v2_0_82_2 counter-hierarchy ez-toc-counter ez-toc-grey ez-toc-container-direction\">\n<div class=\"ez-toc-title-container\">\n<p class=\"ez-toc-title\" style=\"cursor:inherit\">\u00cdndice<\/p>\n<span class=\"ez-toc-title-toggle\"><a href=\"#\" class=\"ez-toc-pull-right ez-toc-btn ez-toc-btn-xs ez-toc-btn-default ez-toc-toggle\" aria-label=\"Toggle Table of Content\"><span class=\"ez-toc-js-icon-con\"><span class=\"\"><span class=\"eztoc-hide\" style=\"display:none;\">Toggle<\/span><span class=\"ez-toc-icon-toggle-span\"><svg style=\"fill: #999;color:#999\" xmlns=\"http:\/\/www.w3.org\/2000\/svg\" class=\"list-377408\" width=\"20px\" height=\"20px\" viewBox=\"0 0 24 24\" fill=\"none\"><path d=\"M6 6H4v2h2V6zm14 0H8v2h12V6zM4 11h2v2H4v-2zm16 0H8v2h12v-2zM4 16h2v2H4v-2zm16 0H8v2h12v-2z\" fill=\"currentColor\"><\/path><\/svg><svg style=\"fill: #999;color:#999\" class=\"arrow-unsorted-368013\" xmlns=\"http:\/\/www.w3.org\/2000\/svg\" width=\"10px\" height=\"10px\" viewBox=\"0 0 24 24\" version=\"1.2\" baseProfile=\"tiny\"><path d=\"M18.2 9.3l-6.2-6.3-6.2 6.3c-.2.2-.3.4-.3.7s.1.5.3.7c.2.2.4.3.7.3h11c.3 0 .5-.1.7-.3.2-.2.3-.5.3-.7s-.1-.5-.3-.7zM5.8 14.7l6.2 6.3 6.2-6.3c.2-.2.3-.5.3-.7s-.1-.5-.3-.7c-.2-.2-.4-.3-.7-.3h-11c-.3 0-.5.1-.7.3-.2.2-.3.5-.3.7s.1.5.3.7z\"\/><\/svg><\/span><\/span><\/span><\/a><\/span><\/div>\n<nav><ul class='ez-toc-list ez-toc-list-level-1 ' ><li class='ez-toc-page-1 ez-toc-heading-level-2'><a class=\"ez-toc-link ez-toc-heading-1\" href=\"https:\/\/www.boxrepsol.com\/es\/cultura-motera\/multas-por-mal-aparcamiento\/#%C2%BFQue_se_considera_aparcar_mal\" >\u00bfQu\u00e9 se considera aparcar mal?<\/a><\/li><li class='ez-toc-page-1 ez-toc-heading-level-2'><a class=\"ez-toc-link ez-toc-heading-2\" href=\"https:\/\/www.boxrepsol.com\/es\/cultura-motera\/multas-por-mal-aparcamiento\/#%C2%BFCuales_son_las_zonas_en_las_que_te_pueden_multar_por_mal_aparcamiento\" >\u00bfCu\u00e1les son las zonas en las que te pueden multar por mal aparcamiento?<\/a><\/li><li class='ez-toc-page-1 ez-toc-heading-level-2'><a class=\"ez-toc-link ez-toc-heading-3\" href=\"https:\/\/www.boxrepsol.com\/es\/cultura-motera\/multas-por-mal-aparcamiento\/#%C2%BFCual_es_la_multa_por_aparcar_mal\" >\u00bfCu\u00e1l es la multa por aparcar mal?<\/a><ul class='ez-toc-list-level-3' ><li class='ez-toc-heading-level-3'><a class=\"ez-toc-link ez-toc-heading-4\" href=\"https:\/\/www.boxrepsol.com\/es\/cultura-motera\/multas-por-mal-aparcamiento\/#Multas_leves_por_mal_aparcamiento\" >Multas leves por mal aparcamiento<\/a><\/li><li class='ez-toc-page-1 ez-toc-heading-level-3'><a class=\"ez-toc-link ez-toc-heading-5\" href=\"https:\/\/www.boxrepsol.com\/es\/cultura-motera\/multas-por-mal-aparcamiento\/#Multas_graves_por_mal_aparcamiento\" >Multas graves por mal aparcamiento<\/a><\/li><\/ul><\/li><li class='ez-toc-page-1 ez-toc-heading-level-2'><a class=\"ez-toc-link ez-toc-heading-6\" href=\"https:\/\/www.boxrepsol.com\/es\/cultura-motera\/multas-por-mal-aparcamiento\/#%C2%BFCuando_debo_pagar_una_multa\" >\u00bfCu\u00e1ndo debo pagar una multa?<\/a><ul class='ez-toc-list-level-3' ><li class='ez-toc-heading-level-3'><a class=\"ez-toc-link ez-toc-heading-7\" href=\"https:\/\/www.boxrepsol.com\/es\/cultura-motera\/multas-por-mal-aparcamiento\/#%C2%BFComo_se_si_tengo_una_multa_por_aparcar_mal\" >\u00bfC\u00f3mo s\u00e9 si tengo una multa por aparcar mal?<\/a><\/li><li class='ez-toc-page-1 ez-toc-heading-level-3'><a class=\"ez-toc-link ez-toc-heading-8\" href=\"https:\/\/www.boxrepsol.com\/es\/cultura-motera\/multas-por-mal-aparcamiento\/#%C2%BFQue_ocurre_si_no_pago_una_multa_por_mal_aparcamiento\" >\u00bfQu\u00e9 ocurre si no pago una multa por mal aparcamiento?<\/a><\/li><\/ul><\/li><\/ul><\/nav><\/div>\n<h2 class=\"wp-block-heading\"><span class=\"ez-toc-section\" id=\"%C2%BFQue_se_considera_aparcar_mal\"><\/span><strong>\u00bfQu\u00e9 se considera aparcar mal?<\/strong><span class=\"ez-toc-section-end\"><\/span><\/h2>\n\n\n\n<p>Lo primero que debemos tener claro es qu\u00e9 es lo <strong>que consideramos como mal aparcamiento,<\/strong> pero evitar incurrir en esta infracci\u00f3n.<\/p>\n\n\n\n<p>El <strong>Reglamento General de Circulaci\u00f3n<\/strong> establece una diferenciaci\u00f3n b\u00e1sica entre parada y estacionamiento, conceptos que es necesario diferenciar, aunque finalmente deriva toda la responsabilidad sobre la cuesti\u00f3n a las ordenanzas municipales de los ayuntamientos.<\/p>\n\n\n\n<p>Hablamos de <strong>parada cuando el veh\u00edculo se detiene durante un tiempo inferior a dos minutos,<\/strong> y su conductor no abandona su puesto al volante. En cambio, en un <strong>estacionamiento el veh\u00edculo permanece detenido durante m\u00e1s de dos minutos sin el conductor en su interior<\/strong>. As\u00ed que lo primero que tienes que tener claro, es que mientras permanezcas detenido en un punto, al volante, por espacio de menos de dos minutos, no est\u00e1s estacionado ni has aparcado.<\/p>\n\n\n\n<figure class=\"wp-block-image size-full\"><img loading=\"lazy\" decoding=\"async\" width=\"600\" height=\"400\" src=\"https:\/\/bxrepsol.s3.eu-west-1.amazonaws.com\/static\/2025\/06\/06092007\/Diseno-sin-titulo-2.png\" alt=\"\" class=\"wp-image-125956\" srcset=\"https:\/\/bxrepsol.s3.eu-west-1.amazonaws.com\/static\/2025\/06\/06092007\/Diseno-sin-titulo-2.png 600w, https:\/\/bxrepsol.s3.eu-west-1.amazonaws.com\/static\/2025\/06\/06092007\/Diseno-sin-titulo-2-300x200.png 300w\" sizes=\"auto, (max-width: 600px) 100vw, 600px\" \/><\/figure>\n\n\n\n<h2 class=\"wp-block-heading\"><span class=\"ez-toc-section\" id=\"%C2%BFCuales_son_las_zonas_en_las_que_te_pueden_multar_por_mal_aparcamiento\"><\/span><strong>\u00bfCu\u00e1les son las zonas en las que te pueden multar por mal aparcamiento?<\/strong><span class=\"ez-toc-section-end\"><\/span><\/h2>\n\n\n\n<p>La normativa sobre aparcamiento se define en el <strong>cap\u00edtulo VIII del Reglamento General de Circulaci\u00f3n.<\/strong> El art\u00edculo 94 define hasta 16 casos que deben evitarse para no incurrir en una infracci\u00f3n por mal aparcamiento, y como sucede en toda estas cuestiones, <strong>hay infracciones leves o graves<\/strong> dependiendo de su naturaleza. Estos son los 16 casos definidos en el art\u00edculo 94:<\/p>\n\n\n\n<p>1) Estacionar en curvas y <a href=\"https:\/\/www.boxrepsol.com\/es\/cultura-motera\/cambio-de-rasante-que-es\/\">cambios de rasante<\/a> de visibilidad reducida, en sus proximidades y en los t\u00faneles, pasos inferiores y tramos de v\u00edas afectados por la se\u00f1al \u00abT\u00fanel\u00bb.<\/p>\n\n\n\n<p>2) En pasos a nivel, pasos para ciclistas y pasos para peatones.<\/p>\n\n\n\n<p>3) En los carriles o parte de las v\u00edas reservados exclusivamente para la circulaci\u00f3n o para el servicio de determinados usuarios.<\/p>\n\n\n\n<p>4) En las intersecciones y en sus proximidades, si se dificulta el giro a otros veh\u00edculos, o en <a href=\"https:\/\/www.boxrepsol.com\/es\/cultura-motera\/vias-interurbanas\/\">v\u00edas interurbanas<\/a>, si se genera peligro por falta de visibilidad.<\/p>\n\n\n\n<p>5) Sobre los ra\u00edles de tranv\u00edas o tan cerca de ellos que se llegue a entorpecer su circulaci\u00f3n.<\/p>\n\n\n\n<p>6) En los lugares donde se impida la visibilidad de la se\u00f1alizaci\u00f3n a los usuarios a quienes les afecte u obligue a hacer maniobras.<\/p>\n\n\n\n<p>7) En autopistas y autov\u00edas, salvo en las zonas habilitadas para ello.<\/p>\n\n\n\n<p>8) En los carriles destinados al uso exclusivo del transporte p\u00fablico urbano, o en los reservados para las bicicletas.<\/p>\n\n\n\n<p>9) En las zonas destinadas para estacionamiento y parada de uso exclusivo para el transporte p\u00fablico urbano.<\/p>\n\n\n\n<p>10) En zonas se\u00f1alizadas para uso exclusivo de personas con discapacidad y pasos para peatones.<\/p>\n\n\n\n<p>11) En los lugares habilitados por un ayuntamiento como estacionamiento con limitaci\u00f3n horaria sin colocar el distintivo que lo autoriza o cuando, colocado el distintivo, se exceda el tiempo m\u00e1ximo permitido por la ordenanza.<\/p>\n\n\n\n<p>12) En zonas se\u00f1alizadas para carga y descarga.<\/p>\n\n\n\n<p>13) En zonas se\u00f1alizadas para uso exclusivo de personas con discapacidad.<\/p>\n\n\n\n<p>14) Sobre las aceras, paseos y dem\u00e1s zonas destinadas al paso de peatones.<\/p>\n\n\n\n<p>15) Delante de los <a>vados se\u00f1alizados <\/a>correctamente.<\/p>\n\n\n\n<p>16) En doble fila.<\/p>\n\n\n\n<p>Tambi\u00e9n se considera <strong>multa de aparcamiento<\/strong> cuando no se paga el importe establecido en una <strong>zona de servicio de estacionamiento regulado&nbsp;(SER).<\/strong><\/p>\n\n\n\n<figure class=\"wp-block-image size-full\"><img loading=\"lazy\" decoding=\"async\" width=\"600\" height=\"400\" src=\"https:\/\/bxrepsol.s3.eu-west-1.amazonaws.com\/static\/2025\/06\/06091914\/Diseno-sin-titulo-1-2.png\" alt=\"\" class=\"wp-image-125954\" srcset=\"https:\/\/bxrepsol.s3.eu-west-1.amazonaws.com\/static\/2025\/06\/06091914\/Diseno-sin-titulo-1-2.png 600w, https:\/\/bxrepsol.s3.eu-west-1.amazonaws.com\/static\/2025\/06\/06091914\/Diseno-sin-titulo-1-2-300x200.png 300w\" sizes=\"auto, (max-width: 600px) 100vw, 600px\" \/><\/figure>\n\n\n\n<h2 class=\"wp-block-heading\"><span class=\"ez-toc-section\" id=\"%C2%BFCual_es_la_multa_por_aparcar_mal\"><\/span><strong>\u00bfCu\u00e1l es la multa por aparcar mal?<\/strong><span class=\"ez-toc-section-end\"><\/span><\/h2>\n\n\n\n<p>Como dec\u00edamos con anterioridad, la multa por aparcar mal <strong>oscila entre los 80 y los 200 euros, <\/strong>y tiene consideraci\u00f3n de leve a grave \u2013leve, 80 euros; grave, 200- y <strong>en ning\u00fan caso devenga p\u00e9rdida de puntos.<\/strong><\/p>\n\n\n\n<h3 class=\"wp-block-heading\"><span class=\"ez-toc-section\" id=\"Multas_leves_por_mal_aparcamiento\"><\/span><strong>Multas leves por mal aparcamiento<\/strong><span class=\"ez-toc-section-end\"><\/span><\/h3>\n\n\n\n<p>Dentro de primer grupo, <strong>las multas leves, sancionadas con 80 euros<\/strong>, se dan los siguientes casos:<\/p>\n\n\n\n<p>-Vulnerar el r\u00e9gimen de parada y estacionamiento en v\u00eda urbana regulado por la ordenanza municipal incumpliendo las limitaciones horarias de duraci\u00f3n del estacionamiento.<\/p>\n\n\n\n<p>-No se\u00f1alizar la presencia de un veh\u00edculo detenido cuando haya hecho una parada o estacionamiento.<\/p>\n\n\n\n<p>-Estacionar el veh\u00edculo sin situarlo en paralelo al borde de la calzada, o dejando mucha separaci\u00f3n respecto al bordillo.<\/p>\n\n\n\n<p><\/p>\n\n\n\n<h3 class=\"wp-block-heading\"><span class=\"ez-toc-section\" id=\"Multas_graves_por_mal_aparcamiento\"><\/span><strong>Multas graves por mal aparcamiento<\/strong><span class=\"ez-toc-section-end\"><\/span><\/h3>\n\n\n\n<p>Las <strong>multas graves, sancionadas con 200 euros<\/strong>, son las siguientes:<\/p>\n\n\n\n<p>-Estacionar el coche en doble fila sin conductor.<\/p>\n\n\n\n<p>-Detenerse en una zona destinada al estacionamiento y parada de uso exclusivo para el transporte p\u00fablico urbano.<\/p>\n\n\n\n<p>-Estacionar en un carril o parte de la v\u00eda reservada exclusivamente para el servicio o circulaci\u00f3n de determinados usuarios cuando obstaculice gravemente la circulaci\u00f3n o sea un riesgo para los peatones.<\/p>\n\n\n\n<p>-No obedecer la se\u00f1al de parada y estacionamiento prohibido.<\/p>\n\n\n\n<p>-No obedecer la se\u00f1al de estacionamiento prohibido.<\/p>\n\n\n\n<p>-No obedecer la se\u00f1al de estacionamiento prohibido los d\u00edas impares o pares, o con la indicaci\u00f3n de la primera o segunda quincena.<\/p>\n\n\n\n<p>-No obedecer la se\u00f1al de estacionamiento prohibido en <a href=\"https:\/\/www.boxrepsol.com\/es\/cultura-motera\/que-es-un-vado-permanente\/\">vado<\/a>.<\/p>\n\n\n\n<p>-Aparcar en carga y descarga.<\/p>\n\n\n\n<p>-Estacionar en una plaza reservada para personas con discapacidad.<\/p>\n\n\n\n<p>-Aparcar encima de la acera.<\/p>\n\n\n\n<figure class=\"wp-block-image size-full\"><img loading=\"lazy\" decoding=\"async\" width=\"600\" height=\"400\" src=\"https:\/\/bxrepsol.s3.eu-west-1.amazonaws.com\/static\/2025\/06\/05134257\/Sin-titulo-720-x-720-px-600-x-400-px-2.png\" alt=\"\" class=\"wp-image-125939\" srcset=\"https:\/\/bxrepsol.s3.eu-west-1.amazonaws.com\/static\/2025\/06\/05134257\/Sin-titulo-720-x-720-px-600-x-400-px-2.png 600w, https:\/\/bxrepsol.s3.eu-west-1.amazonaws.com\/static\/2025\/06\/05134257\/Sin-titulo-720-x-720-px-600-x-400-px-2-300x200.png 300w\" sizes=\"auto, (max-width: 600px) 100vw, 600px\" \/><\/figure>\n\n\n\n<p><\/p>\n\n\n\n<h2 class=\"wp-block-heading\"><span class=\"ez-toc-section\" id=\"%C2%BFCuando_debo_pagar_una_multa\"><\/span><strong>\u00bfCu\u00e1ndo debo pagar una multa?<\/strong><span class=\"ez-toc-section-end\"><\/span><\/h2>\n\n\n\n<p>Por lo general, los <strong>controladores de las zonas SER<\/strong> o los agentes municipales dejan una <strong>notificaci\u00f3n en el parabrisas del coche<\/strong> indicando la infracci\u00f3n cometida, y pasado un periodo de tiempo se recibe en el domicilio del veh\u00edculo un certificado con una <strong>carta de pago para liquidar la multa.<\/strong><\/p>\n\n\n\n<p>Las multas de aparcamiento de car\u00e1cter leve prescriben a los tres meses desde que se cometi\u00f3 la infracci\u00f3n sin haber recibido notificaci\u00f3n, mientras que las graves lo hacen a los seis meses.<\/p>\n\n\n\n<p>Tanto las multas leves como las graves disfrutan de <strong>una reducci\u00f3n del 50 % del importe si se paga en el per\u00edodo voluntario<\/strong>, cuyo tiempo oscila en funci\u00f3n de los ayuntamientos. Los hay que dan un plazo de diez d\u00edas laborables y otros conceden 20 d\u00edas naturales para ejecutar el pago, contando siempre desde el momento en que se recibe la notificaci\u00f3n. Y, en cualquier caso, <strong>beneficiarse de esta reducci\u00f3n implica renunciar a <\/strong><a href=\"https:\/\/www.boxrepsol.com\/es\/cultura-motera\/como-recurrir-multa-dgt\/\"><strong>interponer un recurso administrativo<\/strong><\/a><strong> contra la multa.<\/strong><\/p>\n\n\n\n<figure class=\"wp-block-image size-full\"><img loading=\"lazy\" decoding=\"async\" width=\"600\" height=\"400\" src=\"https:\/\/bxrepsol.s3.eu-west-1.amazonaws.com\/static\/2025\/06\/05134542\/Sin-titulo-720-x-720-px-600-x-400-px-4.png\" alt=\"\" class=\"wp-image-125943\" srcset=\"https:\/\/bxrepsol.s3.eu-west-1.amazonaws.com\/static\/2025\/06\/05134542\/Sin-titulo-720-x-720-px-600-x-400-px-4.png 600w, https:\/\/bxrepsol.s3.eu-west-1.amazonaws.com\/static\/2025\/06\/05134542\/Sin-titulo-720-x-720-px-600-x-400-px-4-300x200.png 300w\" sizes=\"auto, (max-width: 600px) 100vw, 600px\" \/><\/figure>\n\n\n\n<h3 class=\"wp-block-heading\"><span class=\"ez-toc-section\" id=\"%C2%BFComo_se_si_tengo_una_multa_por_aparcar_mal\"><\/span><strong>\u00bfC\u00f3mo s\u00e9 si tengo una multa por aparcar mal?<\/strong><span class=\"ez-toc-section-end\"><\/span><\/h3>\n\n\n\n<p>La <strong>web de la DGT<\/strong> te permite acceder de forma gratuita al Tabl\u00f3n Edictal de Sanciones de Tr\u00e1fico (<strong>TESTRA<\/strong>), para poder confirmar <a href=\"https:\/\/www.boxrepsol.com\/es\/vive-tu-moto\/como-saber-si-tengo-multas\/\">si tu veh\u00edculo ha sido multado<\/a>, facilitando el DNI, NIE, CIF o matr\u00edcula del veh\u00edculo. Este sistema funciona siempre que el ayuntamiento est\u00e1 adscrito a este servicio. De lo contrario, deber\u00e1s consultarlo directamente en las oficinas municipales.<\/p>\n\n\n\n<p><\/p>\n\n\n\n<h3 class=\"wp-block-heading\"><span class=\"ez-toc-section\" id=\"%C2%BFQue_ocurre_si_no_pago_una_multa_por_mal_aparcamiento\"><\/span><strong>\u00bfQu\u00e9 ocurre si no pago una multa por mal aparcamiento?<\/strong><span class=\"ez-toc-section-end\"><\/span><\/h3>\n\n\n\n<p>Una multa impuesta por la DGT, <strong>tras 45 d\u00edas transcurridos sin abonar la cuant\u00eda <\/strong>establecida, esta <strong>aumenta en un 5 %<\/strong>, y adem\u00e1s si interviene la Agencia Tributaria, el importe de la multa se incrementar\u00e1 en un 20 % superior. Finalmente, si no se paga, lo m\u00e1s habitual es que se ponga en marcha un p un procedimiento de embargo de bienes a nombre del infractor, retirando de la cuenta corriente la cantidad de la multa m\u00e1s los incrementos devengados por no abonarla en los plazos correspondientes.<\/p>\n\n\n\n<p>En definitiva, si te han puesto una multa de estacionamiento y consideras que no deb\u00eda ser as\u00ed, rec\u00farrela. Pero si te han multado con raz\u00f3n,<strong> \u00a1paga cuanto antes y te ahorrar\u00e1s la mitad!<\/strong><\/p>\n","protected":false},"excerpt":{"rendered":"<p>Puede que las multas de aparcamiento sean las sanciones m\u00e1s comunes que se imponen a los conductores, pero no por ello deja de ser importante estacionar mal, ni tampoco resulta barato tener este mal h\u00e1bito al volante de nuestro autom\u00f3vil.<\/p>\n","protected":false},"author":41268,"featured_media":125950,"comment_status":"open","ping_status":"closed","sticky":false,"template":"","format":"standard","meta":{"footnotes":""},"categories":[160],"tags":[425],"class_list":["post-125930","post","type-post","status-publish","format-standard","hentry","category-cultura-motera","tag-consejos-de-trafico"],"yoast_head":"<!-- This site is optimized with the Yoast SEO plugin v27.3 - https:\/\/yoast.com\/product\/yoast-seo-wordpress\/ -->\n<title>Multa por aparcar mal: importes y casos m\u00e1s comunes - Box Repsol<\/title>\n<meta name=\"description\" content=\"Descubre cu\u00e1nto cuesta una multa por aparcar mal, los casos m\u00e1s habituales, c\u00f3mo evitar sanciones y qu\u00e9 hacer si quieres recurrir la multa.\" \/>\n<link rel=\"canonical\" href=\"https:\/\/www.boxrepsol.com\/es\/cultura-motera\/multas-por-mal-aparcamiento\/\" \/>\n<meta property=\"og:locale\" content=\"es_ES\" \/>\n<meta property=\"og:type\" content=\"article\" \/>\n<meta property=\"og:title\" content=\"Multa por aparcar mal: importes y casos m\u00e1s comunes - Box Repsol\" \/>\n<meta property=\"og:description\" content=\"Descubre cu\u00e1nto cuesta una multa por aparcar mal, los casos m\u00e1s habituales, c\u00f3mo evitar sanciones y qu\u00e9 hacer si quieres recurrir la multa.\" \/>\n<meta property=\"og:url\" content=\"https:\/\/www.boxrepsol.com\/es\/cultura-motera\/multas-por-mal-aparcamiento\/\" \/>\n<meta property=\"og:site_name\" content=\"Box Repsol\" \/>\n<meta property=\"article:publisher\" content=\"https:\/\/www.facebook.com\/BoxRepsol\" \/>\n<meta property=\"article:published_time\" content=\"2025-06-05T15:52:27+00:00\" \/>\n<meta property=\"article:modified_time\" content=\"2026-02-27T09:55:49+00:00\" \/>\n<meta property=\"og:image\" content=\"https:\/\/bxrepsol.s3.eu-west-1.amazonaws.com\/static\/2025\/06\/06091736\/Diseno-sin-titulo.png\" \/>\n\t<meta property=\"og:image:width\" content=\"1200\" \/>\n\t<meta property=\"og:image:height\" content=\"600\" \/>\n\t<meta property=\"og:image:type\" content=\"image\/png\" \/>\n<meta name=\"author\" content=\"Juan Pedro de la Torre\" \/>\n<meta name=\"twitter:card\" content=\"summary_large_image\" \/>\n<meta name=\"twitter:creator\" content=\"@https:\/\/twitter.com\/JPdelaTorre1965\" \/>\n<meta name=\"twitter:site\" content=\"@box_repsol\" \/>\n<meta name=\"twitter:label1\" content=\"Written by\" \/>\n\t<meta name=\"twitter:data1\" content=\"Juan Pedro de la Torre\" \/>\n\t<meta name=\"twitter:label2\" content=\"Est. reading time\" \/>\n\t<meta name=\"twitter:data2\" content=\"6 minutos\" \/>\n<script type=\"application\/ld+json\" class=\"yoast-schema-graph\">{\"@context\":\"https:\\\/\\\/schema.org\",\"@graph\":[{\"@type\":\"Article\",\"@id\":\"https:\\\/\\\/www.boxrepsol.com\\\/es\\\/cultura-motera\\\/multas-por-mal-aparcamiento\\\/#article\",\"isPartOf\":{\"@id\":\"https:\\\/\\\/www.boxrepsol.com\\\/es\\\/cultura-motera\\\/multas-por-mal-aparcamiento\\\/\"},\"author\":{\"name\":\"Juan Pedro de la Torre\",\"@id\":\"https:\\\/\\\/www.boxrepsol.com\\\/es\\\/#\\\/schema\\\/person\\\/26abce1d675df22d63ac9e9d5f23e4aa\"},\"headline\":\"Multa por mal aparcamiento: importe, motivos y c\u00f3mo evitar sanciones\",\"datePublished\":\"2025-06-05T15:52:27+00:00\",\"dateModified\":\"2026-02-27T09:55:49+00:00\",\"mainEntityOfPage\":{\"@id\":\"https:\\\/\\\/www.boxrepsol.com\\\/es\\\/cultura-motera\\\/multas-por-mal-aparcamiento\\\/\"},\"wordCount\":1288,\"commentCount\":0,\"publisher\":{\"@id\":\"https:\\\/\\\/www.boxrepsol.com\\\/es\\\/#organization\"},\"image\":{\"@id\":\"https:\\\/\\\/www.boxrepsol.com\\\/es\\\/cultura-motera\\\/multas-por-mal-aparcamiento\\\/#primaryimage\"},\"thumbnailUrl\":\"https:\\\/\\\/bxrepsol.s3.eu-west-1.amazonaws.com\\\/static\\\/2025\\\/06\\\/06091736\\\/Diseno-sin-titulo.png\",\"keywords\":[\"Consejos tr\u00e1fico\"],\"articleSection\":[\"Cultura Motera\"],\"inLanguage\":\"es\",\"potentialAction\":[{\"@type\":\"CommentAction\",\"name\":\"Comment\",\"target\":[\"https:\\\/\\\/www.boxrepsol.com\\\/es\\\/cultura-motera\\\/multas-por-mal-aparcamiento\\\/#respond\"]}]},{\"@type\":\"WebPage\",\"@id\":\"https:\\\/\\\/www.boxrepsol.com\\\/es\\\/cultura-motera\\\/multas-por-mal-aparcamiento\\\/\",\"url\":\"https:\\\/\\\/www.boxrepsol.com\\\/es\\\/cultura-motera\\\/multas-por-mal-aparcamiento\\\/\",\"name\":\"Multa por aparcar mal: importes y casos m\u00e1s comunes - Box Repsol\",\"isPartOf\":{\"@id\":\"https:\\\/\\\/www.boxrepsol.com\\\/es\\\/#website\"},\"primaryImageOfPage\":{\"@id\":\"https:\\\/\\\/www.boxrepsol.com\\\/es\\\/cultura-motera\\\/multas-por-mal-aparcamiento\\\/#primaryimage\"},\"image\":{\"@id\":\"https:\\\/\\\/www.boxrepsol.com\\\/es\\\/cultura-motera\\\/multas-por-mal-aparcamiento\\\/#primaryimage\"},\"thumbnailUrl\":\"https:\\\/\\\/bxrepsol.s3.eu-west-1.amazonaws.com\\\/static\\\/2025\\\/06\\\/06091736\\\/Diseno-sin-titulo.png\",\"datePublished\":\"2025-06-05T15:52:27+00:00\",\"dateModified\":\"2026-02-27T09:55:49+00:00\",\"description\":\"Descubre cu\u00e1nto cuesta una multa por aparcar mal, los casos m\u00e1s habituales, c\u00f3mo evitar sanciones y qu\u00e9 hacer si quieres recurrir la multa.\",\"breadcrumb\":{\"@id\":\"https:\\\/\\\/www.boxrepsol.com\\\/es\\\/cultura-motera\\\/multas-por-mal-aparcamiento\\\/#breadcrumb\"},\"inLanguage\":\"es\",\"potentialAction\":[{\"@type\":\"ReadAction\",\"target\":[\"https:\\\/\\\/www.boxrepsol.com\\\/es\\\/cultura-motera\\\/multas-por-mal-aparcamiento\\\/\"]}]},{\"@type\":\"ImageObject\",\"inLanguage\":\"es\",\"@id\":\"https:\\\/\\\/www.boxrepsol.com\\\/es\\\/cultura-motera\\\/multas-por-mal-aparcamiento\\\/#primaryimage\",\"url\":\"https:\\\/\\\/bxrepsol.s3.eu-west-1.amazonaws.com\\\/static\\\/2025\\\/06\\\/06091736\\\/Diseno-sin-titulo.png\",\"contentUrl\":\"https:\\\/\\\/bxrepsol.s3.eu-west-1.amazonaws.com\\\/static\\\/2025\\\/06\\\/06091736\\\/Diseno-sin-titulo.png\",\"width\":1200,\"height\":600},{\"@type\":\"BreadcrumbList\",\"@id\":\"https:\\\/\\\/www.boxrepsol.com\\\/es\\\/cultura-motera\\\/multas-por-mal-aparcamiento\\\/#breadcrumb\",\"itemListElement\":[{\"@type\":\"ListItem\",\"position\":1,\"name\":\"Home\",\"item\":\"https:\\\/\\\/www.boxrepsol.com\\\/es\\\/\"},{\"@type\":\"ListItem\",\"position\":2,\"name\":\"Multa por mal aparcamiento: importe, motivos y c\u00f3mo evitar sanciones\"}]},{\"@type\":\"WebSite\",\"@id\":\"https:\\\/\\\/www.boxrepsol.com\\\/es\\\/#website\",\"url\":\"https:\\\/\\\/www.boxrepsol.com\\\/es\\\/\",\"name\":\"Box Repsol\",\"description\":\"Box Repsol Site\",\"publisher\":{\"@id\":\"https:\\\/\\\/www.boxrepsol.com\\\/es\\\/#organization\"},\"potentialAction\":[{\"@type\":\"SearchAction\",\"target\":{\"@type\":\"EntryPoint\",\"urlTemplate\":\"https:\\\/\\\/www.boxrepsol.com\\\/es\\\/?s={search_term_string}\"},\"query-input\":{\"@type\":\"PropertyValueSpecification\",\"valueRequired\":true,\"valueName\":\"search_term_string\"}}],\"inLanguage\":\"es\"},{\"@type\":\"Organization\",\"@id\":\"https:\\\/\\\/www.boxrepsol.com\\\/es\\\/#organization\",\"name\":\"Box Repsol\",\"url\":\"https:\\\/\\\/www.boxrepsol.com\\\/es\\\/\",\"logo\":{\"@type\":\"ImageObject\",\"inLanguage\":\"es\",\"@id\":\"https:\\\/\\\/www.boxrepsol.com\\\/es\\\/#\\\/schema\\\/logo\\\/image\\\/\",\"url\":\"https:\\\/\\\/bxrepsol.s3.eu-west-1.amazonaws.com\\\/static\\\/2025\\\/07\\\/30083337\\\/favicon-96x96-1.png\",\"contentUrl\":\"https:\\\/\\\/bxrepsol.s3.eu-west-1.amazonaws.com\\\/static\\\/2025\\\/07\\\/30083337\\\/favicon-96x96-1.png\",\"width\":96,\"height\":96,\"caption\":\"Box Repsol\"},\"image\":{\"@id\":\"https:\\\/\\\/www.boxrepsol.com\\\/es\\\/#\\\/schema\\\/logo\\\/image\\\/\"},\"sameAs\":[\"https:\\\/\\\/www.facebook.com\\\/BoxRepsol\",\"https:\\\/\\\/x.com\\\/box_repsol\",\"http:\\\/\\\/instagram.com\\\/box_repsol\",\"https:\\\/\\\/www.youtube.com\\\/user\\\/RepsolCompeticion\",\"https:\\\/\\\/www.flickr.com\\\/photos\\\/box_repsol\\\/\"]},{\"@type\":\"Person\",\"@id\":\"https:\\\/\\\/www.boxrepsol.com\\\/es\\\/#\\\/schema\\\/person\\\/26abce1d675df22d63ac9e9d5f23e4aa\",\"name\":\"Juan Pedro de la Torre\",\"image\":{\"@type\":\"ImageObject\",\"inLanguage\":\"es\",\"@id\":\"https:\\\/\\\/secure.gravatar.com\\\/avatar\\\/e81f780ee2930d7be330cb34304decf0e9bc66bec0158805a0fe2726f4517224?s=96&d=mm&r=g\",\"url\":\"https:\\\/\\\/secure.gravatar.com\\\/avatar\\\/e81f780ee2930d7be330cb34304decf0e9bc66bec0158805a0fe2726f4517224?s=96&d=mm&r=g\",\"contentUrl\":\"https:\\\/\\\/secure.gravatar.com\\\/avatar\\\/e81f780ee2930d7be330cb34304decf0e9bc66bec0158805a0fe2726f4517224?s=96&d=mm&r=g\",\"caption\":\"Juan Pedro de la Torre\"},\"description\":\"Se inici\u00f3 en el diario Marca en 1988 y posteriormente pas\u00f3 a la revista Motociclismo, donde llegar\u00eda a ser director de deporte. Despu\u00e9s fue editor y director de Motoworld.es y Sport Bikes y colabor\u00f3 con varios medios. Adem\u00e1s, ha publicado una docena de libros y actualmente trabaja como colaborador para Motociclismo, El Confidencial y Box Repsol.\",\"sameAs\":[\"https:\\\/\\\/x.com\\\/https:\\\/\\\/twitter.com\\\/JPdelaTorre1965\",\"https:\\\/\\\/youtube.com\\\/@juanpedrodelatorremotoworld\"],\"url\":\"https:\\\/\\\/www.boxrepsol.com\\\/es\\\/author\\\/juanpedro_delatorre\\\/\"}]}<\/script>\n<!-- \/ Yoast SEO plugin. -->","yoast_head_json":{"title":"Multa por aparcar mal: importes y casos m\u00e1s comunes - Box Repsol","description":"Descubre cu\u00e1nto cuesta una multa por aparcar mal, los casos m\u00e1s habituales, c\u00f3mo evitar sanciones y qu\u00e9 hacer si quieres recurrir la multa.","canonical":"https:\/\/www.boxrepsol.com\/es\/cultura-motera\/multas-por-mal-aparcamiento\/","og_locale":"es_ES","og_type":"article","og_title":"Multa por aparcar mal: importes y casos m\u00e1s comunes - Box Repsol","og_description":"Descubre cu\u00e1nto cuesta una multa por aparcar mal, los casos m\u00e1s habituales, c\u00f3mo evitar sanciones y qu\u00e9 hacer si quieres recurrir la multa.","og_url":"https:\/\/www.boxrepsol.com\/es\/cultura-motera\/multas-por-mal-aparcamiento\/","og_site_name":"Box Repsol","article_publisher":"https:\/\/www.facebook.com\/BoxRepsol","article_published_time":"2025-06-05T15:52:27+00:00","article_modified_time":"2026-02-27T09:55:49+00:00","og_image":[{"width":1200,"height":600,"url":"https:\/\/bxrepsol.s3.eu-west-1.amazonaws.com\/static\/2025\/06\/06091736\/Diseno-sin-titulo.png","type":"image\/png"}],"author":"Juan Pedro de la Torre","twitter_card":"summary_large_image","twitter_creator":"@https:\/\/twitter.com\/JPdelaTorre1965","twitter_site":"@box_repsol","twitter_misc":{"Written by":"Juan Pedro de la Torre","Est. reading time":"6 minutos"},"schema":{"@context":"https:\/\/schema.org","@graph":[{"@type":"Article","@id":"https:\/\/www.boxrepsol.com\/es\/cultura-motera\/multas-por-mal-aparcamiento\/#article","isPartOf":{"@id":"https:\/\/www.boxrepsol.com\/es\/cultura-motera\/multas-por-mal-aparcamiento\/"},"author":{"name":"Juan Pedro de la Torre","@id":"https:\/\/www.boxrepsol.com\/es\/#\/schema\/person\/26abce1d675df22d63ac9e9d5f23e4aa"},"headline":"Multa por mal aparcamiento: importe, motivos y c\u00f3mo evitar sanciones","datePublished":"2025-06-05T15:52:27+00:00","dateModified":"2026-02-27T09:55:49+00:00","mainEntityOfPage":{"@id":"https:\/\/www.boxrepsol.com\/es\/cultura-motera\/multas-por-mal-aparcamiento\/"},"wordCount":1288,"commentCount":0,"publisher":{"@id":"https:\/\/www.boxrepsol.com\/es\/#organization"},"image":{"@id":"https:\/\/www.boxrepsol.com\/es\/cultura-motera\/multas-por-mal-aparcamiento\/#primaryimage"},"thumbnailUrl":"https:\/\/bxrepsol.s3.eu-west-1.amazonaws.com\/static\/2025\/06\/06091736\/Diseno-sin-titulo.png","keywords":["Consejos tr\u00e1fico"],"articleSection":["Cultura Motera"],"inLanguage":"es","potentialAction":[{"@type":"CommentAction","name":"Comment","target":["https:\/\/www.boxrepsol.com\/es\/cultura-motera\/multas-por-mal-aparcamiento\/#respond"]}]},{"@type":"WebPage","@id":"https:\/\/www.boxrepsol.com\/es\/cultura-motera\/multas-por-mal-aparcamiento\/","url":"https:\/\/www.boxrepsol.com\/es\/cultura-motera\/multas-por-mal-aparcamiento\/","name":"Multa por aparcar mal: importes y casos m\u00e1s comunes - Box Repsol","isPartOf":{"@id":"https:\/\/www.boxrepsol.com\/es\/#website"},"primaryImageOfPage":{"@id":"https:\/\/www.boxrepsol.com\/es\/cultura-motera\/multas-por-mal-aparcamiento\/#primaryimage"},"image":{"@id":"https:\/\/www.boxrepsol.com\/es\/cultura-motera\/multas-por-mal-aparcamiento\/#primaryimage"},"thumbnailUrl":"https:\/\/bxrepsol.s3.eu-west-1.amazonaws.com\/static\/2025\/06\/06091736\/Diseno-sin-titulo.png","datePublished":"2025-06-05T15:52:27+00:00","dateModified":"2026-02-27T09:55:49+00:00","description":"Descubre cu\u00e1nto cuesta una multa por aparcar mal, los casos m\u00e1s habituales, c\u00f3mo evitar sanciones y qu\u00e9 hacer si quieres recurrir la multa.","breadcrumb":{"@id":"https:\/\/www.boxrepsol.com\/es\/cultura-motera\/multas-por-mal-aparcamiento\/#breadcrumb"},"inLanguage":"es","potentialAction":[{"@type":"ReadAction","target":["https:\/\/www.boxrepsol.com\/es\/cultura-motera\/multas-por-mal-aparcamiento\/"]}]},{"@type":"ImageObject","inLanguage":"es","@id":"https:\/\/www.boxrepsol.com\/es\/cultura-motera\/multas-por-mal-aparcamiento\/#primaryimage","url":"https:\/\/bxrepsol.s3.eu-west-1.amazonaws.com\/static\/2025\/06\/06091736\/Diseno-sin-titulo.png","contentUrl":"https:\/\/bxrepsol.s3.eu-west-1.amazonaws.com\/static\/2025\/06\/06091736\/Diseno-sin-titulo.png","width":1200,"height":600},{"@type":"BreadcrumbList","@id":"https:\/\/www.boxrepsol.com\/es\/cultura-motera\/multas-por-mal-aparcamiento\/#breadcrumb","itemListElement":[{"@type":"ListItem","position":1,"name":"Home","item":"https:\/\/www.boxrepsol.com\/es\/"},{"@type":"ListItem","position":2,"name":"Multa por mal aparcamiento: importe, motivos y c\u00f3mo evitar sanciones"}]},{"@type":"WebSite","@id":"https:\/\/www.boxrepsol.com\/es\/#website","url":"https:\/\/www.boxrepsol.com\/es\/","name":"Box Repsol","description":"Box Repsol Site","publisher":{"@id":"https:\/\/www.boxrepsol.com\/es\/#organization"},"potentialAction":[{"@type":"SearchAction","target":{"@type":"EntryPoint","urlTemplate":"https:\/\/www.boxrepsol.com\/es\/?s={search_term_string}"},"query-input":{"@type":"PropertyValueSpecification","valueRequired":true,"valueName":"search_term_string"}}],"inLanguage":"es"},{"@type":"Organization","@id":"https:\/\/www.boxrepsol.com\/es\/#organization","name":"Box Repsol","url":"https:\/\/www.boxrepsol.com\/es\/","logo":{"@type":"ImageObject","inLanguage":"es","@id":"https:\/\/www.boxrepsol.com\/es\/#\/schema\/logo\/image\/","url":"https:\/\/bxrepsol.s3.eu-west-1.amazonaws.com\/static\/2025\/07\/30083337\/favicon-96x96-1.png","contentUrl":"https:\/\/bxrepsol.s3.eu-west-1.amazonaws.com\/static\/2025\/07\/30083337\/favicon-96x96-1.png","width":96,"height":96,"caption":"Box Repsol"},"image":{"@id":"https:\/\/www.boxrepsol.com\/es\/#\/schema\/logo\/image\/"},"sameAs":["https:\/\/www.facebook.com\/BoxRepsol","https:\/\/x.com\/box_repsol","http:\/\/instagram.com\/box_repsol","https:\/\/www.youtube.com\/user\/RepsolCompeticion","https:\/\/www.flickr.com\/photos\/box_repsol\/"]},{"@type":"Person","@id":"https:\/\/www.boxrepsol.com\/es\/#\/schema\/person\/26abce1d675df22d63ac9e9d5f23e4aa","name":"Juan Pedro de la Torre","image":{"@type":"ImageObject","inLanguage":"es","@id":"https:\/\/secure.gravatar.com\/avatar\/e81f780ee2930d7be330cb34304decf0e9bc66bec0158805a0fe2726f4517224?s=96&d=mm&r=g","url":"https:\/\/secure.gravatar.com\/avatar\/e81f780ee2930d7be330cb34304decf0e9bc66bec0158805a0fe2726f4517224?s=96&d=mm&r=g","contentUrl":"https:\/\/secure.gravatar.com\/avatar\/e81f780ee2930d7be330cb34304decf0e9bc66bec0158805a0fe2726f4517224?s=96&d=mm&r=g","caption":"Juan Pedro de la Torre"},"description":"Se inici\u00f3 en el diario Marca en 1988 y posteriormente pas\u00f3 a la revista Motociclismo, donde llegar\u00eda a ser director de deporte. Despu\u00e9s fue editor y director de Motoworld.es y Sport Bikes y colabor\u00f3 con varios medios. Adem\u00e1s, ha publicado una docena de libros y actualmente trabaja como colaborador para Motociclismo, El Confidencial y Box Repsol.","sameAs":["https:\/\/x.com\/https:\/\/twitter.com\/JPdelaTorre1965","https:\/\/youtube.com\/@juanpedrodelatorremotoworld"],"url":"https:\/\/www.boxrepsol.com\/es\/author\/juanpedro_delatorre\/"}]}},"_links":{"self":[{"href":"https:\/\/www.boxrepsol.com\/es\/wp-json\/wp\/v2\/posts\/125930","targetHints":{"allow":["GET"]}}],"collection":[{"href":"https:\/\/www.boxrepsol.com\/es\/wp-json\/wp\/v2\/posts"}],"about":[{"href":"https:\/\/www.boxrepsol.com\/es\/wp-json\/wp\/v2\/types\/post"}],"author":[{"embeddable":true,"href":"https:\/\/www.boxrepsol.com\/es\/wp-json\/wp\/v2\/users\/41268"}],"replies":[{"embeddable":true,"href":"https:\/\/www.boxrepsol.com\/es\/wp-json\/wp\/v2\/comments?post=125930"}],"version-history":[{"count":5,"href":"https:\/\/www.boxrepsol.com\/es\/wp-json\/wp\/v2\/posts\/125930\/revisions"}],"predecessor-version":[{"id":129692,"href":"https:\/\/www.boxrepsol.com\/es\/wp-json\/wp\/v2\/posts\/125930\/revisions\/129692"}],"wp:featuredmedia":[{"embeddable":true,"href":"https:\/\/www.boxrepsol.com\/es\/wp-json\/wp\/v2\/media\/125950"}],"wp:attachment":[{"href":"https:\/\/www.boxrepsol.com\/es\/wp-json\/wp\/v2\/media?parent=125930"}],"wp:term":[{"taxonomy":"category","embeddable":true,"href":"https:\/\/www.boxrepsol.com\/es\/wp-json\/wp\/v2\/categories?post=125930"},{"taxonomy":"post_tag","embeddable":true,"href":"https:\/\/www.boxrepsol.com\/es\/wp-json\/wp\/v2\/tags?post=125930"}],"curies":[{"name":"wp","href":"https:\/\/api.w.org\/{rel}","templated":true}]}}