{"id":125923,"date":"2025-06-08T16:13:08","date_gmt":"2025-06-08T18:13:08","guid":{"rendered":"https:\/\/www.boxrepsol.com\/?p=125923"},"modified":"2025-07-12T13:00:26","modified_gmt":"2025-07-12T15:00:26","slug":"toni-y-gabri-consiguen-un-podio-impecable-en-el-trialgp-de-san-marino-2025","status":"publish","type":"post","link":"https:\/\/www.boxrepsol.com\/es\/trial\/toni-y-gabri-consiguen-un-podio-impecable-en-el-trialgp-de-san-marino-2025\/","title":{"rendered":"Toni y Gabri consiguen un podio impecable en el TrialGP de San Marino 2025"},"content":{"rendered":"<figure class=\"wp-block-post-featured-image\"><img loading=\"lazy\" decoding=\"async\" width=\"1200\" height=\"600\" src=\"https:\/\/bxrepsol.s3.eu-west-1.amazonaws.com\/static\/2025\/06\/08160243\/img4.jpg\" class=\"attachment-post-thumbnail size-post-thumbnail wp-post-image\" alt=\"\" style=\"object-fit:cover;\" srcset=\"https:\/\/bxrepsol.s3.eu-west-1.amazonaws.com\/static\/2025\/06\/08160243\/img4.jpg 1200w, https:\/\/bxrepsol.s3.eu-west-1.amazonaws.com\/static\/2025\/06\/08160243\/img4-300x150.jpg 300w, https:\/\/bxrepsol.s3.eu-west-1.amazonaws.com\/static\/2025\/06\/08160243\/img4-1024x512.jpg 1024w, https:\/\/bxrepsol.s3.eu-west-1.amazonaws.com\/static\/2025\/06\/08160243\/img4-768x384.jpg 768w\" sizes=\"auto, (max-width: 1200px) 100vw, 1200px\" \/><\/figure>\n\n\n<p>El <strong>Repsol Honda Team<\/strong> brill\u00f3 con fuerza gracias a un fin de semana perfecto de sus dos pilotos. En esta <strong>quinta etapa<\/strong> del <strong>Campeonato del Mundo de TrialGP <\/strong>al aire libre, que se ha celebrado los d\u00edas 7 y 8 de junio en <strong>San Marino<\/strong>, ha presentado un escenario t\u00e9cnico y exigente, donde el terreno seco y las grandes rocas pusieron a prueba la precisi\u00f3n y resistencia de los pilotos. <\/p>\n\n\n\n<p><strong>Toni Bou<\/strong> sum\u00f3 <strong>dos victorias<\/strong> consecutivas m\u00e1s, consolidando su dominio absoluto en el campeonato y ampliando su ventaja como <strong>l\u00edder<\/strong> de la clasificaci\u00f3n general. Toni se mostr\u00f3 impecable durante todo el fin de semana, imponi\u00e9ndose en ambas mangas. Por su parte, <strong>Gabri Marcelli<\/strong> fue la estrella de San Marino, logrando su<strong> primera victoria<\/strong> y una progresi\u00f3n incre\u00edble en ambas jornadas, que lo llevaron al<strong> podio<\/strong>. Adem\u00e1s, se impuso en las dos <strong>Power Sections <\/strong>disputadas, demostrando sus habilidades en los tramos m\u00e1s decisivos. Ambos pilotos siguen firmes en la lucha por el campeonato y refuerzan su posici\u00f3n en la clasificaci\u00f3n general.<\/p>\n\n\n\n<div id=\"ez-toc-container\" class=\"ez-toc-v2_0_82_2 counter-hierarchy ez-toc-counter ez-toc-grey ez-toc-container-direction\">\n<div class=\"ez-toc-title-container\">\n<p class=\"ez-toc-title\" style=\"cursor:inherit\">\u00cdndice<\/p>\n<span class=\"ez-toc-title-toggle\"><a href=\"#\" class=\"ez-toc-pull-right ez-toc-btn ez-toc-btn-xs ez-toc-btn-default ez-toc-toggle\" aria-label=\"Toggle Table of Content\"><span class=\"ez-toc-js-icon-con\"><span class=\"\"><span class=\"eztoc-hide\" style=\"display:none;\">Toggle<\/span><span class=\"ez-toc-icon-toggle-span\"><svg style=\"fill: #999;color:#999\" xmlns=\"http:\/\/www.w3.org\/2000\/svg\" class=\"list-377408\" width=\"20px\" height=\"20px\" viewBox=\"0 0 24 24\" fill=\"none\"><path d=\"M6 6H4v2h2V6zm14 0H8v2h12V6zM4 11h2v2H4v-2zm16 0H8v2h12v-2zM4 16h2v2H4v-2zm16 0H8v2h12v-2z\" fill=\"currentColor\"><\/path><\/svg><svg style=\"fill: #999;color:#999\" class=\"arrow-unsorted-368013\" xmlns=\"http:\/\/www.w3.org\/2000\/svg\" width=\"10px\" height=\"10px\" viewBox=\"0 0 24 24\" version=\"1.2\" baseProfile=\"tiny\"><path d=\"M18.2 9.3l-6.2-6.3-6.2 6.3c-.2.2-.3.4-.3.7s.1.5.3.7c.2.2.4.3.7.3h11c.3 0 .5-.1.7-.3.2-.2.3-.5.3-.7s-.1-.5-.3-.7zM5.8 14.7l6.2 6.3 6.2-6.3c.2-.2.3-.5.3-.7s-.1-.5-.3-.7c-.2-.2-.4-.3-.7-.3h-11c-.3 0-.5.1-.7.3-.2.2-.3.5-.3.7s.1.5.3.7z\"\/><\/svg><\/span><\/span><\/span><\/a><\/span><\/div>\n<nav><ul class='ez-toc-list ez-toc-list-level-1 ' ><ul class='ez-toc-list-level-3' ><li class='ez-toc-heading-level-3'><a class=\"ez-toc-link ez-toc-heading-1\" href=\"https:\/\/www.boxrepsol.com\/es\/trial\/toni-y-gabri-consiguen-un-podio-impecable-en-el-trialgp-de-san-marino-2025\/#Jornada_final_impecable_para_el_equipo_Repsol_Honda\" >Jornada final impecable para el equipo Repsol Honda<\/a><\/li><li class='ez-toc-page-1 ez-toc-heading-level-3'><a class=\"ez-toc-link ez-toc-heading-2\" href=\"https:\/\/www.boxrepsol.com\/es\/trial\/toni-y-gabri-consiguen-un-podio-impecable-en-el-trialgp-de-san-marino-2025\/#Clasificacion_Dia_1_TrialGP\" >Clasificaci\u00f3n D\u00eda 1 TrialGP<\/a><\/li><li class='ez-toc-page-1 ez-toc-heading-level-3'><a class=\"ez-toc-link ez-toc-heading-3\" href=\"https:\/\/www.boxrepsol.com\/es\/trial\/toni-y-gabri-consiguen-un-podio-impecable-en-el-trialgp-de-san-marino-2025\/#Clasificacion_Dia_2_TrialGP\" >Clasificaci\u00f3n D\u00eda 2 TrialGP<\/a><\/li><\/ul><\/li><li class='ez-toc-page-1 ez-toc-heading-level-2'><a class=\"ez-toc-link ez-toc-heading-4\" href=\"https:\/\/www.boxrepsol.com\/es\/trial\/toni-y-gabri-consiguen-un-podio-impecable-en-el-trialgp-de-san-marino-2025\/#DECLARACIONES\" >DECLARACIONES<\/a><\/li><\/ul><\/nav><\/div>\n<h3 class=\"wp-block-heading\"><span class=\"ez-toc-section\" id=\"Jornada_final_impecable_para_el_equipo_Repsol_Honda\"><\/span><strong>Jornada final impecable para el equipo Repsol Honda<\/strong><span class=\"ez-toc-section-end\"><\/span><\/h3>\n\n\n\n<p>En la <strong>segunda jornada<\/strong> del TrialGP de San Marino, marcada por el calor y la complejidad t\u00e9cnica de las zonas, <strong>Toni Bou<\/strong> volvi\u00f3 a firmar una actuaci\u00f3n impecable. Desde las primeras secciones, mostr\u00f3 un control absoluto del terreno, mantuvo un <strong>ritmo constante<\/strong> y resolvi\u00f3 con eficacia cada obst\u00e1culo para sellar su <strong>segunda victoria<\/strong> del fin de semana. <\/p>\n\n\n\n<p><strong>Gabri Marcelli<\/strong> tambi\u00e9n <strong>brill\u00f3<\/strong> con luz propia en esta jornada. Muy centrado desde el inicio, mantuvo un alto nivel de pilotaje y supo gestionar con inteligencia las <strong>zonas m\u00e1s exigentes<\/strong>. Su perseverancia le permiti\u00f3 conseguir su <strong>primera victoria<\/strong>, y alcanzar una destacada segunda posici\u00f3n en la general del d\u00eda. Adem\u00e1s, volvi\u00f3 a imponerse en la <strong>Power Section<\/strong>, logrando un <strong>doblete<\/strong> en esta especialidad durante el fin de semana.<\/p>\n\n\n\n<p>Con estos resultados, el equipo <strong>Repsol Honda Team<\/strong> cierra el <strong>TrialGP de San Marino<\/strong> con un balance perfecto: lleno de <strong>victorias<\/strong> y un <strong>dominio<\/strong> claro en todas las \u00e1reas de competici\u00f3n. Toni Bou consolida su liderato en la clasificaci\u00f3n general y Gabri Marcelli reafirma su presencia en la lucha por los puestos de cabeza. La pr\u00f3xima cita del campeonato tendr\u00e1 lugar en <strong>Estados Unidos<\/strong>, los d\u00edas <strong>11, 12 y 13 de julio<\/strong>.<\/p>\n\n\n\n<p><\/p>\n\n\n\n<h3 class=\"wp-block-heading\"><span class=\"ez-toc-section\" id=\"Clasificacion_Dia_1_TrialGP\"><\/span><strong>Clasificaci\u00f3n D\u00eda 1 TrialGP<\/strong><span class=\"ez-toc-section-end\"><\/span><\/h3>\n\n\n\n<figure class=\"wp-block-table\"><table class=\"has-fixed-layout\"><tbody><tr><td><strong>PILOTO<\/strong><\/td><td><strong>EQUIPO<\/strong><\/td><td><strong>PUNTOS<\/strong><\/td><\/tr><tr><td><strong>1. Toni Bou<\/strong><\/td><td><strong>REPSOL HONDA<\/strong><\/td><td>40<\/td><\/tr><tr><td>2. Jaime Busto<\/td><td>GAS GAS<\/td><td>32<\/td><\/tr><tr><td><strong>3. Gabri Marcelli<\/strong><\/td><td><strong>REPSOL HONDA<\/strong><\/td><td>32<\/td><\/tr><tr><td>4. Jack Peace<\/td><td>SHERCO<\/td><td>24<\/td><\/tr><tr><td>5. MatTeo Grattarola<\/td><td>BETA<\/td><td>23<\/td><\/tr><tr><td>6. Aniol Gelabert<\/td><td>TTRS<\/td><td>21<\/td><\/tr><tr><td>7. Alex Canales<\/td><td>MONTESA<\/td><td>17<\/td><\/tr><tr><td>8. Pablo Suarez<\/td><td>MONTESA<\/td><td>16<\/td><\/tr><tr><td>9. Lorenzo Gandola<\/td><td>BETA<\/td><td>15<\/td><\/tr><\/tbody><\/table><\/figure>\n\n\n\n<p><\/p>\n\n\n\n<h3 class=\"wp-block-heading\"><span class=\"ez-toc-section\" id=\"Clasificacion_Dia_2_TrialGP\"><\/span><strong>Clasificaci\u00f3n D\u00eda 2 TrialGP<\/strong><span class=\"ez-toc-section-end\"><\/span><\/h3>\n\n\n\n<figure class=\"wp-block-table\"><table class=\"has-fixed-layout\"><tbody><tr><td><strong>PILOTO<\/strong><\/td><td><strong>EQUIPO<\/strong><\/td><td><strong>PUNTOS<\/strong><\/td><\/tr><tr><td><strong>1. Toni Bou<\/strong><\/td><td><strong>REPSOL HONDA<\/strong><\/td><td><strong>37<\/strong><\/td><\/tr><tr><td><strong>2.<\/strong> <strong>Gabri Marcelli<\/strong> <\/td><td><strong>REPSOL HONDA<\/strong><\/td><td><strong>37<\/strong><\/td><\/tr><tr><td>3. Jaime Busto<\/td><td>GAS GAS<\/td><td>30<\/td><\/tr><tr><td>4. Matteo Grattarola<\/td><td>BETA<\/td><td>24<\/td><\/tr><tr><td>5. Aniol Gelabert<\/td><td>TRRS<\/td><td>23<\/td><\/tr><tr><td>6. Jack Peace<\/td><td>SHERCO<\/td><td>19<\/td><\/tr><tr><td>7. Pablo Suarez<\/td><td>MONTESA<\/td><td>18<\/td><\/tr><tr><td>8. Alex Canales<\/td><td>MONTESA<\/td><td>18<\/td><\/tr><tr><td>9. Lorenzo Gandola<\/td><td>BETA<\/td><td>16<\/td><\/tr><\/tbody><\/table><\/figure>\n\n\n\n<div id=\"2beacac9-c9d6-474a-a93b-e57deda86ac1\" class=\"br-slider-box\"><div class=\"wp-block-create-block-repsol-carousel br-slider\"><a target=\"_blank\" href=\"https:\/\/bxrepsol.s3.eu-west-1.amazonaws.com\/static\/2025\/06\/08164845\/img4-1.jpg\" data-index=\"0\" rel=\"noopener\"><img decoding=\"async\" src=\"https:\/\/bxrepsol.s3.eu-west-1.amazonaws.com\/static\/2025\/06\/08164845\/img4-1.jpg\"\/><\/a><a target=\"_blank\" href=\"https:\/\/bxrepsol.s3.eu-west-1.amazonaws.com\/static\/2025\/06\/08164850\/img7.jpg\" data-index=\"1\" rel=\"noopener\"><img decoding=\"async\" src=\"https:\/\/bxrepsol.s3.eu-west-1.amazonaws.com\/static\/2025\/06\/08164850\/img7.jpg\"\/><\/a><a target=\"_blank\" href=\"https:\/\/bxrepsol.s3.eu-west-1.amazonaws.com\/static\/2025\/06\/08164852\/img10.jpg\" data-index=\"2\" rel=\"noopener\"><img decoding=\"async\" src=\"https:\/\/bxrepsol.s3.eu-west-1.amazonaws.com\/static\/2025\/06\/08164852\/img10.jpg\"\/><\/a><a target=\"_blank\" href=\"https:\/\/bxrepsol.s3.eu-west-1.amazonaws.com\/static\/2025\/06\/08164853\/img13.jpg\" data-index=\"3\" rel=\"noopener\"><img decoding=\"async\" src=\"https:\/\/bxrepsol.s3.eu-west-1.amazonaws.com\/static\/2025\/06\/08164853\/img13.jpg\"\/><\/a><a target=\"_blank\" href=\"https:\/\/bxrepsol.s3.eu-west-1.amazonaws.com\/static\/2025\/06\/08164854\/img16.jpg\" data-index=\"4\" rel=\"noopener\"><img decoding=\"async\" src=\"https:\/\/bxrepsol.s3.eu-west-1.amazonaws.com\/static\/2025\/06\/08164854\/img16.jpg\"\/><\/a><a target=\"_blank\" href=\"https:\/\/bxrepsol.s3.eu-west-1.amazonaws.com\/static\/2025\/06\/08164856\/img19.jpg\" data-index=\"5\" rel=\"noopener\"><img decoding=\"async\" src=\"https:\/\/bxrepsol.s3.eu-west-1.amazonaws.com\/static\/2025\/06\/08164856\/img19.jpg\"\/><\/a><\/div><div class=\"br-slider-buttons\"><button class=\"arrow rds-icon arrow--left rds-icon-Arrow_left\"><\/button><button class=\"arrow rds-icon arrow--right rds-icon-Arrow_right\"><\/button><\/div><\/div>\n\n\n\n<h2 class=\"wp-block-heading\"><span class=\"ez-toc-section\" id=\"DECLARACIONES\"><\/span><strong>DECLARACIONES<\/strong><span class=\"ez-toc-section-end\"><\/span><\/h2>\n\n\n\n<p class=\"has-medium-font-size\"><strong>#1 TONI BOU<\/strong><br>\u00abHoy ha estado todo otra vez muy apretado en ambas carreras, pero con la diferencia de que mi rival principal ha sido Gabri. Que mi compa\u00f1ero de equipo se muestre tan fuerte es muy bueno porque hace que ambos mejoremos. La primera carrera se me ha escapado por poco por un fallo en la 11 pero la segunda carrera me ha ido muy bien porque he conseguido mantenerme muy constante. Nos llevamos muchos puntos para el campeonato. Estoy muy contento con c\u00f3mo ha ido el fin de semana\u00bb.<\/p>\n\n\n\n<p class=\"has-medium-font-size\"><\/p>\n\n\n\n<p class=\"has-medium-font-size\"><strong>#38 GABRIEL MARCELLI<\/strong><br>\u00abEl d\u00eda ha ido s\u00faper bien y he terminado muy contento. Por muy poco no hemos conseguido la victoria del d\u00eda, pero estoy igualmente muy feliz por haber ganado mi primera manga. En la segunda me he encontrado tambi\u00e9n muy c\u00f3modo, pero he cometido un error que me ha costado la segunda victoria. He estado muy fuerte, el equipo ha hecho un gran trabajo y me he vuelto a llevar el punto extra de la Power Section. Hoy he conseguido quitarme una espina con la primera posici\u00f3n y hay que seguir luchando as\u00ed para lograr la victoria final. Nos llevamos muy buenas sensaciones para las pr\u00f3ximas carreras\u00bb.<\/p>\n","protected":false},"excerpt":{"rendered":"<p>Toni Bou mantiene su dominio en el TrialGP con un doblete en San Marino, mientras que Gabri Marcelli consigue su primera victoria, gan\u00e1ndose el podio en las dos jornadas.<\/p>\n","protected":false},"author":43146,"featured_media":125966,"comment_status":"open","ping_status":"closed","sticky":false,"template":"","format":"standard","meta":{"footnotes":""},"categories":[23],"tags":[333],"class_list":["post-125923","post","type-post","status-publish","format-standard","hentry","category-trial","tag-competicion"],"yoast_head":"<!-- This site is optimized with the Yoast SEO plugin v27.3 - https:\/\/yoast.com\/product\/yoast-seo-wordpress\/ -->\n<title>Toni Bou y Gabri Marcelli arrasan en el TrialGP San Marino Toni y Gabri consiguen un podio impecable en el TrialGP de San Marino 2025 - Box Repsol<\/title>\n<meta name=\"description\" content=\"Toni Bou logra dos victorias consecutivas y Gabri Marcelli sube al podio ambos d\u00edas, incluyendo dos triunfos en la Power Section. El equipo Repsol Honda brilla en el TrialGP San Marino 2025.\" \/>\n<link rel=\"canonical\" href=\"https:\/\/www.boxrepsol.com\/es\/trial\/toni-y-gabri-consiguen-un-podio-impecable-en-el-trialgp-de-san-marino-2025\/\" \/>\n<meta property=\"og:locale\" content=\"es_ES\" \/>\n<meta property=\"og:type\" content=\"article\" \/>\n<meta property=\"og:title\" content=\"Toni Bou y Gabri Marcelli arrasan en el TrialGP San Marino Toni y Gabri consiguen un podio impecable en el TrialGP de San Marino 2025 - Box Repsol\" \/>\n<meta property=\"og:description\" content=\"Toni Bou logra dos victorias consecutivas y Gabri Marcelli sube al podio ambos d\u00edas, incluyendo dos triunfos en la Power Section. El equipo Repsol Honda brilla en el TrialGP San Marino 2025.\" \/>\n<meta property=\"og:url\" content=\"https:\/\/www.boxrepsol.com\/es\/trial\/toni-y-gabri-consiguen-un-podio-impecable-en-el-trialgp-de-san-marino-2025\/\" \/>\n<meta property=\"og:site_name\" content=\"Box Repsol\" \/>\n<meta property=\"article:publisher\" content=\"https:\/\/www.facebook.com\/BoxRepsol\" \/>\n<meta property=\"article:author\" content=\"https:\/\/www.facebook.com\/BoxRepsol\/\" \/>\n<meta property=\"article:published_time\" content=\"2025-06-08T18:13:08+00:00\" \/>\n<meta property=\"article:modified_time\" content=\"2025-07-12T15:00:26+00:00\" \/>\n<meta property=\"og:image\" content=\"https:\/\/bxrepsol.s3.eu-west-1.amazonaws.com\/static\/2025\/06\/08160243\/img4.jpg\" \/>\n\t<meta property=\"og:image:width\" content=\"1200\" \/>\n\t<meta property=\"og:image:height\" content=\"600\" \/>\n\t<meta property=\"og:image:type\" content=\"image\/jpeg\" \/>\n<meta name=\"author\" content=\"Redacci\u00f3n Box Repsol\" \/>\n<meta name=\"twitter:card\" content=\"summary_large_image\" \/>\n<meta name=\"twitter:creator\" content=\"@https:\/\/twitter.com\/box_repsol\" \/>\n<meta name=\"twitter:site\" content=\"@box_repsol\" \/>\n<meta name=\"twitter:label1\" content=\"Written by\" \/>\n\t<meta name=\"twitter:data1\" content=\"Redacci\u00f3n Box Repsol\" \/>\n\t<meta name=\"twitter:label2\" content=\"Est. reading time\" \/>\n\t<meta name=\"twitter:data2\" content=\"3 minutos\" \/>\n<script type=\"application\/ld+json\" class=\"yoast-schema-graph\">{\"@context\":\"https:\\\/\\\/schema.org\",\"@graph\":[{\"@type\":\"Article\",\"@id\":\"https:\\\/\\\/www.boxrepsol.com\\\/es\\\/trial\\\/toni-y-gabri-consiguen-un-podio-impecable-en-el-trialgp-de-san-marino-2025\\\/#article\",\"isPartOf\":{\"@id\":\"https:\\\/\\\/www.boxrepsol.com\\\/es\\\/trial\\\/toni-y-gabri-consiguen-un-podio-impecable-en-el-trialgp-de-san-marino-2025\\\/\"},\"author\":{\"name\":\"Redacci\u00f3n Box Repsol\",\"@id\":\"https:\\\/\\\/www.boxrepsol.com\\\/es\\\/#\\\/schema\\\/person\\\/c5c2138f2cca251b0ad92b7086bb60b7\"},\"headline\":\"Toni y Gabri consiguen un podio impecable en el TrialGP de San Marino 2025\",\"datePublished\":\"2025-06-08T18:13:08+00:00\",\"dateModified\":\"2025-07-12T15:00:26+00:00\",\"mainEntityOfPage\":{\"@id\":\"https:\\\/\\\/www.boxrepsol.com\\\/es\\\/trial\\\/toni-y-gabri-consiguen-un-podio-impecable-en-el-trialgp-de-san-marino-2025\\\/\"},\"wordCount\":692,\"commentCount\":0,\"publisher\":{\"@id\":\"https:\\\/\\\/www.boxrepsol.com\\\/es\\\/#organization\"},\"image\":{\"@id\":\"https:\\\/\\\/www.boxrepsol.com\\\/es\\\/trial\\\/toni-y-gabri-consiguen-un-podio-impecable-en-el-trialgp-de-san-marino-2025\\\/#primaryimage\"},\"thumbnailUrl\":\"https:\\\/\\\/bxrepsol.s3.eu-west-1.amazonaws.com\\\/static\\\/2025\\\/06\\\/08160243\\\/img4.jpg\",\"keywords\":[\"Competici\u00f3n\"],\"articleSection\":[\"Trial\"],\"inLanguage\":\"es\",\"potentialAction\":[{\"@type\":\"CommentAction\",\"name\":\"Comment\",\"target\":[\"https:\\\/\\\/www.boxrepsol.com\\\/es\\\/trial\\\/toni-y-gabri-consiguen-un-podio-impecable-en-el-trialgp-de-san-marino-2025\\\/#respond\"]}]},{\"@type\":\"WebPage\",\"@id\":\"https:\\\/\\\/www.boxrepsol.com\\\/es\\\/trial\\\/toni-y-gabri-consiguen-un-podio-impecable-en-el-trialgp-de-san-marino-2025\\\/\",\"url\":\"https:\\\/\\\/www.boxrepsol.com\\\/es\\\/trial\\\/toni-y-gabri-consiguen-un-podio-impecable-en-el-trialgp-de-san-marino-2025\\\/\",\"name\":\"Toni Bou y Gabri Marcelli arrasan en el TrialGP San Marino Toni y Gabri consiguen un podio impecable en el TrialGP de San Marino 2025 - Box Repsol\",\"isPartOf\":{\"@id\":\"https:\\\/\\\/www.boxrepsol.com\\\/es\\\/#website\"},\"primaryImageOfPage\":{\"@id\":\"https:\\\/\\\/www.boxrepsol.com\\\/es\\\/trial\\\/toni-y-gabri-consiguen-un-podio-impecable-en-el-trialgp-de-san-marino-2025\\\/#primaryimage\"},\"image\":{\"@id\":\"https:\\\/\\\/www.boxrepsol.com\\\/es\\\/trial\\\/toni-y-gabri-consiguen-un-podio-impecable-en-el-trialgp-de-san-marino-2025\\\/#primaryimage\"},\"thumbnailUrl\":\"https:\\\/\\\/bxrepsol.s3.eu-west-1.amazonaws.com\\\/static\\\/2025\\\/06\\\/08160243\\\/img4.jpg\",\"datePublished\":\"2025-06-08T18:13:08+00:00\",\"dateModified\":\"2025-07-12T15:00:26+00:00\",\"description\":\"Toni Bou logra dos victorias consecutivas y Gabri Marcelli sube al podio ambos d\u00edas, incluyendo dos triunfos en la Power Section. El equipo Repsol Honda brilla en el TrialGP San Marino 2025.\",\"breadcrumb\":{\"@id\":\"https:\\\/\\\/www.boxrepsol.com\\\/es\\\/trial\\\/toni-y-gabri-consiguen-un-podio-impecable-en-el-trialgp-de-san-marino-2025\\\/#breadcrumb\"},\"inLanguage\":\"es\",\"potentialAction\":[{\"@type\":\"ReadAction\",\"target\":[\"https:\\\/\\\/www.boxrepsol.com\\\/es\\\/trial\\\/toni-y-gabri-consiguen-un-podio-impecable-en-el-trialgp-de-san-marino-2025\\\/\"]}]},{\"@type\":\"ImageObject\",\"inLanguage\":\"es\",\"@id\":\"https:\\\/\\\/www.boxrepsol.com\\\/es\\\/trial\\\/toni-y-gabri-consiguen-un-podio-impecable-en-el-trialgp-de-san-marino-2025\\\/#primaryimage\",\"url\":\"https:\\\/\\\/bxrepsol.s3.eu-west-1.amazonaws.com\\\/static\\\/2025\\\/06\\\/08160243\\\/img4.jpg\",\"contentUrl\":\"https:\\\/\\\/bxrepsol.s3.eu-west-1.amazonaws.com\\\/static\\\/2025\\\/06\\\/08160243\\\/img4.jpg\",\"width\":1200,\"height\":600},{\"@type\":\"BreadcrumbList\",\"@id\":\"https:\\\/\\\/www.boxrepsol.com\\\/es\\\/trial\\\/toni-y-gabri-consiguen-un-podio-impecable-en-el-trialgp-de-san-marino-2025\\\/#breadcrumb\",\"itemListElement\":[{\"@type\":\"ListItem\",\"position\":1,\"name\":\"Home\",\"item\":\"https:\\\/\\\/www.boxrepsol.com\\\/es\\\/\"},{\"@type\":\"ListItem\",\"position\":2,\"name\":\"Toni y Gabri consiguen un podio impecable en el TrialGP de San Marino 2025\"}]},{\"@type\":\"WebSite\",\"@id\":\"https:\\\/\\\/www.boxrepsol.com\\\/es\\\/#website\",\"url\":\"https:\\\/\\\/www.boxrepsol.com\\\/es\\\/\",\"name\":\"Box Repsol\",\"description\":\"Box Repsol Site\",\"publisher\":{\"@id\":\"https:\\\/\\\/www.boxrepsol.com\\\/es\\\/#organization\"},\"potentialAction\":[{\"@type\":\"SearchAction\",\"target\":{\"@type\":\"EntryPoint\",\"urlTemplate\":\"https:\\\/\\\/www.boxrepsol.com\\\/es\\\/?s={search_term_string}\"},\"query-input\":{\"@type\":\"PropertyValueSpecification\",\"valueRequired\":true,\"valueName\":\"search_term_string\"}}],\"inLanguage\":\"es\"},{\"@type\":\"Organization\",\"@id\":\"https:\\\/\\\/www.boxrepsol.com\\\/es\\\/#organization\",\"name\":\"Box Repsol\",\"url\":\"https:\\\/\\\/www.boxrepsol.com\\\/es\\\/\",\"logo\":{\"@type\":\"ImageObject\",\"inLanguage\":\"es\",\"@id\":\"https:\\\/\\\/www.boxrepsol.com\\\/es\\\/#\\\/schema\\\/logo\\\/image\\\/\",\"url\":\"https:\\\/\\\/bxrepsol.s3.eu-west-1.amazonaws.com\\\/static\\\/2025\\\/07\\\/30083337\\\/favicon-96x96-1.png\",\"contentUrl\":\"https:\\\/\\\/bxrepsol.s3.eu-west-1.amazonaws.com\\\/static\\\/2025\\\/07\\\/30083337\\\/favicon-96x96-1.png\",\"width\":96,\"height\":96,\"caption\":\"Box Repsol\"},\"image\":{\"@id\":\"https:\\\/\\\/www.boxrepsol.com\\\/es\\\/#\\\/schema\\\/logo\\\/image\\\/\"},\"sameAs\":[\"https:\\\/\\\/www.facebook.com\\\/BoxRepsol\",\"https:\\\/\\\/x.com\\\/box_repsol\",\"http:\\\/\\\/instagram.com\\\/box_repsol\",\"https:\\\/\\\/www.youtube.com\\\/user\\\/RepsolCompeticion\",\"https:\\\/\\\/www.flickr.com\\\/photos\\\/box_repsol\\\/\"]},{\"@type\":\"Person\",\"@id\":\"https:\\\/\\\/www.boxrepsol.com\\\/es\\\/#\\\/schema\\\/person\\\/c5c2138f2cca251b0ad92b7086bb60b7\",\"name\":\"Redacci\u00f3n Box Repsol\",\"image\":{\"@type\":\"ImageObject\",\"inLanguage\":\"es\",\"@id\":\"https:\\\/\\\/secure.gravatar.com\\\/avatar\\\/adf7b77e38b4419baf32c7e9c21dde01f4e40df611f0978e3006fc4ba0aaab7e?s=96&d=mm&r=g\",\"url\":\"https:\\\/\\\/secure.gravatar.com\\\/avatar\\\/adf7b77e38b4419baf32c7e9c21dde01f4e40df611f0978e3006fc4ba0aaab7e?s=96&d=mm&r=g\",\"contentUrl\":\"https:\\\/\\\/secure.gravatar.com\\\/avatar\\\/adf7b77e38b4419baf32c7e9c21dde01f4e40df611f0978e3006fc4ba0aaab7e?s=96&d=mm&r=g\",\"caption\":\"Redacci\u00f3n Box Repsol\"},\"description\":\"Box Repsol lo forma un equipo de periodistas, community managers, dise\u00f1adores y fot\u00f3grafos con m\u00e1s de 20 a\u00f1os de experiencia en el mundo del motorsport. Hemos vivido el primer mundial de un espa\u00f1ol en la categor\u00eda reina de motociclismo con \u00c1lex Crivill\u00e9, estuvimos en las victorias de Pedrosa y los t\u00edtulos de M\u00e1rquez, acompa\u00f1amos en \u00c1frica a Nani Roma y Marc Coma en sus conquistas del Dakar y hemos vibrado con los t\u00edtulos de Toni Bou en Trial. Adem\u00e1s, en nuestro equipo contamos con expertos en el mundo de las dos y cuatro ruedas tanto de la calle y las carreteras, como de los circuitos. Periodistas que han trabajado en revistas y publicaciones para hacerte llegar desde rutas y consejos de mantenimiento, a curiosidades y trucos de pilotaje.\",\"sameAs\":[\"https:\\\/\\\/www.facebook.com\\\/BoxRepsol\\\/\",\"https:\\\/\\\/www.instagram.com\\\/box_repsol\\\/\",\"https:\\\/\\\/x.com\\\/https:\\\/\\\/twitter.com\\\/box_repsol\",\"https:\\\/\\\/www.youtube.com\\\/@Boxrepsol\"],\"url\":\"https:\\\/\\\/www.boxrepsol.com\\\/es\\\/author\\\/redaccion-box-repsol\\\/\"}]}<\/script>\n<!-- \/ Yoast SEO plugin. -->","yoast_head_json":{"title":"Toni Bou y Gabri Marcelli arrasan en el TrialGP San Marino Toni y Gabri consiguen un podio impecable en el TrialGP de San Marino 2025 - Box Repsol","description":"Toni Bou logra dos victorias consecutivas y Gabri Marcelli sube al podio ambos d\u00edas, incluyendo dos triunfos en la Power Section. El equipo Repsol Honda brilla en el TrialGP San Marino 2025.","canonical":"https:\/\/www.boxrepsol.com\/es\/trial\/toni-y-gabri-consiguen-un-podio-impecable-en-el-trialgp-de-san-marino-2025\/","og_locale":"es_ES","og_type":"article","og_title":"Toni Bou y Gabri Marcelli arrasan en el TrialGP San Marino Toni y Gabri consiguen un podio impecable en el TrialGP de San Marino 2025 - Box Repsol","og_description":"Toni Bou logra dos victorias consecutivas y Gabri Marcelli sube al podio ambos d\u00edas, incluyendo dos triunfos en la Power Section. El equipo Repsol Honda brilla en el TrialGP San Marino 2025.","og_url":"https:\/\/www.boxrepsol.com\/es\/trial\/toni-y-gabri-consiguen-un-podio-impecable-en-el-trialgp-de-san-marino-2025\/","og_site_name":"Box Repsol","article_publisher":"https:\/\/www.facebook.com\/BoxRepsol","article_author":"https:\/\/www.facebook.com\/BoxRepsol\/","article_published_time":"2025-06-08T18:13:08+00:00","article_modified_time":"2025-07-12T15:00:26+00:00","og_image":[{"width":1200,"height":600,"url":"https:\/\/bxrepsol.s3.eu-west-1.amazonaws.com\/static\/2025\/06\/08160243\/img4.jpg","type":"image\/jpeg"}],"author":"Redacci\u00f3n Box Repsol","twitter_card":"summary_large_image","twitter_creator":"@https:\/\/twitter.com\/box_repsol","twitter_site":"@box_repsol","twitter_misc":{"Written by":"Redacci\u00f3n Box Repsol","Est. reading time":"3 minutos"},"schema":{"@context":"https:\/\/schema.org","@graph":[{"@type":"Article","@id":"https:\/\/www.boxrepsol.com\/es\/trial\/toni-y-gabri-consiguen-un-podio-impecable-en-el-trialgp-de-san-marino-2025\/#article","isPartOf":{"@id":"https:\/\/www.boxrepsol.com\/es\/trial\/toni-y-gabri-consiguen-un-podio-impecable-en-el-trialgp-de-san-marino-2025\/"},"author":{"name":"Redacci\u00f3n Box Repsol","@id":"https:\/\/www.boxrepsol.com\/es\/#\/schema\/person\/c5c2138f2cca251b0ad92b7086bb60b7"},"headline":"Toni y Gabri consiguen un podio impecable en el TrialGP de San Marino 2025","datePublished":"2025-06-08T18:13:08+00:00","dateModified":"2025-07-12T15:00:26+00:00","mainEntityOfPage":{"@id":"https:\/\/www.boxrepsol.com\/es\/trial\/toni-y-gabri-consiguen-un-podio-impecable-en-el-trialgp-de-san-marino-2025\/"},"wordCount":692,"commentCount":0,"publisher":{"@id":"https:\/\/www.boxrepsol.com\/es\/#organization"},"image":{"@id":"https:\/\/www.boxrepsol.com\/es\/trial\/toni-y-gabri-consiguen-un-podio-impecable-en-el-trialgp-de-san-marino-2025\/#primaryimage"},"thumbnailUrl":"https:\/\/bxrepsol.s3.eu-west-1.amazonaws.com\/static\/2025\/06\/08160243\/img4.jpg","keywords":["Competici\u00f3n"],"articleSection":["Trial"],"inLanguage":"es","potentialAction":[{"@type":"CommentAction","name":"Comment","target":["https:\/\/www.boxrepsol.com\/es\/trial\/toni-y-gabri-consiguen-un-podio-impecable-en-el-trialgp-de-san-marino-2025\/#respond"]}]},{"@type":"WebPage","@id":"https:\/\/www.boxrepsol.com\/es\/trial\/toni-y-gabri-consiguen-un-podio-impecable-en-el-trialgp-de-san-marino-2025\/","url":"https:\/\/www.boxrepsol.com\/es\/trial\/toni-y-gabri-consiguen-un-podio-impecable-en-el-trialgp-de-san-marino-2025\/","name":"Toni Bou y Gabri Marcelli arrasan en el TrialGP San Marino Toni y Gabri consiguen un podio impecable en el TrialGP de San Marino 2025 - Box Repsol","isPartOf":{"@id":"https:\/\/www.boxrepsol.com\/es\/#website"},"primaryImageOfPage":{"@id":"https:\/\/www.boxrepsol.com\/es\/trial\/toni-y-gabri-consiguen-un-podio-impecable-en-el-trialgp-de-san-marino-2025\/#primaryimage"},"image":{"@id":"https:\/\/www.boxrepsol.com\/es\/trial\/toni-y-gabri-consiguen-un-podio-impecable-en-el-trialgp-de-san-marino-2025\/#primaryimage"},"thumbnailUrl":"https:\/\/bxrepsol.s3.eu-west-1.amazonaws.com\/static\/2025\/06\/08160243\/img4.jpg","datePublished":"2025-06-08T18:13:08+00:00","dateModified":"2025-07-12T15:00:26+00:00","description":"Toni Bou logra dos victorias consecutivas y Gabri Marcelli sube al podio ambos d\u00edas, incluyendo dos triunfos en la Power Section. El equipo Repsol Honda brilla en el TrialGP San Marino 2025.","breadcrumb":{"@id":"https:\/\/www.boxrepsol.com\/es\/trial\/toni-y-gabri-consiguen-un-podio-impecable-en-el-trialgp-de-san-marino-2025\/#breadcrumb"},"inLanguage":"es","potentialAction":[{"@type":"ReadAction","target":["https:\/\/www.boxrepsol.com\/es\/trial\/toni-y-gabri-consiguen-un-podio-impecable-en-el-trialgp-de-san-marino-2025\/"]}]},{"@type":"ImageObject","inLanguage":"es","@id":"https:\/\/www.boxrepsol.com\/es\/trial\/toni-y-gabri-consiguen-un-podio-impecable-en-el-trialgp-de-san-marino-2025\/#primaryimage","url":"https:\/\/bxrepsol.s3.eu-west-1.amazonaws.com\/static\/2025\/06\/08160243\/img4.jpg","contentUrl":"https:\/\/bxrepsol.s3.eu-west-1.amazonaws.com\/static\/2025\/06\/08160243\/img4.jpg","width":1200,"height":600},{"@type":"BreadcrumbList","@id":"https:\/\/www.boxrepsol.com\/es\/trial\/toni-y-gabri-consiguen-un-podio-impecable-en-el-trialgp-de-san-marino-2025\/#breadcrumb","itemListElement":[{"@type":"ListItem","position":1,"name":"Home","item":"https:\/\/www.boxrepsol.com\/es\/"},{"@type":"ListItem","position":2,"name":"Toni y Gabri consiguen un podio impecable en el TrialGP de San Marino 2025"}]},{"@type":"WebSite","@id":"https:\/\/www.boxrepsol.com\/es\/#website","url":"https:\/\/www.boxrepsol.com\/es\/","name":"Box Repsol","description":"Box Repsol Site","publisher":{"@id":"https:\/\/www.boxrepsol.com\/es\/#organization"},"potentialAction":[{"@type":"SearchAction","target":{"@type":"EntryPoint","urlTemplate":"https:\/\/www.boxrepsol.com\/es\/?s={search_term_string}"},"query-input":{"@type":"PropertyValueSpecification","valueRequired":true,"valueName":"search_term_string"}}],"inLanguage":"es"},{"@type":"Organization","@id":"https:\/\/www.boxrepsol.com\/es\/#organization","name":"Box Repsol","url":"https:\/\/www.boxrepsol.com\/es\/","logo":{"@type":"ImageObject","inLanguage":"es","@id":"https:\/\/www.boxrepsol.com\/es\/#\/schema\/logo\/image\/","url":"https:\/\/bxrepsol.s3.eu-west-1.amazonaws.com\/static\/2025\/07\/30083337\/favicon-96x96-1.png","contentUrl":"https:\/\/bxrepsol.s3.eu-west-1.amazonaws.com\/static\/2025\/07\/30083337\/favicon-96x96-1.png","width":96,"height":96,"caption":"Box Repsol"},"image":{"@id":"https:\/\/www.boxrepsol.com\/es\/#\/schema\/logo\/image\/"},"sameAs":["https:\/\/www.facebook.com\/BoxRepsol","https:\/\/x.com\/box_repsol","http:\/\/instagram.com\/box_repsol","https:\/\/www.youtube.com\/user\/RepsolCompeticion","https:\/\/www.flickr.com\/photos\/box_repsol\/"]},{"@type":"Person","@id":"https:\/\/www.boxrepsol.com\/es\/#\/schema\/person\/c5c2138f2cca251b0ad92b7086bb60b7","name":"Redacci\u00f3n Box Repsol","image":{"@type":"ImageObject","inLanguage":"es","@id":"https:\/\/secure.gravatar.com\/avatar\/adf7b77e38b4419baf32c7e9c21dde01f4e40df611f0978e3006fc4ba0aaab7e?s=96&d=mm&r=g","url":"https:\/\/secure.gravatar.com\/avatar\/adf7b77e38b4419baf32c7e9c21dde01f4e40df611f0978e3006fc4ba0aaab7e?s=96&d=mm&r=g","contentUrl":"https:\/\/secure.gravatar.com\/avatar\/adf7b77e38b4419baf32c7e9c21dde01f4e40df611f0978e3006fc4ba0aaab7e?s=96&d=mm&r=g","caption":"Redacci\u00f3n Box Repsol"},"description":"Box Repsol lo forma un equipo de periodistas, community managers, dise\u00f1adores y fot\u00f3grafos con m\u00e1s de 20 a\u00f1os de experiencia en el mundo del motorsport. Hemos vivido el primer mundial de un espa\u00f1ol en la categor\u00eda reina de motociclismo con \u00c1lex Crivill\u00e9, estuvimos en las victorias de Pedrosa y los t\u00edtulos de M\u00e1rquez, acompa\u00f1amos en \u00c1frica a Nani Roma y Marc Coma en sus conquistas del Dakar y hemos vibrado con los t\u00edtulos de Toni Bou en Trial. Adem\u00e1s, en nuestro equipo contamos con expertos en el mundo de las dos y cuatro ruedas tanto de la calle y las carreteras, como de los circuitos. Periodistas que han trabajado en revistas y publicaciones para hacerte llegar desde rutas y consejos de mantenimiento, a curiosidades y trucos de pilotaje.","sameAs":["https:\/\/www.facebook.com\/BoxRepsol\/","https:\/\/www.instagram.com\/box_repsol\/","https:\/\/x.com\/https:\/\/twitter.com\/box_repsol","https:\/\/www.youtube.com\/@Boxrepsol"],"url":"https:\/\/www.boxrepsol.com\/es\/author\/redaccion-box-repsol\/"}]}},"_links":{"self":[{"href":"https:\/\/www.boxrepsol.com\/es\/wp-json\/wp\/v2\/posts\/125923","targetHints":{"allow":["GET"]}}],"collection":[{"href":"https:\/\/www.boxrepsol.com\/es\/wp-json\/wp\/v2\/posts"}],"about":[{"href":"https:\/\/www.boxrepsol.com\/es\/wp-json\/wp\/v2\/types\/post"}],"author":[{"embeddable":true,"href":"https:\/\/www.boxrepsol.com\/es\/wp-json\/wp\/v2\/users\/43146"}],"replies":[{"embeddable":true,"href":"https:\/\/www.boxrepsol.com\/es\/wp-json\/wp\/v2\/comments?post=125923"}],"version-history":[{"count":21,"href":"https:\/\/www.boxrepsol.com\/es\/wp-json\/wp\/v2\/posts\/125923\/revisions"}],"predecessor-version":[{"id":126030,"href":"https:\/\/www.boxrepsol.com\/es\/wp-json\/wp\/v2\/posts\/125923\/revisions\/126030"}],"wp:featuredmedia":[{"embeddable":true,"href":"https:\/\/www.boxrepsol.com\/es\/wp-json\/wp\/v2\/media\/125966"}],"wp:attachment":[{"href":"https:\/\/www.boxrepsol.com\/es\/wp-json\/wp\/v2\/media?parent=125923"}],"wp:term":[{"taxonomy":"category","embeddable":true,"href":"https:\/\/www.boxrepsol.com\/es\/wp-json\/wp\/v2\/categories?post=125923"},{"taxonomy":"post_tag","embeddable":true,"href":"https:\/\/www.boxrepsol.com\/es\/wp-json\/wp\/v2\/tags?post=125923"}],"curies":[{"name":"wp","href":"https:\/\/api.w.org\/{rel}","templated":true}]}}