{"id":125867,"date":"2025-06-01T18:17:38","date_gmt":"2025-06-01T20:17:38","guid":{"rendered":"https:\/\/www.boxrepsol.com\/?p=125867"},"modified":"2025-07-11T08:51:31","modified_gmt":"2025-07-11T10:51:31","slug":"toni-bou-trialgp-francia-2025","status":"publish","type":"post","link":"https:\/\/www.boxrepsol.com\/es\/trial\/toni-bou-trialgp-francia-2025\/","title":{"rendered":"Toni Bou reina en C\u00f3rcega y ampl\u00eda su dominio en el TrialGP 2025"},"content":{"rendered":"<figure class=\"wp-block-post-featured-image\"><img loading=\"lazy\" decoding=\"async\" width=\"2560\" height=\"1280\" src=\"https:\/\/bxrepsol.s3.eu-west-1.amazonaws.com\/static\/2025\/06\/01181023\/TrialGP25_r7_Podium_PEP09615A_ps-2-scaled-e1748808642927.jpg\" class=\"attachment-post-thumbnail size-post-thumbnail wp-post-image\" alt=\"\" style=\"object-fit:cover;\" \/><\/figure>\n\n\n<p>La <strong>cuarta cita del Mundial de TrialGP 2025<\/strong> ha llevado a los mejores pilotos del mundo hasta <strong>Calvi<\/strong>, en la isla de <strong>C\u00f3rcega<\/strong>, un nuevo escenario para el campeonato que ha debutado con dos jornadas intensas marcadas por el calor, el alto agarre y una gran exigencia t\u00e9cnica. Frente a estas condiciones, <strong>Toni Bou<\/strong> ha vuelto a demostrar por qu\u00e9 lidera con pu\u00f1o de hierro esta temporada, firmando un doblete impecable que le consolida al frente de la general con seis victorias consecutivas. <strong>Gabriel Marcelli<\/strong>, por su parte, ha vuelto a pelear entre los mejores y ha finalizado cuarto en el c\u00f3mputo global del domingo, manteni\u00e9ndose tercero en el campeonato.<\/p>\n\n\n\n<p>Toni abri\u00f3 el fin de semana alcanzando un nuevo hito: su <strong>victoria n\u00famero 160 en TrialGP<\/strong>. En la primera manga del s\u00e1bado, domin\u00f3 con autoridad pese a un par de errores, mientras que en la segunda tuvo que remontar tras un mal inicio, imponi\u00e9ndose en la zona decisiva y llev\u00e1ndose adem\u00e1s el <strong>punto extra de la Power Section<\/strong>. Gabri, aunque algo irregular, logr\u00f3 sobreponerse y cerr\u00f3 la jornada con un valioso <strong>tercer puesto<\/strong> en la clasificaci\u00f3n general del d\u00eda.<\/p>\n\n\n\n<p><\/p>\n\n\n\n<div id=\"ez-toc-container\" class=\"ez-toc-v2_0_82_2 counter-hierarchy ez-toc-counter ez-toc-grey ez-toc-container-direction\">\n<div class=\"ez-toc-title-container\">\n<p class=\"ez-toc-title\" style=\"cursor:inherit\">\u00cdndice<\/p>\n<span class=\"ez-toc-title-toggle\"><a href=\"#\" class=\"ez-toc-pull-right ez-toc-btn ez-toc-btn-xs ez-toc-btn-default ez-toc-toggle\" aria-label=\"Toggle Table of Content\"><span class=\"ez-toc-js-icon-con\"><span class=\"\"><span class=\"eztoc-hide\" style=\"display:none;\">Toggle<\/span><span class=\"ez-toc-icon-toggle-span\"><svg style=\"fill: #999;color:#999\" xmlns=\"http:\/\/www.w3.org\/2000\/svg\" class=\"list-377408\" width=\"20px\" height=\"20px\" viewBox=\"0 0 24 24\" fill=\"none\"><path d=\"M6 6H4v2h2V6zm14 0H8v2h12V6zM4 11h2v2H4v-2zm16 0H8v2h12v-2zM4 16h2v2H4v-2zm16 0H8v2h12v-2z\" fill=\"currentColor\"><\/path><\/svg><svg style=\"fill: #999;color:#999\" class=\"arrow-unsorted-368013\" xmlns=\"http:\/\/www.w3.org\/2000\/svg\" width=\"10px\" height=\"10px\" viewBox=\"0 0 24 24\" version=\"1.2\" baseProfile=\"tiny\"><path d=\"M18.2 9.3l-6.2-6.3-6.2 6.3c-.2.2-.3.4-.3.7s.1.5.3.7c.2.2.4.3.7.3h11c.3 0 .5-.1.7-.3.2-.2.3-.5.3-.7s-.1-.5-.3-.7zM5.8 14.7l6.2 6.3 6.2-6.3c.2-.2.3-.5.3-.7s-.1-.5-.3-.7c-.2-.2-.4-.3-.7-.3h-11c-.3 0-.5.1-.7.3-.2.2-.3.5-.3.7s.1.5.3.7z\"\/><\/svg><\/span><\/span><\/span><\/a><\/span><\/div>\n<nav><ul class='ez-toc-list ez-toc-list-level-1 ' ><ul class='ez-toc-list-level-3' ><li class='ez-toc-heading-level-3'><a class=\"ez-toc-link ez-toc-heading-1\" href=\"https:\/\/www.boxrepsol.com\/es\/trial\/toni-bou-trialgp-francia-2025\/#Domingo_de_tension_y_maxima_igualdad_en_Calvi\" >Domingo de tensi\u00f3n y m\u00e1xima igualdad en Calvi<\/a><\/li><li class='ez-toc-page-1 ez-toc-heading-level-3'><a class=\"ez-toc-link ez-toc-heading-2\" href=\"https:\/\/www.boxrepsol.com\/es\/trial\/toni-bou-trialgp-francia-2025\/#Clasificacion_Dia_1_TrialGP\" >Clasificaci\u00f3n D\u00eda 1 TrialGP<\/a><\/li><li class='ez-toc-page-1 ez-toc-heading-level-3'><a class=\"ez-toc-link ez-toc-heading-3\" href=\"https:\/\/www.boxrepsol.com\/es\/trial\/toni-bou-trialgp-francia-2025\/#Clasificacion_Dia_2_TrialGP\" >Clasificaci\u00f3n D\u00eda 2 TrialGP<\/a><\/li><\/ul><\/li><li class='ez-toc-page-1 ez-toc-heading-level-2'><a class=\"ez-toc-link ez-toc-heading-4\" href=\"https:\/\/www.boxrepsol.com\/es\/trial\/toni-bou-trialgp-francia-2025\/#DECLARACIONES\" >DECLARACIONES<\/a><\/li><\/ul><\/nav><\/div>\n<h3 class=\"wp-block-heading\"><span class=\"ez-toc-section\" id=\"Domingo_de_tension_y_maxima_igualdad_en_Calvi\"><\/span><strong>Domingo de tensi\u00f3n y m\u00e1xima igualdad en Calvi<\/strong><span class=\"ez-toc-section-end\"><\/span><\/h3>\n\n\n\n<p>La <strong>segunda jornada<\/strong> del TrialGP de C\u00f3rcega se present\u00f3 como una verdadera prueba de resistencia t\u00e9cnica y mental. Bou volvi\u00f3 a marcar la diferencia en los momentos clave. En la primera carrera del d\u00eda, complet\u00f3 una vuelta casi perfecta con apenas tres puntos de penalizaci\u00f3n, y en la segunda supo gestionar la presi\u00f3n pese a dos errores en el tramo final. Su rendimiento le vali\u00f3 otra <strong>doble victoria<\/strong> y reforz\u00f3 su liderazgo en la clasificaci\u00f3n con 322 puntos.<\/p>\n\n\n\n<p>Gabriel Marcelli, en cambio, vivi\u00f3 un domingo de lucha constante. Dos errores tempranos le alejaron del podio en la primera manga, aunque consigui\u00f3 terminar cuarto. En la segunda, protagoniz\u00f3 un intenso duelo con Matteo Grattarola por el tercer escal\u00f3n del podio, que se resolvi\u00f3 en la \u00faltima zona a favor del italiano por n\u00famero de ceros, dejando al gallego en una amarga <strong>cuarta posici\u00f3n<\/strong>.<\/p>\n\n\n\n<p>Con el campeonato alcanzando su ecuador, el Repsol Honda Team afronta la pr\u00f3xima cita en <strong>San Marino <\/strong>con Bou m\u00e1s l\u00edder que nunca y Marcelli afianzado en el Top 3 de la general. La batalla por el TrialGP 2025 contin\u00faa.<\/p>\n\n\n\n<p><\/p>\n\n\n\n<h3 class=\"wp-block-heading\"><span class=\"ez-toc-section\" id=\"Clasificacion_Dia_1_TrialGP\"><\/span><br><strong>Clasificaci\u00f3n D\u00eda 1 TrialGP<\/strong><span class=\"ez-toc-section-end\"><\/span><\/h3>\n\n\n\n<figure class=\"wp-block-table\"><table class=\"has-fixed-layout\"><tbody><tr><td><strong>PILOTO<\/strong><\/td><td><strong>EQUIPO<\/strong><\/td><td><strong>PUNTOS<\/strong><\/td><\/tr><tr><td><strong>1. Toni Bou<\/strong><\/td><td><strong>REPSOL HONDA<\/strong><\/td><td>40<\/td><\/tr><tr><td>2. Jaime Busto<\/td><td>GAS GAS<\/td><td>28<\/td><\/tr><tr><td><strong>3. Gabri Marcelli<\/strong><\/td><td><strong>REPSOL HONDA<\/strong><\/td><td>28<\/td><\/tr><tr><td>4. Mateo Grattarola<\/td><td>BETA<\/td><td>28<\/td><\/tr><tr><td>5. Jack Peace<\/td><td>SHERCO<\/td><td>27<\/td><\/tr><tr><td>6. Aniol Gelabert<\/td><td>TTRS<\/td><td>20<\/td><\/tr><tr><td>7. Pablo Suarez<\/td><td>MONTESA<\/td><td>19<\/td><\/tr><tr><td>8. Hugo Dufrese<\/td><td>BETA<\/td><td>15<\/td><\/tr><tr><td>9. Alex Canales<\/td><td>MONTESA<\/td><td>15<\/td><\/tr><\/tbody><\/table><\/figure>\n\n\n\n<p><\/p>\n\n\n\n<h3 class=\"wp-block-heading\"><span class=\"ez-toc-section\" id=\"Clasificacion_Dia_2_TrialGP\"><\/span><strong>Clasificaci\u00f3n D\u00eda 2 TrialGP<\/strong><span class=\"ez-toc-section-end\"><\/span><\/h3>\n\n\n\n<figure class=\"wp-block-table\"><table class=\"has-fixed-layout\"><tbody><tr><td><strong>PILOTO<\/strong><\/td><td><strong>EQUIPO<\/strong><\/td><td><strong>PUNTOS<\/strong><\/td><\/tr><tr><td><strong>1. Toni Bou<\/strong><\/td><td><strong>REPSOL HONDA<\/strong><\/td><td><strong>40<\/strong><\/td><\/tr><tr><td>2. Jaime Busto<\/td><td>GAS GAS<\/td><td>34<\/td><\/tr><tr><td>3. Matteo Grattarola<\/td><td>BETA<\/td><td>30<\/td><\/tr><tr><td><strong>4. Gabri Marcelli<\/strong><\/td><td><strong>REPSOL HONDA<\/strong><\/td><td><strong>26<\/strong><\/td><\/tr><tr><td>5. Jack Peace<\/td><td>SHERCO<\/td><td>22<\/td><\/tr><tr><td>6. Aniol Gelabert<\/td><td>TRRS<\/td><td>20<\/td><\/tr><tr><td>7. Hugo Dufrese<\/td><td>BETA<\/td><td>16<\/td><\/tr><tr><td>8. Pablo Suarez<\/td><td>MONTESA<\/td><td>16<\/td><\/tr><tr><td>9. Alex Canales<\/td><td>MONTESA<\/td><td>16<\/td><\/tr><\/tbody><\/table><\/figure>\n\n\n\n<div id=\"c85df4a6-10e6-4965-8360-accc26630023\" class=\"br-slider-box\"><div class=\"wp-block-create-block-repsol-carousel br-slider\"><a target=\"_blank\" href=\"https:\/\/bxrepsol.s3.eu-west-1.amazonaws.com\/static\/2025\/06\/01181706\/1.jpg\" data-index=\"0\" rel=\"noopener\"><img decoding=\"async\" src=\"https:\/\/bxrepsol.s3.eu-west-1.amazonaws.com\/static\/2025\/06\/01181706\/1.jpg\"\/><\/a><a target=\"_blank\" href=\"https:\/\/bxrepsol.s3.eu-west-1.amazonaws.com\/static\/2025\/06\/01181711\/3.jpg\" data-index=\"1\" rel=\"noopener\"><img decoding=\"async\" src=\"https:\/\/bxrepsol.s3.eu-west-1.amazonaws.com\/static\/2025\/06\/01181711\/3.jpg\"\/><\/a><a target=\"_blank\" href=\"https:\/\/bxrepsol.s3.eu-west-1.amazonaws.com\/static\/2025\/06\/01181712\/5.jpg\" data-index=\"2\" rel=\"noopener\"><img decoding=\"async\" src=\"https:\/\/bxrepsol.s3.eu-west-1.amazonaws.com\/static\/2025\/06\/01181712\/5.jpg\"\/><\/a><a target=\"_blank\" href=\"https:\/\/bxrepsol.s3.eu-west-1.amazonaws.com\/static\/2025\/06\/01181714\/6.jpg\" data-index=\"3\" rel=\"noopener\"><img decoding=\"async\" src=\"https:\/\/bxrepsol.s3.eu-west-1.amazonaws.com\/static\/2025\/06\/01181714\/6.jpg\"\/><\/a><a target=\"_blank\" href=\"https:\/\/bxrepsol.s3.eu-west-1.amazonaws.com\/static\/2025\/06\/01181715\/7.jpg\" data-index=\"4\" rel=\"noopener\"><img decoding=\"async\" src=\"https:\/\/bxrepsol.s3.eu-west-1.amazonaws.com\/static\/2025\/06\/01181715\/7.jpg\"\/><\/a><a target=\"_blank\" href=\"https:\/\/bxrepsol.s3.eu-west-1.amazonaws.com\/static\/2025\/06\/01181717\/2.jpg\" data-index=\"5\" rel=\"noopener\"><img decoding=\"async\" src=\"https:\/\/bxrepsol.s3.eu-west-1.amazonaws.com\/static\/2025\/06\/01181717\/2.jpg\"\/><\/a><a target=\"_blank\" href=\"https:\/\/bxrepsol.s3.eu-west-1.amazonaws.com\/static\/2025\/06\/01181718\/4.jpg\" data-index=\"6\" rel=\"noopener\"><img decoding=\"async\" src=\"https:\/\/bxrepsol.s3.eu-west-1.amazonaws.com\/static\/2025\/06\/01181718\/4.jpg\"\/><\/a><\/div><div class=\"br-slider-buttons\"><button class=\"arrow rds-icon arrow--left rds-icon-Arrow_left\"><\/button><button class=\"arrow rds-icon arrow--right rds-icon-Arrow_right\"><\/button><\/div><\/div>\n\n\n\n<h2 class=\"wp-block-heading\"><span class=\"ez-toc-section\" id=\"DECLARACIONES\"><\/span><strong>DECLARACIONES<\/strong><span class=\"ez-toc-section-end\"><\/span><\/h2>\n\n\n\n<p class=\"has-medium-font-size\"><strong>#1 TONI BOU<\/strong><br>\u00abEstoy muy contento. Despu\u00e9s del d\u00eda de ayer, que sali\u00f3 tan bien, siempre es dif\u00edcil volver a empezar de cero. La primera vuelta ha sido incre\u00edble, con solo 3 puntos de penalizaci\u00f3n, y me he sentido muy bien encima de la moto. En la segunda tambi\u00e9n me he notado c\u00f3modo, aunque he cometido un par de errores y se me ha complicado un poco la victoria. Estoy viviendo un momento muy dulce de la temporada, cogiendo muchos puntos para el campeonato. Quiero agradecer al equipo porque est\u00e1n trabajando muy bien en circunstancia duras. En San Marino se esperan zonas diferentes, algunas de indoor que siempre disfruto mucho y lo cogeremos con muchas ganas\u00bb.<\/p>\n\n\n\n<p class=\"has-medium-font-size\"><\/p>\n\n\n\n<p class=\"has-medium-font-size\"><strong>#38 GABRIEL MARCELLI<\/strong><br>\u00abNo estoy contento con c\u00f3mo nos ha ido hoy. No he notado buenas sensaciones en todo el d\u00eda. He estado cerca de las posiciones de podio, incluso empatado con Matteo, pero no he terminado de rematar y he cometido varios errores, sobre todo en la segunda pasada. Para la pr\u00f3xima prueba habr\u00e1 que trabajar m\u00e1s y no perder la concentraci\u00f3n en ning\u00fan momento, porque hoy he hecho puntos de penalizaci\u00f3n que me han lastrado mucho al final del d\u00eda. Para San Marino no habr\u00e1 que tirar la toalla en ning\u00fan momento y confiar un poco m\u00e1s en m\u00ed mismo\u00bb.<\/p>\n\n\n\n<p><\/p>\n","protected":false},"excerpt":{"rendered":"<p>El piloto del Repsol Honda Team se impone con autoridad en Calvi con dos nuevas victorias y alcanza las 161 en la categor\u00eda reina, mientras que Marcelli roza el podio en una jornada final marcada por la igualdad.<\/p>\n","protected":false},"author":43146,"featured_media":125870,"comment_status":"open","ping_status":"closed","sticky":false,"template":"","format":"standard","meta":{"footnotes":""},"categories":[23],"tags":[333],"class_list":["post-125867","post","type-post","status-publish","format-standard","hentry","category-trial","tag-competicion"],"yoast_head":"<!-- This site is optimized with the Yoast SEO plugin v27.3 - https:\/\/yoast.com\/product\/yoast-seo-wordpress\/ -->\n<title>Toni Bou arrasa en el TrialGP de Francia 2025- Box Repsol<\/title>\n<meta name=\"description\" content=\"Toni\u202fBou afianz\u00f3 su tercera victoria consecutiva en el campeonato, mientras que Gabri\u202fMarcelli encadena tambi\u00e9n su tercer podio seguido.\" \/>\n<link rel=\"canonical\" href=\"https:\/\/www.boxrepsol.com\/es\/trial\/toni-bou-trialgp-francia-2025\/\" \/>\n<meta property=\"og:locale\" content=\"es_ES\" \/>\n<meta property=\"og:type\" content=\"article\" \/>\n<meta property=\"og:title\" content=\"Toni Bou arrasa en el TrialGP de Francia 2025- Box Repsol\" \/>\n<meta property=\"og:description\" content=\"Toni\u202fBou afianz\u00f3 su tercera victoria consecutiva en el campeonato, mientras que Gabri\u202fMarcelli encadena tambi\u00e9n su tercer podio seguido.\" \/>\n<meta property=\"og:url\" content=\"https:\/\/www.boxrepsol.com\/es\/trial\/toni-bou-trialgp-francia-2025\/\" \/>\n<meta property=\"og:site_name\" content=\"Box Repsol\" \/>\n<meta property=\"article:publisher\" content=\"https:\/\/www.facebook.com\/BoxRepsol\" \/>\n<meta property=\"article:author\" content=\"https:\/\/www.facebook.com\/BoxRepsol\/\" \/>\n<meta property=\"article:published_time\" content=\"2025-06-01T20:17:38+00:00\" \/>\n<meta property=\"article:modified_time\" content=\"2025-07-11T10:51:31+00:00\" \/>\n<meta property=\"og:image\" content=\"https:\/\/bxrepsol.s3.eu-west-1.amazonaws.com\/static\/2025\/06\/01181023\/TrialGP25_r7_Podium_PEP09615A_ps-2-scaled-e1748808642927.jpg\" \/>\n\t<meta property=\"og:image:width\" content=\"2560\" \/>\n\t<meta property=\"og:image:height\" content=\"1280\" \/>\n\t<meta property=\"og:image:type\" content=\"image\/jpeg\" \/>\n<meta name=\"author\" content=\"Redacci\u00f3n Box Repsol\" \/>\n<meta name=\"twitter:card\" content=\"summary_large_image\" \/>\n<meta name=\"twitter:creator\" content=\"@https:\/\/twitter.com\/box_repsol\" \/>\n<meta name=\"twitter:site\" content=\"@box_repsol\" \/>\n<meta name=\"twitter:label1\" content=\"Written by\" \/>\n\t<meta name=\"twitter:data1\" content=\"Redacci\u00f3n Box Repsol\" \/>\n\t<meta name=\"twitter:label2\" content=\"Est. reading time\" \/>\n\t<meta name=\"twitter:data2\" content=\"3 minutos\" \/>\n<script type=\"application\/ld+json\" class=\"yoast-schema-graph\">{\"@context\":\"https:\\\/\\\/schema.org\",\"@graph\":[{\"@type\":\"Article\",\"@id\":\"https:\\\/\\\/www.boxrepsol.com\\\/es\\\/trial\\\/toni-bou-trialgp-francia-2025\\\/#article\",\"isPartOf\":{\"@id\":\"https:\\\/\\\/www.boxrepsol.com\\\/es\\\/trial\\\/toni-bou-trialgp-francia-2025\\\/\"},\"author\":{\"name\":\"Redacci\u00f3n Box Repsol\",\"@id\":\"https:\\\/\\\/www.boxrepsol.com\\\/es\\\/#\\\/schema\\\/person\\\/c5c2138f2cca251b0ad92b7086bb60b7\"},\"headline\":\"Toni Bou reina en C\u00f3rcega y ampl\u00eda su dominio en el TrialGP 2025\",\"datePublished\":\"2025-06-01T20:17:38+00:00\",\"dateModified\":\"2025-07-11T10:51:31+00:00\",\"mainEntityOfPage\":{\"@id\":\"https:\\\/\\\/www.boxrepsol.com\\\/es\\\/trial\\\/toni-bou-trialgp-francia-2025\\\/\"},\"wordCount\":725,\"commentCount\":0,\"publisher\":{\"@id\":\"https:\\\/\\\/www.boxrepsol.com\\\/es\\\/#organization\"},\"image\":{\"@id\":\"https:\\\/\\\/www.boxrepsol.com\\\/es\\\/trial\\\/toni-bou-trialgp-francia-2025\\\/#primaryimage\"},\"thumbnailUrl\":\"https:\\\/\\\/bxrepsol.s3.eu-west-1.amazonaws.com\\\/static\\\/2025\\\/06\\\/01181023\\\/TrialGP25_r7_Podium_PEP09615A_ps-2-scaled-e1748808642927.jpg\",\"keywords\":[\"Competici\u00f3n\"],\"articleSection\":[\"Trial\"],\"inLanguage\":\"es\",\"potentialAction\":[{\"@type\":\"CommentAction\",\"name\":\"Comment\",\"target\":[\"https:\\\/\\\/www.boxrepsol.com\\\/es\\\/trial\\\/toni-bou-trialgp-francia-2025\\\/#respond\"]}]},{\"@type\":\"WebPage\",\"@id\":\"https:\\\/\\\/www.boxrepsol.com\\\/es\\\/trial\\\/toni-bou-trialgp-francia-2025\\\/\",\"url\":\"https:\\\/\\\/www.boxrepsol.com\\\/es\\\/trial\\\/toni-bou-trialgp-francia-2025\\\/\",\"name\":\"Toni Bou arrasa en el TrialGP de Francia 2025- Box Repsol\",\"isPartOf\":{\"@id\":\"https:\\\/\\\/www.boxrepsol.com\\\/es\\\/#website\"},\"primaryImageOfPage\":{\"@id\":\"https:\\\/\\\/www.boxrepsol.com\\\/es\\\/trial\\\/toni-bou-trialgp-francia-2025\\\/#primaryimage\"},\"image\":{\"@id\":\"https:\\\/\\\/www.boxrepsol.com\\\/es\\\/trial\\\/toni-bou-trialgp-francia-2025\\\/#primaryimage\"},\"thumbnailUrl\":\"https:\\\/\\\/bxrepsol.s3.eu-west-1.amazonaws.com\\\/static\\\/2025\\\/06\\\/01181023\\\/TrialGP25_r7_Podium_PEP09615A_ps-2-scaled-e1748808642927.jpg\",\"datePublished\":\"2025-06-01T20:17:38+00:00\",\"dateModified\":\"2025-07-11T10:51:31+00:00\",\"description\":\"Toni\u202fBou afianz\u00f3 su tercera victoria consecutiva en el campeonato, mientras que Gabri\u202fMarcelli encadena tambi\u00e9n su tercer podio seguido.\",\"breadcrumb\":{\"@id\":\"https:\\\/\\\/www.boxrepsol.com\\\/es\\\/trial\\\/toni-bou-trialgp-francia-2025\\\/#breadcrumb\"},\"inLanguage\":\"es\",\"potentialAction\":[{\"@type\":\"ReadAction\",\"target\":[\"https:\\\/\\\/www.boxrepsol.com\\\/es\\\/trial\\\/toni-bou-trialgp-francia-2025\\\/\"]}]},{\"@type\":\"ImageObject\",\"inLanguage\":\"es\",\"@id\":\"https:\\\/\\\/www.boxrepsol.com\\\/es\\\/trial\\\/toni-bou-trialgp-francia-2025\\\/#primaryimage\",\"url\":\"https:\\\/\\\/bxrepsol.s3.eu-west-1.amazonaws.com\\\/static\\\/2025\\\/06\\\/01181023\\\/TrialGP25_r7_Podium_PEP09615A_ps-2-scaled-e1748808642927.jpg\",\"contentUrl\":\"https:\\\/\\\/bxrepsol.s3.eu-west-1.amazonaws.com\\\/static\\\/2025\\\/06\\\/01181023\\\/TrialGP25_r7_Podium_PEP09615A_ps-2-scaled-e1748808642927.jpg\",\"width\":2560,\"height\":1280},{\"@type\":\"BreadcrumbList\",\"@id\":\"https:\\\/\\\/www.boxrepsol.com\\\/es\\\/trial\\\/toni-bou-trialgp-francia-2025\\\/#breadcrumb\",\"itemListElement\":[{\"@type\":\"ListItem\",\"position\":1,\"name\":\"Home\",\"item\":\"https:\\\/\\\/www.boxrepsol.com\\\/es\\\/\"},{\"@type\":\"ListItem\",\"position\":2,\"name\":\"Toni Bou reina en C\u00f3rcega y ampl\u00eda su dominio en el TrialGP 2025\"}]},{\"@type\":\"WebSite\",\"@id\":\"https:\\\/\\\/www.boxrepsol.com\\\/es\\\/#website\",\"url\":\"https:\\\/\\\/www.boxrepsol.com\\\/es\\\/\",\"name\":\"Box Repsol\",\"description\":\"Box Repsol Site\",\"publisher\":{\"@id\":\"https:\\\/\\\/www.boxrepsol.com\\\/es\\\/#organization\"},\"potentialAction\":[{\"@type\":\"SearchAction\",\"target\":{\"@type\":\"EntryPoint\",\"urlTemplate\":\"https:\\\/\\\/www.boxrepsol.com\\\/es\\\/?s={search_term_string}\"},\"query-input\":{\"@type\":\"PropertyValueSpecification\",\"valueRequired\":true,\"valueName\":\"search_term_string\"}}],\"inLanguage\":\"es\"},{\"@type\":\"Organization\",\"@id\":\"https:\\\/\\\/www.boxrepsol.com\\\/es\\\/#organization\",\"name\":\"Box Repsol\",\"url\":\"https:\\\/\\\/www.boxrepsol.com\\\/es\\\/\",\"logo\":{\"@type\":\"ImageObject\",\"inLanguage\":\"es\",\"@id\":\"https:\\\/\\\/www.boxrepsol.com\\\/es\\\/#\\\/schema\\\/logo\\\/image\\\/\",\"url\":\"https:\\\/\\\/bxrepsol.s3.eu-west-1.amazonaws.com\\\/static\\\/2025\\\/07\\\/30083337\\\/favicon-96x96-1.png\",\"contentUrl\":\"https:\\\/\\\/bxrepsol.s3.eu-west-1.amazonaws.com\\\/static\\\/2025\\\/07\\\/30083337\\\/favicon-96x96-1.png\",\"width\":96,\"height\":96,\"caption\":\"Box Repsol\"},\"image\":{\"@id\":\"https:\\\/\\\/www.boxrepsol.com\\\/es\\\/#\\\/schema\\\/logo\\\/image\\\/\"},\"sameAs\":[\"https:\\\/\\\/www.facebook.com\\\/BoxRepsol\",\"https:\\\/\\\/x.com\\\/box_repsol\",\"http:\\\/\\\/instagram.com\\\/box_repsol\",\"https:\\\/\\\/www.youtube.com\\\/user\\\/RepsolCompeticion\",\"https:\\\/\\\/www.flickr.com\\\/photos\\\/box_repsol\\\/\"]},{\"@type\":\"Person\",\"@id\":\"https:\\\/\\\/www.boxrepsol.com\\\/es\\\/#\\\/schema\\\/person\\\/c5c2138f2cca251b0ad92b7086bb60b7\",\"name\":\"Redacci\u00f3n Box Repsol\",\"image\":{\"@type\":\"ImageObject\",\"inLanguage\":\"es\",\"@id\":\"https:\\\/\\\/secure.gravatar.com\\\/avatar\\\/adf7b77e38b4419baf32c7e9c21dde01f4e40df611f0978e3006fc4ba0aaab7e?s=96&d=mm&r=g\",\"url\":\"https:\\\/\\\/secure.gravatar.com\\\/avatar\\\/adf7b77e38b4419baf32c7e9c21dde01f4e40df611f0978e3006fc4ba0aaab7e?s=96&d=mm&r=g\",\"contentUrl\":\"https:\\\/\\\/secure.gravatar.com\\\/avatar\\\/adf7b77e38b4419baf32c7e9c21dde01f4e40df611f0978e3006fc4ba0aaab7e?s=96&d=mm&r=g\",\"caption\":\"Redacci\u00f3n Box Repsol\"},\"description\":\"Box Repsol lo forma un equipo de periodistas, community managers, dise\u00f1adores y fot\u00f3grafos con m\u00e1s de 20 a\u00f1os de experiencia en el mundo del motorsport. Hemos vivido el primer mundial de un espa\u00f1ol en la categor\u00eda reina de motociclismo con \u00c1lex Crivill\u00e9, estuvimos en las victorias de Pedrosa y los t\u00edtulos de M\u00e1rquez, acompa\u00f1amos en \u00c1frica a Nani Roma y Marc Coma en sus conquistas del Dakar y hemos vibrado con los t\u00edtulos de Toni Bou en Trial. Adem\u00e1s, en nuestro equipo contamos con expertos en el mundo de las dos y cuatro ruedas tanto de la calle y las carreteras, como de los circuitos. Periodistas que han trabajado en revistas y publicaciones para hacerte llegar desde rutas y consejos de mantenimiento, a curiosidades y trucos de pilotaje.\",\"sameAs\":[\"https:\\\/\\\/www.facebook.com\\\/BoxRepsol\\\/\",\"https:\\\/\\\/www.instagram.com\\\/box_repsol\\\/\",\"https:\\\/\\\/x.com\\\/https:\\\/\\\/twitter.com\\\/box_repsol\",\"https:\\\/\\\/www.youtube.com\\\/@Boxrepsol\"],\"url\":\"https:\\\/\\\/www.boxrepsol.com\\\/es\\\/author\\\/redaccion-box-repsol\\\/\"}]}<\/script>\n<!-- \/ Yoast SEO plugin. -->","yoast_head_json":{"title":"Toni Bou arrasa en el TrialGP de Francia 2025- Box Repsol","description":"Toni\u202fBou afianz\u00f3 su tercera victoria consecutiva en el campeonato, mientras que Gabri\u202fMarcelli encadena tambi\u00e9n su tercer podio seguido.","canonical":"https:\/\/www.boxrepsol.com\/es\/trial\/toni-bou-trialgp-francia-2025\/","og_locale":"es_ES","og_type":"article","og_title":"Toni Bou arrasa en el TrialGP de Francia 2025- Box Repsol","og_description":"Toni\u202fBou afianz\u00f3 su tercera victoria consecutiva en el campeonato, mientras que Gabri\u202fMarcelli encadena tambi\u00e9n su tercer podio seguido.","og_url":"https:\/\/www.boxrepsol.com\/es\/trial\/toni-bou-trialgp-francia-2025\/","og_site_name":"Box Repsol","article_publisher":"https:\/\/www.facebook.com\/BoxRepsol","article_author":"https:\/\/www.facebook.com\/BoxRepsol\/","article_published_time":"2025-06-01T20:17:38+00:00","article_modified_time":"2025-07-11T10:51:31+00:00","og_image":[{"width":2560,"height":1280,"url":"https:\/\/bxrepsol.s3.eu-west-1.amazonaws.com\/static\/2025\/06\/01181023\/TrialGP25_r7_Podium_PEP09615A_ps-2-scaled-e1748808642927.jpg","type":"image\/jpeg"}],"author":"Redacci\u00f3n Box Repsol","twitter_card":"summary_large_image","twitter_creator":"@https:\/\/twitter.com\/box_repsol","twitter_site":"@box_repsol","twitter_misc":{"Written by":"Redacci\u00f3n Box Repsol","Est. reading time":"3 minutos"},"schema":{"@context":"https:\/\/schema.org","@graph":[{"@type":"Article","@id":"https:\/\/www.boxrepsol.com\/es\/trial\/toni-bou-trialgp-francia-2025\/#article","isPartOf":{"@id":"https:\/\/www.boxrepsol.com\/es\/trial\/toni-bou-trialgp-francia-2025\/"},"author":{"name":"Redacci\u00f3n Box Repsol","@id":"https:\/\/www.boxrepsol.com\/es\/#\/schema\/person\/c5c2138f2cca251b0ad92b7086bb60b7"},"headline":"Toni Bou reina en C\u00f3rcega y ampl\u00eda su dominio en el TrialGP 2025","datePublished":"2025-06-01T20:17:38+00:00","dateModified":"2025-07-11T10:51:31+00:00","mainEntityOfPage":{"@id":"https:\/\/www.boxrepsol.com\/es\/trial\/toni-bou-trialgp-francia-2025\/"},"wordCount":725,"commentCount":0,"publisher":{"@id":"https:\/\/www.boxrepsol.com\/es\/#organization"},"image":{"@id":"https:\/\/www.boxrepsol.com\/es\/trial\/toni-bou-trialgp-francia-2025\/#primaryimage"},"thumbnailUrl":"https:\/\/bxrepsol.s3.eu-west-1.amazonaws.com\/static\/2025\/06\/01181023\/TrialGP25_r7_Podium_PEP09615A_ps-2-scaled-e1748808642927.jpg","keywords":["Competici\u00f3n"],"articleSection":["Trial"],"inLanguage":"es","potentialAction":[{"@type":"CommentAction","name":"Comment","target":["https:\/\/www.boxrepsol.com\/es\/trial\/toni-bou-trialgp-francia-2025\/#respond"]}]},{"@type":"WebPage","@id":"https:\/\/www.boxrepsol.com\/es\/trial\/toni-bou-trialgp-francia-2025\/","url":"https:\/\/www.boxrepsol.com\/es\/trial\/toni-bou-trialgp-francia-2025\/","name":"Toni Bou arrasa en el TrialGP de Francia 2025- Box Repsol","isPartOf":{"@id":"https:\/\/www.boxrepsol.com\/es\/#website"},"primaryImageOfPage":{"@id":"https:\/\/www.boxrepsol.com\/es\/trial\/toni-bou-trialgp-francia-2025\/#primaryimage"},"image":{"@id":"https:\/\/www.boxrepsol.com\/es\/trial\/toni-bou-trialgp-francia-2025\/#primaryimage"},"thumbnailUrl":"https:\/\/bxrepsol.s3.eu-west-1.amazonaws.com\/static\/2025\/06\/01181023\/TrialGP25_r7_Podium_PEP09615A_ps-2-scaled-e1748808642927.jpg","datePublished":"2025-06-01T20:17:38+00:00","dateModified":"2025-07-11T10:51:31+00:00","description":"Toni\u202fBou afianz\u00f3 su tercera victoria consecutiva en el campeonato, mientras que Gabri\u202fMarcelli encadena tambi\u00e9n su tercer podio seguido.","breadcrumb":{"@id":"https:\/\/www.boxrepsol.com\/es\/trial\/toni-bou-trialgp-francia-2025\/#breadcrumb"},"inLanguage":"es","potentialAction":[{"@type":"ReadAction","target":["https:\/\/www.boxrepsol.com\/es\/trial\/toni-bou-trialgp-francia-2025\/"]}]},{"@type":"ImageObject","inLanguage":"es","@id":"https:\/\/www.boxrepsol.com\/es\/trial\/toni-bou-trialgp-francia-2025\/#primaryimage","url":"https:\/\/bxrepsol.s3.eu-west-1.amazonaws.com\/static\/2025\/06\/01181023\/TrialGP25_r7_Podium_PEP09615A_ps-2-scaled-e1748808642927.jpg","contentUrl":"https:\/\/bxrepsol.s3.eu-west-1.amazonaws.com\/static\/2025\/06\/01181023\/TrialGP25_r7_Podium_PEP09615A_ps-2-scaled-e1748808642927.jpg","width":2560,"height":1280},{"@type":"BreadcrumbList","@id":"https:\/\/www.boxrepsol.com\/es\/trial\/toni-bou-trialgp-francia-2025\/#breadcrumb","itemListElement":[{"@type":"ListItem","position":1,"name":"Home","item":"https:\/\/www.boxrepsol.com\/es\/"},{"@type":"ListItem","position":2,"name":"Toni Bou reina en C\u00f3rcega y ampl\u00eda su dominio en el TrialGP 2025"}]},{"@type":"WebSite","@id":"https:\/\/www.boxrepsol.com\/es\/#website","url":"https:\/\/www.boxrepsol.com\/es\/","name":"Box Repsol","description":"Box Repsol Site","publisher":{"@id":"https:\/\/www.boxrepsol.com\/es\/#organization"},"potentialAction":[{"@type":"SearchAction","target":{"@type":"EntryPoint","urlTemplate":"https:\/\/www.boxrepsol.com\/es\/?s={search_term_string}"},"query-input":{"@type":"PropertyValueSpecification","valueRequired":true,"valueName":"search_term_string"}}],"inLanguage":"es"},{"@type":"Organization","@id":"https:\/\/www.boxrepsol.com\/es\/#organization","name":"Box Repsol","url":"https:\/\/www.boxrepsol.com\/es\/","logo":{"@type":"ImageObject","inLanguage":"es","@id":"https:\/\/www.boxrepsol.com\/es\/#\/schema\/logo\/image\/","url":"https:\/\/bxrepsol.s3.eu-west-1.amazonaws.com\/static\/2025\/07\/30083337\/favicon-96x96-1.png","contentUrl":"https:\/\/bxrepsol.s3.eu-west-1.amazonaws.com\/static\/2025\/07\/30083337\/favicon-96x96-1.png","width":96,"height":96,"caption":"Box Repsol"},"image":{"@id":"https:\/\/www.boxrepsol.com\/es\/#\/schema\/logo\/image\/"},"sameAs":["https:\/\/www.facebook.com\/BoxRepsol","https:\/\/x.com\/box_repsol","http:\/\/instagram.com\/box_repsol","https:\/\/www.youtube.com\/user\/RepsolCompeticion","https:\/\/www.flickr.com\/photos\/box_repsol\/"]},{"@type":"Person","@id":"https:\/\/www.boxrepsol.com\/es\/#\/schema\/person\/c5c2138f2cca251b0ad92b7086bb60b7","name":"Redacci\u00f3n Box Repsol","image":{"@type":"ImageObject","inLanguage":"es","@id":"https:\/\/secure.gravatar.com\/avatar\/adf7b77e38b4419baf32c7e9c21dde01f4e40df611f0978e3006fc4ba0aaab7e?s=96&d=mm&r=g","url":"https:\/\/secure.gravatar.com\/avatar\/adf7b77e38b4419baf32c7e9c21dde01f4e40df611f0978e3006fc4ba0aaab7e?s=96&d=mm&r=g","contentUrl":"https:\/\/secure.gravatar.com\/avatar\/adf7b77e38b4419baf32c7e9c21dde01f4e40df611f0978e3006fc4ba0aaab7e?s=96&d=mm&r=g","caption":"Redacci\u00f3n Box Repsol"},"description":"Box Repsol lo forma un equipo de periodistas, community managers, dise\u00f1adores y fot\u00f3grafos con m\u00e1s de 20 a\u00f1os de experiencia en el mundo del motorsport. Hemos vivido el primer mundial de un espa\u00f1ol en la categor\u00eda reina de motociclismo con \u00c1lex Crivill\u00e9, estuvimos en las victorias de Pedrosa y los t\u00edtulos de M\u00e1rquez, acompa\u00f1amos en \u00c1frica a Nani Roma y Marc Coma en sus conquistas del Dakar y hemos vibrado con los t\u00edtulos de Toni Bou en Trial. Adem\u00e1s, en nuestro equipo contamos con expertos en el mundo de las dos y cuatro ruedas tanto de la calle y las carreteras, como de los circuitos. Periodistas que han trabajado en revistas y publicaciones para hacerte llegar desde rutas y consejos de mantenimiento, a curiosidades y trucos de pilotaje.","sameAs":["https:\/\/www.facebook.com\/BoxRepsol\/","https:\/\/www.instagram.com\/box_repsol\/","https:\/\/x.com\/https:\/\/twitter.com\/box_repsol","https:\/\/www.youtube.com\/@Boxrepsol"],"url":"https:\/\/www.boxrepsol.com\/es\/author\/redaccion-box-repsol\/"}]}},"_links":{"self":[{"href":"https:\/\/www.boxrepsol.com\/es\/wp-json\/wp\/v2\/posts\/125867","targetHints":{"allow":["GET"]}}],"collection":[{"href":"https:\/\/www.boxrepsol.com\/es\/wp-json\/wp\/v2\/posts"}],"about":[{"href":"https:\/\/www.boxrepsol.com\/es\/wp-json\/wp\/v2\/types\/post"}],"author":[{"embeddable":true,"href":"https:\/\/www.boxrepsol.com\/es\/wp-json\/wp\/v2\/users\/43146"}],"replies":[{"embeddable":true,"href":"https:\/\/www.boxrepsol.com\/es\/wp-json\/wp\/v2\/comments?post=125867"}],"version-history":[{"count":3,"href":"https:\/\/www.boxrepsol.com\/es\/wp-json\/wp\/v2\/posts\/125867\/revisions"}],"predecessor-version":[{"id":125888,"href":"https:\/\/www.boxrepsol.com\/es\/wp-json\/wp\/v2\/posts\/125867\/revisions\/125888"}],"wp:featuredmedia":[{"embeddable":true,"href":"https:\/\/www.boxrepsol.com\/es\/wp-json\/wp\/v2\/media\/125870"}],"wp:attachment":[{"href":"https:\/\/www.boxrepsol.com\/es\/wp-json\/wp\/v2\/media?parent=125867"}],"wp:term":[{"taxonomy":"category","embeddable":true,"href":"https:\/\/www.boxrepsol.com\/es\/wp-json\/wp\/v2\/categories?post=125867"},{"taxonomy":"post_tag","embeddable":true,"href":"https:\/\/www.boxrepsol.com\/es\/wp-json\/wp\/v2\/tags?post=125867"}],"curies":[{"name":"wp","href":"https:\/\/api.w.org\/{rel}","templated":true}]}}