{"id":125652,"date":"2025-05-24T11:33:51","date_gmt":"2025-05-24T13:33:51","guid":{"rendered":"https:\/\/www.boxrepsol.com\/?p=125652"},"modified":"2025-05-29T13:13:27","modified_gmt":"2025-05-29T15:13:27","slug":"los-combustibles-renovables-suben-a-lo-mas-alto-del-podio-en-sudafrica","status":"publish","type":"post","link":"https:\/\/www.boxrepsol.com\/es\/rally\/los-combustibles-renovables-suben-a-lo-mas-alto-del-podio-en-sudafrica\/","title":{"rendered":"Los combustibles renovables suben a lo m\u00e1s alto del podio en Sud\u00e1frica"},"content":{"rendered":"<figure class=\"wp-block-post-featured-image\"><img loading=\"lazy\" decoding=\"async\" width=\"2560\" height=\"1706\" src=\"https:\/\/bxrepsol.s3.eu-west-1.amazonaws.com\/static\/2025\/05\/24112906\/STO08176-scaled.jpg\" class=\"attachment-post-thumbnail size-post-thumbnail wp-post-image\" alt=\"\" style=\"object-fit:cover;\" srcset=\"https:\/\/bxrepsol.s3.eu-west-1.amazonaws.com\/static\/2025\/05\/24112906\/STO08176-scaled.jpg 2560w, https:\/\/bxrepsol.s3.eu-west-1.amazonaws.com\/static\/2025\/05\/24112906\/STO08176-300x200.jpg 300w, https:\/\/bxrepsol.s3.eu-west-1.amazonaws.com\/static\/2025\/05\/24112906\/STO08176-1024x683.jpg 1024w, https:\/\/bxrepsol.s3.eu-west-1.amazonaws.com\/static\/2025\/05\/24112906\/STO08176-768x512.jpg 768w, https:\/\/bxrepsol.s3.eu-west-1.amazonaws.com\/static\/2025\/05\/24112906\/STO08176-1536x1024.jpg 1536w, https:\/\/bxrepsol.s3.eu-west-1.amazonaws.com\/static\/2025\/05\/24112906\/STO08176-2048x1365.jpg 2048w\" sizes=\"auto, (max-width: 2560px) 100vw, 2560px\" \/><\/figure>\n\n\n<p><strong>Henk Lategan<\/strong> y su Toyota GR Hilux EVO<strong> <\/strong>propulsado por <strong><a href=\"https:\/\/www.boxrepsol.com\/es\/combustibles-renovables\/combustibles-renovables-repsol-competicion\/\">combustible renovable Repsol<\/a> <\/strong>se han estrenado con broche de oro<strong> <\/strong>con los colores Repsol. El piloto local consigui\u00f3 la victoria en la primera etapa y no se baj\u00f3 del Top 3 de la general en todo el rally. Su Toyota llegaba a la \u00faltima etapa separado por tan solo 30 segundos del segundo y tercer clasificado, pero una buena actuaci\u00f3n en el sprint final le ha otorgado la <strong>gran victoria<\/strong>. Pero en el podio no ha estado solo, porque su compa\u00f1ero de equipo <strong>Lucas Moraes<\/strong> ha conseguido el <strong>tercer esca\u00f1o<\/strong>. El brasile\u00f1o se ha mantenido muy regular durante todo el rally y eso le ha permitido subirse al podio tras conseguir una segunda posici\u00f3n en la \u00faltima etapa. <\/p>\n\n\n\n<div id=\"16859747-9c79-48eb-9677-f487c4f9a4ea\" class=\"br-slider-box\"><div class=\"wp-block-create-block-repsol-carousel br-slider\"><a target=\"_blank\" href=\"https:\/\/bxrepsol.s3.eu-west-1.amazonaws.com\/static\/2025\/05\/24113341\/SouthAfricanSafaryRally2025_fotSimonBauchau_250520-6-2-scaled.jpg\" data-index=\"0\" rel=\"noopener\"><img decoding=\"async\" src=\"https:\/\/bxrepsol.s3.eu-west-1.amazonaws.com\/static\/2025\/05\/24113341\/SouthAfricanSafaryRally2025_fotSimonBauchau_250520-6-2-scaled.jpg\"\/><\/a><a target=\"_blank\" href=\"https:\/\/bxrepsol.s3.eu-west-1.amazonaws.com\/static\/2025\/05\/24113345\/SouthAfricanSafaryRally2025_fotSimonBauchau_250522-9-2-scaled.jpg\" data-index=\"1\" rel=\"noopener\"><img decoding=\"async\" src=\"https:\/\/bxrepsol.s3.eu-west-1.amazonaws.com\/static\/2025\/05\/24113345\/SouthAfricanSafaryRally2025_fotSimonBauchau_250522-9-2-scaled.jpg\"\/><\/a><a target=\"_blank\" href=\"https:\/\/bxrepsol.s3.eu-west-1.amazonaws.com\/static\/2025\/05\/24113349\/SouthAfricanSafaryRally2025_fotSimonBauchau_250523-16-2-scaled.jpg\" data-index=\"2\" rel=\"noopener\"><img decoding=\"async\" src=\"https:\/\/bxrepsol.s3.eu-west-1.amazonaws.com\/static\/2025\/05\/24113349\/SouthAfricanSafaryRally2025_fotSimonBauchau_250523-16-2-scaled.jpg\"\/><\/a><a target=\"_blank\" href=\"https:\/\/bxrepsol.s3.eu-west-1.amazonaws.com\/static\/2025\/05\/24113354\/SouthAfricanSafaryRally2025_fotSimonBauchau_250523-23-2-scaled.jpg\" data-index=\"3\" rel=\"noopener\"><img decoding=\"async\" src=\"https:\/\/bxrepsol.s3.eu-west-1.amazonaws.com\/static\/2025\/05\/24113354\/SouthAfricanSafaryRally2025_fotSimonBauchau_250523-23-2-scaled.jpg\"\/><\/a><a target=\"_blank\" href=\"https:\/\/bxrepsol.s3.eu-west-1.amazonaws.com\/static\/2025\/05\/24113359\/STO01216_1-2-scaled.jpg\" data-index=\"4\" rel=\"noopener\"><img decoding=\"async\" src=\"https:\/\/bxrepsol.s3.eu-west-1.amazonaws.com\/static\/2025\/05\/24113359\/STO01216_1-2-scaled.jpg\"\/><\/a><a target=\"_blank\" href=\"https:\/\/bxrepsol.s3.eu-west-1.amazonaws.com\/static\/2025\/05\/24113404\/STO08414-1-scaled.jpg\" data-index=\"5\" rel=\"noopener\"><img decoding=\"async\" src=\"https:\/\/bxrepsol.s3.eu-west-1.amazonaws.com\/static\/2025\/05\/24113404\/STO08414-1-scaled.jpg\"\/><\/a><a target=\"_blank\" href=\"https:\/\/bxrepsol.s3.eu-west-1.amazonaws.com\/static\/2025\/05\/24113410\/STO08103-scaled.jpg\" data-index=\"6\" rel=\"noopener\"><img decoding=\"async\" src=\"https:\/\/bxrepsol.s3.eu-west-1.amazonaws.com\/static\/2025\/05\/24113410\/STO08103-scaled.jpg\"\/><\/a><\/div><div class=\"br-slider-buttons\"><button class=\"arrow rds-icon arrow--left rds-icon-Arrow_left\"><\/button><button class=\"arrow rds-icon arrow--right rds-icon-Arrow_right\"><\/button><\/div><\/div>\n\n\n\n<p>Despu\u00e9s de una muy buena actuaci\u00f3n de <strong>Seth Quintero<\/strong> durante toda la competici\u00f3n, su Toyota tan solo ha conseguido ser <strong>sexto<\/strong>. A pesar de ello, el piloto americano se ha mantenido constante dentro del Top 5 de la general durante todo el rally, llegando a colocarse l\u00edder tras la etapa 2. Un muy buen indicio del potencial de su Toyota. Pero quien no ha tenido buena suerte ha sido el Mini de <strong>Joao Ferreira<\/strong>, quien no pudo finalizar la etapa marat\u00f3n por problemas en su coche y abandon\u00f3 la competici\u00f3n.<\/p>\n\n\n\n<p>Las condiciones m\u00e1s extremas merecen nuestro combustible m\u00e1s avanzado. \u00a1Enhorabuena equipo por el buen trabajo y el gran resultado!<\/p>\n\n\n\n<div id=\"c7b7cd23-17ff-49cd-9d1a-461f78946717\" class=\"br-slider-box\"><div class=\"wp-block-create-block-repsol-carousel br-slider\"><a target=\"_blank\" href=\"https:\/\/bxrepsol.s3.eu-west-1.amazonaws.com\/static\/2025\/05\/24123454\/11.png\" data-index=\"0\" rel=\"noopener\"><img decoding=\"async\" src=\"https:\/\/bxrepsol.s3.eu-west-1.amazonaws.com\/static\/2025\/05\/24123454\/11.png\"\/><\/a><a target=\"_blank\" href=\"https:\/\/bxrepsol.s3.eu-west-1.amazonaws.com\/static\/2025\/05\/24123457\/12.png\" data-index=\"1\" rel=\"noopener\"><img decoding=\"async\" src=\"https:\/\/bxrepsol.s3.eu-west-1.amazonaws.com\/static\/2025\/05\/24123457\/12.png\"\/><\/a><a target=\"_blank\" href=\"https:\/\/bxrepsol.s3.eu-west-1.amazonaws.com\/static\/2025\/05\/24123459\/13.png\" data-index=\"2\" rel=\"noopener\"><img decoding=\"async\" src=\"https:\/\/bxrepsol.s3.eu-west-1.amazonaws.com\/static\/2025\/05\/24123459\/13.png\"\/><\/a><a target=\"_blank\" href=\"https:\/\/bxrepsol.s3.eu-west-1.amazonaws.com\/static\/2025\/05\/24123035\/0Q3A6910-2-scaled.jpg\" data-index=\"3\" rel=\"noopener\"><img decoding=\"async\" src=\"https:\/\/bxrepsol.s3.eu-west-1.amazonaws.com\/static\/2025\/05\/24123035\/0Q3A6910-2-scaled.jpg\"\/><\/a><a target=\"_blank\" href=\"https:\/\/bxrepsol.s3.eu-west-1.amazonaws.com\/static\/2025\/05\/24123018\/SouthAfricanSafaryRally2025_fotSimonBauchau_250522-13-2-scaled.jpg\" data-index=\"4\" rel=\"noopener\"><img decoding=\"async\" src=\"https:\/\/bxrepsol.s3.eu-west-1.amazonaws.com\/static\/2025\/05\/24123018\/SouthAfricanSafaryRally2025_fotSimonBauchau_250522-13-2-scaled.jpg\"\/><\/a><a target=\"_blank\" href=\"https:\/\/bxrepsol.s3.eu-west-1.amazonaws.com\/static\/2025\/05\/24123009\/TB_250523_SafariRally_1953-1-scaled.jpg\" data-index=\"5\" rel=\"noopener\"><img decoding=\"async\" src=\"https:\/\/bxrepsol.s3.eu-west-1.amazonaws.com\/static\/2025\/05\/24123009\/TB_250523_SafariRally_1953-1-scaled.jpg\"\/><\/a><\/div><div class=\"br-slider-buttons\"><button class=\"arrow rds-icon arrow--left rds-icon-Arrow_left\"><\/button><button class=\"arrow rds-icon arrow--right rds-icon-Arrow_right\"><\/button><\/div><\/div>\n","protected":false},"excerpt":{"rendered":"<p>El equipo Repsol ha conseguido un impresionante resultado en la segunda cita del Mundial de Rally Raids disputada en el Rally de Sud\u00e1frica, con la victoria de Lategan y el tercer caj\u00f3n del podio para Moraes. Seth Quintero se ha quedado a las puertas del podio y Joao Ferreira, desgraciadamente, tuvo que abandonar el rally en la etapa marat\u00f3n.<\/p>\n","protected":false},"author":43146,"featured_media":125658,"comment_status":"open","ping_status":"closed","sticky":false,"template":"","format":"standard","meta":{"footnotes":""},"categories":[27],"tags":[341,579],"class_list":["post-125652","post","type-post","status-publish","format-standard","hentry","category-rally","tag-rally","tag-w2rc"],"yoast_head":"<!-- This site is optimized with the Yoast SEO plugin v27.3 - https:\/\/yoast.com\/product\/yoast-seo-wordpress\/ -->\n<title>Los combustibles renovables suben a lo m\u00e1s alto del podio en Sud\u00e1frica - Box Repsol<\/title>\n<meta name=\"description\" content=\"Henk Lategan consigue la victoria del Rally Raid de Sud\u00e1frica con su Toyota, propulsado por combustibles renovables Repsol.\" \/>\n<link rel=\"canonical\" href=\"https:\/\/www.boxrepsol.com\/es\/rally\/los-combustibles-renovables-suben-a-lo-mas-alto-del-podio-en-sudafrica\/\" \/>\n<meta property=\"og:locale\" content=\"es_ES\" \/>\n<meta property=\"og:type\" content=\"article\" \/>\n<meta property=\"og:title\" content=\"Los combustibles renovables suben a lo m\u00e1s alto del podio en Sud\u00e1frica - Box Repsol\" \/>\n<meta property=\"og:description\" content=\"Henk Lategan consigue la victoria del Rally Raid de Sud\u00e1frica con su Toyota, propulsado por combustibles renovables Repsol.\" \/>\n<meta property=\"og:url\" content=\"https:\/\/www.boxrepsol.com\/es\/rally\/los-combustibles-renovables-suben-a-lo-mas-alto-del-podio-en-sudafrica\/\" \/>\n<meta property=\"og:site_name\" content=\"Box Repsol\" \/>\n<meta property=\"article:publisher\" content=\"https:\/\/www.facebook.com\/BoxRepsol\" \/>\n<meta property=\"article:author\" content=\"https:\/\/www.facebook.com\/BoxRepsol\/\" \/>\n<meta property=\"article:published_time\" content=\"2025-05-24T13:33:51+00:00\" \/>\n<meta property=\"article:modified_time\" content=\"2025-05-29T15:13:27+00:00\" \/>\n<meta property=\"og:image\" content=\"https:\/\/bxrepsol.s3.eu-west-1.amazonaws.com\/static\/2025\/05\/24112906\/STO08176-scaled.jpg\" \/>\n\t<meta property=\"og:image:width\" content=\"2560\" \/>\n\t<meta property=\"og:image:height\" content=\"1706\" \/>\n\t<meta property=\"og:image:type\" content=\"image\/jpeg\" \/>\n<meta name=\"author\" content=\"Redacci\u00f3n Box Repsol\" \/>\n<meta name=\"twitter:card\" content=\"summary_large_image\" \/>\n<meta name=\"twitter:creator\" content=\"@https:\/\/twitter.com\/box_repsol\" \/>\n<meta name=\"twitter:site\" content=\"@box_repsol\" \/>\n<meta name=\"twitter:label1\" content=\"Written by\" \/>\n\t<meta name=\"twitter:data1\" content=\"Redacci\u00f3n Box Repsol\" \/>\n\t<meta name=\"twitter:label2\" content=\"Est. reading time\" \/>\n\t<meta name=\"twitter:data2\" content=\"1 minuto\" \/>\n<script type=\"application\/ld+json\" class=\"yoast-schema-graph\">{\"@context\":\"https:\\\/\\\/schema.org\",\"@graph\":[{\"@type\":\"Article\",\"@id\":\"https:\\\/\\\/www.boxrepsol.com\\\/es\\\/rally\\\/los-combustibles-renovables-suben-a-lo-mas-alto-del-podio-en-sudafrica\\\/#article\",\"isPartOf\":{\"@id\":\"https:\\\/\\\/www.boxrepsol.com\\\/es\\\/rally\\\/los-combustibles-renovables-suben-a-lo-mas-alto-del-podio-en-sudafrica\\\/\"},\"author\":{\"name\":\"Redacci\u00f3n Box Repsol\",\"@id\":\"https:\\\/\\\/www.boxrepsol.com\\\/es\\\/#\\\/schema\\\/person\\\/c5c2138f2cca251b0ad92b7086bb60b7\"},\"headline\":\"Los combustibles renovables suben a lo m\u00e1s alto del podio en Sud\u00e1frica\",\"datePublished\":\"2025-05-24T13:33:51+00:00\",\"dateModified\":\"2025-05-29T15:13:27+00:00\",\"mainEntityOfPage\":{\"@id\":\"https:\\\/\\\/www.boxrepsol.com\\\/es\\\/rally\\\/los-combustibles-renovables-suben-a-lo-mas-alto-del-podio-en-sudafrica\\\/\"},\"wordCount\":260,\"commentCount\":2,\"publisher\":{\"@id\":\"https:\\\/\\\/www.boxrepsol.com\\\/es\\\/#organization\"},\"image\":{\"@id\":\"https:\\\/\\\/www.boxrepsol.com\\\/es\\\/rally\\\/los-combustibles-renovables-suben-a-lo-mas-alto-del-podio-en-sudafrica\\\/#primaryimage\"},\"thumbnailUrl\":\"https:\\\/\\\/bxrepsol.s3.eu-west-1.amazonaws.com\\\/static\\\/2025\\\/05\\\/24112906\\\/STO08176-scaled.jpg\",\"keywords\":[\"RaLLY\",\"W2RC\"],\"articleSection\":[\"Rally\"],\"inLanguage\":\"es\",\"potentialAction\":[{\"@type\":\"CommentAction\",\"name\":\"Comment\",\"target\":[\"https:\\\/\\\/www.boxrepsol.com\\\/es\\\/rally\\\/los-combustibles-renovables-suben-a-lo-mas-alto-del-podio-en-sudafrica\\\/#respond\"]}]},{\"@type\":\"WebPage\",\"@id\":\"https:\\\/\\\/www.boxrepsol.com\\\/es\\\/rally\\\/los-combustibles-renovables-suben-a-lo-mas-alto-del-podio-en-sudafrica\\\/\",\"url\":\"https:\\\/\\\/www.boxrepsol.com\\\/es\\\/rally\\\/los-combustibles-renovables-suben-a-lo-mas-alto-del-podio-en-sudafrica\\\/\",\"name\":\"Los combustibles renovables suben a lo m\u00e1s alto del podio en Sud\u00e1frica - Box Repsol\",\"isPartOf\":{\"@id\":\"https:\\\/\\\/www.boxrepsol.com\\\/es\\\/#website\"},\"primaryImageOfPage\":{\"@id\":\"https:\\\/\\\/www.boxrepsol.com\\\/es\\\/rally\\\/los-combustibles-renovables-suben-a-lo-mas-alto-del-podio-en-sudafrica\\\/#primaryimage\"},\"image\":{\"@id\":\"https:\\\/\\\/www.boxrepsol.com\\\/es\\\/rally\\\/los-combustibles-renovables-suben-a-lo-mas-alto-del-podio-en-sudafrica\\\/#primaryimage\"},\"thumbnailUrl\":\"https:\\\/\\\/bxrepsol.s3.eu-west-1.amazonaws.com\\\/static\\\/2025\\\/05\\\/24112906\\\/STO08176-scaled.jpg\",\"datePublished\":\"2025-05-24T13:33:51+00:00\",\"dateModified\":\"2025-05-29T15:13:27+00:00\",\"description\":\"Henk Lategan consigue la victoria del Rally Raid de Sud\u00e1frica con su Toyota, propulsado por combustibles renovables Repsol.\",\"breadcrumb\":{\"@id\":\"https:\\\/\\\/www.boxrepsol.com\\\/es\\\/rally\\\/los-combustibles-renovables-suben-a-lo-mas-alto-del-podio-en-sudafrica\\\/#breadcrumb\"},\"inLanguage\":\"es\",\"potentialAction\":[{\"@type\":\"ReadAction\",\"target\":[\"https:\\\/\\\/www.boxrepsol.com\\\/es\\\/rally\\\/los-combustibles-renovables-suben-a-lo-mas-alto-del-podio-en-sudafrica\\\/\"]}]},{\"@type\":\"ImageObject\",\"inLanguage\":\"es\",\"@id\":\"https:\\\/\\\/www.boxrepsol.com\\\/es\\\/rally\\\/los-combustibles-renovables-suben-a-lo-mas-alto-del-podio-en-sudafrica\\\/#primaryimage\",\"url\":\"https:\\\/\\\/bxrepsol.s3.eu-west-1.amazonaws.com\\\/static\\\/2025\\\/05\\\/24112906\\\/STO08176-scaled.jpg\",\"contentUrl\":\"https:\\\/\\\/bxrepsol.s3.eu-west-1.amazonaws.com\\\/static\\\/2025\\\/05\\\/24112906\\\/STO08176-scaled.jpg\",\"width\":2560,\"height\":1706},{\"@type\":\"BreadcrumbList\",\"@id\":\"https:\\\/\\\/www.boxrepsol.com\\\/es\\\/rally\\\/los-combustibles-renovables-suben-a-lo-mas-alto-del-podio-en-sudafrica\\\/#breadcrumb\",\"itemListElement\":[{\"@type\":\"ListItem\",\"position\":1,\"name\":\"Home\",\"item\":\"https:\\\/\\\/www.boxrepsol.com\\\/es\\\/\"},{\"@type\":\"ListItem\",\"position\":2,\"name\":\"Los combustibles renovables suben a lo m\u00e1s alto del podio en Sud\u00e1frica\"}]},{\"@type\":\"WebSite\",\"@id\":\"https:\\\/\\\/www.boxrepsol.com\\\/es\\\/#website\",\"url\":\"https:\\\/\\\/www.boxrepsol.com\\\/es\\\/\",\"name\":\"Box Repsol\",\"description\":\"Box Repsol Site\",\"publisher\":{\"@id\":\"https:\\\/\\\/www.boxrepsol.com\\\/es\\\/#organization\"},\"potentialAction\":[{\"@type\":\"SearchAction\",\"target\":{\"@type\":\"EntryPoint\",\"urlTemplate\":\"https:\\\/\\\/www.boxrepsol.com\\\/es\\\/?s={search_term_string}\"},\"query-input\":{\"@type\":\"PropertyValueSpecification\",\"valueRequired\":true,\"valueName\":\"search_term_string\"}}],\"inLanguage\":\"es\"},{\"@type\":\"Organization\",\"@id\":\"https:\\\/\\\/www.boxrepsol.com\\\/es\\\/#organization\",\"name\":\"Box Repsol\",\"url\":\"https:\\\/\\\/www.boxrepsol.com\\\/es\\\/\",\"logo\":{\"@type\":\"ImageObject\",\"inLanguage\":\"es\",\"@id\":\"https:\\\/\\\/www.boxrepsol.com\\\/es\\\/#\\\/schema\\\/logo\\\/image\\\/\",\"url\":\"https:\\\/\\\/bxrepsol.s3.eu-west-1.amazonaws.com\\\/static\\\/2025\\\/07\\\/30083337\\\/favicon-96x96-1.png\",\"contentUrl\":\"https:\\\/\\\/bxrepsol.s3.eu-west-1.amazonaws.com\\\/static\\\/2025\\\/07\\\/30083337\\\/favicon-96x96-1.png\",\"width\":96,\"height\":96,\"caption\":\"Box Repsol\"},\"image\":{\"@id\":\"https:\\\/\\\/www.boxrepsol.com\\\/es\\\/#\\\/schema\\\/logo\\\/image\\\/\"},\"sameAs\":[\"https:\\\/\\\/www.facebook.com\\\/BoxRepsol\",\"https:\\\/\\\/x.com\\\/box_repsol\",\"http:\\\/\\\/instagram.com\\\/box_repsol\",\"https:\\\/\\\/www.youtube.com\\\/user\\\/RepsolCompeticion\",\"https:\\\/\\\/www.flickr.com\\\/photos\\\/box_repsol\\\/\"]},{\"@type\":\"Person\",\"@id\":\"https:\\\/\\\/www.boxrepsol.com\\\/es\\\/#\\\/schema\\\/person\\\/c5c2138f2cca251b0ad92b7086bb60b7\",\"name\":\"Redacci\u00f3n Box Repsol\",\"image\":{\"@type\":\"ImageObject\",\"inLanguage\":\"es\",\"@id\":\"https:\\\/\\\/secure.gravatar.com\\\/avatar\\\/adf7b77e38b4419baf32c7e9c21dde01f4e40df611f0978e3006fc4ba0aaab7e?s=96&d=mm&r=g\",\"url\":\"https:\\\/\\\/secure.gravatar.com\\\/avatar\\\/adf7b77e38b4419baf32c7e9c21dde01f4e40df611f0978e3006fc4ba0aaab7e?s=96&d=mm&r=g\",\"contentUrl\":\"https:\\\/\\\/secure.gravatar.com\\\/avatar\\\/adf7b77e38b4419baf32c7e9c21dde01f4e40df611f0978e3006fc4ba0aaab7e?s=96&d=mm&r=g\",\"caption\":\"Redacci\u00f3n Box Repsol\"},\"description\":\"Box Repsol lo forma un equipo de periodistas, community managers, dise\u00f1adores y fot\u00f3grafos con m\u00e1s de 20 a\u00f1os de experiencia en el mundo del motorsport. Hemos vivido el primer mundial de un espa\u00f1ol en la categor\u00eda reina de motociclismo con \u00c1lex Crivill\u00e9, estuvimos en las victorias de Pedrosa y los t\u00edtulos de M\u00e1rquez, acompa\u00f1amos en \u00c1frica a Nani Roma y Marc Coma en sus conquistas del Dakar y hemos vibrado con los t\u00edtulos de Toni Bou en Trial. Adem\u00e1s, en nuestro equipo contamos con expertos en el mundo de las dos y cuatro ruedas tanto de la calle y las carreteras, como de los circuitos. Periodistas que han trabajado en revistas y publicaciones para hacerte llegar desde rutas y consejos de mantenimiento, a curiosidades y trucos de pilotaje.\",\"sameAs\":[\"https:\\\/\\\/www.facebook.com\\\/BoxRepsol\\\/\",\"https:\\\/\\\/www.instagram.com\\\/box_repsol\\\/\",\"https:\\\/\\\/x.com\\\/https:\\\/\\\/twitter.com\\\/box_repsol\",\"https:\\\/\\\/www.youtube.com\\\/@Boxrepsol\"],\"url\":\"https:\\\/\\\/www.boxrepsol.com\\\/es\\\/author\\\/redaccion-box-repsol\\\/\"}]}<\/script>\n<!-- \/ Yoast SEO plugin. -->","yoast_head_json":{"title":"Los combustibles renovables suben a lo m\u00e1s alto del podio en Sud\u00e1frica - Box Repsol","description":"Henk Lategan consigue la victoria del Rally Raid de Sud\u00e1frica con su Toyota, propulsado por combustibles renovables Repsol.","canonical":"https:\/\/www.boxrepsol.com\/es\/rally\/los-combustibles-renovables-suben-a-lo-mas-alto-del-podio-en-sudafrica\/","og_locale":"es_ES","og_type":"article","og_title":"Los combustibles renovables suben a lo m\u00e1s alto del podio en Sud\u00e1frica - Box Repsol","og_description":"Henk Lategan consigue la victoria del Rally Raid de Sud\u00e1frica con su Toyota, propulsado por combustibles renovables Repsol.","og_url":"https:\/\/www.boxrepsol.com\/es\/rally\/los-combustibles-renovables-suben-a-lo-mas-alto-del-podio-en-sudafrica\/","og_site_name":"Box Repsol","article_publisher":"https:\/\/www.facebook.com\/BoxRepsol","article_author":"https:\/\/www.facebook.com\/BoxRepsol\/","article_published_time":"2025-05-24T13:33:51+00:00","article_modified_time":"2025-05-29T15:13:27+00:00","og_image":[{"width":2560,"height":1706,"url":"https:\/\/bxrepsol.s3.eu-west-1.amazonaws.com\/static\/2025\/05\/24112906\/STO08176-scaled.jpg","type":"image\/jpeg"}],"author":"Redacci\u00f3n Box Repsol","twitter_card":"summary_large_image","twitter_creator":"@https:\/\/twitter.com\/box_repsol","twitter_site":"@box_repsol","twitter_misc":{"Written by":"Redacci\u00f3n Box Repsol","Est. reading time":"1 minuto"},"schema":{"@context":"https:\/\/schema.org","@graph":[{"@type":"Article","@id":"https:\/\/www.boxrepsol.com\/es\/rally\/los-combustibles-renovables-suben-a-lo-mas-alto-del-podio-en-sudafrica\/#article","isPartOf":{"@id":"https:\/\/www.boxrepsol.com\/es\/rally\/los-combustibles-renovables-suben-a-lo-mas-alto-del-podio-en-sudafrica\/"},"author":{"name":"Redacci\u00f3n Box Repsol","@id":"https:\/\/www.boxrepsol.com\/es\/#\/schema\/person\/c5c2138f2cca251b0ad92b7086bb60b7"},"headline":"Los combustibles renovables suben a lo m\u00e1s alto del podio en Sud\u00e1frica","datePublished":"2025-05-24T13:33:51+00:00","dateModified":"2025-05-29T15:13:27+00:00","mainEntityOfPage":{"@id":"https:\/\/www.boxrepsol.com\/es\/rally\/los-combustibles-renovables-suben-a-lo-mas-alto-del-podio-en-sudafrica\/"},"wordCount":260,"commentCount":2,"publisher":{"@id":"https:\/\/www.boxrepsol.com\/es\/#organization"},"image":{"@id":"https:\/\/www.boxrepsol.com\/es\/rally\/los-combustibles-renovables-suben-a-lo-mas-alto-del-podio-en-sudafrica\/#primaryimage"},"thumbnailUrl":"https:\/\/bxrepsol.s3.eu-west-1.amazonaws.com\/static\/2025\/05\/24112906\/STO08176-scaled.jpg","keywords":["RaLLY","W2RC"],"articleSection":["Rally"],"inLanguage":"es","potentialAction":[{"@type":"CommentAction","name":"Comment","target":["https:\/\/www.boxrepsol.com\/es\/rally\/los-combustibles-renovables-suben-a-lo-mas-alto-del-podio-en-sudafrica\/#respond"]}]},{"@type":"WebPage","@id":"https:\/\/www.boxrepsol.com\/es\/rally\/los-combustibles-renovables-suben-a-lo-mas-alto-del-podio-en-sudafrica\/","url":"https:\/\/www.boxrepsol.com\/es\/rally\/los-combustibles-renovables-suben-a-lo-mas-alto-del-podio-en-sudafrica\/","name":"Los combustibles renovables suben a lo m\u00e1s alto del podio en Sud\u00e1frica - Box Repsol","isPartOf":{"@id":"https:\/\/www.boxrepsol.com\/es\/#website"},"primaryImageOfPage":{"@id":"https:\/\/www.boxrepsol.com\/es\/rally\/los-combustibles-renovables-suben-a-lo-mas-alto-del-podio-en-sudafrica\/#primaryimage"},"image":{"@id":"https:\/\/www.boxrepsol.com\/es\/rally\/los-combustibles-renovables-suben-a-lo-mas-alto-del-podio-en-sudafrica\/#primaryimage"},"thumbnailUrl":"https:\/\/bxrepsol.s3.eu-west-1.amazonaws.com\/static\/2025\/05\/24112906\/STO08176-scaled.jpg","datePublished":"2025-05-24T13:33:51+00:00","dateModified":"2025-05-29T15:13:27+00:00","description":"Henk Lategan consigue la victoria del Rally Raid de Sud\u00e1frica con su Toyota, propulsado por combustibles renovables Repsol.","breadcrumb":{"@id":"https:\/\/www.boxrepsol.com\/es\/rally\/los-combustibles-renovables-suben-a-lo-mas-alto-del-podio-en-sudafrica\/#breadcrumb"},"inLanguage":"es","potentialAction":[{"@type":"ReadAction","target":["https:\/\/www.boxrepsol.com\/es\/rally\/los-combustibles-renovables-suben-a-lo-mas-alto-del-podio-en-sudafrica\/"]}]},{"@type":"ImageObject","inLanguage":"es","@id":"https:\/\/www.boxrepsol.com\/es\/rally\/los-combustibles-renovables-suben-a-lo-mas-alto-del-podio-en-sudafrica\/#primaryimage","url":"https:\/\/bxrepsol.s3.eu-west-1.amazonaws.com\/static\/2025\/05\/24112906\/STO08176-scaled.jpg","contentUrl":"https:\/\/bxrepsol.s3.eu-west-1.amazonaws.com\/static\/2025\/05\/24112906\/STO08176-scaled.jpg","width":2560,"height":1706},{"@type":"BreadcrumbList","@id":"https:\/\/www.boxrepsol.com\/es\/rally\/los-combustibles-renovables-suben-a-lo-mas-alto-del-podio-en-sudafrica\/#breadcrumb","itemListElement":[{"@type":"ListItem","position":1,"name":"Home","item":"https:\/\/www.boxrepsol.com\/es\/"},{"@type":"ListItem","position":2,"name":"Los combustibles renovables suben a lo m\u00e1s alto del podio en Sud\u00e1frica"}]},{"@type":"WebSite","@id":"https:\/\/www.boxrepsol.com\/es\/#website","url":"https:\/\/www.boxrepsol.com\/es\/","name":"Box Repsol","description":"Box Repsol Site","publisher":{"@id":"https:\/\/www.boxrepsol.com\/es\/#organization"},"potentialAction":[{"@type":"SearchAction","target":{"@type":"EntryPoint","urlTemplate":"https:\/\/www.boxrepsol.com\/es\/?s={search_term_string}"},"query-input":{"@type":"PropertyValueSpecification","valueRequired":true,"valueName":"search_term_string"}}],"inLanguage":"es"},{"@type":"Organization","@id":"https:\/\/www.boxrepsol.com\/es\/#organization","name":"Box Repsol","url":"https:\/\/www.boxrepsol.com\/es\/","logo":{"@type":"ImageObject","inLanguage":"es","@id":"https:\/\/www.boxrepsol.com\/es\/#\/schema\/logo\/image\/","url":"https:\/\/bxrepsol.s3.eu-west-1.amazonaws.com\/static\/2025\/07\/30083337\/favicon-96x96-1.png","contentUrl":"https:\/\/bxrepsol.s3.eu-west-1.amazonaws.com\/static\/2025\/07\/30083337\/favicon-96x96-1.png","width":96,"height":96,"caption":"Box Repsol"},"image":{"@id":"https:\/\/www.boxrepsol.com\/es\/#\/schema\/logo\/image\/"},"sameAs":["https:\/\/www.facebook.com\/BoxRepsol","https:\/\/x.com\/box_repsol","http:\/\/instagram.com\/box_repsol","https:\/\/www.youtube.com\/user\/RepsolCompeticion","https:\/\/www.flickr.com\/photos\/box_repsol\/"]},{"@type":"Person","@id":"https:\/\/www.boxrepsol.com\/es\/#\/schema\/person\/c5c2138f2cca251b0ad92b7086bb60b7","name":"Redacci\u00f3n Box Repsol","image":{"@type":"ImageObject","inLanguage":"es","@id":"https:\/\/secure.gravatar.com\/avatar\/adf7b77e38b4419baf32c7e9c21dde01f4e40df611f0978e3006fc4ba0aaab7e?s=96&d=mm&r=g","url":"https:\/\/secure.gravatar.com\/avatar\/adf7b77e38b4419baf32c7e9c21dde01f4e40df611f0978e3006fc4ba0aaab7e?s=96&d=mm&r=g","contentUrl":"https:\/\/secure.gravatar.com\/avatar\/adf7b77e38b4419baf32c7e9c21dde01f4e40df611f0978e3006fc4ba0aaab7e?s=96&d=mm&r=g","caption":"Redacci\u00f3n Box Repsol"},"description":"Box Repsol lo forma un equipo de periodistas, community managers, dise\u00f1adores y fot\u00f3grafos con m\u00e1s de 20 a\u00f1os de experiencia en el mundo del motorsport. Hemos vivido el primer mundial de un espa\u00f1ol en la categor\u00eda reina de motociclismo con \u00c1lex Crivill\u00e9, estuvimos en las victorias de Pedrosa y los t\u00edtulos de M\u00e1rquez, acompa\u00f1amos en \u00c1frica a Nani Roma y Marc Coma en sus conquistas del Dakar y hemos vibrado con los t\u00edtulos de Toni Bou en Trial. Adem\u00e1s, en nuestro equipo contamos con expertos en el mundo de las dos y cuatro ruedas tanto de la calle y las carreteras, como de los circuitos. Periodistas que han trabajado en revistas y publicaciones para hacerte llegar desde rutas y consejos de mantenimiento, a curiosidades y trucos de pilotaje.","sameAs":["https:\/\/www.facebook.com\/BoxRepsol\/","https:\/\/www.instagram.com\/box_repsol\/","https:\/\/x.com\/https:\/\/twitter.com\/box_repsol","https:\/\/www.youtube.com\/@Boxrepsol"],"url":"https:\/\/www.boxrepsol.com\/es\/author\/redaccion-box-repsol\/"}]}},"_links":{"self":[{"href":"https:\/\/www.boxrepsol.com\/es\/wp-json\/wp\/v2\/posts\/125652","targetHints":{"allow":["GET"]}}],"collection":[{"href":"https:\/\/www.boxrepsol.com\/es\/wp-json\/wp\/v2\/posts"}],"about":[{"href":"https:\/\/www.boxrepsol.com\/es\/wp-json\/wp\/v2\/types\/post"}],"author":[{"embeddable":true,"href":"https:\/\/www.boxrepsol.com\/es\/wp-json\/wp\/v2\/users\/43146"}],"replies":[{"embeddable":true,"href":"https:\/\/www.boxrepsol.com\/es\/wp-json\/wp\/v2\/comments?post=125652"}],"version-history":[{"count":25,"href":"https:\/\/www.boxrepsol.com\/es\/wp-json\/wp\/v2\/posts\/125652\/revisions"}],"predecessor-version":[{"id":125864,"href":"https:\/\/www.boxrepsol.com\/es\/wp-json\/wp\/v2\/posts\/125652\/revisions\/125864"}],"wp:featuredmedia":[{"embeddable":true,"href":"https:\/\/www.boxrepsol.com\/es\/wp-json\/wp\/v2\/media\/125658"}],"wp:attachment":[{"href":"https:\/\/www.boxrepsol.com\/es\/wp-json\/wp\/v2\/media?parent=125652"}],"wp:term":[{"taxonomy":"category","embeddable":true,"href":"https:\/\/www.boxrepsol.com\/es\/wp-json\/wp\/v2\/categories?post=125652"},{"taxonomy":"post_tag","embeddable":true,"href":"https:\/\/www.boxrepsol.com\/es\/wp-json\/wp\/v2\/tags?post=125652"}],"curies":[{"name":"wp","href":"https:\/\/api.w.org\/{rel}","templated":true}]}}