{"id":125473,"date":"2025-05-19T12:29:44","date_gmt":"2025-05-19T14:29:44","guid":{"rendered":"https:\/\/www.boxrepsol.com\/?p=125473"},"modified":"2025-06-26T08:53:42","modified_gmt":"2025-06-26T10:53:42","slug":"mejores-cascos-de-moto-deportivos","status":"publish","type":"post","link":"https:\/\/www.boxrepsol.com\/es\/cultura-motera\/mejores-cascos-de-moto-deportivos\/","title":{"rendered":"Top cascos de moto deportivos de 2025"},"content":{"rendered":"<figure class=\"wp-block-post-featured-image\"><img loading=\"lazy\" decoding=\"async\" width=\"1200\" height=\"600\" src=\"https:\/\/bxrepsol.s3.eu-west-1.amazonaws.com\/static\/2025\/05\/21134736\/foto-apertura-1-2.png\" class=\"attachment-post-thumbnail size-post-thumbnail wp-post-image\" alt=\"\" style=\"object-fit:cover;\" srcset=\"https:\/\/bxrepsol.s3.eu-west-1.amazonaws.com\/static\/2025\/05\/21134736\/foto-apertura-1-2.png 1200w, https:\/\/bxrepsol.s3.eu-west-1.amazonaws.com\/static\/2025\/05\/21134736\/foto-apertura-1-2-300x150.png 300w, https:\/\/bxrepsol.s3.eu-west-1.amazonaws.com\/static\/2025\/05\/21134736\/foto-apertura-1-2-1024x512.png 1024w, https:\/\/bxrepsol.s3.eu-west-1.amazonaws.com\/static\/2025\/05\/21134736\/foto-apertura-1-2-768x384.png 768w\" sizes=\"auto, (max-width: 1200px) 100vw, 1200px\" \/><\/figure>\n\n\n<p class=\"has-text-align-left\">Foto: Motociclismo<\/p>\n\n\n\n<p>La cabeza es una de las partes m\u00e1s delicadas del cuerpo humano. Por este motivo, <strong>el uso del casco es obligatorio entre los motoristas<\/strong>, independientemente de la cilindrada y del tipo de moto que utilicen. Sin embargo, y como ocurre en otros campos, existen muchos <a href=\"https:\/\/www.boxrepsol.com\/es\/cultura-motera\/tipos-de-cascos-de-motos-cual-te-va-mejor\/\">tipos de cascos<\/a> que, aparte de por dise\u00f1o y precio, se diferencian en los <strong>materiales<\/strong> que utilizan y en el <strong>grado de protecci\u00f3n<\/strong> que ofrecen.<\/p>\n\n\n\n<p>Si nos fijamos en el apartado de <strong>seguridad<\/strong>, est\u00e1 claro que los cascos de tipo integral son los que mejor salvaguardan la cabeza. Dentro de estos, las distintas marcas acostumbran a ofrecer varias versiones, siendo los modelos m\u00e1s deportivos o de alta gama los que proporcionan una <strong>mayor protecci\u00f3n en caso de impacto<\/strong>. Como es l\u00f3gico, la consiguen a base de utilizar <strong>materiales de mayor calidad<\/strong> y de emplear m\u00e1s <strong>tecnolog\u00eda<\/strong> a la hora de fabricarlos, lo que se traduce en precios m\u00e1s elevados. Sin embargo, la inversi\u00f3n bien merece la pena y, m\u00e1s a\u00fan, conociendo que el <a href=\"https:\/\/www.boxrepsol.com\/es\/tecnologia\/cuando-debo-cambiar-casco\/\">periodo de uso del casco<\/a> es de <strong>5 a\u00f1os<\/strong>.<\/p>\n\n\n\n<figure class=\"wp-block-image size-full\"><img loading=\"lazy\" decoding=\"async\" width=\"600\" height=\"400\" src=\"https:\/\/bxrepsol.s3.eu-west-1.amazonaws.com\/static\/2025\/05\/19102859\/Foto-2-4.jpg\" alt=\"\" class=\"wp-image-125474\" srcset=\"https:\/\/bxrepsol.s3.eu-west-1.amazonaws.com\/static\/2025\/05\/19102859\/Foto-2-4.jpg 600w, https:\/\/bxrepsol.s3.eu-west-1.amazonaws.com\/static\/2025\/05\/19102859\/Foto-2-4-300x200.jpg 300w\" sizes=\"auto, (max-width: 600px) 100vw, 600px\" \/><\/figure>\n\n\n\n<p>A la hora de dise\u00f1ar la <strong>calota o carcasa<\/strong> de un casco deportivo se tiene muy en cuenta que puede ser sometido a velocidades muy elevadas, superiores incluso a los <strong>360 km\/h<\/strong> como ocurre en la <strong>m\u00e1xima categor\u00eda de MotoGP<\/strong>. De ah\u00ed que debe ser <strong>aerodin\u00e1mico y estable<\/strong>, sin verse afectado, en la medida de lo posible, por la fuerza del aire y las turbulencias que se producen a velocidades altas. Por este motivo, la mayor\u00eda de fabricantes someten sus cascos m\u00e1s deportivos a m\u00faltiples pruebas en un <strong>\u201ct\u00fanel de viento\u201d<\/strong> o <strong>\u201ctubo aerodin\u00e1mico\u201d<\/strong>, en el que se comprueba su aerodin\u00e1mica y su resistencia al viento.<\/p>\n\n\n\n<figure class=\"wp-block-image size-full\"><img loading=\"lazy\" decoding=\"async\" width=\"600\" height=\"400\" src=\"https:\/\/bxrepsol.s3.eu-west-1.amazonaws.com\/static\/2025\/05\/19102903\/Foto-3-3.jpg\" alt=\"\" class=\"wp-image-125476\" srcset=\"https:\/\/bxrepsol.s3.eu-west-1.amazonaws.com\/static\/2025\/05\/19102903\/Foto-3-3.jpg 600w, https:\/\/bxrepsol.s3.eu-west-1.amazonaws.com\/static\/2025\/05\/19102903\/Foto-3-3-300x200.jpg 300w\" sizes=\"auto, (max-width: 600px) 100vw, 600px\" \/><\/figure>\n\n\n\n<p><\/p>\n\n\n\n<h2 class=\"wp-block-heading\"><strong>\u00bfC\u00f3mo debe ser un casco deportivo?<\/strong><\/h2>\n\n\n\n<p>Aparte de poseer una buena aerodin\u00e1mica, <strong>un casco deportivo debe ser ligero<\/strong> <strong>y<\/strong> <strong>resistente<\/strong>. As\u00ed se facilitan los movimientos de la cabeza y el cuello se fatiga menos, soportando mejor los \u201cgolpes\u201d que puede producir el aire. Para ello el dise\u00f1o exterior de la calota es muy importante y debe ser de formas suaves, sin aristas, para que el aire fluya a su alrededor sin obst\u00e1culos. Adem\u00e1s, los cascos deportivos cuentan en su parte trasera con un <strong>aler\u00f3n o esp\u00f3iler<\/strong> que los estabiliza, evitando movimientos producidos por las turbulencias que se originan tras el cuerpo del piloto debido al llamado <strong>efecto rebufo.<\/strong><\/p>\n\n\n\n<figure class=\"wp-block-image size-full\"><img loading=\"lazy\" decoding=\"async\" width=\"600\" height=\"400\" src=\"https:\/\/bxrepsol.s3.eu-west-1.amazonaws.com\/static\/2025\/05\/19102908\/Foto-4-3.jpg\" alt=\"\" class=\"wp-image-125478\" srcset=\"https:\/\/bxrepsol.s3.eu-west-1.amazonaws.com\/static\/2025\/05\/19102908\/Foto-4-3.jpg 600w, https:\/\/bxrepsol.s3.eu-west-1.amazonaws.com\/static\/2025\/05\/19102908\/Foto-4-3-300x200.jpg 300w\" sizes=\"auto, (max-width: 600px) 100vw, 600px\" \/><\/figure>\n\n\n\n<p>Otra cosa en la que se investiga mucho es en los <strong>acolchados interiores<\/strong>. Aparte de c\u00f3modos, deben estar preparados para soportar y evacuar la humedad del sudor que se puede producir al practicar una conducci\u00f3n deportiva. Del mismo modo, los citados acolchados suelen estar realizados con <strong>tejidos antibacterianos<\/strong> que son capaces de mitigar el mal olor. Por supuesto, deben ser <strong>desmontables<\/strong>, para poder sustituirlos o <a href=\"https:\/\/www.boxrepsol.com\/es\/cultura-motera\/como-limpiar-casco-moto\/\">limpiar el casco<\/a> cada cierto tiempo.<\/p>\n\n\n\n<figure class=\"wp-block-image size-full\"><img loading=\"lazy\" decoding=\"async\" width=\"600\" height=\"400\" src=\"https:\/\/bxrepsol.s3.eu-west-1.amazonaws.com\/static\/2025\/05\/19102909\/Foto-5-3.jpg\" alt=\"\" class=\"wp-image-125480\" srcset=\"https:\/\/bxrepsol.s3.eu-west-1.amazonaws.com\/static\/2025\/05\/19102909\/Foto-5-3.jpg 600w, https:\/\/bxrepsol.s3.eu-west-1.amazonaws.com\/static\/2025\/05\/19102909\/Foto-5-3-300x200.jpg 300w\" sizes=\"auto, (max-width: 600px) 100vw, 600px\" \/><\/figure>\n\n\n\n<p>La <strong>ventilaci\u00f3n del interior<\/strong> es otro tema de vital importancia en un casco deportivo. Durante el uso de una moto en circuito, la cabeza del piloto puede sudar mucho y es importante que <strong>se refrigere con aire procedente del exterior<\/strong>. As\u00ed, posee distintas <strong>entradas de aire<\/strong> en la parte frontal y salidas en la trasera, conectadas por canalizaciones que discurren por el interior del casco con el <strong>objetivo de ventilarlo y refrescarlo<\/strong>. Estas tomas pueden producir cierto de ruido al mantener velocidades continuadas por autopista y otras v\u00edas r\u00e1pidas, pero nunca suele ser excesivo. Por otro lado, las <a href=\"https:\/\/www.boxrepsol.com\/es\/vive-tu-moto\/pantalla-casco-mas-recomendable\/\"><strong>pantallas o viseras<\/strong><\/a> deben contar con buenos sistemas de cierre que dificulten la entrada de aire por sus juntas.<\/p>\n\n\n\n<figure class=\"wp-block-image size-full\"><img loading=\"lazy\" decoding=\"async\" width=\"600\" height=\"400\" src=\"https:\/\/bxrepsol.s3.eu-west-1.amazonaws.com\/static\/2025\/05\/19102910\/Foto-6-2.jpg\" alt=\"\" class=\"wp-image-125482\" srcset=\"https:\/\/bxrepsol.s3.eu-west-1.amazonaws.com\/static\/2025\/05\/19102910\/Foto-6-2.jpg 600w, https:\/\/bxrepsol.s3.eu-west-1.amazonaws.com\/static\/2025\/05\/19102910\/Foto-6-2-300x200.jpg 300w\" sizes=\"auto, (max-width: 600px) 100vw, 600px\" \/><\/figure>\n\n\n\n<p>Las distintas piezas del llamado <strong>EPS (poliestireno expandido)<\/strong> que un casco lleva instaladas en su interior, son las que se encargan de <strong>absorber los impactos<\/strong> de forma progresiva y de que lleguen a la cabeza de una manera m\u00e1s suave. Incluso algunas marcas utilizan piezas de poliestireno expandido con distintas densidades para que <strong>el nivel de absorci\u00f3n sea diferente<\/strong> dependiendo del lugar en el que est\u00e9n colocadas. El <strong>EPS<\/strong>, adem\u00e1s, incorpora las canalizaciones que permiten que el aire circule. El dise\u00f1o y la correcta colocaci\u00f3n de las distintas piezas de EPS contribuyen a que <strong>un casco pueda ser m\u00e1s compacto y ligero.<\/strong><\/p>\n\n\n\n<figure class=\"wp-block-image size-full\"><img loading=\"lazy\" decoding=\"async\" width=\"600\" height=\"400\" src=\"https:\/\/bxrepsol.s3.eu-west-1.amazonaws.com\/static\/2025\/05\/19102911\/Foto-7-2.jpg\" alt=\"\" class=\"wp-image-125484\" srcset=\"https:\/\/bxrepsol.s3.eu-west-1.amazonaws.com\/static\/2025\/05\/19102911\/Foto-7-2.jpg 600w, https:\/\/bxrepsol.s3.eu-west-1.amazonaws.com\/static\/2025\/05\/19102911\/Foto-7-2-300x200.jpg 300w\" sizes=\"auto, (max-width: 600px) 100vw, 600px\" \/><\/figure>\n\n\n\n<p>Otra cosa con la que debe contar en un casco deportivo es con un <strong>sistema de cierre de doble anilla met\u00e1lica<\/strong> en la cinta que lo fija al cuello. En las verificaciones previas a las carreras de la <strong>FIM<\/strong> es un tema que se comprueba y que es obligatorio.<\/p>\n\n\n\n<figure class=\"wp-block-image size-full\"><img loading=\"lazy\" decoding=\"async\" width=\"600\" height=\"400\" src=\"https:\/\/bxrepsol.s3.eu-west-1.amazonaws.com\/static\/2025\/05\/19102912\/Foto-8-1.jpg\" alt=\"\" class=\"wp-image-125486\" srcset=\"https:\/\/bxrepsol.s3.eu-west-1.amazonaws.com\/static\/2025\/05\/19102912\/Foto-8-1.jpg 600w, https:\/\/bxrepsol.s3.eu-west-1.amazonaws.com\/static\/2025\/05\/19102912\/Foto-8-1-300x200.jpg 300w\" sizes=\"auto, (max-width: 600px) 100vw, 600px\" \/><\/figure>\n\n\n\n<p>Aparte, un casco deportivo debe incluir un <strong>sistema de seguridad de liberaci\u00f3n r\u00e1pida<\/strong>, que facilite la extracci\u00f3n del casco por segundas personas en caso de <a href=\"https:\/\/www.boxrepsol.com\/es\/cultura-motera\/conoce-el-protocolo-pas\/\">accidente<\/a>.<\/p>\n\n\n\n<figure class=\"wp-block-image size-full\"><img loading=\"lazy\" decoding=\"async\" width=\"600\" height=\"400\" src=\"https:\/\/bxrepsol.s3.eu-west-1.amazonaws.com\/static\/2025\/05\/19102915\/Foto-9-1.jpg\" alt=\"\" class=\"wp-image-125488\" srcset=\"https:\/\/bxrepsol.s3.eu-west-1.amazonaws.com\/static\/2025\/05\/19102915\/Foto-9-1.jpg 600w, https:\/\/bxrepsol.s3.eu-west-1.amazonaws.com\/static\/2025\/05\/19102915\/Foto-9-1-300x200.jpg 300w\" sizes=\"auto, (max-width: 600px) 100vw, 600px\" \/><\/figure>\n\n\n\n<p>Adem\u00e1s de un <strong>amplio campo de visi\u00f3n<\/strong>, la pantalla debe permitir la instalaci\u00f3n de un <strong>sistema de \u201c<em>Tear off<\/em> \u201c<\/strong>, que son una serie de l\u00e1minas transparentes que se instalan por fuera de la pantalla y que permite tirar de ellas una a una para dejar limpio el campo de visi\u00f3n en caso necesario. Del mismo modo, la pantalla debe incorporar unos <strong>pines<\/strong> en su interior parta permitir el acople de una l\u00e1mina <a href=\"https:\/\/www.boxrepsol.com\/es\/tecnologia\/pinlock-como-funciona-como-ponerlo-como-quitarlo\/\"><strong>Pinlock antivaho<\/strong><\/a>. Pensando en una utilizaci\u00f3n fuera de los circuitos, la mayor\u00eda de los cascos deportivos vienen preparados con huecos para poder instalar un <strong>intercomunicador<\/strong> y tambi\u00e9n para que sus usuarios puedanr utilizar gafas. Igualmente, la mayor\u00eda de ellos permiten montar un sistema de <strong>hidrataci\u00f3n<\/strong> para que un piloto pueda beber en carreras de larga duraci\u00f3n.<\/p>\n\n\n\n<figure class=\"wp-block-image size-full\"><img loading=\"lazy\" decoding=\"async\" width=\"600\" height=\"400\" src=\"https:\/\/bxrepsol.s3.eu-west-1.amazonaws.com\/static\/2025\/05\/19102927\/Foto-10.jpg\" alt=\"\" class=\"wp-image-125490\" srcset=\"https:\/\/bxrepsol.s3.eu-west-1.amazonaws.com\/static\/2025\/05\/19102927\/Foto-10.jpg 600w, https:\/\/bxrepsol.s3.eu-west-1.amazonaws.com\/static\/2025\/05\/19102927\/Foto-10-300x200.jpg 300w\" sizes=\"auto, (max-width: 600px) 100vw, 600px\" \/><\/figure>\n\n\n\n<p><\/p>\n\n\n\n<h2 class=\"wp-block-heading\"><strong>\u00bfQu\u00e9 tipo de homologaci\u00f3n debe tener un casco deportivo?<\/strong><\/h2>\n\n\n\n<p>Un buen casco debe poseer la <strong>homologaci\u00f3n ECE 22.06<\/strong> instaurada en el a\u00f1o 2022 y esto debe quedar claro en alguna de las etiquetas de su interior. Por otro lado, hay que tener en cuenta que, a partir de 2026, los cascos deportivos que se pretendan utilizar en competiciones de la <strong>FIM (Federaci\u00f3n Internacional de Motociclismo)<\/strong> deber\u00e1n haber superado previamente el <strong>test FRHPhe-02<\/strong>, que incluye pruebas m\u00e1s exhaustivas, con el principal objetivo de elevar el grado de protecci\u00f3n para la cabeza de los pilotos.<\/p>\n\n\n\n<figure class=\"wp-block-image size-full\"><img loading=\"lazy\" decoding=\"async\" width=\"600\" height=\"400\" src=\"https:\/\/bxrepsol.s3.eu-west-1.amazonaws.com\/static\/2025\/05\/19102930\/Foto-11.jpg\" alt=\"\" class=\"wp-image-125492\" srcset=\"https:\/\/bxrepsol.s3.eu-west-1.amazonaws.com\/static\/2025\/05\/19102930\/Foto-11.jpg 600w, https:\/\/bxrepsol.s3.eu-west-1.amazonaws.com\/static\/2025\/05\/19102930\/Foto-11-300x200.jpg 300w\" sizes=\"auto, (max-width: 600px) 100vw, 600px\" \/><\/figure>\n\n\n\n<p><\/p>\n\n\n\n<h2 class=\"wp-block-heading\"><strong>Los 10 mejores cascos de moto deportivos de 2025<br><\/strong><\/h2>\n\n\n\n<h3 class=\"wp-block-heading\"><strong>AGV Pista GP RR<\/strong><\/h3>\n\n\n\n<ul class=\"wp-block-list\">\n<li><strong>1.452 \u20ac<\/strong>\n<ul class=\"wp-block-list\">\n<li><strong>1.450 gr<\/strong><\/li>\n<\/ul>\n<\/li>\n<\/ul>\n\n\n\n<p>Casco r\u00e9plica de los utilizados por distintos pilotos en la m\u00e1s alta competici\u00f3n, entre ellos <strong>Franco Morbidelli<\/strong>, uno de los integrantes del <strong>equipo VR46 Racing Team<\/strong> de MotoGP. La calota est\u00e1 realizada en <strong>fibra de carbono<\/strong>, ligera y muy resistente al mismo tiempo. La pantalla de 5 mm de grosor garantiza una elevada protecci\u00f3n, adem\u00e1s de ofrecer un <strong>\u00e1ngulo de visi\u00f3n de 190\u00ba<\/strong>. Gracias al sistema <strong>Adaptative Fit 360\u00ba<\/strong> se pueden sustituir distintos elementos de su interior para una perfecta adaptaci\u00f3n a las formas de la cabeza del usuario. El perfil del aler\u00f3n trasero <strong>PRO<\/strong> promete una gran estabilidad y un bajo coeficiente aerodin\u00e1mico. Cuenta con hasta <strong>cinco tomas de ventilaci\u00f3n<\/strong> delanteras y dos salidas traseras. Disponible en 6 tallas, desde <strong>XS hasta XXL<\/strong>.<\/p>\n\n\n\n<figure class=\"wp-block-image size-full\"><img loading=\"lazy\" decoding=\"async\" width=\"600\" height=\"400\" src=\"https:\/\/bxrepsol.s3.eu-west-1.amazonaws.com\/static\/2025\/05\/19102931\/Foto-12-AVG.jpg\" alt=\"\" class=\"wp-image-125494\" srcset=\"https:\/\/bxrepsol.s3.eu-west-1.amazonaws.com\/static\/2025\/05\/19102931\/Foto-12-AVG.jpg 600w, https:\/\/bxrepsol.s3.eu-west-1.amazonaws.com\/static\/2025\/05\/19102931\/Foto-12-AVG-300x200.jpg 300w\" sizes=\"auto, (max-width: 600px) 100vw, 600px\" \/><\/figure>\n\n\n\n<figure class=\"wp-block-image size-full\"><img loading=\"lazy\" decoding=\"async\" width=\"600\" height=\"400\" src=\"https:\/\/bxrepsol.s3.eu-west-1.amazonaws.com\/static\/2025\/05\/19102932\/Foto-13-AVG.jpg\" alt=\"\" class=\"wp-image-125496\" srcset=\"https:\/\/bxrepsol.s3.eu-west-1.amazonaws.com\/static\/2025\/05\/19102932\/Foto-13-AVG.jpg 600w, https:\/\/bxrepsol.s3.eu-west-1.amazonaws.com\/static\/2025\/05\/19102932\/Foto-13-AVG-300x200.jpg 300w\" sizes=\"auto, (max-width: 600px) 100vw, 600px\" \/><\/figure>\n\n\n\n<p><\/p>\n\n\n\n<h3 class=\"wp-block-heading\"><strong>Alpinestars Supertech R10<\/strong><\/h3>\n\n\n\n<ul class=\"wp-block-list\">\n<li><strong>1.349,95 \u20ac<\/strong>\n<ul class=\"wp-block-list\">\n<li><strong>1.540 gr<\/strong><\/li>\n<\/ul>\n<\/li>\n<\/ul>\n\n\n\n<p>La firma italiana apuesta fuerte por MotoGP y prueba de ello es que varios pilotos de renombre como el campe\u00f3n del mundo <strong>Jorge Mart\u00edn, Pedro Acosta y Jack Miller<\/strong>, utilizan su casco deportivo de alta gama. La calota o carcasa del Supertech R10 est\u00e1 compuesta por cuatro capas para una <strong>m\u00e1xima resistencia<\/strong> a impactos. La interior es de <strong>fibra de aramida<\/strong>, la segunda de <strong>fibra de vidrio<\/strong>, la tercera de <strong>fibra de carbono UD (unidireccional)<\/strong> y la externa de <strong>fibra de carbono de alta densidad 3K<\/strong>. Adem\u00e1s de una elevada seguridad, posee una lograda aerodin\u00e1mica para garantizar una buena estabilidad a alta velocidad. La comodidad, acrecentada por un interior personalizable con <strong>sistema de ajuste patentado A-Head<\/strong>, y la buena ventilaci\u00f3n, con hasta <strong>11 puertos<\/strong>, son otros dos de sus puntos fuertes. El precio de los modelos r\u00e9plica es de <strong>1.349,95 \u20ac<\/strong>, aunque se puede optar por unos con decoraciones que no son de pilotos por <strong>1.199 \u20ac<\/strong> y otros de un solo color (s\u00f3lidos) por <strong>999,95 \u20ac<\/strong>. Todos incluyen dos pantallas (transparente y ahumada) de 3 mm de grosor. Disponible en 6 tallas, desde <strong>XS hasta XXL.<\/strong><\/p>\n\n\n\n<figure class=\"wp-block-image size-full\"><img loading=\"lazy\" decoding=\"async\" width=\"600\" height=\"400\" src=\"https:\/\/bxrepsol.s3.eu-west-1.amazonaws.com\/static\/2025\/05\/19102935\/Foto-14-Alpinestar.jpg\" alt=\"\" class=\"wp-image-125498\" srcset=\"https:\/\/bxrepsol.s3.eu-west-1.amazonaws.com\/static\/2025\/05\/19102935\/Foto-14-Alpinestar.jpg 600w, https:\/\/bxrepsol.s3.eu-west-1.amazonaws.com\/static\/2025\/05\/19102935\/Foto-14-Alpinestar-300x200.jpg 300w\" sizes=\"auto, (max-width: 600px) 100vw, 600px\" \/><\/figure>\n\n\n\n<figure class=\"wp-block-image size-full\"><img loading=\"lazy\" decoding=\"async\" width=\"600\" height=\"400\" src=\"https:\/\/bxrepsol.s3.eu-west-1.amazonaws.com\/static\/2025\/05\/19102936\/Foto-15-Alpinestar.jpg\" alt=\"\" class=\"wp-image-125500\" srcset=\"https:\/\/bxrepsol.s3.eu-west-1.amazonaws.com\/static\/2025\/05\/19102936\/Foto-15-Alpinestar.jpg 600w, https:\/\/bxrepsol.s3.eu-west-1.amazonaws.com\/static\/2025\/05\/19102936\/Foto-15-Alpinestar-300x200.jpg 300w\" sizes=\"auto, (max-width: 600px) 100vw, 600px\" \/><\/figure>\n\n\n\n<p><\/p>\n\n\n\n<h3 class=\"wp-block-heading\"><strong>Arai RX-7V EVO FIM Racing #2<\/strong><\/h3>\n\n\n\n<ul class=\"wp-block-list\">\n<li><strong>1.099 \u20ac<\/strong>\n<ul class=\"wp-block-list\">\n<li><strong>1.600 gr +\/- 50 gr<\/strong><\/li>\n<\/ul>\n<\/li>\n<\/ul>\n\n\n\n<p>La firma japonesa Arai es una de las que <strong>mejor reputaci\u00f3n<\/strong> tiene en el segmento de los cascos de alta gama. Ese prestigio bien merecido se debe a la alta calidad de sus productos y a que es una marca que est\u00e1 continuamente evolucion\u00e1ndolos y mejor\u00e1ndolos. Prueba de ello es que el RX-7V FIM Racing #2 ha sido el primer casco en superar el exhaustivo <strong>test FRHPhe-02<\/strong> de la FIM, prueba que en 2026 deber\u00e1n superar todos los cascos que aspiren a ser utilizados en MotoGP y en el resto de competiciones de la FIM. En la actualidad, el piloto <strong>Maverick Vi\u00f1ales<\/strong> es el principal estandarte de la marca en MotoGP. Para realizar la calota, Arai sigue confiando en varias capas de red de <strong>fibra de vidrio<\/strong> y en ella incluye un cintur\u00f3n de seguridad realizado en <strong>S\u00faper Fibra<\/strong>, un sistema patentado y desarrollado en la F\u00f3rmula 1. El aler\u00f3n de la parte trasera, realizado en material pl\u00e1stico transparente, est\u00e1 dise\u00f1ado para ser fr\u00e1gil y separarse f\u00e1cilmente en caso de impacto. La <strong>pantalla VSD-V Max<\/strong> <strong>Vision<\/strong> garantiza una gran visibilidad todos los d\u00edas del a\u00f1o y se acompa\u00f1a de <strong>Pinlock antivaho<\/strong>. El <strong>sistema Free Flow System<\/strong> consta de m\u00faltiples canales para una ventilaci\u00f3n excelente y eficiente. Disponible en 7 tallas, desde <strong>XS hasta XXXL.<\/strong><\/p>\n\n\n\n<figure class=\"wp-block-image size-full\"><img loading=\"lazy\" decoding=\"async\" width=\"600\" height=\"400\" src=\"https:\/\/bxrepsol.s3.eu-west-1.amazonaws.com\/static\/2025\/05\/19102950\/Foto-16-Arai.jpg\" alt=\"\" class=\"wp-image-125502\" srcset=\"https:\/\/bxrepsol.s3.eu-west-1.amazonaws.com\/static\/2025\/05\/19102950\/Foto-16-Arai.jpg 600w, https:\/\/bxrepsol.s3.eu-west-1.amazonaws.com\/static\/2025\/05\/19102950\/Foto-16-Arai-300x200.jpg 300w\" sizes=\"auto, (max-width: 600px) 100vw, 600px\" \/><\/figure>\n\n\n\n<figure class=\"wp-block-image size-full\"><img loading=\"lazy\" decoding=\"async\" width=\"600\" height=\"400\" src=\"https:\/\/bxrepsol.s3.eu-west-1.amazonaws.com\/static\/2025\/05\/19102952\/Foto-17-Arai.jpg\" alt=\"\" class=\"wp-image-125504\" srcset=\"https:\/\/bxrepsol.s3.eu-west-1.amazonaws.com\/static\/2025\/05\/19102952\/Foto-17-Arai.jpg 600w, https:\/\/bxrepsol.s3.eu-west-1.amazonaws.com\/static\/2025\/05\/19102952\/Foto-17-Arai-300x200.jpg 300w\" sizes=\"auto, (max-width: 600px) 100vw, 600px\" \/><\/figure>\n\n\n\n<p><\/p>\n\n\n\n<h3 class=\"wp-block-heading\"><strong>Bell Race Star DLX Flex<\/strong><\/h3>\n\n\n\n<ul class=\"wp-block-list\">\n<li><strong>949,99 \u20ac<\/strong>\n<ul class=\"wp-block-list\">\n<li><strong>1.540 gr<\/strong><\/li>\n<\/ul>\n<\/li>\n<\/ul>\n\n\n\n<p>El m\u00e1s completo de la amplia gama de Bell, es un <strong>casco deportivo y tur\u00edstico<\/strong> al mismo tiempo. Est\u00e1 ideado tanto para competir en circuito, como para viajar por carretera, lo que equivale a decir que es perfectamente <strong>v\u00e1lido para todos los d\u00edas de la semana<\/strong>. Posee una calota realizada mayormente en red de <strong>fibra de carbono 3K<\/strong>. A diferencia de otros modelos, que comparten calota cada 2 o 3 tallas, en su caso est\u00e1 preparado en 5 tama\u00f1os de carcasa y 6 de revestimiento interior para una mejor adaptaci\u00f3n al tama\u00f1o de la cabeza de cada usuario. Incluye un <strong>sistema de gesti\u00f3n de energ\u00eda<\/strong> <strong>\u201cFlex\u201d<\/strong> que consta de tres capas, dise\u00f1ado para gestionar la energ\u00eda generada por impactos a baja, media y alta velocidad. La <strong>pantalla fotocrom\u00e1tica Pro Tint Shierld<\/strong> se oscurece o aclara dependiendo de la cantidad de luz ambiental.<\/p>\n\n\n\n<figure class=\"wp-block-image size-full\"><img loading=\"lazy\" decoding=\"async\" width=\"600\" height=\"400\" src=\"https:\/\/bxrepsol.s3.eu-west-1.amazonaws.com\/static\/2025\/05\/19102953\/Foto-18-Bell.jpg\" alt=\"\" class=\"wp-image-125506\" srcset=\"https:\/\/bxrepsol.s3.eu-west-1.amazonaws.com\/static\/2025\/05\/19102953\/Foto-18-Bell.jpg 600w, https:\/\/bxrepsol.s3.eu-west-1.amazonaws.com\/static\/2025\/05\/19102953\/Foto-18-Bell-300x200.jpg 300w\" sizes=\"auto, (max-width: 600px) 100vw, 600px\" \/><\/figure>\n\n\n\n<figure class=\"wp-block-image size-full\"><img loading=\"lazy\" decoding=\"async\" width=\"600\" height=\"400\" src=\"https:\/\/bxrepsol.s3.eu-west-1.amazonaws.com\/static\/2025\/05\/19102954\/Foto-19-Bell.jpg\" alt=\"\" class=\"wp-image-125508\" srcset=\"https:\/\/bxrepsol.s3.eu-west-1.amazonaws.com\/static\/2025\/05\/19102954\/Foto-19-Bell.jpg 600w, https:\/\/bxrepsol.s3.eu-west-1.amazonaws.com\/static\/2025\/05\/19102954\/Foto-19-Bell-300x200.jpg 300w\" sizes=\"auto, (max-width: 600px) 100vw, 600px\" \/><\/figure>\n\n\n\n<p><\/p>\n\n\n\n<h3 class=\"wp-block-heading\"><strong>HJC RPHA12 Carbon Keres<\/strong><\/h3>\n\n\n\n<ul class=\"wp-block-list\">\n<li><strong>699,90 \u20ac<\/strong>\n<ul class=\"wp-block-list\">\n<li><strong>1.360 a 1.479 gr<\/strong><\/li>\n<\/ul>\n<\/li>\n<\/ul>\n\n\n\n<p>Casco de <strong>alta gama a precio muy competitivo<\/strong>. Su calota realizada en <strong>fibra de carbono<\/strong> consigue una elevada resistencia a los impactos y proporciona una gran ligereza. Incluye un avanzado <strong>sistema de ventilaci\u00f3n interna<\/strong> con unas tomas que apenas perjudican a la aerodin\u00e1mica. En su precio est\u00e1n incluidas <strong>dos pantallas (transparente 2D y ahumada)<\/strong> y <strong>Pinlock antivaho<\/strong>. El amplio hueco frontal proporciona una gran visi\u00f3n perif\u00e9rica. El piloto franc\u00e9s <strong>Fabio Quartararo<\/strong>, campe\u00f3n del mundo de MotoGP en 2021, utiliza este <strong>modelo de HJC<\/strong>. Existe una versi\u00f3n sin decorar por <strong>629,90 \u20ac<\/strong>. Disponible en 6 tallas, desde <strong>XS hasta XXL.<\/strong><\/p>\n\n\n\n<figure class=\"wp-block-image size-full\"><img loading=\"lazy\" decoding=\"async\" width=\"600\" height=\"400\" src=\"https:\/\/bxrepsol.s3.eu-west-1.amazonaws.com\/static\/2025\/05\/19102955\/Foto-20-HJC.jpg\" alt=\"\" class=\"wp-image-125510\" srcset=\"https:\/\/bxrepsol.s3.eu-west-1.amazonaws.com\/static\/2025\/05\/19102955\/Foto-20-HJC.jpg 600w, https:\/\/bxrepsol.s3.eu-west-1.amazonaws.com\/static\/2025\/05\/19102955\/Foto-20-HJC-300x200.jpg 300w\" sizes=\"auto, (max-width: 600px) 100vw, 600px\" \/><\/figure>\n\n\n\n<figure class=\"wp-block-image size-full\"><img loading=\"lazy\" decoding=\"async\" width=\"600\" height=\"400\" src=\"https:\/\/bxrepsol.s3.eu-west-1.amazonaws.com\/static\/2025\/05\/19102956\/Foto-21-HJC.jpg\" alt=\"\" class=\"wp-image-125512\" srcset=\"https:\/\/bxrepsol.s3.eu-west-1.amazonaws.com\/static\/2025\/05\/19102956\/Foto-21-HJC.jpg 600w, https:\/\/bxrepsol.s3.eu-west-1.amazonaws.com\/static\/2025\/05\/19102956\/Foto-21-HJC-300x200.jpg 300w\" sizes=\"auto, (max-width: 600px) 100vw, 600px\" \/><\/figure>\n\n\n\n<p><\/p>\n\n\n\n<h3 class=\"wp-block-heading\"><strong>MT KRE+<\/strong><\/h3>\n\n\n\n<ul class=\"wp-block-list\">\n<li><strong>429,95 \u20ac<\/strong>\n<ul class=\"wp-block-list\">\n<li><strong>1.600 gr<\/strong><\/li>\n<\/ul>\n<\/li>\n<\/ul>\n\n\n\n<p>La popular <strong>firma espa\u00f1ola MT<\/strong> (Manufacturas Tom\u00e1s) ha crecido mucho en los \u00faltimos a\u00f1os y prueba de ello es la gran presencia que tiene en MotoGP, con equipos en las categor\u00edas de Moto2 y Moto3, y equipando a pilotos como <strong>Sergio Garc\u00eda, Iv\u00e1n Ortol\u00e1 o Ryusei Yamanaka<\/strong>. Su casco deportivo de alta gama ofrece una relaci\u00f3n calidad-precio dif\u00edcil de igualar. Su precio est\u00e1 fijado por debajo de los <strong>500 \u20ac<\/strong> y esto no le priva de poseer una calota fabricada en <strong>fibra de carbono<\/strong>, adem\u00e1s de toda la tecnolog\u00eda necesaria para ser un casco muy seguro, confortable y poco rumoroso a alta velocidad. Dispone de un <strong>sistema de apertura r\u00e1pida de pantalla<\/strong>, <strong>amplio campo de visi\u00f3n, protector de barbilla<\/strong> y un elaborado <strong>sistema de ventilaci\u00f3n interna<\/strong>. Disponible en 6 tallas, desde XS hasta XXL, y 3 tama\u00f1os de calota.<\/p>\n\n\n\n<figure class=\"wp-block-image size-full\"><img loading=\"lazy\" decoding=\"async\" width=\"600\" height=\"400\" src=\"https:\/\/bxrepsol.s3.eu-west-1.amazonaws.com\/static\/2025\/05\/19102957\/Foto-22-MT.jpg\" alt=\"\" class=\"wp-image-125514\" srcset=\"https:\/\/bxrepsol.s3.eu-west-1.amazonaws.com\/static\/2025\/05\/19102957\/Foto-22-MT.jpg 600w, https:\/\/bxrepsol.s3.eu-west-1.amazonaws.com\/static\/2025\/05\/19102957\/Foto-22-MT-300x200.jpg 300w\" sizes=\"auto, (max-width: 600px) 100vw, 600px\" \/><\/figure>\n\n\n\n<figure class=\"wp-block-image size-full\"><img loading=\"lazy\" decoding=\"async\" width=\"600\" height=\"400\" src=\"https:\/\/bxrepsol.s3.eu-west-1.amazonaws.com\/static\/2025\/05\/19103011\/Foto-23-MT.jpg\" alt=\"\" class=\"wp-image-125516\" srcset=\"https:\/\/bxrepsol.s3.eu-west-1.amazonaws.com\/static\/2025\/05\/19103011\/Foto-23-MT.jpg 600w, https:\/\/bxrepsol.s3.eu-west-1.amazonaws.com\/static\/2025\/05\/19103011\/Foto-23-MT-300x200.jpg 300w\" sizes=\"auto, (max-width: 600px) 100vw, 600px\" \/><\/figure>\n\n\n\n<p><\/p>\n\n\n\n<h3 class=\"wp-block-heading\"><strong>Nolan X-804 RS Ultra Carbon<\/strong><\/h3>\n\n\n\n<ul class=\"wp-block-list\">\n<li><strong>829,99 \u20ac<\/strong>\n<ul class=\"wp-block-list\">\n<li><strong>1.400 gr<\/strong><\/li>\n<\/ul>\n<\/li>\n<\/ul>\n\n\n\n<p>Con calota fabricada en <strong>fibra de carbono<\/strong>, posee un dise\u00f1o muy elaborado, acorde con su nacionalidad italiana. Es un casco deportivo que ofrece una elevada comodidad y, por tanto, es un <strong>modelo muy polivalente<\/strong> que puede ser utilizado todos los d\u00edas de la semana. Cuenta unos <strong>acolchados interiores<\/strong> muy confortables. Posee <strong>doble pantalla<\/strong> con la interior ahumada para proteger del sol. Tambi\u00e9n tiene <strong>huecos en los laterales<\/strong> para que el uso de gafas graduadas no sea un inconveniente. Incluye <strong>l\u00e1mina Pinlock<\/strong> y permite <strong>desmontar el aler\u00f3n trasero<\/strong>. Existe una versi\u00f3n con una decoraci\u00f3n en homenaje al piloto <strong>Carlos Checa (949,99 \u20ac)<\/strong>. Disponible en 8 tallas, desde <strong>XXS hasta XXXL.<\/strong><\/p>\n\n\n\n<figure class=\"wp-block-image size-full\"><img loading=\"lazy\" decoding=\"async\" width=\"600\" height=\"400\" src=\"https:\/\/bxrepsol.s3.eu-west-1.amazonaws.com\/static\/2025\/05\/19103012\/Foto-24-Nolan.jpg\" alt=\"\" class=\"wp-image-125518\" srcset=\"https:\/\/bxrepsol.s3.eu-west-1.amazonaws.com\/static\/2025\/05\/19103012\/Foto-24-Nolan.jpg 600w, https:\/\/bxrepsol.s3.eu-west-1.amazonaws.com\/static\/2025\/05\/19103012\/Foto-24-Nolan-300x200.jpg 300w\" sizes=\"auto, (max-width: 600px) 100vw, 600px\" \/><\/figure>\n\n\n\n<figure class=\"wp-block-image size-full\"><img loading=\"lazy\" decoding=\"async\" width=\"600\" height=\"400\" src=\"https:\/\/bxrepsol.s3.eu-west-1.amazonaws.com\/static\/2025\/05\/19103015\/Foto-25-Nolan.jpg\" alt=\"\" class=\"wp-image-125520\" srcset=\"https:\/\/bxrepsol.s3.eu-west-1.amazonaws.com\/static\/2025\/05\/19103015\/Foto-25-Nolan.jpg 600w, https:\/\/bxrepsol.s3.eu-west-1.amazonaws.com\/static\/2025\/05\/19103015\/Foto-25-Nolan-300x200.jpg 300w\" sizes=\"auto, (max-width: 600px) 100vw, 600px\" \/><\/figure>\n\n\n\n<p><\/p>\n\n\n\n<h3 class=\"wp-block-heading\"><strong>Scorpion Exo R1 Evo Carbon Air Supra<\/strong><\/h3>\n\n\n\n<ul class=\"wp-block-list\">\n<li><strong>450,41 \u20ac<\/strong>\n<ul class=\"wp-block-list\">\n<li><strong>1.350 gr +\/- 50 gr<\/strong><\/li>\n<\/ul>\n<\/li>\n<\/ul>\n\n\n\n<p>Scorpion es otra marca que se caracteriza por la buena relaci\u00f3n calidad-precio de sus productos. Su casco de alta gama es un perfecto ejemplo de ello. Su calota fabricada en <strong>fibra de carbono<\/strong> se ofrece en 3 tama\u00f1os y en su interior incluye un <strong>sistema denominado <\/strong><a href=\"https:\/\/www.boxrepsol.com\/es\/tecnologia\/airpump-o-airfit\/\"><strong>Airfit<\/strong><\/a>, con las <strong>almohadiollas laterales inflables<\/strong> para un perfecto ajuste a la cabeza de su usuario. Incluye una <strong>pantalla transparente<\/strong> y una segunda <strong>ahumada<\/strong>, adem\u00e1s de <strong>Pinlock antivaho<\/strong>. Adem\u00e1s posee <strong>huecos interiores<\/strong> para permitir el uso de gafas graduadas o de sol. Pilotos de la talla de <strong>Alex Rins o \u00c1lvaro Bautista<\/strong> utilizan este modelo de Scorpion. Disponible en 5 tallas, desde <strong>XS hasta XL<\/strong>.<\/p>\n\n\n\n<p>&nbsp;<\/p>\n\n\n\n<figure class=\"wp-block-image size-full\"><img loading=\"lazy\" decoding=\"async\" width=\"600\" height=\"400\" src=\"https:\/\/bxrepsol.s3.eu-west-1.amazonaws.com\/static\/2025\/05\/19103016\/Foto-26-Scorpion.jpg\" alt=\"\" class=\"wp-image-125522\" srcset=\"https:\/\/bxrepsol.s3.eu-west-1.amazonaws.com\/static\/2025\/05\/19103016\/Foto-26-Scorpion.jpg 600w, https:\/\/bxrepsol.s3.eu-west-1.amazonaws.com\/static\/2025\/05\/19103016\/Foto-26-Scorpion-300x200.jpg 300w\" sizes=\"auto, (max-width: 600px) 100vw, 600px\" \/><\/figure>\n\n\n\n<figure class=\"wp-block-image size-full\"><img loading=\"lazy\" decoding=\"async\" width=\"600\" height=\"400\" src=\"https:\/\/bxrepsol.s3.eu-west-1.amazonaws.com\/static\/2025\/05\/19103017\/Foto-27-Scorpion.jpg\" alt=\"\" class=\"wp-image-125524\" srcset=\"https:\/\/bxrepsol.s3.eu-west-1.amazonaws.com\/static\/2025\/05\/19103017\/Foto-27-Scorpion.jpg 600w, https:\/\/bxrepsol.s3.eu-west-1.amazonaws.com\/static\/2025\/05\/19103017\/Foto-27-Scorpion-300x200.jpg 300w\" sizes=\"auto, (max-width: 600px) 100vw, 600px\" \/><\/figure>\n\n\n\n<p><\/p>\n\n\n\n<h3 class=\"wp-block-heading\"><strong>Shark Aeron GP<\/strong><\/h3>\n\n\n\n<ul class=\"wp-block-list\">\n<li><strong>1.079 \u20ac<\/strong>\n<ul class=\"wp-block-list\">\n<li><strong>1.410 gr<\/strong><\/li>\n<\/ul>\n<\/li>\n<\/ul>\n\n\n\n<p>Shark es una firma que destaca por la originalidad de los dise\u00f1os de sus cascos, un aspecto que permite distinguirlos con facilidad. Siempre ha estado muy involucrada en la competici\u00f3n, lo que le ha permitido desarrollar modelos deportivos muy completos y bien elaborados. Los pilotos <strong>Johan Zarco y Ra\u00fal Fern\u00e1ndez<\/strong>, pilotos de la categor\u00eda reina de MotoGP, son sus m\u00e1ximos representantes. El Aeron GP es capaz de adaptar su forma a la posici\u00f3n del piloto, ofreciendo una comodidad dif\u00edcilmente igualable. Su calota est\u00e1 fabricada en <strong>COVA<\/strong>, un compuesto que combina un <strong>80% de fibra de carbono<\/strong> con un <strong>20% de fibra de aramida<\/strong>. Cuenta con un <strong>aler\u00f3n innovador<\/strong> y <strong>flaps adaptativos<\/strong> que modifican su posici\u00f3n en funci\u00f3n de la velocidad. Disponible en 6 tallas, desde <strong>XS hasta XXL.<\/strong><\/p>\n\n\n\n<figure class=\"wp-block-image size-full\"><img loading=\"lazy\" decoding=\"async\" width=\"600\" height=\"400\" src=\"https:\/\/bxrepsol.s3.eu-west-1.amazonaws.com\/static\/2025\/05\/19103020\/Foto-28-Shark.jpg\" alt=\"\" class=\"wp-image-125526\" srcset=\"https:\/\/bxrepsol.s3.eu-west-1.amazonaws.com\/static\/2025\/05\/19103020\/Foto-28-Shark.jpg 600w, https:\/\/bxrepsol.s3.eu-west-1.amazonaws.com\/static\/2025\/05\/19103020\/Foto-28-Shark-300x200.jpg 300w\" sizes=\"auto, (max-width: 600px) 100vw, 600px\" \/><\/figure>\n\n\n\n<figure class=\"wp-block-image size-full\"><img loading=\"lazy\" decoding=\"async\" width=\"600\" height=\"400\" src=\"https:\/\/bxrepsol.s3.eu-west-1.amazonaws.com\/static\/2025\/05\/19103031\/Foto-29-Shark.jpg\" alt=\"\" class=\"wp-image-125528\" srcset=\"https:\/\/bxrepsol.s3.eu-west-1.amazonaws.com\/static\/2025\/05\/19103031\/Foto-29-Shark.jpg 600w, https:\/\/bxrepsol.s3.eu-west-1.amazonaws.com\/static\/2025\/05\/19103031\/Foto-29-Shark-300x200.jpg 300w\" sizes=\"auto, (max-width: 600px) 100vw, 600px\" \/><\/figure>\n\n\n\n<p><\/p>\n\n\n\n<h3 class=\"wp-block-heading\"><strong>Shoei X-SPR Pro<\/strong><\/h3>\n\n\n\n<ul class=\"wp-block-list\">\n<li><strong>899 \u20ac (monocolor 799 \u20ac, r\u00e9plica 949 \u20ac)<\/strong>\n<ul class=\"wp-block-list\">\n<li><strong>1.450 gr<\/strong><\/li>\n<\/ul>\n<\/li>\n<\/ul>\n\n\n\n<p>Shoei es una <strong>marca japonesa<\/strong> que se encuentra en la cima en lo que respecta a dise\u00f1o y calidad de sus productos, los cuales no cesa de evolucionar y mejorar. Prueba de ello es la \u00faltima versi\u00f3n de su <strong>modelo X-Spirit<\/strong>, ahora bautizado como <strong>X-SPR Pro<\/strong>, y que, entre otros, utilizan pilotos de la talla de los hermanos <strong>Marc y \u00c1lex M\u00e1rquez<\/strong>. La calota est\u00e1 fabricada con <strong>tecnolog\u00eda AIM+<\/strong>, que consigue una elevada rigidez y un peso muy bajo. Est\u00e1 compuesta por varias capas de <strong>fibra de vidrio, fibras org\u00e1nicas y otras especiales<\/strong> de alto rendimiento, con una gran capacidad para absorber y distribuir la energ\u00eda de los impactos. Su dise\u00f1o estabilizador garantiza una buena penetraci\u00f3n aerodin\u00e1mica, incluso a velocidades pr\u00f3ximas a los <strong>350 km\/h<\/strong>. Tambi\u00e9n su espacio ocular ha sido redise\u00f1ado, consiguiendo un <strong>campo de visi\u00f3n m\u00e1s amplio<\/strong>. Par mejorar su, ya de por s\u00ed, elevada seguridad, incorpora un <strong>sistema doble de bloqueo de pantalla<\/strong>. La <strong>ventilaci\u00f3n interior<\/strong> tambi\u00e9n ha evolucionado y ahora es a\u00fan m\u00e1s eficiente. Se fabrica en cuatro tama\u00f1os de calota y seis tallas, desde la XS hasta la XXL. De serie incluye <strong>l\u00e1mina Pinlock<\/strong> <strong>antivaho<\/strong>. El interior es adaptativo, con varios tama\u00f1os de carrilleras disponibles. Una <strong>versi\u00f3n r\u00e9plica<\/strong>, como la de Marc M\u00e1rquez, cuesta <strong>949 \u20ac<\/strong>. Disponible en 6 tallas, desde <strong>XS hasta XXL<\/strong>, y cuatro tama\u00f1os de calota.<\/p>\n\n\n\n<figure class=\"wp-block-image size-full\"><img loading=\"lazy\" decoding=\"async\" width=\"600\" height=\"400\" src=\"https:\/\/bxrepsol.s3.eu-west-1.amazonaws.com\/static\/2025\/05\/19103034\/Foto-30-Shoei.jpg\" alt=\"\" class=\"wp-image-125530\" srcset=\"https:\/\/bxrepsol.s3.eu-west-1.amazonaws.com\/static\/2025\/05\/19103034\/Foto-30-Shoei.jpg 600w, https:\/\/bxrepsol.s3.eu-west-1.amazonaws.com\/static\/2025\/05\/19103034\/Foto-30-Shoei-300x200.jpg 300w\" sizes=\"auto, (max-width: 600px) 100vw, 600px\" \/><\/figure>\n\n\n\n<figure class=\"wp-block-image size-full\"><img loading=\"lazy\" decoding=\"async\" width=\"600\" height=\"400\" src=\"https:\/\/bxrepsol.s3.eu-west-1.amazonaws.com\/static\/2025\/05\/19103035\/Foto-31-Shoei.jpg\" alt=\"\" class=\"wp-image-125532\" srcset=\"https:\/\/bxrepsol.s3.eu-west-1.amazonaws.com\/static\/2025\/05\/19103035\/Foto-31-Shoei.jpg 600w, https:\/\/bxrepsol.s3.eu-west-1.amazonaws.com\/static\/2025\/05\/19103035\/Foto-31-Shoei-300x200.jpg 300w\" sizes=\"auto, (max-width: 600px) 100vw, 600px\" \/><\/figure>\n","protected":false},"excerpt":{"rendered":"<p>Los cascos deportivos son la m\u00e1xima expresi\u00f3n en el amplio y variado mundo de los cascos para moto. Para desarrollarlos, las diferentes marcas aprovechan toda su experiencia, adquirida en buena parte en el mundo de la competici\u00f3n. Por ello se puede afirmar que este tipo de cascos son los m\u00e1s seguros y completos del mercado.<\/p>\n","protected":false},"author":41267,"featured_media":125596,"comment_status":"open","ping_status":"closed","sticky":false,"template":"","format":"standard","meta":{"footnotes":""},"categories":[160],"tags":[585],"class_list":["post-125473","post","type-post","status-publish","format-standard","hentry","category-cultura-motera","tag-conduccion"],"yoast_head":"<!-- This site is optimized with the Yoast SEO plugin v27.3 - https:\/\/yoast.com\/product\/yoast-seo-wordpress\/ -->\n<title>Top cascos de moto deportivos de 2025 - Box Repsol<\/title>\n<meta name=\"description\" content=\"Explora las mejores marcas de cascos de moto en 2025. Descubre opciones premium, econ\u00f3micas y especializadas con sus caracter\u00edsticas clave.\" \/>\n<link rel=\"canonical\" href=\"https:\/\/www.boxrepsol.com\/es\/cultura-motera\/mejores-cascos-de-moto-deportivos\/\" \/>\n<meta property=\"og:locale\" content=\"es_ES\" \/>\n<meta property=\"og:type\" content=\"article\" \/>\n<meta property=\"og:title\" content=\"Top cascos de moto deportivos de 2025 - Box Repsol\" \/>\n<meta property=\"og:description\" content=\"Explora las mejores marcas de cascos de moto en 2025. Descubre opciones premium, econ\u00f3micas y especializadas con sus caracter\u00edsticas clave.\" \/>\n<meta property=\"og:url\" content=\"https:\/\/www.boxrepsol.com\/es\/cultura-motera\/mejores-cascos-de-moto-deportivos\/\" \/>\n<meta property=\"og:site_name\" content=\"Box Repsol\" \/>\n<meta property=\"article:publisher\" content=\"https:\/\/www.facebook.com\/BoxRepsol\" \/>\n<meta property=\"article:published_time\" content=\"2025-05-19T14:29:44+00:00\" \/>\n<meta property=\"article:modified_time\" content=\"2025-06-26T10:53:42+00:00\" \/>\n<meta property=\"og:image\" content=\"https:\/\/bxrepsol.s3.eu-west-1.amazonaws.com\/static\/2025\/05\/21134736\/foto-apertura-1-2.png\" \/>\n\t<meta property=\"og:image:width\" content=\"1200\" \/>\n\t<meta property=\"og:image:height\" content=\"600\" \/>\n\t<meta property=\"og:image:type\" content=\"image\/png\" \/>\n<meta name=\"author\" content=\"V\u00edctor Gancedo\" \/>\n<meta name=\"twitter:card\" content=\"summary_large_image\" \/>\n<meta name=\"twitter:creator\" content=\"@box_repsol\" \/>\n<meta name=\"twitter:site\" content=\"@box_repsol\" \/>\n<meta name=\"twitter:label1\" content=\"Written by\" \/>\n\t<meta name=\"twitter:data1\" content=\"V\u00edctor Gancedo\" \/>\n\t<meta name=\"twitter:label2\" content=\"Est. reading time\" \/>\n\t<meta name=\"twitter:data2\" content=\"13 minutos\" \/>\n<script type=\"application\/ld+json\" class=\"yoast-schema-graph\">{\"@context\":\"https:\\\/\\\/schema.org\",\"@graph\":[{\"@type\":\"Article\",\"@id\":\"https:\\\/\\\/www.boxrepsol.com\\\/es\\\/cultura-motera\\\/mejores-cascos-de-moto-deportivos\\\/#article\",\"isPartOf\":{\"@id\":\"https:\\\/\\\/www.boxrepsol.com\\\/es\\\/cultura-motera\\\/mejores-cascos-de-moto-deportivos\\\/\"},\"author\":{\"name\":\"V\u00edctor Gancedo\",\"@id\":\"https:\\\/\\\/www.boxrepsol.com\\\/es\\\/#\\\/schema\\\/person\\\/40c28bf318bbbe8fe3848b194b7385ca\"},\"headline\":\"Top cascos de moto deportivos de 2025\",\"datePublished\":\"2025-05-19T14:29:44+00:00\",\"dateModified\":\"2025-06-26T10:53:42+00:00\",\"mainEntityOfPage\":{\"@id\":\"https:\\\/\\\/www.boxrepsol.com\\\/es\\\/cultura-motera\\\/mejores-cascos-de-moto-deportivos\\\/\"},\"wordCount\":2669,\"commentCount\":2,\"publisher\":{\"@id\":\"https:\\\/\\\/www.boxrepsol.com\\\/es\\\/#organization\"},\"image\":{\"@id\":\"https:\\\/\\\/www.boxrepsol.com\\\/es\\\/cultura-motera\\\/mejores-cascos-de-moto-deportivos\\\/#primaryimage\"},\"thumbnailUrl\":\"https:\\\/\\\/bxrepsol.s3.eu-west-1.amazonaws.com\\\/static\\\/2025\\\/05\\\/21134736\\\/foto-apertura-1-2.png\",\"keywords\":[\"conducci\u00f3n\"],\"articleSection\":[\"Cultura Motera\"],\"inLanguage\":\"es\",\"potentialAction\":[{\"@type\":\"CommentAction\",\"name\":\"Comment\",\"target\":[\"https:\\\/\\\/www.boxrepsol.com\\\/es\\\/cultura-motera\\\/mejores-cascos-de-moto-deportivos\\\/#respond\"]}]},{\"@type\":\"WebPage\",\"@id\":\"https:\\\/\\\/www.boxrepsol.com\\\/es\\\/cultura-motera\\\/mejores-cascos-de-moto-deportivos\\\/\",\"url\":\"https:\\\/\\\/www.boxrepsol.com\\\/es\\\/cultura-motera\\\/mejores-cascos-de-moto-deportivos\\\/\",\"name\":\"Top cascos de moto deportivos de 2025 - Box Repsol\",\"isPartOf\":{\"@id\":\"https:\\\/\\\/www.boxrepsol.com\\\/es\\\/#website\"},\"primaryImageOfPage\":{\"@id\":\"https:\\\/\\\/www.boxrepsol.com\\\/es\\\/cultura-motera\\\/mejores-cascos-de-moto-deportivos\\\/#primaryimage\"},\"image\":{\"@id\":\"https:\\\/\\\/www.boxrepsol.com\\\/es\\\/cultura-motera\\\/mejores-cascos-de-moto-deportivos\\\/#primaryimage\"},\"thumbnailUrl\":\"https:\\\/\\\/bxrepsol.s3.eu-west-1.amazonaws.com\\\/static\\\/2025\\\/05\\\/21134736\\\/foto-apertura-1-2.png\",\"datePublished\":\"2025-05-19T14:29:44+00:00\",\"dateModified\":\"2025-06-26T10:53:42+00:00\",\"description\":\"Explora las mejores marcas de cascos de moto en 2025. Descubre opciones premium, econ\u00f3micas y especializadas con sus caracter\u00edsticas clave.\",\"breadcrumb\":{\"@id\":\"https:\\\/\\\/www.boxrepsol.com\\\/es\\\/cultura-motera\\\/mejores-cascos-de-moto-deportivos\\\/#breadcrumb\"},\"inLanguage\":\"es\",\"potentialAction\":[{\"@type\":\"ReadAction\",\"target\":[\"https:\\\/\\\/www.boxrepsol.com\\\/es\\\/cultura-motera\\\/mejores-cascos-de-moto-deportivos\\\/\"]}]},{\"@type\":\"ImageObject\",\"inLanguage\":\"es\",\"@id\":\"https:\\\/\\\/www.boxrepsol.com\\\/es\\\/cultura-motera\\\/mejores-cascos-de-moto-deportivos\\\/#primaryimage\",\"url\":\"https:\\\/\\\/bxrepsol.s3.eu-west-1.amazonaws.com\\\/static\\\/2025\\\/05\\\/21134736\\\/foto-apertura-1-2.png\",\"contentUrl\":\"https:\\\/\\\/bxrepsol.s3.eu-west-1.amazonaws.com\\\/static\\\/2025\\\/05\\\/21134736\\\/foto-apertura-1-2.png\",\"width\":1200,\"height\":600},{\"@type\":\"BreadcrumbList\",\"@id\":\"https:\\\/\\\/www.boxrepsol.com\\\/es\\\/cultura-motera\\\/mejores-cascos-de-moto-deportivos\\\/#breadcrumb\",\"itemListElement\":[{\"@type\":\"ListItem\",\"position\":1,\"name\":\"Home\",\"item\":\"https:\\\/\\\/www.boxrepsol.com\\\/es\\\/\"},{\"@type\":\"ListItem\",\"position\":2,\"name\":\"Top cascos de moto deportivos de 2025\"}]},{\"@type\":\"WebSite\",\"@id\":\"https:\\\/\\\/www.boxrepsol.com\\\/es\\\/#website\",\"url\":\"https:\\\/\\\/www.boxrepsol.com\\\/es\\\/\",\"name\":\"Box Repsol\",\"description\":\"Box Repsol Site\",\"publisher\":{\"@id\":\"https:\\\/\\\/www.boxrepsol.com\\\/es\\\/#organization\"},\"potentialAction\":[{\"@type\":\"SearchAction\",\"target\":{\"@type\":\"EntryPoint\",\"urlTemplate\":\"https:\\\/\\\/www.boxrepsol.com\\\/es\\\/?s={search_term_string}\"},\"query-input\":{\"@type\":\"PropertyValueSpecification\",\"valueRequired\":true,\"valueName\":\"search_term_string\"}}],\"inLanguage\":\"es\"},{\"@type\":\"Organization\",\"@id\":\"https:\\\/\\\/www.boxrepsol.com\\\/es\\\/#organization\",\"name\":\"Box Repsol\",\"url\":\"https:\\\/\\\/www.boxrepsol.com\\\/es\\\/\",\"logo\":{\"@type\":\"ImageObject\",\"inLanguage\":\"es\",\"@id\":\"https:\\\/\\\/www.boxrepsol.com\\\/es\\\/#\\\/schema\\\/logo\\\/image\\\/\",\"url\":\"https:\\\/\\\/bxrepsol.s3.eu-west-1.amazonaws.com\\\/static\\\/2025\\\/07\\\/30083337\\\/favicon-96x96-1.png\",\"contentUrl\":\"https:\\\/\\\/bxrepsol.s3.eu-west-1.amazonaws.com\\\/static\\\/2025\\\/07\\\/30083337\\\/favicon-96x96-1.png\",\"width\":96,\"height\":96,\"caption\":\"Box Repsol\"},\"image\":{\"@id\":\"https:\\\/\\\/www.boxrepsol.com\\\/es\\\/#\\\/schema\\\/logo\\\/image\\\/\"},\"sameAs\":[\"https:\\\/\\\/www.facebook.com\\\/BoxRepsol\",\"https:\\\/\\\/x.com\\\/box_repsol\",\"http:\\\/\\\/instagram.com\\\/box_repsol\",\"https:\\\/\\\/www.youtube.com\\\/user\\\/RepsolCompeticion\",\"https:\\\/\\\/www.flickr.com\\\/photos\\\/box_repsol\\\/\"]},{\"@type\":\"Person\",\"@id\":\"https:\\\/\\\/www.boxrepsol.com\\\/es\\\/#\\\/schema\\\/person\\\/40c28bf318bbbe8fe3848b194b7385ca\",\"name\":\"V\u00edctor Gancedo\",\"image\":{\"@type\":\"ImageObject\",\"inLanguage\":\"es\",\"@id\":\"https:\\\/\\\/secure.gravatar.com\\\/avatar\\\/cd1439a66fca5d3425cd2a7b13f32cd43e25022a0436c1235ef2a28e14fa660a?s=96&d=mm&r=g\",\"url\":\"https:\\\/\\\/secure.gravatar.com\\\/avatar\\\/cd1439a66fca5d3425cd2a7b13f32cd43e25022a0436c1235ef2a28e14fa660a?s=96&d=mm&r=g\",\"contentUrl\":\"https:\\\/\\\/secure.gravatar.com\\\/avatar\\\/cd1439a66fca5d3425cd2a7b13f32cd43e25022a0436c1235ef2a28e14fa660a?s=96&d=mm&r=g\",\"caption\":\"V\u00edctor Gancedo\"},\"description\":\"Periodista especializado en el mundo de las motos, V\u00edctor ha probado pr\u00e1cticamente todas las que han salido al mercado desde 1990. En su larga trayectoria, ha desempe\u00f1ado cargos como los de Jefe de Pruebas de la revista Motociclismo o Responsable de Pruebas del \u00c1rea de Motos del Grupo Motorpress-Ib\u00e9rica, hoy llamado Sport Life Ib\u00e9rica, al cual sigue vinculado.\",\"sameAs\":[\"https:\\\/\\\/www.instagram.com\\\/vfgancedo\"],\"url\":\"https:\\\/\\\/www.boxrepsol.com\\\/es\\\/author\\\/victor_gancedo\\\/\"}]}<\/script>\n<!-- \/ Yoast SEO plugin. -->","yoast_head_json":{"title":"Top cascos de moto deportivos de 2025 - Box Repsol","description":"Explora las mejores marcas de cascos de moto en 2025. Descubre opciones premium, econ\u00f3micas y especializadas con sus caracter\u00edsticas clave.","canonical":"https:\/\/www.boxrepsol.com\/es\/cultura-motera\/mejores-cascos-de-moto-deportivos\/","og_locale":"es_ES","og_type":"article","og_title":"Top cascos de moto deportivos de 2025 - Box Repsol","og_description":"Explora las mejores marcas de cascos de moto en 2025. Descubre opciones premium, econ\u00f3micas y especializadas con sus caracter\u00edsticas clave.","og_url":"https:\/\/www.boxrepsol.com\/es\/cultura-motera\/mejores-cascos-de-moto-deportivos\/","og_site_name":"Box Repsol","article_publisher":"https:\/\/www.facebook.com\/BoxRepsol","article_published_time":"2025-05-19T14:29:44+00:00","article_modified_time":"2025-06-26T10:53:42+00:00","og_image":[{"width":1200,"height":600,"url":"https:\/\/bxrepsol.s3.eu-west-1.amazonaws.com\/static\/2025\/05\/21134736\/foto-apertura-1-2.png","type":"image\/png"}],"author":"V\u00edctor Gancedo","twitter_card":"summary_large_image","twitter_creator":"@box_repsol","twitter_site":"@box_repsol","twitter_misc":{"Written by":"V\u00edctor Gancedo","Est. reading time":"13 minutos"},"schema":{"@context":"https:\/\/schema.org","@graph":[{"@type":"Article","@id":"https:\/\/www.boxrepsol.com\/es\/cultura-motera\/mejores-cascos-de-moto-deportivos\/#article","isPartOf":{"@id":"https:\/\/www.boxrepsol.com\/es\/cultura-motera\/mejores-cascos-de-moto-deportivos\/"},"author":{"name":"V\u00edctor Gancedo","@id":"https:\/\/www.boxrepsol.com\/es\/#\/schema\/person\/40c28bf318bbbe8fe3848b194b7385ca"},"headline":"Top cascos de moto deportivos de 2025","datePublished":"2025-05-19T14:29:44+00:00","dateModified":"2025-06-26T10:53:42+00:00","mainEntityOfPage":{"@id":"https:\/\/www.boxrepsol.com\/es\/cultura-motera\/mejores-cascos-de-moto-deportivos\/"},"wordCount":2669,"commentCount":2,"publisher":{"@id":"https:\/\/www.boxrepsol.com\/es\/#organization"},"image":{"@id":"https:\/\/www.boxrepsol.com\/es\/cultura-motera\/mejores-cascos-de-moto-deportivos\/#primaryimage"},"thumbnailUrl":"https:\/\/bxrepsol.s3.eu-west-1.amazonaws.com\/static\/2025\/05\/21134736\/foto-apertura-1-2.png","keywords":["conducci\u00f3n"],"articleSection":["Cultura Motera"],"inLanguage":"es","potentialAction":[{"@type":"CommentAction","name":"Comment","target":["https:\/\/www.boxrepsol.com\/es\/cultura-motera\/mejores-cascos-de-moto-deportivos\/#respond"]}]},{"@type":"WebPage","@id":"https:\/\/www.boxrepsol.com\/es\/cultura-motera\/mejores-cascos-de-moto-deportivos\/","url":"https:\/\/www.boxrepsol.com\/es\/cultura-motera\/mejores-cascos-de-moto-deportivos\/","name":"Top cascos de moto deportivos de 2025 - Box Repsol","isPartOf":{"@id":"https:\/\/www.boxrepsol.com\/es\/#website"},"primaryImageOfPage":{"@id":"https:\/\/www.boxrepsol.com\/es\/cultura-motera\/mejores-cascos-de-moto-deportivos\/#primaryimage"},"image":{"@id":"https:\/\/www.boxrepsol.com\/es\/cultura-motera\/mejores-cascos-de-moto-deportivos\/#primaryimage"},"thumbnailUrl":"https:\/\/bxrepsol.s3.eu-west-1.amazonaws.com\/static\/2025\/05\/21134736\/foto-apertura-1-2.png","datePublished":"2025-05-19T14:29:44+00:00","dateModified":"2025-06-26T10:53:42+00:00","description":"Explora las mejores marcas de cascos de moto en 2025. Descubre opciones premium, econ\u00f3micas y especializadas con sus caracter\u00edsticas clave.","breadcrumb":{"@id":"https:\/\/www.boxrepsol.com\/es\/cultura-motera\/mejores-cascos-de-moto-deportivos\/#breadcrumb"},"inLanguage":"es","potentialAction":[{"@type":"ReadAction","target":["https:\/\/www.boxrepsol.com\/es\/cultura-motera\/mejores-cascos-de-moto-deportivos\/"]}]},{"@type":"ImageObject","inLanguage":"es","@id":"https:\/\/www.boxrepsol.com\/es\/cultura-motera\/mejores-cascos-de-moto-deportivos\/#primaryimage","url":"https:\/\/bxrepsol.s3.eu-west-1.amazonaws.com\/static\/2025\/05\/21134736\/foto-apertura-1-2.png","contentUrl":"https:\/\/bxrepsol.s3.eu-west-1.amazonaws.com\/static\/2025\/05\/21134736\/foto-apertura-1-2.png","width":1200,"height":600},{"@type":"BreadcrumbList","@id":"https:\/\/www.boxrepsol.com\/es\/cultura-motera\/mejores-cascos-de-moto-deportivos\/#breadcrumb","itemListElement":[{"@type":"ListItem","position":1,"name":"Home","item":"https:\/\/www.boxrepsol.com\/es\/"},{"@type":"ListItem","position":2,"name":"Top cascos de moto deportivos de 2025"}]},{"@type":"WebSite","@id":"https:\/\/www.boxrepsol.com\/es\/#website","url":"https:\/\/www.boxrepsol.com\/es\/","name":"Box Repsol","description":"Box Repsol Site","publisher":{"@id":"https:\/\/www.boxrepsol.com\/es\/#organization"},"potentialAction":[{"@type":"SearchAction","target":{"@type":"EntryPoint","urlTemplate":"https:\/\/www.boxrepsol.com\/es\/?s={search_term_string}"},"query-input":{"@type":"PropertyValueSpecification","valueRequired":true,"valueName":"search_term_string"}}],"inLanguage":"es"},{"@type":"Organization","@id":"https:\/\/www.boxrepsol.com\/es\/#organization","name":"Box Repsol","url":"https:\/\/www.boxrepsol.com\/es\/","logo":{"@type":"ImageObject","inLanguage":"es","@id":"https:\/\/www.boxrepsol.com\/es\/#\/schema\/logo\/image\/","url":"https:\/\/bxrepsol.s3.eu-west-1.amazonaws.com\/static\/2025\/07\/30083337\/favicon-96x96-1.png","contentUrl":"https:\/\/bxrepsol.s3.eu-west-1.amazonaws.com\/static\/2025\/07\/30083337\/favicon-96x96-1.png","width":96,"height":96,"caption":"Box Repsol"},"image":{"@id":"https:\/\/www.boxrepsol.com\/es\/#\/schema\/logo\/image\/"},"sameAs":["https:\/\/www.facebook.com\/BoxRepsol","https:\/\/x.com\/box_repsol","http:\/\/instagram.com\/box_repsol","https:\/\/www.youtube.com\/user\/RepsolCompeticion","https:\/\/www.flickr.com\/photos\/box_repsol\/"]},{"@type":"Person","@id":"https:\/\/www.boxrepsol.com\/es\/#\/schema\/person\/40c28bf318bbbe8fe3848b194b7385ca","name":"V\u00edctor Gancedo","image":{"@type":"ImageObject","inLanguage":"es","@id":"https:\/\/secure.gravatar.com\/avatar\/cd1439a66fca5d3425cd2a7b13f32cd43e25022a0436c1235ef2a28e14fa660a?s=96&d=mm&r=g","url":"https:\/\/secure.gravatar.com\/avatar\/cd1439a66fca5d3425cd2a7b13f32cd43e25022a0436c1235ef2a28e14fa660a?s=96&d=mm&r=g","contentUrl":"https:\/\/secure.gravatar.com\/avatar\/cd1439a66fca5d3425cd2a7b13f32cd43e25022a0436c1235ef2a28e14fa660a?s=96&d=mm&r=g","caption":"V\u00edctor Gancedo"},"description":"Periodista especializado en el mundo de las motos, V\u00edctor ha probado pr\u00e1cticamente todas las que han salido al mercado desde 1990. En su larga trayectoria, ha desempe\u00f1ado cargos como los de Jefe de Pruebas de la revista Motociclismo o Responsable de Pruebas del \u00c1rea de Motos del Grupo Motorpress-Ib\u00e9rica, hoy llamado Sport Life Ib\u00e9rica, al cual sigue vinculado.","sameAs":["https:\/\/www.instagram.com\/vfgancedo"],"url":"https:\/\/www.boxrepsol.com\/es\/author\/victor_gancedo\/"}]}},"_links":{"self":[{"href":"https:\/\/www.boxrepsol.com\/es\/wp-json\/wp\/v2\/posts\/125473","targetHints":{"allow":["GET"]}}],"collection":[{"href":"https:\/\/www.boxrepsol.com\/es\/wp-json\/wp\/v2\/posts"}],"about":[{"href":"https:\/\/www.boxrepsol.com\/es\/wp-json\/wp\/v2\/types\/post"}],"author":[{"embeddable":true,"href":"https:\/\/www.boxrepsol.com\/es\/wp-json\/wp\/v2\/users\/41267"}],"replies":[{"embeddable":true,"href":"https:\/\/www.boxrepsol.com\/es\/wp-json\/wp\/v2\/comments?post=125473"}],"version-history":[{"count":3,"href":"https:\/\/www.boxrepsol.com\/es\/wp-json\/wp\/v2\/posts\/125473\/revisions"}],"predecessor-version":[{"id":125601,"href":"https:\/\/www.boxrepsol.com\/es\/wp-json\/wp\/v2\/posts\/125473\/revisions\/125601"}],"wp:featuredmedia":[{"embeddable":true,"href":"https:\/\/www.boxrepsol.com\/es\/wp-json\/wp\/v2\/media\/125596"}],"wp:attachment":[{"href":"https:\/\/www.boxrepsol.com\/es\/wp-json\/wp\/v2\/media?parent=125473"}],"wp:term":[{"taxonomy":"category","embeddable":true,"href":"https:\/\/www.boxrepsol.com\/es\/wp-json\/wp\/v2\/categories?post=125473"},{"taxonomy":"post_tag","embeddable":true,"href":"https:\/\/www.boxrepsol.com\/es\/wp-json\/wp\/v2\/tags?post=125473"}],"curies":[{"name":"wp","href":"https:\/\/api.w.org\/{rel}","templated":true}]}}