{"id":125426,"date":"2025-05-19T10:20:06","date_gmt":"2025-05-19T12:20:06","guid":{"rendered":"https:\/\/www.boxrepsol.com\/?p=125426"},"modified":"2025-07-23T07:42:06","modified_gmt":"2025-07-23T09:42:06","slug":"exigente-fin-de-semana-cachon-rozada-rally-portugal","status":"publish","type":"post","link":"https:\/\/www.boxrepsol.com\/es\/rally\/exigente-fin-de-semana-cachon-rozada-rally-portugal\/","title":{"rendered":"Exigente fin de semana para Cach\u00f3n y Rozada en el Rally de Portugal"},"content":{"rendered":"<figure class=\"wp-block-post-featured-image\"><img loading=\"lazy\" decoding=\"async\" width=\"1200\" height=\"600\" src=\"https:\/\/bxrepsol.s3.eu-west-1.amazonaws.com\/static\/2025\/05\/19113003\/Diseno-sin-titulo.jpg\" class=\"attachment-post-thumbnail size-post-thumbnail wp-post-image\" alt=\"alejandro cach\u00f3n en el rally de portugal 2025\" style=\"object-fit:cover;\" srcset=\"https:\/\/bxrepsol.s3.eu-west-1.amazonaws.com\/static\/2025\/05\/19113003\/Diseno-sin-titulo.jpg 1200w, https:\/\/bxrepsol.s3.eu-west-1.amazonaws.com\/static\/2025\/05\/19113003\/Diseno-sin-titulo-300x150.jpg 300w, https:\/\/bxrepsol.s3.eu-west-1.amazonaws.com\/static\/2025\/05\/19113003\/Diseno-sin-titulo-1024x512.jpg 1024w, https:\/\/bxrepsol.s3.eu-west-1.amazonaws.com\/static\/2025\/05\/19113003\/Diseno-sin-titulo-768x384.jpg 768w\" sizes=\"auto, (max-width: 1200px) 100vw, 1200px\" \/><\/figure>\n\n\n<p><\/p>\n\n\n\n<p><strong>Alejandro Cach\u00f3n<\/strong> y <strong>Borja Rozada<\/strong> iniciaron el <strong>Rally de Portugal<\/strong> con gran ambici\u00f3n, conscientes de que el <strong>Toyota GR Yaris Rally2<\/strong> es un veh\u00edculo competitivo en tierra. Sin embargo, las suspensiones configuradas  no aportaron el agarre deseado durante la jornada. Esto les impidi\u00f3 encontrar el ritmo \u00f3ptimo desde el primer tramo, acabando la jornada inaugural a 2 min 00 s del piloto l\u00edder, Oliver Solberg.<\/p>\n\n\n\n<p>Durante la segunda etapa se redujeron diferencias, firmando <strong>dos quintos puestos<\/strong> en especiales y manteniendo la <strong>sexta posici\u00f3n<\/strong> a pesar de un ligero impacto en el tramo espect\u00e1culo. Sin embargo, en la \u00faltima etapa una rueda destalonada y un posterior pinchazo les obligaron al <strong>abandono<\/strong> por falta de repuestos. Finalmente, tras la carrera, se ubic\u00f3 en la d\u00e9cima posici\u00f3n de la clasificaci\u00f3n general y en la s\u00e9ptima del WRC2 Challenger.<\/p>\n\n\n\n<p>La <strong>victoria en WRC2<\/strong> correspondi\u00f3 finalmente a <strong>Oliver Solberg<\/strong>, tambi\u00e9n al volante de un Toyota GR Yaris Rally2. El balance global del equipo <strong>TOYOTA GAZOO Racing Spain <\/strong>y<strong> Teo Mart\u00edn Motorsport<\/strong> es positivo por la experiencia y los datos obtenidos. Finalmente<\/p>\n\n\n\n<p>La pr\u00f3xima cita para Cach\u00f3n y Rozada ser\u00e1 el <strong>Rally de Cerde\u00f1a<\/strong>, del 5 al 8 de junio, otra prueba sobre tierra donde buscar\u00e1n aprender de los errores en Portugal, y afianzar su progreso en la competici\u00f3n.<\/p>\n\n\n\n<p class=\"has-black-color has-text-color has-link-color wp-elements-9ac00cf961d1ea846fe5a532228b76c6\"><\/p>\n\n\n\n<div id=\"20e40ef4-94d0-4b11-8ba0-5961b2069f5b\" class=\"br-slider-box\"><div class=\"wp-block-create-block-repsol-carousel br-slider\"><a target=\"_blank\" href=\"https:\/\/bxrepsol.s3.eu-west-1.amazonaws.com\/static\/2025\/05\/19101850\/8.jpg\" data-index=\"0\" rel=\"noopener\"><img decoding=\"async\" src=\"https:\/\/bxrepsol.s3.eu-west-1.amazonaws.com\/static\/2025\/05\/19101850\/8.jpg\"\/><\/a><a target=\"_blank\" href=\"https:\/\/bxrepsol.s3.eu-west-1.amazonaws.com\/static\/2025\/05\/19101849\/7.jpg\" data-index=\"1\" rel=\"noopener\"><img decoding=\"async\" src=\"https:\/\/bxrepsol.s3.eu-west-1.amazonaws.com\/static\/2025\/05\/19101849\/7.jpg\"\/><\/a><a target=\"_blank\" href=\"https:\/\/bxrepsol.s3.eu-west-1.amazonaws.com\/static\/2025\/05\/19101848\/6.jpg\" data-index=\"2\" rel=\"noopener\"><img decoding=\"async\" src=\"https:\/\/bxrepsol.s3.eu-west-1.amazonaws.com\/static\/2025\/05\/19101848\/6.jpg\"\/><\/a><a target=\"_blank\" href=\"https:\/\/bxrepsol.s3.eu-west-1.amazonaws.com\/static\/2025\/05\/19101844\/5-1-1.jpg\" data-index=\"3\" rel=\"noopener\"><img decoding=\"async\" src=\"https:\/\/bxrepsol.s3.eu-west-1.amazonaws.com\/static\/2025\/05\/19101844\/5-1-1.jpg\"\/><\/a><a target=\"_blank\" href=\"https:\/\/bxrepsol.s3.eu-west-1.amazonaws.com\/static\/2025\/05\/19101840\/4-1-1.jpg\" data-index=\"4\" rel=\"noopener\"><img decoding=\"async\" src=\"https:\/\/bxrepsol.s3.eu-west-1.amazonaws.com\/static\/2025\/05\/19101840\/4-1-1.jpg\"\/><\/a><a target=\"_blank\" href=\"https:\/\/bxrepsol.s3.eu-west-1.amazonaws.com\/static\/2025\/05\/19101837\/3-1-1.jpg\" data-index=\"5\" rel=\"noopener\"><img decoding=\"async\" src=\"https:\/\/bxrepsol.s3.eu-west-1.amazonaws.com\/static\/2025\/05\/19101837\/3-1-1.jpg\"\/><\/a><a target=\"_blank\" href=\"https:\/\/bxrepsol.s3.eu-west-1.amazonaws.com\/static\/2025\/05\/19101833\/2-1-1.jpg\" data-index=\"6\" rel=\"noopener\"><img decoding=\"async\" src=\"https:\/\/bxrepsol.s3.eu-west-1.amazonaws.com\/static\/2025\/05\/19101833\/2-1-1.jpg\"\/><\/a><a target=\"_blank\" href=\"https:\/\/bxrepsol.s3.eu-west-1.amazonaws.com\/static\/2025\/05\/19101829\/1-1.jpg\" data-index=\"7\" rel=\"noopener\"><img decoding=\"async\" src=\"https:\/\/bxrepsol.s3.eu-west-1.amazonaws.com\/static\/2025\/05\/19101829\/1-1.jpg\"\/><\/a><\/div><div class=\"br-slider-buttons\"><button class=\"arrow rds-icon arrow--left rds-icon-Arrow_left\"><\/button><button class=\"arrow rds-icon arrow--right rds-icon-Arrow_right\"><\/button><\/div><\/div>\n\n\n\n<div id=\"ez-toc-container\" class=\"ez-toc-v2_0_82_2 counter-hierarchy ez-toc-counter ez-toc-grey ez-toc-container-direction\">\n<div class=\"ez-toc-title-container\">\n<p class=\"ez-toc-title\" style=\"cursor:inherit\">\u00cdndice<\/p>\n<span class=\"ez-toc-title-toggle\"><a href=\"#\" class=\"ez-toc-pull-right ez-toc-btn ez-toc-btn-xs ez-toc-btn-default ez-toc-toggle\" aria-label=\"Toggle Table of Content\"><span class=\"ez-toc-js-icon-con\"><span class=\"\"><span class=\"eztoc-hide\" style=\"display:none;\">Toggle<\/span><span class=\"ez-toc-icon-toggle-span\"><svg style=\"fill: #999;color:#999\" xmlns=\"http:\/\/www.w3.org\/2000\/svg\" class=\"list-377408\" width=\"20px\" height=\"20px\" viewBox=\"0 0 24 24\" fill=\"none\"><path d=\"M6 6H4v2h2V6zm14 0H8v2h12V6zM4 11h2v2H4v-2zm16 0H8v2h12v-2zM4 16h2v2H4v-2zm16 0H8v2h12v-2z\" fill=\"currentColor\"><\/path><\/svg><svg style=\"fill: #999;color:#999\" class=\"arrow-unsorted-368013\" xmlns=\"http:\/\/www.w3.org\/2000\/svg\" width=\"10px\" height=\"10px\" viewBox=\"0 0 24 24\" version=\"1.2\" baseProfile=\"tiny\"><path d=\"M18.2 9.3l-6.2-6.3-6.2 6.3c-.2.2-.3.4-.3.7s.1.5.3.7c.2.2.4.3.7.3h11c.3 0 .5-.1.7-.3.2-.2.3-.5.3-.7s-.1-.5-.3-.7zM5.8 14.7l6.2 6.3 6.2-6.3c.2-.2.3-.5.3-.7s-.1-.5-.3-.7c-.2-.2-.4-.3-.7-.3h-11c-.3 0-.5.1-.7.3-.2.2-.3.5-.3.7s.1.5.3.7z\"\/><\/svg><\/span><\/span><\/span><\/a><\/span><\/div>\n<nav><ul class='ez-toc-list ez-toc-list-level-1 ' ><li class='ez-toc-page-1 ez-toc-heading-level-2'><a class=\"ez-toc-link ez-toc-heading-1\" href=\"https:\/\/www.boxrepsol.com\/es\/rally\/exigente-fin-de-semana-cachon-rozada-rally-portugal\/#Clasificacion_Final_Rallye_Portugal\" >Clasificaci\u00f3n Final Rallye Portugal<\/a><\/li><li class='ez-toc-page-1 ez-toc-heading-level-2'><a class=\"ez-toc-link ez-toc-heading-2\" href=\"https:\/\/www.boxrepsol.com\/es\/rally\/exigente-fin-de-semana-cachon-rozada-rally-portugal\/#Clasificacion_WRC2\" >Clasificaci\u00f3n WRC2<\/a><\/li><li class='ez-toc-page-1 ez-toc-heading-level-2'><a class=\"ez-toc-link ez-toc-heading-3\" href=\"https:\/\/www.boxrepsol.com\/es\/rally\/exigente-fin-de-semana-cachon-rozada-rally-portugal\/#Clasificacion_wrc2_Challenger\" >Clasificaci\u00f3n wrc2 Challenger<\/a><\/li><li class='ez-toc-page-1 ez-toc-heading-level-2'><a class=\"ez-toc-link ez-toc-heading-4\" href=\"https:\/\/www.boxrepsol.com\/es\/rally\/exigente-fin-de-semana-cachon-rozada-rally-portugal\/#DECLARACIONES\" >DECLARACIONES<\/a><\/li><\/ul><\/nav><\/div>\n<h2 class=\"wp-block-heading\"><span class=\"ez-toc-section\" id=\"Clasificacion_Final_Rallye_Portugal\"><\/span><strong>Clasificaci\u00f3n Final Rallye Portugal<\/strong><span class=\"ez-toc-section-end\"><\/span><\/h2>\n\n\n\n<figure class=\"wp-block-table is-style-stripes\"><table><tbody><tr><td><strong>PILOTO<\/strong><\/td><td><strong>EQUIPO<\/strong><\/td><td><strong>PUNTOS<\/strong><\/td><\/tr><tr><td>1. Oliver Solberg \/ Elliott Edmondson<\/td><td>Toyota GR Yaris Rally2<\/td><td>3:57:51.5<\/td><\/tr><tr><td>2. Yohan Rossel \/ Arnaud Dunand<\/td><td>Citro\u00ebn C3 Rally2<\/td><td>a 51.8<\/td><\/tr><tr><td>3. Gus Greensmith \/ Jonas Andersson<\/td><td>Skoda Fabia RS Rally2<\/td><td>a 1:08.2<\/td><\/tr><\/tbody><\/table><\/figure>\n\n\n\n<h2 class=\"wp-block-heading\"><span class=\"ez-toc-section\" id=\"Clasificacion_WRC2\"><\/span><strong>Clasificaci\u00f3n WRC2<\/strong><span class=\"ez-toc-section-end\"><\/span><\/h2>\n\n\n\n<figure class=\"wp-block-table is-style-stripes\"><table><tbody><tr><td><strong>PILOTO<\/strong><\/td><td><strong>PUNTOS<\/strong><\/td><\/tr><tr><td>1. Yohan Rossel<\/td><td>67 puntos<\/td><\/tr><tr><td>2. Oliver Solberg<\/td><td>60 puntos<\/td><\/tr><tr><td>3. Gus Greensmith<\/td><td>40 puntos<\/td><\/tr><tr><td>4. Roope Korhonen<\/td><td>29 puntos<\/td><\/tr><tr><td>5. Jan Solans<\/td><td>27 puntos<\/td><\/tr><tr><td>&#8230;<\/td><td>&#8230;<\/td><\/tr><tr><td><strong>10. Alejandro Cach\u00f3n<\/strong><\/td><td><strong>17 puntos<\/strong><\/td><\/tr><\/tbody><\/table><\/figure>\n\n\n\n<h2 class=\"wp-block-heading\"><span class=\"ez-toc-section\" id=\"Clasificacion_wrc2_Challenger\"><\/span><strong>Clasificaci\u00f3n wrc2 Challenger<\/strong><span class=\"ez-toc-section-end\"><\/span><\/h2>\n\n\n\n<figure class=\"wp-block-table is-style-stripes\"><table><tbody><tr><td><strong>PILOTO<\/strong><\/td><td><strong>PUNTOS<\/strong><\/td><\/tr><tr><td>1. Roope Korhonen<\/td><td>50 puntos<\/td><\/tr><tr><td>2. Jan Solans<\/td><td>42 puntos<\/td><\/tr><tr><td>3. Roberto Dapr\u00e1<\/td><td>40 puntos<\/td><\/tr><tr><td>&#8230;<\/td><td>&#8230;<\/td><\/tr><tr><td><strong>7. Alejandro Cach\u00f3n<\/strong><\/td><td><strong>25 puntos<\/strong><\/td><\/tr><\/tbody><\/table><\/figure>\n\n\n\n<p><\/p>\n\n\n\n<h2 class=\"wp-block-heading\"><span class=\"ez-toc-section\" id=\"DECLARACIONES\"><\/span><strong>DECLARACIONES<\/strong><span class=\"ez-toc-section-end\"><\/span><\/h2>\n\n\n\n<p class=\"has-medium-font-size\"><strong>ALEJANDRO CACH\u00d3N (PILOTO)<\/strong><\/p>\n\n\n\n<p class=\"has-black-color has-text-color has-link-color wp-elements-e14fdab5c2070bec45d033ff811535bc\">\u201cHa sido una pena no haber podido terminar el rally porque hubi\u00e9semos sumado algunos puntos de cara al campeonato. La parte buena es que hemos hecho muchos kil\u00f3metros sobre tierra con el neum\u00e1tico nuevo, que nos vendr\u00e1n muy bien de cara al Rally de Cerde\u00f1a, y como siempre gracias al equipo por el esfuerzo que ha hecho\u201d.<\/p>\n\n\n\n<p class=\"has-medium-font-size\"><strong>BORJA ROZADA (COPILOTO)<\/strong><\/p>\n\n\n\n<p class=\"has-black-color has-text-color has-link-color wp-elements-3beb59d21d1e8514c772a3d638d61154\">\u201cEl balance del rallye por un lado es positivo, porque pudimos realizar casi un rallye de tierra entero con los neum\u00e1ticos nuevos y eso nos sirve para recabar mucha informaci\u00f3n y sobre todo porque no tuvimos unos test puros en tierra, sino que fueron en barro y no nos permitieron sacar conclusiones claras. Y por otro lado, es una pena que pod\u00edamos haber terminado quintos o sextos y haber sumado puntos determinantes de cara al campeonato tanto de WRC2 como de WRC2 Challenger. Ahora ya toca pensar en Cerde\u00f1a para prepararlo de la mejor forma posible\u201d.<\/p>\n","protected":false},"excerpt":{"rendered":"<p>Alejandro Cach\u00f3n y Borja Rozada abandonaron en la \u00faltima etapa del Rally de Portugal tras destalonar y pinchar dos ruedas. Pese al contratiempo, el equipo extrae conclusiones positivas del rendimiento.<\/p>\n","protected":false},"author":43146,"featured_media":125541,"comment_status":"open","ping_status":"closed","sticky":false,"template":"","format":"standard","meta":{"footnotes":""},"categories":[27],"tags":[563,565,572,356,564,562],"class_list":["post-125426","post","type-post","status-publish","format-standard","hentry","category-rally","tag-alejandro-cachon","tag-borja-rozada","tag-rallye-de-canarias","tag-resultados","tag-toyotagazooracing","tag-wrc2"],"yoast_head":"<!-- This site is optimized with the Yoast SEO plugin v27.3 - https:\/\/yoast.com\/product\/yoast-seo-wordpress\/ -->\n<title>Resultados y resumen del Rally de Portugal 2025 - Box Repsol<\/title>\n<meta name=\"description\" content=\"Consulta aqu\u00ed los resultados y el resumen de la carrera del Rallye de Canarias 2025\" \/>\n<link rel=\"canonical\" href=\"https:\/\/www.boxrepsol.com\/es\/rally\/exigente-fin-de-semana-cachon-rozada-rally-portugal\/\" \/>\n<meta property=\"og:locale\" content=\"es_ES\" \/>\n<meta property=\"og:type\" content=\"article\" \/>\n<meta property=\"og:title\" content=\"Resultados y resumen del Rally de Portugal 2025 - Box Repsol\" \/>\n<meta property=\"og:description\" content=\"Consulta aqu\u00ed los resultados y el resumen de la carrera del Rallye de Canarias 2025\" \/>\n<meta property=\"og:url\" content=\"https:\/\/www.boxrepsol.com\/es\/rally\/exigente-fin-de-semana-cachon-rozada-rally-portugal\/\" \/>\n<meta property=\"og:site_name\" content=\"Box Repsol\" \/>\n<meta property=\"article:publisher\" content=\"https:\/\/www.facebook.com\/BoxRepsol\" \/>\n<meta property=\"article:author\" content=\"https:\/\/www.facebook.com\/BoxRepsol\/\" \/>\n<meta property=\"article:published_time\" content=\"2025-05-19T12:20:06+00:00\" \/>\n<meta property=\"article:modified_time\" content=\"2025-07-23T09:42:06+00:00\" \/>\n<meta property=\"og:image\" content=\"https:\/\/bxrepsol.s3.eu-west-1.amazonaws.com\/static\/2025\/05\/19113003\/Diseno-sin-titulo.jpg\" \/>\n\t<meta property=\"og:image:width\" content=\"1200\" \/>\n\t<meta property=\"og:image:height\" content=\"600\" \/>\n\t<meta property=\"og:image:type\" content=\"image\/jpeg\" \/>\n<meta name=\"author\" content=\"Redacci\u00f3n Box Repsol\" \/>\n<meta name=\"twitter:card\" content=\"summary_large_image\" \/>\n<meta name=\"twitter:creator\" content=\"@https:\/\/twitter.com\/box_repsol\" \/>\n<meta name=\"twitter:site\" content=\"@box_repsol\" \/>\n<meta name=\"twitter:label1\" content=\"Written by\" \/>\n\t<meta name=\"twitter:data1\" content=\"Redacci\u00f3n Box Repsol\" \/>\n\t<meta name=\"twitter:label2\" content=\"Est. reading time\" \/>\n\t<meta name=\"twitter:data2\" content=\"2 minutos\" \/>\n<script type=\"application\/ld+json\" class=\"yoast-schema-graph\">{\"@context\":\"https:\\\/\\\/schema.org\",\"@graph\":[{\"@type\":\"Article\",\"@id\":\"https:\\\/\\\/www.boxrepsol.com\\\/es\\\/rally\\\/exigente-fin-de-semana-cachon-rozada-rally-portugal\\\/#article\",\"isPartOf\":{\"@id\":\"https:\\\/\\\/www.boxrepsol.com\\\/es\\\/rally\\\/exigente-fin-de-semana-cachon-rozada-rally-portugal\\\/\"},\"author\":{\"name\":\"Redacci\u00f3n Box Repsol\",\"@id\":\"https:\\\/\\\/www.boxrepsol.com\\\/es\\\/#\\\/schema\\\/person\\\/c5c2138f2cca251b0ad92b7086bb60b7\"},\"headline\":\"Exigente fin de semana para Cach\u00f3n y Rozada en el Rally de Portugal\",\"datePublished\":\"2025-05-19T12:20:06+00:00\",\"dateModified\":\"2025-07-23T09:42:06+00:00\",\"mainEntityOfPage\":{\"@id\":\"https:\\\/\\\/www.boxrepsol.com\\\/es\\\/rally\\\/exigente-fin-de-semana-cachon-rozada-rally-portugal\\\/\"},\"wordCount\":487,\"commentCount\":0,\"publisher\":{\"@id\":\"https:\\\/\\\/www.boxrepsol.com\\\/es\\\/#organization\"},\"image\":{\"@id\":\"https:\\\/\\\/www.boxrepsol.com\\\/es\\\/rally\\\/exigente-fin-de-semana-cachon-rozada-rally-portugal\\\/#primaryimage\"},\"thumbnailUrl\":\"https:\\\/\\\/bxrepsol.s3.eu-west-1.amazonaws.com\\\/static\\\/2025\\\/05\\\/19113003\\\/Diseno-sin-titulo.jpg\",\"keywords\":[\"Alejandro Cach\u00f3n\",\"Borja Rozada\",\"Rallye de Canarias\",\"Resultados\",\"ToyotaGazooRacing\",\"WRC2\"],\"articleSection\":[\"Rally\"],\"inLanguage\":\"es\",\"potentialAction\":[{\"@type\":\"CommentAction\",\"name\":\"Comment\",\"target\":[\"https:\\\/\\\/www.boxrepsol.com\\\/es\\\/rally\\\/exigente-fin-de-semana-cachon-rozada-rally-portugal\\\/#respond\"]}]},{\"@type\":\"WebPage\",\"@id\":\"https:\\\/\\\/www.boxrepsol.com\\\/es\\\/rally\\\/exigente-fin-de-semana-cachon-rozada-rally-portugal\\\/\",\"url\":\"https:\\\/\\\/www.boxrepsol.com\\\/es\\\/rally\\\/exigente-fin-de-semana-cachon-rozada-rally-portugal\\\/\",\"name\":\"Resultados y resumen del Rally de Portugal 2025 - Box Repsol\",\"isPartOf\":{\"@id\":\"https:\\\/\\\/www.boxrepsol.com\\\/es\\\/#website\"},\"primaryImageOfPage\":{\"@id\":\"https:\\\/\\\/www.boxrepsol.com\\\/es\\\/rally\\\/exigente-fin-de-semana-cachon-rozada-rally-portugal\\\/#primaryimage\"},\"image\":{\"@id\":\"https:\\\/\\\/www.boxrepsol.com\\\/es\\\/rally\\\/exigente-fin-de-semana-cachon-rozada-rally-portugal\\\/#primaryimage\"},\"thumbnailUrl\":\"https:\\\/\\\/bxrepsol.s3.eu-west-1.amazonaws.com\\\/static\\\/2025\\\/05\\\/19113003\\\/Diseno-sin-titulo.jpg\",\"datePublished\":\"2025-05-19T12:20:06+00:00\",\"dateModified\":\"2025-07-23T09:42:06+00:00\",\"description\":\"Consulta aqu\u00ed los resultados y el resumen de la carrera del Rallye de Canarias 2025\",\"breadcrumb\":{\"@id\":\"https:\\\/\\\/www.boxrepsol.com\\\/es\\\/rally\\\/exigente-fin-de-semana-cachon-rozada-rally-portugal\\\/#breadcrumb\"},\"inLanguage\":\"es\",\"potentialAction\":[{\"@type\":\"ReadAction\",\"target\":[\"https:\\\/\\\/www.boxrepsol.com\\\/es\\\/rally\\\/exigente-fin-de-semana-cachon-rozada-rally-portugal\\\/\"]}]},{\"@type\":\"ImageObject\",\"inLanguage\":\"es\",\"@id\":\"https:\\\/\\\/www.boxrepsol.com\\\/es\\\/rally\\\/exigente-fin-de-semana-cachon-rozada-rally-portugal\\\/#primaryimage\",\"url\":\"https:\\\/\\\/bxrepsol.s3.eu-west-1.amazonaws.com\\\/static\\\/2025\\\/05\\\/19113003\\\/Diseno-sin-titulo.jpg\",\"contentUrl\":\"https:\\\/\\\/bxrepsol.s3.eu-west-1.amazonaws.com\\\/static\\\/2025\\\/05\\\/19113003\\\/Diseno-sin-titulo.jpg\",\"width\":1200,\"height\":600,\"caption\":\"alejandro cach\u00f3n en el rally de portugal 2025\"},{\"@type\":\"BreadcrumbList\",\"@id\":\"https:\\\/\\\/www.boxrepsol.com\\\/es\\\/rally\\\/exigente-fin-de-semana-cachon-rozada-rally-portugal\\\/#breadcrumb\",\"itemListElement\":[{\"@type\":\"ListItem\",\"position\":1,\"name\":\"Home\",\"item\":\"https:\\\/\\\/www.boxrepsol.com\\\/es\\\/\"},{\"@type\":\"ListItem\",\"position\":2,\"name\":\"Exigente fin de semana para Cach\u00f3n y Rozada en el Rally de Portugal\"}]},{\"@type\":\"WebSite\",\"@id\":\"https:\\\/\\\/www.boxrepsol.com\\\/es\\\/#website\",\"url\":\"https:\\\/\\\/www.boxrepsol.com\\\/es\\\/\",\"name\":\"Box Repsol\",\"description\":\"Box Repsol Site\",\"publisher\":{\"@id\":\"https:\\\/\\\/www.boxrepsol.com\\\/es\\\/#organization\"},\"potentialAction\":[{\"@type\":\"SearchAction\",\"target\":{\"@type\":\"EntryPoint\",\"urlTemplate\":\"https:\\\/\\\/www.boxrepsol.com\\\/es\\\/?s={search_term_string}\"},\"query-input\":{\"@type\":\"PropertyValueSpecification\",\"valueRequired\":true,\"valueName\":\"search_term_string\"}}],\"inLanguage\":\"es\"},{\"@type\":\"Organization\",\"@id\":\"https:\\\/\\\/www.boxrepsol.com\\\/es\\\/#organization\",\"name\":\"Box Repsol\",\"url\":\"https:\\\/\\\/www.boxrepsol.com\\\/es\\\/\",\"logo\":{\"@type\":\"ImageObject\",\"inLanguage\":\"es\",\"@id\":\"https:\\\/\\\/www.boxrepsol.com\\\/es\\\/#\\\/schema\\\/logo\\\/image\\\/\",\"url\":\"https:\\\/\\\/bxrepsol.s3.eu-west-1.amazonaws.com\\\/static\\\/2025\\\/07\\\/30083337\\\/favicon-96x96-1.png\",\"contentUrl\":\"https:\\\/\\\/bxrepsol.s3.eu-west-1.amazonaws.com\\\/static\\\/2025\\\/07\\\/30083337\\\/favicon-96x96-1.png\",\"width\":96,\"height\":96,\"caption\":\"Box Repsol\"},\"image\":{\"@id\":\"https:\\\/\\\/www.boxrepsol.com\\\/es\\\/#\\\/schema\\\/logo\\\/image\\\/\"},\"sameAs\":[\"https:\\\/\\\/www.facebook.com\\\/BoxRepsol\",\"https:\\\/\\\/x.com\\\/box_repsol\",\"http:\\\/\\\/instagram.com\\\/box_repsol\",\"https:\\\/\\\/www.youtube.com\\\/user\\\/RepsolCompeticion\",\"https:\\\/\\\/www.flickr.com\\\/photos\\\/box_repsol\\\/\"]},{\"@type\":\"Person\",\"@id\":\"https:\\\/\\\/www.boxrepsol.com\\\/es\\\/#\\\/schema\\\/person\\\/c5c2138f2cca251b0ad92b7086bb60b7\",\"name\":\"Redacci\u00f3n Box Repsol\",\"image\":{\"@type\":\"ImageObject\",\"inLanguage\":\"es\",\"@id\":\"https:\\\/\\\/secure.gravatar.com\\\/avatar\\\/adf7b77e38b4419baf32c7e9c21dde01f4e40df611f0978e3006fc4ba0aaab7e?s=96&d=mm&r=g\",\"url\":\"https:\\\/\\\/secure.gravatar.com\\\/avatar\\\/adf7b77e38b4419baf32c7e9c21dde01f4e40df611f0978e3006fc4ba0aaab7e?s=96&d=mm&r=g\",\"contentUrl\":\"https:\\\/\\\/secure.gravatar.com\\\/avatar\\\/adf7b77e38b4419baf32c7e9c21dde01f4e40df611f0978e3006fc4ba0aaab7e?s=96&d=mm&r=g\",\"caption\":\"Redacci\u00f3n Box Repsol\"},\"description\":\"Box Repsol lo forma un equipo de periodistas, community managers, dise\u00f1adores y fot\u00f3grafos con m\u00e1s de 20 a\u00f1os de experiencia en el mundo del motorsport. Hemos vivido el primer mundial de un espa\u00f1ol en la categor\u00eda reina de motociclismo con \u00c1lex Crivill\u00e9, estuvimos en las victorias de Pedrosa y los t\u00edtulos de M\u00e1rquez, acompa\u00f1amos en \u00c1frica a Nani Roma y Marc Coma en sus conquistas del Dakar y hemos vibrado con los t\u00edtulos de Toni Bou en Trial. Adem\u00e1s, en nuestro equipo contamos con expertos en el mundo de las dos y cuatro ruedas tanto de la calle y las carreteras, como de los circuitos. Periodistas que han trabajado en revistas y publicaciones para hacerte llegar desde rutas y consejos de mantenimiento, a curiosidades y trucos de pilotaje.\",\"sameAs\":[\"https:\\\/\\\/www.facebook.com\\\/BoxRepsol\\\/\",\"https:\\\/\\\/www.instagram.com\\\/box_repsol\\\/\",\"https:\\\/\\\/x.com\\\/https:\\\/\\\/twitter.com\\\/box_repsol\",\"https:\\\/\\\/www.youtube.com\\\/@Boxrepsol\"],\"url\":\"https:\\\/\\\/www.boxrepsol.com\\\/es\\\/author\\\/redaccion-box-repsol\\\/\"}]}<\/script>\n<!-- \/ Yoast SEO plugin. -->","yoast_head_json":{"title":"Resultados y resumen del Rally de Portugal 2025 - Box Repsol","description":"Consulta aqu\u00ed los resultados y el resumen de la carrera del Rallye de Canarias 2025","canonical":"https:\/\/www.boxrepsol.com\/es\/rally\/exigente-fin-de-semana-cachon-rozada-rally-portugal\/","og_locale":"es_ES","og_type":"article","og_title":"Resultados y resumen del Rally de Portugal 2025 - Box Repsol","og_description":"Consulta aqu\u00ed los resultados y el resumen de la carrera del Rallye de Canarias 2025","og_url":"https:\/\/www.boxrepsol.com\/es\/rally\/exigente-fin-de-semana-cachon-rozada-rally-portugal\/","og_site_name":"Box Repsol","article_publisher":"https:\/\/www.facebook.com\/BoxRepsol","article_author":"https:\/\/www.facebook.com\/BoxRepsol\/","article_published_time":"2025-05-19T12:20:06+00:00","article_modified_time":"2025-07-23T09:42:06+00:00","og_image":[{"width":1200,"height":600,"url":"https:\/\/bxrepsol.s3.eu-west-1.amazonaws.com\/static\/2025\/05\/19113003\/Diseno-sin-titulo.jpg","type":"image\/jpeg"}],"author":"Redacci\u00f3n Box Repsol","twitter_card":"summary_large_image","twitter_creator":"@https:\/\/twitter.com\/box_repsol","twitter_site":"@box_repsol","twitter_misc":{"Written by":"Redacci\u00f3n Box Repsol","Est. reading time":"2 minutos"},"schema":{"@context":"https:\/\/schema.org","@graph":[{"@type":"Article","@id":"https:\/\/www.boxrepsol.com\/es\/rally\/exigente-fin-de-semana-cachon-rozada-rally-portugal\/#article","isPartOf":{"@id":"https:\/\/www.boxrepsol.com\/es\/rally\/exigente-fin-de-semana-cachon-rozada-rally-portugal\/"},"author":{"name":"Redacci\u00f3n Box Repsol","@id":"https:\/\/www.boxrepsol.com\/es\/#\/schema\/person\/c5c2138f2cca251b0ad92b7086bb60b7"},"headline":"Exigente fin de semana para Cach\u00f3n y Rozada en el Rally de Portugal","datePublished":"2025-05-19T12:20:06+00:00","dateModified":"2025-07-23T09:42:06+00:00","mainEntityOfPage":{"@id":"https:\/\/www.boxrepsol.com\/es\/rally\/exigente-fin-de-semana-cachon-rozada-rally-portugal\/"},"wordCount":487,"commentCount":0,"publisher":{"@id":"https:\/\/www.boxrepsol.com\/es\/#organization"},"image":{"@id":"https:\/\/www.boxrepsol.com\/es\/rally\/exigente-fin-de-semana-cachon-rozada-rally-portugal\/#primaryimage"},"thumbnailUrl":"https:\/\/bxrepsol.s3.eu-west-1.amazonaws.com\/static\/2025\/05\/19113003\/Diseno-sin-titulo.jpg","keywords":["Alejandro Cach\u00f3n","Borja Rozada","Rallye de Canarias","Resultados","ToyotaGazooRacing","WRC2"],"articleSection":["Rally"],"inLanguage":"es","potentialAction":[{"@type":"CommentAction","name":"Comment","target":["https:\/\/www.boxrepsol.com\/es\/rally\/exigente-fin-de-semana-cachon-rozada-rally-portugal\/#respond"]}]},{"@type":"WebPage","@id":"https:\/\/www.boxrepsol.com\/es\/rally\/exigente-fin-de-semana-cachon-rozada-rally-portugal\/","url":"https:\/\/www.boxrepsol.com\/es\/rally\/exigente-fin-de-semana-cachon-rozada-rally-portugal\/","name":"Resultados y resumen del Rally de Portugal 2025 - Box Repsol","isPartOf":{"@id":"https:\/\/www.boxrepsol.com\/es\/#website"},"primaryImageOfPage":{"@id":"https:\/\/www.boxrepsol.com\/es\/rally\/exigente-fin-de-semana-cachon-rozada-rally-portugal\/#primaryimage"},"image":{"@id":"https:\/\/www.boxrepsol.com\/es\/rally\/exigente-fin-de-semana-cachon-rozada-rally-portugal\/#primaryimage"},"thumbnailUrl":"https:\/\/bxrepsol.s3.eu-west-1.amazonaws.com\/static\/2025\/05\/19113003\/Diseno-sin-titulo.jpg","datePublished":"2025-05-19T12:20:06+00:00","dateModified":"2025-07-23T09:42:06+00:00","description":"Consulta aqu\u00ed los resultados y el resumen de la carrera del Rallye de Canarias 2025","breadcrumb":{"@id":"https:\/\/www.boxrepsol.com\/es\/rally\/exigente-fin-de-semana-cachon-rozada-rally-portugal\/#breadcrumb"},"inLanguage":"es","potentialAction":[{"@type":"ReadAction","target":["https:\/\/www.boxrepsol.com\/es\/rally\/exigente-fin-de-semana-cachon-rozada-rally-portugal\/"]}]},{"@type":"ImageObject","inLanguage":"es","@id":"https:\/\/www.boxrepsol.com\/es\/rally\/exigente-fin-de-semana-cachon-rozada-rally-portugal\/#primaryimage","url":"https:\/\/bxrepsol.s3.eu-west-1.amazonaws.com\/static\/2025\/05\/19113003\/Diseno-sin-titulo.jpg","contentUrl":"https:\/\/bxrepsol.s3.eu-west-1.amazonaws.com\/static\/2025\/05\/19113003\/Diseno-sin-titulo.jpg","width":1200,"height":600,"caption":"alejandro cach\u00f3n en el rally de portugal 2025"},{"@type":"BreadcrumbList","@id":"https:\/\/www.boxrepsol.com\/es\/rally\/exigente-fin-de-semana-cachon-rozada-rally-portugal\/#breadcrumb","itemListElement":[{"@type":"ListItem","position":1,"name":"Home","item":"https:\/\/www.boxrepsol.com\/es\/"},{"@type":"ListItem","position":2,"name":"Exigente fin de semana para Cach\u00f3n y Rozada en el Rally de Portugal"}]},{"@type":"WebSite","@id":"https:\/\/www.boxrepsol.com\/es\/#website","url":"https:\/\/www.boxrepsol.com\/es\/","name":"Box Repsol","description":"Box Repsol Site","publisher":{"@id":"https:\/\/www.boxrepsol.com\/es\/#organization"},"potentialAction":[{"@type":"SearchAction","target":{"@type":"EntryPoint","urlTemplate":"https:\/\/www.boxrepsol.com\/es\/?s={search_term_string}"},"query-input":{"@type":"PropertyValueSpecification","valueRequired":true,"valueName":"search_term_string"}}],"inLanguage":"es"},{"@type":"Organization","@id":"https:\/\/www.boxrepsol.com\/es\/#organization","name":"Box Repsol","url":"https:\/\/www.boxrepsol.com\/es\/","logo":{"@type":"ImageObject","inLanguage":"es","@id":"https:\/\/www.boxrepsol.com\/es\/#\/schema\/logo\/image\/","url":"https:\/\/bxrepsol.s3.eu-west-1.amazonaws.com\/static\/2025\/07\/30083337\/favicon-96x96-1.png","contentUrl":"https:\/\/bxrepsol.s3.eu-west-1.amazonaws.com\/static\/2025\/07\/30083337\/favicon-96x96-1.png","width":96,"height":96,"caption":"Box Repsol"},"image":{"@id":"https:\/\/www.boxrepsol.com\/es\/#\/schema\/logo\/image\/"},"sameAs":["https:\/\/www.facebook.com\/BoxRepsol","https:\/\/x.com\/box_repsol","http:\/\/instagram.com\/box_repsol","https:\/\/www.youtube.com\/user\/RepsolCompeticion","https:\/\/www.flickr.com\/photos\/box_repsol\/"]},{"@type":"Person","@id":"https:\/\/www.boxrepsol.com\/es\/#\/schema\/person\/c5c2138f2cca251b0ad92b7086bb60b7","name":"Redacci\u00f3n Box Repsol","image":{"@type":"ImageObject","inLanguage":"es","@id":"https:\/\/secure.gravatar.com\/avatar\/adf7b77e38b4419baf32c7e9c21dde01f4e40df611f0978e3006fc4ba0aaab7e?s=96&d=mm&r=g","url":"https:\/\/secure.gravatar.com\/avatar\/adf7b77e38b4419baf32c7e9c21dde01f4e40df611f0978e3006fc4ba0aaab7e?s=96&d=mm&r=g","contentUrl":"https:\/\/secure.gravatar.com\/avatar\/adf7b77e38b4419baf32c7e9c21dde01f4e40df611f0978e3006fc4ba0aaab7e?s=96&d=mm&r=g","caption":"Redacci\u00f3n Box Repsol"},"description":"Box Repsol lo forma un equipo de periodistas, community managers, dise\u00f1adores y fot\u00f3grafos con m\u00e1s de 20 a\u00f1os de experiencia en el mundo del motorsport. Hemos vivido el primer mundial de un espa\u00f1ol en la categor\u00eda reina de motociclismo con \u00c1lex Crivill\u00e9, estuvimos en las victorias de Pedrosa y los t\u00edtulos de M\u00e1rquez, acompa\u00f1amos en \u00c1frica a Nani Roma y Marc Coma en sus conquistas del Dakar y hemos vibrado con los t\u00edtulos de Toni Bou en Trial. Adem\u00e1s, en nuestro equipo contamos con expertos en el mundo de las dos y cuatro ruedas tanto de la calle y las carreteras, como de los circuitos. Periodistas que han trabajado en revistas y publicaciones para hacerte llegar desde rutas y consejos de mantenimiento, a curiosidades y trucos de pilotaje.","sameAs":["https:\/\/www.facebook.com\/BoxRepsol\/","https:\/\/www.instagram.com\/box_repsol\/","https:\/\/x.com\/https:\/\/twitter.com\/box_repsol","https:\/\/www.youtube.com\/@Boxrepsol"],"url":"https:\/\/www.boxrepsol.com\/es\/author\/redaccion-box-repsol\/"}]}},"_links":{"self":[{"href":"https:\/\/www.boxrepsol.com\/es\/wp-json\/wp\/v2\/posts\/125426","targetHints":{"allow":["GET"]}}],"collection":[{"href":"https:\/\/www.boxrepsol.com\/es\/wp-json\/wp\/v2\/posts"}],"about":[{"href":"https:\/\/www.boxrepsol.com\/es\/wp-json\/wp\/v2\/types\/post"}],"author":[{"embeddable":true,"href":"https:\/\/www.boxrepsol.com\/es\/wp-json\/wp\/v2\/users\/43146"}],"replies":[{"embeddable":true,"href":"https:\/\/www.boxrepsol.com\/es\/wp-json\/wp\/v2\/comments?post=125426"}],"version-history":[{"count":7,"href":"https:\/\/www.boxrepsol.com\/es\/wp-json\/wp\/v2\/posts\/125426\/revisions"}],"predecessor-version":[{"id":125829,"href":"https:\/\/www.boxrepsol.com\/es\/wp-json\/wp\/v2\/posts\/125426\/revisions\/125829"}],"wp:featuredmedia":[{"embeddable":true,"href":"https:\/\/www.boxrepsol.com\/es\/wp-json\/wp\/v2\/media\/125541"}],"wp:attachment":[{"href":"https:\/\/www.boxrepsol.com\/es\/wp-json\/wp\/v2\/media?parent=125426"}],"wp:term":[{"taxonomy":"category","embeddable":true,"href":"https:\/\/www.boxrepsol.com\/es\/wp-json\/wp\/v2\/categories?post=125426"},{"taxonomy":"post_tag","embeddable":true,"href":"https:\/\/www.boxrepsol.com\/es\/wp-json\/wp\/v2\/tags?post=125426"}],"curies":[{"name":"wp","href":"https:\/\/api.w.org\/{rel}","templated":true}]}}