{"id":125400,"date":"2025-05-18T08:46:53","date_gmt":"2025-05-18T10:46:53","guid":{"rendered":"https:\/\/www.boxrepsol.com\/?p=125400"},"modified":"2025-07-23T07:42:31","modified_gmt":"2025-07-23T09:42:31","slug":"toni-gabri-podio-inolvidable-trialgp-japon-2025","status":"publish","type":"post","link":"https:\/\/www.boxrepsol.com\/es\/trial\/toni-gabri-podio-inolvidable-trialgp-japon-2025\/","title":{"rendered":"Toni y Gabri firman un podio inolvidable en el TrialGP de Jap\u00f3n 2025"},"content":{"rendered":"<figure class=\"wp-block-post-featured-image\"><img loading=\"lazy\" decoding=\"async\" width=\"1200\" height=\"600\" src=\"https:\/\/bxrepsol.s3.eu-west-1.amazonaws.com\/static\/2025\/05\/18082837\/6-e1747564231325.png\" class=\"attachment-post-thumbnail size-post-thumbnail wp-post-image\" alt=\"trial gp japon 2025 celebracion repsol honda\" style=\"object-fit:cover;\" srcset=\"https:\/\/bxrepsol.s3.eu-west-1.amazonaws.com\/static\/2025\/05\/18082837\/6-e1747564231325.png 1200w, https:\/\/bxrepsol.s3.eu-west-1.amazonaws.com\/static\/2025\/05\/18082837\/6-e1747564231325-300x150.png 300w, https:\/\/bxrepsol.s3.eu-west-1.amazonaws.com\/static\/2025\/05\/18082837\/6-e1747564231325-1024x512.png 1024w, https:\/\/bxrepsol.s3.eu-west-1.amazonaws.com\/static\/2025\/05\/18082837\/6-e1747564231325-768x384.png 768w\" sizes=\"auto, (max-width: 1200px) 100vw, 1200px\" \/><\/figure>\n\n\n<p>La tercera cita del campeonato mundial de Trial al aire libre se ha celebrado los d\u00edas 16, 17 y 18 de mayo en <strong>Motegi (Jap\u00f3n)<\/strong>, un escenario de impresionante belleza y m\u00e1xima exigencia t\u00e9cnica. Marcado por <strong>intensas lluvias<\/strong> que convirtieron las zonas en aut\u00e9nticos desaf\u00edos de agarre y control, ha sido un fin de semana en el que los pilotos del Repsol Honda Team han mostrado su mejor versi\u00f3n.<\/p>\n\n\n\n<p><strong>Toni\u202fBou<\/strong> afianz\u00f3 su tercera victoria consecutiva en el campeonato, afianzando a\u00fan m\u00e1s su liderato en la general, mientras que <strong>Gabri\u202fMarcelli<\/strong> encadena tambi\u00e9n su tercer podio seguido con un rendimiento espectacular. Compitiendo ante el p\u00fablico de <strong>Honda<\/strong> en su propia \u201ccasa\u201d, ambos pilotos han regalado a los aficionados un fin de semana cargado de emoci\u00f3n y pura adrenalina.<\/p>\n\n\n\n<p>La <strong>primera jornada<\/strong> del <strong>TrialGP de Jap\u00f3n<\/strong> se celebr\u00f3 en el circuito emblem\u00e1tico Mobility Resort Motegi donde se disputar\u00edan las dos carreras correspondientes. Toni Bou arras\u00f3 venciendo ambas carreras bajo una intensa lluvia y barro, y ampliando su ventaja en la general a 200 puntos. Gabriel\u202fMarcelli complet\u00f3 la jornada con dos terceros puestos, manteni\u00e9ndose tercero en la clasificaci\u00f3n con 144\u202fpuntos. La <strong>Power Section<\/strong> fue cancelada por las condiciones del terreno debido a la cantidad de lluvia y barro.<\/p>\n\n\n\n<p><\/p>\n\n\n\n<div id=\"ez-toc-container\" class=\"ez-toc-v2_0_82_2 counter-hierarchy ez-toc-counter ez-toc-grey ez-toc-container-direction\">\n<div class=\"ez-toc-title-container\">\n<p class=\"ez-toc-title\" style=\"cursor:inherit\">\u00cdndice<\/p>\n<span class=\"ez-toc-title-toggle\"><a href=\"#\" class=\"ez-toc-pull-right ez-toc-btn ez-toc-btn-xs ez-toc-btn-default ez-toc-toggle\" aria-label=\"Toggle Table of Content\"><span class=\"ez-toc-js-icon-con\"><span class=\"\"><span class=\"eztoc-hide\" style=\"display:none;\">Toggle<\/span><span class=\"ez-toc-icon-toggle-span\"><svg style=\"fill: #999;color:#999\" xmlns=\"http:\/\/www.w3.org\/2000\/svg\" class=\"list-377408\" width=\"20px\" height=\"20px\" viewBox=\"0 0 24 24\" fill=\"none\"><path d=\"M6 6H4v2h2V6zm14 0H8v2h12V6zM4 11h2v2H4v-2zm16 0H8v2h12v-2zM4 16h2v2H4v-2zm16 0H8v2h12v-2z\" fill=\"currentColor\"><\/path><\/svg><svg style=\"fill: #999;color:#999\" class=\"arrow-unsorted-368013\" xmlns=\"http:\/\/www.w3.org\/2000\/svg\" width=\"10px\" height=\"10px\" viewBox=\"0 0 24 24\" version=\"1.2\" baseProfile=\"tiny\"><path d=\"M18.2 9.3l-6.2-6.3-6.2 6.3c-.2.2-.3.4-.3.7s.1.5.3.7c.2.2.4.3.7.3h11c.3 0 .5-.1.7-.3.2-.2.3-.5.3-.7s-.1-.5-.3-.7zM5.8 14.7l6.2 6.3 6.2-6.3c.2-.2.3-.5.3-.7s-.1-.5-.3-.7c-.2-.2-.4-.3-.7-.3h-11c-.3 0-.5.1-.7.3-.2.2-.3.5-.3.7s.1.5.3.7z\"\/><\/svg><\/span><\/span><\/span><\/a><\/span><\/div>\n<nav><ul class='ez-toc-list ez-toc-list-level-1 ' ><ul class='ez-toc-list-level-3' ><li class='ez-toc-heading-level-3'><a class=\"ez-toc-link ez-toc-heading-1\" href=\"https:\/\/www.boxrepsol.com\/es\/trial\/toni-gabri-podio-inolvidable-trialgp-japon-2025\/#Domingo_redondo_para_el_equipo_Repsol_Honda\" >Domingo redondo para el equipo Repsol Honda<\/a><\/li><li class='ez-toc-page-1 ez-toc-heading-level-3'><a class=\"ez-toc-link ez-toc-heading-2\" href=\"https:\/\/www.boxrepsol.com\/es\/trial\/toni-gabri-podio-inolvidable-trialgp-japon-2025\/#Clasificacion_Dia_1_TrialGP\" >Clasificaci\u00f3n D\u00eda 1 TrialGP<\/a><\/li><li class='ez-toc-page-1 ez-toc-heading-level-3'><a class=\"ez-toc-link ez-toc-heading-3\" href=\"https:\/\/www.boxrepsol.com\/es\/trial\/toni-gabri-podio-inolvidable-trialgp-japon-2025\/#Clasificacion_Dia_2_TrialGP\" >Clasificaci\u00f3n D\u00eda 2 TrialGP<\/a><\/li><\/ul><\/li><li class='ez-toc-page-1 ez-toc-heading-level-2'><a class=\"ez-toc-link ez-toc-heading-4\" href=\"https:\/\/www.boxrepsol.com\/es\/trial\/toni-gabri-podio-inolvidable-trialgp-japon-2025\/#DECLARACIONES\" >DECLARACIONES<\/a><\/li><\/ul><\/nav><\/div>\n<h3 class=\"wp-block-heading\"><span class=\"ez-toc-section\" id=\"Domingo_redondo_para_el_equipo_Repsol_Honda\"><\/span><strong>Domingo redondo para el equipo Repsol Honda<\/strong><span class=\"ez-toc-section-end\"><\/span><\/h3>\n\n\n\n<p>En la <strong>segunda jornada<\/strong> del TrialGP de Jap\u00f3n, a\u00fan embarrado por la intensa lluvia acumulada, Toni\u202fBou firm\u00f3 un doblete impecable: mantuvo el ritmo desde la primera prueba, gestionando con maestr\u00eda cada secci\u00f3n resbaladiza, y corrigi\u00f3 cualquier desliz para consolidar su victoria. Adem\u00e1s, se adjudic\u00f3 el punto extra de la Power Section, ampliando as\u00ed su ventaja al frente de la general.<\/p>\n\n\n\n<p>Gabri\u202fMarcelli, por su parte, mostr\u00f3 una gran capacidad de reacci\u00f3n. Tras conceder varios errores en las primeras pruebas, fue escalando posiciones disput\u00e1ndose la segunda plaza con Jaime\u202fBusto hasta las \u00faltimas zonas y culminando finalmente en el segundo escal\u00f3n del podio. Con este resultado, Bou sale de Jap\u00f3n m\u00e1s l\u00edder que nunca y Marcelli mantiene la tercera posici\u00f3n en la clasificaci\u00f3n antes de disputar el <strong>TrialGP de Francia<\/strong> los dias <strong>30, 31 y 1 de junio<\/strong>.<\/p>\n\n\n\n<p><\/p>\n\n\n\n<h3 class=\"wp-block-heading\"><span class=\"ez-toc-section\" id=\"Clasificacion_Dia_1_TrialGP\"><\/span><br><strong>Clasificaci\u00f3n D\u00eda 1 TrialGP<\/strong><span class=\"ez-toc-section-end\"><\/span><\/h3>\n\n\n\n<figure class=\"wp-block-table\"><table class=\"has-fixed-layout\"><tbody><tr><td><strong>PILOTO<\/strong><\/td><td><strong>EQUIPO<\/strong><\/td><td><strong>PUNTOS<\/strong><\/td><\/tr><tr><td><strong>1. Toni Bou<\/strong><\/td><td><strong>REPSOL HONDA<\/strong><\/td><td><strong>40<\/strong><\/td><\/tr><tr><td>2. Jaime Busto<\/td><td>GAS GAS<\/td><td>34<\/td><\/tr><tr><td><strong>3. Gabri Marcelli<\/strong><\/td><td><strong>REPSOL HONDA<\/strong><\/td><td>30<\/td><\/tr><tr><td>4. Aniol Gelabert<\/td><td>TRRS<\/td><td><strong>2<\/strong>2<\/td><\/tr><tr><td>5. Mateo Grattarola<\/td><td>BETA<\/td><td>22<\/td><\/tr><tr><td>6. Jack Peace<\/td><td>SHERCO<\/td><td>21<\/td><\/tr><tr><td>7. Alex Canales<\/td><td>MONTESA<\/td><td>21<\/td><\/tr><tr><td>8. Hugo Dufrese<\/td><td>BETA<\/td><td>16<\/td><\/tr><tr><td>9. Pablo Suarez<\/td><td>MONTESA<\/td><td>14<\/td><\/tr><\/tbody><\/table><\/figure>\n\n\n\n<p><\/p>\n\n\n\n<h3 class=\"wp-block-heading\"><span class=\"ez-toc-section\" id=\"Clasificacion_Dia_2_TrialGP\"><\/span><strong>Clasificaci\u00f3n D\u00eda 2 TrialGP<\/strong><span class=\"ez-toc-section-end\"><\/span><\/h3>\n\n\n\n<figure class=\"wp-block-table\"><table class=\"has-fixed-layout\"><tbody><tr><td><strong>PILOTO<\/strong><\/td><td><strong>EQUIPO<\/strong><\/td><td><strong>PUNTOS<\/strong><\/td><\/tr><tr><td><strong>1. Toni Bou<\/strong><\/td><td><strong>REPSOL HONDA<\/strong><\/td><td><strong>40<\/strong><\/td><\/tr><tr><td><strong>2. Gabri Marcelli<\/strong><\/td><td><strong>REPSOL HONDA<\/strong><\/td><td><strong>32<\/strong><\/td><\/tr><tr><td>3. Jaime Busto <\/td><td>GAS GAS<\/td><td>28<\/td><\/tr><tr><td>4. Jack Peace<\/td><td>SHERCO<\/td><td><strong>23<\/strong><\/td><\/tr><tr><td>5. Mateo Grattarola<\/td><td>BETA<\/td><td>21<\/td><\/tr><tr><td>6. Aniol Gelabert<\/td><td>TRRS<\/td><td>21<\/td><\/tr><tr><td>7. Hugo Dufrese<\/td><td>BETA<\/td><td>19<\/td><\/tr><tr><td>8. Pablo Suarez<\/td><td>MONTESA<\/td><td>18<\/td><\/tr><tr><td>9. Alex Canales<\/td><td>MONTESA<\/td><td>14<\/td><\/tr><\/tbody><\/table><\/figure>\n\n\n\n<div id=\"919cc1aa-0c50-43aa-a912-44a2641e5e2f\" class=\"br-slider-box\"><div class=\"wp-block-create-block-repsol-carousel br-slider\"><a target=\"_blank\" href=\"https:\/\/bxrepsol.s3.eu-west-1.amazonaws.com\/static\/2025\/05\/18084340\/3-1.jpg\" data-index=\"0\" rel=\"noopener\"><img decoding=\"async\" src=\"https:\/\/bxrepsol.s3.eu-west-1.amazonaws.com\/static\/2025\/05\/18084340\/3-1.jpg\"\/><\/a><a target=\"_blank\" href=\"https:\/\/bxrepsol.s3.eu-west-1.amazonaws.com\/static\/2025\/05\/18084319\/4-1.jpg\" data-index=\"1\" rel=\"noopener\"><img decoding=\"async\" src=\"https:\/\/bxrepsol.s3.eu-west-1.amazonaws.com\/static\/2025\/05\/18084319\/4-1.jpg\"\/><\/a><a target=\"_blank\" href=\"https:\/\/bxrepsol.s3.eu-west-1.amazonaws.com\/static\/2025\/05\/18084335\/2-1.jpg\" data-index=\"2\" rel=\"noopener\"><img decoding=\"async\" src=\"https:\/\/bxrepsol.s3.eu-west-1.amazonaws.com\/static\/2025\/05\/18084335\/2-1.jpg\"\/><\/a><a target=\"_blank\" href=\"https:\/\/bxrepsol.s3.eu-west-1.amazonaws.com\/static\/2025\/05\/18084328\/5-1.jpg\" data-index=\"3\" rel=\"noopener\"><img decoding=\"async\" src=\"https:\/\/bxrepsol.s3.eu-west-1.amazonaws.com\/static\/2025\/05\/18084328\/5-1.jpg\"\/><\/a><a target=\"_blank\" href=\"https:\/\/bxrepsol.s3.eu-west-1.amazonaws.com\/static\/2025\/05\/18082755\/1.png\" data-index=\"4\" rel=\"noopener\"><img decoding=\"async\" src=\"https:\/\/bxrepsol.s3.eu-west-1.amazonaws.com\/static\/2025\/05\/18082755\/1.png\"\/><\/a><\/div><div class=\"br-slider-buttons\"><button class=\"arrow rds-icon arrow--left rds-icon-Arrow_left\"><\/button><button class=\"arrow rds-icon arrow--right rds-icon-Arrow_right\"><\/button><\/div><\/div>\n\n\n\n<h2 class=\"wp-block-heading\"><span class=\"ez-toc-section\" id=\"DECLARACIONES\"><\/span><strong>DECLARACIONES<\/strong><span class=\"ez-toc-section-end\"><\/span><\/h2>\n\n\n\n<p class=\"has-medium-font-size\"><strong>#1 TONI BOU<\/strong><\/p>\n\n\n\n<p class=\"has-black-color has-text-color has-link-color wp-elements-c64ff6e4b6846eabf452ef2c6fc4b11a\">\u00abHa sido un fin de semana perfecto. Hemos tenido muy buenas sensaciones ganando todas las carreras y la Power Section. Ha sido un trial muy complicado y he sufrido en algunos puntos, pero tambi\u00e9n me lo he pasado muy bien. Ganar en casa de Honda siempre es muy especial y tras un fin de semana tan completo, lo es a\u00fan m\u00e1s. Quiero agradecer a Honda y a HRC por el trabajo que hacen para que pueda estar aqu\u00ed. Ahora toca recuperarse y preparar muy bien la pr\u00f3xima carrera para intentar seguir en esta l\u00ednea. Debemos mantener este gran nivel\u00bb.<\/p>\n\n\n\n<p class=\"has-medium-font-size\"><strong>#38 GABRIEL MARCELLI<\/strong><\/p>\n\n\n\n<p>\u00abHoy me he notado m\u00e1s c\u00f3modo con la moto, a pesar de que el terreno hoy estaba muy mal y patinaba much\u00edsimo. Nos llevamos una segunda posici\u00f3n y el tercer puesto de ayer, por lo que nos volvemos a casa contentos y satisfechos con el trabajo hecho. Correr aqu\u00ed en Motegi, en la &#8216;casa&#8217; de Honda y conseguir estos resultados es doblemente especial. Estamos muy contentos y agradecidos a Honda, HRC y al equipo por todo su trabajo\u00bb.<\/p>\n\n\n\n<p><\/p>\n","protected":false},"excerpt":{"rendered":"<p>Toni\u202fBou contin\u00faa imparable en el TrialGP tras adjudicarse el primer puesto en Motegi (Jap\u00f3n), ampliando todav\u00eda m\u00e1s su ventaja al frente de la clasificaci\u00f3n, mientras que Gabri Marcelli firma dos podios consecutivos y culmina la jornada final en una destacada segunda plaza.<\/p>\n","protected":false},"author":43146,"featured_media":125405,"comment_status":"open","ping_status":"closed","sticky":false,"template":"","format":"standard","meta":{"footnotes":""},"categories":[23],"tags":[306,356,21,560,575],"class_list":["post-125400","post","type-post","status-publish","format-standard","hentry","category-trial","tag-gabriel-marcelli","tag-resultados","tag-toni-bou","tag-trial-gp-2025","tag-trial-gp-japon"],"yoast_head":"<!-- This site is optimized with the Yoast SEO plugin v27.3 - https:\/\/yoast.com\/product\/yoast-seo-wordpress\/ -->\n<title>Toni y Gabri firman un podio inolvidable en el TrialGP de Jap\u00f3n- Box Repsol<\/title>\n<meta name=\"description\" content=\"Toni\u202fBou afianz\u00f3 su tercera victoria consecutiva en el campeonato, mientras que Gabri\u202fMarcelli encadena tambi\u00e9n su tercer podio seguido.\" \/>\n<link rel=\"canonical\" href=\"https:\/\/www.boxrepsol.com\/es\/trial\/toni-gabri-podio-inolvidable-trialgp-japon-2025\/\" \/>\n<meta property=\"og:locale\" content=\"es_ES\" \/>\n<meta property=\"og:type\" content=\"article\" \/>\n<meta property=\"og:title\" content=\"Toni y Gabri firman un podio inolvidable en el TrialGP de Jap\u00f3n- Box Repsol\" \/>\n<meta property=\"og:description\" content=\"Toni\u202fBou afianz\u00f3 su tercera victoria consecutiva en el campeonato, mientras que Gabri\u202fMarcelli encadena tambi\u00e9n su tercer podio seguido.\" \/>\n<meta property=\"og:url\" content=\"https:\/\/www.boxrepsol.com\/es\/trial\/toni-gabri-podio-inolvidable-trialgp-japon-2025\/\" \/>\n<meta property=\"og:site_name\" content=\"Box Repsol\" \/>\n<meta property=\"article:publisher\" content=\"https:\/\/www.facebook.com\/BoxRepsol\" \/>\n<meta property=\"article:author\" content=\"https:\/\/www.facebook.com\/BoxRepsol\/\" \/>\n<meta property=\"article:published_time\" content=\"2025-05-18T10:46:53+00:00\" \/>\n<meta property=\"article:modified_time\" content=\"2025-07-23T09:42:31+00:00\" \/>\n<meta property=\"og:image\" content=\"https:\/\/bxrepsol.s3.eu-west-1.amazonaws.com\/static\/2025\/05\/18082837\/6-e1747564231325.png\" \/>\n\t<meta property=\"og:image:width\" content=\"1200\" \/>\n\t<meta property=\"og:image:height\" content=\"600\" \/>\n\t<meta property=\"og:image:type\" content=\"image\/png\" \/>\n<meta name=\"author\" content=\"Redacci\u00f3n Box Repsol\" \/>\n<meta name=\"twitter:card\" content=\"summary_large_image\" \/>\n<meta name=\"twitter:creator\" content=\"@https:\/\/twitter.com\/box_repsol\" \/>\n<meta name=\"twitter:site\" content=\"@box_repsol\" \/>\n<meta name=\"twitter:label1\" content=\"Written by\" \/>\n\t<meta name=\"twitter:data1\" content=\"Redacci\u00f3n Box Repsol\" \/>\n\t<meta name=\"twitter:label2\" content=\"Est. reading time\" \/>\n\t<meta name=\"twitter:data2\" content=\"3 minutos\" \/>\n<script type=\"application\/ld+json\" class=\"yoast-schema-graph\">{\"@context\":\"https:\\\/\\\/schema.org\",\"@graph\":[{\"@type\":\"Article\",\"@id\":\"https:\\\/\\\/www.boxrepsol.com\\\/es\\\/trial\\\/toni-gabri-podio-inolvidable-trialgp-japon-2025\\\/#article\",\"isPartOf\":{\"@id\":\"https:\\\/\\\/www.boxrepsol.com\\\/es\\\/trial\\\/toni-gabri-podio-inolvidable-trialgp-japon-2025\\\/\"},\"author\":{\"name\":\"Redacci\u00f3n Box Repsol\",\"@id\":\"https:\\\/\\\/www.boxrepsol.com\\\/es\\\/#\\\/schema\\\/person\\\/c5c2138f2cca251b0ad92b7086bb60b7\"},\"headline\":\"Toni y Gabri firman un podio inolvidable en el TrialGP de Jap\u00f3n 2025\",\"datePublished\":\"2025-05-18T10:46:53+00:00\",\"dateModified\":\"2025-07-23T09:42:31+00:00\",\"mainEntityOfPage\":{\"@id\":\"https:\\\/\\\/www.boxrepsol.com\\\/es\\\/trial\\\/toni-gabri-podio-inolvidable-trialgp-japon-2025\\\/\"},\"wordCount\":655,\"commentCount\":0,\"publisher\":{\"@id\":\"https:\\\/\\\/www.boxrepsol.com\\\/es\\\/#organization\"},\"image\":{\"@id\":\"https:\\\/\\\/www.boxrepsol.com\\\/es\\\/trial\\\/toni-gabri-podio-inolvidable-trialgp-japon-2025\\\/#primaryimage\"},\"thumbnailUrl\":\"https:\\\/\\\/bxrepsol.s3.eu-west-1.amazonaws.com\\\/static\\\/2025\\\/05\\\/18082837\\\/6-e1747564231325.png\",\"keywords\":[\"Gabriel Marcelli\",\"Resultados\",\"Toni Bou\",\"Trial GP 2025\",\"Trial GP Jap\u00f3n\"],\"articleSection\":[\"Trial\"],\"inLanguage\":\"es\",\"potentialAction\":[{\"@type\":\"CommentAction\",\"name\":\"Comment\",\"target\":[\"https:\\\/\\\/www.boxrepsol.com\\\/es\\\/trial\\\/toni-gabri-podio-inolvidable-trialgp-japon-2025\\\/#respond\"]}]},{\"@type\":\"WebPage\",\"@id\":\"https:\\\/\\\/www.boxrepsol.com\\\/es\\\/trial\\\/toni-gabri-podio-inolvidable-trialgp-japon-2025\\\/\",\"url\":\"https:\\\/\\\/www.boxrepsol.com\\\/es\\\/trial\\\/toni-gabri-podio-inolvidable-trialgp-japon-2025\\\/\",\"name\":\"Toni y Gabri firman un podio inolvidable en el TrialGP de Jap\u00f3n- Box Repsol\",\"isPartOf\":{\"@id\":\"https:\\\/\\\/www.boxrepsol.com\\\/es\\\/#website\"},\"primaryImageOfPage\":{\"@id\":\"https:\\\/\\\/www.boxrepsol.com\\\/es\\\/trial\\\/toni-gabri-podio-inolvidable-trialgp-japon-2025\\\/#primaryimage\"},\"image\":{\"@id\":\"https:\\\/\\\/www.boxrepsol.com\\\/es\\\/trial\\\/toni-gabri-podio-inolvidable-trialgp-japon-2025\\\/#primaryimage\"},\"thumbnailUrl\":\"https:\\\/\\\/bxrepsol.s3.eu-west-1.amazonaws.com\\\/static\\\/2025\\\/05\\\/18082837\\\/6-e1747564231325.png\",\"datePublished\":\"2025-05-18T10:46:53+00:00\",\"dateModified\":\"2025-07-23T09:42:31+00:00\",\"description\":\"Toni\u202fBou afianz\u00f3 su tercera victoria consecutiva en el campeonato, mientras que Gabri\u202fMarcelli encadena tambi\u00e9n su tercer podio seguido.\",\"breadcrumb\":{\"@id\":\"https:\\\/\\\/www.boxrepsol.com\\\/es\\\/trial\\\/toni-gabri-podio-inolvidable-trialgp-japon-2025\\\/#breadcrumb\"},\"inLanguage\":\"es\",\"potentialAction\":[{\"@type\":\"ReadAction\",\"target\":[\"https:\\\/\\\/www.boxrepsol.com\\\/es\\\/trial\\\/toni-gabri-podio-inolvidable-trialgp-japon-2025\\\/\"]}]},{\"@type\":\"ImageObject\",\"inLanguage\":\"es\",\"@id\":\"https:\\\/\\\/www.boxrepsol.com\\\/es\\\/trial\\\/toni-gabri-podio-inolvidable-trialgp-japon-2025\\\/#primaryimage\",\"url\":\"https:\\\/\\\/bxrepsol.s3.eu-west-1.amazonaws.com\\\/static\\\/2025\\\/05\\\/18082837\\\/6-e1747564231325.png\",\"contentUrl\":\"https:\\\/\\\/bxrepsol.s3.eu-west-1.amazonaws.com\\\/static\\\/2025\\\/05\\\/18082837\\\/6-e1747564231325.png\",\"width\":1200,\"height\":600,\"caption\":\"trial gp japon 2025 celebracion repsol honda\"},{\"@type\":\"BreadcrumbList\",\"@id\":\"https:\\\/\\\/www.boxrepsol.com\\\/es\\\/trial\\\/toni-gabri-podio-inolvidable-trialgp-japon-2025\\\/#breadcrumb\",\"itemListElement\":[{\"@type\":\"ListItem\",\"position\":1,\"name\":\"Home\",\"item\":\"https:\\\/\\\/www.boxrepsol.com\\\/es\\\/\"},{\"@type\":\"ListItem\",\"position\":2,\"name\":\"Toni y Gabri firman un podio inolvidable en el TrialGP de Jap\u00f3n 2025\"}]},{\"@type\":\"WebSite\",\"@id\":\"https:\\\/\\\/www.boxrepsol.com\\\/es\\\/#website\",\"url\":\"https:\\\/\\\/www.boxrepsol.com\\\/es\\\/\",\"name\":\"Box Repsol\",\"description\":\"Box Repsol Site\",\"publisher\":{\"@id\":\"https:\\\/\\\/www.boxrepsol.com\\\/es\\\/#organization\"},\"potentialAction\":[{\"@type\":\"SearchAction\",\"target\":{\"@type\":\"EntryPoint\",\"urlTemplate\":\"https:\\\/\\\/www.boxrepsol.com\\\/es\\\/?s={search_term_string}\"},\"query-input\":{\"@type\":\"PropertyValueSpecification\",\"valueRequired\":true,\"valueName\":\"search_term_string\"}}],\"inLanguage\":\"es\"},{\"@type\":\"Organization\",\"@id\":\"https:\\\/\\\/www.boxrepsol.com\\\/es\\\/#organization\",\"name\":\"Box Repsol\",\"url\":\"https:\\\/\\\/www.boxrepsol.com\\\/es\\\/\",\"logo\":{\"@type\":\"ImageObject\",\"inLanguage\":\"es\",\"@id\":\"https:\\\/\\\/www.boxrepsol.com\\\/es\\\/#\\\/schema\\\/logo\\\/image\\\/\",\"url\":\"https:\\\/\\\/bxrepsol.s3.eu-west-1.amazonaws.com\\\/static\\\/2025\\\/07\\\/30083337\\\/favicon-96x96-1.png\",\"contentUrl\":\"https:\\\/\\\/bxrepsol.s3.eu-west-1.amazonaws.com\\\/static\\\/2025\\\/07\\\/30083337\\\/favicon-96x96-1.png\",\"width\":96,\"height\":96,\"caption\":\"Box Repsol\"},\"image\":{\"@id\":\"https:\\\/\\\/www.boxrepsol.com\\\/es\\\/#\\\/schema\\\/logo\\\/image\\\/\"},\"sameAs\":[\"https:\\\/\\\/www.facebook.com\\\/BoxRepsol\",\"https:\\\/\\\/x.com\\\/box_repsol\",\"http:\\\/\\\/instagram.com\\\/box_repsol\",\"https:\\\/\\\/www.youtube.com\\\/user\\\/RepsolCompeticion\",\"https:\\\/\\\/www.flickr.com\\\/photos\\\/box_repsol\\\/\"]},{\"@type\":\"Person\",\"@id\":\"https:\\\/\\\/www.boxrepsol.com\\\/es\\\/#\\\/schema\\\/person\\\/c5c2138f2cca251b0ad92b7086bb60b7\",\"name\":\"Redacci\u00f3n Box Repsol\",\"image\":{\"@type\":\"ImageObject\",\"inLanguage\":\"es\",\"@id\":\"https:\\\/\\\/secure.gravatar.com\\\/avatar\\\/adf7b77e38b4419baf32c7e9c21dde01f4e40df611f0978e3006fc4ba0aaab7e?s=96&d=mm&r=g\",\"url\":\"https:\\\/\\\/secure.gravatar.com\\\/avatar\\\/adf7b77e38b4419baf32c7e9c21dde01f4e40df611f0978e3006fc4ba0aaab7e?s=96&d=mm&r=g\",\"contentUrl\":\"https:\\\/\\\/secure.gravatar.com\\\/avatar\\\/adf7b77e38b4419baf32c7e9c21dde01f4e40df611f0978e3006fc4ba0aaab7e?s=96&d=mm&r=g\",\"caption\":\"Redacci\u00f3n Box Repsol\"},\"description\":\"Box Repsol lo forma un equipo de periodistas, community managers, dise\u00f1adores y fot\u00f3grafos con m\u00e1s de 20 a\u00f1os de experiencia en el mundo del motorsport. Hemos vivido el primer mundial de un espa\u00f1ol en la categor\u00eda reina de motociclismo con \u00c1lex Crivill\u00e9, estuvimos en las victorias de Pedrosa y los t\u00edtulos de M\u00e1rquez, acompa\u00f1amos en \u00c1frica a Nani Roma y Marc Coma en sus conquistas del Dakar y hemos vibrado con los t\u00edtulos de Toni Bou en Trial. Adem\u00e1s, en nuestro equipo contamos con expertos en el mundo de las dos y cuatro ruedas tanto de la calle y las carreteras, como de los circuitos. Periodistas que han trabajado en revistas y publicaciones para hacerte llegar desde rutas y consejos de mantenimiento, a curiosidades y trucos de pilotaje.\",\"sameAs\":[\"https:\\\/\\\/www.facebook.com\\\/BoxRepsol\\\/\",\"https:\\\/\\\/www.instagram.com\\\/box_repsol\\\/\",\"https:\\\/\\\/x.com\\\/https:\\\/\\\/twitter.com\\\/box_repsol\",\"https:\\\/\\\/www.youtube.com\\\/@Boxrepsol\"],\"url\":\"https:\\\/\\\/www.boxrepsol.com\\\/es\\\/author\\\/redaccion-box-repsol\\\/\"}]}<\/script>\n<!-- \/ Yoast SEO plugin. -->","yoast_head_json":{"title":"Toni y Gabri firman un podio inolvidable en el TrialGP de Jap\u00f3n- Box Repsol","description":"Toni\u202fBou afianz\u00f3 su tercera victoria consecutiva en el campeonato, mientras que Gabri\u202fMarcelli encadena tambi\u00e9n su tercer podio seguido.","canonical":"https:\/\/www.boxrepsol.com\/es\/trial\/toni-gabri-podio-inolvidable-trialgp-japon-2025\/","og_locale":"es_ES","og_type":"article","og_title":"Toni y Gabri firman un podio inolvidable en el TrialGP de Jap\u00f3n- Box Repsol","og_description":"Toni\u202fBou afianz\u00f3 su tercera victoria consecutiva en el campeonato, mientras que Gabri\u202fMarcelli encadena tambi\u00e9n su tercer podio seguido.","og_url":"https:\/\/www.boxrepsol.com\/es\/trial\/toni-gabri-podio-inolvidable-trialgp-japon-2025\/","og_site_name":"Box Repsol","article_publisher":"https:\/\/www.facebook.com\/BoxRepsol","article_author":"https:\/\/www.facebook.com\/BoxRepsol\/","article_published_time":"2025-05-18T10:46:53+00:00","article_modified_time":"2025-07-23T09:42:31+00:00","og_image":[{"width":1200,"height":600,"url":"https:\/\/bxrepsol.s3.eu-west-1.amazonaws.com\/static\/2025\/05\/18082837\/6-e1747564231325.png","type":"image\/png"}],"author":"Redacci\u00f3n Box Repsol","twitter_card":"summary_large_image","twitter_creator":"@https:\/\/twitter.com\/box_repsol","twitter_site":"@box_repsol","twitter_misc":{"Written by":"Redacci\u00f3n Box Repsol","Est. reading time":"3 minutos"},"schema":{"@context":"https:\/\/schema.org","@graph":[{"@type":"Article","@id":"https:\/\/www.boxrepsol.com\/es\/trial\/toni-gabri-podio-inolvidable-trialgp-japon-2025\/#article","isPartOf":{"@id":"https:\/\/www.boxrepsol.com\/es\/trial\/toni-gabri-podio-inolvidable-trialgp-japon-2025\/"},"author":{"name":"Redacci\u00f3n Box Repsol","@id":"https:\/\/www.boxrepsol.com\/es\/#\/schema\/person\/c5c2138f2cca251b0ad92b7086bb60b7"},"headline":"Toni y Gabri firman un podio inolvidable en el TrialGP de Jap\u00f3n 2025","datePublished":"2025-05-18T10:46:53+00:00","dateModified":"2025-07-23T09:42:31+00:00","mainEntityOfPage":{"@id":"https:\/\/www.boxrepsol.com\/es\/trial\/toni-gabri-podio-inolvidable-trialgp-japon-2025\/"},"wordCount":655,"commentCount":0,"publisher":{"@id":"https:\/\/www.boxrepsol.com\/es\/#organization"},"image":{"@id":"https:\/\/www.boxrepsol.com\/es\/trial\/toni-gabri-podio-inolvidable-trialgp-japon-2025\/#primaryimage"},"thumbnailUrl":"https:\/\/bxrepsol.s3.eu-west-1.amazonaws.com\/static\/2025\/05\/18082837\/6-e1747564231325.png","keywords":["Gabriel Marcelli","Resultados","Toni Bou","Trial GP 2025","Trial GP Jap\u00f3n"],"articleSection":["Trial"],"inLanguage":"es","potentialAction":[{"@type":"CommentAction","name":"Comment","target":["https:\/\/www.boxrepsol.com\/es\/trial\/toni-gabri-podio-inolvidable-trialgp-japon-2025\/#respond"]}]},{"@type":"WebPage","@id":"https:\/\/www.boxrepsol.com\/es\/trial\/toni-gabri-podio-inolvidable-trialgp-japon-2025\/","url":"https:\/\/www.boxrepsol.com\/es\/trial\/toni-gabri-podio-inolvidable-trialgp-japon-2025\/","name":"Toni y Gabri firman un podio inolvidable en el TrialGP de Jap\u00f3n- Box Repsol","isPartOf":{"@id":"https:\/\/www.boxrepsol.com\/es\/#website"},"primaryImageOfPage":{"@id":"https:\/\/www.boxrepsol.com\/es\/trial\/toni-gabri-podio-inolvidable-trialgp-japon-2025\/#primaryimage"},"image":{"@id":"https:\/\/www.boxrepsol.com\/es\/trial\/toni-gabri-podio-inolvidable-trialgp-japon-2025\/#primaryimage"},"thumbnailUrl":"https:\/\/bxrepsol.s3.eu-west-1.amazonaws.com\/static\/2025\/05\/18082837\/6-e1747564231325.png","datePublished":"2025-05-18T10:46:53+00:00","dateModified":"2025-07-23T09:42:31+00:00","description":"Toni\u202fBou afianz\u00f3 su tercera victoria consecutiva en el campeonato, mientras que Gabri\u202fMarcelli encadena tambi\u00e9n su tercer podio seguido.","breadcrumb":{"@id":"https:\/\/www.boxrepsol.com\/es\/trial\/toni-gabri-podio-inolvidable-trialgp-japon-2025\/#breadcrumb"},"inLanguage":"es","potentialAction":[{"@type":"ReadAction","target":["https:\/\/www.boxrepsol.com\/es\/trial\/toni-gabri-podio-inolvidable-trialgp-japon-2025\/"]}]},{"@type":"ImageObject","inLanguage":"es","@id":"https:\/\/www.boxrepsol.com\/es\/trial\/toni-gabri-podio-inolvidable-trialgp-japon-2025\/#primaryimage","url":"https:\/\/bxrepsol.s3.eu-west-1.amazonaws.com\/static\/2025\/05\/18082837\/6-e1747564231325.png","contentUrl":"https:\/\/bxrepsol.s3.eu-west-1.amazonaws.com\/static\/2025\/05\/18082837\/6-e1747564231325.png","width":1200,"height":600,"caption":"trial gp japon 2025 celebracion repsol honda"},{"@type":"BreadcrumbList","@id":"https:\/\/www.boxrepsol.com\/es\/trial\/toni-gabri-podio-inolvidable-trialgp-japon-2025\/#breadcrumb","itemListElement":[{"@type":"ListItem","position":1,"name":"Home","item":"https:\/\/www.boxrepsol.com\/es\/"},{"@type":"ListItem","position":2,"name":"Toni y Gabri firman un podio inolvidable en el TrialGP de Jap\u00f3n 2025"}]},{"@type":"WebSite","@id":"https:\/\/www.boxrepsol.com\/es\/#website","url":"https:\/\/www.boxrepsol.com\/es\/","name":"Box Repsol","description":"Box Repsol Site","publisher":{"@id":"https:\/\/www.boxrepsol.com\/es\/#organization"},"potentialAction":[{"@type":"SearchAction","target":{"@type":"EntryPoint","urlTemplate":"https:\/\/www.boxrepsol.com\/es\/?s={search_term_string}"},"query-input":{"@type":"PropertyValueSpecification","valueRequired":true,"valueName":"search_term_string"}}],"inLanguage":"es"},{"@type":"Organization","@id":"https:\/\/www.boxrepsol.com\/es\/#organization","name":"Box Repsol","url":"https:\/\/www.boxrepsol.com\/es\/","logo":{"@type":"ImageObject","inLanguage":"es","@id":"https:\/\/www.boxrepsol.com\/es\/#\/schema\/logo\/image\/","url":"https:\/\/bxrepsol.s3.eu-west-1.amazonaws.com\/static\/2025\/07\/30083337\/favicon-96x96-1.png","contentUrl":"https:\/\/bxrepsol.s3.eu-west-1.amazonaws.com\/static\/2025\/07\/30083337\/favicon-96x96-1.png","width":96,"height":96,"caption":"Box Repsol"},"image":{"@id":"https:\/\/www.boxrepsol.com\/es\/#\/schema\/logo\/image\/"},"sameAs":["https:\/\/www.facebook.com\/BoxRepsol","https:\/\/x.com\/box_repsol","http:\/\/instagram.com\/box_repsol","https:\/\/www.youtube.com\/user\/RepsolCompeticion","https:\/\/www.flickr.com\/photos\/box_repsol\/"]},{"@type":"Person","@id":"https:\/\/www.boxrepsol.com\/es\/#\/schema\/person\/c5c2138f2cca251b0ad92b7086bb60b7","name":"Redacci\u00f3n Box Repsol","image":{"@type":"ImageObject","inLanguage":"es","@id":"https:\/\/secure.gravatar.com\/avatar\/adf7b77e38b4419baf32c7e9c21dde01f4e40df611f0978e3006fc4ba0aaab7e?s=96&d=mm&r=g","url":"https:\/\/secure.gravatar.com\/avatar\/adf7b77e38b4419baf32c7e9c21dde01f4e40df611f0978e3006fc4ba0aaab7e?s=96&d=mm&r=g","contentUrl":"https:\/\/secure.gravatar.com\/avatar\/adf7b77e38b4419baf32c7e9c21dde01f4e40df611f0978e3006fc4ba0aaab7e?s=96&d=mm&r=g","caption":"Redacci\u00f3n Box Repsol"},"description":"Box Repsol lo forma un equipo de periodistas, community managers, dise\u00f1adores y fot\u00f3grafos con m\u00e1s de 20 a\u00f1os de experiencia en el mundo del motorsport. Hemos vivido el primer mundial de un espa\u00f1ol en la categor\u00eda reina de motociclismo con \u00c1lex Crivill\u00e9, estuvimos en las victorias de Pedrosa y los t\u00edtulos de M\u00e1rquez, acompa\u00f1amos en \u00c1frica a Nani Roma y Marc Coma en sus conquistas del Dakar y hemos vibrado con los t\u00edtulos de Toni Bou en Trial. Adem\u00e1s, en nuestro equipo contamos con expertos en el mundo de las dos y cuatro ruedas tanto de la calle y las carreteras, como de los circuitos. Periodistas que han trabajado en revistas y publicaciones para hacerte llegar desde rutas y consejos de mantenimiento, a curiosidades y trucos de pilotaje.","sameAs":["https:\/\/www.facebook.com\/BoxRepsol\/","https:\/\/www.instagram.com\/box_repsol\/","https:\/\/x.com\/https:\/\/twitter.com\/box_repsol","https:\/\/www.youtube.com\/@Boxrepsol"],"url":"https:\/\/www.boxrepsol.com\/es\/author\/redaccion-box-repsol\/"}]}},"_links":{"self":[{"href":"https:\/\/www.boxrepsol.com\/es\/wp-json\/wp\/v2\/posts\/125400","targetHints":{"allow":["GET"]}}],"collection":[{"href":"https:\/\/www.boxrepsol.com\/es\/wp-json\/wp\/v2\/posts"}],"about":[{"href":"https:\/\/www.boxrepsol.com\/es\/wp-json\/wp\/v2\/types\/post"}],"author":[{"embeddable":true,"href":"https:\/\/www.boxrepsol.com\/es\/wp-json\/wp\/v2\/users\/43146"}],"replies":[{"embeddable":true,"href":"https:\/\/www.boxrepsol.com\/es\/wp-json\/wp\/v2\/comments?post=125400"}],"version-history":[{"count":5,"href":"https:\/\/www.boxrepsol.com\/es\/wp-json\/wp\/v2\/posts\/125400\/revisions"}],"predecessor-version":[{"id":125439,"href":"https:\/\/www.boxrepsol.com\/es\/wp-json\/wp\/v2\/posts\/125400\/revisions\/125439"}],"wp:featuredmedia":[{"embeddable":true,"href":"https:\/\/www.boxrepsol.com\/es\/wp-json\/wp\/v2\/media\/125405"}],"wp:attachment":[{"href":"https:\/\/www.boxrepsol.com\/es\/wp-json\/wp\/v2\/media?parent=125400"}],"wp:term":[{"taxonomy":"category","embeddable":true,"href":"https:\/\/www.boxrepsol.com\/es\/wp-json\/wp\/v2\/categories?post=125400"},{"taxonomy":"post_tag","embeddable":true,"href":"https:\/\/www.boxrepsol.com\/es\/wp-json\/wp\/v2\/tags?post=125400"}],"curies":[{"name":"wp","href":"https:\/\/api.w.org\/{rel}","templated":true}]}}