{"id":125058,"date":"2025-04-26T16:08:14","date_gmt":"2025-04-26T18:08:14","guid":{"rendered":"https:\/\/www.boxrepsol.com\/?p=125058"},"modified":"2025-07-23T07:42:34","modified_gmt":"2025-07-23T09:42:34","slug":"resultados-y-resumen-del-x-trial-de-tallinn-2025","status":"publish","type":"post","link":"https:\/\/www.boxrepsol.com\/es\/trial\/resultados-y-resumen-del-x-trial-de-tallinn-2025\/","title":{"rendered":"Resultados y resumen del X-Trial de Tallinn 2025"},"content":{"rendered":"<figure class=\"wp-block-post-featured-image\"><img loading=\"lazy\" decoding=\"async\" width=\"1200\" height=\"600\" src=\"https:\/\/bxrepsol.s3.eu-west-1.amazonaws.com\/static\/2025\/04\/26155830\/Foto-apertura-1-1.jpg\" class=\"attachment-post-thumbnail size-post-thumbnail wp-post-image\" alt=\"\" style=\"object-fit:cover;\" srcset=\"https:\/\/bxrepsol.s3.eu-west-1.amazonaws.com\/static\/2025\/04\/26155830\/Foto-apertura-1-1.jpg 1200w, https:\/\/bxrepsol.s3.eu-west-1.amazonaws.com\/static\/2025\/04\/26155830\/Foto-apertura-1-1-300x150.jpg 300w, https:\/\/bxrepsol.s3.eu-west-1.amazonaws.com\/static\/2025\/04\/26155830\/Foto-apertura-1-1-1024x512.jpg 1024w, https:\/\/bxrepsol.s3.eu-west-1.amazonaws.com\/static\/2025\/04\/26155830\/Foto-apertura-1-1-768x384.jpg 768w\" sizes=\"auto, (max-width: 1200px) 100vw, 1200px\" \/><\/figure>\n\n\n<p>El <strong>X-Trial de Tallinn 2025<\/strong> pone el punto final a una intensa temporada en la que Toni Bou, piloto del equipo <strong>Repsol Honda<\/strong>, ya llegaba como <strong>Campe\u00f3n del Mundo<\/strong> tras asegurarlo en la anterior cita en Cahors. Con su <strong>t\u00edtulo n\u00famero 37<\/strong> en el bolsillo, el rey del trial afronta esta \u00faltima prueba con el objetivo de cerrar el a\u00f1o por todo lo alto, acompa\u00f1ado por su compa\u00f1ero de equipo, Gabri Marcelli, quien tambi\u00e9n ha firmado una gran temporada.<\/p>\n\n\n\n<p>La emoci\u00f3n en el escenario estonio estaba asegurada, con los mejores pilotos del mundo buscando despedir el curso con una actuaci\u00f3n destacada en el <strong>Unibet Arena<\/strong> de Tallinn.<\/p>\n\n\n\n<p>Tras liderar la jornada desde el inicio, <strong>Toni Bou<\/strong> remat\u00f3 su actuaci\u00f3n con una brillante victoria en la final, cerrando la temporada de la mejor manera. Jaime Busto finaliz\u00f3 en segunda posici\u00f3n y <strong>Gabri Marcelli <\/strong>complet\u00f3 el podio.<\/p>\n\n\n\n<p><\/p>\n\n\n\n<div id=\"ez-toc-container\" class=\"ez-toc-v2_0_82_2 counter-hierarchy ez-toc-counter ez-toc-grey ez-toc-container-direction\">\n<div class=\"ez-toc-title-container\">\n<p class=\"ez-toc-title\" style=\"cursor:inherit\">\u00cdndice<\/p>\n<span class=\"ez-toc-title-toggle\"><a href=\"#\" class=\"ez-toc-pull-right ez-toc-btn ez-toc-btn-xs ez-toc-btn-default ez-toc-toggle\" aria-label=\"Toggle Table of Content\"><span class=\"ez-toc-js-icon-con\"><span class=\"\"><span class=\"eztoc-hide\" style=\"display:none;\">Toggle<\/span><span class=\"ez-toc-icon-toggle-span\"><svg style=\"fill: #999;color:#999\" xmlns=\"http:\/\/www.w3.org\/2000\/svg\" class=\"list-377408\" width=\"20px\" height=\"20px\" viewBox=\"0 0 24 24\" fill=\"none\"><path d=\"M6 6H4v2h2V6zm14 0H8v2h12V6zM4 11h2v2H4v-2zm16 0H8v2h12v-2zM4 16h2v2H4v-2zm16 0H8v2h12v-2z\" fill=\"currentColor\"><\/path><\/svg><svg style=\"fill: #999;color:#999\" class=\"arrow-unsorted-368013\" xmlns=\"http:\/\/www.w3.org\/2000\/svg\" width=\"10px\" height=\"10px\" viewBox=\"0 0 24 24\" version=\"1.2\" baseProfile=\"tiny\"><path d=\"M18.2 9.3l-6.2-6.3-6.2 6.3c-.2.2-.3.4-.3.7s.1.5.3.7c.2.2.4.3.7.3h11c.3 0 .5-.1.7-.3.2-.2.3-.5.3-.7s-.1-.5-.3-.7zM5.8 14.7l6.2 6.3 6.2-6.3c.2-.2.3-.5.3-.7s-.1-.5-.3-.7c-.2-.2-.4-.3-.7-.3h-11c-.3 0-.5.1-.7.3-.2.2-.3.5-.3.7s.1.5.3.7z\"\/><\/svg><\/span><\/span><\/span><\/a><\/span><\/div>\n<nav><ul class='ez-toc-list ez-toc-list-level-1 ' ><li class='ez-toc-page-1 ez-toc-heading-level-2'><a class=\"ez-toc-link ez-toc-heading-1\" href=\"https:\/\/www.boxrepsol.com\/es\/trial\/resultados-y-resumen-del-x-trial-de-tallinn-2025\/#Ultima_parada_del_Repsol_Honda_en_el_Mundial_de_X-Trial\" >\u00daltima parada del Repsol Honda en el Mundial de X-Trial<\/a><\/li><li class='ez-toc-page-1 ez-toc-heading-level-2'><a class=\"ez-toc-link ez-toc-heading-2\" href=\"https:\/\/www.boxrepsol.com\/es\/trial\/resultados-y-resumen-del-x-trial-de-tallinn-2025\/#Clasificacion_X-Trial_Tallinn\" >Clasificaci\u00f3n X-Trial Tallinn<\/a><\/li><li class='ez-toc-page-1 ez-toc-heading-level-2'><a class=\"ez-toc-link ez-toc-heading-3\" href=\"https:\/\/www.boxrepsol.com\/es\/trial\/resultados-y-resumen-del-x-trial-de-tallinn-2025\/#Clasificacion_General_X-Trial\" >Clasificaci\u00f3n General X-Trial<\/a><\/li><li class='ez-toc-page-1 ez-toc-heading-level-2'><a class=\"ez-toc-link ez-toc-heading-4\" href=\"https:\/\/www.boxrepsol.com\/es\/trial\/resultados-y-resumen-del-x-trial-de-tallinn-2025\/#DECLARACIONES\" >DECLARACIONES<\/a><\/li><\/ul><\/nav><\/div>\n<h2 class=\"wp-block-heading\"><span class=\"ez-toc-section\" id=\"Ultima_parada_del_Repsol_Honda_en_el_Mundial_de_X-Trial\"><\/span><strong>\u00daltima parada del Repsol Honda en el Mundial de X-Trial<\/strong><span class=\"ez-toc-section-end\"><\/span><\/h2>\n\n\n\n<p class=\"has-black-color has-text-color has-link-color wp-elements-f90906c1d9e7aa2903901c1cab9c3e62\">La temporada de X-Trial 2025 ha llegado a su fin en Tallinn, donde Toni Bou ha vuelto a mostrar su maestr\u00eda. En la <strong>Q1<\/strong>, el piloto catal\u00e1n del Repsol Honda HRC ha impuesto un ritmo s\u00f3lido, liderando la clasificaci\u00f3n con un desempe\u00f1o impecable. Jaime Busto ha apretado el ritmo, obligando a Bou a no cometer errores, pero el campe\u00f3n ha sabido gestionar la presi\u00f3n para llevarse la primera etapa. Gabri, por su parte, ha firmado una etapa s\u00f3lida que le ha permitido acabar en tercera posici\u00f3n.<\/p>\n\n\n\n<p class=\"has-black-color has-text-color has-link-color wp-elements-a1eb08b191c16a8834934c64a8a99cd9\">La <strong>Q2<\/strong> ha elevado notablemente la dificultad para todos los participantes, con secciones mucho m\u00e1s exigentes. Gabri Marcelli ha tenido un inicio complicado, sin poder superar las tres primeras secciones, pero ha sabido mantener la calma y reaccionar con una excelente actuaci\u00f3n en las tres secciones finales, asegur\u00e1ndose as\u00ed un valioso tercer puesto.<\/p>\n\n\n\n<p class=\"has-black-color has-text-color has-link-color wp-elements-0a56189ad62634be728622379a7d126f\">Jaime Busto, por su parte, ha mantenido un ritmo muy s\u00f3lido durante toda la fase, lo que le ha permitido finalizar en segunda posici\u00f3n. Toni Bou, firme y preciso, ha vuelto a demostrar por qu\u00e9 es el n\u00famero uno, imponi\u00e9ndose con autoridad para cerrar la temporada con una <strong>nueva victoria<\/strong> y reafirmar, una vez m\u00e1s, su dominio en la disciplina a\u00f1o tras a\u00f1o.<\/p>\n\n\n\n<p class=\"has-black-color has-text-color has-link-color wp-elements-9ac00cf961d1ea846fe5a532228b76c6\"><\/p>\n\n\n\n<div id=\"844fc7e1-f8b9-4b12-bb84-21283ebbff2d\" class=\"br-slider-box\"><div class=\"wp-block-create-block-repsol-carousel br-slider\"><a target=\"_blank\" href=\"https:\/\/bxrepsol.s3.eu-west-1.amazonaws.com\/static\/2025\/04\/26160731\/GpeIKRUWcAA4JyE.jpg\" data-index=\"0\" rel=\"noopener\"><img decoding=\"async\" src=\"https:\/\/bxrepsol.s3.eu-west-1.amazonaws.com\/static\/2025\/04\/26160731\/GpeIKRUWcAA4JyE.jpg\"\/><\/a><a target=\"_blank\" href=\"https:\/\/bxrepsol.s3.eu-west-1.amazonaws.com\/static\/2025\/04\/26160736\/GpeIKRXXQAAhXkA.jpg\" data-index=\"1\" rel=\"noopener\"><img decoding=\"async\" src=\"https:\/\/bxrepsol.s3.eu-west-1.amazonaws.com\/static\/2025\/04\/26160736\/GpeIKRXXQAAhXkA.jpg\"\/><\/a><a target=\"_blank\" href=\"https:\/\/bxrepsol.s3.eu-west-1.amazonaws.com\/static\/2025\/04\/26160740\/GpeoDIgWAAAPr3l.jpg\" data-index=\"2\" rel=\"noopener\"><img decoding=\"async\" src=\"https:\/\/bxrepsol.s3.eu-west-1.amazonaws.com\/static\/2025\/04\/26160740\/GpeoDIgWAAAPr3l.jpg\"\/><\/a><a target=\"_blank\" href=\"https:\/\/bxrepsol.s3.eu-west-1.amazonaws.com\/static\/2025\/04\/26160744\/GpeS7-RWYAAMkjf.jpg\" data-index=\"3\" rel=\"noopener\"><img decoding=\"async\" src=\"https:\/\/bxrepsol.s3.eu-west-1.amazonaws.com\/static\/2025\/04\/26160744\/GpeS7-RWYAAMkjf.jpg\"\/><\/a><a target=\"_blank\" href=\"https:\/\/bxrepsol.s3.eu-west-1.amazonaws.com\/static\/2025\/04\/26160752\/WhatsApp-Image-2025-04-26-at-19.54.42-scaled.jpeg\" data-index=\"4\" rel=\"noopener\"><img decoding=\"async\" src=\"https:\/\/bxrepsol.s3.eu-west-1.amazonaws.com\/static\/2025\/04\/26160752\/WhatsApp-Image-2025-04-26-at-19.54.42-scaled.jpeg\"\/><\/a><\/div><div class=\"br-slider-buttons\"><button class=\"arrow rds-icon arrow--left rds-icon-Arrow_left\"><\/button><button class=\"arrow rds-icon arrow--right rds-icon-Arrow_right\"><\/button><\/div><\/div>\n\n\n\n<h2 class=\"wp-block-heading\"><span class=\"ez-toc-section\" id=\"Clasificacion_X-Trial_Tallinn\"><\/span><strong>Clasificaci\u00f3n X-Trial Tallinn<\/strong><span class=\"ez-toc-section-end\"><\/span><\/h2>\n\n\n\n<figure class=\"wp-block-table is-style-stripes\"><table><tbody><tr><td><strong>PILOTO<\/strong><\/td><td><strong>EQUIPO<\/strong><\/td><td><strong>PUNTOS<\/strong><\/td><\/tr><tr><td><strong>1. Toni Bou<\/strong><\/td><td><strong>REPSOL HONDA<\/strong><\/td><td><strong>20<\/strong><\/td><\/tr><tr><td>2. Jaime Busto<\/td><td>GASGAS<\/td><td>15<\/td><\/tr><tr><td><strong>3. Gabriel Marcelli<\/strong><\/td><td><strong>REPSOL HONDA<\/strong><\/td><td>12<\/td><\/tr><tr><td>4. Jack Peace<\/td><td>SHERCO<\/td><td>9<\/td><\/tr><tr><td>5. Beno\u00eet Bincaz<\/td><td>SHERCO<\/td><td>6<\/td><\/tr><tr><td>6. Alex Canales<\/td><td>MONTESA<\/td><td>4<\/td><\/tr><tr><td>7. Sondre Haga<\/td><td>GASGAS<\/td><td>2<\/td><\/tr><tr><td>8. Billy Green<\/td><td>SCORPA<\/td><td>1<\/td><\/tr><\/tbody><\/table><\/figure>\n\n\n\n<p><\/p>\n\n\n\n<h2 class=\"wp-block-heading\"><span class=\"ez-toc-section\" id=\"Clasificacion_General_X-Trial\"><\/span><strong>Clasificaci\u00f3n General X-Trial<\/strong><span class=\"ez-toc-section-end\"><\/span><\/h2>\n\n\n\n<figure class=\"wp-block-table is-style-stripes\"><table><tbody><tr><td><strong>PILOTO<\/strong><\/td><td><strong>EQUIPO<\/strong><\/td><td><strong>PUNTOS<\/strong><\/td><\/tr><tr><td><strong>1. Toni Bou<\/strong><\/td><td><strong>REPSOL HONDA<\/strong><\/td><td>150<\/td><\/tr><tr><td>2. Jaime Busto<\/td><td>GASGAS<\/td><td>114<\/td><\/tr><tr><td><strong>3. Gabriel Marcelli<\/strong><\/td><td><strong>REPSOL HONDA<\/strong><\/td><td>87<\/td><\/tr><tr><td>4. Beno\u00eet Bincaz<\/td><td>ELECTRIC MOTION<\/td><td>51<\/td><\/tr><tr><td>5. Adam Raga<\/td><td>SHERCO<\/td><td>48<\/td><\/tr><tr><td>6. Matteo Grattarola<\/td><td>BETA<\/td><td>23<\/td><\/tr><tr><td>7. Jack Peace<\/td><td>SHERCO<\/td><td>21<\/td><\/tr><tr><td>8. Alex Canales<\/td><td>MONTESA<\/td><td>17<\/td><\/tr><tr><td>9. Sondre Haga<\/td><td>GASGAS<\/td><td>10<\/td><\/tr><tr><td>10. Arnau Farr\u00e9<\/td><td>SHERCO<\/td><td>9<\/td><\/tr><tr><td>11. Aniol Gelabert<\/td><td>TRRS<\/td><td>6<\/td><\/tr><tr><td>12. Hugo Dufrese<\/td><td>BETA<\/td><td>5<\/td><\/tr><tr><td>13. Lorenzo Gandola<\/td><td>BETA<\/td><td>4<\/td><\/tr><tr><td>14. Billy Green<\/td><td>SCORPA<\/td><td>2<\/td><\/tr><tr><td>15. Harry Hemingway <\/td><td>BETA<\/td><td>2<\/td><\/tr><tr><td>16. Marco Memp\u00f6r<\/td><td>TRRS<\/td><td>1<\/td><\/tr><tr><td>17. Mats Nilsen<\/td><td>TRRS<\/td><td>1<\/td><\/tr><tr><td>18. Miquel Gelabert<\/td><td>Montesa<\/td><td>1<\/td><\/tr><\/tbody><\/table><\/figure>\n\n\n\n<p><\/p>\n\n\n\n<h2 class=\"wp-block-heading\"><span class=\"ez-toc-section\" id=\"DECLARACIONES\"><\/span><strong>DECLARACIONES<\/strong><span class=\"ez-toc-section-end\"><\/span><\/h2>\n\n\n\n<p class=\"has-medium-font-size\"><strong>#1 TONI BOU<\/strong><\/p>\n\n\n\n<p class=\"has-black-color has-text-color has-link-color wp-elements-4c2d69a5ab5a96f5850d6a1dfdd6c46d\">\u201cMuy contento de conseguir una victoria en Estonia. El a\u00f1o pasado no pude clasificarme para la final as\u00ed que llegaba con muchas ganas de este gran resultado. Hemos hecho una carrera muy s\u00f3lida y ahora tenemos que disfrutarlo. En general el balance de esta temporada es s\u00faper positivo, hemos conseguido seis victorias y nuestra peor ha sido segundo adem\u00e1s de llevarnos el campeonato as\u00ed que no se puede pedir m\u00e1s. El equipo ha hecho un trabajo incre\u00edble como siempre y quiero darles las gracias por ello\u201d.<\/p>\n\n\n\n<p class=\"has-medium-font-size\"><strong>#38 GABRIEL MARCELLI<\/strong><\/p>\n\n\n\n<p class=\"has-black-color has-text-color has-link-color wp-elements-97d904bf22f4b9a14fbc4c75952cc8d3\">\u201cHoy no estoy s\u00faper contento porque en la primera ronda no he pilotado demasiado bien. Es cierto que en la final he mejorado y me quedo con eso. Lo m\u00e1s positivo es que repetimos resultado en la final, no era el objetivo porque busc\u00e1bamos un puto m\u00e1s por lo que corregiremos los errores para dar nuestra mejor versi\u00f3n la pr\u00f3xima temporada. Quiero dar las gracias a todo el equipo por el gran trabajo de este a\u00f1o\u201d.<\/p>\n","protected":false},"excerpt":{"rendered":"<p>La \u00faltima prueba del Mundial de X-Trial 2025 en Tallinn ha puesto el broche final a la temporada con Toni Bou compitiendo ya como Campe\u00f3n del Mundo, t\u00edtulo que asegur\u00f3 en la anterior cita. En esta ocasi\u00f3n, Toni ha vuelto a brillar llev\u00e1ndose la victoria, seguido de Jaime Busto en segunda posici\u00f3n y Gabri Marcelli completando el podio en tercera plaza.<\/p>\n","protected":false},"author":43146,"featured_media":125063,"comment_status":"open","ping_status":"closed","sticky":false,"template":"","format":"standard","meta":{"footnotes":""},"categories":[23],"tags":[203,356,21,540,567],"class_list":["post-125058","post","type-post","status-publish","format-standard","hentry","category-trial","tag-gabri-marcelli","tag-resultados","tag-toni-bou","tag-x-trial-2025","tag-x-trial-tallin"],"yoast_head":"<!-- This site is optimized with the Yoast SEO plugin v27.3 - https:\/\/yoast.com\/product\/yoast-seo-wordpress\/ -->\n<title>Resultados y resumen del X-Trial de Cahors 2025 - Box Repsol<\/title>\n<meta name=\"description\" content=\"Consulta aqu\u00ed los resultados y el resumen de la carrera del X-Trial de Tallinn 2025.\" \/>\n<link rel=\"canonical\" href=\"https:\/\/www.boxrepsol.com\/es\/trial\/resultados-y-resumen-del-x-trial-de-tallinn-2025\/\" \/>\n<meta property=\"og:locale\" content=\"es_ES\" \/>\n<meta property=\"og:type\" content=\"article\" \/>\n<meta property=\"og:title\" content=\"Resultados y resumen del X-Trial de Cahors 2025 - Box Repsol\" \/>\n<meta property=\"og:description\" content=\"Consulta aqu\u00ed los resultados y el resumen de la carrera del X-Trial de Tallinn 2025.\" \/>\n<meta property=\"og:url\" content=\"https:\/\/www.boxrepsol.com\/es\/trial\/resultados-y-resumen-del-x-trial-de-tallinn-2025\/\" \/>\n<meta property=\"og:site_name\" content=\"Box Repsol\" \/>\n<meta property=\"article:publisher\" content=\"https:\/\/www.facebook.com\/BoxRepsol\" \/>\n<meta property=\"article:author\" content=\"https:\/\/www.facebook.com\/BoxRepsol\/\" \/>\n<meta property=\"article:published_time\" content=\"2025-04-26T18:08:14+00:00\" \/>\n<meta property=\"article:modified_time\" content=\"2025-07-23T09:42:34+00:00\" \/>\n<meta property=\"og:image\" content=\"https:\/\/bxrepsol.s3.eu-west-1.amazonaws.com\/static\/2025\/04\/26155830\/Foto-apertura-1-1.jpg\" \/>\n\t<meta property=\"og:image:width\" content=\"1200\" \/>\n\t<meta property=\"og:image:height\" content=\"600\" \/>\n\t<meta property=\"og:image:type\" content=\"image\/jpeg\" \/>\n<meta name=\"author\" content=\"Redacci\u00f3n Box Repsol\" \/>\n<meta name=\"twitter:card\" content=\"summary_large_image\" \/>\n<meta name=\"twitter:creator\" content=\"@https:\/\/twitter.com\/box_repsol\" \/>\n<meta name=\"twitter:site\" content=\"@box_repsol\" \/>\n<meta name=\"twitter:label1\" content=\"Written by\" \/>\n\t<meta name=\"twitter:data1\" content=\"Redacci\u00f3n Box Repsol\" \/>\n\t<meta name=\"twitter:label2\" content=\"Est. reading time\" \/>\n\t<meta name=\"twitter:data2\" content=\"3 minutos\" \/>\n<script type=\"application\/ld+json\" class=\"yoast-schema-graph\">{\"@context\":\"https:\\\/\\\/schema.org\",\"@graph\":[{\"@type\":\"Article\",\"@id\":\"https:\\\/\\\/www.boxrepsol.com\\\/es\\\/trial\\\/resultados-y-resumen-del-x-trial-de-tallinn-2025\\\/#article\",\"isPartOf\":{\"@id\":\"https:\\\/\\\/www.boxrepsol.com\\\/es\\\/trial\\\/resultados-y-resumen-del-x-trial-de-tallinn-2025\\\/\"},\"author\":{\"name\":\"Redacci\u00f3n Box Repsol\",\"@id\":\"https:\\\/\\\/www.boxrepsol.com\\\/es\\\/#\\\/schema\\\/person\\\/c5c2138f2cca251b0ad92b7086bb60b7\"},\"headline\":\"Resultados y resumen del X-Trial de Tallinn 2025\",\"datePublished\":\"2025-04-26T18:08:14+00:00\",\"dateModified\":\"2025-07-23T09:42:34+00:00\",\"mainEntityOfPage\":{\"@id\":\"https:\\\/\\\/www.boxrepsol.com\\\/es\\\/trial\\\/resultados-y-resumen-del-x-trial-de-tallinn-2025\\\/\"},\"wordCount\":671,\"commentCount\":0,\"publisher\":{\"@id\":\"https:\\\/\\\/www.boxrepsol.com\\\/es\\\/#organization\"},\"image\":{\"@id\":\"https:\\\/\\\/www.boxrepsol.com\\\/es\\\/trial\\\/resultados-y-resumen-del-x-trial-de-tallinn-2025\\\/#primaryimage\"},\"thumbnailUrl\":\"https:\\\/\\\/bxrepsol.s3.eu-west-1.amazonaws.com\\\/static\\\/2025\\\/04\\\/26155830\\\/Foto-apertura-1-1.jpg\",\"keywords\":[\"Gabri Marcelli\",\"Resultados\",\"Toni Bou\",\"X-Trial 2025\",\"x-trial Tallin\"],\"articleSection\":[\"Trial\"],\"inLanguage\":\"es\",\"potentialAction\":[{\"@type\":\"CommentAction\",\"name\":\"Comment\",\"target\":[\"https:\\\/\\\/www.boxrepsol.com\\\/es\\\/trial\\\/resultados-y-resumen-del-x-trial-de-tallinn-2025\\\/#respond\"]}]},{\"@type\":\"WebPage\",\"@id\":\"https:\\\/\\\/www.boxrepsol.com\\\/es\\\/trial\\\/resultados-y-resumen-del-x-trial-de-tallinn-2025\\\/\",\"url\":\"https:\\\/\\\/www.boxrepsol.com\\\/es\\\/trial\\\/resultados-y-resumen-del-x-trial-de-tallinn-2025\\\/\",\"name\":\"Resultados y resumen del X-Trial de Cahors 2025 - Box Repsol\",\"isPartOf\":{\"@id\":\"https:\\\/\\\/www.boxrepsol.com\\\/es\\\/#website\"},\"primaryImageOfPage\":{\"@id\":\"https:\\\/\\\/www.boxrepsol.com\\\/es\\\/trial\\\/resultados-y-resumen-del-x-trial-de-tallinn-2025\\\/#primaryimage\"},\"image\":{\"@id\":\"https:\\\/\\\/www.boxrepsol.com\\\/es\\\/trial\\\/resultados-y-resumen-del-x-trial-de-tallinn-2025\\\/#primaryimage\"},\"thumbnailUrl\":\"https:\\\/\\\/bxrepsol.s3.eu-west-1.amazonaws.com\\\/static\\\/2025\\\/04\\\/26155830\\\/Foto-apertura-1-1.jpg\",\"datePublished\":\"2025-04-26T18:08:14+00:00\",\"dateModified\":\"2025-07-23T09:42:34+00:00\",\"description\":\"Consulta aqu\u00ed los resultados y el resumen de la carrera del X-Trial de Tallinn 2025.\",\"breadcrumb\":{\"@id\":\"https:\\\/\\\/www.boxrepsol.com\\\/es\\\/trial\\\/resultados-y-resumen-del-x-trial-de-tallinn-2025\\\/#breadcrumb\"},\"inLanguage\":\"es\",\"potentialAction\":[{\"@type\":\"ReadAction\",\"target\":[\"https:\\\/\\\/www.boxrepsol.com\\\/es\\\/trial\\\/resultados-y-resumen-del-x-trial-de-tallinn-2025\\\/\"]}]},{\"@type\":\"ImageObject\",\"inLanguage\":\"es\",\"@id\":\"https:\\\/\\\/www.boxrepsol.com\\\/es\\\/trial\\\/resultados-y-resumen-del-x-trial-de-tallinn-2025\\\/#primaryimage\",\"url\":\"https:\\\/\\\/bxrepsol.s3.eu-west-1.amazonaws.com\\\/static\\\/2025\\\/04\\\/26155830\\\/Foto-apertura-1-1.jpg\",\"contentUrl\":\"https:\\\/\\\/bxrepsol.s3.eu-west-1.amazonaws.com\\\/static\\\/2025\\\/04\\\/26155830\\\/Foto-apertura-1-1.jpg\",\"width\":1200,\"height\":600},{\"@type\":\"BreadcrumbList\",\"@id\":\"https:\\\/\\\/www.boxrepsol.com\\\/es\\\/trial\\\/resultados-y-resumen-del-x-trial-de-tallinn-2025\\\/#breadcrumb\",\"itemListElement\":[{\"@type\":\"ListItem\",\"position\":1,\"name\":\"Home\",\"item\":\"https:\\\/\\\/www.boxrepsol.com\\\/es\\\/\"},{\"@type\":\"ListItem\",\"position\":2,\"name\":\"Resultados y resumen del X-Trial de Tallinn 2025\"}]},{\"@type\":\"WebSite\",\"@id\":\"https:\\\/\\\/www.boxrepsol.com\\\/es\\\/#website\",\"url\":\"https:\\\/\\\/www.boxrepsol.com\\\/es\\\/\",\"name\":\"Box Repsol\",\"description\":\"Box Repsol Site\",\"publisher\":{\"@id\":\"https:\\\/\\\/www.boxrepsol.com\\\/es\\\/#organization\"},\"potentialAction\":[{\"@type\":\"SearchAction\",\"target\":{\"@type\":\"EntryPoint\",\"urlTemplate\":\"https:\\\/\\\/www.boxrepsol.com\\\/es\\\/?s={search_term_string}\"},\"query-input\":{\"@type\":\"PropertyValueSpecification\",\"valueRequired\":true,\"valueName\":\"search_term_string\"}}],\"inLanguage\":\"es\"},{\"@type\":\"Organization\",\"@id\":\"https:\\\/\\\/www.boxrepsol.com\\\/es\\\/#organization\",\"name\":\"Box Repsol\",\"url\":\"https:\\\/\\\/www.boxrepsol.com\\\/es\\\/\",\"logo\":{\"@type\":\"ImageObject\",\"inLanguage\":\"es\",\"@id\":\"https:\\\/\\\/www.boxrepsol.com\\\/es\\\/#\\\/schema\\\/logo\\\/image\\\/\",\"url\":\"https:\\\/\\\/bxrepsol.s3.eu-west-1.amazonaws.com\\\/static\\\/2025\\\/07\\\/30083337\\\/favicon-96x96-1.png\",\"contentUrl\":\"https:\\\/\\\/bxrepsol.s3.eu-west-1.amazonaws.com\\\/static\\\/2025\\\/07\\\/30083337\\\/favicon-96x96-1.png\",\"width\":96,\"height\":96,\"caption\":\"Box Repsol\"},\"image\":{\"@id\":\"https:\\\/\\\/www.boxrepsol.com\\\/es\\\/#\\\/schema\\\/logo\\\/image\\\/\"},\"sameAs\":[\"https:\\\/\\\/www.facebook.com\\\/BoxRepsol\",\"https:\\\/\\\/x.com\\\/box_repsol\",\"http:\\\/\\\/instagram.com\\\/box_repsol\",\"https:\\\/\\\/www.youtube.com\\\/user\\\/RepsolCompeticion\",\"https:\\\/\\\/www.flickr.com\\\/photos\\\/box_repsol\\\/\"]},{\"@type\":\"Person\",\"@id\":\"https:\\\/\\\/www.boxrepsol.com\\\/es\\\/#\\\/schema\\\/person\\\/c5c2138f2cca251b0ad92b7086bb60b7\",\"name\":\"Redacci\u00f3n Box Repsol\",\"image\":{\"@type\":\"ImageObject\",\"inLanguage\":\"es\",\"@id\":\"https:\\\/\\\/secure.gravatar.com\\\/avatar\\\/adf7b77e38b4419baf32c7e9c21dde01f4e40df611f0978e3006fc4ba0aaab7e?s=96&d=mm&r=g\",\"url\":\"https:\\\/\\\/secure.gravatar.com\\\/avatar\\\/adf7b77e38b4419baf32c7e9c21dde01f4e40df611f0978e3006fc4ba0aaab7e?s=96&d=mm&r=g\",\"contentUrl\":\"https:\\\/\\\/secure.gravatar.com\\\/avatar\\\/adf7b77e38b4419baf32c7e9c21dde01f4e40df611f0978e3006fc4ba0aaab7e?s=96&d=mm&r=g\",\"caption\":\"Redacci\u00f3n Box Repsol\"},\"description\":\"Box Repsol lo forma un equipo de periodistas, community managers, dise\u00f1adores y fot\u00f3grafos con m\u00e1s de 20 a\u00f1os de experiencia en el mundo del motorsport. Hemos vivido el primer mundial de un espa\u00f1ol en la categor\u00eda reina de motociclismo con \u00c1lex Crivill\u00e9, estuvimos en las victorias de Pedrosa y los t\u00edtulos de M\u00e1rquez, acompa\u00f1amos en \u00c1frica a Nani Roma y Marc Coma en sus conquistas del Dakar y hemos vibrado con los t\u00edtulos de Toni Bou en Trial. Adem\u00e1s, en nuestro equipo contamos con expertos en el mundo de las dos y cuatro ruedas tanto de la calle y las carreteras, como de los circuitos. Periodistas que han trabajado en revistas y publicaciones para hacerte llegar desde rutas y consejos de mantenimiento, a curiosidades y trucos de pilotaje.\",\"sameAs\":[\"https:\\\/\\\/www.facebook.com\\\/BoxRepsol\\\/\",\"https:\\\/\\\/www.instagram.com\\\/box_repsol\\\/\",\"https:\\\/\\\/x.com\\\/https:\\\/\\\/twitter.com\\\/box_repsol\",\"https:\\\/\\\/www.youtube.com\\\/@Boxrepsol\"],\"url\":\"https:\\\/\\\/www.boxrepsol.com\\\/es\\\/author\\\/redaccion-box-repsol\\\/\"}]}<\/script>\n<!-- \/ Yoast SEO plugin. -->","yoast_head_json":{"title":"Resultados y resumen del X-Trial de Cahors 2025 - Box Repsol","description":"Consulta aqu\u00ed los resultados y el resumen de la carrera del X-Trial de Tallinn 2025.","canonical":"https:\/\/www.boxrepsol.com\/es\/trial\/resultados-y-resumen-del-x-trial-de-tallinn-2025\/","og_locale":"es_ES","og_type":"article","og_title":"Resultados y resumen del X-Trial de Cahors 2025 - Box Repsol","og_description":"Consulta aqu\u00ed los resultados y el resumen de la carrera del X-Trial de Tallinn 2025.","og_url":"https:\/\/www.boxrepsol.com\/es\/trial\/resultados-y-resumen-del-x-trial-de-tallinn-2025\/","og_site_name":"Box Repsol","article_publisher":"https:\/\/www.facebook.com\/BoxRepsol","article_author":"https:\/\/www.facebook.com\/BoxRepsol\/","article_published_time":"2025-04-26T18:08:14+00:00","article_modified_time":"2025-07-23T09:42:34+00:00","og_image":[{"width":1200,"height":600,"url":"https:\/\/bxrepsol.s3.eu-west-1.amazonaws.com\/static\/2025\/04\/26155830\/Foto-apertura-1-1.jpg","type":"image\/jpeg"}],"author":"Redacci\u00f3n Box Repsol","twitter_card":"summary_large_image","twitter_creator":"@https:\/\/twitter.com\/box_repsol","twitter_site":"@box_repsol","twitter_misc":{"Written by":"Redacci\u00f3n Box Repsol","Est. reading time":"3 minutos"},"schema":{"@context":"https:\/\/schema.org","@graph":[{"@type":"Article","@id":"https:\/\/www.boxrepsol.com\/es\/trial\/resultados-y-resumen-del-x-trial-de-tallinn-2025\/#article","isPartOf":{"@id":"https:\/\/www.boxrepsol.com\/es\/trial\/resultados-y-resumen-del-x-trial-de-tallinn-2025\/"},"author":{"name":"Redacci\u00f3n Box Repsol","@id":"https:\/\/www.boxrepsol.com\/es\/#\/schema\/person\/c5c2138f2cca251b0ad92b7086bb60b7"},"headline":"Resultados y resumen del X-Trial de Tallinn 2025","datePublished":"2025-04-26T18:08:14+00:00","dateModified":"2025-07-23T09:42:34+00:00","mainEntityOfPage":{"@id":"https:\/\/www.boxrepsol.com\/es\/trial\/resultados-y-resumen-del-x-trial-de-tallinn-2025\/"},"wordCount":671,"commentCount":0,"publisher":{"@id":"https:\/\/www.boxrepsol.com\/es\/#organization"},"image":{"@id":"https:\/\/www.boxrepsol.com\/es\/trial\/resultados-y-resumen-del-x-trial-de-tallinn-2025\/#primaryimage"},"thumbnailUrl":"https:\/\/bxrepsol.s3.eu-west-1.amazonaws.com\/static\/2025\/04\/26155830\/Foto-apertura-1-1.jpg","keywords":["Gabri Marcelli","Resultados","Toni Bou","X-Trial 2025","x-trial Tallin"],"articleSection":["Trial"],"inLanguage":"es","potentialAction":[{"@type":"CommentAction","name":"Comment","target":["https:\/\/www.boxrepsol.com\/es\/trial\/resultados-y-resumen-del-x-trial-de-tallinn-2025\/#respond"]}]},{"@type":"WebPage","@id":"https:\/\/www.boxrepsol.com\/es\/trial\/resultados-y-resumen-del-x-trial-de-tallinn-2025\/","url":"https:\/\/www.boxrepsol.com\/es\/trial\/resultados-y-resumen-del-x-trial-de-tallinn-2025\/","name":"Resultados y resumen del X-Trial de Cahors 2025 - Box Repsol","isPartOf":{"@id":"https:\/\/www.boxrepsol.com\/es\/#website"},"primaryImageOfPage":{"@id":"https:\/\/www.boxrepsol.com\/es\/trial\/resultados-y-resumen-del-x-trial-de-tallinn-2025\/#primaryimage"},"image":{"@id":"https:\/\/www.boxrepsol.com\/es\/trial\/resultados-y-resumen-del-x-trial-de-tallinn-2025\/#primaryimage"},"thumbnailUrl":"https:\/\/bxrepsol.s3.eu-west-1.amazonaws.com\/static\/2025\/04\/26155830\/Foto-apertura-1-1.jpg","datePublished":"2025-04-26T18:08:14+00:00","dateModified":"2025-07-23T09:42:34+00:00","description":"Consulta aqu\u00ed los resultados y el resumen de la carrera del X-Trial de Tallinn 2025.","breadcrumb":{"@id":"https:\/\/www.boxrepsol.com\/es\/trial\/resultados-y-resumen-del-x-trial-de-tallinn-2025\/#breadcrumb"},"inLanguage":"es","potentialAction":[{"@type":"ReadAction","target":["https:\/\/www.boxrepsol.com\/es\/trial\/resultados-y-resumen-del-x-trial-de-tallinn-2025\/"]}]},{"@type":"ImageObject","inLanguage":"es","@id":"https:\/\/www.boxrepsol.com\/es\/trial\/resultados-y-resumen-del-x-trial-de-tallinn-2025\/#primaryimage","url":"https:\/\/bxrepsol.s3.eu-west-1.amazonaws.com\/static\/2025\/04\/26155830\/Foto-apertura-1-1.jpg","contentUrl":"https:\/\/bxrepsol.s3.eu-west-1.amazonaws.com\/static\/2025\/04\/26155830\/Foto-apertura-1-1.jpg","width":1200,"height":600},{"@type":"BreadcrumbList","@id":"https:\/\/www.boxrepsol.com\/es\/trial\/resultados-y-resumen-del-x-trial-de-tallinn-2025\/#breadcrumb","itemListElement":[{"@type":"ListItem","position":1,"name":"Home","item":"https:\/\/www.boxrepsol.com\/es\/"},{"@type":"ListItem","position":2,"name":"Resultados y resumen del X-Trial de Tallinn 2025"}]},{"@type":"WebSite","@id":"https:\/\/www.boxrepsol.com\/es\/#website","url":"https:\/\/www.boxrepsol.com\/es\/","name":"Box Repsol","description":"Box Repsol Site","publisher":{"@id":"https:\/\/www.boxrepsol.com\/es\/#organization"},"potentialAction":[{"@type":"SearchAction","target":{"@type":"EntryPoint","urlTemplate":"https:\/\/www.boxrepsol.com\/es\/?s={search_term_string}"},"query-input":{"@type":"PropertyValueSpecification","valueRequired":true,"valueName":"search_term_string"}}],"inLanguage":"es"},{"@type":"Organization","@id":"https:\/\/www.boxrepsol.com\/es\/#organization","name":"Box Repsol","url":"https:\/\/www.boxrepsol.com\/es\/","logo":{"@type":"ImageObject","inLanguage":"es","@id":"https:\/\/www.boxrepsol.com\/es\/#\/schema\/logo\/image\/","url":"https:\/\/bxrepsol.s3.eu-west-1.amazonaws.com\/static\/2025\/07\/30083337\/favicon-96x96-1.png","contentUrl":"https:\/\/bxrepsol.s3.eu-west-1.amazonaws.com\/static\/2025\/07\/30083337\/favicon-96x96-1.png","width":96,"height":96,"caption":"Box Repsol"},"image":{"@id":"https:\/\/www.boxrepsol.com\/es\/#\/schema\/logo\/image\/"},"sameAs":["https:\/\/www.facebook.com\/BoxRepsol","https:\/\/x.com\/box_repsol","http:\/\/instagram.com\/box_repsol","https:\/\/www.youtube.com\/user\/RepsolCompeticion","https:\/\/www.flickr.com\/photos\/box_repsol\/"]},{"@type":"Person","@id":"https:\/\/www.boxrepsol.com\/es\/#\/schema\/person\/c5c2138f2cca251b0ad92b7086bb60b7","name":"Redacci\u00f3n Box Repsol","image":{"@type":"ImageObject","inLanguage":"es","@id":"https:\/\/secure.gravatar.com\/avatar\/adf7b77e38b4419baf32c7e9c21dde01f4e40df611f0978e3006fc4ba0aaab7e?s=96&d=mm&r=g","url":"https:\/\/secure.gravatar.com\/avatar\/adf7b77e38b4419baf32c7e9c21dde01f4e40df611f0978e3006fc4ba0aaab7e?s=96&d=mm&r=g","contentUrl":"https:\/\/secure.gravatar.com\/avatar\/adf7b77e38b4419baf32c7e9c21dde01f4e40df611f0978e3006fc4ba0aaab7e?s=96&d=mm&r=g","caption":"Redacci\u00f3n Box Repsol"},"description":"Box Repsol lo forma un equipo de periodistas, community managers, dise\u00f1adores y fot\u00f3grafos con m\u00e1s de 20 a\u00f1os de experiencia en el mundo del motorsport. Hemos vivido el primer mundial de un espa\u00f1ol en la categor\u00eda reina de motociclismo con \u00c1lex Crivill\u00e9, estuvimos en las victorias de Pedrosa y los t\u00edtulos de M\u00e1rquez, acompa\u00f1amos en \u00c1frica a Nani Roma y Marc Coma en sus conquistas del Dakar y hemos vibrado con los t\u00edtulos de Toni Bou en Trial. Adem\u00e1s, en nuestro equipo contamos con expertos en el mundo de las dos y cuatro ruedas tanto de la calle y las carreteras, como de los circuitos. Periodistas que han trabajado en revistas y publicaciones para hacerte llegar desde rutas y consejos de mantenimiento, a curiosidades y trucos de pilotaje.","sameAs":["https:\/\/www.facebook.com\/BoxRepsol\/","https:\/\/www.instagram.com\/box_repsol\/","https:\/\/x.com\/https:\/\/twitter.com\/box_repsol","https:\/\/www.youtube.com\/@Boxrepsol"],"url":"https:\/\/www.boxrepsol.com\/es\/author\/redaccion-box-repsol\/"}]}},"_links":{"self":[{"href":"https:\/\/www.boxrepsol.com\/es\/wp-json\/wp\/v2\/posts\/125058","targetHints":{"allow":["GET"]}}],"collection":[{"href":"https:\/\/www.boxrepsol.com\/es\/wp-json\/wp\/v2\/posts"}],"about":[{"href":"https:\/\/www.boxrepsol.com\/es\/wp-json\/wp\/v2\/types\/post"}],"author":[{"embeddable":true,"href":"https:\/\/www.boxrepsol.com\/es\/wp-json\/wp\/v2\/users\/43146"}],"replies":[{"embeddable":true,"href":"https:\/\/www.boxrepsol.com\/es\/wp-json\/wp\/v2\/comments?post=125058"}],"version-history":[{"count":9,"href":"https:\/\/www.boxrepsol.com\/es\/wp-json\/wp\/v2\/posts\/125058\/revisions"}],"predecessor-version":[{"id":125082,"href":"https:\/\/www.boxrepsol.com\/es\/wp-json\/wp\/v2\/posts\/125058\/revisions\/125082"}],"wp:featuredmedia":[{"embeddable":true,"href":"https:\/\/www.boxrepsol.com\/es\/wp-json\/wp\/v2\/media\/125063"}],"wp:attachment":[{"href":"https:\/\/www.boxrepsol.com\/es\/wp-json\/wp\/v2\/media?parent=125058"}],"wp:term":[{"taxonomy":"category","embeddable":true,"href":"https:\/\/www.boxrepsol.com\/es\/wp-json\/wp\/v2\/categories?post=125058"},{"taxonomy":"post_tag","embeddable":true,"href":"https:\/\/www.boxrepsol.com\/es\/wp-json\/wp\/v2\/tags?post=125058"}],"curies":[{"name":"wp","href":"https:\/\/api.w.org\/{rel}","templated":true}]}}