{"id":124918,"date":"2025-04-13T14:54:36","date_gmt":"2025-04-13T16:54:36","guid":{"rendered":"https:\/\/www.boxrepsol.com\/?p=124918"},"modified":"2025-04-14T08:25:33","modified_gmt":"2025-04-14T10:25:33","slug":"resumen-y-resultados-del-trial-gp-de-portugal-2025","status":"publish","type":"post","link":"https:\/\/www.boxrepsol.com\/es\/trial\/resumen-y-resultados-del-trial-gp-de-portugal-2025\/","title":{"rendered":"Resultados y resumen del TrialGP de Portugal 2025"},"content":{"rendered":"<figure class=\"wp-block-post-featured-image\"><img loading=\"lazy\" decoding=\"async\" width=\"1200\" height=\"600\" src=\"https:\/\/bxrepsol.s3.eu-west-1.amazonaws.com\/static\/2025\/04\/13140821\/1200x600-1.jpg\" class=\"attachment-post-thumbnail size-post-thumbnail wp-post-image\" alt=\"\" style=\"object-fit:cover;\" srcset=\"https:\/\/bxrepsol.s3.eu-west-1.amazonaws.com\/static\/2025\/04\/13140821\/1200x600-1.jpg 1200w, https:\/\/bxrepsol.s3.eu-west-1.amazonaws.com\/static\/2025\/04\/13140821\/1200x600-1-300x150.jpg 300w, https:\/\/bxrepsol.s3.eu-west-1.amazonaws.com\/static\/2025\/04\/13140821\/1200x600-1-1024x512.jpg 1024w, https:\/\/bxrepsol.s3.eu-west-1.amazonaws.com\/static\/2025\/04\/13140821\/1200x600-1-768x384.jpg 768w\" sizes=\"auto, (max-width: 1200px) 100vw, 1200px\" \/><\/figure>\n\n\n<p>Segunda victoria consecutiva de Toni bou en el campeonato del mundo de Trial al aire libre. La cita, celebrada en <strong>Viana do Castelo, Portugal<\/strong>, los d\u00edas 12 y 13 de abril, ha ofrecido el escenario perfecto para que el equipo Repsol Honda demuestre su contundencia en el campeonato. Los recientes cambios en el reglamento han tra\u00eddo din\u00e1micas diferentes a la competici\u00f3n, y eso ha hecho que los aficionados pudieran disfrutar de un fin de semana lleno de emoci\u00f3n y adrenalina.<\/p>\n\n\n\n<p>La jornada ha estado marcada por una carrera exigente debido al mal tiempo, que dej\u00f3 un terreno a\u00fan m\u00e1s desafiante. Cada tramo oblig\u00f3 a los pilotos a exprimir al m\u00e1ximo sus habilidades. Adem\u00e1s, recordar las nuevas incorporaciones de las etapas, con secciones especiales como la <strong>\u00abPower Section\u00bb<\/strong>, donde los pilotos han podido sumar puntos extra en el campeonato.<\/p>\n\n\n\n<p>En el <strong>primer d\u00eda<\/strong> de competici\u00f3n, el\u00a0<strong>equipo Repsol Honda <\/strong>consigui\u00f3 resultados \u00f3ptimos. <strong>Toni Bou<\/strong> ha mostrado una vez m\u00e1s su maestr\u00eda en el pilotaje, logrando <strong>dos primeros puestos<\/strong> y sumando <strong>3 puntos extra<\/strong> al imponerse en la \u00abPower Section\u00bb. Por su parte, <strong>Gabri Marcelli<\/strong> sufri\u00f3 alg\u00fan que otro contratiempo t\u00e9cnico y finaliz\u00f3 en <strong>sexta posici\u00f3n<\/strong>, reservando energ\u00edas para la jornada siguiente.<\/p>\n\n\n\n<p><\/p>\n\n\n\n<div id=\"ez-toc-container\" class=\"ez-toc-v2_0_82_2 counter-hierarchy ez-toc-counter ez-toc-grey ez-toc-container-direction\">\n<div class=\"ez-toc-title-container\">\n<p class=\"ez-toc-title\" style=\"cursor:inherit\">\u00cdndice<\/p>\n<span class=\"ez-toc-title-toggle\"><a href=\"#\" class=\"ez-toc-pull-right ez-toc-btn ez-toc-btn-xs ez-toc-btn-default ez-toc-toggle\" aria-label=\"Toggle Table of Content\"><span class=\"ez-toc-js-icon-con\"><span class=\"\"><span class=\"eztoc-hide\" style=\"display:none;\">Toggle<\/span><span class=\"ez-toc-icon-toggle-span\"><svg style=\"fill: #999;color:#999\" xmlns=\"http:\/\/www.w3.org\/2000\/svg\" class=\"list-377408\" width=\"20px\" height=\"20px\" viewBox=\"0 0 24 24\" fill=\"none\"><path d=\"M6 6H4v2h2V6zm14 0H8v2h12V6zM4 11h2v2H4v-2zm16 0H8v2h12v-2zM4 16h2v2H4v-2zm16 0H8v2h12v-2z\" fill=\"currentColor\"><\/path><\/svg><svg style=\"fill: #999;color:#999\" class=\"arrow-unsorted-368013\" xmlns=\"http:\/\/www.w3.org\/2000\/svg\" width=\"10px\" height=\"10px\" viewBox=\"0 0 24 24\" version=\"1.2\" baseProfile=\"tiny\"><path d=\"M18.2 9.3l-6.2-6.3-6.2 6.3c-.2.2-.3.4-.3.7s.1.5.3.7c.2.2.4.3.7.3h11c.3 0 .5-.1.7-.3.2-.2.3-.5.3-.7s-.1-.5-.3-.7zM5.8 14.7l6.2 6.3 6.2-6.3c.2-.2.3-.5.3-.7s-.1-.5-.3-.7c-.2-.2-.4-.3-.7-.3h-11c-.3 0-.5.1-.7.3-.2.2-.3.5-.3.7s.1.5.3.7z\"\/><\/svg><\/span><\/span><\/span><\/a><\/span><\/div>\n<nav><ul class='ez-toc-list ez-toc-list-level-1 ' ><ul class='ez-toc-list-level-3' ><li class='ez-toc-heading-level-3'><a class=\"ez-toc-link ez-toc-heading-1\" href=\"https:\/\/www.boxrepsol.com\/es\/trial\/resumen-y-resultados-del-trial-gp-de-portugal-2025\/#Un_fin_de_semana_de_desafios_y_superaciones\" >Un fin de semana de desaf\u00edos y superaciones<\/a><\/li><li class='ez-toc-page-1 ez-toc-heading-level-3'><a class=\"ez-toc-link ez-toc-heading-2\" href=\"https:\/\/www.boxrepsol.com\/es\/trial\/resumen-y-resultados-del-trial-gp-de-portugal-2025\/#Clasificacion_Dia_1_TrialGP\" >Clasificaci\u00f3n D\u00eda 1 TrialGP<\/a><\/li><li class='ez-toc-page-1 ez-toc-heading-level-3'><a class=\"ez-toc-link ez-toc-heading-3\" href=\"https:\/\/www.boxrepsol.com\/es\/trial\/resumen-y-resultados-del-trial-gp-de-portugal-2025\/#Clasificacion_Dia_2_TrialGP\" >Clasificaci\u00f3n D\u00eda 2 TrialGP<\/a><\/li><\/ul><\/li><li class='ez-toc-page-1 ez-toc-heading-level-2'><a class=\"ez-toc-link ez-toc-heading-4\" href=\"https:\/\/www.boxrepsol.com\/es\/trial\/resumen-y-resultados-del-trial-gp-de-portugal-2025\/#DECLARACIONES\" >DECLARACIONES<\/a><\/li><\/ul><\/nav><\/div>\n<h3 class=\"wp-block-heading\"><span class=\"ez-toc-section\" id=\"Un_fin_de_semana_de_desafios_y_superaciones\"><\/span><strong>Un fin de semana de desaf\u00edos y superaciones<\/strong><span class=\"ez-toc-section-end\"><\/span><\/h3>\n\n\n\n<p>Durante el<strong> segundo d\u00eda<\/strong>, la intensidad se ha hecho notar en cada secci\u00f3n de la carrera. El piloto catal\u00e1n Toni Bou se ha mostrado implacable, conquistando la primera posici\u00f3n en ambas carreras y consolid\u00e1ndose como el l\u00edder absoluto del d\u00eda. De esta manera, Bou se mantiene en lo m\u00e1s alto de la clasificaci\u00f3n y continuar\u00e1 luchando por mantener su hegemon\u00eda en el campeonato.<\/p>\n\n\n\n<p>Gabri Marcelli, por su parte, ha demostrado una gran capacidad de reacci\u00f3n respecto al d\u00eda anterior, alcanzando dos cuartos puestos en ambas carreras. Adem\u00e1s, sum\u00f3 2 puntos extra al marcar el segundo mejor tiempo en la \u00abPower Section\u00bb, dejando patente el potencial del piloto gallego.<\/p>\n\n\n\n<p>Tras un fin de semana intenso en Portugal, el equipo Repsol Honda ya se prepara para la pr\u00f3xima cita del campeonato, que se celebrar\u00e1 en <strong>Motegi, Jap\u00f3n<\/strong>, los d\u00edas <strong>17 y 18 de mayo<\/strong>. Con dos s\u00f3lidas jornadas a sus espaldas, el equipo afrontar\u00e1 con confianza y determinaci\u00f3n la tercera prueba de la temporada.<\/p>\n\n\n\n<h3 class=\"wp-block-heading\"><span class=\"ez-toc-section\" id=\"Clasificacion_Dia_1_TrialGP\"><\/span><br><strong>Clasificaci\u00f3n D\u00eda 1 TrialGP<\/strong><span class=\"ez-toc-section-end\"><\/span><\/h3>\n\n\n\n<figure class=\"wp-block-table\"><table class=\"has-fixed-layout\"><tbody><tr><td><strong>PILOTO<\/strong><\/td><td><strong>EQUIPO<\/strong><\/td><td><strong>PUNTOS<\/strong><\/td><\/tr><tr><td><strong>1. Toni Bou<\/strong><\/td><td><strong>REPSOL HONDA<\/strong><\/td><td><strong>40<\/strong><\/td><\/tr><tr><td>2. Jaime Busto<\/td><td>GASGAS<\/td><td>34<\/td><\/tr><tr><td>3. Matteo Grattarola<\/td><td>BETA<\/td><td>28<\/td><\/tr><tr><td>4. Aniol Gelabert<\/td><td>TRRS<\/td><td>25<\/td><\/tr><tr><td>5. Alex Canales<\/td><td>MONTESA<\/td><td>22<\/td><\/tr><tr><td><strong>6. Gabri Marcelli<\/strong><\/td><td><strong>REPSOL HONDA<\/strong><\/td><td><strong>22<\/strong><\/td><\/tr><tr><td>7. Jack Peace<\/td><td>SHERCO<\/td><td>18<\/td><\/tr><tr><td>8. Hugo Dufrese<\/td><td>BETA<\/td><td>17<\/td><\/tr><\/tbody><\/table><\/figure>\n\n\n\n<p><\/p>\n\n\n\n<h3 class=\"wp-block-heading\"><span class=\"ez-toc-section\" id=\"Clasificacion_Dia_2_TrialGP\"><\/span><strong>Clasificaci\u00f3n D\u00eda 2 TrialGP<\/strong><span class=\"ez-toc-section-end\"><\/span><\/h3>\n\n\n\n<figure class=\"wp-block-table\"><table class=\"has-fixed-layout\"><tbody><tr><td><strong>PILOTO<\/strong><\/td><td><strong>EQUIPO<\/strong><\/td><td><strong>PUNTOS<\/strong><\/td><\/tr><tr><td><strong>1. Toni Bou<\/strong><\/td><td><strong>REPSOL HONDA<\/strong><\/td><td><strong>40<\/strong><\/td><\/tr><tr><td>2. Jaime Busto<\/td><td>GAS GAS<\/td><td>32<\/td><\/tr><tr><td>3. Matteo Grattarola<\/td><td>BETA<\/td><td>28<\/td><\/tr><tr><td><strong>4. Gabri Marcelli<\/strong><\/td><td><strong>REPSOL HONDA<\/strong><\/td><td><strong>28<\/strong><\/td><\/tr><tr><td>5. Aniol Gelabert<\/td><td>TRRS<\/td><td>22<\/td><\/tr><tr><td>6. Jack Peace<\/td><td>SHERCO<\/td><td>21<\/td><\/tr><tr><td>7. Hugo Dufrese<\/td><td>BETA<\/td><td>19<\/td><\/tr><tr><td>8. Alex Canales<\/td><td>MONTESA<\/td><td>16<\/td><\/tr><\/tbody><\/table><\/figure>\n\n\n\n<p><\/p>\n\n\n\n<div id=\"523aed21-c9c2-4cf0-bfe1-82f3866a59c2\" class=\"br-slider-box\"><div class=\"wp-block-create-block-repsol-carousel br-slider\"><a target=\"_blank\" href=\"https:\/\/bxrepsol.s3.eu-west-1.amazonaws.com\/static\/2025\/04\/13144550\/1.jpg\" data-index=\"0\" rel=\"noopener\"><img decoding=\"async\" src=\"https:\/\/bxrepsol.s3.eu-west-1.amazonaws.com\/static\/2025\/04\/13144550\/1.jpg\"\/><\/a><a target=\"_blank\" href=\"https:\/\/bxrepsol.s3.eu-west-1.amazonaws.com\/static\/2025\/04\/13144555\/2.jpg\" data-index=\"1\" rel=\"noopener\"><img decoding=\"async\" src=\"https:\/\/bxrepsol.s3.eu-west-1.amazonaws.com\/static\/2025\/04\/13144555\/2.jpg\"\/><\/a><a target=\"_blank\" href=\"https:\/\/bxrepsol.s3.eu-west-1.amazonaws.com\/static\/2025\/04\/13144556\/3.jpg\" data-index=\"2\" rel=\"noopener\"><img decoding=\"async\" src=\"https:\/\/bxrepsol.s3.eu-west-1.amazonaws.com\/static\/2025\/04\/13144556\/3.jpg\"\/><\/a><a target=\"_blank\" href=\"https:\/\/bxrepsol.s3.eu-west-1.amazonaws.com\/static\/2025\/04\/13144557\/4.jpg\" data-index=\"3\" rel=\"noopener\"><img decoding=\"async\" src=\"https:\/\/bxrepsol.s3.eu-west-1.amazonaws.com\/static\/2025\/04\/13144557\/4.jpg\"\/><\/a><a target=\"_blank\" href=\"https:\/\/bxrepsol.s3.eu-west-1.amazonaws.com\/static\/2025\/04\/13144559\/5.jpg\" data-index=\"4\" rel=\"noopener\"><img decoding=\"async\" src=\"https:\/\/bxrepsol.s3.eu-west-1.amazonaws.com\/static\/2025\/04\/13144559\/5.jpg\"\/><\/a><\/div><div class=\"br-slider-buttons\"><button class=\"arrow rds-icon arrow--left rds-icon-Arrow_left\"><\/button><button class=\"arrow rds-icon arrow--right rds-icon-Arrow_right\"><\/button><\/div><\/div>\n\n\n\n<h2 class=\"wp-block-heading\"><span class=\"ez-toc-section\" id=\"DECLARACIONES\"><\/span><strong>DECLARACIONES<\/strong><span class=\"ez-toc-section-end\"><\/span><\/h2>\n\n\n\n<p class=\"has-medium-font-size\"><strong>#1 TONI BOU<\/strong><\/p>\n\n\n\n<p class=\"has-black-color has-text-color has-link-color wp-elements-d1b14621584ce768f120275e19648039\">\u00abMuy contento con el fin de semana. Hemos conseguido casi todos los puntos posibles, ha sido una l\u00e1stima el Power Section de hoy que se nos ha escapado, pero bueno el balance es muy positivo. El fin de semana ha sido muy completo y me he mantenido muy regular con cuatro victorias. Quiero agradecer al equipo porque ha sido fant\u00e1stico. Ahora ya tengo ganas de la carrera de \u2018casa\u2019 del equipo en Jap\u00f3n, que es muy importante para nosotros. Tenemos varios d\u00edas para prepararnos y tratar de llegar lo mejor posible y hacer buenos resultados\u00bb.<\/p>\n\n\n\n<p class=\"has-medium-font-size\"><strong>#38 GABRIEL MARCELLI<\/strong><\/p>\n\n\n\n<p>\u00abEl fin de semana no ha ido del todo bien. Ayer tuvimos problemas mec\u00e1nicos y me condicion\u00f3 mucho. Hoy he salido en la parte delantera de la carrera y a pesar de que me he sentido bien, no han terminado de cuadrar las cosas. En la segunda carrera no he ido mal y, a pesar de haber cometido un error grave en la Zona 2, he acabado empatando con el tercer clasificado y finalmente he sido cuarto. Las carreras son as\u00ed y hay fines de semana buenos y otros malos. Ahora tenemos que pensar en la siguiente ronda para dar nuestro m\u00e1ximo\u00bb.<\/p>\n\n\n\n<p><\/p>\n","protected":false},"excerpt":{"rendered":"<p>Los pilotos del equipo Repsol Honda han ofrecido un espect\u00e1culo incre\u00edble en el Trial GP de Portugal, con Toni Bou consiguiendo una vez m\u00e1s el primer puesto.<\/p>\n","protected":false},"author":420,"featured_media":124921,"comment_status":"open","ping_status":"closed","sticky":false,"template":"","format":"standard","meta":{"footnotes":""},"categories":[23],"tags":[306,356,21,560,566],"class_list":["post-124918","post","type-post","status-publish","format-standard","hentry","category-trial","tag-gabriel-marcelli","tag-resultados","tag-toni-bou","tag-trial-gp-2025","tag-trial-gp-portugal"],"yoast_head":"<!-- This site is optimized with the Yoast SEO plugin v27.3 - https:\/\/yoast.com\/product\/yoast-seo-wordpress\/ -->\n<title>Resultados y resumen del TrialGP de Portugal 2025 - Box Repsol<\/title>\n<link rel=\"canonical\" href=\"https:\/\/www.boxrepsol.com\/es\/trial\/resumen-y-resultados-del-trial-gp-de-portugal-2025\/\" \/>\n<meta property=\"og:locale\" content=\"es_ES\" \/>\n<meta property=\"og:type\" content=\"article\" \/>\n<meta property=\"og:title\" content=\"Resultados y resumen del TrialGP de Portugal 2025 - Box Repsol\" \/>\n<meta property=\"og:description\" content=\"Los pilotos del equipo Repsol Honda han ofrecido un espect\u00e1culo incre\u00edble en el Trial GP de Portugal, con Toni Bou consiguiendo una vez m\u00e1s el primer puesto.\" \/>\n<meta property=\"og:url\" content=\"https:\/\/www.boxrepsol.com\/es\/trial\/resumen-y-resultados-del-trial-gp-de-portugal-2025\/\" \/>\n<meta property=\"og:site_name\" content=\"Box Repsol\" \/>\n<meta property=\"article:publisher\" content=\"https:\/\/www.facebook.com\/BoxRepsol\" \/>\n<meta property=\"article:published_time\" content=\"2025-04-13T16:54:36+00:00\" \/>\n<meta property=\"article:modified_time\" content=\"2025-04-14T10:25:33+00:00\" \/>\n<meta property=\"og:image\" content=\"https:\/\/bxrepsol.s3.eu-west-1.amazonaws.com\/static\/2025\/04\/13140821\/1200x600-1.jpg\" \/>\n\t<meta property=\"og:image:width\" content=\"1200\" \/>\n\t<meta property=\"og:image:height\" content=\"600\" \/>\n\t<meta property=\"og:image:type\" content=\"image\/jpeg\" \/>\n<meta name=\"author\" content=\"Box Repsol\" \/>\n<meta name=\"twitter:card\" content=\"summary_large_image\" \/>\n<meta name=\"twitter:creator\" content=\"@box_repsol\" \/>\n<meta name=\"twitter:site\" content=\"@box_repsol\" \/>\n<meta name=\"twitter:label1\" content=\"Written by\" \/>\n\t<meta name=\"twitter:data1\" content=\"Box Repsol\" \/>\n\t<meta name=\"twitter:label2\" content=\"Est. reading time\" \/>\n\t<meta name=\"twitter:data2\" content=\"3 minutos\" \/>\n<script type=\"application\/ld+json\" class=\"yoast-schema-graph\">{\"@context\":\"https:\\\/\\\/schema.org\",\"@graph\":[{\"@type\":\"Article\",\"@id\":\"https:\\\/\\\/www.boxrepsol.com\\\/es\\\/trial\\\/resumen-y-resultados-del-trial-gp-de-portugal-2025\\\/#article\",\"isPartOf\":{\"@id\":\"https:\\\/\\\/www.boxrepsol.com\\\/es\\\/trial\\\/resumen-y-resultados-del-trial-gp-de-portugal-2025\\\/\"},\"author\":{\"name\":\"Box Repsol\",\"@id\":\"https:\\\/\\\/www.boxrepsol.com\\\/es\\\/#\\\/schema\\\/person\\\/a304b5b3c460915ddb7f228f02936d04\"},\"headline\":\"Resultados y resumen del TrialGP de Portugal 2025\",\"datePublished\":\"2025-04-13T16:54:36+00:00\",\"dateModified\":\"2025-04-14T10:25:33+00:00\",\"mainEntityOfPage\":{\"@id\":\"https:\\\/\\\/www.boxrepsol.com\\\/es\\\/trial\\\/resumen-y-resultados-del-trial-gp-de-portugal-2025\\\/\"},\"wordCount\":683,\"commentCount\":0,\"publisher\":{\"@id\":\"https:\\\/\\\/www.boxrepsol.com\\\/es\\\/#organization\"},\"image\":{\"@id\":\"https:\\\/\\\/www.boxrepsol.com\\\/es\\\/trial\\\/resumen-y-resultados-del-trial-gp-de-portugal-2025\\\/#primaryimage\"},\"thumbnailUrl\":\"https:\\\/\\\/bxrepsol.s3.eu-west-1.amazonaws.com\\\/static\\\/2025\\\/04\\\/13140821\\\/1200x600-1.jpg\",\"keywords\":[\"Gabriel Marcelli\",\"Resultados\",\"Toni Bou\",\"Trial GP 2025\",\"Trial GP Portugal\"],\"articleSection\":[\"Trial\"],\"inLanguage\":\"es\",\"potentialAction\":[{\"@type\":\"CommentAction\",\"name\":\"Comment\",\"target\":[\"https:\\\/\\\/www.boxrepsol.com\\\/es\\\/trial\\\/resumen-y-resultados-del-trial-gp-de-portugal-2025\\\/#respond\"]}]},{\"@type\":\"WebPage\",\"@id\":\"https:\\\/\\\/www.boxrepsol.com\\\/es\\\/trial\\\/resumen-y-resultados-del-trial-gp-de-portugal-2025\\\/\",\"url\":\"https:\\\/\\\/www.boxrepsol.com\\\/es\\\/trial\\\/resumen-y-resultados-del-trial-gp-de-portugal-2025\\\/\",\"name\":\"Resultados y resumen del TrialGP de Portugal 2025 - Box Repsol\",\"isPartOf\":{\"@id\":\"https:\\\/\\\/www.boxrepsol.com\\\/es\\\/#website\"},\"primaryImageOfPage\":{\"@id\":\"https:\\\/\\\/www.boxrepsol.com\\\/es\\\/trial\\\/resumen-y-resultados-del-trial-gp-de-portugal-2025\\\/#primaryimage\"},\"image\":{\"@id\":\"https:\\\/\\\/www.boxrepsol.com\\\/es\\\/trial\\\/resumen-y-resultados-del-trial-gp-de-portugal-2025\\\/#primaryimage\"},\"thumbnailUrl\":\"https:\\\/\\\/bxrepsol.s3.eu-west-1.amazonaws.com\\\/static\\\/2025\\\/04\\\/13140821\\\/1200x600-1.jpg\",\"datePublished\":\"2025-04-13T16:54:36+00:00\",\"dateModified\":\"2025-04-14T10:25:33+00:00\",\"breadcrumb\":{\"@id\":\"https:\\\/\\\/www.boxrepsol.com\\\/es\\\/trial\\\/resumen-y-resultados-del-trial-gp-de-portugal-2025\\\/#breadcrumb\"},\"inLanguage\":\"es\",\"potentialAction\":[{\"@type\":\"ReadAction\",\"target\":[\"https:\\\/\\\/www.boxrepsol.com\\\/es\\\/trial\\\/resumen-y-resultados-del-trial-gp-de-portugal-2025\\\/\"]}]},{\"@type\":\"ImageObject\",\"inLanguage\":\"es\",\"@id\":\"https:\\\/\\\/www.boxrepsol.com\\\/es\\\/trial\\\/resumen-y-resultados-del-trial-gp-de-portugal-2025\\\/#primaryimage\",\"url\":\"https:\\\/\\\/bxrepsol.s3.eu-west-1.amazonaws.com\\\/static\\\/2025\\\/04\\\/13140821\\\/1200x600-1.jpg\",\"contentUrl\":\"https:\\\/\\\/bxrepsol.s3.eu-west-1.amazonaws.com\\\/static\\\/2025\\\/04\\\/13140821\\\/1200x600-1.jpg\",\"width\":1200,\"height\":600},{\"@type\":\"BreadcrumbList\",\"@id\":\"https:\\\/\\\/www.boxrepsol.com\\\/es\\\/trial\\\/resumen-y-resultados-del-trial-gp-de-portugal-2025\\\/#breadcrumb\",\"itemListElement\":[{\"@type\":\"ListItem\",\"position\":1,\"name\":\"Home\",\"item\":\"https:\\\/\\\/www.boxrepsol.com\\\/es\\\/\"},{\"@type\":\"ListItem\",\"position\":2,\"name\":\"Resultados y resumen del TrialGP de Portugal 2025\"}]},{\"@type\":\"WebSite\",\"@id\":\"https:\\\/\\\/www.boxrepsol.com\\\/es\\\/#website\",\"url\":\"https:\\\/\\\/www.boxrepsol.com\\\/es\\\/\",\"name\":\"Box Repsol\",\"description\":\"Box Repsol Site\",\"publisher\":{\"@id\":\"https:\\\/\\\/www.boxrepsol.com\\\/es\\\/#organization\"},\"potentialAction\":[{\"@type\":\"SearchAction\",\"target\":{\"@type\":\"EntryPoint\",\"urlTemplate\":\"https:\\\/\\\/www.boxrepsol.com\\\/es\\\/?s={search_term_string}\"},\"query-input\":{\"@type\":\"PropertyValueSpecification\",\"valueRequired\":true,\"valueName\":\"search_term_string\"}}],\"inLanguage\":\"es\"},{\"@type\":\"Organization\",\"@id\":\"https:\\\/\\\/www.boxrepsol.com\\\/es\\\/#organization\",\"name\":\"Box Repsol\",\"url\":\"https:\\\/\\\/www.boxrepsol.com\\\/es\\\/\",\"logo\":{\"@type\":\"ImageObject\",\"inLanguage\":\"es\",\"@id\":\"https:\\\/\\\/www.boxrepsol.com\\\/es\\\/#\\\/schema\\\/logo\\\/image\\\/\",\"url\":\"https:\\\/\\\/bxrepsol.s3.eu-west-1.amazonaws.com\\\/static\\\/2025\\\/07\\\/30083337\\\/favicon-96x96-1.png\",\"contentUrl\":\"https:\\\/\\\/bxrepsol.s3.eu-west-1.amazonaws.com\\\/static\\\/2025\\\/07\\\/30083337\\\/favicon-96x96-1.png\",\"width\":96,\"height\":96,\"caption\":\"Box Repsol\"},\"image\":{\"@id\":\"https:\\\/\\\/www.boxrepsol.com\\\/es\\\/#\\\/schema\\\/logo\\\/image\\\/\"},\"sameAs\":[\"https:\\\/\\\/www.facebook.com\\\/BoxRepsol\",\"https:\\\/\\\/x.com\\\/box_repsol\",\"http:\\\/\\\/instagram.com\\\/box_repsol\",\"https:\\\/\\\/www.youtube.com\\\/user\\\/RepsolCompeticion\",\"https:\\\/\\\/www.flickr.com\\\/photos\\\/box_repsol\\\/\"]},{\"@type\":\"Person\",\"@id\":\"https:\\\/\\\/www.boxrepsol.com\\\/es\\\/#\\\/schema\\\/person\\\/a304b5b3c460915ddb7f228f02936d04\",\"name\":\"Box Repsol\",\"image\":{\"@type\":\"ImageObject\",\"inLanguage\":\"es\",\"@id\":\"https:\\\/\\\/secure.gravatar.com\\\/avatar\\\/9ae0581d29a1ca8b367925254de91c0e8e82366e47ed92bc1f4e871c6772a796?s=96&d=mm&r=g\",\"url\":\"https:\\\/\\\/secure.gravatar.com\\\/avatar\\\/9ae0581d29a1ca8b367925254de91c0e8e82366e47ed92bc1f4e871c6772a796?s=96&d=mm&r=g\",\"contentUrl\":\"https:\\\/\\\/secure.gravatar.com\\\/avatar\\\/9ae0581d29a1ca8b367925254de91c0e8e82366e47ed92bc1f4e871c6772a796?s=96&d=mm&r=g\",\"caption\":\"Box Repsol\"},\"sameAs\":[\"https:\\\/\\\/www.boxrepsol.com\\\/es\\\/\"],\"url\":\"https:\\\/\\\/www.boxrepsol.com\\\/es\\\/author\\\/paznar\\\/\"}]}<\/script>\n<!-- \/ Yoast SEO plugin. -->","yoast_head_json":{"title":"Resultados y resumen del TrialGP de Portugal 2025 - Box Repsol","canonical":"https:\/\/www.boxrepsol.com\/es\/trial\/resumen-y-resultados-del-trial-gp-de-portugal-2025\/","og_locale":"es_ES","og_type":"article","og_title":"Resultados y resumen del TrialGP de Portugal 2025 - Box Repsol","og_description":"Los pilotos del equipo Repsol Honda han ofrecido un espect\u00e1culo incre\u00edble en el Trial GP de Portugal, con Toni Bou consiguiendo una vez m\u00e1s el primer puesto.","og_url":"https:\/\/www.boxrepsol.com\/es\/trial\/resumen-y-resultados-del-trial-gp-de-portugal-2025\/","og_site_name":"Box Repsol","article_publisher":"https:\/\/www.facebook.com\/BoxRepsol","article_published_time":"2025-04-13T16:54:36+00:00","article_modified_time":"2025-04-14T10:25:33+00:00","og_image":[{"width":1200,"height":600,"url":"https:\/\/bxrepsol.s3.eu-west-1.amazonaws.com\/static\/2025\/04\/13140821\/1200x600-1.jpg","type":"image\/jpeg"}],"author":"Box Repsol","twitter_card":"summary_large_image","twitter_creator":"@box_repsol","twitter_site":"@box_repsol","twitter_misc":{"Written by":"Box Repsol","Est. reading time":"3 minutos"},"schema":{"@context":"https:\/\/schema.org","@graph":[{"@type":"Article","@id":"https:\/\/www.boxrepsol.com\/es\/trial\/resumen-y-resultados-del-trial-gp-de-portugal-2025\/#article","isPartOf":{"@id":"https:\/\/www.boxrepsol.com\/es\/trial\/resumen-y-resultados-del-trial-gp-de-portugal-2025\/"},"author":{"name":"Box Repsol","@id":"https:\/\/www.boxrepsol.com\/es\/#\/schema\/person\/a304b5b3c460915ddb7f228f02936d04"},"headline":"Resultados y resumen del TrialGP de Portugal 2025","datePublished":"2025-04-13T16:54:36+00:00","dateModified":"2025-04-14T10:25:33+00:00","mainEntityOfPage":{"@id":"https:\/\/www.boxrepsol.com\/es\/trial\/resumen-y-resultados-del-trial-gp-de-portugal-2025\/"},"wordCount":683,"commentCount":0,"publisher":{"@id":"https:\/\/www.boxrepsol.com\/es\/#organization"},"image":{"@id":"https:\/\/www.boxrepsol.com\/es\/trial\/resumen-y-resultados-del-trial-gp-de-portugal-2025\/#primaryimage"},"thumbnailUrl":"https:\/\/bxrepsol.s3.eu-west-1.amazonaws.com\/static\/2025\/04\/13140821\/1200x600-1.jpg","keywords":["Gabriel Marcelli","Resultados","Toni Bou","Trial GP 2025","Trial GP Portugal"],"articleSection":["Trial"],"inLanguage":"es","potentialAction":[{"@type":"CommentAction","name":"Comment","target":["https:\/\/www.boxrepsol.com\/es\/trial\/resumen-y-resultados-del-trial-gp-de-portugal-2025\/#respond"]}]},{"@type":"WebPage","@id":"https:\/\/www.boxrepsol.com\/es\/trial\/resumen-y-resultados-del-trial-gp-de-portugal-2025\/","url":"https:\/\/www.boxrepsol.com\/es\/trial\/resumen-y-resultados-del-trial-gp-de-portugal-2025\/","name":"Resultados y resumen del TrialGP de Portugal 2025 - Box Repsol","isPartOf":{"@id":"https:\/\/www.boxrepsol.com\/es\/#website"},"primaryImageOfPage":{"@id":"https:\/\/www.boxrepsol.com\/es\/trial\/resumen-y-resultados-del-trial-gp-de-portugal-2025\/#primaryimage"},"image":{"@id":"https:\/\/www.boxrepsol.com\/es\/trial\/resumen-y-resultados-del-trial-gp-de-portugal-2025\/#primaryimage"},"thumbnailUrl":"https:\/\/bxrepsol.s3.eu-west-1.amazonaws.com\/static\/2025\/04\/13140821\/1200x600-1.jpg","datePublished":"2025-04-13T16:54:36+00:00","dateModified":"2025-04-14T10:25:33+00:00","breadcrumb":{"@id":"https:\/\/www.boxrepsol.com\/es\/trial\/resumen-y-resultados-del-trial-gp-de-portugal-2025\/#breadcrumb"},"inLanguage":"es","potentialAction":[{"@type":"ReadAction","target":["https:\/\/www.boxrepsol.com\/es\/trial\/resumen-y-resultados-del-trial-gp-de-portugal-2025\/"]}]},{"@type":"ImageObject","inLanguage":"es","@id":"https:\/\/www.boxrepsol.com\/es\/trial\/resumen-y-resultados-del-trial-gp-de-portugal-2025\/#primaryimage","url":"https:\/\/bxrepsol.s3.eu-west-1.amazonaws.com\/static\/2025\/04\/13140821\/1200x600-1.jpg","contentUrl":"https:\/\/bxrepsol.s3.eu-west-1.amazonaws.com\/static\/2025\/04\/13140821\/1200x600-1.jpg","width":1200,"height":600},{"@type":"BreadcrumbList","@id":"https:\/\/www.boxrepsol.com\/es\/trial\/resumen-y-resultados-del-trial-gp-de-portugal-2025\/#breadcrumb","itemListElement":[{"@type":"ListItem","position":1,"name":"Home","item":"https:\/\/www.boxrepsol.com\/es\/"},{"@type":"ListItem","position":2,"name":"Resultados y resumen del TrialGP de Portugal 2025"}]},{"@type":"WebSite","@id":"https:\/\/www.boxrepsol.com\/es\/#website","url":"https:\/\/www.boxrepsol.com\/es\/","name":"Box Repsol","description":"Box Repsol Site","publisher":{"@id":"https:\/\/www.boxrepsol.com\/es\/#organization"},"potentialAction":[{"@type":"SearchAction","target":{"@type":"EntryPoint","urlTemplate":"https:\/\/www.boxrepsol.com\/es\/?s={search_term_string}"},"query-input":{"@type":"PropertyValueSpecification","valueRequired":true,"valueName":"search_term_string"}}],"inLanguage":"es"},{"@type":"Organization","@id":"https:\/\/www.boxrepsol.com\/es\/#organization","name":"Box Repsol","url":"https:\/\/www.boxrepsol.com\/es\/","logo":{"@type":"ImageObject","inLanguage":"es","@id":"https:\/\/www.boxrepsol.com\/es\/#\/schema\/logo\/image\/","url":"https:\/\/bxrepsol.s3.eu-west-1.amazonaws.com\/static\/2025\/07\/30083337\/favicon-96x96-1.png","contentUrl":"https:\/\/bxrepsol.s3.eu-west-1.amazonaws.com\/static\/2025\/07\/30083337\/favicon-96x96-1.png","width":96,"height":96,"caption":"Box Repsol"},"image":{"@id":"https:\/\/www.boxrepsol.com\/es\/#\/schema\/logo\/image\/"},"sameAs":["https:\/\/www.facebook.com\/BoxRepsol","https:\/\/x.com\/box_repsol","http:\/\/instagram.com\/box_repsol","https:\/\/www.youtube.com\/user\/RepsolCompeticion","https:\/\/www.flickr.com\/photos\/box_repsol\/"]},{"@type":"Person","@id":"https:\/\/www.boxrepsol.com\/es\/#\/schema\/person\/a304b5b3c460915ddb7f228f02936d04","name":"Box Repsol","image":{"@type":"ImageObject","inLanguage":"es","@id":"https:\/\/secure.gravatar.com\/avatar\/9ae0581d29a1ca8b367925254de91c0e8e82366e47ed92bc1f4e871c6772a796?s=96&d=mm&r=g","url":"https:\/\/secure.gravatar.com\/avatar\/9ae0581d29a1ca8b367925254de91c0e8e82366e47ed92bc1f4e871c6772a796?s=96&d=mm&r=g","contentUrl":"https:\/\/secure.gravatar.com\/avatar\/9ae0581d29a1ca8b367925254de91c0e8e82366e47ed92bc1f4e871c6772a796?s=96&d=mm&r=g","caption":"Box Repsol"},"sameAs":["https:\/\/www.boxrepsol.com\/es\/"],"url":"https:\/\/www.boxrepsol.com\/es\/author\/paznar\/"}]}},"_links":{"self":[{"href":"https:\/\/www.boxrepsol.com\/es\/wp-json\/wp\/v2\/posts\/124918","targetHints":{"allow":["GET"]}}],"collection":[{"href":"https:\/\/www.boxrepsol.com\/es\/wp-json\/wp\/v2\/posts"}],"about":[{"href":"https:\/\/www.boxrepsol.com\/es\/wp-json\/wp\/v2\/types\/post"}],"author":[{"embeddable":true,"href":"https:\/\/www.boxrepsol.com\/es\/wp-json\/wp\/v2\/users\/420"}],"replies":[{"embeddable":true,"href":"https:\/\/www.boxrepsol.com\/es\/wp-json\/wp\/v2\/comments?post=124918"}],"version-history":[{"count":10,"href":"https:\/\/www.boxrepsol.com\/es\/wp-json\/wp\/v2\/posts\/124918\/revisions"}],"predecessor-version":[{"id":124942,"href":"https:\/\/www.boxrepsol.com\/es\/wp-json\/wp\/v2\/posts\/124918\/revisions\/124942"}],"wp:featuredmedia":[{"embeddable":true,"href":"https:\/\/www.boxrepsol.com\/es\/wp-json\/wp\/v2\/media\/124921"}],"wp:attachment":[{"href":"https:\/\/www.boxrepsol.com\/es\/wp-json\/wp\/v2\/media?parent=124918"}],"wp:term":[{"taxonomy":"category","embeddable":true,"href":"https:\/\/www.boxrepsol.com\/es\/wp-json\/wp\/v2\/categories?post=124918"},{"taxonomy":"post_tag","embeddable":true,"href":"https:\/\/www.boxrepsol.com\/es\/wp-json\/wp\/v2\/tags?post=124918"}],"curies":[{"name":"wp","href":"https:\/\/api.w.org\/{rel}","templated":true}]}}