{"id":124611,"date":"2025-04-06T13:20:34","date_gmt":"2025-04-06T15:20:34","guid":{"rendered":"https:\/\/www.boxrepsol.com\/?p=124611"},"modified":"2025-07-24T06:33:11","modified_gmt":"2025-07-24T08:33:11","slug":"resumen-y-resultados-del-trial-gp-de-benahavis-2025","status":"publish","type":"post","link":"https:\/\/www.boxrepsol.com\/es\/trial\/resumen-y-resultados-del-trial-gp-de-benahavis-2025\/","title":{"rendered":"Resultados y resumen del TrialGP de Benahav\u00eds 2025"},"content":{"rendered":"<figure class=\"wp-block-post-featured-image\"><img loading=\"lazy\" decoding=\"async\" width=\"1200\" height=\"600\" src=\"https:\/\/bxrepsol.s3.eu-west-1.amazonaws.com\/static\/2025\/04\/06130344\/PORTADA-1.png\" class=\"attachment-post-thumbnail size-post-thumbnail wp-post-image\" alt=\"\" style=\"object-fit:cover;\" srcset=\"https:\/\/bxrepsol.s3.eu-west-1.amazonaws.com\/static\/2025\/04\/06130344\/PORTADA-1.png 1200w, https:\/\/bxrepsol.s3.eu-west-1.amazonaws.com\/static\/2025\/04\/06130344\/PORTADA-1-300x150.png 300w, https:\/\/bxrepsol.s3.eu-west-1.amazonaws.com\/static\/2025\/04\/06130344\/PORTADA-1-1024x512.png 1024w, https:\/\/bxrepsol.s3.eu-west-1.amazonaws.com\/static\/2025\/04\/06130344\/PORTADA-1-768x384.png 768w\" sizes=\"auto, (max-width: 1200px) 100vw, 1200px\" \/><\/figure>\n\n\n<p class=\"has-black-color has-text-color has-link-color wp-elements-b58ca60ea6f38f2ba2749ced37bb3b2d\">El campeonato del mundo de Trial al aire libre ha arrancado su temporada este fin de semana con la celebraci\u00f3n del <strong>TrialGP de Benahav\u00eds, en M\u00e1laga<\/strong>, que ha acogido por primera vez una cita mundialista, tras haber sido sede de la competici\u00f3n nacional en varias ocasiones. <\/p>\n\n\n\n<p class=\"has-black-color has-text-color has-link-color wp-elements-22a4e6c1740693f14e216bc9e4dda0c5\">El <strong>equipo Repsol Honda <\/strong>ha iniciado la temporada con <strong>dos podios<\/strong> en esta primera prueba del campeonato. <\/p>\n\n\n\n<p class=\"has-black-color has-text-color has-link-color wp-elements-52363606697e6f14db316e3737d2f724\">El <strong>nuevo reglamento<\/strong> ha marcado el inicio del Mundial de TrialGP en la localidad malague\u00f1a, convirti\u00e9ndose en uno de los principales focos de atenci\u00f3n. La nueva temporada introduce cambios significativos en las normas, comenzando por la denominaci\u00f3n de las etapas del recorrido, que ahora se llaman \u00ab<strong>carreras<\/strong>\u00ab. Adem\u00e1s, el tiempo m\u00e1ximo para completar cada zona se reduce a 60 segundos, lo que aumenta tanto la intensidad como la dificultad t\u00e9cnica. Los puntos del campeonato se asignan dos veces al d\u00eda, al final de cada carrera, y solo se celebrar\u00e1 un podio diario, con los tres mejores pilotos en funci\u00f3n del resultado global del d\u00eda. En la categor\u00eda principal, los cambios son a\u00fan m\u00e1s relevantes, con la incorporaci\u00f3n de la \u00ab<strong>Power Section<\/strong>\u00ab, que se lleva a cabo al final de cada jornada y otorga puntos extra. Tambi\u00e9n, en algunas rondas espec\u00edficas, los pilotos de TR1 deber\u00e1n enfrentarse a la \u00ab<strong>Super Test Section<\/strong>\u00ab, que definir\u00e1 el orden de salida.<\/p>\n\n\n\n<p class=\"has-black-color has-text-color has-link-color wp-elements-677f430a45eec51d9e5b7af110a3441d\">En el <strong>primer d\u00eda<\/strong> de competici\u00f3n, <strong>Toni Bou<\/strong> logr\u00f3 la <strong>primera victoria<\/strong> de la temporada y se destac\u00f3 en la \u00abPower Section\u00bb, llev\u00e1ndose el primer lugar. Por su parte, <strong>Gabri Marcelli<\/strong> se asegur\u00f3 el <strong>segundo puesto<\/strong> en el podio y tambi\u00e9n fue segundo en la \u00abPower Section\u00bb.<\/p>\n\n\n\n<div id=\"ez-toc-container\" class=\"ez-toc-v2_0_82_2 counter-hierarchy ez-toc-counter ez-toc-grey ez-toc-container-direction\">\n<div class=\"ez-toc-title-container\">\n<p class=\"ez-toc-title\" style=\"cursor:inherit\">\u00cdndice<\/p>\n<span class=\"ez-toc-title-toggle\"><a href=\"#\" class=\"ez-toc-pull-right ez-toc-btn ez-toc-btn-xs ez-toc-btn-default ez-toc-toggle\" aria-label=\"Toggle Table of Content\"><span class=\"ez-toc-js-icon-con\"><span class=\"\"><span class=\"eztoc-hide\" style=\"display:none;\">Toggle<\/span><span class=\"ez-toc-icon-toggle-span\"><svg style=\"fill: #999;color:#999\" xmlns=\"http:\/\/www.w3.org\/2000\/svg\" class=\"list-377408\" width=\"20px\" height=\"20px\" viewBox=\"0 0 24 24\" fill=\"none\"><path d=\"M6 6H4v2h2V6zm14 0H8v2h12V6zM4 11h2v2H4v-2zm16 0H8v2h12v-2zM4 16h2v2H4v-2zm16 0H8v2h12v-2z\" fill=\"currentColor\"><\/path><\/svg><svg style=\"fill: #999;color:#999\" class=\"arrow-unsorted-368013\" xmlns=\"http:\/\/www.w3.org\/2000\/svg\" width=\"10px\" height=\"10px\" viewBox=\"0 0 24 24\" version=\"1.2\" baseProfile=\"tiny\"><path d=\"M18.2 9.3l-6.2-6.3-6.2 6.3c-.2.2-.3.4-.3.7s.1.5.3.7c.2.2.4.3.7.3h11c.3 0 .5-.1.7-.3.2-.2.3-.5.3-.7s-.1-.5-.3-.7zM5.8 14.7l6.2 6.3 6.2-6.3c.2-.2.3-.5.3-.7s-.1-.5-.3-.7c-.2-.2-.4-.3-.7-.3h-11c-.3 0-.5.1-.7.3-.2.2-.3.5-.3.7s.1.5.3.7z\"\/><\/svg><\/span><\/span><\/span><\/a><\/span><\/div>\n<nav><ul class='ez-toc-list ez-toc-list-level-1 ' ><ul class='ez-toc-list-level-3' ><li class='ez-toc-heading-level-3'><a class=\"ez-toc-link ez-toc-heading-1\" href=\"https:\/\/www.boxrepsol.com\/es\/trial\/resumen-y-resultados-del-trial-gp-de-benahavis-2025\/#Final_de_fin_de_semana_de_exito_para_el_equipo_Repsol_Honda\" >Final de fin de semana de \u00e9xito para el equipo Repsol Honda<\/a><\/li><li class='ez-toc-page-1 ez-toc-heading-level-3'><a class=\"ez-toc-link ez-toc-heading-2\" href=\"https:\/\/www.boxrepsol.com\/es\/trial\/resumen-y-resultados-del-trial-gp-de-benahavis-2025\/#Clasificacion_Dia_1_TrialGP\" >Clasificaci\u00f3n D\u00eda 1 TrialGP<\/a><\/li><li class='ez-toc-page-1 ez-toc-heading-level-3'><a class=\"ez-toc-link ez-toc-heading-3\" href=\"https:\/\/www.boxrepsol.com\/es\/trial\/resumen-y-resultados-del-trial-gp-de-benahavis-2025\/#Clasificacion_Dia_2_TrialGP\" >Clasificaci\u00f3n D\u00eda 2 TrialGP<\/a><\/li><\/ul><\/li><li class='ez-toc-page-1 ez-toc-heading-level-2'><a class=\"ez-toc-link ez-toc-heading-4\" href=\"https:\/\/www.boxrepsol.com\/es\/trial\/resumen-y-resultados-del-trial-gp-de-benahavis-2025\/#DECLARACIONES\" >DECLARACIONES<\/a><\/li><\/ul><\/nav><\/div>\n<h3 class=\"wp-block-heading\"><span class=\"ez-toc-section\" id=\"Final_de_fin_de_semana_de_exito_para_el_equipo_Repsol_Honda\"><\/span><strong>Final de fin de semana de \u00e9xito para el equipo Repsol Honda<\/strong><span class=\"ez-toc-section-end\"><\/span><\/h3>\n\n\n\n<p class=\"has-black-color has-text-color has-link-color wp-elements-d8d617da59ce142cf7687c971332e43f\">En la <strong>segunda jornada<\/strong> del Trial GP de Benahav\u00eds, Toni Bou se ha destacado con una s\u00f3lida actuaci\u00f3n, logrando la victoria en la primera carrera y un segundo puesto en la segunda. Por su parte, Gabriel ha mostrado un rendimiento consistente, alcanzando el cuarto puesto en la primera manga y subiendo al tercer lugar en la segunda.<\/p>\n\n\n\n<p>El <strong>equipo Repsol Honda <\/strong>logra finalizar el fin de semana con una destacada actuaci\u00f3n de sus pilotos. El piloto catal\u00e1n ha conseguido el segundo puesto, mostrando una vez m\u00e1s su consistencia y destreza en las dos mangas. Por su parte, Marcelli ha logrado subirse al podio con un meritorio tercer lugar. <\/p>\n\n\n\n<p>Ahora, con la mirada puesta en la siguiente prueba, el equipo se prepara para afrontar la segunda cita de la temporada, que tendr\u00e1 lugar en Viana do Castelo, Portugal, el pr\u00f3ximo <strong>12 y 13 de abril<\/strong>.<\/p>\n\n\n\n<h3 class=\"wp-block-heading\"><span class=\"ez-toc-section\" id=\"Clasificacion_Dia_1_TrialGP\"><\/span><strong>Clasificaci\u00f3n D\u00eda 1 TrialGP<\/strong><span class=\"ez-toc-section-end\"><\/span><\/h3>\n\n\n\n<figure class=\"wp-block-table is-style-stripes\"><table><tbody><tr><td><strong>PILOTO<\/strong><\/td><td><strong>EQUIPO<\/strong><\/td><td><strong>PUNTOS<\/strong><\/td><\/tr><tr><td><strong>1. Toni Bou<\/strong><\/td><td><strong>REPSOL HONDA<\/strong><\/td><td><strong>40<\/strong><\/td><\/tr><tr><td><strong>2. Gabri Marcelli<\/strong><\/td><td><strong>REPSOL HONDA<\/strong><\/td><td><strong>34<\/strong><\/td><\/tr><tr><td>3. Jaime Busto<\/td><td>GASGAS<\/td><td>28<\/td><\/tr><tr><td>4. Aniol Gelabert<\/td><td>TRRS<\/td><td>26<\/td><\/tr><tr><td>5. Matteo Grattarola<\/td><td>BETA<\/td><td>24<\/td><\/tr><tr><td>6. Hugo Dufrese<\/td><td>BETA<\/td><td>19<\/td><\/tr><tr><td>7. Alex Canales<\/td><td>MONTESA<\/td><td>18<\/td><\/tr><tr><td>8. Jack Peace<\/td><td>SHERCO<\/td><td>17<\/td><\/tr><\/tbody><\/table><\/figure>\n\n\n\n<p><\/p>\n\n\n\n<h3 class=\"wp-block-heading\"><span class=\"ez-toc-section\" id=\"Clasificacion_Dia_2_TrialGP\"><\/span><strong>Clasificaci\u00f3n D\u00eda 2 TrialGP<\/strong><span class=\"ez-toc-section-end\"><\/span><\/h3>\n\n\n\n<figure class=\"wp-block-table is-style-stripes\"><table><tbody><tr><td><strong>PILOTO<\/strong><\/td><td><strong>EQUIPO<\/strong><\/td><td><strong>PUNTOS<\/strong><\/td><\/tr><tr><td>1. Jaime Busto<\/td><td>GASGAS<\/td><td>37<\/td><\/tr><tr><td><strong>2.<\/strong> <strong>Toni Bou<\/strong><\/td><td><strong>REPSOL HONDA<\/strong><\/td><td><strong>37<\/strong><\/td><\/tr><tr><td><strong>3. Gabri Marcelli<\/strong> <\/td><td><strong>REPSOL HONDA<\/strong><\/td><td><strong>28<\/strong><\/td><\/tr><tr><td>4. Aniol Gelabert<\/td><td>TRRS<\/td><td>25<\/td><\/tr><tr><td>5. Matteo Grattarola<\/td><td>BETA<\/td><td>24<\/td><\/tr><tr><td>6. Jack Peace<\/td><td>SHERCO<\/td><td>21<\/td><\/tr><tr><td>7. Hugo Dufrese<\/td><td>BETA<\/td><td>18<\/td><\/tr><tr><td>8. Alex Canales<\/td><td>MONTESA<\/td><td>16<\/td><\/tr><\/tbody><\/table><\/figure>\n\n\n\n<h2 class=\"wp-block-heading\"><\/h2>\n\n\n\n<div id=\"97d2b3b5-5fe1-4864-82a5-8646391a7c1b\" class=\"br-slider-box\"><div class=\"wp-block-create-block-repsol-carousel br-slider\"><a target=\"_blank\" href=\"https:\/\/bxrepsol.s3.eu-west-1.amazonaws.com\/static\/2025\/04\/06123632\/carrusel-5-1.png\" data-index=\"0\" rel=\"noopener\"><img decoding=\"async\" src=\"https:\/\/bxrepsol.s3.eu-west-1.amazonaws.com\/static\/2025\/04\/06123632\/carrusel-5-1.png\"\/><\/a><a target=\"_blank\" href=\"https:\/\/bxrepsol.s3.eu-west-1.amazonaws.com\/static\/2025\/04\/06123636\/carrusel-3-1.png\" data-index=\"1\" rel=\"noopener\"><img decoding=\"async\" src=\"https:\/\/bxrepsol.s3.eu-west-1.amazonaws.com\/static\/2025\/04\/06123636\/carrusel-3-1.png\"\/><\/a><a target=\"_blank\" href=\"https:\/\/bxrepsol.s3.eu-west-1.amazonaws.com\/static\/2025\/04\/06123639\/carrusel-2-1.png\" data-index=\"2\" rel=\"noopener\"><img decoding=\"async\" src=\"https:\/\/bxrepsol.s3.eu-west-1.amazonaws.com\/static\/2025\/04\/06123639\/carrusel-2-1.png\"\/><\/a><a target=\"_blank\" href=\"https:\/\/bxrepsol.s3.eu-west-1.amazonaws.com\/static\/2025\/04\/06123641\/carrusel-1-1.png\" data-index=\"3\" rel=\"noopener\"><img decoding=\"async\" src=\"https:\/\/bxrepsol.s3.eu-west-1.amazonaws.com\/static\/2025\/04\/06123641\/carrusel-1-1.png\"\/><\/a><\/div><div class=\"br-slider-buttons\"><button class=\"arrow rds-icon arrow--left rds-icon-Arrow_left\"><\/button><button class=\"arrow rds-icon arrow--right rds-icon-Arrow_right\"><\/button><\/div><\/div>\n\n\n\n<h2 class=\"wp-block-heading\"><span class=\"ez-toc-section\" id=\"DECLARACIONES\"><\/span><strong>DECLARACIONES<\/strong><span class=\"ez-toc-section-end\"><\/span><\/h2>\n\n\n\n<p class=\"has-medium-font-size\"><strong>#1 TONI BOU<\/strong><\/p>\n\n\n\n<p class=\"has-black-color has-text-color has-link-color wp-elements-f269d342f2b1133d0f016381213bb39a\">\u00abFin de semana positivo para nosotros. Nos vamos con diez puntos de ventaja en la general, que es lo m\u00e1s importante. Se nos ha escapado la segunda carrera por cometer algunos errores de m\u00e1s. Ya sabemos c\u00f3mo es el nuevo reglamento y hay que saber adaptarse a estas circunstancias m\u00e1s arriesgadas. Nos quedamos con la regularidad de la primera carrera, que ha sido pr\u00e1cticamente perfecta, y con la remontada de la segunda, ya que hemos empezado bastante atr\u00e1s en las primeras zonas. Ser\u00e1 un a\u00f1o complicado, pero por salimos contentos de aqu\u00ed\u00bb.<\/p>\n\n\n\n<p class=\"has-medium-font-size\"><strong>#38 GABRIEL MARCELLI<\/strong><\/p>\n\n\n\n<p>\u00abNos llevamos una tercera posici\u00f3n de M\u00e1laga hoy. No es un mal resultado, pero no ha sido un buen d\u00eda para m\u00ed. He cometido muchos errores, nada que ver con la jornada de ayer, por lo que tenemos mucho de lo que aprender. La experiencia del nuevo TrialGP es positiva, faltar\u00e1 ver si conseguimos adaptarnos al nuevo formato m\u00e1s o menos que el resto, pero en definitiva satisfecho con estos primeros podios, ya que no estamos tan lejos de la victoria. La semana que viene tenemos Portugal, as\u00ed que tocar\u00e1 pulir detalles para poder estar mejor all\u00ed\u00bb.<\/p>\n","protected":false},"excerpt":{"rendered":"<p>Los pilotos del equipo Repsol Honda cierran la primera cita de la temporada del TrialGP con dos dobles podios.<\/p>\n","protected":false},"author":43146,"featured_media":124650,"comment_status":"open","ping_status":"closed","sticky":false,"template":"","format":"standard","meta":{"footnotes":""},"categories":[23],"tags":[203,356,21,560,561],"class_list":["post-124611","post","type-post","status-publish","format-standard","hentry","category-trial","tag-gabri-marcelli","tag-resultados","tag-toni-bou","tag-trial-gp-2025","tag-trial-gp-benahavis"],"yoast_head":"<!-- This site is optimized with the Yoast SEO plugin v27.3 - https:\/\/yoast.com\/product\/yoast-seo-wordpress\/ -->\n<title>Resultados y resumen del Trial GP Benahav\u00eds 2025 - Box Repsol<\/title>\n<link rel=\"canonical\" href=\"https:\/\/www.boxrepsol.com\/es\/trial\/resumen-y-resultados-del-trial-gp-de-benahavis-2025\/\" \/>\n<meta property=\"og:locale\" content=\"es_ES\" \/>\n<meta property=\"og:type\" content=\"article\" \/>\n<meta property=\"og:title\" content=\"Resultados y resumen del Trial GP Benahav\u00eds 2025 - Box Repsol\" \/>\n<meta property=\"og:description\" content=\"Los pilotos del equipo Repsol Honda cierran la primera cita de la temporada del TrialGP con dos dobles podios.\" \/>\n<meta property=\"og:url\" content=\"https:\/\/www.boxrepsol.com\/es\/trial\/resumen-y-resultados-del-trial-gp-de-benahavis-2025\/\" \/>\n<meta property=\"og:site_name\" content=\"Box Repsol\" \/>\n<meta property=\"article:publisher\" content=\"https:\/\/www.facebook.com\/BoxRepsol\" \/>\n<meta property=\"article:author\" content=\"https:\/\/www.facebook.com\/BoxRepsol\/\" \/>\n<meta property=\"article:published_time\" content=\"2025-04-06T15:20:34+00:00\" \/>\n<meta property=\"article:modified_time\" content=\"2025-07-24T08:33:11+00:00\" \/>\n<meta property=\"og:image\" content=\"https:\/\/bxrepsol.s3.eu-west-1.amazonaws.com\/static\/2025\/04\/06130344\/PORTADA-1.png\" \/>\n\t<meta property=\"og:image:width\" content=\"1200\" \/>\n\t<meta property=\"og:image:height\" content=\"600\" \/>\n\t<meta property=\"og:image:type\" content=\"image\/png\" \/>\n<meta name=\"author\" content=\"Redacci\u00f3n Box Repsol\" \/>\n<meta name=\"twitter:card\" content=\"summary_large_image\" \/>\n<meta name=\"twitter:creator\" content=\"@https:\/\/twitter.com\/box_repsol\" \/>\n<meta name=\"twitter:site\" content=\"@box_repsol\" \/>\n<meta name=\"twitter:label1\" content=\"Written by\" \/>\n\t<meta name=\"twitter:data1\" content=\"Redacci\u00f3n Box Repsol\" \/>\n\t<meta name=\"twitter:label2\" content=\"Est. reading time\" \/>\n\t<meta name=\"twitter:data2\" content=\"4 minutos\" \/>\n<script type=\"application\/ld+json\" class=\"yoast-schema-graph\">{\"@context\":\"https:\\\/\\\/schema.org\",\"@graph\":[{\"@type\":\"Article\",\"@id\":\"https:\\\/\\\/www.boxrepsol.com\\\/es\\\/trial\\\/resumen-y-resultados-del-trial-gp-de-benahavis-2025\\\/#article\",\"isPartOf\":{\"@id\":\"https:\\\/\\\/www.boxrepsol.com\\\/es\\\/trial\\\/resumen-y-resultados-del-trial-gp-de-benahavis-2025\\\/\"},\"author\":{\"name\":\"Redacci\u00f3n Box Repsol\",\"@id\":\"https:\\\/\\\/www.boxrepsol.com\\\/es\\\/#\\\/schema\\\/person\\\/c5c2138f2cca251b0ad92b7086bb60b7\"},\"headline\":\"Resultados y resumen del TrialGP de Benahav\u00eds 2025\",\"datePublished\":\"2025-04-06T15:20:34+00:00\",\"dateModified\":\"2025-07-24T08:33:11+00:00\",\"mainEntityOfPage\":{\"@id\":\"https:\\\/\\\/www.boxrepsol.com\\\/es\\\/trial\\\/resumen-y-resultados-del-trial-gp-de-benahavis-2025\\\/\"},\"wordCount\":733,\"commentCount\":0,\"publisher\":{\"@id\":\"https:\\\/\\\/www.boxrepsol.com\\\/es\\\/#organization\"},\"image\":{\"@id\":\"https:\\\/\\\/www.boxrepsol.com\\\/es\\\/trial\\\/resumen-y-resultados-del-trial-gp-de-benahavis-2025\\\/#primaryimage\"},\"thumbnailUrl\":\"https:\\\/\\\/bxrepsol.s3.eu-west-1.amazonaws.com\\\/static\\\/2025\\\/04\\\/06130344\\\/PORTADA-1.png\",\"keywords\":[\"Gabri Marcelli\",\"Resultados\",\"Toni Bou\",\"Trial GP 2025\",\"Trial GP Benahav\u00eds\"],\"articleSection\":[\"Trial\"],\"inLanguage\":\"es\",\"potentialAction\":[{\"@type\":\"CommentAction\",\"name\":\"Comment\",\"target\":[\"https:\\\/\\\/www.boxrepsol.com\\\/es\\\/trial\\\/resumen-y-resultados-del-trial-gp-de-benahavis-2025\\\/#respond\"]}]},{\"@type\":\"WebPage\",\"@id\":\"https:\\\/\\\/www.boxrepsol.com\\\/es\\\/trial\\\/resumen-y-resultados-del-trial-gp-de-benahavis-2025\\\/\",\"url\":\"https:\\\/\\\/www.boxrepsol.com\\\/es\\\/trial\\\/resumen-y-resultados-del-trial-gp-de-benahavis-2025\\\/\",\"name\":\"Resultados y resumen del Trial GP Benahav\u00eds 2025 - Box Repsol\",\"isPartOf\":{\"@id\":\"https:\\\/\\\/www.boxrepsol.com\\\/es\\\/#website\"},\"primaryImageOfPage\":{\"@id\":\"https:\\\/\\\/www.boxrepsol.com\\\/es\\\/trial\\\/resumen-y-resultados-del-trial-gp-de-benahavis-2025\\\/#primaryimage\"},\"image\":{\"@id\":\"https:\\\/\\\/www.boxrepsol.com\\\/es\\\/trial\\\/resumen-y-resultados-del-trial-gp-de-benahavis-2025\\\/#primaryimage\"},\"thumbnailUrl\":\"https:\\\/\\\/bxrepsol.s3.eu-west-1.amazonaws.com\\\/static\\\/2025\\\/04\\\/06130344\\\/PORTADA-1.png\",\"datePublished\":\"2025-04-06T15:20:34+00:00\",\"dateModified\":\"2025-07-24T08:33:11+00:00\",\"breadcrumb\":{\"@id\":\"https:\\\/\\\/www.boxrepsol.com\\\/es\\\/trial\\\/resumen-y-resultados-del-trial-gp-de-benahavis-2025\\\/#breadcrumb\"},\"inLanguage\":\"es\",\"potentialAction\":[{\"@type\":\"ReadAction\",\"target\":[\"https:\\\/\\\/www.boxrepsol.com\\\/es\\\/trial\\\/resumen-y-resultados-del-trial-gp-de-benahavis-2025\\\/\"]}]},{\"@type\":\"ImageObject\",\"inLanguage\":\"es\",\"@id\":\"https:\\\/\\\/www.boxrepsol.com\\\/es\\\/trial\\\/resumen-y-resultados-del-trial-gp-de-benahavis-2025\\\/#primaryimage\",\"url\":\"https:\\\/\\\/bxrepsol.s3.eu-west-1.amazonaws.com\\\/static\\\/2025\\\/04\\\/06130344\\\/PORTADA-1.png\",\"contentUrl\":\"https:\\\/\\\/bxrepsol.s3.eu-west-1.amazonaws.com\\\/static\\\/2025\\\/04\\\/06130344\\\/PORTADA-1.png\",\"width\":1200,\"height\":600},{\"@type\":\"BreadcrumbList\",\"@id\":\"https:\\\/\\\/www.boxrepsol.com\\\/es\\\/trial\\\/resumen-y-resultados-del-trial-gp-de-benahavis-2025\\\/#breadcrumb\",\"itemListElement\":[{\"@type\":\"ListItem\",\"position\":1,\"name\":\"Home\",\"item\":\"https:\\\/\\\/www.boxrepsol.com\\\/es\\\/\"},{\"@type\":\"ListItem\",\"position\":2,\"name\":\"Resultados y resumen del TrialGP de Benahav\u00eds 2025\"}]},{\"@type\":\"WebSite\",\"@id\":\"https:\\\/\\\/www.boxrepsol.com\\\/es\\\/#website\",\"url\":\"https:\\\/\\\/www.boxrepsol.com\\\/es\\\/\",\"name\":\"Box Repsol\",\"description\":\"Box Repsol Site\",\"publisher\":{\"@id\":\"https:\\\/\\\/www.boxrepsol.com\\\/es\\\/#organization\"},\"potentialAction\":[{\"@type\":\"SearchAction\",\"target\":{\"@type\":\"EntryPoint\",\"urlTemplate\":\"https:\\\/\\\/www.boxrepsol.com\\\/es\\\/?s={search_term_string}\"},\"query-input\":{\"@type\":\"PropertyValueSpecification\",\"valueRequired\":true,\"valueName\":\"search_term_string\"}}],\"inLanguage\":\"es\"},{\"@type\":\"Organization\",\"@id\":\"https:\\\/\\\/www.boxrepsol.com\\\/es\\\/#organization\",\"name\":\"Box Repsol\",\"url\":\"https:\\\/\\\/www.boxrepsol.com\\\/es\\\/\",\"logo\":{\"@type\":\"ImageObject\",\"inLanguage\":\"es\",\"@id\":\"https:\\\/\\\/www.boxrepsol.com\\\/es\\\/#\\\/schema\\\/logo\\\/image\\\/\",\"url\":\"https:\\\/\\\/bxrepsol.s3.eu-west-1.amazonaws.com\\\/static\\\/2025\\\/07\\\/30083337\\\/favicon-96x96-1.png\",\"contentUrl\":\"https:\\\/\\\/bxrepsol.s3.eu-west-1.amazonaws.com\\\/static\\\/2025\\\/07\\\/30083337\\\/favicon-96x96-1.png\",\"width\":96,\"height\":96,\"caption\":\"Box Repsol\"},\"image\":{\"@id\":\"https:\\\/\\\/www.boxrepsol.com\\\/es\\\/#\\\/schema\\\/logo\\\/image\\\/\"},\"sameAs\":[\"https:\\\/\\\/www.facebook.com\\\/BoxRepsol\",\"https:\\\/\\\/x.com\\\/box_repsol\",\"http:\\\/\\\/instagram.com\\\/box_repsol\",\"https:\\\/\\\/www.youtube.com\\\/user\\\/RepsolCompeticion\",\"https:\\\/\\\/www.flickr.com\\\/photos\\\/box_repsol\\\/\"]},{\"@type\":\"Person\",\"@id\":\"https:\\\/\\\/www.boxrepsol.com\\\/es\\\/#\\\/schema\\\/person\\\/c5c2138f2cca251b0ad92b7086bb60b7\",\"name\":\"Redacci\u00f3n Box Repsol\",\"image\":{\"@type\":\"ImageObject\",\"inLanguage\":\"es\",\"@id\":\"https:\\\/\\\/secure.gravatar.com\\\/avatar\\\/adf7b77e38b4419baf32c7e9c21dde01f4e40df611f0978e3006fc4ba0aaab7e?s=96&d=mm&r=g\",\"url\":\"https:\\\/\\\/secure.gravatar.com\\\/avatar\\\/adf7b77e38b4419baf32c7e9c21dde01f4e40df611f0978e3006fc4ba0aaab7e?s=96&d=mm&r=g\",\"contentUrl\":\"https:\\\/\\\/secure.gravatar.com\\\/avatar\\\/adf7b77e38b4419baf32c7e9c21dde01f4e40df611f0978e3006fc4ba0aaab7e?s=96&d=mm&r=g\",\"caption\":\"Redacci\u00f3n Box Repsol\"},\"description\":\"Box Repsol lo forma un equipo de periodistas, community managers, dise\u00f1adores y fot\u00f3grafos con m\u00e1s de 20 a\u00f1os de experiencia en el mundo del motorsport. Hemos vivido el primer mundial de un espa\u00f1ol en la categor\u00eda reina de motociclismo con \u00c1lex Crivill\u00e9, estuvimos en las victorias de Pedrosa y los t\u00edtulos de M\u00e1rquez, acompa\u00f1amos en \u00c1frica a Nani Roma y Marc Coma en sus conquistas del Dakar y hemos vibrado con los t\u00edtulos de Toni Bou en Trial. Adem\u00e1s, en nuestro equipo contamos con expertos en el mundo de las dos y cuatro ruedas tanto de la calle y las carreteras, como de los circuitos. Periodistas que han trabajado en revistas y publicaciones para hacerte llegar desde rutas y consejos de mantenimiento, a curiosidades y trucos de pilotaje.\",\"sameAs\":[\"https:\\\/\\\/www.facebook.com\\\/BoxRepsol\\\/\",\"https:\\\/\\\/www.instagram.com\\\/box_repsol\\\/\",\"https:\\\/\\\/x.com\\\/https:\\\/\\\/twitter.com\\\/box_repsol\",\"https:\\\/\\\/www.youtube.com\\\/@Boxrepsol\"],\"url\":\"https:\\\/\\\/www.boxrepsol.com\\\/es\\\/author\\\/redaccion-box-repsol\\\/\"}]}<\/script>\n<!-- \/ Yoast SEO plugin. -->","yoast_head_json":{"title":"Resultados y resumen del Trial GP Benahav\u00eds 2025 - Box Repsol","canonical":"https:\/\/www.boxrepsol.com\/es\/trial\/resumen-y-resultados-del-trial-gp-de-benahavis-2025\/","og_locale":"es_ES","og_type":"article","og_title":"Resultados y resumen del Trial GP Benahav\u00eds 2025 - Box Repsol","og_description":"Los pilotos del equipo Repsol Honda cierran la primera cita de la temporada del TrialGP con dos dobles podios.","og_url":"https:\/\/www.boxrepsol.com\/es\/trial\/resumen-y-resultados-del-trial-gp-de-benahavis-2025\/","og_site_name":"Box Repsol","article_publisher":"https:\/\/www.facebook.com\/BoxRepsol","article_author":"https:\/\/www.facebook.com\/BoxRepsol\/","article_published_time":"2025-04-06T15:20:34+00:00","article_modified_time":"2025-07-24T08:33:11+00:00","og_image":[{"width":1200,"height":600,"url":"https:\/\/bxrepsol.s3.eu-west-1.amazonaws.com\/static\/2025\/04\/06130344\/PORTADA-1.png","type":"image\/png"}],"author":"Redacci\u00f3n Box Repsol","twitter_card":"summary_large_image","twitter_creator":"@https:\/\/twitter.com\/box_repsol","twitter_site":"@box_repsol","twitter_misc":{"Written by":"Redacci\u00f3n Box Repsol","Est. reading time":"4 minutos"},"schema":{"@context":"https:\/\/schema.org","@graph":[{"@type":"Article","@id":"https:\/\/www.boxrepsol.com\/es\/trial\/resumen-y-resultados-del-trial-gp-de-benahavis-2025\/#article","isPartOf":{"@id":"https:\/\/www.boxrepsol.com\/es\/trial\/resumen-y-resultados-del-trial-gp-de-benahavis-2025\/"},"author":{"name":"Redacci\u00f3n Box Repsol","@id":"https:\/\/www.boxrepsol.com\/es\/#\/schema\/person\/c5c2138f2cca251b0ad92b7086bb60b7"},"headline":"Resultados y resumen del TrialGP de Benahav\u00eds 2025","datePublished":"2025-04-06T15:20:34+00:00","dateModified":"2025-07-24T08:33:11+00:00","mainEntityOfPage":{"@id":"https:\/\/www.boxrepsol.com\/es\/trial\/resumen-y-resultados-del-trial-gp-de-benahavis-2025\/"},"wordCount":733,"commentCount":0,"publisher":{"@id":"https:\/\/www.boxrepsol.com\/es\/#organization"},"image":{"@id":"https:\/\/www.boxrepsol.com\/es\/trial\/resumen-y-resultados-del-trial-gp-de-benahavis-2025\/#primaryimage"},"thumbnailUrl":"https:\/\/bxrepsol.s3.eu-west-1.amazonaws.com\/static\/2025\/04\/06130344\/PORTADA-1.png","keywords":["Gabri Marcelli","Resultados","Toni Bou","Trial GP 2025","Trial GP Benahav\u00eds"],"articleSection":["Trial"],"inLanguage":"es","potentialAction":[{"@type":"CommentAction","name":"Comment","target":["https:\/\/www.boxrepsol.com\/es\/trial\/resumen-y-resultados-del-trial-gp-de-benahavis-2025\/#respond"]}]},{"@type":"WebPage","@id":"https:\/\/www.boxrepsol.com\/es\/trial\/resumen-y-resultados-del-trial-gp-de-benahavis-2025\/","url":"https:\/\/www.boxrepsol.com\/es\/trial\/resumen-y-resultados-del-trial-gp-de-benahavis-2025\/","name":"Resultados y resumen del Trial GP Benahav\u00eds 2025 - Box Repsol","isPartOf":{"@id":"https:\/\/www.boxrepsol.com\/es\/#website"},"primaryImageOfPage":{"@id":"https:\/\/www.boxrepsol.com\/es\/trial\/resumen-y-resultados-del-trial-gp-de-benahavis-2025\/#primaryimage"},"image":{"@id":"https:\/\/www.boxrepsol.com\/es\/trial\/resumen-y-resultados-del-trial-gp-de-benahavis-2025\/#primaryimage"},"thumbnailUrl":"https:\/\/bxrepsol.s3.eu-west-1.amazonaws.com\/static\/2025\/04\/06130344\/PORTADA-1.png","datePublished":"2025-04-06T15:20:34+00:00","dateModified":"2025-07-24T08:33:11+00:00","breadcrumb":{"@id":"https:\/\/www.boxrepsol.com\/es\/trial\/resumen-y-resultados-del-trial-gp-de-benahavis-2025\/#breadcrumb"},"inLanguage":"es","potentialAction":[{"@type":"ReadAction","target":["https:\/\/www.boxrepsol.com\/es\/trial\/resumen-y-resultados-del-trial-gp-de-benahavis-2025\/"]}]},{"@type":"ImageObject","inLanguage":"es","@id":"https:\/\/www.boxrepsol.com\/es\/trial\/resumen-y-resultados-del-trial-gp-de-benahavis-2025\/#primaryimage","url":"https:\/\/bxrepsol.s3.eu-west-1.amazonaws.com\/static\/2025\/04\/06130344\/PORTADA-1.png","contentUrl":"https:\/\/bxrepsol.s3.eu-west-1.amazonaws.com\/static\/2025\/04\/06130344\/PORTADA-1.png","width":1200,"height":600},{"@type":"BreadcrumbList","@id":"https:\/\/www.boxrepsol.com\/es\/trial\/resumen-y-resultados-del-trial-gp-de-benahavis-2025\/#breadcrumb","itemListElement":[{"@type":"ListItem","position":1,"name":"Home","item":"https:\/\/www.boxrepsol.com\/es\/"},{"@type":"ListItem","position":2,"name":"Resultados y resumen del TrialGP de Benahav\u00eds 2025"}]},{"@type":"WebSite","@id":"https:\/\/www.boxrepsol.com\/es\/#website","url":"https:\/\/www.boxrepsol.com\/es\/","name":"Box Repsol","description":"Box Repsol Site","publisher":{"@id":"https:\/\/www.boxrepsol.com\/es\/#organization"},"potentialAction":[{"@type":"SearchAction","target":{"@type":"EntryPoint","urlTemplate":"https:\/\/www.boxrepsol.com\/es\/?s={search_term_string}"},"query-input":{"@type":"PropertyValueSpecification","valueRequired":true,"valueName":"search_term_string"}}],"inLanguage":"es"},{"@type":"Organization","@id":"https:\/\/www.boxrepsol.com\/es\/#organization","name":"Box Repsol","url":"https:\/\/www.boxrepsol.com\/es\/","logo":{"@type":"ImageObject","inLanguage":"es","@id":"https:\/\/www.boxrepsol.com\/es\/#\/schema\/logo\/image\/","url":"https:\/\/bxrepsol.s3.eu-west-1.amazonaws.com\/static\/2025\/07\/30083337\/favicon-96x96-1.png","contentUrl":"https:\/\/bxrepsol.s3.eu-west-1.amazonaws.com\/static\/2025\/07\/30083337\/favicon-96x96-1.png","width":96,"height":96,"caption":"Box Repsol"},"image":{"@id":"https:\/\/www.boxrepsol.com\/es\/#\/schema\/logo\/image\/"},"sameAs":["https:\/\/www.facebook.com\/BoxRepsol","https:\/\/x.com\/box_repsol","http:\/\/instagram.com\/box_repsol","https:\/\/www.youtube.com\/user\/RepsolCompeticion","https:\/\/www.flickr.com\/photos\/box_repsol\/"]},{"@type":"Person","@id":"https:\/\/www.boxrepsol.com\/es\/#\/schema\/person\/c5c2138f2cca251b0ad92b7086bb60b7","name":"Redacci\u00f3n Box Repsol","image":{"@type":"ImageObject","inLanguage":"es","@id":"https:\/\/secure.gravatar.com\/avatar\/adf7b77e38b4419baf32c7e9c21dde01f4e40df611f0978e3006fc4ba0aaab7e?s=96&d=mm&r=g","url":"https:\/\/secure.gravatar.com\/avatar\/adf7b77e38b4419baf32c7e9c21dde01f4e40df611f0978e3006fc4ba0aaab7e?s=96&d=mm&r=g","contentUrl":"https:\/\/secure.gravatar.com\/avatar\/adf7b77e38b4419baf32c7e9c21dde01f4e40df611f0978e3006fc4ba0aaab7e?s=96&d=mm&r=g","caption":"Redacci\u00f3n Box Repsol"},"description":"Box Repsol lo forma un equipo de periodistas, community managers, dise\u00f1adores y fot\u00f3grafos con m\u00e1s de 20 a\u00f1os de experiencia en el mundo del motorsport. Hemos vivido el primer mundial de un espa\u00f1ol en la categor\u00eda reina de motociclismo con \u00c1lex Crivill\u00e9, estuvimos en las victorias de Pedrosa y los t\u00edtulos de M\u00e1rquez, acompa\u00f1amos en \u00c1frica a Nani Roma y Marc Coma en sus conquistas del Dakar y hemos vibrado con los t\u00edtulos de Toni Bou en Trial. Adem\u00e1s, en nuestro equipo contamos con expertos en el mundo de las dos y cuatro ruedas tanto de la calle y las carreteras, como de los circuitos. Periodistas que han trabajado en revistas y publicaciones para hacerte llegar desde rutas y consejos de mantenimiento, a curiosidades y trucos de pilotaje.","sameAs":["https:\/\/www.facebook.com\/BoxRepsol\/","https:\/\/www.instagram.com\/box_repsol\/","https:\/\/x.com\/https:\/\/twitter.com\/box_repsol","https:\/\/www.youtube.com\/@Boxrepsol"],"url":"https:\/\/www.boxrepsol.com\/es\/author\/redaccion-box-repsol\/"}]}},"_links":{"self":[{"href":"https:\/\/www.boxrepsol.com\/es\/wp-json\/wp\/v2\/posts\/124611","targetHints":{"allow":["GET"]}}],"collection":[{"href":"https:\/\/www.boxrepsol.com\/es\/wp-json\/wp\/v2\/posts"}],"about":[{"href":"https:\/\/www.boxrepsol.com\/es\/wp-json\/wp\/v2\/types\/post"}],"author":[{"embeddable":true,"href":"https:\/\/www.boxrepsol.com\/es\/wp-json\/wp\/v2\/users\/43146"}],"replies":[{"embeddable":true,"href":"https:\/\/www.boxrepsol.com\/es\/wp-json\/wp\/v2\/comments?post=124611"}],"version-history":[{"count":26,"href":"https:\/\/www.boxrepsol.com\/es\/wp-json\/wp\/v2\/posts\/124611\/revisions"}],"predecessor-version":[{"id":124657,"href":"https:\/\/www.boxrepsol.com\/es\/wp-json\/wp\/v2\/posts\/124611\/revisions\/124657"}],"wp:featuredmedia":[{"embeddable":true,"href":"https:\/\/www.boxrepsol.com\/es\/wp-json\/wp\/v2\/media\/124650"}],"wp:attachment":[{"href":"https:\/\/www.boxrepsol.com\/es\/wp-json\/wp\/v2\/media?parent=124611"}],"wp:term":[{"taxonomy":"category","embeddable":true,"href":"https:\/\/www.boxrepsol.com\/es\/wp-json\/wp\/v2\/categories?post=124611"},{"taxonomy":"post_tag","embeddable":true,"href":"https:\/\/www.boxrepsol.com\/es\/wp-json\/wp\/v2\/tags?post=124611"}],"curies":[{"name":"wp","href":"https:\/\/api.w.org\/{rel}","templated":true}]}}