{"id":124558,"date":"2025-03-31T08:58:49","date_gmt":"2025-03-31T10:58:49","guid":{"rendered":"https:\/\/www.boxrepsol.com\/?p=124558"},"modified":"2025-06-26T07:10:06","modified_gmt":"2025-06-26T09:10:06","slug":"que-son-caballos-fiscales","status":"publish","type":"post","link":"https:\/\/www.boxrepsol.com\/es\/cultura-motera\/que-son-caballos-fiscales\/","title":{"rendered":"\u00bfQu\u00e9 son los caballos fiscales y por qu\u00e9 son importantes?"},"content":{"rendered":"<figure class=\"wp-block-post-featured-image\"><img loading=\"lazy\" decoding=\"async\" width=\"1200\" height=\"600\" src=\"https:\/\/bxrepsol.s3.eu-west-1.amazonaws.com\/static\/2025\/03\/31080649\/Apertura-caballos-fiscales.jpg\" class=\"attachment-post-thumbnail size-post-thumbnail wp-post-image\" alt=\"Conductora en una moto verde por una carretera\" style=\"object-fit:cover;\" srcset=\"https:\/\/bxrepsol.s3.eu-west-1.amazonaws.com\/static\/2025\/03\/31080649\/Apertura-caballos-fiscales.jpg 1200w, https:\/\/bxrepsol.s3.eu-west-1.amazonaws.com\/static\/2025\/03\/31080649\/Apertura-caballos-fiscales-300x150.jpg 300w, https:\/\/bxrepsol.s3.eu-west-1.amazonaws.com\/static\/2025\/03\/31080649\/Apertura-caballos-fiscales-1024x512.jpg 1024w, https:\/\/bxrepsol.s3.eu-west-1.amazonaws.com\/static\/2025\/03\/31080649\/Apertura-caballos-fiscales-768x384.jpg 768w\" sizes=\"auto, (max-width: 1200px) 100vw, 1200px\" \/><\/figure>\n\n\n<p>Fiel a su ritual anual, en primavera llega a nuestros hogares \u201cel numerito\u201d, que es como popularmente se conoce <strong>al Impuesto de Veh\u00edculos de Tracci\u00f3n Mec\u00e1nica<\/strong> <strong>(IVTM)<\/strong> o impuesto de circulaci\u00f3n. Quiz\u00e1s eres de los que simplemente busca la cuant\u00eda a pagar, o puede que te detengas con m\u00e1s detalle en el documento que remite tu ayuntamiento y caigas en la cuenta de un curioso ep\u00edgrafe: <strong>los caballos fiscales<\/strong>.<\/p>\n\n\n\n<div id=\"ez-toc-container\" class=\"ez-toc-v2_0_82_2 counter-hierarchy ez-toc-counter ez-toc-grey ez-toc-container-direction\">\n<div class=\"ez-toc-title-container\">\n<p class=\"ez-toc-title\" style=\"cursor:inherit\">\u00cdndice<\/p>\n<span class=\"ez-toc-title-toggle\"><a href=\"#\" class=\"ez-toc-pull-right ez-toc-btn ez-toc-btn-xs ez-toc-btn-default ez-toc-toggle\" aria-label=\"Toggle Table of Content\"><span class=\"ez-toc-js-icon-con\"><span class=\"\"><span class=\"eztoc-hide\" style=\"display:none;\">Toggle<\/span><span class=\"ez-toc-icon-toggle-span\"><svg style=\"fill: #999;color:#999\" xmlns=\"http:\/\/www.w3.org\/2000\/svg\" class=\"list-377408\" width=\"20px\" height=\"20px\" viewBox=\"0 0 24 24\" fill=\"none\"><path d=\"M6 6H4v2h2V6zm14 0H8v2h12V6zM4 11h2v2H4v-2zm16 0H8v2h12v-2zM4 16h2v2H4v-2zm16 0H8v2h12v-2z\" fill=\"currentColor\"><\/path><\/svg><svg style=\"fill: #999;color:#999\" class=\"arrow-unsorted-368013\" xmlns=\"http:\/\/www.w3.org\/2000\/svg\" width=\"10px\" height=\"10px\" viewBox=\"0 0 24 24\" version=\"1.2\" baseProfile=\"tiny\"><path d=\"M18.2 9.3l-6.2-6.3-6.2 6.3c-.2.2-.3.4-.3.7s.1.5.3.7c.2.2.4.3.7.3h11c.3 0 .5-.1.7-.3.2-.2.3-.5.3-.7s-.1-.5-.3-.7zM5.8 14.7l6.2 6.3 6.2-6.3c.2-.2.3-.5.3-.7s-.1-.5-.3-.7c-.2-.2-.4-.3-.7-.3h-11c-.3 0-.5.1-.7.3-.2.2-.3.5-.3.7s.1.5.3.7z\"\/><\/svg><\/span><\/span><\/span><\/a><\/span><\/div>\n<nav><ul class='ez-toc-list ez-toc-list-level-1 ' ><li class='ez-toc-page-1 ez-toc-heading-level-2'><a class=\"ez-toc-link ez-toc-heading-1\" href=\"https:\/\/www.boxrepsol.com\/es\/cultura-motera\/que-son-caballos-fiscales\/#%C2%BFQue_son_los_caballos_fiscales\" >\u00bfQu\u00e9 son los caballos fiscales?<\/a><ul class='ez-toc-list-level-3' ><li class='ez-toc-heading-level-3'><a class=\"ez-toc-link ez-toc-heading-2\" href=\"https:\/\/www.boxrepsol.com\/es\/cultura-motera\/que-son-caballos-fiscales\/#%C2%BFDonde_se_encuentran_los_caballos_fiscales_en_la_ficha_tecnica\" >\u00bfD\u00f3nde se encuentran los caballos fiscales en la ficha t\u00e9cnica?<\/a><\/li><\/ul><\/li><li class='ez-toc-page-1 ez-toc-heading-level-2'><a class=\"ez-toc-link ez-toc-heading-3\" href=\"https:\/\/www.boxrepsol.com\/es\/cultura-motera\/que-son-caballos-fiscales\/#%C2%BFComo_se_calculan_los_caballos_fiscales\" >\u00bfC\u00f3mo se calculan los caballos fiscales?<\/a><\/li><li class='ez-toc-page-1 ez-toc-heading-level-2'><a class=\"ez-toc-link ez-toc-heading-4\" href=\"https:\/\/www.boxrepsol.com\/es\/cultura-motera\/que-son-caballos-fiscales\/#Relacion_entre_los_caballos_fiscales_y_el_Impuesto_de_circulacion_IVTM\" >Relaci\u00f3n entre los caballos fiscales y el Impuesto de circulaci\u00f3n (IVTM)<\/a><\/li><\/ul><\/nav><\/div>\n<h2 class=\"wp-block-heading\"><span class=\"ez-toc-section\" id=\"%C2%BFQue_son_los_caballos_fiscales\"><\/span><strong>\u00bfQu\u00e9 son los caballos fiscales?<\/strong><span class=\"ez-toc-section-end\"><\/span><\/h2>\n\n\n\n<p>El <strong>valor del caballo fiscal<\/strong> (CVF) se obtiene de un c\u00e1lculo en el que se tienen en consideraci\u00f3n varios conceptos. Tiene una relaci\u00f3n directa con la <strong>cilindrada del motor<\/strong> <strong>de tu moto<\/strong>, por eso se tienen en cuenta datos como <strong>n\u00famero de cilindros<\/strong>, <strong>di\u00e1metro<\/strong> y <strong>carrera<\/strong>. A mayor cilindrada, mayor potencia fiscal.<\/p>\n\n\n\n<h3 class=\"wp-block-heading\"><span class=\"ez-toc-section\" id=\"%C2%BFDonde_se_encuentran_los_caballos_fiscales_en_la_ficha_tecnica\"><\/span><span style=\"font-size: medium; white-space-collapse: collapse;\"><\/span>\u00bfD\u00f3nde se encuentran los caballos fiscales en la ficha t\u00e9cnica?<span class=\"ez-toc-section-end\"><\/span><\/h3>\n\n\n\n<p><span style=\"font-size: medium; white-space-collapse: collapse;\"><\/span>El valor en <strong>CVF<\/strong> viene indicado en la <strong>tarjeta de la ITV<\/strong> <strong>de tu moto<\/strong>, en el apartado de <strong>Potencia Fiscal (CVF).<\/strong> Justo despu\u00e9s se indica la potencia expresada en <strong>kW<\/strong> \u2013un kW equivale a 1,36 CV-, que es la que expresa la potencia real del motor. Sin embargo, este dato no tiene <strong>ninguna relaci\u00f3n directa con el impuesto<\/strong> que hay que pagar.<\/p>\n\n\n\n<h2 class=\"wp-block-heading\"><span class=\"ez-toc-section\" id=\"%C2%BFComo_se_calculan_los_caballos_fiscales\"><\/span><strong>\u00bfC\u00f3mo se calculan los caballos fiscales?<\/strong><span class=\"ez-toc-section-end\"><\/span><\/h2>\n\n\n\n<p>El <strong>c\u00e1lculo de los caballos fiscales<\/strong> se obtiene a trav\u00e9s de una sencilla f\u00f3rmula en la que entran en consideraci\u00f3n s\u00f3lo <strong>dos<\/strong> <strong>valores precisos<\/strong> sobre el motor de tu moto: la <strong>cilindrada en cm<sup>3<\/sup> y el <\/strong><a href=\"https:\/\/www.boxrepsol.com\/es\/tecnologia\/partes-de-una-moto-sabes-cuales-son\/\"><strong>n\u00famero de cilindros<\/strong><\/a><strong> (N)<\/strong>. Despu\u00e9s se aplica la siguiente <strong>f\u00f3rmula<\/strong>:<\/p>\n\n\n\n<p class=\"has-text-align-center\">Caballos fiscales = (cm<sup>3<\/sup> \/ N)<sup>0,6 <\/sup>x 0,08 x N<\/p>\n\n\n\n<p>Esta <strong>f\u00f3rmula<\/strong> es la que se aplica a los motores de ciclo \u201c<a href=\"https:\/\/www.boxrepsol.com\/es\/tecnologia\/motores-tetracilindricos-caracteristicas-y-ventajas\/\"><strong>cuatro tiempos<\/strong><\/a>\u201d, que son ya mayoritarios entre las motos. Pero como todav\u00eda seguimos empleando muchos <strong>motores<\/strong> de \u201c<a href=\"https:\/\/www.boxrepsol.com\/es\/tecnologia\/motor-de-dos-tiempos-todo-lo-que-necesitas-saber\/\"><strong>dos tiempos<\/strong><\/a>\u201d en las motos de campo, hay un valor que cambia en la f\u00f3rmula, <strong>sustituyendo 0,08 por 0,11.<\/strong><\/p>\n\n\n\n<p>Antiguamente se empleaba una f\u00f3rmula diferente en la que tambi\u00e9n se tomaba en consideraci\u00f3n el <strong>di\u00e1metro de los cilindros y<\/strong> <strong>la carrera del pist\u00f3n<\/strong>, pero este tipo de c\u00e1lculo ya est\u00e1 en desuso por la complejidad que puede llegar a suponer el empleo de estos datos.<\/p>\n\n\n\n<p>Si tienes una <a href=\"https:\/\/www.boxrepsol.com\/es\/tecnologia\/ventajas-desventajas-las-motos-electricas\/\"><strong>moto el\u00e9ctrica<\/strong><\/a>, en este caso el c\u00e1lculo es mucho m\u00e1s sencillo. Basta con&nbsp;dividir la potencia efectiva entre 5,152. Este dato se obtiene sumando las potencias m\u00e1ximas mantenidas durante 30 minutos de todos los motores el\u00e9ctricos que tenga el veh\u00edculo. La potencia efectiva viene determinada por el <strong>Ministerio de Industria, Comercio y Turismo<\/strong> y aparece en la&nbsp;<strong>ficha de homologaci\u00f3n<\/strong>.<\/p>\n\n\n\n<p>Adem\u00e1s, el dato de los caballos fiscales es determinante para la <strong>tasa<\/strong> que hay que abonar a la hora de realizar la <strong>Inspecci\u00f3n T\u00e9cnica de Veh\u00edculos (<\/strong><a href=\"https:\/\/www.boxrepsol.com\/es\/vive-tu-moto\/cuando-debe-pasar-una-moto-la-primera-itv\/\"><strong>ITV<\/strong><\/a><strong>).<\/strong><\/p>\n\n\n\n<h2 class=\"wp-block-heading\"><span class=\"ez-toc-section\" id=\"Relacion_entre_los_caballos_fiscales_y_el_Impuesto_de_circulacion_IVTM\"><\/span><strong>Relaci\u00f3n entre los caballos fiscales y el Impuesto de circulaci\u00f3n (IVTM)<\/strong><span class=\"ez-toc-section-end\"><\/span><\/h2>\n\n\n\n<p>El <a href=\"https:\/\/www.boxrepsol.com\/es\/cultura-motera\/como-calcular-impuesto-matriculacion\/\"><strong>Impuesto de Circulaci\u00f3n<\/strong><\/a> viene determinado por los <strong>caballos fiscales<\/strong>, pero su cuant\u00eda no es igual en todas las localidades, y queda establecida por el <strong>ayuntamiento local<\/strong>, de ah\u00ed que haya muchos casos de propietarios de veh\u00edculos que vivan en una determinada localidad y se empadronen en otra, por la menor cuant\u00eda del Impuesto de Circulaci\u00f3n.<\/p>\n\n\n\n<figure class=\"wp-block-image size-large is-resized\"><img loading=\"lazy\" decoding=\"async\" width=\"1024\" height=\"681\" src=\"https:\/\/bxrepsol.s3.eu-west-1.amazonaws.com\/static\/2025\/03\/31082123\/motorcycle-wheel-with-disk-brakes-system-metal-spokes-closeup-detailed-photo-motorbike-forks-tire-different-parts-two-wheeled-vehicle-transportation-1024x681.jpg\" alt=\"Motos aparcadas en una calle\" class=\"wp-image-124572\" style=\"object-fit:contain;width:600px;height:400px\" srcset=\"https:\/\/bxrepsol.s3.eu-west-1.amazonaws.com\/static\/2025\/03\/31082123\/motorcycle-wheel-with-disk-brakes-system-metal-spokes-closeup-detailed-photo-motorbike-forks-tire-different-parts-two-wheeled-vehicle-transportation-1024x681.jpg 1024w, https:\/\/bxrepsol.s3.eu-west-1.amazonaws.com\/static\/2025\/03\/31082123\/motorcycle-wheel-with-disk-brakes-system-metal-spokes-closeup-detailed-photo-motorbike-forks-tire-different-parts-two-wheeled-vehicle-transportation-300x200.jpg 300w, https:\/\/bxrepsol.s3.eu-west-1.amazonaws.com\/static\/2025\/03\/31082123\/motorcycle-wheel-with-disk-brakes-system-metal-spokes-closeup-detailed-photo-motorbike-forks-tire-different-parts-two-wheeled-vehicle-transportation-768x511.jpg 768w, https:\/\/bxrepsol.s3.eu-west-1.amazonaws.com\/static\/2025\/03\/31082123\/motorcycle-wheel-with-disk-brakes-system-metal-spokes-closeup-detailed-photo-motorbike-forks-tire-different-parts-two-wheeled-vehicle-transportation-1536x1022.jpg 1536w, https:\/\/bxrepsol.s3.eu-west-1.amazonaws.com\/static\/2025\/03\/31082123\/motorcycle-wheel-with-disk-brakes-system-metal-spokes-closeup-detailed-photo-motorbike-forks-tire-different-parts-two-wheeled-vehicle-transportation-2048x1363.jpg 2048w\" sizes=\"auto, (max-width: 1024px) 100vw, 1024px\" \/><\/figure>\n\n\n\n<p><strong><br><\/strong>En el caso de las motos, la potencia fiscal no entra en consideraci\u00f3n y s\u00ed la <strong>cilindrada<\/strong>, quedando las motos agrupadas en funci\u00f3n de su <strong>cubicaje<\/strong> de la siguiente manera:<\/p>\n\n\n\n<ul class=\"wp-block-list\">\n<li>Hasta <a href=\"https:\/\/www.boxrepsol.com\/es\/vive-tu-moto\/motos-custom-125\/\">125<\/a> cent\u00edmetros c\u00fabicos. <\/li>\n\n\n\n<li>De m\u00e1s de 125 hasta 250 cent\u00edmetros c\u00fabicos.<\/li>\n\n\n\n<li>De m\u00e1s de 250 hasta <a href=\"https:\/\/www.boxrepsol.com\/es\/vive-tu-moto\/mejores-motos-a2\/\">500<\/a> cent\u00edmetros c\u00fabicos.<\/li>\n\n\n\n<li>De m\u00e1s de 500 hasta 1.000 cent\u00edmetros c\u00fabicos.<\/li>\n\n\n\n<li>De m\u00e1s de <a href=\"https:\/\/www.boxrepsol.com\/es\/cultura-motera\/diferencias-entre-motocicleta-y-ciclomotor\/\">1.000<\/a> cent\u00edmetros c\u00fabicos.<\/li>\n<\/ul>\n","protected":false},"excerpt":{"rendered":"<p>Esta unidad de medida, el caballo fiscal, nada tiene que ver con una cuesti\u00f3n t\u00e9cnica de tu moto. Se trata de un valor que una vez calculado permite aplicar el impuesto de circulaci\u00f3n correspondiente.<\/p>\n","protected":false},"author":41268,"featured_media":124570,"comment_status":"open","ping_status":"closed","sticky":false,"template":"","format":"standard","meta":{"footnotes":""},"categories":[160],"tags":[585,425,346],"class_list":["post-124558","post","type-post","status-publish","format-standard","hentry","category-cultura-motera","tag-conduccion","tag-consejos-de-trafico","tag-seguridad"],"yoast_head":"<!-- This site is optimized with the Yoast SEO plugin v27.3 - https:\/\/yoast.com\/product\/yoast-seo-wordpress\/ -->\n<title>\u00bfQu\u00e9 son los caballos fiscales y por qu\u00e9 son importantes? - Box Repsol<\/title>\n<meta name=\"description\" content=\"Descubre qu\u00e9 son los caballos fiscales, c\u00f3mo se calculan, su relaci\u00f3n con el impuesto de circulaci\u00f3n y por qu\u00e9 son clave al comprar o mantener un veh\u00edculo.\" \/>\n<link rel=\"canonical\" href=\"https:\/\/www.boxrepsol.com\/es\/cultura-motera\/que-son-caballos-fiscales\/\" \/>\n<meta property=\"og:locale\" content=\"es_ES\" \/>\n<meta property=\"og:type\" content=\"article\" \/>\n<meta property=\"og:title\" content=\"\u00bfQu\u00e9 son los caballos fiscales y por qu\u00e9 son importantes? - Box Repsol\" \/>\n<meta property=\"og:description\" content=\"Descubre qu\u00e9 son los caballos fiscales, c\u00f3mo se calculan, su relaci\u00f3n con el impuesto de circulaci\u00f3n y por qu\u00e9 son clave al comprar o mantener un veh\u00edculo.\" \/>\n<meta property=\"og:url\" content=\"https:\/\/www.boxrepsol.com\/es\/cultura-motera\/que-son-caballos-fiscales\/\" \/>\n<meta property=\"og:site_name\" content=\"Box Repsol\" \/>\n<meta property=\"article:publisher\" content=\"https:\/\/www.facebook.com\/BoxRepsol\" \/>\n<meta property=\"article:published_time\" content=\"2025-03-31T10:58:49+00:00\" \/>\n<meta property=\"article:modified_time\" content=\"2025-06-26T09:10:06+00:00\" \/>\n<meta property=\"og:image\" content=\"https:\/\/bxrepsol.s3.eu-west-1.amazonaws.com\/static\/2025\/03\/31080649\/Apertura-caballos-fiscales.jpg\" \/>\n\t<meta property=\"og:image:width\" content=\"1200\" \/>\n\t<meta property=\"og:image:height\" content=\"600\" \/>\n\t<meta property=\"og:image:type\" content=\"image\/jpeg\" \/>\n<meta name=\"author\" content=\"Juan Pedro de la Torre\" \/>\n<meta name=\"twitter:card\" content=\"summary_large_image\" \/>\n<meta name=\"twitter:creator\" content=\"@https:\/\/twitter.com\/JPdelaTorre1965\" \/>\n<meta name=\"twitter:site\" content=\"@box_repsol\" \/>\n<meta name=\"twitter:label1\" content=\"Written by\" \/>\n\t<meta name=\"twitter:data1\" content=\"Juan Pedro de la Torre\" \/>\n\t<meta name=\"twitter:label2\" content=\"Est. reading time\" \/>\n\t<meta name=\"twitter:data2\" content=\"3 minutos\" \/>\n<script type=\"application\/ld+json\" class=\"yoast-schema-graph\">{\"@context\":\"https:\\\/\\\/schema.org\",\"@graph\":[{\"@type\":\"Article\",\"@id\":\"https:\\\/\\\/www.boxrepsol.com\\\/es\\\/cultura-motera\\\/que-son-caballos-fiscales\\\/#article\",\"isPartOf\":{\"@id\":\"https:\\\/\\\/www.boxrepsol.com\\\/es\\\/cultura-motera\\\/que-son-caballos-fiscales\\\/\"},\"author\":{\"name\":\"Juan Pedro de la Torre\",\"@id\":\"https:\\\/\\\/www.boxrepsol.com\\\/es\\\/#\\\/schema\\\/person\\\/26abce1d675df22d63ac9e9d5f23e4aa\"},\"headline\":\"\u00bfQu\u00e9 son los caballos fiscales y por qu\u00e9 son importantes?\",\"datePublished\":\"2025-03-31T10:58:49+00:00\",\"dateModified\":\"2025-06-26T09:10:06+00:00\",\"mainEntityOfPage\":{\"@id\":\"https:\\\/\\\/www.boxrepsol.com\\\/es\\\/cultura-motera\\\/que-son-caballos-fiscales\\\/\"},\"wordCount\":641,\"commentCount\":1,\"publisher\":{\"@id\":\"https:\\\/\\\/www.boxrepsol.com\\\/es\\\/#organization\"},\"image\":{\"@id\":\"https:\\\/\\\/www.boxrepsol.com\\\/es\\\/cultura-motera\\\/que-son-caballos-fiscales\\\/#primaryimage\"},\"thumbnailUrl\":\"https:\\\/\\\/bxrepsol.s3.eu-west-1.amazonaws.com\\\/static\\\/2025\\\/03\\\/31080649\\\/Apertura-caballos-fiscales.jpg\",\"keywords\":[\"conducci\u00f3n\",\"Consejos tr\u00e1fico\",\"Seguridad\"],\"articleSection\":[\"Cultura Motera\"],\"inLanguage\":\"es\",\"potentialAction\":[{\"@type\":\"CommentAction\",\"name\":\"Comment\",\"target\":[\"https:\\\/\\\/www.boxrepsol.com\\\/es\\\/cultura-motera\\\/que-son-caballos-fiscales\\\/#respond\"]}]},{\"@type\":\"WebPage\",\"@id\":\"https:\\\/\\\/www.boxrepsol.com\\\/es\\\/cultura-motera\\\/que-son-caballos-fiscales\\\/\",\"url\":\"https:\\\/\\\/www.boxrepsol.com\\\/es\\\/cultura-motera\\\/que-son-caballos-fiscales\\\/\",\"name\":\"\u00bfQu\u00e9 son los caballos fiscales y por qu\u00e9 son importantes? - Box Repsol\",\"isPartOf\":{\"@id\":\"https:\\\/\\\/www.boxrepsol.com\\\/es\\\/#website\"},\"primaryImageOfPage\":{\"@id\":\"https:\\\/\\\/www.boxrepsol.com\\\/es\\\/cultura-motera\\\/que-son-caballos-fiscales\\\/#primaryimage\"},\"image\":{\"@id\":\"https:\\\/\\\/www.boxrepsol.com\\\/es\\\/cultura-motera\\\/que-son-caballos-fiscales\\\/#primaryimage\"},\"thumbnailUrl\":\"https:\\\/\\\/bxrepsol.s3.eu-west-1.amazonaws.com\\\/static\\\/2025\\\/03\\\/31080649\\\/Apertura-caballos-fiscales.jpg\",\"datePublished\":\"2025-03-31T10:58:49+00:00\",\"dateModified\":\"2025-06-26T09:10:06+00:00\",\"description\":\"Descubre qu\u00e9 son los caballos fiscales, c\u00f3mo se calculan, su relaci\u00f3n con el impuesto de circulaci\u00f3n y por qu\u00e9 son clave al comprar o mantener un veh\u00edculo.\",\"breadcrumb\":{\"@id\":\"https:\\\/\\\/www.boxrepsol.com\\\/es\\\/cultura-motera\\\/que-son-caballos-fiscales\\\/#breadcrumb\"},\"inLanguage\":\"es\",\"potentialAction\":[{\"@type\":\"ReadAction\",\"target\":[\"https:\\\/\\\/www.boxrepsol.com\\\/es\\\/cultura-motera\\\/que-son-caballos-fiscales\\\/\"]}]},{\"@type\":\"ImageObject\",\"inLanguage\":\"es\",\"@id\":\"https:\\\/\\\/www.boxrepsol.com\\\/es\\\/cultura-motera\\\/que-son-caballos-fiscales\\\/#primaryimage\",\"url\":\"https:\\\/\\\/bxrepsol.s3.eu-west-1.amazonaws.com\\\/static\\\/2025\\\/03\\\/31080649\\\/Apertura-caballos-fiscales.jpg\",\"contentUrl\":\"https:\\\/\\\/bxrepsol.s3.eu-west-1.amazonaws.com\\\/static\\\/2025\\\/03\\\/31080649\\\/Apertura-caballos-fiscales.jpg\",\"width\":1200,\"height\":600,\"caption\":\"Conductora en una moto verde por una carretera\"},{\"@type\":\"BreadcrumbList\",\"@id\":\"https:\\\/\\\/www.boxrepsol.com\\\/es\\\/cultura-motera\\\/que-son-caballos-fiscales\\\/#breadcrumb\",\"itemListElement\":[{\"@type\":\"ListItem\",\"position\":1,\"name\":\"Home\",\"item\":\"https:\\\/\\\/www.boxrepsol.com\\\/es\\\/\"},{\"@type\":\"ListItem\",\"position\":2,\"name\":\"\u00bfQu\u00e9 son los caballos fiscales y por qu\u00e9 son importantes?\"}]},{\"@type\":\"WebSite\",\"@id\":\"https:\\\/\\\/www.boxrepsol.com\\\/es\\\/#website\",\"url\":\"https:\\\/\\\/www.boxrepsol.com\\\/es\\\/\",\"name\":\"Box Repsol\",\"description\":\"Box Repsol Site\",\"publisher\":{\"@id\":\"https:\\\/\\\/www.boxrepsol.com\\\/es\\\/#organization\"},\"potentialAction\":[{\"@type\":\"SearchAction\",\"target\":{\"@type\":\"EntryPoint\",\"urlTemplate\":\"https:\\\/\\\/www.boxrepsol.com\\\/es\\\/?s={search_term_string}\"},\"query-input\":{\"@type\":\"PropertyValueSpecification\",\"valueRequired\":true,\"valueName\":\"search_term_string\"}}],\"inLanguage\":\"es\"},{\"@type\":\"Organization\",\"@id\":\"https:\\\/\\\/www.boxrepsol.com\\\/es\\\/#organization\",\"name\":\"Box Repsol\",\"url\":\"https:\\\/\\\/www.boxrepsol.com\\\/es\\\/\",\"logo\":{\"@type\":\"ImageObject\",\"inLanguage\":\"es\",\"@id\":\"https:\\\/\\\/www.boxrepsol.com\\\/es\\\/#\\\/schema\\\/logo\\\/image\\\/\",\"url\":\"https:\\\/\\\/bxrepsol.s3.eu-west-1.amazonaws.com\\\/static\\\/2025\\\/07\\\/30083337\\\/favicon-96x96-1.png\",\"contentUrl\":\"https:\\\/\\\/bxrepsol.s3.eu-west-1.amazonaws.com\\\/static\\\/2025\\\/07\\\/30083337\\\/favicon-96x96-1.png\",\"width\":96,\"height\":96,\"caption\":\"Box Repsol\"},\"image\":{\"@id\":\"https:\\\/\\\/www.boxrepsol.com\\\/es\\\/#\\\/schema\\\/logo\\\/image\\\/\"},\"sameAs\":[\"https:\\\/\\\/www.facebook.com\\\/BoxRepsol\",\"https:\\\/\\\/x.com\\\/box_repsol\",\"http:\\\/\\\/instagram.com\\\/box_repsol\",\"https:\\\/\\\/www.youtube.com\\\/user\\\/RepsolCompeticion\",\"https:\\\/\\\/www.flickr.com\\\/photos\\\/box_repsol\\\/\"]},{\"@type\":\"Person\",\"@id\":\"https:\\\/\\\/www.boxrepsol.com\\\/es\\\/#\\\/schema\\\/person\\\/26abce1d675df22d63ac9e9d5f23e4aa\",\"name\":\"Juan Pedro de la Torre\",\"image\":{\"@type\":\"ImageObject\",\"inLanguage\":\"es\",\"@id\":\"https:\\\/\\\/secure.gravatar.com\\\/avatar\\\/e81f780ee2930d7be330cb34304decf0e9bc66bec0158805a0fe2726f4517224?s=96&d=mm&r=g\",\"url\":\"https:\\\/\\\/secure.gravatar.com\\\/avatar\\\/e81f780ee2930d7be330cb34304decf0e9bc66bec0158805a0fe2726f4517224?s=96&d=mm&r=g\",\"contentUrl\":\"https:\\\/\\\/secure.gravatar.com\\\/avatar\\\/e81f780ee2930d7be330cb34304decf0e9bc66bec0158805a0fe2726f4517224?s=96&d=mm&r=g\",\"caption\":\"Juan Pedro de la Torre\"},\"description\":\"Se inici\u00f3 en el diario Marca en 1988 y posteriormente pas\u00f3 a la revista Motociclismo, donde llegar\u00eda a ser director de deporte. Despu\u00e9s fue editor y director de Motoworld.es y Sport Bikes y colabor\u00f3 con varios medios. Adem\u00e1s, ha publicado una docena de libros y actualmente trabaja como colaborador para Motociclismo, El Confidencial y Box Repsol.\",\"sameAs\":[\"https:\\\/\\\/x.com\\\/https:\\\/\\\/twitter.com\\\/JPdelaTorre1965\",\"https:\\\/\\\/youtube.com\\\/@juanpedrodelatorremotoworld\"],\"url\":\"https:\\\/\\\/www.boxrepsol.com\\\/es\\\/author\\\/juanpedro_delatorre\\\/\"}]}<\/script>\n<!-- \/ Yoast SEO plugin. -->","yoast_head_json":{"title":"\u00bfQu\u00e9 son los caballos fiscales y por qu\u00e9 son importantes? - Box Repsol","description":"Descubre qu\u00e9 son los caballos fiscales, c\u00f3mo se calculan, su relaci\u00f3n con el impuesto de circulaci\u00f3n y por qu\u00e9 son clave al comprar o mantener un veh\u00edculo.","canonical":"https:\/\/www.boxrepsol.com\/es\/cultura-motera\/que-son-caballos-fiscales\/","og_locale":"es_ES","og_type":"article","og_title":"\u00bfQu\u00e9 son los caballos fiscales y por qu\u00e9 son importantes? - Box Repsol","og_description":"Descubre qu\u00e9 son los caballos fiscales, c\u00f3mo se calculan, su relaci\u00f3n con el impuesto de circulaci\u00f3n y por qu\u00e9 son clave al comprar o mantener un veh\u00edculo.","og_url":"https:\/\/www.boxrepsol.com\/es\/cultura-motera\/que-son-caballos-fiscales\/","og_site_name":"Box Repsol","article_publisher":"https:\/\/www.facebook.com\/BoxRepsol","article_published_time":"2025-03-31T10:58:49+00:00","article_modified_time":"2025-06-26T09:10:06+00:00","og_image":[{"width":1200,"height":600,"url":"https:\/\/bxrepsol.s3.eu-west-1.amazonaws.com\/static\/2025\/03\/31080649\/Apertura-caballos-fiscales.jpg","type":"image\/jpeg"}],"author":"Juan Pedro de la Torre","twitter_card":"summary_large_image","twitter_creator":"@https:\/\/twitter.com\/JPdelaTorre1965","twitter_site":"@box_repsol","twitter_misc":{"Written by":"Juan Pedro de la Torre","Est. reading time":"3 minutos"},"schema":{"@context":"https:\/\/schema.org","@graph":[{"@type":"Article","@id":"https:\/\/www.boxrepsol.com\/es\/cultura-motera\/que-son-caballos-fiscales\/#article","isPartOf":{"@id":"https:\/\/www.boxrepsol.com\/es\/cultura-motera\/que-son-caballos-fiscales\/"},"author":{"name":"Juan Pedro de la Torre","@id":"https:\/\/www.boxrepsol.com\/es\/#\/schema\/person\/26abce1d675df22d63ac9e9d5f23e4aa"},"headline":"\u00bfQu\u00e9 son los caballos fiscales y por qu\u00e9 son importantes?","datePublished":"2025-03-31T10:58:49+00:00","dateModified":"2025-06-26T09:10:06+00:00","mainEntityOfPage":{"@id":"https:\/\/www.boxrepsol.com\/es\/cultura-motera\/que-son-caballos-fiscales\/"},"wordCount":641,"commentCount":1,"publisher":{"@id":"https:\/\/www.boxrepsol.com\/es\/#organization"},"image":{"@id":"https:\/\/www.boxrepsol.com\/es\/cultura-motera\/que-son-caballos-fiscales\/#primaryimage"},"thumbnailUrl":"https:\/\/bxrepsol.s3.eu-west-1.amazonaws.com\/static\/2025\/03\/31080649\/Apertura-caballos-fiscales.jpg","keywords":["conducci\u00f3n","Consejos tr\u00e1fico","Seguridad"],"articleSection":["Cultura Motera"],"inLanguage":"es","potentialAction":[{"@type":"CommentAction","name":"Comment","target":["https:\/\/www.boxrepsol.com\/es\/cultura-motera\/que-son-caballos-fiscales\/#respond"]}]},{"@type":"WebPage","@id":"https:\/\/www.boxrepsol.com\/es\/cultura-motera\/que-son-caballos-fiscales\/","url":"https:\/\/www.boxrepsol.com\/es\/cultura-motera\/que-son-caballos-fiscales\/","name":"\u00bfQu\u00e9 son los caballos fiscales y por qu\u00e9 son importantes? - Box Repsol","isPartOf":{"@id":"https:\/\/www.boxrepsol.com\/es\/#website"},"primaryImageOfPage":{"@id":"https:\/\/www.boxrepsol.com\/es\/cultura-motera\/que-son-caballos-fiscales\/#primaryimage"},"image":{"@id":"https:\/\/www.boxrepsol.com\/es\/cultura-motera\/que-son-caballos-fiscales\/#primaryimage"},"thumbnailUrl":"https:\/\/bxrepsol.s3.eu-west-1.amazonaws.com\/static\/2025\/03\/31080649\/Apertura-caballos-fiscales.jpg","datePublished":"2025-03-31T10:58:49+00:00","dateModified":"2025-06-26T09:10:06+00:00","description":"Descubre qu\u00e9 son los caballos fiscales, c\u00f3mo se calculan, su relaci\u00f3n con el impuesto de circulaci\u00f3n y por qu\u00e9 son clave al comprar o mantener un veh\u00edculo.","breadcrumb":{"@id":"https:\/\/www.boxrepsol.com\/es\/cultura-motera\/que-son-caballos-fiscales\/#breadcrumb"},"inLanguage":"es","potentialAction":[{"@type":"ReadAction","target":["https:\/\/www.boxrepsol.com\/es\/cultura-motera\/que-son-caballos-fiscales\/"]}]},{"@type":"ImageObject","inLanguage":"es","@id":"https:\/\/www.boxrepsol.com\/es\/cultura-motera\/que-son-caballos-fiscales\/#primaryimage","url":"https:\/\/bxrepsol.s3.eu-west-1.amazonaws.com\/static\/2025\/03\/31080649\/Apertura-caballos-fiscales.jpg","contentUrl":"https:\/\/bxrepsol.s3.eu-west-1.amazonaws.com\/static\/2025\/03\/31080649\/Apertura-caballos-fiscales.jpg","width":1200,"height":600,"caption":"Conductora en una moto verde por una carretera"},{"@type":"BreadcrumbList","@id":"https:\/\/www.boxrepsol.com\/es\/cultura-motera\/que-son-caballos-fiscales\/#breadcrumb","itemListElement":[{"@type":"ListItem","position":1,"name":"Home","item":"https:\/\/www.boxrepsol.com\/es\/"},{"@type":"ListItem","position":2,"name":"\u00bfQu\u00e9 son los caballos fiscales y por qu\u00e9 son importantes?"}]},{"@type":"WebSite","@id":"https:\/\/www.boxrepsol.com\/es\/#website","url":"https:\/\/www.boxrepsol.com\/es\/","name":"Box Repsol","description":"Box Repsol Site","publisher":{"@id":"https:\/\/www.boxrepsol.com\/es\/#organization"},"potentialAction":[{"@type":"SearchAction","target":{"@type":"EntryPoint","urlTemplate":"https:\/\/www.boxrepsol.com\/es\/?s={search_term_string}"},"query-input":{"@type":"PropertyValueSpecification","valueRequired":true,"valueName":"search_term_string"}}],"inLanguage":"es"},{"@type":"Organization","@id":"https:\/\/www.boxrepsol.com\/es\/#organization","name":"Box Repsol","url":"https:\/\/www.boxrepsol.com\/es\/","logo":{"@type":"ImageObject","inLanguage":"es","@id":"https:\/\/www.boxrepsol.com\/es\/#\/schema\/logo\/image\/","url":"https:\/\/bxrepsol.s3.eu-west-1.amazonaws.com\/static\/2025\/07\/30083337\/favicon-96x96-1.png","contentUrl":"https:\/\/bxrepsol.s3.eu-west-1.amazonaws.com\/static\/2025\/07\/30083337\/favicon-96x96-1.png","width":96,"height":96,"caption":"Box Repsol"},"image":{"@id":"https:\/\/www.boxrepsol.com\/es\/#\/schema\/logo\/image\/"},"sameAs":["https:\/\/www.facebook.com\/BoxRepsol","https:\/\/x.com\/box_repsol","http:\/\/instagram.com\/box_repsol","https:\/\/www.youtube.com\/user\/RepsolCompeticion","https:\/\/www.flickr.com\/photos\/box_repsol\/"]},{"@type":"Person","@id":"https:\/\/www.boxrepsol.com\/es\/#\/schema\/person\/26abce1d675df22d63ac9e9d5f23e4aa","name":"Juan Pedro de la Torre","image":{"@type":"ImageObject","inLanguage":"es","@id":"https:\/\/secure.gravatar.com\/avatar\/e81f780ee2930d7be330cb34304decf0e9bc66bec0158805a0fe2726f4517224?s=96&d=mm&r=g","url":"https:\/\/secure.gravatar.com\/avatar\/e81f780ee2930d7be330cb34304decf0e9bc66bec0158805a0fe2726f4517224?s=96&d=mm&r=g","contentUrl":"https:\/\/secure.gravatar.com\/avatar\/e81f780ee2930d7be330cb34304decf0e9bc66bec0158805a0fe2726f4517224?s=96&d=mm&r=g","caption":"Juan Pedro de la Torre"},"description":"Se inici\u00f3 en el diario Marca en 1988 y posteriormente pas\u00f3 a la revista Motociclismo, donde llegar\u00eda a ser director de deporte. Despu\u00e9s fue editor y director de Motoworld.es y Sport Bikes y colabor\u00f3 con varios medios. Adem\u00e1s, ha publicado una docena de libros y actualmente trabaja como colaborador para Motociclismo, El Confidencial y Box Repsol.","sameAs":["https:\/\/x.com\/https:\/\/twitter.com\/JPdelaTorre1965","https:\/\/youtube.com\/@juanpedrodelatorremotoworld"],"url":"https:\/\/www.boxrepsol.com\/es\/author\/juanpedro_delatorre\/"}]}},"_links":{"self":[{"href":"https:\/\/www.boxrepsol.com\/es\/wp-json\/wp\/v2\/posts\/124558","targetHints":{"allow":["GET"]}}],"collection":[{"href":"https:\/\/www.boxrepsol.com\/es\/wp-json\/wp\/v2\/posts"}],"about":[{"href":"https:\/\/www.boxrepsol.com\/es\/wp-json\/wp\/v2\/types\/post"}],"author":[{"embeddable":true,"href":"https:\/\/www.boxrepsol.com\/es\/wp-json\/wp\/v2\/users\/41268"}],"replies":[{"embeddable":true,"href":"https:\/\/www.boxrepsol.com\/es\/wp-json\/wp\/v2\/comments?post=124558"}],"version-history":[{"count":2,"href":"https:\/\/www.boxrepsol.com\/es\/wp-json\/wp\/v2\/posts\/124558\/revisions"}],"predecessor-version":[{"id":124574,"href":"https:\/\/www.boxrepsol.com\/es\/wp-json\/wp\/v2\/posts\/124558\/revisions\/124574"}],"wp:featuredmedia":[{"embeddable":true,"href":"https:\/\/www.boxrepsol.com\/es\/wp-json\/wp\/v2\/media\/124570"}],"wp:attachment":[{"href":"https:\/\/www.boxrepsol.com\/es\/wp-json\/wp\/v2\/media?parent=124558"}],"wp:term":[{"taxonomy":"category","embeddable":true,"href":"https:\/\/www.boxrepsol.com\/es\/wp-json\/wp\/v2\/categories?post=124558"},{"taxonomy":"post_tag","embeddable":true,"href":"https:\/\/www.boxrepsol.com\/es\/wp-json\/wp\/v2\/tags?post=124558"}],"curies":[{"name":"wp","href":"https:\/\/api.w.org\/{rel}","templated":true}]}}