{"id":124442,"date":"2025-03-22T21:32:26","date_gmt":"2025-03-22T23:32:26","guid":{"rendered":"https:\/\/www.boxrepsol.com\/?p=124442"},"modified":"2025-07-24T06:32:19","modified_gmt":"2025-07-24T08:32:19","slug":"resumen-y-resultados-del-x-trial-de-cahors-2025","status":"publish","type":"post","link":"https:\/\/www.boxrepsol.com\/es\/trial\/resumen-y-resultados-del-x-trial-de-cahors-2025\/","title":{"rendered":"Resultados y resumen del X-Trial de Cahors  2025"},"content":{"rendered":"<figure class=\"wp-block-post-featured-image\"><img loading=\"lazy\" decoding=\"async\" width=\"1200\" height=\"600\" src=\"https:\/\/bxrepsol.s3.eu-west-1.amazonaws.com\/static\/2025\/03\/22213119\/Sin-titulo-1df.png\" class=\"attachment-post-thumbnail size-post-thumbnail wp-post-image\" alt=\"\" style=\"object-fit:cover;\" srcset=\"https:\/\/bxrepsol.s3.eu-west-1.amazonaws.com\/static\/2025\/03\/22213119\/Sin-titulo-1df.png 1200w, https:\/\/bxrepsol.s3.eu-west-1.amazonaws.com\/static\/2025\/03\/22213119\/Sin-titulo-1df-300x150.png 300w, https:\/\/bxrepsol.s3.eu-west-1.amazonaws.com\/static\/2025\/03\/22213119\/Sin-titulo-1df-1024x512.png 1024w, https:\/\/bxrepsol.s3.eu-west-1.amazonaws.com\/static\/2025\/03\/22213119\/Sin-titulo-1df-768x384.png 768w\" sizes=\"auto, (max-width: 1200px) 100vw, 1200px\" \/><\/figure>\n\n\n<p>El X-Trial de Cahors 2025 ha llegado a su fin y, haciendo valer su ventaja en la general, Toni Bou ha vuelto a demostrar por qu\u00e9 es uno de los pilotos m\u00e1s grandes de la historia del motociclismo, logrando su t\u00edtulo n\u00famero 37. Tras liderar la Q1 y lograr la pole, en la final el piloto del equipo Repsol Honda HRC se ha tenido que conformar con el segundo lugar.<\/p>\n\n\n\n<p>Jaime Busto ha sido el ganador del evento, llev\u00e1ndose la victoria en Cahors en un podio que ha completado Gabriel Marcelli.<\/p>\n\n\n\n<p>La pr\u00f3xima prueba del campeonato tendr\u00e1 lugar el 26 de abril en Estonia, donde se disputar\u00e1 el X-Trial de Tall\u00edn.<\/p>\n\n\n\n<p><\/p>\n\n\n\n<div id=\"ez-toc-container\" class=\"ez-toc-v2_0_82_2 counter-hierarchy ez-toc-counter ez-toc-grey ez-toc-container-direction\">\n<div class=\"ez-toc-title-container\">\n<p class=\"ez-toc-title\" style=\"cursor:inherit\">\u00cdndice<\/p>\n<span class=\"ez-toc-title-toggle\"><a href=\"#\" class=\"ez-toc-pull-right ez-toc-btn ez-toc-btn-xs ez-toc-btn-default ez-toc-toggle\" aria-label=\"Toggle Table of Content\"><span class=\"ez-toc-js-icon-con\"><span class=\"\"><span class=\"eztoc-hide\" style=\"display:none;\">Toggle<\/span><span class=\"ez-toc-icon-toggle-span\"><svg style=\"fill: #999;color:#999\" xmlns=\"http:\/\/www.w3.org\/2000\/svg\" class=\"list-377408\" width=\"20px\" height=\"20px\" viewBox=\"0 0 24 24\" fill=\"none\"><path d=\"M6 6H4v2h2V6zm14 0H8v2h12V6zM4 11h2v2H4v-2zm16 0H8v2h12v-2zM4 16h2v2H4v-2zm16 0H8v2h12v-2z\" fill=\"currentColor\"><\/path><\/svg><svg style=\"fill: #999;color:#999\" class=\"arrow-unsorted-368013\" xmlns=\"http:\/\/www.w3.org\/2000\/svg\" width=\"10px\" height=\"10px\" viewBox=\"0 0 24 24\" version=\"1.2\" baseProfile=\"tiny\"><path d=\"M18.2 9.3l-6.2-6.3-6.2 6.3c-.2.2-.3.4-.3.7s.1.5.3.7c.2.2.4.3.7.3h11c.3 0 .5-.1.7-.3.2-.2.3-.5.3-.7s-.1-.5-.3-.7zM5.8 14.7l6.2 6.3 6.2-6.3c.2-.2.3-.5.3-.7s-.1-.5-.3-.7c-.2-.2-.4-.3-.7-.3h-11c-.3 0-.5.1-.7.3-.2.2-.3.5-.3.7s.1.5.3.7z\"\/><\/svg><\/span><\/span><\/span><\/a><\/span><\/div>\n<nav><ul class='ez-toc-list ez-toc-list-level-1 ' ><li class='ez-toc-page-1 ez-toc-heading-level-2'><a class=\"ez-toc-link ez-toc-heading-1\" href=\"https:\/\/www.boxrepsol.com\/es\/trial\/resumen-y-resultados-del-x-trial-de-cahors-2025\/#El_Repsol_Honda_sigue_haciendo_historia\" >El Repsol Honda sigue haciendo historia<\/a><\/li><li class='ez-toc-page-1 ez-toc-heading-level-2'><a class=\"ez-toc-link ez-toc-heading-2\" href=\"https:\/\/www.boxrepsol.com\/es\/trial\/resumen-y-resultados-del-x-trial-de-cahors-2025\/#Clasificacion_X-Trial_Cahors\" >Clasificaci\u00f3n X-Trial Cahors<\/a><\/li><li class='ez-toc-page-1 ez-toc-heading-level-2'><a class=\"ez-toc-link ez-toc-heading-3\" href=\"https:\/\/www.boxrepsol.com\/es\/trial\/resumen-y-resultados-del-x-trial-de-cahors-2025\/#Clasificacion_General_X-Trial\" >Clasificaci\u00f3n General X-Trial<\/a><\/li><li class='ez-toc-page-1 ez-toc-heading-level-2'><a class=\"ez-toc-link ez-toc-heading-4\" href=\"https:\/\/www.boxrepsol.com\/es\/trial\/resumen-y-resultados-del-x-trial-de-cahors-2025\/#DECLARACIONES\" >DECLARACIONES<\/a><\/li><\/ul><\/nav><\/div>\n<h2 class=\"wp-block-heading\"><span class=\"ez-toc-section\" id=\"El_Repsol_Honda_sigue_haciendo_historia\"><\/span><strong>El Repsol Honda sigue haciendo historia<\/strong><span class=\"ez-toc-section-end\"><\/span><\/h2>\n\n\n\n<p class=\"has-black-color has-text-color has-link-color wp-elements-358f88aba821fa5025de349e799efd46\">La carrera del X-Trial de Cahors, ha empezado con un hito importante en la temporada, ya que Toni Bou, con su actuaci\u00f3n en la ronda clasificatoria, se ha asegurado matem\u00e1ticamente el t\u00edtulo de campe\u00f3n del X-Trial 2025. Con un desempe\u00f1o casi perfecto, Bou termin\u00f3 la Q1 en la primera posici\u00f3n, lo que le ha otorgado el n\u00famero de puntos suficientes para sellar su victoria en el campeonato, independientemente del resultado de la final. Busto se ha mostrado fuerte, finalizando en segunda posici\u00f3n, y asegurando su lugar en la final. Marcelli, por su parte, aunque no ha estado tan cerca de Bou, ha logrado un desempe\u00f1o s\u00f3lido, terminando en tercera posici\u00f3n.<\/p>\n\n\n\n<p>En cuanto a la final, Bou, que ya se hab\u00eda asegurado el t\u00edtulo de campe\u00f3n del mundo, part\u00eda como gran favorito para llevarse la victoria en Cahors. Sin embargo, un error en la \u00faltima zona le ha relegado a la segunda posici\u00f3n final.<\/p>\n\n\n\n<p>En una jornada cargada de emoci\u00f3n, Gabriel Marcelli tambi\u00e9n ha brillado con fuerza, asegur\u00e1ndose el pase a la final y el tercer puesto del podio.<\/p>\n\n\n\n<p class=\"has-black-color has-text-color has-link-color wp-elements-9ac00cf961d1ea846fe5a532228b76c6\"><\/p>\n\n\n\n<h2 class=\"wp-block-heading\"><span class=\"ez-toc-section\" id=\"Clasificacion_X-Trial_Cahors\"><\/span><strong>Clasificaci\u00f3n X-Trial Cahors <\/strong><span class=\"ez-toc-section-end\"><\/span><\/h2>\n\n\n\n<figure class=\"wp-block-table is-style-stripes\"><table><tbody><tr><td><strong>PILOTO<\/strong><\/td><td><strong>EQUIPO<\/strong><\/td><td><strong>PUNTOS<\/strong><\/td><\/tr><tr><td>1. Jaime Busto<\/td><td>GASGAS<\/td><td>20<\/td><\/tr><tr><td><strong>2.<\/strong> <strong>Toni Bou<\/strong><\/td><td><strong>REPSOL HONDA<\/strong><\/td><td><strong>15<\/strong><\/td><\/tr><tr><td><strong>3. Gabriel Marcelli<\/strong><\/td><td><strong>REPSOL HONDA<\/strong><\/td><td><strong>12<\/strong><\/td><\/tr><tr><td>4. Arnau Farr\u00e9<\/td><td>Sherco<\/td><td>9<\/td><\/tr><tr><td>5. Beno\u00eet Bincaz<\/td><td>SHERCO<\/td><td>6<\/td><\/tr><tr><td>6. Jack Peace<\/td><td>SHERCO<\/td><td>4<\/td><\/tr><tr><td>7. Sondre Haga<\/td><td>GASGAS<\/td><td>2<\/td><\/tr><tr><td>8. Hugo Dufrese<\/td><td>Beta<\/td><td>1<\/td><\/tr><\/tbody><\/table><\/figure>\n\n\n\n<p><\/p>\n\n\n\n<h2 class=\"wp-block-heading\"><span class=\"ez-toc-section\" id=\"Clasificacion_General_X-Trial\"><\/span><strong>Clasificaci\u00f3n General X-Trial<\/strong><span class=\"ez-toc-section-end\"><\/span><\/h2>\n\n\n\n<figure class=\"wp-block-table is-style-stripes\"><table><tbody><tr><td><strong>PILOTO<\/strong><\/td><td><strong>EQUIPO<\/strong><\/td><td><strong>PUNTOS<\/strong><\/td><\/tr><tr><td><strong>1. Toni Bou<\/strong><\/td><td><strong>REPSOL HONDA<\/strong><\/td><td>130<\/td><\/tr><tr><td>2. Jaime Busto<\/td><td>GASGAS<\/td><td>99<\/td><\/tr><tr><td><strong>3. Gabriel Marcelli<\/strong><\/td><td><strong>REPSOL HONDA<\/strong><\/td><td>75<\/td><\/tr><tr><td>4. Adam Raga<\/td><td>SHERCO<\/td><td>48<\/td><\/tr><tr><td>5. Beno\u00eet Bincaz<\/td><td>SHERCO<\/td><td>45<\/td><\/tr><tr><td>6. Matteo Grattarola<\/td><td>BETA<\/td><td>23<\/td><\/tr><tr><td>7. Alex Canales<\/td><td>MONTESA<\/td><td>13<\/td><\/tr><tr><td>8. Jack Peace<\/td><td>SHERCO<\/td><td>12<\/td><\/tr><tr><td>9. Arnau Farr\u00e9<\/td><td>SHERCO<\/td><td>9<\/td><\/tr><tr><td>10. Sondre Haga<\/td><td>GASGAS<\/td><td>8<\/td><\/tr><tr><td>11. Aniol Gelabert<\/td><td>TRRS<\/td><td>6<\/td><\/tr><tr><td>12. Hugo Dufrese<\/td><td>BETA<\/td><td>5<\/td><\/tr><tr><td>13. Lorenzo Gandola<\/td><td>BETA<\/td><td>4<\/td><\/tr><tr><td>14. Harry Hemingway<\/td><td>BETA<\/td><td>2<\/td><\/tr><tr><td>15. Marco Memp\u00f6r<\/td><td>TRRS<\/td><td>1<\/td><\/tr><tr><td>16. Mats Nilsen<\/td><td>TRRS<\/td><td>1<\/td><\/tr><tr><td>17. Billy Green<\/td><td>Scorpa<\/td><td>1<\/td><\/tr><tr><td>18. Miquel Gelabert<\/td><td>Montesa<\/td><td>1<\/td><\/tr><\/tbody><\/table><\/figure>\n\n\n\n<div id=\"bf0464ee-b8ea-4378-ac1f-32bc52d06805\" class=\"br-slider-box\"><div class=\"wp-block-create-block-repsol-carousel br-slider\"><a target=\"_blank\" href=\"https:\/\/bxrepsol.s3.eu-west-1.amazonaws.com\/static\/2025\/03\/22220546\/Sin-titulo-1-2.png\" data-index=\"0\" rel=\"noopener\"><img decoding=\"async\" src=\"https:\/\/bxrepsol.s3.eu-west-1.amazonaws.com\/static\/2025\/03\/22220546\/Sin-titulo-1-2.png\"\/><\/a><a target=\"_blank\" href=\"https:\/\/bxrepsol.s3.eu-west-1.amazonaws.com\/static\/2025\/03\/22220159\/5666666666666666666666.png\" data-index=\"1\" rel=\"noopener\"><img decoding=\"async\" src=\"https:\/\/bxrepsol.s3.eu-west-1.amazonaws.com\/static\/2025\/03\/22220159\/5666666666666666666666.png\"\/><\/a><a target=\"_blank\" href=\"https:\/\/bxrepsol.s3.eu-west-1.amazonaws.com\/static\/2025\/03\/22220034\/22.png\" data-index=\"2\" rel=\"noopener\"><img decoding=\"async\" src=\"https:\/\/bxrepsol.s3.eu-west-1.amazonaws.com\/static\/2025\/03\/22220034\/22.png\"\/><\/a><a target=\"_blank\" href=\"https:\/\/bxrepsol.s3.eu-west-1.amazonaws.com\/static\/2025\/03\/22220030\/23333.png\" data-index=\"3\" rel=\"noopener\"><img decoding=\"async\" src=\"https:\/\/bxrepsol.s3.eu-west-1.amazonaws.com\/static\/2025\/03\/22220030\/23333.png\"\/><\/a><\/div><div class=\"br-slider-buttons\"><button class=\"arrow rds-icon arrow--left rds-icon-Arrow_left\"><\/button><button class=\"arrow rds-icon arrow--right rds-icon-Arrow_right\"><\/button><\/div><\/div>\n\n\n\n<h2 class=\"wp-block-heading\"><span class=\"ez-toc-section\" id=\"DECLARACIONES\"><\/span><strong>DECLARACIONES<\/strong><span class=\"ez-toc-section-end\"><\/span><\/h2>\n\n\n\n<p class=\"has-medium-font-size\"><strong>#1 TONI BOU<\/strong><\/p>\n\n\n\n<p class=\"has-black-color has-text-color has-link-color wp-elements-3be3ebca0539cb0558e9f3a7d721eb27\">\u00abEstoy muy contento. Est\u00e1 claro que el objetivo era el t\u00edtulo desde el inicio. El campeonato no comenz\u00f3 como quer\u00edamos en Madrid, pero hemos sabido reconducirlo. Somos un equipo muy s\u00f3lido, que no cometemos errores y que pasamos a todas las finales. Hemos conseguido muchas victorias y he pilotado muy bien, as\u00ed que s\u00faper contento con la temporada y el nuevo t\u00edtulo. Es algo muy especial, ya que nunca sabes si va a ser el \u00faltimo. He tenido la gran suerte de ganar muchos m\u00e1s de los que yo me pod\u00eda imaginar, as\u00ed que hay que disfrutarlo\u00bb.<\/p>\n\n\n\n<p class=\"has-medium-font-size\"><strong>#38 GABRIEL MARCELLI<\/strong><\/p>\n\n\n\n<p class=\"has-black-color has-text-color has-link-color wp-elements-b7c102539f16d8c5206a8caf03fb597e\">\u00abEl d\u00eda de hoy no ha ido mal, al final me llevo una tercera posici\u00f3n que est\u00e1 bien y subirse al podium siempre es algo positivo. La moto se sent\u00eda muy bien y las sensaciones han sido muy buenas, simplemente no he podido demostrar el nivel que tengo. A\u00fan queda una cita m\u00e1s del Mundial de X-Trial as\u00ed que buscaremos esa primera victoria mundialista\u00bb.<\/p>\n","protected":false},"excerpt":{"rendered":"<p>La s\u00e9ptima prueba del Mundial de X-Trial 2025 ha concluido con Toni Bou coron\u00e1ndose nuevamente Campe\u00f3n del Mundo al ser segundo en Francia, mientras que Jaime Busto se ha lleva la victoria y Gabriel Marcelli ha ocupado el tercer lugar en el podio.<\/p>\n","protected":false},"author":43146,"featured_media":124457,"comment_status":"open","ping_status":"closed","sticky":false,"template":"","format":"standard","meta":{"footnotes":""},"categories":[23],"tags":[203,356,21,540,557],"class_list":["post-124442","post","type-post","status-publish","format-standard","hentry","category-trial","tag-gabri-marcelli","tag-resultados","tag-toni-bou","tag-x-trial-2025","tag-x-trial-cahors"],"yoast_head":"<!-- This site is optimized with the Yoast SEO plugin v27.3 - https:\/\/yoast.com\/product\/yoast-seo-wordpress\/ -->\n<title>Resultados y resumen del X-Trial de Cahors 2025 - Box Repsol<\/title>\n<meta name=\"description\" content=\"Consulta aqu\u00ed los resultados y el resumen de la carrera del X-Trial de Cahors 2025.\" \/>\n<link rel=\"canonical\" href=\"https:\/\/www.boxrepsol.com\/es\/trial\/resumen-y-resultados-del-x-trial-de-cahors-2025\/\" \/>\n<meta property=\"og:locale\" content=\"es_ES\" \/>\n<meta property=\"og:type\" content=\"article\" \/>\n<meta property=\"og:title\" content=\"Resultados y resumen del X-Trial de Cahors 2025 - Box Repsol\" \/>\n<meta property=\"og:description\" content=\"Consulta aqu\u00ed los resultados y el resumen de la carrera del X-Trial de Cahors 2025.\" \/>\n<meta property=\"og:url\" content=\"https:\/\/www.boxrepsol.com\/es\/trial\/resumen-y-resultados-del-x-trial-de-cahors-2025\/\" \/>\n<meta property=\"og:site_name\" content=\"Box Repsol\" \/>\n<meta property=\"article:publisher\" content=\"https:\/\/www.facebook.com\/BoxRepsol\" \/>\n<meta property=\"article:author\" content=\"https:\/\/www.facebook.com\/BoxRepsol\/\" \/>\n<meta property=\"article:published_time\" content=\"2025-03-22T23:32:26+00:00\" \/>\n<meta property=\"article:modified_time\" content=\"2025-07-24T08:32:19+00:00\" \/>\n<meta property=\"og:image\" content=\"https:\/\/bxrepsol.s3.eu-west-1.amazonaws.com\/static\/2025\/03\/22213119\/Sin-titulo-1df.png\" \/>\n\t<meta property=\"og:image:width\" content=\"1200\" \/>\n\t<meta property=\"og:image:height\" content=\"600\" \/>\n\t<meta property=\"og:image:type\" content=\"image\/png\" \/>\n<meta name=\"author\" content=\"Redacci\u00f3n Box Repsol\" \/>\n<meta name=\"twitter:card\" content=\"summary_large_image\" \/>\n<meta name=\"twitter:creator\" content=\"@https:\/\/twitter.com\/box_repsol\" \/>\n<meta name=\"twitter:site\" content=\"@box_repsol\" \/>\n<meta name=\"twitter:label1\" content=\"Written by\" \/>\n\t<meta name=\"twitter:data1\" content=\"Redacci\u00f3n Box Repsol\" \/>\n\t<meta name=\"twitter:label2\" content=\"Est. reading time\" \/>\n\t<meta name=\"twitter:data2\" content=\"3 minutos\" \/>\n<script type=\"application\/ld+json\" class=\"yoast-schema-graph\">{\"@context\":\"https:\\\/\\\/schema.org\",\"@graph\":[{\"@type\":\"Article\",\"@id\":\"https:\\\/\\\/www.boxrepsol.com\\\/es\\\/trial\\\/resumen-y-resultados-del-x-trial-de-cahors-2025\\\/#article\",\"isPartOf\":{\"@id\":\"https:\\\/\\\/www.boxrepsol.com\\\/es\\\/trial\\\/resumen-y-resultados-del-x-trial-de-cahors-2025\\\/\"},\"author\":{\"name\":\"Redacci\u00f3n Box Repsol\",\"@id\":\"https:\\\/\\\/www.boxrepsol.com\\\/es\\\/#\\\/schema\\\/person\\\/c5c2138f2cca251b0ad92b7086bb60b7\"},\"headline\":\"Resultados y resumen del X-Trial de Cahors 2025\",\"datePublished\":\"2025-03-22T23:32:26+00:00\",\"dateModified\":\"2025-07-24T08:32:19+00:00\",\"mainEntityOfPage\":{\"@id\":\"https:\\\/\\\/www.boxrepsol.com\\\/es\\\/trial\\\/resumen-y-resultados-del-x-trial-de-cahors-2025\\\/\"},\"wordCount\":600,\"commentCount\":0,\"publisher\":{\"@id\":\"https:\\\/\\\/www.boxrepsol.com\\\/es\\\/#organization\"},\"image\":{\"@id\":\"https:\\\/\\\/www.boxrepsol.com\\\/es\\\/trial\\\/resumen-y-resultados-del-x-trial-de-cahors-2025\\\/#primaryimage\"},\"thumbnailUrl\":\"https:\\\/\\\/bxrepsol.s3.eu-west-1.amazonaws.com\\\/static\\\/2025\\\/03\\\/22213119\\\/Sin-titulo-1df.png\",\"keywords\":[\"Gabri Marcelli\",\"Resultados\",\"Toni Bou\",\"X-Trial 2025\",\"X-Trial Cahors\"],\"articleSection\":[\"Trial\"],\"inLanguage\":\"es\",\"potentialAction\":[{\"@type\":\"CommentAction\",\"name\":\"Comment\",\"target\":[\"https:\\\/\\\/www.boxrepsol.com\\\/es\\\/trial\\\/resumen-y-resultados-del-x-trial-de-cahors-2025\\\/#respond\"]}]},{\"@type\":\"WebPage\",\"@id\":\"https:\\\/\\\/www.boxrepsol.com\\\/es\\\/trial\\\/resumen-y-resultados-del-x-trial-de-cahors-2025\\\/\",\"url\":\"https:\\\/\\\/www.boxrepsol.com\\\/es\\\/trial\\\/resumen-y-resultados-del-x-trial-de-cahors-2025\\\/\",\"name\":\"Resultados y resumen del X-Trial de Cahors 2025 - Box Repsol\",\"isPartOf\":{\"@id\":\"https:\\\/\\\/www.boxrepsol.com\\\/es\\\/#website\"},\"primaryImageOfPage\":{\"@id\":\"https:\\\/\\\/www.boxrepsol.com\\\/es\\\/trial\\\/resumen-y-resultados-del-x-trial-de-cahors-2025\\\/#primaryimage\"},\"image\":{\"@id\":\"https:\\\/\\\/www.boxrepsol.com\\\/es\\\/trial\\\/resumen-y-resultados-del-x-trial-de-cahors-2025\\\/#primaryimage\"},\"thumbnailUrl\":\"https:\\\/\\\/bxrepsol.s3.eu-west-1.amazonaws.com\\\/static\\\/2025\\\/03\\\/22213119\\\/Sin-titulo-1df.png\",\"datePublished\":\"2025-03-22T23:32:26+00:00\",\"dateModified\":\"2025-07-24T08:32:19+00:00\",\"description\":\"Consulta aqu\u00ed los resultados y el resumen de la carrera del X-Trial de Cahors 2025.\",\"breadcrumb\":{\"@id\":\"https:\\\/\\\/www.boxrepsol.com\\\/es\\\/trial\\\/resumen-y-resultados-del-x-trial-de-cahors-2025\\\/#breadcrumb\"},\"inLanguage\":\"es\",\"potentialAction\":[{\"@type\":\"ReadAction\",\"target\":[\"https:\\\/\\\/www.boxrepsol.com\\\/es\\\/trial\\\/resumen-y-resultados-del-x-trial-de-cahors-2025\\\/\"]}]},{\"@type\":\"ImageObject\",\"inLanguage\":\"es\",\"@id\":\"https:\\\/\\\/www.boxrepsol.com\\\/es\\\/trial\\\/resumen-y-resultados-del-x-trial-de-cahors-2025\\\/#primaryimage\",\"url\":\"https:\\\/\\\/bxrepsol.s3.eu-west-1.amazonaws.com\\\/static\\\/2025\\\/03\\\/22213119\\\/Sin-titulo-1df.png\",\"contentUrl\":\"https:\\\/\\\/bxrepsol.s3.eu-west-1.amazonaws.com\\\/static\\\/2025\\\/03\\\/22213119\\\/Sin-titulo-1df.png\",\"width\":1200,\"height\":600},{\"@type\":\"BreadcrumbList\",\"@id\":\"https:\\\/\\\/www.boxrepsol.com\\\/es\\\/trial\\\/resumen-y-resultados-del-x-trial-de-cahors-2025\\\/#breadcrumb\",\"itemListElement\":[{\"@type\":\"ListItem\",\"position\":1,\"name\":\"Home\",\"item\":\"https:\\\/\\\/www.boxrepsol.com\\\/es\\\/\"},{\"@type\":\"ListItem\",\"position\":2,\"name\":\"Resultados y resumen del X-Trial de Cahors 2025\"}]},{\"@type\":\"WebSite\",\"@id\":\"https:\\\/\\\/www.boxrepsol.com\\\/es\\\/#website\",\"url\":\"https:\\\/\\\/www.boxrepsol.com\\\/es\\\/\",\"name\":\"Box Repsol\",\"description\":\"Box Repsol Site\",\"publisher\":{\"@id\":\"https:\\\/\\\/www.boxrepsol.com\\\/es\\\/#organization\"},\"potentialAction\":[{\"@type\":\"SearchAction\",\"target\":{\"@type\":\"EntryPoint\",\"urlTemplate\":\"https:\\\/\\\/www.boxrepsol.com\\\/es\\\/?s={search_term_string}\"},\"query-input\":{\"@type\":\"PropertyValueSpecification\",\"valueRequired\":true,\"valueName\":\"search_term_string\"}}],\"inLanguage\":\"es\"},{\"@type\":\"Organization\",\"@id\":\"https:\\\/\\\/www.boxrepsol.com\\\/es\\\/#organization\",\"name\":\"Box Repsol\",\"url\":\"https:\\\/\\\/www.boxrepsol.com\\\/es\\\/\",\"logo\":{\"@type\":\"ImageObject\",\"inLanguage\":\"es\",\"@id\":\"https:\\\/\\\/www.boxrepsol.com\\\/es\\\/#\\\/schema\\\/logo\\\/image\\\/\",\"url\":\"https:\\\/\\\/bxrepsol.s3.eu-west-1.amazonaws.com\\\/static\\\/2025\\\/07\\\/30083337\\\/favicon-96x96-1.png\",\"contentUrl\":\"https:\\\/\\\/bxrepsol.s3.eu-west-1.amazonaws.com\\\/static\\\/2025\\\/07\\\/30083337\\\/favicon-96x96-1.png\",\"width\":96,\"height\":96,\"caption\":\"Box Repsol\"},\"image\":{\"@id\":\"https:\\\/\\\/www.boxrepsol.com\\\/es\\\/#\\\/schema\\\/logo\\\/image\\\/\"},\"sameAs\":[\"https:\\\/\\\/www.facebook.com\\\/BoxRepsol\",\"https:\\\/\\\/x.com\\\/box_repsol\",\"http:\\\/\\\/instagram.com\\\/box_repsol\",\"https:\\\/\\\/www.youtube.com\\\/user\\\/RepsolCompeticion\",\"https:\\\/\\\/www.flickr.com\\\/photos\\\/box_repsol\\\/\"]},{\"@type\":\"Person\",\"@id\":\"https:\\\/\\\/www.boxrepsol.com\\\/es\\\/#\\\/schema\\\/person\\\/c5c2138f2cca251b0ad92b7086bb60b7\",\"name\":\"Redacci\u00f3n Box Repsol\",\"image\":{\"@type\":\"ImageObject\",\"inLanguage\":\"es\",\"@id\":\"https:\\\/\\\/secure.gravatar.com\\\/avatar\\\/adf7b77e38b4419baf32c7e9c21dde01f4e40df611f0978e3006fc4ba0aaab7e?s=96&d=mm&r=g\",\"url\":\"https:\\\/\\\/secure.gravatar.com\\\/avatar\\\/adf7b77e38b4419baf32c7e9c21dde01f4e40df611f0978e3006fc4ba0aaab7e?s=96&d=mm&r=g\",\"contentUrl\":\"https:\\\/\\\/secure.gravatar.com\\\/avatar\\\/adf7b77e38b4419baf32c7e9c21dde01f4e40df611f0978e3006fc4ba0aaab7e?s=96&d=mm&r=g\",\"caption\":\"Redacci\u00f3n Box Repsol\"},\"description\":\"Box Repsol lo forma un equipo de periodistas, community managers, dise\u00f1adores y fot\u00f3grafos con m\u00e1s de 20 a\u00f1os de experiencia en el mundo del motorsport. Hemos vivido el primer mundial de un espa\u00f1ol en la categor\u00eda reina de motociclismo con \u00c1lex Crivill\u00e9, estuvimos en las victorias de Pedrosa y los t\u00edtulos de M\u00e1rquez, acompa\u00f1amos en \u00c1frica a Nani Roma y Marc Coma en sus conquistas del Dakar y hemos vibrado con los t\u00edtulos de Toni Bou en Trial. Adem\u00e1s, en nuestro equipo contamos con expertos en el mundo de las dos y cuatro ruedas tanto de la calle y las carreteras, como de los circuitos. Periodistas que han trabajado en revistas y publicaciones para hacerte llegar desde rutas y consejos de mantenimiento, a curiosidades y trucos de pilotaje.\",\"sameAs\":[\"https:\\\/\\\/www.facebook.com\\\/BoxRepsol\\\/\",\"https:\\\/\\\/www.instagram.com\\\/box_repsol\\\/\",\"https:\\\/\\\/x.com\\\/https:\\\/\\\/twitter.com\\\/box_repsol\",\"https:\\\/\\\/www.youtube.com\\\/@Boxrepsol\"],\"url\":\"https:\\\/\\\/www.boxrepsol.com\\\/es\\\/author\\\/redaccion-box-repsol\\\/\"}]}<\/script>\n<!-- \/ Yoast SEO plugin. -->","yoast_head_json":{"title":"Resultados y resumen del X-Trial de Cahors 2025 - Box Repsol","description":"Consulta aqu\u00ed los resultados y el resumen de la carrera del X-Trial de Cahors 2025.","canonical":"https:\/\/www.boxrepsol.com\/es\/trial\/resumen-y-resultados-del-x-trial-de-cahors-2025\/","og_locale":"es_ES","og_type":"article","og_title":"Resultados y resumen del X-Trial de Cahors 2025 - Box Repsol","og_description":"Consulta aqu\u00ed los resultados y el resumen de la carrera del X-Trial de Cahors 2025.","og_url":"https:\/\/www.boxrepsol.com\/es\/trial\/resumen-y-resultados-del-x-trial-de-cahors-2025\/","og_site_name":"Box Repsol","article_publisher":"https:\/\/www.facebook.com\/BoxRepsol","article_author":"https:\/\/www.facebook.com\/BoxRepsol\/","article_published_time":"2025-03-22T23:32:26+00:00","article_modified_time":"2025-07-24T08:32:19+00:00","og_image":[{"width":1200,"height":600,"url":"https:\/\/bxrepsol.s3.eu-west-1.amazonaws.com\/static\/2025\/03\/22213119\/Sin-titulo-1df.png","type":"image\/png"}],"author":"Redacci\u00f3n Box Repsol","twitter_card":"summary_large_image","twitter_creator":"@https:\/\/twitter.com\/box_repsol","twitter_site":"@box_repsol","twitter_misc":{"Written by":"Redacci\u00f3n Box Repsol","Est. reading time":"3 minutos"},"schema":{"@context":"https:\/\/schema.org","@graph":[{"@type":"Article","@id":"https:\/\/www.boxrepsol.com\/es\/trial\/resumen-y-resultados-del-x-trial-de-cahors-2025\/#article","isPartOf":{"@id":"https:\/\/www.boxrepsol.com\/es\/trial\/resumen-y-resultados-del-x-trial-de-cahors-2025\/"},"author":{"name":"Redacci\u00f3n Box Repsol","@id":"https:\/\/www.boxrepsol.com\/es\/#\/schema\/person\/c5c2138f2cca251b0ad92b7086bb60b7"},"headline":"Resultados y resumen del X-Trial de Cahors 2025","datePublished":"2025-03-22T23:32:26+00:00","dateModified":"2025-07-24T08:32:19+00:00","mainEntityOfPage":{"@id":"https:\/\/www.boxrepsol.com\/es\/trial\/resumen-y-resultados-del-x-trial-de-cahors-2025\/"},"wordCount":600,"commentCount":0,"publisher":{"@id":"https:\/\/www.boxrepsol.com\/es\/#organization"},"image":{"@id":"https:\/\/www.boxrepsol.com\/es\/trial\/resumen-y-resultados-del-x-trial-de-cahors-2025\/#primaryimage"},"thumbnailUrl":"https:\/\/bxrepsol.s3.eu-west-1.amazonaws.com\/static\/2025\/03\/22213119\/Sin-titulo-1df.png","keywords":["Gabri Marcelli","Resultados","Toni Bou","X-Trial 2025","X-Trial Cahors"],"articleSection":["Trial"],"inLanguage":"es","potentialAction":[{"@type":"CommentAction","name":"Comment","target":["https:\/\/www.boxrepsol.com\/es\/trial\/resumen-y-resultados-del-x-trial-de-cahors-2025\/#respond"]}]},{"@type":"WebPage","@id":"https:\/\/www.boxrepsol.com\/es\/trial\/resumen-y-resultados-del-x-trial-de-cahors-2025\/","url":"https:\/\/www.boxrepsol.com\/es\/trial\/resumen-y-resultados-del-x-trial-de-cahors-2025\/","name":"Resultados y resumen del X-Trial de Cahors 2025 - Box Repsol","isPartOf":{"@id":"https:\/\/www.boxrepsol.com\/es\/#website"},"primaryImageOfPage":{"@id":"https:\/\/www.boxrepsol.com\/es\/trial\/resumen-y-resultados-del-x-trial-de-cahors-2025\/#primaryimage"},"image":{"@id":"https:\/\/www.boxrepsol.com\/es\/trial\/resumen-y-resultados-del-x-trial-de-cahors-2025\/#primaryimage"},"thumbnailUrl":"https:\/\/bxrepsol.s3.eu-west-1.amazonaws.com\/static\/2025\/03\/22213119\/Sin-titulo-1df.png","datePublished":"2025-03-22T23:32:26+00:00","dateModified":"2025-07-24T08:32:19+00:00","description":"Consulta aqu\u00ed los resultados y el resumen de la carrera del X-Trial de Cahors 2025.","breadcrumb":{"@id":"https:\/\/www.boxrepsol.com\/es\/trial\/resumen-y-resultados-del-x-trial-de-cahors-2025\/#breadcrumb"},"inLanguage":"es","potentialAction":[{"@type":"ReadAction","target":["https:\/\/www.boxrepsol.com\/es\/trial\/resumen-y-resultados-del-x-trial-de-cahors-2025\/"]}]},{"@type":"ImageObject","inLanguage":"es","@id":"https:\/\/www.boxrepsol.com\/es\/trial\/resumen-y-resultados-del-x-trial-de-cahors-2025\/#primaryimage","url":"https:\/\/bxrepsol.s3.eu-west-1.amazonaws.com\/static\/2025\/03\/22213119\/Sin-titulo-1df.png","contentUrl":"https:\/\/bxrepsol.s3.eu-west-1.amazonaws.com\/static\/2025\/03\/22213119\/Sin-titulo-1df.png","width":1200,"height":600},{"@type":"BreadcrumbList","@id":"https:\/\/www.boxrepsol.com\/es\/trial\/resumen-y-resultados-del-x-trial-de-cahors-2025\/#breadcrumb","itemListElement":[{"@type":"ListItem","position":1,"name":"Home","item":"https:\/\/www.boxrepsol.com\/es\/"},{"@type":"ListItem","position":2,"name":"Resultados y resumen del X-Trial de Cahors 2025"}]},{"@type":"WebSite","@id":"https:\/\/www.boxrepsol.com\/es\/#website","url":"https:\/\/www.boxrepsol.com\/es\/","name":"Box Repsol","description":"Box Repsol Site","publisher":{"@id":"https:\/\/www.boxrepsol.com\/es\/#organization"},"potentialAction":[{"@type":"SearchAction","target":{"@type":"EntryPoint","urlTemplate":"https:\/\/www.boxrepsol.com\/es\/?s={search_term_string}"},"query-input":{"@type":"PropertyValueSpecification","valueRequired":true,"valueName":"search_term_string"}}],"inLanguage":"es"},{"@type":"Organization","@id":"https:\/\/www.boxrepsol.com\/es\/#organization","name":"Box Repsol","url":"https:\/\/www.boxrepsol.com\/es\/","logo":{"@type":"ImageObject","inLanguage":"es","@id":"https:\/\/www.boxrepsol.com\/es\/#\/schema\/logo\/image\/","url":"https:\/\/bxrepsol.s3.eu-west-1.amazonaws.com\/static\/2025\/07\/30083337\/favicon-96x96-1.png","contentUrl":"https:\/\/bxrepsol.s3.eu-west-1.amazonaws.com\/static\/2025\/07\/30083337\/favicon-96x96-1.png","width":96,"height":96,"caption":"Box Repsol"},"image":{"@id":"https:\/\/www.boxrepsol.com\/es\/#\/schema\/logo\/image\/"},"sameAs":["https:\/\/www.facebook.com\/BoxRepsol","https:\/\/x.com\/box_repsol","http:\/\/instagram.com\/box_repsol","https:\/\/www.youtube.com\/user\/RepsolCompeticion","https:\/\/www.flickr.com\/photos\/box_repsol\/"]},{"@type":"Person","@id":"https:\/\/www.boxrepsol.com\/es\/#\/schema\/person\/c5c2138f2cca251b0ad92b7086bb60b7","name":"Redacci\u00f3n Box Repsol","image":{"@type":"ImageObject","inLanguage":"es","@id":"https:\/\/secure.gravatar.com\/avatar\/adf7b77e38b4419baf32c7e9c21dde01f4e40df611f0978e3006fc4ba0aaab7e?s=96&d=mm&r=g","url":"https:\/\/secure.gravatar.com\/avatar\/adf7b77e38b4419baf32c7e9c21dde01f4e40df611f0978e3006fc4ba0aaab7e?s=96&d=mm&r=g","contentUrl":"https:\/\/secure.gravatar.com\/avatar\/adf7b77e38b4419baf32c7e9c21dde01f4e40df611f0978e3006fc4ba0aaab7e?s=96&d=mm&r=g","caption":"Redacci\u00f3n Box Repsol"},"description":"Box Repsol lo forma un equipo de periodistas, community managers, dise\u00f1adores y fot\u00f3grafos con m\u00e1s de 20 a\u00f1os de experiencia en el mundo del motorsport. Hemos vivido el primer mundial de un espa\u00f1ol en la categor\u00eda reina de motociclismo con \u00c1lex Crivill\u00e9, estuvimos en las victorias de Pedrosa y los t\u00edtulos de M\u00e1rquez, acompa\u00f1amos en \u00c1frica a Nani Roma y Marc Coma en sus conquistas del Dakar y hemos vibrado con los t\u00edtulos de Toni Bou en Trial. Adem\u00e1s, en nuestro equipo contamos con expertos en el mundo de las dos y cuatro ruedas tanto de la calle y las carreteras, como de los circuitos. Periodistas que han trabajado en revistas y publicaciones para hacerte llegar desde rutas y consejos de mantenimiento, a curiosidades y trucos de pilotaje.","sameAs":["https:\/\/www.facebook.com\/BoxRepsol\/","https:\/\/www.instagram.com\/box_repsol\/","https:\/\/x.com\/https:\/\/twitter.com\/box_repsol","https:\/\/www.youtube.com\/@Boxrepsol"],"url":"https:\/\/www.boxrepsol.com\/es\/author\/redaccion-box-repsol\/"}]}},"_links":{"self":[{"href":"https:\/\/www.boxrepsol.com\/es\/wp-json\/wp\/v2\/posts\/124442","targetHints":{"allow":["GET"]}}],"collection":[{"href":"https:\/\/www.boxrepsol.com\/es\/wp-json\/wp\/v2\/posts"}],"about":[{"href":"https:\/\/www.boxrepsol.com\/es\/wp-json\/wp\/v2\/types\/post"}],"author":[{"embeddable":true,"href":"https:\/\/www.boxrepsol.com\/es\/wp-json\/wp\/v2\/users\/43146"}],"replies":[{"embeddable":true,"href":"https:\/\/www.boxrepsol.com\/es\/wp-json\/wp\/v2\/comments?post=124442"}],"version-history":[{"count":15,"href":"https:\/\/www.boxrepsol.com\/es\/wp-json\/wp\/v2\/posts\/124442\/revisions"}],"predecessor-version":[{"id":124473,"href":"https:\/\/www.boxrepsol.com\/es\/wp-json\/wp\/v2\/posts\/124442\/revisions\/124473"}],"wp:featuredmedia":[{"embeddable":true,"href":"https:\/\/www.boxrepsol.com\/es\/wp-json\/wp\/v2\/media\/124457"}],"wp:attachment":[{"href":"https:\/\/www.boxrepsol.com\/es\/wp-json\/wp\/v2\/media?parent=124442"}],"wp:term":[{"taxonomy":"category","embeddable":true,"href":"https:\/\/www.boxrepsol.com\/es\/wp-json\/wp\/v2\/categories?post=124442"},{"taxonomy":"post_tag","embeddable":true,"href":"https:\/\/www.boxrepsol.com\/es\/wp-json\/wp\/v2\/tags?post=124442"}],"curies":[{"name":"wp","href":"https:\/\/api.w.org\/{rel}","templated":true}]}}