{"id":124405,"date":"2025-03-21T07:10:05","date_gmt":"2025-03-21T09:10:05","guid":{"rendered":"https:\/\/www.boxrepsol.com\/?p=124405"},"modified":"2025-11-19T07:47:12","modified_gmt":"2025-11-19T09:47:12","slug":"calzada-y-arcen","status":"publish","type":"post","link":"https:\/\/www.boxrepsol.com\/es\/cultura-motera\/calzada-y-arcen\/","title":{"rendered":"\u00bfQu\u00e9 son la calzada y el arc\u00e9n?"},"content":{"rendered":"<figure class=\"wp-block-post-featured-image\"><img loading=\"lazy\" decoding=\"async\" width=\"1200\" height=\"600\" src=\"https:\/\/bxrepsol.s3.eu-west-1.amazonaws.com\/static\/2025\/03\/21064259\/Sin-titulo-1portada.png\" class=\"attachment-post-thumbnail size-post-thumbnail wp-post-image\" alt=\"\" style=\"object-fit:cover;\" srcset=\"https:\/\/bxrepsol.s3.eu-west-1.amazonaws.com\/static\/2025\/03\/21064259\/Sin-titulo-1portada.png 1200w, https:\/\/bxrepsol.s3.eu-west-1.amazonaws.com\/static\/2025\/03\/21064259\/Sin-titulo-1portada-300x150.png 300w, https:\/\/bxrepsol.s3.eu-west-1.amazonaws.com\/static\/2025\/03\/21064259\/Sin-titulo-1portada-1024x512.png 1024w, https:\/\/bxrepsol.s3.eu-west-1.amazonaws.com\/static\/2025\/03\/21064259\/Sin-titulo-1portada-768x384.png 768w\" sizes=\"auto, (max-width: 1200px) 100vw, 1200px\" \/><\/figure>\n\n\n<p>Las <strong>v\u00edas de circulaci\u00f3n<\/strong>, las carreteras, est\u00e1n compuestas por diferentes elementos. Hay cosas comunes entre todas ellas, en las autopistas, en las autov\u00edas, en las carreteras convencionales y en las secundarias, y otras que las diferencian, y entre estas cosas se encuentran la <strong>calzada<\/strong> y el <strong>arc\u00e9n<\/strong>. Porque, por ejemplo, <strong>todas las carreteras tienen calzada, pero no todas cuentan con un arc\u00e9n<\/strong>, y este es un primer hecho diferenciador entre ellas.<\/p>\n\n\n\n<div id=\"ez-toc-container\" class=\"ez-toc-v2_0_82_2 counter-hierarchy ez-toc-counter ez-toc-grey ez-toc-container-direction\">\n<div class=\"ez-toc-title-container\">\n<p class=\"ez-toc-title\" style=\"cursor:inherit\">\u00cdndice<\/p>\n<span class=\"ez-toc-title-toggle\"><a href=\"#\" class=\"ez-toc-pull-right ez-toc-btn ez-toc-btn-xs ez-toc-btn-default ez-toc-toggle\" aria-label=\"Toggle Table of Content\"><span class=\"ez-toc-js-icon-con\"><span class=\"\"><span class=\"eztoc-hide\" style=\"display:none;\">Toggle<\/span><span class=\"ez-toc-icon-toggle-span\"><svg style=\"fill: #999;color:#999\" xmlns=\"http:\/\/www.w3.org\/2000\/svg\" class=\"list-377408\" width=\"20px\" height=\"20px\" viewBox=\"0 0 24 24\" fill=\"none\"><path d=\"M6 6H4v2h2V6zm14 0H8v2h12V6zM4 11h2v2H4v-2zm16 0H8v2h12v-2zM4 16h2v2H4v-2zm16 0H8v2h12v-2z\" fill=\"currentColor\"><\/path><\/svg><svg style=\"fill: #999;color:#999\" class=\"arrow-unsorted-368013\" xmlns=\"http:\/\/www.w3.org\/2000\/svg\" width=\"10px\" height=\"10px\" viewBox=\"0 0 24 24\" version=\"1.2\" baseProfile=\"tiny\"><path d=\"M18.2 9.3l-6.2-6.3-6.2 6.3c-.2.2-.3.4-.3.7s.1.5.3.7c.2.2.4.3.7.3h11c.3 0 .5-.1.7-.3.2-.2.3-.5.3-.7s-.1-.5-.3-.7zM5.8 14.7l6.2 6.3 6.2-6.3c.2-.2.3-.5.3-.7s-.1-.5-.3-.7c-.2-.2-.4-.3-.7-.3h-11c-.3 0-.5.1-.7.3-.2.2-.3.5-.3.7s.1.5.3.7z\"\/><\/svg><\/span><\/span><\/span><\/a><\/span><\/div>\n<nav><ul class='ez-toc-list ez-toc-list-level-1 ' ><li class='ez-toc-page-1 ez-toc-heading-level-2'><a class=\"ez-toc-link ez-toc-heading-1\" href=\"https:\/\/www.boxrepsol.com\/es\/cultura-motera\/calzada-y-arcen\/#%C2%BFQue_es_la_calzada\" >\u00bfQu\u00e9 es la calzada?<\/a><\/li><li class='ez-toc-page-1 ez-toc-heading-level-2'><a class=\"ez-toc-link ez-toc-heading-2\" href=\"https:\/\/www.boxrepsol.com\/es\/cultura-motera\/calzada-y-arcen\/#%C2%BFQue_es_el_arcen\" >\u00bfQu\u00e9 es el arc\u00e9n?<\/a><\/li><li class='ez-toc-page-1 ez-toc-heading-level-2'><a class=\"ez-toc-link ez-toc-heading-3\" href=\"https:\/\/www.boxrepsol.com\/es\/cultura-motera\/calzada-y-arcen\/#Vehiculos_autorizados_para_circular_por_el_arcen\" >Veh\u00edculos autorizados para circular por el arc\u00e9n<\/a><\/li><li class='ez-toc-page-1 ez-toc-heading-level-2'><a class=\"ez-toc-link ez-toc-heading-4\" href=\"https:\/\/www.boxrepsol.com\/es\/cultura-motera\/calzada-y-arcen\/#Normativa_sobre_el_uso_del_arcen_en_la_carretera\" >Normativa sobre el uso del arc\u00e9n en la carretera<\/a><\/li><\/ul><\/nav><\/div>\n<h2 class=\"wp-block-heading\"><span class=\"ez-toc-section\" id=\"%C2%BFQue_es_la_calzada\"><\/span><strong>\u00bfQu\u00e9 es la calzada?<\/strong><span class=\"ez-toc-section-end\"><\/span><\/h2>\n\n\n\n<p>La <strong>calzada<\/strong> es la parte de la v\u00eda por la que circulan los veh\u00edculos. Como decimos, puede haber calzadas de los m\u00e1s variadas, <strong>con diferentes carriles y diferentes sentidos<\/strong>, pero todo el tramo que queda delimitado por la se\u00f1alizaci\u00f3n horizontal, esas l\u00edneas blancas o amarillas que vemos sobre el asfalto, forma parte de la calzada, y su uso es el m\u00e1s sencillo y b\u00e1sico en la circulaci\u00f3n.<\/p>\n\n\n\n<figure class=\"wp-block-image size-full is-resized\"><img loading=\"lazy\" decoding=\"async\" width=\"600\" height=\"400\" src=\"https:\/\/bxrepsol.s3.eu-west-1.amazonaws.com\/static\/2025\/03\/21064304\/Sin-titulo-foto2.png\" alt=\"imagen descriptiva para explicar qu\u00e9 es una calzada\" class=\"wp-image-124411\" style=\"width:662px;height:auto\" srcset=\"https:\/\/bxrepsol.s3.eu-west-1.amazonaws.com\/static\/2025\/03\/21064304\/Sin-titulo-foto2.png 600w, https:\/\/bxrepsol.s3.eu-west-1.amazonaws.com\/static\/2025\/03\/21064304\/Sin-titulo-foto2-300x200.png 300w\" sizes=\"auto, (max-width: 600px) 100vw, 600px\" \/><\/figure>\n\n\n\n<p><\/p>\n\n\n\n<h2 class=\"wp-block-heading\"><span class=\"ez-toc-section\" id=\"%C2%BFQue_es_el_arcen\"><\/span><strong>\u00bfQu\u00e9 es el arc\u00e9n?<\/strong><span class=\"ez-toc-section-end\"><\/span><\/h2>\n\n\n\n<p>El <strong>arc\u00e9n<\/strong>, que curiosamente ocupa una porci\u00f3n de espacio mucho menor que la calzada, es el elemento de la v\u00eda que precisa de m\u00e1s detalle en la explicaci\u00f3n de su uso. El arc\u00e9n es la franja de terreno que se sit\u00faa a los m\u00e1rgenes de la calzada, tanto a la derecha como a la izquierda. Por lo general, <strong>el arc\u00e9n est\u00e1 presente en pr\u00e1cticamente todas las v\u00edas<\/strong>, aunque las circunstancias hacen que, en determinadas carreteras como las v\u00edas secundarias o terciarias, peque\u00f1as carreteras de \u00edndole local, o incluso en carreteras de primer orden u otras v\u00edas, las necesidades de la ordenaci\u00f3n de la carretera, hacen que no haya espacio para el arc\u00e9n.<\/p>\n\n\n\n<p>Por ejemplo, son frecuentes los casos en los que, por una ampliaci\u00f3n de carriles en una v\u00eda, al llegar a un t\u00fanel no quede espacio para el arc\u00e9n, aunque en la actualidad el dise\u00f1o de estas infraestructuras se realiza ya con cierta previsi\u00f3n ante posibles ampliaciones.<\/p>\n\n\n\n<p><strong>El arc\u00e9n no es un espacio por el que se pueda circular<\/strong>, es un \u00e1rea de seguridad que est\u00e1 concebida para situaciones de emergencia o para un uso de determinados veh\u00edculos bajo ciertas condiciones espec\u00edficas. Por normal general, no se debe ocupar el arc\u00e9n ni circular por \u00e9l, y s\u00f3lo puede emplearse en <a href=\"https:\/\/www.boxrepsol.com\/es\/vive-tu-moto\/senal-de-emergencia-obligatoria-moto\/\">detenciones de emergencia<\/a>, para apartar de la calzada veh\u00edculos averiados, o para facilitar el paso a servicios de emergencia.&nbsp;<\/p>\n\n\n\n<figure class=\"wp-block-image size-full\"><img loading=\"lazy\" decoding=\"async\" width=\"600\" height=\"400\" src=\"https:\/\/bxrepsol.s3.eu-west-1.amazonaws.com\/static\/2025\/03\/21064843\/Sin-e5.png\" alt=\"Arc\u00e9n de una carretera ocupado por un veh\u00edculo\" class=\"wp-image-124420\" srcset=\"https:\/\/bxrepsol.s3.eu-west-1.amazonaws.com\/static\/2025\/03\/21064843\/Sin-e5.png 600w, https:\/\/bxrepsol.s3.eu-west-1.amazonaws.com\/static\/2025\/03\/21064843\/Sin-e5-300x200.png 300w\" sizes=\"auto, (max-width: 600px) 100vw, 600px\" \/><\/figure>\n\n\n\n<p><\/p>\n\n\n\n<h2 class=\"wp-block-heading\"><span class=\"ez-toc-section\" id=\"Vehiculos_autorizados_para_circular_por_el_arcen\"><\/span><strong>Veh\u00edculos autorizados para circular por el arc\u00e9n<\/strong><span class=\"ez-toc-section-end\"><\/span><\/h2>\n\n\n\n<p>En determinadas ocasiones podemos encontrarnos con el denominado <strong>arc\u00e9n transitable<\/strong>, una modalidad concebida para permitir que se circule por \u00e9l bajo determinadas circunstancias, como cuando se realizan obras que alteran el desarrollo de la v\u00eda y provocan la p\u00e9rdida de alg\u00fan carril, en congestiones de tr\u00e1fico en las que se habilita ese espacio suplementario para agilizar la circulaci\u00f3n, o para facilitar el paso a los <strong>veh\u00edculos de emergencia<\/strong>: bomberos, ambulancias o veh\u00edculos policiales.<\/p>\n\n\n\n<p>Tambi\u00e9n tienen <strong>autorizaci\u00f3n a circular por el arc\u00e9n <\/strong>los veh\u00edculos agr\u00edcolas, que por sus caracter\u00edsticas desarrollan una velocidad menor que la de cualquier otro veh\u00edculo convencional, y por seguridad ocupan el margen de la v\u00eda para facilitar el tr\u00e1nsito.<\/p>\n\n\n\n<figure class=\"wp-block-image size-full\"><img loading=\"lazy\" decoding=\"async\" width=\"600\" height=\"400\" src=\"https:\/\/bxrepsol.s3.eu-west-1.amazonaws.com\/static\/2025\/03\/21064759\/Sin-titulo-vvv.png\" alt=\"Arc\u00e9n transitado por vehiculos agr\u00edcolas\" class=\"wp-image-124418\" srcset=\"https:\/\/bxrepsol.s3.eu-west-1.amazonaws.com\/static\/2025\/03\/21064759\/Sin-titulo-vvv.png 600w, https:\/\/bxrepsol.s3.eu-west-1.amazonaws.com\/static\/2025\/03\/21064759\/Sin-titulo-vvv-300x200.png 300w\" sizes=\"auto, (max-width: 600px) 100vw, 600px\" \/><\/figure>\n\n\n\n<p>En algunas carreteras est\u00e1 permitido la <strong>circulaci\u00f3n de bicicletas por el arc\u00e9n<\/strong> para ofrecerles un mayor rango de seguridad frente a la circulaci\u00f3n de otros veh\u00edculos. Tambi\u00e9n se le autoriza a circular en paralelo, una por el arc\u00e9n y otra por el carril convencional, en las carreteras que dispongan de arc\u00e9n. Hay que tener en cuenta que tanto las bicicletas como las motos y los peatones, forman parte del grupo de usuarios vulnerables en una <a href=\"https:\/\/www.boxrepsol.com\/es\/cultura-motera\/vias-interurbanas\/\">v\u00eda de circulaci\u00f3n<\/a> y requieren especial protecci\u00f3n.<\/p>\n\n\n\n<h2 class=\"wp-block-heading\"><span class=\"ez-toc-section\" id=\"Normativa_sobre_el_uso_del_arcen_en_la_carretera\"><\/span><strong>Normativa sobre el uso del arc\u00e9n en la carretera<\/strong><span class=\"ez-toc-section-end\"><\/span><\/h2>\n\n\n\n<p>Est\u00e1 previsto que el <a href=\"https:\/\/www.boxrepsol.com\/es\/vive-tu-moto\/nueva-normativa-dgt\/\"><strong>Reglamento General de Circulaci\u00f3n<\/strong><\/a> introduzca un cambio en 2025 para <strong>permitir la circulaci\u00f3n de motos por el arc\u00e9n<\/strong> en determinadas circunstancias. Desde hace tiempo se espera la introducci\u00f3n de esta novedad, v\u00eda <strong>Real Decreto<\/strong>, que termine habilitando el uso de la v\u00eda por los motoristas, una pr\u00e1ctica de lo m\u00e1s com\u00fan.<\/p>\n\n\n\n<p>Hasta ahora, la circulaci\u00f3n por el arc\u00e9n es motivo de sanci\u00f3n, y acarrea <strong>multas de 200 euros<\/strong>, quedando a la valoraci\u00f3n de los agentes denunciantes otras condiciones, como la peligrosidad, que reportar\u00eda el a\u00f1adido de <strong>p\u00e9rdida de puntos<\/strong> en funci\u00f3n de la gravedad que considere el denunciante.<\/p>\n\n\n\n<figure class=\"wp-block-image size-full\"><img loading=\"lazy\" decoding=\"async\" width=\"600\" height=\"400\" src=\"https:\/\/bxrepsol.s3.eu-west-1.amazonaws.com\/static\/2025\/03\/21065110\/ss.png\" alt=\"Calzada y arcen\" class=\"wp-image-124424\" srcset=\"https:\/\/bxrepsol.s3.eu-west-1.amazonaws.com\/static\/2025\/03\/21065110\/ss.png 600w, https:\/\/bxrepsol.s3.eu-west-1.amazonaws.com\/static\/2025\/03\/21065110\/ss-300x200.png 300w\" sizes=\"auto, (max-width: 600px) 100vw, 600px\" \/><\/figure>\n\n\n\n<p>La propuesta que se incorporar\u00e1 al Reglamento contempla la autorizaci\u00f3n de la circulaci\u00f3n por el arc\u00e9n para motos \u00fanicamente en caso de <strong>atascos y retenciones<\/strong>, y s\u00f3lo se podr\u00e1 emplear el arc\u00e9n derecho en estas situaciones. Adem\u00e1s, <strong>la velocidad estar\u00e1 limitada a 30 km\/h, <\/strong>se deber\u00e1 respetar la prioridad de paso de los veh\u00edculos que circulan obligatoriamente por el arc\u00e9n (bicicletas, veh\u00edculos agr\u00edcolas, etc.), y tampoco se podr\u00e1 circular en paralelo con otros veh\u00edculos que ya transiten por el arc\u00e9n.<\/p>\n","protected":false},"excerpt":{"rendered":"<p>Calzada y arc\u00e9n son dos elementos que forman el todo en una v\u00eda de circulaci\u00f3n, y son unos de los t\u00e9rminos que empleamos con mayor frecuencia al hablar de conceptos relacionados con la circulaci\u00f3n. Pero \u00bfsabes qu\u00e9 es cada cosa y cu\u00e1l es su uso?<\/p>\n","protected":false},"author":41268,"featured_media":124409,"comment_status":"open","ping_status":"closed","sticky":false,"template":"","format":"standard","meta":{"footnotes":""},"categories":[160],"tags":[585,346],"class_list":["post-124405","post","type-post","status-publish","format-standard","hentry","category-cultura-motera","tag-conduccion","tag-seguridad"],"yoast_head":"<!-- This site is optimized with the Yoast SEO plugin v27.3 - https:\/\/yoast.com\/product\/yoast-seo-wordpress\/ -->\n<title>Todo lo que necesitas saber sobre la calzada y el arc\u00e9n- Box Repsol<\/title>\n<meta name=\"description\" content=\"Descubre las diferencias entre calzada y arc\u00e9n, su importancia en la seguridad vial, normativa en Espa\u00f1a y consejos para un uso responsable. \u00a1Conduce con conocimiento!\" \/>\n<link rel=\"canonical\" href=\"https:\/\/www.boxrepsol.com\/es\/cultura-motera\/calzada-y-arcen\/\" \/>\n<meta property=\"og:locale\" content=\"es_ES\" \/>\n<meta property=\"og:type\" content=\"article\" \/>\n<meta property=\"og:title\" content=\"Todo lo que necesitas saber sobre la calzada y el arc\u00e9n- Box Repsol\" \/>\n<meta property=\"og:description\" content=\"Descubre las diferencias entre calzada y arc\u00e9n, su importancia en la seguridad vial, normativa en Espa\u00f1a y consejos para un uso responsable. \u00a1Conduce con conocimiento!\" \/>\n<meta property=\"og:url\" content=\"https:\/\/www.boxrepsol.com\/es\/cultura-motera\/calzada-y-arcen\/\" \/>\n<meta property=\"og:site_name\" content=\"Box Repsol\" \/>\n<meta property=\"article:publisher\" content=\"https:\/\/www.facebook.com\/BoxRepsol\" \/>\n<meta property=\"article:published_time\" content=\"2025-03-21T09:10:05+00:00\" \/>\n<meta property=\"article:modified_time\" content=\"2025-11-19T09:47:12+00:00\" \/>\n<meta property=\"og:image\" content=\"https:\/\/bxrepsol.s3.eu-west-1.amazonaws.com\/static\/2025\/03\/21064259\/Sin-titulo-1portada.png\" \/>\n\t<meta property=\"og:image:width\" content=\"1200\" \/>\n\t<meta property=\"og:image:height\" content=\"600\" \/>\n\t<meta property=\"og:image:type\" content=\"image\/png\" \/>\n<meta name=\"author\" content=\"Juan Pedro de la Torre\" \/>\n<meta name=\"twitter:card\" content=\"summary_large_image\" \/>\n<meta name=\"twitter:creator\" content=\"@https:\/\/twitter.com\/JPdelaTorre1965\" \/>\n<meta name=\"twitter:site\" content=\"@box_repsol\" \/>\n<meta name=\"twitter:label1\" content=\"Written by\" \/>\n\t<meta name=\"twitter:data1\" content=\"Juan Pedro de la Torre\" \/>\n\t<meta name=\"twitter:label2\" content=\"Est. reading time\" \/>\n\t<meta name=\"twitter:data2\" content=\"4 minutos\" \/>\n<script type=\"application\/ld+json\" class=\"yoast-schema-graph\">{\"@context\":\"https:\\\/\\\/schema.org\",\"@graph\":[{\"@type\":\"Article\",\"@id\":\"https:\\\/\\\/www.boxrepsol.com\\\/es\\\/cultura-motera\\\/calzada-y-arcen\\\/#article\",\"isPartOf\":{\"@id\":\"https:\\\/\\\/www.boxrepsol.com\\\/es\\\/cultura-motera\\\/calzada-y-arcen\\\/\"},\"author\":{\"name\":\"Juan Pedro de la Torre\",\"@id\":\"https:\\\/\\\/www.boxrepsol.com\\\/es\\\/#\\\/schema\\\/person\\\/26abce1d675df22d63ac9e9d5f23e4aa\"},\"headline\":\"\u00bfQu\u00e9 son la calzada y el arc\u00e9n?\",\"datePublished\":\"2025-03-21T09:10:05+00:00\",\"dateModified\":\"2025-11-19T09:47:12+00:00\",\"mainEntityOfPage\":{\"@id\":\"https:\\\/\\\/www.boxrepsol.com\\\/es\\\/cultura-motera\\\/calzada-y-arcen\\\/\"},\"wordCount\":878,\"commentCount\":0,\"publisher\":{\"@id\":\"https:\\\/\\\/www.boxrepsol.com\\\/es\\\/#organization\"},\"image\":{\"@id\":\"https:\\\/\\\/www.boxrepsol.com\\\/es\\\/cultura-motera\\\/calzada-y-arcen\\\/#primaryimage\"},\"thumbnailUrl\":\"https:\\\/\\\/bxrepsol.s3.eu-west-1.amazonaws.com\\\/static\\\/2025\\\/03\\\/21064259\\\/Sin-titulo-1portada.png\",\"keywords\":[\"conducci\u00f3n\",\"Seguridad\"],\"articleSection\":[\"Cultura Motera\"],\"inLanguage\":\"es\",\"potentialAction\":[{\"@type\":\"CommentAction\",\"name\":\"Comment\",\"target\":[\"https:\\\/\\\/www.boxrepsol.com\\\/es\\\/cultura-motera\\\/calzada-y-arcen\\\/#respond\"]}]},{\"@type\":\"WebPage\",\"@id\":\"https:\\\/\\\/www.boxrepsol.com\\\/es\\\/cultura-motera\\\/calzada-y-arcen\\\/\",\"url\":\"https:\\\/\\\/www.boxrepsol.com\\\/es\\\/cultura-motera\\\/calzada-y-arcen\\\/\",\"name\":\"Todo lo que necesitas saber sobre la calzada y el arc\u00e9n- Box Repsol\",\"isPartOf\":{\"@id\":\"https:\\\/\\\/www.boxrepsol.com\\\/es\\\/#website\"},\"primaryImageOfPage\":{\"@id\":\"https:\\\/\\\/www.boxrepsol.com\\\/es\\\/cultura-motera\\\/calzada-y-arcen\\\/#primaryimage\"},\"image\":{\"@id\":\"https:\\\/\\\/www.boxrepsol.com\\\/es\\\/cultura-motera\\\/calzada-y-arcen\\\/#primaryimage\"},\"thumbnailUrl\":\"https:\\\/\\\/bxrepsol.s3.eu-west-1.amazonaws.com\\\/static\\\/2025\\\/03\\\/21064259\\\/Sin-titulo-1portada.png\",\"datePublished\":\"2025-03-21T09:10:05+00:00\",\"dateModified\":\"2025-11-19T09:47:12+00:00\",\"description\":\"Descubre las diferencias entre calzada y arc\u00e9n, su importancia en la seguridad vial, normativa en Espa\u00f1a y consejos para un uso responsable. \u00a1Conduce con conocimiento!\",\"breadcrumb\":{\"@id\":\"https:\\\/\\\/www.boxrepsol.com\\\/es\\\/cultura-motera\\\/calzada-y-arcen\\\/#breadcrumb\"},\"inLanguage\":\"es\",\"potentialAction\":[{\"@type\":\"ReadAction\",\"target\":[\"https:\\\/\\\/www.boxrepsol.com\\\/es\\\/cultura-motera\\\/calzada-y-arcen\\\/\"]}]},{\"@type\":\"ImageObject\",\"inLanguage\":\"es\",\"@id\":\"https:\\\/\\\/www.boxrepsol.com\\\/es\\\/cultura-motera\\\/calzada-y-arcen\\\/#primaryimage\",\"url\":\"https:\\\/\\\/bxrepsol.s3.eu-west-1.amazonaws.com\\\/static\\\/2025\\\/03\\\/21064259\\\/Sin-titulo-1portada.png\",\"contentUrl\":\"https:\\\/\\\/bxrepsol.s3.eu-west-1.amazonaws.com\\\/static\\\/2025\\\/03\\\/21064259\\\/Sin-titulo-1portada.png\",\"width\":1200,\"height\":600},{\"@type\":\"BreadcrumbList\",\"@id\":\"https:\\\/\\\/www.boxrepsol.com\\\/es\\\/cultura-motera\\\/calzada-y-arcen\\\/#breadcrumb\",\"itemListElement\":[{\"@type\":\"ListItem\",\"position\":1,\"name\":\"Home\",\"item\":\"https:\\\/\\\/www.boxrepsol.com\\\/es\\\/\"},{\"@type\":\"ListItem\",\"position\":2,\"name\":\"\u00bfQu\u00e9 son la calzada y el arc\u00e9n?\"}]},{\"@type\":\"WebSite\",\"@id\":\"https:\\\/\\\/www.boxrepsol.com\\\/es\\\/#website\",\"url\":\"https:\\\/\\\/www.boxrepsol.com\\\/es\\\/\",\"name\":\"Box Repsol\",\"description\":\"Box Repsol Site\",\"publisher\":{\"@id\":\"https:\\\/\\\/www.boxrepsol.com\\\/es\\\/#organization\"},\"potentialAction\":[{\"@type\":\"SearchAction\",\"target\":{\"@type\":\"EntryPoint\",\"urlTemplate\":\"https:\\\/\\\/www.boxrepsol.com\\\/es\\\/?s={search_term_string}\"},\"query-input\":{\"@type\":\"PropertyValueSpecification\",\"valueRequired\":true,\"valueName\":\"search_term_string\"}}],\"inLanguage\":\"es\"},{\"@type\":\"Organization\",\"@id\":\"https:\\\/\\\/www.boxrepsol.com\\\/es\\\/#organization\",\"name\":\"Box Repsol\",\"url\":\"https:\\\/\\\/www.boxrepsol.com\\\/es\\\/\",\"logo\":{\"@type\":\"ImageObject\",\"inLanguage\":\"es\",\"@id\":\"https:\\\/\\\/www.boxrepsol.com\\\/es\\\/#\\\/schema\\\/logo\\\/image\\\/\",\"url\":\"https:\\\/\\\/bxrepsol.s3.eu-west-1.amazonaws.com\\\/static\\\/2025\\\/07\\\/30083337\\\/favicon-96x96-1.png\",\"contentUrl\":\"https:\\\/\\\/bxrepsol.s3.eu-west-1.amazonaws.com\\\/static\\\/2025\\\/07\\\/30083337\\\/favicon-96x96-1.png\",\"width\":96,\"height\":96,\"caption\":\"Box Repsol\"},\"image\":{\"@id\":\"https:\\\/\\\/www.boxrepsol.com\\\/es\\\/#\\\/schema\\\/logo\\\/image\\\/\"},\"sameAs\":[\"https:\\\/\\\/www.facebook.com\\\/BoxRepsol\",\"https:\\\/\\\/x.com\\\/box_repsol\",\"http:\\\/\\\/instagram.com\\\/box_repsol\",\"https:\\\/\\\/www.youtube.com\\\/user\\\/RepsolCompeticion\",\"https:\\\/\\\/www.flickr.com\\\/photos\\\/box_repsol\\\/\"]},{\"@type\":\"Person\",\"@id\":\"https:\\\/\\\/www.boxrepsol.com\\\/es\\\/#\\\/schema\\\/person\\\/26abce1d675df22d63ac9e9d5f23e4aa\",\"name\":\"Juan Pedro de la Torre\",\"image\":{\"@type\":\"ImageObject\",\"inLanguage\":\"es\",\"@id\":\"https:\\\/\\\/secure.gravatar.com\\\/avatar\\\/e81f780ee2930d7be330cb34304decf0e9bc66bec0158805a0fe2726f4517224?s=96&d=mm&r=g\",\"url\":\"https:\\\/\\\/secure.gravatar.com\\\/avatar\\\/e81f780ee2930d7be330cb34304decf0e9bc66bec0158805a0fe2726f4517224?s=96&d=mm&r=g\",\"contentUrl\":\"https:\\\/\\\/secure.gravatar.com\\\/avatar\\\/e81f780ee2930d7be330cb34304decf0e9bc66bec0158805a0fe2726f4517224?s=96&d=mm&r=g\",\"caption\":\"Juan Pedro de la Torre\"},\"description\":\"Se inici\u00f3 en el diario Marca en 1988 y posteriormente pas\u00f3 a la revista Motociclismo, donde llegar\u00eda a ser director de deporte. Despu\u00e9s fue editor y director de Motoworld.es y Sport Bikes y colabor\u00f3 con varios medios. Adem\u00e1s, ha publicado una docena de libros y actualmente trabaja como colaborador para Motociclismo, El Confidencial y Box Repsol.\",\"sameAs\":[\"https:\\\/\\\/x.com\\\/https:\\\/\\\/twitter.com\\\/JPdelaTorre1965\",\"https:\\\/\\\/youtube.com\\\/@juanpedrodelatorremotoworld\"],\"url\":\"https:\\\/\\\/www.boxrepsol.com\\\/es\\\/author\\\/juanpedro_delatorre\\\/\"}]}<\/script>\n<!-- \/ Yoast SEO plugin. -->","yoast_head_json":{"title":"Todo lo que necesitas saber sobre la calzada y el arc\u00e9n- Box Repsol","description":"Descubre las diferencias entre calzada y arc\u00e9n, su importancia en la seguridad vial, normativa en Espa\u00f1a y consejos para un uso responsable. \u00a1Conduce con conocimiento!","canonical":"https:\/\/www.boxrepsol.com\/es\/cultura-motera\/calzada-y-arcen\/","og_locale":"es_ES","og_type":"article","og_title":"Todo lo que necesitas saber sobre la calzada y el arc\u00e9n- Box Repsol","og_description":"Descubre las diferencias entre calzada y arc\u00e9n, su importancia en la seguridad vial, normativa en Espa\u00f1a y consejos para un uso responsable. \u00a1Conduce con conocimiento!","og_url":"https:\/\/www.boxrepsol.com\/es\/cultura-motera\/calzada-y-arcen\/","og_site_name":"Box Repsol","article_publisher":"https:\/\/www.facebook.com\/BoxRepsol","article_published_time":"2025-03-21T09:10:05+00:00","article_modified_time":"2025-11-19T09:47:12+00:00","og_image":[{"width":1200,"height":600,"url":"https:\/\/bxrepsol.s3.eu-west-1.amazonaws.com\/static\/2025\/03\/21064259\/Sin-titulo-1portada.png","type":"image\/png"}],"author":"Juan Pedro de la Torre","twitter_card":"summary_large_image","twitter_creator":"@https:\/\/twitter.com\/JPdelaTorre1965","twitter_site":"@box_repsol","twitter_misc":{"Written by":"Juan Pedro de la Torre","Est. reading time":"4 minutos"},"schema":{"@context":"https:\/\/schema.org","@graph":[{"@type":"Article","@id":"https:\/\/www.boxrepsol.com\/es\/cultura-motera\/calzada-y-arcen\/#article","isPartOf":{"@id":"https:\/\/www.boxrepsol.com\/es\/cultura-motera\/calzada-y-arcen\/"},"author":{"name":"Juan Pedro de la Torre","@id":"https:\/\/www.boxrepsol.com\/es\/#\/schema\/person\/26abce1d675df22d63ac9e9d5f23e4aa"},"headline":"\u00bfQu\u00e9 son la calzada y el arc\u00e9n?","datePublished":"2025-03-21T09:10:05+00:00","dateModified":"2025-11-19T09:47:12+00:00","mainEntityOfPage":{"@id":"https:\/\/www.boxrepsol.com\/es\/cultura-motera\/calzada-y-arcen\/"},"wordCount":878,"commentCount":0,"publisher":{"@id":"https:\/\/www.boxrepsol.com\/es\/#organization"},"image":{"@id":"https:\/\/www.boxrepsol.com\/es\/cultura-motera\/calzada-y-arcen\/#primaryimage"},"thumbnailUrl":"https:\/\/bxrepsol.s3.eu-west-1.amazonaws.com\/static\/2025\/03\/21064259\/Sin-titulo-1portada.png","keywords":["conducci\u00f3n","Seguridad"],"articleSection":["Cultura Motera"],"inLanguage":"es","potentialAction":[{"@type":"CommentAction","name":"Comment","target":["https:\/\/www.boxrepsol.com\/es\/cultura-motera\/calzada-y-arcen\/#respond"]}]},{"@type":"WebPage","@id":"https:\/\/www.boxrepsol.com\/es\/cultura-motera\/calzada-y-arcen\/","url":"https:\/\/www.boxrepsol.com\/es\/cultura-motera\/calzada-y-arcen\/","name":"Todo lo que necesitas saber sobre la calzada y el arc\u00e9n- Box Repsol","isPartOf":{"@id":"https:\/\/www.boxrepsol.com\/es\/#website"},"primaryImageOfPage":{"@id":"https:\/\/www.boxrepsol.com\/es\/cultura-motera\/calzada-y-arcen\/#primaryimage"},"image":{"@id":"https:\/\/www.boxrepsol.com\/es\/cultura-motera\/calzada-y-arcen\/#primaryimage"},"thumbnailUrl":"https:\/\/bxrepsol.s3.eu-west-1.amazonaws.com\/static\/2025\/03\/21064259\/Sin-titulo-1portada.png","datePublished":"2025-03-21T09:10:05+00:00","dateModified":"2025-11-19T09:47:12+00:00","description":"Descubre las diferencias entre calzada y arc\u00e9n, su importancia en la seguridad vial, normativa en Espa\u00f1a y consejos para un uso responsable. \u00a1Conduce con conocimiento!","breadcrumb":{"@id":"https:\/\/www.boxrepsol.com\/es\/cultura-motera\/calzada-y-arcen\/#breadcrumb"},"inLanguage":"es","potentialAction":[{"@type":"ReadAction","target":["https:\/\/www.boxrepsol.com\/es\/cultura-motera\/calzada-y-arcen\/"]}]},{"@type":"ImageObject","inLanguage":"es","@id":"https:\/\/www.boxrepsol.com\/es\/cultura-motera\/calzada-y-arcen\/#primaryimage","url":"https:\/\/bxrepsol.s3.eu-west-1.amazonaws.com\/static\/2025\/03\/21064259\/Sin-titulo-1portada.png","contentUrl":"https:\/\/bxrepsol.s3.eu-west-1.amazonaws.com\/static\/2025\/03\/21064259\/Sin-titulo-1portada.png","width":1200,"height":600},{"@type":"BreadcrumbList","@id":"https:\/\/www.boxrepsol.com\/es\/cultura-motera\/calzada-y-arcen\/#breadcrumb","itemListElement":[{"@type":"ListItem","position":1,"name":"Home","item":"https:\/\/www.boxrepsol.com\/es\/"},{"@type":"ListItem","position":2,"name":"\u00bfQu\u00e9 son la calzada y el arc\u00e9n?"}]},{"@type":"WebSite","@id":"https:\/\/www.boxrepsol.com\/es\/#website","url":"https:\/\/www.boxrepsol.com\/es\/","name":"Box Repsol","description":"Box Repsol Site","publisher":{"@id":"https:\/\/www.boxrepsol.com\/es\/#organization"},"potentialAction":[{"@type":"SearchAction","target":{"@type":"EntryPoint","urlTemplate":"https:\/\/www.boxrepsol.com\/es\/?s={search_term_string}"},"query-input":{"@type":"PropertyValueSpecification","valueRequired":true,"valueName":"search_term_string"}}],"inLanguage":"es"},{"@type":"Organization","@id":"https:\/\/www.boxrepsol.com\/es\/#organization","name":"Box Repsol","url":"https:\/\/www.boxrepsol.com\/es\/","logo":{"@type":"ImageObject","inLanguage":"es","@id":"https:\/\/www.boxrepsol.com\/es\/#\/schema\/logo\/image\/","url":"https:\/\/bxrepsol.s3.eu-west-1.amazonaws.com\/static\/2025\/07\/30083337\/favicon-96x96-1.png","contentUrl":"https:\/\/bxrepsol.s3.eu-west-1.amazonaws.com\/static\/2025\/07\/30083337\/favicon-96x96-1.png","width":96,"height":96,"caption":"Box Repsol"},"image":{"@id":"https:\/\/www.boxrepsol.com\/es\/#\/schema\/logo\/image\/"},"sameAs":["https:\/\/www.facebook.com\/BoxRepsol","https:\/\/x.com\/box_repsol","http:\/\/instagram.com\/box_repsol","https:\/\/www.youtube.com\/user\/RepsolCompeticion","https:\/\/www.flickr.com\/photos\/box_repsol\/"]},{"@type":"Person","@id":"https:\/\/www.boxrepsol.com\/es\/#\/schema\/person\/26abce1d675df22d63ac9e9d5f23e4aa","name":"Juan Pedro de la Torre","image":{"@type":"ImageObject","inLanguage":"es","@id":"https:\/\/secure.gravatar.com\/avatar\/e81f780ee2930d7be330cb34304decf0e9bc66bec0158805a0fe2726f4517224?s=96&d=mm&r=g","url":"https:\/\/secure.gravatar.com\/avatar\/e81f780ee2930d7be330cb34304decf0e9bc66bec0158805a0fe2726f4517224?s=96&d=mm&r=g","contentUrl":"https:\/\/secure.gravatar.com\/avatar\/e81f780ee2930d7be330cb34304decf0e9bc66bec0158805a0fe2726f4517224?s=96&d=mm&r=g","caption":"Juan Pedro de la Torre"},"description":"Se inici\u00f3 en el diario Marca en 1988 y posteriormente pas\u00f3 a la revista Motociclismo, donde llegar\u00eda a ser director de deporte. Despu\u00e9s fue editor y director de Motoworld.es y Sport Bikes y colabor\u00f3 con varios medios. Adem\u00e1s, ha publicado una docena de libros y actualmente trabaja como colaborador para Motociclismo, El Confidencial y Box Repsol.","sameAs":["https:\/\/x.com\/https:\/\/twitter.com\/JPdelaTorre1965","https:\/\/youtube.com\/@juanpedrodelatorremotoworld"],"url":"https:\/\/www.boxrepsol.com\/es\/author\/juanpedro_delatorre\/"}]}},"_links":{"self":[{"href":"https:\/\/www.boxrepsol.com\/es\/wp-json\/wp\/v2\/posts\/124405","targetHints":{"allow":["GET"]}}],"collection":[{"href":"https:\/\/www.boxrepsol.com\/es\/wp-json\/wp\/v2\/posts"}],"about":[{"href":"https:\/\/www.boxrepsol.com\/es\/wp-json\/wp\/v2\/types\/post"}],"author":[{"embeddable":true,"href":"https:\/\/www.boxrepsol.com\/es\/wp-json\/wp\/v2\/users\/41268"}],"replies":[{"embeddable":true,"href":"https:\/\/www.boxrepsol.com\/es\/wp-json\/wp\/v2\/comments?post=124405"}],"version-history":[{"count":7,"href":"https:\/\/www.boxrepsol.com\/es\/wp-json\/wp\/v2\/posts\/124405\/revisions"}],"predecessor-version":[{"id":128369,"href":"https:\/\/www.boxrepsol.com\/es\/wp-json\/wp\/v2\/posts\/124405\/revisions\/128369"}],"wp:featuredmedia":[{"embeddable":true,"href":"https:\/\/www.boxrepsol.com\/es\/wp-json\/wp\/v2\/media\/124409"}],"wp:attachment":[{"href":"https:\/\/www.boxrepsol.com\/es\/wp-json\/wp\/v2\/media?parent=124405"}],"wp:term":[{"taxonomy":"category","embeddable":true,"href":"https:\/\/www.boxrepsol.com\/es\/wp-json\/wp\/v2\/categories?post=124405"},{"taxonomy":"post_tag","embeddable":true,"href":"https:\/\/www.boxrepsol.com\/es\/wp-json\/wp\/v2\/tags?post=124405"}],"curies":[{"name":"wp","href":"https:\/\/api.w.org\/{rel}","templated":true}]}}