{"id":124252,"date":"2025-03-15T20:37:27","date_gmt":"2025-03-15T22:37:27","guid":{"rendered":"https:\/\/www.boxrepsol.com\/?p=124252"},"modified":"2025-03-15T20:47:08","modified_gmt":"2025-03-15T22:47:08","slug":"resumen-y-resultados-del-x-trial-de-wiener-neustadt-2025","status":"publish","type":"post","link":"https:\/\/www.boxrepsol.com\/es\/trial\/resumen-y-resultados-del-x-trial-de-wiener-neustadt-2025\/","title":{"rendered":"Resultados y resumen del X-Trial de Wiener Neustadt 2025"},"content":{"rendered":"<figure class=\"wp-block-post-featured-image\"><img loading=\"lazy\" decoding=\"async\" width=\"1200\" height=\"600\" src=\"https:\/\/bxrepsol.s3.eu-west-1.amazonaws.com\/static\/2025\/03\/15194443\/Portada-1.png\" class=\"attachment-post-thumbnail size-post-thumbnail wp-post-image\" alt=\"\" style=\"object-fit:cover;\" srcset=\"https:\/\/bxrepsol.s3.eu-west-1.amazonaws.com\/static\/2025\/03\/15194443\/Portada-1.png 1200w, https:\/\/bxrepsol.s3.eu-west-1.amazonaws.com\/static\/2025\/03\/15194443\/Portada-1-300x150.png 300w, https:\/\/bxrepsol.s3.eu-west-1.amazonaws.com\/static\/2025\/03\/15194443\/Portada-1-1024x512.png 1024w, https:\/\/bxrepsol.s3.eu-west-1.amazonaws.com\/static\/2025\/03\/15194443\/Portada-1-768x384.png 768w\" sizes=\"auto, (max-width: 1200px) 100vw, 1200px\" \/><\/figure>\n\n\n<p>El piloto de <strong>Repsol <\/strong>ha llegado con la oportunidad de asegurar su 37\u00ba t\u00edtulo mundial, siempre y cuando lograra la victoria y Jaime Busto finalizara tercero o en peor posici\u00f3n. Desde el principio, Bou ha demostrado su dominio, manteni\u00e9ndose en la cabeza de la clasificaci\u00f3n durante toda la competici\u00f3n. Sin embargo, la lucha por el podio se ha mantenido muy re\u00f1ida hasta el final, con <strong>Gabriel Marcelli <\/strong>y Jaime Busto pis\u00e1ndole los talones en todo momento. La tensi\u00f3n se ha vivido intensamente en las gradas, donde el p\u00fablico ha estado expectante hasta el \u00faltimo minuto, sin saber qui\u00e9n se llevar\u00eda la victoria, dada la poca diferencia entre los tres pilotos.<\/p>\n\n\n\n<p>Bou ha consolidado su liderazgo con una actuaci\u00f3n s\u00f3lida. Por su parte, <strong>Jaime Busto<\/strong>, quien ha buscado recortar distancias en la clasificaci\u00f3n general, ha terminado en segunda posici\u00f3n, mientras que Gabriel Marcelli, ha completado el podio tambi\u00e9n, ocupando el tercer lugar.<\/p>\n\n\n\n<p>Con estos resultados, Toni Bou refuerza su posici\u00f3n al frente del campeonato, acerc\u00e1ndose a\u00fan m\u00e1s a la consecuci\u00f3n de su 19\u00ba t\u00edtulo mundial indoor consecutivo. En paralelo, la batalla por el <strong>subcampeonato <\/strong>entre <strong>Jaime Busto<\/strong> y <strong>Gabriel Marcelli<\/strong> se intensifica. Los dos pilotos espa\u00f1oles se enfrentar\u00e1n en la siguiente prueba indoor dentro de una semana, el <strong>22 de marzo <\/strong>en <strong>Francia<\/strong>, con motivo del <strong>X-Trial de Cahors<\/strong>.<\/p>\n\n\n\n<div id=\"ez-toc-container\" class=\"ez-toc-v2_0_82_2 counter-hierarchy ez-toc-counter ez-toc-grey ez-toc-container-direction\">\n<div class=\"ez-toc-title-container\">\n<p class=\"ez-toc-title\" style=\"cursor:inherit\">\u00cdndice<\/p>\n<span class=\"ez-toc-title-toggle\"><a href=\"#\" class=\"ez-toc-pull-right ez-toc-btn ez-toc-btn-xs ez-toc-btn-default ez-toc-toggle\" aria-label=\"Toggle Table of Content\"><span class=\"ez-toc-js-icon-con\"><span class=\"\"><span class=\"eztoc-hide\" style=\"display:none;\">Toggle<\/span><span class=\"ez-toc-icon-toggle-span\"><svg style=\"fill: #999;color:#999\" xmlns=\"http:\/\/www.w3.org\/2000\/svg\" class=\"list-377408\" width=\"20px\" height=\"20px\" viewBox=\"0 0 24 24\" fill=\"none\"><path d=\"M6 6H4v2h2V6zm14 0H8v2h12V6zM4 11h2v2H4v-2zm16 0H8v2h12v-2zM4 16h2v2H4v-2zm16 0H8v2h12v-2z\" fill=\"currentColor\"><\/path><\/svg><svg style=\"fill: #999;color:#999\" class=\"arrow-unsorted-368013\" xmlns=\"http:\/\/www.w3.org\/2000\/svg\" width=\"10px\" height=\"10px\" viewBox=\"0 0 24 24\" version=\"1.2\" baseProfile=\"tiny\"><path d=\"M18.2 9.3l-6.2-6.3-6.2 6.3c-.2.2-.3.4-.3.7s.1.5.3.7c.2.2.4.3.7.3h11c.3 0 .5-.1.7-.3.2-.2.3-.5.3-.7s-.1-.5-.3-.7zM5.8 14.7l6.2 6.3 6.2-6.3c.2-.2.3-.5.3-.7s-.1-.5-.3-.7c-.2-.2-.4-.3-.7-.3h-11c-.3 0-.5.1-.7.3-.2.2-.3.5-.3.7s.1.5.3.7z\"\/><\/svg><\/span><\/span><\/span><\/a><\/span><\/div>\n<nav><ul class='ez-toc-list ez-toc-list-level-1 ' ><li class='ez-toc-page-1 ez-toc-heading-level-2'><a class=\"ez-toc-link ez-toc-heading-1\" href=\"https:\/\/www.boxrepsol.com\/es\/trial\/resumen-y-resultados-del-x-trial-de-wiener-neustadt-2025\/#El_Repsol_Honda_sigue_haciendo_historia\" >El Repsol Honda sigue haciendo historia<\/a><\/li><li class='ez-toc-page-1 ez-toc-heading-level-2'><a class=\"ez-toc-link ez-toc-heading-2\" href=\"https:\/\/www.boxrepsol.com\/es\/trial\/resumen-y-resultados-del-x-trial-de-wiener-neustadt-2025\/#Clasificacion_X-Trial_Wiener_Neustadt\" >Clasificaci\u00f3n X-Trial Wiener Neustadt<\/a><\/li><li class='ez-toc-page-1 ez-toc-heading-level-2'><a class=\"ez-toc-link ez-toc-heading-3\" href=\"https:\/\/www.boxrepsol.com\/es\/trial\/resumen-y-resultados-del-x-trial-de-wiener-neustadt-2025\/#Clasificacion_General_X-Trial\" >Clasificaci\u00f3n General X-Trial<\/a><\/li><li class='ez-toc-page-1 ez-toc-heading-level-2'><a class=\"ez-toc-link ez-toc-heading-4\" href=\"https:\/\/www.boxrepsol.com\/es\/trial\/resumen-y-resultados-del-x-trial-de-wiener-neustadt-2025\/#DECLARACIONES\" >DECLARACIONES<\/a><\/li><\/ul><\/nav><\/div>\n<h2 class=\"wp-block-heading\"><span class=\"ez-toc-section\" id=\"El_Repsol_Honda_sigue_haciendo_historia\"><\/span><strong>El Repsol Honda sigue haciendo historia<\/strong><span class=\"ez-toc-section-end\"><\/span><\/h2>\n\n\n\n<p class=\"has-black-color has-text-color has-link-color wp-elements-e600f3b87ea0396f6a7962050c5a26f4\">La carrera del X-Trial de Wiener Neustadt, ha empezado con un <strong>Toni Bou <\/strong>mostrando su habitual dominio, manteni\u00e9ndose siempre al frente de la clasificaci\u00f3n. Con un gran nivel de concentraci\u00f3n, el piloto catal\u00e1n ha sido el primero en superar las zonas m\u00e1s complicadas, lo que le he permitido iniciar la segunda vuelta con una ventaja considerable. En esta fase, tanto Busto como Marcelli han estado bastante cerca de \u00e9l, pero Bou ha sabido gestionar la presi\u00f3n y consolidando su posici\u00f3n en la punta, dejando claro que la <strong>victoria <\/strong>estaba a su alcance.<\/p>\n\n\n\n<p class=\"has-black-color has-text-color has-link-color wp-elements-e68d2a6e79ef20329067f4afefa25474\">En la segunda vuelta, ha sido a\u00fan m\u00e1s re\u00f1ida, especialmente con <strong>Jaime Busto<\/strong> y <strong>Gabri Marcelli<\/strong> luchando por reducir la distancia con el l\u00edder. Busto, en particular, ha mejorado su rendimiento en la segunda parte del recorrido, manteniendo la tensi\u00f3n en la pelea por el podio. Jaime se ha mantenido firme y ha terminado en <strong>segunda posici\u00f3n<\/strong>, presionando a Bou hasta el \u00faltimo momento. Marcelli, por su parte, tambi\u00e9n ha ofrecido una gran actuaci\u00f3n, pero no logr\u00f3 superar a su compa\u00f1ero de equipo.<\/p>\n\n\n\n<p class=\"has-black-color has-text-color has-link-color wp-elements-f00a051f068509bfdfb2a6964c5d6468\">Con la victoria de hoy, <strong>Toni Bou<\/strong> sigue consolid\u00e1ndose como el l\u00edder indiscutible del campeonato, con una ventaja considerable sobre sus rivales. Este resultado le acerca a su <strong>37\u00ba t\u00edtulo mundial<\/strong>, un nuevo r\u00e9cord en su brillante carrera. La competencia por el subcampeonato entre Jaime Busto y Gabriel Marcelli sigue siendo emocionante, con ambos pilotos separados por pocos puntos. A falta de dos carreras para finalizar la temporada, todo parece indicar que la lucha por el segundo lugar ser\u00e1 tan intensa como la de Bou por el t\u00edtulo, asegurando un final de temporada lleno de emoci\u00f3n.<\/p>\n\n\n\n<h2 class=\"wp-block-heading\"><span class=\"ez-toc-section\" id=\"Clasificacion_X-Trial_Wiener_Neustadt\"><\/span><strong>Clasificaci\u00f3n X-Trial Wiener Neustadt <\/strong><span class=\"ez-toc-section-end\"><\/span><\/h2>\n\n\n\n<figure class=\"wp-block-table is-style-stripes\"><table><tbody><tr><td><strong>PILOTO<\/strong><\/td><td><strong>EQUIPO<\/strong><\/td><td><strong>PUNTOS<\/strong><\/td><\/tr><tr><td><strong>1. Toni Bou<\/strong><\/td><td><strong>REPSOL HONDA<\/strong><\/td><td><strong>20<\/strong><\/td><\/tr><tr><td>2. Jaime Busto<\/td><td>GASGAS<\/td><td>15<\/td><\/tr><tr><td><strong>3. Gabriel Marcelli<\/strong><\/td><td><strong>REPSOL HONDA<\/strong><\/td><td><strong>12<\/strong><\/td><\/tr><tr><td>4. Matteo Grattarola<\/td><td>BETA<\/td><td>9<\/td><\/tr><tr><td>5. Jack PEACE<\/td><td>SHERCO<\/td><td>6<\/td><\/tr><tr><td>6. Alex Canales<\/td><td>MONTESA<\/td><td>4<\/td><\/tr><tr><td>7. Beno\u00eet Bincaz<\/td><td>SHERCO<\/td><td>2<\/td><\/tr><tr><td>8. Marco Memp\u00f6r<\/td><td>TRRS<\/td><td>1<\/td><\/tr><\/tbody><\/table><\/figure>\n\n\n\n<p><\/p>\n\n\n\n<h2 class=\"wp-block-heading\"><span class=\"ez-toc-section\" id=\"Clasificacion_General_X-Trial\"><\/span><strong>Clasificaci\u00f3n General X-Trial<\/strong><span class=\"ez-toc-section-end\"><\/span><\/h2>\n\n\n\n<figure class=\"wp-block-table is-style-stripes\"><table><tbody><tr><td><strong>PILOTO<\/strong><\/td><td><strong>EQUIPO<\/strong><\/td><td><strong>PUNTOS<\/strong><\/td><\/tr><tr><td><strong>1. Toni Bou<\/strong><\/td><td><strong>REPSOL HONDA<\/strong><\/td><td>115<\/td><\/tr><tr><td>2. Jaime Busto<\/td><td>GASGAS<\/td><td>79<\/td><\/tr><tr><td><strong>3. Gabriel Marcelli<\/strong><\/td><td><strong>REPSOL HONDA<\/strong><\/td><td>63<\/td><\/tr><tr><td>4. Adam Raga<\/td><td>SHERCO<\/td><td>48<\/td><\/tr><tr><td>5. Beno\u00eet Bincaz<\/td><td>SHERCO<\/td><td>39<\/td><\/tr><tr><td>6. Matteo Grattarola<\/td><td>BETA<\/td><td>23<\/td><\/tr><tr><td>7. Alex Canales<\/td><td>MONTESA<\/td><td>13<\/td><\/tr><tr><td>8. Jack Peace<\/td><td>SHERCO<\/td><td>8<\/td><\/tr><tr><td>9. Aniol Gelabert<\/td><td>TRRS<\/td><td>6<\/td><\/tr><tr><td>10. Sondre Haga<\/td><td>GASGAS<\/td><td>6<\/td><\/tr><tr><td>11. Lorenzo Gandola<\/td><td>BETA<\/td><td>4<\/td><\/tr><tr><td>12. Hugo Dufrese<\/td><td>BETA<\/td><td>4<\/td><\/tr><tr><td>13. Harry Hemingway<\/td><td>BETA<\/td><td>2<\/td><\/tr><tr><td>14. Marco Memp\u00f6r<\/td><td>TRRS<\/td><td>1<\/td><\/tr><tr><td>15. Mats Nilsen<\/td><td>TRRS<\/td><td>1<\/td><\/tr><tr><td>16. Billy Green <\/td><td>SCORPA<\/td><td>1<\/td><\/tr><tr><td>17. Miquel Gelabert<\/td><td>MONTESA<\/td><td>1<\/td><\/tr><\/tbody><\/table><\/figure>\n\n\n\n<div id=\"5cae119f-902c-4805-9c3e-96605681f417\" class=\"br-slider-box\"><div class=\"wp-block-create-block-repsol-carousel br-slider\"><a target=\"_blank\" href=\"https:\/\/bxrepsol.s3.eu-west-1.amazonaws.com\/static\/2025\/03\/15194955\/2c.png\" data-index=\"0\" rel=\"noopener\"><img decoding=\"async\" src=\"https:\/\/bxrepsol.s3.eu-west-1.amazonaws.com\/static\/2025\/03\/15194955\/2c.png\"\/><\/a><a target=\"_blank\" href=\"https:\/\/bxrepsol.s3.eu-west-1.amazonaws.com\/static\/2025\/03\/15194958\/1-c.png\" data-index=\"1\" rel=\"noopener\"><img decoding=\"async\" src=\"https:\/\/bxrepsol.s3.eu-west-1.amazonaws.com\/static\/2025\/03\/15194958\/1-c.png\"\/><\/a><a target=\"_blank\" href=\"https:\/\/bxrepsol.s3.eu-west-1.amazonaws.com\/static\/2025\/03\/15195003\/c5.png\" data-index=\"2\" rel=\"noopener\"><img decoding=\"async\" src=\"https:\/\/bxrepsol.s3.eu-west-1.amazonaws.com\/static\/2025\/03\/15195003\/c5.png\"\/><\/a><a target=\"_blank\" href=\"https:\/\/bxrepsol.s3.eu-west-1.amazonaws.com\/static\/2025\/03\/15195009\/3c.png\" data-index=\"3\" rel=\"noopener\"><img decoding=\"async\" src=\"https:\/\/bxrepsol.s3.eu-west-1.amazonaws.com\/static\/2025\/03\/15195009\/3c.png\"\/><\/a><a target=\"_blank\" href=\"https:\/\/bxrepsol.s3.eu-west-1.amazonaws.com\/static\/2025\/03\/15195000\/c6.png\" data-index=\"4\" rel=\"noopener\"><img decoding=\"async\" src=\"https:\/\/bxrepsol.s3.eu-west-1.amazonaws.com\/static\/2025\/03\/15195000\/c6.png\"\/><\/a><\/div><div class=\"br-slider-buttons\"><button class=\"arrow rds-icon arrow--left rds-icon-Arrow_left\"><\/button><button class=\"arrow rds-icon arrow--right rds-icon-Arrow_right\"><\/button><\/div><\/div>\n\n\n\n<h2 class=\"wp-block-heading\"><span class=\"ez-toc-section\" id=\"DECLARACIONES\"><\/span><strong>DECLARACIONES<\/strong><span class=\"ez-toc-section-end\"><\/span><\/h2>\n\n\n\n<p class=\"has-medium-font-size\"><strong>#1 TONI BOU<\/strong><\/p>\n\n\n\n<p class=\"has-black-color has-text-color has-link-color wp-elements-a342151d5464dd331f2f604211c1f129\">\u00abSab\u00edamos que ser\u00eda una carrera dura y as\u00ed ha sido. Hemos empezado la final con un peque\u00f1o fallo, pero luego hemos ido recuperado muy bien. As\u00ed que estoy muy contento por como ha ido hoy, hemos hecho muy bien nuestra faena y era muy importante conseguir esta victoria. En Cahors saldremos con la misma mentalidad de no cometer errores para poder conseguir para llevarnos el campeonato\u00bb.<\/p>\n\n\n\n<p class=\"has-medium-font-size\"><strong>#38 GABRIEL MARCELLI<\/strong><\/p>\n\n\n\n<p class=\"has-black-color has-text-color has-link-color wp-elements-991dfc960b1b67b3fbfa88a8c8383ae2\">\u00a0\u00abEstoy contento con el resultado de hoy, a pesar de que hemos conseguido un tercer puesto y ven\u00edamos buscando un poquito m\u00e1s. La primera ronda ha sido perfecta con 0 en el casillero y en la final he empezado fuerte, aunque he cometido alg\u00fan error que me ha jugado una mala pasada. Igualmente, estoy feliz con como he pilotado hoy. En la pr\u00f3xima carrera en Cahors buscar\u00e9 conseguir mi primera victoria, que cada vez est\u00e1 m\u00e1s cerca\u201d.<\/p>\n","protected":false},"excerpt":{"rendered":"<p>La sexta prueba del X-Trial 2025 llega a su fin con una nueva victoria de Toni Bou, la 5\u00aa de la temporada. Jaime Busto y Gabri Marcelli completaron el podio, pero a pesar del triunfo, Bou no logr\u00f3 asegurarse el t\u00edtulo. La lucha por el campeonato se decidir\u00e1 en la pr\u00f3xima cita en Francia.<\/p>\n","protected":false},"author":43146,"featured_media":124315,"comment_status":"open","ping_status":"closed","sticky":false,"template":"","format":"standard","meta":{"footnotes":""},"categories":[23],"tags":[203,356,21,540,556],"class_list":["post-124252","post","type-post","status-publish","format-standard","hentry","category-trial","tag-gabri-marcelli","tag-resultados","tag-toni-bou","tag-x-trial-2025","tag-x-trial-wiener-neustadt"],"yoast_head":"<!-- This site is optimized with the Yoast SEO plugin v27.3 - https:\/\/yoast.com\/product\/yoast-seo-wordpress\/ -->\n<title>Resultados y resumen del X-Trial de Wiener Neustadt 2025 - Box Repsol<\/title>\n<meta name=\"description\" content=\"Consulta aqu\u00ed los resultados y el resumen de la carrera del X-Trial de Wiener Neustadt 2025.\" \/>\n<link rel=\"canonical\" href=\"https:\/\/www.boxrepsol.com\/es\/trial\/resumen-y-resultados-del-x-trial-de-wiener-neustadt-2025\/\" \/>\n<meta property=\"og:locale\" content=\"es_ES\" \/>\n<meta property=\"og:type\" content=\"article\" \/>\n<meta property=\"og:title\" content=\"Resultados y resumen del X-Trial de Wiener Neustadt 2025 - Box Repsol\" \/>\n<meta property=\"og:description\" content=\"Consulta aqu\u00ed los resultados y el resumen de la carrera del X-Trial de Wiener Neustadt 2025.\" \/>\n<meta property=\"og:url\" content=\"https:\/\/www.boxrepsol.com\/es\/trial\/resumen-y-resultados-del-x-trial-de-wiener-neustadt-2025\/\" \/>\n<meta property=\"og:site_name\" content=\"Box Repsol\" \/>\n<meta property=\"article:publisher\" content=\"https:\/\/www.facebook.com\/BoxRepsol\" \/>\n<meta property=\"article:author\" content=\"https:\/\/www.facebook.com\/BoxRepsol\/\" \/>\n<meta property=\"article:published_time\" content=\"2025-03-15T22:37:27+00:00\" \/>\n<meta property=\"article:modified_time\" content=\"2025-03-15T22:47:08+00:00\" \/>\n<meta property=\"og:image\" content=\"https:\/\/bxrepsol.s3.eu-west-1.amazonaws.com\/static\/2025\/03\/15194443\/Portada-1.png\" \/>\n\t<meta property=\"og:image:width\" content=\"1200\" \/>\n\t<meta property=\"og:image:height\" content=\"600\" \/>\n\t<meta property=\"og:image:type\" content=\"image\/png\" \/>\n<meta name=\"author\" content=\"Redacci\u00f3n Box Repsol\" \/>\n<meta name=\"twitter:card\" content=\"summary_large_image\" \/>\n<meta name=\"twitter:creator\" content=\"@https:\/\/twitter.com\/box_repsol\" \/>\n<meta name=\"twitter:site\" content=\"@box_repsol\" \/>\n<meta name=\"twitter:label1\" content=\"Written by\" \/>\n\t<meta name=\"twitter:data1\" content=\"Redacci\u00f3n Box Repsol\" \/>\n\t<meta name=\"twitter:label2\" content=\"Est. reading time\" \/>\n\t<meta name=\"twitter:data2\" content=\"4 minutos\" \/>\n<script type=\"application\/ld+json\" class=\"yoast-schema-graph\">{\"@context\":\"https:\\\/\\\/schema.org\",\"@graph\":[{\"@type\":\"Article\",\"@id\":\"https:\\\/\\\/www.boxrepsol.com\\\/es\\\/trial\\\/resumen-y-resultados-del-x-trial-de-wiener-neustadt-2025\\\/#article\",\"isPartOf\":{\"@id\":\"https:\\\/\\\/www.boxrepsol.com\\\/es\\\/trial\\\/resumen-y-resultados-del-x-trial-de-wiener-neustadt-2025\\\/\"},\"author\":{\"name\":\"Redacci\u00f3n Box Repsol\",\"@id\":\"https:\\\/\\\/www.boxrepsol.com\\\/es\\\/#\\\/schema\\\/person\\\/c5c2138f2cca251b0ad92b7086bb60b7\"},\"headline\":\"Resultados y resumen del X-Trial de Wiener Neustadt 2025\",\"datePublished\":\"2025-03-15T22:37:27+00:00\",\"dateModified\":\"2025-03-15T22:47:08+00:00\",\"mainEntityOfPage\":{\"@id\":\"https:\\\/\\\/www.boxrepsol.com\\\/es\\\/trial\\\/resumen-y-resultados-del-x-trial-de-wiener-neustadt-2025\\\/\"},\"wordCount\":798,\"commentCount\":0,\"publisher\":{\"@id\":\"https:\\\/\\\/www.boxrepsol.com\\\/es\\\/#organization\"},\"image\":{\"@id\":\"https:\\\/\\\/www.boxrepsol.com\\\/es\\\/trial\\\/resumen-y-resultados-del-x-trial-de-wiener-neustadt-2025\\\/#primaryimage\"},\"thumbnailUrl\":\"https:\\\/\\\/bxrepsol.s3.eu-west-1.amazonaws.com\\\/static\\\/2025\\\/03\\\/15194443\\\/Portada-1.png\",\"keywords\":[\"Gabri Marcelli\",\"Resultados\",\"Toni Bou\",\"X-Trial 2025\",\"X-TRIAL Wiener Neustadt\"],\"articleSection\":[\"Trial\"],\"inLanguage\":\"es\",\"potentialAction\":[{\"@type\":\"CommentAction\",\"name\":\"Comment\",\"target\":[\"https:\\\/\\\/www.boxrepsol.com\\\/es\\\/trial\\\/resumen-y-resultados-del-x-trial-de-wiener-neustadt-2025\\\/#respond\"]}]},{\"@type\":\"WebPage\",\"@id\":\"https:\\\/\\\/www.boxrepsol.com\\\/es\\\/trial\\\/resumen-y-resultados-del-x-trial-de-wiener-neustadt-2025\\\/\",\"url\":\"https:\\\/\\\/www.boxrepsol.com\\\/es\\\/trial\\\/resumen-y-resultados-del-x-trial-de-wiener-neustadt-2025\\\/\",\"name\":\"Resultados y resumen del X-Trial de Wiener Neustadt 2025 - Box Repsol\",\"isPartOf\":{\"@id\":\"https:\\\/\\\/www.boxrepsol.com\\\/es\\\/#website\"},\"primaryImageOfPage\":{\"@id\":\"https:\\\/\\\/www.boxrepsol.com\\\/es\\\/trial\\\/resumen-y-resultados-del-x-trial-de-wiener-neustadt-2025\\\/#primaryimage\"},\"image\":{\"@id\":\"https:\\\/\\\/www.boxrepsol.com\\\/es\\\/trial\\\/resumen-y-resultados-del-x-trial-de-wiener-neustadt-2025\\\/#primaryimage\"},\"thumbnailUrl\":\"https:\\\/\\\/bxrepsol.s3.eu-west-1.amazonaws.com\\\/static\\\/2025\\\/03\\\/15194443\\\/Portada-1.png\",\"datePublished\":\"2025-03-15T22:37:27+00:00\",\"dateModified\":\"2025-03-15T22:47:08+00:00\",\"description\":\"Consulta aqu\u00ed los resultados y el resumen de la carrera del X-Trial de Wiener Neustadt 2025.\",\"breadcrumb\":{\"@id\":\"https:\\\/\\\/www.boxrepsol.com\\\/es\\\/trial\\\/resumen-y-resultados-del-x-trial-de-wiener-neustadt-2025\\\/#breadcrumb\"},\"inLanguage\":\"es\",\"potentialAction\":[{\"@type\":\"ReadAction\",\"target\":[\"https:\\\/\\\/www.boxrepsol.com\\\/es\\\/trial\\\/resumen-y-resultados-del-x-trial-de-wiener-neustadt-2025\\\/\"]}]},{\"@type\":\"ImageObject\",\"inLanguage\":\"es\",\"@id\":\"https:\\\/\\\/www.boxrepsol.com\\\/es\\\/trial\\\/resumen-y-resultados-del-x-trial-de-wiener-neustadt-2025\\\/#primaryimage\",\"url\":\"https:\\\/\\\/bxrepsol.s3.eu-west-1.amazonaws.com\\\/static\\\/2025\\\/03\\\/15194443\\\/Portada-1.png\",\"contentUrl\":\"https:\\\/\\\/bxrepsol.s3.eu-west-1.amazonaws.com\\\/static\\\/2025\\\/03\\\/15194443\\\/Portada-1.png\",\"width\":1200,\"height\":600},{\"@type\":\"BreadcrumbList\",\"@id\":\"https:\\\/\\\/www.boxrepsol.com\\\/es\\\/trial\\\/resumen-y-resultados-del-x-trial-de-wiener-neustadt-2025\\\/#breadcrumb\",\"itemListElement\":[{\"@type\":\"ListItem\",\"position\":1,\"name\":\"Home\",\"item\":\"https:\\\/\\\/www.boxrepsol.com\\\/es\\\/\"},{\"@type\":\"ListItem\",\"position\":2,\"name\":\"Resultados y resumen del X-Trial de Wiener Neustadt 2025\"}]},{\"@type\":\"WebSite\",\"@id\":\"https:\\\/\\\/www.boxrepsol.com\\\/es\\\/#website\",\"url\":\"https:\\\/\\\/www.boxrepsol.com\\\/es\\\/\",\"name\":\"Box Repsol\",\"description\":\"Box Repsol Site\",\"publisher\":{\"@id\":\"https:\\\/\\\/www.boxrepsol.com\\\/es\\\/#organization\"},\"potentialAction\":[{\"@type\":\"SearchAction\",\"target\":{\"@type\":\"EntryPoint\",\"urlTemplate\":\"https:\\\/\\\/www.boxrepsol.com\\\/es\\\/?s={search_term_string}\"},\"query-input\":{\"@type\":\"PropertyValueSpecification\",\"valueRequired\":true,\"valueName\":\"search_term_string\"}}],\"inLanguage\":\"es\"},{\"@type\":\"Organization\",\"@id\":\"https:\\\/\\\/www.boxrepsol.com\\\/es\\\/#organization\",\"name\":\"Box Repsol\",\"url\":\"https:\\\/\\\/www.boxrepsol.com\\\/es\\\/\",\"logo\":{\"@type\":\"ImageObject\",\"inLanguage\":\"es\",\"@id\":\"https:\\\/\\\/www.boxrepsol.com\\\/es\\\/#\\\/schema\\\/logo\\\/image\\\/\",\"url\":\"https:\\\/\\\/bxrepsol.s3.eu-west-1.amazonaws.com\\\/static\\\/2025\\\/07\\\/30083337\\\/favicon-96x96-1.png\",\"contentUrl\":\"https:\\\/\\\/bxrepsol.s3.eu-west-1.amazonaws.com\\\/static\\\/2025\\\/07\\\/30083337\\\/favicon-96x96-1.png\",\"width\":96,\"height\":96,\"caption\":\"Box Repsol\"},\"image\":{\"@id\":\"https:\\\/\\\/www.boxrepsol.com\\\/es\\\/#\\\/schema\\\/logo\\\/image\\\/\"},\"sameAs\":[\"https:\\\/\\\/www.facebook.com\\\/BoxRepsol\",\"https:\\\/\\\/x.com\\\/box_repsol\",\"http:\\\/\\\/instagram.com\\\/box_repsol\",\"https:\\\/\\\/www.youtube.com\\\/user\\\/RepsolCompeticion\",\"https:\\\/\\\/www.flickr.com\\\/photos\\\/box_repsol\\\/\"]},{\"@type\":\"Person\",\"@id\":\"https:\\\/\\\/www.boxrepsol.com\\\/es\\\/#\\\/schema\\\/person\\\/c5c2138f2cca251b0ad92b7086bb60b7\",\"name\":\"Redacci\u00f3n Box Repsol\",\"image\":{\"@type\":\"ImageObject\",\"inLanguage\":\"es\",\"@id\":\"https:\\\/\\\/secure.gravatar.com\\\/avatar\\\/adf7b77e38b4419baf32c7e9c21dde01f4e40df611f0978e3006fc4ba0aaab7e?s=96&d=mm&r=g\",\"url\":\"https:\\\/\\\/secure.gravatar.com\\\/avatar\\\/adf7b77e38b4419baf32c7e9c21dde01f4e40df611f0978e3006fc4ba0aaab7e?s=96&d=mm&r=g\",\"contentUrl\":\"https:\\\/\\\/secure.gravatar.com\\\/avatar\\\/adf7b77e38b4419baf32c7e9c21dde01f4e40df611f0978e3006fc4ba0aaab7e?s=96&d=mm&r=g\",\"caption\":\"Redacci\u00f3n Box Repsol\"},\"description\":\"Box Repsol lo forma un equipo de periodistas, community managers, dise\u00f1adores y fot\u00f3grafos con m\u00e1s de 20 a\u00f1os de experiencia en el mundo del motorsport. Hemos vivido el primer mundial de un espa\u00f1ol en la categor\u00eda reina de motociclismo con \u00c1lex Crivill\u00e9, estuvimos en las victorias de Pedrosa y los t\u00edtulos de M\u00e1rquez, acompa\u00f1amos en \u00c1frica a Nani Roma y Marc Coma en sus conquistas del Dakar y hemos vibrado con los t\u00edtulos de Toni Bou en Trial. Adem\u00e1s, en nuestro equipo contamos con expertos en el mundo de las dos y cuatro ruedas tanto de la calle y las carreteras, como de los circuitos. Periodistas que han trabajado en revistas y publicaciones para hacerte llegar desde rutas y consejos de mantenimiento, a curiosidades y trucos de pilotaje.\",\"sameAs\":[\"https:\\\/\\\/www.facebook.com\\\/BoxRepsol\\\/\",\"https:\\\/\\\/www.instagram.com\\\/box_repsol\\\/\",\"https:\\\/\\\/x.com\\\/https:\\\/\\\/twitter.com\\\/box_repsol\",\"https:\\\/\\\/www.youtube.com\\\/@Boxrepsol\"],\"url\":\"https:\\\/\\\/www.boxrepsol.com\\\/es\\\/author\\\/redaccion-box-repsol\\\/\"}]}<\/script>\n<!-- \/ Yoast SEO plugin. -->","yoast_head_json":{"title":"Resultados y resumen del X-Trial de Wiener Neustadt 2025 - Box Repsol","description":"Consulta aqu\u00ed los resultados y el resumen de la carrera del X-Trial de Wiener Neustadt 2025.","canonical":"https:\/\/www.boxrepsol.com\/es\/trial\/resumen-y-resultados-del-x-trial-de-wiener-neustadt-2025\/","og_locale":"es_ES","og_type":"article","og_title":"Resultados y resumen del X-Trial de Wiener Neustadt 2025 - Box Repsol","og_description":"Consulta aqu\u00ed los resultados y el resumen de la carrera del X-Trial de Wiener Neustadt 2025.","og_url":"https:\/\/www.boxrepsol.com\/es\/trial\/resumen-y-resultados-del-x-trial-de-wiener-neustadt-2025\/","og_site_name":"Box Repsol","article_publisher":"https:\/\/www.facebook.com\/BoxRepsol","article_author":"https:\/\/www.facebook.com\/BoxRepsol\/","article_published_time":"2025-03-15T22:37:27+00:00","article_modified_time":"2025-03-15T22:47:08+00:00","og_image":[{"width":1200,"height":600,"url":"https:\/\/bxrepsol.s3.eu-west-1.amazonaws.com\/static\/2025\/03\/15194443\/Portada-1.png","type":"image\/png"}],"author":"Redacci\u00f3n Box Repsol","twitter_card":"summary_large_image","twitter_creator":"@https:\/\/twitter.com\/box_repsol","twitter_site":"@box_repsol","twitter_misc":{"Written by":"Redacci\u00f3n Box Repsol","Est. reading time":"4 minutos"},"schema":{"@context":"https:\/\/schema.org","@graph":[{"@type":"Article","@id":"https:\/\/www.boxrepsol.com\/es\/trial\/resumen-y-resultados-del-x-trial-de-wiener-neustadt-2025\/#article","isPartOf":{"@id":"https:\/\/www.boxrepsol.com\/es\/trial\/resumen-y-resultados-del-x-trial-de-wiener-neustadt-2025\/"},"author":{"name":"Redacci\u00f3n Box Repsol","@id":"https:\/\/www.boxrepsol.com\/es\/#\/schema\/person\/c5c2138f2cca251b0ad92b7086bb60b7"},"headline":"Resultados y resumen del X-Trial de Wiener Neustadt 2025","datePublished":"2025-03-15T22:37:27+00:00","dateModified":"2025-03-15T22:47:08+00:00","mainEntityOfPage":{"@id":"https:\/\/www.boxrepsol.com\/es\/trial\/resumen-y-resultados-del-x-trial-de-wiener-neustadt-2025\/"},"wordCount":798,"commentCount":0,"publisher":{"@id":"https:\/\/www.boxrepsol.com\/es\/#organization"},"image":{"@id":"https:\/\/www.boxrepsol.com\/es\/trial\/resumen-y-resultados-del-x-trial-de-wiener-neustadt-2025\/#primaryimage"},"thumbnailUrl":"https:\/\/bxrepsol.s3.eu-west-1.amazonaws.com\/static\/2025\/03\/15194443\/Portada-1.png","keywords":["Gabri Marcelli","Resultados","Toni Bou","X-Trial 2025","X-TRIAL Wiener Neustadt"],"articleSection":["Trial"],"inLanguage":"es","potentialAction":[{"@type":"CommentAction","name":"Comment","target":["https:\/\/www.boxrepsol.com\/es\/trial\/resumen-y-resultados-del-x-trial-de-wiener-neustadt-2025\/#respond"]}]},{"@type":"WebPage","@id":"https:\/\/www.boxrepsol.com\/es\/trial\/resumen-y-resultados-del-x-trial-de-wiener-neustadt-2025\/","url":"https:\/\/www.boxrepsol.com\/es\/trial\/resumen-y-resultados-del-x-trial-de-wiener-neustadt-2025\/","name":"Resultados y resumen del X-Trial de Wiener Neustadt 2025 - Box Repsol","isPartOf":{"@id":"https:\/\/www.boxrepsol.com\/es\/#website"},"primaryImageOfPage":{"@id":"https:\/\/www.boxrepsol.com\/es\/trial\/resumen-y-resultados-del-x-trial-de-wiener-neustadt-2025\/#primaryimage"},"image":{"@id":"https:\/\/www.boxrepsol.com\/es\/trial\/resumen-y-resultados-del-x-trial-de-wiener-neustadt-2025\/#primaryimage"},"thumbnailUrl":"https:\/\/bxrepsol.s3.eu-west-1.amazonaws.com\/static\/2025\/03\/15194443\/Portada-1.png","datePublished":"2025-03-15T22:37:27+00:00","dateModified":"2025-03-15T22:47:08+00:00","description":"Consulta aqu\u00ed los resultados y el resumen de la carrera del X-Trial de Wiener Neustadt 2025.","breadcrumb":{"@id":"https:\/\/www.boxrepsol.com\/es\/trial\/resumen-y-resultados-del-x-trial-de-wiener-neustadt-2025\/#breadcrumb"},"inLanguage":"es","potentialAction":[{"@type":"ReadAction","target":["https:\/\/www.boxrepsol.com\/es\/trial\/resumen-y-resultados-del-x-trial-de-wiener-neustadt-2025\/"]}]},{"@type":"ImageObject","inLanguage":"es","@id":"https:\/\/www.boxrepsol.com\/es\/trial\/resumen-y-resultados-del-x-trial-de-wiener-neustadt-2025\/#primaryimage","url":"https:\/\/bxrepsol.s3.eu-west-1.amazonaws.com\/static\/2025\/03\/15194443\/Portada-1.png","contentUrl":"https:\/\/bxrepsol.s3.eu-west-1.amazonaws.com\/static\/2025\/03\/15194443\/Portada-1.png","width":1200,"height":600},{"@type":"BreadcrumbList","@id":"https:\/\/www.boxrepsol.com\/es\/trial\/resumen-y-resultados-del-x-trial-de-wiener-neustadt-2025\/#breadcrumb","itemListElement":[{"@type":"ListItem","position":1,"name":"Home","item":"https:\/\/www.boxrepsol.com\/es\/"},{"@type":"ListItem","position":2,"name":"Resultados y resumen del X-Trial de Wiener Neustadt 2025"}]},{"@type":"WebSite","@id":"https:\/\/www.boxrepsol.com\/es\/#website","url":"https:\/\/www.boxrepsol.com\/es\/","name":"Box Repsol","description":"Box Repsol Site","publisher":{"@id":"https:\/\/www.boxrepsol.com\/es\/#organization"},"potentialAction":[{"@type":"SearchAction","target":{"@type":"EntryPoint","urlTemplate":"https:\/\/www.boxrepsol.com\/es\/?s={search_term_string}"},"query-input":{"@type":"PropertyValueSpecification","valueRequired":true,"valueName":"search_term_string"}}],"inLanguage":"es"},{"@type":"Organization","@id":"https:\/\/www.boxrepsol.com\/es\/#organization","name":"Box Repsol","url":"https:\/\/www.boxrepsol.com\/es\/","logo":{"@type":"ImageObject","inLanguage":"es","@id":"https:\/\/www.boxrepsol.com\/es\/#\/schema\/logo\/image\/","url":"https:\/\/bxrepsol.s3.eu-west-1.amazonaws.com\/static\/2025\/07\/30083337\/favicon-96x96-1.png","contentUrl":"https:\/\/bxrepsol.s3.eu-west-1.amazonaws.com\/static\/2025\/07\/30083337\/favicon-96x96-1.png","width":96,"height":96,"caption":"Box Repsol"},"image":{"@id":"https:\/\/www.boxrepsol.com\/es\/#\/schema\/logo\/image\/"},"sameAs":["https:\/\/www.facebook.com\/BoxRepsol","https:\/\/x.com\/box_repsol","http:\/\/instagram.com\/box_repsol","https:\/\/www.youtube.com\/user\/RepsolCompeticion","https:\/\/www.flickr.com\/photos\/box_repsol\/"]},{"@type":"Person","@id":"https:\/\/www.boxrepsol.com\/es\/#\/schema\/person\/c5c2138f2cca251b0ad92b7086bb60b7","name":"Redacci\u00f3n Box Repsol","image":{"@type":"ImageObject","inLanguage":"es","@id":"https:\/\/secure.gravatar.com\/avatar\/adf7b77e38b4419baf32c7e9c21dde01f4e40df611f0978e3006fc4ba0aaab7e?s=96&d=mm&r=g","url":"https:\/\/secure.gravatar.com\/avatar\/adf7b77e38b4419baf32c7e9c21dde01f4e40df611f0978e3006fc4ba0aaab7e?s=96&d=mm&r=g","contentUrl":"https:\/\/secure.gravatar.com\/avatar\/adf7b77e38b4419baf32c7e9c21dde01f4e40df611f0978e3006fc4ba0aaab7e?s=96&d=mm&r=g","caption":"Redacci\u00f3n Box Repsol"},"description":"Box Repsol lo forma un equipo de periodistas, community managers, dise\u00f1adores y fot\u00f3grafos con m\u00e1s de 20 a\u00f1os de experiencia en el mundo del motorsport. Hemos vivido el primer mundial de un espa\u00f1ol en la categor\u00eda reina de motociclismo con \u00c1lex Crivill\u00e9, estuvimos en las victorias de Pedrosa y los t\u00edtulos de M\u00e1rquez, acompa\u00f1amos en \u00c1frica a Nani Roma y Marc Coma en sus conquistas del Dakar y hemos vibrado con los t\u00edtulos de Toni Bou en Trial. Adem\u00e1s, en nuestro equipo contamos con expertos en el mundo de las dos y cuatro ruedas tanto de la calle y las carreteras, como de los circuitos. Periodistas que han trabajado en revistas y publicaciones para hacerte llegar desde rutas y consejos de mantenimiento, a curiosidades y trucos de pilotaje.","sameAs":["https:\/\/www.facebook.com\/BoxRepsol\/","https:\/\/www.instagram.com\/box_repsol\/","https:\/\/x.com\/https:\/\/twitter.com\/box_repsol","https:\/\/www.youtube.com\/@Boxrepsol"],"url":"https:\/\/www.boxrepsol.com\/es\/author\/redaccion-box-repsol\/"}]}},"_links":{"self":[{"href":"https:\/\/www.boxrepsol.com\/es\/wp-json\/wp\/v2\/posts\/124252","targetHints":{"allow":["GET"]}}],"collection":[{"href":"https:\/\/www.boxrepsol.com\/es\/wp-json\/wp\/v2\/posts"}],"about":[{"href":"https:\/\/www.boxrepsol.com\/es\/wp-json\/wp\/v2\/types\/post"}],"author":[{"embeddable":true,"href":"https:\/\/www.boxrepsol.com\/es\/wp-json\/wp\/v2\/users\/43146"}],"replies":[{"embeddable":true,"href":"https:\/\/www.boxrepsol.com\/es\/wp-json\/wp\/v2\/comments?post=124252"}],"version-history":[{"count":8,"href":"https:\/\/www.boxrepsol.com\/es\/wp-json\/wp\/v2\/posts\/124252\/revisions"}],"predecessor-version":[{"id":124332,"href":"https:\/\/www.boxrepsol.com\/es\/wp-json\/wp\/v2\/posts\/124252\/revisions\/124332"}],"wp:featuredmedia":[{"embeddable":true,"href":"https:\/\/www.boxrepsol.com\/es\/wp-json\/wp\/v2\/media\/124315"}],"wp:attachment":[{"href":"https:\/\/www.boxrepsol.com\/es\/wp-json\/wp\/v2\/media?parent=124252"}],"wp:term":[{"taxonomy":"category","embeddable":true,"href":"https:\/\/www.boxrepsol.com\/es\/wp-json\/wp\/v2\/categories?post=124252"},{"taxonomy":"post_tag","embeddable":true,"href":"https:\/\/www.boxrepsol.com\/es\/wp-json\/wp\/v2\/tags?post=124252"}],"curies":[{"name":"wp","href":"https:\/\/api.w.org\/{rel}","templated":true}]}}