{"id":124090,"date":"2025-02-18T09:10:42","date_gmt":"2025-02-18T11:10:42","guid":{"rendered":"https:\/\/www.boxrepsol.com\/?p=124090"},"modified":"2025-02-20T11:17:52","modified_gmt":"2025-02-20T13:17:52","slug":"luces-de-posicion","status":"publish","type":"post","link":"https:\/\/www.boxrepsol.com\/es\/vive-tu-moto\/luces-de-posicion\/","title":{"rendered":"Luces de posici\u00f3n: qu\u00e9 son y cu\u00e1ndo utilizarlas"},"content":{"rendered":"<figure class=\"wp-block-post-featured-image\"><img loading=\"lazy\" decoding=\"async\" width=\"1200\" height=\"600\" src=\"https:\/\/bxrepsol.s3.eu-west-1.amazonaws.com\/static\/2025\/02\/18072409\/Foto-principal-Luces-posicion.jpg\" class=\"attachment-post-thumbnail size-post-thumbnail wp-post-image\" alt=\"Ciudad de noche iluminada con coches\" style=\"object-fit:cover;\" srcset=\"https:\/\/bxrepsol.s3.eu-west-1.amazonaws.com\/static\/2025\/02\/18072409\/Foto-principal-Luces-posicion.jpg 1200w, https:\/\/bxrepsol.s3.eu-west-1.amazonaws.com\/static\/2025\/02\/18072409\/Foto-principal-Luces-posicion-300x150.jpg 300w, https:\/\/bxrepsol.s3.eu-west-1.amazonaws.com\/static\/2025\/02\/18072409\/Foto-principal-Luces-posicion-1024x512.jpg 1024w, https:\/\/bxrepsol.s3.eu-west-1.amazonaws.com\/static\/2025\/02\/18072409\/Foto-principal-Luces-posicion-768x384.jpg 768w\" sizes=\"auto, (max-width: 1200px) 100vw, 1200px\" \/><\/figure>\n\n\n<p>El sistema de iluminaci\u00f3n de los veh\u00edculos siempre es importante, <strong>pero en una moto lo es mucho m\u00e1s.<\/strong> No s\u00f3lo porque gracias a ellas puedes ver y poder circular por la noche, pero sobre todo porque te permite ser visto con suficiente nitidez. Ahora que la iluminaci\u00f3n diurna se ha hecho presente en todos los veh\u00edculos, casi no nos damos cuenta de la relevancia que tiene el uso de esa iluminaci\u00f3n en las motos. La reducida silueta de una moto puede perderse en el paisaje de fondo, <strong>pero la luz de sus faros hace que sea visible a larga distancia<\/strong>, lo que contribuye a incrementar su seguridad, de ah\u00ed que, hist\u00f3ricamente, el uso de la luz de cruce en las motos fuera algo no s\u00f3lo habitual sino obligatorio.<\/p>\n\n\n\n<div id=\"ez-toc-container\" class=\"ez-toc-v2_0_82_2 counter-hierarchy ez-toc-counter ez-toc-grey ez-toc-container-direction\">\n<div class=\"ez-toc-title-container\">\n<p class=\"ez-toc-title\" style=\"cursor:inherit\">\u00cdndice<\/p>\n<span class=\"ez-toc-title-toggle\"><a href=\"#\" class=\"ez-toc-pull-right ez-toc-btn ez-toc-btn-xs ez-toc-btn-default ez-toc-toggle\" aria-label=\"Toggle Table of Content\"><span class=\"ez-toc-js-icon-con\"><span class=\"\"><span class=\"eztoc-hide\" style=\"display:none;\">Toggle<\/span><span class=\"ez-toc-icon-toggle-span\"><svg style=\"fill: #999;color:#999\" xmlns=\"http:\/\/www.w3.org\/2000\/svg\" class=\"list-377408\" width=\"20px\" height=\"20px\" viewBox=\"0 0 24 24\" fill=\"none\"><path d=\"M6 6H4v2h2V6zm14 0H8v2h12V6zM4 11h2v2H4v-2zm16 0H8v2h12v-2zM4 16h2v2H4v-2zm16 0H8v2h12v-2z\" fill=\"currentColor\"><\/path><\/svg><svg style=\"fill: #999;color:#999\" class=\"arrow-unsorted-368013\" xmlns=\"http:\/\/www.w3.org\/2000\/svg\" width=\"10px\" height=\"10px\" viewBox=\"0 0 24 24\" version=\"1.2\" baseProfile=\"tiny\"><path d=\"M18.2 9.3l-6.2-6.3-6.2 6.3c-.2.2-.3.4-.3.7s.1.5.3.7c.2.2.4.3.7.3h11c.3 0 .5-.1.7-.3.2-.2.3-.5.3-.7s-.1-.5-.3-.7zM5.8 14.7l6.2 6.3 6.2-6.3c.2-.2.3-.5.3-.7s-.1-.5-.3-.7c-.2-.2-.4-.3-.7-.3h-11c-.3 0-.5.1-.7.3-.2.2-.3.5-.3.7s.1.5.3.7z\"\/><\/svg><\/span><\/span><\/span><\/a><\/span><\/div>\n<nav><ul class='ez-toc-list ez-toc-list-level-1 ' ><li class='ez-toc-page-1 ez-toc-heading-level-2'><a class=\"ez-toc-link ez-toc-heading-1\" href=\"https:\/\/www.boxrepsol.com\/es\/vive-tu-moto\/luces-de-posicion\/#%C2%BFQue_son_las_luces_de_posicion\" >\u00bfQu\u00e9 son las luces de posici\u00f3n?<\/a><\/li><li class='ez-toc-page-1 ez-toc-heading-level-2'><a class=\"ez-toc-link ez-toc-heading-2\" href=\"https:\/\/www.boxrepsol.com\/es\/vive-tu-moto\/luces-de-posicion\/#%C2%BFCuando_se_deben_usar_las_luces_de_posicion\" >\u00bfCu\u00e1ndo se deben usar las luces de posici\u00f3n?<\/a><\/li><li class='ez-toc-page-1 ez-toc-heading-level-2'><a class=\"ez-toc-link ez-toc-heading-3\" href=\"https:\/\/www.boxrepsol.com\/es\/vive-tu-moto\/luces-de-posicion\/#Diferencias_entre_luces_de_posicion_cruce_y_largas\" >Diferencias entre luces de posici\u00f3n, cruce y largas<\/a><ul class='ez-toc-list-level-3' ><li class='ez-toc-heading-level-3'><a class=\"ez-toc-link ez-toc-heading-4\" href=\"https:\/\/www.boxrepsol.com\/es\/vive-tu-moto\/luces-de-posicion\/#Luces_de_cruce\" >Luces de cruce<\/a><\/li><li class='ez-toc-page-1 ez-toc-heading-level-3'><a class=\"ez-toc-link ez-toc-heading-5\" href=\"https:\/\/www.boxrepsol.com\/es\/vive-tu-moto\/luces-de-posicion\/#Luces_largas_o_de_carretera\" >Luces largas o de carretera<\/a><\/li><\/ul><\/li><li class='ez-toc-page-1 ez-toc-heading-level-2'><a class=\"ez-toc-link ez-toc-heading-6\" href=\"https:\/\/www.boxrepsol.com\/es\/vive-tu-moto\/luces-de-posicion\/#%C2%BFComo_comprobar_si_las_luces_de_posicion_funcionan_correctamente\" >\u00bfC\u00f3mo comprobar si las luces de posici\u00f3n funcionan correctamente?<\/a><\/li><\/ul><\/nav><\/div>\n<h2 class=\"wp-block-heading\"><span class=\"ez-toc-section\" id=\"%C2%BFQue_son_las_luces_de_posicion\"><\/span><strong>\u00bfQu\u00e9 son las luces de posici\u00f3n?<\/strong><span class=\"ez-toc-section-end\"><\/span><\/h2>\n\n\n\n<p>Las <strong>luces de posici\u00f3n<\/strong> son indicadores que permiten&nbsp;informar de noche acerca de las dimensiones de un veh\u00edculo,&nbsp;as\u00ed como su posici\u00f3n en la carretera. Son delanteras y traseras y <strong>ayudan a delimitar el \u00e1rea que ocupa nuestro veh\u00edculo<\/strong>. Al tratarse de una moto la delimitaci\u00f3n de los espacios es m\u00e1s sencilla, dada la reducida anchura de una moto.<\/p>\n\n\n\n<figure class=\"wp-block-image size-full\"><img loading=\"lazy\" decoding=\"async\" width=\"600\" height=\"400\" src=\"https:\/\/bxrepsol.s3.eu-west-1.amazonaws.com\/static\/2025\/02\/18072416\/Luces-posicion-2.jpg\" alt=\"Interior coche en conducci\u00f3n nocturna con luces activadas\" class=\"wp-image-124088\" srcset=\"https:\/\/bxrepsol.s3.eu-west-1.amazonaws.com\/static\/2025\/02\/18072416\/Luces-posicion-2.jpg 600w, https:\/\/bxrepsol.s3.eu-west-1.amazonaws.com\/static\/2025\/02\/18072416\/Luces-posicion-2-300x200.jpg 300w\" sizes=\"auto, (max-width: 600px) 100vw, 600px\" \/><\/figure>\n\n\n\n<p>El objetivo de esta iluminaci\u00f3n no es ofrecer visibilidad para la conducci\u00f3n, sino que <strong>sirva para indicar la ubicaci\u00f3n del veh\u00edculo<\/strong> en la calzada. Esto es especialmente \u00fatil cuando se trata de veh\u00edculos pesados y de grandes dimensiones porque disminuye el riesgo de colisi\u00f3n, pero no es menos importante en las motos, cuyos ocupantes forman parte del colectivo de usuarios vulnerables de las v\u00edas de comunicaci\u00f3n.<\/p>\n\n\n\n<h2 class=\"wp-block-heading\"><span class=\"ez-toc-section\" id=\"%C2%BFCuando_se_deben_usar_las_luces_de_posicion\"><\/span><strong>\u00bfCu\u00e1ndo se deben usar las luces de posici\u00f3n?<\/strong><span class=\"ez-toc-section-end\"><\/span><\/h2>\n\n\n\n<p>En moto, <strong>las luces de posici\u00f3n se deben activar siempre<\/strong>, ya sea de d\u00eda o de noche, y se emplean en conjunto con las luces de cruce cuando se va a circular de noche, cuando hay condiciones clim\u00e1ticas adversas de visibilidad, o cuando nos detengamos.<\/p>\n\n\n\n<figure class=\"wp-block-image size-full\"><img loading=\"lazy\" decoding=\"async\" width=\"600\" height=\"400\" src=\"https:\/\/bxrepsol.s3.eu-west-1.amazonaws.com\/static\/2025\/02\/18072412\/Luces-posicion-3.jpg\" alt=\"Coche de noche por carretera con luces antiniebla\" class=\"wp-image-124086\" srcset=\"https:\/\/bxrepsol.s3.eu-west-1.amazonaws.com\/static\/2025\/02\/18072412\/Luces-posicion-3.jpg 600w, https:\/\/bxrepsol.s3.eu-west-1.amazonaws.com\/static\/2025\/02\/18072412\/Luces-posicion-3-300x200.jpg 300w\" sizes=\"auto, (max-width: 600px) 100vw, 600px\" \/><\/figure>\n\n\n\n<p>Hay <strong>diferentes tipos de luces de posici\u00f3n<\/strong> que se diferencian entre s\u00ed por los colores que se utilizan. Las luces de posici\u00f3n delanteras son de color blanco, pueden ser de tipo decorativo porque no cumplen la funci\u00f3n de iluminar la calzada, sino que simplemente se\u00f1alizan la presencia de la moto. Las luces de posici\u00f3n traseras son de color rojo.<\/p>\n\n\n\n<p>En algunos veh\u00edculos hay luces de posici\u00f3n laterales de color amarillo, pero en el caso de las motos, por su reducida longitud, se suelen colocar <a href=\"https:\/\/www.boxrepsol.com\/es\/tecnologia\/catadioptrico-de-moto\/\">catadi\u00f3ptricos<\/a> tanto a la altura del eje delantero como del eje trasero que cumplen con esa funci\u00f3n.<\/p>\n\n\n\n<p>Por norma general, las motos, <a href=\"https:\/\/www.boxrepsol.com\/es\/vive-tu-moto\/todo-lo-que-necesitas-saber-sobre-ciclomotores-en-espana\/\">los ciclomotores<\/a>, los triciclos y cuadriciclos, veh\u00edculos de la categor\u00eda L, pueden disponer de&nbsp;1 o 2 luces delanteras y una trasera, aunque en algunos casos se pueden exigir dos luces de posici\u00f3n tanto delante como detr\u00e1s.<\/p>\n\n\n\n<figure class=\"wp-block-image size-full\"><img loading=\"lazy\" decoding=\"async\" width=\"600\" height=\"400\" src=\"https:\/\/bxrepsol.s3.eu-west-1.amazonaws.com\/static\/2025\/02\/18072402\/Luces-de-posicion-4.jpg\" alt=\"Piloto en moto de carretera en d\u00eda soleado\" class=\"wp-image-124080\" srcset=\"https:\/\/bxrepsol.s3.eu-west-1.amazonaws.com\/static\/2025\/02\/18072402\/Luces-de-posicion-4.jpg 600w, https:\/\/bxrepsol.s3.eu-west-1.amazonaws.com\/static\/2025\/02\/18072402\/Luces-de-posicion-4-300x200.jpg 300w\" sizes=\"auto, (max-width: 600px) 100vw, 600px\" \/><\/figure>\n\n\n\n<p><\/p>\n\n\n\n<h2 class=\"wp-block-heading\"><span class=\"ez-toc-section\" id=\"Diferencias_entre_luces_de_posicion_cruce_y_largas\"><\/span><strong>Diferencias entre luces de posici\u00f3n, cruce y largas<\/strong><span class=\"ez-toc-section-end\"><\/span><\/h2>\n\n\n\n<p>Como hemos dicho antes, <strong>las luces de posici\u00f3n son las m\u00e1s b\u00e1sicas<\/strong>, que siempre van encendidas cuando activamos las cortas, las largas o <a href=\"https:\/\/www.boxrepsol.com\/es\/vive-tu-moto\/luces-antiniebla-para-motos-como-y-cuando-utilizarlas\/\">las luces antiniebla<\/a>, y se emplean para ofrecen una mejor indicaci\u00f3n sobre la situaci\u00f3n de nuestra moto al resto de los veh\u00edculos.<\/p>\n\n\n\n<h3 class=\"wp-block-heading\"><span class=\"ez-toc-section\" id=\"Luces_de_cruce\"><\/span><strong>Luces de cruce<\/strong><span class=\"ez-toc-section-end\"><\/span><\/h3>\n\n\n\n<p>Las luces de cruce o luces cortas&nbsp;<strong>se deben encender de noche y en cualquier v\u00eda.<\/strong> Si adem\u00e1s hay niebla, llueve torrencialmente, nieva, o nos vemos envueltos por nubes de polvo y humo, tambi\u00e9n se deber\u00e1n activar. Dada su funci\u00f3n y orientaci\u00f3n se pueden llevar encendidas de d\u00eda puesto que no deslumbran a otros veh\u00edculos. Tambi\u00e9n se deben emplear al atravesar&nbsp;t\u00faneles, o al circular por <a href=\"https:\/\/www.boxrepsol.com\/es\/cultura-motera\/como-circular-carril-reversible\/\">carriles reversibles<\/a>, adicionales&nbsp;y otros habilitados para circular en sentido contrario, a cualquier hora del d\u00eda.<\/p>\n\n\n\n<h3 class=\"wp-block-heading\"><span class=\"ez-toc-section\" id=\"Luces_largas_o_de_carretera\"><\/span><strong> Luces largas o de carretera<\/strong><span class=\"ez-toc-section-end\"><\/span><\/h3>\n\n\n\n<p>Las luces largas o de carretera <strong>s\u00f3lo se utilizan de noche y&nbsp;en carreteras con poca iluminaci\u00f3n.<\/strong> La norma dice que se deben activar cuando circulando siempre a m\u00e1s de 40 km\/h no leamos la matr\u00edcula del veh\u00edculo que nos precede a diez metros o un veh\u00edculo de color oscuro a 50 metros.<\/p>\n\n\n\n<figure class=\"wp-block-image size-full\"><img loading=\"lazy\" decoding=\"async\" width=\"600\" height=\"400\" src=\"https:\/\/bxrepsol.s3.eu-west-1.amazonaws.com\/static\/2025\/02\/18072405\/Luces-de-posicion-5.jpg\" alt=\"Interior de coche carretera con niebla y luces antiniebla\" class=\"wp-image-124082\" srcset=\"https:\/\/bxrepsol.s3.eu-west-1.amazonaws.com\/static\/2025\/02\/18072405\/Luces-de-posicion-5.jpg 600w, https:\/\/bxrepsol.s3.eu-west-1.amazonaws.com\/static\/2025\/02\/18072405\/Luces-de-posicion-5-300x200.jpg 300w\" sizes=\"auto, (max-width: 600px) 100vw, 600px\" \/><\/figure>\n\n\n\n<p><\/p>\n\n\n\n<h2 class=\"wp-block-heading\"><span class=\"ez-toc-section\" id=\"%C2%BFComo_comprobar_si_las_luces_de_posicion_funcionan_correctamente\"><\/span><strong>\u00bfC\u00f3mo comprobar si las luces de posici\u00f3n funcionan correctamente?<\/strong><span class=\"ez-toc-section-end\"><\/span><\/h2>\n\n\n\n<p>Los nuevos <strong>sistemas de iluminaci\u00f3n por LED<\/strong> han reducido algunos de los problemas de funcionamiento t\u00edpicos de las luces de posici\u00f3n, por lo general motivados por haberse fundido su bombilla. En ocasiones el problema se encontraba en el fallo de un fusible, con lo que bastaba con la sustituci\u00f3n del mismo, siguiendo las indicaciones del manual de mantenimiento de la moto.<\/p>\n\n\n\n<p>Es importante asegurar su correcto funcionamiento porque un <strong>mal uso del sistema de iluminaci\u00f3n puede ser objeto de multa.<\/strong> En la <a href=\"https:\/\/www.boxrepsol.com\/es\/vive-tu-moto\/itv-desfavorable-causas-y-plazos\/\">revisi\u00f3n peri\u00f3dica de la ITV<\/a> este es uno de los puntos m\u00e1s frecuentes en los que se detectan anomal\u00edas susceptibles de rechazar el veh\u00edculo. A veces simplemente se se\u00f1ala como una deficiencia leve, y la propia estaci\u00f3n de ITV te indica la necesidad de cambiar la bombilla fundida, pero cuando la apariencia del problema es mayor, la deficiencia adquiere una categor\u00eda m\u00e1s grave y <strong>nos obligar\u00e1 a retirar la moto de la circulaci\u00f3n<\/strong> hasta subsanar el fallo.<\/p>\n\n\n\n<p>Tambi\u00e9n es importante recordar que no emplear la luz de posici\u00f3n o circular con el faro averiado o la bombilla fundida en un faro, es motivo de sanci\u00f3n. <strong>La multa por circular con un faro fundido es de 200 euros,<\/strong> y en caso de que circules con las luces apagadas en circunstancias de poca visibilidad donde sea obligatorio su uso, tambi\u00e9n puede conllevar a una sanci\u00f3n de 200 euros.<\/p>\n\n\n\n<p>Aunque, lo de menos es la multa en s\u00ed mismo, porque lo que de verdad importa es el <strong>riesgo para tu seguridad <\/strong>por no circular con la iluminaci\u00f3n en condiciones adecuadas, no tanto por que reste capacidad para poder ver a la hora de circular, sino porque reduce las posibilidades de ser visto por otros conductores.<\/p>\n","protected":false},"excerpt":{"rendered":"<p>Las\u00a0luces de posici\u00f3n\u00a0son una parte indispensable del sistema de iluminaci\u00f3n de tu moto, es un elemento de seguridad, pero tambi\u00e9n su mal uso puede acarrear multas importantes.<\/p>\n","protected":false},"author":41268,"featured_media":124084,"comment_status":"open","ping_status":"closed","sticky":false,"template":"","format":"standard","meta":{"footnotes":""},"categories":[122],"tags":[390,346],"class_list":["post-124090","post","type-post","status-publish","format-standard","hentry","category-vive-tu-moto","tag-partes-de-la-moto","tag-seguridad"],"yoast_head":"<!-- This site is optimized with the Yoast SEO plugin v27.3 - https:\/\/yoast.com\/product\/yoast-seo-wordpress\/ -->\n<title>Luces de posici\u00f3n: \u00bfqu\u00e9 son y cu\u00e1ndo ponerlas? - Box Repsol<\/title>\n<meta name=\"description\" content=\"Descubre qu\u00e9 son las luces de posici\u00f3n, c\u00f3mo y cu\u00e1ndo utilizarlas para una conducci\u00f3n segura: cruces, largas, de carretera o antiniebla\" \/>\n<link rel=\"canonical\" href=\"https:\/\/www.boxrepsol.com\/es\/vive-tu-moto\/luces-de-posicion\/\" \/>\n<meta property=\"og:locale\" content=\"es_ES\" \/>\n<meta property=\"og:type\" content=\"article\" \/>\n<meta property=\"og:title\" content=\"Luces de posici\u00f3n: \u00bfqu\u00e9 son y cu\u00e1ndo ponerlas? - Box Repsol\" \/>\n<meta property=\"og:description\" content=\"Descubre qu\u00e9 son las luces de posici\u00f3n, c\u00f3mo y cu\u00e1ndo utilizarlas para una conducci\u00f3n segura: cruces, largas, de carretera o antiniebla\" \/>\n<meta property=\"og:url\" content=\"https:\/\/www.boxrepsol.com\/es\/vive-tu-moto\/luces-de-posicion\/\" \/>\n<meta property=\"og:site_name\" content=\"Box Repsol\" \/>\n<meta property=\"article:publisher\" content=\"https:\/\/www.facebook.com\/BoxRepsol\" \/>\n<meta property=\"article:published_time\" content=\"2025-02-18T11:10:42+00:00\" \/>\n<meta property=\"article:modified_time\" content=\"2025-02-20T13:17:52+00:00\" \/>\n<meta property=\"og:image\" content=\"https:\/\/bxrepsol.s3.eu-west-1.amazonaws.com\/static\/2025\/02\/18072409\/Foto-principal-Luces-posicion.jpg\" \/>\n\t<meta property=\"og:image:width\" content=\"1200\" \/>\n\t<meta property=\"og:image:height\" content=\"600\" \/>\n\t<meta property=\"og:image:type\" content=\"image\/jpeg\" \/>\n<meta name=\"author\" content=\"Juan Pedro de la Torre\" \/>\n<meta name=\"twitter:card\" content=\"summary_large_image\" \/>\n<meta name=\"twitter:creator\" content=\"@https:\/\/twitter.com\/JPdelaTorre1965\" \/>\n<meta name=\"twitter:site\" content=\"@box_repsol\" \/>\n<meta name=\"twitter:label1\" content=\"Written by\" \/>\n\t<meta name=\"twitter:data1\" content=\"Juan Pedro de la Torre\" \/>\n\t<meta name=\"twitter:label2\" content=\"Est. reading time\" \/>\n\t<meta name=\"twitter:data2\" content=\"5 minutos\" \/>\n<script type=\"application\/ld+json\" class=\"yoast-schema-graph\">{\"@context\":\"https:\\\/\\\/schema.org\",\"@graph\":[{\"@type\":\"Article\",\"@id\":\"https:\\\/\\\/www.boxrepsol.com\\\/es\\\/vive-tu-moto\\\/luces-de-posicion\\\/#article\",\"isPartOf\":{\"@id\":\"https:\\\/\\\/www.boxrepsol.com\\\/es\\\/vive-tu-moto\\\/luces-de-posicion\\\/\"},\"author\":{\"name\":\"Juan Pedro de la Torre\",\"@id\":\"https:\\\/\\\/www.boxrepsol.com\\\/es\\\/#\\\/schema\\\/person\\\/26abce1d675df22d63ac9e9d5f23e4aa\"},\"headline\":\"Luces de posici\u00f3n: qu\u00e9 son y cu\u00e1ndo utilizarlas\",\"datePublished\":\"2025-02-18T11:10:42+00:00\",\"dateModified\":\"2025-02-20T13:17:52+00:00\",\"mainEntityOfPage\":{\"@id\":\"https:\\\/\\\/www.boxrepsol.com\\\/es\\\/vive-tu-moto\\\/luces-de-posicion\\\/\"},\"wordCount\":1045,\"commentCount\":0,\"publisher\":{\"@id\":\"https:\\\/\\\/www.boxrepsol.com\\\/es\\\/#organization\"},\"image\":{\"@id\":\"https:\\\/\\\/www.boxrepsol.com\\\/es\\\/vive-tu-moto\\\/luces-de-posicion\\\/#primaryimage\"},\"thumbnailUrl\":\"https:\\\/\\\/bxrepsol.s3.eu-west-1.amazonaws.com\\\/static\\\/2025\\\/02\\\/18072409\\\/Foto-principal-Luces-posicion.jpg\",\"keywords\":[\"Partes de la moto\",\"Seguridad\"],\"articleSection\":[\"Vive tu moto\"],\"inLanguage\":\"es\",\"potentialAction\":[{\"@type\":\"CommentAction\",\"name\":\"Comment\",\"target\":[\"https:\\\/\\\/www.boxrepsol.com\\\/es\\\/vive-tu-moto\\\/luces-de-posicion\\\/#respond\"]}]},{\"@type\":\"WebPage\",\"@id\":\"https:\\\/\\\/www.boxrepsol.com\\\/es\\\/vive-tu-moto\\\/luces-de-posicion\\\/\",\"url\":\"https:\\\/\\\/www.boxrepsol.com\\\/es\\\/vive-tu-moto\\\/luces-de-posicion\\\/\",\"name\":\"Luces de posici\u00f3n: \u00bfqu\u00e9 son y cu\u00e1ndo ponerlas? - Box Repsol\",\"isPartOf\":{\"@id\":\"https:\\\/\\\/www.boxrepsol.com\\\/es\\\/#website\"},\"primaryImageOfPage\":{\"@id\":\"https:\\\/\\\/www.boxrepsol.com\\\/es\\\/vive-tu-moto\\\/luces-de-posicion\\\/#primaryimage\"},\"image\":{\"@id\":\"https:\\\/\\\/www.boxrepsol.com\\\/es\\\/vive-tu-moto\\\/luces-de-posicion\\\/#primaryimage\"},\"thumbnailUrl\":\"https:\\\/\\\/bxrepsol.s3.eu-west-1.amazonaws.com\\\/static\\\/2025\\\/02\\\/18072409\\\/Foto-principal-Luces-posicion.jpg\",\"datePublished\":\"2025-02-18T11:10:42+00:00\",\"dateModified\":\"2025-02-20T13:17:52+00:00\",\"description\":\"Descubre qu\u00e9 son las luces de posici\u00f3n, c\u00f3mo y cu\u00e1ndo utilizarlas para una conducci\u00f3n segura: cruces, largas, de carretera o antiniebla\",\"breadcrumb\":{\"@id\":\"https:\\\/\\\/www.boxrepsol.com\\\/es\\\/vive-tu-moto\\\/luces-de-posicion\\\/#breadcrumb\"},\"inLanguage\":\"es\",\"potentialAction\":[{\"@type\":\"ReadAction\",\"target\":[\"https:\\\/\\\/www.boxrepsol.com\\\/es\\\/vive-tu-moto\\\/luces-de-posicion\\\/\"]}]},{\"@type\":\"ImageObject\",\"inLanguage\":\"es\",\"@id\":\"https:\\\/\\\/www.boxrepsol.com\\\/es\\\/vive-tu-moto\\\/luces-de-posicion\\\/#primaryimage\",\"url\":\"https:\\\/\\\/bxrepsol.s3.eu-west-1.amazonaws.com\\\/static\\\/2025\\\/02\\\/18072409\\\/Foto-principal-Luces-posicion.jpg\",\"contentUrl\":\"https:\\\/\\\/bxrepsol.s3.eu-west-1.amazonaws.com\\\/static\\\/2025\\\/02\\\/18072409\\\/Foto-principal-Luces-posicion.jpg\",\"width\":1200,\"height\":600,\"caption\":\"Ciudad de noche iluminada con coches\"},{\"@type\":\"BreadcrumbList\",\"@id\":\"https:\\\/\\\/www.boxrepsol.com\\\/es\\\/vive-tu-moto\\\/luces-de-posicion\\\/#breadcrumb\",\"itemListElement\":[{\"@type\":\"ListItem\",\"position\":1,\"name\":\"Home\",\"item\":\"https:\\\/\\\/www.boxrepsol.com\\\/es\\\/\"},{\"@type\":\"ListItem\",\"position\":2,\"name\":\"Luces de posici\u00f3n: qu\u00e9 son y cu\u00e1ndo utilizarlas\"}]},{\"@type\":\"WebSite\",\"@id\":\"https:\\\/\\\/www.boxrepsol.com\\\/es\\\/#website\",\"url\":\"https:\\\/\\\/www.boxrepsol.com\\\/es\\\/\",\"name\":\"Box Repsol\",\"description\":\"Box Repsol Site\",\"publisher\":{\"@id\":\"https:\\\/\\\/www.boxrepsol.com\\\/es\\\/#organization\"},\"potentialAction\":[{\"@type\":\"SearchAction\",\"target\":{\"@type\":\"EntryPoint\",\"urlTemplate\":\"https:\\\/\\\/www.boxrepsol.com\\\/es\\\/?s={search_term_string}\"},\"query-input\":{\"@type\":\"PropertyValueSpecification\",\"valueRequired\":true,\"valueName\":\"search_term_string\"}}],\"inLanguage\":\"es\"},{\"@type\":\"Organization\",\"@id\":\"https:\\\/\\\/www.boxrepsol.com\\\/es\\\/#organization\",\"name\":\"Box Repsol\",\"url\":\"https:\\\/\\\/www.boxrepsol.com\\\/es\\\/\",\"logo\":{\"@type\":\"ImageObject\",\"inLanguage\":\"es\",\"@id\":\"https:\\\/\\\/www.boxrepsol.com\\\/es\\\/#\\\/schema\\\/logo\\\/image\\\/\",\"url\":\"https:\\\/\\\/bxrepsol.s3.eu-west-1.amazonaws.com\\\/static\\\/2025\\\/07\\\/30083337\\\/favicon-96x96-1.png\",\"contentUrl\":\"https:\\\/\\\/bxrepsol.s3.eu-west-1.amazonaws.com\\\/static\\\/2025\\\/07\\\/30083337\\\/favicon-96x96-1.png\",\"width\":96,\"height\":96,\"caption\":\"Box Repsol\"},\"image\":{\"@id\":\"https:\\\/\\\/www.boxrepsol.com\\\/es\\\/#\\\/schema\\\/logo\\\/image\\\/\"},\"sameAs\":[\"https:\\\/\\\/www.facebook.com\\\/BoxRepsol\",\"https:\\\/\\\/x.com\\\/box_repsol\",\"http:\\\/\\\/instagram.com\\\/box_repsol\",\"https:\\\/\\\/www.youtube.com\\\/user\\\/RepsolCompeticion\",\"https:\\\/\\\/www.flickr.com\\\/photos\\\/box_repsol\\\/\"]},{\"@type\":\"Person\",\"@id\":\"https:\\\/\\\/www.boxrepsol.com\\\/es\\\/#\\\/schema\\\/person\\\/26abce1d675df22d63ac9e9d5f23e4aa\",\"name\":\"Juan Pedro de la Torre\",\"image\":{\"@type\":\"ImageObject\",\"inLanguage\":\"es\",\"@id\":\"https:\\\/\\\/secure.gravatar.com\\\/avatar\\\/e81f780ee2930d7be330cb34304decf0e9bc66bec0158805a0fe2726f4517224?s=96&d=mm&r=g\",\"url\":\"https:\\\/\\\/secure.gravatar.com\\\/avatar\\\/e81f780ee2930d7be330cb34304decf0e9bc66bec0158805a0fe2726f4517224?s=96&d=mm&r=g\",\"contentUrl\":\"https:\\\/\\\/secure.gravatar.com\\\/avatar\\\/e81f780ee2930d7be330cb34304decf0e9bc66bec0158805a0fe2726f4517224?s=96&d=mm&r=g\",\"caption\":\"Juan Pedro de la Torre\"},\"description\":\"Se inici\u00f3 en el diario Marca en 1988 y posteriormente pas\u00f3 a la revista Motociclismo, donde llegar\u00eda a ser director de deporte. Despu\u00e9s fue editor y director de Motoworld.es y Sport Bikes y colabor\u00f3 con varios medios. Adem\u00e1s, ha publicado una docena de libros y actualmente trabaja como colaborador para Motociclismo, El Confidencial y Box Repsol.\",\"sameAs\":[\"https:\\\/\\\/x.com\\\/https:\\\/\\\/twitter.com\\\/JPdelaTorre1965\",\"https:\\\/\\\/youtube.com\\\/@juanpedrodelatorremotoworld\"],\"url\":\"https:\\\/\\\/www.boxrepsol.com\\\/es\\\/author\\\/juanpedro_delatorre\\\/\"}]}<\/script>\n<!-- \/ Yoast SEO plugin. -->","yoast_head_json":{"title":"Luces de posici\u00f3n: \u00bfqu\u00e9 son y cu\u00e1ndo ponerlas? - Box Repsol","description":"Descubre qu\u00e9 son las luces de posici\u00f3n, c\u00f3mo y cu\u00e1ndo utilizarlas para una conducci\u00f3n segura: cruces, largas, de carretera o antiniebla","canonical":"https:\/\/www.boxrepsol.com\/es\/vive-tu-moto\/luces-de-posicion\/","og_locale":"es_ES","og_type":"article","og_title":"Luces de posici\u00f3n: \u00bfqu\u00e9 son y cu\u00e1ndo ponerlas? - Box Repsol","og_description":"Descubre qu\u00e9 son las luces de posici\u00f3n, c\u00f3mo y cu\u00e1ndo utilizarlas para una conducci\u00f3n segura: cruces, largas, de carretera o antiniebla","og_url":"https:\/\/www.boxrepsol.com\/es\/vive-tu-moto\/luces-de-posicion\/","og_site_name":"Box Repsol","article_publisher":"https:\/\/www.facebook.com\/BoxRepsol","article_published_time":"2025-02-18T11:10:42+00:00","article_modified_time":"2025-02-20T13:17:52+00:00","og_image":[{"width":1200,"height":600,"url":"https:\/\/bxrepsol.s3.eu-west-1.amazonaws.com\/static\/2025\/02\/18072409\/Foto-principal-Luces-posicion.jpg","type":"image\/jpeg"}],"author":"Juan Pedro de la Torre","twitter_card":"summary_large_image","twitter_creator":"@https:\/\/twitter.com\/JPdelaTorre1965","twitter_site":"@box_repsol","twitter_misc":{"Written by":"Juan Pedro de la Torre","Est. reading time":"5 minutos"},"schema":{"@context":"https:\/\/schema.org","@graph":[{"@type":"Article","@id":"https:\/\/www.boxrepsol.com\/es\/vive-tu-moto\/luces-de-posicion\/#article","isPartOf":{"@id":"https:\/\/www.boxrepsol.com\/es\/vive-tu-moto\/luces-de-posicion\/"},"author":{"name":"Juan Pedro de la Torre","@id":"https:\/\/www.boxrepsol.com\/es\/#\/schema\/person\/26abce1d675df22d63ac9e9d5f23e4aa"},"headline":"Luces de posici\u00f3n: qu\u00e9 son y cu\u00e1ndo utilizarlas","datePublished":"2025-02-18T11:10:42+00:00","dateModified":"2025-02-20T13:17:52+00:00","mainEntityOfPage":{"@id":"https:\/\/www.boxrepsol.com\/es\/vive-tu-moto\/luces-de-posicion\/"},"wordCount":1045,"commentCount":0,"publisher":{"@id":"https:\/\/www.boxrepsol.com\/es\/#organization"},"image":{"@id":"https:\/\/www.boxrepsol.com\/es\/vive-tu-moto\/luces-de-posicion\/#primaryimage"},"thumbnailUrl":"https:\/\/bxrepsol.s3.eu-west-1.amazonaws.com\/static\/2025\/02\/18072409\/Foto-principal-Luces-posicion.jpg","keywords":["Partes de la moto","Seguridad"],"articleSection":["Vive tu moto"],"inLanguage":"es","potentialAction":[{"@type":"CommentAction","name":"Comment","target":["https:\/\/www.boxrepsol.com\/es\/vive-tu-moto\/luces-de-posicion\/#respond"]}]},{"@type":"WebPage","@id":"https:\/\/www.boxrepsol.com\/es\/vive-tu-moto\/luces-de-posicion\/","url":"https:\/\/www.boxrepsol.com\/es\/vive-tu-moto\/luces-de-posicion\/","name":"Luces de posici\u00f3n: \u00bfqu\u00e9 son y cu\u00e1ndo ponerlas? - Box Repsol","isPartOf":{"@id":"https:\/\/www.boxrepsol.com\/es\/#website"},"primaryImageOfPage":{"@id":"https:\/\/www.boxrepsol.com\/es\/vive-tu-moto\/luces-de-posicion\/#primaryimage"},"image":{"@id":"https:\/\/www.boxrepsol.com\/es\/vive-tu-moto\/luces-de-posicion\/#primaryimage"},"thumbnailUrl":"https:\/\/bxrepsol.s3.eu-west-1.amazonaws.com\/static\/2025\/02\/18072409\/Foto-principal-Luces-posicion.jpg","datePublished":"2025-02-18T11:10:42+00:00","dateModified":"2025-02-20T13:17:52+00:00","description":"Descubre qu\u00e9 son las luces de posici\u00f3n, c\u00f3mo y cu\u00e1ndo utilizarlas para una conducci\u00f3n segura: cruces, largas, de carretera o antiniebla","breadcrumb":{"@id":"https:\/\/www.boxrepsol.com\/es\/vive-tu-moto\/luces-de-posicion\/#breadcrumb"},"inLanguage":"es","potentialAction":[{"@type":"ReadAction","target":["https:\/\/www.boxrepsol.com\/es\/vive-tu-moto\/luces-de-posicion\/"]}]},{"@type":"ImageObject","inLanguage":"es","@id":"https:\/\/www.boxrepsol.com\/es\/vive-tu-moto\/luces-de-posicion\/#primaryimage","url":"https:\/\/bxrepsol.s3.eu-west-1.amazonaws.com\/static\/2025\/02\/18072409\/Foto-principal-Luces-posicion.jpg","contentUrl":"https:\/\/bxrepsol.s3.eu-west-1.amazonaws.com\/static\/2025\/02\/18072409\/Foto-principal-Luces-posicion.jpg","width":1200,"height":600,"caption":"Ciudad de noche iluminada con coches"},{"@type":"BreadcrumbList","@id":"https:\/\/www.boxrepsol.com\/es\/vive-tu-moto\/luces-de-posicion\/#breadcrumb","itemListElement":[{"@type":"ListItem","position":1,"name":"Home","item":"https:\/\/www.boxrepsol.com\/es\/"},{"@type":"ListItem","position":2,"name":"Luces de posici\u00f3n: qu\u00e9 son y cu\u00e1ndo utilizarlas"}]},{"@type":"WebSite","@id":"https:\/\/www.boxrepsol.com\/es\/#website","url":"https:\/\/www.boxrepsol.com\/es\/","name":"Box Repsol","description":"Box Repsol Site","publisher":{"@id":"https:\/\/www.boxrepsol.com\/es\/#organization"},"potentialAction":[{"@type":"SearchAction","target":{"@type":"EntryPoint","urlTemplate":"https:\/\/www.boxrepsol.com\/es\/?s={search_term_string}"},"query-input":{"@type":"PropertyValueSpecification","valueRequired":true,"valueName":"search_term_string"}}],"inLanguage":"es"},{"@type":"Organization","@id":"https:\/\/www.boxrepsol.com\/es\/#organization","name":"Box Repsol","url":"https:\/\/www.boxrepsol.com\/es\/","logo":{"@type":"ImageObject","inLanguage":"es","@id":"https:\/\/www.boxrepsol.com\/es\/#\/schema\/logo\/image\/","url":"https:\/\/bxrepsol.s3.eu-west-1.amazonaws.com\/static\/2025\/07\/30083337\/favicon-96x96-1.png","contentUrl":"https:\/\/bxrepsol.s3.eu-west-1.amazonaws.com\/static\/2025\/07\/30083337\/favicon-96x96-1.png","width":96,"height":96,"caption":"Box Repsol"},"image":{"@id":"https:\/\/www.boxrepsol.com\/es\/#\/schema\/logo\/image\/"},"sameAs":["https:\/\/www.facebook.com\/BoxRepsol","https:\/\/x.com\/box_repsol","http:\/\/instagram.com\/box_repsol","https:\/\/www.youtube.com\/user\/RepsolCompeticion","https:\/\/www.flickr.com\/photos\/box_repsol\/"]},{"@type":"Person","@id":"https:\/\/www.boxrepsol.com\/es\/#\/schema\/person\/26abce1d675df22d63ac9e9d5f23e4aa","name":"Juan Pedro de la Torre","image":{"@type":"ImageObject","inLanguage":"es","@id":"https:\/\/secure.gravatar.com\/avatar\/e81f780ee2930d7be330cb34304decf0e9bc66bec0158805a0fe2726f4517224?s=96&d=mm&r=g","url":"https:\/\/secure.gravatar.com\/avatar\/e81f780ee2930d7be330cb34304decf0e9bc66bec0158805a0fe2726f4517224?s=96&d=mm&r=g","contentUrl":"https:\/\/secure.gravatar.com\/avatar\/e81f780ee2930d7be330cb34304decf0e9bc66bec0158805a0fe2726f4517224?s=96&d=mm&r=g","caption":"Juan Pedro de la Torre"},"description":"Se inici\u00f3 en el diario Marca en 1988 y posteriormente pas\u00f3 a la revista Motociclismo, donde llegar\u00eda a ser director de deporte. Despu\u00e9s fue editor y director de Motoworld.es y Sport Bikes y colabor\u00f3 con varios medios. Adem\u00e1s, ha publicado una docena de libros y actualmente trabaja como colaborador para Motociclismo, El Confidencial y Box Repsol.","sameAs":["https:\/\/x.com\/https:\/\/twitter.com\/JPdelaTorre1965","https:\/\/youtube.com\/@juanpedrodelatorremotoworld"],"url":"https:\/\/www.boxrepsol.com\/es\/author\/juanpedro_delatorre\/"}]}},"_links":{"self":[{"href":"https:\/\/www.boxrepsol.com\/es\/wp-json\/wp\/v2\/posts\/124090","targetHints":{"allow":["GET"]}}],"collection":[{"href":"https:\/\/www.boxrepsol.com\/es\/wp-json\/wp\/v2\/posts"}],"about":[{"href":"https:\/\/www.boxrepsol.com\/es\/wp-json\/wp\/v2\/types\/post"}],"author":[{"embeddable":true,"href":"https:\/\/www.boxrepsol.com\/es\/wp-json\/wp\/v2\/users\/41268"}],"replies":[{"embeddable":true,"href":"https:\/\/www.boxrepsol.com\/es\/wp-json\/wp\/v2\/comments?post=124090"}],"version-history":[{"count":13,"href":"https:\/\/www.boxrepsol.com\/es\/wp-json\/wp\/v2\/posts\/124090\/revisions"}],"predecessor-version":[{"id":124118,"href":"https:\/\/www.boxrepsol.com\/es\/wp-json\/wp\/v2\/posts\/124090\/revisions\/124118"}],"wp:featuredmedia":[{"embeddable":true,"href":"https:\/\/www.boxrepsol.com\/es\/wp-json\/wp\/v2\/media\/124084"}],"wp:attachment":[{"href":"https:\/\/www.boxrepsol.com\/es\/wp-json\/wp\/v2\/media?parent=124090"}],"wp:term":[{"taxonomy":"category","embeddable":true,"href":"https:\/\/www.boxrepsol.com\/es\/wp-json\/wp\/v2\/categories?post=124090"},{"taxonomy":"post_tag","embeddable":true,"href":"https:\/\/www.boxrepsol.com\/es\/wp-json\/wp\/v2\/tags?post=124090"}],"curies":[{"name":"wp","href":"https:\/\/api.w.org\/{rel}","templated":true}]}}